{"id":2255,"date":"2018-12-30T06:58:50","date_gmt":"2018-12-30T06:58:50","guid":{"rendered":"http:\/\/eldigitaldeasturias.com\/radio\/?p=2255"},"modified":"2018-12-30T06:58:50","modified_gmt":"2018-12-30T06:58:50","slug":"un-incidente-suspende-el-trafico-aereo-en-el-aeropuerto-de-hannover","status":"publish","type":"post","link":"https:\/\/eldigitaldeasturias.com\/radio\/un-incidente-suspende-el-trafico-aereo-en-el-aeropuerto-de-hannover\/","title":{"rendered":"Un incidente suspende el tr\u00e1fico a\u00e9reo en el aeropuerto de Hannover"},"content":{"rendered":"<p><img fetchpriority=\"high\" decoding=\"async\" class=\"alignleft size-medium wp-image-65\" src=\"https:\/\/eldigitaldeasturias.com\/radio\/wp-content\/uploads\/2018\/03\/airport-1822133_1280-360x247.jpg\" alt=\"\" width=\"360\" height=\"247\" srcset=\"https:\/\/eldigitaldeasturias.com\/radio\/wp-content\/uploads\/2018\/03\/airport-1822133_1280-360x247.jpg 360w, https:\/\/eldigitaldeasturias.com\/radio\/wp-content\/uploads\/2018\/03\/airport-1822133_1280-1024x702.jpg 1024w, https:\/\/eldigitaldeasturias.com\/radio\/wp-content\/uploads\/2018\/03\/airport-1822133_1280-768x527.jpg 768w, https:\/\/eldigitaldeasturias.com\/radio\/wp-content\/uploads\/2018\/03\/airport-1822133_1280.jpg 1280w\" sizes=\"(max-width: 360px) 100vw, 360px\" \/>Hannover, 29 dic (dpa) &#8211; El tr\u00e1fico a\u00e9reo en el aeropuerto alem\u00e1n de Hannover se vio hoy interrumpido despu\u00e9s de que un hombre a bordo de un autom\u00f3vil con matr\u00edcula polaca intentara pasar por un punto de acceso a la plataforma del aeropuerto, dijo un portavoz de la Polic\u00eda.<\/p>\n<p>Anteriormente, la cadena alemana NDR inform\u00f3 sobre el incidente. El conductor del coche fue detenido. El aeropuerto est\u00e1 actualmente cerrado, no hay despegues ni aterrizajes, pero las terminales est\u00e1n abiertas, indic\u00f3 un portavoz del aeropuerto.<\/p>\n<p>Por el momento se desconoce durante cu\u00e1nto tiempo se mantendr\u00e1 interrumpido el tr\u00e1fico a\u00e9reo. La Polic\u00eda inform\u00f3 de que investiga si el hecho se trata de un ataque o de un accidente.<\/p>\n","protected":false},"excerpt":{"rendered":"<p>Hannover, 29 dic (dpa) &#8211; El tr\u00e1fico a\u00e9reo en el aeropuerto alem\u00e1n de Hannover se vio hoy interrumpido despu\u00e9s de que un hombre a bordo de un autom\u00f3vil con matr\u00edcula polaca intentara pasar por un punto de acceso a la plataforma del aeropuerto, dijo un portavoz de la Polic\u00eda. Anteriormente, la cadena alemana NDR inform\u00f3<\/p>\n","protected":false},"author":1,"featured_media":65,"comment_status":"closed","ping_status":"closed","sticky":false,"template":"","format":"standard","meta":{"footnotes":""},"categories":[1],"tags":[],"class_list":{"0":"post-2255","1":"post","2":"type-post","3":"status-publish","4":"format-standard","5":"has-post-thumbnail","7":"category-noticias"},"aioseo_notices":[],"aioseo_head":"\n\t\t<!-- All in One SEO Pro 4.9.6.2 - aioseo.com -->\n\t<meta name=\"description\" content=\"Hannover, 29 dic (dpa) - El tr\u00e1fico a\u00e9reo en el aeropuerto alem\u00e1n de Hannover se vio hoy interrumpido despu\u00e9s de que un hombre a bordo de un autom\u00f3vil con matr\u00edcula polaca intentara pasar por un punto de acceso a la plataforma del aeropuerto, dijo un portavoz de la Polic\u00eda. Anteriormente, la cadena alemana NDR inform\u00f3\" \/>\n\t<meta name=\"robots\" content=\"max-image-preview:large\" \/>\n\t<meta name=\"author\" content=\"NBAsturias\"\/>\n\t<meta name=\"google-site-verification\" content=\"UA-38556648-1\" \/>\n\t<meta name=\"keywords\" content=\"noticias\" \/>\n\t<link rel=\"canonical\" href=\"https:\/\/eldigitaldeasturias.com\/radio\/un-incidente-suspende-el-trafico-aereo-en-el-aeropuerto-de-hannover\/\" \/>\n\t<meta name=\"generator\" content=\"All in One SEO Pro (AIOSEO) 4.9.6.2\" \/>\n\t\t<meta property=\"og:locale\" content=\"es_ES\" \/>\n\t\t<meta property=\"og:site_name\" content=\"El Digital de Asturias | Diario de informaci\u00f3n y noticias\" \/>\n\t\t<meta property=\"og:type\" content=\"article\" \/>\n\t\t<meta property=\"og:title\" content=\"Un incidente suspende el tr\u00e1fico a\u00e9reo en el aeropuerto de Hannover | El Digital de Asturias\" \/>\n\t\t<meta property=\"og:description\" content=\"Hannover, 29 dic (dpa) - El tr\u00e1fico a\u00e9reo en el aeropuerto alem\u00e1n de Hannover se vio hoy interrumpido despu\u00e9s de que un hombre a bordo de un autom\u00f3vil con matr\u00edcula polaca intentara pasar por un punto de acceso a la plataforma del aeropuerto, dijo un portavoz de la Polic\u00eda. Anteriormente, la cadena alemana NDR inform\u00f3\" \/>\n\t\t<meta property=\"og:url\" content=\"https:\/\/eldigitaldeasturias.com\/radio\/un-incidente-suspende-el-trafico-aereo-en-el-aeropuerto-de-hannover\/\" \/>\n\t\t<meta property=\"og:image\" content=\"https:\/\/eldigitaldeasturias.com\/radio\/wp-content\/uploads\/2018\/03\/airport-1822133_1280.jpg\" \/>\n\t\t<meta property=\"og:image:secure_url\" content=\"https:\/\/eldigitaldeasturias.com\/radio\/wp-content\/uploads\/2018\/03\/airport-1822133_1280.jpg\" \/>\n\t\t<meta property=\"og:image:width\" content=\"1280\" \/>\n\t\t<meta property=\"og:image:height\" content=\"878\" \/>\n\t\t<meta property=\"article:published_time\" content=\"2018-12-30T06:58:50+00:00\" \/>\n\t\t<meta property=\"article:modified_time\" content=\"2018-12-30T06:58:50+00:00\" \/>\n\t\t<meta name=\"twitter:card\" content=\"summary_large_image\" \/>\n\t\t<meta name=\"twitter:site\" content=\"@bercodi\" \/>\n\t\t<meta name=\"twitter:title\" content=\"Un incidente suspende el tr\u00e1fico a\u00e9reo en el aeropuerto de Hannover | El Digital de Asturias\" \/>\n\t\t<meta name=\"twitter:description\" content=\"Hannover, 29 dic (dpa) - El tr\u00e1fico a\u00e9reo en el aeropuerto alem\u00e1n de Hannover se vio hoy interrumpido despu\u00e9s de que un hombre a bordo de un autom\u00f3vil con matr\u00edcula polaca intentara pasar por un punto de acceso a la plataforma del aeropuerto, dijo un portavoz de la Polic\u00eda. Anteriormente, la cadena alemana NDR inform\u00f3\" \/>\n\t\t<meta name=\"twitter:creator\" content=\"@bercodi\" \/>\n\t\t<meta name=\"twitter:image\" content=\"https:\/\/eldigitaldeasturias.com\/radio\/wp-content\/uploads\/2018\/03\/airport-1822133_1280.jpg\" \/>\n\t\t<script type=\"application\/ld+json\" class=\"aioseo-schema\">\n\t\t\t{\"@context\":\"https:\\\/\\\/schema.org\",\"@graph\":[{\"@type\":\"BreadcrumbList\",\"@id\":\"https:\\\/\\\/eldigitaldeasturias.com\\\/radio\\\/un-incidente-suspende-el-trafico-aereo-en-el-aeropuerto-de-hannover\\\/#breadcrumblist\",\"itemListElement\":[{\"@type\":\"ListItem\",\"@id\":\"https:\\\/\\\/eldigitaldeasturias.com\\\/radio#listItem\",\"position\":1,\"name\":\"Inicio\",\"item\":\"https:\\\/\\\/eldigitaldeasturias.com\\\/radio\",\"nextItem\":{\"@type\":\"ListItem\",\"@id\":\"https:\\\/\\\/eldigitaldeasturias.com\\\/radio\\\/category\\\/noticias\\\/#listItem\",\"name\":\"Noticias\"}},{\"@type\":\"ListItem\",\"@id\":\"https:\\\/\\\/eldigitaldeasturias.com\\\/radio\\\/category\\\/noticias\\\/#listItem\",\"position\":2,\"name\":\"Noticias\",\"item\":\"https:\\\/\\\/eldigitaldeasturias.com\\\/radio\\\/category\\\/noticias\\\/\",\"nextItem\":{\"@type\":\"ListItem\",\"@id\":\"https:\\\/\\\/eldigitaldeasturias.com\\\/radio\\\/un-incidente-suspende-el-trafico-aereo-en-el-aeropuerto-de-hannover\\\/#listItem\",\"name\":\"Un incidente suspende el tr\\u00e1fico a\\u00e9reo en el aeropuerto de Hannover\"},\"previousItem\":{\"@type\":\"ListItem\",\"@id\":\"https:\\\/\\\/eldigitaldeasturias.com\\\/radio#listItem\",\"name\":\"Inicio\"}},{\"@type\":\"ListItem\",\"@id\":\"https:\\\/\\\/eldigitaldeasturias.com\\\/radio\\\/un-incidente-suspende-el-trafico-aereo-en-el-aeropuerto-de-hannover\\\/#listItem\",\"position\":3,\"name\":\"Un incidente suspende el tr\\u00e1fico a\\u00e9reo en el aeropuerto de Hannover\",\"previousItem\":{\"@type\":\"ListItem\",\"@id\":\"https:\\\/\\\/eldigitaldeasturias.com\\\/radio\\\/category\\\/noticias\\\/#listItem\",\"name\":\"Noticias\"}}]},{\"@type\":\"NewsArticle\",\"@id\":\"https:\\\/\\\/eldigitaldeasturias.com\\\/radio\\\/un-incidente-suspende-el-trafico-aereo-en-el-aeropuerto-de-hannover\\\/#newsarticle\",\"name\":\"Un incidente suspende el tr\\u00e1fico a\\u00e9reo en el aeropuerto de Hannover | El Digital de Asturias\",\"headline\":\"Un incidente suspende el tr\\u00e1fico a\\u00e9reo en el aeropuerto de Hannover\",\"author\":{\"@id\":\"https:\\\/\\\/eldigitaldeasturias.com\\\/radio\\\/author\\\/nbasturias\\\/#author\"},\"publisher\":{\"@id\":\"https:\\\/\\\/eldigitaldeasturias.com\\\/radio\\\/#organization\"},\"image\":{\"@type\":\"ImageObject\",\"url\":\"https:\\\/\\\/eldigitaldeasturias.com\\\/radio\\\/wp-content\\\/uploads\\\/2018\\\/03\\\/airport-1822133_1280.jpg\",\"width\":1280,\"height\":878},\"datePublished\":\"2018-12-30T06:58:50+01:00\",\"dateModified\":\"2018-12-30T06:58:50+01:00\",\"inLanguage\":\"es-ES\",\"mainEntityOfPage\":{\"@id\":\"https:\\\/\\\/eldigitaldeasturias.com\\\/radio\\\/un-incidente-suspende-el-trafico-aereo-en-el-aeropuerto-de-hannover\\\/#webpage\"},\"isPartOf\":{\"@id\":\"https:\\\/\\\/eldigitaldeasturias.com\\\/radio\\\/un-incidente-suspende-el-trafico-aereo-en-el-aeropuerto-de-hannover\\\/#webpage\"},\"articleSection\":\"Noticias\",\"dateline\":\"Publicado el diciembre 30, 2018.\"},{\"@type\":\"Organization\",\"@id\":\"https:\\\/\\\/eldigitaldeasturias.com\\\/radio\\\/#organization\",\"name\":\"El digital de Asturias Radio\",\"description\":\"Diario de informaci\\u00f3n y noticias\",\"url\":\"https:\\\/\\\/eldigitaldeasturias.com\\\/radio\\\/\",\"telephone\":\"+34652131393\",\"logo\":{\"@type\":\"ImageObject\",\"url\":\"https:\\\/\\\/www.eldigitaldeasturias.com\\\/radio\\\/wp-content\\\/uploads\\\/2021\\\/03\\\/EDA.jpg\",\"@id\":\"https:\\\/\\\/eldigitaldeasturias.com\\\/radio\\\/un-incidente-suspende-el-trafico-aereo-en-el-aeropuerto-de-hannover\\\/#organizationLogo\"},\"image\":{\"@id\":\"https:\\\/\\\/eldigitaldeasturias.com\\\/radio\\\/un-incidente-suspende-el-trafico-aereo-en-el-aeropuerto-de-hannover\\\/#organizationLogo\"},\"sameAs\":[\"https:\\\/\\\/www.facebook.com\\\/\",\"https:\\\/\\\/x.com\\\/bercodi\",\"https:\\\/\\\/www.instagram.com\\\/\",\"https:\\\/\\\/www.youtube.com\\\/channel\\\/UCZP-2wLEB9Rv6erhFmqVnvg\"]},{\"@type\":\"Person\",\"@id\":\"https:\\\/\\\/eldigitaldeasturias.com\\\/radio\\\/author\\\/nbasturias\\\/#author\",\"url\":\"https:\\\/\\\/eldigitaldeasturias.com\\\/radio\\\/author\\\/nbasturias\\\/\",\"name\":\"NBAsturias\",\"image\":{\"@type\":\"ImageObject\",\"@id\":\"https:\\\/\\\/eldigitaldeasturias.com\\\/radio\\\/un-incidente-suspende-el-trafico-aereo-en-el-aeropuerto-de-hannover\\\/#authorImage\",\"url\":\"https:\\\/\\\/secure.gravatar.com\\\/avatar\\\/df2aeffc32bcd13f8d26072ef8a91b623d677766deac7f97ca815868cd41bf5e?s=96&d=mm&r=g\",\"width\":96,\"height\":96,\"caption\":\"NBAsturias\"}},{\"@type\":\"WebPage\",\"@id\":\"https:\\\/\\\/eldigitaldeasturias.com\\\/radio\\\/un-incidente-suspende-el-trafico-aereo-en-el-aeropuerto-de-hannover\\\/#webpage\",\"url\":\"https:\\\/\\\/eldigitaldeasturias.com\\\/radio\\\/un-incidente-suspende-el-trafico-aereo-en-el-aeropuerto-de-hannover\\\/\",\"name\":\"Un incidente suspende el tr\\u00e1fico a\\u00e9reo en el aeropuerto de Hannover | El Digital de Asturias\",\"description\":\"Hannover, 29 dic (dpa) - El tr\\u00e1fico a\\u00e9reo en el aeropuerto alem\\u00e1n de Hannover se vio hoy interrumpido despu\\u00e9s de que un hombre a bordo de un autom\\u00f3vil con matr\\u00edcula polaca intentara pasar por un punto de acceso a la plataforma del aeropuerto, dijo un portavoz de la Polic\\u00eda. Anteriormente, la cadena alemana NDR inform\\u00f3\",\"inLanguage\":\"es-ES\",\"isPartOf\":{\"@id\":\"https:\\\/\\\/eldigitaldeasturias.com\\\/radio\\\/#website\"},\"breadcrumb\":{\"@id\":\"https:\\\/\\\/eldigitaldeasturias.com\\\/radio\\\/un-incidente-suspende-el-trafico-aereo-en-el-aeropuerto-de-hannover\\\/#breadcrumblist\"},\"author\":{\"@id\":\"https:\\\/\\\/eldigitaldeasturias.com\\\/radio\\\/author\\\/nbasturias\\\/#author\"},\"creator\":{\"@id\":\"https:\\\/\\\/eldigitaldeasturias.com\\\/radio\\\/author\\\/nbasturias\\\/#author\"},\"image\":{\"@type\":\"ImageObject\",\"url\":\"https:\\\/\\\/eldigitaldeasturias.com\\\/radio\\\/wp-content\\\/uploads\\\/2018\\\/03\\\/airport-1822133_1280.jpg\",\"@id\":\"https:\\\/\\\/eldigitaldeasturias.com\\\/radio\\\/un-incidente-suspende-el-trafico-aereo-en-el-aeropuerto-de-hannover\\\/#mainImage\",\"width\":1280,\"height\":878},\"primaryImageOfPage\":{\"@id\":\"https:\\\/\\\/eldigitaldeasturias.com\\\/radio\\\/un-incidente-suspende-el-trafico-aereo-en-el-aeropuerto-de-hannover\\\/#mainImage\"},\"datePublished\":\"2018-12-30T06:58:50+01:00\",\"dateModified\":\"2018-12-30T06:58:50+01:00\"},{\"@type\":\"WebSite\",\"@id\":\"https:\\\/\\\/eldigitaldeasturias.com\\\/radio\\\/#website\",\"url\":\"https:\\\/\\\/eldigitaldeasturias.com\\\/radio\\\/\",\"name\":\"El Digital de Asturias\",\"description\":\"Diario de informaci\\u00f3n y noticias\",\"inLanguage\":\"es-ES\",\"publisher\":{\"@id\":\"https:\\\/\\\/eldigitaldeasturias.com\\\/radio\\\/#organization\"}}]}\n\t\t<\/script>\n\t\t<!-- All in One SEO Pro -->\r\n\t\t<title>Un incidente suspende el tr\u00e1fico a\u00e9reo en el aeropuerto de Hannover | El Digital de Asturias<\/title>\n\n","aioseo_head_json":{"title":"Un incidente suspende el tr\u00e1fico a\u00e9reo en el aeropuerto de Hannover | El Digital de Asturias","description":"Hannover, 29 dic (dpa) - El tr\u00e1fico a\u00e9reo en el aeropuerto alem\u00e1n de Hannover se vio hoy interrumpido despu\u00e9s de que un hombre a bordo de un autom\u00f3vil con matr\u00edcula polaca intentara pasar por un punto de acceso a la plataforma del aeropuerto, dijo un portavoz de la Polic\u00eda. Anteriormente, la cadena alemana NDR inform\u00f3","canonical_url":"https:\/\/eldigitaldeasturias.com\/radio\/un-incidente-suspende-el-trafico-aereo-en-el-aeropuerto-de-hannover\/","robots":"max-image-preview:large","keywords":"noticias","webmasterTools":{"google-site-verification":"UA-38556648-1","miscellaneous":""},"schema":{"@context":"https:\/\/schema.org","@graph":[{"@type":"BreadcrumbList","@id":"https:\/\/eldigitaldeasturias.com\/radio\/un-incidente-suspende-el-trafico-aereo-en-el-aeropuerto-de-hannover\/#breadcrumblist","itemListElement":[{"@type":"ListItem","@id":"https:\/\/eldigitaldeasturias.com\/radio#listItem","position":1,"name":"Inicio","item":"https:\/\/eldigitaldeasturias.com\/radio","nextItem":{"@type":"ListItem","@id":"https:\/\/eldigitaldeasturias.com\/radio\/category\/noticias\/#listItem","name":"Noticias"}},{"@type":"ListItem","@id":"https:\/\/eldigitaldeasturias.com\/radio\/category\/noticias\/#listItem","position":2,"name":"Noticias","item":"https:\/\/eldigitaldeasturias.com\/radio\/category\/noticias\/","nextItem":{"@type":"ListItem","@id":"https:\/\/eldigitaldeasturias.com\/radio\/un-incidente-suspende-el-trafico-aereo-en-el-aeropuerto-de-hannover\/#listItem","name":"Un incidente suspende el tr\u00e1fico a\u00e9reo en el aeropuerto de Hannover"},"previousItem":{"@type":"ListItem","@id":"https:\/\/eldigitaldeasturias.com\/radio#listItem","name":"Inicio"}},{"@type":"ListItem","@id":"https:\/\/eldigitaldeasturias.com\/radio\/un-incidente-suspende-el-trafico-aereo-en-el-aeropuerto-de-hannover\/#listItem","position":3,"name":"Un incidente suspende el tr\u00e1fico a\u00e9reo en el aeropuerto de Hannover","previousItem":{"@type":"ListItem","@id":"https:\/\/eldigitaldeasturias.com\/radio\/category\/noticias\/#listItem","name":"Noticias"}}]},{"@type":"NewsArticle","@id":"https:\/\/eldigitaldeasturias.com\/radio\/un-incidente-suspende-el-trafico-aereo-en-el-aeropuerto-de-hannover\/#newsarticle","name":"Un incidente suspende el tr\u00e1fico a\u00e9reo en el aeropuerto de Hannover | El Digital de Asturias","headline":"Un incidente suspende el tr\u00e1fico a\u00e9reo en el aeropuerto de Hannover","author":{"@id":"https:\/\/eldigitaldeasturias.com\/radio\/author\/nbasturias\/#author"},"publisher":{"@id":"https:\/\/eldigitaldeasturias.com\/radio\/#organization"},"image":{"@type":"ImageObject","url":"https:\/\/eldigitaldeasturias.com\/radio\/wp-content\/uploads\/2018\/03\/airport-1822133_1280.jpg","width":1280,"height":878},"datePublished":"2018-12-30T06:58:50+01:00","dateModified":"2018-12-30T06:58:50+01:00","inLanguage":"es-ES","mainEntityOfPage":{"@id":"https:\/\/eldigitaldeasturias.com\/radio\/un-incidente-suspende-el-trafico-aereo-en-el-aeropuerto-de-hannover\/#webpage"},"isPartOf":{"@id":"https:\/\/eldigitaldeasturias.com\/radio\/un-incidente-suspende-el-trafico-aereo-en-el-aeropuerto-de-hannover\/#webpage"},"articleSection":"Noticias","dateline":"Publicado el diciembre 30, 2018."},{"@type":"Organization","@id":"https:\/\/eldigitaldeasturias.com\/radio\/#organization","name":"El digital de Asturias Radio","description":"Diario de informaci\u00f3n y noticias","url":"https:\/\/eldigitaldeasturias.com\/radio\/","telephone":"+34652131393","logo":{"@type":"ImageObject","url":"https:\/\/www.eldigitaldeasturias.com\/radio\/wp-content\/uploads\/2021\/03\/EDA.jpg","@id":"https:\/\/eldigitaldeasturias.com\/radio\/un-incidente-suspende-el-trafico-aereo-en-el-aeropuerto-de-hannover\/#organizationLogo"},"image":{"@id":"https:\/\/eldigitaldeasturias.com\/radio\/un-incidente-suspende-el-trafico-aereo-en-el-aeropuerto-de-hannover\/#organizationLogo"},"sameAs":["https:\/\/www.facebook.com\/","https:\/\/x.com\/bercodi","https:\/\/www.instagram.com\/","https:\/\/www.youtube.com\/channel\/UCZP-2wLEB9Rv6erhFmqVnvg"]},{"@type":"Person","@id":"https:\/\/eldigitaldeasturias.com\/radio\/author\/nbasturias\/#author","url":"https:\/\/eldigitaldeasturias.com\/radio\/author\/nbasturias\/","name":"NBAsturias","image":{"@type":"ImageObject","@id":"https:\/\/eldigitaldeasturias.com\/radio\/un-incidente-suspende-el-trafico-aereo-en-el-aeropuerto-de-hannover\/#authorImage","url":"https:\/\/secure.gravatar.com\/avatar\/df2aeffc32bcd13f8d26072ef8a91b623d677766deac7f97ca815868cd41bf5e?s=96&d=mm&r=g","width":96,"height":96,"caption":"NBAsturias"}},{"@type":"WebPage","@id":"https:\/\/eldigitaldeasturias.com\/radio\/un-incidente-suspende-el-trafico-aereo-en-el-aeropuerto-de-hannover\/#webpage","url":"https:\/\/eldigitaldeasturias.com\/radio\/un-incidente-suspende-el-trafico-aereo-en-el-aeropuerto-de-hannover\/","name":"Un incidente suspende el tr\u00e1fico a\u00e9reo en el aeropuerto de Hannover | El Digital de Asturias","description":"Hannover, 29 dic (dpa) - El tr\u00e1fico a\u00e9reo en el aeropuerto alem\u00e1n de Hannover se vio hoy interrumpido despu\u00e9s de que un hombre a bordo de un autom\u00f3vil con matr\u00edcula polaca intentara pasar por un punto de acceso a la plataforma del aeropuerto, dijo un portavoz de la Polic\u00eda. Anteriormente, la cadena alemana NDR inform\u00f3","inLanguage":"es-ES","isPartOf":{"@id":"https:\/\/eldigitaldeasturias.com\/radio\/#website"},"breadcrumb":{"@id":"https:\/\/eldigitaldeasturias.com\/radio\/un-incidente-suspende-el-trafico-aereo-en-el-aeropuerto-de-hannover\/#breadcrumblist"},"author":{"@id":"https:\/\/eldigitaldeasturias.com\/radio\/author\/nbasturias\/#author"},"creator":{"@id":"https:\/\/eldigitaldeasturias.com\/radio\/author\/nbasturias\/#author"},"image":{"@type":"ImageObject","url":"https:\/\/eldigitaldeasturias.com\/radio\/wp-content\/uploads\/2018\/03\/airport-1822133_1280.jpg","@id":"https:\/\/eldigitaldeasturias.com\/radio\/un-incidente-suspende-el-trafico-aereo-en-el-aeropuerto-de-hannover\/#mainImage","width":1280,"height":878},"primaryImageOfPage":{"@id":"https:\/\/eldigitaldeasturias.com\/radio\/un-incidente-suspende-el-trafico-aereo-en-el-aeropuerto-de-hannover\/#mainImage"},"datePublished":"2018-12-30T06:58:50+01:00","dateModified":"2018-12-30T06:58:50+01:00"},{"@type":"WebSite","@id":"https:\/\/eldigitaldeasturias.com\/radio\/#website","url":"https:\/\/eldigitaldeasturias.com\/radio\/","name":"El Digital de Asturias","description":"Diario de informaci\u00f3n y noticias","inLanguage":"es-ES","publisher":{"@id":"https:\/\/eldigitaldeasturias.com\/radio\/#organization"}}]},"og:locale":"es_ES","og:site_name":"El Digital de Asturias | Diario de informaci\u00f3n y noticias","og:type":"article","og:title":"Un incidente suspende el tr\u00e1fico a\u00e9reo en el aeropuerto de Hannover | El Digital de Asturias","og:description":"Hannover, 29 dic (dpa) - El tr\u00e1fico a\u00e9reo en el aeropuerto alem\u00e1n de Hannover se vio hoy interrumpido despu\u00e9s de que un hombre a bordo de un autom\u00f3vil con matr\u00edcula polaca intentara pasar por un punto de acceso a la plataforma del aeropuerto, dijo un portavoz de la Polic\u00eda. Anteriormente, la cadena alemana NDR inform\u00f3","og:url":"https:\/\/eldigitaldeasturias.com\/radio\/un-incidente-suspende-el-trafico-aereo-en-el-aeropuerto-de-hannover\/","og:image":"https:\/\/eldigitaldeasturias.com\/radio\/wp-content\/uploads\/2018\/03\/airport-1822133_1280.jpg","og:image:secure_url":"https:\/\/eldigitaldeasturias.com\/radio\/wp-content\/uploads\/2018\/03\/airport-1822133_1280.jpg","og:image:width":1280,"og:image:height":878,"article:published_time":"2018-12-30T06:58:50+00:00","article:modified_time":"2018-12-30T06:58:50+00:00","twitter:card":"summary_large_image","twitter:site":"@bercodi","twitter:title":"Un incidente suspende el tr\u00e1fico a\u00e9reo en el aeropuerto de Hannover | El Digital de Asturias","twitter:description":"Hannover, 29 dic (dpa) - El tr\u00e1fico a\u00e9reo en el aeropuerto alem\u00e1n de Hannover se vio hoy interrumpido despu\u00e9s de que un hombre a bordo de un autom\u00f3vil con matr\u00edcula polaca intentara pasar por un punto de acceso a la plataforma del aeropuerto, dijo un portavoz de la Polic\u00eda. Anteriormente, la cadena alemana NDR inform\u00f3","twitter:creator":"@bercodi","twitter:image":"https:\/\/eldigitaldeasturias.com\/radio\/wp-content\/uploads\/2018\/03\/airport-1822133_1280.jpg"},"aioseo_meta_data":{"post_id":"2255","title":null,"description":null,"keywords":null,"keyphrases":null,"primary_term":null,"canonical_url":null,"og_title":null,"og_description":null,"og_object_type":"default","og_image_type":"default","og_image_url":null,"og_image_width":null,"og_image_height":null,"og_image_custom_url":null,"og_image_custom_fields":null,"og_video":null,"og_custom_url":null,"og_article_section":null,"og_article_tags":null,"twitter_use_og":false,"twitter_card":"default","twitter_image_type":"default","twitter_image_url":null,"twitter_image_custom_url":null,"twitter_image_custom_fields":null,"twitter_title":null,"twitter_description":null,"schema":{"blockGraphs":[],"customGraphs":[],"default":{"data":{"Article":[],"Course":[],"Dataset":[],"FAQPage":[],"Movie":[],"Person":[],"Product":[],"ProductReview":[],"Car":[],"Recipe":[],"Service":[],"SoftwareApplication":[],"WebPage":[]},"graphName":"","isEnabled":true},"graphs":[],"defaultGraph":"","defaultPostTypeGraph":""},"schema_type":null,"schema_type_options":null,"pillar_content":false,"robots_default":true,"robots_noindex":false,"robots_noarchive":false,"robots_nosnippet":false,"robots_nofollow":false,"robots_noimageindex":false,"robots_noodp":false,"robots_notranslate":false,"robots_max_snippet":null,"robots_max_videopreview":null,"robots_max_imagepreview":"large","priority":null,"frequency":null,"location":null,"local_seo":null,"seo_analyzer_scan_date":"2025-08-28 12:00:43","breadcrumb_settings":null,"limit_modified_date":false,"open_ai":null,"ai":null,"created":"2021-03-29 06:09:03","updated":"2025-08-28 12:00:43"},"aioseo_breadcrumb":"<div class=\"aioseo-breadcrumbs\"><span class=\"aioseo-breadcrumb\">\n\t<a href=\"https:\/\/eldigitaldeasturias.com\/radio\" title=\"Inicio\">Inicio<\/a>\n<\/span><span class=\"aioseo-breadcrumb-separator\">&ndash;<\/span><span class=\"aioseo-breadcrumb\">\n\t<a href=\"https:\/\/eldigitaldeasturias.com\/radio\/category\/noticias\/\" title=\"Noticias\">Noticias<\/a>\n<\/span><span class=\"aioseo-breadcrumb-separator\">&ndash;<\/span><span class=\"aioseo-breadcrumb\">\n\tUn incidente suspende el tr\u00e1fico a\u00e9reo en el aeropuerto de Hannover\n<\/span><\/div>","aioseo_breadcrumb_json":[{"label":"Inicio","link":"https:\/\/eldigitaldeasturias.com\/radio"},{"label":"Noticias","link":"https:\/\/eldigitaldeasturias.com\/radio\/category\/noticias\/"},{"label":"Un incidente suspende el tr\u00e1fico a\u00e9reo en el aeropuerto de Hannover","link":"https:\/\/eldigitaldeasturias.com\/radio\/un-incidente-suspende-el-trafico-aereo-en-el-aeropuerto-de-hannover\/"}],"_links":{"self":[{"href":"https:\/\/eldigitaldeasturias.com\/radio\/wp-json\/wp\/v2\/posts\/2255","targetHints":{"allow":["GET"]}}],"collection":[{"href":"https:\/\/eldigitaldeasturias.com\/radio\/wp-json\/wp\/v2\/posts"}],"about":[{"href":"https:\/\/eldigitaldeasturias.com\/radio\/wp-json\/wp\/v2\/types\/post"}],"author":[{"embeddable":true,"href":"https:\/\/eldigitaldeasturias.com\/radio\/wp-json\/wp\/v2\/users\/1"}],"replies":[{"embeddable":true,"href":"https:\/\/eldigitaldeasturias.com\/radio\/wp-json\/wp\/v2\/comments?post=2255"}],"version-history":[{"count":0,"href":"https:\/\/eldigitaldeasturias.com\/radio\/wp-json\/wp\/v2\/posts\/2255\/revisions"}],"wp:featuredmedia":[{"embeddable":true,"href":"https:\/\/eldigitaldeasturias.com\/radio\/wp-json\/wp\/v2\/media\/65"}],"wp:attachment":[{"href":"https:\/\/eldigitaldeasturias.com\/radio\/wp-json\/wp\/v2\/media?parent=2255"}],"wp:term":[{"taxonomy":"category","embeddable":true,"href":"https:\/\/eldigitaldeasturias.com\/radio\/wp-json\/wp\/v2\/categories?post=2255"},{"taxonomy":"post_tag","embeddable":true,"href":"https:\/\/eldigitaldeasturias.com\/radio\/wp-json\/wp\/v2\/tags?post=2255"}],"curies":[{"name":"wp","href":"https:\/\/api.w.org\/{rel}","templated":true}]}}