{"id":13089,"date":"2026-09-04T15:55:33","date_gmt":"2026-09-04T13:55:33","guid":{"rendered":"https:\/\/eldigitaldeasturias.com\/radio\/?p=13089"},"modified":"2026-09-04T15:55:33","modified_gmt":"2026-09-04T13:55:33","slug":"asturias-apostara-por-difundir-el-asturiano-o-eonaviego","status":"publish","type":"post","link":"https:\/\/eldigitaldeasturias.com\/radio\/asturias-apostara-por-difundir-el-asturiano-o-eonaviego\/","title":{"rendered":"Asturias apostar\u00e1 por difundir el asturiano o eonaviego"},"content":{"rendered":"<p>Asturias ofrece, mediante una convocatoria, dos nuevas l\u00edneas de ayudas, dotadas con 200.000 euros, para apoyar proyectos que contribuyan a recuperar, preservar y difundir la cultura tradicional en asturiano o eonaviego.<\/p>\n<figure id=\"attachment_13090\" aria-describedby=\"caption-attachment-13090\" style=\"width: 650px\" class=\"wp-caption aligncenter\"><img fetchpriority=\"high\" decoding=\"async\" class=\"size-large wp-image-13090\" src=\"https:\/\/eldigitaldeasturias.com\/radio\/wp-content\/uploads\/2026\/09\/Asturias-apostara-por-difundir-el-asturiano-o-eonaviego-650x438.jpg\" alt=\"Asturias apostar\u00e1 por difundir el asturiano o eonaviego\" width=\"650\" height=\"438\" srcset=\"https:\/\/eldigitaldeasturias.com\/radio\/wp-content\/uploads\/2026\/09\/Asturias-apostara-por-difundir-el-asturiano-o-eonaviego-650x438.jpg 650w, https:\/\/eldigitaldeasturias.com\/radio\/wp-content\/uploads\/2026\/09\/Asturias-apostara-por-difundir-el-asturiano-o-eonaviego-360x243.jpg 360w, https:\/\/eldigitaldeasturias.com\/radio\/wp-content\/uploads\/2026\/09\/Asturias-apostara-por-difundir-el-asturiano-o-eonaviego-768x518.jpg 768w, https:\/\/eldigitaldeasturias.com\/radio\/wp-content\/uploads\/2026\/09\/Asturias-apostara-por-difundir-el-asturiano-o-eonaviego-150x101.jpg 150w, https:\/\/eldigitaldeasturias.com\/radio\/wp-content\/uploads\/2026\/09\/Asturias-apostara-por-difundir-el-asturiano-o-eonaviego-450x304.jpg 450w, https:\/\/eldigitaldeasturias.com\/radio\/wp-content\/uploads\/2026\/09\/Asturias-apostara-por-difundir-el-asturiano-o-eonaviego-1200x809.jpg 1200w, https:\/\/eldigitaldeasturias.com\/radio\/wp-content\/uploads\/2026\/09\/Asturias-apostara-por-difundir-el-asturiano-o-eonaviego.jpg 1229w\" sizes=\"(max-width: 650px) 100vw, 650px\" \/><figcaption id=\"caption-attachment-13090\" class=\"wp-caption-text\">Foto: Prensa Principado de Asturias<\/figcaption><\/figure>\n<p>El <a href=\"https:\/\/actualidad.asturias.es\/\" target=\"_blank\" rel=\"noopener\"><span style=\"color: #ff6600;\"><strong>Principado<\/strong><\/span><\/a> convoca dos nuevas l\u00edneas de ayudas, dotadas con 200.000 euros, para apoyar proyectos que contribuyan a recuperar, preservar y difundir la cultura tradicional en asturiano o eonaviego.<\/p>\n<p>Las nuevas subvenciones se estructuran dos convocatorias de 100.000 euros cada una, con las que la consejer\u00eda quiere llegar tanto a entidades locales como al tejido asociativo que trabaja directamente sobre el territorio. El Bolet\u00edn Oficial del Principado de Asturias (Bopa) ha publicado esta semana la primera, dirigida a los ayuntamientos y sus organismos aut\u00f3nomos. La segunda, a la que podr\u00e1n presentarse las asociaciones culturales, fundaciones culturales de inter\u00e9s general y otras entidades sin \u00e1nimo de lucro, se publicar\u00e1 la pr\u00f3xima semana.<\/p>\n<p>Con estas ayudas, el Ejecutivo auton\u00f3mico busca favorecer aquellos proyectos que mantienen viva la cultura tradicional, facilitan su transmisi\u00f3n entre generaciones y ampl\u00edan su conocimiento social. La convocatoria vincula, adem\u00e1s, este trabajo al uso de las lenguas propias de Asturias, incorpor\u00e1ndolas como veh\u00edculo para investigar, recuperar y divulgar un patrimonio que forma parte de la vida cultural de la comunidad.<\/p>\n<p>Los apoyos se dirigen a siete grandes \u00e1mbitos: el folclore \u2014incluidos la m\u00fasica, el baile y la literatura oral\u2014; los oficios y la artesan\u00eda; los deportes y juegos tradicionales; la gastronom\u00eda; la arquitectura y los m\u00e9todos de construcci\u00f3n tradicionales; la indumentaria, y las festividades y mascaradas.<\/p>\n<h1><strong>Dos convocatorias para llegar al territorio<\/strong><\/h1>\n<p>Cada organismo podr\u00e1 presentar un m\u00e1ximo de dos proyectos y recibir\u00e1 financiaci\u00f3n de hasta el 90 % del presupuesto aprobado. En el caso de las entidades locales, la ayuda podr\u00e1 alcanzar los 15.000 euros por iniciativa, mientras que para las entidades sin \u00e1nimo de lucro el m\u00e1ximo ser\u00e1 de 6.010 euros.<\/p>\n<p>En la valoraci\u00f3n de las solicitudes tendr\u00e1 un peso especial el inter\u00e9s de la propuesta, la correcci\u00f3n ling\u00fc\u00edstica, la experiencia y trayectoria de las personas responsables en el \u00e1mbito de la cultura asturiana y la incorporaci\u00f3n de la perspectiva de g\u00e9nero.<\/p>\n<p>El plazo para presentarse es de quince d\u00edas h\u00e1biles a partir del d\u00eda siguiente a la publicaci\u00f3n de cada convocatoria en el Bopa.<\/p>\n<h2><strong>M\u00e1s de 2,3 millones para la cultura tradicional<\/strong><\/h2>\n<p>Esta nueva l\u00ednea se integra en una pol\u00edtica m\u00e1s amplia de protecci\u00f3n, conservaci\u00f3n y transmisi\u00f3n de la cultura tradicional, a la que el Principado destina m\u00e1s de 2,3 millones en 2026. El objetivo es actuar sobre sus diferentes manifestaciones, tanto materiales como inmateriales.<\/p>\n<p>Entre las medidas previstas este a\u00f1o se incluyen tambi\u00e9n 200.000 euros para la actividad de las escuelas de m\u00fasica tradicional, tanto municipales como promovidas por asociaciones, y 450.000 euros para la restauraci\u00f3n de h\u00f3rreos y paneras. Las ayudas a los deportes tradicionales aumentan de 30.000 a 50.000 euros y la aportaci\u00f3n a la Federaci\u00f3n de Bolos pasa de 35.000 a 50.000.<\/p>\n<p>Con este conjunto de actuaciones, la Consejer\u00eda de Cultura, Pol\u00edtica Lling\u00fc\u00edstica y Deporte aborda la cultura tradicional desde la conservaci\u00f3n del patrimonio, pero tambi\u00e9n desde su conocimiento, transmisi\u00f3n y pr\u00e1ctica. Las nuevas ayudas suman a los concejos y al tejido asociativo a ese trabajo y facilitan que desde distintos puntos de <strong><span style=\"color: #ff6600;\"><a style=\"color: #ff6600;\" href=\"https:\/\/eldigitaldeasturias.com\/radio\/category\/actualidad-asturias\/\">Asturia<\/a>s<\/span><\/strong> puedan desarrollarse proyectos para recuperar saberes, documentar tradiciones y garantizar que el patrimonio local perviva.<\/p>\n","protected":false},"excerpt":{"rendered":"<p>Asturias ofrece, mediante una convocatoria, dos nuevas l\u00edneas de ayudas, dotadas con 200.000 euros, para apoyar proyectos que contribuyan a recuperar, preservar y difundir la cultura tradicional en asturiano o eonaviego. El Principado convoca dos nuevas l\u00edneas de ayudas, dotadas con 200.000 euros, para apoyar proyectos que contribuyan a recuperar, preservar y difundir la cultura<\/p>\n","protected":false},"author":1,"featured_media":13090,"comment_status":"closed","ping_status":"closed","sticky":false,"template":"","format":"standard","meta":{"footnotes":""},"categories":[141],"tags":[42,79],"class_list":["post-13089","post","type-post","status-publish","format-standard","has-post-thumbnail","category-actualidad-asturias","tag-asturias","tag-cultura"],"aioseo_notices":[],"aioseo_head":"\n\t\t<!-- All in One SEO Pro 5.0.1.1 - aioseo.com -->\n\t<meta name=\"description\" content=\"Asturias ofrece, mediante una convocatoria, dos nuevas l\u00edneas de ayudas, dotadas con 200.000 euros, para apoyar proyectos que contribuyan a recuperar\" \/>\n\t<meta name=\"robots\" content=\"max-image-preview:large\" \/>\n\t<meta name=\"author\" content=\"NBAsturias\"\/>\n\t<meta name=\"google-site-verification\" content=\"UA-38556648-1\" \/>\n\t<meta name=\"keywords\" content=\"actualidad asturias\" \/>\n\t<link rel=\"canonical\" href=\"https:\/\/eldigitaldeasturias.com\/radio\/asturias-apostara-por-difundir-el-asturiano-o-eonaviego\/\" \/>\n\t<meta name=\"generator\" content=\"All in One SEO Pro (AIOSEO) 5.0.1.1\" \/>\n\t\t<meta property=\"og:locale\" content=\"es_ES\" \/>\n\t\t<meta property=\"og:site_name\" content=\"El Digital de Asturias | Diario de informaci\u00f3n y noticias\" \/>\n\t\t<meta property=\"og:type\" content=\"article\" \/>\n\t\t<meta property=\"og:title\" content=\"Asturias apostar\u00e1 por difundir el asturiano o eonaviego | El Digital de Asturias\" \/>\n\t\t<meta property=\"og:description\" content=\"Asturias ofrece, mediante una convocatoria, dos nuevas l\u00edneas de ayudas, dotadas con 200.000 euros, para apoyar proyectos que contribuyan a recuperar\" \/>\n\t\t<meta property=\"og:url\" content=\"https:\/\/eldigitaldeasturias.com\/radio\/asturias-apostara-por-difundir-el-asturiano-o-eonaviego\/\" \/>\n\t\t<meta property=\"og:image\" content=\"https:\/\/eldigitaldeasturias.com\/radio\/wp-content\/uploads\/2026\/09\/Asturias-apostara-por-difundir-el-asturiano-o-eonaviego.jpg\" \/>\n\t\t<meta property=\"og:image:secure_url\" content=\"https:\/\/eldigitaldeasturias.com\/radio\/wp-content\/uploads\/2026\/09\/Asturias-apostara-por-difundir-el-asturiano-o-eonaviego.jpg\" \/>\n\t\t<meta property=\"og:image:width\" content=\"1229\" \/>\n\t\t<meta property=\"og:image:height\" content=\"829\" \/>\n\t\t<meta property=\"article:published_time\" content=\"2026-09-04T13:55:33+00:00\" \/>\n\t\t<meta property=\"article:modified_time\" content=\"2026-09-04T13:55:33+00:00\" \/>\n\t\t<meta name=\"twitter:card\" content=\"summary_large_image\" \/>\n\t\t<meta name=\"twitter:site\" content=\"@bercodi\" \/>\n\t\t<meta name=\"twitter:title\" content=\"Asturias apostar\u00e1 por difundir el asturiano o eonaviego | El Digital de Asturias\" \/>\n\t\t<meta name=\"twitter:description\" content=\"Asturias ofrece, mediante una convocatoria, dos nuevas l\u00edneas de ayudas, dotadas con 200.000 euros, para apoyar proyectos que contribuyan a recuperar\" \/>\n\t\t<meta name=\"twitter:creator\" content=\"@bercodi\" \/>\n\t\t<meta name=\"twitter:image\" content=\"https:\/\/eldigitaldeasturias.com\/radio\/wp-content\/uploads\/2026\/09\/Asturias-apostara-por-difundir-el-asturiano-o-eonaviego.jpg\" \/>\n\t\t<script type=\"application\/ld+json\" class=\"aioseo-schema\">\n\t\t\t{\"@context\":\"https:\\\/\\\/schema.org\",\"@graph\":[{\"@type\":\"BreadcrumbList\",\"@id\":\"https:\\\/\\\/eldigitaldeasturias.com\\\/radio\\\/asturias-apostara-por-difundir-el-asturiano-o-eonaviego\\\/#breadcrumblist\",\"itemListElement\":[{\"@type\":\"ListItem\",\"@id\":\"https:\\\/\\\/eldigitaldeasturias.com\\\/radio#listItem\",\"position\":1,\"name\":\"Inicio\",\"item\":\"https:\\\/\\\/eldigitaldeasturias.com\\\/radio\",\"nextItem\":{\"@type\":\"ListItem\",\"@id\":\"https:\\\/\\\/eldigitaldeasturias.com\\\/radio\\\/category\\\/actualidad-asturias\\\/#listItem\",\"name\":\"Actualidad Asturias\"}},{\"@type\":\"ListItem\",\"@id\":\"https:\\\/\\\/eldigitaldeasturias.com\\\/radio\\\/category\\\/actualidad-asturias\\\/#listItem\",\"position\":2,\"name\":\"Actualidad Asturias\",\"item\":\"https:\\\/\\\/eldigitaldeasturias.com\\\/radio\\\/category\\\/actualidad-asturias\\\/\",\"nextItem\":{\"@type\":\"ListItem\",\"@id\":\"https:\\\/\\\/eldigitaldeasturias.com\\\/radio\\\/asturias-apostara-por-difundir-el-asturiano-o-eonaviego\\\/#listItem\",\"name\":\"Asturias apostar\\u00e1 por difundir el asturiano o eonaviego\"},\"previousItem\":{\"@type\":\"ListItem\",\"@id\":\"https:\\\/\\\/eldigitaldeasturias.com\\\/radio#listItem\",\"name\":\"Inicio\"}},{\"@type\":\"ListItem\",\"@id\":\"https:\\\/\\\/eldigitaldeasturias.com\\\/radio\\\/asturias-apostara-por-difundir-el-asturiano-o-eonaviego\\\/#listItem\",\"position\":3,\"name\":\"Asturias apostar\\u00e1 por difundir el asturiano o eonaviego\",\"previousItem\":{\"@type\":\"ListItem\",\"@id\":\"https:\\\/\\\/eldigitaldeasturias.com\\\/radio\\\/category\\\/actualidad-asturias\\\/#listItem\",\"name\":\"Actualidad Asturias\"}}]},{\"@type\":\"NewsArticle\",\"@id\":\"https:\\\/\\\/eldigitaldeasturias.com\\\/radio\\\/asturias-apostara-por-difundir-el-asturiano-o-eonaviego\\\/#newsarticle\",\"name\":\"Asturias apostar\\u00e1 por difundir el asturiano o eonaviego | El Digital de Asturias\",\"headline\":\"Asturias apostar\\u00e1 por difundir el asturiano o eonaviego\",\"author\":{\"@id\":\"https:\\\/\\\/eldigitaldeasturias.com\\\/radio\\\/author\\\/nbasturias\\\/#author\"},\"publisher\":{\"@id\":\"https:\\\/\\\/eldigitaldeasturias.com\\\/radio\\\/#organization\"},\"image\":{\"@type\":\"ImageObject\",\"url\":\"https:\\\/\\\/eldigitaldeasturias.com\\\/radio\\\/wp-content\\\/uploads\\\/2026\\\/09\\\/Asturias-apostara-por-difundir-el-asturiano-o-eonaviego.jpg\",\"width\":1229,\"height\":829,\"caption\":\"Foto: Prensa Principado de Asturias\"},\"datePublished\":\"2026-09-04T15:55:33+02:00\",\"dateModified\":\"2026-09-04T15:55:33+02:00\",\"inLanguage\":\"es-ES\",\"mainEntityOfPage\":{\"@id\":\"https:\\\/\\\/eldigitaldeasturias.com\\\/radio\\\/asturias-apostara-por-difundir-el-asturiano-o-eonaviego\\\/#webpage\"},\"isPartOf\":{\"@id\":\"https:\\\/\\\/eldigitaldeasturias.com\\\/radio\\\/asturias-apostara-por-difundir-el-asturiano-o-eonaviego\\\/#webpage\"},\"articleSection\":\"Actualidad Asturias, Asturias, cultura\",\"dateline\":\"Publicado el septiembre 4, 2026.\"},{\"@type\":\"Organization\",\"@id\":\"https:\\\/\\\/eldigitaldeasturias.com\\\/radio\\\/#organization\",\"name\":\"El digital de Asturias Radio\",\"description\":\"Diario de informaci\\u00f3n y noticias\",\"url\":\"https:\\\/\\\/eldigitaldeasturias.com\\\/radio\\\/\",\"telephone\":\"+34652131393\",\"logo\":{\"@type\":\"ImageObject\",\"url\":\"https:\\\/\\\/www.eldigitaldeasturias.com\\\/radio\\\/wp-content\\\/uploads\\\/2021\\\/03\\\/EDA.jpg\",\"@id\":\"https:\\\/\\\/eldigitaldeasturias.com\\\/radio\\\/asturias-apostara-por-difundir-el-asturiano-o-eonaviego\\\/#organizationLogo\"},\"image\":{\"@id\":\"https:\\\/\\\/eldigitaldeasturias.com\\\/radio\\\/asturias-apostara-por-difundir-el-asturiano-o-eonaviego\\\/#organizationLogo\"},\"sameAs\":[\"https:\\\/\\\/www.facebook.com\\\/\",\"https:\\\/\\\/x.com\\\/bercodi\",\"https:\\\/\\\/www.instagram.com\\\/\",\"https:\\\/\\\/www.youtube.com\\\/channel\\\/UCZP-2wLEB9Rv6erhFmqVnvg\"]},{\"@type\":\"Person\",\"@id\":\"https:\\\/\\\/eldigitaldeasturias.com\\\/radio\\\/author\\\/nbasturias\\\/#author\",\"url\":\"https:\\\/\\\/eldigitaldeasturias.com\\\/radio\\\/author\\\/nbasturias\\\/\",\"name\":\"NBAsturias\",\"image\":{\"@type\":\"ImageObject\",\"@id\":\"https:\\\/\\\/eldigitaldeasturias.com\\\/radio\\\/asturias-apostara-por-difundir-el-asturiano-o-eonaviego\\\/#authorImage\",\"url\":\"https:\\\/\\\/secure.gravatar.com\\\/avatar\\\/df2aeffc32bcd13f8d26072ef8a91b623d677766deac7f97ca815868cd41bf5e?s=96&d=mm&r=g\",\"width\":96,\"height\":96,\"caption\":\"NBAsturias\"}},{\"@type\":\"WebPage\",\"@id\":\"https:\\\/\\\/eldigitaldeasturias.com\\\/radio\\\/asturias-apostara-por-difundir-el-asturiano-o-eonaviego\\\/#webpage\",\"url\":\"https:\\\/\\\/eldigitaldeasturias.com\\\/radio\\\/asturias-apostara-por-difundir-el-asturiano-o-eonaviego\\\/\",\"name\":\"Asturias apostar\\u00e1 por difundir el asturiano o eonaviego | El Digital de Asturias\",\"description\":\"Asturias ofrece, mediante una convocatoria, dos nuevas l\\u00edneas de ayudas, dotadas con 200.000 euros, para apoyar proyectos que contribuyan a recuperar\",\"inLanguage\":\"es-ES\",\"isPartOf\":{\"@id\":\"https:\\\/\\\/eldigitaldeasturias.com\\\/radio\\\/#website\"},\"breadcrumb\":{\"@id\":\"https:\\\/\\\/eldigitaldeasturias.com\\\/radio\\\/asturias-apostara-por-difundir-el-asturiano-o-eonaviego\\\/#breadcrumblist\"},\"author\":{\"@id\":\"https:\\\/\\\/eldigitaldeasturias.com\\\/radio\\\/author\\\/nbasturias\\\/#author\"},\"creator\":{\"@id\":\"https:\\\/\\\/eldigitaldeasturias.com\\\/radio\\\/author\\\/nbasturias\\\/#author\"},\"image\":{\"@type\":\"ImageObject\",\"url\":\"https:\\\/\\\/eldigitaldeasturias.com\\\/radio\\\/wp-content\\\/uploads\\\/2026\\\/09\\\/Asturias-apostara-por-difundir-el-asturiano-o-eonaviego.jpg\",\"@id\":\"https:\\\/\\\/eldigitaldeasturias.com\\\/radio\\\/asturias-apostara-por-difundir-el-asturiano-o-eonaviego\\\/#mainImage\",\"width\":1229,\"height\":829,\"caption\":\"Foto: Prensa Principado de Asturias\"},\"primaryImageOfPage\":{\"@id\":\"https:\\\/\\\/eldigitaldeasturias.com\\\/radio\\\/asturias-apostara-por-difundir-el-asturiano-o-eonaviego\\\/#mainImage\"},\"datePublished\":\"2026-09-04T15:55:33+02:00\",\"dateModified\":\"2026-09-04T15:55:33+02:00\"},{\"@type\":\"WebSite\",\"@id\":\"https:\\\/\\\/eldigitaldeasturias.com\\\/radio\\\/#website\",\"url\":\"https:\\\/\\\/eldigitaldeasturias.com\\\/radio\\\/\",\"name\":\"El Digital de Asturias\",\"description\":\"Diario de informaci\\u00f3n y noticias\",\"inLanguage\":\"es-ES\",\"publisher\":{\"@id\":\"https:\\\/\\\/eldigitaldeasturias.com\\\/radio\\\/#organization\"}}]}\n\t\t<\/script>\n\t\t<!-- All in One SEO Pro -->\r\n\t\t<title>Asturias apostar\u00e1 por difundir el asturiano o eonaviego | El Digital de Asturias<\/title>\n\n","aioseo_head_json":{"title":"Asturias apostar\u00e1 por difundir el asturiano o eonaviego | El Digital de Asturias","description":"Asturias ofrece, mediante una convocatoria, dos nuevas l\u00edneas de ayudas, dotadas con 200.000 euros, para apoyar proyectos que contribuyan a recuperar","canonical_url":"https:\/\/eldigitaldeasturias.com\/radio\/asturias-apostara-por-difundir-el-asturiano-o-eonaviego\/","robots":"max-image-preview:large","keywords":"actualidad asturias","webmasterTools":{"google-site-verification":"UA-38556648-1","miscellaneous":""},"schema":{"@context":"https:\/\/schema.org","@graph":[{"@type":"BreadcrumbList","@id":"https:\/\/eldigitaldeasturias.com\/radio\/asturias-apostara-por-difundir-el-asturiano-o-eonaviego\/#breadcrumblist","itemListElement":[{"@type":"ListItem","@id":"https:\/\/eldigitaldeasturias.com\/radio#listItem","position":1,"name":"Inicio","item":"https:\/\/eldigitaldeasturias.com\/radio","nextItem":{"@type":"ListItem","@id":"https:\/\/eldigitaldeasturias.com\/radio\/category\/actualidad-asturias\/#listItem","name":"Actualidad Asturias"}},{"@type":"ListItem","@id":"https:\/\/eldigitaldeasturias.com\/radio\/category\/actualidad-asturias\/#listItem","position":2,"name":"Actualidad Asturias","item":"https:\/\/eldigitaldeasturias.com\/radio\/category\/actualidad-asturias\/","nextItem":{"@type":"ListItem","@id":"https:\/\/eldigitaldeasturias.com\/radio\/asturias-apostara-por-difundir-el-asturiano-o-eonaviego\/#listItem","name":"Asturias apostar\u00e1 por difundir el asturiano o eonaviego"},"previousItem":{"@type":"ListItem","@id":"https:\/\/eldigitaldeasturias.com\/radio#listItem","name":"Inicio"}},{"@type":"ListItem","@id":"https:\/\/eldigitaldeasturias.com\/radio\/asturias-apostara-por-difundir-el-asturiano-o-eonaviego\/#listItem","position":3,"name":"Asturias apostar\u00e1 por difundir el asturiano o eonaviego","previousItem":{"@type":"ListItem","@id":"https:\/\/eldigitaldeasturias.com\/radio\/category\/actualidad-asturias\/#listItem","name":"Actualidad Asturias"}}]},{"@type":"NewsArticle","@id":"https:\/\/eldigitaldeasturias.com\/radio\/asturias-apostara-por-difundir-el-asturiano-o-eonaviego\/#newsarticle","name":"Asturias apostar\u00e1 por difundir el asturiano o eonaviego | El Digital de Asturias","headline":"Asturias apostar\u00e1 por difundir el asturiano o eonaviego","author":{"@id":"https:\/\/eldigitaldeasturias.com\/radio\/author\/nbasturias\/#author"},"publisher":{"@id":"https:\/\/eldigitaldeasturias.com\/radio\/#organization"},"image":{"@type":"ImageObject","url":"https:\/\/eldigitaldeasturias.com\/radio\/wp-content\/uploads\/2026\/09\/Asturias-apostara-por-difundir-el-asturiano-o-eonaviego.jpg","width":1229,"height":829,"caption":"Foto: Prensa Principado de Asturias"},"datePublished":"2026-09-04T15:55:33+02:00","dateModified":"2026-09-04T15:55:33+02:00","inLanguage":"es-ES","mainEntityOfPage":{"@id":"https:\/\/eldigitaldeasturias.com\/radio\/asturias-apostara-por-difundir-el-asturiano-o-eonaviego\/#webpage"},"isPartOf":{"@id":"https:\/\/eldigitaldeasturias.com\/radio\/asturias-apostara-por-difundir-el-asturiano-o-eonaviego\/#webpage"},"articleSection":"Actualidad Asturias, Asturias, cultura","dateline":"Publicado el septiembre 4, 2026."},{"@type":"Organization","@id":"https:\/\/eldigitaldeasturias.com\/radio\/#organization","name":"El digital de Asturias Radio","description":"Diario de informaci\u00f3n y noticias","url":"https:\/\/eldigitaldeasturias.com\/radio\/","telephone":"+34652131393","logo":{"@type":"ImageObject","url":"https:\/\/www.eldigitaldeasturias.com\/radio\/wp-content\/uploads\/2021\/03\/EDA.jpg","@id":"https:\/\/eldigitaldeasturias.com\/radio\/asturias-apostara-por-difundir-el-asturiano-o-eonaviego\/#organizationLogo"},"image":{"@id":"https:\/\/eldigitaldeasturias.com\/radio\/asturias-apostara-por-difundir-el-asturiano-o-eonaviego\/#organizationLogo"},"sameAs":["https:\/\/www.facebook.com\/","https:\/\/x.com\/bercodi","https:\/\/www.instagram.com\/","https:\/\/www.youtube.com\/channel\/UCZP-2wLEB9Rv6erhFmqVnvg"]},{"@type":"Person","@id":"https:\/\/eldigitaldeasturias.com\/radio\/author\/nbasturias\/#author","url":"https:\/\/eldigitaldeasturias.com\/radio\/author\/nbasturias\/","name":"NBAsturias","image":{"@type":"ImageObject","@id":"https:\/\/eldigitaldeasturias.com\/radio\/asturias-apostara-por-difundir-el-asturiano-o-eonaviego\/#authorImage","url":"https:\/\/secure.gravatar.com\/avatar\/df2aeffc32bcd13f8d26072ef8a91b623d677766deac7f97ca815868cd41bf5e?s=96&d=mm&r=g","width":96,"height":96,"caption":"NBAsturias"}},{"@type":"WebPage","@id":"https:\/\/eldigitaldeasturias.com\/radio\/asturias-apostara-por-difundir-el-asturiano-o-eonaviego\/#webpage","url":"https:\/\/eldigitaldeasturias.com\/radio\/asturias-apostara-por-difundir-el-asturiano-o-eonaviego\/","name":"Asturias apostar\u00e1 por difundir el asturiano o eonaviego | El Digital de Asturias","description":"Asturias ofrece, mediante una convocatoria, dos nuevas l\u00edneas de ayudas, dotadas con 200.000 euros, para apoyar proyectos que contribuyan a recuperar","inLanguage":"es-ES","isPartOf":{"@id":"https:\/\/eldigitaldeasturias.com\/radio\/#website"},"breadcrumb":{"@id":"https:\/\/eldigitaldeasturias.com\/radio\/asturias-apostara-por-difundir-el-asturiano-o-eonaviego\/#breadcrumblist"},"author":{"@id":"https:\/\/eldigitaldeasturias.com\/radio\/author\/nbasturias\/#author"},"creator":{"@id":"https:\/\/eldigitaldeasturias.com\/radio\/author\/nbasturias\/#author"},"image":{"@type":"ImageObject","url":"https:\/\/eldigitaldeasturias.com\/radio\/wp-content\/uploads\/2026\/09\/Asturias-apostara-por-difundir-el-asturiano-o-eonaviego.jpg","@id":"https:\/\/eldigitaldeasturias.com\/radio\/asturias-apostara-por-difundir-el-asturiano-o-eonaviego\/#mainImage","width":1229,"height":829,"caption":"Foto: Prensa Principado de Asturias"},"primaryImageOfPage":{"@id":"https:\/\/eldigitaldeasturias.com\/radio\/asturias-apostara-por-difundir-el-asturiano-o-eonaviego\/#mainImage"},"datePublished":"2026-09-04T15:55:33+02:00","dateModified":"2026-09-04T15:55:33+02:00"},{"@type":"WebSite","@id":"https:\/\/eldigitaldeasturias.com\/radio\/#website","url":"https:\/\/eldigitaldeasturias.com\/radio\/","name":"El Digital de Asturias","description":"Diario de informaci\u00f3n y noticias","inLanguage":"es-ES","publisher":{"@id":"https:\/\/eldigitaldeasturias.com\/radio\/#organization"}}]},"og:locale":"es_ES","og:site_name":"El Digital de Asturias | Diario de informaci\u00f3n y noticias","og:type":"article","og:title":"Asturias apostar\u00e1 por difundir el asturiano o eonaviego | El Digital de Asturias","og:description":"Asturias ofrece, mediante una convocatoria, dos nuevas l\u00edneas de ayudas, dotadas con 200.000 euros, para apoyar proyectos que contribuyan a recuperar","og:url":"https:\/\/eldigitaldeasturias.com\/radio\/asturias-apostara-por-difundir-el-asturiano-o-eonaviego\/","og:image":"https:\/\/eldigitaldeasturias.com\/radio\/wp-content\/uploads\/2026\/09\/Asturias-apostara-por-difundir-el-asturiano-o-eonaviego.jpg","og:image:secure_url":"https:\/\/eldigitaldeasturias.com\/radio\/wp-content\/uploads\/2026\/09\/Asturias-apostara-por-difundir-el-asturiano-o-eonaviego.jpg","og:image:width":1229,"og:image:height":829,"article:published_time":"2026-09-04T13:55:33+00:00","article:modified_time":"2026-09-04T13:55:33+00:00","twitter:card":"summary_large_image","twitter:site":"@bercodi","twitter:title":"Asturias apostar\u00e1 por difundir el asturiano o eonaviego | El Digital de Asturias","twitter:description":"Asturias ofrece, mediante una convocatoria, dos nuevas l\u00edneas de ayudas, dotadas con 200.000 euros, para apoyar proyectos que contribuyan a recuperar","twitter:creator":"@bercodi","twitter:image":"https:\/\/eldigitaldeasturias.com\/radio\/wp-content\/uploads\/2026\/09\/Asturias-apostara-por-difundir-el-asturiano-o-eonaviego.jpg"},"aioseo_meta_data":{"post_id":"13089","title":null,"description":"Asturias ofrece, mediante una convocatoria, dos nuevas l\u00edneas de ayudas, dotadas con 200.000 euros, para apoyar proyectos que contribuyan a recuperar","keywords":null,"keyphrases":{"focus":{"keyphrase":"Asturias","score":0,"analysis":[]},"additional":[{"keyphrase":"asturiano o eonaviego","score":0}]},"primary_term":null,"canonical_url":null,"og_title":"#post_title #separator_sa #site_title","og_description":"Asturias ofrece, mediante una convocatoria, dos nuevas l\u00edneas de ayudas, dotadas con 200.000 euros, para apoyar proyectos que contribuyan a recuperar","og_object_type":"default","og_image_type":"default","og_image_url":null,"og_image_width":null,"og_image_height":null,"og_image_custom_url":null,"og_image_custom_fields":null,"og_video":"","og_custom_url":null,"og_article_section":null,"og_article_tags":null,"twitter_use_og":true,"twitter_card":"default","twitter_image_type":"default","twitter_image_url":null,"twitter_image_custom_url":null,"twitter_image_custom_fields":null,"twitter_title":null,"twitter_description":null,"schema":{"blockGraphs":[],"customGraphs":[],"default":{"data":{"Article":[],"Course":[],"Dataset":[],"FAQPage":[],"Movie":[],"Person":[],"Product":[],"ProductReview":[],"Car":[],"Recipe":[],"Service":[],"SoftwareApplication":[],"WebPage":[]},"graphName":"NewsArticle","isEnabled":true},"graphs":[]},"schema_type":"default","schema_type_options":null,"pillar_content":false,"robots_default":true,"robots_noindex":false,"robots_noarchive":false,"robots_nosnippet":false,"robots_nofollow":false,"robots_noimageindex":false,"robots_noodp":false,"robots_notranslate":false,"robots_max_snippet":"-1","robots_max_videopreview":"-1","robots_max_imagepreview":"large","priority":null,"frequency":"default","location":null,"local_seo":null,"seo_analyzer_scan_date":"2026-09-04 13:55:43","breadcrumb_settings":null,"limit_modified_date":false,"open_ai":null,"ai":{"faqs":[],"keyPoints":[],"schemas":[],"titles":[],"descriptions":[],"socialPosts":{"email":{"subject":"","preview":"","content":""},"linkedin":[],"twitter":[],"facebook":[],"instagram":[]}},"created":"2026-09-04 13:47:58","updated":"2026-09-04 14:29:26","focus_keyword":"Asturias","additional_keywords":[{"word":"asturiano o eonaviego","score":91,"items":{"introductionKeyword":{"score":9},"keyphraseLength":{"score":9},"keyphraseDensity":{"score":4},"functionWordsInKeyphrase":{"score":9},"textCompetingLinks":{"score":9},"imageKeyphrase":{"score":9}}}],"truseo_locale":null},"aioseo_breadcrumb":"<div class=\"aioseo-breadcrumbs\"><span class=\"aioseo-breadcrumb\">\n\t<a href=\"https:\/\/eldigitaldeasturias.com\/radio\" title=\"Inicio\">Inicio<\/a>\n<\/span><span class=\"aioseo-breadcrumb-separator\">&ndash;<\/span><span class=\"aioseo-breadcrumb\">\n\t<a href=\"https:\/\/eldigitaldeasturias.com\/radio\/category\/actualidad-asturias\/\" title=\"Actualidad Asturias\">Actualidad Asturias<\/a>\n<\/span><span class=\"aioseo-breadcrumb-separator\">&ndash;<\/span><span class=\"aioseo-breadcrumb\">\n\tAsturias apostar\u00e1 por difundir el asturiano o eonaviego\n<\/span><\/div>","aioseo_breadcrumb_json":[{"label":"Inicio","link":"https:\/\/eldigitaldeasturias.com\/radio"},{"label":"Actualidad Asturias","link":"https:\/\/eldigitaldeasturias.com\/radio\/category\/actualidad-asturias\/"},{"label":"Asturias apostar\u00e1 por difundir el asturiano o eonaviego","link":"https:\/\/eldigitaldeasturias.com\/radio\/asturias-apostara-por-difundir-el-asturiano-o-eonaviego\/"}],"_links":{"self":[{"href":"https:\/\/eldigitaldeasturias.com\/radio\/wp-json\/wp\/v2\/posts\/13089","targetHints":{"allow":["GET"]}}],"collection":[{"href":"https:\/\/eldigitaldeasturias.com\/radio\/wp-json\/wp\/v2\/posts"}],"about":[{"href":"https:\/\/eldigitaldeasturias.com\/radio\/wp-json\/wp\/v2\/types\/post"}],"author":[{"embeddable":true,"href":"https:\/\/eldigitaldeasturias.com\/radio\/wp-json\/wp\/v2\/users\/1"}],"replies":[{"embeddable":true,"href":"https:\/\/eldigitaldeasturias.com\/radio\/wp-json\/wp\/v2\/comments?post=13089"}],"version-history":[{"count":1,"href":"https:\/\/eldigitaldeasturias.com\/radio\/wp-json\/wp\/v2\/posts\/13089\/revisions"}],"predecessor-version":[{"id":13091,"href":"https:\/\/eldigitaldeasturias.com\/radio\/wp-json\/wp\/v2\/posts\/13089\/revisions\/13091"}],"wp:featuredmedia":[{"embeddable":true,"href":"https:\/\/eldigitaldeasturias.com\/radio\/wp-json\/wp\/v2\/media\/13090"}],"wp:attachment":[{"href":"https:\/\/eldigitaldeasturias.com\/radio\/wp-json\/wp\/v2\/media?parent=13089"}],"wp:term":[{"taxonomy":"category","embeddable":true,"href":"https:\/\/eldigitaldeasturias.com\/radio\/wp-json\/wp\/v2\/categories?post=13089"},{"taxonomy":"post_tag","embeddable":true,"href":"https:\/\/eldigitaldeasturias.com\/radio\/wp-json\/wp\/v2\/tags?post=13089"}],"curies":[{"name":"wp","href":"https:\/\/api.w.org\/{rel}","templated":true}]}}