{"id":13086,"date":"2026-09-04T15:45:16","date_gmt":"2026-09-04T13:45:16","guid":{"rendered":"https:\/\/eldigitaldeasturias.com\/radio\/?p=13086"},"modified":"2026-09-04T15:45:16","modified_gmt":"2026-09-04T13:45:16","slug":"teverga-rinde-homenaje-a-fernando-moran","status":"publish","type":"post","link":"https:\/\/eldigitaldeasturias.com\/radio\/teverga-rinde-homenaje-a-fernando-moran\/","title":{"rendered":"Teverga rinde homenaje a Fernando Mor\u00e1n"},"content":{"rendered":"<p><a href=\"https:\/\/eldigitaldeasturias.com\/radio\/category\/concejos-asturias\/\"><span style=\"color: #ff6600;\"><strong>Teverga<\/strong><\/span><\/a> ha rendido un calurosos homenaje a Fernando Mor\u00e1n, principal impulsor del proyecto de conservaci\u00f3n de animales del Parque de la Prehistoria de Teverga y antiguo director del Centro de Conservaci\u00f3n del Bisonte Europeo en Espa\u00f1a.<\/p>\n<figure id=\"attachment_13087\" aria-describedby=\"caption-attachment-13087\" style=\"width: 650px\" class=\"wp-caption aligncenter\"><img fetchpriority=\"high\" decoding=\"async\" class=\"size-large wp-image-13087\" src=\"https:\/\/eldigitaldeasturias.com\/radio\/wp-content\/uploads\/2026\/09\/Teverga-rinde-homenaje-a-Fernando-Moran-650x480.jpg\" alt=\"Teverga rinde homenaje a Fernando Mor\u00e1n\" width=\"650\" height=\"480\" srcset=\"https:\/\/eldigitaldeasturias.com\/radio\/wp-content\/uploads\/2026\/09\/Teverga-rinde-homenaje-a-Fernando-Moran-650x480.jpg 650w, https:\/\/eldigitaldeasturias.com\/radio\/wp-content\/uploads\/2026\/09\/Teverga-rinde-homenaje-a-Fernando-Moran-360x266.jpg 360w, https:\/\/eldigitaldeasturias.com\/radio\/wp-content\/uploads\/2026\/09\/Teverga-rinde-homenaje-a-Fernando-Moran-768x567.jpg 768w, https:\/\/eldigitaldeasturias.com\/radio\/wp-content\/uploads\/2026\/09\/Teverga-rinde-homenaje-a-Fernando-Moran-150x111.jpg 150w, https:\/\/eldigitaldeasturias.com\/radio\/wp-content\/uploads\/2026\/09\/Teverga-rinde-homenaje-a-Fernando-Moran-450x332.jpg 450w, https:\/\/eldigitaldeasturias.com\/radio\/wp-content\/uploads\/2026\/09\/Teverga-rinde-homenaje-a-Fernando-Moran.jpg 1136w\" sizes=\"(max-width: 650px) 100vw, 650px\" \/><figcaption id=\"caption-attachment-13087\" class=\"wp-caption-text\">Foto: Prensa Principado de Asturias<\/figcaption><\/figure>\n<p>El reconocimiento pone en valor la relaci\u00f3n entre el veterinario avilesino y el equipamiento, que se prolong\u00f3 durante m\u00e1s de una d\u00e9cada. Desde 2014 y hasta su fallecimiento, a finales de 2025, <strong>Mor\u00e1n se ocup\u00f3 de alimentar y cuidar a los animales, de su vigilancia m\u00e9dica y del mantenimiento de los cercados. Conocido como el \u201cveterinario de los bisontes\u201d, por su especializaci\u00f3n en esta especie, particip\u00f3, adem\u00e1s, en la reintroducci\u00f3n de m\u00e1s de 150 ejemplares en Espa\u00f1a y Portugal.<\/strong><\/p>\n<p>Su trabajo fue clave para poner en marcha y desarrollar el cercado del Parque, concebido para contribuir a la conservaci\u00f3n, recuperaci\u00f3n e integraci\u00f3n de especies en peligro de extinci\u00f3n o en proceso de recuperaci\u00f3n. Este espacio permite, adem\u00e1s, acercarse a especies que ya formaban parte del paisaje y de las representaciones de nuestros antepasados en la Prehistoria. A<strong>ctualmente alberga bisontes europeos, caballos\u00a0<i>przewalski<\/i>\u00a0y\u00a0<i>tarpanes<\/i>, uros, ciervos y gamos.<\/strong><\/p>\n<p>Tras el homenaje, Vanessa Guti\u00e9rrez, consejera del <a href=\"https:\/\/actualidad.asturias.es\/\" target=\"_blank\" rel=\"noopener\"><span style=\"color: #ff6600;\"><strong>Principado<\/strong><\/span><\/a>, ha recorrido las instalaciones para conocer las actuaciones realizadas en los \u00faltimos meses para modernizar los recursos audiovisuales y digitales del espacio. El proyecto, financiado con fondos europeos del Plan de Recuperaci\u00f3n, Transformaci\u00f3n y Resiliencia, ha permitido renovar contenidos y sistemas utilizados durante la visita.<\/p>\n<p>Entre las mejoras figura la instalaci\u00f3n en la\u00a0<i>Cueva de Cuevas<\/i>\u00a0de un nuevo sistema de proyecci\u00f3n, que permite observar con mayor detalle las siluetas de los motivos de arte rupestre presentes en las reproducciones de Tito Bustillo, Niaux y Candamo. En la\u00a0<i>Galer\u00eda<\/i>\u00a0se ha incorporado tambi\u00e9n una pantalla de gran tama\u00f1o con contenidos interactivos sobre los modos de vida en la Prehistoria y se han sustituido reproductores, proyectores y otras pantallas para mejorar la calidad de imagen, sonido y resoluci\u00f3n.<\/p>\n<p>La actuaci\u00f3n se completa con un nuevo sistema de conteo autom\u00e1tico de visitantes en los espacios exteriores y con la incorporaci\u00f3n de dos reproducciones de\u00a0<i>homo sapiens<\/i>\u00a0a la\u00a0<i>Galer\u00eda<\/i>. Estas piezas permiten mostrar la t\u00e9cnica de iluminaci\u00f3n mediante l\u00e1mparas de tu\u00e9tano y dar mayor presencia a la reproducci\u00f3n del techo de Altamira. Tambi\u00e9n se han acometido mejoras en el cercado de animales, entre ellas el refuerzo de su cierre.<\/p>\n<p>Con estas actuaciones, el Parque de la Prehistoria de Teverga contin\u00faa con la actualizaci\u00f3n de sus recursos de divulgaci\u00f3n y mejora la experiencia de las personas visitantes sin perder el car\u00e1cter singular de este equipamiento, que combina patrimonio, conocimiento y conservaci\u00f3n.<\/p>\n","protected":false},"excerpt":{"rendered":"<p>Teverga ha rendido un calurosos homenaje a Fernando Mor\u00e1n, principal impulsor del proyecto de conservaci\u00f3n de animales del Parque de la Prehistoria de Teverga y antiguo director del Centro de Conservaci\u00f3n del Bisonte Europeo en Espa\u00f1a. El reconocimiento pone en valor la relaci\u00f3n entre el veterinario avilesino y el equipamiento, que se prolong\u00f3 durante m\u00e1s<\/p>\n","protected":false},"author":1,"featured_media":13087,"comment_status":"closed","ping_status":"closed","sticky":false,"template":"","format":"standard","meta":{"footnotes":""},"categories":[145,36],"tags":[42],"class_list":["post-13086","post","type-post","status-publish","format-standard","has-post-thumbnail","category-concejos-asturias","category-titulares","tag-asturias"],"aioseo_notices":[],"aioseo_head":"\n\t\t<!-- All in One SEO Pro 5.0.1.1 - aioseo.com -->\n\t<meta name=\"description\" content=\"Teverga ha rendido un calurosos homenaje a Fernando Mor\u00e1n, principal impulsor del proyecto de conservaci\u00f3n de animales del Parque de la Prehistoria de Teverga\" \/>\n\t<meta name=\"robots\" content=\"max-image-preview:large\" \/>\n\t<meta name=\"author\" content=\"NBAsturias\"\/>\n\t<meta name=\"google-site-verification\" content=\"UA-38556648-1\" \/>\n\t<meta name=\"keywords\" content=\"concejos asturias,titulares\" \/>\n\t<link rel=\"canonical\" href=\"https:\/\/eldigitaldeasturias.com\/radio\/teverga-rinde-homenaje-a-fernando-moran\/\" \/>\n\t<meta name=\"generator\" content=\"All in One SEO Pro (AIOSEO) 5.0.1.1\" \/>\n\t\t<meta property=\"og:locale\" content=\"es_ES\" \/>\n\t\t<meta property=\"og:site_name\" content=\"El Digital de Asturias | Diario de informaci\u00f3n y noticias\" \/>\n\t\t<meta property=\"og:type\" content=\"article\" \/>\n\t\t<meta property=\"og:title\" content=\"Teverga rinde homenaje a Fernando Mor\u00e1n | El Digital de Asturias\" \/>\n\t\t<meta property=\"og:description\" content=\"Teverga ha rendido un calurosos homenaje a Fernando Mor\u00e1n, principal impulsor del proyecto de conservaci\u00f3n de animales del Parque de la Prehistoria de Teverga\" \/>\n\t\t<meta property=\"og:url\" content=\"https:\/\/eldigitaldeasturias.com\/radio\/teverga-rinde-homenaje-a-fernando-moran\/\" \/>\n\t\t<meta property=\"og:image\" content=\"https:\/\/eldigitaldeasturias.com\/radio\/wp-content\/uploads\/2026\/09\/Teverga-rinde-homenaje-a-Fernando-Moran.jpg\" \/>\n\t\t<meta property=\"og:image:secure_url\" content=\"https:\/\/eldigitaldeasturias.com\/radio\/wp-content\/uploads\/2026\/09\/Teverga-rinde-homenaje-a-Fernando-Moran.jpg\" \/>\n\t\t<meta property=\"og:image:width\" content=\"1136\" \/>\n\t\t<meta property=\"og:image:height\" content=\"838\" \/>\n\t\t<meta property=\"article:published_time\" content=\"2026-09-04T13:45:16+00:00\" \/>\n\t\t<meta property=\"article:modified_time\" content=\"2026-09-04T13:45:16+00:00\" \/>\n\t\t<meta name=\"twitter:card\" content=\"summary_large_image\" \/>\n\t\t<meta name=\"twitter:site\" content=\"@bercodi\" \/>\n\t\t<meta name=\"twitter:title\" content=\"Teverga rinde homenaje a Fernando Mor\u00e1n | El Digital de Asturias\" \/>\n\t\t<meta name=\"twitter:description\" content=\"Teverga ha rendido un calurosos homenaje a Fernando Mor\u00e1n, principal impulsor del proyecto de conservaci\u00f3n de animales del Parque de la Prehistoria de Teverga\" \/>\n\t\t<meta name=\"twitter:creator\" content=\"@bercodi\" \/>\n\t\t<meta name=\"twitter:image\" content=\"https:\/\/eldigitaldeasturias.com\/radio\/wp-content\/uploads\/2026\/09\/Teverga-rinde-homenaje-a-Fernando-Moran.jpg\" \/>\n\t\t<script type=\"application\/ld+json\" class=\"aioseo-schema\">\n\t\t\t{\"@context\":\"https:\\\/\\\/schema.org\",\"@graph\":[{\"@type\":\"BreadcrumbList\",\"@id\":\"https:\\\/\\\/eldigitaldeasturias.com\\\/radio\\\/teverga-rinde-homenaje-a-fernando-moran\\\/#breadcrumblist\",\"itemListElement\":[{\"@type\":\"ListItem\",\"@id\":\"https:\\\/\\\/eldigitaldeasturias.com\\\/radio#listItem\",\"position\":1,\"name\":\"Inicio\",\"item\":\"https:\\\/\\\/eldigitaldeasturias.com\\\/radio\",\"nextItem\":{\"@type\":\"ListItem\",\"@id\":\"https:\\\/\\\/eldigitaldeasturias.com\\\/radio\\\/category\\\/titulares\\\/#listItem\",\"name\":\"Titulares\"}},{\"@type\":\"ListItem\",\"@id\":\"https:\\\/\\\/eldigitaldeasturias.com\\\/radio\\\/category\\\/titulares\\\/#listItem\",\"position\":2,\"name\":\"Titulares\",\"item\":\"https:\\\/\\\/eldigitaldeasturias.com\\\/radio\\\/category\\\/titulares\\\/\",\"nextItem\":{\"@type\":\"ListItem\",\"@id\":\"https:\\\/\\\/eldigitaldeasturias.com\\\/radio\\\/teverga-rinde-homenaje-a-fernando-moran\\\/#listItem\",\"name\":\"Teverga rinde homenaje a Fernando Mor\\u00e1n\"},\"previousItem\":{\"@type\":\"ListItem\",\"@id\":\"https:\\\/\\\/eldigitaldeasturias.com\\\/radio#listItem\",\"name\":\"Inicio\"}},{\"@type\":\"ListItem\",\"@id\":\"https:\\\/\\\/eldigitaldeasturias.com\\\/radio\\\/teverga-rinde-homenaje-a-fernando-moran\\\/#listItem\",\"position\":3,\"name\":\"Teverga rinde homenaje a Fernando Mor\\u00e1n\",\"previousItem\":{\"@type\":\"ListItem\",\"@id\":\"https:\\\/\\\/eldigitaldeasturias.com\\\/radio\\\/category\\\/titulares\\\/#listItem\",\"name\":\"Titulares\"}}]},{\"@type\":\"NewsArticle\",\"@id\":\"https:\\\/\\\/eldigitaldeasturias.com\\\/radio\\\/teverga-rinde-homenaje-a-fernando-moran\\\/#newsarticle\",\"name\":\"Teverga rinde homenaje a Fernando Mor\\u00e1n | El Digital de Asturias\",\"headline\":\"Teverga rinde homenaje a Fernando Mor\\u00e1n\",\"author\":{\"@id\":\"https:\\\/\\\/eldigitaldeasturias.com\\\/radio\\\/author\\\/nbasturias\\\/#author\"},\"publisher\":{\"@id\":\"https:\\\/\\\/eldigitaldeasturias.com\\\/radio\\\/#organization\"},\"image\":{\"@type\":\"ImageObject\",\"url\":\"https:\\\/\\\/eldigitaldeasturias.com\\\/radio\\\/wp-content\\\/uploads\\\/2026\\\/09\\\/Teverga-rinde-homenaje-a-Fernando-Moran.jpg\",\"width\":1136,\"height\":838,\"caption\":\"Foto: Prensa Principado de Asturias\"},\"datePublished\":\"2026-09-04T15:45:16+02:00\",\"dateModified\":\"2026-09-04T15:45:16+02:00\",\"inLanguage\":\"es-ES\",\"mainEntityOfPage\":{\"@id\":\"https:\\\/\\\/eldigitaldeasturias.com\\\/radio\\\/teverga-rinde-homenaje-a-fernando-moran\\\/#webpage\"},\"isPartOf\":{\"@id\":\"https:\\\/\\\/eldigitaldeasturias.com\\\/radio\\\/teverga-rinde-homenaje-a-fernando-moran\\\/#webpage\"},\"articleSection\":\"Concejos Asturias, Titulares, Asturias\",\"dateline\":\"Publicado el septiembre 4, 2026.\"},{\"@type\":\"Organization\",\"@id\":\"https:\\\/\\\/eldigitaldeasturias.com\\\/radio\\\/#organization\",\"name\":\"El digital de Asturias Radio\",\"description\":\"Diario de informaci\\u00f3n y noticias\",\"url\":\"https:\\\/\\\/eldigitaldeasturias.com\\\/radio\\\/\",\"telephone\":\"+34652131393\",\"logo\":{\"@type\":\"ImageObject\",\"url\":\"https:\\\/\\\/www.eldigitaldeasturias.com\\\/radio\\\/wp-content\\\/uploads\\\/2021\\\/03\\\/EDA.jpg\",\"@id\":\"https:\\\/\\\/eldigitaldeasturias.com\\\/radio\\\/teverga-rinde-homenaje-a-fernando-moran\\\/#organizationLogo\"},\"image\":{\"@id\":\"https:\\\/\\\/eldigitaldeasturias.com\\\/radio\\\/teverga-rinde-homenaje-a-fernando-moran\\\/#organizationLogo\"},\"sameAs\":[\"https:\\\/\\\/www.facebook.com\\\/\",\"https:\\\/\\\/x.com\\\/bercodi\",\"https:\\\/\\\/www.instagram.com\\\/\",\"https:\\\/\\\/www.youtube.com\\\/channel\\\/UCZP-2wLEB9Rv6erhFmqVnvg\"]},{\"@type\":\"Person\",\"@id\":\"https:\\\/\\\/eldigitaldeasturias.com\\\/radio\\\/author\\\/nbasturias\\\/#author\",\"url\":\"https:\\\/\\\/eldigitaldeasturias.com\\\/radio\\\/author\\\/nbasturias\\\/\",\"name\":\"NBAsturias\",\"image\":{\"@type\":\"ImageObject\",\"@id\":\"https:\\\/\\\/eldigitaldeasturias.com\\\/radio\\\/teverga-rinde-homenaje-a-fernando-moran\\\/#authorImage\",\"url\":\"https:\\\/\\\/secure.gravatar.com\\\/avatar\\\/df2aeffc32bcd13f8d26072ef8a91b623d677766deac7f97ca815868cd41bf5e?s=96&d=mm&r=g\",\"width\":96,\"height\":96,\"caption\":\"NBAsturias\"}},{\"@type\":\"WebPage\",\"@id\":\"https:\\\/\\\/eldigitaldeasturias.com\\\/radio\\\/teverga-rinde-homenaje-a-fernando-moran\\\/#webpage\",\"url\":\"https:\\\/\\\/eldigitaldeasturias.com\\\/radio\\\/teverga-rinde-homenaje-a-fernando-moran\\\/\",\"name\":\"Teverga rinde homenaje a Fernando Mor\\u00e1n | El Digital de Asturias\",\"description\":\"Teverga ha rendido un calurosos homenaje a Fernando Mor\\u00e1n, principal impulsor del proyecto de conservaci\\u00f3n de animales del Parque de la Prehistoria de Teverga\",\"inLanguage\":\"es-ES\",\"isPartOf\":{\"@id\":\"https:\\\/\\\/eldigitaldeasturias.com\\\/radio\\\/#website\"},\"breadcrumb\":{\"@id\":\"https:\\\/\\\/eldigitaldeasturias.com\\\/radio\\\/teverga-rinde-homenaje-a-fernando-moran\\\/#breadcrumblist\"},\"author\":{\"@id\":\"https:\\\/\\\/eldigitaldeasturias.com\\\/radio\\\/author\\\/nbasturias\\\/#author\"},\"creator\":{\"@id\":\"https:\\\/\\\/eldigitaldeasturias.com\\\/radio\\\/author\\\/nbasturias\\\/#author\"},\"image\":{\"@type\":\"ImageObject\",\"url\":\"https:\\\/\\\/eldigitaldeasturias.com\\\/radio\\\/wp-content\\\/uploads\\\/2026\\\/09\\\/Teverga-rinde-homenaje-a-Fernando-Moran.jpg\",\"@id\":\"https:\\\/\\\/eldigitaldeasturias.com\\\/radio\\\/teverga-rinde-homenaje-a-fernando-moran\\\/#mainImage\",\"width\":1136,\"height\":838,\"caption\":\"Foto: Prensa Principado de Asturias\"},\"primaryImageOfPage\":{\"@id\":\"https:\\\/\\\/eldigitaldeasturias.com\\\/radio\\\/teverga-rinde-homenaje-a-fernando-moran\\\/#mainImage\"},\"datePublished\":\"2026-09-04T15:45:16+02:00\",\"dateModified\":\"2026-09-04T15:45:16+02:00\"},{\"@type\":\"WebSite\",\"@id\":\"https:\\\/\\\/eldigitaldeasturias.com\\\/radio\\\/#website\",\"url\":\"https:\\\/\\\/eldigitaldeasturias.com\\\/radio\\\/\",\"name\":\"El Digital de Asturias\",\"description\":\"Diario de informaci\\u00f3n y noticias\",\"inLanguage\":\"es-ES\",\"publisher\":{\"@id\":\"https:\\\/\\\/eldigitaldeasturias.com\\\/radio\\\/#organization\"}}]}\n\t\t<\/script>\n\t\t<!-- All in One SEO Pro -->\r\n\t\t<title>Teverga rinde homenaje a Fernando Mor\u00e1n | El Digital de Asturias<\/title>\n\n","aioseo_head_json":{"title":"Teverga rinde homenaje a Fernando Mor\u00e1n | El Digital de Asturias","description":"Teverga ha rendido un calurosos homenaje a Fernando Mor\u00e1n, principal impulsor del proyecto de conservaci\u00f3n de animales del Parque de la Prehistoria de Teverga","canonical_url":"https:\/\/eldigitaldeasturias.com\/radio\/teverga-rinde-homenaje-a-fernando-moran\/","robots":"max-image-preview:large","keywords":"concejos asturias,titulares","webmasterTools":{"google-site-verification":"UA-38556648-1","miscellaneous":""},"schema":{"@context":"https:\/\/schema.org","@graph":[{"@type":"BreadcrumbList","@id":"https:\/\/eldigitaldeasturias.com\/radio\/teverga-rinde-homenaje-a-fernando-moran\/#breadcrumblist","itemListElement":[{"@type":"ListItem","@id":"https:\/\/eldigitaldeasturias.com\/radio#listItem","position":1,"name":"Inicio","item":"https:\/\/eldigitaldeasturias.com\/radio","nextItem":{"@type":"ListItem","@id":"https:\/\/eldigitaldeasturias.com\/radio\/category\/titulares\/#listItem","name":"Titulares"}},{"@type":"ListItem","@id":"https:\/\/eldigitaldeasturias.com\/radio\/category\/titulares\/#listItem","position":2,"name":"Titulares","item":"https:\/\/eldigitaldeasturias.com\/radio\/category\/titulares\/","nextItem":{"@type":"ListItem","@id":"https:\/\/eldigitaldeasturias.com\/radio\/teverga-rinde-homenaje-a-fernando-moran\/#listItem","name":"Teverga rinde homenaje a Fernando Mor\u00e1n"},"previousItem":{"@type":"ListItem","@id":"https:\/\/eldigitaldeasturias.com\/radio#listItem","name":"Inicio"}},{"@type":"ListItem","@id":"https:\/\/eldigitaldeasturias.com\/radio\/teverga-rinde-homenaje-a-fernando-moran\/#listItem","position":3,"name":"Teverga rinde homenaje a Fernando Mor\u00e1n","previousItem":{"@type":"ListItem","@id":"https:\/\/eldigitaldeasturias.com\/radio\/category\/titulares\/#listItem","name":"Titulares"}}]},{"@type":"NewsArticle","@id":"https:\/\/eldigitaldeasturias.com\/radio\/teverga-rinde-homenaje-a-fernando-moran\/#newsarticle","name":"Teverga rinde homenaje a Fernando Mor\u00e1n | El Digital de Asturias","headline":"Teverga rinde homenaje a Fernando Mor\u00e1n","author":{"@id":"https:\/\/eldigitaldeasturias.com\/radio\/author\/nbasturias\/#author"},"publisher":{"@id":"https:\/\/eldigitaldeasturias.com\/radio\/#organization"},"image":{"@type":"ImageObject","url":"https:\/\/eldigitaldeasturias.com\/radio\/wp-content\/uploads\/2026\/09\/Teverga-rinde-homenaje-a-Fernando-Moran.jpg","width":1136,"height":838,"caption":"Foto: Prensa Principado de Asturias"},"datePublished":"2026-09-04T15:45:16+02:00","dateModified":"2026-09-04T15:45:16+02:00","inLanguage":"es-ES","mainEntityOfPage":{"@id":"https:\/\/eldigitaldeasturias.com\/radio\/teverga-rinde-homenaje-a-fernando-moran\/#webpage"},"isPartOf":{"@id":"https:\/\/eldigitaldeasturias.com\/radio\/teverga-rinde-homenaje-a-fernando-moran\/#webpage"},"articleSection":"Concejos Asturias, Titulares, Asturias","dateline":"Publicado el septiembre 4, 2026."},{"@type":"Organization","@id":"https:\/\/eldigitaldeasturias.com\/radio\/#organization","name":"El digital de Asturias Radio","description":"Diario de informaci\u00f3n y noticias","url":"https:\/\/eldigitaldeasturias.com\/radio\/","telephone":"+34652131393","logo":{"@type":"ImageObject","url":"https:\/\/www.eldigitaldeasturias.com\/radio\/wp-content\/uploads\/2021\/03\/EDA.jpg","@id":"https:\/\/eldigitaldeasturias.com\/radio\/teverga-rinde-homenaje-a-fernando-moran\/#organizationLogo"},"image":{"@id":"https:\/\/eldigitaldeasturias.com\/radio\/teverga-rinde-homenaje-a-fernando-moran\/#organizationLogo"},"sameAs":["https:\/\/www.facebook.com\/","https:\/\/x.com\/bercodi","https:\/\/www.instagram.com\/","https:\/\/www.youtube.com\/channel\/UCZP-2wLEB9Rv6erhFmqVnvg"]},{"@type":"Person","@id":"https:\/\/eldigitaldeasturias.com\/radio\/author\/nbasturias\/#author","url":"https:\/\/eldigitaldeasturias.com\/radio\/author\/nbasturias\/","name":"NBAsturias","image":{"@type":"ImageObject","@id":"https:\/\/eldigitaldeasturias.com\/radio\/teverga-rinde-homenaje-a-fernando-moran\/#authorImage","url":"https:\/\/secure.gravatar.com\/avatar\/df2aeffc32bcd13f8d26072ef8a91b623d677766deac7f97ca815868cd41bf5e?s=96&d=mm&r=g","width":96,"height":96,"caption":"NBAsturias"}},{"@type":"WebPage","@id":"https:\/\/eldigitaldeasturias.com\/radio\/teverga-rinde-homenaje-a-fernando-moran\/#webpage","url":"https:\/\/eldigitaldeasturias.com\/radio\/teverga-rinde-homenaje-a-fernando-moran\/","name":"Teverga rinde homenaje a Fernando Mor\u00e1n | El Digital de Asturias","description":"Teverga ha rendido un calurosos homenaje a Fernando Mor\u00e1n, principal impulsor del proyecto de conservaci\u00f3n de animales del Parque de la Prehistoria de Teverga","inLanguage":"es-ES","isPartOf":{"@id":"https:\/\/eldigitaldeasturias.com\/radio\/#website"},"breadcrumb":{"@id":"https:\/\/eldigitaldeasturias.com\/radio\/teverga-rinde-homenaje-a-fernando-moran\/#breadcrumblist"},"author":{"@id":"https:\/\/eldigitaldeasturias.com\/radio\/author\/nbasturias\/#author"},"creator":{"@id":"https:\/\/eldigitaldeasturias.com\/radio\/author\/nbasturias\/#author"},"image":{"@type":"ImageObject","url":"https:\/\/eldigitaldeasturias.com\/radio\/wp-content\/uploads\/2026\/09\/Teverga-rinde-homenaje-a-Fernando-Moran.jpg","@id":"https:\/\/eldigitaldeasturias.com\/radio\/teverga-rinde-homenaje-a-fernando-moran\/#mainImage","width":1136,"height":838,"caption":"Foto: Prensa Principado de Asturias"},"primaryImageOfPage":{"@id":"https:\/\/eldigitaldeasturias.com\/radio\/teverga-rinde-homenaje-a-fernando-moran\/#mainImage"},"datePublished":"2026-09-04T15:45:16+02:00","dateModified":"2026-09-04T15:45:16+02:00"},{"@type":"WebSite","@id":"https:\/\/eldigitaldeasturias.com\/radio\/#website","url":"https:\/\/eldigitaldeasturias.com\/radio\/","name":"El Digital de Asturias","description":"Diario de informaci\u00f3n y noticias","inLanguage":"es-ES","publisher":{"@id":"https:\/\/eldigitaldeasturias.com\/radio\/#organization"}}]},"og:locale":"es_ES","og:site_name":"El Digital de Asturias | Diario de informaci\u00f3n y noticias","og:type":"article","og:title":"Teverga rinde homenaje a Fernando Mor\u00e1n | El Digital de Asturias","og:description":"Teverga ha rendido un calurosos homenaje a Fernando Mor\u00e1n, principal impulsor del proyecto de conservaci\u00f3n de animales del Parque de la Prehistoria de Teverga","og:url":"https:\/\/eldigitaldeasturias.com\/radio\/teverga-rinde-homenaje-a-fernando-moran\/","og:image":"https:\/\/eldigitaldeasturias.com\/radio\/wp-content\/uploads\/2026\/09\/Teverga-rinde-homenaje-a-Fernando-Moran.jpg","og:image:secure_url":"https:\/\/eldigitaldeasturias.com\/radio\/wp-content\/uploads\/2026\/09\/Teverga-rinde-homenaje-a-Fernando-Moran.jpg","og:image:width":1136,"og:image:height":838,"article:published_time":"2026-09-04T13:45:16+00:00","article:modified_time":"2026-09-04T13:45:16+00:00","twitter:card":"summary_large_image","twitter:site":"@bercodi","twitter:title":"Teverga rinde homenaje a Fernando Mor\u00e1n | El Digital de Asturias","twitter:description":"Teverga ha rendido un calurosos homenaje a Fernando Mor\u00e1n, principal impulsor del proyecto de conservaci\u00f3n de animales del Parque de la Prehistoria de Teverga","twitter:creator":"@bercodi","twitter:image":"https:\/\/eldigitaldeasturias.com\/radio\/wp-content\/uploads\/2026\/09\/Teverga-rinde-homenaje-a-Fernando-Moran.jpg"},"aioseo_meta_data":{"post_id":"13086","title":null,"description":"Teverga ha rendido un calurosos homenaje a Fernando Mor\u00e1n, principal impulsor del proyecto de conservaci\u00f3n de animales del Parque de la Prehistoria de Teverga","keywords":null,"keyphrases":{"focus":{"keyphrase":"Teverga","score":0,"analysis":[]},"additional":[{"keyphrase":"homenaje a Fernando Mor\u00e1n","score":0}]},"primary_term":null,"canonical_url":null,"og_title":"#post_title #separator_sa #site_title","og_description":"Teverga ha rendido un calurosos homenaje a Fernando Mor\u00e1n, principal impulsor del proyecto de conservaci\u00f3n de animales del Parque de la Prehistoria de Teverga","og_object_type":"default","og_image_type":"default","og_image_url":null,"og_image_width":null,"og_image_height":null,"og_image_custom_url":null,"og_image_custom_fields":null,"og_video":"","og_custom_url":null,"og_article_section":null,"og_article_tags":null,"twitter_use_og":true,"twitter_card":"default","twitter_image_type":"default","twitter_image_url":null,"twitter_image_custom_url":null,"twitter_image_custom_fields":null,"twitter_title":null,"twitter_description":null,"schema":{"blockGraphs":[],"customGraphs":[],"default":{"data":{"Article":[],"Course":[],"Dataset":[],"FAQPage":[],"Movie":[],"Person":[],"Product":[],"ProductReview":[],"Car":[],"Recipe":[],"Service":[],"SoftwareApplication":[],"WebPage":[]},"graphName":"NewsArticle","isEnabled":true},"graphs":[]},"schema_type":"default","schema_type_options":null,"pillar_content":false,"robots_default":true,"robots_noindex":false,"robots_noarchive":false,"robots_nosnippet":false,"robots_nofollow":false,"robots_noimageindex":false,"robots_noodp":false,"robots_notranslate":false,"robots_max_snippet":"-1","robots_max_videopreview":"-1","robots_max_imagepreview":"large","priority":null,"frequency":"default","location":null,"local_seo":null,"seo_analyzer_scan_date":"2026-09-04 13:46:22","breadcrumb_settings":null,"limit_modified_date":false,"open_ai":null,"ai":{"faqs":[],"keyPoints":[],"schemas":[],"titles":[],"descriptions":[],"socialPosts":{"email":{"subject":"","preview":"","content":""},"linkedin":[],"twitter":[],"facebook":[],"instagram":[]}},"created":"2026-09-04 13:25:59","updated":"2026-09-04 14:29:26","focus_keyword":"Teverga","additional_keywords":[{"word":"homenaje a Fernando Mor\u00e1n","score":91,"items":{"introductionKeyword":{"score":9},"keyphraseLength":{"score":9},"keyphraseDensity":{"score":4},"functionWordsInKeyphrase":{"score":9},"textCompetingLinks":{"score":9},"imageKeyphrase":{"score":9}}}],"truseo_locale":null},"aioseo_breadcrumb":"<div class=\"aioseo-breadcrumbs\"><span class=\"aioseo-breadcrumb\">\n\t<a href=\"https:\/\/eldigitaldeasturias.com\/radio\" title=\"Inicio\">Inicio<\/a>\n<\/span><span class=\"aioseo-breadcrumb-separator\">&ndash;<\/span><span class=\"aioseo-breadcrumb\">\n\t<a href=\"https:\/\/eldigitaldeasturias.com\/radio\/category\/titulares\/\" title=\"Titulares\">Titulares<\/a>\n<\/span><span class=\"aioseo-breadcrumb-separator\">&ndash;<\/span><span class=\"aioseo-breadcrumb\">\n\tTeverga rinde homenaje a Fernando Mor\u00e1n\n<\/span><\/div>","aioseo_breadcrumb_json":[{"label":"Inicio","link":"https:\/\/eldigitaldeasturias.com\/radio"},{"label":"Titulares","link":"https:\/\/eldigitaldeasturias.com\/radio\/category\/titulares\/"},{"label":"Teverga rinde homenaje a Fernando Mor\u00e1n","link":"https:\/\/eldigitaldeasturias.com\/radio\/teverga-rinde-homenaje-a-fernando-moran\/"}],"_links":{"self":[{"href":"https:\/\/eldigitaldeasturias.com\/radio\/wp-json\/wp\/v2\/posts\/13086","targetHints":{"allow":["GET"]}}],"collection":[{"href":"https:\/\/eldigitaldeasturias.com\/radio\/wp-json\/wp\/v2\/posts"}],"about":[{"href":"https:\/\/eldigitaldeasturias.com\/radio\/wp-json\/wp\/v2\/types\/post"}],"author":[{"embeddable":true,"href":"https:\/\/eldigitaldeasturias.com\/radio\/wp-json\/wp\/v2\/users\/1"}],"replies":[{"embeddable":true,"href":"https:\/\/eldigitaldeasturias.com\/radio\/wp-json\/wp\/v2\/comments?post=13086"}],"version-history":[{"count":1,"href":"https:\/\/eldigitaldeasturias.com\/radio\/wp-json\/wp\/v2\/posts\/13086\/revisions"}],"predecessor-version":[{"id":13088,"href":"https:\/\/eldigitaldeasturias.com\/radio\/wp-json\/wp\/v2\/posts\/13086\/revisions\/13088"}],"wp:featuredmedia":[{"embeddable":true,"href":"https:\/\/eldigitaldeasturias.com\/radio\/wp-json\/wp\/v2\/media\/13087"}],"wp:attachment":[{"href":"https:\/\/eldigitaldeasturias.com\/radio\/wp-json\/wp\/v2\/media?parent=13086"}],"wp:term":[{"taxonomy":"category","embeddable":true,"href":"https:\/\/eldigitaldeasturias.com\/radio\/wp-json\/wp\/v2\/categories?post=13086"},{"taxonomy":"post_tag","embeddable":true,"href":"https:\/\/eldigitaldeasturias.com\/radio\/wp-json\/wp\/v2\/tags?post=13086"}],"curies":[{"name":"wp","href":"https:\/\/api.w.org\/{rel}","templated":true}]}}