{"id":13077,"date":"2026-09-01T07:38:51","date_gmt":"2026-09-01T05:38:51","guid":{"rendered":"https:\/\/eldigitaldeasturias.com\/radio\/?p=13077"},"modified":"2026-09-01T07:38:51","modified_gmt":"2026-09-01T05:38:51","slug":"el-deporte-personal-en-otono","status":"publish","type":"post","link":"https:\/\/eldigitaldeasturias.com\/radio\/el-deporte-personal-en-otono\/","title":{"rendered":"El deporte personal en oto\u00f1o"},"content":{"rendered":"<p>El oto\u00f1o invita a retomar el <a href=\"https:\/\/eldigitaldeasturias.com\/radio\/category\/deporte\/\"><span style=\"color: #ff6600;\"><strong>deporte<\/strong><\/span><\/a> con calma, sin prisas y con responsabilidad, buscando bienestar, actividad y h\u00e1bitos que encajen en un ritmo m\u00e1s estable tras el verano.<\/p>\n<figure id=\"attachment_13078\" aria-describedby=\"caption-attachment-13078\" style=\"width: 650px\" class=\"wp-caption aligncenter\"><img fetchpriority=\"high\" decoding=\"async\" class=\"size-large wp-image-13078\" src=\"https:\/\/eldigitaldeasturias.com\/radio\/wp-content\/uploads\/2026\/09\/El-deporte-personal-en-otono-650x427.jpg\" alt=\"El deporte personal en oto\u00f1o\" width=\"650\" height=\"427\" srcset=\"https:\/\/eldigitaldeasturias.com\/radio\/wp-content\/uploads\/2026\/09\/El-deporte-personal-en-otono-650x427.jpg 650w, https:\/\/eldigitaldeasturias.com\/radio\/wp-content\/uploads\/2026\/09\/El-deporte-personal-en-otono-360x237.jpg 360w, https:\/\/eldigitaldeasturias.com\/radio\/wp-content\/uploads\/2026\/09\/El-deporte-personal-en-otono-768x505.jpg 768w, https:\/\/eldigitaldeasturias.com\/radio\/wp-content\/uploads\/2026\/09\/El-deporte-personal-en-otono-150x99.jpg 150w, https:\/\/eldigitaldeasturias.com\/radio\/wp-content\/uploads\/2026\/09\/El-deporte-personal-en-otono-450x296.jpg 450w, https:\/\/eldigitaldeasturias.com\/radio\/wp-content\/uploads\/2026\/09\/El-deporte-personal-en-otono-1200x789.jpg 1200w, https:\/\/eldigitaldeasturias.com\/radio\/wp-content\/uploads\/2026\/09\/El-deporte-personal-en-otono.jpg 1261w\" sizes=\"(max-width: 650px) 100vw, 650px\" \/><figcaption id=\"caption-attachment-13078\" class=\"wp-caption-text\">Foto: .123rf.com<\/figcaption><\/figure>\n<h1><strong>Un nuevo comienzo dentro del mismo a\u00f1o<\/strong><\/h1>\n<p>El oto\u00f1o tiene algo especial: funciona como un segundo inicio. No es enero, pero se siente parecido. Despu\u00e9s del verano, con sus horarios flexibles y su ritmo m\u00e1s relajado, aparece ese momento en el que conviene volver a cuidarse. No hace falta plantearlo como un reto ni como una obligaci\u00f3n. Basta con verlo como una oportunidad para ajustar h\u00e1bitos y recuperar cierta estabilidad. El deporte, en este contexto, se convierte en una herramienta \u00fatil para sentirse mejor, mantener energ\u00eda y afrontar el d\u00eda con m\u00e1s claridad. No se trata de lograr resultados inmediatos, sino de construir una rutina que encaje con el ritmo del oto\u00f1o y que podamos mantener sin agobios.<\/p>\n<h2><strong>Volver al gimnasio sin presi\u00f3n<\/strong><\/h2>\n<p>La <a href=\"https:\/\/candas365.es\/noticias\/category\/deporte\/\" target=\"_blank\" rel=\"noopener\"><span style=\"color: #ff6600;\"><strong>vuelta al gimnasio<\/strong><\/span><\/a> despu\u00e9s del verano suele venir acompa\u00f1ada de expectativas demasiado altas. Pero no es necesario entrar en esa din\u00e1mica. Lo ideal es hacerlo de manera relajada, sin compararse con nadie y sin buscar cambios r\u00e1pidos. El gimnasio puede ser un espacio para moverse, desconectar y recuperar fuerza, no un escenario de exigencia. Entrar, hacer una sesi\u00f3n sencilla, probar m\u00e1quinas que hac\u00eda tiempo que no us\u00e1bamos o simplemente dedicar treinta minutos a mover el cuerpo ya es suficiente para empezar. El oto\u00f1o no pide intensidad, pide constancia. Y cuando el deporte se vive as\u00ed, como una parte m\u00e1s del d\u00eda, se convierte en algo sostenible. Lo importante es estar bien, no perseguir resultados que solo generan presi\u00f3n.<\/p>\n<h2><strong>Caminar, nadar y descubrir nuevas actividades<\/strong><\/h2>\n<p>El oto\u00f1o tambi\u00e9n es una buena \u00e9poca para actividades m\u00e1s tranquilas. Caminar, por ejemplo, tiene beneficios evidentes: ayuda a despejar la mente, mejora la circulaci\u00f3n y permite mantenerse activo sin esfuerzo excesivo. Adem\u00e1s, encaja bien con los d\u00edas m\u00e1s frescos. El senderismo es otra opci\u00f3n interesante. No hace falta grandes rutas; basta con elegir un camino c\u00f3modo y disfrutar del entorno. El simple hecho de moverse al aire libre aporta bienestar. Y si buscamos algo diferente, la piscina es una alternativa perfecta. Nadar es un ejercicio completo, suave y accesible, siempre con supervisi\u00f3n de socorristas para garantizar seguridad. El agua ayuda a trabajar el cuerpo sin impacto y permite entrenar incluso en d\u00edas en los que la energ\u00eda es menor. Cada actividad tiene su ritmo, y lo importante es elegir la que mejor encaje con nuestro momento.<\/p>\n<p>El deporte en oto\u00f1o no es una obligaci\u00f3n ni un desaf\u00edo. Es una forma de cuidarse, de mantenerse activo y de afrontar la rutina con m\u00e1s equilibrio. No hace falta grandes metas, solo constancia y responsabilidad. El deporte es vida y salud, y el oto\u00f1o ofrece el escenario perfecto para retomarlo sin prisa.<\/p>\n","protected":false},"excerpt":{"rendered":"<p>El oto\u00f1o invita a retomar el deporte con calma, sin prisas y con responsabilidad, buscando bienestar, actividad y h\u00e1bitos que encajen en un ritmo m\u00e1s estable tras el verano. Un nuevo comienzo dentro del mismo a\u00f1o El oto\u00f1o tiene algo especial: funciona como un segundo inicio. No es enero, pero se siente parecido. Despu\u00e9s del<\/p>\n","protected":false},"author":1,"featured_media":13078,"comment_status":"closed","ping_status":"closed","sticky":false,"template":"","format":"standard","meta":{"footnotes":""},"categories":[137],"tags":[17],"class_list":["post-13077","post","type-post","status-publish","format-standard","has-post-thumbnail","category-deporte","tag-deportes"],"aioseo_notices":[],"aioseo_head":"\n\t\t<!-- All in One SEO Pro 5.0.1.1 - aioseo.com -->\n\t<meta name=\"description\" content=\"El oto\u00f1o invita a retomar el deporte con calma, sin prisas y con responsabilidad, buscando bienestar, actividad y h\u00e1bitos que encajen en un ritmo m\u00e1s estable\" \/>\n\t<meta name=\"robots\" content=\"max-image-preview:large\" \/>\n\t<meta name=\"author\" content=\"NBAsturias\"\/>\n\t<meta name=\"google-site-verification\" content=\"UA-38556648-1\" \/>\n\t<meta name=\"keywords\" content=\"deporte\" \/>\n\t<link rel=\"canonical\" href=\"https:\/\/eldigitaldeasturias.com\/radio\/el-deporte-personal-en-otono\/\" \/>\n\t<meta name=\"generator\" content=\"All in One SEO Pro (AIOSEO) 5.0.1.1\" \/>\n\t\t<meta property=\"og:locale\" content=\"es_ES\" \/>\n\t\t<meta property=\"og:site_name\" content=\"El Digital de Asturias | Diario de informaci\u00f3n y noticias\" \/>\n\t\t<meta property=\"og:type\" content=\"article\" \/>\n\t\t<meta property=\"og:title\" content=\"El deporte personal en oto\u00f1o | El Digital de Asturias\" \/>\n\t\t<meta property=\"og:description\" content=\"El oto\u00f1o invita a retomar el deporte con calma, sin prisas y con responsabilidad, buscando bienestar, actividad y h\u00e1bitos que encajen en un ritmo m\u00e1s estable\" \/>\n\t\t<meta property=\"og:url\" content=\"https:\/\/eldigitaldeasturias.com\/radio\/el-deporte-personal-en-otono\/\" \/>\n\t\t<meta property=\"og:image\" content=\"https:\/\/eldigitaldeasturias.com\/radio\/wp-content\/uploads\/2026\/09\/El-deporte-personal-en-otono.jpg\" \/>\n\t\t<meta property=\"og:image:secure_url\" content=\"https:\/\/eldigitaldeasturias.com\/radio\/wp-content\/uploads\/2026\/09\/El-deporte-personal-en-otono.jpg\" \/>\n\t\t<meta property=\"og:image:width\" content=\"1261\" \/>\n\t\t<meta property=\"og:image:height\" content=\"829\" \/>\n\t\t<meta property=\"article:published_time\" content=\"2026-09-01T05:38:51+00:00\" \/>\n\t\t<meta property=\"article:modified_time\" content=\"2026-09-01T05:38:51+00:00\" \/>\n\t\t<meta name=\"twitter:card\" content=\"summary_large_image\" \/>\n\t\t<meta name=\"twitter:site\" content=\"@bercodi\" \/>\n\t\t<meta name=\"twitter:title\" content=\"El deporte personal en oto\u00f1o El Digital de Asturias\" \/>\n\t\t<meta name=\"twitter:description\" content=\"El oto\u00f1o invita a retomar el deporte con calma, sin prisas y con responsabilidad, buscando bienestar, actividad y h\u00e1bitos que encajen en un ritmo m\u00e1s estable\" \/>\n\t\t<meta name=\"twitter:creator\" content=\"@bercodi\" \/>\n\t\t<meta name=\"twitter:image\" content=\"https:\/\/eldigitaldeasturias.com\/radio\/wp-content\/uploads\/2026\/09\/El-deporte-personal-en-otono.jpg\" \/>\n\t\t<script type=\"application\/ld+json\" class=\"aioseo-schema\">\n\t\t\t{\"@context\":\"https:\\\/\\\/schema.org\",\"@graph\":[{\"@type\":\"BreadcrumbList\",\"@id\":\"https:\\\/\\\/eldigitaldeasturias.com\\\/radio\\\/el-deporte-personal-en-otono\\\/#breadcrumblist\",\"itemListElement\":[{\"@type\":\"ListItem\",\"@id\":\"https:\\\/\\\/eldigitaldeasturias.com\\\/radio#listItem\",\"position\":1,\"name\":\"Inicio\",\"item\":\"https:\\\/\\\/eldigitaldeasturias.com\\\/radio\",\"nextItem\":{\"@type\":\"ListItem\",\"@id\":\"https:\\\/\\\/eldigitaldeasturias.com\\\/radio\\\/category\\\/deporte\\\/#listItem\",\"name\":\"Deporte\"}},{\"@type\":\"ListItem\",\"@id\":\"https:\\\/\\\/eldigitaldeasturias.com\\\/radio\\\/category\\\/deporte\\\/#listItem\",\"position\":2,\"name\":\"Deporte\",\"item\":\"https:\\\/\\\/eldigitaldeasturias.com\\\/radio\\\/category\\\/deporte\\\/\",\"nextItem\":{\"@type\":\"ListItem\",\"@id\":\"https:\\\/\\\/eldigitaldeasturias.com\\\/radio\\\/el-deporte-personal-en-otono\\\/#listItem\",\"name\":\"El deporte personal en oto\\u00f1o\"},\"previousItem\":{\"@type\":\"ListItem\",\"@id\":\"https:\\\/\\\/eldigitaldeasturias.com\\\/radio#listItem\",\"name\":\"Inicio\"}},{\"@type\":\"ListItem\",\"@id\":\"https:\\\/\\\/eldigitaldeasturias.com\\\/radio\\\/el-deporte-personal-en-otono\\\/#listItem\",\"position\":3,\"name\":\"El deporte personal en oto\\u00f1o\",\"previousItem\":{\"@type\":\"ListItem\",\"@id\":\"https:\\\/\\\/eldigitaldeasturias.com\\\/radio\\\/category\\\/deporte\\\/#listItem\",\"name\":\"Deporte\"}}]},{\"@type\":\"NewsArticle\",\"@id\":\"https:\\\/\\\/eldigitaldeasturias.com\\\/radio\\\/el-deporte-personal-en-otono\\\/#newsarticle\",\"name\":\"El deporte personal en oto\\u00f1o | El Digital de Asturias\",\"headline\":\"El deporte personal en oto\\u00f1o\",\"author\":{\"@id\":\"https:\\\/\\\/eldigitaldeasturias.com\\\/radio\\\/author\\\/nbasturias\\\/#author\"},\"publisher\":{\"@id\":\"https:\\\/\\\/eldigitaldeasturias.com\\\/radio\\\/#organization\"},\"image\":{\"@type\":\"ImageObject\",\"url\":\"https:\\\/\\\/eldigitaldeasturias.com\\\/radio\\\/wp-content\\\/uploads\\\/2026\\\/09\\\/El-deporte-personal-en-otono.jpg\",\"width\":1261,\"height\":829,\"caption\":\"Foto: .123rf.com\"},\"datePublished\":\"2026-09-01T07:38:51+02:00\",\"dateModified\":\"2026-09-01T07:38:51+02:00\",\"inLanguage\":\"es-ES\",\"mainEntityOfPage\":{\"@id\":\"https:\\\/\\\/eldigitaldeasturias.com\\\/radio\\\/el-deporte-personal-en-otono\\\/#webpage\"},\"isPartOf\":{\"@id\":\"https:\\\/\\\/eldigitaldeasturias.com\\\/radio\\\/el-deporte-personal-en-otono\\\/#webpage\"},\"articleSection\":\"Deporte, deportes\",\"dateline\":\"Publicado el septiembre 1, 2026.\"},{\"@type\":\"Organization\",\"@id\":\"https:\\\/\\\/eldigitaldeasturias.com\\\/radio\\\/#organization\",\"name\":\"El digital de Asturias Radio\",\"description\":\"Diario de informaci\\u00f3n y noticias\",\"url\":\"https:\\\/\\\/eldigitaldeasturias.com\\\/radio\\\/\",\"telephone\":\"+34652131393\",\"logo\":{\"@type\":\"ImageObject\",\"url\":\"https:\\\/\\\/www.eldigitaldeasturias.com\\\/radio\\\/wp-content\\\/uploads\\\/2021\\\/03\\\/EDA.jpg\",\"@id\":\"https:\\\/\\\/eldigitaldeasturias.com\\\/radio\\\/el-deporte-personal-en-otono\\\/#organizationLogo\"},\"image\":{\"@id\":\"https:\\\/\\\/eldigitaldeasturias.com\\\/radio\\\/el-deporte-personal-en-otono\\\/#organizationLogo\"},\"sameAs\":[\"https:\\\/\\\/www.facebook.com\\\/\",\"https:\\\/\\\/x.com\\\/bercodi\",\"https:\\\/\\\/www.instagram.com\\\/\",\"https:\\\/\\\/www.youtube.com\\\/channel\\\/UCZP-2wLEB9Rv6erhFmqVnvg\"]},{\"@type\":\"Person\",\"@id\":\"https:\\\/\\\/eldigitaldeasturias.com\\\/radio\\\/author\\\/nbasturias\\\/#author\",\"url\":\"https:\\\/\\\/eldigitaldeasturias.com\\\/radio\\\/author\\\/nbasturias\\\/\",\"name\":\"NBAsturias\",\"image\":{\"@type\":\"ImageObject\",\"@id\":\"https:\\\/\\\/eldigitaldeasturias.com\\\/radio\\\/el-deporte-personal-en-otono\\\/#authorImage\",\"url\":\"https:\\\/\\\/secure.gravatar.com\\\/avatar\\\/df2aeffc32bcd13f8d26072ef8a91b623d677766deac7f97ca815868cd41bf5e?s=96&d=mm&r=g\",\"width\":96,\"height\":96,\"caption\":\"NBAsturias\"}},{\"@type\":\"WebPage\",\"@id\":\"https:\\\/\\\/eldigitaldeasturias.com\\\/radio\\\/el-deporte-personal-en-otono\\\/#webpage\",\"url\":\"https:\\\/\\\/eldigitaldeasturias.com\\\/radio\\\/el-deporte-personal-en-otono\\\/\",\"name\":\"El deporte personal en oto\\u00f1o | El Digital de Asturias\",\"description\":\"El oto\\u00f1o invita a retomar el deporte con calma, sin prisas y con responsabilidad, buscando bienestar, actividad y h\\u00e1bitos que encajen en un ritmo m\\u00e1s estable\",\"inLanguage\":\"es-ES\",\"isPartOf\":{\"@id\":\"https:\\\/\\\/eldigitaldeasturias.com\\\/radio\\\/#website\"},\"breadcrumb\":{\"@id\":\"https:\\\/\\\/eldigitaldeasturias.com\\\/radio\\\/el-deporte-personal-en-otono\\\/#breadcrumblist\"},\"author\":{\"@id\":\"https:\\\/\\\/eldigitaldeasturias.com\\\/radio\\\/author\\\/nbasturias\\\/#author\"},\"creator\":{\"@id\":\"https:\\\/\\\/eldigitaldeasturias.com\\\/radio\\\/author\\\/nbasturias\\\/#author\"},\"image\":{\"@type\":\"ImageObject\",\"url\":\"https:\\\/\\\/eldigitaldeasturias.com\\\/radio\\\/wp-content\\\/uploads\\\/2026\\\/09\\\/El-deporte-personal-en-otono.jpg\",\"@id\":\"https:\\\/\\\/eldigitaldeasturias.com\\\/radio\\\/el-deporte-personal-en-otono\\\/#mainImage\",\"width\":1261,\"height\":829,\"caption\":\"Foto: .123rf.com\"},\"primaryImageOfPage\":{\"@id\":\"https:\\\/\\\/eldigitaldeasturias.com\\\/radio\\\/el-deporte-personal-en-otono\\\/#mainImage\"},\"datePublished\":\"2026-09-01T07:38:51+02:00\",\"dateModified\":\"2026-09-01T07:38:51+02:00\"},{\"@type\":\"WebSite\",\"@id\":\"https:\\\/\\\/eldigitaldeasturias.com\\\/radio\\\/#website\",\"url\":\"https:\\\/\\\/eldigitaldeasturias.com\\\/radio\\\/\",\"name\":\"El Digital de Asturias\",\"description\":\"Diario de informaci\\u00f3n y noticias\",\"inLanguage\":\"es-ES\",\"publisher\":{\"@id\":\"https:\\\/\\\/eldigitaldeasturias.com\\\/radio\\\/#organization\"}}]}\n\t\t<\/script>\n\t\t<!-- All in One SEO Pro -->\r\n\t\t<title>El deporte personal en oto\u00f1o | El Digital de Asturias<\/title>\n\n","aioseo_head_json":{"title":"El deporte personal en oto\u00f1o | El Digital de Asturias","description":"El oto\u00f1o invita a retomar el deporte con calma, sin prisas y con responsabilidad, buscando bienestar, actividad y h\u00e1bitos que encajen en un ritmo m\u00e1s estable","canonical_url":"https:\/\/eldigitaldeasturias.com\/radio\/el-deporte-personal-en-otono\/","robots":"max-image-preview:large","keywords":"deporte","webmasterTools":{"google-site-verification":"UA-38556648-1","miscellaneous":""},"schema":{"@context":"https:\/\/schema.org","@graph":[{"@type":"BreadcrumbList","@id":"https:\/\/eldigitaldeasturias.com\/radio\/el-deporte-personal-en-otono\/#breadcrumblist","itemListElement":[{"@type":"ListItem","@id":"https:\/\/eldigitaldeasturias.com\/radio#listItem","position":1,"name":"Inicio","item":"https:\/\/eldigitaldeasturias.com\/radio","nextItem":{"@type":"ListItem","@id":"https:\/\/eldigitaldeasturias.com\/radio\/category\/deporte\/#listItem","name":"Deporte"}},{"@type":"ListItem","@id":"https:\/\/eldigitaldeasturias.com\/radio\/category\/deporte\/#listItem","position":2,"name":"Deporte","item":"https:\/\/eldigitaldeasturias.com\/radio\/category\/deporte\/","nextItem":{"@type":"ListItem","@id":"https:\/\/eldigitaldeasturias.com\/radio\/el-deporte-personal-en-otono\/#listItem","name":"El deporte personal en oto\u00f1o"},"previousItem":{"@type":"ListItem","@id":"https:\/\/eldigitaldeasturias.com\/radio#listItem","name":"Inicio"}},{"@type":"ListItem","@id":"https:\/\/eldigitaldeasturias.com\/radio\/el-deporte-personal-en-otono\/#listItem","position":3,"name":"El deporte personal en oto\u00f1o","previousItem":{"@type":"ListItem","@id":"https:\/\/eldigitaldeasturias.com\/radio\/category\/deporte\/#listItem","name":"Deporte"}}]},{"@type":"NewsArticle","@id":"https:\/\/eldigitaldeasturias.com\/radio\/el-deporte-personal-en-otono\/#newsarticle","name":"El deporte personal en oto\u00f1o | El Digital de Asturias","headline":"El deporte personal en oto\u00f1o","author":{"@id":"https:\/\/eldigitaldeasturias.com\/radio\/author\/nbasturias\/#author"},"publisher":{"@id":"https:\/\/eldigitaldeasturias.com\/radio\/#organization"},"image":{"@type":"ImageObject","url":"https:\/\/eldigitaldeasturias.com\/radio\/wp-content\/uploads\/2026\/09\/El-deporte-personal-en-otono.jpg","width":1261,"height":829,"caption":"Foto: .123rf.com"},"datePublished":"2026-09-01T07:38:51+02:00","dateModified":"2026-09-01T07:38:51+02:00","inLanguage":"es-ES","mainEntityOfPage":{"@id":"https:\/\/eldigitaldeasturias.com\/radio\/el-deporte-personal-en-otono\/#webpage"},"isPartOf":{"@id":"https:\/\/eldigitaldeasturias.com\/radio\/el-deporte-personal-en-otono\/#webpage"},"articleSection":"Deporte, deportes","dateline":"Publicado el septiembre 1, 2026."},{"@type":"Organization","@id":"https:\/\/eldigitaldeasturias.com\/radio\/#organization","name":"El digital de Asturias Radio","description":"Diario de informaci\u00f3n y noticias","url":"https:\/\/eldigitaldeasturias.com\/radio\/","telephone":"+34652131393","logo":{"@type":"ImageObject","url":"https:\/\/www.eldigitaldeasturias.com\/radio\/wp-content\/uploads\/2021\/03\/EDA.jpg","@id":"https:\/\/eldigitaldeasturias.com\/radio\/el-deporte-personal-en-otono\/#organizationLogo"},"image":{"@id":"https:\/\/eldigitaldeasturias.com\/radio\/el-deporte-personal-en-otono\/#organizationLogo"},"sameAs":["https:\/\/www.facebook.com\/","https:\/\/x.com\/bercodi","https:\/\/www.instagram.com\/","https:\/\/www.youtube.com\/channel\/UCZP-2wLEB9Rv6erhFmqVnvg"]},{"@type":"Person","@id":"https:\/\/eldigitaldeasturias.com\/radio\/author\/nbasturias\/#author","url":"https:\/\/eldigitaldeasturias.com\/radio\/author\/nbasturias\/","name":"NBAsturias","image":{"@type":"ImageObject","@id":"https:\/\/eldigitaldeasturias.com\/radio\/el-deporte-personal-en-otono\/#authorImage","url":"https:\/\/secure.gravatar.com\/avatar\/df2aeffc32bcd13f8d26072ef8a91b623d677766deac7f97ca815868cd41bf5e?s=96&d=mm&r=g","width":96,"height":96,"caption":"NBAsturias"}},{"@type":"WebPage","@id":"https:\/\/eldigitaldeasturias.com\/radio\/el-deporte-personal-en-otono\/#webpage","url":"https:\/\/eldigitaldeasturias.com\/radio\/el-deporte-personal-en-otono\/","name":"El deporte personal en oto\u00f1o | El Digital de Asturias","description":"El oto\u00f1o invita a retomar el deporte con calma, sin prisas y con responsabilidad, buscando bienestar, actividad y h\u00e1bitos que encajen en un ritmo m\u00e1s estable","inLanguage":"es-ES","isPartOf":{"@id":"https:\/\/eldigitaldeasturias.com\/radio\/#website"},"breadcrumb":{"@id":"https:\/\/eldigitaldeasturias.com\/radio\/el-deporte-personal-en-otono\/#breadcrumblist"},"author":{"@id":"https:\/\/eldigitaldeasturias.com\/radio\/author\/nbasturias\/#author"},"creator":{"@id":"https:\/\/eldigitaldeasturias.com\/radio\/author\/nbasturias\/#author"},"image":{"@type":"ImageObject","url":"https:\/\/eldigitaldeasturias.com\/radio\/wp-content\/uploads\/2026\/09\/El-deporte-personal-en-otono.jpg","@id":"https:\/\/eldigitaldeasturias.com\/radio\/el-deporte-personal-en-otono\/#mainImage","width":1261,"height":829,"caption":"Foto: .123rf.com"},"primaryImageOfPage":{"@id":"https:\/\/eldigitaldeasturias.com\/radio\/el-deporte-personal-en-otono\/#mainImage"},"datePublished":"2026-09-01T07:38:51+02:00","dateModified":"2026-09-01T07:38:51+02:00"},{"@type":"WebSite","@id":"https:\/\/eldigitaldeasturias.com\/radio\/#website","url":"https:\/\/eldigitaldeasturias.com\/radio\/","name":"El Digital de Asturias","description":"Diario de informaci\u00f3n y noticias","inLanguage":"es-ES","publisher":{"@id":"https:\/\/eldigitaldeasturias.com\/radio\/#organization"}}]},"og:locale":"es_ES","og:site_name":"El Digital de Asturias | Diario de informaci\u00f3n y noticias","og:type":"article","og:title":"El deporte personal en oto\u00f1o | El Digital de Asturias","og:description":"El oto\u00f1o invita a retomar el deporte con calma, sin prisas y con responsabilidad, buscando bienestar, actividad y h\u00e1bitos que encajen en un ritmo m\u00e1s estable","og:url":"https:\/\/eldigitaldeasturias.com\/radio\/el-deporte-personal-en-otono\/","og:image":"https:\/\/eldigitaldeasturias.com\/radio\/wp-content\/uploads\/2026\/09\/El-deporte-personal-en-otono.jpg","og:image:secure_url":"https:\/\/eldigitaldeasturias.com\/radio\/wp-content\/uploads\/2026\/09\/El-deporte-personal-en-otono.jpg","og:image:width":1261,"og:image:height":829,"article:published_time":"2026-09-01T05:38:51+00:00","article:modified_time":"2026-09-01T05:38:51+00:00","twitter:card":"summary_large_image","twitter:site":"@bercodi","twitter:title":"El deporte personal en oto\u00f1o El Digital de Asturias","twitter:description":"El oto\u00f1o invita a retomar el deporte con calma, sin prisas y con responsabilidad, buscando bienestar, actividad y h\u00e1bitos que encajen en un ritmo m\u00e1s estable","twitter:creator":"@bercodi","twitter:image":"https:\/\/eldigitaldeasturias.com\/radio\/wp-content\/uploads\/2026\/09\/El-deporte-personal-en-otono.jpg"},"aioseo_meta_data":{"post_id":"13077","title":null,"description":"El oto\u00f1o invita a retomar el deporte con calma, sin prisas y con responsabilidad, buscando bienestar, actividad y h\u00e1bitos que encajen en un ritmo m\u00e1s estable","keywords":null,"keyphrases":{"focus":{"keyphrase":"deporte en oto\u00f1o","score":0,"analysis":[]},"additional":[{"keyphrase":"deporte personal","score":0}]},"primary_term":null,"canonical_url":null,"og_title":"#post_title #separator_sa #site_title","og_description":"El oto\u00f1o invita a retomar el deporte con calma, sin prisas y con responsabilidad, buscando bienestar, actividad y h\u00e1bitos que encajen en un ritmo m\u00e1s estable","og_object_type":"default","og_image_type":"default","og_image_url":null,"og_image_width":null,"og_image_height":null,"og_image_custom_url":null,"og_image_custom_fields":null,"og_video":"","og_custom_url":null,"og_article_section":null,"og_article_tags":null,"twitter_use_og":false,"twitter_card":"default","twitter_image_type":"default","twitter_image_url":null,"twitter_image_custom_url":null,"twitter_image_custom_fields":null,"twitter_title":"#post_title #site_title","twitter_description":"El oto\u00f1o invita a retomar el deporte con calma, sin prisas y con responsabilidad, buscando bienestar, actividad y h\u00e1bitos que encajen en un ritmo m\u00e1s estable","schema":{"blockGraphs":[],"customGraphs":[],"default":{"data":{"Article":[],"Course":[],"Dataset":[],"FAQPage":[],"Movie":[],"Person":[],"Product":[],"ProductReview":[],"Car":[],"Recipe":[],"Service":[],"SoftwareApplication":[],"WebPage":[]},"graphName":"NewsArticle","isEnabled":true},"graphs":[]},"schema_type":"default","schema_type_options":null,"pillar_content":false,"robots_default":true,"robots_noindex":false,"robots_noarchive":false,"robots_nosnippet":false,"robots_nofollow":false,"robots_noimageindex":false,"robots_noodp":false,"robots_notranslate":false,"robots_max_snippet":"-1","robots_max_videopreview":"-1","robots_max_imagepreview":"large","priority":null,"frequency":"default","location":null,"local_seo":null,"seo_analyzer_scan_date":"2026-09-01 05:38:58","breadcrumb_settings":null,"limit_modified_date":false,"open_ai":null,"ai":{"faqs":[],"keyPoints":[],"schemas":[],"titles":[],"descriptions":[],"socialPosts":{"email":{"subject":"","preview":"","content":""},"linkedin":[],"twitter":[],"facebook":[],"instagram":[]}},"created":"2026-09-01 05:28:29","updated":"2026-09-01 05:46:08","focus_keyword":"deporte en oto\u00f1o","additional_keywords":[{"word":"deporte personal","score":80,"items":{"introductionKeyword":{"score":3},"keyphraseLength":{"score":9},"keyphraseDensity":{"score":4},"functionWordsInKeyphrase":{"score":9},"textCompetingLinks":{"score":9},"imageKeyphrase":{"score":9}}}],"truseo_locale":null},"aioseo_breadcrumb":"<div class=\"aioseo-breadcrumbs\"><span class=\"aioseo-breadcrumb\">\n\t<a href=\"https:\/\/eldigitaldeasturias.com\/radio\" title=\"Inicio\">Inicio<\/a>\n<\/span><span class=\"aioseo-breadcrumb-separator\">&ndash;<\/span><span class=\"aioseo-breadcrumb\">\n\t<a href=\"https:\/\/eldigitaldeasturias.com\/radio\/category\/deporte\/\" title=\"Deporte\">Deporte<\/a>\n<\/span><span class=\"aioseo-breadcrumb-separator\">&ndash;<\/span><span class=\"aioseo-breadcrumb\">\n\tEl deporte personal en oto\u00f1o\n<\/span><\/div>","aioseo_breadcrumb_json":[{"label":"Inicio","link":"https:\/\/eldigitaldeasturias.com\/radio"},{"label":"Deporte","link":"https:\/\/eldigitaldeasturias.com\/radio\/category\/deporte\/"},{"label":"El deporte personal en oto\u00f1o","link":"https:\/\/eldigitaldeasturias.com\/radio\/el-deporte-personal-en-otono\/"}],"_links":{"self":[{"href":"https:\/\/eldigitaldeasturias.com\/radio\/wp-json\/wp\/v2\/posts\/13077","targetHints":{"allow":["GET"]}}],"collection":[{"href":"https:\/\/eldigitaldeasturias.com\/radio\/wp-json\/wp\/v2\/posts"}],"about":[{"href":"https:\/\/eldigitaldeasturias.com\/radio\/wp-json\/wp\/v2\/types\/post"}],"author":[{"embeddable":true,"href":"https:\/\/eldigitaldeasturias.com\/radio\/wp-json\/wp\/v2\/users\/1"}],"replies":[{"embeddable":true,"href":"https:\/\/eldigitaldeasturias.com\/radio\/wp-json\/wp\/v2\/comments?post=13077"}],"version-history":[{"count":1,"href":"https:\/\/eldigitaldeasturias.com\/radio\/wp-json\/wp\/v2\/posts\/13077\/revisions"}],"predecessor-version":[{"id":13079,"href":"https:\/\/eldigitaldeasturias.com\/radio\/wp-json\/wp\/v2\/posts\/13077\/revisions\/13079"}],"wp:featuredmedia":[{"embeddable":true,"href":"https:\/\/eldigitaldeasturias.com\/radio\/wp-json\/wp\/v2\/media\/13078"}],"wp:attachment":[{"href":"https:\/\/eldigitaldeasturias.com\/radio\/wp-json\/wp\/v2\/media?parent=13077"}],"wp:term":[{"taxonomy":"category","embeddable":true,"href":"https:\/\/eldigitaldeasturias.com\/radio\/wp-json\/wp\/v2\/categories?post=13077"},{"taxonomy":"post_tag","embeddable":true,"href":"https:\/\/eldigitaldeasturias.com\/radio\/wp-json\/wp\/v2\/tags?post=13077"}],"curies":[{"name":"wp","href":"https:\/\/api.w.org\/{rel}","templated":true}]}}