{"id":13074,"date":"2026-09-01T07:22:25","date_gmt":"2026-09-01T05:22:25","guid":{"rendered":"https:\/\/eldigitaldeasturias.com\/radio\/?p=13074"},"modified":"2026-09-01T07:22:25","modified_gmt":"2026-09-01T05:22:25","slug":"el-desayuno-con-calma","status":"publish","type":"post","link":"https:\/\/eldigitaldeasturias.com\/radio\/el-desayuno-con-calma\/","title":{"rendered":"El desayuno con calma"},"content":{"rendered":"<p>El <a href=\"https:\/\/eldigitaldeasturias.com\/radio\/category\/gastronomia\/\"><span style=\"color: #ff6600;\"><strong>desayuno<\/strong><\/span><\/a> no es solo comer algo r\u00e1pido antes de salir. Es el primer ritual del d\u00eda. Y cuando se hace con calma, cambia el tono de todas las horas que vendr\u00e1n despu\u00e9s de ese rato.<\/p>\n<figure id=\"attachment_13075\" aria-describedby=\"caption-attachment-13075\" style=\"width: 650px\" class=\"wp-caption aligncenter\"><img fetchpriority=\"high\" decoding=\"async\" class=\"size-large wp-image-13075\" src=\"https:\/\/eldigitaldeasturias.com\/radio\/wp-content\/uploads\/2026\/09\/El-desayuno-con-calma-650x432.jpg\" alt=\"El desayuno con calma\" width=\"650\" height=\"432\" srcset=\"https:\/\/eldigitaldeasturias.com\/radio\/wp-content\/uploads\/2026\/09\/El-desayuno-con-calma-650x432.jpg 650w, https:\/\/eldigitaldeasturias.com\/radio\/wp-content\/uploads\/2026\/09\/El-desayuno-con-calma-360x239.jpg 360w, https:\/\/eldigitaldeasturias.com\/radio\/wp-content\/uploads\/2026\/09\/El-desayuno-con-calma-768x510.jpg 768w, https:\/\/eldigitaldeasturias.com\/radio\/wp-content\/uploads\/2026\/09\/El-desayuno-con-calma-150x100.jpg 150w, https:\/\/eldigitaldeasturias.com\/radio\/wp-content\/uploads\/2026\/09\/El-desayuno-con-calma-450x299.jpg 450w, https:\/\/eldigitaldeasturias.com\/radio\/wp-content\/uploads\/2026\/09\/El-desayuno-con-calma-1200x797.jpg 1200w, https:\/\/eldigitaldeasturias.com\/radio\/wp-content\/uploads\/2026\/09\/El-desayuno-con-calma.jpg 1263w\" sizes=\"(max-width: 650px) 100vw, 650px\" \/><figcaption id=\"caption-attachment-13075\" class=\"wp-caption-text\">foto: 123rf.com<\/figcaption><\/figure>\n<h1 dir=\"ltr\">Antes de comer, ya empez\u00f3 el ritual<\/h1>\n<p dir=\"ltr\">Levantarse no es solo abrir los ojos. Es tambi\u00e9n el minuto siguiente. Estirarse, poner los pies en el suelo, encender la luz o abrir la ventana. Peque\u00f1os gestos que muchas personas se saltan, con prisa, sin darles ning\u00fan peso.<\/p>\n<p dir=\"ltr\">Hacer las tareas b\u00e1sicas antes de sentarse a desayunar cambia algo. Ordena la cabeza. Da la sensaci\u00f3n de que el d\u00eda ya empez\u00f3 con cierto control, aunque sea m\u00ednimo. Y esa sensaci\u00f3n, por peque\u00f1a que parezca, se nota despu\u00e9s en todo lo dem\u00e1s.<\/p>\n<p dir=\"ltr\"><strong>El desayuno, entonces, no llega como una obligaci\u00f3n aislada<\/strong>. Llega como continuaci\u00f3n de algo. Como un momento que se ha ganado, no que simplemente ocurre porque el reloj lo marca.<\/p>\n<p dir=\"ltr\">Y eso, aunque suene simple, no es poca cosa. Hay d\u00edas en que ese peque\u00f1o orden inicial es lo \u00fanico que sostiene el resto de la ma\u00f1ana en pie.<\/p>\n<h2 dir=\"ltr\">Lo que se come importa menos que c\u00f3mo se come<\/h2>\n<p dir=\"ltr\">Aqu\u00ed conviene no perderse en detalles innecesarios. No hace falta hablar de qu\u00e9 desayunar, ni de qu\u00e9 es mejor o peor. Cada quien tiene sus gustos, sus horarios, sus costumbres. Eso no es lo importante.<\/p>\n<p dir=\"ltr\">Lo importante es el ritmo. Sentarse, aunque sea diez minutos. Masticar sin prisa. Notar el sabor de lo que se est\u00e1 comiendo, en vez de tragar mientras la cabeza ya est\u00e1 en otra parte, resolviendo mentalmente la reuni\u00f3n de las nueve.<\/p>\n<p dir=\"ltr\">El m\u00f3vil, en este punto, se vuelve el gran enemigo silencioso. Basta con mirarlo una vez para que el desayuno deje de existir como experiencia. Se convierte en un fondo borroso mientras los ojos est\u00e1n en la pantalla. La notificaci\u00f3n, el mensaje, el titular que distrae: todo eso puede esperar unos minutos m\u00e1s.<\/p>\n<p dir=\"ltr\">Dejarlo a un lado, aunque sea f\u00edsicamente en otra habitaci\u00f3n, cambia por completo la calidad de ese rato. El cuerpo come, pero la mente tambi\u00e9n descansa, algo que casi nunca sucede en el resto del d\u00eda.<\/p>\n<p dir=\"ltr\">Ni siquiera hace falta un gesto dram\u00e1tico. Basta con dejarlo cargando en otra habitaci\u00f3n, o simplemente boca abajo sobre la mesa, para que la tentaci\u00f3n pese menos.<\/p>\n<h1 dir=\"ltr\">Desayunar acompa\u00f1ado, prestar atenci\u00f3n de verdad<\/h1>\n<p dir=\"ltr\">Cuando el desayuno se comparte con otras personas, en casa, con la familia, aparece otra capa distinta. Ya no es solo un momento personal de calma. Es tambi\u00e9n una oportunidad de conexi\u00f3n que, muchas veces, se desperdicia sin darse cuenta.<\/p>\n<p dir=\"ltr\">Preguntar c\u00f3mo durmi\u00f3 alguien. <span style=\"color: #ff6600;\"><a style=\"color: #ff6600;\" href=\"https:\/\/candas365.es\/noticias\/category\/sociedad\/\" target=\"_blank\" rel=\"noopener\"><strong>Escuchar<\/strong><\/a><\/span>, aunque sea brevemente, qu\u00e9 tiene planeado ese d\u00eda. Re\u00edrse de algo tonto que pas\u00f3 la noche anterior. Son gestos peque\u00f1os, casi autom\u00e1ticos, pero que construyen algo m\u00e1s grande con el tiempo: la sensaci\u00f3n de que en esa casa la gente realmente se mira.<\/p>\n<p dir=\"ltr\">No hace falta una conversaci\u00f3n profunda cada ma\u00f1ana. A veces basta con un comentario sobre el clima, o con preguntar si alguien durmi\u00f3 bien, para que la mesa deje de sentirse como cuatro personas comiendo en silencio, cada una en su propio mundo.<\/p>\n<p dir=\"ltr\">Mostrar inter\u00e9s real, aunque sea por cinco minutos, vale m\u00e1s que muchas conversaciones largas hechas sin atenci\u00f3n. Los ni\u00f1os, sobre todo, notan enseguida cu\u00e1ndo alguien les habla de verdad y cu\u00e1ndo solo responde por cortes\u00eda mientras piensa en otra cosa.<\/p>\n<p dir=\"ltr\"><strong>Al final, el desayuno con calma no depende de lo que hay en la mesa<\/strong>. Depende de c\u00f3mo se llega a ella, de qu\u00e9 se hace mientras se est\u00e1 sentado, y de si esos minutos se aprovechan para estar presente o simplemente se dejan pasar como un tr\u00e1mite m\u00e1s. Un ritual peque\u00f1o, repetido cada ma\u00f1ana, termina pesando m\u00e1s de lo que parece en c\u00f3mo transcurre el resto del d\u00eda.<\/p>\n","protected":false},"excerpt":{"rendered":"<p>El desayuno no es solo comer algo r\u00e1pido antes de salir. Es el primer ritual del d\u00eda. Y cuando se hace con calma, cambia el tono de todas las horas que vendr\u00e1n despu\u00e9s de ese rato. Antes de comer, ya empez\u00f3 el ritual Levantarse no es solo abrir los ojos. Es tambi\u00e9n el minuto siguiente.<\/p>\n","protected":false},"author":1,"featured_media":13075,"comment_status":"closed","ping_status":"closed","sticky":false,"template":"","format":"standard","meta":{"footnotes":""},"categories":[38],"tags":[45],"class_list":["post-13074","post","type-post","status-publish","format-standard","has-post-thumbnail","category-live","tag-sociedad"],"aioseo_notices":[],"aioseo_head":"\n\t\t<!-- All in One SEO Pro 5.0.1.1 - aioseo.com -->\n\t<meta name=\"description\" content=\"El desayuno no es solo comer algo r\u00e1pido antes de salir. Es el primer ritual del d\u00eda. Y cuando se hace con calma, cambia el tono de todas las horas que vendr\u00e1n\" \/>\n\t<meta name=\"robots\" content=\"max-image-preview:large\" \/>\n\t<meta name=\"author\" content=\"NBAsturias\"\/>\n\t<meta name=\"google-site-verification\" content=\"UA-38556648-1\" \/>\n\t<meta name=\"keywords\" content=\"live\" \/>\n\t<link rel=\"canonical\" href=\"https:\/\/eldigitaldeasturias.com\/radio\/el-desayuno-con-calma\/\" \/>\n\t<meta name=\"generator\" content=\"All in One SEO Pro (AIOSEO) 5.0.1.1\" \/>\n\t\t<meta property=\"og:locale\" content=\"es_ES\" \/>\n\t\t<meta property=\"og:site_name\" content=\"El Digital de Asturias | Diario de informaci\u00f3n y noticias\" \/>\n\t\t<meta property=\"og:type\" content=\"article\" \/>\n\t\t<meta property=\"og:title\" content=\"El desayuno con calma | El Digital de Asturias\" \/>\n\t\t<meta property=\"og:description\" content=\"El desayuno no es solo comer algo r\u00e1pido antes de salir. Es el primer ritual del d\u00eda. Y cuando se hace con calma, cambia el tono de todas las horas que vendr\u00e1n\" \/>\n\t\t<meta property=\"og:url\" content=\"https:\/\/eldigitaldeasturias.com\/radio\/el-desayuno-con-calma\/\" \/>\n\t\t<meta property=\"og:image\" content=\"https:\/\/eldigitaldeasturias.com\/radio\/wp-content\/uploads\/2026\/09\/El-desayuno-con-calma.jpg\" \/>\n\t\t<meta property=\"og:image:secure_url\" content=\"https:\/\/eldigitaldeasturias.com\/radio\/wp-content\/uploads\/2026\/09\/El-desayuno-con-calma.jpg\" \/>\n\t\t<meta property=\"og:image:width\" content=\"1263\" \/>\n\t\t<meta property=\"og:image:height\" content=\"839\" \/>\n\t\t<meta property=\"article:published_time\" content=\"2026-09-01T05:22:25+00:00\" \/>\n\t\t<meta property=\"article:modified_time\" content=\"2026-09-01T05:22:25+00:00\" \/>\n\t\t<meta name=\"twitter:card\" content=\"summary_large_image\" \/>\n\t\t<meta name=\"twitter:site\" content=\"@bercodi\" \/>\n\t\t<meta name=\"twitter:title\" content=\"El desayuno con calma | El Digital de Asturias\" \/>\n\t\t<meta name=\"twitter:description\" content=\"El desayuno no es solo comer algo r\u00e1pido antes de salir. Es el primer ritual del d\u00eda. Y cuando se hace con calma, cambia el tono de todas las horas que vendr\u00e1n\" \/>\n\t\t<meta name=\"twitter:creator\" content=\"@bercodi\" \/>\n\t\t<meta name=\"twitter:image\" content=\"https:\/\/eldigitaldeasturias.com\/radio\/wp-content\/uploads\/2026\/09\/El-desayuno-con-calma.jpg\" \/>\n\t\t<script type=\"application\/ld+json\" class=\"aioseo-schema\">\n\t\t\t{\"@context\":\"https:\\\/\\\/schema.org\",\"@graph\":[{\"@type\":\"BreadcrumbList\",\"@id\":\"https:\\\/\\\/eldigitaldeasturias.com\\\/radio\\\/el-desayuno-con-calma\\\/#breadcrumblist\",\"itemListElement\":[{\"@type\":\"ListItem\",\"@id\":\"https:\\\/\\\/eldigitaldeasturias.com\\\/radio#listItem\",\"position\":1,\"name\":\"Inicio\",\"item\":\"https:\\\/\\\/eldigitaldeasturias.com\\\/radio\",\"nextItem\":{\"@type\":\"ListItem\",\"@id\":\"https:\\\/\\\/eldigitaldeasturias.com\\\/radio\\\/category\\\/live\\\/#listItem\",\"name\":\"Live\"}},{\"@type\":\"ListItem\",\"@id\":\"https:\\\/\\\/eldigitaldeasturias.com\\\/radio\\\/category\\\/live\\\/#listItem\",\"position\":2,\"name\":\"Live\",\"item\":\"https:\\\/\\\/eldigitaldeasturias.com\\\/radio\\\/category\\\/live\\\/\",\"nextItem\":{\"@type\":\"ListItem\",\"@id\":\"https:\\\/\\\/eldigitaldeasturias.com\\\/radio\\\/el-desayuno-con-calma\\\/#listItem\",\"name\":\"El desayuno con calma\"},\"previousItem\":{\"@type\":\"ListItem\",\"@id\":\"https:\\\/\\\/eldigitaldeasturias.com\\\/radio#listItem\",\"name\":\"Inicio\"}},{\"@type\":\"ListItem\",\"@id\":\"https:\\\/\\\/eldigitaldeasturias.com\\\/radio\\\/el-desayuno-con-calma\\\/#listItem\",\"position\":3,\"name\":\"El desayuno con calma\",\"previousItem\":{\"@type\":\"ListItem\",\"@id\":\"https:\\\/\\\/eldigitaldeasturias.com\\\/radio\\\/category\\\/live\\\/#listItem\",\"name\":\"Live\"}}]},{\"@type\":\"NewsArticle\",\"@id\":\"https:\\\/\\\/eldigitaldeasturias.com\\\/radio\\\/el-desayuno-con-calma\\\/#newsarticle\",\"name\":\"El desayuno con calma | El Digital de Asturias\",\"headline\":\"El desayuno con calma\",\"author\":{\"@id\":\"https:\\\/\\\/eldigitaldeasturias.com\\\/radio\\\/author\\\/nbasturias\\\/#author\"},\"publisher\":{\"@id\":\"https:\\\/\\\/eldigitaldeasturias.com\\\/radio\\\/#organization\"},\"image\":{\"@type\":\"ImageObject\",\"url\":\"https:\\\/\\\/eldigitaldeasturias.com\\\/radio\\\/wp-content\\\/uploads\\\/2026\\\/09\\\/El-desayuno-con-calma.jpg\",\"width\":1263,\"height\":839,\"caption\":\"foto: 123rf.com\"},\"datePublished\":\"2026-09-01T07:22:25+02:00\",\"dateModified\":\"2026-09-01T07:22:25+02:00\",\"inLanguage\":\"es-ES\",\"mainEntityOfPage\":{\"@id\":\"https:\\\/\\\/eldigitaldeasturias.com\\\/radio\\\/el-desayuno-con-calma\\\/#webpage\"},\"isPartOf\":{\"@id\":\"https:\\\/\\\/eldigitaldeasturias.com\\\/radio\\\/el-desayuno-con-calma\\\/#webpage\"},\"articleSection\":\"Live, Sociedad\",\"dateline\":\"Publicado el septiembre 1, 2026.\"},{\"@type\":\"Organization\",\"@id\":\"https:\\\/\\\/eldigitaldeasturias.com\\\/radio\\\/#organization\",\"name\":\"El digital de Asturias Radio\",\"description\":\"Diario de informaci\\u00f3n y noticias\",\"url\":\"https:\\\/\\\/eldigitaldeasturias.com\\\/radio\\\/\",\"telephone\":\"+34652131393\",\"logo\":{\"@type\":\"ImageObject\",\"url\":\"https:\\\/\\\/www.eldigitaldeasturias.com\\\/radio\\\/wp-content\\\/uploads\\\/2021\\\/03\\\/EDA.jpg\",\"@id\":\"https:\\\/\\\/eldigitaldeasturias.com\\\/radio\\\/el-desayuno-con-calma\\\/#organizationLogo\"},\"image\":{\"@id\":\"https:\\\/\\\/eldigitaldeasturias.com\\\/radio\\\/el-desayuno-con-calma\\\/#organizationLogo\"},\"sameAs\":[\"https:\\\/\\\/www.facebook.com\\\/\",\"https:\\\/\\\/x.com\\\/bercodi\",\"https:\\\/\\\/www.instagram.com\\\/\",\"https:\\\/\\\/www.youtube.com\\\/channel\\\/UCZP-2wLEB9Rv6erhFmqVnvg\"]},{\"@type\":\"Person\",\"@id\":\"https:\\\/\\\/eldigitaldeasturias.com\\\/radio\\\/author\\\/nbasturias\\\/#author\",\"url\":\"https:\\\/\\\/eldigitaldeasturias.com\\\/radio\\\/author\\\/nbasturias\\\/\",\"name\":\"NBAsturias\",\"image\":{\"@type\":\"ImageObject\",\"@id\":\"https:\\\/\\\/eldigitaldeasturias.com\\\/radio\\\/el-desayuno-con-calma\\\/#authorImage\",\"url\":\"https:\\\/\\\/secure.gravatar.com\\\/avatar\\\/df2aeffc32bcd13f8d26072ef8a91b623d677766deac7f97ca815868cd41bf5e?s=96&d=mm&r=g\",\"width\":96,\"height\":96,\"caption\":\"NBAsturias\"}},{\"@type\":\"WebPage\",\"@id\":\"https:\\\/\\\/eldigitaldeasturias.com\\\/radio\\\/el-desayuno-con-calma\\\/#webpage\",\"url\":\"https:\\\/\\\/eldigitaldeasturias.com\\\/radio\\\/el-desayuno-con-calma\\\/\",\"name\":\"El desayuno con calma | El Digital de Asturias\",\"description\":\"El desayuno no es solo comer algo r\\u00e1pido antes de salir. Es el primer ritual del d\\u00eda. Y cuando se hace con calma, cambia el tono de todas las horas que vendr\\u00e1n\",\"inLanguage\":\"es-ES\",\"isPartOf\":{\"@id\":\"https:\\\/\\\/eldigitaldeasturias.com\\\/radio\\\/#website\"},\"breadcrumb\":{\"@id\":\"https:\\\/\\\/eldigitaldeasturias.com\\\/radio\\\/el-desayuno-con-calma\\\/#breadcrumblist\"},\"author\":{\"@id\":\"https:\\\/\\\/eldigitaldeasturias.com\\\/radio\\\/author\\\/nbasturias\\\/#author\"},\"creator\":{\"@id\":\"https:\\\/\\\/eldigitaldeasturias.com\\\/radio\\\/author\\\/nbasturias\\\/#author\"},\"image\":{\"@type\":\"ImageObject\",\"url\":\"https:\\\/\\\/eldigitaldeasturias.com\\\/radio\\\/wp-content\\\/uploads\\\/2026\\\/09\\\/El-desayuno-con-calma.jpg\",\"@id\":\"https:\\\/\\\/eldigitaldeasturias.com\\\/radio\\\/el-desayuno-con-calma\\\/#mainImage\",\"width\":1263,\"height\":839,\"caption\":\"foto: 123rf.com\"},\"primaryImageOfPage\":{\"@id\":\"https:\\\/\\\/eldigitaldeasturias.com\\\/radio\\\/el-desayuno-con-calma\\\/#mainImage\"},\"datePublished\":\"2026-09-01T07:22:25+02:00\",\"dateModified\":\"2026-09-01T07:22:25+02:00\"},{\"@type\":\"WebSite\",\"@id\":\"https:\\\/\\\/eldigitaldeasturias.com\\\/radio\\\/#website\",\"url\":\"https:\\\/\\\/eldigitaldeasturias.com\\\/radio\\\/\",\"name\":\"El Digital de Asturias\",\"description\":\"Diario de informaci\\u00f3n y noticias\",\"inLanguage\":\"es-ES\",\"publisher\":{\"@id\":\"https:\\\/\\\/eldigitaldeasturias.com\\\/radio\\\/#organization\"}}]}\n\t\t<\/script>\n\t\t<!-- All in One SEO Pro -->\r\n\t\t<title>El desayuno con calma | El Digital de Asturias<\/title>\n\n","aioseo_head_json":{"title":"El desayuno con calma | El Digital de Asturias","description":"El desayuno no es solo comer algo r\u00e1pido antes de salir. Es el primer ritual del d\u00eda. Y cuando se hace con calma, cambia el tono de todas las horas que vendr\u00e1n","canonical_url":"https:\/\/eldigitaldeasturias.com\/radio\/el-desayuno-con-calma\/","robots":"max-image-preview:large","keywords":"live","webmasterTools":{"google-site-verification":"UA-38556648-1","miscellaneous":""},"schema":{"@context":"https:\/\/schema.org","@graph":[{"@type":"BreadcrumbList","@id":"https:\/\/eldigitaldeasturias.com\/radio\/el-desayuno-con-calma\/#breadcrumblist","itemListElement":[{"@type":"ListItem","@id":"https:\/\/eldigitaldeasturias.com\/radio#listItem","position":1,"name":"Inicio","item":"https:\/\/eldigitaldeasturias.com\/radio","nextItem":{"@type":"ListItem","@id":"https:\/\/eldigitaldeasturias.com\/radio\/category\/live\/#listItem","name":"Live"}},{"@type":"ListItem","@id":"https:\/\/eldigitaldeasturias.com\/radio\/category\/live\/#listItem","position":2,"name":"Live","item":"https:\/\/eldigitaldeasturias.com\/radio\/category\/live\/","nextItem":{"@type":"ListItem","@id":"https:\/\/eldigitaldeasturias.com\/radio\/el-desayuno-con-calma\/#listItem","name":"El desayuno con calma"},"previousItem":{"@type":"ListItem","@id":"https:\/\/eldigitaldeasturias.com\/radio#listItem","name":"Inicio"}},{"@type":"ListItem","@id":"https:\/\/eldigitaldeasturias.com\/radio\/el-desayuno-con-calma\/#listItem","position":3,"name":"El desayuno con calma","previousItem":{"@type":"ListItem","@id":"https:\/\/eldigitaldeasturias.com\/radio\/category\/live\/#listItem","name":"Live"}}]},{"@type":"NewsArticle","@id":"https:\/\/eldigitaldeasturias.com\/radio\/el-desayuno-con-calma\/#newsarticle","name":"El desayuno con calma | El Digital de Asturias","headline":"El desayuno con calma","author":{"@id":"https:\/\/eldigitaldeasturias.com\/radio\/author\/nbasturias\/#author"},"publisher":{"@id":"https:\/\/eldigitaldeasturias.com\/radio\/#organization"},"image":{"@type":"ImageObject","url":"https:\/\/eldigitaldeasturias.com\/radio\/wp-content\/uploads\/2026\/09\/El-desayuno-con-calma.jpg","width":1263,"height":839,"caption":"foto: 123rf.com"},"datePublished":"2026-09-01T07:22:25+02:00","dateModified":"2026-09-01T07:22:25+02:00","inLanguage":"es-ES","mainEntityOfPage":{"@id":"https:\/\/eldigitaldeasturias.com\/radio\/el-desayuno-con-calma\/#webpage"},"isPartOf":{"@id":"https:\/\/eldigitaldeasturias.com\/radio\/el-desayuno-con-calma\/#webpage"},"articleSection":"Live, Sociedad","dateline":"Publicado el septiembre 1, 2026."},{"@type":"Organization","@id":"https:\/\/eldigitaldeasturias.com\/radio\/#organization","name":"El digital de Asturias Radio","description":"Diario de informaci\u00f3n y noticias","url":"https:\/\/eldigitaldeasturias.com\/radio\/","telephone":"+34652131393","logo":{"@type":"ImageObject","url":"https:\/\/www.eldigitaldeasturias.com\/radio\/wp-content\/uploads\/2021\/03\/EDA.jpg","@id":"https:\/\/eldigitaldeasturias.com\/radio\/el-desayuno-con-calma\/#organizationLogo"},"image":{"@id":"https:\/\/eldigitaldeasturias.com\/radio\/el-desayuno-con-calma\/#organizationLogo"},"sameAs":["https:\/\/www.facebook.com\/","https:\/\/x.com\/bercodi","https:\/\/www.instagram.com\/","https:\/\/www.youtube.com\/channel\/UCZP-2wLEB9Rv6erhFmqVnvg"]},{"@type":"Person","@id":"https:\/\/eldigitaldeasturias.com\/radio\/author\/nbasturias\/#author","url":"https:\/\/eldigitaldeasturias.com\/radio\/author\/nbasturias\/","name":"NBAsturias","image":{"@type":"ImageObject","@id":"https:\/\/eldigitaldeasturias.com\/radio\/el-desayuno-con-calma\/#authorImage","url":"https:\/\/secure.gravatar.com\/avatar\/df2aeffc32bcd13f8d26072ef8a91b623d677766deac7f97ca815868cd41bf5e?s=96&d=mm&r=g","width":96,"height":96,"caption":"NBAsturias"}},{"@type":"WebPage","@id":"https:\/\/eldigitaldeasturias.com\/radio\/el-desayuno-con-calma\/#webpage","url":"https:\/\/eldigitaldeasturias.com\/radio\/el-desayuno-con-calma\/","name":"El desayuno con calma | El Digital de Asturias","description":"El desayuno no es solo comer algo r\u00e1pido antes de salir. Es el primer ritual del d\u00eda. Y cuando se hace con calma, cambia el tono de todas las horas que vendr\u00e1n","inLanguage":"es-ES","isPartOf":{"@id":"https:\/\/eldigitaldeasturias.com\/radio\/#website"},"breadcrumb":{"@id":"https:\/\/eldigitaldeasturias.com\/radio\/el-desayuno-con-calma\/#breadcrumblist"},"author":{"@id":"https:\/\/eldigitaldeasturias.com\/radio\/author\/nbasturias\/#author"},"creator":{"@id":"https:\/\/eldigitaldeasturias.com\/radio\/author\/nbasturias\/#author"},"image":{"@type":"ImageObject","url":"https:\/\/eldigitaldeasturias.com\/radio\/wp-content\/uploads\/2026\/09\/El-desayuno-con-calma.jpg","@id":"https:\/\/eldigitaldeasturias.com\/radio\/el-desayuno-con-calma\/#mainImage","width":1263,"height":839,"caption":"foto: 123rf.com"},"primaryImageOfPage":{"@id":"https:\/\/eldigitaldeasturias.com\/radio\/el-desayuno-con-calma\/#mainImage"},"datePublished":"2026-09-01T07:22:25+02:00","dateModified":"2026-09-01T07:22:25+02:00"},{"@type":"WebSite","@id":"https:\/\/eldigitaldeasturias.com\/radio\/#website","url":"https:\/\/eldigitaldeasturias.com\/radio\/","name":"El Digital de Asturias","description":"Diario de informaci\u00f3n y noticias","inLanguage":"es-ES","publisher":{"@id":"https:\/\/eldigitaldeasturias.com\/radio\/#organization"}}]},"og:locale":"es_ES","og:site_name":"El Digital de Asturias | Diario de informaci\u00f3n y noticias","og:type":"article","og:title":"El desayuno con calma | El Digital de Asturias","og:description":"El desayuno no es solo comer algo r\u00e1pido antes de salir. Es el primer ritual del d\u00eda. Y cuando se hace con calma, cambia el tono de todas las horas que vendr\u00e1n","og:url":"https:\/\/eldigitaldeasturias.com\/radio\/el-desayuno-con-calma\/","og:image":"https:\/\/eldigitaldeasturias.com\/radio\/wp-content\/uploads\/2026\/09\/El-desayuno-con-calma.jpg","og:image:secure_url":"https:\/\/eldigitaldeasturias.com\/radio\/wp-content\/uploads\/2026\/09\/El-desayuno-con-calma.jpg","og:image:width":1263,"og:image:height":839,"article:published_time":"2026-09-01T05:22:25+00:00","article:modified_time":"2026-09-01T05:22:25+00:00","twitter:card":"summary_large_image","twitter:site":"@bercodi","twitter:title":"El desayuno con calma | El Digital de Asturias","twitter:description":"El desayuno no es solo comer algo r\u00e1pido antes de salir. Es el primer ritual del d\u00eda. Y cuando se hace con calma, cambia el tono de todas las horas que vendr\u00e1n","twitter:creator":"@bercodi","twitter:image":"https:\/\/eldigitaldeasturias.com\/radio\/wp-content\/uploads\/2026\/09\/El-desayuno-con-calma.jpg"},"aioseo_meta_data":{"post_id":"13074","title":null,"description":"El desayuno no es solo comer algo r\u00e1pido antes de salir. Es el primer ritual del d\u00eda. Y cuando se hace con calma, cambia el tono de todas las horas que vendr\u00e1n","keywords":null,"keyphrases":{"focus":{"keyphrase":"El desayuno","score":0,"analysis":[]},"additional":[{"keyphrase":"desayuno","score":0}]},"primary_term":null,"canonical_url":null,"og_title":"#post_title #separator_sa #site_title","og_description":"El desayuno no es solo comer algo r\u00e1pido antes de salir. Es el primer ritual del d\u00eda. Y cuando se hace con calma, cambia el tono de todas las horas que vendr\u00e1n","og_object_type":"default","og_image_type":"default","og_image_url":null,"og_image_width":null,"og_image_height":null,"og_image_custom_url":null,"og_image_custom_fields":null,"og_video":"","og_custom_url":null,"og_article_section":null,"og_article_tags":null,"twitter_use_og":false,"twitter_card":"default","twitter_image_type":"default","twitter_image_url":null,"twitter_image_custom_url":null,"twitter_image_custom_fields":null,"twitter_title":"#post_title #separator_sa #site_title","twitter_description":"El desayuno no es solo comer algo r\u00e1pido antes de salir. Es el primer ritual del d\u00eda. Y cuando se hace con calma, cambia el tono de todas las horas que vendr\u00e1n","schema":{"blockGraphs":[],"customGraphs":[],"default":{"data":{"Article":[],"Course":[],"Dataset":[],"FAQPage":[],"Movie":[],"Person":[],"Product":[],"ProductReview":[],"Car":[],"Recipe":[],"Service":[],"SoftwareApplication":[],"WebPage":[]},"graphName":"NewsArticle","isEnabled":true},"graphs":[]},"schema_type":"default","schema_type_options":null,"pillar_content":false,"robots_default":true,"robots_noindex":false,"robots_noarchive":false,"robots_nosnippet":false,"robots_nofollow":false,"robots_noimageindex":false,"robots_noodp":false,"robots_notranslate":false,"robots_max_snippet":"-1","robots_max_videopreview":"-1","robots_max_imagepreview":"large","priority":null,"frequency":"default","location":null,"local_seo":null,"seo_analyzer_scan_date":"2026-09-01 05:22:32","breadcrumb_settings":null,"limit_modified_date":false,"open_ai":null,"ai":{"faqs":[],"keyPoints":[],"schemas":[],"titles":[],"descriptions":[],"socialPosts":{"email":{"subject":"","preview":"","content":""},"linkedin":[],"twitter":[],"facebook":[],"instagram":[]}},"created":"2026-09-01 05:12:38","updated":"2026-09-01 05:46:08","focus_keyword":"El desayuno","additional_keywords":[{"word":"desayuno","score":87,"items":{"introductionKeyword":{"score":9},"keyphraseLength":{"score":9},"keyphraseDensity":{"score":9},"functionWordsInKeyphrase":{"score":9},"textCompetingLinks":{"score":2},"imageKeyphrase":{"score":9}}}],"truseo_locale":null},"aioseo_breadcrumb":"<div class=\"aioseo-breadcrumbs\"><span class=\"aioseo-breadcrumb\">\n\t<a href=\"https:\/\/eldigitaldeasturias.com\/radio\" title=\"Inicio\">Inicio<\/a>\n<\/span><span class=\"aioseo-breadcrumb-separator\">&ndash;<\/span><span class=\"aioseo-breadcrumb\">\n\t<a href=\"https:\/\/eldigitaldeasturias.com\/radio\/category\/live\/\" title=\"Live\">Live<\/a>\n<\/span><span class=\"aioseo-breadcrumb-separator\">&ndash;<\/span><span class=\"aioseo-breadcrumb\">\n\tEl desayuno con calma\n<\/span><\/div>","aioseo_breadcrumb_json":[{"label":"Inicio","link":"https:\/\/eldigitaldeasturias.com\/radio"},{"label":"Live","link":"https:\/\/eldigitaldeasturias.com\/radio\/category\/live\/"},{"label":"El desayuno con calma","link":"https:\/\/eldigitaldeasturias.com\/radio\/el-desayuno-con-calma\/"}],"_links":{"self":[{"href":"https:\/\/eldigitaldeasturias.com\/radio\/wp-json\/wp\/v2\/posts\/13074","targetHints":{"allow":["GET"]}}],"collection":[{"href":"https:\/\/eldigitaldeasturias.com\/radio\/wp-json\/wp\/v2\/posts"}],"about":[{"href":"https:\/\/eldigitaldeasturias.com\/radio\/wp-json\/wp\/v2\/types\/post"}],"author":[{"embeddable":true,"href":"https:\/\/eldigitaldeasturias.com\/radio\/wp-json\/wp\/v2\/users\/1"}],"replies":[{"embeddable":true,"href":"https:\/\/eldigitaldeasturias.com\/radio\/wp-json\/wp\/v2\/comments?post=13074"}],"version-history":[{"count":1,"href":"https:\/\/eldigitaldeasturias.com\/radio\/wp-json\/wp\/v2\/posts\/13074\/revisions"}],"predecessor-version":[{"id":13076,"href":"https:\/\/eldigitaldeasturias.com\/radio\/wp-json\/wp\/v2\/posts\/13074\/revisions\/13076"}],"wp:featuredmedia":[{"embeddable":true,"href":"https:\/\/eldigitaldeasturias.com\/radio\/wp-json\/wp\/v2\/media\/13075"}],"wp:attachment":[{"href":"https:\/\/eldigitaldeasturias.com\/radio\/wp-json\/wp\/v2\/media?parent=13074"}],"wp:term":[{"taxonomy":"category","embeddable":true,"href":"https:\/\/eldigitaldeasturias.com\/radio\/wp-json\/wp\/v2\/categories?post=13074"},{"taxonomy":"post_tag","embeddable":true,"href":"https:\/\/eldigitaldeasturias.com\/radio\/wp-json\/wp\/v2\/tags?post=13074"}],"curies":[{"name":"wp","href":"https:\/\/api.w.org\/{rel}","templated":true}]}}