{"id":13071,"date":"2026-09-01T07:09:49","date_gmt":"2026-09-01T05:09:49","guid":{"rendered":"https:\/\/eldigitaldeasturias.com\/radio\/?p=13071"},"modified":"2026-09-01T07:09:49","modified_gmt":"2026-09-01T05:09:49","slug":"septiembre-y-vuelta-a-las-rutinas","status":"publish","type":"post","link":"https:\/\/eldigitaldeasturias.com\/radio\/septiembre-y-vuelta-a-las-rutinas\/","title":{"rendered":"Septiembre y vuelta a las rutinas"},"content":{"rendered":"<p>Septiembre trae el <a href=\"https:\/\/eldigitaldeasturias.com\/radio\/category\/live\/\"><span style=\"color: #ff6600;\"><strong>regreso a las rutinas<\/strong><\/span><\/a>, un cambio tranquilo que nos invita a reorganizar el d\u00eda a d\u00eda, retomar h\u00e1bitos y preparar el ritmo que dejamos en pausa durante el verano.<\/p>\n<figure id=\"attachment_13072\" aria-describedby=\"caption-attachment-13072\" style=\"width: 650px\" class=\"wp-caption aligncenter\"><img fetchpriority=\"high\" decoding=\"async\" class=\"size-large wp-image-13072\" src=\"https:\/\/eldigitaldeasturias.com\/radio\/wp-content\/uploads\/2026\/09\/Septiembre-y-vuelta-a-las-rutinas-650x421.jpg\" alt=\"Septiembre y vuelta a las rutinas\" width=\"650\" height=\"421\" srcset=\"https:\/\/eldigitaldeasturias.com\/radio\/wp-content\/uploads\/2026\/09\/Septiembre-y-vuelta-a-las-rutinas-650x421.jpg 650w, https:\/\/eldigitaldeasturias.com\/radio\/wp-content\/uploads\/2026\/09\/Septiembre-y-vuelta-a-las-rutinas-360x233.jpg 360w, https:\/\/eldigitaldeasturias.com\/radio\/wp-content\/uploads\/2026\/09\/Septiembre-y-vuelta-a-las-rutinas-768x497.jpg 768w, https:\/\/eldigitaldeasturias.com\/radio\/wp-content\/uploads\/2026\/09\/Septiembre-y-vuelta-a-las-rutinas-150x97.jpg 150w, https:\/\/eldigitaldeasturias.com\/radio\/wp-content\/uploads\/2026\/09\/Septiembre-y-vuelta-a-las-rutinas-450x291.jpg 450w, https:\/\/eldigitaldeasturias.com\/radio\/wp-content\/uploads\/2026\/09\/Septiembre-y-vuelta-a-las-rutinas-1200x777.jpg 1200w, https:\/\/eldigitaldeasturias.com\/radio\/wp-content\/uploads\/2026\/09\/Septiembre-y-vuelta-a-las-rutinas.jpg 1263w\" sizes=\"(max-width: 650px) 100vw, 650px\" \/><figcaption id=\"caption-attachment-13072\" class=\"wp-caption-text\">Foto: 123rf.com<\/figcaption><\/figure>\n<h2>Un mes que marca transici\u00f3n<\/h2>\n<p>Septiembre no llega con sobresaltos. No es un mes que imponga cambios bruscos, sino uno que nos recuerda que el ritmo del verano no puede durar para siempre. Despu\u00e9s de <a href=\"https:\/\/candas365.es\/noticias\/category\/turismo\/\" target=\"_blank\" rel=\"noopener\"><span style=\"color: #ff6600;\"><strong>semanas de playa, descanso o desconexi\u00f3n<\/strong><\/span><\/a>, aparece ese momento en el que toca volver a ordenar horarios, revisar pendientes y recuperar cierta estructura. No es algo negativo; simplemente es parte del ciclo natural del a\u00f1o. La vuelta a la rutina no tiene por qu\u00e9 vivirse como un cierre, sino como una transici\u00f3n. Un ajuste suave que nos permite retomar lo que dejamos en pausa y, si hace falta, empezar algo nuevo con una mentalidad m\u00e1s clara. Septiembre tiene esa capacidad de poner las cosas en su sitio sin exigir demasiado.<\/p>\n<h1>Organizar el d\u00eda a d\u00eda sin dramatismos<\/h1>\n<p>La vuelta al trabajo, la preparaci\u00f3n del curso escolar o el simple hecho de reorganizar la casa despu\u00e9s del verano son tareas que, si se afrontan con calma, resultan m\u00e1s sencillas de lo que parecen. No se trata de hacer grandes planes ni de marcar objetivos imposibles. Se trata de ordenar lo b\u00e1sico: horarios, prioridades, peque\u00f1os h\u00e1bitos que ayudan a que el d\u00eda funcione. Cuando los d\u00edas de playa dejan de ser parte del plan, aparece espacio para otras cosas. Quiz\u00e1s retomar una actividad que dejamos aparcada, ajustar la agenda para que no se convierta en una carga o simplemente recuperar un ritmo que nos hace sentir m\u00e1s centrados. Septiembre invita a eso: a organizar sin prisa, a decidir qu\u00e9 merece espacio y qu\u00e9 no, y a entender que la rutina no es un enemigo, sino una herramienta para que todo fluya mejor.<\/p>\n<h2>Mantenerse activo y mirar con optimismo<\/h2>\n<p>La clave para que septiembre no se convierta en un mes pesado est\u00e1 en mantenerse activo. No hace falta grandes cambios, solo peque\u00f1as decisiones que nos mantengan en movimiento. Caminar m\u00e1s, retomar un deporte, dedicar tiempo a algo que nos motive o incluso incorporar una actividad nueva que encaje con el ritmo del oto\u00f1o. La actividad ayuda a que la vuelta a la rutina se sienta m\u00e1s ligera y menos forzada. Y junto a eso, el optimismo. No un optimismo exagerado, sino uno pr\u00e1ctico: entender que cada inicio de ciclo trae oportunidades para ajustar, mejorar o simplemente estabilizar. Septiembre no es un mes para grandes discursos, es un mes para avanzar con paso firme y sin complicaciones. Cuando lo vemos as\u00ed, la vuelta a las rutinas deja de ser un regreso y se convierte en un comienzo.<\/p>\n","protected":false},"excerpt":{"rendered":"<p>Septiembre trae el regreso a las rutinas, un cambio tranquilo que nos invita a reorganizar el d\u00eda a d\u00eda, retomar h\u00e1bitos y preparar el ritmo que dejamos en pausa durante el verano. Un mes que marca transici\u00f3n Septiembre no llega con sobresaltos. No es un mes que imponga cambios bruscos, sino uno que nos recuerda<\/p>\n","protected":false},"author":1,"featured_media":13072,"comment_status":"closed","ping_status":"closed","sticky":false,"template":"","format":"standard","meta":{"footnotes":""},"categories":[38],"tags":[],"class_list":["post-13071","post","type-post","status-publish","format-standard","has-post-thumbnail","category-live"],"aioseo_notices":[],"aioseo_head":"\n\t\t<!-- All in One SEO Pro 5.0.1.1 - aioseo.com -->\n\t<meta name=\"description\" content=\"Septiembre trae el regreso a las rutinas, un cambio tranquilo que nos invita a reorganizar el d\u00eda a d\u00eda, retomar h\u00e1bitos y preparar el ritmo que dejamos\" \/>\n\t<meta name=\"robots\" content=\"max-image-preview:large\" \/>\n\t<meta name=\"author\" content=\"NBAsturias\"\/>\n\t<meta name=\"google-site-verification\" content=\"UA-38556648-1\" \/>\n\t<meta name=\"keywords\" content=\"live\" \/>\n\t<link rel=\"canonical\" href=\"https:\/\/eldigitaldeasturias.com\/radio\/septiembre-y-vuelta-a-las-rutinas\/\" \/>\n\t<meta name=\"generator\" content=\"All in One SEO Pro (AIOSEO) 5.0.1.1\" \/>\n\t\t<meta property=\"og:locale\" content=\"es_ES\" \/>\n\t\t<meta property=\"og:site_name\" content=\"El Digital de Asturias | Diario de informaci\u00f3n y noticias\" \/>\n\t\t<meta property=\"og:type\" content=\"article\" \/>\n\t\t<meta property=\"og:title\" content=\"Septiembre y vuelta a las rutinas | El Digital de Asturias\" \/>\n\t\t<meta property=\"og:description\" content=\"Septiembre trae el regreso a las rutinas, un cambio tranquilo que nos invita a reorganizar el d\u00eda a d\u00eda, retomar h\u00e1bitos y preparar el ritmo que dejamos\" \/>\n\t\t<meta property=\"og:url\" content=\"https:\/\/eldigitaldeasturias.com\/radio\/septiembre-y-vuelta-a-las-rutinas\/\" \/>\n\t\t<meta property=\"og:image\" content=\"https:\/\/eldigitaldeasturias.com\/radio\/wp-content\/uploads\/2026\/09\/Septiembre-y-vuelta-a-las-rutinas.jpg\" \/>\n\t\t<meta property=\"og:image:secure_url\" content=\"https:\/\/eldigitaldeasturias.com\/radio\/wp-content\/uploads\/2026\/09\/Septiembre-y-vuelta-a-las-rutinas.jpg\" \/>\n\t\t<meta property=\"og:image:width\" content=\"1263\" \/>\n\t\t<meta property=\"og:image:height\" content=\"818\" \/>\n\t\t<meta property=\"article:published_time\" content=\"2026-09-01T05:09:49+00:00\" \/>\n\t\t<meta property=\"article:modified_time\" content=\"2026-09-01T05:09:49+00:00\" \/>\n\t\t<meta name=\"twitter:card\" content=\"summary_large_image\" \/>\n\t\t<meta name=\"twitter:site\" content=\"@bercodi\" \/>\n\t\t<meta name=\"twitter:title\" content=\"Septiembre y vuelta a las rutinas | El Digital de Asturias\" \/>\n\t\t<meta name=\"twitter:description\" content=\"Septiembre trae el regreso a las rutinas, un cambio tranquilo que nos invita a reorganizar el d\u00eda a d\u00eda, retomar h\u00e1bitos y preparar el ritmo que dejamos\" \/>\n\t\t<meta name=\"twitter:creator\" content=\"@bercodi\" \/>\n\t\t<meta name=\"twitter:image\" content=\"https:\/\/eldigitaldeasturias.com\/radio\/wp-content\/uploads\/2026\/09\/Septiembre-y-vuelta-a-las-rutinas.jpg\" \/>\n\t\t<script type=\"application\/ld+json\" class=\"aioseo-schema\">\n\t\t\t{\"@context\":\"https:\\\/\\\/schema.org\",\"@graph\":[{\"@type\":\"BreadcrumbList\",\"@id\":\"https:\\\/\\\/eldigitaldeasturias.com\\\/radio\\\/septiembre-y-vuelta-a-las-rutinas\\\/#breadcrumblist\",\"itemListElement\":[{\"@type\":\"ListItem\",\"@id\":\"https:\\\/\\\/eldigitaldeasturias.com\\\/radio#listItem\",\"position\":1,\"name\":\"Inicio\",\"item\":\"https:\\\/\\\/eldigitaldeasturias.com\\\/radio\",\"nextItem\":{\"@type\":\"ListItem\",\"@id\":\"https:\\\/\\\/eldigitaldeasturias.com\\\/radio\\\/category\\\/live\\\/#listItem\",\"name\":\"Live\"}},{\"@type\":\"ListItem\",\"@id\":\"https:\\\/\\\/eldigitaldeasturias.com\\\/radio\\\/category\\\/live\\\/#listItem\",\"position\":2,\"name\":\"Live\",\"item\":\"https:\\\/\\\/eldigitaldeasturias.com\\\/radio\\\/category\\\/live\\\/\",\"nextItem\":{\"@type\":\"ListItem\",\"@id\":\"https:\\\/\\\/eldigitaldeasturias.com\\\/radio\\\/septiembre-y-vuelta-a-las-rutinas\\\/#listItem\",\"name\":\"Septiembre y vuelta a las rutinas\"},\"previousItem\":{\"@type\":\"ListItem\",\"@id\":\"https:\\\/\\\/eldigitaldeasturias.com\\\/radio#listItem\",\"name\":\"Inicio\"}},{\"@type\":\"ListItem\",\"@id\":\"https:\\\/\\\/eldigitaldeasturias.com\\\/radio\\\/septiembre-y-vuelta-a-las-rutinas\\\/#listItem\",\"position\":3,\"name\":\"Septiembre y vuelta a las rutinas\",\"previousItem\":{\"@type\":\"ListItem\",\"@id\":\"https:\\\/\\\/eldigitaldeasturias.com\\\/radio\\\/category\\\/live\\\/#listItem\",\"name\":\"Live\"}}]},{\"@type\":\"NewsArticle\",\"@id\":\"https:\\\/\\\/eldigitaldeasturias.com\\\/radio\\\/septiembre-y-vuelta-a-las-rutinas\\\/#newsarticle\",\"name\":\"Septiembre y vuelta a las rutinas | El Digital de Asturias\",\"headline\":\"Septiembre y vuelta a las rutinas\",\"author\":{\"@id\":\"https:\\\/\\\/eldigitaldeasturias.com\\\/radio\\\/author\\\/nbasturias\\\/#author\"},\"publisher\":{\"@id\":\"https:\\\/\\\/eldigitaldeasturias.com\\\/radio\\\/#organization\"},\"image\":{\"@type\":\"ImageObject\",\"url\":\"https:\\\/\\\/eldigitaldeasturias.com\\\/radio\\\/wp-content\\\/uploads\\\/2026\\\/09\\\/Septiembre-y-vuelta-a-las-rutinas.jpg\",\"width\":1263,\"height\":818,\"caption\":\"Foto: 123rf.com\"},\"datePublished\":\"2026-09-01T07:09:49+02:00\",\"dateModified\":\"2026-09-01T07:09:49+02:00\",\"inLanguage\":\"es-ES\",\"mainEntityOfPage\":{\"@id\":\"https:\\\/\\\/eldigitaldeasturias.com\\\/radio\\\/septiembre-y-vuelta-a-las-rutinas\\\/#webpage\"},\"isPartOf\":{\"@id\":\"https:\\\/\\\/eldigitaldeasturias.com\\\/radio\\\/septiembre-y-vuelta-a-las-rutinas\\\/#webpage\"},\"articleSection\":\"Live\",\"dateline\":\"Publicado el septiembre 1, 2026.\"},{\"@type\":\"Organization\",\"@id\":\"https:\\\/\\\/eldigitaldeasturias.com\\\/radio\\\/#organization\",\"name\":\"El digital de Asturias Radio\",\"description\":\"Diario de informaci\\u00f3n y noticias\",\"url\":\"https:\\\/\\\/eldigitaldeasturias.com\\\/radio\\\/\",\"telephone\":\"+34652131393\",\"logo\":{\"@type\":\"ImageObject\",\"url\":\"https:\\\/\\\/www.eldigitaldeasturias.com\\\/radio\\\/wp-content\\\/uploads\\\/2021\\\/03\\\/EDA.jpg\",\"@id\":\"https:\\\/\\\/eldigitaldeasturias.com\\\/radio\\\/septiembre-y-vuelta-a-las-rutinas\\\/#organizationLogo\"},\"image\":{\"@id\":\"https:\\\/\\\/eldigitaldeasturias.com\\\/radio\\\/septiembre-y-vuelta-a-las-rutinas\\\/#organizationLogo\"},\"sameAs\":[\"https:\\\/\\\/www.facebook.com\\\/\",\"https:\\\/\\\/x.com\\\/bercodi\",\"https:\\\/\\\/www.instagram.com\\\/\",\"https:\\\/\\\/www.youtube.com\\\/channel\\\/UCZP-2wLEB9Rv6erhFmqVnvg\"]},{\"@type\":\"Person\",\"@id\":\"https:\\\/\\\/eldigitaldeasturias.com\\\/radio\\\/author\\\/nbasturias\\\/#author\",\"url\":\"https:\\\/\\\/eldigitaldeasturias.com\\\/radio\\\/author\\\/nbasturias\\\/\",\"name\":\"NBAsturias\",\"image\":{\"@type\":\"ImageObject\",\"@id\":\"https:\\\/\\\/eldigitaldeasturias.com\\\/radio\\\/septiembre-y-vuelta-a-las-rutinas\\\/#authorImage\",\"url\":\"https:\\\/\\\/secure.gravatar.com\\\/avatar\\\/df2aeffc32bcd13f8d26072ef8a91b623d677766deac7f97ca815868cd41bf5e?s=96&d=mm&r=g\",\"width\":96,\"height\":96,\"caption\":\"NBAsturias\"}},{\"@type\":\"WebPage\",\"@id\":\"https:\\\/\\\/eldigitaldeasturias.com\\\/radio\\\/septiembre-y-vuelta-a-las-rutinas\\\/#webpage\",\"url\":\"https:\\\/\\\/eldigitaldeasturias.com\\\/radio\\\/septiembre-y-vuelta-a-las-rutinas\\\/\",\"name\":\"Septiembre y vuelta a las rutinas | El Digital de Asturias\",\"description\":\"Septiembre trae el regreso a las rutinas, un cambio tranquilo que nos invita a reorganizar el d\\u00eda a d\\u00eda, retomar h\\u00e1bitos y preparar el ritmo que dejamos\",\"inLanguage\":\"es-ES\",\"isPartOf\":{\"@id\":\"https:\\\/\\\/eldigitaldeasturias.com\\\/radio\\\/#website\"},\"breadcrumb\":{\"@id\":\"https:\\\/\\\/eldigitaldeasturias.com\\\/radio\\\/septiembre-y-vuelta-a-las-rutinas\\\/#breadcrumblist\"},\"author\":{\"@id\":\"https:\\\/\\\/eldigitaldeasturias.com\\\/radio\\\/author\\\/nbasturias\\\/#author\"},\"creator\":{\"@id\":\"https:\\\/\\\/eldigitaldeasturias.com\\\/radio\\\/author\\\/nbasturias\\\/#author\"},\"image\":{\"@type\":\"ImageObject\",\"url\":\"https:\\\/\\\/eldigitaldeasturias.com\\\/radio\\\/wp-content\\\/uploads\\\/2026\\\/09\\\/Septiembre-y-vuelta-a-las-rutinas.jpg\",\"@id\":\"https:\\\/\\\/eldigitaldeasturias.com\\\/radio\\\/septiembre-y-vuelta-a-las-rutinas\\\/#mainImage\",\"width\":1263,\"height\":818,\"caption\":\"Foto: 123rf.com\"},\"primaryImageOfPage\":{\"@id\":\"https:\\\/\\\/eldigitaldeasturias.com\\\/radio\\\/septiembre-y-vuelta-a-las-rutinas\\\/#mainImage\"},\"datePublished\":\"2026-09-01T07:09:49+02:00\",\"dateModified\":\"2026-09-01T07:09:49+02:00\"},{\"@type\":\"WebSite\",\"@id\":\"https:\\\/\\\/eldigitaldeasturias.com\\\/radio\\\/#website\",\"url\":\"https:\\\/\\\/eldigitaldeasturias.com\\\/radio\\\/\",\"name\":\"El Digital de Asturias\",\"description\":\"Diario de informaci\\u00f3n y noticias\",\"inLanguage\":\"es-ES\",\"publisher\":{\"@id\":\"https:\\\/\\\/eldigitaldeasturias.com\\\/radio\\\/#organization\"}}]}\n\t\t<\/script>\n\t\t<!-- All in One SEO Pro -->\r\n\t\t<title>Septiembre y vuelta a las rutinas | El Digital de Asturias<\/title>\n\n","aioseo_head_json":{"title":"Septiembre y vuelta a las rutinas | El Digital de Asturias","description":"Septiembre trae el regreso a las rutinas, un cambio tranquilo que nos invita a reorganizar el d\u00eda a d\u00eda, retomar h\u00e1bitos y preparar el ritmo que dejamos","canonical_url":"https:\/\/eldigitaldeasturias.com\/radio\/septiembre-y-vuelta-a-las-rutinas\/","robots":"max-image-preview:large","keywords":"live","webmasterTools":{"google-site-verification":"UA-38556648-1","miscellaneous":""},"schema":{"@context":"https:\/\/schema.org","@graph":[{"@type":"BreadcrumbList","@id":"https:\/\/eldigitaldeasturias.com\/radio\/septiembre-y-vuelta-a-las-rutinas\/#breadcrumblist","itemListElement":[{"@type":"ListItem","@id":"https:\/\/eldigitaldeasturias.com\/radio#listItem","position":1,"name":"Inicio","item":"https:\/\/eldigitaldeasturias.com\/radio","nextItem":{"@type":"ListItem","@id":"https:\/\/eldigitaldeasturias.com\/radio\/category\/live\/#listItem","name":"Live"}},{"@type":"ListItem","@id":"https:\/\/eldigitaldeasturias.com\/radio\/category\/live\/#listItem","position":2,"name":"Live","item":"https:\/\/eldigitaldeasturias.com\/radio\/category\/live\/","nextItem":{"@type":"ListItem","@id":"https:\/\/eldigitaldeasturias.com\/radio\/septiembre-y-vuelta-a-las-rutinas\/#listItem","name":"Septiembre y vuelta a las rutinas"},"previousItem":{"@type":"ListItem","@id":"https:\/\/eldigitaldeasturias.com\/radio#listItem","name":"Inicio"}},{"@type":"ListItem","@id":"https:\/\/eldigitaldeasturias.com\/radio\/septiembre-y-vuelta-a-las-rutinas\/#listItem","position":3,"name":"Septiembre y vuelta a las rutinas","previousItem":{"@type":"ListItem","@id":"https:\/\/eldigitaldeasturias.com\/radio\/category\/live\/#listItem","name":"Live"}}]},{"@type":"NewsArticle","@id":"https:\/\/eldigitaldeasturias.com\/radio\/septiembre-y-vuelta-a-las-rutinas\/#newsarticle","name":"Septiembre y vuelta a las rutinas | El Digital de Asturias","headline":"Septiembre y vuelta a las rutinas","author":{"@id":"https:\/\/eldigitaldeasturias.com\/radio\/author\/nbasturias\/#author"},"publisher":{"@id":"https:\/\/eldigitaldeasturias.com\/radio\/#organization"},"image":{"@type":"ImageObject","url":"https:\/\/eldigitaldeasturias.com\/radio\/wp-content\/uploads\/2026\/09\/Septiembre-y-vuelta-a-las-rutinas.jpg","width":1263,"height":818,"caption":"Foto: 123rf.com"},"datePublished":"2026-09-01T07:09:49+02:00","dateModified":"2026-09-01T07:09:49+02:00","inLanguage":"es-ES","mainEntityOfPage":{"@id":"https:\/\/eldigitaldeasturias.com\/radio\/septiembre-y-vuelta-a-las-rutinas\/#webpage"},"isPartOf":{"@id":"https:\/\/eldigitaldeasturias.com\/radio\/septiembre-y-vuelta-a-las-rutinas\/#webpage"},"articleSection":"Live","dateline":"Publicado el septiembre 1, 2026."},{"@type":"Organization","@id":"https:\/\/eldigitaldeasturias.com\/radio\/#organization","name":"El digital de Asturias Radio","description":"Diario de informaci\u00f3n y noticias","url":"https:\/\/eldigitaldeasturias.com\/radio\/","telephone":"+34652131393","logo":{"@type":"ImageObject","url":"https:\/\/www.eldigitaldeasturias.com\/radio\/wp-content\/uploads\/2021\/03\/EDA.jpg","@id":"https:\/\/eldigitaldeasturias.com\/radio\/septiembre-y-vuelta-a-las-rutinas\/#organizationLogo"},"image":{"@id":"https:\/\/eldigitaldeasturias.com\/radio\/septiembre-y-vuelta-a-las-rutinas\/#organizationLogo"},"sameAs":["https:\/\/www.facebook.com\/","https:\/\/x.com\/bercodi","https:\/\/www.instagram.com\/","https:\/\/www.youtube.com\/channel\/UCZP-2wLEB9Rv6erhFmqVnvg"]},{"@type":"Person","@id":"https:\/\/eldigitaldeasturias.com\/radio\/author\/nbasturias\/#author","url":"https:\/\/eldigitaldeasturias.com\/radio\/author\/nbasturias\/","name":"NBAsturias","image":{"@type":"ImageObject","@id":"https:\/\/eldigitaldeasturias.com\/radio\/septiembre-y-vuelta-a-las-rutinas\/#authorImage","url":"https:\/\/secure.gravatar.com\/avatar\/df2aeffc32bcd13f8d26072ef8a91b623d677766deac7f97ca815868cd41bf5e?s=96&d=mm&r=g","width":96,"height":96,"caption":"NBAsturias"}},{"@type":"WebPage","@id":"https:\/\/eldigitaldeasturias.com\/radio\/septiembre-y-vuelta-a-las-rutinas\/#webpage","url":"https:\/\/eldigitaldeasturias.com\/radio\/septiembre-y-vuelta-a-las-rutinas\/","name":"Septiembre y vuelta a las rutinas | El Digital de Asturias","description":"Septiembre trae el regreso a las rutinas, un cambio tranquilo que nos invita a reorganizar el d\u00eda a d\u00eda, retomar h\u00e1bitos y preparar el ritmo que dejamos","inLanguage":"es-ES","isPartOf":{"@id":"https:\/\/eldigitaldeasturias.com\/radio\/#website"},"breadcrumb":{"@id":"https:\/\/eldigitaldeasturias.com\/radio\/septiembre-y-vuelta-a-las-rutinas\/#breadcrumblist"},"author":{"@id":"https:\/\/eldigitaldeasturias.com\/radio\/author\/nbasturias\/#author"},"creator":{"@id":"https:\/\/eldigitaldeasturias.com\/radio\/author\/nbasturias\/#author"},"image":{"@type":"ImageObject","url":"https:\/\/eldigitaldeasturias.com\/radio\/wp-content\/uploads\/2026\/09\/Septiembre-y-vuelta-a-las-rutinas.jpg","@id":"https:\/\/eldigitaldeasturias.com\/radio\/septiembre-y-vuelta-a-las-rutinas\/#mainImage","width":1263,"height":818,"caption":"Foto: 123rf.com"},"primaryImageOfPage":{"@id":"https:\/\/eldigitaldeasturias.com\/radio\/septiembre-y-vuelta-a-las-rutinas\/#mainImage"},"datePublished":"2026-09-01T07:09:49+02:00","dateModified":"2026-09-01T07:09:49+02:00"},{"@type":"WebSite","@id":"https:\/\/eldigitaldeasturias.com\/radio\/#website","url":"https:\/\/eldigitaldeasturias.com\/radio\/","name":"El Digital de Asturias","description":"Diario de informaci\u00f3n y noticias","inLanguage":"es-ES","publisher":{"@id":"https:\/\/eldigitaldeasturias.com\/radio\/#organization"}}]},"og:locale":"es_ES","og:site_name":"El Digital de Asturias | Diario de informaci\u00f3n y noticias","og:type":"article","og:title":"Septiembre y vuelta a las rutinas | El Digital de Asturias","og:description":"Septiembre trae el regreso a las rutinas, un cambio tranquilo que nos invita a reorganizar el d\u00eda a d\u00eda, retomar h\u00e1bitos y preparar el ritmo que dejamos","og:url":"https:\/\/eldigitaldeasturias.com\/radio\/septiembre-y-vuelta-a-las-rutinas\/","og:image":"https:\/\/eldigitaldeasturias.com\/radio\/wp-content\/uploads\/2026\/09\/Septiembre-y-vuelta-a-las-rutinas.jpg","og:image:secure_url":"https:\/\/eldigitaldeasturias.com\/radio\/wp-content\/uploads\/2026\/09\/Septiembre-y-vuelta-a-las-rutinas.jpg","og:image:width":1263,"og:image:height":818,"article:published_time":"2026-09-01T05:09:49+00:00","article:modified_time":"2026-09-01T05:09:49+00:00","twitter:card":"summary_large_image","twitter:site":"@bercodi","twitter:title":"Septiembre y vuelta a las rutinas | El Digital de Asturias","twitter:description":"Septiembre trae el regreso a las rutinas, un cambio tranquilo que nos invita a reorganizar el d\u00eda a d\u00eda, retomar h\u00e1bitos y preparar el ritmo que dejamos","twitter:creator":"@bercodi","twitter:image":"https:\/\/eldigitaldeasturias.com\/radio\/wp-content\/uploads\/2026\/09\/Septiembre-y-vuelta-a-las-rutinas.jpg"},"aioseo_meta_data":{"post_id":"13071","title":null,"description":"Septiembre trae el regreso a las rutinas, un cambio tranquilo que nos invita a reorganizar el d\u00eda a d\u00eda, retomar h\u00e1bitos y preparar el ritmo que dejamos","keywords":null,"keyphrases":{"focus":{"keyphrase":"Septiembre","score":0,"analysis":[]},"additional":[{"keyphrase":"rutinas","score":0}]},"primary_term":null,"canonical_url":null,"og_title":"#post_title #separator_sa #site_title","og_description":"Septiembre trae el regreso a las rutinas, un cambio tranquilo que nos invita a reorganizar el d\u00eda a d\u00eda, retomar h\u00e1bitos y preparar el ritmo que dejamos","og_object_type":"default","og_image_type":"default","og_image_url":null,"og_image_width":null,"og_image_height":null,"og_image_custom_url":null,"og_image_custom_fields":null,"og_video":"","og_custom_url":null,"og_article_section":null,"og_article_tags":null,"twitter_use_og":true,"twitter_card":"default","twitter_image_type":"default","twitter_image_url":null,"twitter_image_custom_url":null,"twitter_image_custom_fields":null,"twitter_title":null,"twitter_description":null,"schema":{"blockGraphs":[],"customGraphs":[],"default":{"data":{"Article":[],"Course":[],"Dataset":[],"FAQPage":[],"Movie":[],"Person":[],"Product":[],"ProductReview":[],"Car":[],"Recipe":[],"Service":[],"SoftwareApplication":[],"WebPage":[]},"graphName":"NewsArticle","isEnabled":true},"graphs":[]},"schema_type":"default","schema_type_options":null,"pillar_content":false,"robots_default":true,"robots_noindex":false,"robots_noarchive":false,"robots_nosnippet":false,"robots_nofollow":false,"robots_noimageindex":false,"robots_noodp":false,"robots_notranslate":false,"robots_max_snippet":"-1","robots_max_videopreview":"-1","robots_max_imagepreview":"large","priority":null,"frequency":"default","location":null,"local_seo":null,"seo_analyzer_scan_date":"2026-09-01 05:11:22","breadcrumb_settings":null,"limit_modified_date":false,"open_ai":null,"ai":{"faqs":[],"keyPoints":[],"schemas":[],"titles":[],"descriptions":[],"socialPosts":{"email":{"subject":"","preview":"","content":""},"linkedin":[],"twitter":[],"facebook":[],"instagram":[]}},"created":"2026-09-01 04:43:53","updated":"2026-09-01 05:46:08","focus_keyword":"Septiembre","additional_keywords":[{"word":"rutinas","score":91,"items":{"introductionKeyword":{"score":9},"keyphraseLength":{"score":9},"keyphraseDensity":{"score":4},"functionWordsInKeyphrase":{"score":9},"textCompetingLinks":{"score":9},"imageKeyphrase":{"score":9}}}],"truseo_locale":null},"aioseo_breadcrumb":"<div class=\"aioseo-breadcrumbs\"><span class=\"aioseo-breadcrumb\">\n\t<a href=\"https:\/\/eldigitaldeasturias.com\/radio\" title=\"Inicio\">Inicio<\/a>\n<\/span><span class=\"aioseo-breadcrumb-separator\">&ndash;<\/span><span class=\"aioseo-breadcrumb\">\n\t<a href=\"https:\/\/eldigitaldeasturias.com\/radio\/category\/live\/\" title=\"Live\">Live<\/a>\n<\/span><span class=\"aioseo-breadcrumb-separator\">&ndash;<\/span><span class=\"aioseo-breadcrumb\">\n\tSeptiembre y vuelta a las rutinas\n<\/span><\/div>","aioseo_breadcrumb_json":[{"label":"Inicio","link":"https:\/\/eldigitaldeasturias.com\/radio"},{"label":"Live","link":"https:\/\/eldigitaldeasturias.com\/radio\/category\/live\/"},{"label":"Septiembre y vuelta a las rutinas","link":"https:\/\/eldigitaldeasturias.com\/radio\/septiembre-y-vuelta-a-las-rutinas\/"}],"_links":{"self":[{"href":"https:\/\/eldigitaldeasturias.com\/radio\/wp-json\/wp\/v2\/posts\/13071","targetHints":{"allow":["GET"]}}],"collection":[{"href":"https:\/\/eldigitaldeasturias.com\/radio\/wp-json\/wp\/v2\/posts"}],"about":[{"href":"https:\/\/eldigitaldeasturias.com\/radio\/wp-json\/wp\/v2\/types\/post"}],"author":[{"embeddable":true,"href":"https:\/\/eldigitaldeasturias.com\/radio\/wp-json\/wp\/v2\/users\/1"}],"replies":[{"embeddable":true,"href":"https:\/\/eldigitaldeasturias.com\/radio\/wp-json\/wp\/v2\/comments?post=13071"}],"version-history":[{"count":1,"href":"https:\/\/eldigitaldeasturias.com\/radio\/wp-json\/wp\/v2\/posts\/13071\/revisions"}],"predecessor-version":[{"id":13073,"href":"https:\/\/eldigitaldeasturias.com\/radio\/wp-json\/wp\/v2\/posts\/13071\/revisions\/13073"}],"wp:featuredmedia":[{"embeddable":true,"href":"https:\/\/eldigitaldeasturias.com\/radio\/wp-json\/wp\/v2\/media\/13072"}],"wp:attachment":[{"href":"https:\/\/eldigitaldeasturias.com\/radio\/wp-json\/wp\/v2\/media?parent=13071"}],"wp:term":[{"taxonomy":"category","embeddable":true,"href":"https:\/\/eldigitaldeasturias.com\/radio\/wp-json\/wp\/v2\/categories?post=13071"},{"taxonomy":"post_tag","embeddable":true,"href":"https:\/\/eldigitaldeasturias.com\/radio\/wp-json\/wp\/v2\/tags?post=13071"}],"curies":[{"name":"wp","href":"https:\/\/api.w.org\/{rel}","templated":true}]}}