{"id":12712,"date":"2026-05-02T22:16:23","date_gmt":"2026-05-02T20:16:23","guid":{"rendered":"https:\/\/eldigitaldeasturias.com\/radio\/?p=12712"},"modified":"2026-05-02T22:16:23","modified_gmt":"2026-05-02T20:16:23","slug":"barbon-inaugura-la-nueva-biblioteca-de-casomera","status":"publish","type":"post","link":"https:\/\/eldigitaldeasturias.com\/radio\/barbon-inaugura-la-nueva-biblioteca-de-casomera\/","title":{"rendered":"Barb\u00f3n inaugura la nueva biblioteca de Casomera"},"content":{"rendered":"<p>Casomera, en <a href=\"https:\/\/eldigitaldeasturias.com\/radio\/category\/concejos-asturias\/\"><span style=\"color: #ff6600;\"><strong>Aller<\/strong><\/span><\/a>, ya cuenta con una nueva biblioteca popular impulsada por el vecindario, concebida como un espacio comunitario para facilitar el acceso a la cultura y el conocimiento.<\/p>\n<figure id=\"attachment_12714\" aria-describedby=\"caption-attachment-12714\" style=\"width: 650px\" class=\"wp-caption aligncenter\"><img fetchpriority=\"high\" decoding=\"async\" class=\"size-large wp-image-12714\" src=\"https:\/\/eldigitaldeasturias.com\/radio\/wp-content\/uploads\/2026\/05\/Barbon-inaugura-la-nueva-biblioteca-de-Casomera-650x407.jpg\" alt=\"Barb\u00f3n inaugura la nueva biblioteca de Casomera\" width=\"650\" height=\"407\" srcset=\"https:\/\/eldigitaldeasturias.com\/radio\/wp-content\/uploads\/2026\/05\/Barbon-inaugura-la-nueva-biblioteca-de-Casomera-650x407.jpg 650w, https:\/\/eldigitaldeasturias.com\/radio\/wp-content\/uploads\/2026\/05\/Barbon-inaugura-la-nueva-biblioteca-de-Casomera-360x225.jpg 360w, https:\/\/eldigitaldeasturias.com\/radio\/wp-content\/uploads\/2026\/05\/Barbon-inaugura-la-nueva-biblioteca-de-Casomera-768x480.jpg 768w, https:\/\/eldigitaldeasturias.com\/radio\/wp-content\/uploads\/2026\/05\/Barbon-inaugura-la-nueva-biblioteca-de-Casomera-150x94.jpg 150w, https:\/\/eldigitaldeasturias.com\/radio\/wp-content\/uploads\/2026\/05\/Barbon-inaugura-la-nueva-biblioteca-de-Casomera-450x281.jpg 450w, https:\/\/eldigitaldeasturias.com\/radio\/wp-content\/uploads\/2026\/05\/Barbon-inaugura-la-nueva-biblioteca-de-Casomera-1200x751.jpg 1200w, https:\/\/eldigitaldeasturias.com\/radio\/wp-content\/uploads\/2026\/05\/Barbon-inaugura-la-nueva-biblioteca-de-Casomera.jpg 1255w\" sizes=\"(max-width: 650px) 100vw, 650px\" \/><figcaption id=\"caption-attachment-12714\" class=\"wp-caption-text\">Foto: Prensa Principado de Asturias<\/figcaption><\/figure>\n<p data-start=\"351\" data-end=\"767\">El presidente del<span style=\"color: #ff6600;\"> <a style=\"color: #ff6600;\" href=\"https:\/\/actualidad.asturias.es\/\" target=\"_blank\" rel=\"noopener\"><strong>Principado de Asturias<\/strong><\/a><\/span>, Adri\u00e1n Barb\u00f3n, ha inaugurado la nueva biblioteca popular de Casomera (Aller), un proyecto nacido de la iniciativa vecinal con clara vocaci\u00f3n p\u00fablica y comunitaria. Barb\u00f3n ha destacado el valor colectivo del proyecto y el compromiso del vecindario, se\u00f1alando que \u201cesta biblioteca es un ejemplo de c\u00f3mo la cultura nace del pueblo y se construye desde la cooperaci\u00f3n\u201d.<\/p>\n<h1 data-section-id=\"1toygcc\" data-start=\"771\" data-end=\"823\">El papel de las bibliotecas en la democratizaci\u00f3n<\/h1>\n<p data-start=\"827\" data-end=\"1398\">Durante su intervenci\u00f3n, el presidente ha subrayado una idea central: el papel de las bibliotecas como herramienta de democratizaci\u00f3n del conocimiento y garant\u00eda de libertad. Barb\u00f3n ha recordado que ya en los or\u00edgenes del movimiento obrero estos espacios fueron esenciales, afirmando que \u201clas bibliotecas populares permitieron que la educaci\u00f3n y la cultura dejaran de ser un privilegio y se convirtieran en un derecho\u201d. En un contexto de desigualdad y altas tasas de analfabetismo, ha defendido que estos centros fueron clave para la formaci\u00f3n de las clases trabajadoras.<\/p>\n<h2 data-section-id=\"1e0lh1n\" data-start=\"1402\" data-end=\"1450\">Referencias hist\u00f3ricas y pol\u00edticas educativas<\/h2>\n<p data-start=\"1454\" data-end=\"2070\">El jefe del Ejecutivo auton\u00f3mico ha aportado adem\u00e1s una reflexi\u00f3n hist\u00f3rica vinculada al exilio republicano tras la Guerra Civil, citando datos del informe Quintanilla, que pudo consultar en su reciente viaje institucional a M\u00e9xico. \u201cCuando se analizan los perfiles de quienes se marcharon al exilio, se comprueba que la mayor\u00eda pertenec\u00eda a oficios humildes y, sin embargo, los niveles de analfabetismo eran muy bajos gracias al esfuerzo educativo previo\u201d, ha explicado. Para Barb\u00f3n, estos datos han demostrado que las pol\u00edticas p\u00fablicas de alfabetizaci\u00f3n y acceso a la cultura tienen efectos profundos y duraderos.<\/p>\n<h2 data-section-id=\"9epfkb\" data-start=\"2074\" data-end=\"2116\">Reconocimiento al impulsor del proyecto<\/h2>\n<p data-start=\"2120\" data-end=\"2623\" data-is-last-node=\"\" data-is-only-node=\"\">Barb\u00f3n ha cerrado su intervenci\u00f3n con un reconocimiento personal a Fernando \u00c1lvarez, impulsor de la biblioteca y antiguo profesor suyo, al que ha definido como un docente que ense\u00f1aba a pensar de forma cr\u00edtica. \u201cNada nos hace m\u00e1s libres que la cultura y el conocimiento\u201d, ha asegurado, defendiendo la vigencia del libro y de las bibliotecas en un mundo marcado por la desinformaci\u00f3n. La biblioteca de Casomera, ha concluido, ha nacido para que \u201cnadie quede privado de acceder al saber, viva donde viva\u201d.<\/p>\n","protected":false},"excerpt":{"rendered":"<p>Casomera, en Aller, ya cuenta con una nueva biblioteca popular impulsada por el vecindario, concebida como un espacio comunitario para facilitar el acceso a la cultura y el conocimiento. El presidente del Principado de Asturias, Adri\u00e1n Barb\u00f3n, ha inaugurado la nueva biblioteca popular de Casomera (Aller), un proyecto nacido de la iniciativa vecinal con clara<\/p>\n","protected":false},"author":1,"featured_media":12714,"comment_status":"closed","ping_status":"closed","sticky":false,"template":"","format":"standard","meta":{"footnotes":""},"categories":[145],"tags":[],"class_list":{"0":"post-12712","1":"post","2":"type-post","3":"status-publish","4":"format-standard","5":"has-post-thumbnail","7":"category-concejos-asturias"},"aioseo_notices":[],"aioseo_head":"\n\t\t<!-- All in One SEO Pro 4.9.6.2 - aioseo.com -->\n\t<meta name=\"description\" content=\"Casomera, en Aller, ya cuenta con una nueva biblioteca popular impulsada por el vecindario, concebida como un espacio comunitario para facilitar el acceso\" \/>\n\t<meta name=\"robots\" content=\"max-image-preview:large\" \/>\n\t<meta name=\"author\" content=\"NBAsturias\"\/>\n\t<meta name=\"google-site-verification\" content=\"UA-38556648-1\" \/>\n\t<meta name=\"keywords\" content=\"concejos asturias\" \/>\n\t<link rel=\"canonical\" href=\"https:\/\/eldigitaldeasturias.com\/radio\/barbon-inaugura-la-nueva-biblioteca-de-casomera\/\" \/>\n\t<meta name=\"generator\" content=\"All in One SEO Pro (AIOSEO) 4.9.6.2\" \/>\n\t\t<meta property=\"og:locale\" content=\"es_ES\" \/>\n\t\t<meta property=\"og:site_name\" content=\"El Digital de Asturias | Diario de informaci\u00f3n y noticias\" \/>\n\t\t<meta property=\"og:type\" content=\"article\" \/>\n\t\t<meta property=\"og:title\" content=\"Barb\u00f3n inaugura la nueva biblioteca de Casomera | El Digital de Asturias\" \/>\n\t\t<meta property=\"og:description\" content=\"Casomera, en Aller, ya cuenta con una nueva biblioteca popular impulsada por el vecindario, concebida como un espacio comunitario para facilitar el acceso\" \/>\n\t\t<meta property=\"og:url\" content=\"https:\/\/eldigitaldeasturias.com\/radio\/barbon-inaugura-la-nueva-biblioteca-de-casomera\/\" \/>\n\t\t<meta property=\"og:image\" content=\"https:\/\/eldigitaldeasturias.com\/radio\/wp-content\/uploads\/2026\/05\/Barbon-inaugura-la-nueva-biblioteca-de-Casomera.jpg\" \/>\n\t\t<meta property=\"og:image:secure_url\" content=\"https:\/\/eldigitaldeasturias.com\/radio\/wp-content\/uploads\/2026\/05\/Barbon-inaugura-la-nueva-biblioteca-de-Casomera.jpg\" \/>\n\t\t<meta property=\"og:image:width\" content=\"1255\" \/>\n\t\t<meta property=\"og:image:height\" content=\"785\" \/>\n\t\t<meta property=\"article:published_time\" content=\"2026-05-02T20:16:23+00:00\" \/>\n\t\t<meta property=\"article:modified_time\" content=\"2026-05-02T20:16:23+00:00\" \/>\n\t\t<meta name=\"twitter:card\" content=\"summary_large_image\" \/>\n\t\t<meta name=\"twitter:site\" content=\"@bercodi\" \/>\n\t\t<meta name=\"twitter:title\" content=\"Barb\u00f3n inaugura la nueva biblioteca de Casomera | El Digital de Asturias\" \/>\n\t\t<meta name=\"twitter:description\" content=\"Casomera, en Aller, ya cuenta con una nueva biblioteca popular impulsada por el vecindario, concebida como un espacio comunitario para facilitar el acceso\" \/>\n\t\t<meta name=\"twitter:creator\" content=\"@bercodi\" \/>\n\t\t<meta name=\"twitter:image\" content=\"https:\/\/eldigitaldeasturias.com\/radio\/wp-content\/uploads\/2026\/05\/Barbon-inaugura-la-nueva-biblioteca-de-Casomera.jpg\" \/>\n\t\t<script type=\"application\/ld+json\" class=\"aioseo-schema\">\n\t\t\t{\"@context\":\"https:\\\/\\\/schema.org\",\"@graph\":[{\"@type\":\"BreadcrumbList\",\"@id\":\"https:\\\/\\\/eldigitaldeasturias.com\\\/radio\\\/barbon-inaugura-la-nueva-biblioteca-de-casomera\\\/#breadcrumblist\",\"itemListElement\":[{\"@type\":\"ListItem\",\"@id\":\"https:\\\/\\\/eldigitaldeasturias.com\\\/radio#listItem\",\"position\":1,\"name\":\"Inicio\",\"item\":\"https:\\\/\\\/eldigitaldeasturias.com\\\/radio\",\"nextItem\":{\"@type\":\"ListItem\",\"@id\":\"https:\\\/\\\/eldigitaldeasturias.com\\\/radio\\\/category\\\/concejos-asturias\\\/#listItem\",\"name\":\"Concejos Asturias\"}},{\"@type\":\"ListItem\",\"@id\":\"https:\\\/\\\/eldigitaldeasturias.com\\\/radio\\\/category\\\/concejos-asturias\\\/#listItem\",\"position\":2,\"name\":\"Concejos Asturias\",\"item\":\"https:\\\/\\\/eldigitaldeasturias.com\\\/radio\\\/category\\\/concejos-asturias\\\/\",\"nextItem\":{\"@type\":\"ListItem\",\"@id\":\"https:\\\/\\\/eldigitaldeasturias.com\\\/radio\\\/barbon-inaugura-la-nueva-biblioteca-de-casomera\\\/#listItem\",\"name\":\"Barb\\u00f3n inaugura la nueva biblioteca de Casomera\"},\"previousItem\":{\"@type\":\"ListItem\",\"@id\":\"https:\\\/\\\/eldigitaldeasturias.com\\\/radio#listItem\",\"name\":\"Inicio\"}},{\"@type\":\"ListItem\",\"@id\":\"https:\\\/\\\/eldigitaldeasturias.com\\\/radio\\\/barbon-inaugura-la-nueva-biblioteca-de-casomera\\\/#listItem\",\"position\":3,\"name\":\"Barb\\u00f3n inaugura la nueva biblioteca de Casomera\",\"previousItem\":{\"@type\":\"ListItem\",\"@id\":\"https:\\\/\\\/eldigitaldeasturias.com\\\/radio\\\/category\\\/concejos-asturias\\\/#listItem\",\"name\":\"Concejos Asturias\"}}]},{\"@type\":\"NewsArticle\",\"@id\":\"https:\\\/\\\/eldigitaldeasturias.com\\\/radio\\\/barbon-inaugura-la-nueva-biblioteca-de-casomera\\\/#newsarticle\",\"name\":\"Barb\\u00f3n inaugura la nueva biblioteca de Casomera | El Digital de Asturias\",\"headline\":\"Barb\\u00f3n inaugura la nueva biblioteca de Casomera\",\"author\":{\"@id\":\"https:\\\/\\\/eldigitaldeasturias.com\\\/radio\\\/author\\\/nbasturias\\\/#author\"},\"publisher\":{\"@id\":\"https:\\\/\\\/eldigitaldeasturias.com\\\/radio\\\/#organization\"},\"image\":{\"@type\":\"ImageObject\",\"url\":\"https:\\\/\\\/eldigitaldeasturias.com\\\/radio\\\/wp-content\\\/uploads\\\/2026\\\/05\\\/Barbon-inaugura-la-nueva-biblioteca-de-Casomera.jpg\",\"width\":1255,\"height\":785,\"caption\":\"Foto: Prensa Principado de Asturias\"},\"datePublished\":\"2026-05-02T22:16:23+02:00\",\"dateModified\":\"2026-05-02T22:16:23+02:00\",\"inLanguage\":\"es-ES\",\"mainEntityOfPage\":{\"@id\":\"https:\\\/\\\/eldigitaldeasturias.com\\\/radio\\\/barbon-inaugura-la-nueva-biblioteca-de-casomera\\\/#webpage\"},\"isPartOf\":{\"@id\":\"https:\\\/\\\/eldigitaldeasturias.com\\\/radio\\\/barbon-inaugura-la-nueva-biblioteca-de-casomera\\\/#webpage\"},\"articleSection\":\"Concejos Asturias\",\"dateline\":\"Publicado el mayo 2, 2026.\"},{\"@type\":\"Organization\",\"@id\":\"https:\\\/\\\/eldigitaldeasturias.com\\\/radio\\\/#organization\",\"name\":\"El digital de Asturias Radio\",\"description\":\"Diario de informaci\\u00f3n y noticias\",\"url\":\"https:\\\/\\\/eldigitaldeasturias.com\\\/radio\\\/\",\"telephone\":\"+34652131393\",\"logo\":{\"@type\":\"ImageObject\",\"url\":\"https:\\\/\\\/www.eldigitaldeasturias.com\\\/radio\\\/wp-content\\\/uploads\\\/2021\\\/03\\\/EDA.jpg\",\"@id\":\"https:\\\/\\\/eldigitaldeasturias.com\\\/radio\\\/barbon-inaugura-la-nueva-biblioteca-de-casomera\\\/#organizationLogo\"},\"image\":{\"@id\":\"https:\\\/\\\/eldigitaldeasturias.com\\\/radio\\\/barbon-inaugura-la-nueva-biblioteca-de-casomera\\\/#organizationLogo\"},\"sameAs\":[\"https:\\\/\\\/www.facebook.com\\\/\",\"https:\\\/\\\/x.com\\\/bercodi\",\"https:\\\/\\\/www.instagram.com\\\/\",\"https:\\\/\\\/www.youtube.com\\\/channel\\\/UCZP-2wLEB9Rv6erhFmqVnvg\"]},{\"@type\":\"Person\",\"@id\":\"https:\\\/\\\/eldigitaldeasturias.com\\\/radio\\\/author\\\/nbasturias\\\/#author\",\"url\":\"https:\\\/\\\/eldigitaldeasturias.com\\\/radio\\\/author\\\/nbasturias\\\/\",\"name\":\"NBAsturias\",\"image\":{\"@type\":\"ImageObject\",\"@id\":\"https:\\\/\\\/eldigitaldeasturias.com\\\/radio\\\/barbon-inaugura-la-nueva-biblioteca-de-casomera\\\/#authorImage\",\"url\":\"https:\\\/\\\/secure.gravatar.com\\\/avatar\\\/df2aeffc32bcd13f8d26072ef8a91b623d677766deac7f97ca815868cd41bf5e?s=96&d=mm&r=g\",\"width\":96,\"height\":96,\"caption\":\"NBAsturias\"}},{\"@type\":\"WebPage\",\"@id\":\"https:\\\/\\\/eldigitaldeasturias.com\\\/radio\\\/barbon-inaugura-la-nueva-biblioteca-de-casomera\\\/#webpage\",\"url\":\"https:\\\/\\\/eldigitaldeasturias.com\\\/radio\\\/barbon-inaugura-la-nueva-biblioteca-de-casomera\\\/\",\"name\":\"Barb\\u00f3n inaugura la nueva biblioteca de Casomera | El Digital de Asturias\",\"description\":\"Casomera, en Aller, ya cuenta con una nueva biblioteca popular impulsada por el vecindario, concebida como un espacio comunitario para facilitar el acceso\",\"inLanguage\":\"es-ES\",\"isPartOf\":{\"@id\":\"https:\\\/\\\/eldigitaldeasturias.com\\\/radio\\\/#website\"},\"breadcrumb\":{\"@id\":\"https:\\\/\\\/eldigitaldeasturias.com\\\/radio\\\/barbon-inaugura-la-nueva-biblioteca-de-casomera\\\/#breadcrumblist\"},\"author\":{\"@id\":\"https:\\\/\\\/eldigitaldeasturias.com\\\/radio\\\/author\\\/nbasturias\\\/#author\"},\"creator\":{\"@id\":\"https:\\\/\\\/eldigitaldeasturias.com\\\/radio\\\/author\\\/nbasturias\\\/#author\"},\"image\":{\"@type\":\"ImageObject\",\"url\":\"https:\\\/\\\/eldigitaldeasturias.com\\\/radio\\\/wp-content\\\/uploads\\\/2026\\\/05\\\/Barbon-inaugura-la-nueva-biblioteca-de-Casomera.jpg\",\"@id\":\"https:\\\/\\\/eldigitaldeasturias.com\\\/radio\\\/barbon-inaugura-la-nueva-biblioteca-de-casomera\\\/#mainImage\",\"width\":1255,\"height\":785,\"caption\":\"Foto: Prensa Principado de Asturias\"},\"primaryImageOfPage\":{\"@id\":\"https:\\\/\\\/eldigitaldeasturias.com\\\/radio\\\/barbon-inaugura-la-nueva-biblioteca-de-casomera\\\/#mainImage\"},\"datePublished\":\"2026-05-02T22:16:23+02:00\",\"dateModified\":\"2026-05-02T22:16:23+02:00\"},{\"@type\":\"WebSite\",\"@id\":\"https:\\\/\\\/eldigitaldeasturias.com\\\/radio\\\/#website\",\"url\":\"https:\\\/\\\/eldigitaldeasturias.com\\\/radio\\\/\",\"name\":\"El Digital de Asturias\",\"description\":\"Diario de informaci\\u00f3n y noticias\",\"inLanguage\":\"es-ES\",\"publisher\":{\"@id\":\"https:\\\/\\\/eldigitaldeasturias.com\\\/radio\\\/#organization\"}}]}\n\t\t<\/script>\n\t\t<!-- All in One SEO Pro -->\r\n\t\t<title>Barb\u00f3n inaugura la nueva biblioteca de Casomera | El Digital de Asturias<\/title>\n\n","aioseo_head_json":{"title":"Barb\u00f3n inaugura la nueva biblioteca de Casomera | El Digital de Asturias","description":"Casomera, en Aller, ya cuenta con una nueva biblioteca popular impulsada por el vecindario, concebida como un espacio comunitario para facilitar el acceso","canonical_url":"https:\/\/eldigitaldeasturias.com\/radio\/barbon-inaugura-la-nueva-biblioteca-de-casomera\/","robots":"max-image-preview:large","keywords":"concejos asturias","webmasterTools":{"google-site-verification":"UA-38556648-1","miscellaneous":""},"schema":{"@context":"https:\/\/schema.org","@graph":[{"@type":"BreadcrumbList","@id":"https:\/\/eldigitaldeasturias.com\/radio\/barbon-inaugura-la-nueva-biblioteca-de-casomera\/#breadcrumblist","itemListElement":[{"@type":"ListItem","@id":"https:\/\/eldigitaldeasturias.com\/radio#listItem","position":1,"name":"Inicio","item":"https:\/\/eldigitaldeasturias.com\/radio","nextItem":{"@type":"ListItem","@id":"https:\/\/eldigitaldeasturias.com\/radio\/category\/concejos-asturias\/#listItem","name":"Concejos Asturias"}},{"@type":"ListItem","@id":"https:\/\/eldigitaldeasturias.com\/radio\/category\/concejos-asturias\/#listItem","position":2,"name":"Concejos Asturias","item":"https:\/\/eldigitaldeasturias.com\/radio\/category\/concejos-asturias\/","nextItem":{"@type":"ListItem","@id":"https:\/\/eldigitaldeasturias.com\/radio\/barbon-inaugura-la-nueva-biblioteca-de-casomera\/#listItem","name":"Barb\u00f3n inaugura la nueva biblioteca de Casomera"},"previousItem":{"@type":"ListItem","@id":"https:\/\/eldigitaldeasturias.com\/radio#listItem","name":"Inicio"}},{"@type":"ListItem","@id":"https:\/\/eldigitaldeasturias.com\/radio\/barbon-inaugura-la-nueva-biblioteca-de-casomera\/#listItem","position":3,"name":"Barb\u00f3n inaugura la nueva biblioteca de Casomera","previousItem":{"@type":"ListItem","@id":"https:\/\/eldigitaldeasturias.com\/radio\/category\/concejos-asturias\/#listItem","name":"Concejos Asturias"}}]},{"@type":"NewsArticle","@id":"https:\/\/eldigitaldeasturias.com\/radio\/barbon-inaugura-la-nueva-biblioteca-de-casomera\/#newsarticle","name":"Barb\u00f3n inaugura la nueva biblioteca de Casomera | El Digital de Asturias","headline":"Barb\u00f3n inaugura la nueva biblioteca de Casomera","author":{"@id":"https:\/\/eldigitaldeasturias.com\/radio\/author\/nbasturias\/#author"},"publisher":{"@id":"https:\/\/eldigitaldeasturias.com\/radio\/#organization"},"image":{"@type":"ImageObject","url":"https:\/\/eldigitaldeasturias.com\/radio\/wp-content\/uploads\/2026\/05\/Barbon-inaugura-la-nueva-biblioteca-de-Casomera.jpg","width":1255,"height":785,"caption":"Foto: Prensa Principado de Asturias"},"datePublished":"2026-05-02T22:16:23+02:00","dateModified":"2026-05-02T22:16:23+02:00","inLanguage":"es-ES","mainEntityOfPage":{"@id":"https:\/\/eldigitaldeasturias.com\/radio\/barbon-inaugura-la-nueva-biblioteca-de-casomera\/#webpage"},"isPartOf":{"@id":"https:\/\/eldigitaldeasturias.com\/radio\/barbon-inaugura-la-nueva-biblioteca-de-casomera\/#webpage"},"articleSection":"Concejos Asturias","dateline":"Publicado el mayo 2, 2026."},{"@type":"Organization","@id":"https:\/\/eldigitaldeasturias.com\/radio\/#organization","name":"El digital de Asturias Radio","description":"Diario de informaci\u00f3n y noticias","url":"https:\/\/eldigitaldeasturias.com\/radio\/","telephone":"+34652131393","logo":{"@type":"ImageObject","url":"https:\/\/www.eldigitaldeasturias.com\/radio\/wp-content\/uploads\/2021\/03\/EDA.jpg","@id":"https:\/\/eldigitaldeasturias.com\/radio\/barbon-inaugura-la-nueva-biblioteca-de-casomera\/#organizationLogo"},"image":{"@id":"https:\/\/eldigitaldeasturias.com\/radio\/barbon-inaugura-la-nueva-biblioteca-de-casomera\/#organizationLogo"},"sameAs":["https:\/\/www.facebook.com\/","https:\/\/x.com\/bercodi","https:\/\/www.instagram.com\/","https:\/\/www.youtube.com\/channel\/UCZP-2wLEB9Rv6erhFmqVnvg"]},{"@type":"Person","@id":"https:\/\/eldigitaldeasturias.com\/radio\/author\/nbasturias\/#author","url":"https:\/\/eldigitaldeasturias.com\/radio\/author\/nbasturias\/","name":"NBAsturias","image":{"@type":"ImageObject","@id":"https:\/\/eldigitaldeasturias.com\/radio\/barbon-inaugura-la-nueva-biblioteca-de-casomera\/#authorImage","url":"https:\/\/secure.gravatar.com\/avatar\/df2aeffc32bcd13f8d26072ef8a91b623d677766deac7f97ca815868cd41bf5e?s=96&d=mm&r=g","width":96,"height":96,"caption":"NBAsturias"}},{"@type":"WebPage","@id":"https:\/\/eldigitaldeasturias.com\/radio\/barbon-inaugura-la-nueva-biblioteca-de-casomera\/#webpage","url":"https:\/\/eldigitaldeasturias.com\/radio\/barbon-inaugura-la-nueva-biblioteca-de-casomera\/","name":"Barb\u00f3n inaugura la nueva biblioteca de Casomera | El Digital de Asturias","description":"Casomera, en Aller, ya cuenta con una nueva biblioteca popular impulsada por el vecindario, concebida como un espacio comunitario para facilitar el acceso","inLanguage":"es-ES","isPartOf":{"@id":"https:\/\/eldigitaldeasturias.com\/radio\/#website"},"breadcrumb":{"@id":"https:\/\/eldigitaldeasturias.com\/radio\/barbon-inaugura-la-nueva-biblioteca-de-casomera\/#breadcrumblist"},"author":{"@id":"https:\/\/eldigitaldeasturias.com\/radio\/author\/nbasturias\/#author"},"creator":{"@id":"https:\/\/eldigitaldeasturias.com\/radio\/author\/nbasturias\/#author"},"image":{"@type":"ImageObject","url":"https:\/\/eldigitaldeasturias.com\/radio\/wp-content\/uploads\/2026\/05\/Barbon-inaugura-la-nueva-biblioteca-de-Casomera.jpg","@id":"https:\/\/eldigitaldeasturias.com\/radio\/barbon-inaugura-la-nueva-biblioteca-de-casomera\/#mainImage","width":1255,"height":785,"caption":"Foto: Prensa Principado de Asturias"},"primaryImageOfPage":{"@id":"https:\/\/eldigitaldeasturias.com\/radio\/barbon-inaugura-la-nueva-biblioteca-de-casomera\/#mainImage"},"datePublished":"2026-05-02T22:16:23+02:00","dateModified":"2026-05-02T22:16:23+02:00"},{"@type":"WebSite","@id":"https:\/\/eldigitaldeasturias.com\/radio\/#website","url":"https:\/\/eldigitaldeasturias.com\/radio\/","name":"El Digital de Asturias","description":"Diario de informaci\u00f3n y noticias","inLanguage":"es-ES","publisher":{"@id":"https:\/\/eldigitaldeasturias.com\/radio\/#organization"}}]},"og:locale":"es_ES","og:site_name":"El Digital de Asturias | Diario de informaci\u00f3n y noticias","og:type":"article","og:title":"Barb\u00f3n inaugura la nueva biblioteca de Casomera | El Digital de Asturias","og:description":"Casomera, en Aller, ya cuenta con una nueva biblioteca popular impulsada por el vecindario, concebida como un espacio comunitario para facilitar el acceso","og:url":"https:\/\/eldigitaldeasturias.com\/radio\/barbon-inaugura-la-nueva-biblioteca-de-casomera\/","og:image":"https:\/\/eldigitaldeasturias.com\/radio\/wp-content\/uploads\/2026\/05\/Barbon-inaugura-la-nueva-biblioteca-de-Casomera.jpg","og:image:secure_url":"https:\/\/eldigitaldeasturias.com\/radio\/wp-content\/uploads\/2026\/05\/Barbon-inaugura-la-nueva-biblioteca-de-Casomera.jpg","og:image:width":1255,"og:image:height":785,"article:published_time":"2026-05-02T20:16:23+00:00","article:modified_time":"2026-05-02T20:16:23+00:00","twitter:card":"summary_large_image","twitter:site":"@bercodi","twitter:title":"Barb\u00f3n inaugura la nueva biblioteca de Casomera | El Digital de Asturias","twitter:description":"Casomera, en Aller, ya cuenta con una nueva biblioteca popular impulsada por el vecindario, concebida como un espacio comunitario para facilitar el acceso","twitter:creator":"@bercodi","twitter:image":"https:\/\/eldigitaldeasturias.com\/radio\/wp-content\/uploads\/2026\/05\/Barbon-inaugura-la-nueva-biblioteca-de-Casomera.jpg"},"aioseo_meta_data":{"post_id":"12712","title":null,"description":"Casomera, en Aller, ya cuenta con una nueva biblioteca popular impulsada por el vecindario, concebida como un espacio comunitario para facilitar el acceso","keywords":null,"keyphrases":{"focus":{"keyphrase":"Casomera","score":91,"analysis":{"keyphraseInTitle":{"score":9,"maxScore":9,"error":0},"keyphraseInDescription":{"score":9,"maxScore":9,"error":0},"keyphraseLength":{"score":9,"maxScore":9,"error":0,"length":1},"keyphraseInURL":{"score":5,"maxScore":5,"error":0},"keyphraseInIntroduction":{"score":9,"maxScore":9,"error":0},"keyphraseInSubHeadings":{"score":3,"maxScore":9,"error":1},"keyphraseInImageAlt":{"score":9,"maxScore":9,"error":0},"keywordDensity":{"type":"best","score":9,"maxScore":9,"error":0}}},"additional":[{"keyphrase":"Casomera","score":100,"analysis":{"keyphraseInDescription":{"score":9,"maxScore":9,"error":0},"keyphraseLength":{"score":9,"maxScore":9,"error":0,"length":1},"keyphraseInIntroduction":{"score":9,"maxScore":9,"error":0},"keyphraseInImageAlt":{"score":9,"maxScore":9,"error":0},"keywordDensity":{"type":"best","score":9,"maxScore":9,"error":0}}}]},"primary_term":null,"canonical_url":null,"og_title":null,"og_description":null,"og_object_type":"default","og_image_type":"default","og_image_url":null,"og_image_width":null,"og_image_height":null,"og_image_custom_url":null,"og_image_custom_fields":null,"og_video":"","og_custom_url":null,"og_article_section":null,"og_article_tags":null,"twitter_use_og":false,"twitter_card":"default","twitter_image_type":"default","twitter_image_url":null,"twitter_image_custom_url":null,"twitter_image_custom_fields":null,"twitter_title":null,"twitter_description":null,"schema":{"blockGraphs":[],"customGraphs":[],"default":{"data":{"Article":[],"Course":[],"Dataset":[],"FAQPage":[],"Movie":[],"Person":[],"Product":[],"ProductReview":[],"Car":[],"Recipe":[],"Service":[],"SoftwareApplication":[],"WebPage":[]},"graphName":"NewsArticle","isEnabled":true},"graphs":[]},"schema_type":"default","schema_type_options":null,"pillar_content":false,"robots_default":true,"robots_noindex":false,"robots_noarchive":false,"robots_nosnippet":false,"robots_nofollow":false,"robots_noimageindex":false,"robots_noodp":false,"robots_notranslate":false,"robots_max_snippet":"-1","robots_max_videopreview":"-1","robots_max_imagepreview":"large","priority":null,"frequency":"default","location":null,"local_seo":null,"seo_analyzer_scan_date":"2026-05-02 20:55:28","breadcrumb_settings":null,"limit_modified_date":false,"open_ai":null,"ai":{"faqs":[],"keyPoints":[],"schemas":[],"titles":[],"descriptions":[],"socialPosts":{"email":[],"linkedin":[],"twitter":[],"facebook":[],"instagram":[]}},"created":"2026-05-01 18:22:05","updated":"2026-05-02 20:55:38"},"aioseo_breadcrumb":"<div class=\"aioseo-breadcrumbs\"><span class=\"aioseo-breadcrumb\">\n\t<a href=\"https:\/\/eldigitaldeasturias.com\/radio\" title=\"Inicio\">Inicio<\/a>\n<\/span><span class=\"aioseo-breadcrumb-separator\">&ndash;<\/span><span class=\"aioseo-breadcrumb\">\n\t<a href=\"https:\/\/eldigitaldeasturias.com\/radio\/category\/concejos-asturias\/\" title=\"Concejos Asturias\">Concejos Asturias<\/a>\n<\/span><span class=\"aioseo-breadcrumb-separator\">&ndash;<\/span><span class=\"aioseo-breadcrumb\">\n\tBarb\u00f3n inaugura la nueva biblioteca de Casomera\n<\/span><\/div>","aioseo_breadcrumb_json":[{"label":"Inicio","link":"https:\/\/eldigitaldeasturias.com\/radio"},{"label":"Concejos Asturias","link":"https:\/\/eldigitaldeasturias.com\/radio\/category\/concejos-asturias\/"},{"label":"Barb\u00f3n inaugura la nueva biblioteca de Casomera","link":"https:\/\/eldigitaldeasturias.com\/radio\/barbon-inaugura-la-nueva-biblioteca-de-casomera\/"}],"_links":{"self":[{"href":"https:\/\/eldigitaldeasturias.com\/radio\/wp-json\/wp\/v2\/posts\/12712","targetHints":{"allow":["GET"]}}],"collection":[{"href":"https:\/\/eldigitaldeasturias.com\/radio\/wp-json\/wp\/v2\/posts"}],"about":[{"href":"https:\/\/eldigitaldeasturias.com\/radio\/wp-json\/wp\/v2\/types\/post"}],"author":[{"embeddable":true,"href":"https:\/\/eldigitaldeasturias.com\/radio\/wp-json\/wp\/v2\/users\/1"}],"replies":[{"embeddable":true,"href":"https:\/\/eldigitaldeasturias.com\/radio\/wp-json\/wp\/v2\/comments?post=12712"}],"version-history":[{"count":1,"href":"https:\/\/eldigitaldeasturias.com\/radio\/wp-json\/wp\/v2\/posts\/12712\/revisions"}],"predecessor-version":[{"id":12715,"href":"https:\/\/eldigitaldeasturias.com\/radio\/wp-json\/wp\/v2\/posts\/12712\/revisions\/12715"}],"wp:featuredmedia":[{"embeddable":true,"href":"https:\/\/eldigitaldeasturias.com\/radio\/wp-json\/wp\/v2\/media\/12714"}],"wp:attachment":[{"href":"https:\/\/eldigitaldeasturias.com\/radio\/wp-json\/wp\/v2\/media?parent=12712"}],"wp:term":[{"taxonomy":"category","embeddable":true,"href":"https:\/\/eldigitaldeasturias.com\/radio\/wp-json\/wp\/v2\/categories?post=12712"},{"taxonomy":"post_tag","embeddable":true,"href":"https:\/\/eldigitaldeasturias.com\/radio\/wp-json\/wp\/v2\/tags?post=12712"}],"curies":[{"name":"wp","href":"https:\/\/api.w.org\/{rel}","templated":true}]}}