{"id":12708,"date":"2026-04-28T19:27:58","date_gmt":"2026-04-28T17:27:58","guid":{"rendered":"https:\/\/eldigitaldeasturias.com\/radio\/?p=12708"},"modified":"2026-04-28T19:27:58","modified_gmt":"2026-04-28T17:27:58","slug":"la-selmana-de-les-lletres-llega-a-14-concejos-de-asturias","status":"publish","type":"post","link":"https:\/\/eldigitaldeasturias.com\/radio\/la-selmana-de-les-lletres-llega-a-14-concejos-de-asturias\/","title":{"rendered":"La Selmana de les Lletres llega a 14 concejos de Asturias"},"content":{"rendered":"<p>La XLVII edici\u00f3n de la Selmana de les Lletres Asturianes recorrer\u00e1 14 <strong><a href=\"https:\/\/eldigitaldeasturias.com\/radio\/category\/concejos-asturias\/\"><span style=\"color: #ff6600;\">concejos<\/span><\/a> del Principado de Asturias<\/strong> del 30 de abril al 10 de mayo con m\u00e1s de veinte actividades dedicadas a Taresa C\u00f3nsul y al teatro costumbrista.<\/p>\n<figure id=\"attachment_12709\" aria-describedby=\"caption-attachment-12709\" style=\"width: 645px\" class=\"wp-caption aligncenter\"><img fetchpriority=\"high\" decoding=\"async\" class=\"size-large wp-image-12709\" src=\"https:\/\/eldigitaldeasturias.com\/radio\/wp-content\/uploads\/2026\/04\/La-Selmana-de-les-Lletres-llega-a-14-concejos-de-Asturias-645x480.jpg\" alt=\"La Selmana de les Lletres llega a 14 concejos de Asturias\" width=\"645\" height=\"480\" srcset=\"https:\/\/eldigitaldeasturias.com\/radio\/wp-content\/uploads\/2026\/04\/La-Selmana-de-les-Lletres-llega-a-14-concejos-de-Asturias-645x480.jpg 645w, https:\/\/eldigitaldeasturias.com\/radio\/wp-content\/uploads\/2026\/04\/La-Selmana-de-les-Lletres-llega-a-14-concejos-de-Asturias-360x268.jpg 360w, https:\/\/eldigitaldeasturias.com\/radio\/wp-content\/uploads\/2026\/04\/La-Selmana-de-les-Lletres-llega-a-14-concejos-de-Asturias-768x571.jpg 768w, https:\/\/eldigitaldeasturias.com\/radio\/wp-content\/uploads\/2026\/04\/La-Selmana-de-les-Lletres-llega-a-14-concejos-de-Asturias-150x112.jpg 150w, https:\/\/eldigitaldeasturias.com\/radio\/wp-content\/uploads\/2026\/04\/La-Selmana-de-les-Lletres-llega-a-14-concejos-de-Asturias-450x335.jpg 450w, https:\/\/eldigitaldeasturias.com\/radio\/wp-content\/uploads\/2026\/04\/La-Selmana-de-les-Lletres-llega-a-14-concejos-de-Asturias.jpg 1121w\" sizes=\"(max-width: 645px) 100vw, 645px\" \/><figcaption id=\"caption-attachment-12709\" class=\"wp-caption-text\">Foto: Nacho Berm\u00fadez \/ El Digital de Asturias<\/figcaption><\/figure>\n<p class=\"font-claude-response-body break-words whitespace-normal leading-[1.7]\">El <span style=\"color: #ff6600;\"><a style=\"color: #ff6600;\" href=\"https:\/\/actualidad.asturias.es\/\" target=\"_blank\" rel=\"noopener\"><strong>Gobierno del Principado<\/strong><\/a><\/span> impulsa una nueva edici\u00f3n de la Selmana de les Lletres Asturianes con una programaci\u00f3n descentralizada que llegar\u00e1 a 14 concejos y que combina el rescate de una figura esencial en la literatura asturiana, la de Taresa C\u00f3nsul, con el teatro popular, la creaci\u00f3n contempor\u00e1nea, la memoria cultural y la participaci\u00f3n ciudadana.<\/p>\n<p class=\"font-claude-response-body break-words whitespace-normal leading-[1.7]\">La XLVII Selmana de les Lletres Asturianes que organiza la Consejer\u00eda de Cultura, Pol\u00edtica Lling\u00fc\u00edstica y Deporte, despliega un programa diverso que consolida la presencia del asturiano y del eonaviego en la vida p\u00fablica y cultural. La celebraci\u00f3n comenzar\u00e1 el d\u00eda 30 de abril, con el Conciertu de les Lletres Asturianes, de la Orquesta Sinf\u00f3nica del Principado (OSPA) y se desarrollar\u00e1 hasta el 10 de mayo, con m\u00e1s de una veintena de actividades destinadas a acercar la lengua asturiana a nuevos p\u00fablicos y reforzar su uso en distintos \u00e1mbitos.<\/p>\n<p class=\"font-claude-response-body break-words whitespace-normal leading-[1.7]\">La edici\u00f3n de este a\u00f1o, dedicada a Taresa C\u00f3nsul y al teatro costumbrista asturiano, est\u00e1 coordinada por Dolfo Camilo D\u00edaz y Laura Iglesia. La propuesta combina actuaciones esc\u00e9nicas, musicales y divulgativas con un homenaje continuado al teatro popular, una tradici\u00f3n centenaria que llega viva y renovada a nuestros d\u00edas.<\/p>\n<h2 class=\"text-text-100 mt-3 -mb-1 text-[1.125rem] font-bold\">D\u00eda de les Lletres Asturianes<\/h2>\n<p class=\"font-claude-response-body break-words whitespace-normal leading-[1.7]\">El D\u00eda de les Lletres Asturianes, que se celebrar\u00e1 el viernes 8 de mayo, constituye una de las jornadas centrales. Ese d\u00eda, librer\u00edas y establecimientos de toda Asturias aplicar\u00e1n un 10 % de descuento en la compra de libros o discos en asturiano y eonaviego. Tambi\u00e9n distribuir\u00e1n la obra colectiva De viva voz. Taresa C\u00f3nsul y el teatru asturianu, hasta agotar existencias. Se trata de un volumen que desvela aspectos in\u00e9ditos de esta autora que vivi\u00f3 entre los siglos XVIII y XIX, la primera mujer de nombre conocido que escribi\u00f3 teatro en asturiano. Asimismo, en librer\u00edas de la zona del Eo-Navia se distribuir\u00e1 tambi\u00e9n la obra C\u00e1sasenos a nena, un divertido entrem\u00e9s de Manuel Garc\u00eda Galano, con el que se rinde homenaje a un autor esencial de esta lengua.<\/p>\n<p class=\"font-claude-response-body break-words whitespace-normal leading-[1.7]\">La consejer\u00eda sit\u00faa esta cita como pieza central de su acci\u00f3n cultural y normalizadora, orientada a fortalecer el asturiano y el eonaviego, apoyar al sector creativo, dar a conocer el teatro asturiano y acercar la cultura al conjunto del territorio en condiciones de igualdad.<\/p>\n<h1 class=\"text-text-100 mt-3 -mb-1 text-[1.125rem] font-bold\">Programa XLVII Selmana de les Lletres<\/h1>\n<h3 class=\"font-claude-response-body break-words whitespace-normal leading-[1.7]\">Jueves 30 de abril<\/h3>\n<p class=\"font-claude-response-body break-words whitespace-normal leading-[1.7]\">20:00 horas. Auditorio Pr\u00edncipe Felipe (Oviedo\/Uvi\u00e9u). Conciertu de les Lletres Asturianes, a cargo de la OSPA y el Coro Le\u00f3n de Oro, bajo la direcci\u00f3n de Marco Garc\u00eda de Paz. Auditorio Pr\u00edncipe Felipe<\/p>\n<h3 class=\"font-claude-response-body break-words whitespace-normal leading-[1.7]\">Lunes 4 de mayo<\/h3>\n<ul>\n<li class=\"font-claude-response-body break-words whitespace-normal leading-[1.7]\"><a href=\"https:\/\/candas365.es\/noticias\/selmana-de-les-lletres-asturianes-2026-en-candas\/\" target=\"_blank\" rel=\"noopener\"><span style=\"color: #ff6600;\"><strong>Cand\u00e1s<\/strong><\/span><\/a>. Acto institucional de inauguraci\u00f3n que incluye la presentaci\u00f3n del libro De viva voz. Taresa C\u00f3nsul y el teatru asturianu y la proyecci\u00f3n del documental Taresa C\u00f3nsul: a la lluz de la solombra.<\/li>\n<li class=\"font-claude-response-body break-words whitespace-normal leading-[1.7]\">19:00 horas. Llangr\u00e9u\/Langreo. Inicio del Proyectu C\u00f3nsul de Microteatro, con las piezas Comunicando, de Laura Camafreita, y Alcuerdu amistosu, de Pep\u00edn Garc\u00eda.<\/li>\n<\/ul>\n<h3 class=\"font-claude-response-body break-words whitespace-normal leading-[1.7]\">Martes 5 de mayo<\/h3>\n<ul>\n<li class=\"font-claude-response-body break-words whitespace-normal leading-[1.7]\">Corvera. Estreno de A min nada m&#8217;in-Theresa, de Dolfo Camilo D\u00edaz.<\/li>\n<li class=\"font-claude-response-body break-words whitespace-normal leading-[1.7]\">Cand\u00e1s. Mesa redonda Pa \u00f3nde va&#8217;l teatru asturianu, un espacio de reflexi\u00f3n sobre el presente y los retos del sector.<\/li>\n<\/ul>\n<h3 class=\"font-claude-response-body break-words whitespace-normal leading-[1.7]\">Mi\u00e9rcoles 6 de mayo<\/h3>\n<ul>\n<li class=\"font-claude-response-body break-words whitespace-normal leading-[1.7]\">Gij\u00f3n\/Xix\u00f3n. Pases matinales de la visita dramatizada Taresa C\u00f3nsul y el c\u00edrculu de Xovellanos.<\/li>\n<li class=\"font-claude-response-body break-words whitespace-normal leading-[1.7]\">Gij\u00f3n\/Xix\u00f3n. Duces sua\u00f1os: un musical pal sieglu XXI, dirigido por Mapi Quintana.<\/li>\n<li class=\"font-claude-response-body break-words whitespace-normal leading-[1.7]\">Oviedo\/Uvi\u00e9u. Conferencia L&#8217;escenariu familiar de Taresa C\u00f3nsul Requexo y Grau y nuevas representaciones del Proyectu C\u00f3nsul, con las piezas El Baile, de Jos\u00e9 Ram\u00f3n Oliva, y Hermanes, de Rosi Mart\u00ednez<\/li>\n<\/ul>\n<h3 class=\"font-claude-response-body break-words whitespace-normal leading-[1.7]\">Jueves 7 de mayo<\/h3>\n<ul>\n<li class=\"font-claude-response-body break-words whitespace-normal leading-[1.7]\">Colunga. Mesa redonda Un teatru asturianu en femen\u00edn.<\/li>\n<li class=\"font-claude-response-body break-words whitespace-normal leading-[1.7]\">L&#8217;Entregu\/El Entrego. Espect\u00e1culo de voz y guitarra barroca Poesimachia, a cargo de Carlos D\u00e1vila y Pablo Zapico<\/li>\n<\/ul>\n<h3 class=\"font-claude-response-body break-words whitespace-normal leading-[1.7]\">Viernes 8 de mayo<\/h3>\n<ul>\n<li class=\"font-claude-response-body break-words whitespace-normal leading-[1.7]\">Oviedo\/Uvi\u00e9u. El Museo Arqueol\u00f3gico de Asturias acoge la performance Cam\u00edn del conventu en dos pases (10:30 y 12:30 horas)<\/li>\n<li class=\"font-claude-response-body break-words whitespace-normal leading-[1.7]\">Lugones\/Llugones. A las 11:00 horas, el centro polivalente integrado de la localidad acoge el acto de entrega de reconocimientos de los cert\u00e1menes escolares.<\/li>\n<\/ul>\n<h3 class=\"font-claude-response-body break-words whitespace-normal leading-[1.7]\">S\u00e1bado 9 de mayo<\/h3>\n<ul>\n<li class=\"font-claude-response-body break-words whitespace-normal leading-[1.7]\">Tapia. Homenaje a las letras eonaviegas con la presentaci\u00f3n de C\u00e1sasenos a nena, de Manuel Garc\u00eda Galano, con lectura dramatizada del popular autor tapiego.<\/li>\n<li class=\"font-claude-response-body break-words whitespace-normal leading-[1.7]\">L&#8217;Infiestu. Nuevas piezas del Proyectu C\u00f3nsul: Caperucita y el llobu lig\u00f3n, de Carmen Campo, y La revoluci\u00f3n de los mandiles, de Chusa Juarros.<\/li>\n<li class=\"font-claude-response-body break-words whitespace-normal leading-[1.7]\">Llanera. Representaci\u00f3n de la obra A min nada m&#8217;in-Theresa.<\/li>\n<\/ul>\n<h3 class=\"font-claude-response-body break-words whitespace-normal leading-[1.7]\">Domingo 10 de mayo<\/h3>\n<ul>\n<li class=\"font-claude-response-body break-words whitespace-normal leading-[1.7]\">Avil\u00e9s. Flashmob A toos nos\u2026 In-Thresa en El Parche.<\/li>\n<li class=\"font-claude-response-body break-words whitespace-normal leading-[1.7]\">Cangas del Narcea. El Teatro Toreno acoge las \u00faltimas piezas del Proyectu C\u00f3nsul, con An\u00e9cdotes, de Fernando Valle y Dell&#8217;Arte Letal, de Sergio Buelga.<\/li>\n<\/ul>\n","protected":false},"excerpt":{"rendered":"<p>La XLVII edici\u00f3n de la Selmana de les Lletres Asturianes recorrer\u00e1 14 concejos del Principado de Asturias del 30 de abril al 10 de mayo con m\u00e1s de veinte actividades dedicadas a Taresa C\u00f3nsul y al teatro costumbrista. El Gobierno del Principado impulsa una nueva edici\u00f3n de la Selmana de les Lletres Asturianes con una<\/p>\n","protected":false},"author":1,"featured_media":12709,"comment_status":"closed","ping_status":"closed","sticky":false,"template":"","format":"standard","meta":{"footnotes":""},"categories":[145,36],"tags":[42,79],"class_list":{"0":"post-12708","1":"post","2":"type-post","3":"status-publish","4":"format-standard","5":"has-post-thumbnail","7":"category-concejos-asturias","8":"category-titulares","9":"tag-asturias","10":"tag-cultura"},"aioseo_notices":[],"aioseo_head":"\n\t\t<!-- All in One SEO Pro 4.9.6.2 - aioseo.com -->\n\t<meta name=\"description\" content=\"La XLVII edici\u00f3n de la Selmana de les Lletres Asturianes recorrer\u00e1 14 concejos del Principado de Asturias del 30 de abril al 10 de mayo con m\u00e1s de veinte\" \/>\n\t<meta name=\"robots\" content=\"max-image-preview:large\" \/>\n\t<meta name=\"author\" content=\"NBAsturias\"\/>\n\t<meta name=\"google-site-verification\" content=\"UA-38556648-1\" \/>\n\t<meta name=\"keywords\" content=\"concejos asturias,titulares\" \/>\n\t<link rel=\"canonical\" href=\"https:\/\/eldigitaldeasturias.com\/radio\/la-selmana-de-les-lletres-llega-a-14-concejos-de-asturias\/\" \/>\n\t<meta name=\"generator\" content=\"All in One SEO Pro (AIOSEO) 4.9.6.2\" \/>\n\t\t<meta property=\"og:locale\" content=\"es_ES\" \/>\n\t\t<meta property=\"og:site_name\" content=\"El Digital de Asturias | Diario de informaci\u00f3n y noticias\" \/>\n\t\t<meta property=\"og:type\" content=\"article\" \/>\n\t\t<meta property=\"og:title\" content=\"La Selmana de les Lletres llega a 14 concejos de Asturias | El Digital de Asturias\" \/>\n\t\t<meta property=\"og:description\" content=\"La XLVII edici\u00f3n de la Selmana de les Lletres Asturianes recorrer\u00e1 14 concejos del Principado de Asturias del 30 de abril al 10 de mayo con m\u00e1s de veinte\" \/>\n\t\t<meta property=\"og:url\" content=\"https:\/\/eldigitaldeasturias.com\/radio\/la-selmana-de-les-lletres-llega-a-14-concejos-de-asturias\/\" \/>\n\t\t<meta property=\"og:image\" content=\"https:\/\/eldigitaldeasturias.com\/radio\/wp-content\/uploads\/2026\/04\/La-Selmana-de-les-Lletres-llega-a-14-concejos-de-Asturias.jpg\" \/>\n\t\t<meta property=\"og:image:secure_url\" content=\"https:\/\/eldigitaldeasturias.com\/radio\/wp-content\/uploads\/2026\/04\/La-Selmana-de-les-Lletres-llega-a-14-concejos-de-Asturias.jpg\" \/>\n\t\t<meta property=\"og:image:width\" content=\"1121\" \/>\n\t\t<meta property=\"og:image:height\" content=\"834\" \/>\n\t\t<meta property=\"article:published_time\" content=\"2026-04-28T17:27:58+00:00\" \/>\n\t\t<meta property=\"article:modified_time\" content=\"2026-04-28T17:27:58+00:00\" \/>\n\t\t<meta name=\"twitter:card\" content=\"summary_large_image\" \/>\n\t\t<meta name=\"twitter:site\" content=\"@bercodi\" \/>\n\t\t<meta name=\"twitter:title\" content=\"La Selmana de les Lletres llega a 14 concejos de Asturias | El Digital de Asturias\" \/>\n\t\t<meta name=\"twitter:description\" content=\"La XLVII edici\u00f3n de la Selmana de les Lletres Asturianes recorrer\u00e1 14 concejos del Principado de Asturias del 30 de abril al 10 de mayo con m\u00e1s de veinte\" \/>\n\t\t<meta name=\"twitter:creator\" content=\"@bercodi\" \/>\n\t\t<meta name=\"twitter:image\" content=\"https:\/\/eldigitaldeasturias.com\/radio\/wp-content\/uploads\/2026\/04\/La-Selmana-de-les-Lletres-llega-a-14-concejos-de-Asturias.jpg\" \/>\n\t\t<script type=\"application\/ld+json\" class=\"aioseo-schema\">\n\t\t\t{\"@context\":\"https:\\\/\\\/schema.org\",\"@graph\":[{\"@type\":\"BreadcrumbList\",\"@id\":\"https:\\\/\\\/eldigitaldeasturias.com\\\/radio\\\/la-selmana-de-les-lletres-llega-a-14-concejos-de-asturias\\\/#breadcrumblist\",\"itemListElement\":[{\"@type\":\"ListItem\",\"@id\":\"https:\\\/\\\/eldigitaldeasturias.com\\\/radio#listItem\",\"position\":1,\"name\":\"Inicio\",\"item\":\"https:\\\/\\\/eldigitaldeasturias.com\\\/radio\",\"nextItem\":{\"@type\":\"ListItem\",\"@id\":\"https:\\\/\\\/eldigitaldeasturias.com\\\/radio\\\/category\\\/titulares\\\/#listItem\",\"name\":\"Titulares\"}},{\"@type\":\"ListItem\",\"@id\":\"https:\\\/\\\/eldigitaldeasturias.com\\\/radio\\\/category\\\/titulares\\\/#listItem\",\"position\":2,\"name\":\"Titulares\",\"item\":\"https:\\\/\\\/eldigitaldeasturias.com\\\/radio\\\/category\\\/titulares\\\/\",\"nextItem\":{\"@type\":\"ListItem\",\"@id\":\"https:\\\/\\\/eldigitaldeasturias.com\\\/radio\\\/la-selmana-de-les-lletres-llega-a-14-concejos-de-asturias\\\/#listItem\",\"name\":\"La Selmana de les Lletres llega a 14 concejos de Asturias\"},\"previousItem\":{\"@type\":\"ListItem\",\"@id\":\"https:\\\/\\\/eldigitaldeasturias.com\\\/radio#listItem\",\"name\":\"Inicio\"}},{\"@type\":\"ListItem\",\"@id\":\"https:\\\/\\\/eldigitaldeasturias.com\\\/radio\\\/la-selmana-de-les-lletres-llega-a-14-concejos-de-asturias\\\/#listItem\",\"position\":3,\"name\":\"La Selmana de les Lletres llega a 14 concejos de Asturias\",\"previousItem\":{\"@type\":\"ListItem\",\"@id\":\"https:\\\/\\\/eldigitaldeasturias.com\\\/radio\\\/category\\\/titulares\\\/#listItem\",\"name\":\"Titulares\"}}]},{\"@type\":\"NewsArticle\",\"@id\":\"https:\\\/\\\/eldigitaldeasturias.com\\\/radio\\\/la-selmana-de-les-lletres-llega-a-14-concejos-de-asturias\\\/#newsarticle\",\"name\":\"La Selmana de les Lletres llega a 14 concejos de Asturias | El Digital de Asturias\",\"headline\":\"La Selmana de les Lletres llega a 14 concejos de Asturias\",\"author\":{\"@id\":\"https:\\\/\\\/eldigitaldeasturias.com\\\/radio\\\/author\\\/nbasturias\\\/#author\"},\"publisher\":{\"@id\":\"https:\\\/\\\/eldigitaldeasturias.com\\\/radio\\\/#organization\"},\"image\":{\"@type\":\"ImageObject\",\"url\":\"https:\\\/\\\/eldigitaldeasturias.com\\\/radio\\\/wp-content\\\/uploads\\\/2026\\\/04\\\/La-Selmana-de-les-Lletres-llega-a-14-concejos-de-Asturias.jpg\",\"width\":1121,\"height\":834,\"caption\":\"Foto: Nacho Berm\\u00fadez \\\/ El Digital de Asturias\"},\"datePublished\":\"2026-04-28T19:27:58+02:00\",\"dateModified\":\"2026-04-28T19:27:58+02:00\",\"inLanguage\":\"es-ES\",\"mainEntityOfPage\":{\"@id\":\"https:\\\/\\\/eldigitaldeasturias.com\\\/radio\\\/la-selmana-de-les-lletres-llega-a-14-concejos-de-asturias\\\/#webpage\"},\"isPartOf\":{\"@id\":\"https:\\\/\\\/eldigitaldeasturias.com\\\/radio\\\/la-selmana-de-les-lletres-llega-a-14-concejos-de-asturias\\\/#webpage\"},\"articleSection\":\"Concejos Asturias, Titulares, Asturias, cultura\",\"dateline\":\"Publicado el abril 28, 2026.\"},{\"@type\":\"Organization\",\"@id\":\"https:\\\/\\\/eldigitaldeasturias.com\\\/radio\\\/#organization\",\"name\":\"El digital de Asturias Radio\",\"description\":\"Diario de informaci\\u00f3n y noticias\",\"url\":\"https:\\\/\\\/eldigitaldeasturias.com\\\/radio\\\/\",\"telephone\":\"+34652131393\",\"logo\":{\"@type\":\"ImageObject\",\"url\":\"https:\\\/\\\/www.eldigitaldeasturias.com\\\/radio\\\/wp-content\\\/uploads\\\/2021\\\/03\\\/EDA.jpg\",\"@id\":\"https:\\\/\\\/eldigitaldeasturias.com\\\/radio\\\/la-selmana-de-les-lletres-llega-a-14-concejos-de-asturias\\\/#organizationLogo\"},\"image\":{\"@id\":\"https:\\\/\\\/eldigitaldeasturias.com\\\/radio\\\/la-selmana-de-les-lletres-llega-a-14-concejos-de-asturias\\\/#organizationLogo\"},\"sameAs\":[\"https:\\\/\\\/www.facebook.com\\\/\",\"https:\\\/\\\/x.com\\\/bercodi\",\"https:\\\/\\\/www.instagram.com\\\/\",\"https:\\\/\\\/www.youtube.com\\\/channel\\\/UCZP-2wLEB9Rv6erhFmqVnvg\"]},{\"@type\":\"Person\",\"@id\":\"https:\\\/\\\/eldigitaldeasturias.com\\\/radio\\\/author\\\/nbasturias\\\/#author\",\"url\":\"https:\\\/\\\/eldigitaldeasturias.com\\\/radio\\\/author\\\/nbasturias\\\/\",\"name\":\"NBAsturias\",\"image\":{\"@type\":\"ImageObject\",\"@id\":\"https:\\\/\\\/eldigitaldeasturias.com\\\/radio\\\/la-selmana-de-les-lletres-llega-a-14-concejos-de-asturias\\\/#authorImage\",\"url\":\"https:\\\/\\\/secure.gravatar.com\\\/avatar\\\/df2aeffc32bcd13f8d26072ef8a91b623d677766deac7f97ca815868cd41bf5e?s=96&d=mm&r=g\",\"width\":96,\"height\":96,\"caption\":\"NBAsturias\"}},{\"@type\":\"WebPage\",\"@id\":\"https:\\\/\\\/eldigitaldeasturias.com\\\/radio\\\/la-selmana-de-les-lletres-llega-a-14-concejos-de-asturias\\\/#webpage\",\"url\":\"https:\\\/\\\/eldigitaldeasturias.com\\\/radio\\\/la-selmana-de-les-lletres-llega-a-14-concejos-de-asturias\\\/\",\"name\":\"La Selmana de les Lletres llega a 14 concejos de Asturias | El Digital de Asturias\",\"description\":\"La XLVII edici\\u00f3n de la Selmana de les Lletres Asturianes recorrer\\u00e1 14 concejos del Principado de Asturias del 30 de abril al 10 de mayo con m\\u00e1s de veinte\",\"inLanguage\":\"es-ES\",\"isPartOf\":{\"@id\":\"https:\\\/\\\/eldigitaldeasturias.com\\\/radio\\\/#website\"},\"breadcrumb\":{\"@id\":\"https:\\\/\\\/eldigitaldeasturias.com\\\/radio\\\/la-selmana-de-les-lletres-llega-a-14-concejos-de-asturias\\\/#breadcrumblist\"},\"author\":{\"@id\":\"https:\\\/\\\/eldigitaldeasturias.com\\\/radio\\\/author\\\/nbasturias\\\/#author\"},\"creator\":{\"@id\":\"https:\\\/\\\/eldigitaldeasturias.com\\\/radio\\\/author\\\/nbasturias\\\/#author\"},\"image\":{\"@type\":\"ImageObject\",\"url\":\"https:\\\/\\\/eldigitaldeasturias.com\\\/radio\\\/wp-content\\\/uploads\\\/2026\\\/04\\\/La-Selmana-de-les-Lletres-llega-a-14-concejos-de-Asturias.jpg\",\"@id\":\"https:\\\/\\\/eldigitaldeasturias.com\\\/radio\\\/la-selmana-de-les-lletres-llega-a-14-concejos-de-asturias\\\/#mainImage\",\"width\":1121,\"height\":834,\"caption\":\"Foto: Nacho Berm\\u00fadez \\\/ El Digital de Asturias\"},\"primaryImageOfPage\":{\"@id\":\"https:\\\/\\\/eldigitaldeasturias.com\\\/radio\\\/la-selmana-de-les-lletres-llega-a-14-concejos-de-asturias\\\/#mainImage\"},\"datePublished\":\"2026-04-28T19:27:58+02:00\",\"dateModified\":\"2026-04-28T19:27:58+02:00\"},{\"@type\":\"WebSite\",\"@id\":\"https:\\\/\\\/eldigitaldeasturias.com\\\/radio\\\/#website\",\"url\":\"https:\\\/\\\/eldigitaldeasturias.com\\\/radio\\\/\",\"name\":\"El Digital de Asturias\",\"description\":\"Diario de informaci\\u00f3n y noticias\",\"inLanguage\":\"es-ES\",\"publisher\":{\"@id\":\"https:\\\/\\\/eldigitaldeasturias.com\\\/radio\\\/#organization\"}}]}\n\t\t<\/script>\n\t\t<!-- All in One SEO Pro -->\r\n\t\t<title>La Selmana de les Lletres llega a 14 concejos de Asturias | El Digital de Asturias<\/title>\n\n","aioseo_head_json":{"title":"La Selmana de les Lletres llega a 14 concejos de Asturias | El Digital de Asturias","description":"La XLVII edici\u00f3n de la Selmana de les Lletres Asturianes recorrer\u00e1 14 concejos del Principado de Asturias del 30 de abril al 10 de mayo con m\u00e1s de veinte","canonical_url":"https:\/\/eldigitaldeasturias.com\/radio\/la-selmana-de-les-lletres-llega-a-14-concejos-de-asturias\/","robots":"max-image-preview:large","keywords":"concejos asturias,titulares","webmasterTools":{"google-site-verification":"UA-38556648-1","miscellaneous":""},"schema":{"@context":"https:\/\/schema.org","@graph":[{"@type":"BreadcrumbList","@id":"https:\/\/eldigitaldeasturias.com\/radio\/la-selmana-de-les-lletres-llega-a-14-concejos-de-asturias\/#breadcrumblist","itemListElement":[{"@type":"ListItem","@id":"https:\/\/eldigitaldeasturias.com\/radio#listItem","position":1,"name":"Inicio","item":"https:\/\/eldigitaldeasturias.com\/radio","nextItem":{"@type":"ListItem","@id":"https:\/\/eldigitaldeasturias.com\/radio\/category\/titulares\/#listItem","name":"Titulares"}},{"@type":"ListItem","@id":"https:\/\/eldigitaldeasturias.com\/radio\/category\/titulares\/#listItem","position":2,"name":"Titulares","item":"https:\/\/eldigitaldeasturias.com\/radio\/category\/titulares\/","nextItem":{"@type":"ListItem","@id":"https:\/\/eldigitaldeasturias.com\/radio\/la-selmana-de-les-lletres-llega-a-14-concejos-de-asturias\/#listItem","name":"La Selmana de les Lletres llega a 14 concejos de Asturias"},"previousItem":{"@type":"ListItem","@id":"https:\/\/eldigitaldeasturias.com\/radio#listItem","name":"Inicio"}},{"@type":"ListItem","@id":"https:\/\/eldigitaldeasturias.com\/radio\/la-selmana-de-les-lletres-llega-a-14-concejos-de-asturias\/#listItem","position":3,"name":"La Selmana de les Lletres llega a 14 concejos de Asturias","previousItem":{"@type":"ListItem","@id":"https:\/\/eldigitaldeasturias.com\/radio\/category\/titulares\/#listItem","name":"Titulares"}}]},{"@type":"NewsArticle","@id":"https:\/\/eldigitaldeasturias.com\/radio\/la-selmana-de-les-lletres-llega-a-14-concejos-de-asturias\/#newsarticle","name":"La Selmana de les Lletres llega a 14 concejos de Asturias | El Digital de Asturias","headline":"La Selmana de les Lletres llega a 14 concejos de Asturias","author":{"@id":"https:\/\/eldigitaldeasturias.com\/radio\/author\/nbasturias\/#author"},"publisher":{"@id":"https:\/\/eldigitaldeasturias.com\/radio\/#organization"},"image":{"@type":"ImageObject","url":"https:\/\/eldigitaldeasturias.com\/radio\/wp-content\/uploads\/2026\/04\/La-Selmana-de-les-Lletres-llega-a-14-concejos-de-Asturias.jpg","width":1121,"height":834,"caption":"Foto: Nacho Berm\u00fadez \/ El Digital de Asturias"},"datePublished":"2026-04-28T19:27:58+02:00","dateModified":"2026-04-28T19:27:58+02:00","inLanguage":"es-ES","mainEntityOfPage":{"@id":"https:\/\/eldigitaldeasturias.com\/radio\/la-selmana-de-les-lletres-llega-a-14-concejos-de-asturias\/#webpage"},"isPartOf":{"@id":"https:\/\/eldigitaldeasturias.com\/radio\/la-selmana-de-les-lletres-llega-a-14-concejos-de-asturias\/#webpage"},"articleSection":"Concejos Asturias, Titulares, Asturias, cultura","dateline":"Publicado el abril 28, 2026."},{"@type":"Organization","@id":"https:\/\/eldigitaldeasturias.com\/radio\/#organization","name":"El digital de Asturias Radio","description":"Diario de informaci\u00f3n y noticias","url":"https:\/\/eldigitaldeasturias.com\/radio\/","telephone":"+34652131393","logo":{"@type":"ImageObject","url":"https:\/\/www.eldigitaldeasturias.com\/radio\/wp-content\/uploads\/2021\/03\/EDA.jpg","@id":"https:\/\/eldigitaldeasturias.com\/radio\/la-selmana-de-les-lletres-llega-a-14-concejos-de-asturias\/#organizationLogo"},"image":{"@id":"https:\/\/eldigitaldeasturias.com\/radio\/la-selmana-de-les-lletres-llega-a-14-concejos-de-asturias\/#organizationLogo"},"sameAs":["https:\/\/www.facebook.com\/","https:\/\/x.com\/bercodi","https:\/\/www.instagram.com\/","https:\/\/www.youtube.com\/channel\/UCZP-2wLEB9Rv6erhFmqVnvg"]},{"@type":"Person","@id":"https:\/\/eldigitaldeasturias.com\/radio\/author\/nbasturias\/#author","url":"https:\/\/eldigitaldeasturias.com\/radio\/author\/nbasturias\/","name":"NBAsturias","image":{"@type":"ImageObject","@id":"https:\/\/eldigitaldeasturias.com\/radio\/la-selmana-de-les-lletres-llega-a-14-concejos-de-asturias\/#authorImage","url":"https:\/\/secure.gravatar.com\/avatar\/df2aeffc32bcd13f8d26072ef8a91b623d677766deac7f97ca815868cd41bf5e?s=96&d=mm&r=g","width":96,"height":96,"caption":"NBAsturias"}},{"@type":"WebPage","@id":"https:\/\/eldigitaldeasturias.com\/radio\/la-selmana-de-les-lletres-llega-a-14-concejos-de-asturias\/#webpage","url":"https:\/\/eldigitaldeasturias.com\/radio\/la-selmana-de-les-lletres-llega-a-14-concejos-de-asturias\/","name":"La Selmana de les Lletres llega a 14 concejos de Asturias | El Digital de Asturias","description":"La XLVII edici\u00f3n de la Selmana de les Lletres Asturianes recorrer\u00e1 14 concejos del Principado de Asturias del 30 de abril al 10 de mayo con m\u00e1s de veinte","inLanguage":"es-ES","isPartOf":{"@id":"https:\/\/eldigitaldeasturias.com\/radio\/#website"},"breadcrumb":{"@id":"https:\/\/eldigitaldeasturias.com\/radio\/la-selmana-de-les-lletres-llega-a-14-concejos-de-asturias\/#breadcrumblist"},"author":{"@id":"https:\/\/eldigitaldeasturias.com\/radio\/author\/nbasturias\/#author"},"creator":{"@id":"https:\/\/eldigitaldeasturias.com\/radio\/author\/nbasturias\/#author"},"image":{"@type":"ImageObject","url":"https:\/\/eldigitaldeasturias.com\/radio\/wp-content\/uploads\/2026\/04\/La-Selmana-de-les-Lletres-llega-a-14-concejos-de-Asturias.jpg","@id":"https:\/\/eldigitaldeasturias.com\/radio\/la-selmana-de-les-lletres-llega-a-14-concejos-de-asturias\/#mainImage","width":1121,"height":834,"caption":"Foto: Nacho Berm\u00fadez \/ El Digital de Asturias"},"primaryImageOfPage":{"@id":"https:\/\/eldigitaldeasturias.com\/radio\/la-selmana-de-les-lletres-llega-a-14-concejos-de-asturias\/#mainImage"},"datePublished":"2026-04-28T19:27:58+02:00","dateModified":"2026-04-28T19:27:58+02:00"},{"@type":"WebSite","@id":"https:\/\/eldigitaldeasturias.com\/radio\/#website","url":"https:\/\/eldigitaldeasturias.com\/radio\/","name":"El Digital de Asturias","description":"Diario de informaci\u00f3n y noticias","inLanguage":"es-ES","publisher":{"@id":"https:\/\/eldigitaldeasturias.com\/radio\/#organization"}}]},"og:locale":"es_ES","og:site_name":"El Digital de Asturias | Diario de informaci\u00f3n y noticias","og:type":"article","og:title":"La Selmana de les Lletres llega a 14 concejos de Asturias | El Digital de Asturias","og:description":"La XLVII edici\u00f3n de la Selmana de les Lletres Asturianes recorrer\u00e1 14 concejos del Principado de Asturias del 30 de abril al 10 de mayo con m\u00e1s de veinte","og:url":"https:\/\/eldigitaldeasturias.com\/radio\/la-selmana-de-les-lletres-llega-a-14-concejos-de-asturias\/","og:image":"https:\/\/eldigitaldeasturias.com\/radio\/wp-content\/uploads\/2026\/04\/La-Selmana-de-les-Lletres-llega-a-14-concejos-de-Asturias.jpg","og:image:secure_url":"https:\/\/eldigitaldeasturias.com\/radio\/wp-content\/uploads\/2026\/04\/La-Selmana-de-les-Lletres-llega-a-14-concejos-de-Asturias.jpg","og:image:width":1121,"og:image:height":834,"article:published_time":"2026-04-28T17:27:58+00:00","article:modified_time":"2026-04-28T17:27:58+00:00","twitter:card":"summary_large_image","twitter:site":"@bercodi","twitter:title":"La Selmana de les Lletres llega a 14 concejos de Asturias | El Digital de Asturias","twitter:description":"La XLVII edici\u00f3n de la Selmana de les Lletres Asturianes recorrer\u00e1 14 concejos del Principado de Asturias del 30 de abril al 10 de mayo con m\u00e1s de veinte","twitter:creator":"@bercodi","twitter:image":"https:\/\/eldigitaldeasturias.com\/radio\/wp-content\/uploads\/2026\/04\/La-Selmana-de-les-Lletres-llega-a-14-concejos-de-Asturias.jpg"},"aioseo_meta_data":{"post_id":"12708","title":null,"description":"La XLVII edici\u00f3n de la Selmana de les Lletres Asturianes recorrer\u00e1 14 concejos del Principado de Asturias del 30 de abril al 10 de mayo con m\u00e1s de veinte","keywords":null,"keyphrases":{"focus":{"keyphrase":"Asturias","score":78,"analysis":{"keyphraseInTitle":{"score":9,"maxScore":9,"error":0},"keyphraseInDescription":{"score":9,"maxScore":9,"error":0},"keyphraseLength":{"score":9,"maxScore":9,"error":0,"length":1},"keyphraseInURL":{"score":5,"maxScore":5,"error":0},"keyphraseInIntroduction":{"score":9,"maxScore":9,"error":0},"keyphraseInSubHeadings":{"score":3,"maxScore":9,"error":1},"keyphraseInImageAlt":{"score":9,"maxScore":9,"error":0},"keywordDensity":{"score":0,"type":"low","maxScore":9,"error":1}}},"additional":[{"keyphrase":"Lletres Asturianes","score":100,"analysis":{"keyphraseInDescription":{"score":9,"maxScore":9,"error":0},"keyphraseLength":{"score":9,"maxScore":9,"error":0,"length":2},"keyphraseInIntroduction":{"score":9,"maxScore":9,"error":0},"keyphraseInImageAlt":{"score":9,"maxScore":9,"error":0},"keywordDensity":{"type":"best","score":9,"maxScore":9,"error":0}}}]},"primary_term":null,"canonical_url":null,"og_title":null,"og_description":null,"og_object_type":"default","og_image_type":"default","og_image_url":null,"og_image_width":null,"og_image_height":null,"og_image_custom_url":null,"og_image_custom_fields":null,"og_video":"","og_custom_url":null,"og_article_section":null,"og_article_tags":null,"twitter_use_og":false,"twitter_card":"default","twitter_image_type":"default","twitter_image_url":null,"twitter_image_custom_url":null,"twitter_image_custom_fields":null,"twitter_title":null,"twitter_description":null,"schema":{"blockGraphs":[],"customGraphs":[],"default":{"data":{"Article":[],"Course":[],"Dataset":[],"FAQPage":[],"Movie":[],"Person":[],"Product":[],"ProductReview":[],"Car":[],"Recipe":[],"Service":[],"SoftwareApplication":[],"WebPage":[]},"graphName":"NewsArticle","isEnabled":true},"graphs":[]},"schema_type":"default","schema_type_options":null,"pillar_content":false,"robots_default":true,"robots_noindex":false,"robots_noarchive":false,"robots_nosnippet":false,"robots_nofollow":false,"robots_noimageindex":false,"robots_noodp":false,"robots_notranslate":false,"robots_max_snippet":"-1","robots_max_videopreview":"-1","robots_max_imagepreview":"large","priority":null,"frequency":"default","location":null,"local_seo":null,"seo_analyzer_scan_date":"2026-04-28 18:15:37","breadcrumb_settings":null,"limit_modified_date":false,"open_ai":null,"ai":{"faqs":[],"keyPoints":[],"schemas":[],"titles":[],"descriptions":[],"socialPosts":{"email":[],"linkedin":[],"twitter":[],"facebook":[],"instagram":[]}},"created":"2026-04-28 17:15:25","updated":"2026-04-28 18:16:17"},"aioseo_breadcrumb":"<div class=\"aioseo-breadcrumbs\"><span class=\"aioseo-breadcrumb\">\n\t<a href=\"https:\/\/eldigitaldeasturias.com\/radio\" title=\"Inicio\">Inicio<\/a>\n<\/span><span class=\"aioseo-breadcrumb-separator\">&ndash;<\/span><span class=\"aioseo-breadcrumb\">\n\t<a href=\"https:\/\/eldigitaldeasturias.com\/radio\/category\/titulares\/\" title=\"Titulares\">Titulares<\/a>\n<\/span><span class=\"aioseo-breadcrumb-separator\">&ndash;<\/span><span class=\"aioseo-breadcrumb\">\n\tLa Selmana de les Lletres llega a 14 concejos de Asturias\n<\/span><\/div>","aioseo_breadcrumb_json":[{"label":"Inicio","link":"https:\/\/eldigitaldeasturias.com\/radio"},{"label":"Titulares","link":"https:\/\/eldigitaldeasturias.com\/radio\/category\/titulares\/"},{"label":"La Selmana de les Lletres llega a 14 concejos de Asturias","link":"https:\/\/eldigitaldeasturias.com\/radio\/la-selmana-de-les-lletres-llega-a-14-concejos-de-asturias\/"}],"_links":{"self":[{"href":"https:\/\/eldigitaldeasturias.com\/radio\/wp-json\/wp\/v2\/posts\/12708","targetHints":{"allow":["GET"]}}],"collection":[{"href":"https:\/\/eldigitaldeasturias.com\/radio\/wp-json\/wp\/v2\/posts"}],"about":[{"href":"https:\/\/eldigitaldeasturias.com\/radio\/wp-json\/wp\/v2\/types\/post"}],"author":[{"embeddable":true,"href":"https:\/\/eldigitaldeasturias.com\/radio\/wp-json\/wp\/v2\/users\/1"}],"replies":[{"embeddable":true,"href":"https:\/\/eldigitaldeasturias.com\/radio\/wp-json\/wp\/v2\/comments?post=12708"}],"version-history":[{"count":1,"href":"https:\/\/eldigitaldeasturias.com\/radio\/wp-json\/wp\/v2\/posts\/12708\/revisions"}],"predecessor-version":[{"id":12710,"href":"https:\/\/eldigitaldeasturias.com\/radio\/wp-json\/wp\/v2\/posts\/12708\/revisions\/12710"}],"wp:featuredmedia":[{"embeddable":true,"href":"https:\/\/eldigitaldeasturias.com\/radio\/wp-json\/wp\/v2\/media\/12709"}],"wp:attachment":[{"href":"https:\/\/eldigitaldeasturias.com\/radio\/wp-json\/wp\/v2\/media?parent=12708"}],"wp:term":[{"taxonomy":"category","embeddable":true,"href":"https:\/\/eldigitaldeasturias.com\/radio\/wp-json\/wp\/v2\/categories?post=12708"},{"taxonomy":"post_tag","embeddable":true,"href":"https:\/\/eldigitaldeasturias.com\/radio\/wp-json\/wp\/v2\/tags?post=12708"}],"curies":[{"name":"wp","href":"https:\/\/api.w.org\/{rel}","templated":true}]}}