{"id":12705,"date":"2026-04-28T16:27:26","date_gmt":"2026-04-28T14:27:26","guid":{"rendered":"https:\/\/eldigitaldeasturias.com\/radio\/?p=12705"},"modified":"2026-04-28T16:27:26","modified_gmt":"2026-04-28T14:27:26","slug":"la-cornisa-cantabrica-impulsa-la-demanda-de-furgonetas-de-alquiler-bilbao-y-el-norte-lideran-el-crecimiento","status":"publish","type":"post","link":"https:\/\/eldigitaldeasturias.com\/radio\/la-cornisa-cantabrica-impulsa-la-demanda-de-furgonetas-de-alquiler-bilbao-y-el-norte-lideran-el-crecimiento\/","title":{"rendered":"La cornisa cant\u00e1brica impulsa la demanda de furgonetas de alquiler: Bilbao y el norte lideran el crecimiento"},"content":{"rendered":"<p dir=\"ltr\">La econom\u00eda de la Cornisa Cant\u00e1brica, formada por Asturias, Cantabria y el Pa\u00eds Vasco, atraviesa una fase de transformaci\u00f3n en los \u00faltimos a\u00f1os, caracterizada por el aumento de la poblaci\u00f3n, la diversificaci\u00f3n de las empresas y el auge del turismo rural, lo que ha provocado que crezca exponencialmente de la demanda de veh\u00edculos comerciales de alquiler.<\/p>\n<figure id=\"attachment_12706\" aria-describedby=\"caption-attachment-12706\" style=\"width: 650px\" class=\"wp-caption aligncenter\"><img fetchpriority=\"high\" decoding=\"async\" class=\"size-large wp-image-12706\" src=\"https:\/\/eldigitaldeasturias.com\/radio\/wp-content\/uploads\/2026\/04\/La-cornisa-cantabrica-impulsa-la-demanda-de-furgonetas-de-alquiler-Bilbao-y-el-norte-lideran-el-crecimiento-650x425.jpg\" alt=\"La cornisa cant\u00e1brica impulsa la demanda de furgonetas de alquiler Bilbao y el norte lideran el crecimiento\" width=\"650\" height=\"425\" srcset=\"https:\/\/eldigitaldeasturias.com\/radio\/wp-content\/uploads\/2026\/04\/La-cornisa-cantabrica-impulsa-la-demanda-de-furgonetas-de-alquiler-Bilbao-y-el-norte-lideran-el-crecimiento-650x425.jpg 650w, https:\/\/eldigitaldeasturias.com\/radio\/wp-content\/uploads\/2026\/04\/La-cornisa-cantabrica-impulsa-la-demanda-de-furgonetas-de-alquiler-Bilbao-y-el-norte-lideran-el-crecimiento-360x235.jpg 360w, https:\/\/eldigitaldeasturias.com\/radio\/wp-content\/uploads\/2026\/04\/La-cornisa-cantabrica-impulsa-la-demanda-de-furgonetas-de-alquiler-Bilbao-y-el-norte-lideran-el-crecimiento-768x502.jpg 768w, https:\/\/eldigitaldeasturias.com\/radio\/wp-content\/uploads\/2026\/04\/La-cornisa-cantabrica-impulsa-la-demanda-de-furgonetas-de-alquiler-Bilbao-y-el-norte-lideran-el-crecimiento-150x98.jpg 150w, https:\/\/eldigitaldeasturias.com\/radio\/wp-content\/uploads\/2026\/04\/La-cornisa-cantabrica-impulsa-la-demanda-de-furgonetas-de-alquiler-Bilbao-y-el-norte-lideran-el-crecimiento-450x294.jpg 450w, https:\/\/eldigitaldeasturias.com\/radio\/wp-content\/uploads\/2026\/04\/La-cornisa-cantabrica-impulsa-la-demanda-de-furgonetas-de-alquiler-Bilbao-y-el-norte-lideran-el-crecimiento-1200x784.jpg 1200w, https:\/\/eldigitaldeasturias.com\/radio\/wp-content\/uploads\/2026\/04\/La-cornisa-cantabrica-impulsa-la-demanda-de-furgonetas-de-alquiler-Bilbao-y-el-norte-lideran-el-crecimiento.jpg 1256w\" sizes=\"(max-width: 650px) 100vw, 650px\" \/><figcaption id=\"caption-attachment-12706\" class=\"wp-caption-text\">Foto: 123rf.com<\/figcaption><\/figure>\n<p dir=\"ltr\">Y es que la conexi\u00f3n entre el Principado de Asturias y Vizcaya va mucho m\u00e1s all\u00e1 de una cercan\u00eda geogr\u00e1fica. Es una arteria econ\u00f3mica compartida a trav\u00e9s de la autov\u00eda del Cant\u00e1brico. Son miles los asturianos y vascos que se desplazan de forma recurrente entre ambas Comunidades Aut\u00f3nomas por motivos laborales, de recreaci\u00f3n o para gestionar portes log\u00edsticos que requieren soluciones de transporte \u00e1giles.<\/p>\n<p dir=\"ltr\">Por lo que, el alquiler de furgonetas ha dejado de ser un recurso puntual que se utilizaba para organizar mudanzas particulares y se ha convertido en una tendencia econ\u00f3mica estructural, donde peque\u00f1as empresas y aut\u00f3nomos ven una forma de optimizar sus balances, evitando la inversi\u00f3n inicial que supone la compra de un veh\u00edculo de este tipo y los costes fijos de mantenimiento de una flota propia.<\/p>\n<h2 dir=\"ltr\">Iberfurgo en Bilbao: un n\u00facleo estrat\u00e9gico para todo el norte<\/h2>\n<p dir=\"ltr\">Para dar respuesta a este flujo constante de mercanc\u00edas y profesionales, empresas l\u00edderes en el sector han reforzado su infraestructura en la regi\u00f3n. Una de ellas es Iberfurgo, referente nacional que cuenta con una flota superior a los 1.500 veh\u00edculos, y que instal\u00f3 en Vizcaya su centro neur\u00e1lgico de operaciones para toda la zona norte de Espa\u00f1a.<\/p>\n<p dir=\"ltr\">De esa forma, quienes buscan un servicio de\u00a0<span style=\"color: #ff6600;\"><strong><a style=\"color: #ff6600;\" title=\"alquiler de furgonetas en Bilbao\" href=\"https:\/\/www.iberfurgo.com\/oficinas\/alquiler-furgonetas-bilbao\/\" target=\"_blank\" rel=\"noopener\">alquiler de furgonetas en Bilbao<\/a><\/strong><\/span>\u00a0con cobertura total hacia provincias como Cantabria o Asturias, deben saber que la oficina de Iberfurgo ubicada en la Avenida de Txorierri 48 K, 48150, en Sondika, ofrece una soluci\u00f3n integral que facilita el acceso a veh\u00edculos nuevos y modernos para aquellos profesionales que necesitan realizar trayectos por esta ruta con la m\u00e1xima seguridad.<\/p>\n<p dir=\"ltr\">Esta empresa, adem\u00e1s ofrece a sus clientes la ventaja adicional de contar con un servicio de asistencia en carretera disponible las 24 horas, los 365 d\u00edas del a\u00f1o, a fin de evitar retrasos innecesarios en caso de sufrir una aver\u00eda, as\u00ed como tarifas ajustadas que ya suelen incluir el seguro y el kilometraje.<\/p>\n<h2 dir=\"ltr\">Flexibilidad frente a la propiedad: la nueva norma<\/h2>\n<p dir=\"ltr\">Pero si te preguntas \u00bfa qu\u00e9 responde puntualmente este aumento en la demanda regional? La respuesta est\u00e1 relacionada a tres elementos clave:<\/p>\n<ul>\n<li dir=\"ltr\">\n<p dir=\"ltr\">Log\u00edstica de \u00faltima milla: el crecimiento del comercio electr\u00f3nico exige a las empresas log\u00edsticas la utilizaci\u00f3n de veh\u00edculos de distintos tama\u00f1os que solo el alquiler puede proveer de forma inmediata.<\/p>\n<\/li>\n<li dir=\"ltr\">\n<p dir=\"ltr\">Turismo rural y los eventos: el aumento del turismo y la organizaci\u00f3n de eventos en los caser\u00edos y las zonas de monta\u00f1a, principalmente en Asturias y el Pa\u00eds Vasco, demanda furgonetas mixtas y de pasajeros para el traslado de los grupos y suministros.<\/p>\n<\/li>\n<li dir=\"ltr\">\n<p dir=\"ltr\">Eficiencia financiera: el \u00abpago por uso\u00bb permite a las pymes disponer de modelos isotermos para la movilizaci\u00f3n de productos perecederos o furgonetas de gran volumen \u00fanicamente cuando el trabajo lo requiere.<\/p>\n<\/li>\n<\/ul>\n<p dir=\"ltr\">Esta versatilidad log\u00edstica, sumada a la posibilidad de contar con una oficina de confianza en el epicentro industrial del norte y a las tarifas adaptadas por horas o d\u00edas, es lo que ha permitido que el servicio de alquiler de veh\u00edculos industriales y comerciales se posicione como el motor invisible que impulsa el crecimiento de los emprendedores en todo el arco cant\u00e1brico.<\/p>\n","protected":false},"excerpt":{"rendered":"<p>La econom\u00eda de la Cornisa Cant\u00e1brica, formada por Asturias, Cantabria y el Pa\u00eds Vasco, atraviesa una fase de transformaci\u00f3n en los \u00faltimos a\u00f1os, caracterizada por el aumento de la poblaci\u00f3n, la diversificaci\u00f3n de las empresas y el auge del turismo rural, lo que ha provocado que crezca exponencialmente de la demanda de veh\u00edculos comerciales de<\/p>\n","protected":false},"author":1,"featured_media":12706,"comment_status":"closed","ping_status":"closed","sticky":false,"template":"","format":"standard","meta":{"footnotes":""},"categories":[35],"tags":[],"class_list":{"0":"post-12705","1":"post","2":"type-post","3":"status-publish","4":"format-standard","5":"has-post-thumbnail","7":"category-negocios"},"aioseo_notices":[],"aioseo_head":"\n\t\t<!-- All in One SEO Pro 4.9.6.2 - aioseo.com -->\n\t<meta name=\"description\" content=\"La econom\u00eda de la Cornisa Cant\u00e1brica, formada por Asturias, Cantabria y el Pa\u00eds Vasco, atraviesa una fase de transformaci\u00f3n en los \u00faltimos a\u00f1os, caracterizada\" \/>\n\t<meta name=\"robots\" content=\"max-image-preview:large\" \/>\n\t<meta name=\"author\" content=\"NBAsturias\"\/>\n\t<meta name=\"google-site-verification\" content=\"UA-38556648-1\" \/>\n\t<meta name=\"keywords\" content=\"negocios\" \/>\n\t<link rel=\"canonical\" href=\"https:\/\/eldigitaldeasturias.com\/radio\/la-cornisa-cantabrica-impulsa-la-demanda-de-furgonetas-de-alquiler-bilbao-y-el-norte-lideran-el-crecimiento\/\" \/>\n\t<meta name=\"generator\" content=\"All in One SEO Pro (AIOSEO) 4.9.6.2\" \/>\n\t\t<meta property=\"og:locale\" content=\"es_ES\" \/>\n\t\t<meta property=\"og:site_name\" content=\"El Digital de Asturias | Diario de informaci\u00f3n y noticias\" \/>\n\t\t<meta property=\"og:type\" content=\"article\" \/>\n\t\t<meta property=\"og:title\" content=\"La cornisa cant\u00e1brica impulsa la demanda de furgonetas de alquiler: Bilbao y el norte lideran el crecimiento | El Digital de Asturias\" \/>\n\t\t<meta property=\"og:description\" content=\"La econom\u00eda de la Cornisa Cant\u00e1brica, formada por Asturias, Cantabria y el Pa\u00eds Vasco, atraviesa una fase de transformaci\u00f3n en los \u00faltimos a\u00f1os, caracterizada\" \/>\n\t\t<meta property=\"og:url\" content=\"https:\/\/eldigitaldeasturias.com\/radio\/la-cornisa-cantabrica-impulsa-la-demanda-de-furgonetas-de-alquiler-bilbao-y-el-norte-lideran-el-crecimiento\/\" \/>\n\t\t<meta property=\"og:image\" content=\"https:\/\/eldigitaldeasturias.com\/radio\/wp-content\/uploads\/2026\/04\/La-cornisa-cantabrica-impulsa-la-demanda-de-furgonetas-de-alquiler-Bilbao-y-el-norte-lideran-el-crecimiento.jpg\" \/>\n\t\t<meta property=\"og:image:secure_url\" content=\"https:\/\/eldigitaldeasturias.com\/radio\/wp-content\/uploads\/2026\/04\/La-cornisa-cantabrica-impulsa-la-demanda-de-furgonetas-de-alquiler-Bilbao-y-el-norte-lideran-el-crecimiento.jpg\" \/>\n\t\t<meta property=\"og:image:width\" content=\"1256\" \/>\n\t\t<meta property=\"og:image:height\" content=\"821\" \/>\n\t\t<meta property=\"article:published_time\" content=\"2026-04-28T14:27:26+00:00\" \/>\n\t\t<meta property=\"article:modified_time\" content=\"2026-04-28T14:27:26+00:00\" \/>\n\t\t<meta name=\"twitter:card\" content=\"summary_large_image\" \/>\n\t\t<meta name=\"twitter:site\" content=\"@bercodi\" \/>\n\t\t<meta name=\"twitter:title\" content=\"La cornisa cant\u00e1brica impulsa la demanda de furgonetas de alquiler: Bilbao y el norte lideran el crecimiento | El Digital de Asturias\" \/>\n\t\t<meta name=\"twitter:description\" content=\"La econom\u00eda de la Cornisa Cant\u00e1brica, formada por Asturias, Cantabria y el Pa\u00eds Vasco, atraviesa una fase de transformaci\u00f3n en los \u00faltimos a\u00f1os, caracterizada\" \/>\n\t\t<meta name=\"twitter:creator\" content=\"@bercodi\" \/>\n\t\t<meta name=\"twitter:image\" content=\"https:\/\/eldigitaldeasturias.com\/radio\/wp-content\/uploads\/2026\/04\/La-cornisa-cantabrica-impulsa-la-demanda-de-furgonetas-de-alquiler-Bilbao-y-el-norte-lideran-el-crecimiento.jpg\" \/>\n\t\t<script type=\"application\/ld+json\" class=\"aioseo-schema\">\n\t\t\t{\"@context\":\"https:\\\/\\\/schema.org\",\"@graph\":[{\"@type\":\"BreadcrumbList\",\"@id\":\"https:\\\/\\\/eldigitaldeasturias.com\\\/radio\\\/la-cornisa-cantabrica-impulsa-la-demanda-de-furgonetas-de-alquiler-bilbao-y-el-norte-lideran-el-crecimiento\\\/#breadcrumblist\",\"itemListElement\":[{\"@type\":\"ListItem\",\"@id\":\"https:\\\/\\\/eldigitaldeasturias.com\\\/radio#listItem\",\"position\":1,\"name\":\"Inicio\",\"item\":\"https:\\\/\\\/eldigitaldeasturias.com\\\/radio\",\"nextItem\":{\"@type\":\"ListItem\",\"@id\":\"https:\\\/\\\/eldigitaldeasturias.com\\\/radio\\\/category\\\/negocios\\\/#listItem\",\"name\":\"Negocios\"}},{\"@type\":\"ListItem\",\"@id\":\"https:\\\/\\\/eldigitaldeasturias.com\\\/radio\\\/category\\\/negocios\\\/#listItem\",\"position\":2,\"name\":\"Negocios\",\"item\":\"https:\\\/\\\/eldigitaldeasturias.com\\\/radio\\\/category\\\/negocios\\\/\",\"nextItem\":{\"@type\":\"ListItem\",\"@id\":\"https:\\\/\\\/eldigitaldeasturias.com\\\/radio\\\/la-cornisa-cantabrica-impulsa-la-demanda-de-furgonetas-de-alquiler-bilbao-y-el-norte-lideran-el-crecimiento\\\/#listItem\",\"name\":\"La cornisa cant\\u00e1brica impulsa la demanda de furgonetas de alquiler: Bilbao y el norte lideran el crecimiento\"},\"previousItem\":{\"@type\":\"ListItem\",\"@id\":\"https:\\\/\\\/eldigitaldeasturias.com\\\/radio#listItem\",\"name\":\"Inicio\"}},{\"@type\":\"ListItem\",\"@id\":\"https:\\\/\\\/eldigitaldeasturias.com\\\/radio\\\/la-cornisa-cantabrica-impulsa-la-demanda-de-furgonetas-de-alquiler-bilbao-y-el-norte-lideran-el-crecimiento\\\/#listItem\",\"position\":3,\"name\":\"La cornisa cant\\u00e1brica impulsa la demanda de furgonetas de alquiler: Bilbao y el norte lideran el crecimiento\",\"previousItem\":{\"@type\":\"ListItem\",\"@id\":\"https:\\\/\\\/eldigitaldeasturias.com\\\/radio\\\/category\\\/negocios\\\/#listItem\",\"name\":\"Negocios\"}}]},{\"@type\":\"NewsArticle\",\"@id\":\"https:\\\/\\\/eldigitaldeasturias.com\\\/radio\\\/la-cornisa-cantabrica-impulsa-la-demanda-de-furgonetas-de-alquiler-bilbao-y-el-norte-lideran-el-crecimiento\\\/#newsarticle\",\"name\":\"La cornisa cant\\u00e1brica impulsa la demanda de furgonetas de alquiler: Bilbao y el norte lideran el crecimiento | El Digital de Asturias\",\"headline\":\"La cornisa cant\\u00e1brica impulsa la demanda de furgonetas de alquiler: Bilbao y el norte lideran el crecimiento\",\"author\":{\"@id\":\"https:\\\/\\\/eldigitaldeasturias.com\\\/radio\\\/author\\\/nbasturias\\\/#author\"},\"publisher\":{\"@id\":\"https:\\\/\\\/eldigitaldeasturias.com\\\/radio\\\/#organization\"},\"image\":{\"@type\":\"ImageObject\",\"url\":\"https:\\\/\\\/eldigitaldeasturias.com\\\/radio\\\/wp-content\\\/uploads\\\/2026\\\/04\\\/La-cornisa-cantabrica-impulsa-la-demanda-de-furgonetas-de-alquiler-Bilbao-y-el-norte-lideran-el-crecimiento.jpg\",\"width\":1256,\"height\":821,\"caption\":\"Foto: 123rf.com\"},\"datePublished\":\"2026-04-28T16:27:26+02:00\",\"dateModified\":\"2026-04-28T16:27:26+02:00\",\"inLanguage\":\"es-ES\",\"mainEntityOfPage\":{\"@id\":\"https:\\\/\\\/eldigitaldeasturias.com\\\/radio\\\/la-cornisa-cantabrica-impulsa-la-demanda-de-furgonetas-de-alquiler-bilbao-y-el-norte-lideran-el-crecimiento\\\/#webpage\"},\"isPartOf\":{\"@id\":\"https:\\\/\\\/eldigitaldeasturias.com\\\/radio\\\/la-cornisa-cantabrica-impulsa-la-demanda-de-furgonetas-de-alquiler-bilbao-y-el-norte-lideran-el-crecimiento\\\/#webpage\"},\"articleSection\":\"Negocios\",\"dateline\":\"Publicado el abril 28, 2026.\"},{\"@type\":\"Organization\",\"@id\":\"https:\\\/\\\/eldigitaldeasturias.com\\\/radio\\\/#organization\",\"name\":\"El digital de Asturias Radio\",\"description\":\"Diario de informaci\\u00f3n y noticias\",\"url\":\"https:\\\/\\\/eldigitaldeasturias.com\\\/radio\\\/\",\"telephone\":\"+34652131393\",\"logo\":{\"@type\":\"ImageObject\",\"url\":\"https:\\\/\\\/www.eldigitaldeasturias.com\\\/radio\\\/wp-content\\\/uploads\\\/2021\\\/03\\\/EDA.jpg\",\"@id\":\"https:\\\/\\\/eldigitaldeasturias.com\\\/radio\\\/la-cornisa-cantabrica-impulsa-la-demanda-de-furgonetas-de-alquiler-bilbao-y-el-norte-lideran-el-crecimiento\\\/#organizationLogo\"},\"image\":{\"@id\":\"https:\\\/\\\/eldigitaldeasturias.com\\\/radio\\\/la-cornisa-cantabrica-impulsa-la-demanda-de-furgonetas-de-alquiler-bilbao-y-el-norte-lideran-el-crecimiento\\\/#organizationLogo\"},\"sameAs\":[\"https:\\\/\\\/www.facebook.com\\\/\",\"https:\\\/\\\/x.com\\\/bercodi\",\"https:\\\/\\\/www.instagram.com\\\/\",\"https:\\\/\\\/www.youtube.com\\\/channel\\\/UCZP-2wLEB9Rv6erhFmqVnvg\"]},{\"@type\":\"Person\",\"@id\":\"https:\\\/\\\/eldigitaldeasturias.com\\\/radio\\\/author\\\/nbasturias\\\/#author\",\"url\":\"https:\\\/\\\/eldigitaldeasturias.com\\\/radio\\\/author\\\/nbasturias\\\/\",\"name\":\"NBAsturias\",\"image\":{\"@type\":\"ImageObject\",\"@id\":\"https:\\\/\\\/eldigitaldeasturias.com\\\/radio\\\/la-cornisa-cantabrica-impulsa-la-demanda-de-furgonetas-de-alquiler-bilbao-y-el-norte-lideran-el-crecimiento\\\/#authorImage\",\"url\":\"https:\\\/\\\/secure.gravatar.com\\\/avatar\\\/df2aeffc32bcd13f8d26072ef8a91b623d677766deac7f97ca815868cd41bf5e?s=96&d=mm&r=g\",\"width\":96,\"height\":96,\"caption\":\"NBAsturias\"}},{\"@type\":\"WebPage\",\"@id\":\"https:\\\/\\\/eldigitaldeasturias.com\\\/radio\\\/la-cornisa-cantabrica-impulsa-la-demanda-de-furgonetas-de-alquiler-bilbao-y-el-norte-lideran-el-crecimiento\\\/#webpage\",\"url\":\"https:\\\/\\\/eldigitaldeasturias.com\\\/radio\\\/la-cornisa-cantabrica-impulsa-la-demanda-de-furgonetas-de-alquiler-bilbao-y-el-norte-lideran-el-crecimiento\\\/\",\"name\":\"La cornisa cant\\u00e1brica impulsa la demanda de furgonetas de alquiler: Bilbao y el norte lideran el crecimiento | El Digital de Asturias\",\"description\":\"La econom\\u00eda de la Cornisa Cant\\u00e1brica, formada por Asturias, Cantabria y el Pa\\u00eds Vasco, atraviesa una fase de transformaci\\u00f3n en los \\u00faltimos a\\u00f1os, caracterizada\",\"inLanguage\":\"es-ES\",\"isPartOf\":{\"@id\":\"https:\\\/\\\/eldigitaldeasturias.com\\\/radio\\\/#website\"},\"breadcrumb\":{\"@id\":\"https:\\\/\\\/eldigitaldeasturias.com\\\/radio\\\/la-cornisa-cantabrica-impulsa-la-demanda-de-furgonetas-de-alquiler-bilbao-y-el-norte-lideran-el-crecimiento\\\/#breadcrumblist\"},\"author\":{\"@id\":\"https:\\\/\\\/eldigitaldeasturias.com\\\/radio\\\/author\\\/nbasturias\\\/#author\"},\"creator\":{\"@id\":\"https:\\\/\\\/eldigitaldeasturias.com\\\/radio\\\/author\\\/nbasturias\\\/#author\"},\"image\":{\"@type\":\"ImageObject\",\"url\":\"https:\\\/\\\/eldigitaldeasturias.com\\\/radio\\\/wp-content\\\/uploads\\\/2026\\\/04\\\/La-cornisa-cantabrica-impulsa-la-demanda-de-furgonetas-de-alquiler-Bilbao-y-el-norte-lideran-el-crecimiento.jpg\",\"@id\":\"https:\\\/\\\/eldigitaldeasturias.com\\\/radio\\\/la-cornisa-cantabrica-impulsa-la-demanda-de-furgonetas-de-alquiler-bilbao-y-el-norte-lideran-el-crecimiento\\\/#mainImage\",\"width\":1256,\"height\":821,\"caption\":\"Foto: 123rf.com\"},\"primaryImageOfPage\":{\"@id\":\"https:\\\/\\\/eldigitaldeasturias.com\\\/radio\\\/la-cornisa-cantabrica-impulsa-la-demanda-de-furgonetas-de-alquiler-bilbao-y-el-norte-lideran-el-crecimiento\\\/#mainImage\"},\"datePublished\":\"2026-04-28T16:27:26+02:00\",\"dateModified\":\"2026-04-28T16:27:26+02:00\"},{\"@type\":\"WebSite\",\"@id\":\"https:\\\/\\\/eldigitaldeasturias.com\\\/radio\\\/#website\",\"url\":\"https:\\\/\\\/eldigitaldeasturias.com\\\/radio\\\/\",\"name\":\"El Digital de Asturias\",\"description\":\"Diario de informaci\\u00f3n y noticias\",\"inLanguage\":\"es-ES\",\"publisher\":{\"@id\":\"https:\\\/\\\/eldigitaldeasturias.com\\\/radio\\\/#organization\"}}]}\n\t\t<\/script>\n\t\t<!-- All in One SEO Pro -->\r\n\t\t<title>La cornisa cant\u00e1brica impulsa la demanda de furgonetas de alquiler: Bilbao y el norte lideran el crecimiento | El Digital de Asturias<\/title>\n\n","aioseo_head_json":{"title":"La cornisa cant\u00e1brica impulsa la demanda de furgonetas de alquiler: Bilbao y el norte lideran el crecimiento | El Digital de Asturias","description":"La econom\u00eda de la Cornisa Cant\u00e1brica, formada por Asturias, Cantabria y el Pa\u00eds Vasco, atraviesa una fase de transformaci\u00f3n en los \u00faltimos a\u00f1os, caracterizada","canonical_url":"https:\/\/eldigitaldeasturias.com\/radio\/la-cornisa-cantabrica-impulsa-la-demanda-de-furgonetas-de-alquiler-bilbao-y-el-norte-lideran-el-crecimiento\/","robots":"max-image-preview:large","keywords":"negocios","webmasterTools":{"google-site-verification":"UA-38556648-1","miscellaneous":""},"schema":{"@context":"https:\/\/schema.org","@graph":[{"@type":"BreadcrumbList","@id":"https:\/\/eldigitaldeasturias.com\/radio\/la-cornisa-cantabrica-impulsa-la-demanda-de-furgonetas-de-alquiler-bilbao-y-el-norte-lideran-el-crecimiento\/#breadcrumblist","itemListElement":[{"@type":"ListItem","@id":"https:\/\/eldigitaldeasturias.com\/radio#listItem","position":1,"name":"Inicio","item":"https:\/\/eldigitaldeasturias.com\/radio","nextItem":{"@type":"ListItem","@id":"https:\/\/eldigitaldeasturias.com\/radio\/category\/negocios\/#listItem","name":"Negocios"}},{"@type":"ListItem","@id":"https:\/\/eldigitaldeasturias.com\/radio\/category\/negocios\/#listItem","position":2,"name":"Negocios","item":"https:\/\/eldigitaldeasturias.com\/radio\/category\/negocios\/","nextItem":{"@type":"ListItem","@id":"https:\/\/eldigitaldeasturias.com\/radio\/la-cornisa-cantabrica-impulsa-la-demanda-de-furgonetas-de-alquiler-bilbao-y-el-norte-lideran-el-crecimiento\/#listItem","name":"La cornisa cant\u00e1brica impulsa la demanda de furgonetas de alquiler: Bilbao y el norte lideran el crecimiento"},"previousItem":{"@type":"ListItem","@id":"https:\/\/eldigitaldeasturias.com\/radio#listItem","name":"Inicio"}},{"@type":"ListItem","@id":"https:\/\/eldigitaldeasturias.com\/radio\/la-cornisa-cantabrica-impulsa-la-demanda-de-furgonetas-de-alquiler-bilbao-y-el-norte-lideran-el-crecimiento\/#listItem","position":3,"name":"La cornisa cant\u00e1brica impulsa la demanda de furgonetas de alquiler: Bilbao y el norte lideran el crecimiento","previousItem":{"@type":"ListItem","@id":"https:\/\/eldigitaldeasturias.com\/radio\/category\/negocios\/#listItem","name":"Negocios"}}]},{"@type":"NewsArticle","@id":"https:\/\/eldigitaldeasturias.com\/radio\/la-cornisa-cantabrica-impulsa-la-demanda-de-furgonetas-de-alquiler-bilbao-y-el-norte-lideran-el-crecimiento\/#newsarticle","name":"La cornisa cant\u00e1brica impulsa la demanda de furgonetas de alquiler: Bilbao y el norte lideran el crecimiento | El Digital de Asturias","headline":"La cornisa cant\u00e1brica impulsa la demanda de furgonetas de alquiler: Bilbao y el norte lideran el crecimiento","author":{"@id":"https:\/\/eldigitaldeasturias.com\/radio\/author\/nbasturias\/#author"},"publisher":{"@id":"https:\/\/eldigitaldeasturias.com\/radio\/#organization"},"image":{"@type":"ImageObject","url":"https:\/\/eldigitaldeasturias.com\/radio\/wp-content\/uploads\/2026\/04\/La-cornisa-cantabrica-impulsa-la-demanda-de-furgonetas-de-alquiler-Bilbao-y-el-norte-lideran-el-crecimiento.jpg","width":1256,"height":821,"caption":"Foto: 123rf.com"},"datePublished":"2026-04-28T16:27:26+02:00","dateModified":"2026-04-28T16:27:26+02:00","inLanguage":"es-ES","mainEntityOfPage":{"@id":"https:\/\/eldigitaldeasturias.com\/radio\/la-cornisa-cantabrica-impulsa-la-demanda-de-furgonetas-de-alquiler-bilbao-y-el-norte-lideran-el-crecimiento\/#webpage"},"isPartOf":{"@id":"https:\/\/eldigitaldeasturias.com\/radio\/la-cornisa-cantabrica-impulsa-la-demanda-de-furgonetas-de-alquiler-bilbao-y-el-norte-lideran-el-crecimiento\/#webpage"},"articleSection":"Negocios","dateline":"Publicado el abril 28, 2026."},{"@type":"Organization","@id":"https:\/\/eldigitaldeasturias.com\/radio\/#organization","name":"El digital de Asturias Radio","description":"Diario de informaci\u00f3n y noticias","url":"https:\/\/eldigitaldeasturias.com\/radio\/","telephone":"+34652131393","logo":{"@type":"ImageObject","url":"https:\/\/www.eldigitaldeasturias.com\/radio\/wp-content\/uploads\/2021\/03\/EDA.jpg","@id":"https:\/\/eldigitaldeasturias.com\/radio\/la-cornisa-cantabrica-impulsa-la-demanda-de-furgonetas-de-alquiler-bilbao-y-el-norte-lideran-el-crecimiento\/#organizationLogo"},"image":{"@id":"https:\/\/eldigitaldeasturias.com\/radio\/la-cornisa-cantabrica-impulsa-la-demanda-de-furgonetas-de-alquiler-bilbao-y-el-norte-lideran-el-crecimiento\/#organizationLogo"},"sameAs":["https:\/\/www.facebook.com\/","https:\/\/x.com\/bercodi","https:\/\/www.instagram.com\/","https:\/\/www.youtube.com\/channel\/UCZP-2wLEB9Rv6erhFmqVnvg"]},{"@type":"Person","@id":"https:\/\/eldigitaldeasturias.com\/radio\/author\/nbasturias\/#author","url":"https:\/\/eldigitaldeasturias.com\/radio\/author\/nbasturias\/","name":"NBAsturias","image":{"@type":"ImageObject","@id":"https:\/\/eldigitaldeasturias.com\/radio\/la-cornisa-cantabrica-impulsa-la-demanda-de-furgonetas-de-alquiler-bilbao-y-el-norte-lideran-el-crecimiento\/#authorImage","url":"https:\/\/secure.gravatar.com\/avatar\/df2aeffc32bcd13f8d26072ef8a91b623d677766deac7f97ca815868cd41bf5e?s=96&d=mm&r=g","width":96,"height":96,"caption":"NBAsturias"}},{"@type":"WebPage","@id":"https:\/\/eldigitaldeasturias.com\/radio\/la-cornisa-cantabrica-impulsa-la-demanda-de-furgonetas-de-alquiler-bilbao-y-el-norte-lideran-el-crecimiento\/#webpage","url":"https:\/\/eldigitaldeasturias.com\/radio\/la-cornisa-cantabrica-impulsa-la-demanda-de-furgonetas-de-alquiler-bilbao-y-el-norte-lideran-el-crecimiento\/","name":"La cornisa cant\u00e1brica impulsa la demanda de furgonetas de alquiler: Bilbao y el norte lideran el crecimiento | El Digital de Asturias","description":"La econom\u00eda de la Cornisa Cant\u00e1brica, formada por Asturias, Cantabria y el Pa\u00eds Vasco, atraviesa una fase de transformaci\u00f3n en los \u00faltimos a\u00f1os, caracterizada","inLanguage":"es-ES","isPartOf":{"@id":"https:\/\/eldigitaldeasturias.com\/radio\/#website"},"breadcrumb":{"@id":"https:\/\/eldigitaldeasturias.com\/radio\/la-cornisa-cantabrica-impulsa-la-demanda-de-furgonetas-de-alquiler-bilbao-y-el-norte-lideran-el-crecimiento\/#breadcrumblist"},"author":{"@id":"https:\/\/eldigitaldeasturias.com\/radio\/author\/nbasturias\/#author"},"creator":{"@id":"https:\/\/eldigitaldeasturias.com\/radio\/author\/nbasturias\/#author"},"image":{"@type":"ImageObject","url":"https:\/\/eldigitaldeasturias.com\/radio\/wp-content\/uploads\/2026\/04\/La-cornisa-cantabrica-impulsa-la-demanda-de-furgonetas-de-alquiler-Bilbao-y-el-norte-lideran-el-crecimiento.jpg","@id":"https:\/\/eldigitaldeasturias.com\/radio\/la-cornisa-cantabrica-impulsa-la-demanda-de-furgonetas-de-alquiler-bilbao-y-el-norte-lideran-el-crecimiento\/#mainImage","width":1256,"height":821,"caption":"Foto: 123rf.com"},"primaryImageOfPage":{"@id":"https:\/\/eldigitaldeasturias.com\/radio\/la-cornisa-cantabrica-impulsa-la-demanda-de-furgonetas-de-alquiler-bilbao-y-el-norte-lideran-el-crecimiento\/#mainImage"},"datePublished":"2026-04-28T16:27:26+02:00","dateModified":"2026-04-28T16:27:26+02:00"},{"@type":"WebSite","@id":"https:\/\/eldigitaldeasturias.com\/radio\/#website","url":"https:\/\/eldigitaldeasturias.com\/radio\/","name":"El Digital de Asturias","description":"Diario de informaci\u00f3n y noticias","inLanguage":"es-ES","publisher":{"@id":"https:\/\/eldigitaldeasturias.com\/radio\/#organization"}}]},"og:locale":"es_ES","og:site_name":"El Digital de Asturias | Diario de informaci\u00f3n y noticias","og:type":"article","og:title":"La cornisa cant\u00e1brica impulsa la demanda de furgonetas de alquiler: Bilbao y el norte lideran el crecimiento | El Digital de Asturias","og:description":"La econom\u00eda de la Cornisa Cant\u00e1brica, formada por Asturias, Cantabria y el Pa\u00eds Vasco, atraviesa una fase de transformaci\u00f3n en los \u00faltimos a\u00f1os, caracterizada","og:url":"https:\/\/eldigitaldeasturias.com\/radio\/la-cornisa-cantabrica-impulsa-la-demanda-de-furgonetas-de-alquiler-bilbao-y-el-norte-lideran-el-crecimiento\/","og:image":"https:\/\/eldigitaldeasturias.com\/radio\/wp-content\/uploads\/2026\/04\/La-cornisa-cantabrica-impulsa-la-demanda-de-furgonetas-de-alquiler-Bilbao-y-el-norte-lideran-el-crecimiento.jpg","og:image:secure_url":"https:\/\/eldigitaldeasturias.com\/radio\/wp-content\/uploads\/2026\/04\/La-cornisa-cantabrica-impulsa-la-demanda-de-furgonetas-de-alquiler-Bilbao-y-el-norte-lideran-el-crecimiento.jpg","og:image:width":1256,"og:image:height":821,"article:published_time":"2026-04-28T14:27:26+00:00","article:modified_time":"2026-04-28T14:27:26+00:00","twitter:card":"summary_large_image","twitter:site":"@bercodi","twitter:title":"La cornisa cant\u00e1brica impulsa la demanda de furgonetas de alquiler: Bilbao y el norte lideran el crecimiento | El Digital de Asturias","twitter:description":"La econom\u00eda de la Cornisa Cant\u00e1brica, formada por Asturias, Cantabria y el Pa\u00eds Vasco, atraviesa una fase de transformaci\u00f3n en los \u00faltimos a\u00f1os, caracterizada","twitter:creator":"@bercodi","twitter:image":"https:\/\/eldigitaldeasturias.com\/radio\/wp-content\/uploads\/2026\/04\/La-cornisa-cantabrica-impulsa-la-demanda-de-furgonetas-de-alquiler-Bilbao-y-el-norte-lideran-el-crecimiento.jpg"},"aioseo_meta_data":{"post_id":"12705","title":null,"description":"La econom\u00eda de la Cornisa Cant\u00e1brica, formada por Asturias, Cantabria y el Pa\u00eds Vasco, atraviesa una fase de transformaci\u00f3n en los \u00faltimos a\u00f1os, caracterizada","keywords":null,"keyphrases":{"focus":{"keyphrase":"","score":0,"analysis":{"keyphraseInTitle":{"score":0,"maxScore":9,"error":1}}},"additional":[{"keyphrase":"furgonetas","score":73,"analysis":{"keyphraseInDescription":{"score":3,"maxScore":9,"error":1},"keyphraseLength":{"score":9,"maxScore":9,"error":0,"length":1},"keyphraseInIntroduction":{"score":3,"maxScore":9,"error":1},"keyphraseInImageAlt":{"score":9,"maxScore":9,"error":0},"keywordDensity":{"type":"best","score":9,"maxScore":9,"error":0}}},{"keyphrase":"alquiler","score":87,"analysis":{"keyphraseInDescription":{"score":3,"maxScore":9,"error":1},"keyphraseLength":{"score":9,"maxScore":9,"error":0,"length":1},"keyphraseInIntroduction":{"score":9,"maxScore":9,"error":0},"keyphraseInImageAlt":{"score":9,"maxScore":9,"error":0},"keywordDensity":{"type":"best","score":9,"maxScore":9,"error":0}}}]},"primary_term":null,"canonical_url":null,"og_title":null,"og_description":null,"og_object_type":"default","og_image_type":"default","og_image_url":null,"og_image_width":null,"og_image_height":null,"og_image_custom_url":null,"og_image_custom_fields":null,"og_video":"","og_custom_url":null,"og_article_section":null,"og_article_tags":null,"twitter_use_og":false,"twitter_card":"default","twitter_image_type":"default","twitter_image_url":null,"twitter_image_custom_url":null,"twitter_image_custom_fields":null,"twitter_title":null,"twitter_description":null,"schema":{"blockGraphs":[],"customGraphs":[],"default":{"data":{"Article":[],"Course":[],"Dataset":[],"FAQPage":[],"Movie":[],"Person":[],"Product":[],"ProductReview":[],"Car":[],"Recipe":[],"Service":[],"SoftwareApplication":[],"WebPage":[]},"graphName":"NewsArticle","isEnabled":true},"graphs":[]},"schema_type":"default","schema_type_options":null,"pillar_content":false,"robots_default":true,"robots_noindex":false,"robots_noarchive":false,"robots_nosnippet":false,"robots_nofollow":false,"robots_noimageindex":false,"robots_noodp":false,"robots_notranslate":false,"robots_max_snippet":"-1","robots_max_videopreview":"-1","robots_max_imagepreview":"large","priority":null,"frequency":"default","location":null,"local_seo":null,"seo_analyzer_scan_date":"2026-04-28 15:20:47","breadcrumb_settings":null,"limit_modified_date":false,"open_ai":null,"ai":{"faqs":[],"keyPoints":[],"schemas":[],"titles":[],"descriptions":[],"socialPosts":{"email":[],"linkedin":[],"twitter":[],"facebook":[],"instagram":[]}},"created":"2026-04-28 14:21:36","updated":"2026-04-28 15:20:57"},"aioseo_breadcrumb":"<div class=\"aioseo-breadcrumbs\"><span class=\"aioseo-breadcrumb\">\n\t<a href=\"https:\/\/eldigitaldeasturias.com\/radio\" title=\"Inicio\">Inicio<\/a>\n<\/span><span class=\"aioseo-breadcrumb-separator\">&ndash;<\/span><span class=\"aioseo-breadcrumb\">\n\t<a href=\"https:\/\/eldigitaldeasturias.com\/radio\/category\/negocios\/\" title=\"Negocios\">Negocios<\/a>\n<\/span><span class=\"aioseo-breadcrumb-separator\">&ndash;<\/span><span class=\"aioseo-breadcrumb\">\n\tLa cornisa cant\u00e1brica impulsa la demanda de furgonetas de alquiler: Bilbao y el norte lideran el crecimiento\n<\/span><\/div>","aioseo_breadcrumb_json":[{"label":"Inicio","link":"https:\/\/eldigitaldeasturias.com\/radio"},{"label":"Negocios","link":"https:\/\/eldigitaldeasturias.com\/radio\/category\/negocios\/"},{"label":"La cornisa cant\u00e1brica impulsa la demanda de furgonetas de alquiler: Bilbao y el norte lideran el crecimiento","link":"https:\/\/eldigitaldeasturias.com\/radio\/la-cornisa-cantabrica-impulsa-la-demanda-de-furgonetas-de-alquiler-bilbao-y-el-norte-lideran-el-crecimiento\/"}],"_links":{"self":[{"href":"https:\/\/eldigitaldeasturias.com\/radio\/wp-json\/wp\/v2\/posts\/12705","targetHints":{"allow":["GET"]}}],"collection":[{"href":"https:\/\/eldigitaldeasturias.com\/radio\/wp-json\/wp\/v2\/posts"}],"about":[{"href":"https:\/\/eldigitaldeasturias.com\/radio\/wp-json\/wp\/v2\/types\/post"}],"author":[{"embeddable":true,"href":"https:\/\/eldigitaldeasturias.com\/radio\/wp-json\/wp\/v2\/users\/1"}],"replies":[{"embeddable":true,"href":"https:\/\/eldigitaldeasturias.com\/radio\/wp-json\/wp\/v2\/comments?post=12705"}],"version-history":[{"count":1,"href":"https:\/\/eldigitaldeasturias.com\/radio\/wp-json\/wp\/v2\/posts\/12705\/revisions"}],"predecessor-version":[{"id":12707,"href":"https:\/\/eldigitaldeasturias.com\/radio\/wp-json\/wp\/v2\/posts\/12705\/revisions\/12707"}],"wp:featuredmedia":[{"embeddable":true,"href":"https:\/\/eldigitaldeasturias.com\/radio\/wp-json\/wp\/v2\/media\/12706"}],"wp:attachment":[{"href":"https:\/\/eldigitaldeasturias.com\/radio\/wp-json\/wp\/v2\/media?parent=12705"}],"wp:term":[{"taxonomy":"category","embeddable":true,"href":"https:\/\/eldigitaldeasturias.com\/radio\/wp-json\/wp\/v2\/categories?post=12705"},{"taxonomy":"post_tag","embeddable":true,"href":"https:\/\/eldigitaldeasturias.com\/radio\/wp-json\/wp\/v2\/tags?post=12705"}],"curies":[{"name":"wp","href":"https:\/\/api.w.org\/{rel}","templated":true}]}}