{"id":12579,"date":"2026-04-01T07:17:30","date_gmt":"2026-04-01T05:17:30","guid":{"rendered":"https:\/\/eldigitaldeasturias.com\/radio\/?p=12579"},"modified":"2026-04-01T07:17:54","modified_gmt":"2026-04-01T05:17:54","slug":"dias-europeos-de-la-artesania-en-asturias","status":"publish","type":"post","link":"https:\/\/eldigitaldeasturias.com\/radio\/dias-europeos-de-la-artesania-en-asturias\/","title":{"rendered":"D\u00edas Europeos de la Artesan\u00eda en Asturias"},"content":{"rendered":"<p class=\"font-claude-response-body break-words whitespace-normal leading-[1.7]\">Los D\u00edas Europeos de la Artesan\u00eda han comenzado en <a href=\"https:\/\/eldigitaldeasturias.com\/radio\/category\/actualidad-asturias\/\"><span style=\"color: #ff6600;\"><strong>Asturias<\/strong><\/span><\/a> con 1.400 plazas gratuitas, 48 artesanos y 32 municipios participantes. Francia y Per\u00fa son los pa\u00edses invitados de esta edici\u00f3n..<\/p>\n<figure id=\"attachment_12580\" aria-describedby=\"caption-attachment-12580\" style=\"width: 634px\" class=\"wp-caption aligncenter\"><img fetchpriority=\"high\" decoding=\"async\" class=\"size-large wp-image-12580\" src=\"https:\/\/eldigitaldeasturias.com\/radio\/wp-content\/uploads\/2026\/04\/Dias-Europeos-de-la-Artesania-en-Asturias-634x480.jpg\" alt=\"D\u00edas Europeos de la Artesan\u00eda en Asturias\" width=\"634\" height=\"480\" srcset=\"https:\/\/eldigitaldeasturias.com\/radio\/wp-content\/uploads\/2026\/04\/Dias-Europeos-de-la-Artesania-en-Asturias-634x480.jpg 634w, https:\/\/eldigitaldeasturias.com\/radio\/wp-content\/uploads\/2026\/04\/Dias-Europeos-de-la-Artesania-en-Asturias-360x273.jpg 360w, https:\/\/eldigitaldeasturias.com\/radio\/wp-content\/uploads\/2026\/04\/Dias-Europeos-de-la-Artesania-en-Asturias-768x581.jpg 768w, https:\/\/eldigitaldeasturias.com\/radio\/wp-content\/uploads\/2026\/04\/Dias-Europeos-de-la-Artesania-en-Asturias-150x114.jpg 150w, https:\/\/eldigitaldeasturias.com\/radio\/wp-content\/uploads\/2026\/04\/Dias-Europeos-de-la-Artesania-en-Asturias-450x341.jpg 450w, https:\/\/eldigitaldeasturias.com\/radio\/wp-content\/uploads\/2026\/04\/Dias-Europeos-de-la-Artesania-en-Asturias.jpg 1115w\" sizes=\"(max-width: 634px) 100vw, 634px\" \/><figcaption id=\"caption-attachment-12580\" class=\"wp-caption-text\">Foto: Prensa Principado de Asturias<\/figcaption><\/figure>\n<p class=\"font-claude-response-body break-words whitespace-normal leading-[1.7]\">Los D\u00edas Europeos de la Artesan\u00eda celebran este a\u00f1o su octava edici\u00f3n en Asturias con casi medio centenar de artesanos, 32 municipios participantes y actividades gratuitas que se desarrollar\u00e1n hasta el 12 de abril. El programa Esencia Artesana, organizado por la asociaci\u00f3n cultural Mercado Artesano y Ecol\u00f3gico con el apoyo de la Direcci\u00f3n General de Empresa y Comercio, tiene este a\u00f1o a Francia y Per\u00fa como pa\u00edses invitados.<\/p>\n<p class=\"font-claude-response-body break-words whitespace-normal leading-[1.7]\">El consejero de Ciencia, Industria y Empleo, Borja S\u00e1nchez, particip\u00f3 en la apertura del programa en el IES de Llanera, donde arrancaron talleres dirigidos al alumnado de primero y segundo ciclo de la ESO en cer\u00e1mica, joyer\u00eda, textil y elaboraci\u00f3n de papel. S\u00e1nchez anim\u00f3 a los alumnos a acercarse a una forma de crear y producir que a\u00fana tradici\u00f3n e innovaci\u00f3n, reivindic\u00f3 la importancia de fomentar las vocaciones artesanas para garantizar el relevo generacional y reiter\u00f3 el compromiso del <a href=\"https:\/\/actualidad.asturias.es\/\" target=\"_blank\" rel=\"noopener\"><span style=\"color: #ff6600;\"><strong>Gobierno de Asturias<\/strong><\/span><\/a> con el sector, que este a\u00f1o cuenta con una inversi\u00f3n de 456.000 euros en los presupuestos auton\u00f3micos.<\/p>\n<h2 class=\"text-text-100 mt-3 -mb-1 text-[1.125rem] font-bold\">1.400 plazas de talleres, cien m\u00e1s que el a\u00f1o pasado<\/h2>\n<p class=\"font-claude-response-body break-words whitespace-normal leading-[1.7]\">La oferta de talleres gratuitos crece este a\u00f1o hasta las 1.400 plazas, cien m\u00e1s que en la edici\u00f3n anterior, de las que 750 se destinan al medio rural. Aumenta tambi\u00e9n el n\u00famero de encuentros singulares, con 30 acciones en lugares emblem\u00e1ticos del patrimonio asturiano repartidos por 15 concejos. Entre las propuestas destacan el trabajo del azabache en los pozos San Luis o Sot\u00f3n, la elaboraci\u00f3n de mosaicos cer\u00e1micos en el Museo de los Bolos, la pintura de acuarela en la Iglesia de San Pedro de Pe\u00f1amellera Alta o la pr\u00e1ctica de la t\u00e9cnica japonesa del Kintsugi en el Centro Niemeyer.<\/p>\n<h2 class=\"text-text-100 mt-3 -mb-1 text-[1.125rem] font-bold\">Casi veinte artesanos m\u00e1s que en 2024<\/h2>\n<p class=\"font-claude-response-body break-words whitespace-normal leading-[1.7]\">El programa contar\u00e1 con 48 profesionales de distintos oficios, casi una veintena m\u00e1s que en la pasada edici\u00f3n. Desde su inicio en 2018, el certamen ha crecido de forma sostenida tanto en participaci\u00f3n como en oferta hasta consolidarse en el territorio asturiano.<\/p>\n<p class=\"font-claude-response-body break-words whitespace-normal leading-[1.7]\">La presencia de artesanos franceses y de comunidades ind\u00edgenas de la Amazon\u00eda peruana ampl\u00eda la dimensi\u00f3n internacional del programa y permite al p\u00fablico asturiano descubrir otras tradiciones, t\u00e9cnicas y formas de entender el oficio artesanal.<\/p>\n","protected":false},"excerpt":{"rendered":"<p>Los D\u00edas Europeos de la Artesan\u00eda han comenzado en Asturias con 1.400 plazas gratuitas, 48 artesanos y 32 municipios participantes. Francia y Per\u00fa son los pa\u00edses invitados de esta edici\u00f3n.. Los D\u00edas Europeos de la Artesan\u00eda celebran este a\u00f1o su octava edici\u00f3n en Asturias con casi medio centenar de artesanos, 32 municipios participantes y actividades<\/p>\n","protected":false},"author":1,"featured_media":12580,"comment_status":"closed","ping_status":"closed","sticky":false,"template":"","format":"standard","meta":{"footnotes":""},"categories":[141,36],"tags":[42],"class_list":{"0":"post-12579","1":"post","2":"type-post","3":"status-publish","4":"format-standard","5":"has-post-thumbnail","7":"category-actualidad-asturias","8":"category-titulares","9":"tag-asturias"},"aioseo_notices":[],"aioseo_head":"\n\t\t<!-- All in One SEO Pro 4.9.6.2 - aioseo.com -->\n\t<meta name=\"description\" content=\"Los D\u00edas Europeos de la Artesan\u00eda han comenzado en Asturias con 1.400 plazas gratuitas, 48 artesanos y 32 municipios participantes. Francia y Per\u00fa\" \/>\n\t<meta name=\"robots\" content=\"max-image-preview:large\" \/>\n\t<meta name=\"author\" content=\"NBAsturias\"\/>\n\t<meta name=\"google-site-verification\" content=\"UA-38556648-1\" \/>\n\t<meta name=\"keywords\" content=\"actualidad asturias,titulares\" \/>\n\t<link rel=\"canonical\" href=\"https:\/\/eldigitaldeasturias.com\/radio\/dias-europeos-de-la-artesania-en-asturias\/\" \/>\n\t<meta name=\"generator\" content=\"All in One SEO Pro (AIOSEO) 4.9.6.2\" \/>\n\t\t<meta property=\"og:locale\" content=\"es_ES\" \/>\n\t\t<meta property=\"og:site_name\" content=\"El Digital de Asturias | Diario de informaci\u00f3n y noticias\" \/>\n\t\t<meta property=\"og:type\" content=\"article\" \/>\n\t\t<meta property=\"og:title\" content=\"D\u00edas Europeos de la Artesan\u00eda en Asturias | El Digital de Asturias\" \/>\n\t\t<meta property=\"og:description\" content=\"Los D\u00edas Europeos de la Artesan\u00eda han comenzado en Asturias con 1.400 plazas gratuitas, 48 artesanos y 32 municipios participantes. Francia y Per\u00fa\" \/>\n\t\t<meta property=\"og:url\" content=\"https:\/\/eldigitaldeasturias.com\/radio\/dias-europeos-de-la-artesania-en-asturias\/\" \/>\n\t\t<meta property=\"og:image\" content=\"https:\/\/eldigitaldeasturias.com\/radio\/wp-content\/uploads\/2026\/04\/Dias-Europeos-de-la-Artesania-en-Asturias.jpg\" \/>\n\t\t<meta property=\"og:image:secure_url\" content=\"https:\/\/eldigitaldeasturias.com\/radio\/wp-content\/uploads\/2026\/04\/Dias-Europeos-de-la-Artesania-en-Asturias.jpg\" \/>\n\t\t<meta property=\"og:image:width\" content=\"1115\" \/>\n\t\t<meta property=\"og:image:height\" content=\"844\" \/>\n\t\t<meta property=\"article:published_time\" content=\"2026-04-01T05:17:30+00:00\" \/>\n\t\t<meta property=\"article:modified_time\" content=\"2026-04-01T05:17:54+00:00\" \/>\n\t\t<meta name=\"twitter:card\" content=\"summary_large_image\" \/>\n\t\t<meta name=\"twitter:site\" content=\"@bercodi\" \/>\n\t\t<meta name=\"twitter:title\" content=\"D\u00edas Europeos de la Artesan\u00eda en Asturias | El Digital de Asturias\" \/>\n\t\t<meta name=\"twitter:description\" content=\"Los D\u00edas Europeos de la Artesan\u00eda han comenzado en Asturias con 1.400 plazas gratuitas, 48 artesanos y 32 municipios participantes. Francia y Per\u00fa\" \/>\n\t\t<meta name=\"twitter:creator\" content=\"@bercodi\" \/>\n\t\t<meta name=\"twitter:image\" content=\"https:\/\/eldigitaldeasturias.com\/radio\/wp-content\/uploads\/2026\/04\/Dias-Europeos-de-la-Artesania-en-Asturias.jpg\" \/>\n\t\t<script type=\"application\/ld+json\" class=\"aioseo-schema\">\n\t\t\t{\"@context\":\"https:\\\/\\\/schema.org\",\"@graph\":[{\"@type\":\"BreadcrumbList\",\"@id\":\"https:\\\/\\\/eldigitaldeasturias.com\\\/radio\\\/dias-europeos-de-la-artesania-en-asturias\\\/#breadcrumblist\",\"itemListElement\":[{\"@type\":\"ListItem\",\"@id\":\"https:\\\/\\\/eldigitaldeasturias.com\\\/radio#listItem\",\"position\":1,\"name\":\"Inicio\",\"item\":\"https:\\\/\\\/eldigitaldeasturias.com\\\/radio\",\"nextItem\":{\"@type\":\"ListItem\",\"@id\":\"https:\\\/\\\/eldigitaldeasturias.com\\\/radio\\\/category\\\/titulares\\\/#listItem\",\"name\":\"Titulares\"}},{\"@type\":\"ListItem\",\"@id\":\"https:\\\/\\\/eldigitaldeasturias.com\\\/radio\\\/category\\\/titulares\\\/#listItem\",\"position\":2,\"name\":\"Titulares\",\"item\":\"https:\\\/\\\/eldigitaldeasturias.com\\\/radio\\\/category\\\/titulares\\\/\",\"nextItem\":{\"@type\":\"ListItem\",\"@id\":\"https:\\\/\\\/eldigitaldeasturias.com\\\/radio\\\/dias-europeos-de-la-artesania-en-asturias\\\/#listItem\",\"name\":\"D\\u00edas Europeos de la Artesan\\u00eda en Asturias\"},\"previousItem\":{\"@type\":\"ListItem\",\"@id\":\"https:\\\/\\\/eldigitaldeasturias.com\\\/radio#listItem\",\"name\":\"Inicio\"}},{\"@type\":\"ListItem\",\"@id\":\"https:\\\/\\\/eldigitaldeasturias.com\\\/radio\\\/dias-europeos-de-la-artesania-en-asturias\\\/#listItem\",\"position\":3,\"name\":\"D\\u00edas Europeos de la Artesan\\u00eda en Asturias\",\"previousItem\":{\"@type\":\"ListItem\",\"@id\":\"https:\\\/\\\/eldigitaldeasturias.com\\\/radio\\\/category\\\/titulares\\\/#listItem\",\"name\":\"Titulares\"}}]},{\"@type\":\"NewsArticle\",\"@id\":\"https:\\\/\\\/eldigitaldeasturias.com\\\/radio\\\/dias-europeos-de-la-artesania-en-asturias\\\/#newsarticle\",\"name\":\"D\\u00edas Europeos de la Artesan\\u00eda en Asturias | El Digital de Asturias\",\"headline\":\"D\\u00edas Europeos de la Artesan\\u00eda en Asturias\",\"author\":{\"@id\":\"https:\\\/\\\/eldigitaldeasturias.com\\\/radio\\\/author\\\/nbasturias\\\/#author\"},\"publisher\":{\"@id\":\"https:\\\/\\\/eldigitaldeasturias.com\\\/radio\\\/#organization\"},\"image\":{\"@type\":\"ImageObject\",\"url\":\"https:\\\/\\\/eldigitaldeasturias.com\\\/radio\\\/wp-content\\\/uploads\\\/2026\\\/04\\\/Dias-Europeos-de-la-Artesania-en-Asturias.jpg\",\"width\":1115,\"height\":844,\"caption\":\"Foto: Prensa Principado de Asturias\"},\"datePublished\":\"2026-04-01T07:17:30+02:00\",\"dateModified\":\"2026-04-01T07:17:54+02:00\",\"inLanguage\":\"es-ES\",\"mainEntityOfPage\":{\"@id\":\"https:\\\/\\\/eldigitaldeasturias.com\\\/radio\\\/dias-europeos-de-la-artesania-en-asturias\\\/#webpage\"},\"isPartOf\":{\"@id\":\"https:\\\/\\\/eldigitaldeasturias.com\\\/radio\\\/dias-europeos-de-la-artesania-en-asturias\\\/#webpage\"},\"articleSection\":\"Actualidad Asturias, Titulares, Asturias\",\"dateline\":\"Publicado el abril 1, 2026.\"},{\"@type\":\"Organization\",\"@id\":\"https:\\\/\\\/eldigitaldeasturias.com\\\/radio\\\/#organization\",\"name\":\"El digital de Asturias Radio\",\"description\":\"Diario de informaci\\u00f3n y noticias\",\"url\":\"https:\\\/\\\/eldigitaldeasturias.com\\\/radio\\\/\",\"telephone\":\"+34652131393\",\"logo\":{\"@type\":\"ImageObject\",\"url\":\"https:\\\/\\\/www.eldigitaldeasturias.com\\\/radio\\\/wp-content\\\/uploads\\\/2021\\\/03\\\/EDA.jpg\",\"@id\":\"https:\\\/\\\/eldigitaldeasturias.com\\\/radio\\\/dias-europeos-de-la-artesania-en-asturias\\\/#organizationLogo\"},\"image\":{\"@id\":\"https:\\\/\\\/eldigitaldeasturias.com\\\/radio\\\/dias-europeos-de-la-artesania-en-asturias\\\/#organizationLogo\"},\"sameAs\":[\"https:\\\/\\\/www.facebook.com\\\/\",\"https:\\\/\\\/x.com\\\/bercodi\",\"https:\\\/\\\/www.instagram.com\\\/\",\"https:\\\/\\\/www.youtube.com\\\/channel\\\/UCZP-2wLEB9Rv6erhFmqVnvg\"]},{\"@type\":\"Person\",\"@id\":\"https:\\\/\\\/eldigitaldeasturias.com\\\/radio\\\/author\\\/nbasturias\\\/#author\",\"url\":\"https:\\\/\\\/eldigitaldeasturias.com\\\/radio\\\/author\\\/nbasturias\\\/\",\"name\":\"NBAsturias\",\"image\":{\"@type\":\"ImageObject\",\"@id\":\"https:\\\/\\\/eldigitaldeasturias.com\\\/radio\\\/dias-europeos-de-la-artesania-en-asturias\\\/#authorImage\",\"url\":\"https:\\\/\\\/secure.gravatar.com\\\/avatar\\\/df2aeffc32bcd13f8d26072ef8a91b623d677766deac7f97ca815868cd41bf5e?s=96&d=mm&r=g\",\"width\":96,\"height\":96,\"caption\":\"NBAsturias\"}},{\"@type\":\"WebPage\",\"@id\":\"https:\\\/\\\/eldigitaldeasturias.com\\\/radio\\\/dias-europeos-de-la-artesania-en-asturias\\\/#webpage\",\"url\":\"https:\\\/\\\/eldigitaldeasturias.com\\\/radio\\\/dias-europeos-de-la-artesania-en-asturias\\\/\",\"name\":\"D\\u00edas Europeos de la Artesan\\u00eda en Asturias | El Digital de Asturias\",\"description\":\"Los D\\u00edas Europeos de la Artesan\\u00eda han comenzado en Asturias con 1.400 plazas gratuitas, 48 artesanos y 32 municipios participantes. Francia y Per\\u00fa\",\"inLanguage\":\"es-ES\",\"isPartOf\":{\"@id\":\"https:\\\/\\\/eldigitaldeasturias.com\\\/radio\\\/#website\"},\"breadcrumb\":{\"@id\":\"https:\\\/\\\/eldigitaldeasturias.com\\\/radio\\\/dias-europeos-de-la-artesania-en-asturias\\\/#breadcrumblist\"},\"author\":{\"@id\":\"https:\\\/\\\/eldigitaldeasturias.com\\\/radio\\\/author\\\/nbasturias\\\/#author\"},\"creator\":{\"@id\":\"https:\\\/\\\/eldigitaldeasturias.com\\\/radio\\\/author\\\/nbasturias\\\/#author\"},\"image\":{\"@type\":\"ImageObject\",\"url\":\"https:\\\/\\\/eldigitaldeasturias.com\\\/radio\\\/wp-content\\\/uploads\\\/2026\\\/04\\\/Dias-Europeos-de-la-Artesania-en-Asturias.jpg\",\"@id\":\"https:\\\/\\\/eldigitaldeasturias.com\\\/radio\\\/dias-europeos-de-la-artesania-en-asturias\\\/#mainImage\",\"width\":1115,\"height\":844,\"caption\":\"Foto: Prensa Principado de Asturias\"},\"primaryImageOfPage\":{\"@id\":\"https:\\\/\\\/eldigitaldeasturias.com\\\/radio\\\/dias-europeos-de-la-artesania-en-asturias\\\/#mainImage\"},\"datePublished\":\"2026-04-01T07:17:30+02:00\",\"dateModified\":\"2026-04-01T07:17:54+02:00\"},{\"@type\":\"WebSite\",\"@id\":\"https:\\\/\\\/eldigitaldeasturias.com\\\/radio\\\/#website\",\"url\":\"https:\\\/\\\/eldigitaldeasturias.com\\\/radio\\\/\",\"name\":\"El Digital de Asturias\",\"description\":\"Diario de informaci\\u00f3n y noticias\",\"inLanguage\":\"es-ES\",\"publisher\":{\"@id\":\"https:\\\/\\\/eldigitaldeasturias.com\\\/radio\\\/#organization\"}}]}\n\t\t<\/script>\n\t\t<!-- All in One SEO Pro -->\r\n\t\t<title>D\u00edas Europeos de la Artesan\u00eda en Asturias | El Digital de Asturias<\/title>\n\n","aioseo_head_json":{"title":"D\u00edas Europeos de la Artesan\u00eda en Asturias | El Digital de Asturias","description":"Los D\u00edas Europeos de la Artesan\u00eda han comenzado en Asturias con 1.400 plazas gratuitas, 48 artesanos y 32 municipios participantes. Francia y Per\u00fa","canonical_url":"https:\/\/eldigitaldeasturias.com\/radio\/dias-europeos-de-la-artesania-en-asturias\/","robots":"max-image-preview:large","keywords":"actualidad asturias,titulares","webmasterTools":{"google-site-verification":"UA-38556648-1","miscellaneous":""},"schema":{"@context":"https:\/\/schema.org","@graph":[{"@type":"BreadcrumbList","@id":"https:\/\/eldigitaldeasturias.com\/radio\/dias-europeos-de-la-artesania-en-asturias\/#breadcrumblist","itemListElement":[{"@type":"ListItem","@id":"https:\/\/eldigitaldeasturias.com\/radio#listItem","position":1,"name":"Inicio","item":"https:\/\/eldigitaldeasturias.com\/radio","nextItem":{"@type":"ListItem","@id":"https:\/\/eldigitaldeasturias.com\/radio\/category\/titulares\/#listItem","name":"Titulares"}},{"@type":"ListItem","@id":"https:\/\/eldigitaldeasturias.com\/radio\/category\/titulares\/#listItem","position":2,"name":"Titulares","item":"https:\/\/eldigitaldeasturias.com\/radio\/category\/titulares\/","nextItem":{"@type":"ListItem","@id":"https:\/\/eldigitaldeasturias.com\/radio\/dias-europeos-de-la-artesania-en-asturias\/#listItem","name":"D\u00edas Europeos de la Artesan\u00eda en Asturias"},"previousItem":{"@type":"ListItem","@id":"https:\/\/eldigitaldeasturias.com\/radio#listItem","name":"Inicio"}},{"@type":"ListItem","@id":"https:\/\/eldigitaldeasturias.com\/radio\/dias-europeos-de-la-artesania-en-asturias\/#listItem","position":3,"name":"D\u00edas Europeos de la Artesan\u00eda en Asturias","previousItem":{"@type":"ListItem","@id":"https:\/\/eldigitaldeasturias.com\/radio\/category\/titulares\/#listItem","name":"Titulares"}}]},{"@type":"NewsArticle","@id":"https:\/\/eldigitaldeasturias.com\/radio\/dias-europeos-de-la-artesania-en-asturias\/#newsarticle","name":"D\u00edas Europeos de la Artesan\u00eda en Asturias | El Digital de Asturias","headline":"D\u00edas Europeos de la Artesan\u00eda en Asturias","author":{"@id":"https:\/\/eldigitaldeasturias.com\/radio\/author\/nbasturias\/#author"},"publisher":{"@id":"https:\/\/eldigitaldeasturias.com\/radio\/#organization"},"image":{"@type":"ImageObject","url":"https:\/\/eldigitaldeasturias.com\/radio\/wp-content\/uploads\/2026\/04\/Dias-Europeos-de-la-Artesania-en-Asturias.jpg","width":1115,"height":844,"caption":"Foto: Prensa Principado de Asturias"},"datePublished":"2026-04-01T07:17:30+02:00","dateModified":"2026-04-01T07:17:54+02:00","inLanguage":"es-ES","mainEntityOfPage":{"@id":"https:\/\/eldigitaldeasturias.com\/radio\/dias-europeos-de-la-artesania-en-asturias\/#webpage"},"isPartOf":{"@id":"https:\/\/eldigitaldeasturias.com\/radio\/dias-europeos-de-la-artesania-en-asturias\/#webpage"},"articleSection":"Actualidad Asturias, Titulares, Asturias","dateline":"Publicado el abril 1, 2026."},{"@type":"Organization","@id":"https:\/\/eldigitaldeasturias.com\/radio\/#organization","name":"El digital de Asturias Radio","description":"Diario de informaci\u00f3n y noticias","url":"https:\/\/eldigitaldeasturias.com\/radio\/","telephone":"+34652131393","logo":{"@type":"ImageObject","url":"https:\/\/www.eldigitaldeasturias.com\/radio\/wp-content\/uploads\/2021\/03\/EDA.jpg","@id":"https:\/\/eldigitaldeasturias.com\/radio\/dias-europeos-de-la-artesania-en-asturias\/#organizationLogo"},"image":{"@id":"https:\/\/eldigitaldeasturias.com\/radio\/dias-europeos-de-la-artesania-en-asturias\/#organizationLogo"},"sameAs":["https:\/\/www.facebook.com\/","https:\/\/x.com\/bercodi","https:\/\/www.instagram.com\/","https:\/\/www.youtube.com\/channel\/UCZP-2wLEB9Rv6erhFmqVnvg"]},{"@type":"Person","@id":"https:\/\/eldigitaldeasturias.com\/radio\/author\/nbasturias\/#author","url":"https:\/\/eldigitaldeasturias.com\/radio\/author\/nbasturias\/","name":"NBAsturias","image":{"@type":"ImageObject","@id":"https:\/\/eldigitaldeasturias.com\/radio\/dias-europeos-de-la-artesania-en-asturias\/#authorImage","url":"https:\/\/secure.gravatar.com\/avatar\/df2aeffc32bcd13f8d26072ef8a91b623d677766deac7f97ca815868cd41bf5e?s=96&d=mm&r=g","width":96,"height":96,"caption":"NBAsturias"}},{"@type":"WebPage","@id":"https:\/\/eldigitaldeasturias.com\/radio\/dias-europeos-de-la-artesania-en-asturias\/#webpage","url":"https:\/\/eldigitaldeasturias.com\/radio\/dias-europeos-de-la-artesania-en-asturias\/","name":"D\u00edas Europeos de la Artesan\u00eda en Asturias | El Digital de Asturias","description":"Los D\u00edas Europeos de la Artesan\u00eda han comenzado en Asturias con 1.400 plazas gratuitas, 48 artesanos y 32 municipios participantes. Francia y Per\u00fa","inLanguage":"es-ES","isPartOf":{"@id":"https:\/\/eldigitaldeasturias.com\/radio\/#website"},"breadcrumb":{"@id":"https:\/\/eldigitaldeasturias.com\/radio\/dias-europeos-de-la-artesania-en-asturias\/#breadcrumblist"},"author":{"@id":"https:\/\/eldigitaldeasturias.com\/radio\/author\/nbasturias\/#author"},"creator":{"@id":"https:\/\/eldigitaldeasturias.com\/radio\/author\/nbasturias\/#author"},"image":{"@type":"ImageObject","url":"https:\/\/eldigitaldeasturias.com\/radio\/wp-content\/uploads\/2026\/04\/Dias-Europeos-de-la-Artesania-en-Asturias.jpg","@id":"https:\/\/eldigitaldeasturias.com\/radio\/dias-europeos-de-la-artesania-en-asturias\/#mainImage","width":1115,"height":844,"caption":"Foto: Prensa Principado de Asturias"},"primaryImageOfPage":{"@id":"https:\/\/eldigitaldeasturias.com\/radio\/dias-europeos-de-la-artesania-en-asturias\/#mainImage"},"datePublished":"2026-04-01T07:17:30+02:00","dateModified":"2026-04-01T07:17:54+02:00"},{"@type":"WebSite","@id":"https:\/\/eldigitaldeasturias.com\/radio\/#website","url":"https:\/\/eldigitaldeasturias.com\/radio\/","name":"El Digital de Asturias","description":"Diario de informaci\u00f3n y noticias","inLanguage":"es-ES","publisher":{"@id":"https:\/\/eldigitaldeasturias.com\/radio\/#organization"}}]},"og:locale":"es_ES","og:site_name":"El Digital de Asturias | Diario de informaci\u00f3n y noticias","og:type":"article","og:title":"D\u00edas Europeos de la Artesan\u00eda en Asturias | El Digital de Asturias","og:description":"Los D\u00edas Europeos de la Artesan\u00eda han comenzado en Asturias con 1.400 plazas gratuitas, 48 artesanos y 32 municipios participantes. Francia y Per\u00fa","og:url":"https:\/\/eldigitaldeasturias.com\/radio\/dias-europeos-de-la-artesania-en-asturias\/","og:image":"https:\/\/eldigitaldeasturias.com\/radio\/wp-content\/uploads\/2026\/04\/Dias-Europeos-de-la-Artesania-en-Asturias.jpg","og:image:secure_url":"https:\/\/eldigitaldeasturias.com\/radio\/wp-content\/uploads\/2026\/04\/Dias-Europeos-de-la-Artesania-en-Asturias.jpg","og:image:width":1115,"og:image:height":844,"article:published_time":"2026-04-01T05:17:30+00:00","article:modified_time":"2026-04-01T05:17:54+00:00","twitter:card":"summary_large_image","twitter:site":"@bercodi","twitter:title":"D\u00edas Europeos de la Artesan\u00eda en Asturias | El Digital de Asturias","twitter:description":"Los D\u00edas Europeos de la Artesan\u00eda han comenzado en Asturias con 1.400 plazas gratuitas, 48 artesanos y 32 municipios participantes. Francia y Per\u00fa","twitter:creator":"@bercodi","twitter:image":"https:\/\/eldigitaldeasturias.com\/radio\/wp-content\/uploads\/2026\/04\/Dias-Europeos-de-la-Artesania-en-Asturias.jpg"},"aioseo_meta_data":{"post_id":"12579","title":null,"description":"Los D\u00edas Europeos de la Artesan\u00eda han comenzado en Asturias con 1.400 plazas gratuitas, 48 artesanos y 32 municipios participantes. Francia y Per\u00fa","keywords":null,"keyphrases":{"focus":{"keyphrase":"Asturias","score":91,"analysis":{"keyphraseInTitle":{"score":9,"maxScore":9,"error":0},"keyphraseInDescription":{"score":9,"maxScore":9,"error":0},"keyphraseLength":{"score":9,"maxScore":9,"error":0,"length":1},"keyphraseInURL":{"score":5,"maxScore":5,"error":0},"keyphraseInIntroduction":{"score":9,"maxScore":9,"error":0},"keyphraseInSubHeadings":{"score":3,"maxScore":9,"error":1},"keyphraseInImageAlt":{"score":9,"maxScore":9,"error":0},"keywordDensity":{"type":"best","score":9,"maxScore":9,"error":0}}},"additional":[{"keyphrase":"Artesan\u00eda","score":80,"analysis":{"keyphraseInDescription":{"score":9,"maxScore":9,"error":0},"keyphraseLength":{"score":9,"maxScore":9,"error":0,"length":2},"keyphraseInIntroduction":{"score":9,"maxScore":9,"error":0},"keyphraseInImageAlt":{"score":9,"maxScore":9,"error":0},"keywordDensity":{"score":0,"type":"low","maxScore":9,"error":1}}}]},"primary_term":null,"canonical_url":null,"og_title":null,"og_description":null,"og_object_type":"default","og_image_type":"default","og_image_url":null,"og_image_width":null,"og_image_height":null,"og_image_custom_url":null,"og_image_custom_fields":null,"og_video":"","og_custom_url":null,"og_article_section":null,"og_article_tags":null,"twitter_use_og":false,"twitter_card":"default","twitter_image_type":"default","twitter_image_url":null,"twitter_image_custom_url":null,"twitter_image_custom_fields":null,"twitter_title":null,"twitter_description":null,"schema":{"blockGraphs":[],"customGraphs":[],"default":{"data":{"Article":[],"Course":[],"Dataset":[],"FAQPage":[],"Movie":[],"Person":[],"Product":[],"ProductReview":[],"Car":[],"Recipe":[],"Service":[],"SoftwareApplication":[],"WebPage":[]},"graphName":"NewsArticle","isEnabled":true},"graphs":[]},"schema_type":"default","schema_type_options":null,"pillar_content":false,"robots_default":true,"robots_noindex":false,"robots_noarchive":false,"robots_nosnippet":false,"robots_nofollow":false,"robots_noimageindex":false,"robots_noodp":false,"robots_notranslate":false,"robots_max_snippet":"-1","robots_max_videopreview":"-1","robots_max_imagepreview":"large","priority":null,"frequency":"default","location":null,"local_seo":null,"seo_analyzer_scan_date":"2026-04-01 06:05:11","breadcrumb_settings":null,"limit_modified_date":false,"open_ai":null,"ai":{"faqs":[],"keyPoints":[],"titles":[],"descriptions":[],"socialPosts":{"email":[],"linkedin":[],"twitter":[],"facebook":[],"instagram":[]}},"created":"2026-04-01 05:04:38","updated":"2026-04-01 06:05:19"},"aioseo_breadcrumb":"<div class=\"aioseo-breadcrumbs\"><span class=\"aioseo-breadcrumb\">\n\t<a href=\"https:\/\/eldigitaldeasturias.com\/radio\" title=\"Inicio\">Inicio<\/a>\n<\/span><span class=\"aioseo-breadcrumb-separator\">&ndash;<\/span><span class=\"aioseo-breadcrumb\">\n\t<a href=\"https:\/\/eldigitaldeasturias.com\/radio\/category\/titulares\/\" title=\"Titulares\">Titulares<\/a>\n<\/span><span class=\"aioseo-breadcrumb-separator\">&ndash;<\/span><span class=\"aioseo-breadcrumb\">\n\tD\u00edas Europeos de la Artesan\u00eda en Asturias\n<\/span><\/div>","aioseo_breadcrumb_json":[{"label":"Inicio","link":"https:\/\/eldigitaldeasturias.com\/radio"},{"label":"Titulares","link":"https:\/\/eldigitaldeasturias.com\/radio\/category\/titulares\/"},{"label":"D\u00edas Europeos de la Artesan\u00eda en Asturias","link":"https:\/\/eldigitaldeasturias.com\/radio\/dias-europeos-de-la-artesania-en-asturias\/"}],"_links":{"self":[{"href":"https:\/\/eldigitaldeasturias.com\/radio\/wp-json\/wp\/v2\/posts\/12579","targetHints":{"allow":["GET"]}}],"collection":[{"href":"https:\/\/eldigitaldeasturias.com\/radio\/wp-json\/wp\/v2\/posts"}],"about":[{"href":"https:\/\/eldigitaldeasturias.com\/radio\/wp-json\/wp\/v2\/types\/post"}],"author":[{"embeddable":true,"href":"https:\/\/eldigitaldeasturias.com\/radio\/wp-json\/wp\/v2\/users\/1"}],"replies":[{"embeddable":true,"href":"https:\/\/eldigitaldeasturias.com\/radio\/wp-json\/wp\/v2\/comments?post=12579"}],"version-history":[{"count":0,"href":"https:\/\/eldigitaldeasturias.com\/radio\/wp-json\/wp\/v2\/posts\/12579\/revisions"}],"wp:featuredmedia":[{"embeddable":true,"href":"https:\/\/eldigitaldeasturias.com\/radio\/wp-json\/wp\/v2\/media\/12580"}],"wp:attachment":[{"href":"https:\/\/eldigitaldeasturias.com\/radio\/wp-json\/wp\/v2\/media?parent=12579"}],"wp:term":[{"taxonomy":"category","embeddable":true,"href":"https:\/\/eldigitaldeasturias.com\/radio\/wp-json\/wp\/v2\/categories?post=12579"},{"taxonomy":"post_tag","embeddable":true,"href":"https:\/\/eldigitaldeasturias.com\/radio\/wp-json\/wp\/v2\/tags?post=12579"}],"curies":[{"name":"wp","href":"https:\/\/api.w.org\/{rel}","templated":true}]}}