{"id":12558,"date":"2026-03-27T19:30:25","date_gmt":"2026-03-27T18:30:25","guid":{"rendered":"https:\/\/eldigitaldeasturias.com\/radio\/?p=12558"},"modified":"2026-03-27T19:30:25","modified_gmt":"2026-03-27T18:30:25","slug":"50-anos-y-autonomo-en-asturias-que-viene-ahora","status":"publish","type":"post","link":"https:\/\/eldigitaldeasturias.com\/radio\/50-anos-y-autonomo-en-asturias-que-viene-ahora\/","title":{"rendered":"50 a\u00f1os y aut\u00f3nomo en Asturias: \u00bfqu\u00e9 viene ahora?"},"content":{"rendered":"<p class=\"font-claude-response-body break-words whitespace-normal leading-[1.7]\">Hay una edad en la que el espejo y el <span style=\"color: #ff6600;\"><a style=\"color: #ff6600;\" href=\"https:\/\/eldigitaldeasturias.com\/radio\/category\/negocios\/\"><strong>mercado laboral en Asturias<\/strong><\/a><\/span> empiezan a contar historias distintas, una de ellas la del aut\u00f3nomo. Con cincuenta a\u00f1os uno se siente capaz, con experiencia acumulada y con energ\u00eda suficiente para seguir adelante. <strong>El mercado, sin embargo, no siempre lo lee igual. Y para quien ha trabajado por cuenta propia durante d\u00e9cadas, ese desajuste puede convertirse en uno de los momentos m\u00e1s complicados de su vida profesional.<\/strong><\/p>\n<figure id=\"attachment_12559\" aria-describedby=\"caption-attachment-12559\" style=\"width: 650px\" class=\"wp-caption aligncenter\"><img fetchpriority=\"high\" decoding=\"async\" class=\"size-large wp-image-12559\" src=\"https:\/\/eldigitaldeasturias.com\/radio\/wp-content\/uploads\/2026\/03\/50-anos-y-autonomo-en-Asturias-que-viene-ahora-650x363.jpg\" alt=\"50 a\u00f1os y aut\u00f3nomo en Asturias: \u00bfqu\u00e9 viene ahora?\" width=\"650\" height=\"363\" srcset=\"https:\/\/eldigitaldeasturias.com\/radio\/wp-content\/uploads\/2026\/03\/50-anos-y-autonomo-en-Asturias-que-viene-ahora-650x363.jpg 650w, https:\/\/eldigitaldeasturias.com\/radio\/wp-content\/uploads\/2026\/03\/50-anos-y-autonomo-en-Asturias-que-viene-ahora-360x201.jpg 360w, https:\/\/eldigitaldeasturias.com\/radio\/wp-content\/uploads\/2026\/03\/50-anos-y-autonomo-en-Asturias-que-viene-ahora-768x429.jpg 768w, https:\/\/eldigitaldeasturias.com\/radio\/wp-content\/uploads\/2026\/03\/50-anos-y-autonomo-en-Asturias-que-viene-ahora-150x84.jpg 150w, https:\/\/eldigitaldeasturias.com\/radio\/wp-content\/uploads\/2026\/03\/50-anos-y-autonomo-en-Asturias-que-viene-ahora-450x251.jpg 450w, https:\/\/eldigitaldeasturias.com\/radio\/wp-content\/uploads\/2026\/03\/50-anos-y-autonomo-en-Asturias-que-viene-ahora-1200x670.jpg 1200w, https:\/\/eldigitaldeasturias.com\/radio\/wp-content\/uploads\/2026\/03\/50-anos-y-autonomo-en-Asturias-que-viene-ahora.jpg 1265w\" sizes=\"(max-width: 650px) 100vw, 650px\" \/><figcaption id=\"caption-attachment-12559\" class=\"wp-caption-text\">Foto: 123rf.com<\/figcaption><\/figure>\n<p class=\"font-claude-response-body break-words whitespace-normal leading-[1.7]\">En Asturias este perfil no es una excepci\u00f3n. Es una realidad cotidiana que afecta a miles de personas y que rara vez ocupa el espacio que merece en el debate p\u00fablico.<\/p>\n<h1 class=\"text-text-100 mt-3 -mb-1 text-[1.125rem] font-bold\">Lo que nadie te cuenta cuando cierras<\/h1>\n<p class=\"font-claude-response-body break-words whitespace-normal leading-[1.7]\">Cuando un aut\u00f3nomo de larga trayectoria se ve obligado a cerrar o a replantear su actividad, lo primero que descubre es que el sistema no estaba pensando en \u00e9l cuando dise\u00f1\u00f3 sus herramientas de apoyo. Las ayudas al desempleo tienen sus propias reglas para los trabajadores por cuenta propia. <strong>El cese de actividad existe, pero acceder a \u00e9l no siempre es sencillo y la prestaci\u00f3n tiene una duraci\u00f3n limitada que no siempre da el margen necesario para reorganizarse.<\/strong><\/p>\n<p class=\"font-claude-response-body break-words whitespace-normal leading-[1.7]\">Los talleres de empleo y los programas de orientaci\u00f3n laboral est\u00e1n bien para quien lleva poco tiempo en el mercado o necesita una primera oportunidad. Para alguien que ha dirigido su propio negocio durante veinte a\u00f1os, presentarse a una sesi\u00f3n de t\u00e9cnicas de b\u00fasqueda de empleo tiene algo de surrealista. No porque no pueda aprender cosas nuevas, sino porque lo que sabe hacer no cabe f\u00e1cilmente en un formulario ni en una entrevista de trabajo convencional.<\/p>\n<h2 class=\"text-text-100 mt-3 -mb-1 text-[1.125rem] font-bold\">El CV de quien nunca tuvo jefe<\/h2>\n<p class=\"font-claude-response-body break-words whitespace-normal leading-[1.7]\">Ah\u00ed est\u00e1 uno de los nudos m\u00e1s dif\u00edciles de desatar. <strong>Un <a href=\"https:\/\/candas365.es\/noticias\/category\/canal-empresas\/\" target=\"_blank\" rel=\"noopener\"><span style=\"color: #ff6600;\">aut\u00f3nomo<\/span><\/a> con d\u00e9cadas de experiencia tiene un perfil que impresiona sobre el papel pero que genera dudas en seg\u00fan qu\u00e9 contextos<\/strong>. Ha tomado decisiones, ha gestionado clientes, ha resuelto problemas sin red. Pero tambi\u00e9n ha sido su propio jefe durante tanto tiempo que la pregunta que muchos responsables de selecci\u00f3n se hacen en voz baja es si va a saber encajar en una estructura donde las decisiones las toman otros.<\/p>\n<p class=\"font-claude-response-body break-words whitespace-normal leading-[1.7]\">Esa duda, muchas veces injusta, es real. Y el aut\u00f3nomo mayor de cincuenta a\u00f1os que busca recolocarse lo sabe antes de entrar por la puerta. Lo que convierte cada proceso de selecci\u00f3n en un ejercicio de paciencia y de gesti\u00f3n del ego que no todo el mundo est\u00e1 preparado para afrontar.<\/p>\n<h2 class=\"text-text-100 mt-3 -mb-1 text-[1.125rem] font-bold\">Lo que Asturias ofrece y lo que todav\u00eda falta<\/h2>\n<p class=\"font-claude-response-body break-words whitespace-normal leading-[1.7]\">El Servicio P\u00fablico de Empleo del <a href=\"https:\/\/actualidad.asturias.es\/\" target=\"_blank\" rel=\"noopener\"><span style=\"color: #ff6600;\"><strong>Principado<\/strong><\/span><\/a>, y diversas iniciativas locales tienen programas orientados a mayores de cuarenta y cinco o cincuenta a\u00f1os. <strong>Existen bonificaciones para empresas que contraten a este perfil y hay l\u00edneas de apoyo para quien quiera reiniciar una actividad por cuenta propia con otra forma jur\u00eddica o en otro sector.<\/strong><\/p>\n<p class=\"font-claude-response-body break-words whitespace-normal leading-[1.7]\">El problema no es que no existan recursos. El problema es que llegar a ellos requiere tiempo, informaci\u00f3n y una energ\u00eda que no siempre sobra cuando uno est\u00e1 en medio de una situaci\u00f3n de incertidumbre. Y que muchos de esos programas est\u00e1n dise\u00f1ados desde una l\u00f3gica que no siempre encaja con la realidad de quien ha sido empresario de s\u00ed mismo durante la mayor parte de su vida activa.<\/p>\n<p class=\"font-claude-response-body break-words whitespace-normal leading-[1.7]\">Lo que m\u00e1s valoran quienes han pasado por esto no es tanto la ayuda econ\u00f3mica puntual como el acompa\u00f1amiento real. <strong>Alguien que entienda de d\u00f3nde viene, que conozca las opciones disponibles y que ayude a trazar un camino que tenga sentido para ese perfil concreto. Eso es lo que m\u00e1s escasea.<\/strong><\/p>\n<h2 class=\"text-text-100 mt-3 -mb-1 text-[1.125rem] font-bold\">Reinventarse sin borrarse<\/h2>\n<p class=\"font-claude-response-body break-words whitespace-normal leading-[1.7]\">Hay algo que conviene decir con claridad. Cincuenta a\u00f1os no es el final de nada. Es un momento de inflexi\u00f3n que, <strong>bien gestionado, puede abrir puertas que antes no exist\u00edan o que no se hab\u00edan considerado.<\/strong><\/p>\n<p class=\"font-claude-response-body break-words whitespace-normal leading-[1.7]\">La experiencia acumulada tiene valor real en sectores que buscan criterio, en la consultor\u00eda, en la formaci\u00f3n, en proyectos que necesitan a alguien que ya ha cometido los errores que ellos todav\u00eda est\u00e1n a punto de cometer. <strong>El conocimiento de un aut\u00f3nomo veterano no desaparece cuando cierra su negocio. Lo que cambia es el envoltorio, y eso se puede trabajar.<\/strong><\/p>\n<p class=\"font-claude-response-body break-words whitespace-normal leading-[1.7]\">La clave est\u00e1 en no intentar competir en los mismos t\u00e9rminos que alguien de treinta a\u00f1os. No en el precio, no en la disponibilidad, no en la imagen. <strong>La ventaja competitiva de los cincuenta es otra y hay que saber nombrarla y defenderla sin disculparse por ella.<\/strong><\/p>\n<p class=\"font-claude-response-body break-words whitespace-normal leading-[1.7]\">En Asturias, como en el resto del pa\u00eds, este colectivo merece m\u00e1s atenci\u00f3n de la que recibe. No como v\u00edctima de nada, sino como lo que es: gente con oficio, con criterio y con ganas de seguir aportando. El sistema que sepa aprovechar eso tendr\u00e1 mucho ganado.<\/p>\n","protected":false},"excerpt":{"rendered":"<p>Hay una edad en la que el espejo y el mercado laboral en Asturias empiezan a contar historias distintas, una de ellas la del aut\u00f3nomo. Con cincuenta a\u00f1os uno se siente capaz, con experiencia acumulada y con energ\u00eda suficiente para seguir adelante. El mercado, sin embargo, no siempre lo lee igual. Y para quien ha<\/p>\n","protected":false},"author":1,"featured_media":12559,"comment_status":"closed","ping_status":"closed","sticky":false,"template":"","format":"standard","meta":{"footnotes":""},"categories":[141,36],"tags":[42,110],"class_list":{"0":"post-12558","1":"post","2":"type-post","3":"status-publish","4":"format-standard","5":"has-post-thumbnail","7":"category-actualidad-asturias","8":"category-titulares","9":"tag-asturias","10":"tag-empleo"},"aioseo_notices":[],"aioseo_head":"\n\t\t<!-- All in One SEO Pro 4.9.6.2 - aioseo.com -->\n\t<meta name=\"description\" content=\"Hay una edad en la que el espejo y el mercado laboral en Asturias empiezan a contar historias distintas, una de ellas la del aut\u00f3nomo. Con cincuenta a\u00f1os uno\" \/>\n\t<meta name=\"robots\" content=\"max-image-preview:large\" \/>\n\t<meta name=\"author\" content=\"NBAsturias\"\/>\n\t<meta name=\"google-site-verification\" content=\"UA-38556648-1\" \/>\n\t<meta name=\"keywords\" content=\"actualidad asturias,titulares\" \/>\n\t<link rel=\"canonical\" href=\"https:\/\/eldigitaldeasturias.com\/radio\/50-anos-y-autonomo-en-asturias-que-viene-ahora\/\" \/>\n\t<meta name=\"generator\" content=\"All in One SEO Pro (AIOSEO) 4.9.6.2\" \/>\n\t\t<meta property=\"og:locale\" content=\"es_ES\" \/>\n\t\t<meta property=\"og:site_name\" content=\"El Digital de Asturias | Diario de informaci\u00f3n y noticias\" \/>\n\t\t<meta property=\"og:type\" content=\"article\" \/>\n\t\t<meta property=\"og:title\" content=\"50 a\u00f1os y aut\u00f3nomo en Asturias: \u00bfqu\u00e9 viene ahora? | El Digital de Asturias\" \/>\n\t\t<meta property=\"og:description\" content=\"Hay una edad en la que el espejo y el mercado laboral en Asturias empiezan a contar historias distintas, una de ellas la del aut\u00f3nomo. Con cincuenta a\u00f1os uno\" \/>\n\t\t<meta property=\"og:url\" content=\"https:\/\/eldigitaldeasturias.com\/radio\/50-anos-y-autonomo-en-asturias-que-viene-ahora\/\" \/>\n\t\t<meta property=\"og:image\" content=\"https:\/\/eldigitaldeasturias.com\/radio\/wp-content\/uploads\/2026\/03\/50-anos-y-autonomo-en-Asturias-que-viene-ahora.jpg\" \/>\n\t\t<meta property=\"og:image:secure_url\" content=\"https:\/\/eldigitaldeasturias.com\/radio\/wp-content\/uploads\/2026\/03\/50-anos-y-autonomo-en-Asturias-que-viene-ahora.jpg\" \/>\n\t\t<meta property=\"og:image:width\" content=\"1265\" \/>\n\t\t<meta property=\"og:image:height\" content=\"706\" \/>\n\t\t<meta property=\"article:published_time\" content=\"2026-03-27T18:30:25+00:00\" \/>\n\t\t<meta property=\"article:modified_time\" content=\"2026-03-27T18:30:25+00:00\" \/>\n\t\t<meta name=\"twitter:card\" content=\"summary_large_image\" \/>\n\t\t<meta name=\"twitter:site\" content=\"@bercodi\" \/>\n\t\t<meta name=\"twitter:title\" content=\"50 a\u00f1os y aut\u00f3nomo en Asturias: \u00bfqu\u00e9 viene ahora? | El Digital de Asturias\" \/>\n\t\t<meta name=\"twitter:description\" content=\"Hay una edad en la que el espejo y el mercado laboral en Asturias empiezan a contar historias distintas, una de ellas la del aut\u00f3nomo. Con cincuenta a\u00f1os uno\" \/>\n\t\t<meta name=\"twitter:creator\" content=\"@bercodi\" \/>\n\t\t<meta name=\"twitter:image\" content=\"https:\/\/eldigitaldeasturias.com\/radio\/wp-content\/uploads\/2026\/03\/50-anos-y-autonomo-en-Asturias-que-viene-ahora.jpg\" \/>\n\t\t<script type=\"application\/ld+json\" class=\"aioseo-schema\">\n\t\t\t{\"@context\":\"https:\\\/\\\/schema.org\",\"@graph\":[{\"@type\":\"BreadcrumbList\",\"@id\":\"https:\\\/\\\/eldigitaldeasturias.com\\\/radio\\\/50-anos-y-autonomo-en-asturias-que-viene-ahora\\\/#breadcrumblist\",\"itemListElement\":[{\"@type\":\"ListItem\",\"@id\":\"https:\\\/\\\/eldigitaldeasturias.com\\\/radio#listItem\",\"position\":1,\"name\":\"Inicio\",\"item\":\"https:\\\/\\\/eldigitaldeasturias.com\\\/radio\",\"nextItem\":{\"@type\":\"ListItem\",\"@id\":\"https:\\\/\\\/eldigitaldeasturias.com\\\/radio\\\/category\\\/titulares\\\/#listItem\",\"name\":\"Titulares\"}},{\"@type\":\"ListItem\",\"@id\":\"https:\\\/\\\/eldigitaldeasturias.com\\\/radio\\\/category\\\/titulares\\\/#listItem\",\"position\":2,\"name\":\"Titulares\",\"item\":\"https:\\\/\\\/eldigitaldeasturias.com\\\/radio\\\/category\\\/titulares\\\/\",\"nextItem\":{\"@type\":\"ListItem\",\"@id\":\"https:\\\/\\\/eldigitaldeasturias.com\\\/radio\\\/50-anos-y-autonomo-en-asturias-que-viene-ahora\\\/#listItem\",\"name\":\"50 a\\u00f1os y aut\\u00f3nomo en Asturias: \\u00bfqu\\u00e9 viene ahora?\"},\"previousItem\":{\"@type\":\"ListItem\",\"@id\":\"https:\\\/\\\/eldigitaldeasturias.com\\\/radio#listItem\",\"name\":\"Inicio\"}},{\"@type\":\"ListItem\",\"@id\":\"https:\\\/\\\/eldigitaldeasturias.com\\\/radio\\\/50-anos-y-autonomo-en-asturias-que-viene-ahora\\\/#listItem\",\"position\":3,\"name\":\"50 a\\u00f1os y aut\\u00f3nomo en Asturias: \\u00bfqu\\u00e9 viene ahora?\",\"previousItem\":{\"@type\":\"ListItem\",\"@id\":\"https:\\\/\\\/eldigitaldeasturias.com\\\/radio\\\/category\\\/titulares\\\/#listItem\",\"name\":\"Titulares\"}}]},{\"@type\":\"NewsArticle\",\"@id\":\"https:\\\/\\\/eldigitaldeasturias.com\\\/radio\\\/50-anos-y-autonomo-en-asturias-que-viene-ahora\\\/#newsarticle\",\"name\":\"50 a\\u00f1os y aut\\u00f3nomo en Asturias: \\u00bfqu\\u00e9 viene ahora? | El Digital de Asturias\",\"headline\":\"50 a\\u00f1os y aut\\u00f3nomo en Asturias: \\u00bfqu\\u00e9 viene ahora?\",\"author\":{\"@id\":\"https:\\\/\\\/eldigitaldeasturias.com\\\/radio\\\/author\\\/nbasturias\\\/#author\"},\"publisher\":{\"@id\":\"https:\\\/\\\/eldigitaldeasturias.com\\\/radio\\\/#organization\"},\"image\":{\"@type\":\"ImageObject\",\"url\":\"https:\\\/\\\/eldigitaldeasturias.com\\\/radio\\\/wp-content\\\/uploads\\\/2026\\\/03\\\/50-anos-y-autonomo-en-Asturias-que-viene-ahora.jpg\",\"width\":1265,\"height\":706,\"caption\":\"Foto: 123rf.com\"},\"datePublished\":\"2026-03-27T19:30:25+01:00\",\"dateModified\":\"2026-03-27T19:30:25+01:00\",\"inLanguage\":\"es-ES\",\"mainEntityOfPage\":{\"@id\":\"https:\\\/\\\/eldigitaldeasturias.com\\\/radio\\\/50-anos-y-autonomo-en-asturias-que-viene-ahora\\\/#webpage\"},\"isPartOf\":{\"@id\":\"https:\\\/\\\/eldigitaldeasturias.com\\\/radio\\\/50-anos-y-autonomo-en-asturias-que-viene-ahora\\\/#webpage\"},\"articleSection\":\"Actualidad Asturias, Titulares, Asturias, empleo\",\"dateline\":\"Publicado el marzo 27, 2026.\"},{\"@type\":\"Organization\",\"@id\":\"https:\\\/\\\/eldigitaldeasturias.com\\\/radio\\\/#organization\",\"name\":\"El digital de Asturias Radio\",\"description\":\"Diario de informaci\\u00f3n y noticias\",\"url\":\"https:\\\/\\\/eldigitaldeasturias.com\\\/radio\\\/\",\"telephone\":\"+34652131393\",\"logo\":{\"@type\":\"ImageObject\",\"url\":\"https:\\\/\\\/www.eldigitaldeasturias.com\\\/radio\\\/wp-content\\\/uploads\\\/2021\\\/03\\\/EDA.jpg\",\"@id\":\"https:\\\/\\\/eldigitaldeasturias.com\\\/radio\\\/50-anos-y-autonomo-en-asturias-que-viene-ahora\\\/#organizationLogo\"},\"image\":{\"@id\":\"https:\\\/\\\/eldigitaldeasturias.com\\\/radio\\\/50-anos-y-autonomo-en-asturias-que-viene-ahora\\\/#organizationLogo\"},\"sameAs\":[\"https:\\\/\\\/www.facebook.com\\\/\",\"https:\\\/\\\/x.com\\\/bercodi\",\"https:\\\/\\\/www.instagram.com\\\/\",\"https:\\\/\\\/www.youtube.com\\\/channel\\\/UCZP-2wLEB9Rv6erhFmqVnvg\"]},{\"@type\":\"Person\",\"@id\":\"https:\\\/\\\/eldigitaldeasturias.com\\\/radio\\\/author\\\/nbasturias\\\/#author\",\"url\":\"https:\\\/\\\/eldigitaldeasturias.com\\\/radio\\\/author\\\/nbasturias\\\/\",\"name\":\"NBAsturias\",\"image\":{\"@type\":\"ImageObject\",\"@id\":\"https:\\\/\\\/eldigitaldeasturias.com\\\/radio\\\/50-anos-y-autonomo-en-asturias-que-viene-ahora\\\/#authorImage\",\"url\":\"https:\\\/\\\/secure.gravatar.com\\\/avatar\\\/df2aeffc32bcd13f8d26072ef8a91b623d677766deac7f97ca815868cd41bf5e?s=96&d=mm&r=g\",\"width\":96,\"height\":96,\"caption\":\"NBAsturias\"}},{\"@type\":\"WebPage\",\"@id\":\"https:\\\/\\\/eldigitaldeasturias.com\\\/radio\\\/50-anos-y-autonomo-en-asturias-que-viene-ahora\\\/#webpage\",\"url\":\"https:\\\/\\\/eldigitaldeasturias.com\\\/radio\\\/50-anos-y-autonomo-en-asturias-que-viene-ahora\\\/\",\"name\":\"50 a\\u00f1os y aut\\u00f3nomo en Asturias: \\u00bfqu\\u00e9 viene ahora? | El Digital de Asturias\",\"description\":\"Hay una edad en la que el espejo y el mercado laboral en Asturias empiezan a contar historias distintas, una de ellas la del aut\\u00f3nomo. Con cincuenta a\\u00f1os uno\",\"inLanguage\":\"es-ES\",\"isPartOf\":{\"@id\":\"https:\\\/\\\/eldigitaldeasturias.com\\\/radio\\\/#website\"},\"breadcrumb\":{\"@id\":\"https:\\\/\\\/eldigitaldeasturias.com\\\/radio\\\/50-anos-y-autonomo-en-asturias-que-viene-ahora\\\/#breadcrumblist\"},\"author\":{\"@id\":\"https:\\\/\\\/eldigitaldeasturias.com\\\/radio\\\/author\\\/nbasturias\\\/#author\"},\"creator\":{\"@id\":\"https:\\\/\\\/eldigitaldeasturias.com\\\/radio\\\/author\\\/nbasturias\\\/#author\"},\"image\":{\"@type\":\"ImageObject\",\"url\":\"https:\\\/\\\/eldigitaldeasturias.com\\\/radio\\\/wp-content\\\/uploads\\\/2026\\\/03\\\/50-anos-y-autonomo-en-Asturias-que-viene-ahora.jpg\",\"@id\":\"https:\\\/\\\/eldigitaldeasturias.com\\\/radio\\\/50-anos-y-autonomo-en-asturias-que-viene-ahora\\\/#mainImage\",\"width\":1265,\"height\":706,\"caption\":\"Foto: 123rf.com\"},\"primaryImageOfPage\":{\"@id\":\"https:\\\/\\\/eldigitaldeasturias.com\\\/radio\\\/50-anos-y-autonomo-en-asturias-que-viene-ahora\\\/#mainImage\"},\"datePublished\":\"2026-03-27T19:30:25+01:00\",\"dateModified\":\"2026-03-27T19:30:25+01:00\"},{\"@type\":\"WebSite\",\"@id\":\"https:\\\/\\\/eldigitaldeasturias.com\\\/radio\\\/#website\",\"url\":\"https:\\\/\\\/eldigitaldeasturias.com\\\/radio\\\/\",\"name\":\"El Digital de Asturias\",\"description\":\"Diario de informaci\\u00f3n y noticias\",\"inLanguage\":\"es-ES\",\"publisher\":{\"@id\":\"https:\\\/\\\/eldigitaldeasturias.com\\\/radio\\\/#organization\"}}]}\n\t\t<\/script>\n\t\t<!-- All in One SEO Pro -->\r\n\t\t<title>50 a\u00f1os y aut\u00f3nomo en Asturias: \u00bfqu\u00e9 viene ahora? | El Digital de Asturias<\/title>\n\n","aioseo_head_json":{"title":"50 a\u00f1os y aut\u00f3nomo en Asturias: \u00bfqu\u00e9 viene ahora? | El Digital de Asturias","description":"Hay una edad en la que el espejo y el mercado laboral en Asturias empiezan a contar historias distintas, una de ellas la del aut\u00f3nomo. Con cincuenta a\u00f1os uno","canonical_url":"https:\/\/eldigitaldeasturias.com\/radio\/50-anos-y-autonomo-en-asturias-que-viene-ahora\/","robots":"max-image-preview:large","keywords":"actualidad asturias,titulares","webmasterTools":{"google-site-verification":"UA-38556648-1","miscellaneous":""},"schema":{"@context":"https:\/\/schema.org","@graph":[{"@type":"BreadcrumbList","@id":"https:\/\/eldigitaldeasturias.com\/radio\/50-anos-y-autonomo-en-asturias-que-viene-ahora\/#breadcrumblist","itemListElement":[{"@type":"ListItem","@id":"https:\/\/eldigitaldeasturias.com\/radio#listItem","position":1,"name":"Inicio","item":"https:\/\/eldigitaldeasturias.com\/radio","nextItem":{"@type":"ListItem","@id":"https:\/\/eldigitaldeasturias.com\/radio\/category\/titulares\/#listItem","name":"Titulares"}},{"@type":"ListItem","@id":"https:\/\/eldigitaldeasturias.com\/radio\/category\/titulares\/#listItem","position":2,"name":"Titulares","item":"https:\/\/eldigitaldeasturias.com\/radio\/category\/titulares\/","nextItem":{"@type":"ListItem","@id":"https:\/\/eldigitaldeasturias.com\/radio\/50-anos-y-autonomo-en-asturias-que-viene-ahora\/#listItem","name":"50 a\u00f1os y aut\u00f3nomo en Asturias: \u00bfqu\u00e9 viene ahora?"},"previousItem":{"@type":"ListItem","@id":"https:\/\/eldigitaldeasturias.com\/radio#listItem","name":"Inicio"}},{"@type":"ListItem","@id":"https:\/\/eldigitaldeasturias.com\/radio\/50-anos-y-autonomo-en-asturias-que-viene-ahora\/#listItem","position":3,"name":"50 a\u00f1os y aut\u00f3nomo en Asturias: \u00bfqu\u00e9 viene ahora?","previousItem":{"@type":"ListItem","@id":"https:\/\/eldigitaldeasturias.com\/radio\/category\/titulares\/#listItem","name":"Titulares"}}]},{"@type":"NewsArticle","@id":"https:\/\/eldigitaldeasturias.com\/radio\/50-anos-y-autonomo-en-asturias-que-viene-ahora\/#newsarticle","name":"50 a\u00f1os y aut\u00f3nomo en Asturias: \u00bfqu\u00e9 viene ahora? | El Digital de Asturias","headline":"50 a\u00f1os y aut\u00f3nomo en Asturias: \u00bfqu\u00e9 viene ahora?","author":{"@id":"https:\/\/eldigitaldeasturias.com\/radio\/author\/nbasturias\/#author"},"publisher":{"@id":"https:\/\/eldigitaldeasturias.com\/radio\/#organization"},"image":{"@type":"ImageObject","url":"https:\/\/eldigitaldeasturias.com\/radio\/wp-content\/uploads\/2026\/03\/50-anos-y-autonomo-en-Asturias-que-viene-ahora.jpg","width":1265,"height":706,"caption":"Foto: 123rf.com"},"datePublished":"2026-03-27T19:30:25+01:00","dateModified":"2026-03-27T19:30:25+01:00","inLanguage":"es-ES","mainEntityOfPage":{"@id":"https:\/\/eldigitaldeasturias.com\/radio\/50-anos-y-autonomo-en-asturias-que-viene-ahora\/#webpage"},"isPartOf":{"@id":"https:\/\/eldigitaldeasturias.com\/radio\/50-anos-y-autonomo-en-asturias-que-viene-ahora\/#webpage"},"articleSection":"Actualidad Asturias, Titulares, Asturias, empleo","dateline":"Publicado el marzo 27, 2026."},{"@type":"Organization","@id":"https:\/\/eldigitaldeasturias.com\/radio\/#organization","name":"El digital de Asturias Radio","description":"Diario de informaci\u00f3n y noticias","url":"https:\/\/eldigitaldeasturias.com\/radio\/","telephone":"+34652131393","logo":{"@type":"ImageObject","url":"https:\/\/www.eldigitaldeasturias.com\/radio\/wp-content\/uploads\/2021\/03\/EDA.jpg","@id":"https:\/\/eldigitaldeasturias.com\/radio\/50-anos-y-autonomo-en-asturias-que-viene-ahora\/#organizationLogo"},"image":{"@id":"https:\/\/eldigitaldeasturias.com\/radio\/50-anos-y-autonomo-en-asturias-que-viene-ahora\/#organizationLogo"},"sameAs":["https:\/\/www.facebook.com\/","https:\/\/x.com\/bercodi","https:\/\/www.instagram.com\/","https:\/\/www.youtube.com\/channel\/UCZP-2wLEB9Rv6erhFmqVnvg"]},{"@type":"Person","@id":"https:\/\/eldigitaldeasturias.com\/radio\/author\/nbasturias\/#author","url":"https:\/\/eldigitaldeasturias.com\/radio\/author\/nbasturias\/","name":"NBAsturias","image":{"@type":"ImageObject","@id":"https:\/\/eldigitaldeasturias.com\/radio\/50-anos-y-autonomo-en-asturias-que-viene-ahora\/#authorImage","url":"https:\/\/secure.gravatar.com\/avatar\/df2aeffc32bcd13f8d26072ef8a91b623d677766deac7f97ca815868cd41bf5e?s=96&d=mm&r=g","width":96,"height":96,"caption":"NBAsturias"}},{"@type":"WebPage","@id":"https:\/\/eldigitaldeasturias.com\/radio\/50-anos-y-autonomo-en-asturias-que-viene-ahora\/#webpage","url":"https:\/\/eldigitaldeasturias.com\/radio\/50-anos-y-autonomo-en-asturias-que-viene-ahora\/","name":"50 a\u00f1os y aut\u00f3nomo en Asturias: \u00bfqu\u00e9 viene ahora? | El Digital de Asturias","description":"Hay una edad en la que el espejo y el mercado laboral en Asturias empiezan a contar historias distintas, una de ellas la del aut\u00f3nomo. Con cincuenta a\u00f1os uno","inLanguage":"es-ES","isPartOf":{"@id":"https:\/\/eldigitaldeasturias.com\/radio\/#website"},"breadcrumb":{"@id":"https:\/\/eldigitaldeasturias.com\/radio\/50-anos-y-autonomo-en-asturias-que-viene-ahora\/#breadcrumblist"},"author":{"@id":"https:\/\/eldigitaldeasturias.com\/radio\/author\/nbasturias\/#author"},"creator":{"@id":"https:\/\/eldigitaldeasturias.com\/radio\/author\/nbasturias\/#author"},"image":{"@type":"ImageObject","url":"https:\/\/eldigitaldeasturias.com\/radio\/wp-content\/uploads\/2026\/03\/50-anos-y-autonomo-en-Asturias-que-viene-ahora.jpg","@id":"https:\/\/eldigitaldeasturias.com\/radio\/50-anos-y-autonomo-en-asturias-que-viene-ahora\/#mainImage","width":1265,"height":706,"caption":"Foto: 123rf.com"},"primaryImageOfPage":{"@id":"https:\/\/eldigitaldeasturias.com\/radio\/50-anos-y-autonomo-en-asturias-que-viene-ahora\/#mainImage"},"datePublished":"2026-03-27T19:30:25+01:00","dateModified":"2026-03-27T19:30:25+01:00"},{"@type":"WebSite","@id":"https:\/\/eldigitaldeasturias.com\/radio\/#website","url":"https:\/\/eldigitaldeasturias.com\/radio\/","name":"El Digital de Asturias","description":"Diario de informaci\u00f3n y noticias","inLanguage":"es-ES","publisher":{"@id":"https:\/\/eldigitaldeasturias.com\/radio\/#organization"}}]},"og:locale":"es_ES","og:site_name":"El Digital de Asturias | Diario de informaci\u00f3n y noticias","og:type":"article","og:title":"50 a\u00f1os y aut\u00f3nomo en Asturias: \u00bfqu\u00e9 viene ahora? | El Digital de Asturias","og:description":"Hay una edad en la que el espejo y el mercado laboral en Asturias empiezan a contar historias distintas, una de ellas la del aut\u00f3nomo. Con cincuenta a\u00f1os uno","og:url":"https:\/\/eldigitaldeasturias.com\/radio\/50-anos-y-autonomo-en-asturias-que-viene-ahora\/","og:image":"https:\/\/eldigitaldeasturias.com\/radio\/wp-content\/uploads\/2026\/03\/50-anos-y-autonomo-en-Asturias-que-viene-ahora.jpg","og:image:secure_url":"https:\/\/eldigitaldeasturias.com\/radio\/wp-content\/uploads\/2026\/03\/50-anos-y-autonomo-en-Asturias-que-viene-ahora.jpg","og:image:width":1265,"og:image:height":706,"article:published_time":"2026-03-27T18:30:25+00:00","article:modified_time":"2026-03-27T18:30:25+00:00","twitter:card":"summary_large_image","twitter:site":"@bercodi","twitter:title":"50 a\u00f1os y aut\u00f3nomo en Asturias: \u00bfqu\u00e9 viene ahora? | El Digital de Asturias","twitter:description":"Hay una edad en la que el espejo y el mercado laboral en Asturias empiezan a contar historias distintas, una de ellas la del aut\u00f3nomo. Con cincuenta a\u00f1os uno","twitter:creator":"@bercodi","twitter:image":"https:\/\/eldigitaldeasturias.com\/radio\/wp-content\/uploads\/2026\/03\/50-anos-y-autonomo-en-Asturias-que-viene-ahora.jpg"},"aioseo_meta_data":{"post_id":"12558","title":null,"description":"Hay una edad en la que el espejo y el mercado laboral en Asturias empiezan a contar historias distintas, una de ellas la del aut\u00f3nomo. Con cincuenta a\u00f1os uno","keywords":null,"keyphrases":{"focus":{"keyphrase":"Asturias","score":87,"analysis":{"keyphraseInTitle":{"score":9,"maxScore":9,"error":0},"keyphraseInDescription":{"score":9,"maxScore":9,"error":0},"keyphraseLength":{"score":9,"maxScore":9,"error":0,"length":1},"keyphraseInURL":{"score":5,"maxScore":5,"error":0},"keyphraseInIntroduction":{"score":9,"maxScore":9,"error":0},"keyphraseInSubHeadings":{"score":9,"maxScore":9,"error":0},"keyphraseInImageAlt":{"score":9,"maxScore":9,"error":0},"keywordDensity":{"score":0,"type":"low","maxScore":9,"error":1}}},"additional":[{"keyphrase":"aut\u00f3nomo","score":100,"analysis":{"keyphraseInDescription":{"score":9,"maxScore":9,"error":0},"keyphraseLength":{"score":9,"maxScore":9,"error":0,"length":2},"keyphraseInIntroduction":{"score":9,"maxScore":9,"error":0},"keyphraseInImageAlt":{"score":9,"maxScore":9,"error":0},"keywordDensity":{"type":"best","score":9,"maxScore":9,"error":0}}}]},"primary_term":null,"canonical_url":null,"og_title":null,"og_description":null,"og_object_type":"default","og_image_type":"default","og_image_url":null,"og_image_width":null,"og_image_height":null,"og_image_custom_url":null,"og_image_custom_fields":null,"og_video":"","og_custom_url":null,"og_article_section":null,"og_article_tags":null,"twitter_use_og":false,"twitter_card":"default","twitter_image_type":"default","twitter_image_url":null,"twitter_image_custom_url":null,"twitter_image_custom_fields":null,"twitter_title":null,"twitter_description":null,"schema":{"blockGraphs":[],"customGraphs":[],"default":{"data":{"Article":[],"Course":[],"Dataset":[],"FAQPage":[],"Movie":[],"Person":[],"Product":[],"ProductReview":[],"Car":[],"Recipe":[],"Service":[],"SoftwareApplication":[],"WebPage":[]},"graphName":"NewsArticle","isEnabled":true},"graphs":[]},"schema_type":"default","schema_type_options":null,"pillar_content":false,"robots_default":true,"robots_noindex":false,"robots_noarchive":false,"robots_nosnippet":false,"robots_nofollow":false,"robots_noimageindex":false,"robots_noodp":false,"robots_notranslate":false,"robots_max_snippet":"-1","robots_max_videopreview":"-1","robots_max_imagepreview":"large","priority":null,"frequency":"default","location":null,"local_seo":null,"seo_analyzer_scan_date":"2026-03-27 19:30:11","breadcrumb_settings":null,"limit_modified_date":false,"open_ai":null,"ai":{"faqs":[],"keyPoints":[],"titles":[],"descriptions":[],"socialPosts":{"email":[],"linkedin":[],"twitter":[],"facebook":[],"instagram":[]}},"created":"2026-03-27 18:19:18","updated":"2026-03-27 19:30:11"},"aioseo_breadcrumb":"<div class=\"aioseo-breadcrumbs\"><span class=\"aioseo-breadcrumb\">\n\t<a href=\"https:\/\/eldigitaldeasturias.com\/radio\" title=\"Inicio\">Inicio<\/a>\n<\/span><span class=\"aioseo-breadcrumb-separator\">&ndash;<\/span><span class=\"aioseo-breadcrumb\">\n\t<a href=\"https:\/\/eldigitaldeasturias.com\/radio\/category\/titulares\/\" title=\"Titulares\">Titulares<\/a>\n<\/span><span class=\"aioseo-breadcrumb-separator\">&ndash;<\/span><span class=\"aioseo-breadcrumb\">\n\t50 a\u00f1os y aut\u00f3nomo en Asturias: \u00bfqu\u00e9 viene ahora?\n<\/span><\/div>","aioseo_breadcrumb_json":[{"label":"Inicio","link":"https:\/\/eldigitaldeasturias.com\/radio"},{"label":"Titulares","link":"https:\/\/eldigitaldeasturias.com\/radio\/category\/titulares\/"},{"label":"50 a\u00f1os y aut\u00f3nomo en Asturias: \u00bfqu\u00e9 viene ahora?","link":"https:\/\/eldigitaldeasturias.com\/radio\/50-anos-y-autonomo-en-asturias-que-viene-ahora\/"}],"_links":{"self":[{"href":"https:\/\/eldigitaldeasturias.com\/radio\/wp-json\/wp\/v2\/posts\/12558","targetHints":{"allow":["GET"]}}],"collection":[{"href":"https:\/\/eldigitaldeasturias.com\/radio\/wp-json\/wp\/v2\/posts"}],"about":[{"href":"https:\/\/eldigitaldeasturias.com\/radio\/wp-json\/wp\/v2\/types\/post"}],"author":[{"embeddable":true,"href":"https:\/\/eldigitaldeasturias.com\/radio\/wp-json\/wp\/v2\/users\/1"}],"replies":[{"embeddable":true,"href":"https:\/\/eldigitaldeasturias.com\/radio\/wp-json\/wp\/v2\/comments?post=12558"}],"version-history":[{"count":0,"href":"https:\/\/eldigitaldeasturias.com\/radio\/wp-json\/wp\/v2\/posts\/12558\/revisions"}],"wp:featuredmedia":[{"embeddable":true,"href":"https:\/\/eldigitaldeasturias.com\/radio\/wp-json\/wp\/v2\/media\/12559"}],"wp:attachment":[{"href":"https:\/\/eldigitaldeasturias.com\/radio\/wp-json\/wp\/v2\/media?parent=12558"}],"wp:term":[{"taxonomy":"category","embeddable":true,"href":"https:\/\/eldigitaldeasturias.com\/radio\/wp-json\/wp\/v2\/categories?post=12558"},{"taxonomy":"post_tag","embeddable":true,"href":"https:\/\/eldigitaldeasturias.com\/radio\/wp-json\/wp\/v2\/tags?post=12558"}],"curies":[{"name":"wp","href":"https:\/\/api.w.org\/{rel}","templated":true}]}}