{"id":12555,"date":"2026-03-27T19:15:58","date_gmt":"2026-03-27T18:15:58","guid":{"rendered":"https:\/\/eldigitaldeasturias.com\/radio\/?p=12555"},"modified":"2026-03-27T19:15:58","modified_gmt":"2026-03-27T18:15:58","slug":"asturias-amplia-la-atencion-bucodental-gratuita","status":"publish","type":"post","link":"https:\/\/eldigitaldeasturias.com\/radio\/asturias-amplia-la-atencion-bucodental-gratuita\/","title":{"rendered":"Asturias ampl\u00eda la atenci\u00f3n bucodental gratuita"},"content":{"rendered":"<p class=\"font-claude-response-body break-words whitespace-normal leading-[1.7]\">Asturias ampl\u00eda la <a href=\"https:\/\/eldigitaldeasturias.com\/radio\/category\/salud\/\"><span style=\"color: #ff6600;\"><strong>atenci\u00f3n bucodental gratuita<\/strong><\/span><\/a> a menores de 18 a\u00f1os y a quienes cumplen 70, siendo la \u00fanica comunidad que ofrece este servicio a esa franja de edad.<\/p>\n<figure id=\"attachment_12556\" aria-describedby=\"caption-attachment-12556\" style=\"width: 644px\" class=\"wp-caption aligncenter\"><img fetchpriority=\"high\" decoding=\"async\" class=\"size-large wp-image-12556\" src=\"https:\/\/eldigitaldeasturias.com\/radio\/wp-content\/uploads\/2026\/03\/Asturias-amplia-la-atencion-bucodental-gratuita-644x480.jpg\" alt=\"Asturias ampl\u00eda la atenci\u00f3n bucodental gratuita\" width=\"644\" height=\"480\" srcset=\"https:\/\/eldigitaldeasturias.com\/radio\/wp-content\/uploads\/2026\/03\/Asturias-amplia-la-atencion-bucodental-gratuita-644x480.jpg 644w, https:\/\/eldigitaldeasturias.com\/radio\/wp-content\/uploads\/2026\/03\/Asturias-amplia-la-atencion-bucodental-gratuita-360x268.jpg 360w, https:\/\/eldigitaldeasturias.com\/radio\/wp-content\/uploads\/2026\/03\/Asturias-amplia-la-atencion-bucodental-gratuita-768x573.jpg 768w, https:\/\/eldigitaldeasturias.com\/radio\/wp-content\/uploads\/2026\/03\/Asturias-amplia-la-atencion-bucodental-gratuita-150x112.jpg 150w, https:\/\/eldigitaldeasturias.com\/radio\/wp-content\/uploads\/2026\/03\/Asturias-amplia-la-atencion-bucodental-gratuita-450x336.jpg 450w, https:\/\/eldigitaldeasturias.com\/radio\/wp-content\/uploads\/2026\/03\/Asturias-amplia-la-atencion-bucodental-gratuita.jpg 1144w\" sizes=\"(max-width: 644px) 100vw, 644px\" \/><figcaption id=\"caption-attachment-12556\" class=\"wp-caption-text\">Foto: Prensa Principado de Asturias<\/figcaption><\/figure>\n<p class=\"font-claude-response-body break-words whitespace-normal leading-[1.7]\">El <a href=\"https:\/\/actualidad.asturias.es\/\" target=\"_blank\" rel=\"noopener\"><span style=\"color: #ff6600;\"><strong>Gobierno de Asturias<\/strong><\/span><\/a> ampl\u00eda la cartera de servicios de salud bucodental a toda la poblaci\u00f3n menor de 18 a\u00f1os y a las personas que cumplen 70. La Consejer\u00eda de Salud enviar\u00e1 cartas informativas a los afectados para dar a conocer las novedades e incidir en la importancia del cuidado de la boca para mejorar la calidad de vida.<\/p>\n<h1 class=\"text-text-100 mt-2 -mb-1 text-base font-bold\">Revisi\u00f3n gratuita para quienes cumplen 70<\/h1>\n<p class=\"font-claude-response-body break-words whitespace-normal leading-[1.7]\">Una de las principales novedades es la invitaci\u00f3n a todas las personas nacidas en 1956 para que realicen una revisi\u00f3n bucodental preventiva en su centro de salud. Con esta medida, Asturias se convierte en la \u00fanica comunidad aut\u00f3noma que ofrece este servicio a esa franja de edad, con el objetivo de fomentar h\u00e1bitos de higiene adecuados y la detecci\u00f3n temprana de patolog\u00edas.<\/p>\n<p class=\"font-claude-response-body break-words whitespace-normal leading-[1.7]\">Tras la exploraci\u00f3n, se elaborar\u00e1 un informe sobre el estado de salud bucodental con recomendaciones personalizadas. Si procede, se realizar\u00e1n sin coste aplicaciones de fl\u00faor, radiograf\u00edas, limpiezas, sellados, empastes, tratamientos pulpares o extracciones. El programa no incluye pr\u00f3tesis ni implantes.<\/p>\n<h3 class=\"text-text-100 mt-2 -mb-1 text-base font-bold\">Atenci\u00f3n infantil y juvenil hasta los 18 a\u00f1os<\/h3>\n<p class=\"font-claude-response-body break-words whitespace-normal leading-[1.7]\">El Programa de Salud Bucodental Infantil y Juvenil alcanza este a\u00f1o a toda la poblaci\u00f3n adolescente hasta la fecha en que se cumplen 18 a\u00f1os. La iniciativa ha ido incorporando sucesivamente nuevas franjas de edad: hasta 2023 se dirig\u00eda a la poblaci\u00f3n de 6 a 14 a\u00f1os, y posteriormente se extendi\u00f3 a menores de 0 a 6 a\u00f1os y a j\u00f3venes hasta la mayor\u00eda de edad.<\/p>\n<p class=\"font-claude-response-body break-words whitespace-normal leading-[1.7]\">El programa contempla revisiones cl\u00ednicas peri\u00f3dicas, educaci\u00f3n en higiene dental, selladores, fluoraciones y tratamientos de m\u00ednima intervenci\u00f3n. Las familias recibir\u00e1n una invitaci\u00f3n para acudir en los plazos recomendados. La gesti\u00f3n de citas se realizar\u00e1 directamente en los centros de salud, de forma presencial o por tel\u00e9fono.<\/p>\n<h3 class=\"text-text-100 mt-2 -mb-1 text-base font-bold\">Atenci\u00f3n primaria, nueva pieza del programa<\/h3>\n<p class=\"font-claude-response-body break-words whitespace-normal leading-[1.7]\">La incorporaci\u00f3n de los equipos de atenci\u00f3n primaria \u2014medicina, enfermer\u00eda, pediatr\u00eda y trabajo social\u2014 a la promoci\u00f3n y prevenci\u00f3n de la salud bucodental es otra de las novedades de este a\u00f1o, con el objetivo de reducir las desigualdades en el acceso a la atenci\u00f3n odontol\u00f3gica.<\/p>\n","protected":false},"excerpt":{"rendered":"<p>Asturias ampl\u00eda la atenci\u00f3n bucodental gratuita a menores de 18 a\u00f1os y a quienes cumplen 70, siendo la \u00fanica comunidad que ofrece este servicio a esa franja de edad. El Gobierno de Asturias ampl\u00eda la cartera de servicios de salud bucodental a toda la poblaci\u00f3n menor de 18 a\u00f1os y a las personas que cumplen<\/p>\n","protected":false},"author":1,"featured_media":12556,"comment_status":"closed","ping_status":"closed","sticky":false,"template":"","format":"standard","meta":{"footnotes":""},"categories":[143],"tags":[42,88],"class_list":{"0":"post-12555","1":"post","2":"type-post","3":"status-publish","4":"format-standard","5":"has-post-thumbnail","7":"category-salud","8":"tag-asturias","9":"tag-salud"},"aioseo_notices":[],"aioseo_head":"\n\t\t<!-- All in One SEO Pro 4.9.6.2 - aioseo.com -->\n\t<meta name=\"description\" content=\"Asturias ampl\u00eda la atenci\u00f3n bucodental gratuita a menores de 18 a\u00f1os y a quienes cumplen 70, siendo la \u00fanica comunidad que ofrece este servicio a esa franja\" \/>\n\t<meta name=\"robots\" content=\"max-image-preview:large\" \/>\n\t<meta name=\"author\" content=\"NBAsturias\"\/>\n\t<meta name=\"google-site-verification\" content=\"UA-38556648-1\" \/>\n\t<meta name=\"keywords\" content=\"salud\" \/>\n\t<link rel=\"canonical\" href=\"https:\/\/eldigitaldeasturias.com\/radio\/asturias-amplia-la-atencion-bucodental-gratuita\/\" \/>\n\t<meta name=\"generator\" content=\"All in One SEO Pro (AIOSEO) 4.9.6.2\" \/>\n\t\t<meta property=\"og:locale\" content=\"es_ES\" \/>\n\t\t<meta property=\"og:site_name\" content=\"El Digital de Asturias | Diario de informaci\u00f3n y noticias\" \/>\n\t\t<meta property=\"og:type\" content=\"article\" \/>\n\t\t<meta property=\"og:title\" content=\"Asturias ampl\u00eda la atenci\u00f3n bucodental gratuita | El Digital de Asturias\" \/>\n\t\t<meta property=\"og:description\" content=\"Asturias ampl\u00eda la atenci\u00f3n bucodental gratuita a menores de 18 a\u00f1os y a quienes cumplen 70, siendo la \u00fanica comunidad que ofrece este servicio a esa franja\" \/>\n\t\t<meta property=\"og:url\" content=\"https:\/\/eldigitaldeasturias.com\/radio\/asturias-amplia-la-atencion-bucodental-gratuita\/\" \/>\n\t\t<meta property=\"og:image\" content=\"https:\/\/eldigitaldeasturias.com\/radio\/wp-content\/uploads\/2026\/03\/Asturias-amplia-la-atencion-bucodental-gratuita.jpg\" \/>\n\t\t<meta property=\"og:image:secure_url\" content=\"https:\/\/eldigitaldeasturias.com\/radio\/wp-content\/uploads\/2026\/03\/Asturias-amplia-la-atencion-bucodental-gratuita.jpg\" \/>\n\t\t<meta property=\"og:image:width\" content=\"1144\" \/>\n\t\t<meta property=\"og:image:height\" content=\"853\" \/>\n\t\t<meta property=\"article:published_time\" content=\"2026-03-27T18:15:58+00:00\" \/>\n\t\t<meta property=\"article:modified_time\" content=\"2026-03-27T18:15:58+00:00\" \/>\n\t\t<meta name=\"twitter:card\" content=\"summary_large_image\" \/>\n\t\t<meta name=\"twitter:site\" content=\"@bercodi\" \/>\n\t\t<meta name=\"twitter:title\" content=\"Asturias ampl\u00eda la atenci\u00f3n bucodental gratuita | El Digital de Asturias\" \/>\n\t\t<meta name=\"twitter:description\" content=\"Asturias ampl\u00eda la atenci\u00f3n bucodental gratuita a menores de 18 a\u00f1os y a quienes cumplen 70, siendo la \u00fanica comunidad que ofrece este servicio a esa franja\" \/>\n\t\t<meta name=\"twitter:creator\" content=\"@bercodi\" \/>\n\t\t<meta name=\"twitter:image\" content=\"https:\/\/eldigitaldeasturias.com\/radio\/wp-content\/uploads\/2026\/03\/Asturias-amplia-la-atencion-bucodental-gratuita.jpg\" \/>\n\t\t<script type=\"application\/ld+json\" class=\"aioseo-schema\">\n\t\t\t{\"@context\":\"https:\\\/\\\/schema.org\",\"@graph\":[{\"@type\":\"BreadcrumbList\",\"@id\":\"https:\\\/\\\/eldigitaldeasturias.com\\\/radio\\\/asturias-amplia-la-atencion-bucodental-gratuita\\\/#breadcrumblist\",\"itemListElement\":[{\"@type\":\"ListItem\",\"@id\":\"https:\\\/\\\/eldigitaldeasturias.com\\\/radio#listItem\",\"position\":1,\"name\":\"Inicio\",\"item\":\"https:\\\/\\\/eldigitaldeasturias.com\\\/radio\",\"nextItem\":{\"@type\":\"ListItem\",\"@id\":\"https:\\\/\\\/eldigitaldeasturias.com\\\/radio\\\/category\\\/salud\\\/#listItem\",\"name\":\"Salud\"}},{\"@type\":\"ListItem\",\"@id\":\"https:\\\/\\\/eldigitaldeasturias.com\\\/radio\\\/category\\\/salud\\\/#listItem\",\"position\":2,\"name\":\"Salud\",\"item\":\"https:\\\/\\\/eldigitaldeasturias.com\\\/radio\\\/category\\\/salud\\\/\",\"nextItem\":{\"@type\":\"ListItem\",\"@id\":\"https:\\\/\\\/eldigitaldeasturias.com\\\/radio\\\/asturias-amplia-la-atencion-bucodental-gratuita\\\/#listItem\",\"name\":\"Asturias ampl\\u00eda la atenci\\u00f3n bucodental gratuita\"},\"previousItem\":{\"@type\":\"ListItem\",\"@id\":\"https:\\\/\\\/eldigitaldeasturias.com\\\/radio#listItem\",\"name\":\"Inicio\"}},{\"@type\":\"ListItem\",\"@id\":\"https:\\\/\\\/eldigitaldeasturias.com\\\/radio\\\/asturias-amplia-la-atencion-bucodental-gratuita\\\/#listItem\",\"position\":3,\"name\":\"Asturias ampl\\u00eda la atenci\\u00f3n bucodental gratuita\",\"previousItem\":{\"@type\":\"ListItem\",\"@id\":\"https:\\\/\\\/eldigitaldeasturias.com\\\/radio\\\/category\\\/salud\\\/#listItem\",\"name\":\"Salud\"}}]},{\"@type\":\"NewsArticle\",\"@id\":\"https:\\\/\\\/eldigitaldeasturias.com\\\/radio\\\/asturias-amplia-la-atencion-bucodental-gratuita\\\/#newsarticle\",\"name\":\"Asturias ampl\\u00eda la atenci\\u00f3n bucodental gratuita | El Digital de Asturias\",\"headline\":\"Asturias ampl\\u00eda la atenci\\u00f3n bucodental gratuita\",\"author\":{\"@id\":\"https:\\\/\\\/eldigitaldeasturias.com\\\/radio\\\/author\\\/nbasturias\\\/#author\"},\"publisher\":{\"@id\":\"https:\\\/\\\/eldigitaldeasturias.com\\\/radio\\\/#organization\"},\"image\":{\"@type\":\"ImageObject\",\"url\":\"https:\\\/\\\/eldigitaldeasturias.com\\\/radio\\\/wp-content\\\/uploads\\\/2026\\\/03\\\/Asturias-amplia-la-atencion-bucodental-gratuita.jpg\",\"width\":1144,\"height\":853,\"caption\":\"Foto: Prensa Principado de Asturias\"},\"datePublished\":\"2026-03-27T19:15:58+01:00\",\"dateModified\":\"2026-03-27T19:15:58+01:00\",\"inLanguage\":\"es-ES\",\"mainEntityOfPage\":{\"@id\":\"https:\\\/\\\/eldigitaldeasturias.com\\\/radio\\\/asturias-amplia-la-atencion-bucodental-gratuita\\\/#webpage\"},\"isPartOf\":{\"@id\":\"https:\\\/\\\/eldigitaldeasturias.com\\\/radio\\\/asturias-amplia-la-atencion-bucodental-gratuita\\\/#webpage\"},\"articleSection\":\"Salud, Asturias, salud\",\"dateline\":\"Publicado el marzo 27, 2026.\"},{\"@type\":\"Organization\",\"@id\":\"https:\\\/\\\/eldigitaldeasturias.com\\\/radio\\\/#organization\",\"name\":\"El digital de Asturias Radio\",\"description\":\"Diario de informaci\\u00f3n y noticias\",\"url\":\"https:\\\/\\\/eldigitaldeasturias.com\\\/radio\\\/\",\"telephone\":\"+34652131393\",\"logo\":{\"@type\":\"ImageObject\",\"url\":\"https:\\\/\\\/www.eldigitaldeasturias.com\\\/radio\\\/wp-content\\\/uploads\\\/2021\\\/03\\\/EDA.jpg\",\"@id\":\"https:\\\/\\\/eldigitaldeasturias.com\\\/radio\\\/asturias-amplia-la-atencion-bucodental-gratuita\\\/#organizationLogo\"},\"image\":{\"@id\":\"https:\\\/\\\/eldigitaldeasturias.com\\\/radio\\\/asturias-amplia-la-atencion-bucodental-gratuita\\\/#organizationLogo\"},\"sameAs\":[\"https:\\\/\\\/www.facebook.com\\\/\",\"https:\\\/\\\/x.com\\\/bercodi\",\"https:\\\/\\\/www.instagram.com\\\/\",\"https:\\\/\\\/www.youtube.com\\\/channel\\\/UCZP-2wLEB9Rv6erhFmqVnvg\"]},{\"@type\":\"Person\",\"@id\":\"https:\\\/\\\/eldigitaldeasturias.com\\\/radio\\\/author\\\/nbasturias\\\/#author\",\"url\":\"https:\\\/\\\/eldigitaldeasturias.com\\\/radio\\\/author\\\/nbasturias\\\/\",\"name\":\"NBAsturias\",\"image\":{\"@type\":\"ImageObject\",\"@id\":\"https:\\\/\\\/eldigitaldeasturias.com\\\/radio\\\/asturias-amplia-la-atencion-bucodental-gratuita\\\/#authorImage\",\"url\":\"https:\\\/\\\/secure.gravatar.com\\\/avatar\\\/df2aeffc32bcd13f8d26072ef8a91b623d677766deac7f97ca815868cd41bf5e?s=96&d=mm&r=g\",\"width\":96,\"height\":96,\"caption\":\"NBAsturias\"}},{\"@type\":\"WebPage\",\"@id\":\"https:\\\/\\\/eldigitaldeasturias.com\\\/radio\\\/asturias-amplia-la-atencion-bucodental-gratuita\\\/#webpage\",\"url\":\"https:\\\/\\\/eldigitaldeasturias.com\\\/radio\\\/asturias-amplia-la-atencion-bucodental-gratuita\\\/\",\"name\":\"Asturias ampl\\u00eda la atenci\\u00f3n bucodental gratuita | El Digital de Asturias\",\"description\":\"Asturias ampl\\u00eda la atenci\\u00f3n bucodental gratuita a menores de 18 a\\u00f1os y a quienes cumplen 70, siendo la \\u00fanica comunidad que ofrece este servicio a esa franja\",\"inLanguage\":\"es-ES\",\"isPartOf\":{\"@id\":\"https:\\\/\\\/eldigitaldeasturias.com\\\/radio\\\/#website\"},\"breadcrumb\":{\"@id\":\"https:\\\/\\\/eldigitaldeasturias.com\\\/radio\\\/asturias-amplia-la-atencion-bucodental-gratuita\\\/#breadcrumblist\"},\"author\":{\"@id\":\"https:\\\/\\\/eldigitaldeasturias.com\\\/radio\\\/author\\\/nbasturias\\\/#author\"},\"creator\":{\"@id\":\"https:\\\/\\\/eldigitaldeasturias.com\\\/radio\\\/author\\\/nbasturias\\\/#author\"},\"image\":{\"@type\":\"ImageObject\",\"url\":\"https:\\\/\\\/eldigitaldeasturias.com\\\/radio\\\/wp-content\\\/uploads\\\/2026\\\/03\\\/Asturias-amplia-la-atencion-bucodental-gratuita.jpg\",\"@id\":\"https:\\\/\\\/eldigitaldeasturias.com\\\/radio\\\/asturias-amplia-la-atencion-bucodental-gratuita\\\/#mainImage\",\"width\":1144,\"height\":853,\"caption\":\"Foto: Prensa Principado de Asturias\"},\"primaryImageOfPage\":{\"@id\":\"https:\\\/\\\/eldigitaldeasturias.com\\\/radio\\\/asturias-amplia-la-atencion-bucodental-gratuita\\\/#mainImage\"},\"datePublished\":\"2026-03-27T19:15:58+01:00\",\"dateModified\":\"2026-03-27T19:15:58+01:00\"},{\"@type\":\"WebSite\",\"@id\":\"https:\\\/\\\/eldigitaldeasturias.com\\\/radio\\\/#website\",\"url\":\"https:\\\/\\\/eldigitaldeasturias.com\\\/radio\\\/\",\"name\":\"El Digital de Asturias\",\"description\":\"Diario de informaci\\u00f3n y noticias\",\"inLanguage\":\"es-ES\",\"publisher\":{\"@id\":\"https:\\\/\\\/eldigitaldeasturias.com\\\/radio\\\/#organization\"}}]}\n\t\t<\/script>\n\t\t<!-- All in One SEO Pro -->\r\n\t\t<title>Asturias ampl\u00eda la atenci\u00f3n bucodental gratuita | El Digital de Asturias<\/title>\n\n","aioseo_head_json":{"title":"Asturias ampl\u00eda la atenci\u00f3n bucodental gratuita | El Digital de Asturias","description":"Asturias ampl\u00eda la atenci\u00f3n bucodental gratuita a menores de 18 a\u00f1os y a quienes cumplen 70, siendo la \u00fanica comunidad que ofrece este servicio a esa franja","canonical_url":"https:\/\/eldigitaldeasturias.com\/radio\/asturias-amplia-la-atencion-bucodental-gratuita\/","robots":"max-image-preview:large","keywords":"salud","webmasterTools":{"google-site-verification":"UA-38556648-1","miscellaneous":""},"schema":{"@context":"https:\/\/schema.org","@graph":[{"@type":"BreadcrumbList","@id":"https:\/\/eldigitaldeasturias.com\/radio\/asturias-amplia-la-atencion-bucodental-gratuita\/#breadcrumblist","itemListElement":[{"@type":"ListItem","@id":"https:\/\/eldigitaldeasturias.com\/radio#listItem","position":1,"name":"Inicio","item":"https:\/\/eldigitaldeasturias.com\/radio","nextItem":{"@type":"ListItem","@id":"https:\/\/eldigitaldeasturias.com\/radio\/category\/salud\/#listItem","name":"Salud"}},{"@type":"ListItem","@id":"https:\/\/eldigitaldeasturias.com\/radio\/category\/salud\/#listItem","position":2,"name":"Salud","item":"https:\/\/eldigitaldeasturias.com\/radio\/category\/salud\/","nextItem":{"@type":"ListItem","@id":"https:\/\/eldigitaldeasturias.com\/radio\/asturias-amplia-la-atencion-bucodental-gratuita\/#listItem","name":"Asturias ampl\u00eda la atenci\u00f3n bucodental gratuita"},"previousItem":{"@type":"ListItem","@id":"https:\/\/eldigitaldeasturias.com\/radio#listItem","name":"Inicio"}},{"@type":"ListItem","@id":"https:\/\/eldigitaldeasturias.com\/radio\/asturias-amplia-la-atencion-bucodental-gratuita\/#listItem","position":3,"name":"Asturias ampl\u00eda la atenci\u00f3n bucodental gratuita","previousItem":{"@type":"ListItem","@id":"https:\/\/eldigitaldeasturias.com\/radio\/category\/salud\/#listItem","name":"Salud"}}]},{"@type":"NewsArticle","@id":"https:\/\/eldigitaldeasturias.com\/radio\/asturias-amplia-la-atencion-bucodental-gratuita\/#newsarticle","name":"Asturias ampl\u00eda la atenci\u00f3n bucodental gratuita | El Digital de Asturias","headline":"Asturias ampl\u00eda la atenci\u00f3n bucodental gratuita","author":{"@id":"https:\/\/eldigitaldeasturias.com\/radio\/author\/nbasturias\/#author"},"publisher":{"@id":"https:\/\/eldigitaldeasturias.com\/radio\/#organization"},"image":{"@type":"ImageObject","url":"https:\/\/eldigitaldeasturias.com\/radio\/wp-content\/uploads\/2026\/03\/Asturias-amplia-la-atencion-bucodental-gratuita.jpg","width":1144,"height":853,"caption":"Foto: Prensa Principado de Asturias"},"datePublished":"2026-03-27T19:15:58+01:00","dateModified":"2026-03-27T19:15:58+01:00","inLanguage":"es-ES","mainEntityOfPage":{"@id":"https:\/\/eldigitaldeasturias.com\/radio\/asturias-amplia-la-atencion-bucodental-gratuita\/#webpage"},"isPartOf":{"@id":"https:\/\/eldigitaldeasturias.com\/radio\/asturias-amplia-la-atencion-bucodental-gratuita\/#webpage"},"articleSection":"Salud, Asturias, salud","dateline":"Publicado el marzo 27, 2026."},{"@type":"Organization","@id":"https:\/\/eldigitaldeasturias.com\/radio\/#organization","name":"El digital de Asturias Radio","description":"Diario de informaci\u00f3n y noticias","url":"https:\/\/eldigitaldeasturias.com\/radio\/","telephone":"+34652131393","logo":{"@type":"ImageObject","url":"https:\/\/www.eldigitaldeasturias.com\/radio\/wp-content\/uploads\/2021\/03\/EDA.jpg","@id":"https:\/\/eldigitaldeasturias.com\/radio\/asturias-amplia-la-atencion-bucodental-gratuita\/#organizationLogo"},"image":{"@id":"https:\/\/eldigitaldeasturias.com\/radio\/asturias-amplia-la-atencion-bucodental-gratuita\/#organizationLogo"},"sameAs":["https:\/\/www.facebook.com\/","https:\/\/x.com\/bercodi","https:\/\/www.instagram.com\/","https:\/\/www.youtube.com\/channel\/UCZP-2wLEB9Rv6erhFmqVnvg"]},{"@type":"Person","@id":"https:\/\/eldigitaldeasturias.com\/radio\/author\/nbasturias\/#author","url":"https:\/\/eldigitaldeasturias.com\/radio\/author\/nbasturias\/","name":"NBAsturias","image":{"@type":"ImageObject","@id":"https:\/\/eldigitaldeasturias.com\/radio\/asturias-amplia-la-atencion-bucodental-gratuita\/#authorImage","url":"https:\/\/secure.gravatar.com\/avatar\/df2aeffc32bcd13f8d26072ef8a91b623d677766deac7f97ca815868cd41bf5e?s=96&d=mm&r=g","width":96,"height":96,"caption":"NBAsturias"}},{"@type":"WebPage","@id":"https:\/\/eldigitaldeasturias.com\/radio\/asturias-amplia-la-atencion-bucodental-gratuita\/#webpage","url":"https:\/\/eldigitaldeasturias.com\/radio\/asturias-amplia-la-atencion-bucodental-gratuita\/","name":"Asturias ampl\u00eda la atenci\u00f3n bucodental gratuita | El Digital de Asturias","description":"Asturias ampl\u00eda la atenci\u00f3n bucodental gratuita a menores de 18 a\u00f1os y a quienes cumplen 70, siendo la \u00fanica comunidad que ofrece este servicio a esa franja","inLanguage":"es-ES","isPartOf":{"@id":"https:\/\/eldigitaldeasturias.com\/radio\/#website"},"breadcrumb":{"@id":"https:\/\/eldigitaldeasturias.com\/radio\/asturias-amplia-la-atencion-bucodental-gratuita\/#breadcrumblist"},"author":{"@id":"https:\/\/eldigitaldeasturias.com\/radio\/author\/nbasturias\/#author"},"creator":{"@id":"https:\/\/eldigitaldeasturias.com\/radio\/author\/nbasturias\/#author"},"image":{"@type":"ImageObject","url":"https:\/\/eldigitaldeasturias.com\/radio\/wp-content\/uploads\/2026\/03\/Asturias-amplia-la-atencion-bucodental-gratuita.jpg","@id":"https:\/\/eldigitaldeasturias.com\/radio\/asturias-amplia-la-atencion-bucodental-gratuita\/#mainImage","width":1144,"height":853,"caption":"Foto: Prensa Principado de Asturias"},"primaryImageOfPage":{"@id":"https:\/\/eldigitaldeasturias.com\/radio\/asturias-amplia-la-atencion-bucodental-gratuita\/#mainImage"},"datePublished":"2026-03-27T19:15:58+01:00","dateModified":"2026-03-27T19:15:58+01:00"},{"@type":"WebSite","@id":"https:\/\/eldigitaldeasturias.com\/radio\/#website","url":"https:\/\/eldigitaldeasturias.com\/radio\/","name":"El Digital de Asturias","description":"Diario de informaci\u00f3n y noticias","inLanguage":"es-ES","publisher":{"@id":"https:\/\/eldigitaldeasturias.com\/radio\/#organization"}}]},"og:locale":"es_ES","og:site_name":"El Digital de Asturias | Diario de informaci\u00f3n y noticias","og:type":"article","og:title":"Asturias ampl\u00eda la atenci\u00f3n bucodental gratuita | El Digital de Asturias","og:description":"Asturias ampl\u00eda la atenci\u00f3n bucodental gratuita a menores de 18 a\u00f1os y a quienes cumplen 70, siendo la \u00fanica comunidad que ofrece este servicio a esa franja","og:url":"https:\/\/eldigitaldeasturias.com\/radio\/asturias-amplia-la-atencion-bucodental-gratuita\/","og:image":"https:\/\/eldigitaldeasturias.com\/radio\/wp-content\/uploads\/2026\/03\/Asturias-amplia-la-atencion-bucodental-gratuita.jpg","og:image:secure_url":"https:\/\/eldigitaldeasturias.com\/radio\/wp-content\/uploads\/2026\/03\/Asturias-amplia-la-atencion-bucodental-gratuita.jpg","og:image:width":1144,"og:image:height":853,"article:published_time":"2026-03-27T18:15:58+00:00","article:modified_time":"2026-03-27T18:15:58+00:00","twitter:card":"summary_large_image","twitter:site":"@bercodi","twitter:title":"Asturias ampl\u00eda la atenci\u00f3n bucodental gratuita | El Digital de Asturias","twitter:description":"Asturias ampl\u00eda la atenci\u00f3n bucodental gratuita a menores de 18 a\u00f1os y a quienes cumplen 70, siendo la \u00fanica comunidad que ofrece este servicio a esa franja","twitter:creator":"@bercodi","twitter:image":"https:\/\/eldigitaldeasturias.com\/radio\/wp-content\/uploads\/2026\/03\/Asturias-amplia-la-atencion-bucodental-gratuita.jpg"},"aioseo_meta_data":{"post_id":"12555","title":null,"description":"Asturias ampl\u00eda la atenci\u00f3n bucodental gratuita a menores de 18 a\u00f1os y a quienes cumplen 70, siendo la \u00fanica comunidad que ofrece este servicio a esa franja","keywords":null,"keyphrases":{"focus":{"keyphrase":"Asturias","score":91,"analysis":{"keyphraseInTitle":{"score":9,"maxScore":9,"error":0},"keyphraseInDescription":{"score":9,"maxScore":9,"error":0},"keyphraseLength":{"score":9,"maxScore":9,"error":0,"length":1},"keyphraseInURL":{"score":5,"maxScore":5,"error":0},"keyphraseInIntroduction":{"score":9,"maxScore":9,"error":0},"keyphraseInSubHeadings":{"score":3,"maxScore":9,"error":1},"keyphraseInImageAlt":{"score":9,"maxScore":9,"error":0},"keywordDensity":{"type":"best","score":9,"maxScore":9,"error":0}}},"additional":[{"keyphrase":"bucodental","score":100,"analysis":{"keyphraseInDescription":{"score":9,"maxScore":9,"error":0},"keyphraseLength":{"score":9,"maxScore":9,"error":0,"length":1},"keyphraseInIntroduction":{"score":9,"maxScore":9,"error":0},"keyphraseInImageAlt":{"score":9,"maxScore":9,"error":0},"keywordDensity":{"type":"best","score":9,"maxScore":9,"error":0}}}]},"primary_term":null,"canonical_url":null,"og_title":null,"og_description":null,"og_object_type":"default","og_image_type":"default","og_image_url":null,"og_image_width":null,"og_image_height":null,"og_image_custom_url":null,"og_image_custom_fields":null,"og_video":"","og_custom_url":null,"og_article_section":null,"og_article_tags":null,"twitter_use_og":false,"twitter_card":"default","twitter_image_type":"default","twitter_image_url":null,"twitter_image_custom_url":null,"twitter_image_custom_fields":null,"twitter_title":null,"twitter_description":null,"schema":{"blockGraphs":[],"customGraphs":[],"default":{"data":{"Article":[],"Course":[],"Dataset":[],"FAQPage":[],"Movie":[],"Person":[],"Product":[],"ProductReview":[],"Car":[],"Recipe":[],"Service":[],"SoftwareApplication":[],"WebPage":[]},"graphName":"NewsArticle","isEnabled":true},"graphs":[]},"schema_type":"default","schema_type_options":null,"pillar_content":false,"robots_default":true,"robots_noindex":false,"robots_noarchive":false,"robots_nosnippet":false,"robots_nofollow":false,"robots_noimageindex":false,"robots_noodp":false,"robots_notranslate":false,"robots_max_snippet":"-1","robots_max_videopreview":"-1","robots_max_imagepreview":"large","priority":null,"frequency":"default","location":null,"local_seo":null,"seo_analyzer_scan_date":"2026-03-27 18:26:58","breadcrumb_settings":null,"limit_modified_date":false,"open_ai":null,"ai":{"faqs":[],"keyPoints":[],"titles":[],"descriptions":[],"socialPosts":{"email":[],"linkedin":[],"twitter":[],"facebook":[],"instagram":[]}},"created":"2026-03-27 17:58:29","updated":"2026-03-27 18:33:29"},"aioseo_breadcrumb":"<div class=\"aioseo-breadcrumbs\"><span class=\"aioseo-breadcrumb\">\n\t<a href=\"https:\/\/eldigitaldeasturias.com\/radio\" title=\"Inicio\">Inicio<\/a>\n<\/span><span class=\"aioseo-breadcrumb-separator\">&ndash;<\/span><span class=\"aioseo-breadcrumb\">\n\t<a href=\"https:\/\/eldigitaldeasturias.com\/radio\/category\/salud\/\" title=\"Salud\">Salud<\/a>\n<\/span><span class=\"aioseo-breadcrumb-separator\">&ndash;<\/span><span class=\"aioseo-breadcrumb\">\n\tAsturias ampl\u00eda la atenci\u00f3n bucodental gratuita\n<\/span><\/div>","aioseo_breadcrumb_json":[{"label":"Inicio","link":"https:\/\/eldigitaldeasturias.com\/radio"},{"label":"Salud","link":"https:\/\/eldigitaldeasturias.com\/radio\/category\/salud\/"},{"label":"Asturias ampl\u00eda la atenci\u00f3n bucodental gratuita","link":"https:\/\/eldigitaldeasturias.com\/radio\/asturias-amplia-la-atencion-bucodental-gratuita\/"}],"_links":{"self":[{"href":"https:\/\/eldigitaldeasturias.com\/radio\/wp-json\/wp\/v2\/posts\/12555","targetHints":{"allow":["GET"]}}],"collection":[{"href":"https:\/\/eldigitaldeasturias.com\/radio\/wp-json\/wp\/v2\/posts"}],"about":[{"href":"https:\/\/eldigitaldeasturias.com\/radio\/wp-json\/wp\/v2\/types\/post"}],"author":[{"embeddable":true,"href":"https:\/\/eldigitaldeasturias.com\/radio\/wp-json\/wp\/v2\/users\/1"}],"replies":[{"embeddable":true,"href":"https:\/\/eldigitaldeasturias.com\/radio\/wp-json\/wp\/v2\/comments?post=12555"}],"version-history":[{"count":0,"href":"https:\/\/eldigitaldeasturias.com\/radio\/wp-json\/wp\/v2\/posts\/12555\/revisions"}],"wp:featuredmedia":[{"embeddable":true,"href":"https:\/\/eldigitaldeasturias.com\/radio\/wp-json\/wp\/v2\/media\/12556"}],"wp:attachment":[{"href":"https:\/\/eldigitaldeasturias.com\/radio\/wp-json\/wp\/v2\/media?parent=12555"}],"wp:term":[{"taxonomy":"category","embeddable":true,"href":"https:\/\/eldigitaldeasturias.com\/radio\/wp-json\/wp\/v2\/categories?post=12555"},{"taxonomy":"post_tag","embeddable":true,"href":"https:\/\/eldigitaldeasturias.com\/radio\/wp-json\/wp\/v2\/tags?post=12555"}],"curies":[{"name":"wp","href":"https:\/\/api.w.org\/{rel}","templated":true}]}}