{"id":12546,"date":"2026-03-27T18:38:27","date_gmt":"2026-03-27T17:38:27","guid":{"rendered":"https:\/\/eldigitaldeasturias.com\/radio\/?p=12546"},"modified":"2026-03-27T18:38:27","modified_gmt":"2026-03-27T17:38:27","slug":"el-sespa-pone-en-servicio-tres-ambulancias-adaptadas","status":"publish","type":"post","link":"https:\/\/eldigitaldeasturias.com\/radio\/el-sespa-pone-en-servicio-tres-ambulancias-adaptadas\/","title":{"rendered":"El Sespa pone en servicio tres ambulancias adaptadas"},"content":{"rendered":"<p class=\"font-claude-response-body break-words whitespace-normal leading-[1.7]\">El Sespa incorpora tres ambulancias de nueva generaci\u00f3n para el transporte de personas con movilidad reducida severa, una por cada <a href=\"https:\/\/eldigitaldeasturias.com\/radio\/category\/salud\/\"><span style=\"color: #ff6600;\"><strong>\u00e1rea sanitaria de Asturias<\/strong><\/span><\/a>.<\/p>\n<figure id=\"attachment_12547\" aria-describedby=\"caption-attachment-12547\" style=\"width: 644px\" class=\"wp-caption aligncenter\"><img fetchpriority=\"high\" decoding=\"async\" class=\"size-large wp-image-12547\" src=\"https:\/\/eldigitaldeasturias.com\/radio\/wp-content\/uploads\/2026\/03\/El-Sespa-pone-en-servicio-tres-ambulancias-adaptadas-644x480.jpg\" alt=\"El Sespa pone en servicio tres ambulancias adaptadas\" width=\"644\" height=\"480\" srcset=\"https:\/\/eldigitaldeasturias.com\/radio\/wp-content\/uploads\/2026\/03\/El-Sespa-pone-en-servicio-tres-ambulancias-adaptadas-644x480.jpg 644w, https:\/\/eldigitaldeasturias.com\/radio\/wp-content\/uploads\/2026\/03\/El-Sespa-pone-en-servicio-tres-ambulancias-adaptadas-360x268.jpg 360w, https:\/\/eldigitaldeasturias.com\/radio\/wp-content\/uploads\/2026\/03\/El-Sespa-pone-en-servicio-tres-ambulancias-adaptadas-768x573.jpg 768w, https:\/\/eldigitaldeasturias.com\/radio\/wp-content\/uploads\/2026\/03\/El-Sespa-pone-en-servicio-tres-ambulancias-adaptadas-150x112.jpg 150w, https:\/\/eldigitaldeasturias.com\/radio\/wp-content\/uploads\/2026\/03\/El-Sespa-pone-en-servicio-tres-ambulancias-adaptadas-450x336.jpg 450w, https:\/\/eldigitaldeasturias.com\/radio\/wp-content\/uploads\/2026\/03\/El-Sespa-pone-en-servicio-tres-ambulancias-adaptadas.jpg 1137w\" sizes=\"(max-width: 644px) 100vw, 644px\" \/><figcaption id=\"caption-attachment-12547\" class=\"wp-caption-text\">Foto: Prensa Principado de Asturias<\/figcaption><\/figure>\n<p class=\"font-claude-response-body break-words whitespace-normal leading-[1.7]\">El Servicio de Salud del <a href=\"https:\/\/actualidad.asturias.es\/\" target=\"_blank\" rel=\"noopener\"><span style=\"color: #ff6600;\"><strong>Principado<\/strong><\/span><\/a> (Sespa) ha puesto recientemente en servicio tres ambulancias adaptadas para el transporte de personas con movilidad reducida severa y de pacientes que requieren atenci\u00f3n especial. Los veh\u00edculos, pertenecientes a una nueva generaci\u00f3n de unidades mixtas especiales, se ubicar\u00e1n en las cabeceras de las tres \u00e1reas del nuevo mapa sanitario de Asturias.<\/p>\n<p class=\"font-claude-response-body break-words whitespace-normal leading-[1.7]\">La presentaci\u00f3n tuvo lugar en el centro de atenci\u00f3n integral de Cocemfe en Gij\u00f3n\/Xix\u00f3n, entidad que hab\u00eda se\u00f1alado la necesidad de contar con este tipo de veh\u00edculos para garantizar una asistencia adecuada. La incorporaci\u00f3n se enmarca en el contrato de transporte sanitario adjudicado a la empresa Transinsa.<\/p>\n<p class=\"font-claude-response-body break-words whitespace-normal leading-[1.7]\">El director gerente del Sespa, Aquilino Alonso, destac\u00f3 la versatilidad de los nuevos veh\u00edculos, equipados con tecnolog\u00eda avanzada en accesibilidad y configuraciones interiores flexibles.<\/p>\n<h1 class=\"text-text-100 mt-2 -mb-1 text-base font-bold\">Caracter\u00edsticas t\u00e9cnicas<\/h1>\n<p class=\"font-claude-response-body break-words whitespace-normal leading-[1.7]\">Las tres ambulancias incorporan capacidad bari\u00e1trica avanzada mediante camilla reforzada con rangos de peso de entre 320 y 350 kilogramos, y silla de oruga el\u00e9ctrica para pacientes de hasta 250 kilos que facilita el acceso en entornos con barreras arquitect\u00f3nicas. Cuentan tambi\u00e9n con doble acceso lateral para incrementar la seguridad en las maniobras de subida y bajada, y rampa el\u00e9ctrica lateral para sillas de ruedas.<\/p>\n<p class=\"font-claude-response-body break-words whitespace-normal leading-[1.7]\">El habit\u00e1culo tiene configuraci\u00f3n flexible: permite hasta siete plazas m\u00e1s camilla, ajustar el n\u00famero de asientos seg\u00fan el servicio o instalar una rampa trasera adicional.<\/p>\n<h3 class=\"text-text-100 mt-2 -mb-1 text-base font-bold\">Cobertura por \u00e1reas<\/h3>\n<p class=\"font-claude-response-body break-words whitespace-normal leading-[1.7]\">Cada una de las tres unidades se asignar\u00e1 a la cabecera de una de las \u00e1reas sanitarias del nuevo mapa del Principado, lo que garantiza la disponibilidad de este servicio especializado en todo el territorio asturiano.<\/p>\n","protected":false},"excerpt":{"rendered":"<p>El Sespa incorpora tres ambulancias de nueva generaci\u00f3n para el transporte de personas con movilidad reducida severa, una por cada \u00e1rea sanitaria de Asturias. El Servicio de Salud del Principado (Sespa) ha puesto recientemente en servicio tres ambulancias adaptadas para el transporte de personas con movilidad reducida severa y de pacientes que requieren atenci\u00f3n especial.<\/p>\n","protected":false},"author":1,"featured_media":12547,"comment_status":"closed","ping_status":"closed","sticky":false,"template":"","format":"standard","meta":{"footnotes":""},"categories":[143,36],"tags":[42,88],"class_list":{"0":"post-12546","1":"post","2":"type-post","3":"status-publish","4":"format-standard","5":"has-post-thumbnail","7":"category-salud","8":"category-titulares","9":"tag-asturias","10":"tag-salud"},"aioseo_notices":[],"aioseo_head":"\n\t\t<!-- All in One SEO Pro 4.9.6.2 - aioseo.com -->\n\t<meta name=\"description\" content=\"El Sespa incorpora tres ambulancias de nueva generaci\u00f3n para el transporte de personas con movilidad reducida severa, una por cada \u00e1rea sanitaria de Asturias.\" \/>\n\t<meta name=\"robots\" content=\"max-image-preview:large\" \/>\n\t<meta name=\"author\" content=\"NBAsturias\"\/>\n\t<meta name=\"google-site-verification\" content=\"UA-38556648-1\" \/>\n\t<meta name=\"keywords\" content=\"salud,titulares\" \/>\n\t<link rel=\"canonical\" href=\"https:\/\/eldigitaldeasturias.com\/radio\/el-sespa-pone-en-servicio-tres-ambulancias-adaptadas\/\" \/>\n\t<meta name=\"generator\" content=\"All in One SEO Pro (AIOSEO) 4.9.6.2\" \/>\n\t\t<meta property=\"og:locale\" content=\"es_ES\" \/>\n\t\t<meta property=\"og:site_name\" content=\"El Digital de Asturias | Diario de informaci\u00f3n y noticias\" \/>\n\t\t<meta property=\"og:type\" content=\"article\" \/>\n\t\t<meta property=\"og:title\" content=\"El Sespa pone en servicio tres ambulancias adaptadas | El Digital de Asturias\" \/>\n\t\t<meta property=\"og:description\" content=\"El Sespa incorpora tres ambulancias de nueva generaci\u00f3n para el transporte de personas con movilidad reducida severa, una por cada \u00e1rea sanitaria de Asturias.\" \/>\n\t\t<meta property=\"og:url\" content=\"https:\/\/eldigitaldeasturias.com\/radio\/el-sespa-pone-en-servicio-tres-ambulancias-adaptadas\/\" \/>\n\t\t<meta property=\"og:image\" content=\"https:\/\/eldigitaldeasturias.com\/radio\/wp-content\/uploads\/2026\/03\/El-Sespa-pone-en-servicio-tres-ambulancias-adaptadas.jpg\" \/>\n\t\t<meta property=\"og:image:secure_url\" content=\"https:\/\/eldigitaldeasturias.com\/radio\/wp-content\/uploads\/2026\/03\/El-Sespa-pone-en-servicio-tres-ambulancias-adaptadas.jpg\" \/>\n\t\t<meta property=\"og:image:width\" content=\"1137\" \/>\n\t\t<meta property=\"og:image:height\" content=\"848\" \/>\n\t\t<meta property=\"article:published_time\" content=\"2026-03-27T17:38:27+00:00\" \/>\n\t\t<meta property=\"article:modified_time\" content=\"2026-03-27T17:38:27+00:00\" \/>\n\t\t<meta name=\"twitter:card\" content=\"summary_large_image\" \/>\n\t\t<meta name=\"twitter:site\" content=\"@bercodi\" \/>\n\t\t<meta name=\"twitter:title\" content=\"El Sespa pone en servicio tres ambulancias adaptadas | El Digital de Asturias\" \/>\n\t\t<meta name=\"twitter:description\" content=\"El Sespa incorpora tres ambulancias de nueva generaci\u00f3n para el transporte de personas con movilidad reducida severa, una por cada \u00e1rea sanitaria de Asturias.\" \/>\n\t\t<meta name=\"twitter:creator\" content=\"@bercodi\" \/>\n\t\t<meta name=\"twitter:image\" content=\"https:\/\/eldigitaldeasturias.com\/radio\/wp-content\/uploads\/2026\/03\/El-Sespa-pone-en-servicio-tres-ambulancias-adaptadas.jpg\" \/>\n\t\t<script type=\"application\/ld+json\" class=\"aioseo-schema\">\n\t\t\t{\"@context\":\"https:\\\/\\\/schema.org\",\"@graph\":[{\"@type\":\"BreadcrumbList\",\"@id\":\"https:\\\/\\\/eldigitaldeasturias.com\\\/radio\\\/el-sespa-pone-en-servicio-tres-ambulancias-adaptadas\\\/#breadcrumblist\",\"itemListElement\":[{\"@type\":\"ListItem\",\"@id\":\"https:\\\/\\\/eldigitaldeasturias.com\\\/radio#listItem\",\"position\":1,\"name\":\"Inicio\",\"item\":\"https:\\\/\\\/eldigitaldeasturias.com\\\/radio\",\"nextItem\":{\"@type\":\"ListItem\",\"@id\":\"https:\\\/\\\/eldigitaldeasturias.com\\\/radio\\\/category\\\/titulares\\\/#listItem\",\"name\":\"Titulares\"}},{\"@type\":\"ListItem\",\"@id\":\"https:\\\/\\\/eldigitaldeasturias.com\\\/radio\\\/category\\\/titulares\\\/#listItem\",\"position\":2,\"name\":\"Titulares\",\"item\":\"https:\\\/\\\/eldigitaldeasturias.com\\\/radio\\\/category\\\/titulares\\\/\",\"nextItem\":{\"@type\":\"ListItem\",\"@id\":\"https:\\\/\\\/eldigitaldeasturias.com\\\/radio\\\/el-sespa-pone-en-servicio-tres-ambulancias-adaptadas\\\/#listItem\",\"name\":\"El Sespa pone en servicio tres ambulancias adaptadas\"},\"previousItem\":{\"@type\":\"ListItem\",\"@id\":\"https:\\\/\\\/eldigitaldeasturias.com\\\/radio#listItem\",\"name\":\"Inicio\"}},{\"@type\":\"ListItem\",\"@id\":\"https:\\\/\\\/eldigitaldeasturias.com\\\/radio\\\/el-sespa-pone-en-servicio-tres-ambulancias-adaptadas\\\/#listItem\",\"position\":3,\"name\":\"El Sespa pone en servicio tres ambulancias adaptadas\",\"previousItem\":{\"@type\":\"ListItem\",\"@id\":\"https:\\\/\\\/eldigitaldeasturias.com\\\/radio\\\/category\\\/titulares\\\/#listItem\",\"name\":\"Titulares\"}}]},{\"@type\":\"NewsArticle\",\"@id\":\"https:\\\/\\\/eldigitaldeasturias.com\\\/radio\\\/el-sespa-pone-en-servicio-tres-ambulancias-adaptadas\\\/#newsarticle\",\"name\":\"El Sespa pone en servicio tres ambulancias adaptadas | El Digital de Asturias\",\"headline\":\"El Sespa pone en servicio tres ambulancias adaptadas\",\"author\":{\"@id\":\"https:\\\/\\\/eldigitaldeasturias.com\\\/radio\\\/author\\\/nbasturias\\\/#author\"},\"publisher\":{\"@id\":\"https:\\\/\\\/eldigitaldeasturias.com\\\/radio\\\/#organization\"},\"image\":{\"@type\":\"ImageObject\",\"url\":\"https:\\\/\\\/eldigitaldeasturias.com\\\/radio\\\/wp-content\\\/uploads\\\/2026\\\/03\\\/El-Sespa-pone-en-servicio-tres-ambulancias-adaptadas.jpg\",\"width\":1137,\"height\":848,\"caption\":\"Foto: Prensa Principado de Asturias\"},\"datePublished\":\"2026-03-27T18:38:27+01:00\",\"dateModified\":\"2026-03-27T18:38:27+01:00\",\"inLanguage\":\"es-ES\",\"mainEntityOfPage\":{\"@id\":\"https:\\\/\\\/eldigitaldeasturias.com\\\/radio\\\/el-sespa-pone-en-servicio-tres-ambulancias-adaptadas\\\/#webpage\"},\"isPartOf\":{\"@id\":\"https:\\\/\\\/eldigitaldeasturias.com\\\/radio\\\/el-sespa-pone-en-servicio-tres-ambulancias-adaptadas\\\/#webpage\"},\"articleSection\":\"Salud, Titulares, Asturias, salud\",\"dateline\":\"Publicado el marzo 27, 2026.\"},{\"@type\":\"Organization\",\"@id\":\"https:\\\/\\\/eldigitaldeasturias.com\\\/radio\\\/#organization\",\"name\":\"El digital de Asturias Radio\",\"description\":\"Diario de informaci\\u00f3n y noticias\",\"url\":\"https:\\\/\\\/eldigitaldeasturias.com\\\/radio\\\/\",\"telephone\":\"+34652131393\",\"logo\":{\"@type\":\"ImageObject\",\"url\":\"https:\\\/\\\/www.eldigitaldeasturias.com\\\/radio\\\/wp-content\\\/uploads\\\/2021\\\/03\\\/EDA.jpg\",\"@id\":\"https:\\\/\\\/eldigitaldeasturias.com\\\/radio\\\/el-sespa-pone-en-servicio-tres-ambulancias-adaptadas\\\/#organizationLogo\"},\"image\":{\"@id\":\"https:\\\/\\\/eldigitaldeasturias.com\\\/radio\\\/el-sespa-pone-en-servicio-tres-ambulancias-adaptadas\\\/#organizationLogo\"},\"sameAs\":[\"https:\\\/\\\/www.facebook.com\\\/\",\"https:\\\/\\\/x.com\\\/bercodi\",\"https:\\\/\\\/www.instagram.com\\\/\",\"https:\\\/\\\/www.youtube.com\\\/channel\\\/UCZP-2wLEB9Rv6erhFmqVnvg\"]},{\"@type\":\"Person\",\"@id\":\"https:\\\/\\\/eldigitaldeasturias.com\\\/radio\\\/author\\\/nbasturias\\\/#author\",\"url\":\"https:\\\/\\\/eldigitaldeasturias.com\\\/radio\\\/author\\\/nbasturias\\\/\",\"name\":\"NBAsturias\",\"image\":{\"@type\":\"ImageObject\",\"@id\":\"https:\\\/\\\/eldigitaldeasturias.com\\\/radio\\\/el-sespa-pone-en-servicio-tres-ambulancias-adaptadas\\\/#authorImage\",\"url\":\"https:\\\/\\\/secure.gravatar.com\\\/avatar\\\/df2aeffc32bcd13f8d26072ef8a91b623d677766deac7f97ca815868cd41bf5e?s=96&d=mm&r=g\",\"width\":96,\"height\":96,\"caption\":\"NBAsturias\"}},{\"@type\":\"WebPage\",\"@id\":\"https:\\\/\\\/eldigitaldeasturias.com\\\/radio\\\/el-sespa-pone-en-servicio-tres-ambulancias-adaptadas\\\/#webpage\",\"url\":\"https:\\\/\\\/eldigitaldeasturias.com\\\/radio\\\/el-sespa-pone-en-servicio-tres-ambulancias-adaptadas\\\/\",\"name\":\"El Sespa pone en servicio tres ambulancias adaptadas | El Digital de Asturias\",\"description\":\"El Sespa incorpora tres ambulancias de nueva generaci\\u00f3n para el transporte de personas con movilidad reducida severa, una por cada \\u00e1rea sanitaria de Asturias.\",\"inLanguage\":\"es-ES\",\"isPartOf\":{\"@id\":\"https:\\\/\\\/eldigitaldeasturias.com\\\/radio\\\/#website\"},\"breadcrumb\":{\"@id\":\"https:\\\/\\\/eldigitaldeasturias.com\\\/radio\\\/el-sespa-pone-en-servicio-tres-ambulancias-adaptadas\\\/#breadcrumblist\"},\"author\":{\"@id\":\"https:\\\/\\\/eldigitaldeasturias.com\\\/radio\\\/author\\\/nbasturias\\\/#author\"},\"creator\":{\"@id\":\"https:\\\/\\\/eldigitaldeasturias.com\\\/radio\\\/author\\\/nbasturias\\\/#author\"},\"image\":{\"@type\":\"ImageObject\",\"url\":\"https:\\\/\\\/eldigitaldeasturias.com\\\/radio\\\/wp-content\\\/uploads\\\/2026\\\/03\\\/El-Sespa-pone-en-servicio-tres-ambulancias-adaptadas.jpg\",\"@id\":\"https:\\\/\\\/eldigitaldeasturias.com\\\/radio\\\/el-sespa-pone-en-servicio-tres-ambulancias-adaptadas\\\/#mainImage\",\"width\":1137,\"height\":848,\"caption\":\"Foto: Prensa Principado de Asturias\"},\"primaryImageOfPage\":{\"@id\":\"https:\\\/\\\/eldigitaldeasturias.com\\\/radio\\\/el-sespa-pone-en-servicio-tres-ambulancias-adaptadas\\\/#mainImage\"},\"datePublished\":\"2026-03-27T18:38:27+01:00\",\"dateModified\":\"2026-03-27T18:38:27+01:00\"},{\"@type\":\"WebSite\",\"@id\":\"https:\\\/\\\/eldigitaldeasturias.com\\\/radio\\\/#website\",\"url\":\"https:\\\/\\\/eldigitaldeasturias.com\\\/radio\\\/\",\"name\":\"El Digital de Asturias\",\"description\":\"Diario de informaci\\u00f3n y noticias\",\"inLanguage\":\"es-ES\",\"publisher\":{\"@id\":\"https:\\\/\\\/eldigitaldeasturias.com\\\/radio\\\/#organization\"}}]}\n\t\t<\/script>\n\t\t<!-- All in One SEO Pro -->\r\n\t\t<title>El Sespa pone en servicio tres ambulancias adaptadas | El Digital de Asturias<\/title>\n\n","aioseo_head_json":{"title":"El Sespa pone en servicio tres ambulancias adaptadas | El Digital de Asturias","description":"El Sespa incorpora tres ambulancias de nueva generaci\u00f3n para el transporte de personas con movilidad reducida severa, una por cada \u00e1rea sanitaria de Asturias.","canonical_url":"https:\/\/eldigitaldeasturias.com\/radio\/el-sespa-pone-en-servicio-tres-ambulancias-adaptadas\/","robots":"max-image-preview:large","keywords":"salud,titulares","webmasterTools":{"google-site-verification":"UA-38556648-1","miscellaneous":""},"schema":{"@context":"https:\/\/schema.org","@graph":[{"@type":"BreadcrumbList","@id":"https:\/\/eldigitaldeasturias.com\/radio\/el-sespa-pone-en-servicio-tres-ambulancias-adaptadas\/#breadcrumblist","itemListElement":[{"@type":"ListItem","@id":"https:\/\/eldigitaldeasturias.com\/radio#listItem","position":1,"name":"Inicio","item":"https:\/\/eldigitaldeasturias.com\/radio","nextItem":{"@type":"ListItem","@id":"https:\/\/eldigitaldeasturias.com\/radio\/category\/titulares\/#listItem","name":"Titulares"}},{"@type":"ListItem","@id":"https:\/\/eldigitaldeasturias.com\/radio\/category\/titulares\/#listItem","position":2,"name":"Titulares","item":"https:\/\/eldigitaldeasturias.com\/radio\/category\/titulares\/","nextItem":{"@type":"ListItem","@id":"https:\/\/eldigitaldeasturias.com\/radio\/el-sespa-pone-en-servicio-tres-ambulancias-adaptadas\/#listItem","name":"El Sespa pone en servicio tres ambulancias adaptadas"},"previousItem":{"@type":"ListItem","@id":"https:\/\/eldigitaldeasturias.com\/radio#listItem","name":"Inicio"}},{"@type":"ListItem","@id":"https:\/\/eldigitaldeasturias.com\/radio\/el-sespa-pone-en-servicio-tres-ambulancias-adaptadas\/#listItem","position":3,"name":"El Sespa pone en servicio tres ambulancias adaptadas","previousItem":{"@type":"ListItem","@id":"https:\/\/eldigitaldeasturias.com\/radio\/category\/titulares\/#listItem","name":"Titulares"}}]},{"@type":"NewsArticle","@id":"https:\/\/eldigitaldeasturias.com\/radio\/el-sespa-pone-en-servicio-tres-ambulancias-adaptadas\/#newsarticle","name":"El Sespa pone en servicio tres ambulancias adaptadas | El Digital de Asturias","headline":"El Sespa pone en servicio tres ambulancias adaptadas","author":{"@id":"https:\/\/eldigitaldeasturias.com\/radio\/author\/nbasturias\/#author"},"publisher":{"@id":"https:\/\/eldigitaldeasturias.com\/radio\/#organization"},"image":{"@type":"ImageObject","url":"https:\/\/eldigitaldeasturias.com\/radio\/wp-content\/uploads\/2026\/03\/El-Sespa-pone-en-servicio-tres-ambulancias-adaptadas.jpg","width":1137,"height":848,"caption":"Foto: Prensa Principado de Asturias"},"datePublished":"2026-03-27T18:38:27+01:00","dateModified":"2026-03-27T18:38:27+01:00","inLanguage":"es-ES","mainEntityOfPage":{"@id":"https:\/\/eldigitaldeasturias.com\/radio\/el-sespa-pone-en-servicio-tres-ambulancias-adaptadas\/#webpage"},"isPartOf":{"@id":"https:\/\/eldigitaldeasturias.com\/radio\/el-sespa-pone-en-servicio-tres-ambulancias-adaptadas\/#webpage"},"articleSection":"Salud, Titulares, Asturias, salud","dateline":"Publicado el marzo 27, 2026."},{"@type":"Organization","@id":"https:\/\/eldigitaldeasturias.com\/radio\/#organization","name":"El digital de Asturias Radio","description":"Diario de informaci\u00f3n y noticias","url":"https:\/\/eldigitaldeasturias.com\/radio\/","telephone":"+34652131393","logo":{"@type":"ImageObject","url":"https:\/\/www.eldigitaldeasturias.com\/radio\/wp-content\/uploads\/2021\/03\/EDA.jpg","@id":"https:\/\/eldigitaldeasturias.com\/radio\/el-sespa-pone-en-servicio-tres-ambulancias-adaptadas\/#organizationLogo"},"image":{"@id":"https:\/\/eldigitaldeasturias.com\/radio\/el-sespa-pone-en-servicio-tres-ambulancias-adaptadas\/#organizationLogo"},"sameAs":["https:\/\/www.facebook.com\/","https:\/\/x.com\/bercodi","https:\/\/www.instagram.com\/","https:\/\/www.youtube.com\/channel\/UCZP-2wLEB9Rv6erhFmqVnvg"]},{"@type":"Person","@id":"https:\/\/eldigitaldeasturias.com\/radio\/author\/nbasturias\/#author","url":"https:\/\/eldigitaldeasturias.com\/radio\/author\/nbasturias\/","name":"NBAsturias","image":{"@type":"ImageObject","@id":"https:\/\/eldigitaldeasturias.com\/radio\/el-sespa-pone-en-servicio-tres-ambulancias-adaptadas\/#authorImage","url":"https:\/\/secure.gravatar.com\/avatar\/df2aeffc32bcd13f8d26072ef8a91b623d677766deac7f97ca815868cd41bf5e?s=96&d=mm&r=g","width":96,"height":96,"caption":"NBAsturias"}},{"@type":"WebPage","@id":"https:\/\/eldigitaldeasturias.com\/radio\/el-sespa-pone-en-servicio-tres-ambulancias-adaptadas\/#webpage","url":"https:\/\/eldigitaldeasturias.com\/radio\/el-sespa-pone-en-servicio-tres-ambulancias-adaptadas\/","name":"El Sespa pone en servicio tres ambulancias adaptadas | El Digital de Asturias","description":"El Sespa incorpora tres ambulancias de nueva generaci\u00f3n para el transporte de personas con movilidad reducida severa, una por cada \u00e1rea sanitaria de Asturias.","inLanguage":"es-ES","isPartOf":{"@id":"https:\/\/eldigitaldeasturias.com\/radio\/#website"},"breadcrumb":{"@id":"https:\/\/eldigitaldeasturias.com\/radio\/el-sespa-pone-en-servicio-tres-ambulancias-adaptadas\/#breadcrumblist"},"author":{"@id":"https:\/\/eldigitaldeasturias.com\/radio\/author\/nbasturias\/#author"},"creator":{"@id":"https:\/\/eldigitaldeasturias.com\/radio\/author\/nbasturias\/#author"},"image":{"@type":"ImageObject","url":"https:\/\/eldigitaldeasturias.com\/radio\/wp-content\/uploads\/2026\/03\/El-Sespa-pone-en-servicio-tres-ambulancias-adaptadas.jpg","@id":"https:\/\/eldigitaldeasturias.com\/radio\/el-sespa-pone-en-servicio-tres-ambulancias-adaptadas\/#mainImage","width":1137,"height":848,"caption":"Foto: Prensa Principado de Asturias"},"primaryImageOfPage":{"@id":"https:\/\/eldigitaldeasturias.com\/radio\/el-sespa-pone-en-servicio-tres-ambulancias-adaptadas\/#mainImage"},"datePublished":"2026-03-27T18:38:27+01:00","dateModified":"2026-03-27T18:38:27+01:00"},{"@type":"WebSite","@id":"https:\/\/eldigitaldeasturias.com\/radio\/#website","url":"https:\/\/eldigitaldeasturias.com\/radio\/","name":"El Digital de Asturias","description":"Diario de informaci\u00f3n y noticias","inLanguage":"es-ES","publisher":{"@id":"https:\/\/eldigitaldeasturias.com\/radio\/#organization"}}]},"og:locale":"es_ES","og:site_name":"El Digital de Asturias | Diario de informaci\u00f3n y noticias","og:type":"article","og:title":"El Sespa pone en servicio tres ambulancias adaptadas | El Digital de Asturias","og:description":"El Sespa incorpora tres ambulancias de nueva generaci\u00f3n para el transporte de personas con movilidad reducida severa, una por cada \u00e1rea sanitaria de Asturias.","og:url":"https:\/\/eldigitaldeasturias.com\/radio\/el-sespa-pone-en-servicio-tres-ambulancias-adaptadas\/","og:image":"https:\/\/eldigitaldeasturias.com\/radio\/wp-content\/uploads\/2026\/03\/El-Sespa-pone-en-servicio-tres-ambulancias-adaptadas.jpg","og:image:secure_url":"https:\/\/eldigitaldeasturias.com\/radio\/wp-content\/uploads\/2026\/03\/El-Sespa-pone-en-servicio-tres-ambulancias-adaptadas.jpg","og:image:width":1137,"og:image:height":848,"article:published_time":"2026-03-27T17:38:27+00:00","article:modified_time":"2026-03-27T17:38:27+00:00","twitter:card":"summary_large_image","twitter:site":"@bercodi","twitter:title":"El Sespa pone en servicio tres ambulancias adaptadas | El Digital de Asturias","twitter:description":"El Sespa incorpora tres ambulancias de nueva generaci\u00f3n para el transporte de personas con movilidad reducida severa, una por cada \u00e1rea sanitaria de Asturias.","twitter:creator":"@bercodi","twitter:image":"https:\/\/eldigitaldeasturias.com\/radio\/wp-content\/uploads\/2026\/03\/El-Sespa-pone-en-servicio-tres-ambulancias-adaptadas.jpg"},"aioseo_meta_data":{"post_id":"12546","title":null,"description":"El Sespa incorpora tres ambulancias de nueva generaci\u00f3n para el transporte de personas con movilidad reducida severa, una por cada \u00e1rea sanitaria de Asturias.","keywords":null,"keyphrases":{"focus":{"keyphrase":"Sespa","score":91,"analysis":{"keyphraseInTitle":{"score":9,"maxScore":9,"error":0},"keyphraseInDescription":{"score":9,"maxScore":9,"error":0},"keyphraseLength":{"score":9,"maxScore":9,"error":0,"length":1},"keyphraseInURL":{"score":5,"maxScore":5,"error":0},"keyphraseInIntroduction":{"score":9,"maxScore":9,"error":0},"keyphraseInSubHeadings":{"score":3,"maxScore":9,"error":1},"keyphraseInImageAlt":{"score":9,"maxScore":9,"error":0},"keywordDensity":{"type":"best","score":9,"maxScore":9,"error":0}}},"additional":[{"keyphrase":"ambulancias","score":100,"analysis":{"keyphraseInDescription":{"score":9,"maxScore":9,"error":0},"keyphraseLength":{"score":9,"maxScore":9,"error":0,"length":1},"keyphraseInIntroduction":{"score":9,"maxScore":9,"error":0},"keyphraseInImageAlt":{"score":9,"maxScore":9,"error":0},"keywordDensity":{"type":"best","score":9,"maxScore":9,"error":0}}}]},"primary_term":null,"canonical_url":null,"og_title":null,"og_description":null,"og_object_type":"default","og_image_type":"default","og_image_url":null,"og_image_width":null,"og_image_height":null,"og_image_custom_url":null,"og_image_custom_fields":null,"og_video":"","og_custom_url":null,"og_article_section":null,"og_article_tags":null,"twitter_use_og":false,"twitter_card":"default","twitter_image_type":"default","twitter_image_url":null,"twitter_image_custom_url":null,"twitter_image_custom_fields":null,"twitter_title":null,"twitter_description":null,"schema":{"blockGraphs":[],"customGraphs":[],"default":{"data":{"Article":[],"Course":[],"Dataset":[],"FAQPage":[],"Movie":[],"Person":[],"Product":[],"ProductReview":[],"Car":[],"Recipe":[],"Service":[],"SoftwareApplication":[],"WebPage":[]},"graphName":"NewsArticle","isEnabled":true},"graphs":[]},"schema_type":"default","schema_type_options":null,"pillar_content":false,"robots_default":true,"robots_noindex":false,"robots_noarchive":false,"robots_nosnippet":false,"robots_nofollow":false,"robots_noimageindex":false,"robots_noodp":false,"robots_notranslate":false,"robots_max_snippet":"-1","robots_max_videopreview":"-1","robots_max_imagepreview":"large","priority":null,"frequency":"default","location":null,"local_seo":null,"seo_analyzer_scan_date":"2026-03-27 18:26:54","breadcrumb_settings":null,"limit_modified_date":false,"open_ai":null,"ai":{"faqs":[],"keyPoints":[],"titles":[],"descriptions":[],"socialPosts":{"email":[],"linkedin":[],"twitter":[],"facebook":[],"instagram":[]}},"created":"2026-03-27 17:32:25","updated":"2026-03-27 18:33:29"},"aioseo_breadcrumb":"<div class=\"aioseo-breadcrumbs\"><span class=\"aioseo-breadcrumb\">\n\t<a href=\"https:\/\/eldigitaldeasturias.com\/radio\" title=\"Inicio\">Inicio<\/a>\n<\/span><span class=\"aioseo-breadcrumb-separator\">&ndash;<\/span><span class=\"aioseo-breadcrumb\">\n\t<a href=\"https:\/\/eldigitaldeasturias.com\/radio\/category\/titulares\/\" title=\"Titulares\">Titulares<\/a>\n<\/span><span class=\"aioseo-breadcrumb-separator\">&ndash;<\/span><span class=\"aioseo-breadcrumb\">\n\tEl Sespa pone en servicio tres ambulancias adaptadas\n<\/span><\/div>","aioseo_breadcrumb_json":[{"label":"Inicio","link":"https:\/\/eldigitaldeasturias.com\/radio"},{"label":"Titulares","link":"https:\/\/eldigitaldeasturias.com\/radio\/category\/titulares\/"},{"label":"El Sespa pone en servicio tres ambulancias adaptadas","link":"https:\/\/eldigitaldeasturias.com\/radio\/el-sespa-pone-en-servicio-tres-ambulancias-adaptadas\/"}],"_links":{"self":[{"href":"https:\/\/eldigitaldeasturias.com\/radio\/wp-json\/wp\/v2\/posts\/12546","targetHints":{"allow":["GET"]}}],"collection":[{"href":"https:\/\/eldigitaldeasturias.com\/radio\/wp-json\/wp\/v2\/posts"}],"about":[{"href":"https:\/\/eldigitaldeasturias.com\/radio\/wp-json\/wp\/v2\/types\/post"}],"author":[{"embeddable":true,"href":"https:\/\/eldigitaldeasturias.com\/radio\/wp-json\/wp\/v2\/users\/1"}],"replies":[{"embeddable":true,"href":"https:\/\/eldigitaldeasturias.com\/radio\/wp-json\/wp\/v2\/comments?post=12546"}],"version-history":[{"count":0,"href":"https:\/\/eldigitaldeasturias.com\/radio\/wp-json\/wp\/v2\/posts\/12546\/revisions"}],"wp:featuredmedia":[{"embeddable":true,"href":"https:\/\/eldigitaldeasturias.com\/radio\/wp-json\/wp\/v2\/media\/12547"}],"wp:attachment":[{"href":"https:\/\/eldigitaldeasturias.com\/radio\/wp-json\/wp\/v2\/media?parent=12546"}],"wp:term":[{"taxonomy":"category","embeddable":true,"href":"https:\/\/eldigitaldeasturias.com\/radio\/wp-json\/wp\/v2\/categories?post=12546"},{"taxonomy":"post_tag","embeddable":true,"href":"https:\/\/eldigitaldeasturias.com\/radio\/wp-json\/wp\/v2\/tags?post=12546"}],"curies":[{"name":"wp","href":"https:\/\/api.w.org\/{rel}","templated":true}]}}