{"id":12440,"date":"2026-03-18T22:07:11","date_gmt":"2026-03-18T21:07:11","guid":{"rendered":"https:\/\/eldigitaldeasturias.com\/radio\/?p=12440"},"modified":"2026-03-18T22:07:11","modified_gmt":"2026-03-18T21:07:11","slug":"mejoras-en-dos-colegios-publicos-de-langreo","status":"publish","type":"post","link":"https:\/\/eldigitaldeasturias.com\/radio\/mejoras-en-dos-colegios-publicos-de-langreo\/","title":{"rendered":"Mejoras en dos colegios p\u00fablicos de Langreo"},"content":{"rendered":"<p data-start=\"185\" data-end=\"336\">Langreo asumir\u00e1 obras de seguridad y fachada en La Llamiella, mientras el Principado impulsar\u00e1 mejoras energ\u00e9ticas en otro colegio p\u00fablico del concejo.<\/p>\n<figure id=\"attachment_12441\" aria-describedby=\"caption-attachment-12441\" style=\"width: 650px\" class=\"wp-caption aligncenter\"><img fetchpriority=\"high\" decoding=\"async\" class=\"size-large wp-image-12441\" src=\"https:\/\/eldigitaldeasturias.com\/radio\/wp-content\/uploads\/2026\/03\/Mejoras-en-dos-colegios-publicos-de-Langreo-650x424.jpg\" alt=\"Mejoras en dos colegios p\u00fablicos de Langreo\" width=\"650\" height=\"424\" srcset=\"https:\/\/eldigitaldeasturias.com\/radio\/wp-content\/uploads\/2026\/03\/Mejoras-en-dos-colegios-publicos-de-Langreo-650x424.jpg 650w, https:\/\/eldigitaldeasturias.com\/radio\/wp-content\/uploads\/2026\/03\/Mejoras-en-dos-colegios-publicos-de-Langreo-360x235.jpg 360w, https:\/\/eldigitaldeasturias.com\/radio\/wp-content\/uploads\/2026\/03\/Mejoras-en-dos-colegios-publicos-de-Langreo-768x501.jpg 768w, https:\/\/eldigitaldeasturias.com\/radio\/wp-content\/uploads\/2026\/03\/Mejoras-en-dos-colegios-publicos-de-Langreo-150x98.jpg 150w, https:\/\/eldigitaldeasturias.com\/radio\/wp-content\/uploads\/2026\/03\/Mejoras-en-dos-colegios-publicos-de-Langreo-450x294.jpg 450w, https:\/\/eldigitaldeasturias.com\/radio\/wp-content\/uploads\/2026\/03\/Mejoras-en-dos-colegios-publicos-de-Langreo.jpg 1179w\" sizes=\"(max-width: 650px) 100vw, 650px\" \/><figcaption id=\"caption-attachment-12441\" class=\"wp-caption-text\">Foto: Prensa Gobierno de Asturias<\/figcaption><\/figure>\n<p data-start=\"343\" data-end=\"590\">El <strong data-start=\"346\" data-end=\"373\">Ayuntamiento de Langreo<\/strong> ejecutar\u00e1 una intervenci\u00f3n para <strong data-start=\"406\" data-end=\"466\">garantizar la seguridad del Colegio P\u00fablico La Llamiella<\/strong>, en <a href=\"https:\/\/eldigitaldeasturias.com\/radio\/category\/concejos-asturias\/\"><span style=\"color: #ff6600;\"><strong>Ria\u00f1u<\/strong><\/span><\/a>, y asumir\u00e1 posteriormente la <strong data-start=\"506\" data-end=\"534\">reparaci\u00f3n de su fachada<\/strong>, dentro de las actuaciones acordadas con el Principado.<\/p>\n<p data-start=\"592\" data-end=\"955\">Por su parte, la <strong data-start=\"609\" data-end=\"636\">Consejer\u00eda de Educaci\u00f3n del <a href=\"https:\/\/actualidad.asturias.es\/\" target=\"_blank\" rel=\"noopener\"><span style=\"color: #ff6600;\">Principado<\/span><\/a><\/strong> se compromete a <strong data-start=\"653\" data-end=\"730\">contratar este a\u00f1o el proyecto para sustituir las carpinter\u00edas exteriores<\/strong> del Colegio P\u00fablico <strong data-start=\"751\" data-end=\"778\">Eulalia \u00c1lvarez Lorenzo<\/strong>, en La Felguera, con el objetivo de mejorar la <strong data-start=\"826\" data-end=\"851\">eficiencia energ\u00e9tica<\/strong> del centro. La Administraci\u00f3n auton\u00f3mica ejecutar\u00e1 la obra cuando exista <strong data-start=\"925\" data-end=\"954\">viabilidad presupuestaria<\/strong>.<\/p>\n<h1 data-section-id=\"1iihtkj\" data-start=\"957\" data-end=\"1005\">Reparto de actuaciones entre administraciones<\/h1>\n<p data-start=\"1007\" data-end=\"1299\">El acuerdo se alcanz\u00f3 en una reuni\u00f3n entre la consejera de Educaci\u00f3n, <strong data-start=\"1077\" data-end=\"1089\">Eva Ledo<\/strong>, y el alcalde de Langreo, <strong data-start=\"1116\" data-end=\"1134\">Roberto Garc\u00eda<\/strong>, en la que tambi\u00e9n participaron el director general de Infraestructuras y Tecnolog\u00edas Educativas, <strong data-start=\"1233\" data-end=\"1251\">Julio Vallaure<\/strong>, y el arquitecto municipal, <strong data-start=\"1280\" data-end=\"1298\">Ignacio Garc\u00eda<\/strong>.<\/p>\n<p data-start=\"1301\" data-end=\"1510\" data-is-last-node=\"\" data-is-only-node=\"\">Durante el encuentro, ambas administraciones delimitaron las actuaciones en funci\u00f3n de sus respectivas competencias, con el objetivo de abordar las necesidades detectadas en los centros educativos del concejo.<\/p>\n","protected":false},"excerpt":{"rendered":"<p>Langreo asumir\u00e1 obras de seguridad y fachada en La Llamiella, mientras el Principado impulsar\u00e1 mejoras energ\u00e9ticas en otro colegio p\u00fablico del concejo. El Ayuntamiento de Langreo ejecutar\u00e1 una intervenci\u00f3n para garantizar la seguridad del Colegio P\u00fablico La Llamiella, en Ria\u00f1u, y asumir\u00e1 posteriormente la reparaci\u00f3n de su fachada, dentro de las actuaciones acordadas con el<\/p>\n","protected":false},"author":1,"featured_media":12441,"comment_status":"closed","ping_status":"closed","sticky":false,"template":"","format":"standard","meta":{"footnotes":""},"categories":[145],"tags":[42],"class_list":{"0":"post-12440","1":"post","2":"type-post","3":"status-publish","4":"format-standard","5":"has-post-thumbnail","7":"category-concejos-asturias","8":"tag-asturias"},"aioseo_notices":[],"aioseo_head":"\n\t\t<!-- All in One SEO Pro 4.9.6.2 - aioseo.com -->\n\t<meta name=\"description\" content=\"Langreo asumir\u00e1 obras de seguridad y fachada en La Llamiella, mientras el Principado impulsar\u00e1 mejoras energ\u00e9ticas en otro colegio p\u00fablico del concejo.\" \/>\n\t<meta name=\"robots\" content=\"max-image-preview:large\" \/>\n\t<meta name=\"author\" content=\"NBAsturias\"\/>\n\t<meta name=\"google-site-verification\" content=\"UA-38556648-1\" \/>\n\t<meta name=\"keywords\" content=\"concejos asturias\" \/>\n\t<link rel=\"canonical\" href=\"https:\/\/eldigitaldeasturias.com\/radio\/mejoras-en-dos-colegios-publicos-de-langreo\/\" \/>\n\t<meta name=\"generator\" content=\"All in One SEO Pro (AIOSEO) 4.9.6.2\" \/>\n\t\t<meta property=\"og:locale\" content=\"es_ES\" \/>\n\t\t<meta property=\"og:site_name\" content=\"El Digital de Asturias | Diario de informaci\u00f3n y noticias\" \/>\n\t\t<meta property=\"og:type\" content=\"article\" \/>\n\t\t<meta property=\"og:title\" content=\"Mejoras en dos colegios p\u00fablicos de Langreo | El Digital de Asturias\" \/>\n\t\t<meta property=\"og:description\" content=\"Langreo asumir\u00e1 obras de seguridad y fachada en La Llamiella, mientras el Principado impulsar\u00e1 mejoras energ\u00e9ticas en otro colegio p\u00fablico del concejo.\" \/>\n\t\t<meta property=\"og:url\" content=\"https:\/\/eldigitaldeasturias.com\/radio\/mejoras-en-dos-colegios-publicos-de-langreo\/\" \/>\n\t\t<meta property=\"og:image\" content=\"https:\/\/eldigitaldeasturias.com\/radio\/wp-content\/uploads\/2026\/03\/Mejoras-en-dos-colegios-publicos-de-Langreo.jpg\" \/>\n\t\t<meta property=\"og:image:secure_url\" content=\"https:\/\/eldigitaldeasturias.com\/radio\/wp-content\/uploads\/2026\/03\/Mejoras-en-dos-colegios-publicos-de-Langreo.jpg\" \/>\n\t\t<meta property=\"og:image:width\" content=\"1179\" \/>\n\t\t<meta property=\"og:image:height\" content=\"769\" \/>\n\t\t<meta property=\"article:published_time\" content=\"2026-03-18T21:07:11+00:00\" \/>\n\t\t<meta property=\"article:modified_time\" content=\"2026-03-18T21:07:11+00:00\" \/>\n\t\t<meta name=\"twitter:card\" content=\"summary_large_image\" \/>\n\t\t<meta name=\"twitter:site\" content=\"@bercodi\" \/>\n\t\t<meta name=\"twitter:title\" content=\"Mejoras en dos colegios p\u00fablicos de Langreo | El Digital de Asturias\" \/>\n\t\t<meta name=\"twitter:description\" content=\"Langreo asumir\u00e1 obras de seguridad y fachada en La Llamiella, mientras el Principado impulsar\u00e1 mejoras energ\u00e9ticas en otro colegio p\u00fablico del concejo.\" \/>\n\t\t<meta name=\"twitter:creator\" content=\"@bercodi\" \/>\n\t\t<meta name=\"twitter:image\" content=\"https:\/\/eldigitaldeasturias.com\/radio\/wp-content\/uploads\/2026\/03\/Mejoras-en-dos-colegios-publicos-de-Langreo.jpg\" \/>\n\t\t<script type=\"application\/ld+json\" class=\"aioseo-schema\">\n\t\t\t{\"@context\":\"https:\\\/\\\/schema.org\",\"@graph\":[{\"@type\":\"BreadcrumbList\",\"@id\":\"https:\\\/\\\/eldigitaldeasturias.com\\\/radio\\\/mejoras-en-dos-colegios-publicos-de-langreo\\\/#breadcrumblist\",\"itemListElement\":[{\"@type\":\"ListItem\",\"@id\":\"https:\\\/\\\/eldigitaldeasturias.com\\\/radio#listItem\",\"position\":1,\"name\":\"Inicio\",\"item\":\"https:\\\/\\\/eldigitaldeasturias.com\\\/radio\",\"nextItem\":{\"@type\":\"ListItem\",\"@id\":\"https:\\\/\\\/eldigitaldeasturias.com\\\/radio\\\/category\\\/concejos-asturias\\\/#listItem\",\"name\":\"Concejos Asturias\"}},{\"@type\":\"ListItem\",\"@id\":\"https:\\\/\\\/eldigitaldeasturias.com\\\/radio\\\/category\\\/concejos-asturias\\\/#listItem\",\"position\":2,\"name\":\"Concejos Asturias\",\"item\":\"https:\\\/\\\/eldigitaldeasturias.com\\\/radio\\\/category\\\/concejos-asturias\\\/\",\"nextItem\":{\"@type\":\"ListItem\",\"@id\":\"https:\\\/\\\/eldigitaldeasturias.com\\\/radio\\\/mejoras-en-dos-colegios-publicos-de-langreo\\\/#listItem\",\"name\":\"Mejoras en dos colegios p\\u00fablicos de Langreo\"},\"previousItem\":{\"@type\":\"ListItem\",\"@id\":\"https:\\\/\\\/eldigitaldeasturias.com\\\/radio#listItem\",\"name\":\"Inicio\"}},{\"@type\":\"ListItem\",\"@id\":\"https:\\\/\\\/eldigitaldeasturias.com\\\/radio\\\/mejoras-en-dos-colegios-publicos-de-langreo\\\/#listItem\",\"position\":3,\"name\":\"Mejoras en dos colegios p\\u00fablicos de Langreo\",\"previousItem\":{\"@type\":\"ListItem\",\"@id\":\"https:\\\/\\\/eldigitaldeasturias.com\\\/radio\\\/category\\\/concejos-asturias\\\/#listItem\",\"name\":\"Concejos Asturias\"}}]},{\"@type\":\"NewsArticle\",\"@id\":\"https:\\\/\\\/eldigitaldeasturias.com\\\/radio\\\/mejoras-en-dos-colegios-publicos-de-langreo\\\/#newsarticle\",\"name\":\"Mejoras en dos colegios p\\u00fablicos de Langreo | El Digital de Asturias\",\"headline\":\"Mejoras en dos colegios p\\u00fablicos de Langreo\",\"author\":{\"@id\":\"https:\\\/\\\/eldigitaldeasturias.com\\\/radio\\\/author\\\/nbasturias\\\/#author\"},\"publisher\":{\"@id\":\"https:\\\/\\\/eldigitaldeasturias.com\\\/radio\\\/#organization\"},\"image\":{\"@type\":\"ImageObject\",\"url\":\"https:\\\/\\\/eldigitaldeasturias.com\\\/radio\\\/wp-content\\\/uploads\\\/2026\\\/03\\\/Mejoras-en-dos-colegios-publicos-de-Langreo.jpg\",\"width\":1179,\"height\":769,\"caption\":\"Foto: Prensa Gobierno de Asturias\"},\"datePublished\":\"2026-03-18T22:07:11+01:00\",\"dateModified\":\"2026-03-18T22:07:11+01:00\",\"inLanguage\":\"es-ES\",\"mainEntityOfPage\":{\"@id\":\"https:\\\/\\\/eldigitaldeasturias.com\\\/radio\\\/mejoras-en-dos-colegios-publicos-de-langreo\\\/#webpage\"},\"isPartOf\":{\"@id\":\"https:\\\/\\\/eldigitaldeasturias.com\\\/radio\\\/mejoras-en-dos-colegios-publicos-de-langreo\\\/#webpage\"},\"articleSection\":\"Concejos Asturias, Asturias\",\"dateline\":\"Publicado el marzo 18, 2026.\"},{\"@type\":\"Organization\",\"@id\":\"https:\\\/\\\/eldigitaldeasturias.com\\\/radio\\\/#organization\",\"name\":\"El digital de Asturias Radio\",\"description\":\"Diario de informaci\\u00f3n y noticias\",\"url\":\"https:\\\/\\\/eldigitaldeasturias.com\\\/radio\\\/\",\"telephone\":\"+34652131393\",\"logo\":{\"@type\":\"ImageObject\",\"url\":\"https:\\\/\\\/www.eldigitaldeasturias.com\\\/radio\\\/wp-content\\\/uploads\\\/2021\\\/03\\\/EDA.jpg\",\"@id\":\"https:\\\/\\\/eldigitaldeasturias.com\\\/radio\\\/mejoras-en-dos-colegios-publicos-de-langreo\\\/#organizationLogo\"},\"image\":{\"@id\":\"https:\\\/\\\/eldigitaldeasturias.com\\\/radio\\\/mejoras-en-dos-colegios-publicos-de-langreo\\\/#organizationLogo\"},\"sameAs\":[\"https:\\\/\\\/www.facebook.com\\\/\",\"https:\\\/\\\/x.com\\\/bercodi\",\"https:\\\/\\\/www.instagram.com\\\/\",\"https:\\\/\\\/www.youtube.com\\\/channel\\\/UCZP-2wLEB9Rv6erhFmqVnvg\"]},{\"@type\":\"Person\",\"@id\":\"https:\\\/\\\/eldigitaldeasturias.com\\\/radio\\\/author\\\/nbasturias\\\/#author\",\"url\":\"https:\\\/\\\/eldigitaldeasturias.com\\\/radio\\\/author\\\/nbasturias\\\/\",\"name\":\"NBAsturias\",\"image\":{\"@type\":\"ImageObject\",\"@id\":\"https:\\\/\\\/eldigitaldeasturias.com\\\/radio\\\/mejoras-en-dos-colegios-publicos-de-langreo\\\/#authorImage\",\"url\":\"https:\\\/\\\/secure.gravatar.com\\\/avatar\\\/df2aeffc32bcd13f8d26072ef8a91b623d677766deac7f97ca815868cd41bf5e?s=96&d=mm&r=g\",\"width\":96,\"height\":96,\"caption\":\"NBAsturias\"}},{\"@type\":\"WebPage\",\"@id\":\"https:\\\/\\\/eldigitaldeasturias.com\\\/radio\\\/mejoras-en-dos-colegios-publicos-de-langreo\\\/#webpage\",\"url\":\"https:\\\/\\\/eldigitaldeasturias.com\\\/radio\\\/mejoras-en-dos-colegios-publicos-de-langreo\\\/\",\"name\":\"Mejoras en dos colegios p\\u00fablicos de Langreo | El Digital de Asturias\",\"description\":\"Langreo asumir\\u00e1 obras de seguridad y fachada en La Llamiella, mientras el Principado impulsar\\u00e1 mejoras energ\\u00e9ticas en otro colegio p\\u00fablico del concejo.\",\"inLanguage\":\"es-ES\",\"isPartOf\":{\"@id\":\"https:\\\/\\\/eldigitaldeasturias.com\\\/radio\\\/#website\"},\"breadcrumb\":{\"@id\":\"https:\\\/\\\/eldigitaldeasturias.com\\\/radio\\\/mejoras-en-dos-colegios-publicos-de-langreo\\\/#breadcrumblist\"},\"author\":{\"@id\":\"https:\\\/\\\/eldigitaldeasturias.com\\\/radio\\\/author\\\/nbasturias\\\/#author\"},\"creator\":{\"@id\":\"https:\\\/\\\/eldigitaldeasturias.com\\\/radio\\\/author\\\/nbasturias\\\/#author\"},\"image\":{\"@type\":\"ImageObject\",\"url\":\"https:\\\/\\\/eldigitaldeasturias.com\\\/radio\\\/wp-content\\\/uploads\\\/2026\\\/03\\\/Mejoras-en-dos-colegios-publicos-de-Langreo.jpg\",\"@id\":\"https:\\\/\\\/eldigitaldeasturias.com\\\/radio\\\/mejoras-en-dos-colegios-publicos-de-langreo\\\/#mainImage\",\"width\":1179,\"height\":769,\"caption\":\"Foto: Prensa Gobierno de Asturias\"},\"primaryImageOfPage\":{\"@id\":\"https:\\\/\\\/eldigitaldeasturias.com\\\/radio\\\/mejoras-en-dos-colegios-publicos-de-langreo\\\/#mainImage\"},\"datePublished\":\"2026-03-18T22:07:11+01:00\",\"dateModified\":\"2026-03-18T22:07:11+01:00\"},{\"@type\":\"WebSite\",\"@id\":\"https:\\\/\\\/eldigitaldeasturias.com\\\/radio\\\/#website\",\"url\":\"https:\\\/\\\/eldigitaldeasturias.com\\\/radio\\\/\",\"name\":\"El Digital de Asturias\",\"description\":\"Diario de informaci\\u00f3n y noticias\",\"inLanguage\":\"es-ES\",\"publisher\":{\"@id\":\"https:\\\/\\\/eldigitaldeasturias.com\\\/radio\\\/#organization\"}}]}\n\t\t<\/script>\n\t\t<!-- All in One SEO Pro -->\r\n\t\t<title>Mejoras en dos colegios p\u00fablicos de Langreo | El Digital de Asturias<\/title>\n\n","aioseo_head_json":{"title":"Mejoras en dos colegios p\u00fablicos de Langreo | El Digital de Asturias","description":"Langreo asumir\u00e1 obras de seguridad y fachada en La Llamiella, mientras el Principado impulsar\u00e1 mejoras energ\u00e9ticas en otro colegio p\u00fablico del concejo.","canonical_url":"https:\/\/eldigitaldeasturias.com\/radio\/mejoras-en-dos-colegios-publicos-de-langreo\/","robots":"max-image-preview:large","keywords":"concejos asturias","webmasterTools":{"google-site-verification":"UA-38556648-1","miscellaneous":""},"schema":{"@context":"https:\/\/schema.org","@graph":[{"@type":"BreadcrumbList","@id":"https:\/\/eldigitaldeasturias.com\/radio\/mejoras-en-dos-colegios-publicos-de-langreo\/#breadcrumblist","itemListElement":[{"@type":"ListItem","@id":"https:\/\/eldigitaldeasturias.com\/radio#listItem","position":1,"name":"Inicio","item":"https:\/\/eldigitaldeasturias.com\/radio","nextItem":{"@type":"ListItem","@id":"https:\/\/eldigitaldeasturias.com\/radio\/category\/concejos-asturias\/#listItem","name":"Concejos Asturias"}},{"@type":"ListItem","@id":"https:\/\/eldigitaldeasturias.com\/radio\/category\/concejos-asturias\/#listItem","position":2,"name":"Concejos Asturias","item":"https:\/\/eldigitaldeasturias.com\/radio\/category\/concejos-asturias\/","nextItem":{"@type":"ListItem","@id":"https:\/\/eldigitaldeasturias.com\/radio\/mejoras-en-dos-colegios-publicos-de-langreo\/#listItem","name":"Mejoras en dos colegios p\u00fablicos de Langreo"},"previousItem":{"@type":"ListItem","@id":"https:\/\/eldigitaldeasturias.com\/radio#listItem","name":"Inicio"}},{"@type":"ListItem","@id":"https:\/\/eldigitaldeasturias.com\/radio\/mejoras-en-dos-colegios-publicos-de-langreo\/#listItem","position":3,"name":"Mejoras en dos colegios p\u00fablicos de Langreo","previousItem":{"@type":"ListItem","@id":"https:\/\/eldigitaldeasturias.com\/radio\/category\/concejos-asturias\/#listItem","name":"Concejos Asturias"}}]},{"@type":"NewsArticle","@id":"https:\/\/eldigitaldeasturias.com\/radio\/mejoras-en-dos-colegios-publicos-de-langreo\/#newsarticle","name":"Mejoras en dos colegios p\u00fablicos de Langreo | El Digital de Asturias","headline":"Mejoras en dos colegios p\u00fablicos de Langreo","author":{"@id":"https:\/\/eldigitaldeasturias.com\/radio\/author\/nbasturias\/#author"},"publisher":{"@id":"https:\/\/eldigitaldeasturias.com\/radio\/#organization"},"image":{"@type":"ImageObject","url":"https:\/\/eldigitaldeasturias.com\/radio\/wp-content\/uploads\/2026\/03\/Mejoras-en-dos-colegios-publicos-de-Langreo.jpg","width":1179,"height":769,"caption":"Foto: Prensa Gobierno de Asturias"},"datePublished":"2026-03-18T22:07:11+01:00","dateModified":"2026-03-18T22:07:11+01:00","inLanguage":"es-ES","mainEntityOfPage":{"@id":"https:\/\/eldigitaldeasturias.com\/radio\/mejoras-en-dos-colegios-publicos-de-langreo\/#webpage"},"isPartOf":{"@id":"https:\/\/eldigitaldeasturias.com\/radio\/mejoras-en-dos-colegios-publicos-de-langreo\/#webpage"},"articleSection":"Concejos Asturias, Asturias","dateline":"Publicado el marzo 18, 2026."},{"@type":"Organization","@id":"https:\/\/eldigitaldeasturias.com\/radio\/#organization","name":"El digital de Asturias Radio","description":"Diario de informaci\u00f3n y noticias","url":"https:\/\/eldigitaldeasturias.com\/radio\/","telephone":"+34652131393","logo":{"@type":"ImageObject","url":"https:\/\/www.eldigitaldeasturias.com\/radio\/wp-content\/uploads\/2021\/03\/EDA.jpg","@id":"https:\/\/eldigitaldeasturias.com\/radio\/mejoras-en-dos-colegios-publicos-de-langreo\/#organizationLogo"},"image":{"@id":"https:\/\/eldigitaldeasturias.com\/radio\/mejoras-en-dos-colegios-publicos-de-langreo\/#organizationLogo"},"sameAs":["https:\/\/www.facebook.com\/","https:\/\/x.com\/bercodi","https:\/\/www.instagram.com\/","https:\/\/www.youtube.com\/channel\/UCZP-2wLEB9Rv6erhFmqVnvg"]},{"@type":"Person","@id":"https:\/\/eldigitaldeasturias.com\/radio\/author\/nbasturias\/#author","url":"https:\/\/eldigitaldeasturias.com\/radio\/author\/nbasturias\/","name":"NBAsturias","image":{"@type":"ImageObject","@id":"https:\/\/eldigitaldeasturias.com\/radio\/mejoras-en-dos-colegios-publicos-de-langreo\/#authorImage","url":"https:\/\/secure.gravatar.com\/avatar\/df2aeffc32bcd13f8d26072ef8a91b623d677766deac7f97ca815868cd41bf5e?s=96&d=mm&r=g","width":96,"height":96,"caption":"NBAsturias"}},{"@type":"WebPage","@id":"https:\/\/eldigitaldeasturias.com\/radio\/mejoras-en-dos-colegios-publicos-de-langreo\/#webpage","url":"https:\/\/eldigitaldeasturias.com\/radio\/mejoras-en-dos-colegios-publicos-de-langreo\/","name":"Mejoras en dos colegios p\u00fablicos de Langreo | El Digital de Asturias","description":"Langreo asumir\u00e1 obras de seguridad y fachada en La Llamiella, mientras el Principado impulsar\u00e1 mejoras energ\u00e9ticas en otro colegio p\u00fablico del concejo.","inLanguage":"es-ES","isPartOf":{"@id":"https:\/\/eldigitaldeasturias.com\/radio\/#website"},"breadcrumb":{"@id":"https:\/\/eldigitaldeasturias.com\/radio\/mejoras-en-dos-colegios-publicos-de-langreo\/#breadcrumblist"},"author":{"@id":"https:\/\/eldigitaldeasturias.com\/radio\/author\/nbasturias\/#author"},"creator":{"@id":"https:\/\/eldigitaldeasturias.com\/radio\/author\/nbasturias\/#author"},"image":{"@type":"ImageObject","url":"https:\/\/eldigitaldeasturias.com\/radio\/wp-content\/uploads\/2026\/03\/Mejoras-en-dos-colegios-publicos-de-Langreo.jpg","@id":"https:\/\/eldigitaldeasturias.com\/radio\/mejoras-en-dos-colegios-publicos-de-langreo\/#mainImage","width":1179,"height":769,"caption":"Foto: Prensa Gobierno de Asturias"},"primaryImageOfPage":{"@id":"https:\/\/eldigitaldeasturias.com\/radio\/mejoras-en-dos-colegios-publicos-de-langreo\/#mainImage"},"datePublished":"2026-03-18T22:07:11+01:00","dateModified":"2026-03-18T22:07:11+01:00"},{"@type":"WebSite","@id":"https:\/\/eldigitaldeasturias.com\/radio\/#website","url":"https:\/\/eldigitaldeasturias.com\/radio\/","name":"El Digital de Asturias","description":"Diario de informaci\u00f3n y noticias","inLanguage":"es-ES","publisher":{"@id":"https:\/\/eldigitaldeasturias.com\/radio\/#organization"}}]},"og:locale":"es_ES","og:site_name":"El Digital de Asturias | Diario de informaci\u00f3n y noticias","og:type":"article","og:title":"Mejoras en dos colegios p\u00fablicos de Langreo | El Digital de Asturias","og:description":"Langreo asumir\u00e1 obras de seguridad y fachada en La Llamiella, mientras el Principado impulsar\u00e1 mejoras energ\u00e9ticas en otro colegio p\u00fablico del concejo.","og:url":"https:\/\/eldigitaldeasturias.com\/radio\/mejoras-en-dos-colegios-publicos-de-langreo\/","og:image":"https:\/\/eldigitaldeasturias.com\/radio\/wp-content\/uploads\/2026\/03\/Mejoras-en-dos-colegios-publicos-de-Langreo.jpg","og:image:secure_url":"https:\/\/eldigitaldeasturias.com\/radio\/wp-content\/uploads\/2026\/03\/Mejoras-en-dos-colegios-publicos-de-Langreo.jpg","og:image:width":1179,"og:image:height":769,"article:published_time":"2026-03-18T21:07:11+00:00","article:modified_time":"2026-03-18T21:07:11+00:00","twitter:card":"summary_large_image","twitter:site":"@bercodi","twitter:title":"Mejoras en dos colegios p\u00fablicos de Langreo | El Digital de Asturias","twitter:description":"Langreo asumir\u00e1 obras de seguridad y fachada en La Llamiella, mientras el Principado impulsar\u00e1 mejoras energ\u00e9ticas en otro colegio p\u00fablico del concejo.","twitter:creator":"@bercodi","twitter:image":"https:\/\/eldigitaldeasturias.com\/radio\/wp-content\/uploads\/2026\/03\/Mejoras-en-dos-colegios-publicos-de-Langreo.jpg"},"aioseo_meta_data":{"post_id":"12440","title":null,"description":"Langreo asumir\u00e1 obras de seguridad y fachada en La Llamiella, mientras el Principado impulsar\u00e1 mejoras energ\u00e9ticas en otro colegio p\u00fablico del concejo.","keywords":null,"keyphrases":{"focus":{"keyphrase":"Langreo","score":100,"analysis":{"keyphraseInTitle":{"score":9,"maxScore":9,"error":0},"keyphraseInDescription":{"score":9,"maxScore":9,"error":0},"keyphraseLength":{"score":9,"maxScore":9,"error":0,"length":1},"keyphraseInURL":{"score":5,"maxScore":5,"error":0},"keyphraseInIntroduction":{"score":9,"maxScore":9,"error":0},"keyphraseInSubHeadings":[],"keyphraseInImageAlt":{"score":9,"maxScore":9,"error":0},"keywordDensity":{"type":"best","score":9,"maxScore":9,"error":0}}},"additional":[{"keyphrase":"Langreo","score":100,"analysis":{"keyphraseInDescription":{"score":9,"maxScore":9,"error":0},"keyphraseLength":{"score":9,"maxScore":9,"error":0,"length":1},"keyphraseInIntroduction":{"score":9,"maxScore":9,"error":0},"keyphraseInImageAlt":{"score":9,"maxScore":9,"error":0},"keywordDensity":{"type":"best","score":9,"maxScore":9,"error":0}}}]},"primary_term":null,"canonical_url":null,"og_title":null,"og_description":null,"og_object_type":"default","og_image_type":"default","og_image_url":null,"og_image_width":null,"og_image_height":null,"og_image_custom_url":null,"og_image_custom_fields":null,"og_video":"","og_custom_url":null,"og_article_section":null,"og_article_tags":null,"twitter_use_og":false,"twitter_card":"default","twitter_image_type":"default","twitter_image_url":null,"twitter_image_custom_url":null,"twitter_image_custom_fields":null,"twitter_title":null,"twitter_description":null,"schema":{"blockGraphs":[],"customGraphs":[],"default":{"data":{"Article":[],"Course":[],"Dataset":[],"FAQPage":[],"Movie":[],"Person":[],"Product":[],"ProductReview":[],"Car":[],"Recipe":[],"Service":[],"SoftwareApplication":[],"WebPage":[]},"graphName":"NewsArticle","isEnabled":true},"graphs":[]},"schema_type":"default","schema_type_options":null,"pillar_content":false,"robots_default":true,"robots_noindex":false,"robots_noarchive":false,"robots_nosnippet":false,"robots_nofollow":false,"robots_noimageindex":false,"robots_noodp":false,"robots_notranslate":false,"robots_max_snippet":"-1","robots_max_videopreview":"-1","robots_max_imagepreview":"large","priority":null,"frequency":"default","location":null,"local_seo":null,"seo_analyzer_scan_date":"2026-03-18 22:03:52","breadcrumb_settings":null,"limit_modified_date":false,"open_ai":null,"ai":{"faqs":[],"keyPoints":[],"titles":[],"descriptions":[],"socialPosts":{"email":[],"linkedin":[],"twitter":[],"facebook":[],"instagram":[]}},"created":"2026-03-18 21:02:06","updated":"2026-03-18 22:04:02"},"aioseo_breadcrumb":"<div class=\"aioseo-breadcrumbs\"><span class=\"aioseo-breadcrumb\">\n\t<a href=\"https:\/\/eldigitaldeasturias.com\/radio\" title=\"Inicio\">Inicio<\/a>\n<\/span><span class=\"aioseo-breadcrumb-separator\">&ndash;<\/span><span class=\"aioseo-breadcrumb\">\n\t<a href=\"https:\/\/eldigitaldeasturias.com\/radio\/category\/concejos-asturias\/\" title=\"Concejos Asturias\">Concejos Asturias<\/a>\n<\/span><span class=\"aioseo-breadcrumb-separator\">&ndash;<\/span><span class=\"aioseo-breadcrumb\">\n\tMejoras en dos colegios p\u00fablicos de Langreo\n<\/span><\/div>","aioseo_breadcrumb_json":[{"label":"Inicio","link":"https:\/\/eldigitaldeasturias.com\/radio"},{"label":"Concejos Asturias","link":"https:\/\/eldigitaldeasturias.com\/radio\/category\/concejos-asturias\/"},{"label":"Mejoras en dos colegios p\u00fablicos de Langreo","link":"https:\/\/eldigitaldeasturias.com\/radio\/mejoras-en-dos-colegios-publicos-de-langreo\/"}],"_links":{"self":[{"href":"https:\/\/eldigitaldeasturias.com\/radio\/wp-json\/wp\/v2\/posts\/12440","targetHints":{"allow":["GET"]}}],"collection":[{"href":"https:\/\/eldigitaldeasturias.com\/radio\/wp-json\/wp\/v2\/posts"}],"about":[{"href":"https:\/\/eldigitaldeasturias.com\/radio\/wp-json\/wp\/v2\/types\/post"}],"author":[{"embeddable":true,"href":"https:\/\/eldigitaldeasturias.com\/radio\/wp-json\/wp\/v2\/users\/1"}],"replies":[{"embeddable":true,"href":"https:\/\/eldigitaldeasturias.com\/radio\/wp-json\/wp\/v2\/comments?post=12440"}],"version-history":[{"count":0,"href":"https:\/\/eldigitaldeasturias.com\/radio\/wp-json\/wp\/v2\/posts\/12440\/revisions"}],"wp:featuredmedia":[{"embeddable":true,"href":"https:\/\/eldigitaldeasturias.com\/radio\/wp-json\/wp\/v2\/media\/12441"}],"wp:attachment":[{"href":"https:\/\/eldigitaldeasturias.com\/radio\/wp-json\/wp\/v2\/media?parent=12440"}],"wp:term":[{"taxonomy":"category","embeddable":true,"href":"https:\/\/eldigitaldeasturias.com\/radio\/wp-json\/wp\/v2\/categories?post=12440"},{"taxonomy":"post_tag","embeddable":true,"href":"https:\/\/eldigitaldeasturias.com\/radio\/wp-json\/wp\/v2\/tags?post=12440"}],"curies":[{"name":"wp","href":"https:\/\/api.w.org\/{rel}","templated":true}]}}