{"id":11867,"date":"2025-11-25T15:49:17","date_gmt":"2025-11-25T14:49:17","guid":{"rendered":"https:\/\/eldigitaldeasturias.com\/radio\/?p=11867"},"modified":"2025-11-25T15:49:39","modified_gmt":"2025-11-25T14:49:39","slug":"el-principado-rehabilitara-la-escuela-de-zurea","status":"publish","type":"post","link":"https:\/\/eldigitaldeasturias.com\/radio\/el-principado-rehabilitara-la-escuela-de-zurea\/","title":{"rendered":"El Principado rehabilitar\u00e1 la escuela de Zurea"},"content":{"rendered":"<p>El <a href=\"https:\/\/actualidad.asturias.es\/\" target=\"_blank\" rel=\"noopener\"><span style=\"color: #ff6600;\"><strong>Gobierno del Principado<\/strong><\/span><\/a> contratar\u00e1 un servicio de transporte escolar para que los ocho estudiantes de la <strong>escuela de Zurea<\/strong> puedan asistir a clase en <span style=\"color: #ff6600;\"><a style=\"color: #ff6600;\" href=\"https:\/\/eldigitaldeasturias.com\/radio\/category\/concejos-asturias\/\"><strong>Campumanes<\/strong><\/a><\/span>, sede del CRA de Lena, mientras el Ayuntamiento de Lena habilita un aula provisional en la antigua casa del maestro. En paralelo, la Consejer\u00eda de Educaci\u00f3n se ha comprometido a encargar un proyecto para <strong>reparar la cubierta de la escuela<\/strong> y tambi\u00e9n iniciar\u00e1 el refuerzo de la cimentaci\u00f3n que ya tiene adjudicado por un importe de 62.000 euros.<\/p>\n<figure id=\"attachment_11868\" aria-describedby=\"caption-attachment-11868\" style=\"width: 650px\" class=\"wp-caption aligncenter\"><img fetchpriority=\"high\" decoding=\"async\" class=\"size-large wp-image-11868\" src=\"https:\/\/eldigitaldeasturias.com\/radio\/wp-content\/uploads\/2025\/11\/El-Principado-rehabilitara-la-escuela-de-Zurea-650x480.jpg\" alt=\"El Principado rehabilitar\u00e1 la escuela de Zurea\" width=\"650\" height=\"480\" srcset=\"https:\/\/eldigitaldeasturias.com\/radio\/wp-content\/uploads\/2025\/11\/El-Principado-rehabilitara-la-escuela-de-Zurea-650x480.jpg 650w, https:\/\/eldigitaldeasturias.com\/radio\/wp-content\/uploads\/2025\/11\/El-Principado-rehabilitara-la-escuela-de-Zurea-360x265.jpg 360w, https:\/\/eldigitaldeasturias.com\/radio\/wp-content\/uploads\/2025\/11\/El-Principado-rehabilitara-la-escuela-de-Zurea-768x566.jpg 768w, https:\/\/eldigitaldeasturias.com\/radio\/wp-content\/uploads\/2025\/11\/El-Principado-rehabilitara-la-escuela-de-Zurea-150x111.jpg 150w, https:\/\/eldigitaldeasturias.com\/radio\/wp-content\/uploads\/2025\/11\/El-Principado-rehabilitara-la-escuela-de-Zurea-450x332.jpg 450w, https:\/\/eldigitaldeasturias.com\/radio\/wp-content\/uploads\/2025\/11\/El-Principado-rehabilitara-la-escuela-de-Zurea.jpg 912w\" sizes=\"(max-width: 650px) 100vw, 650px\" \/><figcaption id=\"caption-attachment-11868\" class=\"wp-caption-text\">Foto: Prensa Principado<\/figcaption><\/figure>\n<h2>Acuerdo entre Educaci\u00f3n y el Ayuntamiento de Lena<\/h2>\n<p>La consejera de Educaci\u00f3n, Eva Ledo, ha alcanzado este acuerdo durante la reuni\u00f3n mantenida con la alcaldesa de Lena, Gemma \u00c1lvarez, en la que tambi\u00e9n han participado la direcci\u00f3n del CRA de Lena y dos representantes de las familias.<strong> Asimismo, han asistido los directores generales de Centros y Red 0-3 A\u00f1os, Paula Fern\u00e1ndez, y de Infraestructuras y Tecnolog\u00edas Educativas, Julio Vallaure.<\/strong><\/p>\n","protected":false},"excerpt":{"rendered":"<p>El Gobierno del Principado contratar\u00e1 un servicio de transporte escolar para que los ocho estudiantes de la escuela de Zurea puedan asistir a clase en Campumanes, sede del CRA de Lena, mientras el Ayuntamiento de Lena habilita un aula provisional en la antigua casa del maestro. En paralelo, la Consejer\u00eda de Educaci\u00f3n se ha comprometido<\/p>\n","protected":false},"author":1,"featured_media":11868,"comment_status":"closed","ping_status":"closed","sticky":false,"template":"","format":"standard","meta":{"footnotes":""},"categories":[145],"tags":[42,109],"class_list":{"0":"post-11867","1":"post","2":"type-post","3":"status-publish","4":"format-standard","5":"has-post-thumbnail","7":"category-concejos-asturias","8":"tag-asturias","9":"tag-educacion"},"aioseo_notices":[],"aioseo_head":"\n\t\t<!-- All in One SEO Pro 4.9.6.2 - aioseo.com -->\n\t<meta name=\"description\" content=\"El Gobierno del Principado contratar\u00e1 un servicio de transporte escolar para que los ocho estudiantes de la escuela de Zurea puedan asistir a clase\" \/>\n\t<meta name=\"robots\" content=\"max-image-preview:large\" \/>\n\t<meta name=\"author\" content=\"NBAsturias\"\/>\n\t<meta name=\"google-site-verification\" content=\"UA-38556648-1\" \/>\n\t<meta name=\"keywords\" content=\"concejos asturias\" \/>\n\t<link rel=\"canonical\" href=\"https:\/\/eldigitaldeasturias.com\/radio\/el-principado-rehabilitara-la-escuela-de-zurea\/\" \/>\n\t<meta name=\"generator\" content=\"All in One SEO Pro (AIOSEO) 4.9.6.2\" \/>\n\t\t<meta property=\"og:locale\" content=\"es_ES\" \/>\n\t\t<meta property=\"og:site_name\" content=\"El Digital de Asturias | Diario de informaci\u00f3n y noticias\" \/>\n\t\t<meta property=\"og:type\" content=\"article\" \/>\n\t\t<meta property=\"og:title\" content=\"El Principado rehabilitar\u00e1 la escuela de Zurea | El Digital de Asturias\" \/>\n\t\t<meta property=\"og:description\" content=\"El Gobierno del Principado contratar\u00e1 un servicio de transporte escolar para que los ocho estudiantes de la escuela de Zurea puedan asistir a clase\" \/>\n\t\t<meta property=\"og:url\" content=\"https:\/\/eldigitaldeasturias.com\/radio\/el-principado-rehabilitara-la-escuela-de-zurea\/\" \/>\n\t\t<meta property=\"og:image\" content=\"https:\/\/eldigitaldeasturias.com\/radio\/wp-content\/uploads\/2025\/11\/El-Principado-rehabilitara-la-escuela-de-Zurea.jpg\" \/>\n\t\t<meta property=\"og:image:secure_url\" content=\"https:\/\/eldigitaldeasturias.com\/radio\/wp-content\/uploads\/2025\/11\/El-Principado-rehabilitara-la-escuela-de-Zurea.jpg\" \/>\n\t\t<meta property=\"og:image:width\" content=\"912\" \/>\n\t\t<meta property=\"og:image:height\" content=\"672\" \/>\n\t\t<meta property=\"article:published_time\" content=\"2025-11-25T14:49:17+00:00\" \/>\n\t\t<meta property=\"article:modified_time\" content=\"2025-11-25T14:49:39+00:00\" \/>\n\t\t<meta name=\"twitter:card\" content=\"summary_large_image\" \/>\n\t\t<meta name=\"twitter:site\" content=\"@bercodi\" \/>\n\t\t<meta name=\"twitter:title\" content=\"El Principado rehabilitar\u00e1 la escuela de Zurea | El Digital de Asturias\" \/>\n\t\t<meta name=\"twitter:description\" content=\"El Gobierno del Principado contratar\u00e1 un servicio de transporte escolar para que los ocho estudiantes de la escuela de Zurea puedan asistir a clase\" \/>\n\t\t<meta name=\"twitter:creator\" content=\"@bercodi\" \/>\n\t\t<meta name=\"twitter:image\" content=\"https:\/\/eldigitaldeasturias.com\/radio\/wp-content\/uploads\/2025\/11\/El-Principado-rehabilitara-la-escuela-de-Zurea.jpg\" \/>\n\t\t<script type=\"application\/ld+json\" class=\"aioseo-schema\">\n\t\t\t{\"@context\":\"https:\\\/\\\/schema.org\",\"@graph\":[{\"@type\":\"BreadcrumbList\",\"@id\":\"https:\\\/\\\/eldigitaldeasturias.com\\\/radio\\\/el-principado-rehabilitara-la-escuela-de-zurea\\\/#breadcrumblist\",\"itemListElement\":[{\"@type\":\"ListItem\",\"@id\":\"https:\\\/\\\/eldigitaldeasturias.com\\\/radio#listItem\",\"position\":1,\"name\":\"Inicio\",\"item\":\"https:\\\/\\\/eldigitaldeasturias.com\\\/radio\",\"nextItem\":{\"@type\":\"ListItem\",\"@id\":\"https:\\\/\\\/eldigitaldeasturias.com\\\/radio\\\/category\\\/concejos-asturias\\\/#listItem\",\"name\":\"Concejos Asturias\"}},{\"@type\":\"ListItem\",\"@id\":\"https:\\\/\\\/eldigitaldeasturias.com\\\/radio\\\/category\\\/concejos-asturias\\\/#listItem\",\"position\":2,\"name\":\"Concejos Asturias\",\"item\":\"https:\\\/\\\/eldigitaldeasturias.com\\\/radio\\\/category\\\/concejos-asturias\\\/\",\"nextItem\":{\"@type\":\"ListItem\",\"@id\":\"https:\\\/\\\/eldigitaldeasturias.com\\\/radio\\\/el-principado-rehabilitara-la-escuela-de-zurea\\\/#listItem\",\"name\":\"El Principado rehabilitar\\u00e1 la escuela de Zurea\"},\"previousItem\":{\"@type\":\"ListItem\",\"@id\":\"https:\\\/\\\/eldigitaldeasturias.com\\\/radio#listItem\",\"name\":\"Inicio\"}},{\"@type\":\"ListItem\",\"@id\":\"https:\\\/\\\/eldigitaldeasturias.com\\\/radio\\\/el-principado-rehabilitara-la-escuela-de-zurea\\\/#listItem\",\"position\":3,\"name\":\"El Principado rehabilitar\\u00e1 la escuela de Zurea\",\"previousItem\":{\"@type\":\"ListItem\",\"@id\":\"https:\\\/\\\/eldigitaldeasturias.com\\\/radio\\\/category\\\/concejos-asturias\\\/#listItem\",\"name\":\"Concejos Asturias\"}}]},{\"@type\":\"NewsArticle\",\"@id\":\"https:\\\/\\\/eldigitaldeasturias.com\\\/radio\\\/el-principado-rehabilitara-la-escuela-de-zurea\\\/#newsarticle\",\"name\":\"El Principado rehabilitar\\u00e1 la escuela de Zurea | El Digital de Asturias\",\"headline\":\"El Principado rehabilitar\\u00e1 la escuela de Zurea\",\"author\":{\"@id\":\"https:\\\/\\\/eldigitaldeasturias.com\\\/radio\\\/author\\\/nbasturias\\\/#author\"},\"publisher\":{\"@id\":\"https:\\\/\\\/eldigitaldeasturias.com\\\/radio\\\/#organization\"},\"image\":{\"@type\":\"ImageObject\",\"url\":\"https:\\\/\\\/eldigitaldeasturias.com\\\/radio\\\/wp-content\\\/uploads\\\/2025\\\/11\\\/El-Principado-rehabilitara-la-escuela-de-Zurea.jpg\",\"width\":912,\"height\":672,\"caption\":\"Foto: Prensa Principado\"},\"datePublished\":\"2025-11-25T15:49:17+01:00\",\"dateModified\":\"2025-11-25T15:49:39+01:00\",\"inLanguage\":\"es-ES\",\"mainEntityOfPage\":{\"@id\":\"https:\\\/\\\/eldigitaldeasturias.com\\\/radio\\\/el-principado-rehabilitara-la-escuela-de-zurea\\\/#webpage\"},\"isPartOf\":{\"@id\":\"https:\\\/\\\/eldigitaldeasturias.com\\\/radio\\\/el-principado-rehabilitara-la-escuela-de-zurea\\\/#webpage\"},\"articleSection\":\"Concejos Asturias, Asturias, educaci\\u00f3n\",\"dateline\":\"Publicado el noviembre 25, 2025.\"},{\"@type\":\"Organization\",\"@id\":\"https:\\\/\\\/eldigitaldeasturias.com\\\/radio\\\/#organization\",\"name\":\"El digital de Asturias Radio\",\"description\":\"Diario de informaci\\u00f3n y noticias\",\"url\":\"https:\\\/\\\/eldigitaldeasturias.com\\\/radio\\\/\",\"telephone\":\"+34652131393\",\"logo\":{\"@type\":\"ImageObject\",\"url\":\"https:\\\/\\\/www.eldigitaldeasturias.com\\\/radio\\\/wp-content\\\/uploads\\\/2021\\\/03\\\/EDA.jpg\",\"@id\":\"https:\\\/\\\/eldigitaldeasturias.com\\\/radio\\\/el-principado-rehabilitara-la-escuela-de-zurea\\\/#organizationLogo\"},\"image\":{\"@id\":\"https:\\\/\\\/eldigitaldeasturias.com\\\/radio\\\/el-principado-rehabilitara-la-escuela-de-zurea\\\/#organizationLogo\"},\"sameAs\":[\"https:\\\/\\\/www.facebook.com\\\/\",\"https:\\\/\\\/x.com\\\/bercodi\",\"https:\\\/\\\/www.instagram.com\\\/\",\"https:\\\/\\\/www.youtube.com\\\/channel\\\/UCZP-2wLEB9Rv6erhFmqVnvg\"]},{\"@type\":\"Person\",\"@id\":\"https:\\\/\\\/eldigitaldeasturias.com\\\/radio\\\/author\\\/nbasturias\\\/#author\",\"url\":\"https:\\\/\\\/eldigitaldeasturias.com\\\/radio\\\/author\\\/nbasturias\\\/\",\"name\":\"NBAsturias\",\"image\":{\"@type\":\"ImageObject\",\"@id\":\"https:\\\/\\\/eldigitaldeasturias.com\\\/radio\\\/el-principado-rehabilitara-la-escuela-de-zurea\\\/#authorImage\",\"url\":\"https:\\\/\\\/secure.gravatar.com\\\/avatar\\\/df2aeffc32bcd13f8d26072ef8a91b623d677766deac7f97ca815868cd41bf5e?s=96&d=mm&r=g\",\"width\":96,\"height\":96,\"caption\":\"NBAsturias\"}},{\"@type\":\"WebPage\",\"@id\":\"https:\\\/\\\/eldigitaldeasturias.com\\\/radio\\\/el-principado-rehabilitara-la-escuela-de-zurea\\\/#webpage\",\"url\":\"https:\\\/\\\/eldigitaldeasturias.com\\\/radio\\\/el-principado-rehabilitara-la-escuela-de-zurea\\\/\",\"name\":\"El Principado rehabilitar\\u00e1 la escuela de Zurea | El Digital de Asturias\",\"description\":\"El Gobierno del Principado contratar\\u00e1 un servicio de transporte escolar para que los ocho estudiantes de la escuela de Zurea puedan asistir a clase\",\"inLanguage\":\"es-ES\",\"isPartOf\":{\"@id\":\"https:\\\/\\\/eldigitaldeasturias.com\\\/radio\\\/#website\"},\"breadcrumb\":{\"@id\":\"https:\\\/\\\/eldigitaldeasturias.com\\\/radio\\\/el-principado-rehabilitara-la-escuela-de-zurea\\\/#breadcrumblist\"},\"author\":{\"@id\":\"https:\\\/\\\/eldigitaldeasturias.com\\\/radio\\\/author\\\/nbasturias\\\/#author\"},\"creator\":{\"@id\":\"https:\\\/\\\/eldigitaldeasturias.com\\\/radio\\\/author\\\/nbasturias\\\/#author\"},\"image\":{\"@type\":\"ImageObject\",\"url\":\"https:\\\/\\\/eldigitaldeasturias.com\\\/radio\\\/wp-content\\\/uploads\\\/2025\\\/11\\\/El-Principado-rehabilitara-la-escuela-de-Zurea.jpg\",\"@id\":\"https:\\\/\\\/eldigitaldeasturias.com\\\/radio\\\/el-principado-rehabilitara-la-escuela-de-zurea\\\/#mainImage\",\"width\":912,\"height\":672,\"caption\":\"Foto: Prensa Principado\"},\"primaryImageOfPage\":{\"@id\":\"https:\\\/\\\/eldigitaldeasturias.com\\\/radio\\\/el-principado-rehabilitara-la-escuela-de-zurea\\\/#mainImage\"},\"datePublished\":\"2025-11-25T15:49:17+01:00\",\"dateModified\":\"2025-11-25T15:49:39+01:00\"},{\"@type\":\"WebSite\",\"@id\":\"https:\\\/\\\/eldigitaldeasturias.com\\\/radio\\\/#website\",\"url\":\"https:\\\/\\\/eldigitaldeasturias.com\\\/radio\\\/\",\"name\":\"El Digital de Asturias\",\"description\":\"Diario de informaci\\u00f3n y noticias\",\"inLanguage\":\"es-ES\",\"publisher\":{\"@id\":\"https:\\\/\\\/eldigitaldeasturias.com\\\/radio\\\/#organization\"}}]}\n\t\t<\/script>\n\t\t<!-- All in One SEO Pro -->\r\n\t\t<title>El Principado rehabilitar\u00e1 la escuela de Zurea | El Digital de Asturias<\/title>\n\n","aioseo_head_json":{"title":"El Principado rehabilitar\u00e1 la escuela de Zurea | El Digital de Asturias","description":"El Gobierno del Principado contratar\u00e1 un servicio de transporte escolar para que los ocho estudiantes de la escuela de Zurea puedan asistir a clase","canonical_url":"https:\/\/eldigitaldeasturias.com\/radio\/el-principado-rehabilitara-la-escuela-de-zurea\/","robots":"max-image-preview:large","keywords":"concejos asturias","webmasterTools":{"google-site-verification":"UA-38556648-1","miscellaneous":""},"schema":{"@context":"https:\/\/schema.org","@graph":[{"@type":"BreadcrumbList","@id":"https:\/\/eldigitaldeasturias.com\/radio\/el-principado-rehabilitara-la-escuela-de-zurea\/#breadcrumblist","itemListElement":[{"@type":"ListItem","@id":"https:\/\/eldigitaldeasturias.com\/radio#listItem","position":1,"name":"Inicio","item":"https:\/\/eldigitaldeasturias.com\/radio","nextItem":{"@type":"ListItem","@id":"https:\/\/eldigitaldeasturias.com\/radio\/category\/concejos-asturias\/#listItem","name":"Concejos Asturias"}},{"@type":"ListItem","@id":"https:\/\/eldigitaldeasturias.com\/radio\/category\/concejos-asturias\/#listItem","position":2,"name":"Concejos Asturias","item":"https:\/\/eldigitaldeasturias.com\/radio\/category\/concejos-asturias\/","nextItem":{"@type":"ListItem","@id":"https:\/\/eldigitaldeasturias.com\/radio\/el-principado-rehabilitara-la-escuela-de-zurea\/#listItem","name":"El Principado rehabilitar\u00e1 la escuela de Zurea"},"previousItem":{"@type":"ListItem","@id":"https:\/\/eldigitaldeasturias.com\/radio#listItem","name":"Inicio"}},{"@type":"ListItem","@id":"https:\/\/eldigitaldeasturias.com\/radio\/el-principado-rehabilitara-la-escuela-de-zurea\/#listItem","position":3,"name":"El Principado rehabilitar\u00e1 la escuela de Zurea","previousItem":{"@type":"ListItem","@id":"https:\/\/eldigitaldeasturias.com\/radio\/category\/concejos-asturias\/#listItem","name":"Concejos Asturias"}}]},{"@type":"NewsArticle","@id":"https:\/\/eldigitaldeasturias.com\/radio\/el-principado-rehabilitara-la-escuela-de-zurea\/#newsarticle","name":"El Principado rehabilitar\u00e1 la escuela de Zurea | El Digital de Asturias","headline":"El Principado rehabilitar\u00e1 la escuela de Zurea","author":{"@id":"https:\/\/eldigitaldeasturias.com\/radio\/author\/nbasturias\/#author"},"publisher":{"@id":"https:\/\/eldigitaldeasturias.com\/radio\/#organization"},"image":{"@type":"ImageObject","url":"https:\/\/eldigitaldeasturias.com\/radio\/wp-content\/uploads\/2025\/11\/El-Principado-rehabilitara-la-escuela-de-Zurea.jpg","width":912,"height":672,"caption":"Foto: Prensa Principado"},"datePublished":"2025-11-25T15:49:17+01:00","dateModified":"2025-11-25T15:49:39+01:00","inLanguage":"es-ES","mainEntityOfPage":{"@id":"https:\/\/eldigitaldeasturias.com\/radio\/el-principado-rehabilitara-la-escuela-de-zurea\/#webpage"},"isPartOf":{"@id":"https:\/\/eldigitaldeasturias.com\/radio\/el-principado-rehabilitara-la-escuela-de-zurea\/#webpage"},"articleSection":"Concejos Asturias, Asturias, educaci\u00f3n","dateline":"Publicado el noviembre 25, 2025."},{"@type":"Organization","@id":"https:\/\/eldigitaldeasturias.com\/radio\/#organization","name":"El digital de Asturias Radio","description":"Diario de informaci\u00f3n y noticias","url":"https:\/\/eldigitaldeasturias.com\/radio\/","telephone":"+34652131393","logo":{"@type":"ImageObject","url":"https:\/\/www.eldigitaldeasturias.com\/radio\/wp-content\/uploads\/2021\/03\/EDA.jpg","@id":"https:\/\/eldigitaldeasturias.com\/radio\/el-principado-rehabilitara-la-escuela-de-zurea\/#organizationLogo"},"image":{"@id":"https:\/\/eldigitaldeasturias.com\/radio\/el-principado-rehabilitara-la-escuela-de-zurea\/#organizationLogo"},"sameAs":["https:\/\/www.facebook.com\/","https:\/\/x.com\/bercodi","https:\/\/www.instagram.com\/","https:\/\/www.youtube.com\/channel\/UCZP-2wLEB9Rv6erhFmqVnvg"]},{"@type":"Person","@id":"https:\/\/eldigitaldeasturias.com\/radio\/author\/nbasturias\/#author","url":"https:\/\/eldigitaldeasturias.com\/radio\/author\/nbasturias\/","name":"NBAsturias","image":{"@type":"ImageObject","@id":"https:\/\/eldigitaldeasturias.com\/radio\/el-principado-rehabilitara-la-escuela-de-zurea\/#authorImage","url":"https:\/\/secure.gravatar.com\/avatar\/df2aeffc32bcd13f8d26072ef8a91b623d677766deac7f97ca815868cd41bf5e?s=96&d=mm&r=g","width":96,"height":96,"caption":"NBAsturias"}},{"@type":"WebPage","@id":"https:\/\/eldigitaldeasturias.com\/radio\/el-principado-rehabilitara-la-escuela-de-zurea\/#webpage","url":"https:\/\/eldigitaldeasturias.com\/radio\/el-principado-rehabilitara-la-escuela-de-zurea\/","name":"El Principado rehabilitar\u00e1 la escuela de Zurea | El Digital de Asturias","description":"El Gobierno del Principado contratar\u00e1 un servicio de transporte escolar para que los ocho estudiantes de la escuela de Zurea puedan asistir a clase","inLanguage":"es-ES","isPartOf":{"@id":"https:\/\/eldigitaldeasturias.com\/radio\/#website"},"breadcrumb":{"@id":"https:\/\/eldigitaldeasturias.com\/radio\/el-principado-rehabilitara-la-escuela-de-zurea\/#breadcrumblist"},"author":{"@id":"https:\/\/eldigitaldeasturias.com\/radio\/author\/nbasturias\/#author"},"creator":{"@id":"https:\/\/eldigitaldeasturias.com\/radio\/author\/nbasturias\/#author"},"image":{"@type":"ImageObject","url":"https:\/\/eldigitaldeasturias.com\/radio\/wp-content\/uploads\/2025\/11\/El-Principado-rehabilitara-la-escuela-de-Zurea.jpg","@id":"https:\/\/eldigitaldeasturias.com\/radio\/el-principado-rehabilitara-la-escuela-de-zurea\/#mainImage","width":912,"height":672,"caption":"Foto: Prensa Principado"},"primaryImageOfPage":{"@id":"https:\/\/eldigitaldeasturias.com\/radio\/el-principado-rehabilitara-la-escuela-de-zurea\/#mainImage"},"datePublished":"2025-11-25T15:49:17+01:00","dateModified":"2025-11-25T15:49:39+01:00"},{"@type":"WebSite","@id":"https:\/\/eldigitaldeasturias.com\/radio\/#website","url":"https:\/\/eldigitaldeasturias.com\/radio\/","name":"El Digital de Asturias","description":"Diario de informaci\u00f3n y noticias","inLanguage":"es-ES","publisher":{"@id":"https:\/\/eldigitaldeasturias.com\/radio\/#organization"}}]},"og:locale":"es_ES","og:site_name":"El Digital de Asturias | Diario de informaci\u00f3n y noticias","og:type":"article","og:title":"El Principado rehabilitar\u00e1 la escuela de Zurea | El Digital de Asturias","og:description":"El Gobierno del Principado contratar\u00e1 un servicio de transporte escolar para que los ocho estudiantes de la escuela de Zurea puedan asistir a clase","og:url":"https:\/\/eldigitaldeasturias.com\/radio\/el-principado-rehabilitara-la-escuela-de-zurea\/","og:image":"https:\/\/eldigitaldeasturias.com\/radio\/wp-content\/uploads\/2025\/11\/El-Principado-rehabilitara-la-escuela-de-Zurea.jpg","og:image:secure_url":"https:\/\/eldigitaldeasturias.com\/radio\/wp-content\/uploads\/2025\/11\/El-Principado-rehabilitara-la-escuela-de-Zurea.jpg","og:image:width":912,"og:image:height":672,"article:published_time":"2025-11-25T14:49:17+00:00","article:modified_time":"2025-11-25T14:49:39+00:00","twitter:card":"summary_large_image","twitter:site":"@bercodi","twitter:title":"El Principado rehabilitar\u00e1 la escuela de Zurea | El Digital de Asturias","twitter:description":"El Gobierno del Principado contratar\u00e1 un servicio de transporte escolar para que los ocho estudiantes de la escuela de Zurea puedan asistir a clase","twitter:creator":"@bercodi","twitter:image":"https:\/\/eldigitaldeasturias.com\/radio\/wp-content\/uploads\/2025\/11\/El-Principado-rehabilitara-la-escuela-de-Zurea.jpg"},"aioseo_meta_data":{"post_id":"11867","title":null,"description":"El Gobierno del Principado contratar\u00e1 un servicio de transporte escolar para que los ocho estudiantes de la escuela de Zurea puedan asistir a clase","keywords":null,"keyphrases":{"focus":{"keyphrase":"Principado","score":91,"analysis":{"keyphraseInTitle":{"score":9,"maxScore":9,"error":0},"keyphraseInDescription":{"score":9,"maxScore":9,"error":0},"keyphraseLength":{"score":9,"maxScore":9,"error":0,"length":1},"keyphraseInURL":{"score":5,"maxScore":5,"error":0},"keyphraseInIntroduction":{"score":9,"maxScore":9,"error":0},"keyphraseInSubHeadings":{"score":3,"maxScore":9,"error":1},"keyphraseInImageAlt":{"score":9,"maxScore":9,"error":0},"keywordDensity":{"type":"best","score":9,"maxScore":9,"error":0}}},"additional":[{"keyphrase":"Zurea","score":100,"analysis":{"keyphraseInDescription":{"score":9,"maxScore":9,"error":0},"keyphraseLength":{"score":9,"maxScore":9,"error":0,"length":1},"keyphraseInIntroduction":{"score":9,"maxScore":9,"error":0},"keyphraseInImageAlt":{"score":9,"maxScore":9,"error":0},"keywordDensity":{"type":"best","score":9,"maxScore":9,"error":0}}}]},"primary_term":null,"canonical_url":null,"og_title":null,"og_description":null,"og_object_type":"default","og_image_type":"default","og_image_url":null,"og_image_width":null,"og_image_height":null,"og_image_custom_url":null,"og_image_custom_fields":null,"og_video":"","og_custom_url":null,"og_article_section":null,"og_article_tags":null,"twitter_use_og":false,"twitter_card":"default","twitter_image_type":"default","twitter_image_url":null,"twitter_image_custom_url":null,"twitter_image_custom_fields":null,"twitter_title":null,"twitter_description":null,"schema":{"blockGraphs":[],"customGraphs":[],"default":{"data":{"Article":[],"Course":[],"Dataset":[],"FAQPage":[],"Movie":[],"Person":[],"Product":[],"ProductReview":[],"Car":[],"Recipe":[],"Service":[],"SoftwareApplication":[],"WebPage":[]},"graphName":"NewsArticle","isEnabled":true},"graphs":[]},"schema_type":"default","schema_type_options":null,"pillar_content":false,"robots_default":true,"robots_noindex":false,"robots_noarchive":false,"robots_nosnippet":false,"robots_nofollow":false,"robots_noimageindex":false,"robots_noodp":false,"robots_notranslate":false,"robots_max_snippet":"-1","robots_max_videopreview":"-1","robots_max_imagepreview":"large","priority":null,"frequency":"default","location":null,"local_seo":null,"seo_analyzer_scan_date":"2025-11-25 14:50:46","breadcrumb_settings":null,"limit_modified_date":false,"open_ai":null,"ai":{"faqs":[],"keyPoints":[],"titles":[],"descriptions":[],"socialPosts":{"email":[],"linkedin":[],"twitter":[],"facebook":[],"instagram":[]}},"created":"2025-11-25 14:44:04","updated":"2025-11-25 14:57:28"},"aioseo_breadcrumb":"<div class=\"aioseo-breadcrumbs\"><span class=\"aioseo-breadcrumb\">\n\t<a href=\"https:\/\/eldigitaldeasturias.com\/radio\" title=\"Inicio\">Inicio<\/a>\n<\/span><span class=\"aioseo-breadcrumb-separator\">&ndash;<\/span><span class=\"aioseo-breadcrumb\">\n\t<a href=\"https:\/\/eldigitaldeasturias.com\/radio\/category\/concejos-asturias\/\" title=\"Concejos Asturias\">Concejos Asturias<\/a>\n<\/span><span class=\"aioseo-breadcrumb-separator\">&ndash;<\/span><span class=\"aioseo-breadcrumb\">\n\tEl Principado rehabilitar\u00e1 la escuela de Zurea\n<\/span><\/div>","aioseo_breadcrumb_json":[{"label":"Inicio","link":"https:\/\/eldigitaldeasturias.com\/radio"},{"label":"Concejos Asturias","link":"https:\/\/eldigitaldeasturias.com\/radio\/category\/concejos-asturias\/"},{"label":"El Principado rehabilitar\u00e1 la escuela de Zurea","link":"https:\/\/eldigitaldeasturias.com\/radio\/el-principado-rehabilitara-la-escuela-de-zurea\/"}],"_links":{"self":[{"href":"https:\/\/eldigitaldeasturias.com\/radio\/wp-json\/wp\/v2\/posts\/11867","targetHints":{"allow":["GET"]}}],"collection":[{"href":"https:\/\/eldigitaldeasturias.com\/radio\/wp-json\/wp\/v2\/posts"}],"about":[{"href":"https:\/\/eldigitaldeasturias.com\/radio\/wp-json\/wp\/v2\/types\/post"}],"author":[{"embeddable":true,"href":"https:\/\/eldigitaldeasturias.com\/radio\/wp-json\/wp\/v2\/users\/1"}],"replies":[{"embeddable":true,"href":"https:\/\/eldigitaldeasturias.com\/radio\/wp-json\/wp\/v2\/comments?post=11867"}],"version-history":[{"count":0,"href":"https:\/\/eldigitaldeasturias.com\/radio\/wp-json\/wp\/v2\/posts\/11867\/revisions"}],"wp:featuredmedia":[{"embeddable":true,"href":"https:\/\/eldigitaldeasturias.com\/radio\/wp-json\/wp\/v2\/media\/11868"}],"wp:attachment":[{"href":"https:\/\/eldigitaldeasturias.com\/radio\/wp-json\/wp\/v2\/media?parent=11867"}],"wp:term":[{"taxonomy":"category","embeddable":true,"href":"https:\/\/eldigitaldeasturias.com\/radio\/wp-json\/wp\/v2\/categories?post=11867"},{"taxonomy":"post_tag","embeddable":true,"href":"https:\/\/eldigitaldeasturias.com\/radio\/wp-json\/wp\/v2\/tags?post=11867"}],"curies":[{"name":"wp","href":"https:\/\/api.w.org\/{rel}","templated":true}]}}