{"id":11819,"date":"2025-11-20T15:09:41","date_gmt":"2025-11-20T14:09:41","guid":{"rendered":"https:\/\/eldigitaldeasturias.com\/radio\/?p=11819"},"modified":"2025-11-20T15:09:41","modified_gmt":"2025-11-20T14:09:41","slug":"nuevas-conexiones-de-transporte-desde-oviedo","status":"publish","type":"post","link":"https:\/\/eldigitaldeasturias.com\/radio\/nuevas-conexiones-de-transporte-desde-oviedo\/","title":{"rendered":"Nuevas conexiones de transporte desde Oviedo"},"content":{"rendered":"<p data-start=\"189\" data-end=\"457\">Asturias refuerza las <strong>conexiones de transporte desde <a href=\"https:\/\/eldigitaldeasturias.com\/radio\/category\/concejos-asturias\/\"><span style=\"color: #ff6600;\">Oviedo<\/span><\/a><\/strong> con nuevos servicios del CTA hacia Grado, Salas, Tineo y Cangas del Narcea, ampliando frecuencias en laborables, festivos y fines de semana.<\/p>\n<figure id=\"attachment_11820\" aria-describedby=\"caption-attachment-11820\" style=\"width: 650px\" class=\"wp-caption aligncenter\"><img fetchpriority=\"high\" decoding=\"async\" class=\"size-large wp-image-11820\" src=\"https:\/\/eldigitaldeasturias.com\/radio\/wp-content\/uploads\/2025\/11\/Nuevas-conexiones-de-transporte-desde-Oviedo-650x424.jpg\" alt=\"Nuevas conexiones de transporte desde Oviedo\" width=\"650\" height=\"424\" srcset=\"https:\/\/eldigitaldeasturias.com\/radio\/wp-content\/uploads\/2025\/11\/Nuevas-conexiones-de-transporte-desde-Oviedo-650x424.jpg 650w, https:\/\/eldigitaldeasturias.com\/radio\/wp-content\/uploads\/2025\/11\/Nuevas-conexiones-de-transporte-desde-Oviedo-360x235.jpg 360w, https:\/\/eldigitaldeasturias.com\/radio\/wp-content\/uploads\/2025\/11\/Nuevas-conexiones-de-transporte-desde-Oviedo-768x501.jpg 768w, https:\/\/eldigitaldeasturias.com\/radio\/wp-content\/uploads\/2025\/11\/Nuevas-conexiones-de-transporte-desde-Oviedo-150x98.jpg 150w, https:\/\/eldigitaldeasturias.com\/radio\/wp-content\/uploads\/2025\/11\/Nuevas-conexiones-de-transporte-desde-Oviedo-450x293.jpg 450w, https:\/\/eldigitaldeasturias.com\/radio\/wp-content\/uploads\/2025\/11\/Nuevas-conexiones-de-transporte-desde-Oviedo.jpg 1029w\" sizes=\"(max-width: 650px) 100vw, 650px\" \/><figcaption id=\"caption-attachment-11820\" class=\"wp-caption-text\">Foto: 123rf.com<\/figcaption><\/figure>\n<h2 data-start=\"464\" data-end=\"525\">Nuevos servicios para mejorar la movilidad en el occidente<\/h2>\n<p data-start=\"527\" data-end=\"909\">El <a href=\"https:\/\/actualidad.asturias.es\/\" target=\"_blank\" rel=\"noopener\"><span style=\"color: #ff6600;\"><strong>Gobierno del Principado<\/strong><\/span><\/a> ampl\u00eda la oferta de transporte p\u00fablico entre Oviedo\/Uvi\u00e9u y los concejos de Grado, Salas, Tineo y Cangas del Narcea. El Consorcio de Transportes de Asturias (CTA) pondr\u00e1 en marcha siete nuevos servicios a lo largo de este mes para mejorar la conexi\u00f3n entre la capital y estos cuatro municipios, tanto en d\u00edas laborables como en festivos y fines de semana.<\/p>\n<p data-start=\"911\" data-end=\"1249\">Esta ampliaci\u00f3n busca ofrecer mayor continuidad a lo largo del d\u00eda y responde a los momentos de mayor demanda. <strong>Con ello, el Ejecutivo avanza en su apuesta por una movilidad m\u00e1s sostenible y por una mejor vertebraci\u00f3n territorial, reforzada por la tarifa CONECTA, que permite desplazarse por toda Asturias por un m\u00e1ximo de 30 euros al mes.<\/strong><\/p>\n<p data-start=\"1251\" data-end=\"1493\">El Principado sostiene que la movilidad es un derecho ciudadano que contribuye a la equidad social y territorial, adem\u00e1s de favorecer un modelo de desarrollo m\u00e1s sostenible gracias al impulso del transporte p\u00fablico frente al veh\u00edculo privado.<\/p>\n<h1 data-start=\"1495\" data-end=\"1547\">Refuerzo en rutas hacia Tin\u00e9u y Cangas del Narcea<\/h1>\n<p data-start=\"1549\" data-end=\"1606\">A continuaci\u00f3n, se detallan los nuevos servicios del CTA:<\/p>\n<ul data-start=\"1608\" data-end=\"2174\">\n<li data-start=\"1608\" data-end=\"1871\">\n<p data-start=\"1610\" data-end=\"1871\"><strong data-start=\"1610\" data-end=\"1647\">Oviedo\/Uvi\u00e9u \u2013 Grau\/Grado \u2013 Tin\u00e9u<\/strong><br data-start=\"1647\" data-end=\"1650\" \/>Desde el 24 de noviembre, la l\u00ednea contar\u00e1 con un nuevo servicio a las 7:30 horas, de lunes a viernes, reforzando la conexi\u00f3n en una hora punta laboral. Se suma a los horarios ya existentes de las 6:30 y las 9:00 horas.<\/p>\n<\/li>\n<li data-start=\"1873\" data-end=\"2174\">\n<p data-start=\"1875\" data-end=\"2174\"><strong data-start=\"1875\" data-end=\"1927\">Oviedo\/Uvi\u00e9u \u2013 Salas \u2013 Tin\u00e9u \u2013 Cangas del Narcea<\/strong><br data-start=\"1927\" data-end=\"1930\" \/>La l\u00ednea incorpora dos nuevas frecuencias. La salida desde Oviedo\/Uvi\u00e9u ser\u00e1 a las 7:30 horas y el servicio extra desde Cangas del Narcea partir\u00e1 a las 10:00 horas. Ambas conexiones comenzar\u00e1n a funcionar el fin de semana del 29 de noviembre.<\/p>\n<\/li>\n<\/ul>\n<h2 data-start=\"2176\" data-end=\"2233\">M\u00e1s conexiones con Grado en fines de semana y festivos<\/h2>\n<ul data-start=\"2235\" data-end=\"2579\">\n<li data-start=\"2235\" data-end=\"2579\">\n<p data-start=\"2237\" data-end=\"2479\"><strong data-start=\"2237\" data-end=\"2266\">Oviedo\/Uvi\u00e9u \u2013 Grau\/Grado<\/strong><br data-start=\"2266\" data-end=\"2269\" \/>La ruta entre la capital y Grado, muy concurrida durante los fines de semana por la celebraci\u00f3n del mercado mosc\u00f3n, a\u00f1ade cuatro nuevas conexiones desde el 29 de noviembre, que tambi\u00e9n operar\u00e1n en festivos.<\/p>\n<ul data-start=\"2482\" data-end=\"2579\">\n<li data-start=\"2482\" data-end=\"2533\">\n<p data-start=\"2484\" data-end=\"2533\">Salidas desde Oviedo\/Uvi\u00e9u: 14:00 y 16:15 horas<\/p>\n<\/li>\n<li data-start=\"2536\" data-end=\"2579\">\n<p data-start=\"2538\" data-end=\"2579\">Regresos desde Grado: 14:45 y 15:30 horas<\/p>\n<\/li>\n<\/ul>\n<\/li>\n<\/ul>\n","protected":false},"excerpt":{"rendered":"<p>Asturias refuerza las conexiones de transporte desde Oviedo con nuevos servicios del CTA hacia Grado, Salas, Tineo y Cangas del Narcea, ampliando frecuencias en laborables, festivos y fines de semana. Nuevos servicios para mejorar la movilidad en el occidente El Gobierno del Principado ampl\u00eda la oferta de transporte p\u00fablico entre Oviedo\/Uvi\u00e9u y los concejos de<\/p>\n","protected":false},"author":1,"featured_media":11820,"comment_status":"closed","ping_status":"closed","sticky":false,"template":"","format":"standard","meta":{"footnotes":""},"categories":[145],"tags":[42,120],"class_list":{"0":"post-11819","1":"post","2":"type-post","3":"status-publish","4":"format-standard","5":"has-post-thumbnail","7":"category-concejos-asturias","8":"tag-asturias","9":"tag-oviedo"},"aioseo_notices":[],"aioseo_head":"\n\t\t<!-- All in One SEO Pro 4.9.6.2 - aioseo.com -->\n\t<meta name=\"description\" content=\"Asturias refuerza las conexiones de transporte desde Oviedo con nuevos servicios del CTA hacia Grado, Salas, Tineo y Cangas del Narcea, ampliando frecuencias\" \/>\n\t<meta name=\"robots\" content=\"max-image-preview:large\" \/>\n\t<meta name=\"author\" content=\"NBAsturias\"\/>\n\t<meta name=\"google-site-verification\" content=\"UA-38556648-1\" \/>\n\t<meta name=\"keywords\" content=\"concejos asturias\" \/>\n\t<link rel=\"canonical\" href=\"https:\/\/eldigitaldeasturias.com\/radio\/nuevas-conexiones-de-transporte-desde-oviedo\/\" \/>\n\t<meta name=\"generator\" content=\"All in One SEO Pro (AIOSEO) 4.9.6.2\" \/>\n\t\t<meta property=\"og:locale\" content=\"es_ES\" \/>\n\t\t<meta property=\"og:site_name\" content=\"El Digital de Asturias | Diario de informaci\u00f3n y noticias\" \/>\n\t\t<meta property=\"og:type\" content=\"article\" \/>\n\t\t<meta property=\"og:title\" content=\"Nuevas conexiones de transporte desde Oviedo | El Digital de Asturias\" \/>\n\t\t<meta property=\"og:description\" content=\"Asturias refuerza las conexiones de transporte desde Oviedo con nuevos servicios del CTA hacia Grado, Salas, Tineo y Cangas del Narcea, ampliando frecuencias\" \/>\n\t\t<meta property=\"og:url\" content=\"https:\/\/eldigitaldeasturias.com\/radio\/nuevas-conexiones-de-transporte-desde-oviedo\/\" \/>\n\t\t<meta property=\"og:image\" content=\"https:\/\/eldigitaldeasturias.com\/radio\/wp-content\/uploads\/2025\/11\/Nuevas-conexiones-de-transporte-desde-Oviedo.jpg\" \/>\n\t\t<meta property=\"og:image:secure_url\" content=\"https:\/\/eldigitaldeasturias.com\/radio\/wp-content\/uploads\/2025\/11\/Nuevas-conexiones-de-transporte-desde-Oviedo.jpg\" \/>\n\t\t<meta property=\"og:image:width\" content=\"1029\" \/>\n\t\t<meta property=\"og:image:height\" content=\"671\" \/>\n\t\t<meta property=\"article:published_time\" content=\"2025-11-20T14:09:41+00:00\" \/>\n\t\t<meta property=\"article:modified_time\" content=\"2025-11-20T14:09:41+00:00\" \/>\n\t\t<meta name=\"twitter:card\" content=\"summary_large_image\" \/>\n\t\t<meta name=\"twitter:site\" content=\"@bercodi\" \/>\n\t\t<meta name=\"twitter:title\" content=\"Nuevas conexiones de transporte desde Oviedo | El Digital de Asturias\" \/>\n\t\t<meta name=\"twitter:description\" content=\"Asturias refuerza las conexiones de transporte desde Oviedo con nuevos servicios del CTA hacia Grado, Salas, Tineo y Cangas del Narcea, ampliando frecuencias\" \/>\n\t\t<meta name=\"twitter:creator\" content=\"@bercodi\" \/>\n\t\t<meta name=\"twitter:image\" content=\"https:\/\/eldigitaldeasturias.com\/radio\/wp-content\/uploads\/2025\/11\/Nuevas-conexiones-de-transporte-desde-Oviedo.jpg\" \/>\n\t\t<script type=\"application\/ld+json\" class=\"aioseo-schema\">\n\t\t\t{\"@context\":\"https:\\\/\\\/schema.org\",\"@graph\":[{\"@type\":\"BreadcrumbList\",\"@id\":\"https:\\\/\\\/eldigitaldeasturias.com\\\/radio\\\/nuevas-conexiones-de-transporte-desde-oviedo\\\/#breadcrumblist\",\"itemListElement\":[{\"@type\":\"ListItem\",\"@id\":\"https:\\\/\\\/eldigitaldeasturias.com\\\/radio#listItem\",\"position\":1,\"name\":\"Inicio\",\"item\":\"https:\\\/\\\/eldigitaldeasturias.com\\\/radio\",\"nextItem\":{\"@type\":\"ListItem\",\"@id\":\"https:\\\/\\\/eldigitaldeasturias.com\\\/radio\\\/category\\\/concejos-asturias\\\/#listItem\",\"name\":\"Concejos Asturias\"}},{\"@type\":\"ListItem\",\"@id\":\"https:\\\/\\\/eldigitaldeasturias.com\\\/radio\\\/category\\\/concejos-asturias\\\/#listItem\",\"position\":2,\"name\":\"Concejos Asturias\",\"item\":\"https:\\\/\\\/eldigitaldeasturias.com\\\/radio\\\/category\\\/concejos-asturias\\\/\",\"nextItem\":{\"@type\":\"ListItem\",\"@id\":\"https:\\\/\\\/eldigitaldeasturias.com\\\/radio\\\/nuevas-conexiones-de-transporte-desde-oviedo\\\/#listItem\",\"name\":\"Nuevas conexiones de transporte desde Oviedo\"},\"previousItem\":{\"@type\":\"ListItem\",\"@id\":\"https:\\\/\\\/eldigitaldeasturias.com\\\/radio#listItem\",\"name\":\"Inicio\"}},{\"@type\":\"ListItem\",\"@id\":\"https:\\\/\\\/eldigitaldeasturias.com\\\/radio\\\/nuevas-conexiones-de-transporte-desde-oviedo\\\/#listItem\",\"position\":3,\"name\":\"Nuevas conexiones de transporte desde Oviedo\",\"previousItem\":{\"@type\":\"ListItem\",\"@id\":\"https:\\\/\\\/eldigitaldeasturias.com\\\/radio\\\/category\\\/concejos-asturias\\\/#listItem\",\"name\":\"Concejos Asturias\"}}]},{\"@type\":\"NewsArticle\",\"@id\":\"https:\\\/\\\/eldigitaldeasturias.com\\\/radio\\\/nuevas-conexiones-de-transporte-desde-oviedo\\\/#newsarticle\",\"name\":\"Nuevas conexiones de transporte desde Oviedo | El Digital de Asturias\",\"headline\":\"Nuevas conexiones de transporte desde Oviedo\",\"author\":{\"@id\":\"https:\\\/\\\/eldigitaldeasturias.com\\\/radio\\\/author\\\/nbasturias\\\/#author\"},\"publisher\":{\"@id\":\"https:\\\/\\\/eldigitaldeasturias.com\\\/radio\\\/#organization\"},\"image\":{\"@type\":\"ImageObject\",\"url\":\"https:\\\/\\\/eldigitaldeasturias.com\\\/radio\\\/wp-content\\\/uploads\\\/2025\\\/11\\\/Nuevas-conexiones-de-transporte-desde-Oviedo.jpg\",\"width\":1029,\"height\":671,\"caption\":\"Foto: 123rf.com\"},\"datePublished\":\"2025-11-20T15:09:41+01:00\",\"dateModified\":\"2025-11-20T15:09:41+01:00\",\"inLanguage\":\"es-ES\",\"mainEntityOfPage\":{\"@id\":\"https:\\\/\\\/eldigitaldeasturias.com\\\/radio\\\/nuevas-conexiones-de-transporte-desde-oviedo\\\/#webpage\"},\"isPartOf\":{\"@id\":\"https:\\\/\\\/eldigitaldeasturias.com\\\/radio\\\/nuevas-conexiones-de-transporte-desde-oviedo\\\/#webpage\"},\"articleSection\":\"Concejos Asturias, Asturias, Oviedo\",\"dateline\":\"Publicado el noviembre 20, 2025.\"},{\"@type\":\"Organization\",\"@id\":\"https:\\\/\\\/eldigitaldeasturias.com\\\/radio\\\/#organization\",\"name\":\"El digital de Asturias Radio\",\"description\":\"Diario de informaci\\u00f3n y noticias\",\"url\":\"https:\\\/\\\/eldigitaldeasturias.com\\\/radio\\\/\",\"telephone\":\"+34652131393\",\"logo\":{\"@type\":\"ImageObject\",\"url\":\"https:\\\/\\\/www.eldigitaldeasturias.com\\\/radio\\\/wp-content\\\/uploads\\\/2021\\\/03\\\/EDA.jpg\",\"@id\":\"https:\\\/\\\/eldigitaldeasturias.com\\\/radio\\\/nuevas-conexiones-de-transporte-desde-oviedo\\\/#organizationLogo\"},\"image\":{\"@id\":\"https:\\\/\\\/eldigitaldeasturias.com\\\/radio\\\/nuevas-conexiones-de-transporte-desde-oviedo\\\/#organizationLogo\"},\"sameAs\":[\"https:\\\/\\\/www.facebook.com\\\/\",\"https:\\\/\\\/x.com\\\/bercodi\",\"https:\\\/\\\/www.instagram.com\\\/\",\"https:\\\/\\\/www.youtube.com\\\/channel\\\/UCZP-2wLEB9Rv6erhFmqVnvg\"]},{\"@type\":\"Person\",\"@id\":\"https:\\\/\\\/eldigitaldeasturias.com\\\/radio\\\/author\\\/nbasturias\\\/#author\",\"url\":\"https:\\\/\\\/eldigitaldeasturias.com\\\/radio\\\/author\\\/nbasturias\\\/\",\"name\":\"NBAsturias\",\"image\":{\"@type\":\"ImageObject\",\"@id\":\"https:\\\/\\\/eldigitaldeasturias.com\\\/radio\\\/nuevas-conexiones-de-transporte-desde-oviedo\\\/#authorImage\",\"url\":\"https:\\\/\\\/secure.gravatar.com\\\/avatar\\\/df2aeffc32bcd13f8d26072ef8a91b623d677766deac7f97ca815868cd41bf5e?s=96&d=mm&r=g\",\"width\":96,\"height\":96,\"caption\":\"NBAsturias\"}},{\"@type\":\"WebPage\",\"@id\":\"https:\\\/\\\/eldigitaldeasturias.com\\\/radio\\\/nuevas-conexiones-de-transporte-desde-oviedo\\\/#webpage\",\"url\":\"https:\\\/\\\/eldigitaldeasturias.com\\\/radio\\\/nuevas-conexiones-de-transporte-desde-oviedo\\\/\",\"name\":\"Nuevas conexiones de transporte desde Oviedo | El Digital de Asturias\",\"description\":\"Asturias refuerza las conexiones de transporte desde Oviedo con nuevos servicios del CTA hacia Grado, Salas, Tineo y Cangas del Narcea, ampliando frecuencias\",\"inLanguage\":\"es-ES\",\"isPartOf\":{\"@id\":\"https:\\\/\\\/eldigitaldeasturias.com\\\/radio\\\/#website\"},\"breadcrumb\":{\"@id\":\"https:\\\/\\\/eldigitaldeasturias.com\\\/radio\\\/nuevas-conexiones-de-transporte-desde-oviedo\\\/#breadcrumblist\"},\"author\":{\"@id\":\"https:\\\/\\\/eldigitaldeasturias.com\\\/radio\\\/author\\\/nbasturias\\\/#author\"},\"creator\":{\"@id\":\"https:\\\/\\\/eldigitaldeasturias.com\\\/radio\\\/author\\\/nbasturias\\\/#author\"},\"image\":{\"@type\":\"ImageObject\",\"url\":\"https:\\\/\\\/eldigitaldeasturias.com\\\/radio\\\/wp-content\\\/uploads\\\/2025\\\/11\\\/Nuevas-conexiones-de-transporte-desde-Oviedo.jpg\",\"@id\":\"https:\\\/\\\/eldigitaldeasturias.com\\\/radio\\\/nuevas-conexiones-de-transporte-desde-oviedo\\\/#mainImage\",\"width\":1029,\"height\":671,\"caption\":\"Foto: 123rf.com\"},\"primaryImageOfPage\":{\"@id\":\"https:\\\/\\\/eldigitaldeasturias.com\\\/radio\\\/nuevas-conexiones-de-transporte-desde-oviedo\\\/#mainImage\"},\"datePublished\":\"2025-11-20T15:09:41+01:00\",\"dateModified\":\"2025-11-20T15:09:41+01:00\"},{\"@type\":\"WebSite\",\"@id\":\"https:\\\/\\\/eldigitaldeasturias.com\\\/radio\\\/#website\",\"url\":\"https:\\\/\\\/eldigitaldeasturias.com\\\/radio\\\/\",\"name\":\"El Digital de Asturias\",\"description\":\"Diario de informaci\\u00f3n y noticias\",\"inLanguage\":\"es-ES\",\"publisher\":{\"@id\":\"https:\\\/\\\/eldigitaldeasturias.com\\\/radio\\\/#organization\"}}]}\n\t\t<\/script>\n\t\t<!-- All in One SEO Pro -->\r\n\t\t<title>Nuevas conexiones de transporte desde Oviedo | El Digital de Asturias<\/title>\n\n","aioseo_head_json":{"title":"Nuevas conexiones de transporte desde Oviedo | El Digital de Asturias","description":"Asturias refuerza las conexiones de transporte desde Oviedo con nuevos servicios del CTA hacia Grado, Salas, Tineo y Cangas del Narcea, ampliando frecuencias","canonical_url":"https:\/\/eldigitaldeasturias.com\/radio\/nuevas-conexiones-de-transporte-desde-oviedo\/","robots":"max-image-preview:large","keywords":"concejos asturias","webmasterTools":{"google-site-verification":"UA-38556648-1","miscellaneous":""},"schema":{"@context":"https:\/\/schema.org","@graph":[{"@type":"BreadcrumbList","@id":"https:\/\/eldigitaldeasturias.com\/radio\/nuevas-conexiones-de-transporte-desde-oviedo\/#breadcrumblist","itemListElement":[{"@type":"ListItem","@id":"https:\/\/eldigitaldeasturias.com\/radio#listItem","position":1,"name":"Inicio","item":"https:\/\/eldigitaldeasturias.com\/radio","nextItem":{"@type":"ListItem","@id":"https:\/\/eldigitaldeasturias.com\/radio\/category\/concejos-asturias\/#listItem","name":"Concejos Asturias"}},{"@type":"ListItem","@id":"https:\/\/eldigitaldeasturias.com\/radio\/category\/concejos-asturias\/#listItem","position":2,"name":"Concejos Asturias","item":"https:\/\/eldigitaldeasturias.com\/radio\/category\/concejos-asturias\/","nextItem":{"@type":"ListItem","@id":"https:\/\/eldigitaldeasturias.com\/radio\/nuevas-conexiones-de-transporte-desde-oviedo\/#listItem","name":"Nuevas conexiones de transporte desde Oviedo"},"previousItem":{"@type":"ListItem","@id":"https:\/\/eldigitaldeasturias.com\/radio#listItem","name":"Inicio"}},{"@type":"ListItem","@id":"https:\/\/eldigitaldeasturias.com\/radio\/nuevas-conexiones-de-transporte-desde-oviedo\/#listItem","position":3,"name":"Nuevas conexiones de transporte desde Oviedo","previousItem":{"@type":"ListItem","@id":"https:\/\/eldigitaldeasturias.com\/radio\/category\/concejos-asturias\/#listItem","name":"Concejos Asturias"}}]},{"@type":"NewsArticle","@id":"https:\/\/eldigitaldeasturias.com\/radio\/nuevas-conexiones-de-transporte-desde-oviedo\/#newsarticle","name":"Nuevas conexiones de transporte desde Oviedo | El Digital de Asturias","headline":"Nuevas conexiones de transporte desde Oviedo","author":{"@id":"https:\/\/eldigitaldeasturias.com\/radio\/author\/nbasturias\/#author"},"publisher":{"@id":"https:\/\/eldigitaldeasturias.com\/radio\/#organization"},"image":{"@type":"ImageObject","url":"https:\/\/eldigitaldeasturias.com\/radio\/wp-content\/uploads\/2025\/11\/Nuevas-conexiones-de-transporte-desde-Oviedo.jpg","width":1029,"height":671,"caption":"Foto: 123rf.com"},"datePublished":"2025-11-20T15:09:41+01:00","dateModified":"2025-11-20T15:09:41+01:00","inLanguage":"es-ES","mainEntityOfPage":{"@id":"https:\/\/eldigitaldeasturias.com\/radio\/nuevas-conexiones-de-transporte-desde-oviedo\/#webpage"},"isPartOf":{"@id":"https:\/\/eldigitaldeasturias.com\/radio\/nuevas-conexiones-de-transporte-desde-oviedo\/#webpage"},"articleSection":"Concejos Asturias, Asturias, Oviedo","dateline":"Publicado el noviembre 20, 2025."},{"@type":"Organization","@id":"https:\/\/eldigitaldeasturias.com\/radio\/#organization","name":"El digital de Asturias Radio","description":"Diario de informaci\u00f3n y noticias","url":"https:\/\/eldigitaldeasturias.com\/radio\/","telephone":"+34652131393","logo":{"@type":"ImageObject","url":"https:\/\/www.eldigitaldeasturias.com\/radio\/wp-content\/uploads\/2021\/03\/EDA.jpg","@id":"https:\/\/eldigitaldeasturias.com\/radio\/nuevas-conexiones-de-transporte-desde-oviedo\/#organizationLogo"},"image":{"@id":"https:\/\/eldigitaldeasturias.com\/radio\/nuevas-conexiones-de-transporte-desde-oviedo\/#organizationLogo"},"sameAs":["https:\/\/www.facebook.com\/","https:\/\/x.com\/bercodi","https:\/\/www.instagram.com\/","https:\/\/www.youtube.com\/channel\/UCZP-2wLEB9Rv6erhFmqVnvg"]},{"@type":"Person","@id":"https:\/\/eldigitaldeasturias.com\/radio\/author\/nbasturias\/#author","url":"https:\/\/eldigitaldeasturias.com\/radio\/author\/nbasturias\/","name":"NBAsturias","image":{"@type":"ImageObject","@id":"https:\/\/eldigitaldeasturias.com\/radio\/nuevas-conexiones-de-transporte-desde-oviedo\/#authorImage","url":"https:\/\/secure.gravatar.com\/avatar\/df2aeffc32bcd13f8d26072ef8a91b623d677766deac7f97ca815868cd41bf5e?s=96&d=mm&r=g","width":96,"height":96,"caption":"NBAsturias"}},{"@type":"WebPage","@id":"https:\/\/eldigitaldeasturias.com\/radio\/nuevas-conexiones-de-transporte-desde-oviedo\/#webpage","url":"https:\/\/eldigitaldeasturias.com\/radio\/nuevas-conexiones-de-transporte-desde-oviedo\/","name":"Nuevas conexiones de transporte desde Oviedo | El Digital de Asturias","description":"Asturias refuerza las conexiones de transporte desde Oviedo con nuevos servicios del CTA hacia Grado, Salas, Tineo y Cangas del Narcea, ampliando frecuencias","inLanguage":"es-ES","isPartOf":{"@id":"https:\/\/eldigitaldeasturias.com\/radio\/#website"},"breadcrumb":{"@id":"https:\/\/eldigitaldeasturias.com\/radio\/nuevas-conexiones-de-transporte-desde-oviedo\/#breadcrumblist"},"author":{"@id":"https:\/\/eldigitaldeasturias.com\/radio\/author\/nbasturias\/#author"},"creator":{"@id":"https:\/\/eldigitaldeasturias.com\/radio\/author\/nbasturias\/#author"},"image":{"@type":"ImageObject","url":"https:\/\/eldigitaldeasturias.com\/radio\/wp-content\/uploads\/2025\/11\/Nuevas-conexiones-de-transporte-desde-Oviedo.jpg","@id":"https:\/\/eldigitaldeasturias.com\/radio\/nuevas-conexiones-de-transporte-desde-oviedo\/#mainImage","width":1029,"height":671,"caption":"Foto: 123rf.com"},"primaryImageOfPage":{"@id":"https:\/\/eldigitaldeasturias.com\/radio\/nuevas-conexiones-de-transporte-desde-oviedo\/#mainImage"},"datePublished":"2025-11-20T15:09:41+01:00","dateModified":"2025-11-20T15:09:41+01:00"},{"@type":"WebSite","@id":"https:\/\/eldigitaldeasturias.com\/radio\/#website","url":"https:\/\/eldigitaldeasturias.com\/radio\/","name":"El Digital de Asturias","description":"Diario de informaci\u00f3n y noticias","inLanguage":"es-ES","publisher":{"@id":"https:\/\/eldigitaldeasturias.com\/radio\/#organization"}}]},"og:locale":"es_ES","og:site_name":"El Digital de Asturias | Diario de informaci\u00f3n y noticias","og:type":"article","og:title":"Nuevas conexiones de transporte desde Oviedo | El Digital de Asturias","og:description":"Asturias refuerza las conexiones de transporte desde Oviedo con nuevos servicios del CTA hacia Grado, Salas, Tineo y Cangas del Narcea, ampliando frecuencias","og:url":"https:\/\/eldigitaldeasturias.com\/radio\/nuevas-conexiones-de-transporte-desde-oviedo\/","og:image":"https:\/\/eldigitaldeasturias.com\/radio\/wp-content\/uploads\/2025\/11\/Nuevas-conexiones-de-transporte-desde-Oviedo.jpg","og:image:secure_url":"https:\/\/eldigitaldeasturias.com\/radio\/wp-content\/uploads\/2025\/11\/Nuevas-conexiones-de-transporte-desde-Oviedo.jpg","og:image:width":1029,"og:image:height":671,"article:published_time":"2025-11-20T14:09:41+00:00","article:modified_time":"2025-11-20T14:09:41+00:00","twitter:card":"summary_large_image","twitter:site":"@bercodi","twitter:title":"Nuevas conexiones de transporte desde Oviedo | El Digital de Asturias","twitter:description":"Asturias refuerza las conexiones de transporte desde Oviedo con nuevos servicios del CTA hacia Grado, Salas, Tineo y Cangas del Narcea, ampliando frecuencias","twitter:creator":"@bercodi","twitter:image":"https:\/\/eldigitaldeasturias.com\/radio\/wp-content\/uploads\/2025\/11\/Nuevas-conexiones-de-transporte-desde-Oviedo.jpg"},"aioseo_meta_data":{"post_id":"11819","title":null,"description":"Asturias refuerza las conexiones de transporte desde Oviedo con nuevos servicios del CTA hacia Grado, Salas, Tineo y Cangas del Narcea, ampliando frecuencias","keywords":null,"keyphrases":{"focus":{"keyphrase":"Oviedo","score":91,"analysis":{"keyphraseInTitle":{"score":9,"maxScore":9,"error":0},"keyphraseInDescription":{"score":9,"maxScore":9,"error":0},"keyphraseLength":{"score":9,"maxScore":9,"error":0,"length":1},"keyphraseInURL":{"score":5,"maxScore":5,"error":0},"keyphraseInIntroduction":{"score":9,"maxScore":9,"error":0},"keyphraseInSubHeadings":{"score":3,"maxScore":9,"error":1},"keyphraseInImageAlt":{"score":9,"maxScore":9,"error":0},"keywordDensity":{"type":"best","score":9,"maxScore":9,"error":0}}},"additional":[{"keyphrase":"Oviedo","score":100,"analysis":{"keyphraseInDescription":{"score":9,"maxScore":9,"error":0},"keyphraseLength":{"score":9,"maxScore":9,"error":0,"length":1},"keyphraseInIntroduction":{"score":9,"maxScore":9,"error":0},"keyphraseInImageAlt":{"score":9,"maxScore":9,"error":0},"keywordDensity":{"type":"best","score":9,"maxScore":9,"error":0}}}]},"primary_term":null,"canonical_url":null,"og_title":null,"og_description":null,"og_object_type":"default","og_image_type":"default","og_image_url":null,"og_image_width":null,"og_image_height":null,"og_image_custom_url":null,"og_image_custom_fields":null,"og_video":"","og_custom_url":null,"og_article_section":null,"og_article_tags":null,"twitter_use_og":false,"twitter_card":"default","twitter_image_type":"default","twitter_image_url":null,"twitter_image_custom_url":null,"twitter_image_custom_fields":null,"twitter_title":null,"twitter_description":null,"schema":{"blockGraphs":[],"customGraphs":[],"default":{"data":{"Article":[],"Course":[],"Dataset":[],"FAQPage":[],"Movie":[],"Person":[],"Product":[],"ProductReview":[],"Car":[],"Recipe":[],"Service":[],"SoftwareApplication":[],"WebPage":[]},"graphName":"NewsArticle","isEnabled":true},"graphs":[]},"schema_type":"default","schema_type_options":null,"pillar_content":false,"robots_default":true,"robots_noindex":false,"robots_noarchive":false,"robots_nosnippet":false,"robots_nofollow":false,"robots_noimageindex":false,"robots_noodp":false,"robots_notranslate":false,"robots_max_snippet":"-1","robots_max_videopreview":"-1","robots_max_imagepreview":"large","priority":null,"frequency":"default","location":null,"local_seo":null,"seo_analyzer_scan_date":"2025-11-20 14:17:07","breadcrumb_settings":null,"limit_modified_date":false,"open_ai":null,"ai":{"faqs":[],"keyPoints":[],"titles":[],"descriptions":[],"socialPosts":{"email":[],"linkedin":[],"twitter":[],"facebook":[],"instagram":[]}},"created":"2025-11-20 14:02:55","updated":"2025-11-20 14:17:07"},"aioseo_breadcrumb":"<div class=\"aioseo-breadcrumbs\"><span class=\"aioseo-breadcrumb\">\n\t<a href=\"https:\/\/eldigitaldeasturias.com\/radio\" title=\"Inicio\">Inicio<\/a>\n<\/span><span class=\"aioseo-breadcrumb-separator\">&ndash;<\/span><span class=\"aioseo-breadcrumb\">\n\t<a href=\"https:\/\/eldigitaldeasturias.com\/radio\/category\/concejos-asturias\/\" title=\"Concejos Asturias\">Concejos Asturias<\/a>\n<\/span><span class=\"aioseo-breadcrumb-separator\">&ndash;<\/span><span class=\"aioseo-breadcrumb\">\n\tNuevas conexiones de transporte desde Oviedo\n<\/span><\/div>","aioseo_breadcrumb_json":[{"label":"Inicio","link":"https:\/\/eldigitaldeasturias.com\/radio"},{"label":"Concejos Asturias","link":"https:\/\/eldigitaldeasturias.com\/radio\/category\/concejos-asturias\/"},{"label":"Nuevas conexiones de transporte desde Oviedo","link":"https:\/\/eldigitaldeasturias.com\/radio\/nuevas-conexiones-de-transporte-desde-oviedo\/"}],"_links":{"self":[{"href":"https:\/\/eldigitaldeasturias.com\/radio\/wp-json\/wp\/v2\/posts\/11819","targetHints":{"allow":["GET"]}}],"collection":[{"href":"https:\/\/eldigitaldeasturias.com\/radio\/wp-json\/wp\/v2\/posts"}],"about":[{"href":"https:\/\/eldigitaldeasturias.com\/radio\/wp-json\/wp\/v2\/types\/post"}],"author":[{"embeddable":true,"href":"https:\/\/eldigitaldeasturias.com\/radio\/wp-json\/wp\/v2\/users\/1"}],"replies":[{"embeddable":true,"href":"https:\/\/eldigitaldeasturias.com\/radio\/wp-json\/wp\/v2\/comments?post=11819"}],"version-history":[{"count":0,"href":"https:\/\/eldigitaldeasturias.com\/radio\/wp-json\/wp\/v2\/posts\/11819\/revisions"}],"wp:featuredmedia":[{"embeddable":true,"href":"https:\/\/eldigitaldeasturias.com\/radio\/wp-json\/wp\/v2\/media\/11820"}],"wp:attachment":[{"href":"https:\/\/eldigitaldeasturias.com\/radio\/wp-json\/wp\/v2\/media?parent=11819"}],"wp:term":[{"taxonomy":"category","embeddable":true,"href":"https:\/\/eldigitaldeasturias.com\/radio\/wp-json\/wp\/v2\/categories?post=11819"},{"taxonomy":"post_tag","embeddable":true,"href":"https:\/\/eldigitaldeasturias.com\/radio\/wp-json\/wp\/v2\/tags?post=11819"}],"curies":[{"name":"wp","href":"https:\/\/api.w.org\/{rel}","templated":true}]}}