{"id":11804,"date":"2025-11-18T17:09:44","date_gmt":"2025-11-18T16:09:44","guid":{"rendered":"https:\/\/eldigitaldeasturias.com\/radio\/?p=11804"},"modified":"2025-11-18T17:09:44","modified_gmt":"2025-11-18T16:09:44","slug":"la-malateria-sera-rehabilitada-en-oviedo","status":"publish","type":"post","link":"https:\/\/eldigitaldeasturias.com\/radio\/la-malateria-sera-rehabilitada-en-oviedo\/","title":{"rendered":"La Malater\u00eda ser\u00e1 rehabilitada en Oviedo"},"content":{"rendered":"<p>El proyecto Dame tira, ganador del concurso Europan 18, servir\u00e1 de base para rehabilitar <strong>La Malater\u00eda en <a href=\"https:\/\/eldigitaldeasturias.com\/radio\/category\/concejos-asturias\/\"><span style=\"color: #ff6600;\">Oviedo<\/span><\/a><\/strong>, donde se prev\u00e9n al menos 30 viviendas de alquiler asequible.<\/p>\n<p><img fetchpriority=\"high\" decoding=\"async\" class=\"aligncenter size-large wp-image-11805\" src=\"https:\/\/eldigitaldeasturias.com\/radio\/wp-content\/uploads\/2025\/11\/La-Malateria-sera-rehabilitada-en-Oviedo-650x362.jpg\" alt=\"La Malater\u00eda ser\u00e1 rehabilitada en Oviedo\" width=\"650\" height=\"362\" srcset=\"https:\/\/eldigitaldeasturias.com\/radio\/wp-content\/uploads\/2025\/11\/La-Malateria-sera-rehabilitada-en-Oviedo-650x362.jpg 650w, https:\/\/eldigitaldeasturias.com\/radio\/wp-content\/uploads\/2025\/11\/La-Malateria-sera-rehabilitada-en-Oviedo-360x201.jpg 360w, https:\/\/eldigitaldeasturias.com\/radio\/wp-content\/uploads\/2025\/11\/La-Malateria-sera-rehabilitada-en-Oviedo-768x428.jpg 768w, https:\/\/eldigitaldeasturias.com\/radio\/wp-content\/uploads\/2025\/11\/La-Malateria-sera-rehabilitada-en-Oviedo-150x84.jpg 150w, https:\/\/eldigitaldeasturias.com\/radio\/wp-content\/uploads\/2025\/11\/La-Malateria-sera-rehabilitada-en-Oviedo-450x251.jpg 450w, https:\/\/eldigitaldeasturias.com\/radio\/wp-content\/uploads\/2025\/11\/La-Malateria-sera-rehabilitada-en-Oviedo.jpg 1121w\" sizes=\"(max-width: 650px) 100vw, 650px\" \/><\/p>\n<h2>Un proyecto ganador para recuperar un edificio emblem\u00e1tico<\/h2>\n<p>La Malater\u00eda ser\u00e1 rehabilitada en Oviedo\/Uvi\u00e9u a partir de la propuesta Dame tira, que ha resultado ganadora en el concurso Europan 18. El proyecto, elaborado por cuatro j\u00f3venes arquitectos asturianos, ser\u00e1 el punto de partida para recuperar el edificio y darle un uso social.<\/p>\n<p>El consejero de Ordenaci\u00f3n de Territorio, Urbanismo, Vivienda y Derechos Ciudadanos, Ovidio Zapico, present\u00f3 la propuesta al alcalde Alfredo Canteli y destac\u00f3 que el <span style=\"color: #ff6600;\"><a style=\"color: #ff6600;\" href=\"https:\/\/actualidad.asturias.es\/\" target=\"_blank\" rel=\"noopener\"><strong>Principado<\/strong><\/a><\/span> tiene \u201cmotivos para estar satisfecho\u201d con el fallo del jurado.<\/p>\n<p>Zapico record\u00f3 que, desde el inicio de la legislatura, el Gobierno auton\u00f3mico apost\u00f3 por una soluci\u00f3n consensuada con el Ayuntamiento y con colectivos vecinales y sociales. El objetivo: preservar el valor patrimonial del inmueble y, al mismo tiempo, destinarlo a un uso \u00fatil para la ciudad.<\/p>\n<h2>Previstas m\u00e1s de 30 viviendas de alquiler asequible<\/h2>\n<p><strong>El proyecto Dame tira es obra de los arquitectos Jordi Juanola, Mar\u00eda Fern\u00e1ndez Herrero, Juan Burgos y Antonio Burgos<\/strong>, cuyo estudio, con sede en Siero, trabajar\u00e1 ahora con la Direcci\u00f3n General de Vivienda en la redacci\u00f3n del proyecto definitivo.<\/p>\n<p>La actuaci\u00f3n prev\u00e9 construir al menos 30 viviendas destinadas \u00edntegramente al alquiler asequible. La fase t\u00e9cnica se desarrollar\u00e1 durante el pr\u00f3ximo a\u00f1o y, una vez concluida, se licitar\u00e1n las obras.<\/p>\n<p><strong>El consejero no concret\u00f3 fechas, aunque se\u00f1al\u00f3 que la intenci\u00f3n del Gobierno es que los trabajos comiencen antes de que termine la legislatura.<\/strong> Tambi\u00e9n destac\u00f3 el trabajo conjunto entre administraciones y la participaci\u00f3n vecinal. \u201cEs una buena noticia no solo para el barrio, sino para todo Oviedo\u201d, afirm\u00f3.<\/p>\n","protected":false},"excerpt":{"rendered":"<p>El proyecto Dame tira, ganador del concurso Europan 18, servir\u00e1 de base para rehabilitar La Malater\u00eda en Oviedo, donde se prev\u00e9n al menos 30 viviendas de alquiler asequible. Un proyecto ganador para recuperar un edificio emblem\u00e1tico La Malater\u00eda ser\u00e1 rehabilitada en Oviedo\/Uvi\u00e9u a partir de la propuesta Dame tira, que ha resultado ganadora en el<\/p>\n","protected":false},"author":1,"featured_media":11805,"comment_status":"closed","ping_status":"closed","sticky":false,"template":"","format":"standard","meta":{"footnotes":""},"categories":[145],"tags":[120],"class_list":{"0":"post-11804","1":"post","2":"type-post","3":"status-publish","4":"format-standard","5":"has-post-thumbnail","7":"category-concejos-asturias","8":"tag-oviedo"},"aioseo_notices":[],"aioseo_head":"\n\t\t<!-- All in One SEO Pro 4.9.6.2 - aioseo.com -->\n\t<meta name=\"description\" content=\"El proyecto Dame tira, ganador del concurso Europan 18, servir\u00e1 de base para rehabilitar La Malater\u00eda en Oviedo, donde se prev\u00e9n al menos 30 viviendas\" \/>\n\t<meta name=\"robots\" content=\"max-image-preview:large\" \/>\n\t<meta name=\"author\" content=\"NBAsturias\"\/>\n\t<meta name=\"google-site-verification\" content=\"UA-38556648-1\" \/>\n\t<meta name=\"keywords\" content=\"concejos asturias\" \/>\n\t<link rel=\"canonical\" href=\"https:\/\/eldigitaldeasturias.com\/radio\/la-malateria-sera-rehabilitada-en-oviedo\/\" \/>\n\t<meta name=\"generator\" content=\"All in One SEO Pro (AIOSEO) 4.9.6.2\" \/>\n\t\t<meta property=\"og:locale\" content=\"es_ES\" \/>\n\t\t<meta property=\"og:site_name\" content=\"El Digital de Asturias | Diario de informaci\u00f3n y noticias\" \/>\n\t\t<meta property=\"og:type\" content=\"article\" \/>\n\t\t<meta property=\"og:title\" content=\"La Malater\u00eda ser\u00e1 rehabilitada en Oviedo | El Digital de Asturias\" \/>\n\t\t<meta property=\"og:description\" content=\"El proyecto Dame tira, ganador del concurso Europan 18, servir\u00e1 de base para rehabilitar La Malater\u00eda en Oviedo, donde se prev\u00e9n al menos 30 viviendas\" \/>\n\t\t<meta property=\"og:url\" content=\"https:\/\/eldigitaldeasturias.com\/radio\/la-malateria-sera-rehabilitada-en-oviedo\/\" \/>\n\t\t<meta property=\"og:image\" content=\"https:\/\/eldigitaldeasturias.com\/radio\/wp-content\/uploads\/2025\/11\/La-Malateria-sera-rehabilitada-en-Oviedo.jpg\" \/>\n\t\t<meta property=\"og:image:secure_url\" content=\"https:\/\/eldigitaldeasturias.com\/radio\/wp-content\/uploads\/2025\/11\/La-Malateria-sera-rehabilitada-en-Oviedo.jpg\" \/>\n\t\t<meta property=\"og:image:width\" content=\"1121\" \/>\n\t\t<meta property=\"og:image:height\" content=\"625\" \/>\n\t\t<meta property=\"article:published_time\" content=\"2025-11-18T16:09:44+00:00\" \/>\n\t\t<meta property=\"article:modified_time\" content=\"2025-11-18T16:09:44+00:00\" \/>\n\t\t<meta name=\"twitter:card\" content=\"summary_large_image\" \/>\n\t\t<meta name=\"twitter:site\" content=\"@bercodi\" \/>\n\t\t<meta name=\"twitter:title\" content=\"La Malater\u00eda ser\u00e1 rehabilitada en Oviedo | El Digital de Asturias\" \/>\n\t\t<meta name=\"twitter:description\" content=\"El proyecto Dame tira, ganador del concurso Europan 18, servir\u00e1 de base para rehabilitar La Malater\u00eda en Oviedo, donde se prev\u00e9n al menos 30 viviendas\" \/>\n\t\t<meta name=\"twitter:creator\" content=\"@bercodi\" \/>\n\t\t<meta name=\"twitter:image\" content=\"https:\/\/eldigitaldeasturias.com\/radio\/wp-content\/uploads\/2025\/11\/La-Malateria-sera-rehabilitada-en-Oviedo.jpg\" \/>\n\t\t<script type=\"application\/ld+json\" class=\"aioseo-schema\">\n\t\t\t{\"@context\":\"https:\\\/\\\/schema.org\",\"@graph\":[{\"@type\":\"BreadcrumbList\",\"@id\":\"https:\\\/\\\/eldigitaldeasturias.com\\\/radio\\\/la-malateria-sera-rehabilitada-en-oviedo\\\/#breadcrumblist\",\"itemListElement\":[{\"@type\":\"ListItem\",\"@id\":\"https:\\\/\\\/eldigitaldeasturias.com\\\/radio#listItem\",\"position\":1,\"name\":\"Inicio\",\"item\":\"https:\\\/\\\/eldigitaldeasturias.com\\\/radio\",\"nextItem\":{\"@type\":\"ListItem\",\"@id\":\"https:\\\/\\\/eldigitaldeasturias.com\\\/radio\\\/category\\\/concejos-asturias\\\/#listItem\",\"name\":\"Concejos Asturias\"}},{\"@type\":\"ListItem\",\"@id\":\"https:\\\/\\\/eldigitaldeasturias.com\\\/radio\\\/category\\\/concejos-asturias\\\/#listItem\",\"position\":2,\"name\":\"Concejos Asturias\",\"item\":\"https:\\\/\\\/eldigitaldeasturias.com\\\/radio\\\/category\\\/concejos-asturias\\\/\",\"nextItem\":{\"@type\":\"ListItem\",\"@id\":\"https:\\\/\\\/eldigitaldeasturias.com\\\/radio\\\/la-malateria-sera-rehabilitada-en-oviedo\\\/#listItem\",\"name\":\"La Malater\\u00eda ser\\u00e1 rehabilitada en Oviedo\"},\"previousItem\":{\"@type\":\"ListItem\",\"@id\":\"https:\\\/\\\/eldigitaldeasturias.com\\\/radio#listItem\",\"name\":\"Inicio\"}},{\"@type\":\"ListItem\",\"@id\":\"https:\\\/\\\/eldigitaldeasturias.com\\\/radio\\\/la-malateria-sera-rehabilitada-en-oviedo\\\/#listItem\",\"position\":3,\"name\":\"La Malater\\u00eda ser\\u00e1 rehabilitada en Oviedo\",\"previousItem\":{\"@type\":\"ListItem\",\"@id\":\"https:\\\/\\\/eldigitaldeasturias.com\\\/radio\\\/category\\\/concejos-asturias\\\/#listItem\",\"name\":\"Concejos Asturias\"}}]},{\"@type\":\"NewsArticle\",\"@id\":\"https:\\\/\\\/eldigitaldeasturias.com\\\/radio\\\/la-malateria-sera-rehabilitada-en-oviedo\\\/#newsarticle\",\"name\":\"La Malater\\u00eda ser\\u00e1 rehabilitada en Oviedo | El Digital de Asturias\",\"headline\":\"La Malater\\u00eda ser\\u00e1 rehabilitada en Oviedo\",\"author\":{\"@id\":\"https:\\\/\\\/eldigitaldeasturias.com\\\/radio\\\/author\\\/nbasturias\\\/#author\"},\"publisher\":{\"@id\":\"https:\\\/\\\/eldigitaldeasturias.com\\\/radio\\\/#organization\"},\"image\":{\"@type\":\"ImageObject\",\"url\":\"https:\\\/\\\/eldigitaldeasturias.com\\\/radio\\\/wp-content\\\/uploads\\\/2025\\\/11\\\/La-Malateria-sera-rehabilitada-en-Oviedo.jpg\",\"width\":1121,\"height\":625,\"caption\":\"La Malater\\u00eda ser\\u00e1 rehabilitada en Oviedo\"},\"datePublished\":\"2025-11-18T17:09:44+01:00\",\"dateModified\":\"2025-11-18T17:09:44+01:00\",\"inLanguage\":\"es-ES\",\"mainEntityOfPage\":{\"@id\":\"https:\\\/\\\/eldigitaldeasturias.com\\\/radio\\\/la-malateria-sera-rehabilitada-en-oviedo\\\/#webpage\"},\"isPartOf\":{\"@id\":\"https:\\\/\\\/eldigitaldeasturias.com\\\/radio\\\/la-malateria-sera-rehabilitada-en-oviedo\\\/#webpage\"},\"articleSection\":\"Concejos Asturias, Oviedo\",\"dateline\":\"Publicado el noviembre 18, 2025.\"},{\"@type\":\"Organization\",\"@id\":\"https:\\\/\\\/eldigitaldeasturias.com\\\/radio\\\/#organization\",\"name\":\"El digital de Asturias Radio\",\"description\":\"Diario de informaci\\u00f3n y noticias\",\"url\":\"https:\\\/\\\/eldigitaldeasturias.com\\\/radio\\\/\",\"telephone\":\"+34652131393\",\"logo\":{\"@type\":\"ImageObject\",\"url\":\"https:\\\/\\\/www.eldigitaldeasturias.com\\\/radio\\\/wp-content\\\/uploads\\\/2021\\\/03\\\/EDA.jpg\",\"@id\":\"https:\\\/\\\/eldigitaldeasturias.com\\\/radio\\\/la-malateria-sera-rehabilitada-en-oviedo\\\/#organizationLogo\"},\"image\":{\"@id\":\"https:\\\/\\\/eldigitaldeasturias.com\\\/radio\\\/la-malateria-sera-rehabilitada-en-oviedo\\\/#organizationLogo\"},\"sameAs\":[\"https:\\\/\\\/www.facebook.com\\\/\",\"https:\\\/\\\/x.com\\\/bercodi\",\"https:\\\/\\\/www.instagram.com\\\/\",\"https:\\\/\\\/www.youtube.com\\\/channel\\\/UCZP-2wLEB9Rv6erhFmqVnvg\"]},{\"@type\":\"Person\",\"@id\":\"https:\\\/\\\/eldigitaldeasturias.com\\\/radio\\\/author\\\/nbasturias\\\/#author\",\"url\":\"https:\\\/\\\/eldigitaldeasturias.com\\\/radio\\\/author\\\/nbasturias\\\/\",\"name\":\"NBAsturias\",\"image\":{\"@type\":\"ImageObject\",\"@id\":\"https:\\\/\\\/eldigitaldeasturias.com\\\/radio\\\/la-malateria-sera-rehabilitada-en-oviedo\\\/#authorImage\",\"url\":\"https:\\\/\\\/secure.gravatar.com\\\/avatar\\\/df2aeffc32bcd13f8d26072ef8a91b623d677766deac7f97ca815868cd41bf5e?s=96&d=mm&r=g\",\"width\":96,\"height\":96,\"caption\":\"NBAsturias\"}},{\"@type\":\"WebPage\",\"@id\":\"https:\\\/\\\/eldigitaldeasturias.com\\\/radio\\\/la-malateria-sera-rehabilitada-en-oviedo\\\/#webpage\",\"url\":\"https:\\\/\\\/eldigitaldeasturias.com\\\/radio\\\/la-malateria-sera-rehabilitada-en-oviedo\\\/\",\"name\":\"La Malater\\u00eda ser\\u00e1 rehabilitada en Oviedo | El Digital de Asturias\",\"description\":\"El proyecto Dame tira, ganador del concurso Europan 18, servir\\u00e1 de base para rehabilitar La Malater\\u00eda en Oviedo, donde se prev\\u00e9n al menos 30 viviendas\",\"inLanguage\":\"es-ES\",\"isPartOf\":{\"@id\":\"https:\\\/\\\/eldigitaldeasturias.com\\\/radio\\\/#website\"},\"breadcrumb\":{\"@id\":\"https:\\\/\\\/eldigitaldeasturias.com\\\/radio\\\/la-malateria-sera-rehabilitada-en-oviedo\\\/#breadcrumblist\"},\"author\":{\"@id\":\"https:\\\/\\\/eldigitaldeasturias.com\\\/radio\\\/author\\\/nbasturias\\\/#author\"},\"creator\":{\"@id\":\"https:\\\/\\\/eldigitaldeasturias.com\\\/radio\\\/author\\\/nbasturias\\\/#author\"},\"image\":{\"@type\":\"ImageObject\",\"url\":\"https:\\\/\\\/eldigitaldeasturias.com\\\/radio\\\/wp-content\\\/uploads\\\/2025\\\/11\\\/La-Malateria-sera-rehabilitada-en-Oviedo.jpg\",\"@id\":\"https:\\\/\\\/eldigitaldeasturias.com\\\/radio\\\/la-malateria-sera-rehabilitada-en-oviedo\\\/#mainImage\",\"width\":1121,\"height\":625,\"caption\":\"La Malater\\u00eda ser\\u00e1 rehabilitada en Oviedo\"},\"primaryImageOfPage\":{\"@id\":\"https:\\\/\\\/eldigitaldeasturias.com\\\/radio\\\/la-malateria-sera-rehabilitada-en-oviedo\\\/#mainImage\"},\"datePublished\":\"2025-11-18T17:09:44+01:00\",\"dateModified\":\"2025-11-18T17:09:44+01:00\"},{\"@type\":\"WebSite\",\"@id\":\"https:\\\/\\\/eldigitaldeasturias.com\\\/radio\\\/#website\",\"url\":\"https:\\\/\\\/eldigitaldeasturias.com\\\/radio\\\/\",\"name\":\"El Digital de Asturias\",\"description\":\"Diario de informaci\\u00f3n y noticias\",\"inLanguage\":\"es-ES\",\"publisher\":{\"@id\":\"https:\\\/\\\/eldigitaldeasturias.com\\\/radio\\\/#organization\"}}]}\n\t\t<\/script>\n\t\t<!-- All in One SEO Pro -->\r\n\t\t<title>La Malater\u00eda ser\u00e1 rehabilitada en Oviedo | El Digital de Asturias<\/title>\n\n","aioseo_head_json":{"title":"La Malater\u00eda ser\u00e1 rehabilitada en Oviedo | El Digital de Asturias","description":"El proyecto Dame tira, ganador del concurso Europan 18, servir\u00e1 de base para rehabilitar La Malater\u00eda en Oviedo, donde se prev\u00e9n al menos 30 viviendas","canonical_url":"https:\/\/eldigitaldeasturias.com\/radio\/la-malateria-sera-rehabilitada-en-oviedo\/","robots":"max-image-preview:large","keywords":"concejos asturias","webmasterTools":{"google-site-verification":"UA-38556648-1","miscellaneous":""},"schema":{"@context":"https:\/\/schema.org","@graph":[{"@type":"BreadcrumbList","@id":"https:\/\/eldigitaldeasturias.com\/radio\/la-malateria-sera-rehabilitada-en-oviedo\/#breadcrumblist","itemListElement":[{"@type":"ListItem","@id":"https:\/\/eldigitaldeasturias.com\/radio#listItem","position":1,"name":"Inicio","item":"https:\/\/eldigitaldeasturias.com\/radio","nextItem":{"@type":"ListItem","@id":"https:\/\/eldigitaldeasturias.com\/radio\/category\/concejos-asturias\/#listItem","name":"Concejos Asturias"}},{"@type":"ListItem","@id":"https:\/\/eldigitaldeasturias.com\/radio\/category\/concejos-asturias\/#listItem","position":2,"name":"Concejos Asturias","item":"https:\/\/eldigitaldeasturias.com\/radio\/category\/concejos-asturias\/","nextItem":{"@type":"ListItem","@id":"https:\/\/eldigitaldeasturias.com\/radio\/la-malateria-sera-rehabilitada-en-oviedo\/#listItem","name":"La Malater\u00eda ser\u00e1 rehabilitada en Oviedo"},"previousItem":{"@type":"ListItem","@id":"https:\/\/eldigitaldeasturias.com\/radio#listItem","name":"Inicio"}},{"@type":"ListItem","@id":"https:\/\/eldigitaldeasturias.com\/radio\/la-malateria-sera-rehabilitada-en-oviedo\/#listItem","position":3,"name":"La Malater\u00eda ser\u00e1 rehabilitada en Oviedo","previousItem":{"@type":"ListItem","@id":"https:\/\/eldigitaldeasturias.com\/radio\/category\/concejos-asturias\/#listItem","name":"Concejos Asturias"}}]},{"@type":"NewsArticle","@id":"https:\/\/eldigitaldeasturias.com\/radio\/la-malateria-sera-rehabilitada-en-oviedo\/#newsarticle","name":"La Malater\u00eda ser\u00e1 rehabilitada en Oviedo | El Digital de Asturias","headline":"La Malater\u00eda ser\u00e1 rehabilitada en Oviedo","author":{"@id":"https:\/\/eldigitaldeasturias.com\/radio\/author\/nbasturias\/#author"},"publisher":{"@id":"https:\/\/eldigitaldeasturias.com\/radio\/#organization"},"image":{"@type":"ImageObject","url":"https:\/\/eldigitaldeasturias.com\/radio\/wp-content\/uploads\/2025\/11\/La-Malateria-sera-rehabilitada-en-Oviedo.jpg","width":1121,"height":625,"caption":"La Malater\u00eda ser\u00e1 rehabilitada en Oviedo"},"datePublished":"2025-11-18T17:09:44+01:00","dateModified":"2025-11-18T17:09:44+01:00","inLanguage":"es-ES","mainEntityOfPage":{"@id":"https:\/\/eldigitaldeasturias.com\/radio\/la-malateria-sera-rehabilitada-en-oviedo\/#webpage"},"isPartOf":{"@id":"https:\/\/eldigitaldeasturias.com\/radio\/la-malateria-sera-rehabilitada-en-oviedo\/#webpage"},"articleSection":"Concejos Asturias, Oviedo","dateline":"Publicado el noviembre 18, 2025."},{"@type":"Organization","@id":"https:\/\/eldigitaldeasturias.com\/radio\/#organization","name":"El digital de Asturias Radio","description":"Diario de informaci\u00f3n y noticias","url":"https:\/\/eldigitaldeasturias.com\/radio\/","telephone":"+34652131393","logo":{"@type":"ImageObject","url":"https:\/\/www.eldigitaldeasturias.com\/radio\/wp-content\/uploads\/2021\/03\/EDA.jpg","@id":"https:\/\/eldigitaldeasturias.com\/radio\/la-malateria-sera-rehabilitada-en-oviedo\/#organizationLogo"},"image":{"@id":"https:\/\/eldigitaldeasturias.com\/radio\/la-malateria-sera-rehabilitada-en-oviedo\/#organizationLogo"},"sameAs":["https:\/\/www.facebook.com\/","https:\/\/x.com\/bercodi","https:\/\/www.instagram.com\/","https:\/\/www.youtube.com\/channel\/UCZP-2wLEB9Rv6erhFmqVnvg"]},{"@type":"Person","@id":"https:\/\/eldigitaldeasturias.com\/radio\/author\/nbasturias\/#author","url":"https:\/\/eldigitaldeasturias.com\/radio\/author\/nbasturias\/","name":"NBAsturias","image":{"@type":"ImageObject","@id":"https:\/\/eldigitaldeasturias.com\/radio\/la-malateria-sera-rehabilitada-en-oviedo\/#authorImage","url":"https:\/\/secure.gravatar.com\/avatar\/df2aeffc32bcd13f8d26072ef8a91b623d677766deac7f97ca815868cd41bf5e?s=96&d=mm&r=g","width":96,"height":96,"caption":"NBAsturias"}},{"@type":"WebPage","@id":"https:\/\/eldigitaldeasturias.com\/radio\/la-malateria-sera-rehabilitada-en-oviedo\/#webpage","url":"https:\/\/eldigitaldeasturias.com\/radio\/la-malateria-sera-rehabilitada-en-oviedo\/","name":"La Malater\u00eda ser\u00e1 rehabilitada en Oviedo | El Digital de Asturias","description":"El proyecto Dame tira, ganador del concurso Europan 18, servir\u00e1 de base para rehabilitar La Malater\u00eda en Oviedo, donde se prev\u00e9n al menos 30 viviendas","inLanguage":"es-ES","isPartOf":{"@id":"https:\/\/eldigitaldeasturias.com\/radio\/#website"},"breadcrumb":{"@id":"https:\/\/eldigitaldeasturias.com\/radio\/la-malateria-sera-rehabilitada-en-oviedo\/#breadcrumblist"},"author":{"@id":"https:\/\/eldigitaldeasturias.com\/radio\/author\/nbasturias\/#author"},"creator":{"@id":"https:\/\/eldigitaldeasturias.com\/radio\/author\/nbasturias\/#author"},"image":{"@type":"ImageObject","url":"https:\/\/eldigitaldeasturias.com\/radio\/wp-content\/uploads\/2025\/11\/La-Malateria-sera-rehabilitada-en-Oviedo.jpg","@id":"https:\/\/eldigitaldeasturias.com\/radio\/la-malateria-sera-rehabilitada-en-oviedo\/#mainImage","width":1121,"height":625,"caption":"La Malater\u00eda ser\u00e1 rehabilitada en Oviedo"},"primaryImageOfPage":{"@id":"https:\/\/eldigitaldeasturias.com\/radio\/la-malateria-sera-rehabilitada-en-oviedo\/#mainImage"},"datePublished":"2025-11-18T17:09:44+01:00","dateModified":"2025-11-18T17:09:44+01:00"},{"@type":"WebSite","@id":"https:\/\/eldigitaldeasturias.com\/radio\/#website","url":"https:\/\/eldigitaldeasturias.com\/radio\/","name":"El Digital de Asturias","description":"Diario de informaci\u00f3n y noticias","inLanguage":"es-ES","publisher":{"@id":"https:\/\/eldigitaldeasturias.com\/radio\/#organization"}}]},"og:locale":"es_ES","og:site_name":"El Digital de Asturias | Diario de informaci\u00f3n y noticias","og:type":"article","og:title":"La Malater\u00eda ser\u00e1 rehabilitada en Oviedo | El Digital de Asturias","og:description":"El proyecto Dame tira, ganador del concurso Europan 18, servir\u00e1 de base para rehabilitar La Malater\u00eda en Oviedo, donde se prev\u00e9n al menos 30 viviendas","og:url":"https:\/\/eldigitaldeasturias.com\/radio\/la-malateria-sera-rehabilitada-en-oviedo\/","og:image":"https:\/\/eldigitaldeasturias.com\/radio\/wp-content\/uploads\/2025\/11\/La-Malateria-sera-rehabilitada-en-Oviedo.jpg","og:image:secure_url":"https:\/\/eldigitaldeasturias.com\/radio\/wp-content\/uploads\/2025\/11\/La-Malateria-sera-rehabilitada-en-Oviedo.jpg","og:image:width":1121,"og:image:height":625,"article:published_time":"2025-11-18T16:09:44+00:00","article:modified_time":"2025-11-18T16:09:44+00:00","twitter:card":"summary_large_image","twitter:site":"@bercodi","twitter:title":"La Malater\u00eda ser\u00e1 rehabilitada en Oviedo | El Digital de Asturias","twitter:description":"El proyecto Dame tira, ganador del concurso Europan 18, servir\u00e1 de base para rehabilitar La Malater\u00eda en Oviedo, donde se prev\u00e9n al menos 30 viviendas","twitter:creator":"@bercodi","twitter:image":"https:\/\/eldigitaldeasturias.com\/radio\/wp-content\/uploads\/2025\/11\/La-Malateria-sera-rehabilitada-en-Oviedo.jpg"},"aioseo_meta_data":{"post_id":"11804","title":null,"description":"El proyecto Dame tira, ganador del concurso Europan 18, servir\u00e1 de base para rehabilitar La Malater\u00eda en Oviedo, donde se prev\u00e9n al menos 30 viviendas","keywords":null,"keyphrases":{"focus":{"keyphrase":"Oviedo","score":91,"analysis":{"keyphraseInTitle":{"score":9,"maxScore":9,"error":0},"keyphraseInDescription":{"score":9,"maxScore":9,"error":0},"keyphraseLength":{"score":9,"maxScore":9,"error":0,"length":1},"keyphraseInURL":{"score":5,"maxScore":5,"error":0},"keyphraseInIntroduction":{"score":9,"maxScore":9,"error":0},"keyphraseInSubHeadings":{"score":3,"maxScore":9,"error":1},"keyphraseInImageAlt":{"score":9,"maxScore":9,"error":0},"keywordDensity":{"type":"best","score":9,"maxScore":9,"error":0}}},"additional":[{"keyphrase":"La Malater\u00eda","score":100,"analysis":{"keyphraseInDescription":{"score":9,"maxScore":9,"error":0},"keyphraseLength":{"score":9,"maxScore":9,"error":0,"length":3},"keyphraseInIntroduction":{"score":9,"maxScore":9,"error":0},"keyphraseInImageAlt":{"score":9,"maxScore":9,"error":0},"keywordDensity":{"type":"best","score":9,"maxScore":9,"error":0}}}]},"primary_term":null,"canonical_url":null,"og_title":null,"og_description":null,"og_object_type":"default","og_image_type":"default","og_image_url":null,"og_image_width":null,"og_image_height":null,"og_image_custom_url":null,"og_image_custom_fields":null,"og_video":"","og_custom_url":null,"og_article_section":null,"og_article_tags":null,"twitter_use_og":false,"twitter_card":"default","twitter_image_type":"default","twitter_image_url":null,"twitter_image_custom_url":null,"twitter_image_custom_fields":null,"twitter_title":null,"twitter_description":null,"schema":{"blockGraphs":[],"customGraphs":[],"default":{"data":{"Article":[],"Course":[],"Dataset":[],"FAQPage":[],"Movie":[],"Person":[],"Product":[],"ProductReview":[],"Car":[],"Recipe":[],"Service":[],"SoftwareApplication":[],"WebPage":[]},"graphName":"NewsArticle","isEnabled":true},"graphs":[]},"schema_type":"default","schema_type_options":null,"pillar_content":false,"robots_default":true,"robots_noindex":false,"robots_noarchive":false,"robots_nosnippet":false,"robots_nofollow":false,"robots_noimageindex":false,"robots_noodp":false,"robots_notranslate":false,"robots_max_snippet":"-1","robots_max_videopreview":"-1","robots_max_imagepreview":"large","priority":null,"frequency":"default","location":null,"local_seo":null,"seo_analyzer_scan_date":"2025-11-18 16:21:22","breadcrumb_settings":null,"limit_modified_date":false,"open_ai":null,"ai":{"faqs":[],"keyPoints":[],"titles":[],"descriptions":[],"socialPosts":{"email":[],"linkedin":[],"twitter":[],"facebook":[],"instagram":[]}},"created":"2025-11-18 15:38:09","updated":"2025-11-18 16:21:22"},"aioseo_breadcrumb":"<div class=\"aioseo-breadcrumbs\"><span class=\"aioseo-breadcrumb\">\n\t<a href=\"https:\/\/eldigitaldeasturias.com\/radio\" title=\"Inicio\">Inicio<\/a>\n<\/span><span class=\"aioseo-breadcrumb-separator\">&ndash;<\/span><span class=\"aioseo-breadcrumb\">\n\t<a href=\"https:\/\/eldigitaldeasturias.com\/radio\/category\/concejos-asturias\/\" title=\"Concejos Asturias\">Concejos Asturias<\/a>\n<\/span><span class=\"aioseo-breadcrumb-separator\">&ndash;<\/span><span class=\"aioseo-breadcrumb\">\n\tLa Malater\u00eda ser\u00e1 rehabilitada en Oviedo\n<\/span><\/div>","aioseo_breadcrumb_json":[{"label":"Inicio","link":"https:\/\/eldigitaldeasturias.com\/radio"},{"label":"Concejos Asturias","link":"https:\/\/eldigitaldeasturias.com\/radio\/category\/concejos-asturias\/"},{"label":"La Malater\u00eda ser\u00e1 rehabilitada en Oviedo","link":"https:\/\/eldigitaldeasturias.com\/radio\/la-malateria-sera-rehabilitada-en-oviedo\/"}],"_links":{"self":[{"href":"https:\/\/eldigitaldeasturias.com\/radio\/wp-json\/wp\/v2\/posts\/11804","targetHints":{"allow":["GET"]}}],"collection":[{"href":"https:\/\/eldigitaldeasturias.com\/radio\/wp-json\/wp\/v2\/posts"}],"about":[{"href":"https:\/\/eldigitaldeasturias.com\/radio\/wp-json\/wp\/v2\/types\/post"}],"author":[{"embeddable":true,"href":"https:\/\/eldigitaldeasturias.com\/radio\/wp-json\/wp\/v2\/users\/1"}],"replies":[{"embeddable":true,"href":"https:\/\/eldigitaldeasturias.com\/radio\/wp-json\/wp\/v2\/comments?post=11804"}],"version-history":[{"count":0,"href":"https:\/\/eldigitaldeasturias.com\/radio\/wp-json\/wp\/v2\/posts\/11804\/revisions"}],"wp:featuredmedia":[{"embeddable":true,"href":"https:\/\/eldigitaldeasturias.com\/radio\/wp-json\/wp\/v2\/media\/11805"}],"wp:attachment":[{"href":"https:\/\/eldigitaldeasturias.com\/radio\/wp-json\/wp\/v2\/media?parent=11804"}],"wp:term":[{"taxonomy":"category","embeddable":true,"href":"https:\/\/eldigitaldeasturias.com\/radio\/wp-json\/wp\/v2\/categories?post=11804"},{"taxonomy":"post_tag","embeddable":true,"href":"https:\/\/eldigitaldeasturias.com\/radio\/wp-json\/wp\/v2\/tags?post=11804"}],"curies":[{"name":"wp","href":"https:\/\/api.w.org\/{rel}","templated":true}]}}