{"id":11767,"date":"2025-11-13T19:59:13","date_gmt":"2025-11-13T18:59:13","guid":{"rendered":"https:\/\/eldigitaldeasturias.com\/radio\/?p=11767"},"modified":"2025-11-13T19:59:13","modified_gmt":"2025-11-13T18:59:13","slug":"cocina-agil-con-sabor-real-para-el-dia-a-dia","status":"publish","type":"post","link":"https:\/\/eldigitaldeasturias.com\/radio\/cocina-agil-con-sabor-real-para-el-dia-a-dia\/","title":{"rendered":"Cocina \u00e1gil con sabor real para el d\u00eda a d\u00eda"},"content":{"rendered":"<p data-start=\"621\" data-end=\"808\">La <a href=\"https:\/\/eldigitaldeasturias.com\/radio\/category\/gastronomia\/\"><span style=\"color: #ff6600;\"><strong>cocina diaria<\/strong><\/span><\/a> no tiene por qu\u00e9 ser complicada. Con algunos h\u00e1bitos sencillos es posible conseguir platos r\u00e1pidos, equilibrados y con sabor real sin dedicar horas.<\/p>\n<figure id=\"attachment_11768\" aria-describedby=\"caption-attachment-11768\" style=\"width: 650px\" class=\"wp-caption aligncenter\"><img fetchpriority=\"high\" decoding=\"async\" class=\"size-large wp-image-11768\" src=\"https:\/\/eldigitaldeasturias.com\/radio\/wp-content\/uploads\/2025\/11\/Cocina-agil-con-sabor-real-para-el-dia-a-dia-650x434.jpg\" alt=\"Cocina \u00e1gil con sabor real para el d\u00eda a d\u00eda\" width=\"650\" height=\"434\" srcset=\"https:\/\/eldigitaldeasturias.com\/radio\/wp-content\/uploads\/2025\/11\/Cocina-agil-con-sabor-real-para-el-dia-a-dia-650x434.jpg 650w, https:\/\/eldigitaldeasturias.com\/radio\/wp-content\/uploads\/2025\/11\/Cocina-agil-con-sabor-real-para-el-dia-a-dia-360x240.jpg 360w, https:\/\/eldigitaldeasturias.com\/radio\/wp-content\/uploads\/2025\/11\/Cocina-agil-con-sabor-real-para-el-dia-a-dia-768x512.jpg 768w, https:\/\/eldigitaldeasturias.com\/radio\/wp-content\/uploads\/2025\/11\/Cocina-agil-con-sabor-real-para-el-dia-a-dia-150x100.jpg 150w, https:\/\/eldigitaldeasturias.com\/radio\/wp-content\/uploads\/2025\/11\/Cocina-agil-con-sabor-real-para-el-dia-a-dia-450x300.jpg 450w, https:\/\/eldigitaldeasturias.com\/radio\/wp-content\/uploads\/2025\/11\/Cocina-agil-con-sabor-real-para-el-dia-a-dia.jpg 1021w\" sizes=\"(max-width: 650px) 100vw, 650px\" \/><figcaption id=\"caption-attachment-11768\" class=\"wp-caption-text\">Foto: 123rf.com<\/figcaption><\/figure>\n<p data-start=\"810\" data-end=\"1239\">Hay d\u00edas en los que uno llega a casa sin demasiada energ\u00eda para cocinar, pero tampoco quiere recurrir a cualquier cosa. A partir de cierta edad, y especialmente cuando se busca vivir con algo m\u00e1s de calma, la cocina pasa a ser un espacio pr\u00e1ctico: debe alimentar, sentar bien y ajustarse al tiempo disponible. La clave est\u00e1 en encontrar una forma de cocinar que no exija esfuerzo y que, aun as\u00ed, mantenga el sabor que uno espera.<\/p>\n<p data-start=\"1241\" data-end=\"1580\">La cocina \u00e1gil no es la cocina r\u00e1pida de siempre. No es improvisar, ni calentar cualquier cosa, ni renunciar al gusto. Es m\u00e1s bien una forma de organizarse para llegar a la mesa con platos sensatos, apetecibles y f\u00e1ciles de gestionar. No hace falta ser un experto ni tener una despensa perfecta; solo entender qu\u00e9 funciona en la vida real.<\/p>\n<h1 data-start=\"1587\" data-end=\"1619\"><strong data-start=\"1590\" data-end=\"1619\">Organizar sin complicarse<\/strong><\/h1>\n<p data-start=\"1621\" data-end=\"1961\">Muchos creen que cocinar de forma \u00e1gil implica llenar el congelador o pasar la tarde del domingo preparando t\u00e1pers. No tiene por qu\u00e9 ser as\u00ed. En realidad, la cocina diaria mejora much\u00edsimo cuando uno simplifica el proceso. La organizaci\u00f3n empieza por tener claro qu\u00e9 ingredientes funcionan siempre y permiten improvisar sin caer en el caos.<\/p>\n<p data-start=\"1963\" data-end=\"2247\">Verduras que aguantan bien la semana, prote\u00ednas f\u00e1ciles de cocinar y un par de hidratos vers\u00e1tiles marcan la diferencia. Con eso, el margen de maniobra se ampl\u00eda: un salteado r\u00e1pido, un plato a la plancha, una crema ligera o una ensalada con fundamento. No hace falta complicarse m\u00e1s.<\/p>\n<p data-start=\"2249\" data-end=\"2569\">La clave est\u00e1 en <strong data-start=\"2266\" data-end=\"2296\">no partir de cero cada d\u00eda<\/strong>. Quien vive en lugares como Cand\u00e1s, Carre\u00f1o o cualquier pueblo o ciudad del mundo sabe que el tiempo libre no abunda, y que la cocina debe adaptarse al ritmo real, no al ideal. Tener productos \u201ccomod\u00edn\u201d permite resolver una cena en diez minutos sin renunciar a comer bien.<\/p>\n<p data-start=\"2571\" data-end=\"2819\">Otra ventaja de la organizaci\u00f3n m\u00ednima es que evita caer en compras impulsivas. A cierta edad, uno agradece m\u00e1s tener una despensa pensada que un mont\u00f3n de ingredientes que caducan. La madurez tambi\u00e9n se nota en la cocina: menos ruido, m\u00e1s sentido.<\/p>\n<h2 data-start=\"2826\" data-end=\"2851\"><strong data-start=\"2829\" data-end=\"2851\">Sabor sin esfuerzo<\/strong><\/h2>\n<p data-start=\"2853\" data-end=\"3013\">La cocina \u00e1gil busca el equilibrio perfecto entre rapidez y sabor. Y para eso no hacen falta recetas complicadas, sino peque\u00f1os trucos que acompa\u00f1an el proceso.<\/p>\n<p data-start=\"3015\" data-end=\"3316\">El primero es <strong data-start=\"3029\" data-end=\"3055\">cocinar con fuego vivo<\/strong>. Las verduras quedan m\u00e1s sabrosas, el salteado gana textura y se reduce el tiempo total. El segundo es <strong data-start=\"3159\" data-end=\"3187\">usar condimentos simples<\/strong> que eleven una preparaci\u00f3n b\u00e1sica: un buen aceite, hierbas que ya uses de forma habitual o un toque de especia que no enmascara.<\/p>\n<p data-start=\"3318\" data-end=\"3601\">A partir de los 45, los paladares suelen buscar menos artificio y m\u00e1s autenticidad. Lo que se agradece es el sabor claro, el alimento que sienta bien y la digesti\u00f3n ligera. Un plato equilibrado y sencillo es m\u00e1s agradable \u2014y m\u00e1s saludable\u2014 que uno lleno de ingredientes innecesarios.<\/p>\n<p data-start=\"3603\" data-end=\"3865\">Tambi\u00e9n funciona muy bien combinar t\u00e9cnicas r\u00e1pidas:<br data-start=\"3655\" data-end=\"3658\" \/>saltear, hornear con tiempo corto, cocinar al vapor o plancha. Son m\u00e9todos que respetan los alimentos y reducen el estr\u00e9s en la cocina. La agilidad no est\u00e1 en renunciar a cocinar, sino en cocinar con l\u00f3gica.<\/p>\n<h2 data-start=\"3872\" data-end=\"3926\"><strong data-start=\"3875\" data-end=\"3926\">Cocinar para vivir mejor, no para perder tiempo<\/strong><\/h2>\n<p data-start=\"3928\" data-end=\"4236\">En la etapa adulta, la cocina puede convertirse en una aliada del bienestar. No hace falta que sea un ritual perfecto. Basta con que sea sostenible y agradable. Cocinar un plato sencillo despu\u00e9s de un d\u00eda entero puede ser un acto de cuidado personal, siempre que no se convierta en otra obligaci\u00f3n que agote.<\/p>\n<p data-start=\"4238\" data-end=\"4511\">La cocina \u00e1gil encaja en cualquier hogar del mundo. Se adapta tanto a quien vive solo como a quien cocina para dos, para una familia o incluso para quienes alternan semanas intensas con semanas m\u00e1s tranquilas. El denominador com\u00fan es el mismo: comer bien sin perder tiempo.<\/p>\n<p data-start=\"4513\" data-end=\"4842\">Hay algo interesante en esta forma de cocinar: hace que la comida vuelva a tener sentido. No se trata de pasar horas en la cocina, sino de crear un peque\u00f1o espacio diario que reconforta. Da igual si uno vive en <a href=\"https:\/\/candas365.es\/noticias\/category\/noticias-carreno\/\" target=\"_blank\" rel=\"noopener\"><span style=\"color: #ff6600;\"><strong>Cand\u00e1s<\/strong><\/span><\/a>, en Madrid o en una gran ciudad; la sensaci\u00f3n de llegar a la mesa con un plato sencillo y sabroso es universal.<\/p>\n<p data-start=\"4844\" data-end=\"5105\">La cocina \u00e1gil no pretende ser perfecta. Lo \u00fanico que busca es convivir con la vida real, no con una versi\u00f3n idealizada de ella. Comer con sentido, cocinar sin estr\u00e9s y mantener el sabor intacto. Eso ya es suficiente para considerarlo un peque\u00f1o lujo cotidiano.<\/p>\n","protected":false},"excerpt":{"rendered":"<p>La cocina diaria no tiene por qu\u00e9 ser complicada. Con algunos h\u00e1bitos sencillos es posible conseguir platos r\u00e1pidos, equilibrados y con sabor real sin dedicar horas. Hay d\u00edas en los que uno llega a casa sin demasiada energ\u00eda para cocinar, pero tampoco quiere recurrir a cualquier cosa. A partir de cierta edad, y especialmente cuando<\/p>\n","protected":false},"author":1,"featured_media":11768,"comment_status":"closed","ping_status":"closed","sticky":false,"template":"","format":"standard","meta":{"footnotes":""},"categories":[144],"tags":[107],"class_list":{"0":"post-11767","1":"post","2":"type-post","3":"status-publish","4":"format-standard","5":"has-post-thumbnail","7":"category-gastronomia","8":"tag-sabores"},"aioseo_notices":[],"aioseo_head":"\n\t\t<!-- All in One SEO Pro 4.9.6.2 - aioseo.com -->\n\t<meta name=\"description\" content=\"La cocina diaria no tiene por qu\u00e9 ser complicada. Con algunos h\u00e1bitos sencillos es posible conseguir platos r\u00e1pidos, equilibrados y con sabor real\" \/>\n\t<meta name=\"robots\" content=\"max-image-preview:large\" \/>\n\t<meta name=\"author\" content=\"NBAsturias\"\/>\n\t<meta name=\"google-site-verification\" content=\"UA-38556648-1\" \/>\n\t<meta name=\"keywords\" content=\"gastronom\u00eda\" \/>\n\t<link rel=\"canonical\" href=\"https:\/\/eldigitaldeasturias.com\/radio\/cocina-agil-con-sabor-real-para-el-dia-a-dia\/\" \/>\n\t<meta name=\"generator\" content=\"All in One SEO Pro (AIOSEO) 4.9.6.2\" \/>\n\t\t<meta property=\"og:locale\" content=\"es_ES\" \/>\n\t\t<meta property=\"og:site_name\" content=\"El Digital de Asturias | Diario de informaci\u00f3n y noticias\" \/>\n\t\t<meta property=\"og:type\" content=\"article\" \/>\n\t\t<meta property=\"og:title\" content=\"Cocina \u00e1gil con sabor real para el d\u00eda a d\u00eda | El Digital de Asturias\" \/>\n\t\t<meta property=\"og:description\" content=\"La cocina diaria no tiene por qu\u00e9 ser complicada. Con algunos h\u00e1bitos sencillos es posible conseguir platos r\u00e1pidos, equilibrados y con sabor real\" \/>\n\t\t<meta property=\"og:url\" content=\"https:\/\/eldigitaldeasturias.com\/radio\/cocina-agil-con-sabor-real-para-el-dia-a-dia\/\" \/>\n\t\t<meta property=\"og:image\" content=\"https:\/\/eldigitaldeasturias.com\/radio\/wp-content\/uploads\/2025\/11\/Cocina-agil-con-sabor-real-para-el-dia-a-dia.jpg\" \/>\n\t\t<meta property=\"og:image:secure_url\" content=\"https:\/\/eldigitaldeasturias.com\/radio\/wp-content\/uploads\/2025\/11\/Cocina-agil-con-sabor-real-para-el-dia-a-dia.jpg\" \/>\n\t\t<meta property=\"og:image:width\" content=\"1021\" \/>\n\t\t<meta property=\"og:image:height\" content=\"681\" \/>\n\t\t<meta property=\"article:published_time\" content=\"2025-11-13T18:59:13+00:00\" \/>\n\t\t<meta property=\"article:modified_time\" content=\"2025-11-13T18:59:13+00:00\" \/>\n\t\t<meta name=\"twitter:card\" content=\"summary_large_image\" \/>\n\t\t<meta name=\"twitter:site\" content=\"@bercodi\" \/>\n\t\t<meta name=\"twitter:title\" content=\"Cocina \u00e1gil con sabor real para el d\u00eda a d\u00eda | El Digital de Asturias\" \/>\n\t\t<meta name=\"twitter:description\" content=\"La cocina diaria no tiene por qu\u00e9 ser complicada. Con algunos h\u00e1bitos sencillos es posible conseguir platos r\u00e1pidos, equilibrados y con sabor real\" \/>\n\t\t<meta name=\"twitter:creator\" content=\"@bercodi\" \/>\n\t\t<meta name=\"twitter:image\" content=\"https:\/\/eldigitaldeasturias.com\/radio\/wp-content\/uploads\/2025\/11\/Cocina-agil-con-sabor-real-para-el-dia-a-dia.jpg\" \/>\n\t\t<script type=\"application\/ld+json\" class=\"aioseo-schema\">\n\t\t\t{\"@context\":\"https:\\\/\\\/schema.org\",\"@graph\":[{\"@type\":\"BreadcrumbList\",\"@id\":\"https:\\\/\\\/eldigitaldeasturias.com\\\/radio\\\/cocina-agil-con-sabor-real-para-el-dia-a-dia\\\/#breadcrumblist\",\"itemListElement\":[{\"@type\":\"ListItem\",\"@id\":\"https:\\\/\\\/eldigitaldeasturias.com\\\/radio#listItem\",\"position\":1,\"name\":\"Inicio\",\"item\":\"https:\\\/\\\/eldigitaldeasturias.com\\\/radio\",\"nextItem\":{\"@type\":\"ListItem\",\"@id\":\"https:\\\/\\\/eldigitaldeasturias.com\\\/radio\\\/category\\\/gastronomia\\\/#listItem\",\"name\":\"Gastronom\\u00eda\"}},{\"@type\":\"ListItem\",\"@id\":\"https:\\\/\\\/eldigitaldeasturias.com\\\/radio\\\/category\\\/gastronomia\\\/#listItem\",\"position\":2,\"name\":\"Gastronom\\u00eda\",\"item\":\"https:\\\/\\\/eldigitaldeasturias.com\\\/radio\\\/category\\\/gastronomia\\\/\",\"nextItem\":{\"@type\":\"ListItem\",\"@id\":\"https:\\\/\\\/eldigitaldeasturias.com\\\/radio\\\/cocina-agil-con-sabor-real-para-el-dia-a-dia\\\/#listItem\",\"name\":\"Cocina \\u00e1gil con sabor real para el d\\u00eda a d\\u00eda\"},\"previousItem\":{\"@type\":\"ListItem\",\"@id\":\"https:\\\/\\\/eldigitaldeasturias.com\\\/radio#listItem\",\"name\":\"Inicio\"}},{\"@type\":\"ListItem\",\"@id\":\"https:\\\/\\\/eldigitaldeasturias.com\\\/radio\\\/cocina-agil-con-sabor-real-para-el-dia-a-dia\\\/#listItem\",\"position\":3,\"name\":\"Cocina \\u00e1gil con sabor real para el d\\u00eda a d\\u00eda\",\"previousItem\":{\"@type\":\"ListItem\",\"@id\":\"https:\\\/\\\/eldigitaldeasturias.com\\\/radio\\\/category\\\/gastronomia\\\/#listItem\",\"name\":\"Gastronom\\u00eda\"}}]},{\"@type\":\"NewsArticle\",\"@id\":\"https:\\\/\\\/eldigitaldeasturias.com\\\/radio\\\/cocina-agil-con-sabor-real-para-el-dia-a-dia\\\/#newsarticle\",\"name\":\"Cocina \\u00e1gil con sabor real para el d\\u00eda a d\\u00eda | El Digital de Asturias\",\"headline\":\"Cocina \\u00e1gil con sabor real para el d\\u00eda a d\\u00eda\",\"author\":{\"@id\":\"https:\\\/\\\/eldigitaldeasturias.com\\\/radio\\\/author\\\/nbasturias\\\/#author\"},\"publisher\":{\"@id\":\"https:\\\/\\\/eldigitaldeasturias.com\\\/radio\\\/#organization\"},\"image\":{\"@type\":\"ImageObject\",\"url\":\"https:\\\/\\\/eldigitaldeasturias.com\\\/radio\\\/wp-content\\\/uploads\\\/2025\\\/11\\\/Cocina-agil-con-sabor-real-para-el-dia-a-dia.jpg\",\"width\":1021,\"height\":681,\"caption\":\"Foto: 123rf.com\"},\"datePublished\":\"2025-11-13T19:59:13+01:00\",\"dateModified\":\"2025-11-13T19:59:13+01:00\",\"inLanguage\":\"es-ES\",\"mainEntityOfPage\":{\"@id\":\"https:\\\/\\\/eldigitaldeasturias.com\\\/radio\\\/cocina-agil-con-sabor-real-para-el-dia-a-dia\\\/#webpage\"},\"isPartOf\":{\"@id\":\"https:\\\/\\\/eldigitaldeasturias.com\\\/radio\\\/cocina-agil-con-sabor-real-para-el-dia-a-dia\\\/#webpage\"},\"articleSection\":\"Gastronom\\u00eda, sabores\",\"dateline\":\"Publicado el noviembre 13, 2025.\"},{\"@type\":\"Organization\",\"@id\":\"https:\\\/\\\/eldigitaldeasturias.com\\\/radio\\\/#organization\",\"name\":\"El digital de Asturias Radio\",\"description\":\"Diario de informaci\\u00f3n y noticias\",\"url\":\"https:\\\/\\\/eldigitaldeasturias.com\\\/radio\\\/\",\"telephone\":\"+34652131393\",\"logo\":{\"@type\":\"ImageObject\",\"url\":\"https:\\\/\\\/www.eldigitaldeasturias.com\\\/radio\\\/wp-content\\\/uploads\\\/2021\\\/03\\\/EDA.jpg\",\"@id\":\"https:\\\/\\\/eldigitaldeasturias.com\\\/radio\\\/cocina-agil-con-sabor-real-para-el-dia-a-dia\\\/#organizationLogo\"},\"image\":{\"@id\":\"https:\\\/\\\/eldigitaldeasturias.com\\\/radio\\\/cocina-agil-con-sabor-real-para-el-dia-a-dia\\\/#organizationLogo\"},\"sameAs\":[\"https:\\\/\\\/www.facebook.com\\\/\",\"https:\\\/\\\/x.com\\\/bercodi\",\"https:\\\/\\\/www.instagram.com\\\/\",\"https:\\\/\\\/www.youtube.com\\\/channel\\\/UCZP-2wLEB9Rv6erhFmqVnvg\"]},{\"@type\":\"Person\",\"@id\":\"https:\\\/\\\/eldigitaldeasturias.com\\\/radio\\\/author\\\/nbasturias\\\/#author\",\"url\":\"https:\\\/\\\/eldigitaldeasturias.com\\\/radio\\\/author\\\/nbasturias\\\/\",\"name\":\"NBAsturias\",\"image\":{\"@type\":\"ImageObject\",\"@id\":\"https:\\\/\\\/eldigitaldeasturias.com\\\/radio\\\/cocina-agil-con-sabor-real-para-el-dia-a-dia\\\/#authorImage\",\"url\":\"https:\\\/\\\/secure.gravatar.com\\\/avatar\\\/df2aeffc32bcd13f8d26072ef8a91b623d677766deac7f97ca815868cd41bf5e?s=96&d=mm&r=g\",\"width\":96,\"height\":96,\"caption\":\"NBAsturias\"}},{\"@type\":\"WebPage\",\"@id\":\"https:\\\/\\\/eldigitaldeasturias.com\\\/radio\\\/cocina-agil-con-sabor-real-para-el-dia-a-dia\\\/#webpage\",\"url\":\"https:\\\/\\\/eldigitaldeasturias.com\\\/radio\\\/cocina-agil-con-sabor-real-para-el-dia-a-dia\\\/\",\"name\":\"Cocina \\u00e1gil con sabor real para el d\\u00eda a d\\u00eda | El Digital de Asturias\",\"description\":\"La cocina diaria no tiene por qu\\u00e9 ser complicada. Con algunos h\\u00e1bitos sencillos es posible conseguir platos r\\u00e1pidos, equilibrados y con sabor real\",\"inLanguage\":\"es-ES\",\"isPartOf\":{\"@id\":\"https:\\\/\\\/eldigitaldeasturias.com\\\/radio\\\/#website\"},\"breadcrumb\":{\"@id\":\"https:\\\/\\\/eldigitaldeasturias.com\\\/radio\\\/cocina-agil-con-sabor-real-para-el-dia-a-dia\\\/#breadcrumblist\"},\"author\":{\"@id\":\"https:\\\/\\\/eldigitaldeasturias.com\\\/radio\\\/author\\\/nbasturias\\\/#author\"},\"creator\":{\"@id\":\"https:\\\/\\\/eldigitaldeasturias.com\\\/radio\\\/author\\\/nbasturias\\\/#author\"},\"image\":{\"@type\":\"ImageObject\",\"url\":\"https:\\\/\\\/eldigitaldeasturias.com\\\/radio\\\/wp-content\\\/uploads\\\/2025\\\/11\\\/Cocina-agil-con-sabor-real-para-el-dia-a-dia.jpg\",\"@id\":\"https:\\\/\\\/eldigitaldeasturias.com\\\/radio\\\/cocina-agil-con-sabor-real-para-el-dia-a-dia\\\/#mainImage\",\"width\":1021,\"height\":681,\"caption\":\"Foto: 123rf.com\"},\"primaryImageOfPage\":{\"@id\":\"https:\\\/\\\/eldigitaldeasturias.com\\\/radio\\\/cocina-agil-con-sabor-real-para-el-dia-a-dia\\\/#mainImage\"},\"datePublished\":\"2025-11-13T19:59:13+01:00\",\"dateModified\":\"2025-11-13T19:59:13+01:00\"},{\"@type\":\"WebSite\",\"@id\":\"https:\\\/\\\/eldigitaldeasturias.com\\\/radio\\\/#website\",\"url\":\"https:\\\/\\\/eldigitaldeasturias.com\\\/radio\\\/\",\"name\":\"El Digital de Asturias\",\"description\":\"Diario de informaci\\u00f3n y noticias\",\"inLanguage\":\"es-ES\",\"publisher\":{\"@id\":\"https:\\\/\\\/eldigitaldeasturias.com\\\/radio\\\/#organization\"}}]}\n\t\t<\/script>\n\t\t<!-- All in One SEO Pro -->\r\n\t\t<title>Cocina \u00e1gil con sabor real para el d\u00eda a d\u00eda | El Digital de Asturias<\/title>\n\n","aioseo_head_json":{"title":"Cocina \u00e1gil con sabor real para el d\u00eda a d\u00eda | El Digital de Asturias","description":"La cocina diaria no tiene por qu\u00e9 ser complicada. Con algunos h\u00e1bitos sencillos es posible conseguir platos r\u00e1pidos, equilibrados y con sabor real","canonical_url":"https:\/\/eldigitaldeasturias.com\/radio\/cocina-agil-con-sabor-real-para-el-dia-a-dia\/","robots":"max-image-preview:large","keywords":"gastronom\u00eda","webmasterTools":{"google-site-verification":"UA-38556648-1","miscellaneous":""},"schema":{"@context":"https:\/\/schema.org","@graph":[{"@type":"BreadcrumbList","@id":"https:\/\/eldigitaldeasturias.com\/radio\/cocina-agil-con-sabor-real-para-el-dia-a-dia\/#breadcrumblist","itemListElement":[{"@type":"ListItem","@id":"https:\/\/eldigitaldeasturias.com\/radio#listItem","position":1,"name":"Inicio","item":"https:\/\/eldigitaldeasturias.com\/radio","nextItem":{"@type":"ListItem","@id":"https:\/\/eldigitaldeasturias.com\/radio\/category\/gastronomia\/#listItem","name":"Gastronom\u00eda"}},{"@type":"ListItem","@id":"https:\/\/eldigitaldeasturias.com\/radio\/category\/gastronomia\/#listItem","position":2,"name":"Gastronom\u00eda","item":"https:\/\/eldigitaldeasturias.com\/radio\/category\/gastronomia\/","nextItem":{"@type":"ListItem","@id":"https:\/\/eldigitaldeasturias.com\/radio\/cocina-agil-con-sabor-real-para-el-dia-a-dia\/#listItem","name":"Cocina \u00e1gil con sabor real para el d\u00eda a d\u00eda"},"previousItem":{"@type":"ListItem","@id":"https:\/\/eldigitaldeasturias.com\/radio#listItem","name":"Inicio"}},{"@type":"ListItem","@id":"https:\/\/eldigitaldeasturias.com\/radio\/cocina-agil-con-sabor-real-para-el-dia-a-dia\/#listItem","position":3,"name":"Cocina \u00e1gil con sabor real para el d\u00eda a d\u00eda","previousItem":{"@type":"ListItem","@id":"https:\/\/eldigitaldeasturias.com\/radio\/category\/gastronomia\/#listItem","name":"Gastronom\u00eda"}}]},{"@type":"NewsArticle","@id":"https:\/\/eldigitaldeasturias.com\/radio\/cocina-agil-con-sabor-real-para-el-dia-a-dia\/#newsarticle","name":"Cocina \u00e1gil con sabor real para el d\u00eda a d\u00eda | El Digital de Asturias","headline":"Cocina \u00e1gil con sabor real para el d\u00eda a d\u00eda","author":{"@id":"https:\/\/eldigitaldeasturias.com\/radio\/author\/nbasturias\/#author"},"publisher":{"@id":"https:\/\/eldigitaldeasturias.com\/radio\/#organization"},"image":{"@type":"ImageObject","url":"https:\/\/eldigitaldeasturias.com\/radio\/wp-content\/uploads\/2025\/11\/Cocina-agil-con-sabor-real-para-el-dia-a-dia.jpg","width":1021,"height":681,"caption":"Foto: 123rf.com"},"datePublished":"2025-11-13T19:59:13+01:00","dateModified":"2025-11-13T19:59:13+01:00","inLanguage":"es-ES","mainEntityOfPage":{"@id":"https:\/\/eldigitaldeasturias.com\/radio\/cocina-agil-con-sabor-real-para-el-dia-a-dia\/#webpage"},"isPartOf":{"@id":"https:\/\/eldigitaldeasturias.com\/radio\/cocina-agil-con-sabor-real-para-el-dia-a-dia\/#webpage"},"articleSection":"Gastronom\u00eda, sabores","dateline":"Publicado el noviembre 13, 2025."},{"@type":"Organization","@id":"https:\/\/eldigitaldeasturias.com\/radio\/#organization","name":"El digital de Asturias Radio","description":"Diario de informaci\u00f3n y noticias","url":"https:\/\/eldigitaldeasturias.com\/radio\/","telephone":"+34652131393","logo":{"@type":"ImageObject","url":"https:\/\/www.eldigitaldeasturias.com\/radio\/wp-content\/uploads\/2021\/03\/EDA.jpg","@id":"https:\/\/eldigitaldeasturias.com\/radio\/cocina-agil-con-sabor-real-para-el-dia-a-dia\/#organizationLogo"},"image":{"@id":"https:\/\/eldigitaldeasturias.com\/radio\/cocina-agil-con-sabor-real-para-el-dia-a-dia\/#organizationLogo"},"sameAs":["https:\/\/www.facebook.com\/","https:\/\/x.com\/bercodi","https:\/\/www.instagram.com\/","https:\/\/www.youtube.com\/channel\/UCZP-2wLEB9Rv6erhFmqVnvg"]},{"@type":"Person","@id":"https:\/\/eldigitaldeasturias.com\/radio\/author\/nbasturias\/#author","url":"https:\/\/eldigitaldeasturias.com\/radio\/author\/nbasturias\/","name":"NBAsturias","image":{"@type":"ImageObject","@id":"https:\/\/eldigitaldeasturias.com\/radio\/cocina-agil-con-sabor-real-para-el-dia-a-dia\/#authorImage","url":"https:\/\/secure.gravatar.com\/avatar\/df2aeffc32bcd13f8d26072ef8a91b623d677766deac7f97ca815868cd41bf5e?s=96&d=mm&r=g","width":96,"height":96,"caption":"NBAsturias"}},{"@type":"WebPage","@id":"https:\/\/eldigitaldeasturias.com\/radio\/cocina-agil-con-sabor-real-para-el-dia-a-dia\/#webpage","url":"https:\/\/eldigitaldeasturias.com\/radio\/cocina-agil-con-sabor-real-para-el-dia-a-dia\/","name":"Cocina \u00e1gil con sabor real para el d\u00eda a d\u00eda | El Digital de Asturias","description":"La cocina diaria no tiene por qu\u00e9 ser complicada. Con algunos h\u00e1bitos sencillos es posible conseguir platos r\u00e1pidos, equilibrados y con sabor real","inLanguage":"es-ES","isPartOf":{"@id":"https:\/\/eldigitaldeasturias.com\/radio\/#website"},"breadcrumb":{"@id":"https:\/\/eldigitaldeasturias.com\/radio\/cocina-agil-con-sabor-real-para-el-dia-a-dia\/#breadcrumblist"},"author":{"@id":"https:\/\/eldigitaldeasturias.com\/radio\/author\/nbasturias\/#author"},"creator":{"@id":"https:\/\/eldigitaldeasturias.com\/radio\/author\/nbasturias\/#author"},"image":{"@type":"ImageObject","url":"https:\/\/eldigitaldeasturias.com\/radio\/wp-content\/uploads\/2025\/11\/Cocina-agil-con-sabor-real-para-el-dia-a-dia.jpg","@id":"https:\/\/eldigitaldeasturias.com\/radio\/cocina-agil-con-sabor-real-para-el-dia-a-dia\/#mainImage","width":1021,"height":681,"caption":"Foto: 123rf.com"},"primaryImageOfPage":{"@id":"https:\/\/eldigitaldeasturias.com\/radio\/cocina-agil-con-sabor-real-para-el-dia-a-dia\/#mainImage"},"datePublished":"2025-11-13T19:59:13+01:00","dateModified":"2025-11-13T19:59:13+01:00"},{"@type":"WebSite","@id":"https:\/\/eldigitaldeasturias.com\/radio\/#website","url":"https:\/\/eldigitaldeasturias.com\/radio\/","name":"El Digital de Asturias","description":"Diario de informaci\u00f3n y noticias","inLanguage":"es-ES","publisher":{"@id":"https:\/\/eldigitaldeasturias.com\/radio\/#organization"}}]},"og:locale":"es_ES","og:site_name":"El Digital de Asturias | Diario de informaci\u00f3n y noticias","og:type":"article","og:title":"Cocina \u00e1gil con sabor real para el d\u00eda a d\u00eda | El Digital de Asturias","og:description":"La cocina diaria no tiene por qu\u00e9 ser complicada. Con algunos h\u00e1bitos sencillos es posible conseguir platos r\u00e1pidos, equilibrados y con sabor real","og:url":"https:\/\/eldigitaldeasturias.com\/radio\/cocina-agil-con-sabor-real-para-el-dia-a-dia\/","og:image":"https:\/\/eldigitaldeasturias.com\/radio\/wp-content\/uploads\/2025\/11\/Cocina-agil-con-sabor-real-para-el-dia-a-dia.jpg","og:image:secure_url":"https:\/\/eldigitaldeasturias.com\/radio\/wp-content\/uploads\/2025\/11\/Cocina-agil-con-sabor-real-para-el-dia-a-dia.jpg","og:image:width":1021,"og:image:height":681,"article:published_time":"2025-11-13T18:59:13+00:00","article:modified_time":"2025-11-13T18:59:13+00:00","twitter:card":"summary_large_image","twitter:site":"@bercodi","twitter:title":"Cocina \u00e1gil con sabor real para el d\u00eda a d\u00eda | El Digital de Asturias","twitter:description":"La cocina diaria no tiene por qu\u00e9 ser complicada. Con algunos h\u00e1bitos sencillos es posible conseguir platos r\u00e1pidos, equilibrados y con sabor real","twitter:creator":"@bercodi","twitter:image":"https:\/\/eldigitaldeasturias.com\/radio\/wp-content\/uploads\/2025\/11\/Cocina-agil-con-sabor-real-para-el-dia-a-dia.jpg"},"aioseo_meta_data":{"post_id":"11767","title":null,"description":"La cocina diaria no tiene por qu\u00e9 ser complicada. Con algunos h\u00e1bitos sencillos es posible conseguir platos r\u00e1pidos, equilibrados y con sabor real","keywords":null,"keyphrases":{"focus":{"keyphrase":"cocina","score":78,"analysis":{"keyphraseInTitle":{"score":9,"maxScore":9,"error":0},"keyphraseInDescription":{"score":9,"maxScore":9,"error":0},"keyphraseLength":{"score":9,"maxScore":9,"error":0,"length":1},"keyphraseInURL":{"score":5,"maxScore":5,"error":0},"keyphraseInIntroduction":{"score":9,"maxScore":9,"error":0},"keyphraseInSubHeadings":{"score":3,"maxScore":9,"error":1},"keyphraseInImageAlt":{"score":9,"maxScore":9,"error":0},"keywordDensity":{"type":"high","score":0,"maxScore":9,"error":1}}},"additional":[{"keyphrase":"cocina diaria","score":80,"analysis":{"keyphraseInDescription":{"score":9,"maxScore":9,"error":0},"keyphraseLength":{"score":9,"maxScore":9,"error":0,"length":2},"keyphraseInIntroduction":{"score":9,"maxScore":9,"error":0},"keyphraseInImageAlt":{"score":9,"maxScore":9,"error":0},"keywordDensity":{"score":0,"type":"low","maxScore":9,"error":1}}}]},"primary_term":null,"canonical_url":null,"og_title":null,"og_description":null,"og_object_type":"default","og_image_type":"default","og_image_url":null,"og_image_width":null,"og_image_height":null,"og_image_custom_url":null,"og_image_custom_fields":null,"og_video":"","og_custom_url":null,"og_article_section":null,"og_article_tags":null,"twitter_use_og":false,"twitter_card":"default","twitter_image_type":"default","twitter_image_url":null,"twitter_image_custom_url":null,"twitter_image_custom_fields":null,"twitter_title":null,"twitter_description":null,"schema":{"blockGraphs":[],"customGraphs":[],"default":{"data":{"Article":[],"Course":[],"Dataset":[],"FAQPage":[],"Movie":[],"Person":[],"Product":[],"ProductReview":[],"Car":[],"Recipe":[],"Service":[],"SoftwareApplication":[],"WebPage":[]},"graphName":"NewsArticle","isEnabled":true},"graphs":[]},"schema_type":"default","schema_type_options":null,"pillar_content":false,"robots_default":true,"robots_noindex":false,"robots_noarchive":false,"robots_nosnippet":false,"robots_nofollow":false,"robots_noimageindex":false,"robots_noodp":false,"robots_notranslate":false,"robots_max_snippet":"-1","robots_max_videopreview":"-1","robots_max_imagepreview":"large","priority":null,"frequency":"default","location":null,"local_seo":null,"seo_analyzer_scan_date":"2025-11-13 19:00:56","breadcrumb_settings":null,"limit_modified_date":false,"open_ai":null,"ai":{"faqs":[],"keyPoints":[],"titles":[],"descriptions":[],"socialPosts":{"email":[],"linkedin":[],"twitter":[],"facebook":[],"instagram":[]}},"created":"2025-11-13 16:43:33","updated":"2025-11-13 19:04:16"},"aioseo_breadcrumb":"<div class=\"aioseo-breadcrumbs\"><span class=\"aioseo-breadcrumb\">\n\t<a href=\"https:\/\/eldigitaldeasturias.com\/radio\" title=\"Inicio\">Inicio<\/a>\n<\/span><span class=\"aioseo-breadcrumb-separator\">&ndash;<\/span><span class=\"aioseo-breadcrumb\">\n\t<a href=\"https:\/\/eldigitaldeasturias.com\/radio\/category\/gastronomia\/\" title=\"Gastronom\u00eda\">Gastronom\u00eda<\/a>\n<\/span><span class=\"aioseo-breadcrumb-separator\">&ndash;<\/span><span class=\"aioseo-breadcrumb\">\n\tCocina \u00e1gil con sabor real para el d\u00eda a d\u00eda\n<\/span><\/div>","aioseo_breadcrumb_json":[{"label":"Inicio","link":"https:\/\/eldigitaldeasturias.com\/radio"},{"label":"Gastronom\u00eda","link":"https:\/\/eldigitaldeasturias.com\/radio\/category\/gastronomia\/"},{"label":"Cocina \u00e1gil con sabor real para el d\u00eda a d\u00eda","link":"https:\/\/eldigitaldeasturias.com\/radio\/cocina-agil-con-sabor-real-para-el-dia-a-dia\/"}],"_links":{"self":[{"href":"https:\/\/eldigitaldeasturias.com\/radio\/wp-json\/wp\/v2\/posts\/11767","targetHints":{"allow":["GET"]}}],"collection":[{"href":"https:\/\/eldigitaldeasturias.com\/radio\/wp-json\/wp\/v2\/posts"}],"about":[{"href":"https:\/\/eldigitaldeasturias.com\/radio\/wp-json\/wp\/v2\/types\/post"}],"author":[{"embeddable":true,"href":"https:\/\/eldigitaldeasturias.com\/radio\/wp-json\/wp\/v2\/users\/1"}],"replies":[{"embeddable":true,"href":"https:\/\/eldigitaldeasturias.com\/radio\/wp-json\/wp\/v2\/comments?post=11767"}],"version-history":[{"count":0,"href":"https:\/\/eldigitaldeasturias.com\/radio\/wp-json\/wp\/v2\/posts\/11767\/revisions"}],"wp:featuredmedia":[{"embeddable":true,"href":"https:\/\/eldigitaldeasturias.com\/radio\/wp-json\/wp\/v2\/media\/11768"}],"wp:attachment":[{"href":"https:\/\/eldigitaldeasturias.com\/radio\/wp-json\/wp\/v2\/media?parent=11767"}],"wp:term":[{"taxonomy":"category","embeddable":true,"href":"https:\/\/eldigitaldeasturias.com\/radio\/wp-json\/wp\/v2\/categories?post=11767"},{"taxonomy":"post_tag","embeddable":true,"href":"https:\/\/eldigitaldeasturias.com\/radio\/wp-json\/wp\/v2\/tags?post=11767"}],"curies":[{"name":"wp","href":"https:\/\/api.w.org\/{rel}","templated":true}]}}