{"id":11731,"date":"2025-11-12T22:04:44","date_gmt":"2025-11-12T21:04:44","guid":{"rendered":"https:\/\/eldigitaldeasturias.com\/radio\/?p=11731"},"modified":"2025-11-12T22:04:44","modified_gmt":"2025-11-12T21:04:44","slug":"abierta-la-convocatoria-de-residencias-para-companias-escenicas-asturianas","status":"publish","type":"post","link":"https:\/\/eldigitaldeasturias.com\/radio\/abierta-la-convocatoria-de-residencias-para-companias-escenicas-asturianas\/","title":{"rendered":"Abierta la convocatoria de residencias para compa\u00f1\u00edas esc\u00e9nicas asturianas"},"content":{"rendered":"<p>El <span style=\"color: #ff6600;\"><a style=\"color: #ff6600;\" href=\"https:\/\/actualidad.asturias.es\/\" target=\"_blank\" rel=\"noopener\"><strong>Principado<\/strong><\/a><\/span> ha abierto la convocatoria del programa de Residencias para compa\u00f1\u00edas profesionales asturianas. Las estancias tendr\u00e1n lugar en Laboral Ciudad de la Cultura en el <span style=\"color: #ff6600;\"><a style=\"color: #ff6600;\" href=\"https:\/\/eldigitaldeasturias.com\/radio\/category\/agenda\/\"><strong>primer semestre de 2026<\/strong><\/a><\/span>.<\/p>\n<figure id=\"attachment_11732\" aria-describedby=\"caption-attachment-11732\" style=\"width: 650px\" class=\"wp-caption aligncenter\"><img fetchpriority=\"high\" decoding=\"async\" class=\"size-large wp-image-11732\" src=\"https:\/\/eldigitaldeasturias.com\/radio\/wp-content\/uploads\/2025\/11\/programa-de-Residencias-Asturias-650x265.jpg\" alt=\"programa de Residencias Asturias\" width=\"650\" height=\"265\" srcset=\"https:\/\/eldigitaldeasturias.com\/radio\/wp-content\/uploads\/2025\/11\/programa-de-Residencias-Asturias-650x265.jpg 650w, https:\/\/eldigitaldeasturias.com\/radio\/wp-content\/uploads\/2025\/11\/programa-de-Residencias-Asturias-360x147.jpg 360w, https:\/\/eldigitaldeasturias.com\/radio\/wp-content\/uploads\/2025\/11\/programa-de-Residencias-Asturias-768x313.jpg 768w, https:\/\/eldigitaldeasturias.com\/radio\/wp-content\/uploads\/2025\/11\/programa-de-Residencias-Asturias-150x61.jpg 150w, https:\/\/eldigitaldeasturias.com\/radio\/wp-content\/uploads\/2025\/11\/programa-de-Residencias-Asturias-450x183.jpg 450w, https:\/\/eldigitaldeasturias.com\/radio\/wp-content\/uploads\/2025\/11\/programa-de-Residencias-Asturias.jpg 1043w\" sizes=\"(max-width: 650px) 100vw, 650px\" \/><figcaption id=\"caption-attachment-11732\" class=\"wp-caption-text\">Foto: Prensa Gobierno de Asturias<\/figcaption><\/figure>\n<h1>Apoyo a la creaci\u00f3n esc\u00e9nica asturiana<\/h1>\n<p>Este programa se enmarca en la actividad del Centro de Recursos Esc\u00e9nicos del Principado, un proyecto con sede en La Laboral que busca apoyar el desarrollo de las propuestas esc\u00e9nicas de las compa\u00f1\u00edas, aportando recursos materiales y humanos del Teatro de la Laboral para la concepci\u00f3n, creaci\u00f3n y puesta en escena de la obra.<\/p>\n<p>Se conceder\u00e1n un m\u00e1ximo de seis residencias, con ayudas econ\u00f3micas que van de los 1.000 a los 4.000 euros por proyecto. Cada residencia incluye un m\u00e1ximo de 21 d\u00edas en distintas salas de ensayo y otros tres en el espacio esc\u00e9nico del Teatro de la Laboral.<\/p>\n<h2>Recursos t\u00e9cnicos y humanos para las compa\u00f1\u00edas<\/h2>\n<p>Cada compa\u00f1\u00eda beneficiaria contar\u00e1, adem\u00e1s, con un responsable t\u00e9cnico del equipo del teatro para ofrecer soporte y cobertura durante el periodo de residencia, con un m\u00e1ximo de 110 horas. Tambi\u00e9n dispondr\u00e1 de 30 horas de ayuda con personal auxiliar para cargar, descargar y mover escenograf\u00edas o materiales.<\/p>\n<p>Las solicitudes para participar en el programa Residencias se pueden presentar hasta el pr\u00f3ximo 3 de diciembre y las bases est\u00e1n disponibles en la web: www.laboralciudaddelacultura.com<br \/>\n.<\/p>\n","protected":false},"excerpt":{"rendered":"<p>El Principado ha abierto la convocatoria del programa de Residencias para compa\u00f1\u00edas profesionales asturianas. Las estancias tendr\u00e1n lugar en Laboral Ciudad de la Cultura en el primer semestre de 2026. Apoyo a la creaci\u00f3n esc\u00e9nica asturiana Este programa se enmarca en la actividad del Centro de Recursos Esc\u00e9nicos del Principado, un proyecto con sede en<\/p>\n","protected":false},"author":1,"featured_media":11732,"comment_status":"closed","ping_status":"closed","sticky":false,"template":"","format":"standard","meta":{"footnotes":""},"categories":[141],"tags":[42,79],"class_list":{"0":"post-11731","1":"post","2":"type-post","3":"status-publish","4":"format-standard","5":"has-post-thumbnail","7":"category-actualidad-asturias","8":"tag-asturias","9":"tag-cultura"},"aioseo_notices":[],"aioseo_head":"\n\t\t<!-- All in One SEO Pro 4.9.6.2 - aioseo.com -->\n\t<meta name=\"description\" content=\"El Principado ha abierto la convocatoria del programa de Residencias para compa\u00f1\u00edas profesionales asturianas. Las estancias tendr\u00e1n lugar en Laboral\" \/>\n\t<meta name=\"robots\" content=\"max-image-preview:large\" \/>\n\t<meta name=\"author\" content=\"NBAsturias\"\/>\n\t<meta name=\"google-site-verification\" content=\"UA-38556648-1\" \/>\n\t<meta name=\"keywords\" content=\"actualidad asturias\" \/>\n\t<link rel=\"canonical\" href=\"https:\/\/eldigitaldeasturias.com\/radio\/abierta-la-convocatoria-de-residencias-para-companias-escenicas-asturianas\/\" \/>\n\t<meta name=\"generator\" content=\"All in One SEO Pro (AIOSEO) 4.9.6.2\" \/>\n\t\t<meta property=\"og:locale\" content=\"es_ES\" \/>\n\t\t<meta property=\"og:site_name\" content=\"El Digital de Asturias | Diario de informaci\u00f3n y noticias\" \/>\n\t\t<meta property=\"og:type\" content=\"article\" \/>\n\t\t<meta property=\"og:title\" content=\"Abierta la convocatoria de residencias para compa\u00f1\u00edas esc\u00e9nicas asturianas | El Digital de Asturias\" \/>\n\t\t<meta property=\"og:description\" content=\"El Principado ha abierto la convocatoria del programa de Residencias para compa\u00f1\u00edas profesionales asturianas. Las estancias tendr\u00e1n lugar en Laboral\" \/>\n\t\t<meta property=\"og:url\" content=\"https:\/\/eldigitaldeasturias.com\/radio\/abierta-la-convocatoria-de-residencias-para-companias-escenicas-asturianas\/\" \/>\n\t\t<meta property=\"og:image\" content=\"https:\/\/eldigitaldeasturias.com\/radio\/wp-content\/uploads\/2025\/11\/programa-de-Residencias-Asturias.jpg\" \/>\n\t\t<meta property=\"og:image:secure_url\" content=\"https:\/\/eldigitaldeasturias.com\/radio\/wp-content\/uploads\/2025\/11\/programa-de-Residencias-Asturias.jpg\" \/>\n\t\t<meta property=\"og:image:width\" content=\"1043\" \/>\n\t\t<meta property=\"og:image:height\" content=\"425\" \/>\n\t\t<meta property=\"article:published_time\" content=\"2025-11-12T21:04:44+00:00\" \/>\n\t\t<meta property=\"article:modified_time\" content=\"2025-11-12T21:04:44+00:00\" \/>\n\t\t<meta name=\"twitter:card\" content=\"summary_large_image\" \/>\n\t\t<meta name=\"twitter:site\" content=\"@bercodi\" \/>\n\t\t<meta name=\"twitter:title\" content=\"Abierta la convocatoria de residencias para compa\u00f1\u00edas esc\u00e9nicas asturianas | El Digital de Asturias\" \/>\n\t\t<meta name=\"twitter:description\" content=\"El Principado ha abierto la convocatoria del programa de Residencias para compa\u00f1\u00edas profesionales asturianas. Las estancias tendr\u00e1n lugar en Laboral\" \/>\n\t\t<meta name=\"twitter:creator\" content=\"@bercodi\" \/>\n\t\t<meta name=\"twitter:image\" content=\"https:\/\/eldigitaldeasturias.com\/radio\/wp-content\/uploads\/2025\/11\/programa-de-Residencias-Asturias.jpg\" \/>\n\t\t<script type=\"application\/ld+json\" class=\"aioseo-schema\">\n\t\t\t{\"@context\":\"https:\\\/\\\/schema.org\",\"@graph\":[{\"@type\":\"BreadcrumbList\",\"@id\":\"https:\\\/\\\/eldigitaldeasturias.com\\\/radio\\\/abierta-la-convocatoria-de-residencias-para-companias-escenicas-asturianas\\\/#breadcrumblist\",\"itemListElement\":[{\"@type\":\"ListItem\",\"@id\":\"https:\\\/\\\/eldigitaldeasturias.com\\\/radio#listItem\",\"position\":1,\"name\":\"Inicio\",\"item\":\"https:\\\/\\\/eldigitaldeasturias.com\\\/radio\",\"nextItem\":{\"@type\":\"ListItem\",\"@id\":\"https:\\\/\\\/eldigitaldeasturias.com\\\/radio\\\/category\\\/actualidad-asturias\\\/#listItem\",\"name\":\"Actualidad Asturias\"}},{\"@type\":\"ListItem\",\"@id\":\"https:\\\/\\\/eldigitaldeasturias.com\\\/radio\\\/category\\\/actualidad-asturias\\\/#listItem\",\"position\":2,\"name\":\"Actualidad Asturias\",\"item\":\"https:\\\/\\\/eldigitaldeasturias.com\\\/radio\\\/category\\\/actualidad-asturias\\\/\",\"nextItem\":{\"@type\":\"ListItem\",\"@id\":\"https:\\\/\\\/eldigitaldeasturias.com\\\/radio\\\/abierta-la-convocatoria-de-residencias-para-companias-escenicas-asturianas\\\/#listItem\",\"name\":\"Abierta la convocatoria de residencias para compa\\u00f1\\u00edas esc\\u00e9nicas asturianas\"},\"previousItem\":{\"@type\":\"ListItem\",\"@id\":\"https:\\\/\\\/eldigitaldeasturias.com\\\/radio#listItem\",\"name\":\"Inicio\"}},{\"@type\":\"ListItem\",\"@id\":\"https:\\\/\\\/eldigitaldeasturias.com\\\/radio\\\/abierta-la-convocatoria-de-residencias-para-companias-escenicas-asturianas\\\/#listItem\",\"position\":3,\"name\":\"Abierta la convocatoria de residencias para compa\\u00f1\\u00edas esc\\u00e9nicas asturianas\",\"previousItem\":{\"@type\":\"ListItem\",\"@id\":\"https:\\\/\\\/eldigitaldeasturias.com\\\/radio\\\/category\\\/actualidad-asturias\\\/#listItem\",\"name\":\"Actualidad Asturias\"}}]},{\"@type\":\"NewsArticle\",\"@id\":\"https:\\\/\\\/eldigitaldeasturias.com\\\/radio\\\/abierta-la-convocatoria-de-residencias-para-companias-escenicas-asturianas\\\/#newsarticle\",\"name\":\"Abierta la convocatoria de residencias para compa\\u00f1\\u00edas esc\\u00e9nicas asturianas | El Digital de Asturias\",\"headline\":\"Abierta la convocatoria de residencias para compa\\u00f1\\u00edas esc\\u00e9nicas asturianas\",\"author\":{\"@id\":\"https:\\\/\\\/eldigitaldeasturias.com\\\/radio\\\/author\\\/nbasturias\\\/#author\"},\"publisher\":{\"@id\":\"https:\\\/\\\/eldigitaldeasturias.com\\\/radio\\\/#organization\"},\"image\":{\"@type\":\"ImageObject\",\"url\":\"https:\\\/\\\/eldigitaldeasturias.com\\\/radio\\\/wp-content\\\/uploads\\\/2025\\\/11\\\/programa-de-Residencias-Asturias.jpg\",\"width\":1043,\"height\":425,\"caption\":\"Foto: Prensa Gobierno de Asturias\"},\"datePublished\":\"2025-11-12T22:04:44+01:00\",\"dateModified\":\"2025-11-12T22:04:44+01:00\",\"inLanguage\":\"es-ES\",\"mainEntityOfPage\":{\"@id\":\"https:\\\/\\\/eldigitaldeasturias.com\\\/radio\\\/abierta-la-convocatoria-de-residencias-para-companias-escenicas-asturianas\\\/#webpage\"},\"isPartOf\":{\"@id\":\"https:\\\/\\\/eldigitaldeasturias.com\\\/radio\\\/abierta-la-convocatoria-de-residencias-para-companias-escenicas-asturianas\\\/#webpage\"},\"articleSection\":\"Actualidad Asturias, Asturias, cultura\",\"dateline\":\"Publicado el noviembre 12, 2025.\"},{\"@type\":\"Organization\",\"@id\":\"https:\\\/\\\/eldigitaldeasturias.com\\\/radio\\\/#organization\",\"name\":\"El digital de Asturias Radio\",\"description\":\"Diario de informaci\\u00f3n y noticias\",\"url\":\"https:\\\/\\\/eldigitaldeasturias.com\\\/radio\\\/\",\"telephone\":\"+34652131393\",\"logo\":{\"@type\":\"ImageObject\",\"url\":\"https:\\\/\\\/www.eldigitaldeasturias.com\\\/radio\\\/wp-content\\\/uploads\\\/2021\\\/03\\\/EDA.jpg\",\"@id\":\"https:\\\/\\\/eldigitaldeasturias.com\\\/radio\\\/abierta-la-convocatoria-de-residencias-para-companias-escenicas-asturianas\\\/#organizationLogo\"},\"image\":{\"@id\":\"https:\\\/\\\/eldigitaldeasturias.com\\\/radio\\\/abierta-la-convocatoria-de-residencias-para-companias-escenicas-asturianas\\\/#organizationLogo\"},\"sameAs\":[\"https:\\\/\\\/www.facebook.com\\\/\",\"https:\\\/\\\/x.com\\\/bercodi\",\"https:\\\/\\\/www.instagram.com\\\/\",\"https:\\\/\\\/www.youtube.com\\\/channel\\\/UCZP-2wLEB9Rv6erhFmqVnvg\"]},{\"@type\":\"Person\",\"@id\":\"https:\\\/\\\/eldigitaldeasturias.com\\\/radio\\\/author\\\/nbasturias\\\/#author\",\"url\":\"https:\\\/\\\/eldigitaldeasturias.com\\\/radio\\\/author\\\/nbasturias\\\/\",\"name\":\"NBAsturias\",\"image\":{\"@type\":\"ImageObject\",\"@id\":\"https:\\\/\\\/eldigitaldeasturias.com\\\/radio\\\/abierta-la-convocatoria-de-residencias-para-companias-escenicas-asturianas\\\/#authorImage\",\"url\":\"https:\\\/\\\/secure.gravatar.com\\\/avatar\\\/df2aeffc32bcd13f8d26072ef8a91b623d677766deac7f97ca815868cd41bf5e?s=96&d=mm&r=g\",\"width\":96,\"height\":96,\"caption\":\"NBAsturias\"}},{\"@type\":\"WebPage\",\"@id\":\"https:\\\/\\\/eldigitaldeasturias.com\\\/radio\\\/abierta-la-convocatoria-de-residencias-para-companias-escenicas-asturianas\\\/#webpage\",\"url\":\"https:\\\/\\\/eldigitaldeasturias.com\\\/radio\\\/abierta-la-convocatoria-de-residencias-para-companias-escenicas-asturianas\\\/\",\"name\":\"Abierta la convocatoria de residencias para compa\\u00f1\\u00edas esc\\u00e9nicas asturianas | El Digital de Asturias\",\"description\":\"El Principado ha abierto la convocatoria del programa de Residencias para compa\\u00f1\\u00edas profesionales asturianas. Las estancias tendr\\u00e1n lugar en Laboral\",\"inLanguage\":\"es-ES\",\"isPartOf\":{\"@id\":\"https:\\\/\\\/eldigitaldeasturias.com\\\/radio\\\/#website\"},\"breadcrumb\":{\"@id\":\"https:\\\/\\\/eldigitaldeasturias.com\\\/radio\\\/abierta-la-convocatoria-de-residencias-para-companias-escenicas-asturianas\\\/#breadcrumblist\"},\"author\":{\"@id\":\"https:\\\/\\\/eldigitaldeasturias.com\\\/radio\\\/author\\\/nbasturias\\\/#author\"},\"creator\":{\"@id\":\"https:\\\/\\\/eldigitaldeasturias.com\\\/radio\\\/author\\\/nbasturias\\\/#author\"},\"image\":{\"@type\":\"ImageObject\",\"url\":\"https:\\\/\\\/eldigitaldeasturias.com\\\/radio\\\/wp-content\\\/uploads\\\/2025\\\/11\\\/programa-de-Residencias-Asturias.jpg\",\"@id\":\"https:\\\/\\\/eldigitaldeasturias.com\\\/radio\\\/abierta-la-convocatoria-de-residencias-para-companias-escenicas-asturianas\\\/#mainImage\",\"width\":1043,\"height\":425,\"caption\":\"Foto: Prensa Gobierno de Asturias\"},\"primaryImageOfPage\":{\"@id\":\"https:\\\/\\\/eldigitaldeasturias.com\\\/radio\\\/abierta-la-convocatoria-de-residencias-para-companias-escenicas-asturianas\\\/#mainImage\"},\"datePublished\":\"2025-11-12T22:04:44+01:00\",\"dateModified\":\"2025-11-12T22:04:44+01:00\"},{\"@type\":\"WebSite\",\"@id\":\"https:\\\/\\\/eldigitaldeasturias.com\\\/radio\\\/#website\",\"url\":\"https:\\\/\\\/eldigitaldeasturias.com\\\/radio\\\/\",\"name\":\"El Digital de Asturias\",\"description\":\"Diario de informaci\\u00f3n y noticias\",\"inLanguage\":\"es-ES\",\"publisher\":{\"@id\":\"https:\\\/\\\/eldigitaldeasturias.com\\\/radio\\\/#organization\"}}]}\n\t\t<\/script>\n\t\t<!-- All in One SEO Pro -->\r\n\t\t<title>Abierta la convocatoria de residencias para compa\u00f1\u00edas esc\u00e9nicas asturianas | El Digital de Asturias<\/title>\n\n","aioseo_head_json":{"title":"Abierta la convocatoria de residencias para compa\u00f1\u00edas esc\u00e9nicas asturianas | El Digital de Asturias","description":"El Principado ha abierto la convocatoria del programa de Residencias para compa\u00f1\u00edas profesionales asturianas. Las estancias tendr\u00e1n lugar en Laboral","canonical_url":"https:\/\/eldigitaldeasturias.com\/radio\/abierta-la-convocatoria-de-residencias-para-companias-escenicas-asturianas\/","robots":"max-image-preview:large","keywords":"actualidad asturias","webmasterTools":{"google-site-verification":"UA-38556648-1","miscellaneous":""},"schema":{"@context":"https:\/\/schema.org","@graph":[{"@type":"BreadcrumbList","@id":"https:\/\/eldigitaldeasturias.com\/radio\/abierta-la-convocatoria-de-residencias-para-companias-escenicas-asturianas\/#breadcrumblist","itemListElement":[{"@type":"ListItem","@id":"https:\/\/eldigitaldeasturias.com\/radio#listItem","position":1,"name":"Inicio","item":"https:\/\/eldigitaldeasturias.com\/radio","nextItem":{"@type":"ListItem","@id":"https:\/\/eldigitaldeasturias.com\/radio\/category\/actualidad-asturias\/#listItem","name":"Actualidad Asturias"}},{"@type":"ListItem","@id":"https:\/\/eldigitaldeasturias.com\/radio\/category\/actualidad-asturias\/#listItem","position":2,"name":"Actualidad Asturias","item":"https:\/\/eldigitaldeasturias.com\/radio\/category\/actualidad-asturias\/","nextItem":{"@type":"ListItem","@id":"https:\/\/eldigitaldeasturias.com\/radio\/abierta-la-convocatoria-de-residencias-para-companias-escenicas-asturianas\/#listItem","name":"Abierta la convocatoria de residencias para compa\u00f1\u00edas esc\u00e9nicas asturianas"},"previousItem":{"@type":"ListItem","@id":"https:\/\/eldigitaldeasturias.com\/radio#listItem","name":"Inicio"}},{"@type":"ListItem","@id":"https:\/\/eldigitaldeasturias.com\/radio\/abierta-la-convocatoria-de-residencias-para-companias-escenicas-asturianas\/#listItem","position":3,"name":"Abierta la convocatoria de residencias para compa\u00f1\u00edas esc\u00e9nicas asturianas","previousItem":{"@type":"ListItem","@id":"https:\/\/eldigitaldeasturias.com\/radio\/category\/actualidad-asturias\/#listItem","name":"Actualidad Asturias"}}]},{"@type":"NewsArticle","@id":"https:\/\/eldigitaldeasturias.com\/radio\/abierta-la-convocatoria-de-residencias-para-companias-escenicas-asturianas\/#newsarticle","name":"Abierta la convocatoria de residencias para compa\u00f1\u00edas esc\u00e9nicas asturianas | El Digital de Asturias","headline":"Abierta la convocatoria de residencias para compa\u00f1\u00edas esc\u00e9nicas asturianas","author":{"@id":"https:\/\/eldigitaldeasturias.com\/radio\/author\/nbasturias\/#author"},"publisher":{"@id":"https:\/\/eldigitaldeasturias.com\/radio\/#organization"},"image":{"@type":"ImageObject","url":"https:\/\/eldigitaldeasturias.com\/radio\/wp-content\/uploads\/2025\/11\/programa-de-Residencias-Asturias.jpg","width":1043,"height":425,"caption":"Foto: Prensa Gobierno de Asturias"},"datePublished":"2025-11-12T22:04:44+01:00","dateModified":"2025-11-12T22:04:44+01:00","inLanguage":"es-ES","mainEntityOfPage":{"@id":"https:\/\/eldigitaldeasturias.com\/radio\/abierta-la-convocatoria-de-residencias-para-companias-escenicas-asturianas\/#webpage"},"isPartOf":{"@id":"https:\/\/eldigitaldeasturias.com\/radio\/abierta-la-convocatoria-de-residencias-para-companias-escenicas-asturianas\/#webpage"},"articleSection":"Actualidad Asturias, Asturias, cultura","dateline":"Publicado el noviembre 12, 2025."},{"@type":"Organization","@id":"https:\/\/eldigitaldeasturias.com\/radio\/#organization","name":"El digital de Asturias Radio","description":"Diario de informaci\u00f3n y noticias","url":"https:\/\/eldigitaldeasturias.com\/radio\/","telephone":"+34652131393","logo":{"@type":"ImageObject","url":"https:\/\/www.eldigitaldeasturias.com\/radio\/wp-content\/uploads\/2021\/03\/EDA.jpg","@id":"https:\/\/eldigitaldeasturias.com\/radio\/abierta-la-convocatoria-de-residencias-para-companias-escenicas-asturianas\/#organizationLogo"},"image":{"@id":"https:\/\/eldigitaldeasturias.com\/radio\/abierta-la-convocatoria-de-residencias-para-companias-escenicas-asturianas\/#organizationLogo"},"sameAs":["https:\/\/www.facebook.com\/","https:\/\/x.com\/bercodi","https:\/\/www.instagram.com\/","https:\/\/www.youtube.com\/channel\/UCZP-2wLEB9Rv6erhFmqVnvg"]},{"@type":"Person","@id":"https:\/\/eldigitaldeasturias.com\/radio\/author\/nbasturias\/#author","url":"https:\/\/eldigitaldeasturias.com\/radio\/author\/nbasturias\/","name":"NBAsturias","image":{"@type":"ImageObject","@id":"https:\/\/eldigitaldeasturias.com\/radio\/abierta-la-convocatoria-de-residencias-para-companias-escenicas-asturianas\/#authorImage","url":"https:\/\/secure.gravatar.com\/avatar\/df2aeffc32bcd13f8d26072ef8a91b623d677766deac7f97ca815868cd41bf5e?s=96&d=mm&r=g","width":96,"height":96,"caption":"NBAsturias"}},{"@type":"WebPage","@id":"https:\/\/eldigitaldeasturias.com\/radio\/abierta-la-convocatoria-de-residencias-para-companias-escenicas-asturianas\/#webpage","url":"https:\/\/eldigitaldeasturias.com\/radio\/abierta-la-convocatoria-de-residencias-para-companias-escenicas-asturianas\/","name":"Abierta la convocatoria de residencias para compa\u00f1\u00edas esc\u00e9nicas asturianas | El Digital de Asturias","description":"El Principado ha abierto la convocatoria del programa de Residencias para compa\u00f1\u00edas profesionales asturianas. Las estancias tendr\u00e1n lugar en Laboral","inLanguage":"es-ES","isPartOf":{"@id":"https:\/\/eldigitaldeasturias.com\/radio\/#website"},"breadcrumb":{"@id":"https:\/\/eldigitaldeasturias.com\/radio\/abierta-la-convocatoria-de-residencias-para-companias-escenicas-asturianas\/#breadcrumblist"},"author":{"@id":"https:\/\/eldigitaldeasturias.com\/radio\/author\/nbasturias\/#author"},"creator":{"@id":"https:\/\/eldigitaldeasturias.com\/radio\/author\/nbasturias\/#author"},"image":{"@type":"ImageObject","url":"https:\/\/eldigitaldeasturias.com\/radio\/wp-content\/uploads\/2025\/11\/programa-de-Residencias-Asturias.jpg","@id":"https:\/\/eldigitaldeasturias.com\/radio\/abierta-la-convocatoria-de-residencias-para-companias-escenicas-asturianas\/#mainImage","width":1043,"height":425,"caption":"Foto: Prensa Gobierno de Asturias"},"primaryImageOfPage":{"@id":"https:\/\/eldigitaldeasturias.com\/radio\/abierta-la-convocatoria-de-residencias-para-companias-escenicas-asturianas\/#mainImage"},"datePublished":"2025-11-12T22:04:44+01:00","dateModified":"2025-11-12T22:04:44+01:00"},{"@type":"WebSite","@id":"https:\/\/eldigitaldeasturias.com\/radio\/#website","url":"https:\/\/eldigitaldeasturias.com\/radio\/","name":"El Digital de Asturias","description":"Diario de informaci\u00f3n y noticias","inLanguage":"es-ES","publisher":{"@id":"https:\/\/eldigitaldeasturias.com\/radio\/#organization"}}]},"og:locale":"es_ES","og:site_name":"El Digital de Asturias | Diario de informaci\u00f3n y noticias","og:type":"article","og:title":"Abierta la convocatoria de residencias para compa\u00f1\u00edas esc\u00e9nicas asturianas | El Digital de Asturias","og:description":"El Principado ha abierto la convocatoria del programa de Residencias para compa\u00f1\u00edas profesionales asturianas. Las estancias tendr\u00e1n lugar en Laboral","og:url":"https:\/\/eldigitaldeasturias.com\/radio\/abierta-la-convocatoria-de-residencias-para-companias-escenicas-asturianas\/","og:image":"https:\/\/eldigitaldeasturias.com\/radio\/wp-content\/uploads\/2025\/11\/programa-de-Residencias-Asturias.jpg","og:image:secure_url":"https:\/\/eldigitaldeasturias.com\/radio\/wp-content\/uploads\/2025\/11\/programa-de-Residencias-Asturias.jpg","og:image:width":1043,"og:image:height":425,"article:published_time":"2025-11-12T21:04:44+00:00","article:modified_time":"2025-11-12T21:04:44+00:00","twitter:card":"summary_large_image","twitter:site":"@bercodi","twitter:title":"Abierta la convocatoria de residencias para compa\u00f1\u00edas esc\u00e9nicas asturianas | El Digital de Asturias","twitter:description":"El Principado ha abierto la convocatoria del programa de Residencias para compa\u00f1\u00edas profesionales asturianas. Las estancias tendr\u00e1n lugar en Laboral","twitter:creator":"@bercodi","twitter:image":"https:\/\/eldigitaldeasturias.com\/radio\/wp-content\/uploads\/2025\/11\/programa-de-Residencias-Asturias.jpg"},"aioseo_meta_data":{"post_id":"11731","title":null,"description":"El Principado ha abierto la convocatoria del programa de Residencias para compa\u00f1\u00edas profesionales asturianas. Las estancias tendr\u00e1n lugar en Laboral","keywords":null,"keyphrases":{"focus":{"keyphrase":"Residencias","score":91,"analysis":{"keyphraseInTitle":{"score":9,"maxScore":9,"error":0},"keyphraseInDescription":{"score":9,"maxScore":9,"error":0},"keyphraseLength":{"score":9,"maxScore":9,"error":0,"length":1},"keyphraseInURL":{"score":5,"maxScore":5,"error":0},"keyphraseInIntroduction":{"score":9,"maxScore":9,"error":0},"keyphraseInSubHeadings":{"score":3,"maxScore":9,"error":1},"keyphraseInImageAlt":{"score":9,"maxScore":9,"error":0},"keywordDensity":{"type":"best","score":9,"maxScore":9,"error":0}}},"additional":[{"keyphrase":"Residencias","score":100,"analysis":{"keyphraseInDescription":{"score":9,"maxScore":9,"error":0},"keyphraseLength":{"score":9,"maxScore":9,"error":0,"length":1},"keyphraseInIntroduction":{"score":9,"maxScore":9,"error":0},"keyphraseInImageAlt":{"score":9,"maxScore":9,"error":0},"keywordDensity":{"type":"best","score":9,"maxScore":9,"error":0}}}]},"primary_term":null,"canonical_url":null,"og_title":null,"og_description":null,"og_object_type":"default","og_image_type":"default","og_image_url":null,"og_image_width":null,"og_image_height":null,"og_image_custom_url":null,"og_image_custom_fields":null,"og_video":"","og_custom_url":null,"og_article_section":null,"og_article_tags":null,"twitter_use_og":false,"twitter_card":"default","twitter_image_type":"default","twitter_image_url":null,"twitter_image_custom_url":null,"twitter_image_custom_fields":null,"twitter_title":null,"twitter_description":null,"schema":{"blockGraphs":[],"customGraphs":[],"default":{"data":{"Article":[],"Course":[],"Dataset":[],"FAQPage":[],"Movie":[],"Person":[],"Product":[],"ProductReview":[],"Car":[],"Recipe":[],"Service":[],"SoftwareApplication":[],"WebPage":[]},"graphName":"NewsArticle","isEnabled":true},"graphs":[]},"schema_type":"default","schema_type_options":null,"pillar_content":false,"robots_default":true,"robots_noindex":false,"robots_noarchive":false,"robots_nosnippet":false,"robots_nofollow":false,"robots_noimageindex":false,"robots_noodp":false,"robots_notranslate":false,"robots_max_snippet":"-1","robots_max_videopreview":"-1","robots_max_imagepreview":"large","priority":null,"frequency":"default","location":null,"local_seo":null,"seo_analyzer_scan_date":"2025-11-12 21:09:26","breadcrumb_settings":null,"limit_modified_date":false,"open_ai":null,"ai":{"faqs":[],"keyPoints":[],"titles":[],"descriptions":[],"socialPosts":{"email":[],"linkedin":[],"twitter":[],"facebook":[],"instagram":[]}},"created":"2025-11-12 20:59:06","updated":"2025-11-12 21:09:28"},"aioseo_breadcrumb":"<div class=\"aioseo-breadcrumbs\"><span class=\"aioseo-breadcrumb\">\n\t<a href=\"https:\/\/eldigitaldeasturias.com\/radio\" title=\"Inicio\">Inicio<\/a>\n<\/span><span class=\"aioseo-breadcrumb-separator\">&ndash;<\/span><span class=\"aioseo-breadcrumb\">\n\t<a href=\"https:\/\/eldigitaldeasturias.com\/radio\/category\/actualidad-asturias\/\" title=\"Actualidad Asturias\">Actualidad Asturias<\/a>\n<\/span><span class=\"aioseo-breadcrumb-separator\">&ndash;<\/span><span class=\"aioseo-breadcrumb\">\n\tAbierta la convocatoria de residencias para compa\u00f1\u00edas esc\u00e9nicas asturianas\n<\/span><\/div>","aioseo_breadcrumb_json":[{"label":"Inicio","link":"https:\/\/eldigitaldeasturias.com\/radio"},{"label":"Actualidad Asturias","link":"https:\/\/eldigitaldeasturias.com\/radio\/category\/actualidad-asturias\/"},{"label":"Abierta la convocatoria de residencias para compa\u00f1\u00edas esc\u00e9nicas asturianas","link":"https:\/\/eldigitaldeasturias.com\/radio\/abierta-la-convocatoria-de-residencias-para-companias-escenicas-asturianas\/"}],"_links":{"self":[{"href":"https:\/\/eldigitaldeasturias.com\/radio\/wp-json\/wp\/v2\/posts\/11731","targetHints":{"allow":["GET"]}}],"collection":[{"href":"https:\/\/eldigitaldeasturias.com\/radio\/wp-json\/wp\/v2\/posts"}],"about":[{"href":"https:\/\/eldigitaldeasturias.com\/radio\/wp-json\/wp\/v2\/types\/post"}],"author":[{"embeddable":true,"href":"https:\/\/eldigitaldeasturias.com\/radio\/wp-json\/wp\/v2\/users\/1"}],"replies":[{"embeddable":true,"href":"https:\/\/eldigitaldeasturias.com\/radio\/wp-json\/wp\/v2\/comments?post=11731"}],"version-history":[{"count":0,"href":"https:\/\/eldigitaldeasturias.com\/radio\/wp-json\/wp\/v2\/posts\/11731\/revisions"}],"wp:featuredmedia":[{"embeddable":true,"href":"https:\/\/eldigitaldeasturias.com\/radio\/wp-json\/wp\/v2\/media\/11732"}],"wp:attachment":[{"href":"https:\/\/eldigitaldeasturias.com\/radio\/wp-json\/wp\/v2\/media?parent=11731"}],"wp:term":[{"taxonomy":"category","embeddable":true,"href":"https:\/\/eldigitaldeasturias.com\/radio\/wp-json\/wp\/v2\/categories?post=11731"},{"taxonomy":"post_tag","embeddable":true,"href":"https:\/\/eldigitaldeasturias.com\/radio\/wp-json\/wp\/v2\/tags?post=11731"}],"curies":[{"name":"wp","href":"https:\/\/api.w.org\/{rel}","templated":true}]}}