{"id":11715,"date":"2025-11-12T21:05:29","date_gmt":"2025-11-12T20:05:29","guid":{"rendered":"https:\/\/eldigitaldeasturias.com\/radio\/?p=11715"},"modified":"2025-11-12T21:05:29","modified_gmt":"2025-11-12T20:05:29","slug":"asturias-recurrira-ante-el-supremo-la-sentencia-sobre-libre-designacion","status":"publish","type":"post","link":"https:\/\/eldigitaldeasturias.com\/radio\/asturias-recurrira-ante-el-supremo-la-sentencia-sobre-libre-designacion\/","title":{"rendered":"Asturias recurrir\u00e1 ante el Supremo la sentencia sobre libre designaci\u00f3n"},"content":{"rendered":"<p>El <span style=\"color: #ff6600;\"><a style=\"color: #ff6600;\" href=\"https:\/\/actualidad.asturias.es\/\" target=\"_blank\" rel=\"noopener\"><strong>Gobierno de Asturias<\/strong><\/a><\/span> presentar\u00e1 recurso ante el Tribunal Supremo para defender la legalidad y seguridad jur\u00eddica del sistema de provisi\u00f3n de puestos por libre designaci\u00f3n en la Administraci\u00f3n auton\u00f3mica.<\/p>\n<figure id=\"attachment_11716\" aria-describedby=\"caption-attachment-11716\" style=\"width: 650px\" class=\"wp-caption aligncenter\"><img fetchpriority=\"high\" decoding=\"async\" class=\"size-large wp-image-11716\" src=\"https:\/\/eldigitaldeasturias.com\/radio\/wp-content\/uploads\/2025\/11\/Asturias-recurrira-ante-el-Supremo-la-sentencia-sobre-libre-designacion-650x480.jpg\" alt=\"Asturias recurrir\u00e1 ante el Supremo la sentencia sobre libre designaci\u00f3n\" width=\"650\" height=\"480\" srcset=\"https:\/\/eldigitaldeasturias.com\/radio\/wp-content\/uploads\/2025\/11\/Asturias-recurrira-ante-el-Supremo-la-sentencia-sobre-libre-designacion-650x480.jpg 650w, https:\/\/eldigitaldeasturias.com\/radio\/wp-content\/uploads\/2025\/11\/Asturias-recurrira-ante-el-Supremo-la-sentencia-sobre-libre-designacion-360x266.jpg 360w, https:\/\/eldigitaldeasturias.com\/radio\/wp-content\/uploads\/2025\/11\/Asturias-recurrira-ante-el-Supremo-la-sentencia-sobre-libre-designacion-768x568.jpg 768w, https:\/\/eldigitaldeasturias.com\/radio\/wp-content\/uploads\/2025\/11\/Asturias-recurrira-ante-el-Supremo-la-sentencia-sobre-libre-designacion-150x111.jpg 150w, https:\/\/eldigitaldeasturias.com\/radio\/wp-content\/uploads\/2025\/11\/Asturias-recurrira-ante-el-Supremo-la-sentencia-sobre-libre-designacion-450x333.jpg 450w, https:\/\/eldigitaldeasturias.com\/radio\/wp-content\/uploads\/2025\/11\/Asturias-recurrira-ante-el-Supremo-la-sentencia-sobre-libre-designacion.jpg 915w\" sizes=\"(max-width: 650px) 100vw, 650px\" \/><figcaption id=\"caption-attachment-11716\" class=\"wp-caption-text\">Foto: Prensa Principado<\/figcaption><\/figure>\n<p>El <a href=\"https:\/\/eldigitaldeasturias.com\/radio\/el-principado-creara-una-escuela-online-de-asturiania\/\"><span style=\"color: #ff6600;\"><strong>Gobierno de Asturia<\/strong><\/span><\/a><span style=\"color: #ff6600;\"><strong>s<\/strong> <\/span>presentar\u00e1 recurso ante el Tribunal Supremo contra la sentencia del Tribunal Superior de Justicia de Asturias (TSJA) relativa a la catalogaci\u00f3n como de provisi\u00f3n por libre designaci\u00f3n de siete jefaturas de servicio de la Administraci\u00f3n auton\u00f3mica.<\/p>\n<h2>Defensa de la legalidad y la seguridad jur\u00eddica<\/h2>\n<p>El Ejecutivo act\u00faa con pleno respeto a las resoluciones judiciales y con el objetivo de defender la legalidad y la seguridad jur\u00eddica del sistema de provisi\u00f3n de estos puestos, previsto en la Ley del Principado de Asturias 2\/2023, de Empleo P\u00fablico, aprobada en la anterior legislatura con la abstenci\u00f3n del Partido Popular.<\/p>\n<p>La libre designaci\u00f3n es una figura legal, excepcional y regulada, reservada a puestos de especial responsabilidad y nivel m\u00e1s alto (nivel 30) cuyas funciones requieren un mayor margen de iniciativa, autonom\u00eda o discrecionalidad. En la Administraci\u00f3n auton\u00f3mica, solo el 3% de las jefaturas de servicio se cubren por este sistema, mientras que el 97% restante se proveen por concurso, conforme a los principios de m\u00e9rito y capacidad.<\/p>\n<h2>Sistema legal y pr\u00e1ctica habitual en las administraciones<\/h2>\n<p>La sentencia no cuestiona la legalidad del sistema, sino la motivaci\u00f3n de los expedientes administrativos, un aspecto que el gobierno reforzar\u00e1 cuando proceda para asegurar la m\u00e1xima transparencia y seguridad jur\u00eddica.<\/p>\n<p>Asimismo, el Principado recuerda que las convocatorias de libre designaci\u00f3n son p\u00fablicas y est\u00e1n abiertas a todo el personal funcionario que cumpla los requisitos establecidos. Adem\u00e1s, tres de las siete jefaturas de servicio citadas en la sentencia se encuentran actualmente cubiertas por concurso resuelto en 2022. Es decir, no se produjeron cambios en sus titulares y no est\u00e1n afectadas ni por la nueva forma de provisi\u00f3n ni por la sentencia.<\/p>\n<p>La libre designaci\u00f3n es un procedimiento ordinario en todas las administraciones p\u00fablicas, incluida la Administraci\u00f3n General del Estado y otras comunidades aut\u00f3nomas, y no supone ninguna irregularidad, sino una herramienta legal para asegurar perfiles altamente cualificados en puestos estrat\u00e9gicos de gesti\u00f3n.<\/p>\n","protected":false},"excerpt":{"rendered":"<p>El Gobierno de Asturias presentar\u00e1 recurso ante el Tribunal Supremo para defender la legalidad y seguridad jur\u00eddica del sistema de provisi\u00f3n de puestos por libre designaci\u00f3n en la Administraci\u00f3n auton\u00f3mica. El Gobierno de Asturias presentar\u00e1 recurso ante el Tribunal Supremo contra la sentencia del Tribunal Superior de Justicia de Asturias (TSJA) relativa a la catalogaci\u00f3n<\/p>\n","protected":false},"author":1,"featured_media":11716,"comment_status":"closed","ping_status":"closed","sticky":false,"template":"","format":"standard","meta":{"footnotes":""},"categories":[141],"tags":[42],"class_list":{"0":"post-11715","1":"post","2":"type-post","3":"status-publish","4":"format-standard","5":"has-post-thumbnail","7":"category-actualidad-asturias","8":"tag-asturias"},"aioseo_notices":[],"aioseo_head":"\n\t\t<!-- All in One SEO Pro 4.9.6.2 - aioseo.com -->\n\t<meta name=\"description\" content=\"El Gobierno de Asturias presentar\u00e1 recurso ante el Tribunal Supremo para defender la legalidad y seguridad jur\u00eddica del sistema de provisi\u00f3n de puestos\" \/>\n\t<meta name=\"robots\" content=\"max-image-preview:large\" \/>\n\t<meta name=\"author\" content=\"NBAsturias\"\/>\n\t<meta name=\"google-site-verification\" content=\"UA-38556648-1\" \/>\n\t<meta name=\"keywords\" content=\"actualidad asturias\" \/>\n\t<link rel=\"canonical\" href=\"https:\/\/eldigitaldeasturias.com\/radio\/asturias-recurrira-ante-el-supremo-la-sentencia-sobre-libre-designacion\/\" \/>\n\t<meta name=\"generator\" content=\"All in One SEO Pro (AIOSEO) 4.9.6.2\" \/>\n\t\t<meta property=\"og:locale\" content=\"es_ES\" \/>\n\t\t<meta property=\"og:site_name\" content=\"El Digital de Asturias | Diario de informaci\u00f3n y noticias\" \/>\n\t\t<meta property=\"og:type\" content=\"article\" \/>\n\t\t<meta property=\"og:title\" content=\"Asturias recurrir\u00e1 ante el Supremo la sentencia sobre libre designaci\u00f3n | El Digital de Asturias\" \/>\n\t\t<meta property=\"og:description\" content=\"El Gobierno de Asturias presentar\u00e1 recurso ante el Tribunal Supremo para defender la legalidad y seguridad jur\u00eddica del sistema de provisi\u00f3n de puestos\" \/>\n\t\t<meta property=\"og:url\" content=\"https:\/\/eldigitaldeasturias.com\/radio\/asturias-recurrira-ante-el-supremo-la-sentencia-sobre-libre-designacion\/\" \/>\n\t\t<meta property=\"og:image\" content=\"https:\/\/eldigitaldeasturias.com\/radio\/wp-content\/uploads\/2025\/11\/Asturias-recurrira-ante-el-Supremo-la-sentencia-sobre-libre-designacion.jpg\" \/>\n\t\t<meta property=\"og:image:secure_url\" content=\"https:\/\/eldigitaldeasturias.com\/radio\/wp-content\/uploads\/2025\/11\/Asturias-recurrira-ante-el-Supremo-la-sentencia-sobre-libre-designacion.jpg\" \/>\n\t\t<meta property=\"og:image:width\" content=\"915\" \/>\n\t\t<meta property=\"og:image:height\" content=\"677\" \/>\n\t\t<meta property=\"article:published_time\" content=\"2025-11-12T20:05:29+00:00\" \/>\n\t\t<meta property=\"article:modified_time\" content=\"2025-11-12T20:05:29+00:00\" \/>\n\t\t<meta name=\"twitter:card\" content=\"summary_large_image\" \/>\n\t\t<meta name=\"twitter:site\" content=\"@bercodi\" \/>\n\t\t<meta name=\"twitter:title\" content=\"Asturias recurrir\u00e1 ante el Supremo la sentencia sobre libre designaci\u00f3n | El Digital de Asturias\" \/>\n\t\t<meta name=\"twitter:description\" content=\"El Gobierno de Asturias presentar\u00e1 recurso ante el Tribunal Supremo para defender la legalidad y seguridad jur\u00eddica del sistema de provisi\u00f3n de puestos\" \/>\n\t\t<meta name=\"twitter:creator\" content=\"@bercodi\" \/>\n\t\t<meta name=\"twitter:image\" content=\"https:\/\/eldigitaldeasturias.com\/radio\/wp-content\/uploads\/2025\/11\/Asturias-recurrira-ante-el-Supremo-la-sentencia-sobre-libre-designacion.jpg\" \/>\n\t\t<script type=\"application\/ld+json\" class=\"aioseo-schema\">\n\t\t\t{\"@context\":\"https:\\\/\\\/schema.org\",\"@graph\":[{\"@type\":\"BreadcrumbList\",\"@id\":\"https:\\\/\\\/eldigitaldeasturias.com\\\/radio\\\/asturias-recurrira-ante-el-supremo-la-sentencia-sobre-libre-designacion\\\/#breadcrumblist\",\"itemListElement\":[{\"@type\":\"ListItem\",\"@id\":\"https:\\\/\\\/eldigitaldeasturias.com\\\/radio#listItem\",\"position\":1,\"name\":\"Inicio\",\"item\":\"https:\\\/\\\/eldigitaldeasturias.com\\\/radio\",\"nextItem\":{\"@type\":\"ListItem\",\"@id\":\"https:\\\/\\\/eldigitaldeasturias.com\\\/radio\\\/category\\\/actualidad-asturias\\\/#listItem\",\"name\":\"Actualidad Asturias\"}},{\"@type\":\"ListItem\",\"@id\":\"https:\\\/\\\/eldigitaldeasturias.com\\\/radio\\\/category\\\/actualidad-asturias\\\/#listItem\",\"position\":2,\"name\":\"Actualidad Asturias\",\"item\":\"https:\\\/\\\/eldigitaldeasturias.com\\\/radio\\\/category\\\/actualidad-asturias\\\/\",\"nextItem\":{\"@type\":\"ListItem\",\"@id\":\"https:\\\/\\\/eldigitaldeasturias.com\\\/radio\\\/asturias-recurrira-ante-el-supremo-la-sentencia-sobre-libre-designacion\\\/#listItem\",\"name\":\"Asturias recurrir\\u00e1 ante el Supremo la sentencia sobre libre designaci\\u00f3n\"},\"previousItem\":{\"@type\":\"ListItem\",\"@id\":\"https:\\\/\\\/eldigitaldeasturias.com\\\/radio#listItem\",\"name\":\"Inicio\"}},{\"@type\":\"ListItem\",\"@id\":\"https:\\\/\\\/eldigitaldeasturias.com\\\/radio\\\/asturias-recurrira-ante-el-supremo-la-sentencia-sobre-libre-designacion\\\/#listItem\",\"position\":3,\"name\":\"Asturias recurrir\\u00e1 ante el Supremo la sentencia sobre libre designaci\\u00f3n\",\"previousItem\":{\"@type\":\"ListItem\",\"@id\":\"https:\\\/\\\/eldigitaldeasturias.com\\\/radio\\\/category\\\/actualidad-asturias\\\/#listItem\",\"name\":\"Actualidad Asturias\"}}]},{\"@type\":\"NewsArticle\",\"@id\":\"https:\\\/\\\/eldigitaldeasturias.com\\\/radio\\\/asturias-recurrira-ante-el-supremo-la-sentencia-sobre-libre-designacion\\\/#newsarticle\",\"name\":\"Asturias recurrir\\u00e1 ante el Supremo la sentencia sobre libre designaci\\u00f3n | El Digital de Asturias\",\"headline\":\"Asturias recurrir\\u00e1 ante el Supremo la sentencia sobre libre designaci\\u00f3n\",\"author\":{\"@id\":\"https:\\\/\\\/eldigitaldeasturias.com\\\/radio\\\/author\\\/nbasturias\\\/#author\"},\"publisher\":{\"@id\":\"https:\\\/\\\/eldigitaldeasturias.com\\\/radio\\\/#organization\"},\"image\":{\"@type\":\"ImageObject\",\"url\":\"https:\\\/\\\/eldigitaldeasturias.com\\\/radio\\\/wp-content\\\/uploads\\\/2025\\\/11\\\/Asturias-recurrira-ante-el-Supremo-la-sentencia-sobre-libre-designacion.jpg\",\"width\":915,\"height\":677,\"caption\":\"Foto: Prensa Principado\"},\"datePublished\":\"2025-11-12T21:05:29+01:00\",\"dateModified\":\"2025-11-12T21:05:29+01:00\",\"inLanguage\":\"es-ES\",\"mainEntityOfPage\":{\"@id\":\"https:\\\/\\\/eldigitaldeasturias.com\\\/radio\\\/asturias-recurrira-ante-el-supremo-la-sentencia-sobre-libre-designacion\\\/#webpage\"},\"isPartOf\":{\"@id\":\"https:\\\/\\\/eldigitaldeasturias.com\\\/radio\\\/asturias-recurrira-ante-el-supremo-la-sentencia-sobre-libre-designacion\\\/#webpage\"},\"articleSection\":\"Actualidad Asturias, Asturias\",\"dateline\":\"Publicado el noviembre 12, 2025.\"},{\"@type\":\"Organization\",\"@id\":\"https:\\\/\\\/eldigitaldeasturias.com\\\/radio\\\/#organization\",\"name\":\"El digital de Asturias Radio\",\"description\":\"Diario de informaci\\u00f3n y noticias\",\"url\":\"https:\\\/\\\/eldigitaldeasturias.com\\\/radio\\\/\",\"telephone\":\"+34652131393\",\"logo\":{\"@type\":\"ImageObject\",\"url\":\"https:\\\/\\\/www.eldigitaldeasturias.com\\\/radio\\\/wp-content\\\/uploads\\\/2021\\\/03\\\/EDA.jpg\",\"@id\":\"https:\\\/\\\/eldigitaldeasturias.com\\\/radio\\\/asturias-recurrira-ante-el-supremo-la-sentencia-sobre-libre-designacion\\\/#organizationLogo\"},\"image\":{\"@id\":\"https:\\\/\\\/eldigitaldeasturias.com\\\/radio\\\/asturias-recurrira-ante-el-supremo-la-sentencia-sobre-libre-designacion\\\/#organizationLogo\"},\"sameAs\":[\"https:\\\/\\\/www.facebook.com\\\/\",\"https:\\\/\\\/x.com\\\/bercodi\",\"https:\\\/\\\/www.instagram.com\\\/\",\"https:\\\/\\\/www.youtube.com\\\/channel\\\/UCZP-2wLEB9Rv6erhFmqVnvg\"]},{\"@type\":\"Person\",\"@id\":\"https:\\\/\\\/eldigitaldeasturias.com\\\/radio\\\/author\\\/nbasturias\\\/#author\",\"url\":\"https:\\\/\\\/eldigitaldeasturias.com\\\/radio\\\/author\\\/nbasturias\\\/\",\"name\":\"NBAsturias\",\"image\":{\"@type\":\"ImageObject\",\"@id\":\"https:\\\/\\\/eldigitaldeasturias.com\\\/radio\\\/asturias-recurrira-ante-el-supremo-la-sentencia-sobre-libre-designacion\\\/#authorImage\",\"url\":\"https:\\\/\\\/secure.gravatar.com\\\/avatar\\\/df2aeffc32bcd13f8d26072ef8a91b623d677766deac7f97ca815868cd41bf5e?s=96&d=mm&r=g\",\"width\":96,\"height\":96,\"caption\":\"NBAsturias\"}},{\"@type\":\"WebPage\",\"@id\":\"https:\\\/\\\/eldigitaldeasturias.com\\\/radio\\\/asturias-recurrira-ante-el-supremo-la-sentencia-sobre-libre-designacion\\\/#webpage\",\"url\":\"https:\\\/\\\/eldigitaldeasturias.com\\\/radio\\\/asturias-recurrira-ante-el-supremo-la-sentencia-sobre-libre-designacion\\\/\",\"name\":\"Asturias recurrir\\u00e1 ante el Supremo la sentencia sobre libre designaci\\u00f3n | El Digital de Asturias\",\"description\":\"El Gobierno de Asturias presentar\\u00e1 recurso ante el Tribunal Supremo para defender la legalidad y seguridad jur\\u00eddica del sistema de provisi\\u00f3n de puestos\",\"inLanguage\":\"es-ES\",\"isPartOf\":{\"@id\":\"https:\\\/\\\/eldigitaldeasturias.com\\\/radio\\\/#website\"},\"breadcrumb\":{\"@id\":\"https:\\\/\\\/eldigitaldeasturias.com\\\/radio\\\/asturias-recurrira-ante-el-supremo-la-sentencia-sobre-libre-designacion\\\/#breadcrumblist\"},\"author\":{\"@id\":\"https:\\\/\\\/eldigitaldeasturias.com\\\/radio\\\/author\\\/nbasturias\\\/#author\"},\"creator\":{\"@id\":\"https:\\\/\\\/eldigitaldeasturias.com\\\/radio\\\/author\\\/nbasturias\\\/#author\"},\"image\":{\"@type\":\"ImageObject\",\"url\":\"https:\\\/\\\/eldigitaldeasturias.com\\\/radio\\\/wp-content\\\/uploads\\\/2025\\\/11\\\/Asturias-recurrira-ante-el-Supremo-la-sentencia-sobre-libre-designacion.jpg\",\"@id\":\"https:\\\/\\\/eldigitaldeasturias.com\\\/radio\\\/asturias-recurrira-ante-el-supremo-la-sentencia-sobre-libre-designacion\\\/#mainImage\",\"width\":915,\"height\":677,\"caption\":\"Foto: Prensa Principado\"},\"primaryImageOfPage\":{\"@id\":\"https:\\\/\\\/eldigitaldeasturias.com\\\/radio\\\/asturias-recurrira-ante-el-supremo-la-sentencia-sobre-libre-designacion\\\/#mainImage\"},\"datePublished\":\"2025-11-12T21:05:29+01:00\",\"dateModified\":\"2025-11-12T21:05:29+01:00\"},{\"@type\":\"WebSite\",\"@id\":\"https:\\\/\\\/eldigitaldeasturias.com\\\/radio\\\/#website\",\"url\":\"https:\\\/\\\/eldigitaldeasturias.com\\\/radio\\\/\",\"name\":\"El Digital de Asturias\",\"description\":\"Diario de informaci\\u00f3n y noticias\",\"inLanguage\":\"es-ES\",\"publisher\":{\"@id\":\"https:\\\/\\\/eldigitaldeasturias.com\\\/radio\\\/#organization\"}}]}\n\t\t<\/script>\n\t\t<!-- All in One SEO Pro -->\r\n\t\t<title>Asturias recurrir\u00e1 ante el Supremo la sentencia sobre libre designaci\u00f3n | El Digital de Asturias<\/title>\n\n","aioseo_head_json":{"title":"Asturias recurrir\u00e1 ante el Supremo la sentencia sobre libre designaci\u00f3n | El Digital de Asturias","description":"El Gobierno de Asturias presentar\u00e1 recurso ante el Tribunal Supremo para defender la legalidad y seguridad jur\u00eddica del sistema de provisi\u00f3n de puestos","canonical_url":"https:\/\/eldigitaldeasturias.com\/radio\/asturias-recurrira-ante-el-supremo-la-sentencia-sobre-libre-designacion\/","robots":"max-image-preview:large","keywords":"actualidad asturias","webmasterTools":{"google-site-verification":"UA-38556648-1","miscellaneous":""},"schema":{"@context":"https:\/\/schema.org","@graph":[{"@type":"BreadcrumbList","@id":"https:\/\/eldigitaldeasturias.com\/radio\/asturias-recurrira-ante-el-supremo-la-sentencia-sobre-libre-designacion\/#breadcrumblist","itemListElement":[{"@type":"ListItem","@id":"https:\/\/eldigitaldeasturias.com\/radio#listItem","position":1,"name":"Inicio","item":"https:\/\/eldigitaldeasturias.com\/radio","nextItem":{"@type":"ListItem","@id":"https:\/\/eldigitaldeasturias.com\/radio\/category\/actualidad-asturias\/#listItem","name":"Actualidad Asturias"}},{"@type":"ListItem","@id":"https:\/\/eldigitaldeasturias.com\/radio\/category\/actualidad-asturias\/#listItem","position":2,"name":"Actualidad Asturias","item":"https:\/\/eldigitaldeasturias.com\/radio\/category\/actualidad-asturias\/","nextItem":{"@type":"ListItem","@id":"https:\/\/eldigitaldeasturias.com\/radio\/asturias-recurrira-ante-el-supremo-la-sentencia-sobre-libre-designacion\/#listItem","name":"Asturias recurrir\u00e1 ante el Supremo la sentencia sobre libre designaci\u00f3n"},"previousItem":{"@type":"ListItem","@id":"https:\/\/eldigitaldeasturias.com\/radio#listItem","name":"Inicio"}},{"@type":"ListItem","@id":"https:\/\/eldigitaldeasturias.com\/radio\/asturias-recurrira-ante-el-supremo-la-sentencia-sobre-libre-designacion\/#listItem","position":3,"name":"Asturias recurrir\u00e1 ante el Supremo la sentencia sobre libre designaci\u00f3n","previousItem":{"@type":"ListItem","@id":"https:\/\/eldigitaldeasturias.com\/radio\/category\/actualidad-asturias\/#listItem","name":"Actualidad Asturias"}}]},{"@type":"NewsArticle","@id":"https:\/\/eldigitaldeasturias.com\/radio\/asturias-recurrira-ante-el-supremo-la-sentencia-sobre-libre-designacion\/#newsarticle","name":"Asturias recurrir\u00e1 ante el Supremo la sentencia sobre libre designaci\u00f3n | El Digital de Asturias","headline":"Asturias recurrir\u00e1 ante el Supremo la sentencia sobre libre designaci\u00f3n","author":{"@id":"https:\/\/eldigitaldeasturias.com\/radio\/author\/nbasturias\/#author"},"publisher":{"@id":"https:\/\/eldigitaldeasturias.com\/radio\/#organization"},"image":{"@type":"ImageObject","url":"https:\/\/eldigitaldeasturias.com\/radio\/wp-content\/uploads\/2025\/11\/Asturias-recurrira-ante-el-Supremo-la-sentencia-sobre-libre-designacion.jpg","width":915,"height":677,"caption":"Foto: Prensa Principado"},"datePublished":"2025-11-12T21:05:29+01:00","dateModified":"2025-11-12T21:05:29+01:00","inLanguage":"es-ES","mainEntityOfPage":{"@id":"https:\/\/eldigitaldeasturias.com\/radio\/asturias-recurrira-ante-el-supremo-la-sentencia-sobre-libre-designacion\/#webpage"},"isPartOf":{"@id":"https:\/\/eldigitaldeasturias.com\/radio\/asturias-recurrira-ante-el-supremo-la-sentencia-sobre-libre-designacion\/#webpage"},"articleSection":"Actualidad Asturias, Asturias","dateline":"Publicado el noviembre 12, 2025."},{"@type":"Organization","@id":"https:\/\/eldigitaldeasturias.com\/radio\/#organization","name":"El digital de Asturias Radio","description":"Diario de informaci\u00f3n y noticias","url":"https:\/\/eldigitaldeasturias.com\/radio\/","telephone":"+34652131393","logo":{"@type":"ImageObject","url":"https:\/\/www.eldigitaldeasturias.com\/radio\/wp-content\/uploads\/2021\/03\/EDA.jpg","@id":"https:\/\/eldigitaldeasturias.com\/radio\/asturias-recurrira-ante-el-supremo-la-sentencia-sobre-libre-designacion\/#organizationLogo"},"image":{"@id":"https:\/\/eldigitaldeasturias.com\/radio\/asturias-recurrira-ante-el-supremo-la-sentencia-sobre-libre-designacion\/#organizationLogo"},"sameAs":["https:\/\/www.facebook.com\/","https:\/\/x.com\/bercodi","https:\/\/www.instagram.com\/","https:\/\/www.youtube.com\/channel\/UCZP-2wLEB9Rv6erhFmqVnvg"]},{"@type":"Person","@id":"https:\/\/eldigitaldeasturias.com\/radio\/author\/nbasturias\/#author","url":"https:\/\/eldigitaldeasturias.com\/radio\/author\/nbasturias\/","name":"NBAsturias","image":{"@type":"ImageObject","@id":"https:\/\/eldigitaldeasturias.com\/radio\/asturias-recurrira-ante-el-supremo-la-sentencia-sobre-libre-designacion\/#authorImage","url":"https:\/\/secure.gravatar.com\/avatar\/df2aeffc32bcd13f8d26072ef8a91b623d677766deac7f97ca815868cd41bf5e?s=96&d=mm&r=g","width":96,"height":96,"caption":"NBAsturias"}},{"@type":"WebPage","@id":"https:\/\/eldigitaldeasturias.com\/radio\/asturias-recurrira-ante-el-supremo-la-sentencia-sobre-libre-designacion\/#webpage","url":"https:\/\/eldigitaldeasturias.com\/radio\/asturias-recurrira-ante-el-supremo-la-sentencia-sobre-libre-designacion\/","name":"Asturias recurrir\u00e1 ante el Supremo la sentencia sobre libre designaci\u00f3n | El Digital de Asturias","description":"El Gobierno de Asturias presentar\u00e1 recurso ante el Tribunal Supremo para defender la legalidad y seguridad jur\u00eddica del sistema de provisi\u00f3n de puestos","inLanguage":"es-ES","isPartOf":{"@id":"https:\/\/eldigitaldeasturias.com\/radio\/#website"},"breadcrumb":{"@id":"https:\/\/eldigitaldeasturias.com\/radio\/asturias-recurrira-ante-el-supremo-la-sentencia-sobre-libre-designacion\/#breadcrumblist"},"author":{"@id":"https:\/\/eldigitaldeasturias.com\/radio\/author\/nbasturias\/#author"},"creator":{"@id":"https:\/\/eldigitaldeasturias.com\/radio\/author\/nbasturias\/#author"},"image":{"@type":"ImageObject","url":"https:\/\/eldigitaldeasturias.com\/radio\/wp-content\/uploads\/2025\/11\/Asturias-recurrira-ante-el-Supremo-la-sentencia-sobre-libre-designacion.jpg","@id":"https:\/\/eldigitaldeasturias.com\/radio\/asturias-recurrira-ante-el-supremo-la-sentencia-sobre-libre-designacion\/#mainImage","width":915,"height":677,"caption":"Foto: Prensa Principado"},"primaryImageOfPage":{"@id":"https:\/\/eldigitaldeasturias.com\/radio\/asturias-recurrira-ante-el-supremo-la-sentencia-sobre-libre-designacion\/#mainImage"},"datePublished":"2025-11-12T21:05:29+01:00","dateModified":"2025-11-12T21:05:29+01:00"},{"@type":"WebSite","@id":"https:\/\/eldigitaldeasturias.com\/radio\/#website","url":"https:\/\/eldigitaldeasturias.com\/radio\/","name":"El Digital de Asturias","description":"Diario de informaci\u00f3n y noticias","inLanguage":"es-ES","publisher":{"@id":"https:\/\/eldigitaldeasturias.com\/radio\/#organization"}}]},"og:locale":"es_ES","og:site_name":"El Digital de Asturias | Diario de informaci\u00f3n y noticias","og:type":"article","og:title":"Asturias recurrir\u00e1 ante el Supremo la sentencia sobre libre designaci\u00f3n | El Digital de Asturias","og:description":"El Gobierno de Asturias presentar\u00e1 recurso ante el Tribunal Supremo para defender la legalidad y seguridad jur\u00eddica del sistema de provisi\u00f3n de puestos","og:url":"https:\/\/eldigitaldeasturias.com\/radio\/asturias-recurrira-ante-el-supremo-la-sentencia-sobre-libre-designacion\/","og:image":"https:\/\/eldigitaldeasturias.com\/radio\/wp-content\/uploads\/2025\/11\/Asturias-recurrira-ante-el-Supremo-la-sentencia-sobre-libre-designacion.jpg","og:image:secure_url":"https:\/\/eldigitaldeasturias.com\/radio\/wp-content\/uploads\/2025\/11\/Asturias-recurrira-ante-el-Supremo-la-sentencia-sobre-libre-designacion.jpg","og:image:width":915,"og:image:height":677,"article:published_time":"2025-11-12T20:05:29+00:00","article:modified_time":"2025-11-12T20:05:29+00:00","twitter:card":"summary_large_image","twitter:site":"@bercodi","twitter:title":"Asturias recurrir\u00e1 ante el Supremo la sentencia sobre libre designaci\u00f3n | El Digital de Asturias","twitter:description":"El Gobierno de Asturias presentar\u00e1 recurso ante el Tribunal Supremo para defender la legalidad y seguridad jur\u00eddica del sistema de provisi\u00f3n de puestos","twitter:creator":"@bercodi","twitter:image":"https:\/\/eldigitaldeasturias.com\/radio\/wp-content\/uploads\/2025\/11\/Asturias-recurrira-ante-el-Supremo-la-sentencia-sobre-libre-designacion.jpg"},"aioseo_meta_data":{"post_id":"11715","title":null,"description":"El Gobierno de Asturias presentar\u00e1 recurso ante el Tribunal Supremo para defender la legalidad y seguridad jur\u00eddica del sistema de provisi\u00f3n de puestos","keywords":null,"keyphrases":{"focus":{"keyphrase":"Asturias","score":91,"analysis":{"keyphraseInTitle":{"score":9,"maxScore":9,"error":0},"keyphraseInDescription":{"score":9,"maxScore":9,"error":0},"keyphraseLength":{"score":9,"maxScore":9,"error":0,"length":1},"keyphraseInURL":{"score":5,"maxScore":5,"error":0},"keyphraseInIntroduction":{"score":9,"maxScore":9,"error":0},"keyphraseInSubHeadings":{"score":3,"maxScore":9,"error":1},"keyphraseInImageAlt":{"score":9,"maxScore":9,"error":0},"keywordDensity":{"type":"best","score":9,"maxScore":9,"error":0}}},"additional":[{"keyphrase":"Asturias","score":100,"analysis":{"keyphraseInDescription":{"score":9,"maxScore":9,"error":0},"keyphraseLength":{"score":9,"maxScore":9,"error":0,"length":1},"keyphraseInIntroduction":{"score":9,"maxScore":9,"error":0},"keyphraseInImageAlt":{"score":9,"maxScore":9,"error":0},"keywordDensity":{"type":"best","score":9,"maxScore":9,"error":0}}}]},"primary_term":null,"canonical_url":null,"og_title":null,"og_description":null,"og_object_type":"default","og_image_type":"default","og_image_url":null,"og_image_width":null,"og_image_height":null,"og_image_custom_url":null,"og_image_custom_fields":null,"og_video":"","og_custom_url":null,"og_article_section":null,"og_article_tags":null,"twitter_use_og":false,"twitter_card":"default","twitter_image_type":"default","twitter_image_url":null,"twitter_image_custom_url":null,"twitter_image_custom_fields":null,"twitter_title":null,"twitter_description":null,"schema":{"blockGraphs":[],"customGraphs":[],"default":{"data":{"Article":[],"Course":[],"Dataset":[],"FAQPage":[],"Movie":[],"Person":[],"Product":[],"ProductReview":[],"Car":[],"Recipe":[],"Service":[],"SoftwareApplication":[],"WebPage":[]},"graphName":"NewsArticle","isEnabled":true},"graphs":[]},"schema_type":"default","schema_type_options":null,"pillar_content":false,"robots_default":true,"robots_noindex":false,"robots_noarchive":false,"robots_nosnippet":false,"robots_nofollow":false,"robots_noimageindex":false,"robots_noodp":false,"robots_notranslate":false,"robots_max_snippet":"-1","robots_max_videopreview":"-1","robots_max_imagepreview":"large","priority":null,"frequency":"default","location":null,"local_seo":null,"seo_analyzer_scan_date":"2025-11-12 20:19:16","breadcrumb_settings":null,"limit_modified_date":false,"open_ai":null,"ai":{"faqs":[],"keyPoints":[],"titles":[],"descriptions":[],"socialPosts":{"email":[],"linkedin":[],"twitter":[],"facebook":[],"instagram":[]}},"created":"2025-11-12 20:01:48","updated":"2025-11-12 20:19:16"},"aioseo_breadcrumb":"<div class=\"aioseo-breadcrumbs\"><span class=\"aioseo-breadcrumb\">\n\t<a href=\"https:\/\/eldigitaldeasturias.com\/radio\" title=\"Inicio\">Inicio<\/a>\n<\/span><span class=\"aioseo-breadcrumb-separator\">&ndash;<\/span><span class=\"aioseo-breadcrumb\">\n\t<a href=\"https:\/\/eldigitaldeasturias.com\/radio\/category\/actualidad-asturias\/\" title=\"Actualidad Asturias\">Actualidad Asturias<\/a>\n<\/span><span class=\"aioseo-breadcrumb-separator\">&ndash;<\/span><span class=\"aioseo-breadcrumb\">\n\tAsturias recurrir\u00e1 ante el Supremo la sentencia sobre libre designaci\u00f3n\n<\/span><\/div>","aioseo_breadcrumb_json":[{"label":"Inicio","link":"https:\/\/eldigitaldeasturias.com\/radio"},{"label":"Actualidad Asturias","link":"https:\/\/eldigitaldeasturias.com\/radio\/category\/actualidad-asturias\/"},{"label":"Asturias recurrir\u00e1 ante el Supremo la sentencia sobre libre designaci\u00f3n","link":"https:\/\/eldigitaldeasturias.com\/radio\/asturias-recurrira-ante-el-supremo-la-sentencia-sobre-libre-designacion\/"}],"_links":{"self":[{"href":"https:\/\/eldigitaldeasturias.com\/radio\/wp-json\/wp\/v2\/posts\/11715","targetHints":{"allow":["GET"]}}],"collection":[{"href":"https:\/\/eldigitaldeasturias.com\/radio\/wp-json\/wp\/v2\/posts"}],"about":[{"href":"https:\/\/eldigitaldeasturias.com\/radio\/wp-json\/wp\/v2\/types\/post"}],"author":[{"embeddable":true,"href":"https:\/\/eldigitaldeasturias.com\/radio\/wp-json\/wp\/v2\/users\/1"}],"replies":[{"embeddable":true,"href":"https:\/\/eldigitaldeasturias.com\/radio\/wp-json\/wp\/v2\/comments?post=11715"}],"version-history":[{"count":0,"href":"https:\/\/eldigitaldeasturias.com\/radio\/wp-json\/wp\/v2\/posts\/11715\/revisions"}],"wp:featuredmedia":[{"embeddable":true,"href":"https:\/\/eldigitaldeasturias.com\/radio\/wp-json\/wp\/v2\/media\/11716"}],"wp:attachment":[{"href":"https:\/\/eldigitaldeasturias.com\/radio\/wp-json\/wp\/v2\/media?parent=11715"}],"wp:term":[{"taxonomy":"category","embeddable":true,"href":"https:\/\/eldigitaldeasturias.com\/radio\/wp-json\/wp\/v2\/categories?post=11715"},{"taxonomy":"post_tag","embeddable":true,"href":"https:\/\/eldigitaldeasturias.com\/radio\/wp-json\/wp\/v2\/tags?post=11715"}],"curies":[{"name":"wp","href":"https:\/\/api.w.org\/{rel}","templated":true}]}}