{"id":11649,"date":"2025-11-06T11:32:39","date_gmt":"2025-11-06T10:32:39","guid":{"rendered":"https:\/\/eldigitaldeasturias.com\/radio\/?p=11649"},"modified":"2025-11-06T11:32:39","modified_gmt":"2025-11-06T10:32:39","slug":"barbon-y-urkullu-analizan-la-creacion-de-la-macrorregion-atlantica","status":"publish","type":"post","link":"https:\/\/eldigitaldeasturias.com\/radio\/barbon-y-urkullu-analizan-la-creacion-de-la-macrorregion-atlantica\/","title":{"rendered":"Barb\u00f3n y Urkullu analizan la creaci\u00f3n de la Macrorregi\u00f3n Atl\u00e1ntica"},"content":{"rendered":"<p data-start=\"482\" data-end=\"757\">El presidente del <span style=\"color: #ff6600;\"><a style=\"color: #ff6600;\" href=\"https:\/\/actualidad.asturias.es\/\" target=\"_blank\" rel=\"noopener\"><strong>Principado<\/strong><\/a><\/span>, Adri\u00e1n Barb\u00f3n, ha mantenido un encuentro con el ex lehendakari \u00cd\u00f1igo Urkullu, actual presidente de la Fundaci\u00f3n eAtlantic, con el fin de analizar f\u00f3rmulas de colaboraci\u00f3n que permitan dar mayor peso a la fachada atl\u00e1ntica en el contexto europeo.<\/p>\n<figure id=\"attachment_11650\" aria-describedby=\"caption-attachment-11650\" style=\"width: 650px\" class=\"wp-caption aligncenter\"><img fetchpriority=\"high\" decoding=\"async\" class=\"size-large wp-image-11650\" src=\"https:\/\/eldigitaldeasturias.com\/radio\/wp-content\/uploads\/2025\/11\/Barbon-y-Urkullu-analizan-la-creacion-de-la-Macrorregion-Atlantica-650x428.jpg\" alt=\"Barb\u00f3n y Urkullu analizan la creaci\u00f3n de la Macrorregi\u00f3n Atl\u00e1ntica\" width=\"650\" height=\"428\" srcset=\"https:\/\/eldigitaldeasturias.com\/radio\/wp-content\/uploads\/2025\/11\/Barbon-y-Urkullu-analizan-la-creacion-de-la-Macrorregion-Atlantica-650x428.jpg 650w, https:\/\/eldigitaldeasturias.com\/radio\/wp-content\/uploads\/2025\/11\/Barbon-y-Urkullu-analizan-la-creacion-de-la-Macrorregion-Atlantica-360x237.jpg 360w, https:\/\/eldigitaldeasturias.com\/radio\/wp-content\/uploads\/2025\/11\/Barbon-y-Urkullu-analizan-la-creacion-de-la-Macrorregion-Atlantica-768x505.jpg 768w, https:\/\/eldigitaldeasturias.com\/radio\/wp-content\/uploads\/2025\/11\/Barbon-y-Urkullu-analizan-la-creacion-de-la-Macrorregion-Atlantica-150x99.jpg 150w, https:\/\/eldigitaldeasturias.com\/radio\/wp-content\/uploads\/2025\/11\/Barbon-y-Urkullu-analizan-la-creacion-de-la-Macrorregion-Atlantica-450x296.jpg 450w, https:\/\/eldigitaldeasturias.com\/radio\/wp-content\/uploads\/2025\/11\/Barbon-y-Urkullu-analizan-la-creacion-de-la-Macrorregion-Atlantica.jpg 991w\" sizes=\"(max-width: 650px) 100vw, 650px\" \/><figcaption id=\"caption-attachment-11650\" class=\"wp-caption-text\">Foto: Prensa Principado de Asturias<\/figcaption><\/figure>\n<p data-start=\"759\" data-end=\"1040\">Durante la reuni\u00f3n, Barb\u00f3n ha podido conocer los objetivos de la fundaci\u00f3n, constituida en abril y orientada a impulsar la prosperidad de las comunidades que integran este espacio geogr\u00e1fico, adem\u00e1s de promover una gobernanza participativa con apoyo de agentes p\u00fablicos y privados.<\/p>\n<p data-start=\"1042\" data-end=\"1574\">En este marco, eAtlantic tambi\u00e9n trabaja para favorecer la constituci\u00f3n de la Macrorregi\u00f3n Atl\u00e1ntica, una iniciativa que el Gobierno de Asturias ha defendido en distintos foros, consciente de la dificultad de afrontar los desaf\u00edos de futuro de manera aislada. Asturias comparte intereses con otras regiones atl\u00e1nticas en \u00e1mbitos como el <a href=\"https:\/\/candas365.es\/noticias\/category\/turismo\/\" target=\"_blank\" rel=\"noopener\"><span style=\"color: #ff6600;\"><strong>turismo<\/strong><\/span><\/a>, la log\u00edstica, el hidr\u00f3geno verde, las energ\u00edas marinas o las conexiones mar\u00edtimas, y apuesta por estructuras de gobernanza que permitan participar activamente en decisiones estrat\u00e9gicas.<\/p>\n<p data-start=\"1576\" data-end=\"2031\">La f\u00f3rmula jur\u00eddica de la macrorregi\u00f3n permitir\u00eda avanzar en posiciones comunes y defender con m\u00e1s fuerza los intereses del Principado ante la Uni\u00f3n Europea. Adem\u00e1s, contribuir\u00eda a situar <strong><a href=\"https:\/\/eldigitaldeasturias.com\/radio\/category\/actualidad-asturias\/\"><span style=\"color: #ff6600;\">Asturias<\/span><\/a><\/strong> como polo log\u00edstico del Cant\u00e1brico, uno de los principales objetivos estrat\u00e9gicos de los pr\u00f3ximos a\u00f1os. En este contexto, el corredor atl\u00e1ntico adquiere especial relevancia como eje de progreso econ\u00f3mico y social para las comunidades de la fachada atl\u00e1ntica.<\/p>\n","protected":false},"excerpt":{"rendered":"<p>El presidente del Principado, Adri\u00e1n Barb\u00f3n, ha mantenido un encuentro con el ex lehendakari \u00cd\u00f1igo Urkullu, actual presidente de la Fundaci\u00f3n eAtlantic, con el fin de analizar f\u00f3rmulas de colaboraci\u00f3n que permitan dar mayor peso a la fachada atl\u00e1ntica en el contexto europeo. Durante la reuni\u00f3n, Barb\u00f3n ha podido conocer los objetivos de la fundaci\u00f3n,<\/p>\n","protected":false},"author":1,"featured_media":11650,"comment_status":"closed","ping_status":"closed","sticky":false,"template":"","format":"standard","meta":{"footnotes":""},"categories":[141],"tags":[42],"class_list":{"0":"post-11649","1":"post","2":"type-post","3":"status-publish","4":"format-standard","5":"has-post-thumbnail","7":"category-actualidad-asturias","8":"tag-asturias"},"aioseo_notices":[],"aioseo_head":"\n\t\t<!-- All in One SEO Pro 4.9.6.2 - aioseo.com -->\n\t<meta name=\"description\" content=\"El presidente del Principado, Adri\u00e1n Barb\u00f3n, ha mantenido un encuentro con el ex lehendakari \u00cd\u00f1igo Urkullu, actual presidente de la Fundaci\u00f3n eAtlantic\" \/>\n\t<meta name=\"robots\" content=\"max-image-preview:large\" \/>\n\t<meta name=\"author\" content=\"NBAsturias\"\/>\n\t<meta name=\"google-site-verification\" content=\"UA-38556648-1\" \/>\n\t<meta name=\"keywords\" content=\"actualidad asturias\" \/>\n\t<link rel=\"canonical\" href=\"https:\/\/eldigitaldeasturias.com\/radio\/barbon-y-urkullu-analizan-la-creacion-de-la-macrorregion-atlantica\/\" \/>\n\t<meta name=\"generator\" content=\"All in One SEO Pro (AIOSEO) 4.9.6.2\" \/>\n\t\t<meta property=\"og:locale\" content=\"es_ES\" \/>\n\t\t<meta property=\"og:site_name\" content=\"El Digital de Asturias | Diario de informaci\u00f3n y noticias\" \/>\n\t\t<meta property=\"og:type\" content=\"article\" \/>\n\t\t<meta property=\"og:title\" content=\"Barb\u00f3n y Urkullu analizan la creaci\u00f3n de la Macrorregi\u00f3n Atl\u00e1ntica | El Digital de Asturias\" \/>\n\t\t<meta property=\"og:description\" content=\"El presidente del Principado, Adri\u00e1n Barb\u00f3n, ha mantenido un encuentro con el ex lehendakari \u00cd\u00f1igo Urkullu, actual presidente de la Fundaci\u00f3n eAtlantic\" \/>\n\t\t<meta property=\"og:url\" content=\"https:\/\/eldigitaldeasturias.com\/radio\/barbon-y-urkullu-analizan-la-creacion-de-la-macrorregion-atlantica\/\" \/>\n\t\t<meta property=\"og:image\" content=\"https:\/\/eldigitaldeasturias.com\/radio\/wp-content\/uploads\/2025\/11\/Barbon-y-Urkullu-analizan-la-creacion-de-la-Macrorregion-Atlantica.jpg\" \/>\n\t\t<meta property=\"og:image:secure_url\" content=\"https:\/\/eldigitaldeasturias.com\/radio\/wp-content\/uploads\/2025\/11\/Barbon-y-Urkullu-analizan-la-creacion-de-la-Macrorregion-Atlantica.jpg\" \/>\n\t\t<meta property=\"og:image:width\" content=\"991\" \/>\n\t\t<meta property=\"og:image:height\" content=\"652\" \/>\n\t\t<meta property=\"article:published_time\" content=\"2025-11-06T10:32:39+00:00\" \/>\n\t\t<meta property=\"article:modified_time\" content=\"2025-11-06T10:32:39+00:00\" \/>\n\t\t<meta name=\"twitter:card\" content=\"summary_large_image\" \/>\n\t\t<meta name=\"twitter:site\" content=\"@bercodi\" \/>\n\t\t<meta name=\"twitter:title\" content=\"Barb\u00f3n y Urkullu analizan la creaci\u00f3n de la Macrorregi\u00f3n Atl\u00e1ntica | El Digital de Asturias\" \/>\n\t\t<meta name=\"twitter:description\" content=\"El presidente del Principado, Adri\u00e1n Barb\u00f3n, ha mantenido un encuentro con el ex lehendakari \u00cd\u00f1igo Urkullu, actual presidente de la Fundaci\u00f3n eAtlantic\" \/>\n\t\t<meta name=\"twitter:creator\" content=\"@bercodi\" \/>\n\t\t<meta name=\"twitter:image\" content=\"https:\/\/eldigitaldeasturias.com\/radio\/wp-content\/uploads\/2025\/11\/Barbon-y-Urkullu-analizan-la-creacion-de-la-Macrorregion-Atlantica.jpg\" \/>\n\t\t<script type=\"application\/ld+json\" class=\"aioseo-schema\">\n\t\t\t{\"@context\":\"https:\\\/\\\/schema.org\",\"@graph\":[{\"@type\":\"BreadcrumbList\",\"@id\":\"https:\\\/\\\/eldigitaldeasturias.com\\\/radio\\\/barbon-y-urkullu-analizan-la-creacion-de-la-macrorregion-atlantica\\\/#breadcrumblist\",\"itemListElement\":[{\"@type\":\"ListItem\",\"@id\":\"https:\\\/\\\/eldigitaldeasturias.com\\\/radio#listItem\",\"position\":1,\"name\":\"Inicio\",\"item\":\"https:\\\/\\\/eldigitaldeasturias.com\\\/radio\",\"nextItem\":{\"@type\":\"ListItem\",\"@id\":\"https:\\\/\\\/eldigitaldeasturias.com\\\/radio\\\/category\\\/actualidad-asturias\\\/#listItem\",\"name\":\"Actualidad Asturias\"}},{\"@type\":\"ListItem\",\"@id\":\"https:\\\/\\\/eldigitaldeasturias.com\\\/radio\\\/category\\\/actualidad-asturias\\\/#listItem\",\"position\":2,\"name\":\"Actualidad Asturias\",\"item\":\"https:\\\/\\\/eldigitaldeasturias.com\\\/radio\\\/category\\\/actualidad-asturias\\\/\",\"nextItem\":{\"@type\":\"ListItem\",\"@id\":\"https:\\\/\\\/eldigitaldeasturias.com\\\/radio\\\/barbon-y-urkullu-analizan-la-creacion-de-la-macrorregion-atlantica\\\/#listItem\",\"name\":\"Barb\\u00f3n y Urkullu analizan la creaci\\u00f3n de la Macrorregi\\u00f3n Atl\\u00e1ntica\"},\"previousItem\":{\"@type\":\"ListItem\",\"@id\":\"https:\\\/\\\/eldigitaldeasturias.com\\\/radio#listItem\",\"name\":\"Inicio\"}},{\"@type\":\"ListItem\",\"@id\":\"https:\\\/\\\/eldigitaldeasturias.com\\\/radio\\\/barbon-y-urkullu-analizan-la-creacion-de-la-macrorregion-atlantica\\\/#listItem\",\"position\":3,\"name\":\"Barb\\u00f3n y Urkullu analizan la creaci\\u00f3n de la Macrorregi\\u00f3n Atl\\u00e1ntica\",\"previousItem\":{\"@type\":\"ListItem\",\"@id\":\"https:\\\/\\\/eldigitaldeasturias.com\\\/radio\\\/category\\\/actualidad-asturias\\\/#listItem\",\"name\":\"Actualidad Asturias\"}}]},{\"@type\":\"NewsArticle\",\"@id\":\"https:\\\/\\\/eldigitaldeasturias.com\\\/radio\\\/barbon-y-urkullu-analizan-la-creacion-de-la-macrorregion-atlantica\\\/#newsarticle\",\"name\":\"Barb\\u00f3n y Urkullu analizan la creaci\\u00f3n de la Macrorregi\\u00f3n Atl\\u00e1ntica | El Digital de Asturias\",\"headline\":\"Barb\\u00f3n y Urkullu analizan la creaci\\u00f3n de la Macrorregi\\u00f3n Atl\\u00e1ntica\",\"author\":{\"@id\":\"https:\\\/\\\/eldigitaldeasturias.com\\\/radio\\\/author\\\/nbasturias\\\/#author\"},\"publisher\":{\"@id\":\"https:\\\/\\\/eldigitaldeasturias.com\\\/radio\\\/#organization\"},\"image\":{\"@type\":\"ImageObject\",\"url\":\"https:\\\/\\\/eldigitaldeasturias.com\\\/radio\\\/wp-content\\\/uploads\\\/2025\\\/11\\\/Barbon-y-Urkullu-analizan-la-creacion-de-la-Macrorregion-Atlantica.jpg\",\"width\":991,\"height\":652,\"caption\":\"Foto: Prensa Principado de Asturias\"},\"datePublished\":\"2025-11-06T11:32:39+01:00\",\"dateModified\":\"2025-11-06T11:32:39+01:00\",\"inLanguage\":\"es-ES\",\"mainEntityOfPage\":{\"@id\":\"https:\\\/\\\/eldigitaldeasturias.com\\\/radio\\\/barbon-y-urkullu-analizan-la-creacion-de-la-macrorregion-atlantica\\\/#webpage\"},\"isPartOf\":{\"@id\":\"https:\\\/\\\/eldigitaldeasturias.com\\\/radio\\\/barbon-y-urkullu-analizan-la-creacion-de-la-macrorregion-atlantica\\\/#webpage\"},\"articleSection\":\"Actualidad Asturias, Asturias\",\"dateline\":\"Publicado el noviembre 6, 2025.\"},{\"@type\":\"Organization\",\"@id\":\"https:\\\/\\\/eldigitaldeasturias.com\\\/radio\\\/#organization\",\"name\":\"El digital de Asturias Radio\",\"description\":\"Diario de informaci\\u00f3n y noticias\",\"url\":\"https:\\\/\\\/eldigitaldeasturias.com\\\/radio\\\/\",\"telephone\":\"+34652131393\",\"logo\":{\"@type\":\"ImageObject\",\"url\":\"https:\\\/\\\/www.eldigitaldeasturias.com\\\/radio\\\/wp-content\\\/uploads\\\/2021\\\/03\\\/EDA.jpg\",\"@id\":\"https:\\\/\\\/eldigitaldeasturias.com\\\/radio\\\/barbon-y-urkullu-analizan-la-creacion-de-la-macrorregion-atlantica\\\/#organizationLogo\"},\"image\":{\"@id\":\"https:\\\/\\\/eldigitaldeasturias.com\\\/radio\\\/barbon-y-urkullu-analizan-la-creacion-de-la-macrorregion-atlantica\\\/#organizationLogo\"},\"sameAs\":[\"https:\\\/\\\/www.facebook.com\\\/\",\"https:\\\/\\\/x.com\\\/bercodi\",\"https:\\\/\\\/www.instagram.com\\\/\",\"https:\\\/\\\/www.youtube.com\\\/channel\\\/UCZP-2wLEB9Rv6erhFmqVnvg\"]},{\"@type\":\"Person\",\"@id\":\"https:\\\/\\\/eldigitaldeasturias.com\\\/radio\\\/author\\\/nbasturias\\\/#author\",\"url\":\"https:\\\/\\\/eldigitaldeasturias.com\\\/radio\\\/author\\\/nbasturias\\\/\",\"name\":\"NBAsturias\",\"image\":{\"@type\":\"ImageObject\",\"@id\":\"https:\\\/\\\/eldigitaldeasturias.com\\\/radio\\\/barbon-y-urkullu-analizan-la-creacion-de-la-macrorregion-atlantica\\\/#authorImage\",\"url\":\"https:\\\/\\\/secure.gravatar.com\\\/avatar\\\/df2aeffc32bcd13f8d26072ef8a91b623d677766deac7f97ca815868cd41bf5e?s=96&d=mm&r=g\",\"width\":96,\"height\":96,\"caption\":\"NBAsturias\"}},{\"@type\":\"WebPage\",\"@id\":\"https:\\\/\\\/eldigitaldeasturias.com\\\/radio\\\/barbon-y-urkullu-analizan-la-creacion-de-la-macrorregion-atlantica\\\/#webpage\",\"url\":\"https:\\\/\\\/eldigitaldeasturias.com\\\/radio\\\/barbon-y-urkullu-analizan-la-creacion-de-la-macrorregion-atlantica\\\/\",\"name\":\"Barb\\u00f3n y Urkullu analizan la creaci\\u00f3n de la Macrorregi\\u00f3n Atl\\u00e1ntica | El Digital de Asturias\",\"description\":\"El presidente del Principado, Adri\\u00e1n Barb\\u00f3n, ha mantenido un encuentro con el ex lehendakari \\u00cd\\u00f1igo Urkullu, actual presidente de la Fundaci\\u00f3n eAtlantic\",\"inLanguage\":\"es-ES\",\"isPartOf\":{\"@id\":\"https:\\\/\\\/eldigitaldeasturias.com\\\/radio\\\/#website\"},\"breadcrumb\":{\"@id\":\"https:\\\/\\\/eldigitaldeasturias.com\\\/radio\\\/barbon-y-urkullu-analizan-la-creacion-de-la-macrorregion-atlantica\\\/#breadcrumblist\"},\"author\":{\"@id\":\"https:\\\/\\\/eldigitaldeasturias.com\\\/radio\\\/author\\\/nbasturias\\\/#author\"},\"creator\":{\"@id\":\"https:\\\/\\\/eldigitaldeasturias.com\\\/radio\\\/author\\\/nbasturias\\\/#author\"},\"image\":{\"@type\":\"ImageObject\",\"url\":\"https:\\\/\\\/eldigitaldeasturias.com\\\/radio\\\/wp-content\\\/uploads\\\/2025\\\/11\\\/Barbon-y-Urkullu-analizan-la-creacion-de-la-Macrorregion-Atlantica.jpg\",\"@id\":\"https:\\\/\\\/eldigitaldeasturias.com\\\/radio\\\/barbon-y-urkullu-analizan-la-creacion-de-la-macrorregion-atlantica\\\/#mainImage\",\"width\":991,\"height\":652,\"caption\":\"Foto: Prensa Principado de Asturias\"},\"primaryImageOfPage\":{\"@id\":\"https:\\\/\\\/eldigitaldeasturias.com\\\/radio\\\/barbon-y-urkullu-analizan-la-creacion-de-la-macrorregion-atlantica\\\/#mainImage\"},\"datePublished\":\"2025-11-06T11:32:39+01:00\",\"dateModified\":\"2025-11-06T11:32:39+01:00\"},{\"@type\":\"WebSite\",\"@id\":\"https:\\\/\\\/eldigitaldeasturias.com\\\/radio\\\/#website\",\"url\":\"https:\\\/\\\/eldigitaldeasturias.com\\\/radio\\\/\",\"name\":\"El Digital de Asturias\",\"description\":\"Diario de informaci\\u00f3n y noticias\",\"inLanguage\":\"es-ES\",\"publisher\":{\"@id\":\"https:\\\/\\\/eldigitaldeasturias.com\\\/radio\\\/#organization\"}}]}\n\t\t<\/script>\n\t\t<!-- All in One SEO Pro -->\r\n\t\t<title>Barb\u00f3n y Urkullu analizan la creaci\u00f3n de la Macrorregi\u00f3n Atl\u00e1ntica | El Digital de Asturias<\/title>\n\n","aioseo_head_json":{"title":"Barb\u00f3n y Urkullu analizan la creaci\u00f3n de la Macrorregi\u00f3n Atl\u00e1ntica | El Digital de Asturias","description":"El presidente del Principado, Adri\u00e1n Barb\u00f3n, ha mantenido un encuentro con el ex lehendakari \u00cd\u00f1igo Urkullu, actual presidente de la Fundaci\u00f3n eAtlantic","canonical_url":"https:\/\/eldigitaldeasturias.com\/radio\/barbon-y-urkullu-analizan-la-creacion-de-la-macrorregion-atlantica\/","robots":"max-image-preview:large","keywords":"actualidad asturias","webmasterTools":{"google-site-verification":"UA-38556648-1","miscellaneous":""},"schema":{"@context":"https:\/\/schema.org","@graph":[{"@type":"BreadcrumbList","@id":"https:\/\/eldigitaldeasturias.com\/radio\/barbon-y-urkullu-analizan-la-creacion-de-la-macrorregion-atlantica\/#breadcrumblist","itemListElement":[{"@type":"ListItem","@id":"https:\/\/eldigitaldeasturias.com\/radio#listItem","position":1,"name":"Inicio","item":"https:\/\/eldigitaldeasturias.com\/radio","nextItem":{"@type":"ListItem","@id":"https:\/\/eldigitaldeasturias.com\/radio\/category\/actualidad-asturias\/#listItem","name":"Actualidad Asturias"}},{"@type":"ListItem","@id":"https:\/\/eldigitaldeasturias.com\/radio\/category\/actualidad-asturias\/#listItem","position":2,"name":"Actualidad Asturias","item":"https:\/\/eldigitaldeasturias.com\/radio\/category\/actualidad-asturias\/","nextItem":{"@type":"ListItem","@id":"https:\/\/eldigitaldeasturias.com\/radio\/barbon-y-urkullu-analizan-la-creacion-de-la-macrorregion-atlantica\/#listItem","name":"Barb\u00f3n y Urkullu analizan la creaci\u00f3n de la Macrorregi\u00f3n Atl\u00e1ntica"},"previousItem":{"@type":"ListItem","@id":"https:\/\/eldigitaldeasturias.com\/radio#listItem","name":"Inicio"}},{"@type":"ListItem","@id":"https:\/\/eldigitaldeasturias.com\/radio\/barbon-y-urkullu-analizan-la-creacion-de-la-macrorregion-atlantica\/#listItem","position":3,"name":"Barb\u00f3n y Urkullu analizan la creaci\u00f3n de la Macrorregi\u00f3n Atl\u00e1ntica","previousItem":{"@type":"ListItem","@id":"https:\/\/eldigitaldeasturias.com\/radio\/category\/actualidad-asturias\/#listItem","name":"Actualidad Asturias"}}]},{"@type":"NewsArticle","@id":"https:\/\/eldigitaldeasturias.com\/radio\/barbon-y-urkullu-analizan-la-creacion-de-la-macrorregion-atlantica\/#newsarticle","name":"Barb\u00f3n y Urkullu analizan la creaci\u00f3n de la Macrorregi\u00f3n Atl\u00e1ntica | El Digital de Asturias","headline":"Barb\u00f3n y Urkullu analizan la creaci\u00f3n de la Macrorregi\u00f3n Atl\u00e1ntica","author":{"@id":"https:\/\/eldigitaldeasturias.com\/radio\/author\/nbasturias\/#author"},"publisher":{"@id":"https:\/\/eldigitaldeasturias.com\/radio\/#organization"},"image":{"@type":"ImageObject","url":"https:\/\/eldigitaldeasturias.com\/radio\/wp-content\/uploads\/2025\/11\/Barbon-y-Urkullu-analizan-la-creacion-de-la-Macrorregion-Atlantica.jpg","width":991,"height":652,"caption":"Foto: Prensa Principado de Asturias"},"datePublished":"2025-11-06T11:32:39+01:00","dateModified":"2025-11-06T11:32:39+01:00","inLanguage":"es-ES","mainEntityOfPage":{"@id":"https:\/\/eldigitaldeasturias.com\/radio\/barbon-y-urkullu-analizan-la-creacion-de-la-macrorregion-atlantica\/#webpage"},"isPartOf":{"@id":"https:\/\/eldigitaldeasturias.com\/radio\/barbon-y-urkullu-analizan-la-creacion-de-la-macrorregion-atlantica\/#webpage"},"articleSection":"Actualidad Asturias, Asturias","dateline":"Publicado el noviembre 6, 2025."},{"@type":"Organization","@id":"https:\/\/eldigitaldeasturias.com\/radio\/#organization","name":"El digital de Asturias Radio","description":"Diario de informaci\u00f3n y noticias","url":"https:\/\/eldigitaldeasturias.com\/radio\/","telephone":"+34652131393","logo":{"@type":"ImageObject","url":"https:\/\/www.eldigitaldeasturias.com\/radio\/wp-content\/uploads\/2021\/03\/EDA.jpg","@id":"https:\/\/eldigitaldeasturias.com\/radio\/barbon-y-urkullu-analizan-la-creacion-de-la-macrorregion-atlantica\/#organizationLogo"},"image":{"@id":"https:\/\/eldigitaldeasturias.com\/radio\/barbon-y-urkullu-analizan-la-creacion-de-la-macrorregion-atlantica\/#organizationLogo"},"sameAs":["https:\/\/www.facebook.com\/","https:\/\/x.com\/bercodi","https:\/\/www.instagram.com\/","https:\/\/www.youtube.com\/channel\/UCZP-2wLEB9Rv6erhFmqVnvg"]},{"@type":"Person","@id":"https:\/\/eldigitaldeasturias.com\/radio\/author\/nbasturias\/#author","url":"https:\/\/eldigitaldeasturias.com\/radio\/author\/nbasturias\/","name":"NBAsturias","image":{"@type":"ImageObject","@id":"https:\/\/eldigitaldeasturias.com\/radio\/barbon-y-urkullu-analizan-la-creacion-de-la-macrorregion-atlantica\/#authorImage","url":"https:\/\/secure.gravatar.com\/avatar\/df2aeffc32bcd13f8d26072ef8a91b623d677766deac7f97ca815868cd41bf5e?s=96&d=mm&r=g","width":96,"height":96,"caption":"NBAsturias"}},{"@type":"WebPage","@id":"https:\/\/eldigitaldeasturias.com\/radio\/barbon-y-urkullu-analizan-la-creacion-de-la-macrorregion-atlantica\/#webpage","url":"https:\/\/eldigitaldeasturias.com\/radio\/barbon-y-urkullu-analizan-la-creacion-de-la-macrorregion-atlantica\/","name":"Barb\u00f3n y Urkullu analizan la creaci\u00f3n de la Macrorregi\u00f3n Atl\u00e1ntica | El Digital de Asturias","description":"El presidente del Principado, Adri\u00e1n Barb\u00f3n, ha mantenido un encuentro con el ex lehendakari \u00cd\u00f1igo Urkullu, actual presidente de la Fundaci\u00f3n eAtlantic","inLanguage":"es-ES","isPartOf":{"@id":"https:\/\/eldigitaldeasturias.com\/radio\/#website"},"breadcrumb":{"@id":"https:\/\/eldigitaldeasturias.com\/radio\/barbon-y-urkullu-analizan-la-creacion-de-la-macrorregion-atlantica\/#breadcrumblist"},"author":{"@id":"https:\/\/eldigitaldeasturias.com\/radio\/author\/nbasturias\/#author"},"creator":{"@id":"https:\/\/eldigitaldeasturias.com\/radio\/author\/nbasturias\/#author"},"image":{"@type":"ImageObject","url":"https:\/\/eldigitaldeasturias.com\/radio\/wp-content\/uploads\/2025\/11\/Barbon-y-Urkullu-analizan-la-creacion-de-la-Macrorregion-Atlantica.jpg","@id":"https:\/\/eldigitaldeasturias.com\/radio\/barbon-y-urkullu-analizan-la-creacion-de-la-macrorregion-atlantica\/#mainImage","width":991,"height":652,"caption":"Foto: Prensa Principado de Asturias"},"primaryImageOfPage":{"@id":"https:\/\/eldigitaldeasturias.com\/radio\/barbon-y-urkullu-analizan-la-creacion-de-la-macrorregion-atlantica\/#mainImage"},"datePublished":"2025-11-06T11:32:39+01:00","dateModified":"2025-11-06T11:32:39+01:00"},{"@type":"WebSite","@id":"https:\/\/eldigitaldeasturias.com\/radio\/#website","url":"https:\/\/eldigitaldeasturias.com\/radio\/","name":"El Digital de Asturias","description":"Diario de informaci\u00f3n y noticias","inLanguage":"es-ES","publisher":{"@id":"https:\/\/eldigitaldeasturias.com\/radio\/#organization"}}]},"og:locale":"es_ES","og:site_name":"El Digital de Asturias | Diario de informaci\u00f3n y noticias","og:type":"article","og:title":"Barb\u00f3n y Urkullu analizan la creaci\u00f3n de la Macrorregi\u00f3n Atl\u00e1ntica | El Digital de Asturias","og:description":"El presidente del Principado, Adri\u00e1n Barb\u00f3n, ha mantenido un encuentro con el ex lehendakari \u00cd\u00f1igo Urkullu, actual presidente de la Fundaci\u00f3n eAtlantic","og:url":"https:\/\/eldigitaldeasturias.com\/radio\/barbon-y-urkullu-analizan-la-creacion-de-la-macrorregion-atlantica\/","og:image":"https:\/\/eldigitaldeasturias.com\/radio\/wp-content\/uploads\/2025\/11\/Barbon-y-Urkullu-analizan-la-creacion-de-la-Macrorregion-Atlantica.jpg","og:image:secure_url":"https:\/\/eldigitaldeasturias.com\/radio\/wp-content\/uploads\/2025\/11\/Barbon-y-Urkullu-analizan-la-creacion-de-la-Macrorregion-Atlantica.jpg","og:image:width":991,"og:image:height":652,"article:published_time":"2025-11-06T10:32:39+00:00","article:modified_time":"2025-11-06T10:32:39+00:00","twitter:card":"summary_large_image","twitter:site":"@bercodi","twitter:title":"Barb\u00f3n y Urkullu analizan la creaci\u00f3n de la Macrorregi\u00f3n Atl\u00e1ntica | El Digital de Asturias","twitter:description":"El presidente del Principado, Adri\u00e1n Barb\u00f3n, ha mantenido un encuentro con el ex lehendakari \u00cd\u00f1igo Urkullu, actual presidente de la Fundaci\u00f3n eAtlantic","twitter:creator":"@bercodi","twitter:image":"https:\/\/eldigitaldeasturias.com\/radio\/wp-content\/uploads\/2025\/11\/Barbon-y-Urkullu-analizan-la-creacion-de-la-Macrorregion-Atlantica.jpg"},"aioseo_meta_data":{"post_id":"11649","title":null,"description":"El presidente del Principado, Adri\u00e1n Barb\u00f3n, ha mantenido un encuentro con el ex lehendakari \u00cd\u00f1igo Urkullu, actual presidente de la Fundaci\u00f3n eAtlantic","keywords":null,"keyphrases":{"focus":{"keyphrase":"Barb\u00f3n","score":100,"analysis":{"keyphraseInTitle":{"score":9,"maxScore":9,"error":0},"keyphraseInDescription":{"score":9,"maxScore":9,"error":0},"keyphraseLength":{"score":9,"maxScore":9,"error":0,"length":2},"keyphraseInURL":{"score":5,"maxScore":5,"error":0},"keyphraseInIntroduction":{"score":9,"maxScore":9,"error":0},"keyphraseInSubHeadings":[],"keyphraseInImageAlt":{"score":9,"maxScore":9,"error":0},"keywordDensity":{"type":"best","score":9,"maxScore":9,"error":0}}},"additional":[{"keyphrase":"Barb\u00f3n","score":100,"analysis":{"keyphraseInDescription":{"score":9,"maxScore":9,"error":0},"keyphraseLength":{"score":9,"maxScore":9,"error":0,"length":2},"keyphraseInIntroduction":{"score":9,"maxScore":9,"error":0},"keyphraseInImageAlt":{"score":9,"maxScore":9,"error":0},"keywordDensity":{"type":"best","score":9,"maxScore":9,"error":0}}}]},"primary_term":null,"canonical_url":null,"og_title":null,"og_description":null,"og_object_type":"default","og_image_type":"default","og_image_url":null,"og_image_width":null,"og_image_height":null,"og_image_custom_url":null,"og_image_custom_fields":null,"og_video":"","og_custom_url":null,"og_article_section":null,"og_article_tags":null,"twitter_use_og":false,"twitter_card":"default","twitter_image_type":"default","twitter_image_url":null,"twitter_image_custom_url":null,"twitter_image_custom_fields":null,"twitter_title":null,"twitter_description":null,"schema":{"blockGraphs":[],"customGraphs":[],"default":{"data":{"Article":[],"Course":[],"Dataset":[],"FAQPage":[],"Movie":[],"Person":[],"Product":[],"ProductReview":[],"Car":[],"Recipe":[],"Service":[],"SoftwareApplication":[],"WebPage":[]},"graphName":"NewsArticle","isEnabled":true},"graphs":[]},"schema_type":"default","schema_type_options":null,"pillar_content":false,"robots_default":true,"robots_noindex":false,"robots_noarchive":false,"robots_nosnippet":false,"robots_nofollow":false,"robots_noimageindex":false,"robots_noodp":false,"robots_notranslate":false,"robots_max_snippet":"-1","robots_max_videopreview":"-1","robots_max_imagepreview":"large","priority":null,"frequency":"default","location":null,"local_seo":null,"seo_analyzer_scan_date":"2025-11-06 10:40:57","breadcrumb_settings":null,"limit_modified_date":false,"open_ai":null,"ai":{"faqs":[],"keyPoints":[],"titles":[],"descriptions":[],"socialPosts":{"email":[],"linkedin":[],"twitter":[],"facebook":[],"instagram":[]}},"created":"2025-11-06 08:40:03","updated":"2025-11-06 10:40:57"},"aioseo_breadcrumb":"<div class=\"aioseo-breadcrumbs\"><span class=\"aioseo-breadcrumb\">\n\t<a href=\"https:\/\/eldigitaldeasturias.com\/radio\" title=\"Inicio\">Inicio<\/a>\n<\/span><span class=\"aioseo-breadcrumb-separator\">&ndash;<\/span><span class=\"aioseo-breadcrumb\">\n\t<a href=\"https:\/\/eldigitaldeasturias.com\/radio\/category\/actualidad-asturias\/\" title=\"Actualidad Asturias\">Actualidad Asturias<\/a>\n<\/span><span class=\"aioseo-breadcrumb-separator\">&ndash;<\/span><span class=\"aioseo-breadcrumb\">\n\tBarb\u00f3n y Urkullu analizan la creaci\u00f3n de la Macrorregi\u00f3n Atl\u00e1ntica\n<\/span><\/div>","aioseo_breadcrumb_json":[{"label":"Inicio","link":"https:\/\/eldigitaldeasturias.com\/radio"},{"label":"Actualidad Asturias","link":"https:\/\/eldigitaldeasturias.com\/radio\/category\/actualidad-asturias\/"},{"label":"Barb\u00f3n y Urkullu analizan la creaci\u00f3n de la Macrorregi\u00f3n Atl\u00e1ntica","link":"https:\/\/eldigitaldeasturias.com\/radio\/barbon-y-urkullu-analizan-la-creacion-de-la-macrorregion-atlantica\/"}],"_links":{"self":[{"href":"https:\/\/eldigitaldeasturias.com\/radio\/wp-json\/wp\/v2\/posts\/11649","targetHints":{"allow":["GET"]}}],"collection":[{"href":"https:\/\/eldigitaldeasturias.com\/radio\/wp-json\/wp\/v2\/posts"}],"about":[{"href":"https:\/\/eldigitaldeasturias.com\/radio\/wp-json\/wp\/v2\/types\/post"}],"author":[{"embeddable":true,"href":"https:\/\/eldigitaldeasturias.com\/radio\/wp-json\/wp\/v2\/users\/1"}],"replies":[{"embeddable":true,"href":"https:\/\/eldigitaldeasturias.com\/radio\/wp-json\/wp\/v2\/comments?post=11649"}],"version-history":[{"count":0,"href":"https:\/\/eldigitaldeasturias.com\/radio\/wp-json\/wp\/v2\/posts\/11649\/revisions"}],"wp:featuredmedia":[{"embeddable":true,"href":"https:\/\/eldigitaldeasturias.com\/radio\/wp-json\/wp\/v2\/media\/11650"}],"wp:attachment":[{"href":"https:\/\/eldigitaldeasturias.com\/radio\/wp-json\/wp\/v2\/media?parent=11649"}],"wp:term":[{"taxonomy":"category","embeddable":true,"href":"https:\/\/eldigitaldeasturias.com\/radio\/wp-json\/wp\/v2\/categories?post=11649"},{"taxonomy":"post_tag","embeddable":true,"href":"https:\/\/eldigitaldeasturias.com\/radio\/wp-json\/wp\/v2\/tags?post=11649"}],"curies":[{"name":"wp","href":"https:\/\/api.w.org\/{rel}","templated":true}]}}