{"id":11605,"date":"2025-11-02T22:43:06","date_gmt":"2025-11-02T21:43:06","guid":{"rendered":"https:\/\/eldigitaldeasturias.com\/radio\/?p=11605"},"modified":"2025-11-02T22:43:06","modified_gmt":"2025-11-02T21:43:06","slug":"asturias-invierte-en-espacios-espacios-deportivo-comunitarios","status":"publish","type":"post","link":"https:\/\/eldigitaldeasturias.com\/radio\/asturias-invierte-en-espacios-espacios-deportivo-comunitarios\/","title":{"rendered":"Asturias invierte en espacios espacios deportivo-comunitarios"},"content":{"rendered":"<p>El <a href=\"https:\/\/actualidad.asturias.es\/\" target=\"_blank\" rel=\"noopener\"><span style=\"color: #ff6600;\"><strong>Gobierno de Asturia<\/strong><\/span><\/a><span style=\"color: #ff6600;\"><strong>s<\/strong><\/span> destina 80.128 euros a cinco <a href=\"https:\/\/eldigitaldeasturias.com\/radio\/category\/concejos-asturias\/\"><span style=\"color: #ff6600;\"><strong>concejos<\/strong><\/span><\/a> para la mejora de equipamientos deportivos y la promoci\u00f3n de h\u00e1bitos saludables en zonas rurales.<\/p>\n<figure id=\"attachment_11606\" aria-describedby=\"caption-attachment-11606\" style=\"width: 650px\" class=\"wp-caption aligncenter\"><img fetchpriority=\"high\" decoding=\"async\" class=\"size-large wp-image-11606\" src=\"https:\/\/eldigitaldeasturias.com\/radio\/wp-content\/uploads\/2025\/11\/Asturias-invierte-en-espacios-espacios-deportivo-comunitarios-650x434.jpg\" alt=\"Asturias invierte en espacios espacios deportivo-comunitarios\" width=\"650\" height=\"434\" srcset=\"https:\/\/eldigitaldeasturias.com\/radio\/wp-content\/uploads\/2025\/11\/Asturias-invierte-en-espacios-espacios-deportivo-comunitarios-650x434.jpg 650w, https:\/\/eldigitaldeasturias.com\/radio\/wp-content\/uploads\/2025\/11\/Asturias-invierte-en-espacios-espacios-deportivo-comunitarios-360x240.jpg 360w, https:\/\/eldigitaldeasturias.com\/radio\/wp-content\/uploads\/2025\/11\/Asturias-invierte-en-espacios-espacios-deportivo-comunitarios-768x513.jpg 768w, https:\/\/eldigitaldeasturias.com\/radio\/wp-content\/uploads\/2025\/11\/Asturias-invierte-en-espacios-espacios-deportivo-comunitarios-150x100.jpg 150w, https:\/\/eldigitaldeasturias.com\/radio\/wp-content\/uploads\/2025\/11\/Asturias-invierte-en-espacios-espacios-deportivo-comunitarios-450x300.jpg 450w, https:\/\/eldigitaldeasturias.com\/radio\/wp-content\/uploads\/2025\/11\/Asturias-invierte-en-espacios-espacios-deportivo-comunitarios.jpg 963w\" sizes=\"(max-width: 650px) 100vw, 650px\" \/><figcaption id=\"caption-attachment-11606\" class=\"wp-caption-text\">Foto: Prensa Gobierno de Asturias<\/figcaption><\/figure>\n<p>La Consejer\u00eda de Cultura, Pol\u00edtica Lling\u00fc\u00edstica y Deporte ha publicado la concesi\u00f3n de subvenciones por un importe total de 80.128 euros para la adecuaci\u00f3n y mejora de estructuras y espacios deportivo-comunitarios en cinco concejos de menos de 20.000 habitantes. <strong>Los municipios beneficiarios de esta convocatoria son Morc\u00edn, Santa Eulalia de Oscos, Santo Adriano, El Franco y Goz\u00f3n.<\/strong><\/p>\n<p>Cada uno de los municipios recibir\u00e1 16.025 euros dentro del proyecto Red para la Promoci\u00f3n de la Actividad F\u00edsica y la Salud en Zonas Despobladas (Red Pafer), destinado a la mejora de equipamientos deportivos que fomenten el ejercicio f\u00edsico y los h\u00e1bitos saludables en el medio rural.<\/p>\n<p>Estas ayudas, financiadas con fondos del Mecanismo de Recuperaci\u00f3n y Resiliencia (MRR) de la Uni\u00f3n Europea, est\u00e1n incluidas en el Plan C26.I02 Transici\u00f3n ecol\u00f3gica de instalaciones deportivas.<\/p>\n<h2>Objetivos de la convocatoria<\/h2>\n<p>La convocatoria tiene como objetivo fomentar la igualdad, la difusi\u00f3n y visibilidad de la actividad f\u00edsica, as\u00ed como la formaci\u00f3n, la eficiencia energ\u00e9tica, la transformaci\u00f3n digital y la accesibilidad en los espacios deportivos. El Gobierno de Asturias ha aprovechado estos fondos para favorecer el equilibrio territorial y lograr que la actividad f\u00edsica sea una oportunidad real de salud en los municipios m\u00e1s peque\u00f1os.<\/p>\n","protected":false},"excerpt":{"rendered":"<p>El Gobierno de Asturias destina 80.128 euros a cinco concejos para la mejora de equipamientos deportivos y la promoci\u00f3n de h\u00e1bitos saludables en zonas rurales. La Consejer\u00eda de Cultura, Pol\u00edtica Lling\u00fc\u00edstica y Deporte ha publicado la concesi\u00f3n de subvenciones por un importe total de 80.128 euros para la adecuaci\u00f3n y mejora de estructuras y espacios<\/p>\n","protected":false},"author":1,"featured_media":11606,"comment_status":"closed","ping_status":"closed","sticky":false,"template":"","format":"standard","meta":{"footnotes":""},"categories":[145,137],"tags":[17],"class_list":{"0":"post-11605","1":"post","2":"type-post","3":"status-publish","4":"format-standard","5":"has-post-thumbnail","7":"category-concejos-asturias","8":"category-deporte","9":"tag-deportes"},"aioseo_notices":[],"aioseo_head":"\n\t\t<!-- All in One SEO Pro 4.9.6.2 - aioseo.com -->\n\t<meta name=\"description\" content=\"El Gobierno de Asturias destina 80.128 euros a cinco concejos para la mejora de equipamientos deportivos y la promoci\u00f3n de h\u00e1bitos saludables en zonas rurales.\" \/>\n\t<meta name=\"robots\" content=\"max-image-preview:large\" \/>\n\t<meta name=\"author\" content=\"NBAsturias\"\/>\n\t<meta name=\"google-site-verification\" content=\"UA-38556648-1\" \/>\n\t<meta name=\"keywords\" content=\"concejos asturias,deporte\" \/>\n\t<link rel=\"canonical\" href=\"https:\/\/eldigitaldeasturias.com\/radio\/asturias-invierte-en-espacios-espacios-deportivo-comunitarios\/\" \/>\n\t<meta name=\"generator\" content=\"All in One SEO Pro (AIOSEO) 4.9.6.2\" \/>\n\t\t<meta property=\"og:locale\" content=\"es_ES\" \/>\n\t\t<meta property=\"og:site_name\" content=\"El Digital de Asturias | Diario de informaci\u00f3n y noticias\" \/>\n\t\t<meta property=\"og:type\" content=\"article\" \/>\n\t\t<meta property=\"og:title\" content=\"Asturias invierte en espacios espacios deportivo-comunitarios | El Digital de Asturias\" \/>\n\t\t<meta property=\"og:description\" content=\"El Gobierno de Asturias destina 80.128 euros a cinco concejos para la mejora de equipamientos deportivos y la promoci\u00f3n de h\u00e1bitos saludables en zonas rurales.\" \/>\n\t\t<meta property=\"og:url\" content=\"https:\/\/eldigitaldeasturias.com\/radio\/asturias-invierte-en-espacios-espacios-deportivo-comunitarios\/\" \/>\n\t\t<meta property=\"og:image\" content=\"https:\/\/eldigitaldeasturias.com\/radio\/wp-content\/uploads\/2025\/11\/Asturias-invierte-en-espacios-espacios-deportivo-comunitarios.jpg\" \/>\n\t\t<meta property=\"og:image:secure_url\" content=\"https:\/\/eldigitaldeasturias.com\/radio\/wp-content\/uploads\/2025\/11\/Asturias-invierte-en-espacios-espacios-deportivo-comunitarios.jpg\" \/>\n\t\t<meta property=\"og:image:width\" content=\"963\" \/>\n\t\t<meta property=\"og:image:height\" content=\"643\" \/>\n\t\t<meta property=\"article:published_time\" content=\"2025-11-02T21:43:06+00:00\" \/>\n\t\t<meta property=\"article:modified_time\" content=\"2025-11-02T21:43:06+00:00\" \/>\n\t\t<meta name=\"twitter:card\" content=\"summary_large_image\" \/>\n\t\t<meta name=\"twitter:site\" content=\"@bercodi\" \/>\n\t\t<meta name=\"twitter:title\" content=\"Asturias invierte en espacios espacios deportivo-comunitarios | El Digital de Asturias\" \/>\n\t\t<meta name=\"twitter:description\" content=\"El Gobierno de Asturias destina 80.128 euros a cinco concejos para la mejora de equipamientos deportivos y la promoci\u00f3n de h\u00e1bitos saludables en zonas rurales.\" \/>\n\t\t<meta name=\"twitter:creator\" content=\"@bercodi\" \/>\n\t\t<meta name=\"twitter:image\" content=\"https:\/\/eldigitaldeasturias.com\/radio\/wp-content\/uploads\/2025\/11\/Asturias-invierte-en-espacios-espacios-deportivo-comunitarios.jpg\" \/>\n\t\t<script type=\"application\/ld+json\" class=\"aioseo-schema\">\n\t\t\t{\"@context\":\"https:\\\/\\\/schema.org\",\"@graph\":[{\"@type\":\"BreadcrumbList\",\"@id\":\"https:\\\/\\\/eldigitaldeasturias.com\\\/radio\\\/asturias-invierte-en-espacios-espacios-deportivo-comunitarios\\\/#breadcrumblist\",\"itemListElement\":[{\"@type\":\"ListItem\",\"@id\":\"https:\\\/\\\/eldigitaldeasturias.com\\\/radio#listItem\",\"position\":1,\"name\":\"Inicio\",\"item\":\"https:\\\/\\\/eldigitaldeasturias.com\\\/radio\",\"nextItem\":{\"@type\":\"ListItem\",\"@id\":\"https:\\\/\\\/eldigitaldeasturias.com\\\/radio\\\/category\\\/deporte\\\/#listItem\",\"name\":\"Deporte\"}},{\"@type\":\"ListItem\",\"@id\":\"https:\\\/\\\/eldigitaldeasturias.com\\\/radio\\\/category\\\/deporte\\\/#listItem\",\"position\":2,\"name\":\"Deporte\",\"item\":\"https:\\\/\\\/eldigitaldeasturias.com\\\/radio\\\/category\\\/deporte\\\/\",\"nextItem\":{\"@type\":\"ListItem\",\"@id\":\"https:\\\/\\\/eldigitaldeasturias.com\\\/radio\\\/asturias-invierte-en-espacios-espacios-deportivo-comunitarios\\\/#listItem\",\"name\":\"Asturias invierte en espacios espacios deportivo-comunitarios\"},\"previousItem\":{\"@type\":\"ListItem\",\"@id\":\"https:\\\/\\\/eldigitaldeasturias.com\\\/radio#listItem\",\"name\":\"Inicio\"}},{\"@type\":\"ListItem\",\"@id\":\"https:\\\/\\\/eldigitaldeasturias.com\\\/radio\\\/asturias-invierte-en-espacios-espacios-deportivo-comunitarios\\\/#listItem\",\"position\":3,\"name\":\"Asturias invierte en espacios espacios deportivo-comunitarios\",\"previousItem\":{\"@type\":\"ListItem\",\"@id\":\"https:\\\/\\\/eldigitaldeasturias.com\\\/radio\\\/category\\\/deporte\\\/#listItem\",\"name\":\"Deporte\"}}]},{\"@type\":\"NewsArticle\",\"@id\":\"https:\\\/\\\/eldigitaldeasturias.com\\\/radio\\\/asturias-invierte-en-espacios-espacios-deportivo-comunitarios\\\/#newsarticle\",\"name\":\"Asturias invierte en espacios espacios deportivo-comunitarios | El Digital de Asturias\",\"headline\":\"Asturias invierte en espacios espacios deportivo-comunitarios\",\"author\":{\"@id\":\"https:\\\/\\\/eldigitaldeasturias.com\\\/radio\\\/author\\\/nbasturias\\\/#author\"},\"publisher\":{\"@id\":\"https:\\\/\\\/eldigitaldeasturias.com\\\/radio\\\/#organization\"},\"image\":{\"@type\":\"ImageObject\",\"url\":\"https:\\\/\\\/eldigitaldeasturias.com\\\/radio\\\/wp-content\\\/uploads\\\/2025\\\/11\\\/Asturias-invierte-en-espacios-espacios-deportivo-comunitarios.jpg\",\"width\":963,\"height\":643,\"caption\":\"Foto: Prensa Gobierno de Asturias\"},\"datePublished\":\"2025-11-02T22:43:06+01:00\",\"dateModified\":\"2025-11-02T22:43:06+01:00\",\"inLanguage\":\"es-ES\",\"mainEntityOfPage\":{\"@id\":\"https:\\\/\\\/eldigitaldeasturias.com\\\/radio\\\/asturias-invierte-en-espacios-espacios-deportivo-comunitarios\\\/#webpage\"},\"isPartOf\":{\"@id\":\"https:\\\/\\\/eldigitaldeasturias.com\\\/radio\\\/asturias-invierte-en-espacios-espacios-deportivo-comunitarios\\\/#webpage\"},\"articleSection\":\"Concejos Asturias, Deporte, deportes\",\"dateline\":\"Publicado el noviembre 2, 2025.\"},{\"@type\":\"Organization\",\"@id\":\"https:\\\/\\\/eldigitaldeasturias.com\\\/radio\\\/#organization\",\"name\":\"El digital de Asturias Radio\",\"description\":\"Diario de informaci\\u00f3n y noticias\",\"url\":\"https:\\\/\\\/eldigitaldeasturias.com\\\/radio\\\/\",\"telephone\":\"+34652131393\",\"logo\":{\"@type\":\"ImageObject\",\"url\":\"https:\\\/\\\/www.eldigitaldeasturias.com\\\/radio\\\/wp-content\\\/uploads\\\/2021\\\/03\\\/EDA.jpg\",\"@id\":\"https:\\\/\\\/eldigitaldeasturias.com\\\/radio\\\/asturias-invierte-en-espacios-espacios-deportivo-comunitarios\\\/#organizationLogo\"},\"image\":{\"@id\":\"https:\\\/\\\/eldigitaldeasturias.com\\\/radio\\\/asturias-invierte-en-espacios-espacios-deportivo-comunitarios\\\/#organizationLogo\"},\"sameAs\":[\"https:\\\/\\\/www.facebook.com\\\/\",\"https:\\\/\\\/x.com\\\/bercodi\",\"https:\\\/\\\/www.instagram.com\\\/\",\"https:\\\/\\\/www.youtube.com\\\/channel\\\/UCZP-2wLEB9Rv6erhFmqVnvg\"]},{\"@type\":\"Person\",\"@id\":\"https:\\\/\\\/eldigitaldeasturias.com\\\/radio\\\/author\\\/nbasturias\\\/#author\",\"url\":\"https:\\\/\\\/eldigitaldeasturias.com\\\/radio\\\/author\\\/nbasturias\\\/\",\"name\":\"NBAsturias\",\"image\":{\"@type\":\"ImageObject\",\"@id\":\"https:\\\/\\\/eldigitaldeasturias.com\\\/radio\\\/asturias-invierte-en-espacios-espacios-deportivo-comunitarios\\\/#authorImage\",\"url\":\"https:\\\/\\\/secure.gravatar.com\\\/avatar\\\/df2aeffc32bcd13f8d26072ef8a91b623d677766deac7f97ca815868cd41bf5e?s=96&d=mm&r=g\",\"width\":96,\"height\":96,\"caption\":\"NBAsturias\"}},{\"@type\":\"WebPage\",\"@id\":\"https:\\\/\\\/eldigitaldeasturias.com\\\/radio\\\/asturias-invierte-en-espacios-espacios-deportivo-comunitarios\\\/#webpage\",\"url\":\"https:\\\/\\\/eldigitaldeasturias.com\\\/radio\\\/asturias-invierte-en-espacios-espacios-deportivo-comunitarios\\\/\",\"name\":\"Asturias invierte en espacios espacios deportivo-comunitarios | El Digital de Asturias\",\"description\":\"El Gobierno de Asturias destina 80.128 euros a cinco concejos para la mejora de equipamientos deportivos y la promoci\\u00f3n de h\\u00e1bitos saludables en zonas rurales.\",\"inLanguage\":\"es-ES\",\"isPartOf\":{\"@id\":\"https:\\\/\\\/eldigitaldeasturias.com\\\/radio\\\/#website\"},\"breadcrumb\":{\"@id\":\"https:\\\/\\\/eldigitaldeasturias.com\\\/radio\\\/asturias-invierte-en-espacios-espacios-deportivo-comunitarios\\\/#breadcrumblist\"},\"author\":{\"@id\":\"https:\\\/\\\/eldigitaldeasturias.com\\\/radio\\\/author\\\/nbasturias\\\/#author\"},\"creator\":{\"@id\":\"https:\\\/\\\/eldigitaldeasturias.com\\\/radio\\\/author\\\/nbasturias\\\/#author\"},\"image\":{\"@type\":\"ImageObject\",\"url\":\"https:\\\/\\\/eldigitaldeasturias.com\\\/radio\\\/wp-content\\\/uploads\\\/2025\\\/11\\\/Asturias-invierte-en-espacios-espacios-deportivo-comunitarios.jpg\",\"@id\":\"https:\\\/\\\/eldigitaldeasturias.com\\\/radio\\\/asturias-invierte-en-espacios-espacios-deportivo-comunitarios\\\/#mainImage\",\"width\":963,\"height\":643,\"caption\":\"Foto: Prensa Gobierno de Asturias\"},\"primaryImageOfPage\":{\"@id\":\"https:\\\/\\\/eldigitaldeasturias.com\\\/radio\\\/asturias-invierte-en-espacios-espacios-deportivo-comunitarios\\\/#mainImage\"},\"datePublished\":\"2025-11-02T22:43:06+01:00\",\"dateModified\":\"2025-11-02T22:43:06+01:00\"},{\"@type\":\"WebSite\",\"@id\":\"https:\\\/\\\/eldigitaldeasturias.com\\\/radio\\\/#website\",\"url\":\"https:\\\/\\\/eldigitaldeasturias.com\\\/radio\\\/\",\"name\":\"El Digital de Asturias\",\"description\":\"Diario de informaci\\u00f3n y noticias\",\"inLanguage\":\"es-ES\",\"publisher\":{\"@id\":\"https:\\\/\\\/eldigitaldeasturias.com\\\/radio\\\/#organization\"}}]}\n\t\t<\/script>\n\t\t<!-- All in One SEO Pro -->\r\n\t\t<title>Asturias invierte en espacios espacios deportivo-comunitarios | El Digital de Asturias<\/title>\n\n","aioseo_head_json":{"title":"Asturias invierte en espacios espacios deportivo-comunitarios | El Digital de Asturias","description":"El Gobierno de Asturias destina 80.128 euros a cinco concejos para la mejora de equipamientos deportivos y la promoci\u00f3n de h\u00e1bitos saludables en zonas rurales.","canonical_url":"https:\/\/eldigitaldeasturias.com\/radio\/asturias-invierte-en-espacios-espacios-deportivo-comunitarios\/","robots":"max-image-preview:large","keywords":"concejos asturias,deporte","webmasterTools":{"google-site-verification":"UA-38556648-1","miscellaneous":""},"schema":{"@context":"https:\/\/schema.org","@graph":[{"@type":"BreadcrumbList","@id":"https:\/\/eldigitaldeasturias.com\/radio\/asturias-invierte-en-espacios-espacios-deportivo-comunitarios\/#breadcrumblist","itemListElement":[{"@type":"ListItem","@id":"https:\/\/eldigitaldeasturias.com\/radio#listItem","position":1,"name":"Inicio","item":"https:\/\/eldigitaldeasturias.com\/radio","nextItem":{"@type":"ListItem","@id":"https:\/\/eldigitaldeasturias.com\/radio\/category\/deporte\/#listItem","name":"Deporte"}},{"@type":"ListItem","@id":"https:\/\/eldigitaldeasturias.com\/radio\/category\/deporte\/#listItem","position":2,"name":"Deporte","item":"https:\/\/eldigitaldeasturias.com\/radio\/category\/deporte\/","nextItem":{"@type":"ListItem","@id":"https:\/\/eldigitaldeasturias.com\/radio\/asturias-invierte-en-espacios-espacios-deportivo-comunitarios\/#listItem","name":"Asturias invierte en espacios espacios deportivo-comunitarios"},"previousItem":{"@type":"ListItem","@id":"https:\/\/eldigitaldeasturias.com\/radio#listItem","name":"Inicio"}},{"@type":"ListItem","@id":"https:\/\/eldigitaldeasturias.com\/radio\/asturias-invierte-en-espacios-espacios-deportivo-comunitarios\/#listItem","position":3,"name":"Asturias invierte en espacios espacios deportivo-comunitarios","previousItem":{"@type":"ListItem","@id":"https:\/\/eldigitaldeasturias.com\/radio\/category\/deporte\/#listItem","name":"Deporte"}}]},{"@type":"NewsArticle","@id":"https:\/\/eldigitaldeasturias.com\/radio\/asturias-invierte-en-espacios-espacios-deportivo-comunitarios\/#newsarticle","name":"Asturias invierte en espacios espacios deportivo-comunitarios | El Digital de Asturias","headline":"Asturias invierte en espacios espacios deportivo-comunitarios","author":{"@id":"https:\/\/eldigitaldeasturias.com\/radio\/author\/nbasturias\/#author"},"publisher":{"@id":"https:\/\/eldigitaldeasturias.com\/radio\/#organization"},"image":{"@type":"ImageObject","url":"https:\/\/eldigitaldeasturias.com\/radio\/wp-content\/uploads\/2025\/11\/Asturias-invierte-en-espacios-espacios-deportivo-comunitarios.jpg","width":963,"height":643,"caption":"Foto: Prensa Gobierno de Asturias"},"datePublished":"2025-11-02T22:43:06+01:00","dateModified":"2025-11-02T22:43:06+01:00","inLanguage":"es-ES","mainEntityOfPage":{"@id":"https:\/\/eldigitaldeasturias.com\/radio\/asturias-invierte-en-espacios-espacios-deportivo-comunitarios\/#webpage"},"isPartOf":{"@id":"https:\/\/eldigitaldeasturias.com\/radio\/asturias-invierte-en-espacios-espacios-deportivo-comunitarios\/#webpage"},"articleSection":"Concejos Asturias, Deporte, deportes","dateline":"Publicado el noviembre 2, 2025."},{"@type":"Organization","@id":"https:\/\/eldigitaldeasturias.com\/radio\/#organization","name":"El digital de Asturias Radio","description":"Diario de informaci\u00f3n y noticias","url":"https:\/\/eldigitaldeasturias.com\/radio\/","telephone":"+34652131393","logo":{"@type":"ImageObject","url":"https:\/\/www.eldigitaldeasturias.com\/radio\/wp-content\/uploads\/2021\/03\/EDA.jpg","@id":"https:\/\/eldigitaldeasturias.com\/radio\/asturias-invierte-en-espacios-espacios-deportivo-comunitarios\/#organizationLogo"},"image":{"@id":"https:\/\/eldigitaldeasturias.com\/radio\/asturias-invierte-en-espacios-espacios-deportivo-comunitarios\/#organizationLogo"},"sameAs":["https:\/\/www.facebook.com\/","https:\/\/x.com\/bercodi","https:\/\/www.instagram.com\/","https:\/\/www.youtube.com\/channel\/UCZP-2wLEB9Rv6erhFmqVnvg"]},{"@type":"Person","@id":"https:\/\/eldigitaldeasturias.com\/radio\/author\/nbasturias\/#author","url":"https:\/\/eldigitaldeasturias.com\/radio\/author\/nbasturias\/","name":"NBAsturias","image":{"@type":"ImageObject","@id":"https:\/\/eldigitaldeasturias.com\/radio\/asturias-invierte-en-espacios-espacios-deportivo-comunitarios\/#authorImage","url":"https:\/\/secure.gravatar.com\/avatar\/df2aeffc32bcd13f8d26072ef8a91b623d677766deac7f97ca815868cd41bf5e?s=96&d=mm&r=g","width":96,"height":96,"caption":"NBAsturias"}},{"@type":"WebPage","@id":"https:\/\/eldigitaldeasturias.com\/radio\/asturias-invierte-en-espacios-espacios-deportivo-comunitarios\/#webpage","url":"https:\/\/eldigitaldeasturias.com\/radio\/asturias-invierte-en-espacios-espacios-deportivo-comunitarios\/","name":"Asturias invierte en espacios espacios deportivo-comunitarios | El Digital de Asturias","description":"El Gobierno de Asturias destina 80.128 euros a cinco concejos para la mejora de equipamientos deportivos y la promoci\u00f3n de h\u00e1bitos saludables en zonas rurales.","inLanguage":"es-ES","isPartOf":{"@id":"https:\/\/eldigitaldeasturias.com\/radio\/#website"},"breadcrumb":{"@id":"https:\/\/eldigitaldeasturias.com\/radio\/asturias-invierte-en-espacios-espacios-deportivo-comunitarios\/#breadcrumblist"},"author":{"@id":"https:\/\/eldigitaldeasturias.com\/radio\/author\/nbasturias\/#author"},"creator":{"@id":"https:\/\/eldigitaldeasturias.com\/radio\/author\/nbasturias\/#author"},"image":{"@type":"ImageObject","url":"https:\/\/eldigitaldeasturias.com\/radio\/wp-content\/uploads\/2025\/11\/Asturias-invierte-en-espacios-espacios-deportivo-comunitarios.jpg","@id":"https:\/\/eldigitaldeasturias.com\/radio\/asturias-invierte-en-espacios-espacios-deportivo-comunitarios\/#mainImage","width":963,"height":643,"caption":"Foto: Prensa Gobierno de Asturias"},"primaryImageOfPage":{"@id":"https:\/\/eldigitaldeasturias.com\/radio\/asturias-invierte-en-espacios-espacios-deportivo-comunitarios\/#mainImage"},"datePublished":"2025-11-02T22:43:06+01:00","dateModified":"2025-11-02T22:43:06+01:00"},{"@type":"WebSite","@id":"https:\/\/eldigitaldeasturias.com\/radio\/#website","url":"https:\/\/eldigitaldeasturias.com\/radio\/","name":"El Digital de Asturias","description":"Diario de informaci\u00f3n y noticias","inLanguage":"es-ES","publisher":{"@id":"https:\/\/eldigitaldeasturias.com\/radio\/#organization"}}]},"og:locale":"es_ES","og:site_name":"El Digital de Asturias | Diario de informaci\u00f3n y noticias","og:type":"article","og:title":"Asturias invierte en espacios espacios deportivo-comunitarios | El Digital de Asturias","og:description":"El Gobierno de Asturias destina 80.128 euros a cinco concejos para la mejora de equipamientos deportivos y la promoci\u00f3n de h\u00e1bitos saludables en zonas rurales.","og:url":"https:\/\/eldigitaldeasturias.com\/radio\/asturias-invierte-en-espacios-espacios-deportivo-comunitarios\/","og:image":"https:\/\/eldigitaldeasturias.com\/radio\/wp-content\/uploads\/2025\/11\/Asturias-invierte-en-espacios-espacios-deportivo-comunitarios.jpg","og:image:secure_url":"https:\/\/eldigitaldeasturias.com\/radio\/wp-content\/uploads\/2025\/11\/Asturias-invierte-en-espacios-espacios-deportivo-comunitarios.jpg","og:image:width":963,"og:image:height":643,"article:published_time":"2025-11-02T21:43:06+00:00","article:modified_time":"2025-11-02T21:43:06+00:00","twitter:card":"summary_large_image","twitter:site":"@bercodi","twitter:title":"Asturias invierte en espacios espacios deportivo-comunitarios | El Digital de Asturias","twitter:description":"El Gobierno de Asturias destina 80.128 euros a cinco concejos para la mejora de equipamientos deportivos y la promoci\u00f3n de h\u00e1bitos saludables en zonas rurales.","twitter:creator":"@bercodi","twitter:image":"https:\/\/eldigitaldeasturias.com\/radio\/wp-content\/uploads\/2025\/11\/Asturias-invierte-en-espacios-espacios-deportivo-comunitarios.jpg"},"aioseo_meta_data":{"post_id":"11605","title":null,"description":"El Gobierno de Asturias destina 80.128 euros a cinco concejos para la mejora de equipamientos deportivos y la promoci\u00f3n de h\u00e1bitos saludables en zonas rurales.","keywords":null,"keyphrases":{"focus":{"keyphrase":"Asturias","score":91,"analysis":{"keyphraseInTitle":{"score":9,"maxScore":9,"error":0},"keyphraseInDescription":{"score":9,"maxScore":9,"error":0},"keyphraseLength":{"score":9,"maxScore":9,"error":0,"length":1},"keyphraseInURL":{"score":5,"maxScore":5,"error":0},"keyphraseInIntroduction":{"score":9,"maxScore":9,"error":0},"keyphraseInSubHeadings":{"score":3,"maxScore":9,"error":1},"keyphraseInImageAlt":{"score":9,"maxScore":9,"error":0},"keywordDensity":{"type":"best","score":9,"maxScore":9,"error":0}}},"additional":[{"keyphrase":"Asturias","score":100,"analysis":{"keyphraseInDescription":{"score":9,"maxScore":9,"error":0},"keyphraseLength":{"score":9,"maxScore":9,"error":0,"length":1},"keyphraseInIntroduction":{"score":9,"maxScore":9,"error":0},"keyphraseInImageAlt":{"score":9,"maxScore":9,"error":0},"keywordDensity":{"type":"best","score":9,"maxScore":9,"error":0}}}]},"primary_term":null,"canonical_url":null,"og_title":null,"og_description":null,"og_object_type":"default","og_image_type":"default","og_image_url":null,"og_image_width":null,"og_image_height":null,"og_image_custom_url":null,"og_image_custom_fields":null,"og_video":"","og_custom_url":null,"og_article_section":null,"og_article_tags":null,"twitter_use_og":false,"twitter_card":"default","twitter_image_type":"default","twitter_image_url":null,"twitter_image_custom_url":null,"twitter_image_custom_fields":null,"twitter_title":null,"twitter_description":null,"schema":{"blockGraphs":[],"customGraphs":[],"default":{"data":{"Article":[],"Course":[],"Dataset":[],"FAQPage":[],"Movie":[],"Person":[],"Product":[],"ProductReview":[],"Car":[],"Recipe":[],"Service":[],"SoftwareApplication":[],"WebPage":[]},"graphName":"NewsArticle","isEnabled":true},"graphs":[]},"schema_type":"default","schema_type_options":null,"pillar_content":false,"robots_default":true,"robots_noindex":false,"robots_noarchive":false,"robots_nosnippet":false,"robots_nofollow":false,"robots_noimageindex":false,"robots_noodp":false,"robots_notranslate":false,"robots_max_snippet":"-1","robots_max_videopreview":"-1","robots_max_imagepreview":"large","priority":null,"frequency":"default","location":null,"local_seo":null,"seo_analyzer_scan_date":"2025-11-02 21:43:43","breadcrumb_settings":null,"limit_modified_date":false,"open_ai":null,"ai":{"faqs":[],"keyPoints":[],"titles":[],"descriptions":[],"socialPosts":{"email":[],"linkedin":[],"twitter":[],"facebook":[],"instagram":[]}},"created":"2025-11-02 21:34:30","updated":"2025-11-02 21:48:29"},"aioseo_breadcrumb":"<div class=\"aioseo-breadcrumbs\"><span class=\"aioseo-breadcrumb\">\n\t<a href=\"https:\/\/eldigitaldeasturias.com\/radio\" title=\"Inicio\">Inicio<\/a>\n<\/span><span class=\"aioseo-breadcrumb-separator\">&ndash;<\/span><span class=\"aioseo-breadcrumb\">\n\t<a href=\"https:\/\/eldigitaldeasturias.com\/radio\/category\/deporte\/\" title=\"Deporte\">Deporte<\/a>\n<\/span><span class=\"aioseo-breadcrumb-separator\">&ndash;<\/span><span class=\"aioseo-breadcrumb\">\n\tAsturias invierte en espacios espacios deportivo-comunitarios\n<\/span><\/div>","aioseo_breadcrumb_json":[{"label":"Inicio","link":"https:\/\/eldigitaldeasturias.com\/radio"},{"label":"Deporte","link":"https:\/\/eldigitaldeasturias.com\/radio\/category\/deporte\/"},{"label":"Asturias invierte en espacios espacios deportivo-comunitarios","link":"https:\/\/eldigitaldeasturias.com\/radio\/asturias-invierte-en-espacios-espacios-deportivo-comunitarios\/"}],"_links":{"self":[{"href":"https:\/\/eldigitaldeasturias.com\/radio\/wp-json\/wp\/v2\/posts\/11605","targetHints":{"allow":["GET"]}}],"collection":[{"href":"https:\/\/eldigitaldeasturias.com\/radio\/wp-json\/wp\/v2\/posts"}],"about":[{"href":"https:\/\/eldigitaldeasturias.com\/radio\/wp-json\/wp\/v2\/types\/post"}],"author":[{"embeddable":true,"href":"https:\/\/eldigitaldeasturias.com\/radio\/wp-json\/wp\/v2\/users\/1"}],"replies":[{"embeddable":true,"href":"https:\/\/eldigitaldeasturias.com\/radio\/wp-json\/wp\/v2\/comments?post=11605"}],"version-history":[{"count":0,"href":"https:\/\/eldigitaldeasturias.com\/radio\/wp-json\/wp\/v2\/posts\/11605\/revisions"}],"wp:featuredmedia":[{"embeddable":true,"href":"https:\/\/eldigitaldeasturias.com\/radio\/wp-json\/wp\/v2\/media\/11606"}],"wp:attachment":[{"href":"https:\/\/eldigitaldeasturias.com\/radio\/wp-json\/wp\/v2\/media?parent=11605"}],"wp:term":[{"taxonomy":"category","embeddable":true,"href":"https:\/\/eldigitaldeasturias.com\/radio\/wp-json\/wp\/v2\/categories?post=11605"},{"taxonomy":"post_tag","embeddable":true,"href":"https:\/\/eldigitaldeasturias.com\/radio\/wp-json\/wp\/v2\/tags?post=11605"}],"curies":[{"name":"wp","href":"https:\/\/api.w.org\/{rel}","templated":true}]}}