{"id":11558,"date":"2025-11-01T02:31:08","date_gmt":"2025-11-01T01:31:08","guid":{"rendered":"https:\/\/eldigitaldeasturias.com\/radio\/?p=11558"},"modified":"2025-11-01T02:31:08","modified_gmt":"2025-11-01T01:31:08","slug":"presupuestos-asturias-pelaez-decepcionado-con-el-pp","status":"publish","type":"post","link":"https:\/\/eldigitaldeasturias.com\/radio\/presupuestos-asturias-pelaez-decepcionado-con-el-pp\/","title":{"rendered":"Presupuestos Asturias: Pel\u00e1ez decepcionado con el PP"},"content":{"rendered":"<p>El consejero del <span style=\"color: #ff6600;\"><a style=\"color: #ff6600;\" href=\"https:\/\/actualidad.asturias.es\/\" target=\"_blank\" rel=\"noopener\"><strong>Principado<\/strong><\/a><\/span> de Asturias, Guillermo Pel\u00e1ez, ha reprochado al PP su decisi\u00f3n de condicionar la negociaci\u00f3n de los presupuestos para 2026 a la retirada de la reforma del IRPF propuesta por el Gobierno.<\/p>\n<figure id=\"attachment_11559\" aria-describedby=\"caption-attachment-11559\" style=\"width: 650px\" class=\"wp-caption aligncenter\"><img fetchpriority=\"high\" decoding=\"async\" class=\"size-large wp-image-11559\" src=\"https:\/\/eldigitaldeasturias.com\/radio\/wp-content\/uploads\/2025\/11\/Presupuestos-Asturias-Pelaez-decepcionado-con-el-PP-650x377.jpg\" alt=\"Presupuestos Asturias Pel\u00e1ez decepcionado con el PP\" width=\"650\" height=\"377\" srcset=\"https:\/\/eldigitaldeasturias.com\/radio\/wp-content\/uploads\/2025\/11\/Presupuestos-Asturias-Pelaez-decepcionado-con-el-PP-650x377.jpg 650w, https:\/\/eldigitaldeasturias.com\/radio\/wp-content\/uploads\/2025\/11\/Presupuestos-Asturias-Pelaez-decepcionado-con-el-PP-360x209.jpg 360w, https:\/\/eldigitaldeasturias.com\/radio\/wp-content\/uploads\/2025\/11\/Presupuestos-Asturias-Pelaez-decepcionado-con-el-PP-768x445.jpg 768w, https:\/\/eldigitaldeasturias.com\/radio\/wp-content\/uploads\/2025\/11\/Presupuestos-Asturias-Pelaez-decepcionado-con-el-PP-150x87.jpg 150w, https:\/\/eldigitaldeasturias.com\/radio\/wp-content\/uploads\/2025\/11\/Presupuestos-Asturias-Pelaez-decepcionado-con-el-PP-450x261.jpg 450w, https:\/\/eldigitaldeasturias.com\/radio\/wp-content\/uploads\/2025\/11\/Presupuestos-Asturias-Pelaez-decepcionado-con-el-PP.jpg 1098w\" sizes=\"(max-width: 650px) 100vw, 650px\" \/><figcaption id=\"caption-attachment-11559\" class=\"wp-caption-text\">Foto: Prensa Gobierno de Asturias<\/figcaption><\/figure>\n<p>\u201cEstamos francamente decepcionados con la actitud del PP porque creemos que es absolutamente inexplicable\u201d. Pel\u00e1ez ha recordado que la reforma \u201cbeneficia al 90% de los contribuyentes e incluye una subida de medio punto porcentual a las rentas de m\u00e1s de 175.000 euros, es decir, a las rentas m\u00e1s altas les exigimos que contribuyan m\u00e1s. Pues bien, el PP condiciona los presupuestos del Principado a que esas personas que superan esos ingresos, que en <a href=\"https:\/\/eldigitaldeasturias.com\/radio\/category\/actualidad-asturias\/\"><strong><span style=\"color: #ff6600;\">Asturias<\/span><\/strong><\/a> son mil, no tributen medio punto m\u00e1s\u201d.<\/p>\n<h2>Reforma fiscal y fondos europeos<\/h2>\n<p>Pel\u00e1ez ha explicado que el proyecto econ\u00f3mico del Gobierno crece respecto al de este a\u00f1o y que resulta \u201cimprescindible para movilizar los fondos europeos, fundamentalmente el mecanismo de recuperaci\u00f3n y resiliencia y el fondo de transici\u00f3n justa que impacta muy positivamente en el Principado\u201d. Por eso, ha reiterado, es \u201cabsolutamente incomprensible que el PP est\u00e9 condicionando los presupuestos por seguir exclusivamente los intereses de las rentas m\u00e1s altas\u201d. Con esta postura, la formaci\u00f3n conservadora \u201cse ha autoexcluido y se sit\u00faa claramente donde est\u00e1 Vox, en el antisistema\u201d, ha a\u00f1adido.<\/p>\n<h2>Ronda de di\u00e1logo y postura de los grupos<\/h2>\n<p>El consejero ha realizado estas declaraciones al t\u00e9rmino de la primera ronda de di\u00e1logo sobre los presupuestos de 2026 que ha liderado el presidente del Principado, Adri\u00e1n Barb\u00f3n. El gobierno ha invitado al Partido Popular, Foro y la diputada Covadonga Tom\u00e9 a negociar un presupuesto de progreso que permita reforzar el Estado de bienestar, impulsar la actividad econ\u00f3mica y crear empleo. El gobierno ha adelantado que presentar\u00e1 el proyecto el 24 de noviembre.<\/p>\n<p>Mientras el PP ha condicionado los contactos a la retirada de la reforma fiscal, Adri\u00e1n Pumares ha presentado un documento con las propuestas de Foro y no ha querido poner ninguna l\u00ednea roja a la negociaci\u00f3n. Por su parte, la parlamentaria Covadonga Tom\u00e9 tambi\u00e9n se ha declarado dispuesta a continuar las conversaciones, tanto sobre la modificaci\u00f3n del IRPF como sobre los propios presupuestos.<\/p>\n<p>Los gobiernos de Barb\u00f3n han conseguido aprobar seis presupuestos consecutivos, desde el de 2020 hasta el actual. Todos se han caracterizado por el respaldo a las pol\u00edticas sociales \u2013el Principado encabeza el gasto sanitario por habitante, por ejemplo\u2013 y el desarrollo progresivo de la v\u00eda fiscal asturiana, que en 2024 gener\u00f3 un ahorro de 90 millones a las familias de clases medias y trabajadoras.<\/p>\n<p>El Ejecutivo tiene previsto presentar el presupuesto el 24 de noviembre, seg\u00fan ha informado el titular de Hacienda. El proyecto incluir\u00e1 los recursos necesarios para cumplir el pacto Asturias Educa \u2013el acuerdo alcanzado con los sindicatos de ense\u00f1anza para mejorar la educaci\u00f3n p\u00fablica\u2013 y reforzar la prevenci\u00f3n ante los incendios forestales.<\/p>\n","protected":false},"excerpt":{"rendered":"<p>El consejero del Principado de Asturias, Guillermo Pel\u00e1ez, ha reprochado al PP su decisi\u00f3n de condicionar la negociaci\u00f3n de los presupuestos para 2026 a la retirada de la reforma del IRPF propuesta por el Gobierno. \u201cEstamos francamente decepcionados con la actitud del PP porque creemos que es absolutamente inexplicable\u201d. Pel\u00e1ez ha recordado que la reforma<\/p>\n","protected":false},"author":1,"featured_media":11559,"comment_status":"closed","ping_status":"closed","sticky":false,"template":"","format":"standard","meta":{"footnotes":""},"categories":[141,36],"tags":[],"class_list":{"0":"post-11558","1":"post","2":"type-post","3":"status-publish","4":"format-standard","5":"has-post-thumbnail","7":"category-actualidad-asturias","8":"category-titulares"},"aioseo_notices":[],"aioseo_head":"\n\t\t<!-- All in One SEO Pro 4.9.6.2 - aioseo.com -->\n\t<meta name=\"description\" content=\"El consejero del Principado de Asturias, Guillermo Pel\u00e1ez, ha reprochado al PP su decisi\u00f3n de condicionar la negociaci\u00f3n de los presupuestos para 2026\" \/>\n\t<meta name=\"robots\" content=\"max-image-preview:large\" \/>\n\t<meta name=\"author\" content=\"NBAsturias\"\/>\n\t<meta name=\"google-site-verification\" content=\"UA-38556648-1\" \/>\n\t<meta name=\"keywords\" content=\"actualidad asturias,titulares\" \/>\n\t<link rel=\"canonical\" href=\"https:\/\/eldigitaldeasturias.com\/radio\/presupuestos-asturias-pelaez-decepcionado-con-el-pp\/\" \/>\n\t<meta name=\"generator\" content=\"All in One SEO Pro (AIOSEO) 4.9.6.2\" \/>\n\t\t<meta property=\"og:locale\" content=\"es_ES\" \/>\n\t\t<meta property=\"og:site_name\" content=\"El Digital de Asturias | Diario de informaci\u00f3n y noticias\" \/>\n\t\t<meta property=\"og:type\" content=\"article\" \/>\n\t\t<meta property=\"og:title\" content=\"Presupuestos Asturias: Pel\u00e1ez decepcionado con el PP | El Digital de Asturias\" \/>\n\t\t<meta property=\"og:description\" content=\"El consejero del Principado de Asturias, Guillermo Pel\u00e1ez, ha reprochado al PP su decisi\u00f3n de condicionar la negociaci\u00f3n de los presupuestos para 2026\" \/>\n\t\t<meta property=\"og:url\" content=\"https:\/\/eldigitaldeasturias.com\/radio\/presupuestos-asturias-pelaez-decepcionado-con-el-pp\/\" \/>\n\t\t<meta property=\"og:image\" content=\"https:\/\/eldigitaldeasturias.com\/radio\/wp-content\/uploads\/2025\/11\/Presupuestos-Asturias-Pelaez-decepcionado-con-el-PP.jpg\" \/>\n\t\t<meta property=\"og:image:secure_url\" content=\"https:\/\/eldigitaldeasturias.com\/radio\/wp-content\/uploads\/2025\/11\/Presupuestos-Asturias-Pelaez-decepcionado-con-el-PP.jpg\" \/>\n\t\t<meta property=\"og:image:width\" content=\"1098\" \/>\n\t\t<meta property=\"og:image:height\" content=\"636\" \/>\n\t\t<meta property=\"article:published_time\" content=\"2025-11-01T01:31:08+00:00\" \/>\n\t\t<meta property=\"article:modified_time\" content=\"2025-11-01T01:31:08+00:00\" \/>\n\t\t<meta name=\"twitter:card\" content=\"summary_large_image\" \/>\n\t\t<meta name=\"twitter:site\" content=\"@bercodi\" \/>\n\t\t<meta name=\"twitter:title\" content=\"Presupuestos Asturias: Pel\u00e1ez decepcionado con el PP | El Digital de Asturias\" \/>\n\t\t<meta name=\"twitter:description\" content=\"El consejero del Principado de Asturias, Guillermo Pel\u00e1ez, ha reprochado al PP su decisi\u00f3n de condicionar la negociaci\u00f3n de los presupuestos para 2026\" \/>\n\t\t<meta name=\"twitter:creator\" content=\"@bercodi\" \/>\n\t\t<meta name=\"twitter:image\" content=\"https:\/\/eldigitaldeasturias.com\/radio\/wp-content\/uploads\/2025\/11\/Presupuestos-Asturias-Pelaez-decepcionado-con-el-PP.jpg\" \/>\n\t\t<script type=\"application\/ld+json\" class=\"aioseo-schema\">\n\t\t\t{\"@context\":\"https:\\\/\\\/schema.org\",\"@graph\":[{\"@type\":\"BreadcrumbList\",\"@id\":\"https:\\\/\\\/eldigitaldeasturias.com\\\/radio\\\/presupuestos-asturias-pelaez-decepcionado-con-el-pp\\\/#breadcrumblist\",\"itemListElement\":[{\"@type\":\"ListItem\",\"@id\":\"https:\\\/\\\/eldigitaldeasturias.com\\\/radio#listItem\",\"position\":1,\"name\":\"Inicio\",\"item\":\"https:\\\/\\\/eldigitaldeasturias.com\\\/radio\",\"nextItem\":{\"@type\":\"ListItem\",\"@id\":\"https:\\\/\\\/eldigitaldeasturias.com\\\/radio\\\/category\\\/titulares\\\/#listItem\",\"name\":\"Titulares\"}},{\"@type\":\"ListItem\",\"@id\":\"https:\\\/\\\/eldigitaldeasturias.com\\\/radio\\\/category\\\/titulares\\\/#listItem\",\"position\":2,\"name\":\"Titulares\",\"item\":\"https:\\\/\\\/eldigitaldeasturias.com\\\/radio\\\/category\\\/titulares\\\/\",\"nextItem\":{\"@type\":\"ListItem\",\"@id\":\"https:\\\/\\\/eldigitaldeasturias.com\\\/radio\\\/presupuestos-asturias-pelaez-decepcionado-con-el-pp\\\/#listItem\",\"name\":\"Presupuestos Asturias: Pel\\u00e1ez decepcionado con el PP\"},\"previousItem\":{\"@type\":\"ListItem\",\"@id\":\"https:\\\/\\\/eldigitaldeasturias.com\\\/radio#listItem\",\"name\":\"Inicio\"}},{\"@type\":\"ListItem\",\"@id\":\"https:\\\/\\\/eldigitaldeasturias.com\\\/radio\\\/presupuestos-asturias-pelaez-decepcionado-con-el-pp\\\/#listItem\",\"position\":3,\"name\":\"Presupuestos Asturias: Pel\\u00e1ez decepcionado con el PP\",\"previousItem\":{\"@type\":\"ListItem\",\"@id\":\"https:\\\/\\\/eldigitaldeasturias.com\\\/radio\\\/category\\\/titulares\\\/#listItem\",\"name\":\"Titulares\"}}]},{\"@type\":\"NewsArticle\",\"@id\":\"https:\\\/\\\/eldigitaldeasturias.com\\\/radio\\\/presupuestos-asturias-pelaez-decepcionado-con-el-pp\\\/#newsarticle\",\"name\":\"Presupuestos Asturias: Pel\\u00e1ez decepcionado con el PP | El Digital de Asturias\",\"headline\":\"Presupuestos Asturias: Pel\\u00e1ez decepcionado con el PP\",\"author\":{\"@id\":\"https:\\\/\\\/eldigitaldeasturias.com\\\/radio\\\/author\\\/nbasturias\\\/#author\"},\"publisher\":{\"@id\":\"https:\\\/\\\/eldigitaldeasturias.com\\\/radio\\\/#organization\"},\"image\":{\"@type\":\"ImageObject\",\"url\":\"https:\\\/\\\/eldigitaldeasturias.com\\\/radio\\\/wp-content\\\/uploads\\\/2025\\\/11\\\/Presupuestos-Asturias-Pelaez-decepcionado-con-el-PP.jpg\",\"width\":1098,\"height\":636,\"caption\":\"Foto: Prensa Gobierno de Asturias\"},\"datePublished\":\"2025-11-01T02:31:08+01:00\",\"dateModified\":\"2025-11-01T02:31:08+01:00\",\"inLanguage\":\"es-ES\",\"mainEntityOfPage\":{\"@id\":\"https:\\\/\\\/eldigitaldeasturias.com\\\/radio\\\/presupuestos-asturias-pelaez-decepcionado-con-el-pp\\\/#webpage\"},\"isPartOf\":{\"@id\":\"https:\\\/\\\/eldigitaldeasturias.com\\\/radio\\\/presupuestos-asturias-pelaez-decepcionado-con-el-pp\\\/#webpage\"},\"articleSection\":\"Actualidad Asturias, Titulares\",\"dateline\":\"Publicado el noviembre 1, 2025.\"},{\"@type\":\"Organization\",\"@id\":\"https:\\\/\\\/eldigitaldeasturias.com\\\/radio\\\/#organization\",\"name\":\"El digital de Asturias Radio\",\"description\":\"Diario de informaci\\u00f3n y noticias\",\"url\":\"https:\\\/\\\/eldigitaldeasturias.com\\\/radio\\\/\",\"telephone\":\"+34652131393\",\"logo\":{\"@type\":\"ImageObject\",\"url\":\"https:\\\/\\\/www.eldigitaldeasturias.com\\\/radio\\\/wp-content\\\/uploads\\\/2021\\\/03\\\/EDA.jpg\",\"@id\":\"https:\\\/\\\/eldigitaldeasturias.com\\\/radio\\\/presupuestos-asturias-pelaez-decepcionado-con-el-pp\\\/#organizationLogo\"},\"image\":{\"@id\":\"https:\\\/\\\/eldigitaldeasturias.com\\\/radio\\\/presupuestos-asturias-pelaez-decepcionado-con-el-pp\\\/#organizationLogo\"},\"sameAs\":[\"https:\\\/\\\/www.facebook.com\\\/\",\"https:\\\/\\\/x.com\\\/bercodi\",\"https:\\\/\\\/www.instagram.com\\\/\",\"https:\\\/\\\/www.youtube.com\\\/channel\\\/UCZP-2wLEB9Rv6erhFmqVnvg\"]},{\"@type\":\"Person\",\"@id\":\"https:\\\/\\\/eldigitaldeasturias.com\\\/radio\\\/author\\\/nbasturias\\\/#author\",\"url\":\"https:\\\/\\\/eldigitaldeasturias.com\\\/radio\\\/author\\\/nbasturias\\\/\",\"name\":\"NBAsturias\",\"image\":{\"@type\":\"ImageObject\",\"@id\":\"https:\\\/\\\/eldigitaldeasturias.com\\\/radio\\\/presupuestos-asturias-pelaez-decepcionado-con-el-pp\\\/#authorImage\",\"url\":\"https:\\\/\\\/secure.gravatar.com\\\/avatar\\\/df2aeffc32bcd13f8d26072ef8a91b623d677766deac7f97ca815868cd41bf5e?s=96&d=mm&r=g\",\"width\":96,\"height\":96,\"caption\":\"NBAsturias\"}},{\"@type\":\"WebPage\",\"@id\":\"https:\\\/\\\/eldigitaldeasturias.com\\\/radio\\\/presupuestos-asturias-pelaez-decepcionado-con-el-pp\\\/#webpage\",\"url\":\"https:\\\/\\\/eldigitaldeasturias.com\\\/radio\\\/presupuestos-asturias-pelaez-decepcionado-con-el-pp\\\/\",\"name\":\"Presupuestos Asturias: Pel\\u00e1ez decepcionado con el PP | El Digital de Asturias\",\"description\":\"El consejero del Principado de Asturias, Guillermo Pel\\u00e1ez, ha reprochado al PP su decisi\\u00f3n de condicionar la negociaci\\u00f3n de los presupuestos para 2026\",\"inLanguage\":\"es-ES\",\"isPartOf\":{\"@id\":\"https:\\\/\\\/eldigitaldeasturias.com\\\/radio\\\/#website\"},\"breadcrumb\":{\"@id\":\"https:\\\/\\\/eldigitaldeasturias.com\\\/radio\\\/presupuestos-asturias-pelaez-decepcionado-con-el-pp\\\/#breadcrumblist\"},\"author\":{\"@id\":\"https:\\\/\\\/eldigitaldeasturias.com\\\/radio\\\/author\\\/nbasturias\\\/#author\"},\"creator\":{\"@id\":\"https:\\\/\\\/eldigitaldeasturias.com\\\/radio\\\/author\\\/nbasturias\\\/#author\"},\"image\":{\"@type\":\"ImageObject\",\"url\":\"https:\\\/\\\/eldigitaldeasturias.com\\\/radio\\\/wp-content\\\/uploads\\\/2025\\\/11\\\/Presupuestos-Asturias-Pelaez-decepcionado-con-el-PP.jpg\",\"@id\":\"https:\\\/\\\/eldigitaldeasturias.com\\\/radio\\\/presupuestos-asturias-pelaez-decepcionado-con-el-pp\\\/#mainImage\",\"width\":1098,\"height\":636,\"caption\":\"Foto: Prensa Gobierno de Asturias\"},\"primaryImageOfPage\":{\"@id\":\"https:\\\/\\\/eldigitaldeasturias.com\\\/radio\\\/presupuestos-asturias-pelaez-decepcionado-con-el-pp\\\/#mainImage\"},\"datePublished\":\"2025-11-01T02:31:08+01:00\",\"dateModified\":\"2025-11-01T02:31:08+01:00\"},{\"@type\":\"WebSite\",\"@id\":\"https:\\\/\\\/eldigitaldeasturias.com\\\/radio\\\/#website\",\"url\":\"https:\\\/\\\/eldigitaldeasturias.com\\\/radio\\\/\",\"name\":\"El Digital de Asturias\",\"description\":\"Diario de informaci\\u00f3n y noticias\",\"inLanguage\":\"es-ES\",\"publisher\":{\"@id\":\"https:\\\/\\\/eldigitaldeasturias.com\\\/radio\\\/#organization\"}}]}\n\t\t<\/script>\n\t\t<!-- All in One SEO Pro -->\r\n\t\t<title>Presupuestos Asturias: Pel\u00e1ez decepcionado con el PP | El Digital de Asturias<\/title>\n\n","aioseo_head_json":{"title":"Presupuestos Asturias: Pel\u00e1ez decepcionado con el PP | El Digital de Asturias","description":"El consejero del Principado de Asturias, Guillermo Pel\u00e1ez, ha reprochado al PP su decisi\u00f3n de condicionar la negociaci\u00f3n de los presupuestos para 2026","canonical_url":"https:\/\/eldigitaldeasturias.com\/radio\/presupuestos-asturias-pelaez-decepcionado-con-el-pp\/","robots":"max-image-preview:large","keywords":"actualidad asturias,titulares","webmasterTools":{"google-site-verification":"UA-38556648-1","miscellaneous":""},"schema":{"@context":"https:\/\/schema.org","@graph":[{"@type":"BreadcrumbList","@id":"https:\/\/eldigitaldeasturias.com\/radio\/presupuestos-asturias-pelaez-decepcionado-con-el-pp\/#breadcrumblist","itemListElement":[{"@type":"ListItem","@id":"https:\/\/eldigitaldeasturias.com\/radio#listItem","position":1,"name":"Inicio","item":"https:\/\/eldigitaldeasturias.com\/radio","nextItem":{"@type":"ListItem","@id":"https:\/\/eldigitaldeasturias.com\/radio\/category\/titulares\/#listItem","name":"Titulares"}},{"@type":"ListItem","@id":"https:\/\/eldigitaldeasturias.com\/radio\/category\/titulares\/#listItem","position":2,"name":"Titulares","item":"https:\/\/eldigitaldeasturias.com\/radio\/category\/titulares\/","nextItem":{"@type":"ListItem","@id":"https:\/\/eldigitaldeasturias.com\/radio\/presupuestos-asturias-pelaez-decepcionado-con-el-pp\/#listItem","name":"Presupuestos Asturias: Pel\u00e1ez decepcionado con el PP"},"previousItem":{"@type":"ListItem","@id":"https:\/\/eldigitaldeasturias.com\/radio#listItem","name":"Inicio"}},{"@type":"ListItem","@id":"https:\/\/eldigitaldeasturias.com\/radio\/presupuestos-asturias-pelaez-decepcionado-con-el-pp\/#listItem","position":3,"name":"Presupuestos Asturias: Pel\u00e1ez decepcionado con el PP","previousItem":{"@type":"ListItem","@id":"https:\/\/eldigitaldeasturias.com\/radio\/category\/titulares\/#listItem","name":"Titulares"}}]},{"@type":"NewsArticle","@id":"https:\/\/eldigitaldeasturias.com\/radio\/presupuestos-asturias-pelaez-decepcionado-con-el-pp\/#newsarticle","name":"Presupuestos Asturias: Pel\u00e1ez decepcionado con el PP | El Digital de Asturias","headline":"Presupuestos Asturias: Pel\u00e1ez decepcionado con el PP","author":{"@id":"https:\/\/eldigitaldeasturias.com\/radio\/author\/nbasturias\/#author"},"publisher":{"@id":"https:\/\/eldigitaldeasturias.com\/radio\/#organization"},"image":{"@type":"ImageObject","url":"https:\/\/eldigitaldeasturias.com\/radio\/wp-content\/uploads\/2025\/11\/Presupuestos-Asturias-Pelaez-decepcionado-con-el-PP.jpg","width":1098,"height":636,"caption":"Foto: Prensa Gobierno de Asturias"},"datePublished":"2025-11-01T02:31:08+01:00","dateModified":"2025-11-01T02:31:08+01:00","inLanguage":"es-ES","mainEntityOfPage":{"@id":"https:\/\/eldigitaldeasturias.com\/radio\/presupuestos-asturias-pelaez-decepcionado-con-el-pp\/#webpage"},"isPartOf":{"@id":"https:\/\/eldigitaldeasturias.com\/radio\/presupuestos-asturias-pelaez-decepcionado-con-el-pp\/#webpage"},"articleSection":"Actualidad Asturias, Titulares","dateline":"Publicado el noviembre 1, 2025."},{"@type":"Organization","@id":"https:\/\/eldigitaldeasturias.com\/radio\/#organization","name":"El digital de Asturias Radio","description":"Diario de informaci\u00f3n y noticias","url":"https:\/\/eldigitaldeasturias.com\/radio\/","telephone":"+34652131393","logo":{"@type":"ImageObject","url":"https:\/\/www.eldigitaldeasturias.com\/radio\/wp-content\/uploads\/2021\/03\/EDA.jpg","@id":"https:\/\/eldigitaldeasturias.com\/radio\/presupuestos-asturias-pelaez-decepcionado-con-el-pp\/#organizationLogo"},"image":{"@id":"https:\/\/eldigitaldeasturias.com\/radio\/presupuestos-asturias-pelaez-decepcionado-con-el-pp\/#organizationLogo"},"sameAs":["https:\/\/www.facebook.com\/","https:\/\/x.com\/bercodi","https:\/\/www.instagram.com\/","https:\/\/www.youtube.com\/channel\/UCZP-2wLEB9Rv6erhFmqVnvg"]},{"@type":"Person","@id":"https:\/\/eldigitaldeasturias.com\/radio\/author\/nbasturias\/#author","url":"https:\/\/eldigitaldeasturias.com\/radio\/author\/nbasturias\/","name":"NBAsturias","image":{"@type":"ImageObject","@id":"https:\/\/eldigitaldeasturias.com\/radio\/presupuestos-asturias-pelaez-decepcionado-con-el-pp\/#authorImage","url":"https:\/\/secure.gravatar.com\/avatar\/df2aeffc32bcd13f8d26072ef8a91b623d677766deac7f97ca815868cd41bf5e?s=96&d=mm&r=g","width":96,"height":96,"caption":"NBAsturias"}},{"@type":"WebPage","@id":"https:\/\/eldigitaldeasturias.com\/radio\/presupuestos-asturias-pelaez-decepcionado-con-el-pp\/#webpage","url":"https:\/\/eldigitaldeasturias.com\/radio\/presupuestos-asturias-pelaez-decepcionado-con-el-pp\/","name":"Presupuestos Asturias: Pel\u00e1ez decepcionado con el PP | El Digital de Asturias","description":"El consejero del Principado de Asturias, Guillermo Pel\u00e1ez, ha reprochado al PP su decisi\u00f3n de condicionar la negociaci\u00f3n de los presupuestos para 2026","inLanguage":"es-ES","isPartOf":{"@id":"https:\/\/eldigitaldeasturias.com\/radio\/#website"},"breadcrumb":{"@id":"https:\/\/eldigitaldeasturias.com\/radio\/presupuestos-asturias-pelaez-decepcionado-con-el-pp\/#breadcrumblist"},"author":{"@id":"https:\/\/eldigitaldeasturias.com\/radio\/author\/nbasturias\/#author"},"creator":{"@id":"https:\/\/eldigitaldeasturias.com\/radio\/author\/nbasturias\/#author"},"image":{"@type":"ImageObject","url":"https:\/\/eldigitaldeasturias.com\/radio\/wp-content\/uploads\/2025\/11\/Presupuestos-Asturias-Pelaez-decepcionado-con-el-PP.jpg","@id":"https:\/\/eldigitaldeasturias.com\/radio\/presupuestos-asturias-pelaez-decepcionado-con-el-pp\/#mainImage","width":1098,"height":636,"caption":"Foto: Prensa Gobierno de Asturias"},"primaryImageOfPage":{"@id":"https:\/\/eldigitaldeasturias.com\/radio\/presupuestos-asturias-pelaez-decepcionado-con-el-pp\/#mainImage"},"datePublished":"2025-11-01T02:31:08+01:00","dateModified":"2025-11-01T02:31:08+01:00"},{"@type":"WebSite","@id":"https:\/\/eldigitaldeasturias.com\/radio\/#website","url":"https:\/\/eldigitaldeasturias.com\/radio\/","name":"El Digital de Asturias","description":"Diario de informaci\u00f3n y noticias","inLanguage":"es-ES","publisher":{"@id":"https:\/\/eldigitaldeasturias.com\/radio\/#organization"}}]},"og:locale":"es_ES","og:site_name":"El Digital de Asturias | Diario de informaci\u00f3n y noticias","og:type":"article","og:title":"Presupuestos Asturias: Pel\u00e1ez decepcionado con el PP | El Digital de Asturias","og:description":"El consejero del Principado de Asturias, Guillermo Pel\u00e1ez, ha reprochado al PP su decisi\u00f3n de condicionar la negociaci\u00f3n de los presupuestos para 2026","og:url":"https:\/\/eldigitaldeasturias.com\/radio\/presupuestos-asturias-pelaez-decepcionado-con-el-pp\/","og:image":"https:\/\/eldigitaldeasturias.com\/radio\/wp-content\/uploads\/2025\/11\/Presupuestos-Asturias-Pelaez-decepcionado-con-el-PP.jpg","og:image:secure_url":"https:\/\/eldigitaldeasturias.com\/radio\/wp-content\/uploads\/2025\/11\/Presupuestos-Asturias-Pelaez-decepcionado-con-el-PP.jpg","og:image:width":1098,"og:image:height":636,"article:published_time":"2025-11-01T01:31:08+00:00","article:modified_time":"2025-11-01T01:31:08+00:00","twitter:card":"summary_large_image","twitter:site":"@bercodi","twitter:title":"Presupuestos Asturias: Pel\u00e1ez decepcionado con el PP | El Digital de Asturias","twitter:description":"El consejero del Principado de Asturias, Guillermo Pel\u00e1ez, ha reprochado al PP su decisi\u00f3n de condicionar la negociaci\u00f3n de los presupuestos para 2026","twitter:creator":"@bercodi","twitter:image":"https:\/\/eldigitaldeasturias.com\/radio\/wp-content\/uploads\/2025\/11\/Presupuestos-Asturias-Pelaez-decepcionado-con-el-PP.jpg"},"aioseo_meta_data":{"post_id":"11558","title":null,"description":"El consejero del Principado de Asturias, Guillermo Pel\u00e1ez, ha reprochado al PP su decisi\u00f3n de condicionar la negociaci\u00f3n de los presupuestos para 2026","keywords":null,"keyphrases":{"focus":{"keyphrase":"Asturias","score":91,"analysis":{"keyphraseInTitle":{"score":9,"maxScore":9,"error":0},"keyphraseInDescription":{"score":9,"maxScore":9,"error":0},"keyphraseLength":{"score":9,"maxScore":9,"error":0,"length":1},"keyphraseInURL":{"score":5,"maxScore":5,"error":0},"keyphraseInIntroduction":{"score":9,"maxScore":9,"error":0},"keyphraseInSubHeadings":{"score":3,"maxScore":9,"error":1},"keyphraseInImageAlt":{"score":9,"maxScore":9,"error":0},"keywordDensity":{"type":"best","score":9,"maxScore":9,"error":0}}},"additional":[{"keyphrase":"Pel\u00e1ez","score":100,"analysis":{"keyphraseInDescription":{"score":9,"maxScore":9,"error":0},"keyphraseLength":{"score":9,"maxScore":9,"error":0,"length":2},"keyphraseInIntroduction":{"score":9,"maxScore":9,"error":0},"keyphraseInImageAlt":{"score":9,"maxScore":9,"error":0},"keywordDensity":{"type":"best","score":9,"maxScore":9,"error":0}}}]},"primary_term":null,"canonical_url":null,"og_title":null,"og_description":null,"og_object_type":"default","og_image_type":"default","og_image_url":null,"og_image_width":null,"og_image_height":null,"og_image_custom_url":null,"og_image_custom_fields":null,"og_video":"","og_custom_url":null,"og_article_section":null,"og_article_tags":null,"twitter_use_og":false,"twitter_card":"default","twitter_image_type":"default","twitter_image_url":null,"twitter_image_custom_url":null,"twitter_image_custom_fields":null,"twitter_title":null,"twitter_description":null,"schema":{"blockGraphs":[],"customGraphs":[],"default":{"data":{"Article":[],"Course":[],"Dataset":[],"FAQPage":[],"Movie":[],"Person":[],"Product":[],"ProductReview":[],"Car":[],"Recipe":[],"Service":[],"SoftwareApplication":[],"WebPage":[]},"graphName":"NewsArticle","isEnabled":true},"graphs":[]},"schema_type":"default","schema_type_options":null,"pillar_content":false,"robots_default":true,"robots_noindex":false,"robots_noarchive":false,"robots_nosnippet":false,"robots_nofollow":false,"robots_noimageindex":false,"robots_noodp":false,"robots_notranslate":false,"robots_max_snippet":"-1","robots_max_videopreview":"-1","robots_max_imagepreview":"large","priority":null,"frequency":"default","location":null,"local_seo":null,"seo_analyzer_scan_date":"2025-11-01 01:42:30","breadcrumb_settings":null,"limit_modified_date":false,"open_ai":null,"ai":{"faqs":[],"keyPoints":[],"titles":[],"descriptions":[],"socialPosts":{"email":[],"linkedin":[],"twitter":[],"facebook":[],"instagram":[]}},"created":"2025-10-31 12:42:18","updated":"2025-11-01 01:42:30"},"aioseo_breadcrumb":"<div class=\"aioseo-breadcrumbs\"><span class=\"aioseo-breadcrumb\">\n\t<a href=\"https:\/\/eldigitaldeasturias.com\/radio\" title=\"Inicio\">Inicio<\/a>\n<\/span><span class=\"aioseo-breadcrumb-separator\">&ndash;<\/span><span class=\"aioseo-breadcrumb\">\n\t<a href=\"https:\/\/eldigitaldeasturias.com\/radio\/category\/titulares\/\" title=\"Titulares\">Titulares<\/a>\n<\/span><span class=\"aioseo-breadcrumb-separator\">&ndash;<\/span><span class=\"aioseo-breadcrumb\">\n\tPresupuestos Asturias: Pel\u00e1ez decepcionado con el PP\n<\/span><\/div>","aioseo_breadcrumb_json":[{"label":"Inicio","link":"https:\/\/eldigitaldeasturias.com\/radio"},{"label":"Titulares","link":"https:\/\/eldigitaldeasturias.com\/radio\/category\/titulares\/"},{"label":"Presupuestos Asturias: Pel\u00e1ez decepcionado con el PP","link":"https:\/\/eldigitaldeasturias.com\/radio\/presupuestos-asturias-pelaez-decepcionado-con-el-pp\/"}],"_links":{"self":[{"href":"https:\/\/eldigitaldeasturias.com\/radio\/wp-json\/wp\/v2\/posts\/11558","targetHints":{"allow":["GET"]}}],"collection":[{"href":"https:\/\/eldigitaldeasturias.com\/radio\/wp-json\/wp\/v2\/posts"}],"about":[{"href":"https:\/\/eldigitaldeasturias.com\/radio\/wp-json\/wp\/v2\/types\/post"}],"author":[{"embeddable":true,"href":"https:\/\/eldigitaldeasturias.com\/radio\/wp-json\/wp\/v2\/users\/1"}],"replies":[{"embeddable":true,"href":"https:\/\/eldigitaldeasturias.com\/radio\/wp-json\/wp\/v2\/comments?post=11558"}],"version-history":[{"count":0,"href":"https:\/\/eldigitaldeasturias.com\/radio\/wp-json\/wp\/v2\/posts\/11558\/revisions"}],"wp:featuredmedia":[{"embeddable":true,"href":"https:\/\/eldigitaldeasturias.com\/radio\/wp-json\/wp\/v2\/media\/11559"}],"wp:attachment":[{"href":"https:\/\/eldigitaldeasturias.com\/radio\/wp-json\/wp\/v2\/media?parent=11558"}],"wp:term":[{"taxonomy":"category","embeddable":true,"href":"https:\/\/eldigitaldeasturias.com\/radio\/wp-json\/wp\/v2\/categories?post=11558"},{"taxonomy":"post_tag","embeddable":true,"href":"https:\/\/eldigitaldeasturias.com\/radio\/wp-json\/wp\/v2\/tags?post=11558"}],"curies":[{"name":"wp","href":"https:\/\/api.w.org\/{rel}","templated":true}]}}