{"id":11501,"date":"2025-10-29T09:32:32","date_gmt":"2025-10-29T08:32:32","guid":{"rendered":"https:\/\/eldigitaldeasturias.com\/radio\/?p=11501"},"modified":"2025-10-29T09:32:32","modified_gmt":"2025-10-29T08:32:32","slug":"vanessa-gutierrez-ha-comparecido-en-la-junta-del-principado","status":"publish","type":"post","link":"https:\/\/eldigitaldeasturias.com\/radio\/vanessa-gutierrez-ha-comparecido-en-la-junta-del-principado\/","title":{"rendered":"Vanessa Guti\u00e9rrez ha comparecido en la Junta del Principado"},"content":{"rendered":"<p>La consejera de Cultura, Pol\u00edtica Lling\u00fc\u00edstica y Deporte del <a href=\"https:\/\/actualidad.asturias.es\/\" target=\"_blank\" rel=\"noopener\"><span style=\"color: #ff6600;\"><strong>Principado de Asturias<\/strong><\/span><\/a>, Vanessa Guti\u00e9rrez, ha comparecido en la Junta General para repasar las actuaciones y novedades en su departamento.<\/p>\n<figure id=\"attachment_11502\" aria-describedby=\"caption-attachment-11502\" style=\"width: 650px\" class=\"wp-caption aligncenter\"><img fetchpriority=\"high\" decoding=\"async\" class=\"size-large wp-image-11502\" src=\"https:\/\/eldigitaldeasturias.com\/radio\/wp-content\/uploads\/2025\/10\/Vanessa-Gutierrez-en-la-Junta-del-Principado-650x387.jpg\" alt=\"Vanessa Guti\u00e9rrez en la Junta del Principado\" width=\"650\" height=\"387\" srcset=\"https:\/\/eldigitaldeasturias.com\/radio\/wp-content\/uploads\/2025\/10\/Vanessa-Gutierrez-en-la-Junta-del-Principado-650x387.jpg 650w, https:\/\/eldigitaldeasturias.com\/radio\/wp-content\/uploads\/2025\/10\/Vanessa-Gutierrez-en-la-Junta-del-Principado-360x214.jpg 360w, https:\/\/eldigitaldeasturias.com\/radio\/wp-content\/uploads\/2025\/10\/Vanessa-Gutierrez-en-la-Junta-del-Principado-768x457.jpg 768w, https:\/\/eldigitaldeasturias.com\/radio\/wp-content\/uploads\/2025\/10\/Vanessa-Gutierrez-en-la-Junta-del-Principado-150x89.jpg 150w, https:\/\/eldigitaldeasturias.com\/radio\/wp-content\/uploads\/2025\/10\/Vanessa-Gutierrez-en-la-Junta-del-Principado-450x268.jpg 450w, https:\/\/eldigitaldeasturias.com\/radio\/wp-content\/uploads\/2025\/10\/Vanessa-Gutierrez-en-la-Junta-del-Principado.jpg 1090w\" sizes=\"(max-width: 650px) 100vw, 650px\" \/><figcaption id=\"caption-attachment-11502\" class=\"wp-caption-text\">Foto: Prensa Gobierno de Asturias<\/figcaption><\/figure>\n<p>La consejera de Cultura, Pol\u00edtica Lling\u00fc\u00edstica y Deporte, Vanessa Guti\u00e9rrez, ha anunciado la creaci\u00f3n de un nuevo puesto de direcci\u00f3n t\u00e9cnica en la Estaci\u00f3n Invernal y de Monta\u00f1a <a href=\"https:\/\/eldigitaldeasturias.com\/radio\/category\/turismo\/\"><span style=\"color: #ff6600;\"><strong>Valgrande-Pajares<\/strong><\/span><\/a>. Un profesional titulado en Ingenier\u00eda ha ocupado este cargo, que asumir\u00e1 las competencias t\u00e9cnicas y operativas relacionadas con el mantenimiento, la planificaci\u00f3n, la seguridad y la gesti\u00f3n de equipos, as\u00ed como la coordinaci\u00f3n de las mejoras ambientales y de sostenibilidad.<\/p>\n<p>\u201cEsta medida permitir\u00e1 reforzar la estructura organizativa de la estaci\u00f3n y acompa\u00f1ar la transici\u00f3n hacia una gesti\u00f3n m\u00e1s eficiente, al tiempo que se desarrollan los trabajos de la segunda fase del plan de modernizaci\u00f3n\u201d, ha explicado la consejera, quien ha a\u00f1adido que se trata de una apuesta \u201cpor la profesionalizaci\u00f3n y el rigor t\u00e9cnico\u201d en la gesti\u00f3n de un equipamiento clave para la monta\u00f1a asturiana.<\/p>\n<p>Guti\u00e9rrez, que ha comparecido en la Junta General, tambi\u00e9n ha informado sobre la contrataci\u00f3n de una auditor\u00eda del sistema de innivaci\u00f3n de Valgrande-Pajares, con el fin de evaluar el rendimiento, la sostenibilidad y la eficiencia energ\u00e9tica de los ca\u00f1ones de nieve. Esta revisi\u00f3n, que realizar\u00e1 una empresa especializada, permitir\u00e1 orientar las futuras decisiones sobre la modernizaci\u00f3n del sistema sobre la base de informes t\u00e9cnicos y criterios objetivos.<\/p>\n<p>Respecto al contrato de responsabilidad t\u00e9cnica de la estaci\u00f3n, que inicialmente qued\u00f3 desierto, la consejer\u00eda adjudicar\u00e1 un contrato menor-puente que entrar\u00e1 en vigor el 9 de noviembre, mientras se tramita un procedimiento negociado urgente. La titular de Cultura se ha referido tambi\u00e9n a los avances de la fase 2 del plan de modernizaci\u00f3n de la estaci\u00f3n, financiada con recursos del Fondo de Transici\u00f3n Justa 2021-2027. Las primeras actuaciones se ejecutar\u00e1n y se prolongar\u00e1n durante los pr\u00f3ximos ejercicios. Entre las intervenciones previstas destacan el dise\u00f1o de un bikepark integrado en el entorno natural, la renaturalizaci\u00f3n de zonas verdes, la mejora de los accesos, la ampliaci\u00f3n de la red de senderos y la creaci\u00f3n de una pista de esqu\u00ed de fondo y de miradores panor\u00e1micos.<\/p>\n<p>La consejer\u00eda trabaja tambi\u00e9n con el departamento de Movilidad para integrar en la red auton\u00f3mica de carreteras la v\u00eda de llegada a la estaci\u00f3n, un paso clave para garantizar su adecuada conservaci\u00f3n. Asimismo, y en colaboraci\u00f3n con las direcciones generales de Medio Ambiente y del Agua, se est\u00e1 redactando el proyecto de saneamiento del complejo y abordando la gesti\u00f3n de residuos, dos actuaciones que el Principado est\u00e1 llevando a cabo tras a\u00f1os sin resolverse.<\/p>\n<p>Adem\u00e1s, se est\u00e1n explorando v\u00edas de colaboraci\u00f3n con el Ayuntamiento de Lena para cuestiones diversas, como el uso de los pastos, la iluminaci\u00f3n, la organizaci\u00f3n de actividades o el aprovechamiento de las instalaciones por parte de la poblaci\u00f3n del concejo.<\/p>\n<h2>Expediente BIC de la colecci\u00f3n CajAstur<\/h2>\n<p>Durante su comparecencia en el parlamento, Vanessa Guti\u00e9rrez ha indicado que su departamento ha decidido ampliar el plazo de informaci\u00f3n p\u00fablica del expediente para la declaraci\u00f3n como Bien de Inter\u00e9s Cultural (BIC) de la colecci\u00f3n art\u00edstica de la antigua Caja de Ahorros de Asturias (Cajastur). Esta decisi\u00f3n responde a las peticiones de diversas entidades e instituciones culturales, que demandaban un periodo m\u00e1s amplio para la presentaci\u00f3n de alegaciones e informes.<\/p>\n<p>Cuando finalice ese segundo plazo, la Direcci\u00f3n General de Patrimonio Cultural analizar\u00e1 todas las aportaciones recibidas antes de elevar el expediente al Consejo del Patrimonio Cultural para su revisi\u00f3n final.<\/p>\n<p>El procedimiento, iniciado en junio de 2023, ha permitido identificar m\u00e1s de un millar de obras pertenecientes a la antigua entidad. Tambi\u00e9n ha recabado informes favorables del Real Instituto de Estudios Asturianos (Ridea), la Real Academia de Bellas Artes de San Fernando y la Real Academia de la Historia.<\/p>\n<h2>Iglesia de la Laboral<\/h2>\n<p>La consejera de Cultura ha informado sobre el inicio de los trabajos de intervenci\u00f3n en la c\u00fapula de la iglesia de Laboral Ciudad de la Cultura, con los que se da continuidad al proceso de restauraci\u00f3n iniciado en 2023 y financiado con fondos del Plan de Recuperaci\u00f3n, Transformaci\u00f3n y Resiliencia de la Uni\u00f3n Europea.<\/p>\n<p>Esta nueva intervenci\u00f3n permitir\u00e1 corregir las patolog\u00edas detectadas en las pinturas murales tras la obra anterior y garantizar la estanqueidad completa de la estructura. <strong>Los trabajos se desarrollar\u00e1n en el interior del templo, bajo la supervisi\u00f3n de personal t\u00e9cnico de la Direcci\u00f3n General de Patrimonio Cultural, y se prolongar\u00e1n durante varias semanas.<\/strong><\/p>\n<p>\u201cEsta actuaci\u00f3n se enmarca en el compromiso del Gobierno de Asturias con la conservaci\u00f3n y puesta en valor de La Laboral, un conjunto monumental \u00fanico en Espa\u00f1a que aspira al reconocimiento como Patrimonio Mundial de la Unesco\u201d, ha explicado la consejera.<\/p>\n<h2>Red de museos etnogr\u00e1ficos (MEDA)<\/h2>\n<p>Por otra parte, Guti\u00e9rrez ha anunciado en la Junta General la contrataci\u00f3n del servicio de c\u00e1mara de vac\u00edo para el tratamiento de materiales pertenecientes a los equipamientos integrados en la Red de Museos Etnogr\u00e1ficos de Asturias (Red MEDA).<\/p>\n<p>Este procedimiento permitir\u00e1 erradicar posibles afecciones de xil\u00f3fagos \u2014insectos que atacan la madera\u2014 mediante la exposici\u00f3n de las piezas a un proceso controlado en c\u00e1mara al vac\u00edo, garantizando su conservaci\u00f3n preventiva y prolongando la vida \u00fatil de los bienes culturales.<\/p>\n","protected":false},"excerpt":{"rendered":"<p>La consejera de Cultura, Pol\u00edtica Lling\u00fc\u00edstica y Deporte del Principado de Asturias, Vanessa Guti\u00e9rrez, ha comparecido en la Junta General para repasar las actuaciones y novedades en su departamento. La consejera de Cultura, Pol\u00edtica Lling\u00fc\u00edstica y Deporte, Vanessa Guti\u00e9rrez, ha anunciado la creaci\u00f3n de un nuevo puesto de direcci\u00f3n t\u00e9cnica en la Estaci\u00f3n Invernal y<\/p>\n","protected":false},"author":1,"featured_media":11502,"comment_status":"closed","ping_status":"closed","sticky":false,"template":"","format":"standard","meta":{"footnotes":""},"categories":[141],"tags":[],"class_list":{"0":"post-11501","1":"post","2":"type-post","3":"status-publish","4":"format-standard","5":"has-post-thumbnail","7":"category-actualidad-asturias"},"aioseo_notices":[],"aioseo_head":"\n\t\t<!-- All in One SEO Pro 4.9.6.2 - aioseo.com -->\n\t<meta name=\"description\" content=\"La consejera de Cultura, Pol\u00edtica Lling\u00fc\u00edstica y Deporte del Principado de Asturias, Vanessa Guti\u00e9rrez, ha comparecido en la Junta General para repasar\" \/>\n\t<meta name=\"robots\" content=\"max-image-preview:large\" \/>\n\t<meta name=\"author\" content=\"NBAsturias\"\/>\n\t<meta name=\"google-site-verification\" content=\"UA-38556648-1\" \/>\n\t<meta name=\"keywords\" content=\"actualidad asturias\" \/>\n\t<link rel=\"canonical\" href=\"https:\/\/eldigitaldeasturias.com\/radio\/vanessa-gutierrez-ha-comparecido-en-la-junta-del-principado\/\" \/>\n\t<meta name=\"generator\" content=\"All in One SEO Pro (AIOSEO) 4.9.6.2\" \/>\n\t\t<meta property=\"og:locale\" content=\"es_ES\" \/>\n\t\t<meta property=\"og:site_name\" content=\"El Digital de Asturias | Diario de informaci\u00f3n y noticias\" \/>\n\t\t<meta property=\"og:type\" content=\"article\" \/>\n\t\t<meta property=\"og:title\" content=\"Vanessa Guti\u00e9rrez ha comparecido en la Junta del Principado | El Digital de Asturias\" \/>\n\t\t<meta property=\"og:description\" content=\"La consejera de Cultura, Pol\u00edtica Lling\u00fc\u00edstica y Deporte del Principado de Asturias, Vanessa Guti\u00e9rrez, ha comparecido en la Junta General para repasar\" \/>\n\t\t<meta property=\"og:url\" content=\"https:\/\/eldigitaldeasturias.com\/radio\/vanessa-gutierrez-ha-comparecido-en-la-junta-del-principado\/\" \/>\n\t\t<meta property=\"og:image\" content=\"https:\/\/eldigitaldeasturias.com\/radio\/wp-content\/uploads\/2025\/10\/Vanessa-Gutierrez-en-la-Junta-del-Principado.jpg\" \/>\n\t\t<meta property=\"og:image:secure_url\" content=\"https:\/\/eldigitaldeasturias.com\/radio\/wp-content\/uploads\/2025\/10\/Vanessa-Gutierrez-en-la-Junta-del-Principado.jpg\" \/>\n\t\t<meta property=\"og:image:width\" content=\"1090\" \/>\n\t\t<meta property=\"og:image:height\" content=\"649\" \/>\n\t\t<meta property=\"article:published_time\" content=\"2025-10-29T08:32:32+00:00\" \/>\n\t\t<meta property=\"article:modified_time\" content=\"2025-10-29T08:32:32+00:00\" \/>\n\t\t<meta name=\"twitter:card\" content=\"summary_large_image\" \/>\n\t\t<meta name=\"twitter:site\" content=\"@bercodi\" \/>\n\t\t<meta name=\"twitter:title\" content=\"Vanessa Guti\u00e9rrez ha comparecido en la Junta del Principado | El Digital de Asturias\" \/>\n\t\t<meta name=\"twitter:description\" content=\"La consejera de Cultura, Pol\u00edtica Lling\u00fc\u00edstica y Deporte del Principado de Asturias, Vanessa Guti\u00e9rrez, ha comparecido en la Junta General para repasar\" \/>\n\t\t<meta name=\"twitter:creator\" content=\"@bercodi\" \/>\n\t\t<meta name=\"twitter:image\" content=\"https:\/\/eldigitaldeasturias.com\/radio\/wp-content\/uploads\/2025\/10\/Vanessa-Gutierrez-en-la-Junta-del-Principado.jpg\" \/>\n\t\t<script type=\"application\/ld+json\" class=\"aioseo-schema\">\n\t\t\t{\"@context\":\"https:\\\/\\\/schema.org\",\"@graph\":[{\"@type\":\"BreadcrumbList\",\"@id\":\"https:\\\/\\\/eldigitaldeasturias.com\\\/radio\\\/vanessa-gutierrez-ha-comparecido-en-la-junta-del-principado\\\/#breadcrumblist\",\"itemListElement\":[{\"@type\":\"ListItem\",\"@id\":\"https:\\\/\\\/eldigitaldeasturias.com\\\/radio#listItem\",\"position\":1,\"name\":\"Inicio\",\"item\":\"https:\\\/\\\/eldigitaldeasturias.com\\\/radio\",\"nextItem\":{\"@type\":\"ListItem\",\"@id\":\"https:\\\/\\\/eldigitaldeasturias.com\\\/radio\\\/category\\\/actualidad-asturias\\\/#listItem\",\"name\":\"Actualidad Asturias\"}},{\"@type\":\"ListItem\",\"@id\":\"https:\\\/\\\/eldigitaldeasturias.com\\\/radio\\\/category\\\/actualidad-asturias\\\/#listItem\",\"position\":2,\"name\":\"Actualidad Asturias\",\"item\":\"https:\\\/\\\/eldigitaldeasturias.com\\\/radio\\\/category\\\/actualidad-asturias\\\/\",\"nextItem\":{\"@type\":\"ListItem\",\"@id\":\"https:\\\/\\\/eldigitaldeasturias.com\\\/radio\\\/vanessa-gutierrez-ha-comparecido-en-la-junta-del-principado\\\/#listItem\",\"name\":\"Vanessa Guti\\u00e9rrez ha comparecido en la Junta del Principado\"},\"previousItem\":{\"@type\":\"ListItem\",\"@id\":\"https:\\\/\\\/eldigitaldeasturias.com\\\/radio#listItem\",\"name\":\"Inicio\"}},{\"@type\":\"ListItem\",\"@id\":\"https:\\\/\\\/eldigitaldeasturias.com\\\/radio\\\/vanessa-gutierrez-ha-comparecido-en-la-junta-del-principado\\\/#listItem\",\"position\":3,\"name\":\"Vanessa Guti\\u00e9rrez ha comparecido en la Junta del Principado\",\"previousItem\":{\"@type\":\"ListItem\",\"@id\":\"https:\\\/\\\/eldigitaldeasturias.com\\\/radio\\\/category\\\/actualidad-asturias\\\/#listItem\",\"name\":\"Actualidad Asturias\"}}]},{\"@type\":\"NewsArticle\",\"@id\":\"https:\\\/\\\/eldigitaldeasturias.com\\\/radio\\\/vanessa-gutierrez-ha-comparecido-en-la-junta-del-principado\\\/#newsarticle\",\"name\":\"Vanessa Guti\\u00e9rrez ha comparecido en la Junta del Principado | El Digital de Asturias\",\"headline\":\"Vanessa Guti\\u00e9rrez ha comparecido en la Junta del Principado\",\"author\":{\"@id\":\"https:\\\/\\\/eldigitaldeasturias.com\\\/radio\\\/author\\\/nbasturias\\\/#author\"},\"publisher\":{\"@id\":\"https:\\\/\\\/eldigitaldeasturias.com\\\/radio\\\/#organization\"},\"image\":{\"@type\":\"ImageObject\",\"url\":\"https:\\\/\\\/eldigitaldeasturias.com\\\/radio\\\/wp-content\\\/uploads\\\/2025\\\/10\\\/Vanessa-Gutierrez-en-la-Junta-del-Principado.jpg\",\"width\":1090,\"height\":649,\"caption\":\"Foto: Prensa Gobierno de Asturias\"},\"datePublished\":\"2025-10-29T09:32:32+01:00\",\"dateModified\":\"2025-10-29T09:32:32+01:00\",\"inLanguage\":\"es-ES\",\"mainEntityOfPage\":{\"@id\":\"https:\\\/\\\/eldigitaldeasturias.com\\\/radio\\\/vanessa-gutierrez-ha-comparecido-en-la-junta-del-principado\\\/#webpage\"},\"isPartOf\":{\"@id\":\"https:\\\/\\\/eldigitaldeasturias.com\\\/radio\\\/vanessa-gutierrez-ha-comparecido-en-la-junta-del-principado\\\/#webpage\"},\"articleSection\":\"Actualidad Asturias\",\"dateline\":\"Publicado el octubre 29, 2025.\"},{\"@type\":\"Organization\",\"@id\":\"https:\\\/\\\/eldigitaldeasturias.com\\\/radio\\\/#organization\",\"name\":\"El digital de Asturias Radio\",\"description\":\"Diario de informaci\\u00f3n y noticias\",\"url\":\"https:\\\/\\\/eldigitaldeasturias.com\\\/radio\\\/\",\"telephone\":\"+34652131393\",\"logo\":{\"@type\":\"ImageObject\",\"url\":\"https:\\\/\\\/www.eldigitaldeasturias.com\\\/radio\\\/wp-content\\\/uploads\\\/2021\\\/03\\\/EDA.jpg\",\"@id\":\"https:\\\/\\\/eldigitaldeasturias.com\\\/radio\\\/vanessa-gutierrez-ha-comparecido-en-la-junta-del-principado\\\/#organizationLogo\"},\"image\":{\"@id\":\"https:\\\/\\\/eldigitaldeasturias.com\\\/radio\\\/vanessa-gutierrez-ha-comparecido-en-la-junta-del-principado\\\/#organizationLogo\"},\"sameAs\":[\"https:\\\/\\\/www.facebook.com\\\/\",\"https:\\\/\\\/x.com\\\/bercodi\",\"https:\\\/\\\/www.instagram.com\\\/\",\"https:\\\/\\\/www.youtube.com\\\/channel\\\/UCZP-2wLEB9Rv6erhFmqVnvg\"]},{\"@type\":\"Person\",\"@id\":\"https:\\\/\\\/eldigitaldeasturias.com\\\/radio\\\/author\\\/nbasturias\\\/#author\",\"url\":\"https:\\\/\\\/eldigitaldeasturias.com\\\/radio\\\/author\\\/nbasturias\\\/\",\"name\":\"NBAsturias\",\"image\":{\"@type\":\"ImageObject\",\"@id\":\"https:\\\/\\\/eldigitaldeasturias.com\\\/radio\\\/vanessa-gutierrez-ha-comparecido-en-la-junta-del-principado\\\/#authorImage\",\"url\":\"https:\\\/\\\/secure.gravatar.com\\\/avatar\\\/df2aeffc32bcd13f8d26072ef8a91b623d677766deac7f97ca815868cd41bf5e?s=96&d=mm&r=g\",\"width\":96,\"height\":96,\"caption\":\"NBAsturias\"}},{\"@type\":\"WebPage\",\"@id\":\"https:\\\/\\\/eldigitaldeasturias.com\\\/radio\\\/vanessa-gutierrez-ha-comparecido-en-la-junta-del-principado\\\/#webpage\",\"url\":\"https:\\\/\\\/eldigitaldeasturias.com\\\/radio\\\/vanessa-gutierrez-ha-comparecido-en-la-junta-del-principado\\\/\",\"name\":\"Vanessa Guti\\u00e9rrez ha comparecido en la Junta del Principado | El Digital de Asturias\",\"description\":\"La consejera de Cultura, Pol\\u00edtica Lling\\u00fc\\u00edstica y Deporte del Principado de Asturias, Vanessa Guti\\u00e9rrez, ha comparecido en la Junta General para repasar\",\"inLanguage\":\"es-ES\",\"isPartOf\":{\"@id\":\"https:\\\/\\\/eldigitaldeasturias.com\\\/radio\\\/#website\"},\"breadcrumb\":{\"@id\":\"https:\\\/\\\/eldigitaldeasturias.com\\\/radio\\\/vanessa-gutierrez-ha-comparecido-en-la-junta-del-principado\\\/#breadcrumblist\"},\"author\":{\"@id\":\"https:\\\/\\\/eldigitaldeasturias.com\\\/radio\\\/author\\\/nbasturias\\\/#author\"},\"creator\":{\"@id\":\"https:\\\/\\\/eldigitaldeasturias.com\\\/radio\\\/author\\\/nbasturias\\\/#author\"},\"image\":{\"@type\":\"ImageObject\",\"url\":\"https:\\\/\\\/eldigitaldeasturias.com\\\/radio\\\/wp-content\\\/uploads\\\/2025\\\/10\\\/Vanessa-Gutierrez-en-la-Junta-del-Principado.jpg\",\"@id\":\"https:\\\/\\\/eldigitaldeasturias.com\\\/radio\\\/vanessa-gutierrez-ha-comparecido-en-la-junta-del-principado\\\/#mainImage\",\"width\":1090,\"height\":649,\"caption\":\"Foto: Prensa Gobierno de Asturias\"},\"primaryImageOfPage\":{\"@id\":\"https:\\\/\\\/eldigitaldeasturias.com\\\/radio\\\/vanessa-gutierrez-ha-comparecido-en-la-junta-del-principado\\\/#mainImage\"},\"datePublished\":\"2025-10-29T09:32:32+01:00\",\"dateModified\":\"2025-10-29T09:32:32+01:00\"},{\"@type\":\"WebSite\",\"@id\":\"https:\\\/\\\/eldigitaldeasturias.com\\\/radio\\\/#website\",\"url\":\"https:\\\/\\\/eldigitaldeasturias.com\\\/radio\\\/\",\"name\":\"El Digital de Asturias\",\"description\":\"Diario de informaci\\u00f3n y noticias\",\"inLanguage\":\"es-ES\",\"publisher\":{\"@id\":\"https:\\\/\\\/eldigitaldeasturias.com\\\/radio\\\/#organization\"}}]}\n\t\t<\/script>\n\t\t<!-- All in One SEO Pro -->\r\n\t\t<title>Vanessa Guti\u00e9rrez ha comparecido en la Junta del Principado | El Digital de Asturias<\/title>\n\n","aioseo_head_json":{"title":"Vanessa Guti\u00e9rrez ha comparecido en la Junta del Principado | El Digital de Asturias","description":"La consejera de Cultura, Pol\u00edtica Lling\u00fc\u00edstica y Deporte del Principado de Asturias, Vanessa Guti\u00e9rrez, ha comparecido en la Junta General para repasar","canonical_url":"https:\/\/eldigitaldeasturias.com\/radio\/vanessa-gutierrez-ha-comparecido-en-la-junta-del-principado\/","robots":"max-image-preview:large","keywords":"actualidad asturias","webmasterTools":{"google-site-verification":"UA-38556648-1","miscellaneous":""},"schema":{"@context":"https:\/\/schema.org","@graph":[{"@type":"BreadcrumbList","@id":"https:\/\/eldigitaldeasturias.com\/radio\/vanessa-gutierrez-ha-comparecido-en-la-junta-del-principado\/#breadcrumblist","itemListElement":[{"@type":"ListItem","@id":"https:\/\/eldigitaldeasturias.com\/radio#listItem","position":1,"name":"Inicio","item":"https:\/\/eldigitaldeasturias.com\/radio","nextItem":{"@type":"ListItem","@id":"https:\/\/eldigitaldeasturias.com\/radio\/category\/actualidad-asturias\/#listItem","name":"Actualidad Asturias"}},{"@type":"ListItem","@id":"https:\/\/eldigitaldeasturias.com\/radio\/category\/actualidad-asturias\/#listItem","position":2,"name":"Actualidad Asturias","item":"https:\/\/eldigitaldeasturias.com\/radio\/category\/actualidad-asturias\/","nextItem":{"@type":"ListItem","@id":"https:\/\/eldigitaldeasturias.com\/radio\/vanessa-gutierrez-ha-comparecido-en-la-junta-del-principado\/#listItem","name":"Vanessa Guti\u00e9rrez ha comparecido en la Junta del Principado"},"previousItem":{"@type":"ListItem","@id":"https:\/\/eldigitaldeasturias.com\/radio#listItem","name":"Inicio"}},{"@type":"ListItem","@id":"https:\/\/eldigitaldeasturias.com\/radio\/vanessa-gutierrez-ha-comparecido-en-la-junta-del-principado\/#listItem","position":3,"name":"Vanessa Guti\u00e9rrez ha comparecido en la Junta del Principado","previousItem":{"@type":"ListItem","@id":"https:\/\/eldigitaldeasturias.com\/radio\/category\/actualidad-asturias\/#listItem","name":"Actualidad Asturias"}}]},{"@type":"NewsArticle","@id":"https:\/\/eldigitaldeasturias.com\/radio\/vanessa-gutierrez-ha-comparecido-en-la-junta-del-principado\/#newsarticle","name":"Vanessa Guti\u00e9rrez ha comparecido en la Junta del Principado | El Digital de Asturias","headline":"Vanessa Guti\u00e9rrez ha comparecido en la Junta del Principado","author":{"@id":"https:\/\/eldigitaldeasturias.com\/radio\/author\/nbasturias\/#author"},"publisher":{"@id":"https:\/\/eldigitaldeasturias.com\/radio\/#organization"},"image":{"@type":"ImageObject","url":"https:\/\/eldigitaldeasturias.com\/radio\/wp-content\/uploads\/2025\/10\/Vanessa-Gutierrez-en-la-Junta-del-Principado.jpg","width":1090,"height":649,"caption":"Foto: Prensa Gobierno de Asturias"},"datePublished":"2025-10-29T09:32:32+01:00","dateModified":"2025-10-29T09:32:32+01:00","inLanguage":"es-ES","mainEntityOfPage":{"@id":"https:\/\/eldigitaldeasturias.com\/radio\/vanessa-gutierrez-ha-comparecido-en-la-junta-del-principado\/#webpage"},"isPartOf":{"@id":"https:\/\/eldigitaldeasturias.com\/radio\/vanessa-gutierrez-ha-comparecido-en-la-junta-del-principado\/#webpage"},"articleSection":"Actualidad Asturias","dateline":"Publicado el octubre 29, 2025."},{"@type":"Organization","@id":"https:\/\/eldigitaldeasturias.com\/radio\/#organization","name":"El digital de Asturias Radio","description":"Diario de informaci\u00f3n y noticias","url":"https:\/\/eldigitaldeasturias.com\/radio\/","telephone":"+34652131393","logo":{"@type":"ImageObject","url":"https:\/\/www.eldigitaldeasturias.com\/radio\/wp-content\/uploads\/2021\/03\/EDA.jpg","@id":"https:\/\/eldigitaldeasturias.com\/radio\/vanessa-gutierrez-ha-comparecido-en-la-junta-del-principado\/#organizationLogo"},"image":{"@id":"https:\/\/eldigitaldeasturias.com\/radio\/vanessa-gutierrez-ha-comparecido-en-la-junta-del-principado\/#organizationLogo"},"sameAs":["https:\/\/www.facebook.com\/","https:\/\/x.com\/bercodi","https:\/\/www.instagram.com\/","https:\/\/www.youtube.com\/channel\/UCZP-2wLEB9Rv6erhFmqVnvg"]},{"@type":"Person","@id":"https:\/\/eldigitaldeasturias.com\/radio\/author\/nbasturias\/#author","url":"https:\/\/eldigitaldeasturias.com\/radio\/author\/nbasturias\/","name":"NBAsturias","image":{"@type":"ImageObject","@id":"https:\/\/eldigitaldeasturias.com\/radio\/vanessa-gutierrez-ha-comparecido-en-la-junta-del-principado\/#authorImage","url":"https:\/\/secure.gravatar.com\/avatar\/df2aeffc32bcd13f8d26072ef8a91b623d677766deac7f97ca815868cd41bf5e?s=96&d=mm&r=g","width":96,"height":96,"caption":"NBAsturias"}},{"@type":"WebPage","@id":"https:\/\/eldigitaldeasturias.com\/radio\/vanessa-gutierrez-ha-comparecido-en-la-junta-del-principado\/#webpage","url":"https:\/\/eldigitaldeasturias.com\/radio\/vanessa-gutierrez-ha-comparecido-en-la-junta-del-principado\/","name":"Vanessa Guti\u00e9rrez ha comparecido en la Junta del Principado | El Digital de Asturias","description":"La consejera de Cultura, Pol\u00edtica Lling\u00fc\u00edstica y Deporte del Principado de Asturias, Vanessa Guti\u00e9rrez, ha comparecido en la Junta General para repasar","inLanguage":"es-ES","isPartOf":{"@id":"https:\/\/eldigitaldeasturias.com\/radio\/#website"},"breadcrumb":{"@id":"https:\/\/eldigitaldeasturias.com\/radio\/vanessa-gutierrez-ha-comparecido-en-la-junta-del-principado\/#breadcrumblist"},"author":{"@id":"https:\/\/eldigitaldeasturias.com\/radio\/author\/nbasturias\/#author"},"creator":{"@id":"https:\/\/eldigitaldeasturias.com\/radio\/author\/nbasturias\/#author"},"image":{"@type":"ImageObject","url":"https:\/\/eldigitaldeasturias.com\/radio\/wp-content\/uploads\/2025\/10\/Vanessa-Gutierrez-en-la-Junta-del-Principado.jpg","@id":"https:\/\/eldigitaldeasturias.com\/radio\/vanessa-gutierrez-ha-comparecido-en-la-junta-del-principado\/#mainImage","width":1090,"height":649,"caption":"Foto: Prensa Gobierno de Asturias"},"primaryImageOfPage":{"@id":"https:\/\/eldigitaldeasturias.com\/radio\/vanessa-gutierrez-ha-comparecido-en-la-junta-del-principado\/#mainImage"},"datePublished":"2025-10-29T09:32:32+01:00","dateModified":"2025-10-29T09:32:32+01:00"},{"@type":"WebSite","@id":"https:\/\/eldigitaldeasturias.com\/radio\/#website","url":"https:\/\/eldigitaldeasturias.com\/radio\/","name":"El Digital de Asturias","description":"Diario de informaci\u00f3n y noticias","inLanguage":"es-ES","publisher":{"@id":"https:\/\/eldigitaldeasturias.com\/radio\/#organization"}}]},"og:locale":"es_ES","og:site_name":"El Digital de Asturias | Diario de informaci\u00f3n y noticias","og:type":"article","og:title":"Vanessa Guti\u00e9rrez ha comparecido en la Junta del Principado | El Digital de Asturias","og:description":"La consejera de Cultura, Pol\u00edtica Lling\u00fc\u00edstica y Deporte del Principado de Asturias, Vanessa Guti\u00e9rrez, ha comparecido en la Junta General para repasar","og:url":"https:\/\/eldigitaldeasturias.com\/radio\/vanessa-gutierrez-ha-comparecido-en-la-junta-del-principado\/","og:image":"https:\/\/eldigitaldeasturias.com\/radio\/wp-content\/uploads\/2025\/10\/Vanessa-Gutierrez-en-la-Junta-del-Principado.jpg","og:image:secure_url":"https:\/\/eldigitaldeasturias.com\/radio\/wp-content\/uploads\/2025\/10\/Vanessa-Gutierrez-en-la-Junta-del-Principado.jpg","og:image:width":1090,"og:image:height":649,"article:published_time":"2025-10-29T08:32:32+00:00","article:modified_time":"2025-10-29T08:32:32+00:00","twitter:card":"summary_large_image","twitter:site":"@bercodi","twitter:title":"Vanessa Guti\u00e9rrez ha comparecido en la Junta del Principado | El Digital de Asturias","twitter:description":"La consejera de Cultura, Pol\u00edtica Lling\u00fc\u00edstica y Deporte del Principado de Asturias, Vanessa Guti\u00e9rrez, ha comparecido en la Junta General para repasar","twitter:creator":"@bercodi","twitter:image":"https:\/\/eldigitaldeasturias.com\/radio\/wp-content\/uploads\/2025\/10\/Vanessa-Gutierrez-en-la-Junta-del-Principado.jpg"},"aioseo_meta_data":{"post_id":"11501","title":null,"description":"La consejera de Cultura, Pol\u00edtica Lling\u00fc\u00edstica y Deporte del Principado de Asturias, Vanessa Guti\u00e9rrez, ha comparecido en la Junta General para repasar","keywords":null,"keyphrases":{"focus":{"keyphrase":"Vanessa Guti\u00e9rrez","score":78,"analysis":{"keyphraseInTitle":{"score":9,"maxScore":9,"error":0},"keyphraseInDescription":{"score":9,"maxScore":9,"error":0},"keyphraseLength":{"score":9,"maxScore":9,"error":0,"length":3},"keyphraseInURL":{"score":5,"maxScore":5,"error":0},"keyphraseInIntroduction":{"score":9,"maxScore":9,"error":0},"keyphraseInSubHeadings":{"score":3,"maxScore":9,"error":1},"keyphraseInImageAlt":{"score":9,"maxScore":9,"error":0},"keywordDensity":{"score":0,"type":"low","maxScore":9,"error":1}}},"additional":[{"keyphrase":"Vanessa Guti\u00e9rrez","score":80,"analysis":{"keyphraseInDescription":{"score":9,"maxScore":9,"error":0},"keyphraseLength":{"score":9,"maxScore":9,"error":0,"length":3},"keyphraseInIntroduction":{"score":9,"maxScore":9,"error":0},"keyphraseInImageAlt":{"score":9,"maxScore":9,"error":0},"keywordDensity":{"score":0,"type":"low","maxScore":9,"error":1}}}]},"primary_term":null,"canonical_url":null,"og_title":null,"og_description":null,"og_object_type":"default","og_image_type":"default","og_image_url":null,"og_image_width":null,"og_image_height":null,"og_image_custom_url":null,"og_image_custom_fields":null,"og_video":"","og_custom_url":null,"og_article_section":null,"og_article_tags":null,"twitter_use_og":false,"twitter_card":"default","twitter_image_type":"default","twitter_image_url":null,"twitter_image_custom_url":null,"twitter_image_custom_fields":null,"twitter_title":null,"twitter_description":null,"schema":{"blockGraphs":[],"customGraphs":[],"default":{"data":{"Article":[],"Course":[],"Dataset":[],"FAQPage":[],"Movie":[],"Person":[],"Product":[],"ProductReview":[],"Car":[],"Recipe":[],"Service":[],"SoftwareApplication":[],"WebPage":[]},"graphName":"NewsArticle","isEnabled":true},"graphs":[]},"schema_type":"default","schema_type_options":null,"pillar_content":false,"robots_default":true,"robots_noindex":false,"robots_noarchive":false,"robots_nosnippet":false,"robots_nofollow":false,"robots_noimageindex":false,"robots_noodp":false,"robots_notranslate":false,"robots_max_snippet":"-1","robots_max_videopreview":"-1","robots_max_imagepreview":"large","priority":null,"frequency":"default","location":null,"local_seo":null,"seo_analyzer_scan_date":"2025-10-29 08:42:52","breadcrumb_settings":null,"limit_modified_date":false,"open_ai":null,"ai":{"faqs":[],"keyPoints":[],"titles":[],"descriptions":[],"socialPosts":{"email":[],"linkedin":[],"twitter":[],"facebook":[],"instagram":[]}},"created":"2025-10-29 08:22:10","updated":"2025-10-29 08:42:52"},"aioseo_breadcrumb":"<div class=\"aioseo-breadcrumbs\"><span class=\"aioseo-breadcrumb\">\n\t<a href=\"https:\/\/eldigitaldeasturias.com\/radio\" title=\"Inicio\">Inicio<\/a>\n<\/span><span class=\"aioseo-breadcrumb-separator\">&ndash;<\/span><span class=\"aioseo-breadcrumb\">\n\t<a href=\"https:\/\/eldigitaldeasturias.com\/radio\/category\/actualidad-asturias\/\" title=\"Actualidad Asturias\">Actualidad Asturias<\/a>\n<\/span><span class=\"aioseo-breadcrumb-separator\">&ndash;<\/span><span class=\"aioseo-breadcrumb\">\n\tVanessa Guti\u00e9rrez ha comparecido en la Junta del Principado\n<\/span><\/div>","aioseo_breadcrumb_json":[{"label":"Inicio","link":"https:\/\/eldigitaldeasturias.com\/radio"},{"label":"Actualidad Asturias","link":"https:\/\/eldigitaldeasturias.com\/radio\/category\/actualidad-asturias\/"},{"label":"Vanessa Guti\u00e9rrez ha comparecido en la Junta del Principado","link":"https:\/\/eldigitaldeasturias.com\/radio\/vanessa-gutierrez-ha-comparecido-en-la-junta-del-principado\/"}],"_links":{"self":[{"href":"https:\/\/eldigitaldeasturias.com\/radio\/wp-json\/wp\/v2\/posts\/11501","targetHints":{"allow":["GET"]}}],"collection":[{"href":"https:\/\/eldigitaldeasturias.com\/radio\/wp-json\/wp\/v2\/posts"}],"about":[{"href":"https:\/\/eldigitaldeasturias.com\/radio\/wp-json\/wp\/v2\/types\/post"}],"author":[{"embeddable":true,"href":"https:\/\/eldigitaldeasturias.com\/radio\/wp-json\/wp\/v2\/users\/1"}],"replies":[{"embeddable":true,"href":"https:\/\/eldigitaldeasturias.com\/radio\/wp-json\/wp\/v2\/comments?post=11501"}],"version-history":[{"count":0,"href":"https:\/\/eldigitaldeasturias.com\/radio\/wp-json\/wp\/v2\/posts\/11501\/revisions"}],"wp:featuredmedia":[{"embeddable":true,"href":"https:\/\/eldigitaldeasturias.com\/radio\/wp-json\/wp\/v2\/media\/11502"}],"wp:attachment":[{"href":"https:\/\/eldigitaldeasturias.com\/radio\/wp-json\/wp\/v2\/media?parent=11501"}],"wp:term":[{"taxonomy":"category","embeddable":true,"href":"https:\/\/eldigitaldeasturias.com\/radio\/wp-json\/wp\/v2\/categories?post=11501"},{"taxonomy":"post_tag","embeddable":true,"href":"https:\/\/eldigitaldeasturias.com\/radio\/wp-json\/wp\/v2\/tags?post=11501"}],"curies":[{"name":"wp","href":"https:\/\/api.w.org\/{rel}","templated":true}]}}