{"id":11478,"date":"2025-10-26T03:28:38","date_gmt":"2025-10-26T02:28:38","guid":{"rendered":"https:\/\/eldigitaldeasturias.com\/radio\/?p=11478"},"modified":"2025-10-26T03:28:38","modified_gmt":"2025-10-26T02:28:38","slug":"valdesoto-recibe-el-premio-al-pueblo-ejemplar","status":"publish","type":"post","link":"https:\/\/eldigitaldeasturias.com\/radio\/valdesoto-recibe-el-premio-al-pueblo-ejemplar\/","title":{"rendered":"Valdesoto recibe el Premio al Pueblo Ejemplar"},"content":{"rendered":"<p>El presidente del <a href=\"https:\/\/actualidad.asturias.es\/\" target=\"_blank\" rel=\"noopener\"><span style=\"color: #ff6600;\"><strong>Principado<\/strong><\/span><\/a> de Asturias, Adri\u00e1n Barb\u00f3n, estuvo presente en el acto de entrega del Premio al Pueblo Ejemplar a <span style=\"color: #ff6600;\"><a style=\"color: #ff6600;\" href=\"https:\/\/eldigitaldeasturias.com\/radio\/category\/concejos-asturias\/\"><strong>Valdesoto<\/strong><\/a><\/span>, en una ceremonia presidida por los reyes, la Princesa de Asturias y la infanta Sof\u00eda.<\/p>\n<figure id=\"attachment_11479\" aria-describedby=\"caption-attachment-11479\" style=\"width: 650px\" class=\"wp-caption aligncenter\"><img fetchpriority=\"high\" decoding=\"async\" class=\"size-large wp-image-11479\" src=\"https:\/\/eldigitaldeasturias.com\/radio\/wp-content\/uploads\/2025\/10\/Valdesoto-recibe-el-Premio-al-Pueblo-Ejemplar-650x442.jpg\" alt=\"Valdesoto recibe el Premio al Pueblo Ejemplar\" width=\"650\" height=\"442\" srcset=\"https:\/\/eldigitaldeasturias.com\/radio\/wp-content\/uploads\/2025\/10\/Valdesoto-recibe-el-Premio-al-Pueblo-Ejemplar-650x442.jpg 650w, https:\/\/eldigitaldeasturias.com\/radio\/wp-content\/uploads\/2025\/10\/Valdesoto-recibe-el-Premio-al-Pueblo-Ejemplar-360x245.jpg 360w, https:\/\/eldigitaldeasturias.com\/radio\/wp-content\/uploads\/2025\/10\/Valdesoto-recibe-el-Premio-al-Pueblo-Ejemplar-768x522.jpg 768w, https:\/\/eldigitaldeasturias.com\/radio\/wp-content\/uploads\/2025\/10\/Valdesoto-recibe-el-Premio-al-Pueblo-Ejemplar-150x102.jpg 150w, https:\/\/eldigitaldeasturias.com\/radio\/wp-content\/uploads\/2025\/10\/Valdesoto-recibe-el-Premio-al-Pueblo-Ejemplar-450x306.jpg 450w, https:\/\/eldigitaldeasturias.com\/radio\/wp-content\/uploads\/2025\/10\/Valdesoto-recibe-el-Premio-al-Pueblo-Ejemplar.jpg 976w\" sizes=\"(max-width: 650px) 100vw, 650px\" \/><figcaption id=\"caption-attachment-11479\" class=\"wp-caption-text\">Foto: Prensa Gobierno de Asturias<\/figcaption><\/figure>\n<p>En nuestra galer\u00eda de fotos y contenidos multimedia te ofrecemos im\u00e1genes de Asturias y sus gentes. Puedes ver m\u00e1s fotos y v\u00eddeos en nuestras diferentes <a href=\"https:\/\/www.facebook.com\/Nachofdezber\"><span style=\"color: #ff6600;\"><strong>redes sociales<\/strong><\/span><\/a>.<\/p>\n","protected":false},"excerpt":{"rendered":"<p>El presidente del Principado de Asturias, Adri\u00e1n Barb\u00f3n, estuvo presente en el acto de entrega del Premio al Pueblo Ejemplar a Valdesoto, en una ceremonia presidida por los reyes, la Princesa de Asturias y la infanta Sof\u00eda. En nuestra galer\u00eda de fotos y contenidos multimedia te ofrecemos im\u00e1genes de Asturias y sus gentes. Puedes ver<\/p>\n","protected":false},"author":1,"featured_media":11479,"comment_status":"closed","ping_status":"closed","sticky":false,"template":"","format":"image","meta":{"footnotes":""},"categories":[131],"tags":[],"class_list":{"0":"post-11478","1":"post","2":"type-post","3":"status-publish","4":"format-image","5":"has-post-thumbnail","7":"category-multimedia","8":"post_format-post-format-image"},"aioseo_notices":[],"aioseo_head":"\n\t\t<!-- All in One SEO Pro 4.9.6.2 - aioseo.com -->\n\t<meta name=\"description\" content=\"El presidente del Principado de Asturias, Adri\u00e1n Barb\u00f3n, estuvo presente en el acto de entrega del Premio al Pueblo Ejemplar a Valdesoto, en una ceremonia\" \/>\n\t<meta name=\"robots\" content=\"max-image-preview:large\" \/>\n\t<meta name=\"author\" content=\"NBAsturias\"\/>\n\t<meta name=\"google-site-verification\" content=\"UA-38556648-1\" \/>\n\t<meta name=\"keywords\" content=\"multimedia\" \/>\n\t<link rel=\"canonical\" href=\"https:\/\/eldigitaldeasturias.com\/radio\/valdesoto-recibe-el-premio-al-pueblo-ejemplar\/\" \/>\n\t<meta name=\"generator\" content=\"All in One SEO Pro (AIOSEO) 4.9.6.2\" \/>\n\t\t<meta property=\"og:locale\" content=\"es_ES\" \/>\n\t\t<meta property=\"og:site_name\" content=\"El Digital de Asturias | Diario de informaci\u00f3n y noticias\" \/>\n\t\t<meta property=\"og:type\" content=\"article\" \/>\n\t\t<meta property=\"og:title\" content=\"Valdesoto recibe el Premio al Pueblo Ejemplar | El Digital de Asturias\" \/>\n\t\t<meta property=\"og:description\" content=\"El presidente del Principado de Asturias, Adri\u00e1n Barb\u00f3n, estuvo presente en el acto de entrega del Premio al Pueblo Ejemplar a Valdesoto, en una ceremonia\" \/>\n\t\t<meta property=\"og:url\" content=\"https:\/\/eldigitaldeasturias.com\/radio\/valdesoto-recibe-el-premio-al-pueblo-ejemplar\/\" \/>\n\t\t<meta property=\"og:image\" content=\"https:\/\/eldigitaldeasturias.com\/radio\/wp-content\/uploads\/2025\/10\/Valdesoto-recibe-el-Premio-al-Pueblo-Ejemplar.jpg\" \/>\n\t\t<meta property=\"og:image:secure_url\" content=\"https:\/\/eldigitaldeasturias.com\/radio\/wp-content\/uploads\/2025\/10\/Valdesoto-recibe-el-Premio-al-Pueblo-Ejemplar.jpg\" \/>\n\t\t<meta property=\"og:image:width\" content=\"976\" \/>\n\t\t<meta property=\"og:image:height\" content=\"663\" \/>\n\t\t<meta property=\"article:published_time\" content=\"2025-10-26T02:28:38+00:00\" \/>\n\t\t<meta property=\"article:modified_time\" content=\"2025-10-26T02:28:38+00:00\" \/>\n\t\t<meta name=\"twitter:card\" content=\"summary_large_image\" \/>\n\t\t<meta name=\"twitter:site\" content=\"@bercodi\" \/>\n\t\t<meta name=\"twitter:title\" content=\"Valdesoto recibe el Premio al Pueblo Ejemplar | El Digital de Asturias\" \/>\n\t\t<meta name=\"twitter:description\" content=\"El presidente del Principado de Asturias, Adri\u00e1n Barb\u00f3n, estuvo presente en el acto de entrega del Premio al Pueblo Ejemplar a Valdesoto, en una ceremonia\" \/>\n\t\t<meta name=\"twitter:creator\" content=\"@bercodi\" \/>\n\t\t<meta name=\"twitter:image\" content=\"https:\/\/eldigitaldeasturias.com\/radio\/wp-content\/uploads\/2025\/10\/Valdesoto-recibe-el-Premio-al-Pueblo-Ejemplar.jpg\" \/>\n\t\t<script type=\"application\/ld+json\" class=\"aioseo-schema\">\n\t\t\t{\"@context\":\"https:\\\/\\\/schema.org\",\"@graph\":[{\"@type\":\"BreadcrumbList\",\"@id\":\"https:\\\/\\\/eldigitaldeasturias.com\\\/radio\\\/valdesoto-recibe-el-premio-al-pueblo-ejemplar\\\/#breadcrumblist\",\"itemListElement\":[{\"@type\":\"ListItem\",\"@id\":\"https:\\\/\\\/eldigitaldeasturias.com\\\/radio#listItem\",\"position\":1,\"name\":\"Inicio\",\"item\":\"https:\\\/\\\/eldigitaldeasturias.com\\\/radio\",\"nextItem\":{\"@type\":\"ListItem\",\"@id\":\"https:\\\/\\\/eldigitaldeasturias.com\\\/radio\\\/category\\\/multimedia\\\/#listItem\",\"name\":\"Multimedia\"}},{\"@type\":\"ListItem\",\"@id\":\"https:\\\/\\\/eldigitaldeasturias.com\\\/radio\\\/category\\\/multimedia\\\/#listItem\",\"position\":2,\"name\":\"Multimedia\",\"item\":\"https:\\\/\\\/eldigitaldeasturias.com\\\/radio\\\/category\\\/multimedia\\\/\",\"nextItem\":{\"@type\":\"ListItem\",\"@id\":\"https:\\\/\\\/eldigitaldeasturias.com\\\/radio\\\/valdesoto-recibe-el-premio-al-pueblo-ejemplar\\\/#listItem\",\"name\":\"Valdesoto recibe el Premio al Pueblo Ejemplar\"},\"previousItem\":{\"@type\":\"ListItem\",\"@id\":\"https:\\\/\\\/eldigitaldeasturias.com\\\/radio#listItem\",\"name\":\"Inicio\"}},{\"@type\":\"ListItem\",\"@id\":\"https:\\\/\\\/eldigitaldeasturias.com\\\/radio\\\/valdesoto-recibe-el-premio-al-pueblo-ejemplar\\\/#listItem\",\"position\":3,\"name\":\"Valdesoto recibe el Premio al Pueblo Ejemplar\",\"previousItem\":{\"@type\":\"ListItem\",\"@id\":\"https:\\\/\\\/eldigitaldeasturias.com\\\/radio\\\/category\\\/multimedia\\\/#listItem\",\"name\":\"Multimedia\"}}]},{\"@type\":\"NewsArticle\",\"@id\":\"https:\\\/\\\/eldigitaldeasturias.com\\\/radio\\\/valdesoto-recibe-el-premio-al-pueblo-ejemplar\\\/#newsarticle\",\"name\":\"Valdesoto recibe el Premio al Pueblo Ejemplar | El Digital de Asturias\",\"headline\":\"Valdesoto recibe el Premio al Pueblo Ejemplar\",\"author\":{\"@id\":\"https:\\\/\\\/eldigitaldeasturias.com\\\/radio\\\/author\\\/nbasturias\\\/#author\"},\"publisher\":{\"@id\":\"https:\\\/\\\/eldigitaldeasturias.com\\\/radio\\\/#organization\"},\"image\":{\"@type\":\"ImageObject\",\"url\":\"https:\\\/\\\/eldigitaldeasturias.com\\\/radio\\\/wp-content\\\/uploads\\\/2025\\\/10\\\/Valdesoto-recibe-el-Premio-al-Pueblo-Ejemplar.jpg\",\"width\":976,\"height\":663,\"caption\":\"Foto: Prensa Gobierno de Asturias\"},\"datePublished\":\"2025-10-26T03:28:38+01:00\",\"dateModified\":\"2025-10-26T03:28:38+01:00\",\"inLanguage\":\"es-ES\",\"mainEntityOfPage\":{\"@id\":\"https:\\\/\\\/eldigitaldeasturias.com\\\/radio\\\/valdesoto-recibe-el-premio-al-pueblo-ejemplar\\\/#webpage\"},\"isPartOf\":{\"@id\":\"https:\\\/\\\/eldigitaldeasturias.com\\\/radio\\\/valdesoto-recibe-el-premio-al-pueblo-ejemplar\\\/#webpage\"},\"articleSection\":\"Multimedia, Imagen\",\"dateline\":\"Publicado el octubre 26, 2025.\"},{\"@type\":\"Organization\",\"@id\":\"https:\\\/\\\/eldigitaldeasturias.com\\\/radio\\\/#organization\",\"name\":\"El digital de Asturias Radio\",\"description\":\"Diario de informaci\\u00f3n y noticias\",\"url\":\"https:\\\/\\\/eldigitaldeasturias.com\\\/radio\\\/\",\"telephone\":\"+34652131393\",\"logo\":{\"@type\":\"ImageObject\",\"url\":\"https:\\\/\\\/www.eldigitaldeasturias.com\\\/radio\\\/wp-content\\\/uploads\\\/2021\\\/03\\\/EDA.jpg\",\"@id\":\"https:\\\/\\\/eldigitaldeasturias.com\\\/radio\\\/valdesoto-recibe-el-premio-al-pueblo-ejemplar\\\/#organizationLogo\"},\"image\":{\"@id\":\"https:\\\/\\\/eldigitaldeasturias.com\\\/radio\\\/valdesoto-recibe-el-premio-al-pueblo-ejemplar\\\/#organizationLogo\"},\"sameAs\":[\"https:\\\/\\\/www.facebook.com\\\/\",\"https:\\\/\\\/x.com\\\/bercodi\",\"https:\\\/\\\/www.instagram.com\\\/\",\"https:\\\/\\\/www.youtube.com\\\/channel\\\/UCZP-2wLEB9Rv6erhFmqVnvg\"]},{\"@type\":\"Person\",\"@id\":\"https:\\\/\\\/eldigitaldeasturias.com\\\/radio\\\/author\\\/nbasturias\\\/#author\",\"url\":\"https:\\\/\\\/eldigitaldeasturias.com\\\/radio\\\/author\\\/nbasturias\\\/\",\"name\":\"NBAsturias\",\"image\":{\"@type\":\"ImageObject\",\"@id\":\"https:\\\/\\\/eldigitaldeasturias.com\\\/radio\\\/valdesoto-recibe-el-premio-al-pueblo-ejemplar\\\/#authorImage\",\"url\":\"https:\\\/\\\/secure.gravatar.com\\\/avatar\\\/df2aeffc32bcd13f8d26072ef8a91b623d677766deac7f97ca815868cd41bf5e?s=96&d=mm&r=g\",\"width\":96,\"height\":96,\"caption\":\"NBAsturias\"}},{\"@type\":\"WebPage\",\"@id\":\"https:\\\/\\\/eldigitaldeasturias.com\\\/radio\\\/valdesoto-recibe-el-premio-al-pueblo-ejemplar\\\/#webpage\",\"url\":\"https:\\\/\\\/eldigitaldeasturias.com\\\/radio\\\/valdesoto-recibe-el-premio-al-pueblo-ejemplar\\\/\",\"name\":\"Valdesoto recibe el Premio al Pueblo Ejemplar | El Digital de Asturias\",\"description\":\"El presidente del Principado de Asturias, Adri\\u00e1n Barb\\u00f3n, estuvo presente en el acto de entrega del Premio al Pueblo Ejemplar a Valdesoto, en una ceremonia\",\"inLanguage\":\"es-ES\",\"isPartOf\":{\"@id\":\"https:\\\/\\\/eldigitaldeasturias.com\\\/radio\\\/#website\"},\"breadcrumb\":{\"@id\":\"https:\\\/\\\/eldigitaldeasturias.com\\\/radio\\\/valdesoto-recibe-el-premio-al-pueblo-ejemplar\\\/#breadcrumblist\"},\"author\":{\"@id\":\"https:\\\/\\\/eldigitaldeasturias.com\\\/radio\\\/author\\\/nbasturias\\\/#author\"},\"creator\":{\"@id\":\"https:\\\/\\\/eldigitaldeasturias.com\\\/radio\\\/author\\\/nbasturias\\\/#author\"},\"image\":{\"@type\":\"ImageObject\",\"url\":\"https:\\\/\\\/eldigitaldeasturias.com\\\/radio\\\/wp-content\\\/uploads\\\/2025\\\/10\\\/Valdesoto-recibe-el-Premio-al-Pueblo-Ejemplar.jpg\",\"@id\":\"https:\\\/\\\/eldigitaldeasturias.com\\\/radio\\\/valdesoto-recibe-el-premio-al-pueblo-ejemplar\\\/#mainImage\",\"width\":976,\"height\":663,\"caption\":\"Foto: Prensa Gobierno de Asturias\"},\"primaryImageOfPage\":{\"@id\":\"https:\\\/\\\/eldigitaldeasturias.com\\\/radio\\\/valdesoto-recibe-el-premio-al-pueblo-ejemplar\\\/#mainImage\"},\"datePublished\":\"2025-10-26T03:28:38+01:00\",\"dateModified\":\"2025-10-26T03:28:38+01:00\"},{\"@type\":\"WebSite\",\"@id\":\"https:\\\/\\\/eldigitaldeasturias.com\\\/radio\\\/#website\",\"url\":\"https:\\\/\\\/eldigitaldeasturias.com\\\/radio\\\/\",\"name\":\"El Digital de Asturias\",\"description\":\"Diario de informaci\\u00f3n y noticias\",\"inLanguage\":\"es-ES\",\"publisher\":{\"@id\":\"https:\\\/\\\/eldigitaldeasturias.com\\\/radio\\\/#organization\"}}]}\n\t\t<\/script>\n\t\t<!-- All in One SEO Pro -->\r\n\t\t<title>Valdesoto recibe el Premio al Pueblo Ejemplar | El Digital de Asturias<\/title>\n\n","aioseo_head_json":{"title":"Valdesoto recibe el Premio al Pueblo Ejemplar | El Digital de Asturias","description":"El presidente del Principado de Asturias, Adri\u00e1n Barb\u00f3n, estuvo presente en el acto de entrega del Premio al Pueblo Ejemplar a Valdesoto, en una ceremonia","canonical_url":"https:\/\/eldigitaldeasturias.com\/radio\/valdesoto-recibe-el-premio-al-pueblo-ejemplar\/","robots":"max-image-preview:large","keywords":"multimedia","webmasterTools":{"google-site-verification":"UA-38556648-1","miscellaneous":""},"schema":{"@context":"https:\/\/schema.org","@graph":[{"@type":"BreadcrumbList","@id":"https:\/\/eldigitaldeasturias.com\/radio\/valdesoto-recibe-el-premio-al-pueblo-ejemplar\/#breadcrumblist","itemListElement":[{"@type":"ListItem","@id":"https:\/\/eldigitaldeasturias.com\/radio#listItem","position":1,"name":"Inicio","item":"https:\/\/eldigitaldeasturias.com\/radio","nextItem":{"@type":"ListItem","@id":"https:\/\/eldigitaldeasturias.com\/radio\/category\/multimedia\/#listItem","name":"Multimedia"}},{"@type":"ListItem","@id":"https:\/\/eldigitaldeasturias.com\/radio\/category\/multimedia\/#listItem","position":2,"name":"Multimedia","item":"https:\/\/eldigitaldeasturias.com\/radio\/category\/multimedia\/","nextItem":{"@type":"ListItem","@id":"https:\/\/eldigitaldeasturias.com\/radio\/valdesoto-recibe-el-premio-al-pueblo-ejemplar\/#listItem","name":"Valdesoto recibe el Premio al Pueblo Ejemplar"},"previousItem":{"@type":"ListItem","@id":"https:\/\/eldigitaldeasturias.com\/radio#listItem","name":"Inicio"}},{"@type":"ListItem","@id":"https:\/\/eldigitaldeasturias.com\/radio\/valdesoto-recibe-el-premio-al-pueblo-ejemplar\/#listItem","position":3,"name":"Valdesoto recibe el Premio al Pueblo Ejemplar","previousItem":{"@type":"ListItem","@id":"https:\/\/eldigitaldeasturias.com\/radio\/category\/multimedia\/#listItem","name":"Multimedia"}}]},{"@type":"NewsArticle","@id":"https:\/\/eldigitaldeasturias.com\/radio\/valdesoto-recibe-el-premio-al-pueblo-ejemplar\/#newsarticle","name":"Valdesoto recibe el Premio al Pueblo Ejemplar | El Digital de Asturias","headline":"Valdesoto recibe el Premio al Pueblo Ejemplar","author":{"@id":"https:\/\/eldigitaldeasturias.com\/radio\/author\/nbasturias\/#author"},"publisher":{"@id":"https:\/\/eldigitaldeasturias.com\/radio\/#organization"},"image":{"@type":"ImageObject","url":"https:\/\/eldigitaldeasturias.com\/radio\/wp-content\/uploads\/2025\/10\/Valdesoto-recibe-el-Premio-al-Pueblo-Ejemplar.jpg","width":976,"height":663,"caption":"Foto: Prensa Gobierno de Asturias"},"datePublished":"2025-10-26T03:28:38+01:00","dateModified":"2025-10-26T03:28:38+01:00","inLanguage":"es-ES","mainEntityOfPage":{"@id":"https:\/\/eldigitaldeasturias.com\/radio\/valdesoto-recibe-el-premio-al-pueblo-ejemplar\/#webpage"},"isPartOf":{"@id":"https:\/\/eldigitaldeasturias.com\/radio\/valdesoto-recibe-el-premio-al-pueblo-ejemplar\/#webpage"},"articleSection":"Multimedia, Imagen","dateline":"Publicado el octubre 26, 2025."},{"@type":"Organization","@id":"https:\/\/eldigitaldeasturias.com\/radio\/#organization","name":"El digital de Asturias Radio","description":"Diario de informaci\u00f3n y noticias","url":"https:\/\/eldigitaldeasturias.com\/radio\/","telephone":"+34652131393","logo":{"@type":"ImageObject","url":"https:\/\/www.eldigitaldeasturias.com\/radio\/wp-content\/uploads\/2021\/03\/EDA.jpg","@id":"https:\/\/eldigitaldeasturias.com\/radio\/valdesoto-recibe-el-premio-al-pueblo-ejemplar\/#organizationLogo"},"image":{"@id":"https:\/\/eldigitaldeasturias.com\/radio\/valdesoto-recibe-el-premio-al-pueblo-ejemplar\/#organizationLogo"},"sameAs":["https:\/\/www.facebook.com\/","https:\/\/x.com\/bercodi","https:\/\/www.instagram.com\/","https:\/\/www.youtube.com\/channel\/UCZP-2wLEB9Rv6erhFmqVnvg"]},{"@type":"Person","@id":"https:\/\/eldigitaldeasturias.com\/radio\/author\/nbasturias\/#author","url":"https:\/\/eldigitaldeasturias.com\/radio\/author\/nbasturias\/","name":"NBAsturias","image":{"@type":"ImageObject","@id":"https:\/\/eldigitaldeasturias.com\/radio\/valdesoto-recibe-el-premio-al-pueblo-ejemplar\/#authorImage","url":"https:\/\/secure.gravatar.com\/avatar\/df2aeffc32bcd13f8d26072ef8a91b623d677766deac7f97ca815868cd41bf5e?s=96&d=mm&r=g","width":96,"height":96,"caption":"NBAsturias"}},{"@type":"WebPage","@id":"https:\/\/eldigitaldeasturias.com\/radio\/valdesoto-recibe-el-premio-al-pueblo-ejemplar\/#webpage","url":"https:\/\/eldigitaldeasturias.com\/radio\/valdesoto-recibe-el-premio-al-pueblo-ejemplar\/","name":"Valdesoto recibe el Premio al Pueblo Ejemplar | El Digital de Asturias","description":"El presidente del Principado de Asturias, Adri\u00e1n Barb\u00f3n, estuvo presente en el acto de entrega del Premio al Pueblo Ejemplar a Valdesoto, en una ceremonia","inLanguage":"es-ES","isPartOf":{"@id":"https:\/\/eldigitaldeasturias.com\/radio\/#website"},"breadcrumb":{"@id":"https:\/\/eldigitaldeasturias.com\/radio\/valdesoto-recibe-el-premio-al-pueblo-ejemplar\/#breadcrumblist"},"author":{"@id":"https:\/\/eldigitaldeasturias.com\/radio\/author\/nbasturias\/#author"},"creator":{"@id":"https:\/\/eldigitaldeasturias.com\/radio\/author\/nbasturias\/#author"},"image":{"@type":"ImageObject","url":"https:\/\/eldigitaldeasturias.com\/radio\/wp-content\/uploads\/2025\/10\/Valdesoto-recibe-el-Premio-al-Pueblo-Ejemplar.jpg","@id":"https:\/\/eldigitaldeasturias.com\/radio\/valdesoto-recibe-el-premio-al-pueblo-ejemplar\/#mainImage","width":976,"height":663,"caption":"Foto: Prensa Gobierno de Asturias"},"primaryImageOfPage":{"@id":"https:\/\/eldigitaldeasturias.com\/radio\/valdesoto-recibe-el-premio-al-pueblo-ejemplar\/#mainImage"},"datePublished":"2025-10-26T03:28:38+01:00","dateModified":"2025-10-26T03:28:38+01:00"},{"@type":"WebSite","@id":"https:\/\/eldigitaldeasturias.com\/radio\/#website","url":"https:\/\/eldigitaldeasturias.com\/radio\/","name":"El Digital de Asturias","description":"Diario de informaci\u00f3n y noticias","inLanguage":"es-ES","publisher":{"@id":"https:\/\/eldigitaldeasturias.com\/radio\/#organization"}}]},"og:locale":"es_ES","og:site_name":"El Digital de Asturias | Diario de informaci\u00f3n y noticias","og:type":"article","og:title":"Valdesoto recibe el Premio al Pueblo Ejemplar | El Digital de Asturias","og:description":"El presidente del Principado de Asturias, Adri\u00e1n Barb\u00f3n, estuvo presente en el acto de entrega del Premio al Pueblo Ejemplar a Valdesoto, en una ceremonia","og:url":"https:\/\/eldigitaldeasturias.com\/radio\/valdesoto-recibe-el-premio-al-pueblo-ejemplar\/","og:image":"https:\/\/eldigitaldeasturias.com\/radio\/wp-content\/uploads\/2025\/10\/Valdesoto-recibe-el-Premio-al-Pueblo-Ejemplar.jpg","og:image:secure_url":"https:\/\/eldigitaldeasturias.com\/radio\/wp-content\/uploads\/2025\/10\/Valdesoto-recibe-el-Premio-al-Pueblo-Ejemplar.jpg","og:image:width":976,"og:image:height":663,"article:published_time":"2025-10-26T02:28:38+00:00","article:modified_time":"2025-10-26T02:28:38+00:00","twitter:card":"summary_large_image","twitter:site":"@bercodi","twitter:title":"Valdesoto recibe el Premio al Pueblo Ejemplar | El Digital de Asturias","twitter:description":"El presidente del Principado de Asturias, Adri\u00e1n Barb\u00f3n, estuvo presente en el acto de entrega del Premio al Pueblo Ejemplar a Valdesoto, en una ceremonia","twitter:creator":"@bercodi","twitter:image":"https:\/\/eldigitaldeasturias.com\/radio\/wp-content\/uploads\/2025\/10\/Valdesoto-recibe-el-Premio-al-Pueblo-Ejemplar.jpg"},"aioseo_meta_data":{"post_id":"11478","title":null,"description":"El presidente del Principado de Asturias, Adri\u00e1n Barb\u00f3n, estuvo presente en el acto de entrega del Premio al Pueblo Ejemplar a Valdesoto, en una ceremonia","keywords":null,"keyphrases":{"focus":{"keyphrase":"Valdesoto","score":100,"analysis":{"keyphraseInTitle":{"score":9,"maxScore":9,"error":0},"keyphraseInDescription":{"score":9,"maxScore":9,"error":0},"keyphraseLength":{"score":9,"maxScore":9,"error":0,"length":1},"keyphraseInURL":{"score":5,"maxScore":5,"error":0},"keyphraseInIntroduction":{"score":9,"maxScore":9,"error":0},"keyphraseInSubHeadings":[],"keyphraseInImageAlt":{"score":9,"maxScore":9,"error":0},"keywordDensity":{"type":"best","score":9,"maxScore":9,"error":0}}},"additional":[{"keyphrase":"Valdesoto","score":100,"analysis":{"keyphraseInDescription":{"score":9,"maxScore":9,"error":0},"keyphraseLength":{"score":9,"maxScore":9,"error":0,"length":1},"keyphraseInIntroduction":{"score":9,"maxScore":9,"error":0},"keyphraseInImageAlt":{"score":9,"maxScore":9,"error":0},"keywordDensity":{"type":"best","score":9,"maxScore":9,"error":0}}}]},"primary_term":null,"canonical_url":null,"og_title":null,"og_description":null,"og_object_type":"default","og_image_type":"default","og_image_url":null,"og_image_width":null,"og_image_height":null,"og_image_custom_url":null,"og_image_custom_fields":null,"og_video":"","og_custom_url":null,"og_article_section":null,"og_article_tags":null,"twitter_use_og":false,"twitter_card":"default","twitter_image_type":"default","twitter_image_url":null,"twitter_image_custom_url":null,"twitter_image_custom_fields":null,"twitter_title":null,"twitter_description":null,"schema":{"blockGraphs":[],"customGraphs":[],"default":{"data":{"Article":[],"Course":[],"Dataset":[],"FAQPage":[],"Movie":[],"Person":[],"Product":[],"ProductReview":[],"Car":[],"Recipe":[],"Service":[],"SoftwareApplication":[],"WebPage":[]},"graphName":"NewsArticle","isEnabled":true},"graphs":[]},"schema_type":"default","schema_type_options":null,"pillar_content":false,"robots_default":true,"robots_noindex":false,"robots_noarchive":false,"robots_nosnippet":false,"robots_nofollow":false,"robots_noimageindex":false,"robots_noodp":false,"robots_notranslate":false,"robots_max_snippet":"-1","robots_max_videopreview":"-1","robots_max_imagepreview":"large","priority":null,"frequency":"default","location":null,"local_seo":null,"seo_analyzer_scan_date":"2025-10-26 02:29:44","breadcrumb_settings":null,"limit_modified_date":false,"open_ai":null,"ai":{"faqs":[],"keyPoints":[],"titles":[],"descriptions":[],"socialPosts":{"email":[],"linkedin":[],"twitter":[],"facebook":[],"instagram":[]}},"created":"2025-10-26 02:21:48","updated":"2025-10-26 02:36:29"},"aioseo_breadcrumb":"<div class=\"aioseo-breadcrumbs\"><span class=\"aioseo-breadcrumb\">\n\t<a href=\"https:\/\/eldigitaldeasturias.com\/radio\" title=\"Inicio\">Inicio<\/a>\n<\/span><span class=\"aioseo-breadcrumb-separator\">&ndash;<\/span><span class=\"aioseo-breadcrumb\">\n\t<a href=\"https:\/\/eldigitaldeasturias.com\/radio\/category\/multimedia\/\" title=\"Multimedia\">Multimedia<\/a>\n<\/span><span class=\"aioseo-breadcrumb-separator\">&ndash;<\/span><span class=\"aioseo-breadcrumb\">\n\tValdesoto recibe el Premio al Pueblo Ejemplar\n<\/span><\/div>","aioseo_breadcrumb_json":[{"label":"Inicio","link":"https:\/\/eldigitaldeasturias.com\/radio"},{"label":"Multimedia","link":"https:\/\/eldigitaldeasturias.com\/radio\/category\/multimedia\/"},{"label":"Valdesoto recibe el Premio al Pueblo Ejemplar","link":"https:\/\/eldigitaldeasturias.com\/radio\/valdesoto-recibe-el-premio-al-pueblo-ejemplar\/"}],"_links":{"self":[{"href":"https:\/\/eldigitaldeasturias.com\/radio\/wp-json\/wp\/v2\/posts\/11478","targetHints":{"allow":["GET"]}}],"collection":[{"href":"https:\/\/eldigitaldeasturias.com\/radio\/wp-json\/wp\/v2\/posts"}],"about":[{"href":"https:\/\/eldigitaldeasturias.com\/radio\/wp-json\/wp\/v2\/types\/post"}],"author":[{"embeddable":true,"href":"https:\/\/eldigitaldeasturias.com\/radio\/wp-json\/wp\/v2\/users\/1"}],"replies":[{"embeddable":true,"href":"https:\/\/eldigitaldeasturias.com\/radio\/wp-json\/wp\/v2\/comments?post=11478"}],"version-history":[{"count":0,"href":"https:\/\/eldigitaldeasturias.com\/radio\/wp-json\/wp\/v2\/posts\/11478\/revisions"}],"wp:featuredmedia":[{"embeddable":true,"href":"https:\/\/eldigitaldeasturias.com\/radio\/wp-json\/wp\/v2\/media\/11479"}],"wp:attachment":[{"href":"https:\/\/eldigitaldeasturias.com\/radio\/wp-json\/wp\/v2\/media?parent=11478"}],"wp:term":[{"taxonomy":"category","embeddable":true,"href":"https:\/\/eldigitaldeasturias.com\/radio\/wp-json\/wp\/v2\/categories?post=11478"},{"taxonomy":"post_tag","embeddable":true,"href":"https:\/\/eldigitaldeasturias.com\/radio\/wp-json\/wp\/v2\/tags?post=11478"}],"curies":[{"name":"wp","href":"https:\/\/api.w.org\/{rel}","templated":true}]}}