{"id":11360,"date":"2025-10-15T21:08:33","date_gmt":"2025-10-15T19:08:33","guid":{"rendered":"https:\/\/eldigitaldeasturias.com\/radio\/?p=11360"},"modified":"2025-10-15T21:08:33","modified_gmt":"2025-10-15T19:08:33","slug":"deporte-y-equilibrio-yoga-atletico","status":"publish","type":"post","link":"https:\/\/eldigitaldeasturias.com\/radio\/deporte-y-equilibrio-yoga-atletico\/","title":{"rendered":"Deporte y equilibrio: Yoga atl\u00e9tico"},"content":{"rendered":"<p>El yoga atl\u00e9tico une cuerpo y mente. Cada vez m\u00e1s <a href=\"https:\/\/candas365.es\/noticias\/category\/deporte\/\" target=\"_blank\" rel=\"noopener\"><strong><span style=\"color: #ff6600;\">deportistas<\/span><\/strong><\/a> lo incorporan a su rutina para mejorar rendimiento y equilibrio interior.<\/p>\n<figure id=\"attachment_11361\" aria-describedby=\"caption-attachment-11361\" style=\"width: 650px\" class=\"wp-caption aligncenter\"><img fetchpriority=\"high\" decoding=\"async\" class=\"size-large wp-image-11361\" src=\"https:\/\/eldigitaldeasturias.com\/radio\/wp-content\/uploads\/2025\/10\/Yoga-atletico-650x435.jpg\" alt=\"Yoga atl\u00e9tico\" width=\"650\" height=\"435\" srcset=\"https:\/\/eldigitaldeasturias.com\/radio\/wp-content\/uploads\/2025\/10\/Yoga-atletico-650x435.jpg 650w, https:\/\/eldigitaldeasturias.com\/radio\/wp-content\/uploads\/2025\/10\/Yoga-atletico-360x241.jpg 360w, https:\/\/eldigitaldeasturias.com\/radio\/wp-content\/uploads\/2025\/10\/Yoga-atletico-768x514.jpg 768w, https:\/\/eldigitaldeasturias.com\/radio\/wp-content\/uploads\/2025\/10\/Yoga-atletico-150x100.jpg 150w, https:\/\/eldigitaldeasturias.com\/radio\/wp-content\/uploads\/2025\/10\/Yoga-atletico-450x301.jpg 450w, https:\/\/eldigitaldeasturias.com\/radio\/wp-content\/uploads\/2025\/10\/Yoga-atletico.jpg 1005w\" sizes=\"(max-width: 650px) 100vw, 650px\" \/><figcaption id=\"caption-attachment-11361\" class=\"wp-caption-text\">Foto: 123rf.com\/<\/figcaption><\/figure>\n<p>Durante a\u00f1os, el yoga fue visto como una pr\u00e1ctica tranquila, alejada del esfuerzo f\u00edsico. Hoy, esa percepci\u00f3n ha cambiado. Cada vez m\u00e1s deportistas profesionales y aficionados lo integran en su entrenamiento, no como una moda, sino como una herramienta para mejorar rendimiento, flexibilidad y control mental. <strong>Es el auge del yoga atl\u00e9tico, una fusi\u00f3n entre fuerza y serenidad<\/strong>.<\/p>\n<p>En este enfoque, las posturas tradicionales se adaptan a las necesidades del movimiento deportivo. Se busca elasticidad, prevenci\u00f3n de lesiones y capacidad de concentraci\u00f3n. Atletas de disciplinas tan distintas como el <a href=\"https:\/\/eldigitaldeasturias.com\/radio\/futbol-femenino-la-revolucion-que-ya-no-pide-permiso\/\"><span style=\"color: #ff6600;\"><strong>f\u00fatbol<\/strong><\/span><\/a>, el surf o el atletismo han descubierto que el equilibrio mental es tan importante como la potencia muscular.<\/p>\n<p>El yoga atl\u00e9tico no sustituye la preparaci\u00f3n f\u00edsica, la complementa. La respiraci\u00f3n consciente y la atenci\u00f3n plena ayudan a mejorar la coordinaci\u00f3n y a reducir la ansiedad competitiva. En una \u00e9poca donde el estr\u00e9s deportivo puede ser tan determinante como el resultado, aprender a respirar se ha convertido en una forma de ganar.<\/p>\n<p><strong>Centros deportivos de toda Espa\u00f1a, incluidos algunos en Asturias, ya incorporan sesiones espec\u00edficas de yoga para deportistas.<\/strong> No se trata solo de estirar, sino de crear una rutina integral. Un cuerpo m\u00e1s flexible responde mejor al esfuerzo, y una mente centrada interpreta mejor el desaf\u00edo.<\/p>\n<p>Lo interesante del yoga atl\u00e9tico es su accesibilidad. No exige equipamiento costoso ni grandes espacios: basta una esterilla y tiempo para escucharse. <strong>Quiz\u00e1 por eso ha ganado popularidad entre corredores, ciclistas o nadadores que buscan equilibrio sin renunciar a la exigencia.<\/strong><\/p>\n<p>M\u00e1s all\u00e1 del rendimiento, el yoga ha devuelto al deporte una dimensi\u00f3n interior. En cada respiraci\u00f3n hay una peque\u00f1a victoria invisible, un recordatorio de que el \u00e9xito tambi\u00e9n se mide en calma. <strong>Quien aprende a estar presente en la pr\u00e1ctica, lo est\u00e1 tambi\u00e9n en la competici\u00f3n y en la vida.<\/strong><\/p>\n<p>El auge del yoga atl\u00e9tico simboliza un cambio de mentalidad: entrenar no solo para ganar, sino para comprender. Porque el cuerpo, al final, no es solo una herramienta de esfuerzo, sino el lugar donde habita la voluntad.<\/p>\n","protected":false},"excerpt":{"rendered":"<p>El yoga atl\u00e9tico une cuerpo y mente. Cada vez m\u00e1s deportistas lo incorporan a su rutina para mejorar rendimiento y equilibrio interior. Durante a\u00f1os, el yoga fue visto como una pr\u00e1ctica tranquila, alejada del esfuerzo f\u00edsico. Hoy, esa percepci\u00f3n ha cambiado. Cada vez m\u00e1s deportistas profesionales y aficionados lo integran en su entrenamiento, no como<\/p>\n","protected":false},"author":1,"featured_media":11361,"comment_status":"closed","ping_status":"closed","sticky":false,"template":"","format":"standard","meta":{"footnotes":""},"categories":[137],"tags":[17],"class_list":{"0":"post-11360","1":"post","2":"type-post","3":"status-publish","4":"format-standard","5":"has-post-thumbnail","7":"category-deporte","8":"tag-deportes"},"aioseo_notices":[],"aioseo_head":"\n\t\t<!-- All in One SEO Pro 4.9.6.2 - aioseo.com -->\n\t<meta name=\"description\" content=\"El yoga atl\u00e9tico une cuerpo y mente. Cada vez m\u00e1s deportistas lo incorporan a su rutina para mejorar rendimiento y equilibrio interior.\" \/>\n\t<meta name=\"robots\" content=\"max-image-preview:large\" \/>\n\t<meta name=\"author\" content=\"NBAsturias\"\/>\n\t<meta name=\"google-site-verification\" content=\"UA-38556648-1\" \/>\n\t<meta name=\"keywords\" content=\"deporte\" \/>\n\t<link rel=\"canonical\" href=\"https:\/\/eldigitaldeasturias.com\/radio\/deporte-y-equilibrio-yoga-atletico\/\" \/>\n\t<meta name=\"generator\" content=\"All in One SEO Pro (AIOSEO) 4.9.6.2\" \/>\n\t\t<meta property=\"og:locale\" content=\"es_ES\" \/>\n\t\t<meta property=\"og:site_name\" content=\"El Digital de Asturias | Diario de informaci\u00f3n y noticias\" \/>\n\t\t<meta property=\"og:type\" content=\"article\" \/>\n\t\t<meta property=\"og:title\" content=\"Deporte y equilibrio: Yoga atl\u00e9tico | El Digital de Asturias\" \/>\n\t\t<meta property=\"og:description\" content=\"El yoga atl\u00e9tico une cuerpo y mente. Cada vez m\u00e1s deportistas lo incorporan a su rutina para mejorar rendimiento y equilibrio interior.\" \/>\n\t\t<meta property=\"og:url\" content=\"https:\/\/eldigitaldeasturias.com\/radio\/deporte-y-equilibrio-yoga-atletico\/\" \/>\n\t\t<meta property=\"og:image\" content=\"https:\/\/eldigitaldeasturias.com\/radio\/wp-content\/uploads\/2025\/10\/Yoga-atletico.jpg\" \/>\n\t\t<meta property=\"og:image:secure_url\" content=\"https:\/\/eldigitaldeasturias.com\/radio\/wp-content\/uploads\/2025\/10\/Yoga-atletico.jpg\" \/>\n\t\t<meta property=\"og:image:width\" content=\"1005\" \/>\n\t\t<meta property=\"og:image:height\" content=\"673\" \/>\n\t\t<meta property=\"article:published_time\" content=\"2025-10-15T19:08:33+00:00\" \/>\n\t\t<meta property=\"article:modified_time\" content=\"2025-10-15T19:08:33+00:00\" \/>\n\t\t<meta name=\"twitter:card\" content=\"summary_large_image\" \/>\n\t\t<meta name=\"twitter:site\" content=\"@bercodi\" \/>\n\t\t<meta name=\"twitter:title\" content=\"Deporte y equilibrio: Yoga atl\u00e9tico | El Digital de Asturias\" \/>\n\t\t<meta name=\"twitter:description\" content=\"El yoga atl\u00e9tico une cuerpo y mente. Cada vez m\u00e1s deportistas lo incorporan a su rutina para mejorar rendimiento y equilibrio interior.\" \/>\n\t\t<meta name=\"twitter:creator\" content=\"@bercodi\" \/>\n\t\t<meta name=\"twitter:image\" content=\"https:\/\/eldigitaldeasturias.com\/radio\/wp-content\/uploads\/2025\/10\/Yoga-atletico.jpg\" \/>\n\t\t<script type=\"application\/ld+json\" class=\"aioseo-schema\">\n\t\t\t{\"@context\":\"https:\\\/\\\/schema.org\",\"@graph\":[{\"@type\":\"BreadcrumbList\",\"@id\":\"https:\\\/\\\/eldigitaldeasturias.com\\\/radio\\\/deporte-y-equilibrio-yoga-atletico\\\/#breadcrumblist\",\"itemListElement\":[{\"@type\":\"ListItem\",\"@id\":\"https:\\\/\\\/eldigitaldeasturias.com\\\/radio#listItem\",\"position\":1,\"name\":\"Inicio\",\"item\":\"https:\\\/\\\/eldigitaldeasturias.com\\\/radio\",\"nextItem\":{\"@type\":\"ListItem\",\"@id\":\"https:\\\/\\\/eldigitaldeasturias.com\\\/radio\\\/category\\\/deporte\\\/#listItem\",\"name\":\"Deporte\"}},{\"@type\":\"ListItem\",\"@id\":\"https:\\\/\\\/eldigitaldeasturias.com\\\/radio\\\/category\\\/deporte\\\/#listItem\",\"position\":2,\"name\":\"Deporte\",\"item\":\"https:\\\/\\\/eldigitaldeasturias.com\\\/radio\\\/category\\\/deporte\\\/\",\"nextItem\":{\"@type\":\"ListItem\",\"@id\":\"https:\\\/\\\/eldigitaldeasturias.com\\\/radio\\\/deporte-y-equilibrio-yoga-atletico\\\/#listItem\",\"name\":\"Deporte y equilibrio: Yoga atl\\u00e9tico\"},\"previousItem\":{\"@type\":\"ListItem\",\"@id\":\"https:\\\/\\\/eldigitaldeasturias.com\\\/radio#listItem\",\"name\":\"Inicio\"}},{\"@type\":\"ListItem\",\"@id\":\"https:\\\/\\\/eldigitaldeasturias.com\\\/radio\\\/deporte-y-equilibrio-yoga-atletico\\\/#listItem\",\"position\":3,\"name\":\"Deporte y equilibrio: Yoga atl\\u00e9tico\",\"previousItem\":{\"@type\":\"ListItem\",\"@id\":\"https:\\\/\\\/eldigitaldeasturias.com\\\/radio\\\/category\\\/deporte\\\/#listItem\",\"name\":\"Deporte\"}}]},{\"@type\":\"NewsArticle\",\"@id\":\"https:\\\/\\\/eldigitaldeasturias.com\\\/radio\\\/deporte-y-equilibrio-yoga-atletico\\\/#newsarticle\",\"name\":\"Deporte y equilibrio: Yoga atl\\u00e9tico | El Digital de Asturias\",\"headline\":\"Deporte y equilibrio: Yoga atl\\u00e9tico\",\"author\":{\"@id\":\"https:\\\/\\\/eldigitaldeasturias.com\\\/radio\\\/author\\\/nbasturias\\\/#author\"},\"publisher\":{\"@id\":\"https:\\\/\\\/eldigitaldeasturias.com\\\/radio\\\/#organization\"},\"image\":{\"@type\":\"ImageObject\",\"url\":\"https:\\\/\\\/eldigitaldeasturias.com\\\/radio\\\/wp-content\\\/uploads\\\/2025\\\/10\\\/Yoga-atletico.jpg\",\"width\":1005,\"height\":673,\"caption\":\"Foto: 123rf.com\\\/\"},\"datePublished\":\"2025-10-15T21:08:33+02:00\",\"dateModified\":\"2025-10-15T21:08:33+02:00\",\"inLanguage\":\"es-ES\",\"mainEntityOfPage\":{\"@id\":\"https:\\\/\\\/eldigitaldeasturias.com\\\/radio\\\/deporte-y-equilibrio-yoga-atletico\\\/#webpage\"},\"isPartOf\":{\"@id\":\"https:\\\/\\\/eldigitaldeasturias.com\\\/radio\\\/deporte-y-equilibrio-yoga-atletico\\\/#webpage\"},\"articleSection\":\"Deporte, deportes\",\"dateline\":\"Publicado el octubre 15, 2025.\"},{\"@type\":\"Organization\",\"@id\":\"https:\\\/\\\/eldigitaldeasturias.com\\\/radio\\\/#organization\",\"name\":\"El digital de Asturias Radio\",\"description\":\"Diario de informaci\\u00f3n y noticias\",\"url\":\"https:\\\/\\\/eldigitaldeasturias.com\\\/radio\\\/\",\"telephone\":\"+34652131393\",\"logo\":{\"@type\":\"ImageObject\",\"url\":\"https:\\\/\\\/www.eldigitaldeasturias.com\\\/radio\\\/wp-content\\\/uploads\\\/2021\\\/03\\\/EDA.jpg\",\"@id\":\"https:\\\/\\\/eldigitaldeasturias.com\\\/radio\\\/deporte-y-equilibrio-yoga-atletico\\\/#organizationLogo\"},\"image\":{\"@id\":\"https:\\\/\\\/eldigitaldeasturias.com\\\/radio\\\/deporte-y-equilibrio-yoga-atletico\\\/#organizationLogo\"},\"sameAs\":[\"https:\\\/\\\/www.facebook.com\\\/\",\"https:\\\/\\\/x.com\\\/bercodi\",\"https:\\\/\\\/www.instagram.com\\\/\",\"https:\\\/\\\/www.youtube.com\\\/channel\\\/UCZP-2wLEB9Rv6erhFmqVnvg\"]},{\"@type\":\"Person\",\"@id\":\"https:\\\/\\\/eldigitaldeasturias.com\\\/radio\\\/author\\\/nbasturias\\\/#author\",\"url\":\"https:\\\/\\\/eldigitaldeasturias.com\\\/radio\\\/author\\\/nbasturias\\\/\",\"name\":\"NBAsturias\",\"image\":{\"@type\":\"ImageObject\",\"@id\":\"https:\\\/\\\/eldigitaldeasturias.com\\\/radio\\\/deporte-y-equilibrio-yoga-atletico\\\/#authorImage\",\"url\":\"https:\\\/\\\/secure.gravatar.com\\\/avatar\\\/df2aeffc32bcd13f8d26072ef8a91b623d677766deac7f97ca815868cd41bf5e?s=96&d=mm&r=g\",\"width\":96,\"height\":96,\"caption\":\"NBAsturias\"}},{\"@type\":\"WebPage\",\"@id\":\"https:\\\/\\\/eldigitaldeasturias.com\\\/radio\\\/deporte-y-equilibrio-yoga-atletico\\\/#webpage\",\"url\":\"https:\\\/\\\/eldigitaldeasturias.com\\\/radio\\\/deporte-y-equilibrio-yoga-atletico\\\/\",\"name\":\"Deporte y equilibrio: Yoga atl\\u00e9tico | El Digital de Asturias\",\"description\":\"El yoga atl\\u00e9tico une cuerpo y mente. Cada vez m\\u00e1s deportistas lo incorporan a su rutina para mejorar rendimiento y equilibrio interior.\",\"inLanguage\":\"es-ES\",\"isPartOf\":{\"@id\":\"https:\\\/\\\/eldigitaldeasturias.com\\\/radio\\\/#website\"},\"breadcrumb\":{\"@id\":\"https:\\\/\\\/eldigitaldeasturias.com\\\/radio\\\/deporte-y-equilibrio-yoga-atletico\\\/#breadcrumblist\"},\"author\":{\"@id\":\"https:\\\/\\\/eldigitaldeasturias.com\\\/radio\\\/author\\\/nbasturias\\\/#author\"},\"creator\":{\"@id\":\"https:\\\/\\\/eldigitaldeasturias.com\\\/radio\\\/author\\\/nbasturias\\\/#author\"},\"image\":{\"@type\":\"ImageObject\",\"url\":\"https:\\\/\\\/eldigitaldeasturias.com\\\/radio\\\/wp-content\\\/uploads\\\/2025\\\/10\\\/Yoga-atletico.jpg\",\"@id\":\"https:\\\/\\\/eldigitaldeasturias.com\\\/radio\\\/deporte-y-equilibrio-yoga-atletico\\\/#mainImage\",\"width\":1005,\"height\":673,\"caption\":\"Foto: 123rf.com\\\/\"},\"primaryImageOfPage\":{\"@id\":\"https:\\\/\\\/eldigitaldeasturias.com\\\/radio\\\/deporte-y-equilibrio-yoga-atletico\\\/#mainImage\"},\"datePublished\":\"2025-10-15T21:08:33+02:00\",\"dateModified\":\"2025-10-15T21:08:33+02:00\"},{\"@type\":\"WebSite\",\"@id\":\"https:\\\/\\\/eldigitaldeasturias.com\\\/radio\\\/#website\",\"url\":\"https:\\\/\\\/eldigitaldeasturias.com\\\/radio\\\/\",\"name\":\"El Digital de Asturias\",\"description\":\"Diario de informaci\\u00f3n y noticias\",\"inLanguage\":\"es-ES\",\"publisher\":{\"@id\":\"https:\\\/\\\/eldigitaldeasturias.com\\\/radio\\\/#organization\"}}]}\n\t\t<\/script>\n\t\t<!-- All in One SEO Pro -->\r\n\t\t<title>Deporte y equilibrio: Yoga atl\u00e9tico | El Digital de Asturias<\/title>\n\n","aioseo_head_json":{"title":"Deporte y equilibrio: Yoga atl\u00e9tico | El Digital de Asturias","description":"El yoga atl\u00e9tico une cuerpo y mente. Cada vez m\u00e1s deportistas lo incorporan a su rutina para mejorar rendimiento y equilibrio interior.","canonical_url":"https:\/\/eldigitaldeasturias.com\/radio\/deporte-y-equilibrio-yoga-atletico\/","robots":"max-image-preview:large","keywords":"deporte","webmasterTools":{"google-site-verification":"UA-38556648-1","miscellaneous":""},"schema":{"@context":"https:\/\/schema.org","@graph":[{"@type":"BreadcrumbList","@id":"https:\/\/eldigitaldeasturias.com\/radio\/deporte-y-equilibrio-yoga-atletico\/#breadcrumblist","itemListElement":[{"@type":"ListItem","@id":"https:\/\/eldigitaldeasturias.com\/radio#listItem","position":1,"name":"Inicio","item":"https:\/\/eldigitaldeasturias.com\/radio","nextItem":{"@type":"ListItem","@id":"https:\/\/eldigitaldeasturias.com\/radio\/category\/deporte\/#listItem","name":"Deporte"}},{"@type":"ListItem","@id":"https:\/\/eldigitaldeasturias.com\/radio\/category\/deporte\/#listItem","position":2,"name":"Deporte","item":"https:\/\/eldigitaldeasturias.com\/radio\/category\/deporte\/","nextItem":{"@type":"ListItem","@id":"https:\/\/eldigitaldeasturias.com\/radio\/deporte-y-equilibrio-yoga-atletico\/#listItem","name":"Deporte y equilibrio: Yoga atl\u00e9tico"},"previousItem":{"@type":"ListItem","@id":"https:\/\/eldigitaldeasturias.com\/radio#listItem","name":"Inicio"}},{"@type":"ListItem","@id":"https:\/\/eldigitaldeasturias.com\/radio\/deporte-y-equilibrio-yoga-atletico\/#listItem","position":3,"name":"Deporte y equilibrio: Yoga atl\u00e9tico","previousItem":{"@type":"ListItem","@id":"https:\/\/eldigitaldeasturias.com\/radio\/category\/deporte\/#listItem","name":"Deporte"}}]},{"@type":"NewsArticle","@id":"https:\/\/eldigitaldeasturias.com\/radio\/deporte-y-equilibrio-yoga-atletico\/#newsarticle","name":"Deporte y equilibrio: Yoga atl\u00e9tico | El Digital de Asturias","headline":"Deporte y equilibrio: Yoga atl\u00e9tico","author":{"@id":"https:\/\/eldigitaldeasturias.com\/radio\/author\/nbasturias\/#author"},"publisher":{"@id":"https:\/\/eldigitaldeasturias.com\/radio\/#organization"},"image":{"@type":"ImageObject","url":"https:\/\/eldigitaldeasturias.com\/radio\/wp-content\/uploads\/2025\/10\/Yoga-atletico.jpg","width":1005,"height":673,"caption":"Foto: 123rf.com\/"},"datePublished":"2025-10-15T21:08:33+02:00","dateModified":"2025-10-15T21:08:33+02:00","inLanguage":"es-ES","mainEntityOfPage":{"@id":"https:\/\/eldigitaldeasturias.com\/radio\/deporte-y-equilibrio-yoga-atletico\/#webpage"},"isPartOf":{"@id":"https:\/\/eldigitaldeasturias.com\/radio\/deporte-y-equilibrio-yoga-atletico\/#webpage"},"articleSection":"Deporte, deportes","dateline":"Publicado el octubre 15, 2025."},{"@type":"Organization","@id":"https:\/\/eldigitaldeasturias.com\/radio\/#organization","name":"El digital de Asturias Radio","description":"Diario de informaci\u00f3n y noticias","url":"https:\/\/eldigitaldeasturias.com\/radio\/","telephone":"+34652131393","logo":{"@type":"ImageObject","url":"https:\/\/www.eldigitaldeasturias.com\/radio\/wp-content\/uploads\/2021\/03\/EDA.jpg","@id":"https:\/\/eldigitaldeasturias.com\/radio\/deporte-y-equilibrio-yoga-atletico\/#organizationLogo"},"image":{"@id":"https:\/\/eldigitaldeasturias.com\/radio\/deporte-y-equilibrio-yoga-atletico\/#organizationLogo"},"sameAs":["https:\/\/www.facebook.com\/","https:\/\/x.com\/bercodi","https:\/\/www.instagram.com\/","https:\/\/www.youtube.com\/channel\/UCZP-2wLEB9Rv6erhFmqVnvg"]},{"@type":"Person","@id":"https:\/\/eldigitaldeasturias.com\/radio\/author\/nbasturias\/#author","url":"https:\/\/eldigitaldeasturias.com\/radio\/author\/nbasturias\/","name":"NBAsturias","image":{"@type":"ImageObject","@id":"https:\/\/eldigitaldeasturias.com\/radio\/deporte-y-equilibrio-yoga-atletico\/#authorImage","url":"https:\/\/secure.gravatar.com\/avatar\/df2aeffc32bcd13f8d26072ef8a91b623d677766deac7f97ca815868cd41bf5e?s=96&d=mm&r=g","width":96,"height":96,"caption":"NBAsturias"}},{"@type":"WebPage","@id":"https:\/\/eldigitaldeasturias.com\/radio\/deporte-y-equilibrio-yoga-atletico\/#webpage","url":"https:\/\/eldigitaldeasturias.com\/radio\/deporte-y-equilibrio-yoga-atletico\/","name":"Deporte y equilibrio: Yoga atl\u00e9tico | El Digital de Asturias","description":"El yoga atl\u00e9tico une cuerpo y mente. Cada vez m\u00e1s deportistas lo incorporan a su rutina para mejorar rendimiento y equilibrio interior.","inLanguage":"es-ES","isPartOf":{"@id":"https:\/\/eldigitaldeasturias.com\/radio\/#website"},"breadcrumb":{"@id":"https:\/\/eldigitaldeasturias.com\/radio\/deporte-y-equilibrio-yoga-atletico\/#breadcrumblist"},"author":{"@id":"https:\/\/eldigitaldeasturias.com\/radio\/author\/nbasturias\/#author"},"creator":{"@id":"https:\/\/eldigitaldeasturias.com\/radio\/author\/nbasturias\/#author"},"image":{"@type":"ImageObject","url":"https:\/\/eldigitaldeasturias.com\/radio\/wp-content\/uploads\/2025\/10\/Yoga-atletico.jpg","@id":"https:\/\/eldigitaldeasturias.com\/radio\/deporte-y-equilibrio-yoga-atletico\/#mainImage","width":1005,"height":673,"caption":"Foto: 123rf.com\/"},"primaryImageOfPage":{"@id":"https:\/\/eldigitaldeasturias.com\/radio\/deporte-y-equilibrio-yoga-atletico\/#mainImage"},"datePublished":"2025-10-15T21:08:33+02:00","dateModified":"2025-10-15T21:08:33+02:00"},{"@type":"WebSite","@id":"https:\/\/eldigitaldeasturias.com\/radio\/#website","url":"https:\/\/eldigitaldeasturias.com\/radio\/","name":"El Digital de Asturias","description":"Diario de informaci\u00f3n y noticias","inLanguage":"es-ES","publisher":{"@id":"https:\/\/eldigitaldeasturias.com\/radio\/#organization"}}]},"og:locale":"es_ES","og:site_name":"El Digital de Asturias | Diario de informaci\u00f3n y noticias","og:type":"article","og:title":"Deporte y equilibrio: Yoga atl\u00e9tico | El Digital de Asturias","og:description":"El yoga atl\u00e9tico une cuerpo y mente. Cada vez m\u00e1s deportistas lo incorporan a su rutina para mejorar rendimiento y equilibrio interior.","og:url":"https:\/\/eldigitaldeasturias.com\/radio\/deporte-y-equilibrio-yoga-atletico\/","og:image":"https:\/\/eldigitaldeasturias.com\/radio\/wp-content\/uploads\/2025\/10\/Yoga-atletico.jpg","og:image:secure_url":"https:\/\/eldigitaldeasturias.com\/radio\/wp-content\/uploads\/2025\/10\/Yoga-atletico.jpg","og:image:width":1005,"og:image:height":673,"article:published_time":"2025-10-15T19:08:33+00:00","article:modified_time":"2025-10-15T19:08:33+00:00","twitter:card":"summary_large_image","twitter:site":"@bercodi","twitter:title":"Deporte y equilibrio: Yoga atl\u00e9tico | El Digital de Asturias","twitter:description":"El yoga atl\u00e9tico une cuerpo y mente. Cada vez m\u00e1s deportistas lo incorporan a su rutina para mejorar rendimiento y equilibrio interior.","twitter:creator":"@bercodi","twitter:image":"https:\/\/eldigitaldeasturias.com\/radio\/wp-content\/uploads\/2025\/10\/Yoga-atletico.jpg"},"aioseo_meta_data":{"post_id":"11360","title":null,"description":"El yoga atl\u00e9tico une cuerpo y mente. Cada vez m\u00e1s deportistas lo incorporan a su rutina para mejorar rendimiento y equilibrio interior.","keywords":null,"keyphrases":{"focus":{"keyphrase":"yoga","score":100,"analysis":{"keyphraseInTitle":{"score":9,"maxScore":9,"error":0},"keyphraseInDescription":{"score":9,"maxScore":9,"error":0},"keyphraseLength":{"score":9,"maxScore":9,"error":0,"length":1},"keyphraseInURL":{"score":5,"maxScore":5,"error":0},"keyphraseInIntroduction":{"score":9,"maxScore":9,"error":0},"keyphraseInSubHeadings":[],"keyphraseInImageAlt":{"score":9,"maxScore":9,"error":0},"keywordDensity":{"type":"best","score":9,"maxScore":9,"error":0}}},"additional":[{"keyphrase":"yoga atl\u00e9tico","score":100,"analysis":{"keyphraseInDescription":{"score":9,"maxScore":9,"error":0},"keyphraseLength":{"score":9,"maxScore":9,"error":0,"length":3},"keyphraseInIntroduction":{"score":9,"maxScore":9,"error":0},"keyphraseInImageAlt":{"score":9,"maxScore":9,"error":0},"keywordDensity":{"type":"best","score":9,"maxScore":9,"error":0}}}]},"primary_term":null,"canonical_url":null,"og_title":null,"og_description":null,"og_object_type":"default","og_image_type":"default","og_image_url":null,"og_image_width":null,"og_image_height":null,"og_image_custom_url":null,"og_image_custom_fields":null,"og_video":"","og_custom_url":null,"og_article_section":null,"og_article_tags":null,"twitter_use_og":false,"twitter_card":"default","twitter_image_type":"default","twitter_image_url":null,"twitter_image_custom_url":null,"twitter_image_custom_fields":null,"twitter_title":null,"twitter_description":null,"schema":{"blockGraphs":[],"customGraphs":[],"default":{"data":{"Article":[],"Course":[],"Dataset":[],"FAQPage":[],"Movie":[],"Person":[],"Product":[],"ProductReview":[],"Car":[],"Recipe":[],"Service":[],"SoftwareApplication":[],"WebPage":[]},"graphName":"NewsArticle","isEnabled":true},"graphs":[]},"schema_type":"default","schema_type_options":null,"pillar_content":false,"robots_default":true,"robots_noindex":false,"robots_noarchive":false,"robots_nosnippet":false,"robots_nofollow":false,"robots_noimageindex":false,"robots_noodp":false,"robots_notranslate":false,"robots_max_snippet":"-1","robots_max_videopreview":"-1","robots_max_imagepreview":"large","priority":null,"frequency":"default","location":null,"local_seo":null,"seo_analyzer_scan_date":"2025-10-15 19:08:38","breadcrumb_settings":null,"limit_modified_date":false,"open_ai":null,"ai":{"faqs":[],"keyPoints":[],"titles":[],"descriptions":[],"socialPosts":{"email":[],"linkedin":[],"twitter":[],"facebook":[],"instagram":[]}},"created":"2025-10-15 19:00:28","updated":"2025-10-15 19:11:27"},"aioseo_breadcrumb":"<div class=\"aioseo-breadcrumbs\"><span class=\"aioseo-breadcrumb\">\n\t<a href=\"https:\/\/eldigitaldeasturias.com\/radio\" title=\"Inicio\">Inicio<\/a>\n<\/span><span class=\"aioseo-breadcrumb-separator\">&ndash;<\/span><span class=\"aioseo-breadcrumb\">\n\t<a href=\"https:\/\/eldigitaldeasturias.com\/radio\/category\/deporte\/\" title=\"Deporte\">Deporte<\/a>\n<\/span><span class=\"aioseo-breadcrumb-separator\">&ndash;<\/span><span class=\"aioseo-breadcrumb\">\n\tDeporte y equilibrio: Yoga atl\u00e9tico\n<\/span><\/div>","aioseo_breadcrumb_json":[{"label":"Inicio","link":"https:\/\/eldigitaldeasturias.com\/radio"},{"label":"Deporte","link":"https:\/\/eldigitaldeasturias.com\/radio\/category\/deporte\/"},{"label":"Deporte y equilibrio: Yoga atl\u00e9tico","link":"https:\/\/eldigitaldeasturias.com\/radio\/deporte-y-equilibrio-yoga-atletico\/"}],"_links":{"self":[{"href":"https:\/\/eldigitaldeasturias.com\/radio\/wp-json\/wp\/v2\/posts\/11360","targetHints":{"allow":["GET"]}}],"collection":[{"href":"https:\/\/eldigitaldeasturias.com\/radio\/wp-json\/wp\/v2\/posts"}],"about":[{"href":"https:\/\/eldigitaldeasturias.com\/radio\/wp-json\/wp\/v2\/types\/post"}],"author":[{"embeddable":true,"href":"https:\/\/eldigitaldeasturias.com\/radio\/wp-json\/wp\/v2\/users\/1"}],"replies":[{"embeddable":true,"href":"https:\/\/eldigitaldeasturias.com\/radio\/wp-json\/wp\/v2\/comments?post=11360"}],"version-history":[{"count":0,"href":"https:\/\/eldigitaldeasturias.com\/radio\/wp-json\/wp\/v2\/posts\/11360\/revisions"}],"wp:featuredmedia":[{"embeddable":true,"href":"https:\/\/eldigitaldeasturias.com\/radio\/wp-json\/wp\/v2\/media\/11361"}],"wp:attachment":[{"href":"https:\/\/eldigitaldeasturias.com\/radio\/wp-json\/wp\/v2\/media?parent=11360"}],"wp:term":[{"taxonomy":"category","embeddable":true,"href":"https:\/\/eldigitaldeasturias.com\/radio\/wp-json\/wp\/v2\/categories?post=11360"},{"taxonomy":"post_tag","embeddable":true,"href":"https:\/\/eldigitaldeasturias.com\/radio\/wp-json\/wp\/v2\/tags?post=11360"}],"curies":[{"name":"wp","href":"https:\/\/api.w.org\/{rel}","templated":true}]}}