{"id":11260,"date":"2025-10-08T00:53:27","date_gmt":"2025-10-07T22:53:27","guid":{"rendered":"https:\/\/eldigitaldeasturias.com\/radio\/?p=11260"},"modified":"2025-10-08T00:53:27","modified_gmt":"2025-10-07T22:53:27","slug":"la-nueva-soledad-digital-conectados-pero-aislados","status":"publish","type":"post","link":"https:\/\/eldigitaldeasturias.com\/radio\/la-nueva-soledad-digital-conectados-pero-aislados\/","title":{"rendered":"La nueva soledad digital: conectados pero aislados"},"content":{"rendered":"<p>Nunca hab\u00edamos estado tan conectados y, sin embargo, tantas <span style=\"color: #ff6600;\"><a style=\"color: #ff6600;\" href=\"https:\/\/eldigitaldeasturias.com\/radio\/category\/live\/\"><strong>personas se sienten solas<\/strong><\/a><\/span>. Las redes sociales, los mensajes instant\u00e1neos y las videollamadas nos mantienen en contacto constante, pero esa conexi\u00f3n no siempre se traduce en cercan\u00eda real. Vivimos una paradoja: en la era de la comunicaci\u00f3n permanente, crece el sentimiento de aislamiento. <strong>Comprender esta nueva forma de soledad es clave para aprender a relacionarnos con mayor profundidad.<\/strong><\/p>\n<figure id=\"attachment_11261\" aria-describedby=\"caption-attachment-11261\" style=\"width: 650px\" class=\"wp-caption aligncenter\"><img fetchpriority=\"high\" decoding=\"async\" class=\"size-large wp-image-11261\" src=\"https:\/\/eldigitaldeasturias.com\/radio\/wp-content\/uploads\/2025\/10\/conectados-pero-aislados-digital-650x403.jpg\" alt=\"conectados pero aislados digital\" width=\"650\" height=\"403\" srcset=\"https:\/\/eldigitaldeasturias.com\/radio\/wp-content\/uploads\/2025\/10\/conectados-pero-aislados-digital-650x403.jpg 650w, https:\/\/eldigitaldeasturias.com\/radio\/wp-content\/uploads\/2025\/10\/conectados-pero-aislados-digital-360x223.jpg 360w, https:\/\/eldigitaldeasturias.com\/radio\/wp-content\/uploads\/2025\/10\/conectados-pero-aislados-digital-768x476.jpg 768w, https:\/\/eldigitaldeasturias.com\/radio\/wp-content\/uploads\/2025\/10\/conectados-pero-aislados-digital-150x93.jpg 150w, https:\/\/eldigitaldeasturias.com\/radio\/wp-content\/uploads\/2025\/10\/conectados-pero-aislados-digital-450x279.jpg 450w, https:\/\/eldigitaldeasturias.com\/radio\/wp-content\/uploads\/2025\/10\/conectados-pero-aislados-digital.jpg 1030w\" sizes=\"(max-width: 650px) 100vw, 650px\" \/><figcaption id=\"caption-attachment-11261\" class=\"wp-caption-text\">Foto: 123rf.com<\/figcaption><\/figure>\n<h2>Una conexi\u00f3n que no siempre une<\/h2>\n<p>Las plataformas digitales nos permiten hablar con cualquiera, en cualquier momento. Pero la inmediatez tiene un precio: las conversaciones se vuelven m\u00e1s breves, impersonales y fragmentadas. <strong>Los v\u00ednculos se multiplican, pero muchas veces se vuelven m\u00e1s superficiales.<\/strong><\/p>\n<p>Las <a href=\"https:\/\/www.facebook.com\/Nachofdezber\"><span style=\"color: #ff6600;\"><strong>redes<\/strong><\/span><\/a> est\u00e1n dise\u00f1adas para retener la atenci\u00f3n, no para fomentar la intimidad. Los \u201cme gusta\u201d y las respuestas r\u00e1pidas sustituyen al di\u00e1logo. Esa interacci\u00f3n constante crea la ilusi\u00f3n de compa\u00f1\u00eda, aunque en realidad no cubra las necesidades emocionales m\u00e1s profundas.<\/p>\n<h2>El ruido de la comparaci\u00f3n<\/h2>\n<p>La soledad digital tambi\u00e9n se alimenta de la comparaci\u00f3n. En las redes, la vida ajena suele parecer m\u00e1s interesante, m\u00e1s feliz o m\u00e1s exitosa. <strong>Esa exposici\u00f3n permanente a lo que otros muestran genera frustraci\u00f3n y desconexi\u00f3n con la realidad propia.<\/strong><\/p>\n<p>Las personas terminan midiendo su valor por la validaci\u00f3n externa: cu\u00e1ntos seguidores, cu\u00e1ntos comentarios, cu\u00e1ntas respuestas. El resultado es una sociedad hiperconectada pero emocionalmente dispersa, donde cada uno busca ser visto, aunque pocos se sientan realmente comprendidos.<\/p>\n<h2>El valor de la presencia f\u00edsica<\/h2>\n<p>La comunicaci\u00f3n digital ha demostrado su utilidad, especialmente en momentos de distancia, pero no puede sustituir el contacto humano. El tono de voz, los gestos, la mirada o el silencio compartido transmiten m\u00e1s que cualquier mensaje escrito.<\/p>\n<p>Recuperar espacios f\u00edsicos de encuentro \u2014una comida sin tel\u00e9fonos, una caminata, una charla sin interrupciones\u2014 es fundamental para mantener v\u00ednculos reales. Las relaciones humanas necesitan tiempo, atenci\u00f3n y vulnerabilidad, algo dif\u00edcil de replicar a trav\u00e9s de una pantalla.<\/p>\n<h2>C\u00f3mo recuperar la conexi\u00f3n real<\/h2>\n<p>El primer paso para combatir la soledad digital es reconocerla. No se trata de abandonar la tecnolog\u00eda, sino de usarla con conciencia.<\/p>\n<h3>Algunas pr\u00e1cticas sencillas pueden marcar la diferencia:<\/h3>\n<ul>\n<li>Reducir el tiempo de pantalla y reservar momentos sin dispositivos.<\/li>\n<li>Priorizar conversaciones profundas frente a intercambios r\u00e1pidos.<\/li>\n<li>Llamar o quedar con las personas importantes, en lugar de limitarse a escribirles.<\/li>\n<li>Recordar que detr\u00e1s de cada mensaje hay un ser humano, no un avatar.<\/li>\n<\/ul>\n<blockquote><p>El equilibrio no est\u00e1 en desconectarse del mundo digital, sino en no depender de \u00e9l para sentirnos acompa\u00f1ados.<\/p><\/blockquote>\n<h2>Redefinir la conexi\u00f3n<\/h2>\n<p>El reto no es tecnol\u00f3gico, sino emocional. Aprender a estar presentes, tanto en la vida online como fuera de ella, requiere intenci\u00f3n. La tecnolog\u00eda es una herramienta poderosa si la usamos para construir, no para llenar vac\u00edos.<\/p>\n<p>En un tiempo donde las notificaciones nunca se detienen, tal vez la verdadera conexi\u00f3n consista en mirar a los ojos, escuchar de verdad y compartir el silencio sin miedo.<\/p>\n","protected":false},"excerpt":{"rendered":"<p>Nunca hab\u00edamos estado tan conectados y, sin embargo, tantas personas se sienten solas. Las redes sociales, los mensajes instant\u00e1neos y las videollamadas nos mantienen en contacto constante, pero esa conexi\u00f3n no siempre se traduce en cercan\u00eda real. Vivimos una paradoja: en la era de la comunicaci\u00f3n permanente, crece el sentimiento de aislamiento. Comprender esta nueva<\/p>\n","protected":false},"author":1,"featured_media":11261,"comment_status":"closed","ping_status":"closed","sticky":false,"template":"","format":"standard","meta":{"footnotes":""},"categories":[38],"tags":[45],"class_list":{"0":"post-11260","1":"post","2":"type-post","3":"status-publish","4":"format-standard","5":"has-post-thumbnail","7":"category-live","8":"tag-sociedad"},"aioseo_notices":[],"aioseo_head":"\n\t\t<!-- All in One SEO Pro 4.9.6.2 - aioseo.com -->\n\t<meta name=\"description\" content=\"Nunca hab\u00edamos estado tan conectados y, sin embargo, tantas personas se sienten solas. Las redes sociales, los mensajes instant\u00e1neos y las videollamadas\" \/>\n\t<meta name=\"robots\" content=\"max-image-preview:large\" \/>\n\t<meta name=\"author\" content=\"NBAsturias\"\/>\n\t<meta name=\"google-site-verification\" content=\"UA-38556648-1\" \/>\n\t<meta name=\"keywords\" content=\"live\" \/>\n\t<link rel=\"canonical\" href=\"https:\/\/eldigitaldeasturias.com\/radio\/la-nueva-soledad-digital-conectados-pero-aislados\/\" \/>\n\t<meta name=\"generator\" content=\"All in One SEO Pro (AIOSEO) 4.9.6.2\" \/>\n\t\t<meta property=\"og:locale\" content=\"es_ES\" \/>\n\t\t<meta property=\"og:site_name\" content=\"El Digital de Asturias | Diario de informaci\u00f3n y noticias\" \/>\n\t\t<meta property=\"og:type\" content=\"article\" \/>\n\t\t<meta property=\"og:title\" content=\"La nueva soledad digital: conectados pero aislados | El Digital de Asturias\" \/>\n\t\t<meta property=\"og:description\" content=\"Nunca hab\u00edamos estado tan conectados y, sin embargo, tantas personas se sienten solas. Las redes sociales, los mensajes instant\u00e1neos y las videollamadas\" \/>\n\t\t<meta property=\"og:url\" content=\"https:\/\/eldigitaldeasturias.com\/radio\/la-nueva-soledad-digital-conectados-pero-aislados\/\" \/>\n\t\t<meta property=\"og:image\" content=\"https:\/\/eldigitaldeasturias.com\/radio\/wp-content\/uploads\/2025\/10\/conectados-pero-aislados-digital.jpg\" \/>\n\t\t<meta property=\"og:image:secure_url\" content=\"https:\/\/eldigitaldeasturias.com\/radio\/wp-content\/uploads\/2025\/10\/conectados-pero-aislados-digital.jpg\" \/>\n\t\t<meta property=\"og:image:width\" content=\"1030\" \/>\n\t\t<meta property=\"og:image:height\" content=\"639\" \/>\n\t\t<meta property=\"article:published_time\" content=\"2025-10-07T22:53:27+00:00\" \/>\n\t\t<meta property=\"article:modified_time\" content=\"2025-10-07T22:53:27+00:00\" \/>\n\t\t<meta name=\"twitter:card\" content=\"summary_large_image\" \/>\n\t\t<meta name=\"twitter:site\" content=\"@bercodi\" \/>\n\t\t<meta name=\"twitter:title\" content=\"La nueva soledad digital: conectados pero aislados | El Digital de Asturias\" \/>\n\t\t<meta name=\"twitter:description\" content=\"Nunca hab\u00edamos estado tan conectados y, sin embargo, tantas personas se sienten solas. Las redes sociales, los mensajes instant\u00e1neos y las videollamadas\" \/>\n\t\t<meta name=\"twitter:creator\" content=\"@bercodi\" \/>\n\t\t<meta name=\"twitter:image\" content=\"https:\/\/eldigitaldeasturias.com\/radio\/wp-content\/uploads\/2025\/10\/conectados-pero-aislados-digital.jpg\" \/>\n\t\t<script type=\"application\/ld+json\" class=\"aioseo-schema\">\n\t\t\t{\"@context\":\"https:\\\/\\\/schema.org\",\"@graph\":[{\"@type\":\"BreadcrumbList\",\"@id\":\"https:\\\/\\\/eldigitaldeasturias.com\\\/radio\\\/la-nueva-soledad-digital-conectados-pero-aislados\\\/#breadcrumblist\",\"itemListElement\":[{\"@type\":\"ListItem\",\"@id\":\"https:\\\/\\\/eldigitaldeasturias.com\\\/radio#listItem\",\"position\":1,\"name\":\"Inicio\",\"item\":\"https:\\\/\\\/eldigitaldeasturias.com\\\/radio\",\"nextItem\":{\"@type\":\"ListItem\",\"@id\":\"https:\\\/\\\/eldigitaldeasturias.com\\\/radio\\\/category\\\/live\\\/#listItem\",\"name\":\"Live\"}},{\"@type\":\"ListItem\",\"@id\":\"https:\\\/\\\/eldigitaldeasturias.com\\\/radio\\\/category\\\/live\\\/#listItem\",\"position\":2,\"name\":\"Live\",\"item\":\"https:\\\/\\\/eldigitaldeasturias.com\\\/radio\\\/category\\\/live\\\/\",\"nextItem\":{\"@type\":\"ListItem\",\"@id\":\"https:\\\/\\\/eldigitaldeasturias.com\\\/radio\\\/la-nueva-soledad-digital-conectados-pero-aislados\\\/#listItem\",\"name\":\"La nueva soledad digital: conectados pero aislados\"},\"previousItem\":{\"@type\":\"ListItem\",\"@id\":\"https:\\\/\\\/eldigitaldeasturias.com\\\/radio#listItem\",\"name\":\"Inicio\"}},{\"@type\":\"ListItem\",\"@id\":\"https:\\\/\\\/eldigitaldeasturias.com\\\/radio\\\/la-nueva-soledad-digital-conectados-pero-aislados\\\/#listItem\",\"position\":3,\"name\":\"La nueva soledad digital: conectados pero aislados\",\"previousItem\":{\"@type\":\"ListItem\",\"@id\":\"https:\\\/\\\/eldigitaldeasturias.com\\\/radio\\\/category\\\/live\\\/#listItem\",\"name\":\"Live\"}}]},{\"@type\":\"NewsArticle\",\"@id\":\"https:\\\/\\\/eldigitaldeasturias.com\\\/radio\\\/la-nueva-soledad-digital-conectados-pero-aislados\\\/#newsarticle\",\"name\":\"La nueva soledad digital: conectados pero aislados | El Digital de Asturias\",\"headline\":\"La nueva soledad digital: conectados pero aislados\",\"author\":{\"@id\":\"https:\\\/\\\/eldigitaldeasturias.com\\\/radio\\\/author\\\/nbasturias\\\/#author\"},\"publisher\":{\"@id\":\"https:\\\/\\\/eldigitaldeasturias.com\\\/radio\\\/#organization\"},\"image\":{\"@type\":\"ImageObject\",\"url\":\"https:\\\/\\\/eldigitaldeasturias.com\\\/radio\\\/wp-content\\\/uploads\\\/2025\\\/10\\\/conectados-pero-aislados-digital.jpg\",\"width\":1030,\"height\":639,\"caption\":\"Foto: 123rf.com\"},\"datePublished\":\"2025-10-08T00:53:27+02:00\",\"dateModified\":\"2025-10-08T00:53:27+02:00\",\"inLanguage\":\"es-ES\",\"mainEntityOfPage\":{\"@id\":\"https:\\\/\\\/eldigitaldeasturias.com\\\/radio\\\/la-nueva-soledad-digital-conectados-pero-aislados\\\/#webpage\"},\"isPartOf\":{\"@id\":\"https:\\\/\\\/eldigitaldeasturias.com\\\/radio\\\/la-nueva-soledad-digital-conectados-pero-aislados\\\/#webpage\"},\"articleSection\":\"Live, Sociedad\",\"dateline\":\"Publicado el octubre 8, 2025.\"},{\"@type\":\"Organization\",\"@id\":\"https:\\\/\\\/eldigitaldeasturias.com\\\/radio\\\/#organization\",\"name\":\"El digital de Asturias Radio\",\"description\":\"Diario de informaci\\u00f3n y noticias\",\"url\":\"https:\\\/\\\/eldigitaldeasturias.com\\\/radio\\\/\",\"telephone\":\"+34652131393\",\"logo\":{\"@type\":\"ImageObject\",\"url\":\"https:\\\/\\\/www.eldigitaldeasturias.com\\\/radio\\\/wp-content\\\/uploads\\\/2021\\\/03\\\/EDA.jpg\",\"@id\":\"https:\\\/\\\/eldigitaldeasturias.com\\\/radio\\\/la-nueva-soledad-digital-conectados-pero-aislados\\\/#organizationLogo\"},\"image\":{\"@id\":\"https:\\\/\\\/eldigitaldeasturias.com\\\/radio\\\/la-nueva-soledad-digital-conectados-pero-aislados\\\/#organizationLogo\"},\"sameAs\":[\"https:\\\/\\\/www.facebook.com\\\/\",\"https:\\\/\\\/x.com\\\/bercodi\",\"https:\\\/\\\/www.instagram.com\\\/\",\"https:\\\/\\\/www.youtube.com\\\/channel\\\/UCZP-2wLEB9Rv6erhFmqVnvg\"]},{\"@type\":\"Person\",\"@id\":\"https:\\\/\\\/eldigitaldeasturias.com\\\/radio\\\/author\\\/nbasturias\\\/#author\",\"url\":\"https:\\\/\\\/eldigitaldeasturias.com\\\/radio\\\/author\\\/nbasturias\\\/\",\"name\":\"NBAsturias\",\"image\":{\"@type\":\"ImageObject\",\"@id\":\"https:\\\/\\\/eldigitaldeasturias.com\\\/radio\\\/la-nueva-soledad-digital-conectados-pero-aislados\\\/#authorImage\",\"url\":\"https:\\\/\\\/secure.gravatar.com\\\/avatar\\\/df2aeffc32bcd13f8d26072ef8a91b623d677766deac7f97ca815868cd41bf5e?s=96&d=mm&r=g\",\"width\":96,\"height\":96,\"caption\":\"NBAsturias\"}},{\"@type\":\"WebPage\",\"@id\":\"https:\\\/\\\/eldigitaldeasturias.com\\\/radio\\\/la-nueva-soledad-digital-conectados-pero-aislados\\\/#webpage\",\"url\":\"https:\\\/\\\/eldigitaldeasturias.com\\\/radio\\\/la-nueva-soledad-digital-conectados-pero-aislados\\\/\",\"name\":\"La nueva soledad digital: conectados pero aislados | El Digital de Asturias\",\"description\":\"Nunca hab\\u00edamos estado tan conectados y, sin embargo, tantas personas se sienten solas. Las redes sociales, los mensajes instant\\u00e1neos y las videollamadas\",\"inLanguage\":\"es-ES\",\"isPartOf\":{\"@id\":\"https:\\\/\\\/eldigitaldeasturias.com\\\/radio\\\/#website\"},\"breadcrumb\":{\"@id\":\"https:\\\/\\\/eldigitaldeasturias.com\\\/radio\\\/la-nueva-soledad-digital-conectados-pero-aislados\\\/#breadcrumblist\"},\"author\":{\"@id\":\"https:\\\/\\\/eldigitaldeasturias.com\\\/radio\\\/author\\\/nbasturias\\\/#author\"},\"creator\":{\"@id\":\"https:\\\/\\\/eldigitaldeasturias.com\\\/radio\\\/author\\\/nbasturias\\\/#author\"},\"image\":{\"@type\":\"ImageObject\",\"url\":\"https:\\\/\\\/eldigitaldeasturias.com\\\/radio\\\/wp-content\\\/uploads\\\/2025\\\/10\\\/conectados-pero-aislados-digital.jpg\",\"@id\":\"https:\\\/\\\/eldigitaldeasturias.com\\\/radio\\\/la-nueva-soledad-digital-conectados-pero-aislados\\\/#mainImage\",\"width\":1030,\"height\":639,\"caption\":\"Foto: 123rf.com\"},\"primaryImageOfPage\":{\"@id\":\"https:\\\/\\\/eldigitaldeasturias.com\\\/radio\\\/la-nueva-soledad-digital-conectados-pero-aislados\\\/#mainImage\"},\"datePublished\":\"2025-10-08T00:53:27+02:00\",\"dateModified\":\"2025-10-08T00:53:27+02:00\"},{\"@type\":\"WebSite\",\"@id\":\"https:\\\/\\\/eldigitaldeasturias.com\\\/radio\\\/#website\",\"url\":\"https:\\\/\\\/eldigitaldeasturias.com\\\/radio\\\/\",\"name\":\"El Digital de Asturias\",\"description\":\"Diario de informaci\\u00f3n y noticias\",\"inLanguage\":\"es-ES\",\"publisher\":{\"@id\":\"https:\\\/\\\/eldigitaldeasturias.com\\\/radio\\\/#organization\"}}]}\n\t\t<\/script>\n\t\t<!-- All in One SEO Pro -->\r\n\t\t<title>La nueva soledad digital: conectados pero aislados | El Digital de Asturias<\/title>\n\n","aioseo_head_json":{"title":"La nueva soledad digital: conectados pero aislados | El Digital de Asturias","description":"Nunca hab\u00edamos estado tan conectados y, sin embargo, tantas personas se sienten solas. Las redes sociales, los mensajes instant\u00e1neos y las videollamadas","canonical_url":"https:\/\/eldigitaldeasturias.com\/radio\/la-nueva-soledad-digital-conectados-pero-aislados\/","robots":"max-image-preview:large","keywords":"live","webmasterTools":{"google-site-verification":"UA-38556648-1","miscellaneous":""},"schema":{"@context":"https:\/\/schema.org","@graph":[{"@type":"BreadcrumbList","@id":"https:\/\/eldigitaldeasturias.com\/radio\/la-nueva-soledad-digital-conectados-pero-aislados\/#breadcrumblist","itemListElement":[{"@type":"ListItem","@id":"https:\/\/eldigitaldeasturias.com\/radio#listItem","position":1,"name":"Inicio","item":"https:\/\/eldigitaldeasturias.com\/radio","nextItem":{"@type":"ListItem","@id":"https:\/\/eldigitaldeasturias.com\/radio\/category\/live\/#listItem","name":"Live"}},{"@type":"ListItem","@id":"https:\/\/eldigitaldeasturias.com\/radio\/category\/live\/#listItem","position":2,"name":"Live","item":"https:\/\/eldigitaldeasturias.com\/radio\/category\/live\/","nextItem":{"@type":"ListItem","@id":"https:\/\/eldigitaldeasturias.com\/radio\/la-nueva-soledad-digital-conectados-pero-aislados\/#listItem","name":"La nueva soledad digital: conectados pero aislados"},"previousItem":{"@type":"ListItem","@id":"https:\/\/eldigitaldeasturias.com\/radio#listItem","name":"Inicio"}},{"@type":"ListItem","@id":"https:\/\/eldigitaldeasturias.com\/radio\/la-nueva-soledad-digital-conectados-pero-aislados\/#listItem","position":3,"name":"La nueva soledad digital: conectados pero aislados","previousItem":{"@type":"ListItem","@id":"https:\/\/eldigitaldeasturias.com\/radio\/category\/live\/#listItem","name":"Live"}}]},{"@type":"NewsArticle","@id":"https:\/\/eldigitaldeasturias.com\/radio\/la-nueva-soledad-digital-conectados-pero-aislados\/#newsarticle","name":"La nueva soledad digital: conectados pero aislados | El Digital de Asturias","headline":"La nueva soledad digital: conectados pero aislados","author":{"@id":"https:\/\/eldigitaldeasturias.com\/radio\/author\/nbasturias\/#author"},"publisher":{"@id":"https:\/\/eldigitaldeasturias.com\/radio\/#organization"},"image":{"@type":"ImageObject","url":"https:\/\/eldigitaldeasturias.com\/radio\/wp-content\/uploads\/2025\/10\/conectados-pero-aislados-digital.jpg","width":1030,"height":639,"caption":"Foto: 123rf.com"},"datePublished":"2025-10-08T00:53:27+02:00","dateModified":"2025-10-08T00:53:27+02:00","inLanguage":"es-ES","mainEntityOfPage":{"@id":"https:\/\/eldigitaldeasturias.com\/radio\/la-nueva-soledad-digital-conectados-pero-aislados\/#webpage"},"isPartOf":{"@id":"https:\/\/eldigitaldeasturias.com\/radio\/la-nueva-soledad-digital-conectados-pero-aislados\/#webpage"},"articleSection":"Live, Sociedad","dateline":"Publicado el octubre 8, 2025."},{"@type":"Organization","@id":"https:\/\/eldigitaldeasturias.com\/radio\/#organization","name":"El digital de Asturias Radio","description":"Diario de informaci\u00f3n y noticias","url":"https:\/\/eldigitaldeasturias.com\/radio\/","telephone":"+34652131393","logo":{"@type":"ImageObject","url":"https:\/\/www.eldigitaldeasturias.com\/radio\/wp-content\/uploads\/2021\/03\/EDA.jpg","@id":"https:\/\/eldigitaldeasturias.com\/radio\/la-nueva-soledad-digital-conectados-pero-aislados\/#organizationLogo"},"image":{"@id":"https:\/\/eldigitaldeasturias.com\/radio\/la-nueva-soledad-digital-conectados-pero-aislados\/#organizationLogo"},"sameAs":["https:\/\/www.facebook.com\/","https:\/\/x.com\/bercodi","https:\/\/www.instagram.com\/","https:\/\/www.youtube.com\/channel\/UCZP-2wLEB9Rv6erhFmqVnvg"]},{"@type":"Person","@id":"https:\/\/eldigitaldeasturias.com\/radio\/author\/nbasturias\/#author","url":"https:\/\/eldigitaldeasturias.com\/radio\/author\/nbasturias\/","name":"NBAsturias","image":{"@type":"ImageObject","@id":"https:\/\/eldigitaldeasturias.com\/radio\/la-nueva-soledad-digital-conectados-pero-aislados\/#authorImage","url":"https:\/\/secure.gravatar.com\/avatar\/df2aeffc32bcd13f8d26072ef8a91b623d677766deac7f97ca815868cd41bf5e?s=96&d=mm&r=g","width":96,"height":96,"caption":"NBAsturias"}},{"@type":"WebPage","@id":"https:\/\/eldigitaldeasturias.com\/radio\/la-nueva-soledad-digital-conectados-pero-aislados\/#webpage","url":"https:\/\/eldigitaldeasturias.com\/radio\/la-nueva-soledad-digital-conectados-pero-aislados\/","name":"La nueva soledad digital: conectados pero aislados | El Digital de Asturias","description":"Nunca hab\u00edamos estado tan conectados y, sin embargo, tantas personas se sienten solas. Las redes sociales, los mensajes instant\u00e1neos y las videollamadas","inLanguage":"es-ES","isPartOf":{"@id":"https:\/\/eldigitaldeasturias.com\/radio\/#website"},"breadcrumb":{"@id":"https:\/\/eldigitaldeasturias.com\/radio\/la-nueva-soledad-digital-conectados-pero-aislados\/#breadcrumblist"},"author":{"@id":"https:\/\/eldigitaldeasturias.com\/radio\/author\/nbasturias\/#author"},"creator":{"@id":"https:\/\/eldigitaldeasturias.com\/radio\/author\/nbasturias\/#author"},"image":{"@type":"ImageObject","url":"https:\/\/eldigitaldeasturias.com\/radio\/wp-content\/uploads\/2025\/10\/conectados-pero-aislados-digital.jpg","@id":"https:\/\/eldigitaldeasturias.com\/radio\/la-nueva-soledad-digital-conectados-pero-aislados\/#mainImage","width":1030,"height":639,"caption":"Foto: 123rf.com"},"primaryImageOfPage":{"@id":"https:\/\/eldigitaldeasturias.com\/radio\/la-nueva-soledad-digital-conectados-pero-aislados\/#mainImage"},"datePublished":"2025-10-08T00:53:27+02:00","dateModified":"2025-10-08T00:53:27+02:00"},{"@type":"WebSite","@id":"https:\/\/eldigitaldeasturias.com\/radio\/#website","url":"https:\/\/eldigitaldeasturias.com\/radio\/","name":"El Digital de Asturias","description":"Diario de informaci\u00f3n y noticias","inLanguage":"es-ES","publisher":{"@id":"https:\/\/eldigitaldeasturias.com\/radio\/#organization"}}]},"og:locale":"es_ES","og:site_name":"El Digital de Asturias | Diario de informaci\u00f3n y noticias","og:type":"article","og:title":"La nueva soledad digital: conectados pero aislados | El Digital de Asturias","og:description":"Nunca hab\u00edamos estado tan conectados y, sin embargo, tantas personas se sienten solas. Las redes sociales, los mensajes instant\u00e1neos y las videollamadas","og:url":"https:\/\/eldigitaldeasturias.com\/radio\/la-nueva-soledad-digital-conectados-pero-aislados\/","og:image":"https:\/\/eldigitaldeasturias.com\/radio\/wp-content\/uploads\/2025\/10\/conectados-pero-aislados-digital.jpg","og:image:secure_url":"https:\/\/eldigitaldeasturias.com\/radio\/wp-content\/uploads\/2025\/10\/conectados-pero-aislados-digital.jpg","og:image:width":1030,"og:image:height":639,"article:published_time":"2025-10-07T22:53:27+00:00","article:modified_time":"2025-10-07T22:53:27+00:00","twitter:card":"summary_large_image","twitter:site":"@bercodi","twitter:title":"La nueva soledad digital: conectados pero aislados | El Digital de Asturias","twitter:description":"Nunca hab\u00edamos estado tan conectados y, sin embargo, tantas personas se sienten solas. Las redes sociales, los mensajes instant\u00e1neos y las videollamadas","twitter:creator":"@bercodi","twitter:image":"https:\/\/eldigitaldeasturias.com\/radio\/wp-content\/uploads\/2025\/10\/conectados-pero-aislados-digital.jpg"},"aioseo_meta_data":{"post_id":"11260","title":null,"description":"Nunca hab\u00edamos estado tan conectados y, sin embargo, tantas personas se sienten solas. Las redes sociales, los mensajes instant\u00e1neos y las videollamadas","keywords":null,"keyphrases":{"focus":{"keyphrase":"conectados","score":78,"analysis":{"keyphraseInTitle":{"score":9,"maxScore":9,"error":0},"keyphraseInDescription":{"score":9,"maxScore":9,"error":0},"keyphraseLength":{"score":9,"maxScore":9,"error":0,"length":1},"keyphraseInURL":{"score":5,"maxScore":5,"error":0},"keyphraseInIntroduction":{"score":9,"maxScore":9,"error":0},"keyphraseInSubHeadings":{"score":3,"maxScore":9,"error":1},"keyphraseInImageAlt":{"score":9,"maxScore":9,"error":0},"keywordDensity":{"score":0,"type":"low","maxScore":9,"error":1}}},"additional":[{"keyphrase":"conectados","score":80,"analysis":{"keyphraseInDescription":{"score":9,"maxScore":9,"error":0},"keyphraseLength":{"score":9,"maxScore":9,"error":0,"length":1},"keyphraseInIntroduction":{"score":9,"maxScore":9,"error":0},"keyphraseInImageAlt":{"score":9,"maxScore":9,"error":0},"keywordDensity":{"score":0,"type":"low","maxScore":9,"error":1}}}]},"primary_term":null,"canonical_url":null,"og_title":null,"og_description":null,"og_object_type":"default","og_image_type":"default","og_image_url":null,"og_image_width":null,"og_image_height":null,"og_image_custom_url":null,"og_image_custom_fields":null,"og_video":"","og_custom_url":null,"og_article_section":null,"og_article_tags":null,"twitter_use_og":false,"twitter_card":"default","twitter_image_type":"default","twitter_image_url":null,"twitter_image_custom_url":null,"twitter_image_custom_fields":null,"twitter_title":null,"twitter_description":null,"schema":{"blockGraphs":[],"customGraphs":[],"default":{"data":{"Article":[],"Course":[],"Dataset":[],"FAQPage":[],"Movie":[],"Person":[],"Product":[],"ProductReview":[],"Car":[],"Recipe":[],"Service":[],"SoftwareApplication":[],"WebPage":[]},"graphName":"NewsArticle","isEnabled":true},"graphs":[]},"schema_type":"default","schema_type_options":null,"pillar_content":false,"robots_default":true,"robots_noindex":false,"robots_noarchive":false,"robots_nosnippet":false,"robots_nofollow":false,"robots_noimageindex":false,"robots_noodp":false,"robots_notranslate":false,"robots_max_snippet":"-1","robots_max_videopreview":"-1","robots_max_imagepreview":"large","priority":null,"frequency":"default","location":null,"local_seo":null,"seo_analyzer_scan_date":"2025-10-07 23:01:43","breadcrumb_settings":null,"limit_modified_date":false,"open_ai":null,"ai":{"faqs":[],"keyPoints":[],"titles":[],"descriptions":[],"socialPosts":{"email":[],"linkedin":[],"twitter":[],"facebook":[],"instagram":[]}},"created":"2025-10-07 22:45:53","updated":"2025-10-07 23:01:43"},"aioseo_breadcrumb":"<div class=\"aioseo-breadcrumbs\"><span class=\"aioseo-breadcrumb\">\n\t<a href=\"https:\/\/eldigitaldeasturias.com\/radio\" title=\"Inicio\">Inicio<\/a>\n<\/span><span class=\"aioseo-breadcrumb-separator\">&ndash;<\/span><span class=\"aioseo-breadcrumb\">\n\t<a href=\"https:\/\/eldigitaldeasturias.com\/radio\/category\/live\/\" title=\"Live\">Live<\/a>\n<\/span><span class=\"aioseo-breadcrumb-separator\">&ndash;<\/span><span class=\"aioseo-breadcrumb\">\n\tLa nueva soledad digital: conectados pero aislados\n<\/span><\/div>","aioseo_breadcrumb_json":[{"label":"Inicio","link":"https:\/\/eldigitaldeasturias.com\/radio"},{"label":"Live","link":"https:\/\/eldigitaldeasturias.com\/radio\/category\/live\/"},{"label":"La nueva soledad digital: conectados pero aislados","link":"https:\/\/eldigitaldeasturias.com\/radio\/la-nueva-soledad-digital-conectados-pero-aislados\/"}],"_links":{"self":[{"href":"https:\/\/eldigitaldeasturias.com\/radio\/wp-json\/wp\/v2\/posts\/11260","targetHints":{"allow":["GET"]}}],"collection":[{"href":"https:\/\/eldigitaldeasturias.com\/radio\/wp-json\/wp\/v2\/posts"}],"about":[{"href":"https:\/\/eldigitaldeasturias.com\/radio\/wp-json\/wp\/v2\/types\/post"}],"author":[{"embeddable":true,"href":"https:\/\/eldigitaldeasturias.com\/radio\/wp-json\/wp\/v2\/users\/1"}],"replies":[{"embeddable":true,"href":"https:\/\/eldigitaldeasturias.com\/radio\/wp-json\/wp\/v2\/comments?post=11260"}],"version-history":[{"count":0,"href":"https:\/\/eldigitaldeasturias.com\/radio\/wp-json\/wp\/v2\/posts\/11260\/revisions"}],"wp:featuredmedia":[{"embeddable":true,"href":"https:\/\/eldigitaldeasturias.com\/radio\/wp-json\/wp\/v2\/media\/11261"}],"wp:attachment":[{"href":"https:\/\/eldigitaldeasturias.com\/radio\/wp-json\/wp\/v2\/media?parent=11260"}],"wp:term":[{"taxonomy":"category","embeddable":true,"href":"https:\/\/eldigitaldeasturias.com\/radio\/wp-json\/wp\/v2\/categories?post=11260"},{"taxonomy":"post_tag","embeddable":true,"href":"https:\/\/eldigitaldeasturias.com\/radio\/wp-json\/wp\/v2\/tags?post=11260"}],"curies":[{"name":"wp","href":"https:\/\/api.w.org\/{rel}","templated":true}]}}