{"id":11118,"date":"2025-09-23T10:16:19","date_gmt":"2025-09-23T08:16:19","guid":{"rendered":"https:\/\/eldigitaldeasturias.com\/radio\/?p=11118"},"modified":"2025-09-23T10:16:19","modified_gmt":"2025-09-23T08:16:19","slug":"tokio-viajes-en-octubre-y-navidad-2025","status":"publish","type":"post","link":"https:\/\/eldigitaldeasturias.com\/radio\/tokio-viajes-en-octubre-y-navidad-2025\/","title":{"rendered":"Tokio: viajes en octubre y Navidad 2025"},"content":{"rendered":"<p>Pensar en <a href=\"https:\/\/eldigitaldeasturias.com\/radio\/category\/turismo\/\"><span style=\"color: #ff6600;\"><strong>viajes a Tokio<\/strong><\/span><\/a> en octubre, navidad o fin de a\u00f1o es descubrir dos caras complementarias: el oto\u00f1o de jardines dorados y paseos serenos, y el invierno de iluminaciones brillantes y tradiciones \u00fanicas<\/p>\n<figure id=\"attachment_11119\" aria-describedby=\"caption-attachment-11119\" style=\"width: 650px\" class=\"wp-caption aligncenter\"><img fetchpriority=\"high\" decoding=\"async\" class=\"size-large wp-image-11119\" src=\"https:\/\/eldigitaldeasturias.com\/radio\/wp-content\/uploads\/2025\/09\/viajes-a-Tokio-650x366.jpg\" alt=\"viajes a Tokio\" width=\"650\" height=\"366\" srcset=\"https:\/\/eldigitaldeasturias.com\/radio\/wp-content\/uploads\/2025\/09\/viajes-a-Tokio-650x366.jpg 650w, https:\/\/eldigitaldeasturias.com\/radio\/wp-content\/uploads\/2025\/09\/viajes-a-Tokio-360x203.jpg 360w, https:\/\/eldigitaldeasturias.com\/radio\/wp-content\/uploads\/2025\/09\/viajes-a-Tokio-768x433.jpg 768w, https:\/\/eldigitaldeasturias.com\/radio\/wp-content\/uploads\/2025\/09\/viajes-a-Tokio-150x85.jpg 150w, https:\/\/eldigitaldeasturias.com\/radio\/wp-content\/uploads\/2025\/09\/viajes-a-Tokio-450x254.jpg 450w, https:\/\/eldigitaldeasturias.com\/radio\/wp-content\/uploads\/2025\/09\/viajes-a-Tokio.jpg 1038w\" sizes=\"(max-width: 650px) 100vw, 650px\" \/><figcaption id=\"caption-attachment-11119\" class=\"wp-caption-text\">Foto: 123rf.com<\/figcaption><\/figure>\n<p>.<\/p>\n<p>En octubre, la capital japonesa muestra su mejor clima (suave y seco) y el espect\u00e1culo del k\u014dy\u014d \u2014el cambio de color de los \u00e1rboles\u2014 en parques como Shinjuku Gyoen u Ueno. En diciembre, aunque navidad no es festivo tradicional, la ciudad despliega illuminations espectaculares en avenidas y centros comerciales, y se respira un ambiente rom\u00e1ntico y fotog\u00e9nico que desemboca en un fin de a\u00f1o de corte m\u00e1s espiritual: templos, campanadas y el primer rezo del a\u00f1o (hatsumode). T<strong>okio combina modernidad y calma: rascacielos, cultura pop, gastronom\u00eda de precisi\u00f3n y santuarios donde el tiempo parece pararse. Con buena planificaci\u00f3n \u2014transporte con tarjeta IC, datos en el m\u00f3vil y reservas\u2014 tendr\u00e1s una experiencia equilibrada entre lo ic\u00f3nico y lo local, sin perderte en su tama\u00f1o.<\/strong><\/p>\n<h2>Octubre en Tokio: k\u014dy\u014d, barrios y rituales cotidianos<\/h2>\n<p>El oto\u00f1o es una invitaci\u00f3n a caminar. Shinjuku Gyoen mezcla paisajismo franc\u00e9s, ingl\u00e9s y japon\u00e9s; Rikugien ofrece senderos entre arces rojos, y Meiji Jingu Gaien deslumbra con su avenida de ginkgos dorados. Si te apetece un respiro natural, Monte Takao (a 50 minutos en tren) regala vistas y hojas rojas con rutas sencillas.<\/p>\n<p>En lo urbano, alterna Shibuya (Mirador Shibuya Sky) con la elegancia de Omotesand\u014d, el anime en Akihabara y el dise\u00f1o de Daikanyama. La cocina oto\u00f1al brilla: soba nueva, setas, calabaza kabocha y dulces de temporada. Clima t\u00edpico: 15\u201322 \u00b0C; lleva capas y paraguas compacto por si acaso. Moverse es f\u00e1cil con Suica\/PASMO (tarjetas IC) y mapas offline. <strong>La cortes\u00eda local suma: habla en voz baja en tren, respeta colas y evita comer caminando en zonas concurridas.<\/strong><\/p>\n<h2>Diciembre y fin de a\u00f1o: luces, mercados y tradici\u00f3n<\/h2>\n<p>En diciembre, las illuminations son protagonistas: Roppongi Hills, Tokyo Midtown, Marunouchi o Caretta Shiodome crean t\u00faneles de luz perfectos para pasear al anochecer. <strong>Hay mercados navide\u00f1os inspirados en Europa (consulta Hibiya o Roppongi) con chocolate caliente y artesan\u00eda.<\/strong><\/p>\n<p>Aunque la navidad en Jap\u00f3n es m\u00e1s social\/rom\u00e1ntica que familiar, el ambiente es muy fotog\u00e9nico.<br \/>\nPara fin de a\u00f1o, la experiencia cambia: el foco pasa a lo espiritual. <strong>El 31 por la noche muchos templos hacen sonar la campana (Joya no Kane) 108 veces; el 1 de enero miles de personas realizan el hatsumode (primera visita del a\u00f1o) en santuarios como Meiji Jingu o Senso-ji. Es una oportunidad \u00fanica para entender la ciudad desde su calma.<\/strong><\/p>\n<p>Consejos pr\u00e1cticos: en diciembre hace fresco (5\u201312 \u00b0C); abrigo ligero, bufanda y buen calzado. Reserva miradores (Tokyo Skytree, Shibuya Sky) con antelaci\u00f3n. Lleva eSIM o pocket Wi-Fi para no depender de redes p\u00fablicas. Y combina lo ic\u00f3nico con barrios residenciales; en Tokio, lo extraordinario tambi\u00e9n est\u00e1 en los detalles cotidianos: una cafeter\u00eda de especialidad, una papeler\u00eda artesanal o un onsen urbano para cerrar el d\u00eda.<\/p>\n","protected":false},"excerpt":{"rendered":"<p>Pensar en viajes a Tokio en octubre, navidad o fin de a\u00f1o es descubrir dos caras complementarias: el oto\u00f1o de jardines dorados y paseos serenos, y el invierno de iluminaciones brillantes y tradiciones \u00fanicas . En octubre, la capital japonesa muestra su mejor clima (suave y seco) y el espect\u00e1culo del k\u014dy\u014d \u2014el cambio de<\/p>\n","protected":false},"author":1,"featured_media":11119,"comment_status":"closed","ping_status":"closed","sticky":false,"template":"","format":"standard","meta":{"footnotes":""},"categories":[34],"tags":[9],"class_list":{"0":"post-11118","1":"post","2":"type-post","3":"status-publish","4":"format-standard","5":"has-post-thumbnail","7":"category-turismo","8":"tag-turismo"},"aioseo_notices":[],"aioseo_head":"\n\t\t<!-- All in One SEO Pro 4.9.6.2 - aioseo.com -->\n\t<meta name=\"description\" content=\"Pensar en viajes a Tokio en octubre, navidad o fin de a\u00f1o es descubrir dos caras complementarias: el oto\u00f1o de jardines dorados y paseos serenos, y el invierno\" \/>\n\t<meta name=\"robots\" content=\"max-image-preview:large\" \/>\n\t<meta name=\"author\" content=\"NBAsturias\"\/>\n\t<meta name=\"google-site-verification\" content=\"UA-38556648-1\" \/>\n\t<meta name=\"keywords\" content=\"turismo\" \/>\n\t<link rel=\"canonical\" href=\"https:\/\/eldigitaldeasturias.com\/radio\/tokio-viajes-en-octubre-y-navidad-2025\/\" \/>\n\t<meta name=\"generator\" content=\"All in One SEO Pro (AIOSEO) 4.9.6.2\" \/>\n\t\t<meta property=\"og:locale\" content=\"es_ES\" \/>\n\t\t<meta property=\"og:site_name\" content=\"El Digital de Asturias | Diario de informaci\u00f3n y noticias\" \/>\n\t\t<meta property=\"og:type\" content=\"article\" \/>\n\t\t<meta property=\"og:title\" content=\"Tokio: viajes en octubre y Navidad 2025 | El Digital de Asturias\" \/>\n\t\t<meta property=\"og:description\" content=\"Pensar en viajes a Tokio en octubre, navidad o fin de a\u00f1o es descubrir dos caras complementarias: el oto\u00f1o de jardines dorados y paseos serenos, y el invierno\" \/>\n\t\t<meta property=\"og:url\" content=\"https:\/\/eldigitaldeasturias.com\/radio\/tokio-viajes-en-octubre-y-navidad-2025\/\" \/>\n\t\t<meta property=\"og:image\" content=\"https:\/\/eldigitaldeasturias.com\/radio\/wp-content\/uploads\/2025\/09\/viajes-a-Tokio.jpg\" \/>\n\t\t<meta property=\"og:image:secure_url\" content=\"https:\/\/eldigitaldeasturias.com\/radio\/wp-content\/uploads\/2025\/09\/viajes-a-Tokio.jpg\" \/>\n\t\t<meta property=\"og:image:width\" content=\"1038\" \/>\n\t\t<meta property=\"og:image:height\" content=\"585\" \/>\n\t\t<meta property=\"article:published_time\" content=\"2025-09-23T08:16:19+00:00\" \/>\n\t\t<meta property=\"article:modified_time\" content=\"2025-09-23T08:16:19+00:00\" \/>\n\t\t<meta name=\"twitter:card\" content=\"summary_large_image\" \/>\n\t\t<meta name=\"twitter:site\" content=\"@bercodi\" \/>\n\t\t<meta name=\"twitter:title\" content=\"Tokio: viajes en octubre y Navidad 2025 | El Digital de Asturias\" \/>\n\t\t<meta name=\"twitter:description\" content=\"Pensar en viajes a Tokio en octubre, navidad o fin de a\u00f1o es descubrir dos caras complementarias: el oto\u00f1o de jardines dorados y paseos serenos, y el invierno\" \/>\n\t\t<meta name=\"twitter:creator\" content=\"@bercodi\" \/>\n\t\t<meta name=\"twitter:image\" content=\"https:\/\/eldigitaldeasturias.com\/radio\/wp-content\/uploads\/2025\/09\/viajes-a-Tokio.jpg\" \/>\n\t\t<script type=\"application\/ld+json\" class=\"aioseo-schema\">\n\t\t\t{\"@context\":\"https:\\\/\\\/schema.org\",\"@graph\":[{\"@type\":\"BreadcrumbList\",\"@id\":\"https:\\\/\\\/eldigitaldeasturias.com\\\/radio\\\/tokio-viajes-en-octubre-y-navidad-2025\\\/#breadcrumblist\",\"itemListElement\":[{\"@type\":\"ListItem\",\"@id\":\"https:\\\/\\\/eldigitaldeasturias.com\\\/radio#listItem\",\"position\":1,\"name\":\"Inicio\",\"item\":\"https:\\\/\\\/eldigitaldeasturias.com\\\/radio\",\"nextItem\":{\"@type\":\"ListItem\",\"@id\":\"https:\\\/\\\/eldigitaldeasturias.com\\\/radio\\\/category\\\/turismo\\\/#listItem\",\"name\":\"Turismo\"}},{\"@type\":\"ListItem\",\"@id\":\"https:\\\/\\\/eldigitaldeasturias.com\\\/radio\\\/category\\\/turismo\\\/#listItem\",\"position\":2,\"name\":\"Turismo\",\"item\":\"https:\\\/\\\/eldigitaldeasturias.com\\\/radio\\\/category\\\/turismo\\\/\",\"nextItem\":{\"@type\":\"ListItem\",\"@id\":\"https:\\\/\\\/eldigitaldeasturias.com\\\/radio\\\/tokio-viajes-en-octubre-y-navidad-2025\\\/#listItem\",\"name\":\"Tokio: viajes en octubre y Navidad 2025\"},\"previousItem\":{\"@type\":\"ListItem\",\"@id\":\"https:\\\/\\\/eldigitaldeasturias.com\\\/radio#listItem\",\"name\":\"Inicio\"}},{\"@type\":\"ListItem\",\"@id\":\"https:\\\/\\\/eldigitaldeasturias.com\\\/radio\\\/tokio-viajes-en-octubre-y-navidad-2025\\\/#listItem\",\"position\":3,\"name\":\"Tokio: viajes en octubre y Navidad 2025\",\"previousItem\":{\"@type\":\"ListItem\",\"@id\":\"https:\\\/\\\/eldigitaldeasturias.com\\\/radio\\\/category\\\/turismo\\\/#listItem\",\"name\":\"Turismo\"}}]},{\"@type\":\"NewsArticle\",\"@id\":\"https:\\\/\\\/eldigitaldeasturias.com\\\/radio\\\/tokio-viajes-en-octubre-y-navidad-2025\\\/#newsarticle\",\"name\":\"Tokio: viajes en octubre y Navidad 2025 | El Digital de Asturias\",\"headline\":\"Tokio: viajes en octubre y Navidad 2025\",\"author\":{\"@id\":\"https:\\\/\\\/eldigitaldeasturias.com\\\/radio\\\/author\\\/nbasturias\\\/#author\"},\"publisher\":{\"@id\":\"https:\\\/\\\/eldigitaldeasturias.com\\\/radio\\\/#organization\"},\"image\":{\"@type\":\"ImageObject\",\"url\":\"https:\\\/\\\/eldigitaldeasturias.com\\\/radio\\\/wp-content\\\/uploads\\\/2025\\\/09\\\/viajes-a-Tokio.jpg\",\"width\":1038,\"height\":585,\"caption\":\"Foto: 123rf.com\"},\"datePublished\":\"2025-09-23T10:16:19+02:00\",\"dateModified\":\"2025-09-23T10:16:19+02:00\",\"inLanguage\":\"es-ES\",\"mainEntityOfPage\":{\"@id\":\"https:\\\/\\\/eldigitaldeasturias.com\\\/radio\\\/tokio-viajes-en-octubre-y-navidad-2025\\\/#webpage\"},\"isPartOf\":{\"@id\":\"https:\\\/\\\/eldigitaldeasturias.com\\\/radio\\\/tokio-viajes-en-octubre-y-navidad-2025\\\/#webpage\"},\"articleSection\":\"Turismo, turismo\",\"dateline\":\"Publicado el septiembre 23, 2025.\"},{\"@type\":\"Organization\",\"@id\":\"https:\\\/\\\/eldigitaldeasturias.com\\\/radio\\\/#organization\",\"name\":\"El digital de Asturias Radio\",\"description\":\"Diario de informaci\\u00f3n y noticias\",\"url\":\"https:\\\/\\\/eldigitaldeasturias.com\\\/radio\\\/\",\"telephone\":\"+34652131393\",\"logo\":{\"@type\":\"ImageObject\",\"url\":\"https:\\\/\\\/www.eldigitaldeasturias.com\\\/radio\\\/wp-content\\\/uploads\\\/2021\\\/03\\\/EDA.jpg\",\"@id\":\"https:\\\/\\\/eldigitaldeasturias.com\\\/radio\\\/tokio-viajes-en-octubre-y-navidad-2025\\\/#organizationLogo\"},\"image\":{\"@id\":\"https:\\\/\\\/eldigitaldeasturias.com\\\/radio\\\/tokio-viajes-en-octubre-y-navidad-2025\\\/#organizationLogo\"},\"sameAs\":[\"https:\\\/\\\/www.facebook.com\\\/\",\"https:\\\/\\\/x.com\\\/bercodi\",\"https:\\\/\\\/www.instagram.com\\\/\",\"https:\\\/\\\/www.youtube.com\\\/channel\\\/UCZP-2wLEB9Rv6erhFmqVnvg\"]},{\"@type\":\"Person\",\"@id\":\"https:\\\/\\\/eldigitaldeasturias.com\\\/radio\\\/author\\\/nbasturias\\\/#author\",\"url\":\"https:\\\/\\\/eldigitaldeasturias.com\\\/radio\\\/author\\\/nbasturias\\\/\",\"name\":\"NBAsturias\",\"image\":{\"@type\":\"ImageObject\",\"@id\":\"https:\\\/\\\/eldigitaldeasturias.com\\\/radio\\\/tokio-viajes-en-octubre-y-navidad-2025\\\/#authorImage\",\"url\":\"https:\\\/\\\/secure.gravatar.com\\\/avatar\\\/df2aeffc32bcd13f8d26072ef8a91b623d677766deac7f97ca815868cd41bf5e?s=96&d=mm&r=g\",\"width\":96,\"height\":96,\"caption\":\"NBAsturias\"}},{\"@type\":\"WebPage\",\"@id\":\"https:\\\/\\\/eldigitaldeasturias.com\\\/radio\\\/tokio-viajes-en-octubre-y-navidad-2025\\\/#webpage\",\"url\":\"https:\\\/\\\/eldigitaldeasturias.com\\\/radio\\\/tokio-viajes-en-octubre-y-navidad-2025\\\/\",\"name\":\"Tokio: viajes en octubre y Navidad 2025 | El Digital de Asturias\",\"description\":\"Pensar en viajes a Tokio en octubre, navidad o fin de a\\u00f1o es descubrir dos caras complementarias: el oto\\u00f1o de jardines dorados y paseos serenos, y el invierno\",\"inLanguage\":\"es-ES\",\"isPartOf\":{\"@id\":\"https:\\\/\\\/eldigitaldeasturias.com\\\/radio\\\/#website\"},\"breadcrumb\":{\"@id\":\"https:\\\/\\\/eldigitaldeasturias.com\\\/radio\\\/tokio-viajes-en-octubre-y-navidad-2025\\\/#breadcrumblist\"},\"author\":{\"@id\":\"https:\\\/\\\/eldigitaldeasturias.com\\\/radio\\\/author\\\/nbasturias\\\/#author\"},\"creator\":{\"@id\":\"https:\\\/\\\/eldigitaldeasturias.com\\\/radio\\\/author\\\/nbasturias\\\/#author\"},\"image\":{\"@type\":\"ImageObject\",\"url\":\"https:\\\/\\\/eldigitaldeasturias.com\\\/radio\\\/wp-content\\\/uploads\\\/2025\\\/09\\\/viajes-a-Tokio.jpg\",\"@id\":\"https:\\\/\\\/eldigitaldeasturias.com\\\/radio\\\/tokio-viajes-en-octubre-y-navidad-2025\\\/#mainImage\",\"width\":1038,\"height\":585,\"caption\":\"Foto: 123rf.com\"},\"primaryImageOfPage\":{\"@id\":\"https:\\\/\\\/eldigitaldeasturias.com\\\/radio\\\/tokio-viajes-en-octubre-y-navidad-2025\\\/#mainImage\"},\"datePublished\":\"2025-09-23T10:16:19+02:00\",\"dateModified\":\"2025-09-23T10:16:19+02:00\"},{\"@type\":\"WebSite\",\"@id\":\"https:\\\/\\\/eldigitaldeasturias.com\\\/radio\\\/#website\",\"url\":\"https:\\\/\\\/eldigitaldeasturias.com\\\/radio\\\/\",\"name\":\"El Digital de Asturias\",\"description\":\"Diario de informaci\\u00f3n y noticias\",\"inLanguage\":\"es-ES\",\"publisher\":{\"@id\":\"https:\\\/\\\/eldigitaldeasturias.com\\\/radio\\\/#organization\"}}]}\n\t\t<\/script>\n\t\t<!-- All in One SEO Pro -->\r\n\t\t<title>Tokio: viajes en octubre y Navidad 2025 | El Digital de Asturias<\/title>\n\n","aioseo_head_json":{"title":"Tokio: viajes en octubre y Navidad 2025 | El Digital de Asturias","description":"Pensar en viajes a Tokio en octubre, navidad o fin de a\u00f1o es descubrir dos caras complementarias: el oto\u00f1o de jardines dorados y paseos serenos, y el invierno","canonical_url":"https:\/\/eldigitaldeasturias.com\/radio\/tokio-viajes-en-octubre-y-navidad-2025\/","robots":"max-image-preview:large","keywords":"turismo","webmasterTools":{"google-site-verification":"UA-38556648-1","miscellaneous":""},"schema":{"@context":"https:\/\/schema.org","@graph":[{"@type":"BreadcrumbList","@id":"https:\/\/eldigitaldeasturias.com\/radio\/tokio-viajes-en-octubre-y-navidad-2025\/#breadcrumblist","itemListElement":[{"@type":"ListItem","@id":"https:\/\/eldigitaldeasturias.com\/radio#listItem","position":1,"name":"Inicio","item":"https:\/\/eldigitaldeasturias.com\/radio","nextItem":{"@type":"ListItem","@id":"https:\/\/eldigitaldeasturias.com\/radio\/category\/turismo\/#listItem","name":"Turismo"}},{"@type":"ListItem","@id":"https:\/\/eldigitaldeasturias.com\/radio\/category\/turismo\/#listItem","position":2,"name":"Turismo","item":"https:\/\/eldigitaldeasturias.com\/radio\/category\/turismo\/","nextItem":{"@type":"ListItem","@id":"https:\/\/eldigitaldeasturias.com\/radio\/tokio-viajes-en-octubre-y-navidad-2025\/#listItem","name":"Tokio: viajes en octubre y Navidad 2025"},"previousItem":{"@type":"ListItem","@id":"https:\/\/eldigitaldeasturias.com\/radio#listItem","name":"Inicio"}},{"@type":"ListItem","@id":"https:\/\/eldigitaldeasturias.com\/radio\/tokio-viajes-en-octubre-y-navidad-2025\/#listItem","position":3,"name":"Tokio: viajes en octubre y Navidad 2025","previousItem":{"@type":"ListItem","@id":"https:\/\/eldigitaldeasturias.com\/radio\/category\/turismo\/#listItem","name":"Turismo"}}]},{"@type":"NewsArticle","@id":"https:\/\/eldigitaldeasturias.com\/radio\/tokio-viajes-en-octubre-y-navidad-2025\/#newsarticle","name":"Tokio: viajes en octubre y Navidad 2025 | El Digital de Asturias","headline":"Tokio: viajes en octubre y Navidad 2025","author":{"@id":"https:\/\/eldigitaldeasturias.com\/radio\/author\/nbasturias\/#author"},"publisher":{"@id":"https:\/\/eldigitaldeasturias.com\/radio\/#organization"},"image":{"@type":"ImageObject","url":"https:\/\/eldigitaldeasturias.com\/radio\/wp-content\/uploads\/2025\/09\/viajes-a-Tokio.jpg","width":1038,"height":585,"caption":"Foto: 123rf.com"},"datePublished":"2025-09-23T10:16:19+02:00","dateModified":"2025-09-23T10:16:19+02:00","inLanguage":"es-ES","mainEntityOfPage":{"@id":"https:\/\/eldigitaldeasturias.com\/radio\/tokio-viajes-en-octubre-y-navidad-2025\/#webpage"},"isPartOf":{"@id":"https:\/\/eldigitaldeasturias.com\/radio\/tokio-viajes-en-octubre-y-navidad-2025\/#webpage"},"articleSection":"Turismo, turismo","dateline":"Publicado el septiembre 23, 2025."},{"@type":"Organization","@id":"https:\/\/eldigitaldeasturias.com\/radio\/#organization","name":"El digital de Asturias Radio","description":"Diario de informaci\u00f3n y noticias","url":"https:\/\/eldigitaldeasturias.com\/radio\/","telephone":"+34652131393","logo":{"@type":"ImageObject","url":"https:\/\/www.eldigitaldeasturias.com\/radio\/wp-content\/uploads\/2021\/03\/EDA.jpg","@id":"https:\/\/eldigitaldeasturias.com\/radio\/tokio-viajes-en-octubre-y-navidad-2025\/#organizationLogo"},"image":{"@id":"https:\/\/eldigitaldeasturias.com\/radio\/tokio-viajes-en-octubre-y-navidad-2025\/#organizationLogo"},"sameAs":["https:\/\/www.facebook.com\/","https:\/\/x.com\/bercodi","https:\/\/www.instagram.com\/","https:\/\/www.youtube.com\/channel\/UCZP-2wLEB9Rv6erhFmqVnvg"]},{"@type":"Person","@id":"https:\/\/eldigitaldeasturias.com\/radio\/author\/nbasturias\/#author","url":"https:\/\/eldigitaldeasturias.com\/radio\/author\/nbasturias\/","name":"NBAsturias","image":{"@type":"ImageObject","@id":"https:\/\/eldigitaldeasturias.com\/radio\/tokio-viajes-en-octubre-y-navidad-2025\/#authorImage","url":"https:\/\/secure.gravatar.com\/avatar\/df2aeffc32bcd13f8d26072ef8a91b623d677766deac7f97ca815868cd41bf5e?s=96&d=mm&r=g","width":96,"height":96,"caption":"NBAsturias"}},{"@type":"WebPage","@id":"https:\/\/eldigitaldeasturias.com\/radio\/tokio-viajes-en-octubre-y-navidad-2025\/#webpage","url":"https:\/\/eldigitaldeasturias.com\/radio\/tokio-viajes-en-octubre-y-navidad-2025\/","name":"Tokio: viajes en octubre y Navidad 2025 | El Digital de Asturias","description":"Pensar en viajes a Tokio en octubre, navidad o fin de a\u00f1o es descubrir dos caras complementarias: el oto\u00f1o de jardines dorados y paseos serenos, y el invierno","inLanguage":"es-ES","isPartOf":{"@id":"https:\/\/eldigitaldeasturias.com\/radio\/#website"},"breadcrumb":{"@id":"https:\/\/eldigitaldeasturias.com\/radio\/tokio-viajes-en-octubre-y-navidad-2025\/#breadcrumblist"},"author":{"@id":"https:\/\/eldigitaldeasturias.com\/radio\/author\/nbasturias\/#author"},"creator":{"@id":"https:\/\/eldigitaldeasturias.com\/radio\/author\/nbasturias\/#author"},"image":{"@type":"ImageObject","url":"https:\/\/eldigitaldeasturias.com\/radio\/wp-content\/uploads\/2025\/09\/viajes-a-Tokio.jpg","@id":"https:\/\/eldigitaldeasturias.com\/radio\/tokio-viajes-en-octubre-y-navidad-2025\/#mainImage","width":1038,"height":585,"caption":"Foto: 123rf.com"},"primaryImageOfPage":{"@id":"https:\/\/eldigitaldeasturias.com\/radio\/tokio-viajes-en-octubre-y-navidad-2025\/#mainImage"},"datePublished":"2025-09-23T10:16:19+02:00","dateModified":"2025-09-23T10:16:19+02:00"},{"@type":"WebSite","@id":"https:\/\/eldigitaldeasturias.com\/radio\/#website","url":"https:\/\/eldigitaldeasturias.com\/radio\/","name":"El Digital de Asturias","description":"Diario de informaci\u00f3n y noticias","inLanguage":"es-ES","publisher":{"@id":"https:\/\/eldigitaldeasturias.com\/radio\/#organization"}}]},"og:locale":"es_ES","og:site_name":"El Digital de Asturias | Diario de informaci\u00f3n y noticias","og:type":"article","og:title":"Tokio: viajes en octubre y Navidad 2025 | El Digital de Asturias","og:description":"Pensar en viajes a Tokio en octubre, navidad o fin de a\u00f1o es descubrir dos caras complementarias: el oto\u00f1o de jardines dorados y paseos serenos, y el invierno","og:url":"https:\/\/eldigitaldeasturias.com\/radio\/tokio-viajes-en-octubre-y-navidad-2025\/","og:image":"https:\/\/eldigitaldeasturias.com\/radio\/wp-content\/uploads\/2025\/09\/viajes-a-Tokio.jpg","og:image:secure_url":"https:\/\/eldigitaldeasturias.com\/radio\/wp-content\/uploads\/2025\/09\/viajes-a-Tokio.jpg","og:image:width":1038,"og:image:height":585,"article:published_time":"2025-09-23T08:16:19+00:00","article:modified_time":"2025-09-23T08:16:19+00:00","twitter:card":"summary_large_image","twitter:site":"@bercodi","twitter:title":"Tokio: viajes en octubre y Navidad 2025 | El Digital de Asturias","twitter:description":"Pensar en viajes a Tokio en octubre, navidad o fin de a\u00f1o es descubrir dos caras complementarias: el oto\u00f1o de jardines dorados y paseos serenos, y el invierno","twitter:creator":"@bercodi","twitter:image":"https:\/\/eldigitaldeasturias.com\/radio\/wp-content\/uploads\/2025\/09\/viajes-a-Tokio.jpg"},"aioseo_meta_data":{"post_id":"11118","title":null,"description":"Pensar en viajes a Tokio en octubre, navidad o fin de a\u00f1o es descubrir dos caras complementarias: el oto\u00f1o de jardines dorados y paseos serenos, y el invierno","keywords":null,"keyphrases":{"focus":{"keyphrase":"Tokio","score":100,"analysis":{"keyphraseInTitle":{"score":9,"maxScore":9,"error":0},"keyphraseInDescription":{"score":9,"maxScore":9,"error":0},"keyphraseLength":{"score":9,"maxScore":9,"error":0,"length":1},"keyphraseInURL":{"score":5,"maxScore":5,"error":0},"keyphraseInIntroduction":{"score":9,"maxScore":9,"error":0},"keyphraseInSubHeadings":{"score":9,"maxScore":9,"error":0},"keyphraseInImageAlt":{"score":9,"maxScore":9,"error":0},"keywordDensity":{"type":"best","score":9,"maxScore":9,"error":0}}},"additional":[{"keyphrase":"viajes a Tokio","score":80,"analysis":{"keyphraseInDescription":{"score":9,"maxScore":9,"error":0},"keyphraseLength":{"score":9,"maxScore":9,"error":0,"length":3},"keyphraseInIntroduction":{"score":9,"maxScore":9,"error":0},"keyphraseInImageAlt":{"score":9,"maxScore":9,"error":0},"keywordDensity":{"score":0,"type":"low","maxScore":9,"error":1}}}]},"primary_term":null,"canonical_url":null,"og_title":null,"og_description":null,"og_object_type":"default","og_image_type":"default","og_image_url":null,"og_image_width":null,"og_image_height":null,"og_image_custom_url":null,"og_image_custom_fields":null,"og_video":"","og_custom_url":null,"og_article_section":null,"og_article_tags":null,"twitter_use_og":false,"twitter_card":"default","twitter_image_type":"default","twitter_image_url":null,"twitter_image_custom_url":null,"twitter_image_custom_fields":null,"twitter_title":null,"twitter_description":null,"schema":{"blockGraphs":[],"customGraphs":[],"default":{"data":{"Article":[],"Course":[],"Dataset":[],"FAQPage":[],"Movie":[],"Person":[],"Product":[],"ProductReview":[],"Car":[],"Recipe":[],"Service":[],"SoftwareApplication":[],"WebPage":[]},"graphName":"NewsArticle","isEnabled":true},"graphs":[]},"schema_type":"default","schema_type_options":null,"pillar_content":false,"robots_default":true,"robots_noindex":false,"robots_noarchive":false,"robots_nosnippet":false,"robots_nofollow":false,"robots_noimageindex":false,"robots_noodp":false,"robots_notranslate":false,"robots_max_snippet":"-1","robots_max_videopreview":"-1","robots_max_imagepreview":"large","priority":null,"frequency":"default","location":null,"local_seo":null,"seo_analyzer_scan_date":"2025-09-23 08:23:53","breadcrumb_settings":null,"limit_modified_date":false,"open_ai":null,"ai":{"faqs":[],"keyPoints":[],"titles":[],"descriptions":[],"socialPosts":{"email":[],"linkedin":[],"twitter":[],"facebook":[],"instagram":[]}},"created":"2025-09-23 08:08:39","updated":"2025-09-23 08:23:53"},"aioseo_breadcrumb":"<div class=\"aioseo-breadcrumbs\"><span class=\"aioseo-breadcrumb\">\n\t<a href=\"https:\/\/eldigitaldeasturias.com\/radio\" title=\"Inicio\">Inicio<\/a>\n<\/span><span class=\"aioseo-breadcrumb-separator\">&ndash;<\/span><span class=\"aioseo-breadcrumb\">\n\t<a href=\"https:\/\/eldigitaldeasturias.com\/radio\/category\/turismo\/\" title=\"Turismo\">Turismo<\/a>\n<\/span><span class=\"aioseo-breadcrumb-separator\">&ndash;<\/span><span class=\"aioseo-breadcrumb\">\n\tTokio: viajes en octubre y Navidad 2025\n<\/span><\/div>","aioseo_breadcrumb_json":[{"label":"Inicio","link":"https:\/\/eldigitaldeasturias.com\/radio"},{"label":"Turismo","link":"https:\/\/eldigitaldeasturias.com\/radio\/category\/turismo\/"},{"label":"Tokio: viajes en octubre y Navidad 2025","link":"https:\/\/eldigitaldeasturias.com\/radio\/tokio-viajes-en-octubre-y-navidad-2025\/"}],"_links":{"self":[{"href":"https:\/\/eldigitaldeasturias.com\/radio\/wp-json\/wp\/v2\/posts\/11118","targetHints":{"allow":["GET"]}}],"collection":[{"href":"https:\/\/eldigitaldeasturias.com\/radio\/wp-json\/wp\/v2\/posts"}],"about":[{"href":"https:\/\/eldigitaldeasturias.com\/radio\/wp-json\/wp\/v2\/types\/post"}],"author":[{"embeddable":true,"href":"https:\/\/eldigitaldeasturias.com\/radio\/wp-json\/wp\/v2\/users\/1"}],"replies":[{"embeddable":true,"href":"https:\/\/eldigitaldeasturias.com\/radio\/wp-json\/wp\/v2\/comments?post=11118"}],"version-history":[{"count":0,"href":"https:\/\/eldigitaldeasturias.com\/radio\/wp-json\/wp\/v2\/posts\/11118\/revisions"}],"wp:featuredmedia":[{"embeddable":true,"href":"https:\/\/eldigitaldeasturias.com\/radio\/wp-json\/wp\/v2\/media\/11119"}],"wp:attachment":[{"href":"https:\/\/eldigitaldeasturias.com\/radio\/wp-json\/wp\/v2\/media?parent=11118"}],"wp:term":[{"taxonomy":"category","embeddable":true,"href":"https:\/\/eldigitaldeasturias.com\/radio\/wp-json\/wp\/v2\/categories?post=11118"},{"taxonomy":"post_tag","embeddable":true,"href":"https:\/\/eldigitaldeasturias.com\/radio\/wp-json\/wp\/v2\/tags?post=11118"}],"curies":[{"name":"wp","href":"https:\/\/api.w.org\/{rel}","templated":true}]}}