{"id":11096,"date":"2025-09-22T12:49:11","date_gmt":"2025-09-22T10:49:11","guid":{"rendered":"https:\/\/eldigitaldeasturias.com\/radio\/?p=11096"},"modified":"2025-09-22T12:49:11","modified_gmt":"2025-09-22T10:49:11","slug":"movilidad-sostenible-retos-y-oportunidades-en-el-norte-de-espana","status":"publish","type":"post","link":"https:\/\/eldigitaldeasturias.com\/radio\/movilidad-sostenible-retos-y-oportunidades-en-el-norte-de-espana\/","title":{"rendered":"Movilidad sostenible: retos y oportunidades en el norte de Espa\u00f1a"},"content":{"rendered":"<p>La movilidad sostenible se ha convertido en uno de los ejes principales de las pol\u00edticas p\u00fablicas en Espa\u00f1a. En el norte, con comunidades como <a href=\"https:\/\/eldigitaldeasturias.com\/radio\/category\/actualidad-asturias\/\"><span style=\"color: #ff6600;\"><strong>Asturias<\/strong><\/span><\/a>, Galicia, Cantabria y el Pa\u00eds Vasco, los retos se multiplican debido a su orograf\u00eda, dispersi\u00f3n poblacional y particularidades urbanas. Sin embargo, estos territorios tambi\u00e9n cuentan con oportunidades para liderar un cambio hacia un transporte m\u00e1s limpio, eficiente y adaptado a las necesidades ciudadanas.<\/p>\n<figure id=\"attachment_11097\" aria-describedby=\"caption-attachment-11097\" style=\"width: 650px\" class=\"wp-caption aligncenter\"><img fetchpriority=\"high\" decoding=\"async\" class=\"size-large wp-image-11097\" src=\"https:\/\/eldigitaldeasturias.com\/radio\/wp-content\/uploads\/2025\/09\/movilidad-sostenible-650x439.jpg\" alt=\"movilidad sostenible\" width=\"650\" height=\"439\" srcset=\"https:\/\/eldigitaldeasturias.com\/radio\/wp-content\/uploads\/2025\/09\/movilidad-sostenible-650x439.jpg 650w, https:\/\/eldigitaldeasturias.com\/radio\/wp-content\/uploads\/2025\/09\/movilidad-sostenible-360x243.jpg 360w, https:\/\/eldigitaldeasturias.com\/radio\/wp-content\/uploads\/2025\/09\/movilidad-sostenible-768x518.jpg 768w, https:\/\/eldigitaldeasturias.com\/radio\/wp-content\/uploads\/2025\/09\/movilidad-sostenible-150x101.jpg 150w, https:\/\/eldigitaldeasturias.com\/radio\/wp-content\/uploads\/2025\/09\/movilidad-sostenible-450x304.jpg 450w, https:\/\/eldigitaldeasturias.com\/radio\/wp-content\/uploads\/2025\/09\/movilidad-sostenible.jpg 1021w\" sizes=\"(max-width: 650px) 100vw, 650px\" \/><figcaption id=\"caption-attachment-11097\" class=\"wp-caption-text\">Foto: 123rf.com<\/figcaption><\/figure>\n<h2>El contexto en el norte<\/h2>\n<p>Las ciudades del norte de Espa\u00f1a, como Oviedo, Gij\u00f3n, Santander o Bilbao, concentran gran parte del tr\u00e1fico rodado, con los problemas de contaminaci\u00f3n y congesti\u00f3n que ello supone. En paralelo, los entornos rurales y las peque\u00f1as localidades presentan un escenario muy distinto: falta de transporte p\u00fablico frecuente, necesidad de veh\u00edculo privado y riesgo de aislamiento para parte de la poblaci\u00f3n, especialmente personas mayores.<\/p>\n<blockquote><p>Este contraste hace que las pol\u00edticas de movilidad tengan que ser m\u00e1s flexibles y adaptadas al territorio, combinando soluciones urbanas y rurales.<\/p><\/blockquote>\n<h2>Retos principales<\/h2>\n<p>Entre los grandes desaf\u00edos que afronta el norte de Espa\u00f1a en materia de movilidad destacan:<\/p>\n<ul>\n<li>Reducir la dependencia del coche privado en ciudades medianas y peque\u00f1as, donde todav\u00eda es el medio de transporte m\u00e1s utilizado.<\/li>\n<li>Impulsar el transporte p\u00fablico, con m\u00e1s frecuencias, mejor coordinaci\u00f3n entre tren y autob\u00fas, y tarifas asequibles.<\/li>\n<li>Apostar por infraestructuras ciclistas y peatonales, que en muchos lugares son todav\u00eda insuficientes o discontinuas.<\/li>\n<li>Superar las limitaciones geogr\u00e1ficas, ya que la orograf\u00eda del norte dificulta tanto el trazado de nuevas carreteras como la implantaci\u00f3n de redes ferroviarias r\u00e1pidas.<\/li>\n<\/ul>\n<h2>Oportunidades de transformaci\u00f3n<\/h2>\n<p>Pese a los retos, el norte de Espa\u00f1a cuenta con un gran potencial para liderar la transici\u00f3n hacia una movilidad m\u00e1s sostenible. Algunas de las claves son:<\/p>\n<ul>\n<li>Ferrocarril de cercan\u00edas y media distancia: proyectos de modernizaci\u00f3n como el Plan de Cercan\u00edas en Asturias y Cantabria pueden mejorar la conexi\u00f3n entre ciudades y reducir el uso del coche.<\/li>\n<li>Electromovilidad: la red de puntos de recarga para veh\u00edculos el\u00e9ctricos est\u00e1 en expansi\u00f3n, lo que puede impulsar la adopci\u00f3n de coches menos contaminantes.<\/li>\n<li>Movilidad compartida: el uso de servicios como el carsharing o el motosharing puede ser especialmente \u00fatil en ciudades medianas y tur\u00edsticas.<\/li>\n<li>Fondos europeos: programas como los Next Generation EU ofrecen financiaci\u00f3n para proyectos de transporte sostenible, desde autobuses el\u00e9ctricos hasta planes de movilidad urbana.<\/li>\n<\/ul>\n<h2>Asturias como ejemplo<\/h2>\n<p>En Asturias, el <span style=\"color: #ff6600;\"><a style=\"color: #ff6600;\" href=\"https:\/\/actualidad.asturias.es\/\" target=\"_blank\" rel=\"noopener\"><strong>Gobierno del Principado<\/strong><\/a><\/span> y los ayuntamientos est\u00e1n impulsando medidas como el refuerzo del transporte p\u00fablico, la ampliaci\u00f3n de carriles bici y la mejora de la red ferroviaria. Ciudades como Gij\u00f3n han apostado por autobuses el\u00e9ctricos, mientras que en concejos como Carre\u00f1o los vecinos demandan m\u00e1s opciones de transporte interurbano que conecten de manera eficiente <a href=\"https:\/\/candas365.es\/noticias\/category\/noticias-carreno\/\" target=\"_blank\" rel=\"noopener\"><span style=\"color: #ff6600;\"><strong>Cand\u00e1s<\/strong><\/span><\/a> con Oviedo y Gij\u00f3n.<\/p>\n<p>El futuro de la movilidad en el norte de Espa\u00f1a pasa por integrar sostenibilidad y accesibilidad. Se trata no solo de reducir emisiones, sino de garantizar que todos los ciudadanos \u2014en ciudades o en zonas rurales\u2014 puedan desplazarse de manera eficiente, segura y asequible.<\/p>\n<p>La transici\u00f3n hacia un modelo m\u00e1s verde no ser\u00e1 inmediata, pero con inversi\u00f3n, innovaci\u00f3n y planificaci\u00f3n territorial, el norte de Espa\u00f1a puede convertirse en un referente de movilidad sostenible y equilibrada.<\/p>\n","protected":false},"excerpt":{"rendered":"<p>La movilidad sostenible se ha convertido en uno de los ejes principales de las pol\u00edticas p\u00fablicas en Espa\u00f1a. En el norte, con comunidades como Asturias, Galicia, Cantabria y el Pa\u00eds Vasco, los retos se multiplican debido a su orograf\u00eda, dispersi\u00f3n poblacional y particularidades urbanas. Sin embargo, estos territorios tambi\u00e9n cuentan con oportunidades para liderar un<\/p>\n","protected":false},"author":1,"featured_media":11097,"comment_status":"closed","ping_status":"closed","sticky":false,"template":"","format":"standard","meta":{"footnotes":""},"categories":[1],"tags":[45],"class_list":{"0":"post-11096","1":"post","2":"type-post","3":"status-publish","4":"format-standard","5":"has-post-thumbnail","7":"category-noticias","8":"tag-sociedad"},"aioseo_notices":[],"aioseo_head":"\n\t\t<!-- All in One SEO Pro 4.9.6.2 - aioseo.com -->\n\t<meta name=\"description\" content=\"La movilidad sostenible se ha convertido en uno de los ejes principales de las pol\u00edticas p\u00fablicas en Espa\u00f1a. En el norte, con comunidades como Asturias\" \/>\n\t<meta name=\"robots\" content=\"max-image-preview:large\" \/>\n\t<meta name=\"author\" content=\"NBAsturias\"\/>\n\t<meta name=\"google-site-verification\" content=\"UA-38556648-1\" \/>\n\t<meta name=\"keywords\" content=\"noticias\" \/>\n\t<link rel=\"canonical\" href=\"https:\/\/eldigitaldeasturias.com\/radio\/movilidad-sostenible-retos-y-oportunidades-en-el-norte-de-espana\/\" \/>\n\t<meta name=\"generator\" content=\"All in One SEO Pro (AIOSEO) 4.9.6.2\" \/>\n\t\t<meta property=\"og:locale\" content=\"es_ES\" \/>\n\t\t<meta property=\"og:site_name\" content=\"El Digital de Asturias | Diario de informaci\u00f3n y noticias\" \/>\n\t\t<meta property=\"og:type\" content=\"article\" \/>\n\t\t<meta property=\"og:title\" content=\"Movilidad sostenible: retos y oportunidades en el norte de Espa\u00f1a | El Digital de Asturias\" \/>\n\t\t<meta property=\"og:description\" content=\"La movilidad sostenible se ha convertido en uno de los ejes principales de las pol\u00edticas p\u00fablicas en Espa\u00f1a. En el norte, con comunidades como Asturias\" \/>\n\t\t<meta property=\"og:url\" content=\"https:\/\/eldigitaldeasturias.com\/radio\/movilidad-sostenible-retos-y-oportunidades-en-el-norte-de-espana\/\" \/>\n\t\t<meta property=\"og:image\" content=\"https:\/\/eldigitaldeasturias.com\/radio\/wp-content\/uploads\/2025\/09\/movilidad-sostenible.jpg\" \/>\n\t\t<meta property=\"og:image:secure_url\" content=\"https:\/\/eldigitaldeasturias.com\/radio\/wp-content\/uploads\/2025\/09\/movilidad-sostenible.jpg\" \/>\n\t\t<meta property=\"og:image:width\" content=\"1021\" \/>\n\t\t<meta property=\"og:image:height\" content=\"689\" \/>\n\t\t<meta property=\"article:published_time\" content=\"2025-09-22T10:49:11+00:00\" \/>\n\t\t<meta property=\"article:modified_time\" content=\"2025-09-22T10:49:11+00:00\" \/>\n\t\t<meta name=\"twitter:card\" content=\"summary_large_image\" \/>\n\t\t<meta name=\"twitter:site\" content=\"@bercodi\" \/>\n\t\t<meta name=\"twitter:title\" content=\"Movilidad sostenible: retos y oportunidades en el norte de Espa\u00f1a | El Digital de Asturias\" \/>\n\t\t<meta name=\"twitter:description\" content=\"La movilidad sostenible se ha convertido en uno de los ejes principales de las pol\u00edticas p\u00fablicas en Espa\u00f1a. En el norte, con comunidades como Asturias\" \/>\n\t\t<meta name=\"twitter:creator\" content=\"@bercodi\" \/>\n\t\t<meta name=\"twitter:image\" content=\"https:\/\/eldigitaldeasturias.com\/radio\/wp-content\/uploads\/2025\/09\/movilidad-sostenible.jpg\" \/>\n\t\t<script type=\"application\/ld+json\" class=\"aioseo-schema\">\n\t\t\t{\"@context\":\"https:\\\/\\\/schema.org\",\"@graph\":[{\"@type\":\"BreadcrumbList\",\"@id\":\"https:\\\/\\\/eldigitaldeasturias.com\\\/radio\\\/movilidad-sostenible-retos-y-oportunidades-en-el-norte-de-espana\\\/#breadcrumblist\",\"itemListElement\":[{\"@type\":\"ListItem\",\"@id\":\"https:\\\/\\\/eldigitaldeasturias.com\\\/radio#listItem\",\"position\":1,\"name\":\"Inicio\",\"item\":\"https:\\\/\\\/eldigitaldeasturias.com\\\/radio\",\"nextItem\":{\"@type\":\"ListItem\",\"@id\":\"https:\\\/\\\/eldigitaldeasturias.com\\\/radio\\\/category\\\/noticias\\\/#listItem\",\"name\":\"Noticias\"}},{\"@type\":\"ListItem\",\"@id\":\"https:\\\/\\\/eldigitaldeasturias.com\\\/radio\\\/category\\\/noticias\\\/#listItem\",\"position\":2,\"name\":\"Noticias\",\"item\":\"https:\\\/\\\/eldigitaldeasturias.com\\\/radio\\\/category\\\/noticias\\\/\",\"nextItem\":{\"@type\":\"ListItem\",\"@id\":\"https:\\\/\\\/eldigitaldeasturias.com\\\/radio\\\/movilidad-sostenible-retos-y-oportunidades-en-el-norte-de-espana\\\/#listItem\",\"name\":\"Movilidad sostenible: retos y oportunidades en el norte de Espa\\u00f1a\"},\"previousItem\":{\"@type\":\"ListItem\",\"@id\":\"https:\\\/\\\/eldigitaldeasturias.com\\\/radio#listItem\",\"name\":\"Inicio\"}},{\"@type\":\"ListItem\",\"@id\":\"https:\\\/\\\/eldigitaldeasturias.com\\\/radio\\\/movilidad-sostenible-retos-y-oportunidades-en-el-norte-de-espana\\\/#listItem\",\"position\":3,\"name\":\"Movilidad sostenible: retos y oportunidades en el norte de Espa\\u00f1a\",\"previousItem\":{\"@type\":\"ListItem\",\"@id\":\"https:\\\/\\\/eldigitaldeasturias.com\\\/radio\\\/category\\\/noticias\\\/#listItem\",\"name\":\"Noticias\"}}]},{\"@type\":\"NewsArticle\",\"@id\":\"https:\\\/\\\/eldigitaldeasturias.com\\\/radio\\\/movilidad-sostenible-retos-y-oportunidades-en-el-norte-de-espana\\\/#newsarticle\",\"name\":\"Movilidad sostenible: retos y oportunidades en el norte de Espa\\u00f1a | El Digital de Asturias\",\"headline\":\"Movilidad sostenible: retos y oportunidades en el norte de Espa\\u00f1a\",\"author\":{\"@id\":\"https:\\\/\\\/eldigitaldeasturias.com\\\/radio\\\/author\\\/nbasturias\\\/#author\"},\"publisher\":{\"@id\":\"https:\\\/\\\/eldigitaldeasturias.com\\\/radio\\\/#organization\"},\"image\":{\"@type\":\"ImageObject\",\"url\":\"https:\\\/\\\/eldigitaldeasturias.com\\\/radio\\\/wp-content\\\/uploads\\\/2025\\\/09\\\/movilidad-sostenible.jpg\",\"width\":1021,\"height\":689,\"caption\":\"Foto: 123rf.com\"},\"datePublished\":\"2025-09-22T12:49:11+02:00\",\"dateModified\":\"2025-09-22T12:49:11+02:00\",\"inLanguage\":\"es-ES\",\"mainEntityOfPage\":{\"@id\":\"https:\\\/\\\/eldigitaldeasturias.com\\\/radio\\\/movilidad-sostenible-retos-y-oportunidades-en-el-norte-de-espana\\\/#webpage\"},\"isPartOf\":{\"@id\":\"https:\\\/\\\/eldigitaldeasturias.com\\\/radio\\\/movilidad-sostenible-retos-y-oportunidades-en-el-norte-de-espana\\\/#webpage\"},\"articleSection\":\"Noticias, Sociedad\",\"dateline\":\"Publicado el septiembre 22, 2025.\"},{\"@type\":\"Organization\",\"@id\":\"https:\\\/\\\/eldigitaldeasturias.com\\\/radio\\\/#organization\",\"name\":\"El digital de Asturias Radio\",\"description\":\"Diario de informaci\\u00f3n y noticias\",\"url\":\"https:\\\/\\\/eldigitaldeasturias.com\\\/radio\\\/\",\"telephone\":\"+34652131393\",\"logo\":{\"@type\":\"ImageObject\",\"url\":\"https:\\\/\\\/www.eldigitaldeasturias.com\\\/radio\\\/wp-content\\\/uploads\\\/2021\\\/03\\\/EDA.jpg\",\"@id\":\"https:\\\/\\\/eldigitaldeasturias.com\\\/radio\\\/movilidad-sostenible-retos-y-oportunidades-en-el-norte-de-espana\\\/#organizationLogo\"},\"image\":{\"@id\":\"https:\\\/\\\/eldigitaldeasturias.com\\\/radio\\\/movilidad-sostenible-retos-y-oportunidades-en-el-norte-de-espana\\\/#organizationLogo\"},\"sameAs\":[\"https:\\\/\\\/www.facebook.com\\\/\",\"https:\\\/\\\/x.com\\\/bercodi\",\"https:\\\/\\\/www.instagram.com\\\/\",\"https:\\\/\\\/www.youtube.com\\\/channel\\\/UCZP-2wLEB9Rv6erhFmqVnvg\"]},{\"@type\":\"Person\",\"@id\":\"https:\\\/\\\/eldigitaldeasturias.com\\\/radio\\\/author\\\/nbasturias\\\/#author\",\"url\":\"https:\\\/\\\/eldigitaldeasturias.com\\\/radio\\\/author\\\/nbasturias\\\/\",\"name\":\"NBAsturias\",\"image\":{\"@type\":\"ImageObject\",\"@id\":\"https:\\\/\\\/eldigitaldeasturias.com\\\/radio\\\/movilidad-sostenible-retos-y-oportunidades-en-el-norte-de-espana\\\/#authorImage\",\"url\":\"https:\\\/\\\/secure.gravatar.com\\\/avatar\\\/df2aeffc32bcd13f8d26072ef8a91b623d677766deac7f97ca815868cd41bf5e?s=96&d=mm&r=g\",\"width\":96,\"height\":96,\"caption\":\"NBAsturias\"}},{\"@type\":\"WebPage\",\"@id\":\"https:\\\/\\\/eldigitaldeasturias.com\\\/radio\\\/movilidad-sostenible-retos-y-oportunidades-en-el-norte-de-espana\\\/#webpage\",\"url\":\"https:\\\/\\\/eldigitaldeasturias.com\\\/radio\\\/movilidad-sostenible-retos-y-oportunidades-en-el-norte-de-espana\\\/\",\"name\":\"Movilidad sostenible: retos y oportunidades en el norte de Espa\\u00f1a | El Digital de Asturias\",\"description\":\"La movilidad sostenible se ha convertido en uno de los ejes principales de las pol\\u00edticas p\\u00fablicas en Espa\\u00f1a. En el norte, con comunidades como Asturias\",\"inLanguage\":\"es-ES\",\"isPartOf\":{\"@id\":\"https:\\\/\\\/eldigitaldeasturias.com\\\/radio\\\/#website\"},\"breadcrumb\":{\"@id\":\"https:\\\/\\\/eldigitaldeasturias.com\\\/radio\\\/movilidad-sostenible-retos-y-oportunidades-en-el-norte-de-espana\\\/#breadcrumblist\"},\"author\":{\"@id\":\"https:\\\/\\\/eldigitaldeasturias.com\\\/radio\\\/author\\\/nbasturias\\\/#author\"},\"creator\":{\"@id\":\"https:\\\/\\\/eldigitaldeasturias.com\\\/radio\\\/author\\\/nbasturias\\\/#author\"},\"image\":{\"@type\":\"ImageObject\",\"url\":\"https:\\\/\\\/eldigitaldeasturias.com\\\/radio\\\/wp-content\\\/uploads\\\/2025\\\/09\\\/movilidad-sostenible.jpg\",\"@id\":\"https:\\\/\\\/eldigitaldeasturias.com\\\/radio\\\/movilidad-sostenible-retos-y-oportunidades-en-el-norte-de-espana\\\/#mainImage\",\"width\":1021,\"height\":689,\"caption\":\"Foto: 123rf.com\"},\"primaryImageOfPage\":{\"@id\":\"https:\\\/\\\/eldigitaldeasturias.com\\\/radio\\\/movilidad-sostenible-retos-y-oportunidades-en-el-norte-de-espana\\\/#mainImage\"},\"datePublished\":\"2025-09-22T12:49:11+02:00\",\"dateModified\":\"2025-09-22T12:49:11+02:00\"},{\"@type\":\"WebSite\",\"@id\":\"https:\\\/\\\/eldigitaldeasturias.com\\\/radio\\\/#website\",\"url\":\"https:\\\/\\\/eldigitaldeasturias.com\\\/radio\\\/\",\"name\":\"El Digital de Asturias\",\"description\":\"Diario de informaci\\u00f3n y noticias\",\"inLanguage\":\"es-ES\",\"publisher\":{\"@id\":\"https:\\\/\\\/eldigitaldeasturias.com\\\/radio\\\/#organization\"}}]}\n\t\t<\/script>\n\t\t<!-- All in One SEO Pro -->\r\n\t\t<title>Movilidad sostenible: retos y oportunidades en el norte de Espa\u00f1a | El Digital de Asturias<\/title>\n\n","aioseo_head_json":{"title":"Movilidad sostenible: retos y oportunidades en el norte de Espa\u00f1a | El Digital de Asturias","description":"La movilidad sostenible se ha convertido en uno de los ejes principales de las pol\u00edticas p\u00fablicas en Espa\u00f1a. En el norte, con comunidades como Asturias","canonical_url":"https:\/\/eldigitaldeasturias.com\/radio\/movilidad-sostenible-retos-y-oportunidades-en-el-norte-de-espana\/","robots":"max-image-preview:large","keywords":"noticias","webmasterTools":{"google-site-verification":"UA-38556648-1","miscellaneous":""},"schema":{"@context":"https:\/\/schema.org","@graph":[{"@type":"BreadcrumbList","@id":"https:\/\/eldigitaldeasturias.com\/radio\/movilidad-sostenible-retos-y-oportunidades-en-el-norte-de-espana\/#breadcrumblist","itemListElement":[{"@type":"ListItem","@id":"https:\/\/eldigitaldeasturias.com\/radio#listItem","position":1,"name":"Inicio","item":"https:\/\/eldigitaldeasturias.com\/radio","nextItem":{"@type":"ListItem","@id":"https:\/\/eldigitaldeasturias.com\/radio\/category\/noticias\/#listItem","name":"Noticias"}},{"@type":"ListItem","@id":"https:\/\/eldigitaldeasturias.com\/radio\/category\/noticias\/#listItem","position":2,"name":"Noticias","item":"https:\/\/eldigitaldeasturias.com\/radio\/category\/noticias\/","nextItem":{"@type":"ListItem","@id":"https:\/\/eldigitaldeasturias.com\/radio\/movilidad-sostenible-retos-y-oportunidades-en-el-norte-de-espana\/#listItem","name":"Movilidad sostenible: retos y oportunidades en el norte de Espa\u00f1a"},"previousItem":{"@type":"ListItem","@id":"https:\/\/eldigitaldeasturias.com\/radio#listItem","name":"Inicio"}},{"@type":"ListItem","@id":"https:\/\/eldigitaldeasturias.com\/radio\/movilidad-sostenible-retos-y-oportunidades-en-el-norte-de-espana\/#listItem","position":3,"name":"Movilidad sostenible: retos y oportunidades en el norte de Espa\u00f1a","previousItem":{"@type":"ListItem","@id":"https:\/\/eldigitaldeasturias.com\/radio\/category\/noticias\/#listItem","name":"Noticias"}}]},{"@type":"NewsArticle","@id":"https:\/\/eldigitaldeasturias.com\/radio\/movilidad-sostenible-retos-y-oportunidades-en-el-norte-de-espana\/#newsarticle","name":"Movilidad sostenible: retos y oportunidades en el norte de Espa\u00f1a | El Digital de Asturias","headline":"Movilidad sostenible: retos y oportunidades en el norte de Espa\u00f1a","author":{"@id":"https:\/\/eldigitaldeasturias.com\/radio\/author\/nbasturias\/#author"},"publisher":{"@id":"https:\/\/eldigitaldeasturias.com\/radio\/#organization"},"image":{"@type":"ImageObject","url":"https:\/\/eldigitaldeasturias.com\/radio\/wp-content\/uploads\/2025\/09\/movilidad-sostenible.jpg","width":1021,"height":689,"caption":"Foto: 123rf.com"},"datePublished":"2025-09-22T12:49:11+02:00","dateModified":"2025-09-22T12:49:11+02:00","inLanguage":"es-ES","mainEntityOfPage":{"@id":"https:\/\/eldigitaldeasturias.com\/radio\/movilidad-sostenible-retos-y-oportunidades-en-el-norte-de-espana\/#webpage"},"isPartOf":{"@id":"https:\/\/eldigitaldeasturias.com\/radio\/movilidad-sostenible-retos-y-oportunidades-en-el-norte-de-espana\/#webpage"},"articleSection":"Noticias, Sociedad","dateline":"Publicado el septiembre 22, 2025."},{"@type":"Organization","@id":"https:\/\/eldigitaldeasturias.com\/radio\/#organization","name":"El digital de Asturias Radio","description":"Diario de informaci\u00f3n y noticias","url":"https:\/\/eldigitaldeasturias.com\/radio\/","telephone":"+34652131393","logo":{"@type":"ImageObject","url":"https:\/\/www.eldigitaldeasturias.com\/radio\/wp-content\/uploads\/2021\/03\/EDA.jpg","@id":"https:\/\/eldigitaldeasturias.com\/radio\/movilidad-sostenible-retos-y-oportunidades-en-el-norte-de-espana\/#organizationLogo"},"image":{"@id":"https:\/\/eldigitaldeasturias.com\/radio\/movilidad-sostenible-retos-y-oportunidades-en-el-norte-de-espana\/#organizationLogo"},"sameAs":["https:\/\/www.facebook.com\/","https:\/\/x.com\/bercodi","https:\/\/www.instagram.com\/","https:\/\/www.youtube.com\/channel\/UCZP-2wLEB9Rv6erhFmqVnvg"]},{"@type":"Person","@id":"https:\/\/eldigitaldeasturias.com\/radio\/author\/nbasturias\/#author","url":"https:\/\/eldigitaldeasturias.com\/radio\/author\/nbasturias\/","name":"NBAsturias","image":{"@type":"ImageObject","@id":"https:\/\/eldigitaldeasturias.com\/radio\/movilidad-sostenible-retos-y-oportunidades-en-el-norte-de-espana\/#authorImage","url":"https:\/\/secure.gravatar.com\/avatar\/df2aeffc32bcd13f8d26072ef8a91b623d677766deac7f97ca815868cd41bf5e?s=96&d=mm&r=g","width":96,"height":96,"caption":"NBAsturias"}},{"@type":"WebPage","@id":"https:\/\/eldigitaldeasturias.com\/radio\/movilidad-sostenible-retos-y-oportunidades-en-el-norte-de-espana\/#webpage","url":"https:\/\/eldigitaldeasturias.com\/radio\/movilidad-sostenible-retos-y-oportunidades-en-el-norte-de-espana\/","name":"Movilidad sostenible: retos y oportunidades en el norte de Espa\u00f1a | El Digital de Asturias","description":"La movilidad sostenible se ha convertido en uno de los ejes principales de las pol\u00edticas p\u00fablicas en Espa\u00f1a. En el norte, con comunidades como Asturias","inLanguage":"es-ES","isPartOf":{"@id":"https:\/\/eldigitaldeasturias.com\/radio\/#website"},"breadcrumb":{"@id":"https:\/\/eldigitaldeasturias.com\/radio\/movilidad-sostenible-retos-y-oportunidades-en-el-norte-de-espana\/#breadcrumblist"},"author":{"@id":"https:\/\/eldigitaldeasturias.com\/radio\/author\/nbasturias\/#author"},"creator":{"@id":"https:\/\/eldigitaldeasturias.com\/radio\/author\/nbasturias\/#author"},"image":{"@type":"ImageObject","url":"https:\/\/eldigitaldeasturias.com\/radio\/wp-content\/uploads\/2025\/09\/movilidad-sostenible.jpg","@id":"https:\/\/eldigitaldeasturias.com\/radio\/movilidad-sostenible-retos-y-oportunidades-en-el-norte-de-espana\/#mainImage","width":1021,"height":689,"caption":"Foto: 123rf.com"},"primaryImageOfPage":{"@id":"https:\/\/eldigitaldeasturias.com\/radio\/movilidad-sostenible-retos-y-oportunidades-en-el-norte-de-espana\/#mainImage"},"datePublished":"2025-09-22T12:49:11+02:00","dateModified":"2025-09-22T12:49:11+02:00"},{"@type":"WebSite","@id":"https:\/\/eldigitaldeasturias.com\/radio\/#website","url":"https:\/\/eldigitaldeasturias.com\/radio\/","name":"El Digital de Asturias","description":"Diario de informaci\u00f3n y noticias","inLanguage":"es-ES","publisher":{"@id":"https:\/\/eldigitaldeasturias.com\/radio\/#organization"}}]},"og:locale":"es_ES","og:site_name":"El Digital de Asturias | Diario de informaci\u00f3n y noticias","og:type":"article","og:title":"Movilidad sostenible: retos y oportunidades en el norte de Espa\u00f1a | El Digital de Asturias","og:description":"La movilidad sostenible se ha convertido en uno de los ejes principales de las pol\u00edticas p\u00fablicas en Espa\u00f1a. En el norte, con comunidades como Asturias","og:url":"https:\/\/eldigitaldeasturias.com\/radio\/movilidad-sostenible-retos-y-oportunidades-en-el-norte-de-espana\/","og:image":"https:\/\/eldigitaldeasturias.com\/radio\/wp-content\/uploads\/2025\/09\/movilidad-sostenible.jpg","og:image:secure_url":"https:\/\/eldigitaldeasturias.com\/radio\/wp-content\/uploads\/2025\/09\/movilidad-sostenible.jpg","og:image:width":1021,"og:image:height":689,"article:published_time":"2025-09-22T10:49:11+00:00","article:modified_time":"2025-09-22T10:49:11+00:00","twitter:card":"summary_large_image","twitter:site":"@bercodi","twitter:title":"Movilidad sostenible: retos y oportunidades en el norte de Espa\u00f1a | El Digital de Asturias","twitter:description":"La movilidad sostenible se ha convertido en uno de los ejes principales de las pol\u00edticas p\u00fablicas en Espa\u00f1a. En el norte, con comunidades como Asturias","twitter:creator":"@bercodi","twitter:image":"https:\/\/eldigitaldeasturias.com\/radio\/wp-content\/uploads\/2025\/09\/movilidad-sostenible.jpg"},"aioseo_meta_data":{"post_id":"11096","title":null,"description":"La movilidad sostenible se ha convertido en uno de los ejes principales de las pol\u00edticas p\u00fablicas en Espa\u00f1a. En el norte, con comunidades como Asturias","keywords":null,"keyphrases":{"focus":{"keyphrase":"movilidad sostenible","score":78,"analysis":{"keyphraseInTitle":{"score":9,"maxScore":9,"error":0},"keyphraseInDescription":{"score":9,"maxScore":9,"error":0},"keyphraseLength":{"score":9,"maxScore":9,"error":0,"length":2},"keyphraseInURL":{"score":5,"maxScore":5,"error":0},"keyphraseInIntroduction":{"score":9,"maxScore":9,"error":0},"keyphraseInSubHeadings":{"score":3,"maxScore":9,"error":1},"keyphraseInImageAlt":{"score":9,"maxScore":9,"error":0},"keywordDensity":{"score":0,"type":"low","maxScore":9,"error":1}}},"additional":[{"keyphrase":"Asturias","score":87,"analysis":{"keyphraseInDescription":{"score":9,"maxScore":9,"error":0},"keyphraseLength":{"score":9,"maxScore":9,"error":0,"length":1},"keyphraseInIntroduction":{"score":9,"maxScore":9,"error":0},"keyphraseInImageAlt":{"score":3,"maxScore":9,"error":1},"keywordDensity":{"type":"best","score":9,"maxScore":9,"error":0}}}]},"primary_term":null,"canonical_url":null,"og_title":null,"og_description":null,"og_object_type":"default","og_image_type":"default","og_image_url":null,"og_image_width":null,"og_image_height":null,"og_image_custom_url":null,"og_image_custom_fields":null,"og_video":"","og_custom_url":null,"og_article_section":null,"og_article_tags":null,"twitter_use_og":false,"twitter_card":"default","twitter_image_type":"default","twitter_image_url":null,"twitter_image_custom_url":null,"twitter_image_custom_fields":null,"twitter_title":null,"twitter_description":null,"schema":{"blockGraphs":[],"customGraphs":[],"default":{"data":{"Article":[],"Course":[],"Dataset":[],"FAQPage":[],"Movie":[],"Person":[],"Product":[],"ProductReview":[],"Car":[],"Recipe":[],"Service":[],"SoftwareApplication":[],"WebPage":[]},"graphName":"NewsArticle","isEnabled":true},"graphs":[]},"schema_type":"default","schema_type_options":null,"pillar_content":false,"robots_default":true,"robots_noindex":false,"robots_noarchive":false,"robots_nosnippet":false,"robots_nofollow":false,"robots_noimageindex":false,"robots_noodp":false,"robots_notranslate":false,"robots_max_snippet":"-1","robots_max_videopreview":"-1","robots_max_imagepreview":"large","priority":null,"frequency":"default","location":null,"local_seo":null,"seo_analyzer_scan_date":"2025-09-22 10:58:26","breadcrumb_settings":null,"limit_modified_date":false,"open_ai":null,"ai":{"faqs":[],"keyPoints":[],"titles":[],"descriptions":[],"socialPosts":{"email":[],"linkedin":[],"twitter":[],"facebook":[],"instagram":[]}},"created":"2025-09-22 10:41:42","updated":"2025-09-22 10:58:26"},"aioseo_breadcrumb":"<div class=\"aioseo-breadcrumbs\"><span class=\"aioseo-breadcrumb\">\n\t<a href=\"https:\/\/eldigitaldeasturias.com\/radio\" title=\"Inicio\">Inicio<\/a>\n<\/span><span class=\"aioseo-breadcrumb-separator\">&ndash;<\/span><span class=\"aioseo-breadcrumb\">\n\t<a href=\"https:\/\/eldigitaldeasturias.com\/radio\/category\/noticias\/\" title=\"Noticias\">Noticias<\/a>\n<\/span><span class=\"aioseo-breadcrumb-separator\">&ndash;<\/span><span class=\"aioseo-breadcrumb\">\n\tMovilidad sostenible: retos y oportunidades en el norte de Espa\u00f1a\n<\/span><\/div>","aioseo_breadcrumb_json":[{"label":"Inicio","link":"https:\/\/eldigitaldeasturias.com\/radio"},{"label":"Noticias","link":"https:\/\/eldigitaldeasturias.com\/radio\/category\/noticias\/"},{"label":"Movilidad sostenible: retos y oportunidades en el norte de Espa\u00f1a","link":"https:\/\/eldigitaldeasturias.com\/radio\/movilidad-sostenible-retos-y-oportunidades-en-el-norte-de-espana\/"}],"_links":{"self":[{"href":"https:\/\/eldigitaldeasturias.com\/radio\/wp-json\/wp\/v2\/posts\/11096","targetHints":{"allow":["GET"]}}],"collection":[{"href":"https:\/\/eldigitaldeasturias.com\/radio\/wp-json\/wp\/v2\/posts"}],"about":[{"href":"https:\/\/eldigitaldeasturias.com\/radio\/wp-json\/wp\/v2\/types\/post"}],"author":[{"embeddable":true,"href":"https:\/\/eldigitaldeasturias.com\/radio\/wp-json\/wp\/v2\/users\/1"}],"replies":[{"embeddable":true,"href":"https:\/\/eldigitaldeasturias.com\/radio\/wp-json\/wp\/v2\/comments?post=11096"}],"version-history":[{"count":0,"href":"https:\/\/eldigitaldeasturias.com\/radio\/wp-json\/wp\/v2\/posts\/11096\/revisions"}],"wp:featuredmedia":[{"embeddable":true,"href":"https:\/\/eldigitaldeasturias.com\/radio\/wp-json\/wp\/v2\/media\/11097"}],"wp:attachment":[{"href":"https:\/\/eldigitaldeasturias.com\/radio\/wp-json\/wp\/v2\/media?parent=11096"}],"wp:term":[{"taxonomy":"category","embeddable":true,"href":"https:\/\/eldigitaldeasturias.com\/radio\/wp-json\/wp\/v2\/categories?post=11096"},{"taxonomy":"post_tag","embeddable":true,"href":"https:\/\/eldigitaldeasturias.com\/radio\/wp-json\/wp\/v2\/tags?post=11096"}],"curies":[{"name":"wp","href":"https:\/\/api.w.org\/{rel}","templated":true}]}}