{"id":11052,"date":"2025-09-20T19:41:48","date_gmt":"2025-09-20T17:41:48","guid":{"rendered":"https:\/\/eldigitaldeasturias.com\/radio\/?p=11052"},"modified":"2025-09-20T19:41:48","modified_gmt":"2025-09-20T17:41:48","slug":"energias-renovables-y-empleo-verde-en-espana","status":"publish","type":"post","link":"https:\/\/eldigitaldeasturias.com\/radio\/energias-renovables-y-empleo-verde-en-espana\/","title":{"rendered":"Energ\u00edas renovables y empleo verde en Espa\u00f1a"},"content":{"rendered":"<p>Es <a href=\"https:\/\/eldigitaldeasturias.com\/radio\/category\/noticias\/\"><span style=\"color: #ff6600;\"><strong>noticia en Espa\u00f1a<\/strong><\/span><\/a> que la transici\u00f3n energ\u00e9tica avanza con paso firme, impulsando un sector que combina sostenibilidad y crecimiento econ\u00f3mico: el empleo verde. Las energ\u00edas renovables no solo contribuyen a reducir las emisiones contaminantes, sino que tambi\u00e9n generan miles de puestos de trabajo en todo el pa\u00eds, ofreciendo oportunidades a j\u00f3venes, profesionales en reconversi\u00f3n y comunidades rurales.<\/p>\n<figure id=\"attachment_11053\" aria-describedby=\"caption-attachment-11053\" style=\"width: 650px\" class=\"wp-caption aligncenter\"><img fetchpriority=\"high\" decoding=\"async\" class=\"size-large wp-image-11053\" src=\"https:\/\/eldigitaldeasturias.com\/radio\/wp-content\/uploads\/2025\/09\/Energias-renovables-y-empleo-verde-en-Espana-650x431.jpg\" alt=\"Energ\u00edas renovables y empleo verde en Espa\u00f1a\" width=\"650\" height=\"431\" srcset=\"https:\/\/eldigitaldeasturias.com\/radio\/wp-content\/uploads\/2025\/09\/Energias-renovables-y-empleo-verde-en-Espana-650x431.jpg 650w, https:\/\/eldigitaldeasturias.com\/radio\/wp-content\/uploads\/2025\/09\/Energias-renovables-y-empleo-verde-en-Espana-360x239.jpg 360w, https:\/\/eldigitaldeasturias.com\/radio\/wp-content\/uploads\/2025\/09\/Energias-renovables-y-empleo-verde-en-Espana-768x510.jpg 768w, https:\/\/eldigitaldeasturias.com\/radio\/wp-content\/uploads\/2025\/09\/Energias-renovables-y-empleo-verde-en-Espana-150x100.jpg 150w, https:\/\/eldigitaldeasturias.com\/radio\/wp-content\/uploads\/2025\/09\/Energias-renovables-y-empleo-verde-en-Espana-450x299.jpg 450w, https:\/\/eldigitaldeasturias.com\/radio\/wp-content\/uploads\/2025\/09\/Energias-renovables-y-empleo-verde-en-Espana.jpg 1029w\" sizes=\"(max-width: 650px) 100vw, 650px\" \/><figcaption id=\"caption-attachment-11053\" class=\"wp-caption-text\">Foto: 123rf.com<\/figcaption><\/figure>\n<p>En nuestro diario de noticias Espa\u00f1a subrayamos que Espa\u00f1a se ha convertido en uno de los l\u00edderes europeos en producci\u00f3n de energ\u00eda solar y e\u00f3lica. La apuesta por proyectos innovadores, el apoyo de fondos europeos y la necesidad de independizarse de los combustibles f\u00f3siles han acelerado este proceso, abriendo un horizonte prometedor para los pr\u00f3ximos a\u00f1os.<\/p>\n<h2>Crecimiento del empleo verde<\/h2>\n<p>La expansi\u00f3n de las energ\u00edas renovables ha impulsado la creaci\u00f3n de empleos en \u00e1reas como la instalaci\u00f3n de paneles solares, el mantenimiento de aerogeneradores, la ingenier\u00eda energ\u00e9tica y la investigaci\u00f3n en nuevas tecnolog\u00edas. Seg\u00fan estudios recientes, el sector podr\u00eda duplicar su capacidad laboral antes de 2030, consolid\u00e1ndose como uno de los motores econ\u00f3micos del pa\u00eds.<\/p>\n<p>Adem\u00e1s, este crecimiento no solo beneficia a las grandes ciudades, sino tambi\u00e9n a zonas rurales, donde se instalan parques solares y e\u00f3licos que generan riqueza local y oportunidades de empleo directo e indirecto.<\/p>\n<h2>Formaci\u00f3n y especializaci\u00f3n<\/h2>\n<p>Es noticia en Espa\u00f1a que universidades, centros de formaci\u00f3n profesional y escuelas t\u00e9cnicas est\u00e9n adaptando sus programas para preparar a los trabajadores del futuro. Los perfiles m\u00e1s demandados combinan conocimientos t\u00e9cnicos con competencias digitales, como la gesti\u00f3n de datos o el dise\u00f1o de redes inteligentes.<\/p>\n<p>La formaci\u00f3n continua ser\u00e1 esencial para que los profesionales puedan adaptarse a un sector en constante evoluci\u00f3n, marcado por la innovaci\u00f3n tecnol\u00f3gica y la b\u00fasqueda de mayor eficiencia.<\/p>\n<h2>Impacto social y ambiental<\/h2>\n<p>El empleo verde no solo genera beneficios econ\u00f3micos: tambi\u00e9n contribuye a mejorar la calidad de vida. Al reducir la contaminaci\u00f3n y fomentar un modelo energ\u00e9tico m\u00e1s limpio, se avanza hacia un entorno m\u00e1s saludable y sostenible.<\/p>\n<p>Para muchas comunidades, la llegada de proyectos renovables supone tambi\u00e9n una oportunidad de fijar poblaci\u00f3n y revitalizar el territorio, especialmente en \u00e1reas que hab\u00edan sufrido despoblaci\u00f3n.<\/p>\n<p>El desarrollo de las energ\u00edas renovables y el <a href=\"https:\/\/candas365.es\/noticias\/jovenes-y-mercado-laboral-en-espana\/\" target=\"_blank\" rel=\"noopener\"><span style=\"color: #ff6600;\"><strong>empleo verde<\/strong><\/span><\/a> en Espa\u00f1a demuestra que la sostenibilidad puede ir de la mano del progreso econ\u00f3mico. La transici\u00f3n energ\u00e9tica no es solo un reto ambiental, sino tambi\u00e9n una gran oportunidad de crecimiento y bienestar. Apostar por este sector significa invertir en un futuro m\u00e1s limpio, m\u00e1s justo y con m\u00e1s oportunidades para todos.<\/p>\n","protected":false},"excerpt":{"rendered":"<p>Es noticia en Espa\u00f1a que la transici\u00f3n energ\u00e9tica avanza con paso firme, impulsando un sector que combina sostenibilidad y crecimiento econ\u00f3mico: el empleo verde. Las energ\u00edas renovables no solo contribuyen a reducir las emisiones contaminantes, sino que tambi\u00e9n generan miles de puestos de trabajo en todo el pa\u00eds, ofreciendo oportunidades a j\u00f3venes, profesionales en reconversi\u00f3n<\/p>\n","protected":false},"author":1,"featured_media":11053,"comment_status":"closed","ping_status":"closed","sticky":false,"template":"","format":"standard","meta":{"footnotes":""},"categories":[1],"tags":[],"class_list":{"0":"post-11052","1":"post","2":"type-post","3":"status-publish","4":"format-standard","5":"has-post-thumbnail","7":"category-noticias"},"aioseo_notices":[],"aioseo_head":"\n\t\t<!-- All in One SEO Pro 4.9.6.2 - aioseo.com -->\n\t<meta name=\"description\" content=\"Es noticia en Espa\u00f1a que la transici\u00f3n energ\u00e9tica avanza con paso firme, impulsando un sector que combina sostenibilidad y crecimiento econ\u00f3mico: el empleo\" \/>\n\t<meta name=\"robots\" content=\"max-image-preview:large\" \/>\n\t<meta name=\"author\" content=\"NBAsturias\"\/>\n\t<meta name=\"google-site-verification\" content=\"UA-38556648-1\" \/>\n\t<meta name=\"keywords\" content=\"noticias\" \/>\n\t<link rel=\"canonical\" href=\"https:\/\/eldigitaldeasturias.com\/radio\/energias-renovables-y-empleo-verde-en-espana\/\" \/>\n\t<meta name=\"generator\" content=\"All in One SEO Pro (AIOSEO) 4.9.6.2\" \/>\n\t\t<meta property=\"og:locale\" content=\"es_ES\" \/>\n\t\t<meta property=\"og:site_name\" content=\"El Digital de Asturias | Diario de informaci\u00f3n y noticias\" \/>\n\t\t<meta property=\"og:type\" content=\"article\" \/>\n\t\t<meta property=\"og:title\" content=\"Energ\u00edas renovables y empleo verde en Espa\u00f1a | El Digital de Asturias\" \/>\n\t\t<meta property=\"og:description\" content=\"Es noticia en Espa\u00f1a que la transici\u00f3n energ\u00e9tica avanza con paso firme, impulsando un sector que combina sostenibilidad y crecimiento econ\u00f3mico: el empleo\" \/>\n\t\t<meta property=\"og:url\" content=\"https:\/\/eldigitaldeasturias.com\/radio\/energias-renovables-y-empleo-verde-en-espana\/\" \/>\n\t\t<meta property=\"og:image\" content=\"https:\/\/eldigitaldeasturias.com\/radio\/wp-content\/uploads\/2025\/09\/Energias-renovables-y-empleo-verde-en-Espana.jpg\" \/>\n\t\t<meta property=\"og:image:secure_url\" content=\"https:\/\/eldigitaldeasturias.com\/radio\/wp-content\/uploads\/2025\/09\/Energias-renovables-y-empleo-verde-en-Espana.jpg\" \/>\n\t\t<meta property=\"og:image:width\" content=\"1029\" \/>\n\t\t<meta property=\"og:image:height\" content=\"683\" \/>\n\t\t<meta property=\"article:published_time\" content=\"2025-09-20T17:41:48+00:00\" \/>\n\t\t<meta property=\"article:modified_time\" content=\"2025-09-20T17:41:48+00:00\" \/>\n\t\t<meta name=\"twitter:card\" content=\"summary_large_image\" \/>\n\t\t<meta name=\"twitter:site\" content=\"@bercodi\" \/>\n\t\t<meta name=\"twitter:title\" content=\"Energ\u00edas renovables y empleo verde en Espa\u00f1a | El Digital de Asturias\" \/>\n\t\t<meta name=\"twitter:description\" content=\"Es noticia en Espa\u00f1a que la transici\u00f3n energ\u00e9tica avanza con paso firme, impulsando un sector que combina sostenibilidad y crecimiento econ\u00f3mico: el empleo\" \/>\n\t\t<meta name=\"twitter:creator\" content=\"@bercodi\" \/>\n\t\t<meta name=\"twitter:image\" content=\"https:\/\/eldigitaldeasturias.com\/radio\/wp-content\/uploads\/2025\/09\/Energias-renovables-y-empleo-verde-en-Espana.jpg\" \/>\n\t\t<script type=\"application\/ld+json\" class=\"aioseo-schema\">\n\t\t\t{\"@context\":\"https:\\\/\\\/schema.org\",\"@graph\":[{\"@type\":\"BreadcrumbList\",\"@id\":\"https:\\\/\\\/eldigitaldeasturias.com\\\/radio\\\/energias-renovables-y-empleo-verde-en-espana\\\/#breadcrumblist\",\"itemListElement\":[{\"@type\":\"ListItem\",\"@id\":\"https:\\\/\\\/eldigitaldeasturias.com\\\/radio#listItem\",\"position\":1,\"name\":\"Inicio\",\"item\":\"https:\\\/\\\/eldigitaldeasturias.com\\\/radio\",\"nextItem\":{\"@type\":\"ListItem\",\"@id\":\"https:\\\/\\\/eldigitaldeasturias.com\\\/radio\\\/category\\\/noticias\\\/#listItem\",\"name\":\"Noticias\"}},{\"@type\":\"ListItem\",\"@id\":\"https:\\\/\\\/eldigitaldeasturias.com\\\/radio\\\/category\\\/noticias\\\/#listItem\",\"position\":2,\"name\":\"Noticias\",\"item\":\"https:\\\/\\\/eldigitaldeasturias.com\\\/radio\\\/category\\\/noticias\\\/\",\"nextItem\":{\"@type\":\"ListItem\",\"@id\":\"https:\\\/\\\/eldigitaldeasturias.com\\\/radio\\\/energias-renovables-y-empleo-verde-en-espana\\\/#listItem\",\"name\":\"Energ\\u00edas renovables y empleo verde en Espa\\u00f1a\"},\"previousItem\":{\"@type\":\"ListItem\",\"@id\":\"https:\\\/\\\/eldigitaldeasturias.com\\\/radio#listItem\",\"name\":\"Inicio\"}},{\"@type\":\"ListItem\",\"@id\":\"https:\\\/\\\/eldigitaldeasturias.com\\\/radio\\\/energias-renovables-y-empleo-verde-en-espana\\\/#listItem\",\"position\":3,\"name\":\"Energ\\u00edas renovables y empleo verde en Espa\\u00f1a\",\"previousItem\":{\"@type\":\"ListItem\",\"@id\":\"https:\\\/\\\/eldigitaldeasturias.com\\\/radio\\\/category\\\/noticias\\\/#listItem\",\"name\":\"Noticias\"}}]},{\"@type\":\"NewsArticle\",\"@id\":\"https:\\\/\\\/eldigitaldeasturias.com\\\/radio\\\/energias-renovables-y-empleo-verde-en-espana\\\/#newsarticle\",\"name\":\"Energ\\u00edas renovables y empleo verde en Espa\\u00f1a | El Digital de Asturias\",\"headline\":\"Energ\\u00edas renovables y empleo verde en Espa\\u00f1a\",\"author\":{\"@id\":\"https:\\\/\\\/eldigitaldeasturias.com\\\/radio\\\/author\\\/nbasturias\\\/#author\"},\"publisher\":{\"@id\":\"https:\\\/\\\/eldigitaldeasturias.com\\\/radio\\\/#organization\"},\"image\":{\"@type\":\"ImageObject\",\"url\":\"https:\\\/\\\/eldigitaldeasturias.com\\\/radio\\\/wp-content\\\/uploads\\\/2025\\\/09\\\/Energias-renovables-y-empleo-verde-en-Espana.jpg\",\"width\":1029,\"height\":683,\"caption\":\"Foto: 123rf.com\"},\"datePublished\":\"2025-09-20T19:41:48+02:00\",\"dateModified\":\"2025-09-20T19:41:48+02:00\",\"inLanguage\":\"es-ES\",\"mainEntityOfPage\":{\"@id\":\"https:\\\/\\\/eldigitaldeasturias.com\\\/radio\\\/energias-renovables-y-empleo-verde-en-espana\\\/#webpage\"},\"isPartOf\":{\"@id\":\"https:\\\/\\\/eldigitaldeasturias.com\\\/radio\\\/energias-renovables-y-empleo-verde-en-espana\\\/#webpage\"},\"articleSection\":\"Noticias\",\"dateline\":\"Publicado el septiembre 20, 2025.\"},{\"@type\":\"Organization\",\"@id\":\"https:\\\/\\\/eldigitaldeasturias.com\\\/radio\\\/#organization\",\"name\":\"El digital de Asturias Radio\",\"description\":\"Diario de informaci\\u00f3n y noticias\",\"url\":\"https:\\\/\\\/eldigitaldeasturias.com\\\/radio\\\/\",\"telephone\":\"+34652131393\",\"logo\":{\"@type\":\"ImageObject\",\"url\":\"https:\\\/\\\/www.eldigitaldeasturias.com\\\/radio\\\/wp-content\\\/uploads\\\/2021\\\/03\\\/EDA.jpg\",\"@id\":\"https:\\\/\\\/eldigitaldeasturias.com\\\/radio\\\/energias-renovables-y-empleo-verde-en-espana\\\/#organizationLogo\"},\"image\":{\"@id\":\"https:\\\/\\\/eldigitaldeasturias.com\\\/radio\\\/energias-renovables-y-empleo-verde-en-espana\\\/#organizationLogo\"},\"sameAs\":[\"https:\\\/\\\/www.facebook.com\\\/\",\"https:\\\/\\\/x.com\\\/bercodi\",\"https:\\\/\\\/www.instagram.com\\\/\",\"https:\\\/\\\/www.youtube.com\\\/channel\\\/UCZP-2wLEB9Rv6erhFmqVnvg\"]},{\"@type\":\"Person\",\"@id\":\"https:\\\/\\\/eldigitaldeasturias.com\\\/radio\\\/author\\\/nbasturias\\\/#author\",\"url\":\"https:\\\/\\\/eldigitaldeasturias.com\\\/radio\\\/author\\\/nbasturias\\\/\",\"name\":\"NBAsturias\",\"image\":{\"@type\":\"ImageObject\",\"@id\":\"https:\\\/\\\/eldigitaldeasturias.com\\\/radio\\\/energias-renovables-y-empleo-verde-en-espana\\\/#authorImage\",\"url\":\"https:\\\/\\\/secure.gravatar.com\\\/avatar\\\/df2aeffc32bcd13f8d26072ef8a91b623d677766deac7f97ca815868cd41bf5e?s=96&d=mm&r=g\",\"width\":96,\"height\":96,\"caption\":\"NBAsturias\"}},{\"@type\":\"WebPage\",\"@id\":\"https:\\\/\\\/eldigitaldeasturias.com\\\/radio\\\/energias-renovables-y-empleo-verde-en-espana\\\/#webpage\",\"url\":\"https:\\\/\\\/eldigitaldeasturias.com\\\/radio\\\/energias-renovables-y-empleo-verde-en-espana\\\/\",\"name\":\"Energ\\u00edas renovables y empleo verde en Espa\\u00f1a | El Digital de Asturias\",\"description\":\"Es noticia en Espa\\u00f1a que la transici\\u00f3n energ\\u00e9tica avanza con paso firme, impulsando un sector que combina sostenibilidad y crecimiento econ\\u00f3mico: el empleo\",\"inLanguage\":\"es-ES\",\"isPartOf\":{\"@id\":\"https:\\\/\\\/eldigitaldeasturias.com\\\/radio\\\/#website\"},\"breadcrumb\":{\"@id\":\"https:\\\/\\\/eldigitaldeasturias.com\\\/radio\\\/energias-renovables-y-empleo-verde-en-espana\\\/#breadcrumblist\"},\"author\":{\"@id\":\"https:\\\/\\\/eldigitaldeasturias.com\\\/radio\\\/author\\\/nbasturias\\\/#author\"},\"creator\":{\"@id\":\"https:\\\/\\\/eldigitaldeasturias.com\\\/radio\\\/author\\\/nbasturias\\\/#author\"},\"image\":{\"@type\":\"ImageObject\",\"url\":\"https:\\\/\\\/eldigitaldeasturias.com\\\/radio\\\/wp-content\\\/uploads\\\/2025\\\/09\\\/Energias-renovables-y-empleo-verde-en-Espana.jpg\",\"@id\":\"https:\\\/\\\/eldigitaldeasturias.com\\\/radio\\\/energias-renovables-y-empleo-verde-en-espana\\\/#mainImage\",\"width\":1029,\"height\":683,\"caption\":\"Foto: 123rf.com\"},\"primaryImageOfPage\":{\"@id\":\"https:\\\/\\\/eldigitaldeasturias.com\\\/radio\\\/energias-renovables-y-empleo-verde-en-espana\\\/#mainImage\"},\"datePublished\":\"2025-09-20T19:41:48+02:00\",\"dateModified\":\"2025-09-20T19:41:48+02:00\"},{\"@type\":\"WebSite\",\"@id\":\"https:\\\/\\\/eldigitaldeasturias.com\\\/radio\\\/#website\",\"url\":\"https:\\\/\\\/eldigitaldeasturias.com\\\/radio\\\/\",\"name\":\"El Digital de Asturias\",\"description\":\"Diario de informaci\\u00f3n y noticias\",\"inLanguage\":\"es-ES\",\"publisher\":{\"@id\":\"https:\\\/\\\/eldigitaldeasturias.com\\\/radio\\\/#organization\"}}]}\n\t\t<\/script>\n\t\t<!-- All in One SEO Pro -->\r\n\t\t<title>Energ\u00edas renovables y empleo verde en Espa\u00f1a | El Digital de Asturias<\/title>\n\n","aioseo_head_json":{"title":"Energ\u00edas renovables y empleo verde en Espa\u00f1a | El Digital de Asturias","description":"Es noticia en Espa\u00f1a que la transici\u00f3n energ\u00e9tica avanza con paso firme, impulsando un sector que combina sostenibilidad y crecimiento econ\u00f3mico: el empleo","canonical_url":"https:\/\/eldigitaldeasturias.com\/radio\/energias-renovables-y-empleo-verde-en-espana\/","robots":"max-image-preview:large","keywords":"noticias","webmasterTools":{"google-site-verification":"UA-38556648-1","miscellaneous":""},"schema":{"@context":"https:\/\/schema.org","@graph":[{"@type":"BreadcrumbList","@id":"https:\/\/eldigitaldeasturias.com\/radio\/energias-renovables-y-empleo-verde-en-espana\/#breadcrumblist","itemListElement":[{"@type":"ListItem","@id":"https:\/\/eldigitaldeasturias.com\/radio#listItem","position":1,"name":"Inicio","item":"https:\/\/eldigitaldeasturias.com\/radio","nextItem":{"@type":"ListItem","@id":"https:\/\/eldigitaldeasturias.com\/radio\/category\/noticias\/#listItem","name":"Noticias"}},{"@type":"ListItem","@id":"https:\/\/eldigitaldeasturias.com\/radio\/category\/noticias\/#listItem","position":2,"name":"Noticias","item":"https:\/\/eldigitaldeasturias.com\/radio\/category\/noticias\/","nextItem":{"@type":"ListItem","@id":"https:\/\/eldigitaldeasturias.com\/radio\/energias-renovables-y-empleo-verde-en-espana\/#listItem","name":"Energ\u00edas renovables y empleo verde en Espa\u00f1a"},"previousItem":{"@type":"ListItem","@id":"https:\/\/eldigitaldeasturias.com\/radio#listItem","name":"Inicio"}},{"@type":"ListItem","@id":"https:\/\/eldigitaldeasturias.com\/radio\/energias-renovables-y-empleo-verde-en-espana\/#listItem","position":3,"name":"Energ\u00edas renovables y empleo verde en Espa\u00f1a","previousItem":{"@type":"ListItem","@id":"https:\/\/eldigitaldeasturias.com\/radio\/category\/noticias\/#listItem","name":"Noticias"}}]},{"@type":"NewsArticle","@id":"https:\/\/eldigitaldeasturias.com\/radio\/energias-renovables-y-empleo-verde-en-espana\/#newsarticle","name":"Energ\u00edas renovables y empleo verde en Espa\u00f1a | El Digital de Asturias","headline":"Energ\u00edas renovables y empleo verde en Espa\u00f1a","author":{"@id":"https:\/\/eldigitaldeasturias.com\/radio\/author\/nbasturias\/#author"},"publisher":{"@id":"https:\/\/eldigitaldeasturias.com\/radio\/#organization"},"image":{"@type":"ImageObject","url":"https:\/\/eldigitaldeasturias.com\/radio\/wp-content\/uploads\/2025\/09\/Energias-renovables-y-empleo-verde-en-Espana.jpg","width":1029,"height":683,"caption":"Foto: 123rf.com"},"datePublished":"2025-09-20T19:41:48+02:00","dateModified":"2025-09-20T19:41:48+02:00","inLanguage":"es-ES","mainEntityOfPage":{"@id":"https:\/\/eldigitaldeasturias.com\/radio\/energias-renovables-y-empleo-verde-en-espana\/#webpage"},"isPartOf":{"@id":"https:\/\/eldigitaldeasturias.com\/radio\/energias-renovables-y-empleo-verde-en-espana\/#webpage"},"articleSection":"Noticias","dateline":"Publicado el septiembre 20, 2025."},{"@type":"Organization","@id":"https:\/\/eldigitaldeasturias.com\/radio\/#organization","name":"El digital de Asturias Radio","description":"Diario de informaci\u00f3n y noticias","url":"https:\/\/eldigitaldeasturias.com\/radio\/","telephone":"+34652131393","logo":{"@type":"ImageObject","url":"https:\/\/www.eldigitaldeasturias.com\/radio\/wp-content\/uploads\/2021\/03\/EDA.jpg","@id":"https:\/\/eldigitaldeasturias.com\/radio\/energias-renovables-y-empleo-verde-en-espana\/#organizationLogo"},"image":{"@id":"https:\/\/eldigitaldeasturias.com\/radio\/energias-renovables-y-empleo-verde-en-espana\/#organizationLogo"},"sameAs":["https:\/\/www.facebook.com\/","https:\/\/x.com\/bercodi","https:\/\/www.instagram.com\/","https:\/\/www.youtube.com\/channel\/UCZP-2wLEB9Rv6erhFmqVnvg"]},{"@type":"Person","@id":"https:\/\/eldigitaldeasturias.com\/radio\/author\/nbasturias\/#author","url":"https:\/\/eldigitaldeasturias.com\/radio\/author\/nbasturias\/","name":"NBAsturias","image":{"@type":"ImageObject","@id":"https:\/\/eldigitaldeasturias.com\/radio\/energias-renovables-y-empleo-verde-en-espana\/#authorImage","url":"https:\/\/secure.gravatar.com\/avatar\/df2aeffc32bcd13f8d26072ef8a91b623d677766deac7f97ca815868cd41bf5e?s=96&d=mm&r=g","width":96,"height":96,"caption":"NBAsturias"}},{"@type":"WebPage","@id":"https:\/\/eldigitaldeasturias.com\/radio\/energias-renovables-y-empleo-verde-en-espana\/#webpage","url":"https:\/\/eldigitaldeasturias.com\/radio\/energias-renovables-y-empleo-verde-en-espana\/","name":"Energ\u00edas renovables y empleo verde en Espa\u00f1a | El Digital de Asturias","description":"Es noticia en Espa\u00f1a que la transici\u00f3n energ\u00e9tica avanza con paso firme, impulsando un sector que combina sostenibilidad y crecimiento econ\u00f3mico: el empleo","inLanguage":"es-ES","isPartOf":{"@id":"https:\/\/eldigitaldeasturias.com\/radio\/#website"},"breadcrumb":{"@id":"https:\/\/eldigitaldeasturias.com\/radio\/energias-renovables-y-empleo-verde-en-espana\/#breadcrumblist"},"author":{"@id":"https:\/\/eldigitaldeasturias.com\/radio\/author\/nbasturias\/#author"},"creator":{"@id":"https:\/\/eldigitaldeasturias.com\/radio\/author\/nbasturias\/#author"},"image":{"@type":"ImageObject","url":"https:\/\/eldigitaldeasturias.com\/radio\/wp-content\/uploads\/2025\/09\/Energias-renovables-y-empleo-verde-en-Espana.jpg","@id":"https:\/\/eldigitaldeasturias.com\/radio\/energias-renovables-y-empleo-verde-en-espana\/#mainImage","width":1029,"height":683,"caption":"Foto: 123rf.com"},"primaryImageOfPage":{"@id":"https:\/\/eldigitaldeasturias.com\/radio\/energias-renovables-y-empleo-verde-en-espana\/#mainImage"},"datePublished":"2025-09-20T19:41:48+02:00","dateModified":"2025-09-20T19:41:48+02:00"},{"@type":"WebSite","@id":"https:\/\/eldigitaldeasturias.com\/radio\/#website","url":"https:\/\/eldigitaldeasturias.com\/radio\/","name":"El Digital de Asturias","description":"Diario de informaci\u00f3n y noticias","inLanguage":"es-ES","publisher":{"@id":"https:\/\/eldigitaldeasturias.com\/radio\/#organization"}}]},"og:locale":"es_ES","og:site_name":"El Digital de Asturias | Diario de informaci\u00f3n y noticias","og:type":"article","og:title":"Energ\u00edas renovables y empleo verde en Espa\u00f1a | El Digital de Asturias","og:description":"Es noticia en Espa\u00f1a que la transici\u00f3n energ\u00e9tica avanza con paso firme, impulsando un sector que combina sostenibilidad y crecimiento econ\u00f3mico: el empleo","og:url":"https:\/\/eldigitaldeasturias.com\/radio\/energias-renovables-y-empleo-verde-en-espana\/","og:image":"https:\/\/eldigitaldeasturias.com\/radio\/wp-content\/uploads\/2025\/09\/Energias-renovables-y-empleo-verde-en-Espana.jpg","og:image:secure_url":"https:\/\/eldigitaldeasturias.com\/radio\/wp-content\/uploads\/2025\/09\/Energias-renovables-y-empleo-verde-en-Espana.jpg","og:image:width":1029,"og:image:height":683,"article:published_time":"2025-09-20T17:41:48+00:00","article:modified_time":"2025-09-20T17:41:48+00:00","twitter:card":"summary_large_image","twitter:site":"@bercodi","twitter:title":"Energ\u00edas renovables y empleo verde en Espa\u00f1a | El Digital de Asturias","twitter:description":"Es noticia en Espa\u00f1a que la transici\u00f3n energ\u00e9tica avanza con paso firme, impulsando un sector que combina sostenibilidad y crecimiento econ\u00f3mico: el empleo","twitter:creator":"@bercodi","twitter:image":"https:\/\/eldigitaldeasturias.com\/radio\/wp-content\/uploads\/2025\/09\/Energias-renovables-y-empleo-verde-en-Espana.jpg"},"aioseo_meta_data":{"post_id":"11052","title":null,"description":"Es noticia en Espa\u00f1a que la transici\u00f3n energ\u00e9tica avanza con paso firme, impulsando un sector que combina sostenibilidad y crecimiento econ\u00f3mico: el empleo","keywords":null,"keyphrases":{"focus":{"keyphrase":"Espa\u00f1a","score":91,"analysis":{"keyphraseInTitle":{"score":9,"maxScore":9,"error":0},"keyphraseInDescription":{"score":9,"maxScore":9,"error":0},"keyphraseLength":{"score":9,"maxScore":9,"error":0,"length":2},"keyphraseInURL":{"score":5,"maxScore":5,"error":0},"keyphraseInIntroduction":{"score":9,"maxScore":9,"error":0},"keyphraseInSubHeadings":{"score":3,"maxScore":9,"error":1},"keyphraseInImageAlt":{"score":9,"maxScore":9,"error":0},"keywordDensity":{"type":"best","score":9,"maxScore":9,"error":0}}},"additional":[{"keyphrase":"empleo","score":100,"analysis":{"keyphraseInDescription":{"score":9,"maxScore":9,"error":0},"keyphraseLength":{"score":9,"maxScore":9,"error":0,"length":1},"keyphraseInIntroduction":{"score":9,"maxScore":9,"error":0},"keyphraseInImageAlt":{"score":9,"maxScore":9,"error":0},"keywordDensity":{"type":"best","score":9,"maxScore":9,"error":0}}}]},"primary_term":null,"canonical_url":null,"og_title":null,"og_description":null,"og_object_type":"default","og_image_type":"default","og_image_url":null,"og_image_width":null,"og_image_height":null,"og_image_custom_url":null,"og_image_custom_fields":null,"og_video":"","og_custom_url":null,"og_article_section":null,"og_article_tags":null,"twitter_use_og":false,"twitter_card":"default","twitter_image_type":"default","twitter_image_url":null,"twitter_image_custom_url":null,"twitter_image_custom_fields":null,"twitter_title":null,"twitter_description":null,"schema":{"blockGraphs":[],"customGraphs":[],"default":{"data":{"Article":[],"Course":[],"Dataset":[],"FAQPage":[],"Movie":[],"Person":[],"Product":[],"ProductReview":[],"Car":[],"Recipe":[],"Service":[],"SoftwareApplication":[],"WebPage":[]},"graphName":"NewsArticle","isEnabled":true},"graphs":[]},"schema_type":"default","schema_type_options":null,"pillar_content":false,"robots_default":true,"robots_noindex":false,"robots_noarchive":false,"robots_nosnippet":false,"robots_nofollow":false,"robots_noimageindex":false,"robots_noodp":false,"robots_notranslate":false,"robots_max_snippet":"-1","robots_max_videopreview":"-1","robots_max_imagepreview":"large","priority":null,"frequency":"default","location":null,"local_seo":null,"seo_analyzer_scan_date":"2025-09-20 17:52:06","breadcrumb_settings":null,"limit_modified_date":false,"open_ai":null,"ai":{"faqs":[],"keyPoints":[],"titles":[],"descriptions":[],"socialPosts":{"email":[],"linkedin":[],"twitter":[],"facebook":[],"instagram":[]}},"created":"2025-09-20 17:35:33","updated":"2025-09-20 17:55:28"},"aioseo_breadcrumb":"<div class=\"aioseo-breadcrumbs\"><span class=\"aioseo-breadcrumb\">\n\t<a href=\"https:\/\/eldigitaldeasturias.com\/radio\" title=\"Inicio\">Inicio<\/a>\n<\/span><span class=\"aioseo-breadcrumb-separator\">&ndash;<\/span><span class=\"aioseo-breadcrumb\">\n\t<a href=\"https:\/\/eldigitaldeasturias.com\/radio\/category\/noticias\/\" title=\"Noticias\">Noticias<\/a>\n<\/span><span class=\"aioseo-breadcrumb-separator\">&ndash;<\/span><span class=\"aioseo-breadcrumb\">\n\tEnerg\u00edas renovables y empleo verde en Espa\u00f1a\n<\/span><\/div>","aioseo_breadcrumb_json":[{"label":"Inicio","link":"https:\/\/eldigitaldeasturias.com\/radio"},{"label":"Noticias","link":"https:\/\/eldigitaldeasturias.com\/radio\/category\/noticias\/"},{"label":"Energ\u00edas renovables y empleo verde en Espa\u00f1a","link":"https:\/\/eldigitaldeasturias.com\/radio\/energias-renovables-y-empleo-verde-en-espana\/"}],"_links":{"self":[{"href":"https:\/\/eldigitaldeasturias.com\/radio\/wp-json\/wp\/v2\/posts\/11052","targetHints":{"allow":["GET"]}}],"collection":[{"href":"https:\/\/eldigitaldeasturias.com\/radio\/wp-json\/wp\/v2\/posts"}],"about":[{"href":"https:\/\/eldigitaldeasturias.com\/radio\/wp-json\/wp\/v2\/types\/post"}],"author":[{"embeddable":true,"href":"https:\/\/eldigitaldeasturias.com\/radio\/wp-json\/wp\/v2\/users\/1"}],"replies":[{"embeddable":true,"href":"https:\/\/eldigitaldeasturias.com\/radio\/wp-json\/wp\/v2\/comments?post=11052"}],"version-history":[{"count":0,"href":"https:\/\/eldigitaldeasturias.com\/radio\/wp-json\/wp\/v2\/posts\/11052\/revisions"}],"wp:featuredmedia":[{"embeddable":true,"href":"https:\/\/eldigitaldeasturias.com\/radio\/wp-json\/wp\/v2\/media\/11053"}],"wp:attachment":[{"href":"https:\/\/eldigitaldeasturias.com\/radio\/wp-json\/wp\/v2\/media?parent=11052"}],"wp:term":[{"taxonomy":"category","embeddable":true,"href":"https:\/\/eldigitaldeasturias.com\/radio\/wp-json\/wp\/v2\/categories?post=11052"},{"taxonomy":"post_tag","embeddable":true,"href":"https:\/\/eldigitaldeasturias.com\/radio\/wp-json\/wp\/v2\/tags?post=11052"}],"curies":[{"name":"wp","href":"https:\/\/api.w.org\/{rel}","templated":true}]}}