{"id":11045,"date":"2025-09-19T17:27:02","date_gmt":"2025-09-19T15:27:02","guid":{"rendered":"https:\/\/eldigitaldeasturias.com\/radio\/?p=11045"},"modified":"2025-09-19T17:27:02","modified_gmt":"2025-09-19T15:27:02","slug":"el-mejor-gol-de-la-primera-jornada-de-champions","status":"publish","type":"post","link":"https:\/\/eldigitaldeasturias.com\/radio\/el-mejor-gol-de-la-primera-jornada-de-champions\/","title":{"rendered":"El mejor gol de la primera jornada de Champions"},"content":{"rendered":"<p>El entrenador le dice en el descanso, a un jugador que debuta con el equipo, hoy tienes que meter dos goles y resulta que el chico en la segunda parte mete dos golazos. <strong>A esto se llama mentalidad ganadora positiva.<\/strong><\/p>\n<figure id=\"attachment_11046\" aria-describedby=\"caption-attachment-11046\" style=\"width: 650px\" class=\"wp-caption aligncenter\"><img fetchpriority=\"high\" decoding=\"async\" class=\"size-large wp-image-11046\" src=\"https:\/\/eldigitaldeasturias.com\/radio\/wp-content\/uploads\/2025\/09\/Champions-650x430.jpg\" alt=\"Champions\" width=\"650\" height=\"430\" srcset=\"https:\/\/eldigitaldeasturias.com\/radio\/wp-content\/uploads\/2025\/09\/Champions-650x430.jpg 650w, https:\/\/eldigitaldeasturias.com\/radio\/wp-content\/uploads\/2025\/09\/Champions-360x238.jpg 360w, https:\/\/eldigitaldeasturias.com\/radio\/wp-content\/uploads\/2025\/09\/Champions-768x508.jpg 768w, https:\/\/eldigitaldeasturias.com\/radio\/wp-content\/uploads\/2025\/09\/Champions-150x99.jpg 150w, https:\/\/eldigitaldeasturias.com\/radio\/wp-content\/uploads\/2025\/09\/Champions-450x297.jpg 450w, https:\/\/eldigitaldeasturias.com\/radio\/wp-content\/uploads\/2025\/09\/Champions.jpg 1035w\" sizes=\"(max-width: 650px) 100vw, 650px\" \/><figcaption id=\"caption-attachment-11046\" class=\"wp-caption-text\">Foto: 123rf.com<\/figcaption><\/figure>\n<p>El \u00e1nimo que le da el entrenador al jugador es una inyecci\u00f3n de moral total. Los goles son muy bonitos. El primero de un cabezazo impecable y el segundo coge un bal\u00f3n, esquiva a los adversarios y con esta fuerza an\u00edmica que le dio el mister, lanz\u00f3 un ob\u00fas que entra por toda la escuadra, en el momento de golpeo su cabeza estaba para comer el bal\u00f3n y extendi\u00f3 el pie totalmente y le dio con toda la velocidad con la pierna de golpeo que marc\u00f3 un golazo para archivar.<\/p>\n<p>El autor del golazo el Rashford y su entrenador Flick el que le dio la confianza necesaria.<\/p>\n<p><em>Por Helio del Busto<\/em><\/p>\n","protected":false},"excerpt":{"rendered":"<p>El entrenador le dice en el descanso, a un jugador que debuta con el equipo, hoy tienes que meter dos goles y resulta que el chico en la segunda parte mete dos golazos. A esto se llama mentalidad ganadora positiva. El \u00e1nimo que le da el entrenador al jugador es una inyecci\u00f3n de moral total.<\/p>\n","protected":false},"author":1,"featured_media":11046,"comment_status":"closed","ping_status":"closed","sticky":false,"template":"","format":"standard","meta":{"footnotes":""},"categories":[137],"tags":[17],"class_list":{"0":"post-11045","1":"post","2":"type-post","3":"status-publish","4":"format-standard","5":"has-post-thumbnail","7":"category-deporte","8":"tag-deportes"},"aioseo_notices":[],"aioseo_head":"\n\t\t<!-- All in One SEO Pro 4.9.6.2 - aioseo.com -->\n\t<meta name=\"description\" content=\"El entrenador le dice en el descanso, a un jugador que debuta con el equipo, hoy tienes que meter dos goles y resulta que el chico en la segunda parte mete dos\" \/>\n\t<meta name=\"robots\" content=\"max-image-preview:large\" \/>\n\t<meta name=\"author\" content=\"NBAsturias\"\/>\n\t<meta name=\"google-site-verification\" content=\"UA-38556648-1\" \/>\n\t<meta name=\"keywords\" content=\"deporte\" \/>\n\t<link rel=\"canonical\" href=\"https:\/\/eldigitaldeasturias.com\/radio\/el-mejor-gol-de-la-primera-jornada-de-champions\/\" \/>\n\t<meta name=\"generator\" content=\"All in One SEO Pro (AIOSEO) 4.9.6.2\" \/>\n\t\t<meta property=\"og:locale\" content=\"es_ES\" \/>\n\t\t<meta property=\"og:site_name\" content=\"El Digital de Asturias | Diario de informaci\u00f3n y noticias\" \/>\n\t\t<meta property=\"og:type\" content=\"article\" \/>\n\t\t<meta property=\"og:title\" content=\"El mejor gol de la primera jornada de Champions | El Digital de Asturias\" \/>\n\t\t<meta property=\"og:description\" content=\"El entrenador le dice en el descanso, a un jugador que debuta con el equipo, hoy tienes que meter dos goles y resulta que el chico en la segunda parte mete dos\" \/>\n\t\t<meta property=\"og:url\" content=\"https:\/\/eldigitaldeasturias.com\/radio\/el-mejor-gol-de-la-primera-jornada-de-champions\/\" \/>\n\t\t<meta property=\"og:image\" content=\"https:\/\/eldigitaldeasturias.com\/radio\/wp-content\/uploads\/2025\/09\/Champions.jpg\" \/>\n\t\t<meta property=\"og:image:secure_url\" content=\"https:\/\/eldigitaldeasturias.com\/radio\/wp-content\/uploads\/2025\/09\/Champions.jpg\" \/>\n\t\t<meta property=\"og:image:width\" content=\"1035\" \/>\n\t\t<meta property=\"og:image:height\" content=\"684\" \/>\n\t\t<meta property=\"article:published_time\" content=\"2025-09-19T15:27:02+00:00\" \/>\n\t\t<meta property=\"article:modified_time\" content=\"2025-09-19T15:27:02+00:00\" \/>\n\t\t<meta name=\"twitter:card\" content=\"summary_large_image\" \/>\n\t\t<meta name=\"twitter:site\" content=\"@bercodi\" \/>\n\t\t<meta name=\"twitter:title\" content=\"El mejor gol de la primera jornada de Champions | El Digital de Asturias\" \/>\n\t\t<meta name=\"twitter:description\" content=\"El entrenador le dice en el descanso, a un jugador que debuta con el equipo, hoy tienes que meter dos goles y resulta que el chico en la segunda parte mete dos\" \/>\n\t\t<meta name=\"twitter:creator\" content=\"@bercodi\" \/>\n\t\t<meta name=\"twitter:image\" content=\"https:\/\/eldigitaldeasturias.com\/radio\/wp-content\/uploads\/2025\/09\/Champions.jpg\" \/>\n\t\t<script type=\"application\/ld+json\" class=\"aioseo-schema\">\n\t\t\t{\"@context\":\"https:\\\/\\\/schema.org\",\"@graph\":[{\"@type\":\"BreadcrumbList\",\"@id\":\"https:\\\/\\\/eldigitaldeasturias.com\\\/radio\\\/el-mejor-gol-de-la-primera-jornada-de-champions\\\/#breadcrumblist\",\"itemListElement\":[{\"@type\":\"ListItem\",\"@id\":\"https:\\\/\\\/eldigitaldeasturias.com\\\/radio#listItem\",\"position\":1,\"name\":\"Inicio\",\"item\":\"https:\\\/\\\/eldigitaldeasturias.com\\\/radio\",\"nextItem\":{\"@type\":\"ListItem\",\"@id\":\"https:\\\/\\\/eldigitaldeasturias.com\\\/radio\\\/category\\\/deporte\\\/#listItem\",\"name\":\"Deporte\"}},{\"@type\":\"ListItem\",\"@id\":\"https:\\\/\\\/eldigitaldeasturias.com\\\/radio\\\/category\\\/deporte\\\/#listItem\",\"position\":2,\"name\":\"Deporte\",\"item\":\"https:\\\/\\\/eldigitaldeasturias.com\\\/radio\\\/category\\\/deporte\\\/\",\"nextItem\":{\"@type\":\"ListItem\",\"@id\":\"https:\\\/\\\/eldigitaldeasturias.com\\\/radio\\\/el-mejor-gol-de-la-primera-jornada-de-champions\\\/#listItem\",\"name\":\"El mejor gol de la primera jornada de Champions\"},\"previousItem\":{\"@type\":\"ListItem\",\"@id\":\"https:\\\/\\\/eldigitaldeasturias.com\\\/radio#listItem\",\"name\":\"Inicio\"}},{\"@type\":\"ListItem\",\"@id\":\"https:\\\/\\\/eldigitaldeasturias.com\\\/radio\\\/el-mejor-gol-de-la-primera-jornada-de-champions\\\/#listItem\",\"position\":3,\"name\":\"El mejor gol de la primera jornada de Champions\",\"previousItem\":{\"@type\":\"ListItem\",\"@id\":\"https:\\\/\\\/eldigitaldeasturias.com\\\/radio\\\/category\\\/deporte\\\/#listItem\",\"name\":\"Deporte\"}}]},{\"@type\":\"NewsArticle\",\"@id\":\"https:\\\/\\\/eldigitaldeasturias.com\\\/radio\\\/el-mejor-gol-de-la-primera-jornada-de-champions\\\/#newsarticle\",\"name\":\"El mejor gol de la primera jornada de Champions | El Digital de Asturias\",\"headline\":\"El mejor gol de la primera jornada de Champions\",\"author\":{\"@id\":\"https:\\\/\\\/eldigitaldeasturias.com\\\/radio\\\/author\\\/nbasturias\\\/#author\"},\"publisher\":{\"@id\":\"https:\\\/\\\/eldigitaldeasturias.com\\\/radio\\\/#organization\"},\"image\":{\"@type\":\"ImageObject\",\"url\":\"https:\\\/\\\/eldigitaldeasturias.com\\\/radio\\\/wp-content\\\/uploads\\\/2025\\\/09\\\/Champions.jpg\",\"width\":1035,\"height\":684,\"caption\":\"Foto: 123rf.com\"},\"datePublished\":\"2025-09-19T17:27:02+02:00\",\"dateModified\":\"2025-09-19T17:27:02+02:00\",\"inLanguage\":\"es-ES\",\"mainEntityOfPage\":{\"@id\":\"https:\\\/\\\/eldigitaldeasturias.com\\\/radio\\\/el-mejor-gol-de-la-primera-jornada-de-champions\\\/#webpage\"},\"isPartOf\":{\"@id\":\"https:\\\/\\\/eldigitaldeasturias.com\\\/radio\\\/el-mejor-gol-de-la-primera-jornada-de-champions\\\/#webpage\"},\"articleSection\":\"Deporte, deportes\",\"dateline\":\"Publicado el septiembre 19, 2025.\"},{\"@type\":\"Organization\",\"@id\":\"https:\\\/\\\/eldigitaldeasturias.com\\\/radio\\\/#organization\",\"name\":\"El digital de Asturias Radio\",\"description\":\"Diario de informaci\\u00f3n y noticias\",\"url\":\"https:\\\/\\\/eldigitaldeasturias.com\\\/radio\\\/\",\"telephone\":\"+34652131393\",\"logo\":{\"@type\":\"ImageObject\",\"url\":\"https:\\\/\\\/www.eldigitaldeasturias.com\\\/radio\\\/wp-content\\\/uploads\\\/2021\\\/03\\\/EDA.jpg\",\"@id\":\"https:\\\/\\\/eldigitaldeasturias.com\\\/radio\\\/el-mejor-gol-de-la-primera-jornada-de-champions\\\/#organizationLogo\"},\"image\":{\"@id\":\"https:\\\/\\\/eldigitaldeasturias.com\\\/radio\\\/el-mejor-gol-de-la-primera-jornada-de-champions\\\/#organizationLogo\"},\"sameAs\":[\"https:\\\/\\\/www.facebook.com\\\/\",\"https:\\\/\\\/x.com\\\/bercodi\",\"https:\\\/\\\/www.instagram.com\\\/\",\"https:\\\/\\\/www.youtube.com\\\/channel\\\/UCZP-2wLEB9Rv6erhFmqVnvg\"]},{\"@type\":\"Person\",\"@id\":\"https:\\\/\\\/eldigitaldeasturias.com\\\/radio\\\/author\\\/nbasturias\\\/#author\",\"url\":\"https:\\\/\\\/eldigitaldeasturias.com\\\/radio\\\/author\\\/nbasturias\\\/\",\"name\":\"NBAsturias\",\"image\":{\"@type\":\"ImageObject\",\"@id\":\"https:\\\/\\\/eldigitaldeasturias.com\\\/radio\\\/el-mejor-gol-de-la-primera-jornada-de-champions\\\/#authorImage\",\"url\":\"https:\\\/\\\/secure.gravatar.com\\\/avatar\\\/df2aeffc32bcd13f8d26072ef8a91b623d677766deac7f97ca815868cd41bf5e?s=96&d=mm&r=g\",\"width\":96,\"height\":96,\"caption\":\"NBAsturias\"}},{\"@type\":\"WebPage\",\"@id\":\"https:\\\/\\\/eldigitaldeasturias.com\\\/radio\\\/el-mejor-gol-de-la-primera-jornada-de-champions\\\/#webpage\",\"url\":\"https:\\\/\\\/eldigitaldeasturias.com\\\/radio\\\/el-mejor-gol-de-la-primera-jornada-de-champions\\\/\",\"name\":\"El mejor gol de la primera jornada de Champions | El Digital de Asturias\",\"description\":\"El entrenador le dice en el descanso, a un jugador que debuta con el equipo, hoy tienes que meter dos goles y resulta que el chico en la segunda parte mete dos\",\"inLanguage\":\"es-ES\",\"isPartOf\":{\"@id\":\"https:\\\/\\\/eldigitaldeasturias.com\\\/radio\\\/#website\"},\"breadcrumb\":{\"@id\":\"https:\\\/\\\/eldigitaldeasturias.com\\\/radio\\\/el-mejor-gol-de-la-primera-jornada-de-champions\\\/#breadcrumblist\"},\"author\":{\"@id\":\"https:\\\/\\\/eldigitaldeasturias.com\\\/radio\\\/author\\\/nbasturias\\\/#author\"},\"creator\":{\"@id\":\"https:\\\/\\\/eldigitaldeasturias.com\\\/radio\\\/author\\\/nbasturias\\\/#author\"},\"image\":{\"@type\":\"ImageObject\",\"url\":\"https:\\\/\\\/eldigitaldeasturias.com\\\/radio\\\/wp-content\\\/uploads\\\/2025\\\/09\\\/Champions.jpg\",\"@id\":\"https:\\\/\\\/eldigitaldeasturias.com\\\/radio\\\/el-mejor-gol-de-la-primera-jornada-de-champions\\\/#mainImage\",\"width\":1035,\"height\":684,\"caption\":\"Foto: 123rf.com\"},\"primaryImageOfPage\":{\"@id\":\"https:\\\/\\\/eldigitaldeasturias.com\\\/radio\\\/el-mejor-gol-de-la-primera-jornada-de-champions\\\/#mainImage\"},\"datePublished\":\"2025-09-19T17:27:02+02:00\",\"dateModified\":\"2025-09-19T17:27:02+02:00\"},{\"@type\":\"WebSite\",\"@id\":\"https:\\\/\\\/eldigitaldeasturias.com\\\/radio\\\/#website\",\"url\":\"https:\\\/\\\/eldigitaldeasturias.com\\\/radio\\\/\",\"name\":\"El Digital de Asturias\",\"description\":\"Diario de informaci\\u00f3n y noticias\",\"inLanguage\":\"es-ES\",\"publisher\":{\"@id\":\"https:\\\/\\\/eldigitaldeasturias.com\\\/radio\\\/#organization\"}}]}\n\t\t<\/script>\n\t\t<!-- All in One SEO Pro -->\r\n\t\t<title>El mejor gol de la primera jornada de Champions | El Digital de Asturias<\/title>\n\n","aioseo_head_json":{"title":"El mejor gol de la primera jornada de Champions | El Digital de Asturias","description":"El entrenador le dice en el descanso, a un jugador que debuta con el equipo, hoy tienes que meter dos goles y resulta que el chico en la segunda parte mete dos","canonical_url":"https:\/\/eldigitaldeasturias.com\/radio\/el-mejor-gol-de-la-primera-jornada-de-champions\/","robots":"max-image-preview:large","keywords":"deporte","webmasterTools":{"google-site-verification":"UA-38556648-1","miscellaneous":""},"schema":{"@context":"https:\/\/schema.org","@graph":[{"@type":"BreadcrumbList","@id":"https:\/\/eldigitaldeasturias.com\/radio\/el-mejor-gol-de-la-primera-jornada-de-champions\/#breadcrumblist","itemListElement":[{"@type":"ListItem","@id":"https:\/\/eldigitaldeasturias.com\/radio#listItem","position":1,"name":"Inicio","item":"https:\/\/eldigitaldeasturias.com\/radio","nextItem":{"@type":"ListItem","@id":"https:\/\/eldigitaldeasturias.com\/radio\/category\/deporte\/#listItem","name":"Deporte"}},{"@type":"ListItem","@id":"https:\/\/eldigitaldeasturias.com\/radio\/category\/deporte\/#listItem","position":2,"name":"Deporte","item":"https:\/\/eldigitaldeasturias.com\/radio\/category\/deporte\/","nextItem":{"@type":"ListItem","@id":"https:\/\/eldigitaldeasturias.com\/radio\/el-mejor-gol-de-la-primera-jornada-de-champions\/#listItem","name":"El mejor gol de la primera jornada de Champions"},"previousItem":{"@type":"ListItem","@id":"https:\/\/eldigitaldeasturias.com\/radio#listItem","name":"Inicio"}},{"@type":"ListItem","@id":"https:\/\/eldigitaldeasturias.com\/radio\/el-mejor-gol-de-la-primera-jornada-de-champions\/#listItem","position":3,"name":"El mejor gol de la primera jornada de Champions","previousItem":{"@type":"ListItem","@id":"https:\/\/eldigitaldeasturias.com\/radio\/category\/deporte\/#listItem","name":"Deporte"}}]},{"@type":"NewsArticle","@id":"https:\/\/eldigitaldeasturias.com\/radio\/el-mejor-gol-de-la-primera-jornada-de-champions\/#newsarticle","name":"El mejor gol de la primera jornada de Champions | El Digital de Asturias","headline":"El mejor gol de la primera jornada de Champions","author":{"@id":"https:\/\/eldigitaldeasturias.com\/radio\/author\/nbasturias\/#author"},"publisher":{"@id":"https:\/\/eldigitaldeasturias.com\/radio\/#organization"},"image":{"@type":"ImageObject","url":"https:\/\/eldigitaldeasturias.com\/radio\/wp-content\/uploads\/2025\/09\/Champions.jpg","width":1035,"height":684,"caption":"Foto: 123rf.com"},"datePublished":"2025-09-19T17:27:02+02:00","dateModified":"2025-09-19T17:27:02+02:00","inLanguage":"es-ES","mainEntityOfPage":{"@id":"https:\/\/eldigitaldeasturias.com\/radio\/el-mejor-gol-de-la-primera-jornada-de-champions\/#webpage"},"isPartOf":{"@id":"https:\/\/eldigitaldeasturias.com\/radio\/el-mejor-gol-de-la-primera-jornada-de-champions\/#webpage"},"articleSection":"Deporte, deportes","dateline":"Publicado el septiembre 19, 2025."},{"@type":"Organization","@id":"https:\/\/eldigitaldeasturias.com\/radio\/#organization","name":"El digital de Asturias Radio","description":"Diario de informaci\u00f3n y noticias","url":"https:\/\/eldigitaldeasturias.com\/radio\/","telephone":"+34652131393","logo":{"@type":"ImageObject","url":"https:\/\/www.eldigitaldeasturias.com\/radio\/wp-content\/uploads\/2021\/03\/EDA.jpg","@id":"https:\/\/eldigitaldeasturias.com\/radio\/el-mejor-gol-de-la-primera-jornada-de-champions\/#organizationLogo"},"image":{"@id":"https:\/\/eldigitaldeasturias.com\/radio\/el-mejor-gol-de-la-primera-jornada-de-champions\/#organizationLogo"},"sameAs":["https:\/\/www.facebook.com\/","https:\/\/x.com\/bercodi","https:\/\/www.instagram.com\/","https:\/\/www.youtube.com\/channel\/UCZP-2wLEB9Rv6erhFmqVnvg"]},{"@type":"Person","@id":"https:\/\/eldigitaldeasturias.com\/radio\/author\/nbasturias\/#author","url":"https:\/\/eldigitaldeasturias.com\/radio\/author\/nbasturias\/","name":"NBAsturias","image":{"@type":"ImageObject","@id":"https:\/\/eldigitaldeasturias.com\/radio\/el-mejor-gol-de-la-primera-jornada-de-champions\/#authorImage","url":"https:\/\/secure.gravatar.com\/avatar\/df2aeffc32bcd13f8d26072ef8a91b623d677766deac7f97ca815868cd41bf5e?s=96&d=mm&r=g","width":96,"height":96,"caption":"NBAsturias"}},{"@type":"WebPage","@id":"https:\/\/eldigitaldeasturias.com\/radio\/el-mejor-gol-de-la-primera-jornada-de-champions\/#webpage","url":"https:\/\/eldigitaldeasturias.com\/radio\/el-mejor-gol-de-la-primera-jornada-de-champions\/","name":"El mejor gol de la primera jornada de Champions | El Digital de Asturias","description":"El entrenador le dice en el descanso, a un jugador que debuta con el equipo, hoy tienes que meter dos goles y resulta que el chico en la segunda parte mete dos","inLanguage":"es-ES","isPartOf":{"@id":"https:\/\/eldigitaldeasturias.com\/radio\/#website"},"breadcrumb":{"@id":"https:\/\/eldigitaldeasturias.com\/radio\/el-mejor-gol-de-la-primera-jornada-de-champions\/#breadcrumblist"},"author":{"@id":"https:\/\/eldigitaldeasturias.com\/radio\/author\/nbasturias\/#author"},"creator":{"@id":"https:\/\/eldigitaldeasturias.com\/radio\/author\/nbasturias\/#author"},"image":{"@type":"ImageObject","url":"https:\/\/eldigitaldeasturias.com\/radio\/wp-content\/uploads\/2025\/09\/Champions.jpg","@id":"https:\/\/eldigitaldeasturias.com\/radio\/el-mejor-gol-de-la-primera-jornada-de-champions\/#mainImage","width":1035,"height":684,"caption":"Foto: 123rf.com"},"primaryImageOfPage":{"@id":"https:\/\/eldigitaldeasturias.com\/radio\/el-mejor-gol-de-la-primera-jornada-de-champions\/#mainImage"},"datePublished":"2025-09-19T17:27:02+02:00","dateModified":"2025-09-19T17:27:02+02:00"},{"@type":"WebSite","@id":"https:\/\/eldigitaldeasturias.com\/radio\/#website","url":"https:\/\/eldigitaldeasturias.com\/radio\/","name":"El Digital de Asturias","description":"Diario de informaci\u00f3n y noticias","inLanguage":"es-ES","publisher":{"@id":"https:\/\/eldigitaldeasturias.com\/radio\/#organization"}}]},"og:locale":"es_ES","og:site_name":"El Digital de Asturias | Diario de informaci\u00f3n y noticias","og:type":"article","og:title":"El mejor gol de la primera jornada de Champions | El Digital de Asturias","og:description":"El entrenador le dice en el descanso, a un jugador que debuta con el equipo, hoy tienes que meter dos goles y resulta que el chico en la segunda parte mete dos","og:url":"https:\/\/eldigitaldeasturias.com\/radio\/el-mejor-gol-de-la-primera-jornada-de-champions\/","og:image":"https:\/\/eldigitaldeasturias.com\/radio\/wp-content\/uploads\/2025\/09\/Champions.jpg","og:image:secure_url":"https:\/\/eldigitaldeasturias.com\/radio\/wp-content\/uploads\/2025\/09\/Champions.jpg","og:image:width":1035,"og:image:height":684,"article:published_time":"2025-09-19T15:27:02+00:00","article:modified_time":"2025-09-19T15:27:02+00:00","twitter:card":"summary_large_image","twitter:site":"@bercodi","twitter:title":"El mejor gol de la primera jornada de Champions | El Digital de Asturias","twitter:description":"El entrenador le dice en el descanso, a un jugador que debuta con el equipo, hoy tienes que meter dos goles y resulta que el chico en la segunda parte mete dos","twitter:creator":"@bercodi","twitter:image":"https:\/\/eldigitaldeasturias.com\/radio\/wp-content\/uploads\/2025\/09\/Champions.jpg"},"aioseo_meta_data":{"post_id":"11045","title":null,"description":"El entrenador le dice en el descanso, a un jugador que debuta con el equipo, hoy tienes que meter dos goles y resulta que el chico en la segunda parte mete dos","keywords":null,"keyphrases":{"focus":{"keyphrase":"Champions","score":64,"analysis":{"keyphraseInTitle":{"score":9,"maxScore":9,"error":0},"keyphraseInDescription":{"score":3,"maxScore":9,"error":1},"keyphraseLength":{"score":9,"maxScore":9,"error":0,"length":1},"keyphraseInURL":{"score":5,"maxScore":5,"error":0},"keyphraseInIntroduction":{"score":3,"maxScore":9,"error":1},"keyphraseInSubHeadings":[],"keyphraseInImageAlt":{"score":9,"maxScore":9,"error":0},"keywordDensity":{"score":0,"type":"low","maxScore":9,"error":1}}},"additional":[{"keyphrase":"entrenador","score":87,"analysis":{"keyphraseInDescription":{"score":9,"maxScore":9,"error":0},"keyphraseLength":{"score":9,"maxScore":9,"error":0,"length":1},"keyphraseInIntroduction":{"score":9,"maxScore":9,"error":0},"keyphraseInImageAlt":{"score":3,"maxScore":9,"error":1},"keywordDensity":{"type":"best","score":9,"maxScore":9,"error":0}}}]},"primary_term":null,"canonical_url":null,"og_title":null,"og_description":null,"og_object_type":"default","og_image_type":"default","og_image_url":null,"og_image_width":null,"og_image_height":null,"og_image_custom_url":null,"og_image_custom_fields":null,"og_video":"","og_custom_url":null,"og_article_section":null,"og_article_tags":null,"twitter_use_og":false,"twitter_card":"default","twitter_image_type":"default","twitter_image_url":null,"twitter_image_custom_url":null,"twitter_image_custom_fields":null,"twitter_title":null,"twitter_description":null,"schema":{"blockGraphs":[],"customGraphs":[],"default":{"data":{"Article":[],"Course":[],"Dataset":[],"FAQPage":[],"Movie":[],"Person":[],"Product":[],"ProductReview":[],"Car":[],"Recipe":[],"Service":[],"SoftwareApplication":[],"WebPage":[]},"graphName":"NewsArticle","isEnabled":true},"graphs":[]},"schema_type":"default","schema_type_options":null,"pillar_content":false,"robots_default":true,"robots_noindex":false,"robots_noarchive":false,"robots_nosnippet":false,"robots_nofollow":false,"robots_noimageindex":false,"robots_noodp":false,"robots_notranslate":false,"robots_max_snippet":"-1","robots_max_videopreview":"-1","robots_max_imagepreview":"large","priority":null,"frequency":"default","location":null,"local_seo":null,"seo_analyzer_scan_date":"2025-09-19 15:31:19","breadcrumb_settings":null,"limit_modified_date":false,"open_ai":null,"ai":{"faqs":[],"keyPoints":[],"titles":[],"descriptions":[],"socialPosts":{"email":[],"linkedin":[],"twitter":[],"facebook":[],"instagram":[]}},"created":"2025-09-19 15:20:08","updated":"2025-09-19 15:39:20"},"aioseo_breadcrumb":"<div class=\"aioseo-breadcrumbs\"><span class=\"aioseo-breadcrumb\">\n\t<a href=\"https:\/\/eldigitaldeasturias.com\/radio\" title=\"Inicio\">Inicio<\/a>\n<\/span><span class=\"aioseo-breadcrumb-separator\">&ndash;<\/span><span class=\"aioseo-breadcrumb\">\n\t<a href=\"https:\/\/eldigitaldeasturias.com\/radio\/category\/deporte\/\" title=\"Deporte\">Deporte<\/a>\n<\/span><span class=\"aioseo-breadcrumb-separator\">&ndash;<\/span><span class=\"aioseo-breadcrumb\">\n\tEl mejor gol de la primera jornada de Champions\n<\/span><\/div>","aioseo_breadcrumb_json":[{"label":"Inicio","link":"https:\/\/eldigitaldeasturias.com\/radio"},{"label":"Deporte","link":"https:\/\/eldigitaldeasturias.com\/radio\/category\/deporte\/"},{"label":"El mejor gol de la primera jornada de Champions","link":"https:\/\/eldigitaldeasturias.com\/radio\/el-mejor-gol-de-la-primera-jornada-de-champions\/"}],"_links":{"self":[{"href":"https:\/\/eldigitaldeasturias.com\/radio\/wp-json\/wp\/v2\/posts\/11045","targetHints":{"allow":["GET"]}}],"collection":[{"href":"https:\/\/eldigitaldeasturias.com\/radio\/wp-json\/wp\/v2\/posts"}],"about":[{"href":"https:\/\/eldigitaldeasturias.com\/radio\/wp-json\/wp\/v2\/types\/post"}],"author":[{"embeddable":true,"href":"https:\/\/eldigitaldeasturias.com\/radio\/wp-json\/wp\/v2\/users\/1"}],"replies":[{"embeddable":true,"href":"https:\/\/eldigitaldeasturias.com\/radio\/wp-json\/wp\/v2\/comments?post=11045"}],"version-history":[{"count":0,"href":"https:\/\/eldigitaldeasturias.com\/radio\/wp-json\/wp\/v2\/posts\/11045\/revisions"}],"wp:featuredmedia":[{"embeddable":true,"href":"https:\/\/eldigitaldeasturias.com\/radio\/wp-json\/wp\/v2\/media\/11046"}],"wp:attachment":[{"href":"https:\/\/eldigitaldeasturias.com\/radio\/wp-json\/wp\/v2\/media?parent=11045"}],"wp:term":[{"taxonomy":"category","embeddable":true,"href":"https:\/\/eldigitaldeasturias.com\/radio\/wp-json\/wp\/v2\/categories?post=11045"},{"taxonomy":"post_tag","embeddable":true,"href":"https:\/\/eldigitaldeasturias.com\/radio\/wp-json\/wp\/v2\/tags?post=11045"}],"curies":[{"name":"wp","href":"https:\/\/api.w.org\/{rel}","templated":true}]}}