{"id":11035,"date":"2025-09-19T14:36:49","date_gmt":"2025-09-19T12:36:49","guid":{"rendered":"https:\/\/eldigitaldeasturias.com\/radio\/?p=11035"},"modified":"2025-09-19T14:36:49","modified_gmt":"2025-09-19T12:36:49","slug":"dia-mundial-alzheimer-2025-en-asturias","status":"publish","type":"post","link":"https:\/\/eldigitaldeasturias.com\/radio\/dia-mundial-alzheimer-2025-en-asturias\/","title":{"rendered":"D\u00eda Mundial Alzheimer 2025 en Asturias"},"content":{"rendered":"<p>La consejera de Derechos Sociales y Bienestar, Marta del Arco, ha inaugurado 19 de septiembre la jornada<span style=\"color: #ff6600;\"> <a style=\"color: #ff6600;\" href=\"https:\/\/eldigitaldeasturias.com\/radio\/category\/salud\/\"><strong>D\u00eda Mundial Alzheimer 2025<\/strong><\/a><\/span>, organizada por la consejer\u00eda, junto con el director general de Promoci\u00f3n de la Autonom\u00eda Personal y Mayores, Enrique Rodr\u00edguez Nu\u00f1o.<\/p>\n<figure id=\"attachment_11036\" aria-describedby=\"caption-attachment-11036\" style=\"width: 650px\" class=\"wp-caption aligncenter\"><img fetchpriority=\"high\" decoding=\"async\" class=\"size-large wp-image-11036\" src=\"https:\/\/eldigitaldeasturias.com\/radio\/wp-content\/uploads\/2025\/09\/Dia-Mundial-Alzheimer-2025-en-Asturias--650x464.jpg\" alt=\"D\u00eda Mundial Alzheimer 2025 en Asturias\" width=\"650\" height=\"464\" srcset=\"https:\/\/eldigitaldeasturias.com\/radio\/wp-content\/uploads\/2025\/09\/Dia-Mundial-Alzheimer-2025-en-Asturias--650x464.jpg 650w, https:\/\/eldigitaldeasturias.com\/radio\/wp-content\/uploads\/2025\/09\/Dia-Mundial-Alzheimer-2025-en-Asturias--360x257.jpg 360w, https:\/\/eldigitaldeasturias.com\/radio\/wp-content\/uploads\/2025\/09\/Dia-Mundial-Alzheimer-2025-en-Asturias--768x548.jpg 768w, https:\/\/eldigitaldeasturias.com\/radio\/wp-content\/uploads\/2025\/09\/Dia-Mundial-Alzheimer-2025-en-Asturias--150x107.jpg 150w, https:\/\/eldigitaldeasturias.com\/radio\/wp-content\/uploads\/2025\/09\/Dia-Mundial-Alzheimer-2025-en-Asturias--450x321.jpg 450w, https:\/\/eldigitaldeasturias.com\/radio\/wp-content\/uploads\/2025\/09\/Dia-Mundial-Alzheimer-2025-en-Asturias-.jpg 915w\" sizes=\"(max-width: 650px) 100vw, 650px\" \/><figcaption id=\"caption-attachment-11036\" class=\"wp-caption-text\">Foto: Prensa Gobierno<\/figcaption><\/figure>\n<p>Puedes ver m\u00e1s fotos de la <strong>actualidad de Asturias<\/strong> y del resto del mundo en nuestras diferentes <span style=\"color: #ff6600;\"><a style=\"color: #ff6600;\" href=\"https:\/\/www.facebook.com\/Nachofdezber\" target=\"_blank\" rel=\"noopener\"><strong>redes sociales<\/strong><\/a><\/span> y tambi\u00e9n aqu\u00ed en nuestro diario digital.<\/p>\n","protected":false},"excerpt":{"rendered":"<p>La consejera de Derechos Sociales y Bienestar, Marta del Arco, ha inaugurado 19 de septiembre la jornada D\u00eda Mundial Alzheimer 2025, organizada por la consejer\u00eda, junto con el director general de Promoci\u00f3n de la Autonom\u00eda Personal y Mayores, Enrique Rodr\u00edguez Nu\u00f1o. Puedes ver m\u00e1s fotos de la actualidad de Asturias y del resto del mundo<\/p>\n","protected":false},"author":1,"featured_media":11036,"comment_status":"closed","ping_status":"closed","sticky":false,"template":"","format":"image","meta":{"footnotes":""},"categories":[131],"tags":[],"class_list":{"0":"post-11035","1":"post","2":"type-post","3":"status-publish","4":"format-image","5":"has-post-thumbnail","7":"category-multimedia","8":"post_format-post-format-image"},"aioseo_notices":[],"aioseo_head":"\n\t\t<!-- All in One SEO Pro 4.9.6.2 - aioseo.com -->\n\t<meta name=\"description\" content=\"La consejera de Derechos Sociales y Bienestar, Marta del Arco, ha inaugurado 19 de septiembre la jornada D\u00eda Mundial Alzheimer 2025, organizada por la consejer\u00eda\" \/>\n\t<meta name=\"robots\" content=\"max-image-preview:large\" \/>\n\t<meta name=\"author\" content=\"NBAsturias\"\/>\n\t<meta name=\"google-site-verification\" content=\"UA-38556648-1\" \/>\n\t<meta name=\"keywords\" content=\"multimedia\" \/>\n\t<link rel=\"canonical\" href=\"https:\/\/eldigitaldeasturias.com\/radio\/dia-mundial-alzheimer-2025-en-asturias\/\" \/>\n\t<meta name=\"generator\" content=\"All in One SEO Pro (AIOSEO) 4.9.6.2\" \/>\n\t\t<meta property=\"og:locale\" content=\"es_ES\" \/>\n\t\t<meta property=\"og:site_name\" content=\"El Digital de Asturias | Diario de informaci\u00f3n y noticias\" \/>\n\t\t<meta property=\"og:type\" content=\"article\" \/>\n\t\t<meta property=\"og:title\" content=\"D\u00eda Mundial Alzheimer 2025 en Asturias | El Digital de Asturias\" \/>\n\t\t<meta property=\"og:description\" content=\"La consejera de Derechos Sociales y Bienestar, Marta del Arco, ha inaugurado 19 de septiembre la jornada D\u00eda Mundial Alzheimer 2025, organizada por la consejer\u00eda\" \/>\n\t\t<meta property=\"og:url\" content=\"https:\/\/eldigitaldeasturias.com\/radio\/dia-mundial-alzheimer-2025-en-asturias\/\" \/>\n\t\t<meta property=\"og:image\" content=\"https:\/\/eldigitaldeasturias.com\/radio\/wp-content\/uploads\/2025\/09\/Dia-Mundial-Alzheimer-2025-en-Asturias-.jpg\" \/>\n\t\t<meta property=\"og:image:secure_url\" content=\"https:\/\/eldigitaldeasturias.com\/radio\/wp-content\/uploads\/2025\/09\/Dia-Mundial-Alzheimer-2025-en-Asturias-.jpg\" \/>\n\t\t<meta property=\"og:image:width\" content=\"915\" \/>\n\t\t<meta property=\"og:image:height\" content=\"653\" \/>\n\t\t<meta property=\"article:published_time\" content=\"2025-09-19T12:36:49+00:00\" \/>\n\t\t<meta property=\"article:modified_time\" content=\"2025-09-19T12:36:49+00:00\" \/>\n\t\t<meta name=\"twitter:card\" content=\"summary_large_image\" \/>\n\t\t<meta name=\"twitter:site\" content=\"@bercodi\" \/>\n\t\t<meta name=\"twitter:title\" content=\"D\u00eda Mundial Alzheimer 2025 en Asturias | El Digital de Asturias\" \/>\n\t\t<meta name=\"twitter:description\" content=\"La consejera de Derechos Sociales y Bienestar, Marta del Arco, ha inaugurado 19 de septiembre la jornada D\u00eda Mundial Alzheimer 2025, organizada por la consejer\u00eda\" \/>\n\t\t<meta name=\"twitter:creator\" content=\"@bercodi\" \/>\n\t\t<meta name=\"twitter:image\" content=\"https:\/\/eldigitaldeasturias.com\/radio\/wp-content\/uploads\/2025\/09\/Dia-Mundial-Alzheimer-2025-en-Asturias-.jpg\" \/>\n\t\t<script type=\"application\/ld+json\" class=\"aioseo-schema\">\n\t\t\t{\"@context\":\"https:\\\/\\\/schema.org\",\"@graph\":[{\"@type\":\"BreadcrumbList\",\"@id\":\"https:\\\/\\\/eldigitaldeasturias.com\\\/radio\\\/dia-mundial-alzheimer-2025-en-asturias\\\/#breadcrumblist\",\"itemListElement\":[{\"@type\":\"ListItem\",\"@id\":\"https:\\\/\\\/eldigitaldeasturias.com\\\/radio#listItem\",\"position\":1,\"name\":\"Inicio\",\"item\":\"https:\\\/\\\/eldigitaldeasturias.com\\\/radio\",\"nextItem\":{\"@type\":\"ListItem\",\"@id\":\"https:\\\/\\\/eldigitaldeasturias.com\\\/radio\\\/category\\\/multimedia\\\/#listItem\",\"name\":\"Multimedia\"}},{\"@type\":\"ListItem\",\"@id\":\"https:\\\/\\\/eldigitaldeasturias.com\\\/radio\\\/category\\\/multimedia\\\/#listItem\",\"position\":2,\"name\":\"Multimedia\",\"item\":\"https:\\\/\\\/eldigitaldeasturias.com\\\/radio\\\/category\\\/multimedia\\\/\",\"nextItem\":{\"@type\":\"ListItem\",\"@id\":\"https:\\\/\\\/eldigitaldeasturias.com\\\/radio\\\/dia-mundial-alzheimer-2025-en-asturias\\\/#listItem\",\"name\":\"D\\u00eda Mundial Alzheimer 2025 en Asturias\"},\"previousItem\":{\"@type\":\"ListItem\",\"@id\":\"https:\\\/\\\/eldigitaldeasturias.com\\\/radio#listItem\",\"name\":\"Inicio\"}},{\"@type\":\"ListItem\",\"@id\":\"https:\\\/\\\/eldigitaldeasturias.com\\\/radio\\\/dia-mundial-alzheimer-2025-en-asturias\\\/#listItem\",\"position\":3,\"name\":\"D\\u00eda Mundial Alzheimer 2025 en Asturias\",\"previousItem\":{\"@type\":\"ListItem\",\"@id\":\"https:\\\/\\\/eldigitaldeasturias.com\\\/radio\\\/category\\\/multimedia\\\/#listItem\",\"name\":\"Multimedia\"}}]},{\"@type\":\"NewsArticle\",\"@id\":\"https:\\\/\\\/eldigitaldeasturias.com\\\/radio\\\/dia-mundial-alzheimer-2025-en-asturias\\\/#newsarticle\",\"name\":\"D\\u00eda Mundial Alzheimer 2025 en Asturias | El Digital de Asturias\",\"headline\":\"D\\u00eda Mundial Alzheimer 2025 en Asturias\",\"author\":{\"@id\":\"https:\\\/\\\/eldigitaldeasturias.com\\\/radio\\\/author\\\/nbasturias\\\/#author\"},\"publisher\":{\"@id\":\"https:\\\/\\\/eldigitaldeasturias.com\\\/radio\\\/#organization\"},\"image\":{\"@type\":\"ImageObject\",\"url\":\"https:\\\/\\\/eldigitaldeasturias.com\\\/radio\\\/wp-content\\\/uploads\\\/2025\\\/09\\\/Dia-Mundial-Alzheimer-2025-en-Asturias-.jpg\",\"width\":915,\"height\":653,\"caption\":\"Foto: Prensa Gobierno\"},\"datePublished\":\"2025-09-19T14:36:49+02:00\",\"dateModified\":\"2025-09-19T14:36:49+02:00\",\"inLanguage\":\"es-ES\",\"mainEntityOfPage\":{\"@id\":\"https:\\\/\\\/eldigitaldeasturias.com\\\/radio\\\/dia-mundial-alzheimer-2025-en-asturias\\\/#webpage\"},\"isPartOf\":{\"@id\":\"https:\\\/\\\/eldigitaldeasturias.com\\\/radio\\\/dia-mundial-alzheimer-2025-en-asturias\\\/#webpage\"},\"articleSection\":\"Multimedia, Imagen\",\"dateline\":\"Publicado el septiembre 19, 2025.\"},{\"@type\":\"Organization\",\"@id\":\"https:\\\/\\\/eldigitaldeasturias.com\\\/radio\\\/#organization\",\"name\":\"El digital de Asturias Radio\",\"description\":\"Diario de informaci\\u00f3n y noticias\",\"url\":\"https:\\\/\\\/eldigitaldeasturias.com\\\/radio\\\/\",\"telephone\":\"+34652131393\",\"logo\":{\"@type\":\"ImageObject\",\"url\":\"https:\\\/\\\/www.eldigitaldeasturias.com\\\/radio\\\/wp-content\\\/uploads\\\/2021\\\/03\\\/EDA.jpg\",\"@id\":\"https:\\\/\\\/eldigitaldeasturias.com\\\/radio\\\/dia-mundial-alzheimer-2025-en-asturias\\\/#organizationLogo\"},\"image\":{\"@id\":\"https:\\\/\\\/eldigitaldeasturias.com\\\/radio\\\/dia-mundial-alzheimer-2025-en-asturias\\\/#organizationLogo\"},\"sameAs\":[\"https:\\\/\\\/www.facebook.com\\\/\",\"https:\\\/\\\/x.com\\\/bercodi\",\"https:\\\/\\\/www.instagram.com\\\/\",\"https:\\\/\\\/www.youtube.com\\\/channel\\\/UCZP-2wLEB9Rv6erhFmqVnvg\"]},{\"@type\":\"Person\",\"@id\":\"https:\\\/\\\/eldigitaldeasturias.com\\\/radio\\\/author\\\/nbasturias\\\/#author\",\"url\":\"https:\\\/\\\/eldigitaldeasturias.com\\\/radio\\\/author\\\/nbasturias\\\/\",\"name\":\"NBAsturias\",\"image\":{\"@type\":\"ImageObject\",\"@id\":\"https:\\\/\\\/eldigitaldeasturias.com\\\/radio\\\/dia-mundial-alzheimer-2025-en-asturias\\\/#authorImage\",\"url\":\"https:\\\/\\\/secure.gravatar.com\\\/avatar\\\/df2aeffc32bcd13f8d26072ef8a91b623d677766deac7f97ca815868cd41bf5e?s=96&d=mm&r=g\",\"width\":96,\"height\":96,\"caption\":\"NBAsturias\"}},{\"@type\":\"WebPage\",\"@id\":\"https:\\\/\\\/eldigitaldeasturias.com\\\/radio\\\/dia-mundial-alzheimer-2025-en-asturias\\\/#webpage\",\"url\":\"https:\\\/\\\/eldigitaldeasturias.com\\\/radio\\\/dia-mundial-alzheimer-2025-en-asturias\\\/\",\"name\":\"D\\u00eda Mundial Alzheimer 2025 en Asturias | El Digital de Asturias\",\"description\":\"La consejera de Derechos Sociales y Bienestar, Marta del Arco, ha inaugurado 19 de septiembre la jornada D\\u00eda Mundial Alzheimer 2025, organizada por la consejer\\u00eda\",\"inLanguage\":\"es-ES\",\"isPartOf\":{\"@id\":\"https:\\\/\\\/eldigitaldeasturias.com\\\/radio\\\/#website\"},\"breadcrumb\":{\"@id\":\"https:\\\/\\\/eldigitaldeasturias.com\\\/radio\\\/dia-mundial-alzheimer-2025-en-asturias\\\/#breadcrumblist\"},\"author\":{\"@id\":\"https:\\\/\\\/eldigitaldeasturias.com\\\/radio\\\/author\\\/nbasturias\\\/#author\"},\"creator\":{\"@id\":\"https:\\\/\\\/eldigitaldeasturias.com\\\/radio\\\/author\\\/nbasturias\\\/#author\"},\"image\":{\"@type\":\"ImageObject\",\"url\":\"https:\\\/\\\/eldigitaldeasturias.com\\\/radio\\\/wp-content\\\/uploads\\\/2025\\\/09\\\/Dia-Mundial-Alzheimer-2025-en-Asturias-.jpg\",\"@id\":\"https:\\\/\\\/eldigitaldeasturias.com\\\/radio\\\/dia-mundial-alzheimer-2025-en-asturias\\\/#mainImage\",\"width\":915,\"height\":653,\"caption\":\"Foto: Prensa Gobierno\"},\"primaryImageOfPage\":{\"@id\":\"https:\\\/\\\/eldigitaldeasturias.com\\\/radio\\\/dia-mundial-alzheimer-2025-en-asturias\\\/#mainImage\"},\"datePublished\":\"2025-09-19T14:36:49+02:00\",\"dateModified\":\"2025-09-19T14:36:49+02:00\"},{\"@type\":\"WebSite\",\"@id\":\"https:\\\/\\\/eldigitaldeasturias.com\\\/radio\\\/#website\",\"url\":\"https:\\\/\\\/eldigitaldeasturias.com\\\/radio\\\/\",\"name\":\"El Digital de Asturias\",\"description\":\"Diario de informaci\\u00f3n y noticias\",\"inLanguage\":\"es-ES\",\"publisher\":{\"@id\":\"https:\\\/\\\/eldigitaldeasturias.com\\\/radio\\\/#organization\"}}]}\n\t\t<\/script>\n\t\t<!-- All in One SEO Pro -->\r\n\t\t<title>D\u00eda Mundial Alzheimer 2025 en Asturias | El Digital de Asturias<\/title>\n\n","aioseo_head_json":{"title":"D\u00eda Mundial Alzheimer 2025 en Asturias | El Digital de Asturias","description":"La consejera de Derechos Sociales y Bienestar, Marta del Arco, ha inaugurado 19 de septiembre la jornada D\u00eda Mundial Alzheimer 2025, organizada por la consejer\u00eda","canonical_url":"https:\/\/eldigitaldeasturias.com\/radio\/dia-mundial-alzheimer-2025-en-asturias\/","robots":"max-image-preview:large","keywords":"multimedia","webmasterTools":{"google-site-verification":"UA-38556648-1","miscellaneous":""},"schema":{"@context":"https:\/\/schema.org","@graph":[{"@type":"BreadcrumbList","@id":"https:\/\/eldigitaldeasturias.com\/radio\/dia-mundial-alzheimer-2025-en-asturias\/#breadcrumblist","itemListElement":[{"@type":"ListItem","@id":"https:\/\/eldigitaldeasturias.com\/radio#listItem","position":1,"name":"Inicio","item":"https:\/\/eldigitaldeasturias.com\/radio","nextItem":{"@type":"ListItem","@id":"https:\/\/eldigitaldeasturias.com\/radio\/category\/multimedia\/#listItem","name":"Multimedia"}},{"@type":"ListItem","@id":"https:\/\/eldigitaldeasturias.com\/radio\/category\/multimedia\/#listItem","position":2,"name":"Multimedia","item":"https:\/\/eldigitaldeasturias.com\/radio\/category\/multimedia\/","nextItem":{"@type":"ListItem","@id":"https:\/\/eldigitaldeasturias.com\/radio\/dia-mundial-alzheimer-2025-en-asturias\/#listItem","name":"D\u00eda Mundial Alzheimer 2025 en Asturias"},"previousItem":{"@type":"ListItem","@id":"https:\/\/eldigitaldeasturias.com\/radio#listItem","name":"Inicio"}},{"@type":"ListItem","@id":"https:\/\/eldigitaldeasturias.com\/radio\/dia-mundial-alzheimer-2025-en-asturias\/#listItem","position":3,"name":"D\u00eda Mundial Alzheimer 2025 en Asturias","previousItem":{"@type":"ListItem","@id":"https:\/\/eldigitaldeasturias.com\/radio\/category\/multimedia\/#listItem","name":"Multimedia"}}]},{"@type":"NewsArticle","@id":"https:\/\/eldigitaldeasturias.com\/radio\/dia-mundial-alzheimer-2025-en-asturias\/#newsarticle","name":"D\u00eda Mundial Alzheimer 2025 en Asturias | El Digital de Asturias","headline":"D\u00eda Mundial Alzheimer 2025 en Asturias","author":{"@id":"https:\/\/eldigitaldeasturias.com\/radio\/author\/nbasturias\/#author"},"publisher":{"@id":"https:\/\/eldigitaldeasturias.com\/radio\/#organization"},"image":{"@type":"ImageObject","url":"https:\/\/eldigitaldeasturias.com\/radio\/wp-content\/uploads\/2025\/09\/Dia-Mundial-Alzheimer-2025-en-Asturias-.jpg","width":915,"height":653,"caption":"Foto: Prensa Gobierno"},"datePublished":"2025-09-19T14:36:49+02:00","dateModified":"2025-09-19T14:36:49+02:00","inLanguage":"es-ES","mainEntityOfPage":{"@id":"https:\/\/eldigitaldeasturias.com\/radio\/dia-mundial-alzheimer-2025-en-asturias\/#webpage"},"isPartOf":{"@id":"https:\/\/eldigitaldeasturias.com\/radio\/dia-mundial-alzheimer-2025-en-asturias\/#webpage"},"articleSection":"Multimedia, Imagen","dateline":"Publicado el septiembre 19, 2025."},{"@type":"Organization","@id":"https:\/\/eldigitaldeasturias.com\/radio\/#organization","name":"El digital de Asturias Radio","description":"Diario de informaci\u00f3n y noticias","url":"https:\/\/eldigitaldeasturias.com\/radio\/","telephone":"+34652131393","logo":{"@type":"ImageObject","url":"https:\/\/www.eldigitaldeasturias.com\/radio\/wp-content\/uploads\/2021\/03\/EDA.jpg","@id":"https:\/\/eldigitaldeasturias.com\/radio\/dia-mundial-alzheimer-2025-en-asturias\/#organizationLogo"},"image":{"@id":"https:\/\/eldigitaldeasturias.com\/radio\/dia-mundial-alzheimer-2025-en-asturias\/#organizationLogo"},"sameAs":["https:\/\/www.facebook.com\/","https:\/\/x.com\/bercodi","https:\/\/www.instagram.com\/","https:\/\/www.youtube.com\/channel\/UCZP-2wLEB9Rv6erhFmqVnvg"]},{"@type":"Person","@id":"https:\/\/eldigitaldeasturias.com\/radio\/author\/nbasturias\/#author","url":"https:\/\/eldigitaldeasturias.com\/radio\/author\/nbasturias\/","name":"NBAsturias","image":{"@type":"ImageObject","@id":"https:\/\/eldigitaldeasturias.com\/radio\/dia-mundial-alzheimer-2025-en-asturias\/#authorImage","url":"https:\/\/secure.gravatar.com\/avatar\/df2aeffc32bcd13f8d26072ef8a91b623d677766deac7f97ca815868cd41bf5e?s=96&d=mm&r=g","width":96,"height":96,"caption":"NBAsturias"}},{"@type":"WebPage","@id":"https:\/\/eldigitaldeasturias.com\/radio\/dia-mundial-alzheimer-2025-en-asturias\/#webpage","url":"https:\/\/eldigitaldeasturias.com\/radio\/dia-mundial-alzheimer-2025-en-asturias\/","name":"D\u00eda Mundial Alzheimer 2025 en Asturias | El Digital de Asturias","description":"La consejera de Derechos Sociales y Bienestar, Marta del Arco, ha inaugurado 19 de septiembre la jornada D\u00eda Mundial Alzheimer 2025, organizada por la consejer\u00eda","inLanguage":"es-ES","isPartOf":{"@id":"https:\/\/eldigitaldeasturias.com\/radio\/#website"},"breadcrumb":{"@id":"https:\/\/eldigitaldeasturias.com\/radio\/dia-mundial-alzheimer-2025-en-asturias\/#breadcrumblist"},"author":{"@id":"https:\/\/eldigitaldeasturias.com\/radio\/author\/nbasturias\/#author"},"creator":{"@id":"https:\/\/eldigitaldeasturias.com\/radio\/author\/nbasturias\/#author"},"image":{"@type":"ImageObject","url":"https:\/\/eldigitaldeasturias.com\/radio\/wp-content\/uploads\/2025\/09\/Dia-Mundial-Alzheimer-2025-en-Asturias-.jpg","@id":"https:\/\/eldigitaldeasturias.com\/radio\/dia-mundial-alzheimer-2025-en-asturias\/#mainImage","width":915,"height":653,"caption":"Foto: Prensa Gobierno"},"primaryImageOfPage":{"@id":"https:\/\/eldigitaldeasturias.com\/radio\/dia-mundial-alzheimer-2025-en-asturias\/#mainImage"},"datePublished":"2025-09-19T14:36:49+02:00","dateModified":"2025-09-19T14:36:49+02:00"},{"@type":"WebSite","@id":"https:\/\/eldigitaldeasturias.com\/radio\/#website","url":"https:\/\/eldigitaldeasturias.com\/radio\/","name":"El Digital de Asturias","description":"Diario de informaci\u00f3n y noticias","inLanguage":"es-ES","publisher":{"@id":"https:\/\/eldigitaldeasturias.com\/radio\/#organization"}}]},"og:locale":"es_ES","og:site_name":"El Digital de Asturias | Diario de informaci\u00f3n y noticias","og:type":"article","og:title":"D\u00eda Mundial Alzheimer 2025 en Asturias | El Digital de Asturias","og:description":"La consejera de Derechos Sociales y Bienestar, Marta del Arco, ha inaugurado 19 de septiembre la jornada D\u00eda Mundial Alzheimer 2025, organizada por la consejer\u00eda","og:url":"https:\/\/eldigitaldeasturias.com\/radio\/dia-mundial-alzheimer-2025-en-asturias\/","og:image":"https:\/\/eldigitaldeasturias.com\/radio\/wp-content\/uploads\/2025\/09\/Dia-Mundial-Alzheimer-2025-en-Asturias-.jpg","og:image:secure_url":"https:\/\/eldigitaldeasturias.com\/radio\/wp-content\/uploads\/2025\/09\/Dia-Mundial-Alzheimer-2025-en-Asturias-.jpg","og:image:width":915,"og:image:height":653,"article:published_time":"2025-09-19T12:36:49+00:00","article:modified_time":"2025-09-19T12:36:49+00:00","twitter:card":"summary_large_image","twitter:site":"@bercodi","twitter:title":"D\u00eda Mundial Alzheimer 2025 en Asturias | El Digital de Asturias","twitter:description":"La consejera de Derechos Sociales y Bienestar, Marta del Arco, ha inaugurado 19 de septiembre la jornada D\u00eda Mundial Alzheimer 2025, organizada por la consejer\u00eda","twitter:creator":"@bercodi","twitter:image":"https:\/\/eldigitaldeasturias.com\/radio\/wp-content\/uploads\/2025\/09\/Dia-Mundial-Alzheimer-2025-en-Asturias-.jpg"},"aioseo_meta_data":{"post_id":"11035","title":null,"description":"La consejera de Derechos Sociales y Bienestar, Marta del Arco, ha inaugurado 19 de septiembre la jornada D\u00eda Mundial Alzheimer 2025, organizada por la consejer\u00eda","keywords":null,"keyphrases":{"focus":{"keyphrase":"Alzheimer","score":100,"analysis":{"keyphraseInTitle":{"score":9,"maxScore":9,"error":0},"keyphraseInDescription":{"score":9,"maxScore":9,"error":0},"keyphraseLength":{"score":9,"maxScore":9,"error":0,"length":1},"keyphraseInURL":{"score":5,"maxScore":5,"error":0},"keyphraseInIntroduction":{"score":9,"maxScore":9,"error":0},"keyphraseInSubHeadings":[],"keyphraseInImageAlt":{"score":9,"maxScore":9,"error":0},"keywordDensity":{"type":"best","score":9,"maxScore":9,"error":0}}},"additional":[{"keyphrase":"Alzheimer","score":100,"analysis":{"keyphraseInDescription":{"score":9,"maxScore":9,"error":0},"keyphraseLength":{"score":9,"maxScore":9,"error":0,"length":1},"keyphraseInIntroduction":{"score":9,"maxScore":9,"error":0},"keyphraseInImageAlt":{"score":9,"maxScore":9,"error":0},"keywordDensity":{"type":"best","score":9,"maxScore":9,"error":0}}}]},"primary_term":null,"canonical_url":null,"og_title":null,"og_description":null,"og_object_type":"default","og_image_type":"default","og_image_url":null,"og_image_width":null,"og_image_height":null,"og_image_custom_url":null,"og_image_custom_fields":null,"og_video":"","og_custom_url":null,"og_article_section":null,"og_article_tags":null,"twitter_use_og":false,"twitter_card":"default","twitter_image_type":"default","twitter_image_url":null,"twitter_image_custom_url":null,"twitter_image_custom_fields":null,"twitter_title":null,"twitter_description":null,"schema":{"blockGraphs":[],"customGraphs":[],"default":{"data":{"Article":[],"Course":[],"Dataset":[],"FAQPage":[],"Movie":[],"Person":[],"Product":[],"ProductReview":[],"Car":[],"Recipe":[],"Service":[],"SoftwareApplication":[],"WebPage":[]},"graphName":"NewsArticle","isEnabled":true},"graphs":[]},"schema_type":"default","schema_type_options":null,"pillar_content":false,"robots_default":true,"robots_noindex":false,"robots_noarchive":false,"robots_nosnippet":false,"robots_nofollow":false,"robots_noimageindex":false,"robots_noodp":false,"robots_notranslate":false,"robots_max_snippet":"-1","robots_max_videopreview":"-1","robots_max_imagepreview":"large","priority":null,"frequency":"default","location":null,"local_seo":null,"seo_analyzer_scan_date":"2025-09-19 12:41:09","breadcrumb_settings":null,"limit_modified_date":false,"open_ai":null,"ai":{"faqs":[],"keyPoints":[],"titles":[],"descriptions":[],"socialPosts":{"email":[],"linkedin":[],"twitter":[],"facebook":[],"instagram":[]}},"created":"2025-09-19 12:28:39","updated":"2025-09-19 12:46:40"},"aioseo_breadcrumb":"<div class=\"aioseo-breadcrumbs\"><span class=\"aioseo-breadcrumb\">\n\t<a href=\"https:\/\/eldigitaldeasturias.com\/radio\" title=\"Inicio\">Inicio<\/a>\n<\/span><span class=\"aioseo-breadcrumb-separator\">&ndash;<\/span><span class=\"aioseo-breadcrumb\">\n\t<a href=\"https:\/\/eldigitaldeasturias.com\/radio\/category\/multimedia\/\" title=\"Multimedia\">Multimedia<\/a>\n<\/span><span class=\"aioseo-breadcrumb-separator\">&ndash;<\/span><span class=\"aioseo-breadcrumb\">\n\tD\u00eda Mundial Alzheimer 2025 en Asturias\n<\/span><\/div>","aioseo_breadcrumb_json":[{"label":"Inicio","link":"https:\/\/eldigitaldeasturias.com\/radio"},{"label":"Multimedia","link":"https:\/\/eldigitaldeasturias.com\/radio\/category\/multimedia\/"},{"label":"D\u00eda Mundial Alzheimer 2025 en Asturias","link":"https:\/\/eldigitaldeasturias.com\/radio\/dia-mundial-alzheimer-2025-en-asturias\/"}],"_links":{"self":[{"href":"https:\/\/eldigitaldeasturias.com\/radio\/wp-json\/wp\/v2\/posts\/11035","targetHints":{"allow":["GET"]}}],"collection":[{"href":"https:\/\/eldigitaldeasturias.com\/radio\/wp-json\/wp\/v2\/posts"}],"about":[{"href":"https:\/\/eldigitaldeasturias.com\/radio\/wp-json\/wp\/v2\/types\/post"}],"author":[{"embeddable":true,"href":"https:\/\/eldigitaldeasturias.com\/radio\/wp-json\/wp\/v2\/users\/1"}],"replies":[{"embeddable":true,"href":"https:\/\/eldigitaldeasturias.com\/radio\/wp-json\/wp\/v2\/comments?post=11035"}],"version-history":[{"count":0,"href":"https:\/\/eldigitaldeasturias.com\/radio\/wp-json\/wp\/v2\/posts\/11035\/revisions"}],"wp:featuredmedia":[{"embeddable":true,"href":"https:\/\/eldigitaldeasturias.com\/radio\/wp-json\/wp\/v2\/media\/11036"}],"wp:attachment":[{"href":"https:\/\/eldigitaldeasturias.com\/radio\/wp-json\/wp\/v2\/media?parent=11035"}],"wp:term":[{"taxonomy":"category","embeddable":true,"href":"https:\/\/eldigitaldeasturias.com\/radio\/wp-json\/wp\/v2\/categories?post=11035"},{"taxonomy":"post_tag","embeddable":true,"href":"https:\/\/eldigitaldeasturias.com\/radio\/wp-json\/wp\/v2\/tags?post=11035"}],"curies":[{"name":"wp","href":"https:\/\/api.w.org\/{rel}","templated":true}]}}