{"id":10993,"date":"2025-09-18T14:04:56","date_gmt":"2025-09-18T12:04:56","guid":{"rendered":"https:\/\/eldigitaldeasturias.com\/radio\/?p=10993"},"modified":"2025-09-18T14:04:56","modified_gmt":"2025-09-18T12:04:56","slug":"actualidad-oviedo-el-desarme-fiesta-de-interes-turistico-nacional","status":"publish","type":"post","link":"https:\/\/eldigitaldeasturias.com\/radio\/actualidad-oviedo-el-desarme-fiesta-de-interes-turistico-nacional\/","title":{"rendered":"Actualidad Oviedo: \u00abEl Desarme\u00bb fiesta de inter\u00e9s tur\u00edstico nacional"},"content":{"rendered":"<p><a href=\"https:\/\/eldigitaldeasturias.com\/radio\/category\/concejos-asturias\/\"><span style=\"color: #ff6600;\"><strong>Oviedo<\/strong><\/span><\/a> es noticia, la capital de Asturias ha visto recompensados a\u00f1os de tradici\u00f3n y esfuerzo con la declaraci\u00f3n de <span style=\"color: #ff6600;\"><a style=\"color: #ff6600;\" href=\"https:\/\/candas365.es\/noticias\/el-desarme-de-oviedo-ya-es-fiesta-de-interes-turistico-nacional\/\"><strong>El Desarme<\/strong><\/a><\/span> como fiesta inter\u00e9s tur\u00edstico nacional<\/p>\n<figure id=\"attachment_10994\" aria-describedby=\"caption-attachment-10994\" style=\"width: 650px\" class=\"wp-caption aligncenter\"><img fetchpriority=\"high\" decoding=\"async\" class=\"size-large wp-image-10994\" src=\"https:\/\/eldigitaldeasturias.com\/radio\/wp-content\/uploads\/2025\/09\/El-Desarme-de-Oviedo-fiesta-de-interes-turistico-nacional--650x480.jpg\" alt=\"El Desarme de Oviedo fiesta de inter\u00e9s tur\u00edstico nacional\" width=\"650\" height=\"480\" srcset=\"https:\/\/eldigitaldeasturias.com\/radio\/wp-content\/uploads\/2025\/09\/El-Desarme-de-Oviedo-fiesta-de-interes-turistico-nacional--650x480.jpg 650w, https:\/\/eldigitaldeasturias.com\/radio\/wp-content\/uploads\/2025\/09\/El-Desarme-de-Oviedo-fiesta-de-interes-turistico-nacional--360x266.jpg 360w, https:\/\/eldigitaldeasturias.com\/radio\/wp-content\/uploads\/2025\/09\/El-Desarme-de-Oviedo-fiesta-de-interes-turistico-nacional--768x568.jpg 768w, https:\/\/eldigitaldeasturias.com\/radio\/wp-content\/uploads\/2025\/09\/El-Desarme-de-Oviedo-fiesta-de-interes-turistico-nacional--150x111.jpg 150w, https:\/\/eldigitaldeasturias.com\/radio\/wp-content\/uploads\/2025\/09\/El-Desarme-de-Oviedo-fiesta-de-interes-turistico-nacional--450x333.jpg 450w, https:\/\/eldigitaldeasturias.com\/radio\/wp-content\/uploads\/2025\/09\/El-Desarme-de-Oviedo-fiesta-de-interes-turistico-nacional-.jpg 908w\" sizes=\"(max-width: 650px) 100vw, 650px\" \/><figcaption id=\"caption-attachment-10994\" class=\"wp-caption-text\">Foto: Prensa Gobierno de Asturias<\/figcaption><\/figure>\n<p>El <strong><span style=\"color: #ff6600;\"><a style=\"color: #ff6600;\" href=\"https:\/\/actualidad.asturias.es\/\" target=\"_blank\" rel=\"noopener\">Gobierno de Asturias<\/a><\/span><\/strong> ha celebrado la declaraci\u00f3n de El Desarme de Oviedo\/Uvi\u00e9u como fiesta de inter\u00e9s tur\u00edstico nacional. Esta decisi\u00f3n del Ministerio de Industria y Turismo supone un espaldarazo al trabajo desarrollado por la Cofrad\u00eda del Desarme, cuya labor ha sido clave para alanzar este logro, a la vez que refuerza la imagen del Principado como destino gastron\u00f3mico de referencia. T<strong>ambi\u00e9n contribuir\u00e1 a consolidar la marca Asturias Para\u00edso Natural asociada a la excelencia de su cocina.<\/strong><\/p>\n<p>El Ejecutivo auton\u00f3mico traslada su enhorabuena a la cofrad\u00eda y reconoce su labor y esfuerzo para preservar, difundir y dar proyecci\u00f3n a un men\u00fa hist\u00f3rico conocido como el \u201cmen\u00fa de la paz\u201d, que forma parte de la identidad gastron\u00f3mica de Asturias.<\/p>\n<p>La declaraci\u00f3n de fiesta de inter\u00e9s tur\u00edstico nacional otorga mayor realce a esta tradici\u00f3n y facilitar\u00e1 la atracci\u00f3n de visitantes, tanto nacionales como internacionales, reforzando as\u00ed su capacidad para generar actividad econ\u00f3mica en la capital y en toda Asturias, desde la hosteler\u00eda y la restauraci\u00f3n, hasta el comercio local, el ocio y el turismo.<\/p>\n<p>Para el Gobierno de Asturias, este paso supone tambi\u00e9n un compromiso renovado: continuar apoyando con m\u00e1s fuerza si cabe a la Cofrad\u00eda del Desarme, a trav\u00e9s de su difusi\u00f3n en campa\u00f1as tur\u00edsticas, y seguir trabajando para que la fiesta mantenga su autenticidad y siga evolucionando.<\/p>\n<p>La vicepresidenta y consejera de Turismo, Gimena Llamedo, ha trasladado su reconocimiento a todas las personas y entidades que hacen posible la fiesta cada a\u00f1o: <strong>\u201cQueremos felicitar muy especialmente a la Cofrad\u00eda del Desarme por su dedicaci\u00f3n y compromiso. Este reconocimiento es fruto de un esfuerzo colectivo que pone en valor la historia y la gastronom\u00eda y que fortalece la proyecci\u00f3n de Asturias como destino tur\u00edstico y gastron\u00f3mico de referencia\u201d.<\/strong><\/p>\n<h2>Con esta declaraci\u00f3n, Asturias suma ya diez fiestas de inter\u00e9s tur\u00edstico nacional:<\/h2>\n<ul>\n<li>D\u00eda de Asturias (Gij\u00f3n, agosto).<\/li>\n<li>Descenso Folkl\u00f3rico del Nal\u00f3n (Laviana, agosto).<\/li>\n<li>Fiesta de la Virgen de la Gu\u00eda (Llanes, 8 de septiembre).<\/li>\n<li>Festival de la Sidra Natural (Nava, julio).<\/li>\n<li>Descenso a Nado de la R\u00eda (Navia, agosto).<\/li>\n<li>D\u00eda de Am\u00e9rica en Asturias (Oviedo, 19 de septiembre).<\/li>\n<li>Rally Princesa de Asturias (Oviedo y otros concejos, septiembre).<\/li>\n<li>Fiesta del Asturc\u00f3n (Pilo\u00f1a, agosto).<\/li>\n<li>Nuestra Se\u00f1ora del Rosario (Vald\u00e9s, 15 de agosto).<\/li>\n<li>El Desarme (Oviedo, octubre).<\/li>\n<\/ul>\n","protected":false},"excerpt":{"rendered":"<p>Oviedo es noticia, la capital de Asturias ha visto recompensados a\u00f1os de tradici\u00f3n y esfuerzo con la declaraci\u00f3n de El Desarme como fiesta inter\u00e9s tur\u00edstico nacional El Gobierno de Asturias ha celebrado la declaraci\u00f3n de El Desarme de Oviedo\/Uvi\u00e9u como fiesta de inter\u00e9s tur\u00edstico nacional. Esta decisi\u00f3n del Ministerio de Industria y Turismo supone un<\/p>\n","protected":false},"author":1,"featured_media":10994,"comment_status":"closed","ping_status":"closed","sticky":false,"template":"","format":"standard","meta":{"footnotes":""},"categories":[145,36],"tags":[120],"class_list":{"0":"post-10993","1":"post","2":"type-post","3":"status-publish","4":"format-standard","5":"has-post-thumbnail","7":"category-concejos-asturias","8":"category-titulares","9":"tag-oviedo"},"aioseo_notices":[],"aioseo_head":"\n\t\t<!-- All in One SEO Pro 4.9.6.2 - aioseo.com -->\n\t<meta name=\"description\" content=\"Oviedo es noticia, la capital de Asturias ha visto recompensados a\u00f1os de tradici\u00f3n y esfuerzo con la declaraci\u00f3n de El Desarme como fiesta inter\u00e9s\" \/>\n\t<meta name=\"robots\" content=\"max-image-preview:large\" \/>\n\t<meta name=\"author\" content=\"NBAsturias\"\/>\n\t<meta name=\"google-site-verification\" content=\"UA-38556648-1\" \/>\n\t<meta name=\"keywords\" content=\"concejos asturias,titulares\" \/>\n\t<link rel=\"canonical\" href=\"https:\/\/eldigitaldeasturias.com\/radio\/actualidad-oviedo-el-desarme-fiesta-de-interes-turistico-nacional\/\" \/>\n\t<meta name=\"generator\" content=\"All in One SEO Pro (AIOSEO) 4.9.6.2\" \/>\n\t\t<meta property=\"og:locale\" content=\"es_ES\" \/>\n\t\t<meta property=\"og:site_name\" content=\"El Digital de Asturias | Diario de informaci\u00f3n y noticias\" \/>\n\t\t<meta property=\"og:type\" content=\"article\" \/>\n\t\t<meta property=\"og:title\" content=\"Actualidad Oviedo: \u00abEl Desarme\u00bb fiesta de inter\u00e9s tur\u00edstico nacional | El Digital de Asturias\" \/>\n\t\t<meta property=\"og:description\" content=\"Oviedo es noticia, la capital de Asturias ha visto recompensados a\u00f1os de tradici\u00f3n y esfuerzo con la declaraci\u00f3n de El Desarme como fiesta inter\u00e9s\" \/>\n\t\t<meta property=\"og:url\" content=\"https:\/\/eldigitaldeasturias.com\/radio\/actualidad-oviedo-el-desarme-fiesta-de-interes-turistico-nacional\/\" \/>\n\t\t<meta property=\"og:image\" content=\"https:\/\/eldigitaldeasturias.com\/radio\/wp-content\/uploads\/2025\/09\/El-Desarme-de-Oviedo-fiesta-de-interes-turistico-nacional-.jpg\" \/>\n\t\t<meta property=\"og:image:secure_url\" content=\"https:\/\/eldigitaldeasturias.com\/radio\/wp-content\/uploads\/2025\/09\/El-Desarme-de-Oviedo-fiesta-de-interes-turistico-nacional-.jpg\" \/>\n\t\t<meta property=\"og:image:width\" content=\"908\" \/>\n\t\t<meta property=\"og:image:height\" content=\"671\" \/>\n\t\t<meta property=\"article:published_time\" content=\"2025-09-18T12:04:56+00:00\" \/>\n\t\t<meta property=\"article:modified_time\" content=\"2025-09-18T12:04:56+00:00\" \/>\n\t\t<meta name=\"twitter:card\" content=\"summary_large_image\" \/>\n\t\t<meta name=\"twitter:site\" content=\"@bercodi\" \/>\n\t\t<meta name=\"twitter:title\" content=\"Actualidad Oviedo: \u00abEl Desarme\u00bb fiesta de inter\u00e9s tur\u00edstico nacional | El Digital de Asturias\" \/>\n\t\t<meta name=\"twitter:description\" content=\"Oviedo es noticia, la capital de Asturias ha visto recompensados a\u00f1os de tradici\u00f3n y esfuerzo con la declaraci\u00f3n de El Desarme como fiesta inter\u00e9s\" \/>\n\t\t<meta name=\"twitter:creator\" content=\"@bercodi\" \/>\n\t\t<meta name=\"twitter:image\" content=\"https:\/\/eldigitaldeasturias.com\/radio\/wp-content\/uploads\/2025\/09\/El-Desarme-de-Oviedo-fiesta-de-interes-turistico-nacional-.jpg\" \/>\n\t\t<script type=\"application\/ld+json\" class=\"aioseo-schema\">\n\t\t\t{\"@context\":\"https:\\\/\\\/schema.org\",\"@graph\":[{\"@type\":\"BreadcrumbList\",\"@id\":\"https:\\\/\\\/eldigitaldeasturias.com\\\/radio\\\/actualidad-oviedo-el-desarme-fiesta-de-interes-turistico-nacional\\\/#breadcrumblist\",\"itemListElement\":[{\"@type\":\"ListItem\",\"@id\":\"https:\\\/\\\/eldigitaldeasturias.com\\\/radio#listItem\",\"position\":1,\"name\":\"Inicio\",\"item\":\"https:\\\/\\\/eldigitaldeasturias.com\\\/radio\",\"nextItem\":{\"@type\":\"ListItem\",\"@id\":\"https:\\\/\\\/eldigitaldeasturias.com\\\/radio\\\/category\\\/titulares\\\/#listItem\",\"name\":\"Titulares\"}},{\"@type\":\"ListItem\",\"@id\":\"https:\\\/\\\/eldigitaldeasturias.com\\\/radio\\\/category\\\/titulares\\\/#listItem\",\"position\":2,\"name\":\"Titulares\",\"item\":\"https:\\\/\\\/eldigitaldeasturias.com\\\/radio\\\/category\\\/titulares\\\/\",\"nextItem\":{\"@type\":\"ListItem\",\"@id\":\"https:\\\/\\\/eldigitaldeasturias.com\\\/radio\\\/actualidad-oviedo-el-desarme-fiesta-de-interes-turistico-nacional\\\/#listItem\",\"name\":\"Actualidad Oviedo: \\u00abEl Desarme\\u00bb fiesta de inter\\u00e9s tur\\u00edstico nacional\"},\"previousItem\":{\"@type\":\"ListItem\",\"@id\":\"https:\\\/\\\/eldigitaldeasturias.com\\\/radio#listItem\",\"name\":\"Inicio\"}},{\"@type\":\"ListItem\",\"@id\":\"https:\\\/\\\/eldigitaldeasturias.com\\\/radio\\\/actualidad-oviedo-el-desarme-fiesta-de-interes-turistico-nacional\\\/#listItem\",\"position\":3,\"name\":\"Actualidad Oviedo: \\u00abEl Desarme\\u00bb fiesta de inter\\u00e9s tur\\u00edstico nacional\",\"previousItem\":{\"@type\":\"ListItem\",\"@id\":\"https:\\\/\\\/eldigitaldeasturias.com\\\/radio\\\/category\\\/titulares\\\/#listItem\",\"name\":\"Titulares\"}}]},{\"@type\":\"NewsArticle\",\"@id\":\"https:\\\/\\\/eldigitaldeasturias.com\\\/radio\\\/actualidad-oviedo-el-desarme-fiesta-de-interes-turistico-nacional\\\/#newsarticle\",\"name\":\"Actualidad Oviedo: \\u00abEl Desarme\\u00bb fiesta de inter\\u00e9s tur\\u00edstico nacional | El Digital de Asturias\",\"headline\":\"Actualidad Oviedo: \\u00abEl Desarme\\u00bb fiesta de inter\\u00e9s tur\\u00edstico nacional\",\"author\":{\"@id\":\"https:\\\/\\\/eldigitaldeasturias.com\\\/radio\\\/author\\\/nbasturias\\\/#author\"},\"publisher\":{\"@id\":\"https:\\\/\\\/eldigitaldeasturias.com\\\/radio\\\/#organization\"},\"image\":{\"@type\":\"ImageObject\",\"url\":\"https:\\\/\\\/eldigitaldeasturias.com\\\/radio\\\/wp-content\\\/uploads\\\/2025\\\/09\\\/El-Desarme-de-Oviedo-fiesta-de-interes-turistico-nacional-.jpg\",\"width\":908,\"height\":671,\"caption\":\"Foto: Prensa Gobierno de Asturias\"},\"datePublished\":\"2025-09-18T14:04:56+02:00\",\"dateModified\":\"2025-09-18T14:04:56+02:00\",\"inLanguage\":\"es-ES\",\"mainEntityOfPage\":{\"@id\":\"https:\\\/\\\/eldigitaldeasturias.com\\\/radio\\\/actualidad-oviedo-el-desarme-fiesta-de-interes-turistico-nacional\\\/#webpage\"},\"isPartOf\":{\"@id\":\"https:\\\/\\\/eldigitaldeasturias.com\\\/radio\\\/actualidad-oviedo-el-desarme-fiesta-de-interes-turistico-nacional\\\/#webpage\"},\"articleSection\":\"Concejos Asturias, Titulares, Oviedo\",\"dateline\":\"Publicado el septiembre 18, 2025.\"},{\"@type\":\"Organization\",\"@id\":\"https:\\\/\\\/eldigitaldeasturias.com\\\/radio\\\/#organization\",\"name\":\"El digital de Asturias Radio\",\"description\":\"Diario de informaci\\u00f3n y noticias\",\"url\":\"https:\\\/\\\/eldigitaldeasturias.com\\\/radio\\\/\",\"telephone\":\"+34652131393\",\"logo\":{\"@type\":\"ImageObject\",\"url\":\"https:\\\/\\\/www.eldigitaldeasturias.com\\\/radio\\\/wp-content\\\/uploads\\\/2021\\\/03\\\/EDA.jpg\",\"@id\":\"https:\\\/\\\/eldigitaldeasturias.com\\\/radio\\\/actualidad-oviedo-el-desarme-fiesta-de-interes-turistico-nacional\\\/#organizationLogo\"},\"image\":{\"@id\":\"https:\\\/\\\/eldigitaldeasturias.com\\\/radio\\\/actualidad-oviedo-el-desarme-fiesta-de-interes-turistico-nacional\\\/#organizationLogo\"},\"sameAs\":[\"https:\\\/\\\/www.facebook.com\\\/\",\"https:\\\/\\\/x.com\\\/bercodi\",\"https:\\\/\\\/www.instagram.com\\\/\",\"https:\\\/\\\/www.youtube.com\\\/channel\\\/UCZP-2wLEB9Rv6erhFmqVnvg\"]},{\"@type\":\"Person\",\"@id\":\"https:\\\/\\\/eldigitaldeasturias.com\\\/radio\\\/author\\\/nbasturias\\\/#author\",\"url\":\"https:\\\/\\\/eldigitaldeasturias.com\\\/radio\\\/author\\\/nbasturias\\\/\",\"name\":\"NBAsturias\",\"image\":{\"@type\":\"ImageObject\",\"@id\":\"https:\\\/\\\/eldigitaldeasturias.com\\\/radio\\\/actualidad-oviedo-el-desarme-fiesta-de-interes-turistico-nacional\\\/#authorImage\",\"url\":\"https:\\\/\\\/secure.gravatar.com\\\/avatar\\\/df2aeffc32bcd13f8d26072ef8a91b623d677766deac7f97ca815868cd41bf5e?s=96&d=mm&r=g\",\"width\":96,\"height\":96,\"caption\":\"NBAsturias\"}},{\"@type\":\"WebPage\",\"@id\":\"https:\\\/\\\/eldigitaldeasturias.com\\\/radio\\\/actualidad-oviedo-el-desarme-fiesta-de-interes-turistico-nacional\\\/#webpage\",\"url\":\"https:\\\/\\\/eldigitaldeasturias.com\\\/radio\\\/actualidad-oviedo-el-desarme-fiesta-de-interes-turistico-nacional\\\/\",\"name\":\"Actualidad Oviedo: \\u00abEl Desarme\\u00bb fiesta de inter\\u00e9s tur\\u00edstico nacional | El Digital de Asturias\",\"description\":\"Oviedo es noticia, la capital de Asturias ha visto recompensados a\\u00f1os de tradici\\u00f3n y esfuerzo con la declaraci\\u00f3n de El Desarme como fiesta inter\\u00e9s\",\"inLanguage\":\"es-ES\",\"isPartOf\":{\"@id\":\"https:\\\/\\\/eldigitaldeasturias.com\\\/radio\\\/#website\"},\"breadcrumb\":{\"@id\":\"https:\\\/\\\/eldigitaldeasturias.com\\\/radio\\\/actualidad-oviedo-el-desarme-fiesta-de-interes-turistico-nacional\\\/#breadcrumblist\"},\"author\":{\"@id\":\"https:\\\/\\\/eldigitaldeasturias.com\\\/radio\\\/author\\\/nbasturias\\\/#author\"},\"creator\":{\"@id\":\"https:\\\/\\\/eldigitaldeasturias.com\\\/radio\\\/author\\\/nbasturias\\\/#author\"},\"image\":{\"@type\":\"ImageObject\",\"url\":\"https:\\\/\\\/eldigitaldeasturias.com\\\/radio\\\/wp-content\\\/uploads\\\/2025\\\/09\\\/El-Desarme-de-Oviedo-fiesta-de-interes-turistico-nacional-.jpg\",\"@id\":\"https:\\\/\\\/eldigitaldeasturias.com\\\/radio\\\/actualidad-oviedo-el-desarme-fiesta-de-interes-turistico-nacional\\\/#mainImage\",\"width\":908,\"height\":671,\"caption\":\"Foto: Prensa Gobierno de Asturias\"},\"primaryImageOfPage\":{\"@id\":\"https:\\\/\\\/eldigitaldeasturias.com\\\/radio\\\/actualidad-oviedo-el-desarme-fiesta-de-interes-turistico-nacional\\\/#mainImage\"},\"datePublished\":\"2025-09-18T14:04:56+02:00\",\"dateModified\":\"2025-09-18T14:04:56+02:00\"},{\"@type\":\"WebSite\",\"@id\":\"https:\\\/\\\/eldigitaldeasturias.com\\\/radio\\\/#website\",\"url\":\"https:\\\/\\\/eldigitaldeasturias.com\\\/radio\\\/\",\"name\":\"El Digital de Asturias\",\"description\":\"Diario de informaci\\u00f3n y noticias\",\"inLanguage\":\"es-ES\",\"publisher\":{\"@id\":\"https:\\\/\\\/eldigitaldeasturias.com\\\/radio\\\/#organization\"}}]}\n\t\t<\/script>\n\t\t<!-- All in One SEO Pro -->\r\n\t\t<title>Actualidad Oviedo: \u00abEl Desarme\u00bb fiesta de inter\u00e9s tur\u00edstico nacional | El Digital de Asturias<\/title>\n\n","aioseo_head_json":{"title":"Actualidad Oviedo: \u00abEl Desarme\u00bb fiesta de inter\u00e9s tur\u00edstico nacional | El Digital de Asturias","description":"Oviedo es noticia, la capital de Asturias ha visto recompensados a\u00f1os de tradici\u00f3n y esfuerzo con la declaraci\u00f3n de El Desarme como fiesta inter\u00e9s","canonical_url":"https:\/\/eldigitaldeasturias.com\/radio\/actualidad-oviedo-el-desarme-fiesta-de-interes-turistico-nacional\/","robots":"max-image-preview:large","keywords":"concejos asturias,titulares","webmasterTools":{"google-site-verification":"UA-38556648-1","miscellaneous":""},"schema":{"@context":"https:\/\/schema.org","@graph":[{"@type":"BreadcrumbList","@id":"https:\/\/eldigitaldeasturias.com\/radio\/actualidad-oviedo-el-desarme-fiesta-de-interes-turistico-nacional\/#breadcrumblist","itemListElement":[{"@type":"ListItem","@id":"https:\/\/eldigitaldeasturias.com\/radio#listItem","position":1,"name":"Inicio","item":"https:\/\/eldigitaldeasturias.com\/radio","nextItem":{"@type":"ListItem","@id":"https:\/\/eldigitaldeasturias.com\/radio\/category\/titulares\/#listItem","name":"Titulares"}},{"@type":"ListItem","@id":"https:\/\/eldigitaldeasturias.com\/radio\/category\/titulares\/#listItem","position":2,"name":"Titulares","item":"https:\/\/eldigitaldeasturias.com\/radio\/category\/titulares\/","nextItem":{"@type":"ListItem","@id":"https:\/\/eldigitaldeasturias.com\/radio\/actualidad-oviedo-el-desarme-fiesta-de-interes-turistico-nacional\/#listItem","name":"Actualidad Oviedo: \u00abEl Desarme\u00bb fiesta de inter\u00e9s tur\u00edstico nacional"},"previousItem":{"@type":"ListItem","@id":"https:\/\/eldigitaldeasturias.com\/radio#listItem","name":"Inicio"}},{"@type":"ListItem","@id":"https:\/\/eldigitaldeasturias.com\/radio\/actualidad-oviedo-el-desarme-fiesta-de-interes-turistico-nacional\/#listItem","position":3,"name":"Actualidad Oviedo: \u00abEl Desarme\u00bb fiesta de inter\u00e9s tur\u00edstico nacional","previousItem":{"@type":"ListItem","@id":"https:\/\/eldigitaldeasturias.com\/radio\/category\/titulares\/#listItem","name":"Titulares"}}]},{"@type":"NewsArticle","@id":"https:\/\/eldigitaldeasturias.com\/radio\/actualidad-oviedo-el-desarme-fiesta-de-interes-turistico-nacional\/#newsarticle","name":"Actualidad Oviedo: \u00abEl Desarme\u00bb fiesta de inter\u00e9s tur\u00edstico nacional | El Digital de Asturias","headline":"Actualidad Oviedo: \u00abEl Desarme\u00bb fiesta de inter\u00e9s tur\u00edstico nacional","author":{"@id":"https:\/\/eldigitaldeasturias.com\/radio\/author\/nbasturias\/#author"},"publisher":{"@id":"https:\/\/eldigitaldeasturias.com\/radio\/#organization"},"image":{"@type":"ImageObject","url":"https:\/\/eldigitaldeasturias.com\/radio\/wp-content\/uploads\/2025\/09\/El-Desarme-de-Oviedo-fiesta-de-interes-turistico-nacional-.jpg","width":908,"height":671,"caption":"Foto: Prensa Gobierno de Asturias"},"datePublished":"2025-09-18T14:04:56+02:00","dateModified":"2025-09-18T14:04:56+02:00","inLanguage":"es-ES","mainEntityOfPage":{"@id":"https:\/\/eldigitaldeasturias.com\/radio\/actualidad-oviedo-el-desarme-fiesta-de-interes-turistico-nacional\/#webpage"},"isPartOf":{"@id":"https:\/\/eldigitaldeasturias.com\/radio\/actualidad-oviedo-el-desarme-fiesta-de-interes-turistico-nacional\/#webpage"},"articleSection":"Concejos Asturias, Titulares, Oviedo","dateline":"Publicado el septiembre 18, 2025."},{"@type":"Organization","@id":"https:\/\/eldigitaldeasturias.com\/radio\/#organization","name":"El digital de Asturias Radio","description":"Diario de informaci\u00f3n y noticias","url":"https:\/\/eldigitaldeasturias.com\/radio\/","telephone":"+34652131393","logo":{"@type":"ImageObject","url":"https:\/\/www.eldigitaldeasturias.com\/radio\/wp-content\/uploads\/2021\/03\/EDA.jpg","@id":"https:\/\/eldigitaldeasturias.com\/radio\/actualidad-oviedo-el-desarme-fiesta-de-interes-turistico-nacional\/#organizationLogo"},"image":{"@id":"https:\/\/eldigitaldeasturias.com\/radio\/actualidad-oviedo-el-desarme-fiesta-de-interes-turistico-nacional\/#organizationLogo"},"sameAs":["https:\/\/www.facebook.com\/","https:\/\/x.com\/bercodi","https:\/\/www.instagram.com\/","https:\/\/www.youtube.com\/channel\/UCZP-2wLEB9Rv6erhFmqVnvg"]},{"@type":"Person","@id":"https:\/\/eldigitaldeasturias.com\/radio\/author\/nbasturias\/#author","url":"https:\/\/eldigitaldeasturias.com\/radio\/author\/nbasturias\/","name":"NBAsturias","image":{"@type":"ImageObject","@id":"https:\/\/eldigitaldeasturias.com\/radio\/actualidad-oviedo-el-desarme-fiesta-de-interes-turistico-nacional\/#authorImage","url":"https:\/\/secure.gravatar.com\/avatar\/df2aeffc32bcd13f8d26072ef8a91b623d677766deac7f97ca815868cd41bf5e?s=96&d=mm&r=g","width":96,"height":96,"caption":"NBAsturias"}},{"@type":"WebPage","@id":"https:\/\/eldigitaldeasturias.com\/radio\/actualidad-oviedo-el-desarme-fiesta-de-interes-turistico-nacional\/#webpage","url":"https:\/\/eldigitaldeasturias.com\/radio\/actualidad-oviedo-el-desarme-fiesta-de-interes-turistico-nacional\/","name":"Actualidad Oviedo: \u00abEl Desarme\u00bb fiesta de inter\u00e9s tur\u00edstico nacional | El Digital de Asturias","description":"Oviedo es noticia, la capital de Asturias ha visto recompensados a\u00f1os de tradici\u00f3n y esfuerzo con la declaraci\u00f3n de El Desarme como fiesta inter\u00e9s","inLanguage":"es-ES","isPartOf":{"@id":"https:\/\/eldigitaldeasturias.com\/radio\/#website"},"breadcrumb":{"@id":"https:\/\/eldigitaldeasturias.com\/radio\/actualidad-oviedo-el-desarme-fiesta-de-interes-turistico-nacional\/#breadcrumblist"},"author":{"@id":"https:\/\/eldigitaldeasturias.com\/radio\/author\/nbasturias\/#author"},"creator":{"@id":"https:\/\/eldigitaldeasturias.com\/radio\/author\/nbasturias\/#author"},"image":{"@type":"ImageObject","url":"https:\/\/eldigitaldeasturias.com\/radio\/wp-content\/uploads\/2025\/09\/El-Desarme-de-Oviedo-fiesta-de-interes-turistico-nacional-.jpg","@id":"https:\/\/eldigitaldeasturias.com\/radio\/actualidad-oviedo-el-desarme-fiesta-de-interes-turistico-nacional\/#mainImage","width":908,"height":671,"caption":"Foto: Prensa Gobierno de Asturias"},"primaryImageOfPage":{"@id":"https:\/\/eldigitaldeasturias.com\/radio\/actualidad-oviedo-el-desarme-fiesta-de-interes-turistico-nacional\/#mainImage"},"datePublished":"2025-09-18T14:04:56+02:00","dateModified":"2025-09-18T14:04:56+02:00"},{"@type":"WebSite","@id":"https:\/\/eldigitaldeasturias.com\/radio\/#website","url":"https:\/\/eldigitaldeasturias.com\/radio\/","name":"El Digital de Asturias","description":"Diario de informaci\u00f3n y noticias","inLanguage":"es-ES","publisher":{"@id":"https:\/\/eldigitaldeasturias.com\/radio\/#organization"}}]},"og:locale":"es_ES","og:site_name":"El Digital de Asturias | Diario de informaci\u00f3n y noticias","og:type":"article","og:title":"Actualidad Oviedo: \u00abEl Desarme\u00bb fiesta de inter\u00e9s tur\u00edstico nacional | El Digital de Asturias","og:description":"Oviedo es noticia, la capital de Asturias ha visto recompensados a\u00f1os de tradici\u00f3n y esfuerzo con la declaraci\u00f3n de El Desarme como fiesta inter\u00e9s","og:url":"https:\/\/eldigitaldeasturias.com\/radio\/actualidad-oviedo-el-desarme-fiesta-de-interes-turistico-nacional\/","og:image":"https:\/\/eldigitaldeasturias.com\/radio\/wp-content\/uploads\/2025\/09\/El-Desarme-de-Oviedo-fiesta-de-interes-turistico-nacional-.jpg","og:image:secure_url":"https:\/\/eldigitaldeasturias.com\/radio\/wp-content\/uploads\/2025\/09\/El-Desarme-de-Oviedo-fiesta-de-interes-turistico-nacional-.jpg","og:image:width":908,"og:image:height":671,"article:published_time":"2025-09-18T12:04:56+00:00","article:modified_time":"2025-09-18T12:04:56+00:00","twitter:card":"summary_large_image","twitter:site":"@bercodi","twitter:title":"Actualidad Oviedo: \u00abEl Desarme\u00bb fiesta de inter\u00e9s tur\u00edstico nacional | El Digital de Asturias","twitter:description":"Oviedo es noticia, la capital de Asturias ha visto recompensados a\u00f1os de tradici\u00f3n y esfuerzo con la declaraci\u00f3n de El Desarme como fiesta inter\u00e9s","twitter:creator":"@bercodi","twitter:image":"https:\/\/eldigitaldeasturias.com\/radio\/wp-content\/uploads\/2025\/09\/El-Desarme-de-Oviedo-fiesta-de-interes-turistico-nacional-.jpg"},"aioseo_meta_data":{"post_id":"10993","title":null,"description":"Oviedo es noticia, la capital de Asturias ha visto recompensados a\u00f1os de tradici\u00f3n y esfuerzo con la declaraci\u00f3n de El Desarme como fiesta inter\u00e9s","keywords":null,"keyphrases":{"focus":{"keyphrase":"Oviedo","score":91,"analysis":{"keyphraseInTitle":{"score":9,"maxScore":9,"error":0},"keyphraseInDescription":{"score":9,"maxScore":9,"error":0},"keyphraseLength":{"score":9,"maxScore":9,"error":0,"length":1},"keyphraseInURL":{"score":5,"maxScore":5,"error":0},"keyphraseInIntroduction":{"score":9,"maxScore":9,"error":0},"keyphraseInSubHeadings":{"score":3,"maxScore":9,"error":1},"keyphraseInImageAlt":{"score":9,"maxScore":9,"error":0},"keywordDensity":{"type":"best","score":9,"maxScore":9,"error":0}}},"additional":[{"keyphrase":"El Desarme","score":100,"analysis":{"keyphraseInDescription":{"score":9,"maxScore":9,"error":0},"keyphraseLength":{"score":9,"maxScore":9,"error":0,"length":2},"keyphraseInIntroduction":{"score":9,"maxScore":9,"error":0},"keyphraseInImageAlt":{"score":9,"maxScore":9,"error":0},"keywordDensity":{"type":"best","score":9,"maxScore":9,"error":0}}}]},"primary_term":null,"canonical_url":null,"og_title":null,"og_description":null,"og_object_type":"default","og_image_type":"default","og_image_url":null,"og_image_width":null,"og_image_height":null,"og_image_custom_url":null,"og_image_custom_fields":null,"og_video":"","og_custom_url":null,"og_article_section":null,"og_article_tags":null,"twitter_use_og":false,"twitter_card":"default","twitter_image_type":"default","twitter_image_url":null,"twitter_image_custom_url":null,"twitter_image_custom_fields":null,"twitter_title":null,"twitter_description":null,"schema":{"blockGraphs":[],"customGraphs":[],"default":{"data":{"Article":[],"Course":[],"Dataset":[],"FAQPage":[],"Movie":[],"Person":[],"Product":[],"ProductReview":[],"Car":[],"Recipe":[],"Service":[],"SoftwareApplication":[],"WebPage":[]},"graphName":"NewsArticle","isEnabled":true},"graphs":[]},"schema_type":"default","schema_type_options":null,"pillar_content":false,"robots_default":true,"robots_noindex":false,"robots_noarchive":false,"robots_nosnippet":false,"robots_nofollow":false,"robots_noimageindex":false,"robots_noodp":false,"robots_notranslate":false,"robots_max_snippet":"-1","robots_max_videopreview":"-1","robots_max_imagepreview":"large","priority":null,"frequency":"default","location":null,"local_seo":null,"seo_analyzer_scan_date":"2025-09-18 12:11:15","breadcrumb_settings":null,"limit_modified_date":false,"open_ai":null,"ai":{"faqs":[],"keyPoints":[],"titles":[],"descriptions":[],"socialPosts":{"email":[],"linkedin":[],"twitter":[],"facebook":[],"instagram":[]}},"created":"2025-09-18 11:53:38","updated":"2025-09-18 12:13:23"},"aioseo_breadcrumb":"<div class=\"aioseo-breadcrumbs\"><span class=\"aioseo-breadcrumb\">\n\t<a href=\"https:\/\/eldigitaldeasturias.com\/radio\" title=\"Inicio\">Inicio<\/a>\n<\/span><span class=\"aioseo-breadcrumb-separator\">&ndash;<\/span><span class=\"aioseo-breadcrumb\">\n\t<a href=\"https:\/\/eldigitaldeasturias.com\/radio\/category\/titulares\/\" title=\"Titulares\">Titulares<\/a>\n<\/span><span class=\"aioseo-breadcrumb-separator\">&ndash;<\/span><span class=\"aioseo-breadcrumb\">\n\tActualidad Oviedo: \u00abEl Desarme\u00bb fiesta de inter\u00e9s tur\u00edstico nacional\n<\/span><\/div>","aioseo_breadcrumb_json":[{"label":"Inicio","link":"https:\/\/eldigitaldeasturias.com\/radio"},{"label":"Titulares","link":"https:\/\/eldigitaldeasturias.com\/radio\/category\/titulares\/"},{"label":"Actualidad Oviedo: \u00abEl Desarme\u00bb fiesta de inter\u00e9s tur\u00edstico nacional","link":"https:\/\/eldigitaldeasturias.com\/radio\/actualidad-oviedo-el-desarme-fiesta-de-interes-turistico-nacional\/"}],"_links":{"self":[{"href":"https:\/\/eldigitaldeasturias.com\/radio\/wp-json\/wp\/v2\/posts\/10993","targetHints":{"allow":["GET"]}}],"collection":[{"href":"https:\/\/eldigitaldeasturias.com\/radio\/wp-json\/wp\/v2\/posts"}],"about":[{"href":"https:\/\/eldigitaldeasturias.com\/radio\/wp-json\/wp\/v2\/types\/post"}],"author":[{"embeddable":true,"href":"https:\/\/eldigitaldeasturias.com\/radio\/wp-json\/wp\/v2\/users\/1"}],"replies":[{"embeddable":true,"href":"https:\/\/eldigitaldeasturias.com\/radio\/wp-json\/wp\/v2\/comments?post=10993"}],"version-history":[{"count":0,"href":"https:\/\/eldigitaldeasturias.com\/radio\/wp-json\/wp\/v2\/posts\/10993\/revisions"}],"wp:featuredmedia":[{"embeddable":true,"href":"https:\/\/eldigitaldeasturias.com\/radio\/wp-json\/wp\/v2\/media\/10994"}],"wp:attachment":[{"href":"https:\/\/eldigitaldeasturias.com\/radio\/wp-json\/wp\/v2\/media?parent=10993"}],"wp:term":[{"taxonomy":"category","embeddable":true,"href":"https:\/\/eldigitaldeasturias.com\/radio\/wp-json\/wp\/v2\/categories?post=10993"},{"taxonomy":"post_tag","embeddable":true,"href":"https:\/\/eldigitaldeasturias.com\/radio\/wp-json\/wp\/v2\/tags?post=10993"}],"curies":[{"name":"wp","href":"https:\/\/api.w.org\/{rel}","templated":true}]}}