{"id":10818,"date":"2025-08-31T07:01:09","date_gmt":"2025-08-31T05:01:09","guid":{"rendered":"https:\/\/eldigitaldeasturias.com\/radio\/?p=10818"},"modified":"2025-08-31T07:01:09","modified_gmt":"2025-08-31T05:01:09","slug":"inigo-parra-estrategias-de-liderazgo-para-un-futuro-incierto","status":"publish","type":"post","link":"https:\/\/eldigitaldeasturias.com\/radio\/inigo-parra-estrategias-de-liderazgo-para-un-futuro-incierto\/","title":{"rendered":"\u00cd\u00f1igo Parra: estrategias de liderazgo para un futuro incierto"},"content":{"rendered":"<p><span style=\"font-weight: 400;\">El panorama internacional atraviesa un momento de <\/span><b>volatilidad constante<\/b><span style=\"font-weight: 400;\"> que condiciona de forma decisiva la evoluci\u00f3n econ\u00f3mica y social. La pandemia, un conflicto armado en Europa, tensiones comerciales que han alterado de manera significativa las cadenas de suministro y la amenaza de nuevas barreras arancelarias han creado un escenario de gran complejidad. En Espa\u00f1a, la reciente interrupci\u00f3n del suministro el\u00e9ctrico puso de relieve la vulnerabilidad de unas infraestructuras nacionales que requieren una modernizaci\u00f3n urgente. Frente a este contexto, \u00cd\u00f1igo Parra, <\/span><span style=\"color: #ff6600;\"><a style=\"color: #ff6600;\" href=\"https:\/\/valenciaplaza.com\/valenciaplaza\/empresas1\/la-catedra-de-cultura-empresarial-reune-a-academicos-y-empresarios-en-agradecimiento-a-inigo-parra\" target=\"_blank\" rel=\"nofollow noopener\"><b>presidente de Stadler Valencia<\/b><\/a><\/span><span style=\"font-weight: 400;\">, plantea una reflexi\u00f3n en profundidad sobre el papel que el liderazgo empresarial debe desempe\u00f1ar, defendiendo que la anticipaci\u00f3n, la firmeza y la capacidad de adaptaci\u00f3n continua son elementos esenciales para la supervivencia y el crecimiento.<\/span><\/p>\n<p><img fetchpriority=\"high\" decoding=\"async\" class=\"aligncenter size-large wp-image-10819\" src=\"https:\/\/eldigitaldeasturias.com\/radio\/wp-content\/uploads\/2025\/08\/Parra-CEO-650x432.jpg\" alt=\"Parra CEO\" width=\"650\" height=\"432\" srcset=\"https:\/\/eldigitaldeasturias.com\/radio\/wp-content\/uploads\/2025\/08\/Parra-CEO-650x432.jpg 650w, https:\/\/eldigitaldeasturias.com\/radio\/wp-content\/uploads\/2025\/08\/Parra-CEO-360x239.jpg 360w, https:\/\/eldigitaldeasturias.com\/radio\/wp-content\/uploads\/2025\/08\/Parra-CEO-768x510.jpg 768w, https:\/\/eldigitaldeasturias.com\/radio\/wp-content\/uploads\/2025\/08\/Parra-CEO-150x100.jpg 150w, https:\/\/eldigitaldeasturias.com\/radio\/wp-content\/uploads\/2025\/08\/Parra-CEO-450x299.jpg 450w, https:\/\/eldigitaldeasturias.com\/radio\/wp-content\/uploads\/2025\/08\/Parra-CEO.jpg 1061w\" sizes=\"(max-width: 650px) 100vw, 650px\" \/><\/p>\n<p><span style=\"font-weight: 400;\">En la <\/span><b>jornada empresarial anual Paco Pons<\/b><span style=\"font-weight: 400;\">, organizada por la Asociaci\u00f3n Valenciana de Empresarios (AVE) y la Asociaci\u00f3n para el Progreso de la Direcci\u00f3n (APD), Parra ofreci\u00f3 una exposici\u00f3n detallada de c\u00f3mo las instituciones y compa\u00f1\u00edas deben prepararse para responder con eficacia ante un entorno en constante transformaci\u00f3n. \u201cEl entorno ha cambiado radicalmente en los \u00faltimos a\u00f1os. No solamente por acontecimientos impredecibles como la covid o la guerra, sino tambi\u00e9n con otros que nos toca gestionar desde hace tiempo como la falta de personal, la p\u00e9rdida de know how en muchas industrias y una inestabilidad macroecon\u00f3mica que nos afecta constantemente\u00bb, afirm\u00f3, insistiendo en que esta realidad requiere replantear la manera de organizarse y liderar.<\/span><\/p>\n<h3><b>\u00cd\u00f1igo Parra: \u00bfc\u00f3mo liderar con objetivos claros y capacidad de respuesta?<\/b><\/h3>\n<p><span style=\"font-weight: 400;\">Para Parra, ejercer un liderazgo s\u00f3lido implica tener un prop\u00f3sito n\u00edtido, la determinaci\u00f3n necesaria para tomar decisiones importantes, humildad para reconocer errores y una comunicaci\u00f3n constante con todos los niveles de la organizaci\u00f3n. En su opini\u00f3n, las empresas con m\u00e1s posibilidades de \u00e9xito son aquellas que logran anticiparse a los cambios, adaptarse r\u00e1pidamente y promover una cultura interna que potencie el talento. \u201cEn definitiva, tiene que ser una compa\u00f1\u00eda valiente y sin miedo\u00bb, recalc\u00f3, destacando que la valent\u00eda debe ir acompa\u00f1ada de an\u00e1lisis y preparaci\u00f3n.<\/span><\/p>\n<p><span style=\"font-weight: 400;\">Parra resume esta idea en una frase que, para \u00e9l, define la esencia de cualquier organizaci\u00f3n: \u00abUna compa\u00f1\u00eda es siempre la sombra de una persona, ya sea el CEO, el due\u00f1o o el fundador, que es el que marca\u00bb. Y a\u00f1ade: \u201cSiempre digo que la verdadera ventaja competitiva de una firma no es un producto, una manera de hacer o unos servicios, sino su gente y qui\u00e9n gestiona a ese personal\u201d, subrayando que el liderazgo sobre las personas es el factor m\u00e1s determinante del rendimiento global.<\/span><\/p>\n<p><span style=\"font-weight: 400;\">Seg\u00fan Parra, el liderazgo comienza con la <\/span><b>capacidad de analizar y corregir los propios fallos<\/b><span style=\"font-weight: 400;\">. Esta actitud autocr\u00edtica, combinada con una perspectiva amplia y flexible, permite adaptarse a los cambios sin perder el rumbo. Asimismo, resalta que contar con equipos diversos y con m\u00faltiples puntos de vista enriquece las decisiones y favorece la innovaci\u00f3n.<\/span><\/p>\n<p><span style=\"font-weight: 400;\">Uno de los problemas m\u00e1s extendidos en las empresas y en la sociedad, a juicio de Parra, es la \u201cdejaci\u00f3n de autoridad\u201d. Considera que es necesario fijar pocas normas claras y aplicarlas de forma consistente. \u201cY, si la gente no quiere seguirlas, invitarle a salir de la organizaci\u00f3n cuanto antes. Es hacerle tambi\u00e9n un favor porque esa persona no est\u00e1 alineada con los valores\u201d. Para \u00e9l, ejercer autoridad implica tambi\u00e9n sacar el m\u00e1ximo potencial de cada trabajador: \u201cSomos nosotros, los jefes, los que tenemos que sacar todo lo que puede dar una persona. Esa es nuestra misi\u00f3n\u201d.<\/span><\/p>\n<h3><b>Saber dar paso a nuevas generaciones<\/b><\/h3>\n<p><span style=\"font-weight: 400;\">Parra insiste en que un buen l\u00edder debe reconocer cu\u00e1ndo ha llegado el momento de ceder el relevo a nuevos responsables. Esto requiere haber crecido en el cargo, tomado decisiones trascendentes y planificado una transici\u00f3n ordenada que permita a la empresa seguir evolucionando con perspectivas renovadas.<\/span><\/p>\n<p><span style=\"font-weight: 400;\">Su planteamiento se basa en la coherencia entre lo que se dice y lo que se hace, la responsabilidad como eje de la gesti\u00f3n y la anticipaci\u00f3n como herramienta para afrontar escenarios adversos. Cree que las empresas que logren mantenerse ser\u00e1n aquellas dirigidas por l\u00edderes capaces de escuchar, actuar con firmeza y construir estructuras s\u00f3lidas que soporten el crecimiento sostenido.<\/span><\/p>\n<p>&nbsp;<\/p>\n","protected":false},"excerpt":{"rendered":"<p>El panorama internacional atraviesa un momento de volatilidad constante que condiciona de forma decisiva la evoluci\u00f3n econ\u00f3mica y social. La pandemia, un conflicto armado en Europa, tensiones comerciales que han alterado de manera significativa las cadenas de suministro y la amenaza de nuevas barreras arancelarias han creado un escenario de gran complejidad. En Espa\u00f1a, la<\/p>\n","protected":false},"author":1,"featured_media":10819,"comment_status":"closed","ping_status":"closed","sticky":false,"template":"","format":"standard","meta":{"footnotes":""},"categories":[35],"tags":[43],"class_list":{"0":"post-10818","1":"post","2":"type-post","3":"status-publish","4":"format-standard","5":"has-post-thumbnail","7":"category-negocios","8":"tag-empresas"},"aioseo_notices":[],"aioseo_head":"\n\t\t<!-- All in One SEO Pro 4.9.6.2 - aioseo.com -->\n\t<meta name=\"description\" content=\"El panorama internacional atraviesa un momento de volatilidad constante que condiciona de forma decisiva la evoluci\u00f3n econ\u00f3mica y social.\" \/>\n\t<meta name=\"robots\" content=\"max-image-preview:large\" \/>\n\t<meta name=\"author\" content=\"NBAsturias\"\/>\n\t<meta name=\"google-site-verification\" content=\"UA-38556648-1\" \/>\n\t<meta name=\"keywords\" content=\"negocios\" \/>\n\t<link rel=\"canonical\" href=\"https:\/\/eldigitaldeasturias.com\/radio\/inigo-parra-estrategias-de-liderazgo-para-un-futuro-incierto\/\" \/>\n\t<meta name=\"generator\" content=\"All in One SEO Pro (AIOSEO) 4.9.6.2\" \/>\n\t\t<meta property=\"og:locale\" content=\"es_ES\" \/>\n\t\t<meta property=\"og:site_name\" content=\"El Digital de Asturias | Diario de informaci\u00f3n y noticias\" \/>\n\t\t<meta property=\"og:type\" content=\"article\" \/>\n\t\t<meta property=\"og:title\" content=\"\u00cd\u00f1igo Parra: estrategias de liderazgo para un futuro incierto | El Digital de Asturias\" \/>\n\t\t<meta property=\"og:description\" content=\"El panorama internacional atraviesa un momento de volatilidad constante que condiciona de forma decisiva la evoluci\u00f3n econ\u00f3mica y social.\" \/>\n\t\t<meta property=\"og:url\" content=\"https:\/\/eldigitaldeasturias.com\/radio\/inigo-parra-estrategias-de-liderazgo-para-un-futuro-incierto\/\" \/>\n\t\t<meta property=\"og:image\" content=\"https:\/\/eldigitaldeasturias.com\/radio\/wp-content\/uploads\/2025\/08\/Parra-CEO.jpg\" \/>\n\t\t<meta property=\"og:image:secure_url\" content=\"https:\/\/eldigitaldeasturias.com\/radio\/wp-content\/uploads\/2025\/08\/Parra-CEO.jpg\" \/>\n\t\t<meta property=\"og:image:width\" content=\"1061\" \/>\n\t\t<meta property=\"og:image:height\" content=\"705\" \/>\n\t\t<meta property=\"article:published_time\" content=\"2025-08-31T05:01:09+00:00\" \/>\n\t\t<meta property=\"article:modified_time\" content=\"2025-08-31T05:01:09+00:00\" \/>\n\t\t<meta name=\"twitter:card\" content=\"summary_large_image\" \/>\n\t\t<meta name=\"twitter:site\" content=\"@bercodi\" \/>\n\t\t<meta name=\"twitter:title\" content=\"\u00cd\u00f1igo Parra: estrategias de liderazgo para un futuro incierto | El Digital de Asturias\" \/>\n\t\t<meta name=\"twitter:description\" content=\"El panorama internacional atraviesa un momento de volatilidad constante que condiciona de forma decisiva la evoluci\u00f3n econ\u00f3mica y social.\" \/>\n\t\t<meta name=\"twitter:creator\" content=\"@bercodi\" \/>\n\t\t<meta name=\"twitter:image\" content=\"https:\/\/eldigitaldeasturias.com\/radio\/wp-content\/uploads\/2025\/08\/Parra-CEO.jpg\" \/>\n\t\t<script type=\"application\/ld+json\" class=\"aioseo-schema\">\n\t\t\t{\"@context\":\"https:\\\/\\\/schema.org\",\"@graph\":[{\"@type\":\"BreadcrumbList\",\"@id\":\"https:\\\/\\\/eldigitaldeasturias.com\\\/radio\\\/inigo-parra-estrategias-de-liderazgo-para-un-futuro-incierto\\\/#breadcrumblist\",\"itemListElement\":[{\"@type\":\"ListItem\",\"@id\":\"https:\\\/\\\/eldigitaldeasturias.com\\\/radio#listItem\",\"position\":1,\"name\":\"Inicio\",\"item\":\"https:\\\/\\\/eldigitaldeasturias.com\\\/radio\",\"nextItem\":{\"@type\":\"ListItem\",\"@id\":\"https:\\\/\\\/eldigitaldeasturias.com\\\/radio\\\/category\\\/negocios\\\/#listItem\",\"name\":\"Negocios\"}},{\"@type\":\"ListItem\",\"@id\":\"https:\\\/\\\/eldigitaldeasturias.com\\\/radio\\\/category\\\/negocios\\\/#listItem\",\"position\":2,\"name\":\"Negocios\",\"item\":\"https:\\\/\\\/eldigitaldeasturias.com\\\/radio\\\/category\\\/negocios\\\/\",\"nextItem\":{\"@type\":\"ListItem\",\"@id\":\"https:\\\/\\\/eldigitaldeasturias.com\\\/radio\\\/inigo-parra-estrategias-de-liderazgo-para-un-futuro-incierto\\\/#listItem\",\"name\":\"\\u00cd\\u00f1igo Parra: estrategias de liderazgo para un futuro incierto\"},\"previousItem\":{\"@type\":\"ListItem\",\"@id\":\"https:\\\/\\\/eldigitaldeasturias.com\\\/radio#listItem\",\"name\":\"Inicio\"}},{\"@type\":\"ListItem\",\"@id\":\"https:\\\/\\\/eldigitaldeasturias.com\\\/radio\\\/inigo-parra-estrategias-de-liderazgo-para-un-futuro-incierto\\\/#listItem\",\"position\":3,\"name\":\"\\u00cd\\u00f1igo Parra: estrategias de liderazgo para un futuro incierto\",\"previousItem\":{\"@type\":\"ListItem\",\"@id\":\"https:\\\/\\\/eldigitaldeasturias.com\\\/radio\\\/category\\\/negocios\\\/#listItem\",\"name\":\"Negocios\"}}]},{\"@type\":\"NewsArticle\",\"@id\":\"https:\\\/\\\/eldigitaldeasturias.com\\\/radio\\\/inigo-parra-estrategias-de-liderazgo-para-un-futuro-incierto\\\/#newsarticle\",\"name\":\"\\u00cd\\u00f1igo Parra: estrategias de liderazgo para un futuro incierto | El Digital de Asturias\",\"headline\":\"\\u00cd\\u00f1igo Parra: estrategias de liderazgo para un futuro incierto\",\"author\":{\"@id\":\"https:\\\/\\\/eldigitaldeasturias.com\\\/radio\\\/author\\\/nbasturias\\\/#author\"},\"publisher\":{\"@id\":\"https:\\\/\\\/eldigitaldeasturias.com\\\/radio\\\/#organization\"},\"image\":{\"@type\":\"ImageObject\",\"url\":\"https:\\\/\\\/eldigitaldeasturias.com\\\/radio\\\/wp-content\\\/uploads\\\/2025\\\/08\\\/Parra-CEO.jpg\",\"width\":1061,\"height\":705,\"caption\":\"Parra CEO\"},\"datePublished\":\"2025-08-31T07:01:09+02:00\",\"dateModified\":\"2025-08-31T07:01:09+02:00\",\"inLanguage\":\"es-ES\",\"mainEntityOfPage\":{\"@id\":\"https:\\\/\\\/eldigitaldeasturias.com\\\/radio\\\/inigo-parra-estrategias-de-liderazgo-para-un-futuro-incierto\\\/#webpage\"},\"isPartOf\":{\"@id\":\"https:\\\/\\\/eldigitaldeasturias.com\\\/radio\\\/inigo-parra-estrategias-de-liderazgo-para-un-futuro-incierto\\\/#webpage\"},\"articleSection\":\"Negocios, empresas\",\"dateline\":\"Publicado el agosto 31, 2025.\"},{\"@type\":\"Organization\",\"@id\":\"https:\\\/\\\/eldigitaldeasturias.com\\\/radio\\\/#organization\",\"name\":\"El digital de Asturias Radio\",\"description\":\"Diario de informaci\\u00f3n y noticias\",\"url\":\"https:\\\/\\\/eldigitaldeasturias.com\\\/radio\\\/\",\"telephone\":\"+34652131393\",\"logo\":{\"@type\":\"ImageObject\",\"url\":\"https:\\\/\\\/www.eldigitaldeasturias.com\\\/radio\\\/wp-content\\\/uploads\\\/2021\\\/03\\\/EDA.jpg\",\"@id\":\"https:\\\/\\\/eldigitaldeasturias.com\\\/radio\\\/inigo-parra-estrategias-de-liderazgo-para-un-futuro-incierto\\\/#organizationLogo\"},\"image\":{\"@id\":\"https:\\\/\\\/eldigitaldeasturias.com\\\/radio\\\/inigo-parra-estrategias-de-liderazgo-para-un-futuro-incierto\\\/#organizationLogo\"},\"sameAs\":[\"https:\\\/\\\/www.facebook.com\\\/\",\"https:\\\/\\\/x.com\\\/bercodi\",\"https:\\\/\\\/www.instagram.com\\\/\",\"https:\\\/\\\/www.youtube.com\\\/channel\\\/UCZP-2wLEB9Rv6erhFmqVnvg\"]},{\"@type\":\"Person\",\"@id\":\"https:\\\/\\\/eldigitaldeasturias.com\\\/radio\\\/author\\\/nbasturias\\\/#author\",\"url\":\"https:\\\/\\\/eldigitaldeasturias.com\\\/radio\\\/author\\\/nbasturias\\\/\",\"name\":\"NBAsturias\",\"image\":{\"@type\":\"ImageObject\",\"@id\":\"https:\\\/\\\/eldigitaldeasturias.com\\\/radio\\\/inigo-parra-estrategias-de-liderazgo-para-un-futuro-incierto\\\/#authorImage\",\"url\":\"https:\\\/\\\/secure.gravatar.com\\\/avatar\\\/df2aeffc32bcd13f8d26072ef8a91b623d677766deac7f97ca815868cd41bf5e?s=96&d=mm&r=g\",\"width\":96,\"height\":96,\"caption\":\"NBAsturias\"}},{\"@type\":\"WebPage\",\"@id\":\"https:\\\/\\\/eldigitaldeasturias.com\\\/radio\\\/inigo-parra-estrategias-de-liderazgo-para-un-futuro-incierto\\\/#webpage\",\"url\":\"https:\\\/\\\/eldigitaldeasturias.com\\\/radio\\\/inigo-parra-estrategias-de-liderazgo-para-un-futuro-incierto\\\/\",\"name\":\"\\u00cd\\u00f1igo Parra: estrategias de liderazgo para un futuro incierto | El Digital de Asturias\",\"description\":\"El panorama internacional atraviesa un momento de volatilidad constante que condiciona de forma decisiva la evoluci\\u00f3n econ\\u00f3mica y social.\",\"inLanguage\":\"es-ES\",\"isPartOf\":{\"@id\":\"https:\\\/\\\/eldigitaldeasturias.com\\\/radio\\\/#website\"},\"breadcrumb\":{\"@id\":\"https:\\\/\\\/eldigitaldeasturias.com\\\/radio\\\/inigo-parra-estrategias-de-liderazgo-para-un-futuro-incierto\\\/#breadcrumblist\"},\"author\":{\"@id\":\"https:\\\/\\\/eldigitaldeasturias.com\\\/radio\\\/author\\\/nbasturias\\\/#author\"},\"creator\":{\"@id\":\"https:\\\/\\\/eldigitaldeasturias.com\\\/radio\\\/author\\\/nbasturias\\\/#author\"},\"image\":{\"@type\":\"ImageObject\",\"url\":\"https:\\\/\\\/eldigitaldeasturias.com\\\/radio\\\/wp-content\\\/uploads\\\/2025\\\/08\\\/Parra-CEO.jpg\",\"@id\":\"https:\\\/\\\/eldigitaldeasturias.com\\\/radio\\\/inigo-parra-estrategias-de-liderazgo-para-un-futuro-incierto\\\/#mainImage\",\"width\":1061,\"height\":705,\"caption\":\"Parra CEO\"},\"primaryImageOfPage\":{\"@id\":\"https:\\\/\\\/eldigitaldeasturias.com\\\/radio\\\/inigo-parra-estrategias-de-liderazgo-para-un-futuro-incierto\\\/#mainImage\"},\"datePublished\":\"2025-08-31T07:01:09+02:00\",\"dateModified\":\"2025-08-31T07:01:09+02:00\"},{\"@type\":\"WebSite\",\"@id\":\"https:\\\/\\\/eldigitaldeasturias.com\\\/radio\\\/#website\",\"url\":\"https:\\\/\\\/eldigitaldeasturias.com\\\/radio\\\/\",\"name\":\"El Digital de Asturias\",\"description\":\"Diario de informaci\\u00f3n y noticias\",\"inLanguage\":\"es-ES\",\"publisher\":{\"@id\":\"https:\\\/\\\/eldigitaldeasturias.com\\\/radio\\\/#organization\"}}]}\n\t\t<\/script>\n\t\t<!-- All in One SEO Pro -->\r\n\t\t<title>\u00cd\u00f1igo Parra: estrategias de liderazgo para un futuro incierto | El Digital de Asturias<\/title>\n\n","aioseo_head_json":{"title":"\u00cd\u00f1igo Parra: estrategias de liderazgo para un futuro incierto | El Digital de Asturias","description":"El panorama internacional atraviesa un momento de volatilidad constante que condiciona de forma decisiva la evoluci\u00f3n econ\u00f3mica y social.","canonical_url":"https:\/\/eldigitaldeasturias.com\/radio\/inigo-parra-estrategias-de-liderazgo-para-un-futuro-incierto\/","robots":"max-image-preview:large","keywords":"negocios","webmasterTools":{"google-site-verification":"UA-38556648-1","miscellaneous":""},"schema":{"@context":"https:\/\/schema.org","@graph":[{"@type":"BreadcrumbList","@id":"https:\/\/eldigitaldeasturias.com\/radio\/inigo-parra-estrategias-de-liderazgo-para-un-futuro-incierto\/#breadcrumblist","itemListElement":[{"@type":"ListItem","@id":"https:\/\/eldigitaldeasturias.com\/radio#listItem","position":1,"name":"Inicio","item":"https:\/\/eldigitaldeasturias.com\/radio","nextItem":{"@type":"ListItem","@id":"https:\/\/eldigitaldeasturias.com\/radio\/category\/negocios\/#listItem","name":"Negocios"}},{"@type":"ListItem","@id":"https:\/\/eldigitaldeasturias.com\/radio\/category\/negocios\/#listItem","position":2,"name":"Negocios","item":"https:\/\/eldigitaldeasturias.com\/radio\/category\/negocios\/","nextItem":{"@type":"ListItem","@id":"https:\/\/eldigitaldeasturias.com\/radio\/inigo-parra-estrategias-de-liderazgo-para-un-futuro-incierto\/#listItem","name":"\u00cd\u00f1igo Parra: estrategias de liderazgo para un futuro incierto"},"previousItem":{"@type":"ListItem","@id":"https:\/\/eldigitaldeasturias.com\/radio#listItem","name":"Inicio"}},{"@type":"ListItem","@id":"https:\/\/eldigitaldeasturias.com\/radio\/inigo-parra-estrategias-de-liderazgo-para-un-futuro-incierto\/#listItem","position":3,"name":"\u00cd\u00f1igo Parra: estrategias de liderazgo para un futuro incierto","previousItem":{"@type":"ListItem","@id":"https:\/\/eldigitaldeasturias.com\/radio\/category\/negocios\/#listItem","name":"Negocios"}}]},{"@type":"NewsArticle","@id":"https:\/\/eldigitaldeasturias.com\/radio\/inigo-parra-estrategias-de-liderazgo-para-un-futuro-incierto\/#newsarticle","name":"\u00cd\u00f1igo Parra: estrategias de liderazgo para un futuro incierto | El Digital de Asturias","headline":"\u00cd\u00f1igo Parra: estrategias de liderazgo para un futuro incierto","author":{"@id":"https:\/\/eldigitaldeasturias.com\/radio\/author\/nbasturias\/#author"},"publisher":{"@id":"https:\/\/eldigitaldeasturias.com\/radio\/#organization"},"image":{"@type":"ImageObject","url":"https:\/\/eldigitaldeasturias.com\/radio\/wp-content\/uploads\/2025\/08\/Parra-CEO.jpg","width":1061,"height":705,"caption":"Parra CEO"},"datePublished":"2025-08-31T07:01:09+02:00","dateModified":"2025-08-31T07:01:09+02:00","inLanguage":"es-ES","mainEntityOfPage":{"@id":"https:\/\/eldigitaldeasturias.com\/radio\/inigo-parra-estrategias-de-liderazgo-para-un-futuro-incierto\/#webpage"},"isPartOf":{"@id":"https:\/\/eldigitaldeasturias.com\/radio\/inigo-parra-estrategias-de-liderazgo-para-un-futuro-incierto\/#webpage"},"articleSection":"Negocios, empresas","dateline":"Publicado el agosto 31, 2025."},{"@type":"Organization","@id":"https:\/\/eldigitaldeasturias.com\/radio\/#organization","name":"El digital de Asturias Radio","description":"Diario de informaci\u00f3n y noticias","url":"https:\/\/eldigitaldeasturias.com\/radio\/","telephone":"+34652131393","logo":{"@type":"ImageObject","url":"https:\/\/www.eldigitaldeasturias.com\/radio\/wp-content\/uploads\/2021\/03\/EDA.jpg","@id":"https:\/\/eldigitaldeasturias.com\/radio\/inigo-parra-estrategias-de-liderazgo-para-un-futuro-incierto\/#organizationLogo"},"image":{"@id":"https:\/\/eldigitaldeasturias.com\/radio\/inigo-parra-estrategias-de-liderazgo-para-un-futuro-incierto\/#organizationLogo"},"sameAs":["https:\/\/www.facebook.com\/","https:\/\/x.com\/bercodi","https:\/\/www.instagram.com\/","https:\/\/www.youtube.com\/channel\/UCZP-2wLEB9Rv6erhFmqVnvg"]},{"@type":"Person","@id":"https:\/\/eldigitaldeasturias.com\/radio\/author\/nbasturias\/#author","url":"https:\/\/eldigitaldeasturias.com\/radio\/author\/nbasturias\/","name":"NBAsturias","image":{"@type":"ImageObject","@id":"https:\/\/eldigitaldeasturias.com\/radio\/inigo-parra-estrategias-de-liderazgo-para-un-futuro-incierto\/#authorImage","url":"https:\/\/secure.gravatar.com\/avatar\/df2aeffc32bcd13f8d26072ef8a91b623d677766deac7f97ca815868cd41bf5e?s=96&d=mm&r=g","width":96,"height":96,"caption":"NBAsturias"}},{"@type":"WebPage","@id":"https:\/\/eldigitaldeasturias.com\/radio\/inigo-parra-estrategias-de-liderazgo-para-un-futuro-incierto\/#webpage","url":"https:\/\/eldigitaldeasturias.com\/radio\/inigo-parra-estrategias-de-liderazgo-para-un-futuro-incierto\/","name":"\u00cd\u00f1igo Parra: estrategias de liderazgo para un futuro incierto | El Digital de Asturias","description":"El panorama internacional atraviesa un momento de volatilidad constante que condiciona de forma decisiva la evoluci\u00f3n econ\u00f3mica y social.","inLanguage":"es-ES","isPartOf":{"@id":"https:\/\/eldigitaldeasturias.com\/radio\/#website"},"breadcrumb":{"@id":"https:\/\/eldigitaldeasturias.com\/radio\/inigo-parra-estrategias-de-liderazgo-para-un-futuro-incierto\/#breadcrumblist"},"author":{"@id":"https:\/\/eldigitaldeasturias.com\/radio\/author\/nbasturias\/#author"},"creator":{"@id":"https:\/\/eldigitaldeasturias.com\/radio\/author\/nbasturias\/#author"},"image":{"@type":"ImageObject","url":"https:\/\/eldigitaldeasturias.com\/radio\/wp-content\/uploads\/2025\/08\/Parra-CEO.jpg","@id":"https:\/\/eldigitaldeasturias.com\/radio\/inigo-parra-estrategias-de-liderazgo-para-un-futuro-incierto\/#mainImage","width":1061,"height":705,"caption":"Parra CEO"},"primaryImageOfPage":{"@id":"https:\/\/eldigitaldeasturias.com\/radio\/inigo-parra-estrategias-de-liderazgo-para-un-futuro-incierto\/#mainImage"},"datePublished":"2025-08-31T07:01:09+02:00","dateModified":"2025-08-31T07:01:09+02:00"},{"@type":"WebSite","@id":"https:\/\/eldigitaldeasturias.com\/radio\/#website","url":"https:\/\/eldigitaldeasturias.com\/radio\/","name":"El Digital de Asturias","description":"Diario de informaci\u00f3n y noticias","inLanguage":"es-ES","publisher":{"@id":"https:\/\/eldigitaldeasturias.com\/radio\/#organization"}}]},"og:locale":"es_ES","og:site_name":"El Digital de Asturias | Diario de informaci\u00f3n y noticias","og:type":"article","og:title":"\u00cd\u00f1igo Parra: estrategias de liderazgo para un futuro incierto | El Digital de Asturias","og:description":"El panorama internacional atraviesa un momento de volatilidad constante que condiciona de forma decisiva la evoluci\u00f3n econ\u00f3mica y social.","og:url":"https:\/\/eldigitaldeasturias.com\/radio\/inigo-parra-estrategias-de-liderazgo-para-un-futuro-incierto\/","og:image":"https:\/\/eldigitaldeasturias.com\/radio\/wp-content\/uploads\/2025\/08\/Parra-CEO.jpg","og:image:secure_url":"https:\/\/eldigitaldeasturias.com\/radio\/wp-content\/uploads\/2025\/08\/Parra-CEO.jpg","og:image:width":1061,"og:image:height":705,"article:published_time":"2025-08-31T05:01:09+00:00","article:modified_time":"2025-08-31T05:01:09+00:00","twitter:card":"summary_large_image","twitter:site":"@bercodi","twitter:title":"\u00cd\u00f1igo Parra: estrategias de liderazgo para un futuro incierto | El Digital de Asturias","twitter:description":"El panorama internacional atraviesa un momento de volatilidad constante que condiciona de forma decisiva la evoluci\u00f3n econ\u00f3mica y social.","twitter:creator":"@bercodi","twitter:image":"https:\/\/eldigitaldeasturias.com\/radio\/wp-content\/uploads\/2025\/08\/Parra-CEO.jpg"},"aioseo_meta_data":{"post_id":"10818","title":null,"description":"El panorama internacional atraviesa un momento de volatilidad constante que condiciona de forma decisiva la evoluci\u00f3n econ\u00f3mica y social.","keywords":null,"keyphrases":{"focus":{"keyphrase":"Parra","score":91,"analysis":{"keyphraseInTitle":{"score":9,"maxScore":9,"error":0},"keyphraseInDescription":{"score":3,"maxScore":9,"error":1},"keyphraseLength":{"score":9,"maxScore":9,"error":0,"length":1},"keyphraseInURL":{"score":5,"maxScore":5,"error":0},"keyphraseInIntroduction":{"score":9,"maxScore":9,"error":0},"keyphraseInSubHeadings":{"score":9,"maxScore":9,"error":0},"keyphraseInImageAlt":{"score":9,"maxScore":9,"error":0},"keywordDensity":{"type":"best","score":9,"maxScore":9,"error":0}}},"additional":[{"keyphrase":"Parra","score":87,"analysis":{"keyphraseInDescription":{"score":3,"maxScore":9,"error":1},"keyphraseLength":{"score":9,"maxScore":9,"error":0,"length":1},"keyphraseInIntroduction":{"score":9,"maxScore":9,"error":0},"keyphraseInImageAlt":{"score":9,"maxScore":9,"error":0},"keywordDensity":{"type":"best","score":9,"maxScore":9,"error":0}}}]},"primary_term":null,"canonical_url":null,"og_title":null,"og_description":null,"og_object_type":"default","og_image_type":"default","og_image_url":null,"og_image_width":null,"og_image_height":null,"og_image_custom_url":null,"og_image_custom_fields":null,"og_video":"","og_custom_url":null,"og_article_section":null,"og_article_tags":null,"twitter_use_og":false,"twitter_card":"default","twitter_image_type":"default","twitter_image_url":null,"twitter_image_custom_url":null,"twitter_image_custom_fields":null,"twitter_title":null,"twitter_description":null,"schema":{"blockGraphs":[],"customGraphs":[],"default":{"data":{"Article":[],"Course":[],"Dataset":[],"FAQPage":[],"Movie":[],"Person":[],"Product":[],"ProductReview":[],"Car":[],"Recipe":[],"Service":[],"SoftwareApplication":[],"WebPage":[]},"graphName":"NewsArticle","isEnabled":true},"graphs":[]},"schema_type":"default","schema_type_options":null,"pillar_content":false,"robots_default":true,"robots_noindex":false,"robots_noarchive":false,"robots_nosnippet":false,"robots_nofollow":false,"robots_noimageindex":false,"robots_noodp":false,"robots_notranslate":false,"robots_max_snippet":"-1","robots_max_videopreview":"-1","robots_max_imagepreview":"large","priority":null,"frequency":"default","location":null,"local_seo":null,"seo_analyzer_scan_date":"2025-08-31 05:06:24","breadcrumb_settings":null,"limit_modified_date":false,"open_ai":null,"ai":{"faqs":[],"keyPoints":[],"titles":[],"descriptions":[],"socialPosts":{"email":[],"linkedin":[],"twitter":[],"facebook":[],"instagram":[]}},"created":"2025-08-31 04:57:18","updated":"2025-08-31 05:08:21"},"aioseo_breadcrumb":"<div class=\"aioseo-breadcrumbs\"><span class=\"aioseo-breadcrumb\">\n\t<a href=\"https:\/\/eldigitaldeasturias.com\/radio\" title=\"Inicio\">Inicio<\/a>\n<\/span><span class=\"aioseo-breadcrumb-separator\">&ndash;<\/span><span class=\"aioseo-breadcrumb\">\n\t<a href=\"https:\/\/eldigitaldeasturias.com\/radio\/category\/negocios\/\" title=\"Negocios\">Negocios<\/a>\n<\/span><span class=\"aioseo-breadcrumb-separator\">&ndash;<\/span><span class=\"aioseo-breadcrumb\">\n\t\u00cd\u00f1igo Parra: estrategias de liderazgo para un futuro incierto\n<\/span><\/div>","aioseo_breadcrumb_json":[{"label":"Inicio","link":"https:\/\/eldigitaldeasturias.com\/radio"},{"label":"Negocios","link":"https:\/\/eldigitaldeasturias.com\/radio\/category\/negocios\/"},{"label":"\u00cd\u00f1igo Parra: estrategias de liderazgo para un futuro incierto","link":"https:\/\/eldigitaldeasturias.com\/radio\/inigo-parra-estrategias-de-liderazgo-para-un-futuro-incierto\/"}],"_links":{"self":[{"href":"https:\/\/eldigitaldeasturias.com\/radio\/wp-json\/wp\/v2\/posts\/10818","targetHints":{"allow":["GET"]}}],"collection":[{"href":"https:\/\/eldigitaldeasturias.com\/radio\/wp-json\/wp\/v2\/posts"}],"about":[{"href":"https:\/\/eldigitaldeasturias.com\/radio\/wp-json\/wp\/v2\/types\/post"}],"author":[{"embeddable":true,"href":"https:\/\/eldigitaldeasturias.com\/radio\/wp-json\/wp\/v2\/users\/1"}],"replies":[{"embeddable":true,"href":"https:\/\/eldigitaldeasturias.com\/radio\/wp-json\/wp\/v2\/comments?post=10818"}],"version-history":[{"count":0,"href":"https:\/\/eldigitaldeasturias.com\/radio\/wp-json\/wp\/v2\/posts\/10818\/revisions"}],"wp:featuredmedia":[{"embeddable":true,"href":"https:\/\/eldigitaldeasturias.com\/radio\/wp-json\/wp\/v2\/media\/10819"}],"wp:attachment":[{"href":"https:\/\/eldigitaldeasturias.com\/radio\/wp-json\/wp\/v2\/media?parent=10818"}],"wp:term":[{"taxonomy":"category","embeddable":true,"href":"https:\/\/eldigitaldeasturias.com\/radio\/wp-json\/wp\/v2\/categories?post=10818"},{"taxonomy":"post_tag","embeddable":true,"href":"https:\/\/eldigitaldeasturias.com\/radio\/wp-json\/wp\/v2\/tags?post=10818"}],"curies":[{"name":"wp","href":"https:\/\/api.w.org\/{rel}","templated":true}]}}