{"id":10812,"date":"2025-08-31T05:53:33","date_gmt":"2025-08-31T03:53:33","guid":{"rendered":"https:\/\/eldigitaldeasturias.com\/radio\/?p=10812"},"modified":"2025-08-31T05:53:33","modified_gmt":"2025-08-31T03:53:33","slug":"rene-jaime-mungarro-impulsa-junto-a-grupo-vinte-la-transformacion-del-sector-vivienda-tras-adquirir-javer-y-crear-una-holding-que-respeta-la-independencia-operativa-de-cada-marca","status":"publish","type":"post","link":"https:\/\/eldigitaldeasturias.com\/radio\/rene-jaime-mungarro-impulsa-junto-a-grupo-vinte-la-transformacion-del-sector-vivienda-tras-adquirir-javer-y-crear-una-holding-que-respeta-la-independencia-operativa-de-cada-marca\/","title":{"rendered":"Ren\u00e9 Jaime Mungarro impulsa junto a Grupo Vinte la transformaci\u00f3n del sector vivienda tras adquirir Javer y crear una holding que respeta la independencia operativa de cada marca"},"content":{"rendered":"<p><span style=\"font-weight: 400;\">Con una visi\u00f3n estrat\u00e9gica, <\/span><b>Ren\u00e9 Jaime Mungarro<\/b><span style=\"font-weight: 400;\"> y sus socios marcan un hito en el sector de vivienda en M\u00e9xico, uniendo una compra hist\u00f3rica con un modelo de operaci\u00f3n innovador.<\/span><\/p>\n<p><img fetchpriority=\"high\" decoding=\"async\" class=\"aligncenter size-large wp-image-10813\" src=\"https:\/\/eldigitaldeasturias.com\/radio\/wp-content\/uploads\/2025\/08\/Rene-Jaime-Mungarro-635x480.jpg\" alt=\"Ren\u00e9 Jaime Mungarro\" width=\"635\" height=\"480\" srcset=\"https:\/\/eldigitaldeasturias.com\/radio\/wp-content\/uploads\/2025\/08\/Rene-Jaime-Mungarro-635x480.jpg 635w, https:\/\/eldigitaldeasturias.com\/radio\/wp-content\/uploads\/2025\/08\/Rene-Jaime-Mungarro-360x272.jpg 360w, https:\/\/eldigitaldeasturias.com\/radio\/wp-content\/uploads\/2025\/08\/Rene-Jaime-Mungarro-768x581.jpg 768w, https:\/\/eldigitaldeasturias.com\/radio\/wp-content\/uploads\/2025\/08\/Rene-Jaime-Mungarro-150x113.jpg 150w, https:\/\/eldigitaldeasturias.com\/radio\/wp-content\/uploads\/2025\/08\/Rene-Jaime-Mungarro-450x340.jpg 450w, https:\/\/eldigitaldeasturias.com\/radio\/wp-content\/uploads\/2025\/08\/Rene-Jaime-Mungarro.jpg 889w\" sizes=\"(max-width: 635px) 100vw, 635px\" \/><\/p>\n<p><span style=\"font-weight: 400;\">En diciembre de 2024, <\/span><b>Grupo Vinte<\/b><span style=\"font-weight: 400;\">, bajo la direcci\u00f3n de <\/span><b>Ren\u00e9 Jaime Mungarro<\/b><span style=\"font-weight: 400;\">, Director General, Socio Fundador y miembro del Consejo de Administraci\u00f3n, cerr\u00f3 la adquisici\u00f3n del 100% de las acciones de Javer. Esta operaci\u00f3n convirti\u00f3 a <\/span><b>Grupo Vinte<\/b><span style=\"font-weight: 400;\"> en la mayor desarrolladora de vivienda en M\u00e9xico y la tercera en Latinoam\u00e9rica en ingresos entre las empresas cotizadas en bolsa. M\u00e1s all\u00e1 de lo financiero, dio origen a una <\/span><b>holding que respeta la independencia operativa de cada marca<\/b><span style=\"font-weight: 400;\">, bajo una cultura de comunidad, sustentabilidad e innovaci\u00f3n tecnol\u00f3gica.<\/span><\/p>\n<p><span style=\"font-weight: 400;\">Desde sus or\u00edgenes, <\/span><b>Grupo Vinte<\/b><span style=\"font-weight: 400;\"> se ha distinguido por desafiar los modelos tradicionales. Hoy, reafirma esa visi\u00f3n: \u201cnos apartamos de la l\u00f3gica de las fusiones absorbentes y estamos apostando por un conglomerado en el que Javer conserva su identidad, estructura y fortalezas\u201d, explica <\/span><span style=\"color: #ff6600;\"><a style=\"color: #ff6600;\" href=\"https:\/\/mx.linkedin.com\/in\/ren%C3%A9-jaime-mungarro-472021197\" target=\"_blank\" rel=\"nofollow noopener\"><b>Ren\u00e9 Jaime <\/b><\/a><\/span><b>Mungarro<\/b><span style=\"font-weight: 400;\">, tambi\u00e9n Socio Fundador y Miembro del Consejo de Administraci\u00f3n de Vinte.<\/span><\/p>\n<p><span style=\"font-weight: 400;\">Este planteamiento refleja un cambio profundo: \u201cla manera de competir es no competir: era crear un nuevo carril en la autopista para transitar solos\u201d. As\u00ed, la integraci\u00f3n de Javer no resta identidad, sino que suma capacidades con innovaci\u00f3n y sustentabilidad como ejes.<\/span><\/p>\n<p><span style=\"font-weight: 400;\">Hace m\u00e1s de dos d\u00e9cadas, los fundadores de <\/span><b>Grupo Vinte<\/b><span style=\"font-weight: 400;\">, entre ellos <\/span><b>Ren\u00e9 Jaime Mungarro<\/b><span style=\"font-weight: 400;\">, marcaron una alternativa en un mercado dominado por gigantes como Geo, Urbi o Ara. Su apuesta fue distinta: calidad de vida y experiencias sobre volumen y precio. En ese entonces, cuando apenas el 4% de los hogares ten\u00eda acceso a Internet, Vinte lanz\u00f3 \u201cTu casa conectada al mundo\u201d, con computadoras, conexi\u00f3n digital y servicios integrados, adelant\u00e1ndose a la tendencia de hogares inteligentes.<\/span><\/p>\n<p><span style=\"font-weight: 400;\">\u201cNosotros conectamos nuestras casas con la base de taxis para crear un servicio por aplicaci\u00f3n y tambi\u00e9n integr\u00e1bamos tiendas de abarrotes locales para entrega a domicilio\u201d, recuerda <\/span><b>Ren\u00e9 Jaime Mungarro<\/b><span style=\"font-weight: 400;\">sobre los primeros pasos de digitalizaci\u00f3n, mucho antes de Uber o Rappi.<\/span><\/p>\n<p><span style=\"font-weight: 400;\">Hoy, <\/span><b>Grupo Vinte<\/b><span style=\"font-weight: 400;\"> es referente en vivienda sustentable certificada EDGE y EDGE Advanced, alcanzando impacto en 14 de los 17 ODS de la ONU. Con la incorporaci\u00f3n de Javer, el alcance se amplifica. \u201cNo vamos a competir, vamos a sumar y a amplificar el impacto de construir \u2018viviendas adecuadas\u2019 alineadas a los objetivos de ONU H\u00e1bitat, hogares que forjan ciudadan\u00eda\u201d, afirma <\/span><b>Ren\u00e9 Jaime Mungarro<\/b><span style=\"font-weight: 400;\">, Director General de <\/span><b>Grupo Vinte<\/b><span style=\"font-weight: 400;\">.<\/span><\/p>\n<h3><b>Ren\u00e9 Jaime Mungarro propone una integraci\u00f3n con gobernanza sin imposiciones<\/b><\/h3>\n<p><span style=\"font-weight: 400;\">El movimiento no solo es hist\u00f3rico por su magnitud, tambi\u00e9n por su gesti\u00f3n. La compra total de Javer por parte de Vinte, oficializada en diciembre de 2024, dio lugar a un modelo in\u00e9dito en la industria: dos compa\u00f1\u00edas con independencia operativa intacta, pero con una visi\u00f3n com\u00fan, explica <\/span><b>Ren\u00e9 Jaime Mungarro<\/b><span style=\"font-weight: 400;\">, CEO del grupo.<\/span><\/p>\n<p><span style=\"font-weight: 400;\">El proceso comenz\u00f3 en 2023 bajo nombres clave \u2014\u201cHulk\u201d para Javer y \u201cThor\u201d para Vinte\u2014, con apoyo de una instituci\u00f3n financiera que detect\u00f3 el potencial de la alianza. Tras un exhaustivo due diligence, financiamiento por 4,300 millones de pesos y las aprobaciones de la CNBV y la COFECE, el acuerdo se formaliz\u00f3 el 17 de diciembre de 2024.<\/span><\/p>\n<p><span style=\"font-weight: 400;\">\u201cAlcanzamos el 99.92% de la compra de acciones, algo que parec\u00eda inalcanzable. Ese fue el primer gran paso para comenzar a construir una sola empresa, formada por dos culturas robustas y complementarias\u201d, sostiene <\/span><b>Ren\u00e9 Jaime Mungarro<\/b><span style=\"font-weight: 400;\">.<\/span><\/p>\n<p><span style=\"font-weight: 400;\">El esquema adoptado fue de integraci\u00f3n horizontal, caracter\u00edstico de adquisiciones entre iguales, priorizando la suma de capacidades por encima de la imposici\u00f3n.<\/span><\/p>\n<p><span style=\"font-weight: 400;\">\u201c\u00c9ramos dos empresas dedicadas a lo mismo, pero con perfiles distintos. Lo que buscamos no es imponer, sino combinar lo mejor de cada casa y formar una nueva empresa m\u00e1s fuerte y ambiciosa\u201d, comenta <\/span><b>Ren\u00e9 Jaime Mungarro<\/b><span style=\"font-weight: 400;\">, con m\u00e1s de tres d\u00e9cadas de experiencia en el sector.<\/span><\/p>\n<p><span style=\"font-weight: 400;\">La integraci\u00f3n, guiada por asesor\u00eda externa, se organiz\u00f3 en torno a 10 ejes: visi\u00f3n compartida, eficiencia operativa, flexibilidad, replicabilidad, gobernanza, financiamiento verde y desarrollo de talento.<\/span><\/p>\n<p><span style=\"font-weight: 400;\">El objetivo de largo plazo es multiplicar por cinco los ingresos, pasando de 15,000 millones actuales a 75,000 millones en 2035, seg\u00fan <\/span><b>Ren\u00e9 Jaime Mungarro<\/b><span style=\"font-weight: 400;\">.<\/span><\/p>\n<p><span style=\"font-weight: 400;\">Para alinear a los equipos, se lanz\u00f3 una comunicaci\u00f3n interna llamada \u201cllevar la buena nueva\u201d, destinada a explicar la misi\u00f3n y consolidar una narrativa com\u00fan.<\/span><\/p>\n<p><span style=\"font-weight: 400;\">\u201cEstamos en la luna de miel. Y si en la luna de miel hay sensibilidad, imagina el resto del matrimonio. El mayor desaf\u00edo es alinear personas. Es por ello que, entre mis funciones, he desarrollado una din\u00e1mica de encuentro con los equipos para presentarles el prop\u00f3sito de la holding y unirnos todos en la misi\u00f3n, bajo una estricta pol\u00edtica de respeto a lo que han construido en Javer\u201d, asegura <\/span><b>Ren\u00e9 Jaime Mungarro<\/b><span style=\"font-weight: 400;\">.<\/span><\/p>\n<p><span style=\"font-weight: 400;\">Entre las primeras medidas estuvieron la renovaci\u00f3n del Consejo de Administraci\u00f3n, el desliste de Javer de la Bolsa Mexicana de Valores y la designaci\u00f3n de nuevos apoderados legales. El plan de integraci\u00f3n avanza con una meta clara: unir trayectorias en un solo camino.<\/span><\/p>\n<p><span style=\"font-weight: 400;\">En la pr\u00e1ctica, Vinte y Javer mantendr\u00e1n sus marcas y equipos, pero bajo una gobernanza com\u00fan. Como concluye <\/span><b>Ren\u00e9 Jaime Mungarro<\/b><span style=\"font-weight: 400;\">: \u201cSomos una holding con un prop\u00f3sito de impacto muy grande: construir comunidad bajo los m\u00e1s altos est\u00e1ndares de sustentabilidad e innovaci\u00f3n tecnol\u00f3gica para la industria, para M\u00e9xico y para el planeta\u201d.<\/span><\/p>\n<h3><b>El legado de Ren\u00e9 Jaime Mungarro en el mercado de la vivienda<\/b><\/h3>\n<p><b>Ren\u00e9 Jaime Mungarro<\/b><span style=\"font-weight: 400;\"> es un empresario y directivo mexicano con amplia trayectoria en el sector de vivienda. Reconocido por su liderazgo, ha impulsado proyectos que integran innovaci\u00f3n, sustentabilidad y desarrollo urbano. Su experiencia incluye la gesti\u00f3n de compa\u00f1\u00edas de gran escala, la creaci\u00f3n de alianzas corporativas y el dise\u00f1o de modelos de negocio que fortalecen el sector inmobiliario en M\u00e9xico.<\/span><\/p>\n","protected":false},"excerpt":{"rendered":"<p>Con una visi\u00f3n estrat\u00e9gica, Ren\u00e9 Jaime Mungarro y sus socios marcan un hito en el sector de vivienda en M\u00e9xico, uniendo una compra hist\u00f3rica con un modelo de operaci\u00f3n innovador. En diciembre de 2024, Grupo Vinte, bajo la direcci\u00f3n de Ren\u00e9 Jaime Mungarro, Director General, Socio Fundador y miembro del Consejo de Administraci\u00f3n, cerr\u00f3 la<\/p>\n","protected":false},"author":1,"featured_media":10813,"comment_status":"closed","ping_status":"closed","sticky":false,"template":"","format":"standard","meta":{"footnotes":""},"categories":[35],"tags":[43],"class_list":{"0":"post-10812","1":"post","2":"type-post","3":"status-publish","4":"format-standard","5":"has-post-thumbnail","7":"category-negocios","8":"tag-empresas"},"aioseo_notices":[],"aioseo_head":"\n\t\t<!-- All in One SEO Pro 4.9.6.2 - aioseo.com -->\n\t<meta name=\"description\" content=\"Con una visi\u00f3n estrat\u00e9gica, Ren\u00e9 Jaime Mungarro y sus socios marcan un hito en el sector de vivienda en M\u00e9xico, uniendo una compra hist\u00f3rica con un modelo\" \/>\n\t<meta name=\"robots\" content=\"max-image-preview:large\" \/>\n\t<meta name=\"author\" content=\"NBAsturias\"\/>\n\t<meta name=\"google-site-verification\" content=\"UA-38556648-1\" \/>\n\t<meta name=\"keywords\" content=\"negocios\" \/>\n\t<link rel=\"canonical\" href=\"https:\/\/eldigitaldeasturias.com\/radio\/rene-jaime-mungarro-impulsa-junto-a-grupo-vinte-la-transformacion-del-sector-vivienda-tras-adquirir-javer-y-crear-una-holding-que-respeta-la-independencia-operativa-de-cada-marca\/\" \/>\n\t<meta name=\"generator\" content=\"All in One SEO Pro (AIOSEO) 4.9.6.2\" \/>\n\t\t<meta property=\"og:locale\" content=\"es_ES\" \/>\n\t\t<meta property=\"og:site_name\" content=\"El Digital de Asturias | Diario de informaci\u00f3n y noticias\" \/>\n\t\t<meta property=\"og:type\" content=\"article\" \/>\n\t\t<meta property=\"og:title\" content=\"Ren\u00e9 Jaime Mungarro impulsa junto a Grupo Vinte la transformaci\u00f3n del sector vivienda tras adquirir Javer y crear una holding que respeta la independencia operativa de cada marca | El Digital de Asturias\" \/>\n\t\t<meta property=\"og:description\" content=\"Con una visi\u00f3n estrat\u00e9gica, Ren\u00e9 Jaime Mungarro y sus socios marcan un hito en el sector de vivienda en M\u00e9xico, uniendo una compra hist\u00f3rica con un modelo\" \/>\n\t\t<meta property=\"og:url\" content=\"https:\/\/eldigitaldeasturias.com\/radio\/rene-jaime-mungarro-impulsa-junto-a-grupo-vinte-la-transformacion-del-sector-vivienda-tras-adquirir-javer-y-crear-una-holding-que-respeta-la-independencia-operativa-de-cada-marca\/\" \/>\n\t\t<meta property=\"og:image\" content=\"https:\/\/eldigitaldeasturias.com\/radio\/wp-content\/uploads\/2025\/08\/Rene-Jaime-Mungarro.jpg\" \/>\n\t\t<meta property=\"og:image:secure_url\" content=\"https:\/\/eldigitaldeasturias.com\/radio\/wp-content\/uploads\/2025\/08\/Rene-Jaime-Mungarro.jpg\" \/>\n\t\t<meta property=\"og:image:width\" content=\"889\" \/>\n\t\t<meta property=\"og:image:height\" content=\"672\" \/>\n\t\t<meta property=\"article:published_time\" content=\"2025-08-31T03:53:33+00:00\" \/>\n\t\t<meta property=\"article:modified_time\" content=\"2025-08-31T03:53:33+00:00\" \/>\n\t\t<meta name=\"twitter:card\" content=\"summary_large_image\" \/>\n\t\t<meta name=\"twitter:site\" content=\"@bercodi\" \/>\n\t\t<meta name=\"twitter:title\" content=\"Ren\u00e9 Jaime Mungarro impulsa junto a Grupo Vinte la transformaci\u00f3n del sector vivienda tras adquirir Javer y crear una holding que respeta la independencia operativa de cada marca | El Digital de Asturias\" \/>\n\t\t<meta name=\"twitter:description\" content=\"Con una visi\u00f3n estrat\u00e9gica, Ren\u00e9 Jaime Mungarro y sus socios marcan un hito en el sector de vivienda en M\u00e9xico, uniendo una compra hist\u00f3rica con un modelo\" \/>\n\t\t<meta name=\"twitter:creator\" content=\"@bercodi\" \/>\n\t\t<meta name=\"twitter:image\" content=\"https:\/\/eldigitaldeasturias.com\/radio\/wp-content\/uploads\/2025\/08\/Rene-Jaime-Mungarro.jpg\" \/>\n\t\t<script type=\"application\/ld+json\" class=\"aioseo-schema\">\n\t\t\t{\"@context\":\"https:\\\/\\\/schema.org\",\"@graph\":[{\"@type\":\"BreadcrumbList\",\"@id\":\"https:\\\/\\\/eldigitaldeasturias.com\\\/radio\\\/rene-jaime-mungarro-impulsa-junto-a-grupo-vinte-la-transformacion-del-sector-vivienda-tras-adquirir-javer-y-crear-una-holding-que-respeta-la-independencia-operativa-de-cada-marca\\\/#breadcrumblist\",\"itemListElement\":[{\"@type\":\"ListItem\",\"@id\":\"https:\\\/\\\/eldigitaldeasturias.com\\\/radio#listItem\",\"position\":1,\"name\":\"Inicio\",\"item\":\"https:\\\/\\\/eldigitaldeasturias.com\\\/radio\",\"nextItem\":{\"@type\":\"ListItem\",\"@id\":\"https:\\\/\\\/eldigitaldeasturias.com\\\/radio\\\/category\\\/negocios\\\/#listItem\",\"name\":\"Negocios\"}},{\"@type\":\"ListItem\",\"@id\":\"https:\\\/\\\/eldigitaldeasturias.com\\\/radio\\\/category\\\/negocios\\\/#listItem\",\"position\":2,\"name\":\"Negocios\",\"item\":\"https:\\\/\\\/eldigitaldeasturias.com\\\/radio\\\/category\\\/negocios\\\/\",\"nextItem\":{\"@type\":\"ListItem\",\"@id\":\"https:\\\/\\\/eldigitaldeasturias.com\\\/radio\\\/rene-jaime-mungarro-impulsa-junto-a-grupo-vinte-la-transformacion-del-sector-vivienda-tras-adquirir-javer-y-crear-una-holding-que-respeta-la-independencia-operativa-de-cada-marca\\\/#listItem\",\"name\":\"Ren\\u00e9 Jaime Mungarro impulsa junto a Grupo Vinte la transformaci\\u00f3n del sector vivienda tras adquirir Javer y crear una holding que respeta la independencia operativa de cada marca\"},\"previousItem\":{\"@type\":\"ListItem\",\"@id\":\"https:\\\/\\\/eldigitaldeasturias.com\\\/radio#listItem\",\"name\":\"Inicio\"}},{\"@type\":\"ListItem\",\"@id\":\"https:\\\/\\\/eldigitaldeasturias.com\\\/radio\\\/rene-jaime-mungarro-impulsa-junto-a-grupo-vinte-la-transformacion-del-sector-vivienda-tras-adquirir-javer-y-crear-una-holding-que-respeta-la-independencia-operativa-de-cada-marca\\\/#listItem\",\"position\":3,\"name\":\"Ren\\u00e9 Jaime Mungarro impulsa junto a Grupo Vinte la transformaci\\u00f3n del sector vivienda tras adquirir Javer y crear una holding que respeta la independencia operativa de cada marca\",\"previousItem\":{\"@type\":\"ListItem\",\"@id\":\"https:\\\/\\\/eldigitaldeasturias.com\\\/radio\\\/category\\\/negocios\\\/#listItem\",\"name\":\"Negocios\"}}]},{\"@type\":\"NewsArticle\",\"@id\":\"https:\\\/\\\/eldigitaldeasturias.com\\\/radio\\\/rene-jaime-mungarro-impulsa-junto-a-grupo-vinte-la-transformacion-del-sector-vivienda-tras-adquirir-javer-y-crear-una-holding-que-respeta-la-independencia-operativa-de-cada-marca\\\/#newsarticle\",\"name\":\"Ren\\u00e9 Jaime Mungarro impulsa junto a Grupo Vinte la transformaci\\u00f3n del sector vivienda tras adquirir Javer y crear una holding que respeta la independencia operativa de cada marca | El Digital de Asturias\",\"headline\":\"Ren\\u00e9 Jaime Mungarro impulsa junto a Grupo Vinte la transformaci\\u00f3n del sector vivienda tras adquirir Javer y crear una holding que respeta la independencia operativa de cada marca\",\"author\":{\"@id\":\"https:\\\/\\\/eldigitaldeasturias.com\\\/radio\\\/author\\\/nbasturias\\\/#author\"},\"publisher\":{\"@id\":\"https:\\\/\\\/eldigitaldeasturias.com\\\/radio\\\/#organization\"},\"image\":{\"@type\":\"ImageObject\",\"url\":\"https:\\\/\\\/eldigitaldeasturias.com\\\/radio\\\/wp-content\\\/uploads\\\/2025\\\/08\\\/Rene-Jaime-Mungarro.jpg\",\"width\":889,\"height\":672,\"caption\":\"Ren\\u00e9 Jaime Mungarro\"},\"datePublished\":\"2025-08-31T05:53:33+02:00\",\"dateModified\":\"2025-08-31T05:53:33+02:00\",\"inLanguage\":\"es-ES\",\"mainEntityOfPage\":{\"@id\":\"https:\\\/\\\/eldigitaldeasturias.com\\\/radio\\\/rene-jaime-mungarro-impulsa-junto-a-grupo-vinte-la-transformacion-del-sector-vivienda-tras-adquirir-javer-y-crear-una-holding-que-respeta-la-independencia-operativa-de-cada-marca\\\/#webpage\"},\"isPartOf\":{\"@id\":\"https:\\\/\\\/eldigitaldeasturias.com\\\/radio\\\/rene-jaime-mungarro-impulsa-junto-a-grupo-vinte-la-transformacion-del-sector-vivienda-tras-adquirir-javer-y-crear-una-holding-que-respeta-la-independencia-operativa-de-cada-marca\\\/#webpage\"},\"articleSection\":\"Negocios, empresas\",\"dateline\":\"Publicado el agosto 31, 2025.\"},{\"@type\":\"Organization\",\"@id\":\"https:\\\/\\\/eldigitaldeasturias.com\\\/radio\\\/#organization\",\"name\":\"El digital de Asturias Radio\",\"description\":\"Diario de informaci\\u00f3n y noticias\",\"url\":\"https:\\\/\\\/eldigitaldeasturias.com\\\/radio\\\/\",\"telephone\":\"+34652131393\",\"logo\":{\"@type\":\"ImageObject\",\"url\":\"https:\\\/\\\/www.eldigitaldeasturias.com\\\/radio\\\/wp-content\\\/uploads\\\/2021\\\/03\\\/EDA.jpg\",\"@id\":\"https:\\\/\\\/eldigitaldeasturias.com\\\/radio\\\/rene-jaime-mungarro-impulsa-junto-a-grupo-vinte-la-transformacion-del-sector-vivienda-tras-adquirir-javer-y-crear-una-holding-que-respeta-la-independencia-operativa-de-cada-marca\\\/#organizationLogo\"},\"image\":{\"@id\":\"https:\\\/\\\/eldigitaldeasturias.com\\\/radio\\\/rene-jaime-mungarro-impulsa-junto-a-grupo-vinte-la-transformacion-del-sector-vivienda-tras-adquirir-javer-y-crear-una-holding-que-respeta-la-independencia-operativa-de-cada-marca\\\/#organizationLogo\"},\"sameAs\":[\"https:\\\/\\\/www.facebook.com\\\/\",\"https:\\\/\\\/x.com\\\/bercodi\",\"https:\\\/\\\/www.instagram.com\\\/\",\"https:\\\/\\\/www.youtube.com\\\/channel\\\/UCZP-2wLEB9Rv6erhFmqVnvg\"]},{\"@type\":\"Person\",\"@id\":\"https:\\\/\\\/eldigitaldeasturias.com\\\/radio\\\/author\\\/nbasturias\\\/#author\",\"url\":\"https:\\\/\\\/eldigitaldeasturias.com\\\/radio\\\/author\\\/nbasturias\\\/\",\"name\":\"NBAsturias\",\"image\":{\"@type\":\"ImageObject\",\"@id\":\"https:\\\/\\\/eldigitaldeasturias.com\\\/radio\\\/rene-jaime-mungarro-impulsa-junto-a-grupo-vinte-la-transformacion-del-sector-vivienda-tras-adquirir-javer-y-crear-una-holding-que-respeta-la-independencia-operativa-de-cada-marca\\\/#authorImage\",\"url\":\"https:\\\/\\\/secure.gravatar.com\\\/avatar\\\/df2aeffc32bcd13f8d26072ef8a91b623d677766deac7f97ca815868cd41bf5e?s=96&d=mm&r=g\",\"width\":96,\"height\":96,\"caption\":\"NBAsturias\"}},{\"@type\":\"WebPage\",\"@id\":\"https:\\\/\\\/eldigitaldeasturias.com\\\/radio\\\/rene-jaime-mungarro-impulsa-junto-a-grupo-vinte-la-transformacion-del-sector-vivienda-tras-adquirir-javer-y-crear-una-holding-que-respeta-la-independencia-operativa-de-cada-marca\\\/#webpage\",\"url\":\"https:\\\/\\\/eldigitaldeasturias.com\\\/radio\\\/rene-jaime-mungarro-impulsa-junto-a-grupo-vinte-la-transformacion-del-sector-vivienda-tras-adquirir-javer-y-crear-una-holding-que-respeta-la-independencia-operativa-de-cada-marca\\\/\",\"name\":\"Ren\\u00e9 Jaime Mungarro impulsa junto a Grupo Vinte la transformaci\\u00f3n del sector vivienda tras adquirir Javer y crear una holding que respeta la independencia operativa de cada marca | El Digital de Asturias\",\"description\":\"Con una visi\\u00f3n estrat\\u00e9gica, Ren\\u00e9 Jaime Mungarro y sus socios marcan un hito en el sector de vivienda en M\\u00e9xico, uniendo una compra hist\\u00f3rica con un modelo\",\"inLanguage\":\"es-ES\",\"isPartOf\":{\"@id\":\"https:\\\/\\\/eldigitaldeasturias.com\\\/radio\\\/#website\"},\"breadcrumb\":{\"@id\":\"https:\\\/\\\/eldigitaldeasturias.com\\\/radio\\\/rene-jaime-mungarro-impulsa-junto-a-grupo-vinte-la-transformacion-del-sector-vivienda-tras-adquirir-javer-y-crear-una-holding-que-respeta-la-independencia-operativa-de-cada-marca\\\/#breadcrumblist\"},\"author\":{\"@id\":\"https:\\\/\\\/eldigitaldeasturias.com\\\/radio\\\/author\\\/nbasturias\\\/#author\"},\"creator\":{\"@id\":\"https:\\\/\\\/eldigitaldeasturias.com\\\/radio\\\/author\\\/nbasturias\\\/#author\"},\"image\":{\"@type\":\"ImageObject\",\"url\":\"https:\\\/\\\/eldigitaldeasturias.com\\\/radio\\\/wp-content\\\/uploads\\\/2025\\\/08\\\/Rene-Jaime-Mungarro.jpg\",\"@id\":\"https:\\\/\\\/eldigitaldeasturias.com\\\/radio\\\/rene-jaime-mungarro-impulsa-junto-a-grupo-vinte-la-transformacion-del-sector-vivienda-tras-adquirir-javer-y-crear-una-holding-que-respeta-la-independencia-operativa-de-cada-marca\\\/#mainImage\",\"width\":889,\"height\":672,\"caption\":\"Ren\\u00e9 Jaime Mungarro\"},\"primaryImageOfPage\":{\"@id\":\"https:\\\/\\\/eldigitaldeasturias.com\\\/radio\\\/rene-jaime-mungarro-impulsa-junto-a-grupo-vinte-la-transformacion-del-sector-vivienda-tras-adquirir-javer-y-crear-una-holding-que-respeta-la-independencia-operativa-de-cada-marca\\\/#mainImage\"},\"datePublished\":\"2025-08-31T05:53:33+02:00\",\"dateModified\":\"2025-08-31T05:53:33+02:00\"},{\"@type\":\"WebSite\",\"@id\":\"https:\\\/\\\/eldigitaldeasturias.com\\\/radio\\\/#website\",\"url\":\"https:\\\/\\\/eldigitaldeasturias.com\\\/radio\\\/\",\"name\":\"El Digital de Asturias\",\"description\":\"Diario de informaci\\u00f3n y noticias\",\"inLanguage\":\"es-ES\",\"publisher\":{\"@id\":\"https:\\\/\\\/eldigitaldeasturias.com\\\/radio\\\/#organization\"}}]}\n\t\t<\/script>\n\t\t<!-- All in One SEO Pro -->\r\n\t\t<title>Ren\u00e9 Jaime Mungarro impulsa junto a Grupo Vinte la transformaci\u00f3n del sector vivienda tras adquirir Javer y crear una holding que respeta la independencia operativa de cada marca | El Digital de Asturias<\/title>\n\n","aioseo_head_json":{"title":"Ren\u00e9 Jaime Mungarro impulsa junto a Grupo Vinte la transformaci\u00f3n del sector vivienda tras adquirir Javer y crear una holding que respeta la independencia operativa de cada marca | El Digital de Asturias","description":"Con una visi\u00f3n estrat\u00e9gica, Ren\u00e9 Jaime Mungarro y sus socios marcan un hito en el sector de vivienda en M\u00e9xico, uniendo una compra hist\u00f3rica con un modelo","canonical_url":"https:\/\/eldigitaldeasturias.com\/radio\/rene-jaime-mungarro-impulsa-junto-a-grupo-vinte-la-transformacion-del-sector-vivienda-tras-adquirir-javer-y-crear-una-holding-que-respeta-la-independencia-operativa-de-cada-marca\/","robots":"max-image-preview:large","keywords":"negocios","webmasterTools":{"google-site-verification":"UA-38556648-1","miscellaneous":""},"schema":{"@context":"https:\/\/schema.org","@graph":[{"@type":"BreadcrumbList","@id":"https:\/\/eldigitaldeasturias.com\/radio\/rene-jaime-mungarro-impulsa-junto-a-grupo-vinte-la-transformacion-del-sector-vivienda-tras-adquirir-javer-y-crear-una-holding-que-respeta-la-independencia-operativa-de-cada-marca\/#breadcrumblist","itemListElement":[{"@type":"ListItem","@id":"https:\/\/eldigitaldeasturias.com\/radio#listItem","position":1,"name":"Inicio","item":"https:\/\/eldigitaldeasturias.com\/radio","nextItem":{"@type":"ListItem","@id":"https:\/\/eldigitaldeasturias.com\/radio\/category\/negocios\/#listItem","name":"Negocios"}},{"@type":"ListItem","@id":"https:\/\/eldigitaldeasturias.com\/radio\/category\/negocios\/#listItem","position":2,"name":"Negocios","item":"https:\/\/eldigitaldeasturias.com\/radio\/category\/negocios\/","nextItem":{"@type":"ListItem","@id":"https:\/\/eldigitaldeasturias.com\/radio\/rene-jaime-mungarro-impulsa-junto-a-grupo-vinte-la-transformacion-del-sector-vivienda-tras-adquirir-javer-y-crear-una-holding-que-respeta-la-independencia-operativa-de-cada-marca\/#listItem","name":"Ren\u00e9 Jaime Mungarro impulsa junto a Grupo Vinte la transformaci\u00f3n del sector vivienda tras adquirir Javer y crear una holding que respeta la independencia operativa de cada marca"},"previousItem":{"@type":"ListItem","@id":"https:\/\/eldigitaldeasturias.com\/radio#listItem","name":"Inicio"}},{"@type":"ListItem","@id":"https:\/\/eldigitaldeasturias.com\/radio\/rene-jaime-mungarro-impulsa-junto-a-grupo-vinte-la-transformacion-del-sector-vivienda-tras-adquirir-javer-y-crear-una-holding-que-respeta-la-independencia-operativa-de-cada-marca\/#listItem","position":3,"name":"Ren\u00e9 Jaime Mungarro impulsa junto a Grupo Vinte la transformaci\u00f3n del sector vivienda tras adquirir Javer y crear una holding que respeta la independencia operativa de cada marca","previousItem":{"@type":"ListItem","@id":"https:\/\/eldigitaldeasturias.com\/radio\/category\/negocios\/#listItem","name":"Negocios"}}]},{"@type":"NewsArticle","@id":"https:\/\/eldigitaldeasturias.com\/radio\/rene-jaime-mungarro-impulsa-junto-a-grupo-vinte-la-transformacion-del-sector-vivienda-tras-adquirir-javer-y-crear-una-holding-que-respeta-la-independencia-operativa-de-cada-marca\/#newsarticle","name":"Ren\u00e9 Jaime Mungarro impulsa junto a Grupo Vinte la transformaci\u00f3n del sector vivienda tras adquirir Javer y crear una holding que respeta la independencia operativa de cada marca | El Digital de Asturias","headline":"Ren\u00e9 Jaime Mungarro impulsa junto a Grupo Vinte la transformaci\u00f3n del sector vivienda tras adquirir Javer y crear una holding que respeta la independencia operativa de cada marca","author":{"@id":"https:\/\/eldigitaldeasturias.com\/radio\/author\/nbasturias\/#author"},"publisher":{"@id":"https:\/\/eldigitaldeasturias.com\/radio\/#organization"},"image":{"@type":"ImageObject","url":"https:\/\/eldigitaldeasturias.com\/radio\/wp-content\/uploads\/2025\/08\/Rene-Jaime-Mungarro.jpg","width":889,"height":672,"caption":"Ren\u00e9 Jaime Mungarro"},"datePublished":"2025-08-31T05:53:33+02:00","dateModified":"2025-08-31T05:53:33+02:00","inLanguage":"es-ES","mainEntityOfPage":{"@id":"https:\/\/eldigitaldeasturias.com\/radio\/rene-jaime-mungarro-impulsa-junto-a-grupo-vinte-la-transformacion-del-sector-vivienda-tras-adquirir-javer-y-crear-una-holding-que-respeta-la-independencia-operativa-de-cada-marca\/#webpage"},"isPartOf":{"@id":"https:\/\/eldigitaldeasturias.com\/radio\/rene-jaime-mungarro-impulsa-junto-a-grupo-vinte-la-transformacion-del-sector-vivienda-tras-adquirir-javer-y-crear-una-holding-que-respeta-la-independencia-operativa-de-cada-marca\/#webpage"},"articleSection":"Negocios, empresas","dateline":"Publicado el agosto 31, 2025."},{"@type":"Organization","@id":"https:\/\/eldigitaldeasturias.com\/radio\/#organization","name":"El digital de Asturias Radio","description":"Diario de informaci\u00f3n y noticias","url":"https:\/\/eldigitaldeasturias.com\/radio\/","telephone":"+34652131393","logo":{"@type":"ImageObject","url":"https:\/\/www.eldigitaldeasturias.com\/radio\/wp-content\/uploads\/2021\/03\/EDA.jpg","@id":"https:\/\/eldigitaldeasturias.com\/radio\/rene-jaime-mungarro-impulsa-junto-a-grupo-vinte-la-transformacion-del-sector-vivienda-tras-adquirir-javer-y-crear-una-holding-que-respeta-la-independencia-operativa-de-cada-marca\/#organizationLogo"},"image":{"@id":"https:\/\/eldigitaldeasturias.com\/radio\/rene-jaime-mungarro-impulsa-junto-a-grupo-vinte-la-transformacion-del-sector-vivienda-tras-adquirir-javer-y-crear-una-holding-que-respeta-la-independencia-operativa-de-cada-marca\/#organizationLogo"},"sameAs":["https:\/\/www.facebook.com\/","https:\/\/x.com\/bercodi","https:\/\/www.instagram.com\/","https:\/\/www.youtube.com\/channel\/UCZP-2wLEB9Rv6erhFmqVnvg"]},{"@type":"Person","@id":"https:\/\/eldigitaldeasturias.com\/radio\/author\/nbasturias\/#author","url":"https:\/\/eldigitaldeasturias.com\/radio\/author\/nbasturias\/","name":"NBAsturias","image":{"@type":"ImageObject","@id":"https:\/\/eldigitaldeasturias.com\/radio\/rene-jaime-mungarro-impulsa-junto-a-grupo-vinte-la-transformacion-del-sector-vivienda-tras-adquirir-javer-y-crear-una-holding-que-respeta-la-independencia-operativa-de-cada-marca\/#authorImage","url":"https:\/\/secure.gravatar.com\/avatar\/df2aeffc32bcd13f8d26072ef8a91b623d677766deac7f97ca815868cd41bf5e?s=96&d=mm&r=g","width":96,"height":96,"caption":"NBAsturias"}},{"@type":"WebPage","@id":"https:\/\/eldigitaldeasturias.com\/radio\/rene-jaime-mungarro-impulsa-junto-a-grupo-vinte-la-transformacion-del-sector-vivienda-tras-adquirir-javer-y-crear-una-holding-que-respeta-la-independencia-operativa-de-cada-marca\/#webpage","url":"https:\/\/eldigitaldeasturias.com\/radio\/rene-jaime-mungarro-impulsa-junto-a-grupo-vinte-la-transformacion-del-sector-vivienda-tras-adquirir-javer-y-crear-una-holding-que-respeta-la-independencia-operativa-de-cada-marca\/","name":"Ren\u00e9 Jaime Mungarro impulsa junto a Grupo Vinte la transformaci\u00f3n del sector vivienda tras adquirir Javer y crear una holding que respeta la independencia operativa de cada marca | El Digital de Asturias","description":"Con una visi\u00f3n estrat\u00e9gica, Ren\u00e9 Jaime Mungarro y sus socios marcan un hito en el sector de vivienda en M\u00e9xico, uniendo una compra hist\u00f3rica con un modelo","inLanguage":"es-ES","isPartOf":{"@id":"https:\/\/eldigitaldeasturias.com\/radio\/#website"},"breadcrumb":{"@id":"https:\/\/eldigitaldeasturias.com\/radio\/rene-jaime-mungarro-impulsa-junto-a-grupo-vinte-la-transformacion-del-sector-vivienda-tras-adquirir-javer-y-crear-una-holding-que-respeta-la-independencia-operativa-de-cada-marca\/#breadcrumblist"},"author":{"@id":"https:\/\/eldigitaldeasturias.com\/radio\/author\/nbasturias\/#author"},"creator":{"@id":"https:\/\/eldigitaldeasturias.com\/radio\/author\/nbasturias\/#author"},"image":{"@type":"ImageObject","url":"https:\/\/eldigitaldeasturias.com\/radio\/wp-content\/uploads\/2025\/08\/Rene-Jaime-Mungarro.jpg","@id":"https:\/\/eldigitaldeasturias.com\/radio\/rene-jaime-mungarro-impulsa-junto-a-grupo-vinte-la-transformacion-del-sector-vivienda-tras-adquirir-javer-y-crear-una-holding-que-respeta-la-independencia-operativa-de-cada-marca\/#mainImage","width":889,"height":672,"caption":"Ren\u00e9 Jaime Mungarro"},"primaryImageOfPage":{"@id":"https:\/\/eldigitaldeasturias.com\/radio\/rene-jaime-mungarro-impulsa-junto-a-grupo-vinte-la-transformacion-del-sector-vivienda-tras-adquirir-javer-y-crear-una-holding-que-respeta-la-independencia-operativa-de-cada-marca\/#mainImage"},"datePublished":"2025-08-31T05:53:33+02:00","dateModified":"2025-08-31T05:53:33+02:00"},{"@type":"WebSite","@id":"https:\/\/eldigitaldeasturias.com\/radio\/#website","url":"https:\/\/eldigitaldeasturias.com\/radio\/","name":"El Digital de Asturias","description":"Diario de informaci\u00f3n y noticias","inLanguage":"es-ES","publisher":{"@id":"https:\/\/eldigitaldeasturias.com\/radio\/#organization"}}]},"og:locale":"es_ES","og:site_name":"El Digital de Asturias | Diario de informaci\u00f3n y noticias","og:type":"article","og:title":"Ren\u00e9 Jaime Mungarro impulsa junto a Grupo Vinte la transformaci\u00f3n del sector vivienda tras adquirir Javer y crear una holding que respeta la independencia operativa de cada marca | El Digital de Asturias","og:description":"Con una visi\u00f3n estrat\u00e9gica, Ren\u00e9 Jaime Mungarro y sus socios marcan un hito en el sector de vivienda en M\u00e9xico, uniendo una compra hist\u00f3rica con un modelo","og:url":"https:\/\/eldigitaldeasturias.com\/radio\/rene-jaime-mungarro-impulsa-junto-a-grupo-vinte-la-transformacion-del-sector-vivienda-tras-adquirir-javer-y-crear-una-holding-que-respeta-la-independencia-operativa-de-cada-marca\/","og:image":"https:\/\/eldigitaldeasturias.com\/radio\/wp-content\/uploads\/2025\/08\/Rene-Jaime-Mungarro.jpg","og:image:secure_url":"https:\/\/eldigitaldeasturias.com\/radio\/wp-content\/uploads\/2025\/08\/Rene-Jaime-Mungarro.jpg","og:image:width":889,"og:image:height":672,"article:published_time":"2025-08-31T03:53:33+00:00","article:modified_time":"2025-08-31T03:53:33+00:00","twitter:card":"summary_large_image","twitter:site":"@bercodi","twitter:title":"Ren\u00e9 Jaime Mungarro impulsa junto a Grupo Vinte la transformaci\u00f3n del sector vivienda tras adquirir Javer y crear una holding que respeta la independencia operativa de cada marca | El Digital de Asturias","twitter:description":"Con una visi\u00f3n estrat\u00e9gica, Ren\u00e9 Jaime Mungarro y sus socios marcan un hito en el sector de vivienda en M\u00e9xico, uniendo una compra hist\u00f3rica con un modelo","twitter:creator":"@bercodi","twitter:image":"https:\/\/eldigitaldeasturias.com\/radio\/wp-content\/uploads\/2025\/08\/Rene-Jaime-Mungarro.jpg"},"aioseo_meta_data":{"post_id":"10812","title":null,"description":"Con una visi\u00f3n estrat\u00e9gica, Ren\u00e9 Jaime Mungarro y sus socios marcan un hito en el sector de vivienda en M\u00e9xico, uniendo una compra hist\u00f3rica con un modelo","keywords":null,"keyphrases":{"focus":{"keyphrase":"Ren\u00e9 Jaime Mungarro","score":91,"analysis":{"keyphraseInTitle":{"score":9,"maxScore":9,"error":0},"keyphraseInDescription":{"score":9,"maxScore":9,"error":0},"keyphraseLength":{"score":9,"maxScore":9,"error":0,"length":3},"keyphraseInURL":{"score":5,"maxScore":5,"error":0},"keyphraseInIntroduction":{"score":9,"maxScore":9,"error":0},"keyphraseInSubHeadings":{"score":3,"maxScore":9,"error":1},"keyphraseInImageAlt":{"score":9,"maxScore":9,"error":0},"keywordDensity":{"type":"best","score":9,"maxScore":9,"error":0}}},"additional":[{"keyphrase":"Ren\u00e9 Jaime Mungarro","score":100,"analysis":{"keyphraseInDescription":{"score":9,"maxScore":9,"error":0},"keyphraseLength":{"score":9,"maxScore":9,"error":0,"length":3},"keyphraseInIntroduction":{"score":9,"maxScore":9,"error":0},"keyphraseInImageAlt":{"score":9,"maxScore":9,"error":0},"keywordDensity":{"type":"best","score":9,"maxScore":9,"error":0}}}]},"primary_term":null,"canonical_url":null,"og_title":null,"og_description":null,"og_object_type":"default","og_image_type":"default","og_image_url":null,"og_image_width":null,"og_image_height":null,"og_image_custom_url":null,"og_image_custom_fields":null,"og_video":"","og_custom_url":null,"og_article_section":null,"og_article_tags":null,"twitter_use_og":false,"twitter_card":"default","twitter_image_type":"default","twitter_image_url":null,"twitter_image_custom_url":null,"twitter_image_custom_fields":null,"twitter_title":null,"twitter_description":null,"schema":{"blockGraphs":[],"customGraphs":[],"default":{"data":{"Article":[],"Course":[],"Dataset":[],"FAQPage":[],"Movie":[],"Person":[],"Product":[],"ProductReview":[],"Car":[],"Recipe":[],"Service":[],"SoftwareApplication":[],"WebPage":[]},"graphName":"NewsArticle","isEnabled":true},"graphs":[]},"schema_type":"default","schema_type_options":null,"pillar_content":false,"robots_default":true,"robots_noindex":false,"robots_noarchive":false,"robots_nosnippet":false,"robots_nofollow":false,"robots_noimageindex":false,"robots_noodp":false,"robots_notranslate":false,"robots_max_snippet":"-1","robots_max_videopreview":"-1","robots_max_imagepreview":"large","priority":null,"frequency":"default","location":null,"local_seo":null,"seo_analyzer_scan_date":"2025-08-31 03:54:37","breadcrumb_settings":null,"limit_modified_date":false,"open_ai":null,"ai":{"faqs":[],"keyPoints":[],"titles":[],"descriptions":[],"socialPosts":{"email":[],"linkedin":[],"twitter":[],"facebook":[],"instagram":[]}},"created":"2025-08-31 03:45:16","updated":"2025-08-31 04:05:23"},"aioseo_breadcrumb":"<div class=\"aioseo-breadcrumbs\"><span class=\"aioseo-breadcrumb\">\n\t<a href=\"https:\/\/eldigitaldeasturias.com\/radio\" title=\"Inicio\">Inicio<\/a>\n<\/span><span class=\"aioseo-breadcrumb-separator\">&ndash;<\/span><span class=\"aioseo-breadcrumb\">\n\t<a href=\"https:\/\/eldigitaldeasturias.com\/radio\/category\/negocios\/\" title=\"Negocios\">Negocios<\/a>\n<\/span><span class=\"aioseo-breadcrumb-separator\">&ndash;<\/span><span class=\"aioseo-breadcrumb\">\n\tRen\u00e9 Jaime Mungarro impulsa junto a Grupo Vinte la transformaci\u00f3n del sector vivienda tras adquirir Javer y crear una holding que respeta la independencia operativa de cada marca\n<\/span><\/div>","aioseo_breadcrumb_json":[{"label":"Inicio","link":"https:\/\/eldigitaldeasturias.com\/radio"},{"label":"Negocios","link":"https:\/\/eldigitaldeasturias.com\/radio\/category\/negocios\/"},{"label":"Ren\u00e9 Jaime Mungarro impulsa junto a Grupo Vinte la transformaci\u00f3n del sector vivienda tras adquirir Javer y crear una holding que respeta la independencia operativa de cada marca","link":"https:\/\/eldigitaldeasturias.com\/radio\/rene-jaime-mungarro-impulsa-junto-a-grupo-vinte-la-transformacion-del-sector-vivienda-tras-adquirir-javer-y-crear-una-holding-que-respeta-la-independencia-operativa-de-cada-marca\/"}],"_links":{"self":[{"href":"https:\/\/eldigitaldeasturias.com\/radio\/wp-json\/wp\/v2\/posts\/10812","targetHints":{"allow":["GET"]}}],"collection":[{"href":"https:\/\/eldigitaldeasturias.com\/radio\/wp-json\/wp\/v2\/posts"}],"about":[{"href":"https:\/\/eldigitaldeasturias.com\/radio\/wp-json\/wp\/v2\/types\/post"}],"author":[{"embeddable":true,"href":"https:\/\/eldigitaldeasturias.com\/radio\/wp-json\/wp\/v2\/users\/1"}],"replies":[{"embeddable":true,"href":"https:\/\/eldigitaldeasturias.com\/radio\/wp-json\/wp\/v2\/comments?post=10812"}],"version-history":[{"count":0,"href":"https:\/\/eldigitaldeasturias.com\/radio\/wp-json\/wp\/v2\/posts\/10812\/revisions"}],"wp:featuredmedia":[{"embeddable":true,"href":"https:\/\/eldigitaldeasturias.com\/radio\/wp-json\/wp\/v2\/media\/10813"}],"wp:attachment":[{"href":"https:\/\/eldigitaldeasturias.com\/radio\/wp-json\/wp\/v2\/media?parent=10812"}],"wp:term":[{"taxonomy":"category","embeddable":true,"href":"https:\/\/eldigitaldeasturias.com\/radio\/wp-json\/wp\/v2\/categories?post=10812"},{"taxonomy":"post_tag","embeddable":true,"href":"https:\/\/eldigitaldeasturias.com\/radio\/wp-json\/wp\/v2\/tags?post=10812"}],"curies":[{"name":"wp","href":"https:\/\/api.w.org\/{rel}","templated":true}]}}