{"id":10809,"date":"2025-08-31T05:21:01","date_gmt":"2025-08-31T03:21:01","guid":{"rendered":"https:\/\/eldigitaldeasturias.com\/radio\/?p=10809"},"modified":"2025-08-31T05:21:01","modified_gmt":"2025-08-31T03:21:01","slug":"sudaderas-personalizadas-para-grupos-calidad-diseno-y-union-en-cada-prenda","status":"publish","type":"post","link":"https:\/\/eldigitaldeasturias.com\/radio\/sudaderas-personalizadas-para-grupos-calidad-diseno-y-union-en-cada-prenda\/","title":{"rendered":"Sudaderas personalizadas para grupos: calidad, dise\u00f1o y uni\u00f3n en cada prenda"},"content":{"rendered":"<p><span style=\"font-weight: 400;\">Hoy queremos abordar un tema que va m\u00e1s all\u00e1 de lo meramente est\u00e9tico: las <\/span><span style=\"color: #ff6600;\"><a style=\"color: #ff6600;\" href=\"https:\/\/www.kronix.es\/Sudaderas-grupos-baratas.html\" target=\"_blank\" rel=\"nofollow noopener\"><b>sudaderas personalizadas para grupos<\/b><\/a><\/span><span style=\"font-weight: 400;\">. Si alguna vez has deseado formar parte visible de un equipo, conmemorar un momento especial o simplemente contar con una prenda que identifique a vuestro colectivo, estas sudaderas son la elecci\u00f3n perfecta. Lo mejor es que hoy en d\u00eda puedes conseguir sudaderas para grupos baratas que conservan tanto la calidad como el dise\u00f1o que buscas.<\/span><\/p>\n<figure id=\"attachment_10810\" aria-describedby=\"caption-attachment-10810\" style=\"width: 650px\" class=\"wp-caption aligncenter\"><img fetchpriority=\"high\" decoding=\"async\" class=\"size-large wp-image-10810\" src=\"https:\/\/eldigitaldeasturias.com\/radio\/wp-content\/uploads\/2025\/08\/Sudaderas-personalizadas-650x445.jpg\" alt=\"Sudaderas personalizadas\" width=\"650\" height=\"445\" srcset=\"https:\/\/eldigitaldeasturias.com\/radio\/wp-content\/uploads\/2025\/08\/Sudaderas-personalizadas-650x445.jpg 650w, https:\/\/eldigitaldeasturias.com\/radio\/wp-content\/uploads\/2025\/08\/Sudaderas-personalizadas-360x246.jpg 360w, https:\/\/eldigitaldeasturias.com\/radio\/wp-content\/uploads\/2025\/08\/Sudaderas-personalizadas-768x525.jpg 768w, https:\/\/eldigitaldeasturias.com\/radio\/wp-content\/uploads\/2025\/08\/Sudaderas-personalizadas-150x103.jpg 150w, https:\/\/eldigitaldeasturias.com\/radio\/wp-content\/uploads\/2025\/08\/Sudaderas-personalizadas-450x308.jpg 450w, https:\/\/eldigitaldeasturias.com\/radio\/wp-content\/uploads\/2025\/08\/Sudaderas-personalizadas.jpg 1200w\" sizes=\"(max-width: 650px) 100vw, 650px\" \/><figcaption id=\"caption-attachment-10810\" class=\"wp-caption-text\">Imagen de Freepik<\/figcaption><\/figure>\n<p><span style=\"font-weight: 400;\">\u00bfD\u00f3nde encontrarlas? En la p\u00e1gina web de <\/span><b>Kronix<\/b><span style=\"font-weight: 400;\">. Esta empresa especializada en serigraf\u00eda e impresi\u00f3n personalizada se dedica a ofrecer ropa y art\u00edculos hechos a medida para colectivos, como sudaderas para institutos, excursiones de fin de curso y eventos universitarios. Adem\u00e1s, tambi\u00e9n trabajan con empresas, equipos deportivos y todo tipo de asociaciones.<\/span><\/p>\n<h2><b>\u00bfC\u00f3mo logra Kronix producir sudaderas econ\u00f3micas sin perder calidad?<\/b><\/h2>\n<p><span style=\"font-weight: 400;\">De poco sirve una sudadera muy barata si despu\u00e9s de unos pocos lavados parece desgastada o da\u00f1ada. Por eso, en <\/span><b>Kronix<\/b><span style=\"font-weight: 400;\"> apuestan por materiales como el algod\u00f3n de hilo continuo (ringspun) y las mezclas de algod\u00f3n con poli\u00e9ster, que ofrecen una textura suave y gran durabilidad. Estas prendas est\u00e1n dise\u00f1adas para resistir el uso constante y conservar su buen estado con el paso del tiempo.<\/span><\/p>\n<p><span style=\"font-weight: 400;\">Adem\u00e1s, al gestionar pedidos al por mayor, pueden mantener precios bajos sin que esto comprometa la calidad final del producto.<\/span><\/p>\n<h2><b>La importancia de la personalizaci\u00f3n: algo m\u00e1s que un simple estampado<\/b><\/h2>\n<p><span style=\"font-weight: 400;\">Las <\/span><b>sudaderas personalizadas<\/b><span style=\"font-weight: 400;\"> son ideales para forjar una <\/span><b>identidad visible de grupo<\/b><span style=\"font-weight: 400;\">, permitiendo que todos sus integrantes compartan una representaci\u00f3n com\u00fan y significativa.<\/span><\/p>\n<p><span style=\"font-weight: 400;\">Personalizar una sudadera va mucho m\u00e1s all\u00e1 de colocar un logo o una frase cualquiera. Se trata de darle forma a un concepto compartido. Ya sea para un viaje de fin de curso, un intercambio universitario, un equipo deportivo o cualquier asociaci\u00f3n, la prenda obtenida es \u00fanica y refleja qui\u00e9nes sois.<\/span><\/p>\n<h2><b>Momentos ideales para vestir sudaderas de grupo<\/b><\/h2>\n<p><span style=\"font-weight: 400;\">Las sudaderas para grupos son prendas vers\u00e1tiles que se ajustan a un sinf\u00edn de circunstancias. Son muy solicitadas para viajes de fin de curso, ceremonias de graduaci\u00f3n, programas Erasmus o intercambios estudiantiles. Los equipos deportivos y asociaciones recurren a ellas tanto por motivos pr\u00e1cticos\u2014como uniformes\u2014como emocionales, mientras que las empresas las utilizan para fortalecer su presencia de marca en ferias o eventos.<\/span><\/p>\n<h2><b>\u00bfC\u00f3mo elegir la sudadera perfecta?<\/b><\/h2>\n<p><span style=\"font-weight: 400;\">La clave est\u00e1 en seleccionar la t\u00e9cnica que mejor encaje con el dise\u00f1o y las necesidades de vuestro grupo.<\/span><\/p>\n<p><span style=\"font-weight: 400;\">Cuando el pedido es grande, la serigraf\u00eda se presenta como una opci\u00f3n muy popular, pues permite estampar r\u00e1pidamente y con un acabado profesional. Si vuestro dise\u00f1o es m\u00e1s elaborado o incluye m\u00faltiples colores, la impresi\u00f3n digital o el vinilo de corte se convierten en alternativas que aseguran resultados de alt\u00edsima calidad.<\/span><\/p>\n<p><span style=\"font-weight: 400;\">En <\/span><b>Kronix<\/b><span style=\"font-weight: 400;\"> cuentan con distintos paquetes de personalizaci\u00f3n para que encontr\u00e9is el que mejor se adapte a vuestra idea:<\/span><\/p>\n<ul>\n<li><b>Pack Essential:<\/b><span style=\"font-weight: 400;\"> una opci\u00f3n sencilla y econ\u00f3mica que incluye un logo bordado o impreso en el pecho.<\/span><\/li>\n<li><b>Pack Studio:<\/b><span style=\"font-weight: 400;\"> incorpora el nombre o apodo en la parte trasera de la sudadera.<\/span><\/li>\n<li><b>Pack Signature:<\/b><span style=\"font-weight: 400;\"> pensado para quienes buscan excelencia, incluye bordados y acabados premium.<\/span><\/li>\n<\/ul>\n<h2><b>Un consejo final<\/b><\/h2>\n<p><span style=\"font-weight: 400;\">A menudo, menos es m\u00e1s. Un dise\u00f1o simple pero bien concebido puede tener un impacto mucho m\u00e1s grande que algo recargado. Un logo sencillo con un color que contraste sobre la sudadera, o unas iniciales con una tipograf\u00eda atractiva, pueden lograr un efecto visual potente y adem\u00e1s ayudar a mantener el costo bajo. No es necesario complicarse para obtener un resultado excepcional.<\/span><\/p>\n<p><span style=\"font-weight: 400;\">As\u00ed que, si vuestro grupo desea lucir una apariencia unificada, las sudaderas personalizadas son mucho m\u00e1s que una prenda de vestir. \u00a1Entra en la web de <\/span><b>Kronix<\/b><span style=\"font-weight: 400;\"> para descubrir toda la variedad de tallas y colores disponibles!<\/span><\/p>\n<p>&nbsp;<\/p>\n","protected":false},"excerpt":{"rendered":"<p>Hoy queremos abordar un tema que va m\u00e1s all\u00e1 de lo meramente est\u00e9tico: las sudaderas personalizadas para grupos. Si alguna vez has deseado formar parte visible de un equipo, conmemorar un momento especial o simplemente contar con una prenda que identifique a vuestro colectivo, estas sudaderas son la elecci\u00f3n perfecta. Lo mejor es que hoy<\/p>\n","protected":false},"author":1,"featured_media":10810,"comment_status":"closed","ping_status":"closed","sticky":false,"template":"","format":"standard","meta":{"footnotes":""},"categories":[35],"tags":[43],"class_list":{"0":"post-10809","1":"post","2":"type-post","3":"status-publish","4":"format-standard","5":"has-post-thumbnail","7":"category-negocios","8":"tag-empresas"},"aioseo_notices":[],"aioseo_head":"\n\t\t<!-- All in One SEO Pro 4.9.6.2 - aioseo.com -->\n\t<meta name=\"description\" content=\"Hoy queremos abordar un tema que va m\u00e1s all\u00e1 de lo meramente est\u00e9tico: las sudaderas personalizadas para grupos. Si alguna vez has deseado formar parte visible\" \/>\n\t<meta name=\"robots\" content=\"max-image-preview:large\" \/>\n\t<meta name=\"author\" content=\"NBAsturias\"\/>\n\t<meta name=\"google-site-verification\" content=\"UA-38556648-1\" \/>\n\t<meta name=\"keywords\" content=\"negocios\" \/>\n\t<link rel=\"canonical\" href=\"https:\/\/eldigitaldeasturias.com\/radio\/sudaderas-personalizadas-para-grupos-calidad-diseno-y-union-en-cada-prenda\/\" \/>\n\t<meta name=\"generator\" content=\"All in One SEO Pro (AIOSEO) 4.9.6.2\" \/>\n\t\t<meta property=\"og:locale\" content=\"es_ES\" \/>\n\t\t<meta property=\"og:site_name\" content=\"El Digital de Asturias | Diario de informaci\u00f3n y noticias\" \/>\n\t\t<meta property=\"og:type\" content=\"article\" \/>\n\t\t<meta property=\"og:title\" content=\"Sudaderas personalizadas para grupos: calidad, dise\u00f1o y uni\u00f3n en cada prenda | El Digital de Asturias\" \/>\n\t\t<meta property=\"og:description\" content=\"Hoy queremos abordar un tema que va m\u00e1s all\u00e1 de lo meramente est\u00e9tico: las sudaderas personalizadas para grupos. Si alguna vez has deseado formar parte visible\" \/>\n\t\t<meta property=\"og:url\" content=\"https:\/\/eldigitaldeasturias.com\/radio\/sudaderas-personalizadas-para-grupos-calidad-diseno-y-union-en-cada-prenda\/\" \/>\n\t\t<meta property=\"og:image\" content=\"https:\/\/eldigitaldeasturias.com\/radio\/wp-content\/uploads\/2025\/08\/Sudaderas-personalizadas.jpg\" \/>\n\t\t<meta property=\"og:image:secure_url\" content=\"https:\/\/eldigitaldeasturias.com\/radio\/wp-content\/uploads\/2025\/08\/Sudaderas-personalizadas.jpg\" \/>\n\t\t<meta property=\"og:image:width\" content=\"1200\" \/>\n\t\t<meta property=\"og:image:height\" content=\"821\" \/>\n\t\t<meta property=\"article:published_time\" content=\"2025-08-31T03:21:01+00:00\" \/>\n\t\t<meta property=\"article:modified_time\" content=\"2025-08-31T03:21:01+00:00\" \/>\n\t\t<meta name=\"twitter:card\" content=\"summary_large_image\" \/>\n\t\t<meta name=\"twitter:site\" content=\"@bercodi\" \/>\n\t\t<meta name=\"twitter:title\" content=\"Sudaderas personalizadas para grupos: calidad, dise\u00f1o y uni\u00f3n en cada prenda | El Digital de Asturias\" \/>\n\t\t<meta name=\"twitter:description\" content=\"Hoy queremos abordar un tema que va m\u00e1s all\u00e1 de lo meramente est\u00e9tico: las sudaderas personalizadas para grupos. Si alguna vez has deseado formar parte visible\" \/>\n\t\t<meta name=\"twitter:creator\" content=\"@bercodi\" \/>\n\t\t<meta name=\"twitter:image\" content=\"https:\/\/eldigitaldeasturias.com\/radio\/wp-content\/uploads\/2025\/08\/Sudaderas-personalizadas.jpg\" \/>\n\t\t<script type=\"application\/ld+json\" class=\"aioseo-schema\">\n\t\t\t{\"@context\":\"https:\\\/\\\/schema.org\",\"@graph\":[{\"@type\":\"BreadcrumbList\",\"@id\":\"https:\\\/\\\/eldigitaldeasturias.com\\\/radio\\\/sudaderas-personalizadas-para-grupos-calidad-diseno-y-union-en-cada-prenda\\\/#breadcrumblist\",\"itemListElement\":[{\"@type\":\"ListItem\",\"@id\":\"https:\\\/\\\/eldigitaldeasturias.com\\\/radio#listItem\",\"position\":1,\"name\":\"Inicio\",\"item\":\"https:\\\/\\\/eldigitaldeasturias.com\\\/radio\",\"nextItem\":{\"@type\":\"ListItem\",\"@id\":\"https:\\\/\\\/eldigitaldeasturias.com\\\/radio\\\/category\\\/negocios\\\/#listItem\",\"name\":\"Negocios\"}},{\"@type\":\"ListItem\",\"@id\":\"https:\\\/\\\/eldigitaldeasturias.com\\\/radio\\\/category\\\/negocios\\\/#listItem\",\"position\":2,\"name\":\"Negocios\",\"item\":\"https:\\\/\\\/eldigitaldeasturias.com\\\/radio\\\/category\\\/negocios\\\/\",\"nextItem\":{\"@type\":\"ListItem\",\"@id\":\"https:\\\/\\\/eldigitaldeasturias.com\\\/radio\\\/sudaderas-personalizadas-para-grupos-calidad-diseno-y-union-en-cada-prenda\\\/#listItem\",\"name\":\"Sudaderas personalizadas para grupos: calidad, dise\\u00f1o y uni\\u00f3n en cada prenda\"},\"previousItem\":{\"@type\":\"ListItem\",\"@id\":\"https:\\\/\\\/eldigitaldeasturias.com\\\/radio#listItem\",\"name\":\"Inicio\"}},{\"@type\":\"ListItem\",\"@id\":\"https:\\\/\\\/eldigitaldeasturias.com\\\/radio\\\/sudaderas-personalizadas-para-grupos-calidad-diseno-y-union-en-cada-prenda\\\/#listItem\",\"position\":3,\"name\":\"Sudaderas personalizadas para grupos: calidad, dise\\u00f1o y uni\\u00f3n en cada prenda\",\"previousItem\":{\"@type\":\"ListItem\",\"@id\":\"https:\\\/\\\/eldigitaldeasturias.com\\\/radio\\\/category\\\/negocios\\\/#listItem\",\"name\":\"Negocios\"}}]},{\"@type\":\"NewsArticle\",\"@id\":\"https:\\\/\\\/eldigitaldeasturias.com\\\/radio\\\/sudaderas-personalizadas-para-grupos-calidad-diseno-y-union-en-cada-prenda\\\/#newsarticle\",\"name\":\"Sudaderas personalizadas para grupos: calidad, dise\\u00f1o y uni\\u00f3n en cada prenda | El Digital de Asturias\",\"headline\":\"Sudaderas personalizadas para grupos: calidad, dise\\u00f1o y uni\\u00f3n en cada prenda\",\"author\":{\"@id\":\"https:\\\/\\\/eldigitaldeasturias.com\\\/radio\\\/author\\\/nbasturias\\\/#author\"},\"publisher\":{\"@id\":\"https:\\\/\\\/eldigitaldeasturias.com\\\/radio\\\/#organization\"},\"image\":{\"@type\":\"ImageObject\",\"url\":\"https:\\\/\\\/eldigitaldeasturias.com\\\/radio\\\/wp-content\\\/uploads\\\/2025\\\/08\\\/Sudaderas-personalizadas.jpg\",\"width\":1200,\"height\":821,\"caption\":\"Imagen de Freepik\"},\"datePublished\":\"2025-08-31T05:21:01+02:00\",\"dateModified\":\"2025-08-31T05:21:01+02:00\",\"inLanguage\":\"es-ES\",\"mainEntityOfPage\":{\"@id\":\"https:\\\/\\\/eldigitaldeasturias.com\\\/radio\\\/sudaderas-personalizadas-para-grupos-calidad-diseno-y-union-en-cada-prenda\\\/#webpage\"},\"isPartOf\":{\"@id\":\"https:\\\/\\\/eldigitaldeasturias.com\\\/radio\\\/sudaderas-personalizadas-para-grupos-calidad-diseno-y-union-en-cada-prenda\\\/#webpage\"},\"articleSection\":\"Negocios, empresas\",\"dateline\":\"Publicado el agosto 31, 2025.\"},{\"@type\":\"Organization\",\"@id\":\"https:\\\/\\\/eldigitaldeasturias.com\\\/radio\\\/#organization\",\"name\":\"El digital de Asturias Radio\",\"description\":\"Diario de informaci\\u00f3n y noticias\",\"url\":\"https:\\\/\\\/eldigitaldeasturias.com\\\/radio\\\/\",\"telephone\":\"+34652131393\",\"logo\":{\"@type\":\"ImageObject\",\"url\":\"https:\\\/\\\/www.eldigitaldeasturias.com\\\/radio\\\/wp-content\\\/uploads\\\/2021\\\/03\\\/EDA.jpg\",\"@id\":\"https:\\\/\\\/eldigitaldeasturias.com\\\/radio\\\/sudaderas-personalizadas-para-grupos-calidad-diseno-y-union-en-cada-prenda\\\/#organizationLogo\"},\"image\":{\"@id\":\"https:\\\/\\\/eldigitaldeasturias.com\\\/radio\\\/sudaderas-personalizadas-para-grupos-calidad-diseno-y-union-en-cada-prenda\\\/#organizationLogo\"},\"sameAs\":[\"https:\\\/\\\/www.facebook.com\\\/\",\"https:\\\/\\\/x.com\\\/bercodi\",\"https:\\\/\\\/www.instagram.com\\\/\",\"https:\\\/\\\/www.youtube.com\\\/channel\\\/UCZP-2wLEB9Rv6erhFmqVnvg\"]},{\"@type\":\"Person\",\"@id\":\"https:\\\/\\\/eldigitaldeasturias.com\\\/radio\\\/author\\\/nbasturias\\\/#author\",\"url\":\"https:\\\/\\\/eldigitaldeasturias.com\\\/radio\\\/author\\\/nbasturias\\\/\",\"name\":\"NBAsturias\",\"image\":{\"@type\":\"ImageObject\",\"@id\":\"https:\\\/\\\/eldigitaldeasturias.com\\\/radio\\\/sudaderas-personalizadas-para-grupos-calidad-diseno-y-union-en-cada-prenda\\\/#authorImage\",\"url\":\"https:\\\/\\\/secure.gravatar.com\\\/avatar\\\/df2aeffc32bcd13f8d26072ef8a91b623d677766deac7f97ca815868cd41bf5e?s=96&d=mm&r=g\",\"width\":96,\"height\":96,\"caption\":\"NBAsturias\"}},{\"@type\":\"WebPage\",\"@id\":\"https:\\\/\\\/eldigitaldeasturias.com\\\/radio\\\/sudaderas-personalizadas-para-grupos-calidad-diseno-y-union-en-cada-prenda\\\/#webpage\",\"url\":\"https:\\\/\\\/eldigitaldeasturias.com\\\/radio\\\/sudaderas-personalizadas-para-grupos-calidad-diseno-y-union-en-cada-prenda\\\/\",\"name\":\"Sudaderas personalizadas para grupos: calidad, dise\\u00f1o y uni\\u00f3n en cada prenda | El Digital de Asturias\",\"description\":\"Hoy queremos abordar un tema que va m\\u00e1s all\\u00e1 de lo meramente est\\u00e9tico: las sudaderas personalizadas para grupos. Si alguna vez has deseado formar parte visible\",\"inLanguage\":\"es-ES\",\"isPartOf\":{\"@id\":\"https:\\\/\\\/eldigitaldeasturias.com\\\/radio\\\/#website\"},\"breadcrumb\":{\"@id\":\"https:\\\/\\\/eldigitaldeasturias.com\\\/radio\\\/sudaderas-personalizadas-para-grupos-calidad-diseno-y-union-en-cada-prenda\\\/#breadcrumblist\"},\"author\":{\"@id\":\"https:\\\/\\\/eldigitaldeasturias.com\\\/radio\\\/author\\\/nbasturias\\\/#author\"},\"creator\":{\"@id\":\"https:\\\/\\\/eldigitaldeasturias.com\\\/radio\\\/author\\\/nbasturias\\\/#author\"},\"image\":{\"@type\":\"ImageObject\",\"url\":\"https:\\\/\\\/eldigitaldeasturias.com\\\/radio\\\/wp-content\\\/uploads\\\/2025\\\/08\\\/Sudaderas-personalizadas.jpg\",\"@id\":\"https:\\\/\\\/eldigitaldeasturias.com\\\/radio\\\/sudaderas-personalizadas-para-grupos-calidad-diseno-y-union-en-cada-prenda\\\/#mainImage\",\"width\":1200,\"height\":821,\"caption\":\"Imagen de Freepik\"},\"primaryImageOfPage\":{\"@id\":\"https:\\\/\\\/eldigitaldeasturias.com\\\/radio\\\/sudaderas-personalizadas-para-grupos-calidad-diseno-y-union-en-cada-prenda\\\/#mainImage\"},\"datePublished\":\"2025-08-31T05:21:01+02:00\",\"dateModified\":\"2025-08-31T05:21:01+02:00\"},{\"@type\":\"WebSite\",\"@id\":\"https:\\\/\\\/eldigitaldeasturias.com\\\/radio\\\/#website\",\"url\":\"https:\\\/\\\/eldigitaldeasturias.com\\\/radio\\\/\",\"name\":\"El Digital de Asturias\",\"description\":\"Diario de informaci\\u00f3n y noticias\",\"inLanguage\":\"es-ES\",\"publisher\":{\"@id\":\"https:\\\/\\\/eldigitaldeasturias.com\\\/radio\\\/#organization\"}}]}\n\t\t<\/script>\n\t\t<!-- All in One SEO Pro -->\r\n\t\t<title>Sudaderas personalizadas para grupos: calidad, dise\u00f1o y uni\u00f3n en cada prenda | El Digital de Asturias<\/title>\n\n","aioseo_head_json":{"title":"Sudaderas personalizadas para grupos: calidad, dise\u00f1o y uni\u00f3n en cada prenda | El Digital de Asturias","description":"Hoy queremos abordar un tema que va m\u00e1s all\u00e1 de lo meramente est\u00e9tico: las sudaderas personalizadas para grupos. Si alguna vez has deseado formar parte visible","canonical_url":"https:\/\/eldigitaldeasturias.com\/radio\/sudaderas-personalizadas-para-grupos-calidad-diseno-y-union-en-cada-prenda\/","robots":"max-image-preview:large","keywords":"negocios","webmasterTools":{"google-site-verification":"UA-38556648-1","miscellaneous":""},"schema":{"@context":"https:\/\/schema.org","@graph":[{"@type":"BreadcrumbList","@id":"https:\/\/eldigitaldeasturias.com\/radio\/sudaderas-personalizadas-para-grupos-calidad-diseno-y-union-en-cada-prenda\/#breadcrumblist","itemListElement":[{"@type":"ListItem","@id":"https:\/\/eldigitaldeasturias.com\/radio#listItem","position":1,"name":"Inicio","item":"https:\/\/eldigitaldeasturias.com\/radio","nextItem":{"@type":"ListItem","@id":"https:\/\/eldigitaldeasturias.com\/radio\/category\/negocios\/#listItem","name":"Negocios"}},{"@type":"ListItem","@id":"https:\/\/eldigitaldeasturias.com\/radio\/category\/negocios\/#listItem","position":2,"name":"Negocios","item":"https:\/\/eldigitaldeasturias.com\/radio\/category\/negocios\/","nextItem":{"@type":"ListItem","@id":"https:\/\/eldigitaldeasturias.com\/radio\/sudaderas-personalizadas-para-grupos-calidad-diseno-y-union-en-cada-prenda\/#listItem","name":"Sudaderas personalizadas para grupos: calidad, dise\u00f1o y uni\u00f3n en cada prenda"},"previousItem":{"@type":"ListItem","@id":"https:\/\/eldigitaldeasturias.com\/radio#listItem","name":"Inicio"}},{"@type":"ListItem","@id":"https:\/\/eldigitaldeasturias.com\/radio\/sudaderas-personalizadas-para-grupos-calidad-diseno-y-union-en-cada-prenda\/#listItem","position":3,"name":"Sudaderas personalizadas para grupos: calidad, dise\u00f1o y uni\u00f3n en cada prenda","previousItem":{"@type":"ListItem","@id":"https:\/\/eldigitaldeasturias.com\/radio\/category\/negocios\/#listItem","name":"Negocios"}}]},{"@type":"NewsArticle","@id":"https:\/\/eldigitaldeasturias.com\/radio\/sudaderas-personalizadas-para-grupos-calidad-diseno-y-union-en-cada-prenda\/#newsarticle","name":"Sudaderas personalizadas para grupos: calidad, dise\u00f1o y uni\u00f3n en cada prenda | El Digital de Asturias","headline":"Sudaderas personalizadas para grupos: calidad, dise\u00f1o y uni\u00f3n en cada prenda","author":{"@id":"https:\/\/eldigitaldeasturias.com\/radio\/author\/nbasturias\/#author"},"publisher":{"@id":"https:\/\/eldigitaldeasturias.com\/radio\/#organization"},"image":{"@type":"ImageObject","url":"https:\/\/eldigitaldeasturias.com\/radio\/wp-content\/uploads\/2025\/08\/Sudaderas-personalizadas.jpg","width":1200,"height":821,"caption":"Imagen de Freepik"},"datePublished":"2025-08-31T05:21:01+02:00","dateModified":"2025-08-31T05:21:01+02:00","inLanguage":"es-ES","mainEntityOfPage":{"@id":"https:\/\/eldigitaldeasturias.com\/radio\/sudaderas-personalizadas-para-grupos-calidad-diseno-y-union-en-cada-prenda\/#webpage"},"isPartOf":{"@id":"https:\/\/eldigitaldeasturias.com\/radio\/sudaderas-personalizadas-para-grupos-calidad-diseno-y-union-en-cada-prenda\/#webpage"},"articleSection":"Negocios, empresas","dateline":"Publicado el agosto 31, 2025."},{"@type":"Organization","@id":"https:\/\/eldigitaldeasturias.com\/radio\/#organization","name":"El digital de Asturias Radio","description":"Diario de informaci\u00f3n y noticias","url":"https:\/\/eldigitaldeasturias.com\/radio\/","telephone":"+34652131393","logo":{"@type":"ImageObject","url":"https:\/\/www.eldigitaldeasturias.com\/radio\/wp-content\/uploads\/2021\/03\/EDA.jpg","@id":"https:\/\/eldigitaldeasturias.com\/radio\/sudaderas-personalizadas-para-grupos-calidad-diseno-y-union-en-cada-prenda\/#organizationLogo"},"image":{"@id":"https:\/\/eldigitaldeasturias.com\/radio\/sudaderas-personalizadas-para-grupos-calidad-diseno-y-union-en-cada-prenda\/#organizationLogo"},"sameAs":["https:\/\/www.facebook.com\/","https:\/\/x.com\/bercodi","https:\/\/www.instagram.com\/","https:\/\/www.youtube.com\/channel\/UCZP-2wLEB9Rv6erhFmqVnvg"]},{"@type":"Person","@id":"https:\/\/eldigitaldeasturias.com\/radio\/author\/nbasturias\/#author","url":"https:\/\/eldigitaldeasturias.com\/radio\/author\/nbasturias\/","name":"NBAsturias","image":{"@type":"ImageObject","@id":"https:\/\/eldigitaldeasturias.com\/radio\/sudaderas-personalizadas-para-grupos-calidad-diseno-y-union-en-cada-prenda\/#authorImage","url":"https:\/\/secure.gravatar.com\/avatar\/df2aeffc32bcd13f8d26072ef8a91b623d677766deac7f97ca815868cd41bf5e?s=96&d=mm&r=g","width":96,"height":96,"caption":"NBAsturias"}},{"@type":"WebPage","@id":"https:\/\/eldigitaldeasturias.com\/radio\/sudaderas-personalizadas-para-grupos-calidad-diseno-y-union-en-cada-prenda\/#webpage","url":"https:\/\/eldigitaldeasturias.com\/radio\/sudaderas-personalizadas-para-grupos-calidad-diseno-y-union-en-cada-prenda\/","name":"Sudaderas personalizadas para grupos: calidad, dise\u00f1o y uni\u00f3n en cada prenda | El Digital de Asturias","description":"Hoy queremos abordar un tema que va m\u00e1s all\u00e1 de lo meramente est\u00e9tico: las sudaderas personalizadas para grupos. Si alguna vez has deseado formar parte visible","inLanguage":"es-ES","isPartOf":{"@id":"https:\/\/eldigitaldeasturias.com\/radio\/#website"},"breadcrumb":{"@id":"https:\/\/eldigitaldeasturias.com\/radio\/sudaderas-personalizadas-para-grupos-calidad-diseno-y-union-en-cada-prenda\/#breadcrumblist"},"author":{"@id":"https:\/\/eldigitaldeasturias.com\/radio\/author\/nbasturias\/#author"},"creator":{"@id":"https:\/\/eldigitaldeasturias.com\/radio\/author\/nbasturias\/#author"},"image":{"@type":"ImageObject","url":"https:\/\/eldigitaldeasturias.com\/radio\/wp-content\/uploads\/2025\/08\/Sudaderas-personalizadas.jpg","@id":"https:\/\/eldigitaldeasturias.com\/radio\/sudaderas-personalizadas-para-grupos-calidad-diseno-y-union-en-cada-prenda\/#mainImage","width":1200,"height":821,"caption":"Imagen de Freepik"},"primaryImageOfPage":{"@id":"https:\/\/eldigitaldeasturias.com\/radio\/sudaderas-personalizadas-para-grupos-calidad-diseno-y-union-en-cada-prenda\/#mainImage"},"datePublished":"2025-08-31T05:21:01+02:00","dateModified":"2025-08-31T05:21:01+02:00"},{"@type":"WebSite","@id":"https:\/\/eldigitaldeasturias.com\/radio\/#website","url":"https:\/\/eldigitaldeasturias.com\/radio\/","name":"El Digital de Asturias","description":"Diario de informaci\u00f3n y noticias","inLanguage":"es-ES","publisher":{"@id":"https:\/\/eldigitaldeasturias.com\/radio\/#organization"}}]},"og:locale":"es_ES","og:site_name":"El Digital de Asturias | Diario de informaci\u00f3n y noticias","og:type":"article","og:title":"Sudaderas personalizadas para grupos: calidad, dise\u00f1o y uni\u00f3n en cada prenda | El Digital de Asturias","og:description":"Hoy queremos abordar un tema que va m\u00e1s all\u00e1 de lo meramente est\u00e9tico: las sudaderas personalizadas para grupos. Si alguna vez has deseado formar parte visible","og:url":"https:\/\/eldigitaldeasturias.com\/radio\/sudaderas-personalizadas-para-grupos-calidad-diseno-y-union-en-cada-prenda\/","og:image":"https:\/\/eldigitaldeasturias.com\/radio\/wp-content\/uploads\/2025\/08\/Sudaderas-personalizadas.jpg","og:image:secure_url":"https:\/\/eldigitaldeasturias.com\/radio\/wp-content\/uploads\/2025\/08\/Sudaderas-personalizadas.jpg","og:image:width":1200,"og:image:height":821,"article:published_time":"2025-08-31T03:21:01+00:00","article:modified_time":"2025-08-31T03:21:01+00:00","twitter:card":"summary_large_image","twitter:site":"@bercodi","twitter:title":"Sudaderas personalizadas para grupos: calidad, dise\u00f1o y uni\u00f3n en cada prenda | El Digital de Asturias","twitter:description":"Hoy queremos abordar un tema que va m\u00e1s all\u00e1 de lo meramente est\u00e9tico: las sudaderas personalizadas para grupos. Si alguna vez has deseado formar parte visible","twitter:creator":"@bercodi","twitter:image":"https:\/\/eldigitaldeasturias.com\/radio\/wp-content\/uploads\/2025\/08\/Sudaderas-personalizadas.jpg"},"aioseo_meta_data":{"post_id":"10809","title":null,"description":"Hoy queremos abordar un tema que va m\u00e1s all\u00e1 de lo meramente est\u00e9tico: las sudaderas personalizadas para grupos. Si alguna vez has deseado formar parte visible","keywords":null,"keyphrases":{"focus":{"keyphrase":"sudaderas","score":100,"analysis":{"keyphraseInTitle":{"score":9,"maxScore":9,"error":0},"keyphraseInDescription":{"score":9,"maxScore":9,"error":0},"keyphraseLength":{"score":9,"maxScore":9,"error":0,"length":1},"keyphraseInURL":{"score":5,"maxScore":5,"error":0},"keyphraseInIntroduction":{"score":9,"maxScore":9,"error":0},"keyphraseInSubHeadings":{"score":9,"maxScore":9,"error":0},"keyphraseInImageAlt":{"score":9,"maxScore":9,"error":0},"keywordDensity":{"type":"best","score":9,"maxScore":9,"error":0}}},"additional":[{"keyphrase":"sudaderas personalizadas","score":80,"analysis":{"keyphraseInDescription":{"score":9,"maxScore":9,"error":0},"keyphraseLength":{"score":9,"maxScore":9,"error":0,"length":2},"keyphraseInIntroduction":{"score":9,"maxScore":9,"error":0},"keyphraseInImageAlt":{"score":9,"maxScore":9,"error":0},"keywordDensity":{"score":0,"type":"low","maxScore":9,"error":1}}}]},"primary_term":null,"canonical_url":null,"og_title":null,"og_description":null,"og_object_type":"default","og_image_type":"default","og_image_url":null,"og_image_width":null,"og_image_height":null,"og_image_custom_url":null,"og_image_custom_fields":null,"og_video":"","og_custom_url":null,"og_article_section":null,"og_article_tags":null,"twitter_use_og":false,"twitter_card":"default","twitter_image_type":"default","twitter_image_url":null,"twitter_image_custom_url":null,"twitter_image_custom_fields":null,"twitter_title":null,"twitter_description":null,"schema":{"blockGraphs":[],"customGraphs":[],"default":{"data":{"Article":[],"Course":[],"Dataset":[],"FAQPage":[],"Movie":[],"Person":[],"Product":[],"ProductReview":[],"Car":[],"Recipe":[],"Service":[],"SoftwareApplication":[],"WebPage":[]},"graphName":"NewsArticle","isEnabled":true},"graphs":[]},"schema_type":"default","schema_type_options":null,"pillar_content":false,"robots_default":true,"robots_noindex":false,"robots_noarchive":false,"robots_nosnippet":false,"robots_nofollow":false,"robots_noimageindex":false,"robots_noodp":false,"robots_notranslate":false,"robots_max_snippet":"-1","robots_max_videopreview":"-1","robots_max_imagepreview":"large","priority":null,"frequency":"default","location":null,"local_seo":null,"seo_analyzer_scan_date":"2025-08-31 03:30:23","breadcrumb_settings":null,"limit_modified_date":false,"open_ai":null,"ai":{"faqs":[],"keyPoints":[],"titles":[],"descriptions":[],"socialPosts":{"email":[],"linkedin":[],"twitter":[],"facebook":[],"instagram":[]}},"created":"2025-08-31 03:17:32","updated":"2025-08-31 03:33:46"},"aioseo_breadcrumb":"<div class=\"aioseo-breadcrumbs\"><span class=\"aioseo-breadcrumb\">\n\t<a href=\"https:\/\/eldigitaldeasturias.com\/radio\" title=\"Inicio\">Inicio<\/a>\n<\/span><span class=\"aioseo-breadcrumb-separator\">&ndash;<\/span><span class=\"aioseo-breadcrumb\">\n\t<a href=\"https:\/\/eldigitaldeasturias.com\/radio\/category\/negocios\/\" title=\"Negocios\">Negocios<\/a>\n<\/span><span class=\"aioseo-breadcrumb-separator\">&ndash;<\/span><span class=\"aioseo-breadcrumb\">\n\tSudaderas personalizadas para grupos: calidad, dise\u00f1o y uni\u00f3n en cada prenda\n<\/span><\/div>","aioseo_breadcrumb_json":[{"label":"Inicio","link":"https:\/\/eldigitaldeasturias.com\/radio"},{"label":"Negocios","link":"https:\/\/eldigitaldeasturias.com\/radio\/category\/negocios\/"},{"label":"Sudaderas personalizadas para grupos: calidad, dise\u00f1o y uni\u00f3n en cada prenda","link":"https:\/\/eldigitaldeasturias.com\/radio\/sudaderas-personalizadas-para-grupos-calidad-diseno-y-union-en-cada-prenda\/"}],"_links":{"self":[{"href":"https:\/\/eldigitaldeasturias.com\/radio\/wp-json\/wp\/v2\/posts\/10809","targetHints":{"allow":["GET"]}}],"collection":[{"href":"https:\/\/eldigitaldeasturias.com\/radio\/wp-json\/wp\/v2\/posts"}],"about":[{"href":"https:\/\/eldigitaldeasturias.com\/radio\/wp-json\/wp\/v2\/types\/post"}],"author":[{"embeddable":true,"href":"https:\/\/eldigitaldeasturias.com\/radio\/wp-json\/wp\/v2\/users\/1"}],"replies":[{"embeddable":true,"href":"https:\/\/eldigitaldeasturias.com\/radio\/wp-json\/wp\/v2\/comments?post=10809"}],"version-history":[{"count":0,"href":"https:\/\/eldigitaldeasturias.com\/radio\/wp-json\/wp\/v2\/posts\/10809\/revisions"}],"wp:featuredmedia":[{"embeddable":true,"href":"https:\/\/eldigitaldeasturias.com\/radio\/wp-json\/wp\/v2\/media\/10810"}],"wp:attachment":[{"href":"https:\/\/eldigitaldeasturias.com\/radio\/wp-json\/wp\/v2\/media?parent=10809"}],"wp:term":[{"taxonomy":"category","embeddable":true,"href":"https:\/\/eldigitaldeasturias.com\/radio\/wp-json\/wp\/v2\/categories?post=10809"},{"taxonomy":"post_tag","embeddable":true,"href":"https:\/\/eldigitaldeasturias.com\/radio\/wp-json\/wp\/v2\/tags?post=10809"}],"curies":[{"name":"wp","href":"https:\/\/api.w.org\/{rel}","templated":true}]}}