{"id":10769,"date":"2025-08-13T19:47:09","date_gmt":"2025-08-13T17:47:09","guid":{"rendered":"https:\/\/eldigitaldeasturias.com\/radio\/?p=10769"},"modified":"2025-08-13T19:47:09","modified_gmt":"2025-08-13T17:47:09","slug":"sudaderas-personalizadas-union-estilo-y-recuerdos-para-grupos-en-cada-ocasion-especial","status":"publish","type":"post","link":"https:\/\/eldigitaldeasturias.com\/radio\/sudaderas-personalizadas-union-estilo-y-recuerdos-para-grupos-en-cada-ocasion-especial\/","title":{"rendered":"Sudaderas personalizadas: uni\u00f3n, estilo y recuerdos para grupos en cada ocasi\u00f3n especial"},"content":{"rendered":"<p><span style=\"font-weight: 400;\">Cuando se trata de un viaje de fin de curso, una jornada de team-building o un evento donde un grupo de amigos se re\u00fane, la experiencia cambia completamente si todos llevan algo que los identifica. Las prendas personalizadas tienen esa capacidad casi m\u00e1gica de transformar a un conjunto de personas en una sola comunidad. Una sudadera dise\u00f1ada especialmente para la ocasi\u00f3n trasciende la simple ropa: es la manifestaci\u00f3n visible de una historia compartida. Durante el encuentro fomenta la uni\u00f3n, y despu\u00e9s se convierte en un recuerdo que reconforta cada vez que se usa, evocando las risas, las vivencias y esa sensaci\u00f3n de estar en el momento justo con la gente perfecta.<\/span><\/p>\n<p><img fetchpriority=\"high\" decoding=\"async\" class=\"aligncenter size-large wp-image-10748\" src=\"https:\/\/eldigitaldeasturias.com\/radio\/wp-content\/uploads\/2025\/08\/Sudaderas-para-Grupos-650x416.jpg\" alt=\"Sudaderas para Grupos\" width=\"650\" height=\"416\" srcset=\"https:\/\/eldigitaldeasturias.com\/radio\/wp-content\/uploads\/2025\/08\/Sudaderas-para-Grupos-650x416.jpg 650w, https:\/\/eldigitaldeasturias.com\/radio\/wp-content\/uploads\/2025\/08\/Sudaderas-para-Grupos-360x231.jpg 360w, https:\/\/eldigitaldeasturias.com\/radio\/wp-content\/uploads\/2025\/08\/Sudaderas-para-Grupos-768x492.jpg 768w, https:\/\/eldigitaldeasturias.com\/radio\/wp-content\/uploads\/2025\/08\/Sudaderas-para-Grupos-150x96.jpg 150w, https:\/\/eldigitaldeasturias.com\/radio\/wp-content\/uploads\/2025\/08\/Sudaderas-para-Grupos-450x288.jpg 450w, https:\/\/eldigitaldeasturias.com\/radio\/wp-content\/uploads\/2025\/08\/Sudaderas-para-Grupos.jpg 1087w\" sizes=\"(max-width: 650px) 100vw, 650px\" \/><\/p>\n<h2><b>La ropa como s\u00edmbolo de identidad grupal<\/b><\/h2>\n<p><span style=\"font-weight: 400;\">Vestir de manera uniforme no implica perder individualidad, sino potenciar el sentido de pertenencia. Las <\/span><strong><a title=\"sudaderas de grupo que unen\" href=\"https:\/\/www.kronix.es\/\" target=\"_blank\" rel=\"nofollow noopener\"><span style=\"color: #ff6600;\">sudaderas de grupo que unen<\/span><\/a><\/strong><span style=\"font-weight: 400;\"> apuestan por un dise\u00f1o personalizado que crea una identidad visual r\u00e1pida y reforzada, fortaleciendo la conexi\u00f3n entre quienes las llevan puestas. En eventos deportivos, conciertos, campamentos o intercambios estudiantiles es com\u00fan ver participantes con prendas que, de primera vista, expresan qui\u00e9nes son y qu\u00e9 los une. El color seleccionado, un logo, una frase interna o una ilustraci\u00f3n pueden transformarse en emblemas igual de fuertes que una bandera. Esta tendencia crece porque va m\u00e1s all\u00e1 de lo est\u00e9tico; tambi\u00e9n aporta funcionalidad, versatilidad y se adapta a todo tipo de estilos, desde opciones minimalistas hasta dise\u00f1os repletos de color y detalle.<\/span><\/p>\n<h3><b>Dise\u00f1os que marcan estilo en grupos<\/b><\/h3>\n<p><span style=\"font-weight: 400;\">Las sudaderas personalizadas para eventos y viajes abandonan la idea de patrones r\u00edgidos y uniformes. Cada vez es m\u00e1s frecuente encontrar propuestas con combinaciones de colores vibrantes, tipograf\u00edas exclusivas y detalles que individualizan a cada miembro, como incluir su nombre o un n\u00famero significativo. En m\u00faltiples ocasiones, el dise\u00f1o refleja an\u00e9cdotas o s\u00edmbolos internos del grupo, transformando estas prendas en recuerdos a\u00fan m\u00e1s \u00edntimos. Tambi\u00e9n ha aumentado la demanda de tejidos de calidad que soporten un uso continuo, ya que estas sudaderas no terminan en un armario, sino que se convierten en parte del d\u00eda a d\u00eda. En esencia, esta tendencia busca un balance entre moda, personalizaci\u00f3n y resistencia, y es precisamente en ese punto donde marcas especializadas saben destacar.<\/span><\/p>\n<h2><b>Kronix: sudaderas personalizadas para compartir y recordar<\/b><\/h2>\n<p><span style=\"font-weight: 400;\">Dentro del mundo de las prendas personalizadas, Kronix se ha ganado su espacio al entender que una sudadera puede ser mucho m\u00e1s que un estampado. Cada modelo expresa un mensaje de uni\u00f3n y pertenencia, casi como una bandera que representa a quienes la utilizan. La calidad es un pilar fundamental: sus materiales son duraderos, los acabados est\u00e1n cuidados, y el estilo propio resiste el paso del tiempo sin perder color ni forma. Todo este proceso se completa con una experiencia dise\u00f1ada para generar confianza, desde la herramienta online que facilita la personalizaci\u00f3n hasta la entrega final, enfoc\u00e1ndose siempre en que el cliente disfrute creando su prenda.<\/span><\/p>\n<h3><b>Un cat\u00e1logo adaptado a todo tipo de eventos<\/b><\/h3>\n<p><span style=\"font-weight: 400;\">El cat\u00e1logo de Kronix est\u00e1 pensado para abarcar la diversidad de p\u00fablicos que buscan sudaderas personalizadas. Entre sus opciones se encuentran prendas para colegios que organizan viajes de fin de curso, universidades que preparan eventos o promociones, equipos deportivos que desean una imagen cohesionada y asociaciones culturales o juveniles que quieren destacar en sus actividades. Las sudaderas pueden personalizarse en tonos, talles y materiales, con acabados que incluyen bordados de alta calidad, serigraf\u00eda o impresi\u00f3n digital. Adem\u00e1s, la posibilidad de agregar nombres, im\u00e1genes, banderas o etiquetas internas ofrece un nivel de personalizaci\u00f3n casi sin l\u00edmites. Al manejar la producci\u00f3n de forma directa, Kronix evita intermediarios, lo que asegura control absoluto sobre la calidad y la rapidez en las entregas.<\/span><\/p>\n<h3><b>Precios claros y una compra c\u00f3moda<\/b><\/h3>\n<p><span style=\"font-weight: 400;\">Un punto destacado de Kronix es su pol\u00edtica de precios transparentes desde el inicio. Los clientes pueden conocer el costo a\u00f1adido de cada elemento, ya sea un bordado extra o una etiqueta personalizada, evitando cualquier sorpresa en el costo final. La herramienta de dise\u00f1o online permite crear y ver en tiempo real c\u00f3mo quedar\u00e1 el dise\u00f1o, ajustando cada detalle hasta alcanzar la prenda deseada. Los pedidos se adaptan a grupos de diferentes tama\u00f1os, desde equipos peque\u00f1os hasta promociones amplias, y la fabricaci\u00f3n nacional asegura tiempos de entrega \u00e1giles. Este conjunto genera confianza en quienes requieren un pedido que cumpla con plazos y expectativas, especialmente en eventos con fechas inamovibles.<\/span><\/p>\n<h3><b>La elecci\u00f3n ideal para transformar un momento en un recuerdo duradero<\/b><\/h3>\n<p><span style=\"font-weight: 400;\">Kronix comprende que una sudadera personalizada no es solo una pieza de ropa; es un recuerdo que se lleva puesto, un elemento que revive la emoci\u00f3n de un viaje, un torneo o una celebraci\u00f3n compartida. Su combinaci\u00f3n de calidad, libertad creativa y un servicio dise\u00f1ado para facilitar cada etapa convierte a esta marca en una opci\u00f3n perfecta para quienes desean que su grupo destaque y, al mismo tiempo, conserve una prenda con valor a lo largo de los a\u00f1os. Desde el primer boceto en el dise\u00f1o hasta la \u00faltima puntada en el taller, cada sudadera contiene impl\u00edcita la historia de un grupo que decidi\u00f3 festejarse a s\u00ed mismo con estilo.<\/span><\/p>\n","protected":false},"excerpt":{"rendered":"<p>Cuando se trata de un viaje de fin de curso, una jornada de team-building o un evento donde un grupo de amigos se re\u00fane, la experiencia cambia completamente si todos llevan algo que los identifica. Las prendas personalizadas tienen esa capacidad casi m\u00e1gica de transformar a un conjunto de personas en una sola comunidad. Una<\/p>\n","protected":false},"author":1,"featured_media":10748,"comment_status":"closed","ping_status":"closed","sticky":false,"template":"","format":"standard","meta":{"footnotes":""},"categories":[35],"tags":[43],"class_list":{"0":"post-10769","1":"post","2":"type-post","3":"status-publish","4":"format-standard","5":"has-post-thumbnail","7":"category-negocios","8":"tag-empresas"},"aioseo_notices":[],"aioseo_head":"\n\t\t<!-- All in One SEO Pro 4.9.6.2 - aioseo.com -->\n\t<meta name=\"description\" content=\"Cuando se trata de un viaje de fin de curso, una jornada de team-building o un evento donde un grupo de amigos se re\u00fane, la experiencia cambia completamente\" \/>\n\t<meta name=\"robots\" content=\"max-image-preview:large\" \/>\n\t<meta name=\"author\" content=\"NBAsturias\"\/>\n\t<meta name=\"google-site-verification\" content=\"UA-38556648-1\" \/>\n\t<meta name=\"keywords\" content=\"negocios\" \/>\n\t<link rel=\"canonical\" href=\"https:\/\/eldigitaldeasturias.com\/radio\/sudaderas-personalizadas-union-estilo-y-recuerdos-para-grupos-en-cada-ocasion-especial\/\" \/>\n\t<meta name=\"generator\" content=\"All in One SEO Pro (AIOSEO) 4.9.6.2\" \/>\n\t\t<meta property=\"og:locale\" content=\"es_ES\" \/>\n\t\t<meta property=\"og:site_name\" content=\"El Digital de Asturias | Diario de informaci\u00f3n y noticias\" \/>\n\t\t<meta property=\"og:type\" content=\"article\" \/>\n\t\t<meta property=\"og:title\" content=\"Sudaderas personalizadas: uni\u00f3n, estilo y recuerdos para grupos en cada ocasi\u00f3n especial | El Digital de Asturias\" \/>\n\t\t<meta property=\"og:description\" content=\"Cuando se trata de un viaje de fin de curso, una jornada de team-building o un evento donde un grupo de amigos se re\u00fane, la experiencia cambia completamente\" \/>\n\t\t<meta property=\"og:url\" content=\"https:\/\/eldigitaldeasturias.com\/radio\/sudaderas-personalizadas-union-estilo-y-recuerdos-para-grupos-en-cada-ocasion-especial\/\" \/>\n\t\t<meta property=\"og:image\" content=\"https:\/\/eldigitaldeasturias.com\/radio\/wp-content\/uploads\/2025\/08\/Sudaderas-para-Grupos.jpg\" \/>\n\t\t<meta property=\"og:image:secure_url\" content=\"https:\/\/eldigitaldeasturias.com\/radio\/wp-content\/uploads\/2025\/08\/Sudaderas-para-Grupos.jpg\" \/>\n\t\t<meta property=\"og:image:width\" content=\"1087\" \/>\n\t\t<meta property=\"og:image:height\" content=\"696\" \/>\n\t\t<meta property=\"article:published_time\" content=\"2025-08-13T17:47:09+00:00\" \/>\n\t\t<meta property=\"article:modified_time\" content=\"2025-08-13T17:47:09+00:00\" \/>\n\t\t<meta name=\"twitter:card\" content=\"summary_large_image\" \/>\n\t\t<meta name=\"twitter:site\" content=\"@bercodi\" \/>\n\t\t<meta name=\"twitter:title\" content=\"Sudaderas personalizadas: uni\u00f3n, estilo y recuerdos para grupos en cada ocasi\u00f3n especial | El Digital de Asturias\" \/>\n\t\t<meta name=\"twitter:description\" content=\"Cuando se trata de un viaje de fin de curso, una jornada de team-building o un evento donde un grupo de amigos se re\u00fane, la experiencia cambia completamente\" \/>\n\t\t<meta name=\"twitter:creator\" content=\"@bercodi\" \/>\n\t\t<meta name=\"twitter:image\" content=\"https:\/\/eldigitaldeasturias.com\/radio\/wp-content\/uploads\/2025\/08\/Sudaderas-para-Grupos.jpg\" \/>\n\t\t<script type=\"application\/ld+json\" class=\"aioseo-schema\">\n\t\t\t{\"@context\":\"https:\\\/\\\/schema.org\",\"@graph\":[{\"@type\":\"BreadcrumbList\",\"@id\":\"https:\\\/\\\/eldigitaldeasturias.com\\\/radio\\\/sudaderas-personalizadas-union-estilo-y-recuerdos-para-grupos-en-cada-ocasion-especial\\\/#breadcrumblist\",\"itemListElement\":[{\"@type\":\"ListItem\",\"@id\":\"https:\\\/\\\/eldigitaldeasturias.com\\\/radio#listItem\",\"position\":1,\"name\":\"Inicio\",\"item\":\"https:\\\/\\\/eldigitaldeasturias.com\\\/radio\",\"nextItem\":{\"@type\":\"ListItem\",\"@id\":\"https:\\\/\\\/eldigitaldeasturias.com\\\/radio\\\/category\\\/negocios\\\/#listItem\",\"name\":\"Negocios\"}},{\"@type\":\"ListItem\",\"@id\":\"https:\\\/\\\/eldigitaldeasturias.com\\\/radio\\\/category\\\/negocios\\\/#listItem\",\"position\":2,\"name\":\"Negocios\",\"item\":\"https:\\\/\\\/eldigitaldeasturias.com\\\/radio\\\/category\\\/negocios\\\/\",\"nextItem\":{\"@type\":\"ListItem\",\"@id\":\"https:\\\/\\\/eldigitaldeasturias.com\\\/radio\\\/sudaderas-personalizadas-union-estilo-y-recuerdos-para-grupos-en-cada-ocasion-especial\\\/#listItem\",\"name\":\"Sudaderas personalizadas: uni\\u00f3n, estilo y recuerdos para grupos en cada ocasi\\u00f3n especial\"},\"previousItem\":{\"@type\":\"ListItem\",\"@id\":\"https:\\\/\\\/eldigitaldeasturias.com\\\/radio#listItem\",\"name\":\"Inicio\"}},{\"@type\":\"ListItem\",\"@id\":\"https:\\\/\\\/eldigitaldeasturias.com\\\/radio\\\/sudaderas-personalizadas-union-estilo-y-recuerdos-para-grupos-en-cada-ocasion-especial\\\/#listItem\",\"position\":3,\"name\":\"Sudaderas personalizadas: uni\\u00f3n, estilo y recuerdos para grupos en cada ocasi\\u00f3n especial\",\"previousItem\":{\"@type\":\"ListItem\",\"@id\":\"https:\\\/\\\/eldigitaldeasturias.com\\\/radio\\\/category\\\/negocios\\\/#listItem\",\"name\":\"Negocios\"}}]},{\"@type\":\"NewsArticle\",\"@id\":\"https:\\\/\\\/eldigitaldeasturias.com\\\/radio\\\/sudaderas-personalizadas-union-estilo-y-recuerdos-para-grupos-en-cada-ocasion-especial\\\/#newsarticle\",\"name\":\"Sudaderas personalizadas: uni\\u00f3n, estilo y recuerdos para grupos en cada ocasi\\u00f3n especial | El Digital de Asturias\",\"headline\":\"Sudaderas personalizadas: uni\\u00f3n, estilo y recuerdos para grupos en cada ocasi\\u00f3n especial\",\"author\":{\"@id\":\"https:\\\/\\\/eldigitaldeasturias.com\\\/radio\\\/author\\\/nbasturias\\\/#author\"},\"publisher\":{\"@id\":\"https:\\\/\\\/eldigitaldeasturias.com\\\/radio\\\/#organization\"},\"image\":{\"@type\":\"ImageObject\",\"url\":\"https:\\\/\\\/eldigitaldeasturias.com\\\/radio\\\/wp-content\\\/uploads\\\/2025\\\/08\\\/Sudaderas-para-Grupos.jpg\",\"width\":1087,\"height\":696,\"caption\":\"Sudaderas para Grupos\"},\"datePublished\":\"2025-08-13T19:47:09+02:00\",\"dateModified\":\"2025-08-13T19:47:09+02:00\",\"inLanguage\":\"es-ES\",\"mainEntityOfPage\":{\"@id\":\"https:\\\/\\\/eldigitaldeasturias.com\\\/radio\\\/sudaderas-personalizadas-union-estilo-y-recuerdos-para-grupos-en-cada-ocasion-especial\\\/#webpage\"},\"isPartOf\":{\"@id\":\"https:\\\/\\\/eldigitaldeasturias.com\\\/radio\\\/sudaderas-personalizadas-union-estilo-y-recuerdos-para-grupos-en-cada-ocasion-especial\\\/#webpage\"},\"articleSection\":\"Negocios, empresas\",\"dateline\":\"Publicado el agosto 13, 2025.\"},{\"@type\":\"Organization\",\"@id\":\"https:\\\/\\\/eldigitaldeasturias.com\\\/radio\\\/#organization\",\"name\":\"El digital de Asturias Radio\",\"description\":\"Diario de informaci\\u00f3n y noticias\",\"url\":\"https:\\\/\\\/eldigitaldeasturias.com\\\/radio\\\/\",\"telephone\":\"+34652131393\",\"logo\":{\"@type\":\"ImageObject\",\"url\":\"https:\\\/\\\/www.eldigitaldeasturias.com\\\/radio\\\/wp-content\\\/uploads\\\/2021\\\/03\\\/EDA.jpg\",\"@id\":\"https:\\\/\\\/eldigitaldeasturias.com\\\/radio\\\/sudaderas-personalizadas-union-estilo-y-recuerdos-para-grupos-en-cada-ocasion-especial\\\/#organizationLogo\"},\"image\":{\"@id\":\"https:\\\/\\\/eldigitaldeasturias.com\\\/radio\\\/sudaderas-personalizadas-union-estilo-y-recuerdos-para-grupos-en-cada-ocasion-especial\\\/#organizationLogo\"},\"sameAs\":[\"https:\\\/\\\/www.facebook.com\\\/\",\"https:\\\/\\\/x.com\\\/bercodi\",\"https:\\\/\\\/www.instagram.com\\\/\",\"https:\\\/\\\/www.youtube.com\\\/channel\\\/UCZP-2wLEB9Rv6erhFmqVnvg\"]},{\"@type\":\"Person\",\"@id\":\"https:\\\/\\\/eldigitaldeasturias.com\\\/radio\\\/author\\\/nbasturias\\\/#author\",\"url\":\"https:\\\/\\\/eldigitaldeasturias.com\\\/radio\\\/author\\\/nbasturias\\\/\",\"name\":\"NBAsturias\",\"image\":{\"@type\":\"ImageObject\",\"@id\":\"https:\\\/\\\/eldigitaldeasturias.com\\\/radio\\\/sudaderas-personalizadas-union-estilo-y-recuerdos-para-grupos-en-cada-ocasion-especial\\\/#authorImage\",\"url\":\"https:\\\/\\\/secure.gravatar.com\\\/avatar\\\/df2aeffc32bcd13f8d26072ef8a91b623d677766deac7f97ca815868cd41bf5e?s=96&d=mm&r=g\",\"width\":96,\"height\":96,\"caption\":\"NBAsturias\"}},{\"@type\":\"WebPage\",\"@id\":\"https:\\\/\\\/eldigitaldeasturias.com\\\/radio\\\/sudaderas-personalizadas-union-estilo-y-recuerdos-para-grupos-en-cada-ocasion-especial\\\/#webpage\",\"url\":\"https:\\\/\\\/eldigitaldeasturias.com\\\/radio\\\/sudaderas-personalizadas-union-estilo-y-recuerdos-para-grupos-en-cada-ocasion-especial\\\/\",\"name\":\"Sudaderas personalizadas: uni\\u00f3n, estilo y recuerdos para grupos en cada ocasi\\u00f3n especial | El Digital de Asturias\",\"description\":\"Cuando se trata de un viaje de fin de curso, una jornada de team-building o un evento donde un grupo de amigos se re\\u00fane, la experiencia cambia completamente\",\"inLanguage\":\"es-ES\",\"isPartOf\":{\"@id\":\"https:\\\/\\\/eldigitaldeasturias.com\\\/radio\\\/#website\"},\"breadcrumb\":{\"@id\":\"https:\\\/\\\/eldigitaldeasturias.com\\\/radio\\\/sudaderas-personalizadas-union-estilo-y-recuerdos-para-grupos-en-cada-ocasion-especial\\\/#breadcrumblist\"},\"author\":{\"@id\":\"https:\\\/\\\/eldigitaldeasturias.com\\\/radio\\\/author\\\/nbasturias\\\/#author\"},\"creator\":{\"@id\":\"https:\\\/\\\/eldigitaldeasturias.com\\\/radio\\\/author\\\/nbasturias\\\/#author\"},\"image\":{\"@type\":\"ImageObject\",\"url\":\"https:\\\/\\\/eldigitaldeasturias.com\\\/radio\\\/wp-content\\\/uploads\\\/2025\\\/08\\\/Sudaderas-para-Grupos.jpg\",\"@id\":\"https:\\\/\\\/eldigitaldeasturias.com\\\/radio\\\/sudaderas-personalizadas-union-estilo-y-recuerdos-para-grupos-en-cada-ocasion-especial\\\/#mainImage\",\"width\":1087,\"height\":696,\"caption\":\"Sudaderas para Grupos\"},\"primaryImageOfPage\":{\"@id\":\"https:\\\/\\\/eldigitaldeasturias.com\\\/radio\\\/sudaderas-personalizadas-union-estilo-y-recuerdos-para-grupos-en-cada-ocasion-especial\\\/#mainImage\"},\"datePublished\":\"2025-08-13T19:47:09+02:00\",\"dateModified\":\"2025-08-13T19:47:09+02:00\"},{\"@type\":\"WebSite\",\"@id\":\"https:\\\/\\\/eldigitaldeasturias.com\\\/radio\\\/#website\",\"url\":\"https:\\\/\\\/eldigitaldeasturias.com\\\/radio\\\/\",\"name\":\"El Digital de Asturias\",\"description\":\"Diario de informaci\\u00f3n y noticias\",\"inLanguage\":\"es-ES\",\"publisher\":{\"@id\":\"https:\\\/\\\/eldigitaldeasturias.com\\\/radio\\\/#organization\"}}]}\n\t\t<\/script>\n\t\t<!-- All in One SEO Pro -->\r\n\t\t<title>Sudaderas personalizadas: uni\u00f3n, estilo y recuerdos para grupos en cada ocasi\u00f3n especial | El Digital de Asturias<\/title>\n\n","aioseo_head_json":{"title":"Sudaderas personalizadas: uni\u00f3n, estilo y recuerdos para grupos en cada ocasi\u00f3n especial | El Digital de Asturias","description":"Cuando se trata de un viaje de fin de curso, una jornada de team-building o un evento donde un grupo de amigos se re\u00fane, la experiencia cambia completamente","canonical_url":"https:\/\/eldigitaldeasturias.com\/radio\/sudaderas-personalizadas-union-estilo-y-recuerdos-para-grupos-en-cada-ocasion-especial\/","robots":"max-image-preview:large","keywords":"negocios","webmasterTools":{"google-site-verification":"UA-38556648-1","miscellaneous":""},"schema":{"@context":"https:\/\/schema.org","@graph":[{"@type":"BreadcrumbList","@id":"https:\/\/eldigitaldeasturias.com\/radio\/sudaderas-personalizadas-union-estilo-y-recuerdos-para-grupos-en-cada-ocasion-especial\/#breadcrumblist","itemListElement":[{"@type":"ListItem","@id":"https:\/\/eldigitaldeasturias.com\/radio#listItem","position":1,"name":"Inicio","item":"https:\/\/eldigitaldeasturias.com\/radio","nextItem":{"@type":"ListItem","@id":"https:\/\/eldigitaldeasturias.com\/radio\/category\/negocios\/#listItem","name":"Negocios"}},{"@type":"ListItem","@id":"https:\/\/eldigitaldeasturias.com\/radio\/category\/negocios\/#listItem","position":2,"name":"Negocios","item":"https:\/\/eldigitaldeasturias.com\/radio\/category\/negocios\/","nextItem":{"@type":"ListItem","@id":"https:\/\/eldigitaldeasturias.com\/radio\/sudaderas-personalizadas-union-estilo-y-recuerdos-para-grupos-en-cada-ocasion-especial\/#listItem","name":"Sudaderas personalizadas: uni\u00f3n, estilo y recuerdos para grupos en cada ocasi\u00f3n especial"},"previousItem":{"@type":"ListItem","@id":"https:\/\/eldigitaldeasturias.com\/radio#listItem","name":"Inicio"}},{"@type":"ListItem","@id":"https:\/\/eldigitaldeasturias.com\/radio\/sudaderas-personalizadas-union-estilo-y-recuerdos-para-grupos-en-cada-ocasion-especial\/#listItem","position":3,"name":"Sudaderas personalizadas: uni\u00f3n, estilo y recuerdos para grupos en cada ocasi\u00f3n especial","previousItem":{"@type":"ListItem","@id":"https:\/\/eldigitaldeasturias.com\/radio\/category\/negocios\/#listItem","name":"Negocios"}}]},{"@type":"NewsArticle","@id":"https:\/\/eldigitaldeasturias.com\/radio\/sudaderas-personalizadas-union-estilo-y-recuerdos-para-grupos-en-cada-ocasion-especial\/#newsarticle","name":"Sudaderas personalizadas: uni\u00f3n, estilo y recuerdos para grupos en cada ocasi\u00f3n especial | El Digital de Asturias","headline":"Sudaderas personalizadas: uni\u00f3n, estilo y recuerdos para grupos en cada ocasi\u00f3n especial","author":{"@id":"https:\/\/eldigitaldeasturias.com\/radio\/author\/nbasturias\/#author"},"publisher":{"@id":"https:\/\/eldigitaldeasturias.com\/radio\/#organization"},"image":{"@type":"ImageObject","url":"https:\/\/eldigitaldeasturias.com\/radio\/wp-content\/uploads\/2025\/08\/Sudaderas-para-Grupos.jpg","width":1087,"height":696,"caption":"Sudaderas para Grupos"},"datePublished":"2025-08-13T19:47:09+02:00","dateModified":"2025-08-13T19:47:09+02:00","inLanguage":"es-ES","mainEntityOfPage":{"@id":"https:\/\/eldigitaldeasturias.com\/radio\/sudaderas-personalizadas-union-estilo-y-recuerdos-para-grupos-en-cada-ocasion-especial\/#webpage"},"isPartOf":{"@id":"https:\/\/eldigitaldeasturias.com\/radio\/sudaderas-personalizadas-union-estilo-y-recuerdos-para-grupos-en-cada-ocasion-especial\/#webpage"},"articleSection":"Negocios, empresas","dateline":"Publicado el agosto 13, 2025."},{"@type":"Organization","@id":"https:\/\/eldigitaldeasturias.com\/radio\/#organization","name":"El digital de Asturias Radio","description":"Diario de informaci\u00f3n y noticias","url":"https:\/\/eldigitaldeasturias.com\/radio\/","telephone":"+34652131393","logo":{"@type":"ImageObject","url":"https:\/\/www.eldigitaldeasturias.com\/radio\/wp-content\/uploads\/2021\/03\/EDA.jpg","@id":"https:\/\/eldigitaldeasturias.com\/radio\/sudaderas-personalizadas-union-estilo-y-recuerdos-para-grupos-en-cada-ocasion-especial\/#organizationLogo"},"image":{"@id":"https:\/\/eldigitaldeasturias.com\/radio\/sudaderas-personalizadas-union-estilo-y-recuerdos-para-grupos-en-cada-ocasion-especial\/#organizationLogo"},"sameAs":["https:\/\/www.facebook.com\/","https:\/\/x.com\/bercodi","https:\/\/www.instagram.com\/","https:\/\/www.youtube.com\/channel\/UCZP-2wLEB9Rv6erhFmqVnvg"]},{"@type":"Person","@id":"https:\/\/eldigitaldeasturias.com\/radio\/author\/nbasturias\/#author","url":"https:\/\/eldigitaldeasturias.com\/radio\/author\/nbasturias\/","name":"NBAsturias","image":{"@type":"ImageObject","@id":"https:\/\/eldigitaldeasturias.com\/radio\/sudaderas-personalizadas-union-estilo-y-recuerdos-para-grupos-en-cada-ocasion-especial\/#authorImage","url":"https:\/\/secure.gravatar.com\/avatar\/df2aeffc32bcd13f8d26072ef8a91b623d677766deac7f97ca815868cd41bf5e?s=96&d=mm&r=g","width":96,"height":96,"caption":"NBAsturias"}},{"@type":"WebPage","@id":"https:\/\/eldigitaldeasturias.com\/radio\/sudaderas-personalizadas-union-estilo-y-recuerdos-para-grupos-en-cada-ocasion-especial\/#webpage","url":"https:\/\/eldigitaldeasturias.com\/radio\/sudaderas-personalizadas-union-estilo-y-recuerdos-para-grupos-en-cada-ocasion-especial\/","name":"Sudaderas personalizadas: uni\u00f3n, estilo y recuerdos para grupos en cada ocasi\u00f3n especial | El Digital de Asturias","description":"Cuando se trata de un viaje de fin de curso, una jornada de team-building o un evento donde un grupo de amigos se re\u00fane, la experiencia cambia completamente","inLanguage":"es-ES","isPartOf":{"@id":"https:\/\/eldigitaldeasturias.com\/radio\/#website"},"breadcrumb":{"@id":"https:\/\/eldigitaldeasturias.com\/radio\/sudaderas-personalizadas-union-estilo-y-recuerdos-para-grupos-en-cada-ocasion-especial\/#breadcrumblist"},"author":{"@id":"https:\/\/eldigitaldeasturias.com\/radio\/author\/nbasturias\/#author"},"creator":{"@id":"https:\/\/eldigitaldeasturias.com\/radio\/author\/nbasturias\/#author"},"image":{"@type":"ImageObject","url":"https:\/\/eldigitaldeasturias.com\/radio\/wp-content\/uploads\/2025\/08\/Sudaderas-para-Grupos.jpg","@id":"https:\/\/eldigitaldeasturias.com\/radio\/sudaderas-personalizadas-union-estilo-y-recuerdos-para-grupos-en-cada-ocasion-especial\/#mainImage","width":1087,"height":696,"caption":"Sudaderas para Grupos"},"primaryImageOfPage":{"@id":"https:\/\/eldigitaldeasturias.com\/radio\/sudaderas-personalizadas-union-estilo-y-recuerdos-para-grupos-en-cada-ocasion-especial\/#mainImage"},"datePublished":"2025-08-13T19:47:09+02:00","dateModified":"2025-08-13T19:47:09+02:00"},{"@type":"WebSite","@id":"https:\/\/eldigitaldeasturias.com\/radio\/#website","url":"https:\/\/eldigitaldeasturias.com\/radio\/","name":"El Digital de Asturias","description":"Diario de informaci\u00f3n y noticias","inLanguage":"es-ES","publisher":{"@id":"https:\/\/eldigitaldeasturias.com\/radio\/#organization"}}]},"og:locale":"es_ES","og:site_name":"El Digital de Asturias | Diario de informaci\u00f3n y noticias","og:type":"article","og:title":"Sudaderas personalizadas: uni\u00f3n, estilo y recuerdos para grupos en cada ocasi\u00f3n especial | El Digital de Asturias","og:description":"Cuando se trata de un viaje de fin de curso, una jornada de team-building o un evento donde un grupo de amigos se re\u00fane, la experiencia cambia completamente","og:url":"https:\/\/eldigitaldeasturias.com\/radio\/sudaderas-personalizadas-union-estilo-y-recuerdos-para-grupos-en-cada-ocasion-especial\/","og:image":"https:\/\/eldigitaldeasturias.com\/radio\/wp-content\/uploads\/2025\/08\/Sudaderas-para-Grupos.jpg","og:image:secure_url":"https:\/\/eldigitaldeasturias.com\/radio\/wp-content\/uploads\/2025\/08\/Sudaderas-para-Grupos.jpg","og:image:width":1087,"og:image:height":696,"article:published_time":"2025-08-13T17:47:09+00:00","article:modified_time":"2025-08-13T17:47:09+00:00","twitter:card":"summary_large_image","twitter:site":"@bercodi","twitter:title":"Sudaderas personalizadas: uni\u00f3n, estilo y recuerdos para grupos en cada ocasi\u00f3n especial | El Digital de Asturias","twitter:description":"Cuando se trata de un viaje de fin de curso, una jornada de team-building o un evento donde un grupo de amigos se re\u00fane, la experiencia cambia completamente","twitter:creator":"@bercodi","twitter:image":"https:\/\/eldigitaldeasturias.com\/radio\/wp-content\/uploads\/2025\/08\/Sudaderas-para-Grupos.jpg"},"aioseo_meta_data":{"post_id":"10769","title":null,"description":"Cuando se trata de un viaje de fin de curso, una jornada de team-building o un evento donde un grupo de amigos se re\u00fane, la experiencia cambia completamente","keywords":null,"keyphrases":{"focus":{"keyphrase":"Sudaderas","score":74,"analysis":{"keyphraseInTitle":{"score":9,"maxScore":9,"error":0},"keyphraseInDescription":{"score":3,"maxScore":9,"error":1},"keyphraseLength":{"score":9,"maxScore":9,"error":0,"length":1},"keyphraseInURL":{"score":5,"maxScore":5,"error":0},"keyphraseInIntroduction":{"score":3,"maxScore":9,"error":1},"keyphraseInSubHeadings":{"score":3,"maxScore":9,"error":1},"keyphraseInImageAlt":{"score":9,"maxScore":9,"error":0},"keywordDensity":{"type":"best","score":9,"maxScore":9,"error":0}}},"additional":[{"keyphrase":"Sudaderas","score":73,"analysis":{"keyphraseInDescription":{"score":3,"maxScore":9,"error":1},"keyphraseLength":{"score":9,"maxScore":9,"error":0,"length":1},"keyphraseInIntroduction":{"score":3,"maxScore":9,"error":1},"keyphraseInImageAlt":{"score":9,"maxScore":9,"error":0},"keywordDensity":{"type":"best","score":9,"maxScore":9,"error":0}}}]},"primary_term":null,"canonical_url":null,"og_title":null,"og_description":null,"og_object_type":"default","og_image_type":"default","og_image_url":null,"og_image_width":null,"og_image_height":null,"og_image_custom_url":null,"og_image_custom_fields":null,"og_video":"","og_custom_url":null,"og_article_section":null,"og_article_tags":null,"twitter_use_og":false,"twitter_card":"default","twitter_image_type":"default","twitter_image_url":null,"twitter_image_custom_url":null,"twitter_image_custom_fields":null,"twitter_title":null,"twitter_description":null,"schema":{"blockGraphs":[],"customGraphs":[],"default":{"data":{"Article":[],"Course":[],"Dataset":[],"FAQPage":[],"Movie":[],"Person":[],"Product":[],"ProductReview":[],"Car":[],"Recipe":[],"Service":[],"SoftwareApplication":[],"WebPage":[]},"graphName":"NewsArticle","isEnabled":true},"graphs":[]},"schema_type":"default","schema_type_options":null,"pillar_content":false,"robots_default":true,"robots_noindex":false,"robots_noarchive":false,"robots_nosnippet":false,"robots_nofollow":false,"robots_noimageindex":false,"robots_noodp":false,"robots_notranslate":false,"robots_max_snippet":"-1","robots_max_videopreview":"-1","robots_max_imagepreview":"large","priority":null,"frequency":"default","location":null,"local_seo":null,"seo_analyzer_scan_date":"2025-08-29 00:56:55","breadcrumb_settings":null,"limit_modified_date":false,"open_ai":null,"ai":{"faqs":[],"keyPoints":[],"titles":[],"descriptions":[],"socialPosts":{"email":[],"linkedin":[],"twitter":[],"facebook":[],"instagram":[]}},"created":"2025-08-13 17:44:04","updated":"2025-08-29 00:56:55"},"aioseo_breadcrumb":"<div class=\"aioseo-breadcrumbs\"><span class=\"aioseo-breadcrumb\">\n\t<a href=\"https:\/\/eldigitaldeasturias.com\/radio\" title=\"Inicio\">Inicio<\/a>\n<\/span><span class=\"aioseo-breadcrumb-separator\">&ndash;<\/span><span class=\"aioseo-breadcrumb\">\n\t<a href=\"https:\/\/eldigitaldeasturias.com\/radio\/category\/negocios\/\" title=\"Negocios\">Negocios<\/a>\n<\/span><span class=\"aioseo-breadcrumb-separator\">&ndash;<\/span><span class=\"aioseo-breadcrumb\">\n\tSudaderas personalizadas: uni\u00f3n, estilo y recuerdos para grupos en cada ocasi\u00f3n especial\n<\/span><\/div>","aioseo_breadcrumb_json":[{"label":"Inicio","link":"https:\/\/eldigitaldeasturias.com\/radio"},{"label":"Negocios","link":"https:\/\/eldigitaldeasturias.com\/radio\/category\/negocios\/"},{"label":"Sudaderas personalizadas: uni\u00f3n, estilo y recuerdos para grupos en cada ocasi\u00f3n especial","link":"https:\/\/eldigitaldeasturias.com\/radio\/sudaderas-personalizadas-union-estilo-y-recuerdos-para-grupos-en-cada-ocasion-especial\/"}],"_links":{"self":[{"href":"https:\/\/eldigitaldeasturias.com\/radio\/wp-json\/wp\/v2\/posts\/10769","targetHints":{"allow":["GET"]}}],"collection":[{"href":"https:\/\/eldigitaldeasturias.com\/radio\/wp-json\/wp\/v2\/posts"}],"about":[{"href":"https:\/\/eldigitaldeasturias.com\/radio\/wp-json\/wp\/v2\/types\/post"}],"author":[{"embeddable":true,"href":"https:\/\/eldigitaldeasturias.com\/radio\/wp-json\/wp\/v2\/users\/1"}],"replies":[{"embeddable":true,"href":"https:\/\/eldigitaldeasturias.com\/radio\/wp-json\/wp\/v2\/comments?post=10769"}],"version-history":[{"count":0,"href":"https:\/\/eldigitaldeasturias.com\/radio\/wp-json\/wp\/v2\/posts\/10769\/revisions"}],"wp:featuredmedia":[{"embeddable":true,"href":"https:\/\/eldigitaldeasturias.com\/radio\/wp-json\/wp\/v2\/media\/10748"}],"wp:attachment":[{"href":"https:\/\/eldigitaldeasturias.com\/radio\/wp-json\/wp\/v2\/media?parent=10769"}],"wp:term":[{"taxonomy":"category","embeddable":true,"href":"https:\/\/eldigitaldeasturias.com\/radio\/wp-json\/wp\/v2\/categories?post=10769"},{"taxonomy":"post_tag","embeddable":true,"href":"https:\/\/eldigitaldeasturias.com\/radio\/wp-json\/wp\/v2\/tags?post=10769"}],"curies":[{"name":"wp","href":"https:\/\/api.w.org\/{rel}","templated":true}]}}