{"id":10721,"date":"2025-07-29T12:35:19","date_gmt":"2025-07-29T10:35:19","guid":{"rendered":"https:\/\/eldigitaldeasturias.com\/radio\/?p=10721"},"modified":"2025-07-29T12:35:19","modified_gmt":"2025-07-29T10:35:19","slug":"camas-articuladas-con-ruedas-para-mejorar-la-atencion-domiciliaria","status":"publish","type":"post","link":"https:\/\/eldigitaldeasturias.com\/radio\/camas-articuladas-con-ruedas-para-mejorar-la-atencion-domiciliaria\/","title":{"rendered":"Camas articuladas con ruedas para mejorar la atenci\u00f3n domiciliaria"},"content":{"rendered":"<p><span style=\"font-weight: 400;\">La atenci\u00f3n domiciliaria a personas mayores o con movilidad reducida ha evolucionado notablemente en los \u00faltimos a\u00f1os. Lejos de ser un recurso improvisado, hoy es una alternativa profesionalizada que requiere equipamiento espec\u00edfico para garantizar el bienestar del paciente y facilitar el trabajo de quienes lo cuidan. En este contexto, la elecci\u00f3n de una cama adecuada no solo influye en la comodidad del usuario, sino tambi\u00e9n en la eficiencia del cuidado diario.<\/span><\/p>\n<p><img fetchpriority=\"high\" decoding=\"async\" class=\"aligncenter size-large wp-image-10722\" src=\"https:\/\/eldigitaldeasturias.com\/radio\/wp-content\/uploads\/2025\/07\/atencion-domiciliaria-650x421.jpg\" alt=\"atenci\u00f3n domiciliaria\" width=\"650\" height=\"421\" srcset=\"https:\/\/eldigitaldeasturias.com\/radio\/wp-content\/uploads\/2025\/07\/atencion-domiciliaria-650x421.jpg 650w, https:\/\/eldigitaldeasturias.com\/radio\/wp-content\/uploads\/2025\/07\/atencion-domiciliaria-360x233.jpg 360w, https:\/\/eldigitaldeasturias.com\/radio\/wp-content\/uploads\/2025\/07\/atencion-domiciliaria-150x97.jpg 150w, https:\/\/eldigitaldeasturias.com\/radio\/wp-content\/uploads\/2025\/07\/atencion-domiciliaria-450x291.jpg 450w, https:\/\/eldigitaldeasturias.com\/radio\/wp-content\/uploads\/2025\/07\/atencion-domiciliaria.jpg 689w\" sizes=\"(max-width: 650px) 100vw, 650px\" \/><\/p>\n<p><span style=\"font-weight: 400;\">Una cama convencional puede quedarse corta cuando las necesidades del usuario exigen cambios de postura frecuentes, accesibilidad para dispositivos auxiliares o facilidad de movimiento en el entorno dom\u00e9stico. Aqu\u00ed es donde entran en juego soluciones como las camas articuladas con ruedas, dise\u00f1adas para ofrecer versatilidad y seguridad en entornos no hospitalarios.<\/span><\/p>\n<h2><span style=\"font-weight: 400;\">Funcionalidades que marcan la diferencia<\/span><\/h2>\n<p><span style=\"font-weight: 400;\">La principal ventaja de una cama articulada es su capacidad para adaptarse a distintas posiciones, tanto del respaldo como de las piernas, mediante mecanismos manuales o motorizados. Esta caracter\u00edstica permite <\/span><b>reducir el riesgo de escaras, mejorar la circulaci\u00f3n y favorecer la autonom\u00eda del usuario<\/b><span style=\"font-weight: 400;\">.<\/span><\/p>\n<p><span style=\"font-weight: 400;\">Cuando este tipo de cama incorpora ruedas, se ampl\u00edan a\u00fan m\u00e1s sus beneficios. <\/span><b>La movilidad resulta clave para reorganizar el espacio, facilitar la limpieza o trasladar al usuario sin esfuerzo excesivo<\/b><span style=\"font-weight: 400;\">. Las ruedas, por supuesto, deben incluir frenos de seguridad para evitar desplazamientos involuntarios.<\/span><\/p>\n<p><span style=\"font-weight: 400;\">En el mercado actual, existen modelos de <\/span><span style=\"color: #ff6600;\"><strong><a style=\"color: #ff6600;\" title=\"camas articuladas con ruedas\" href=\"https:\/\/senior.market\/collections\/camas-articuladas-con-ruedas\" target=\"_blank\" rel=\"noopener\">camas articuladas con ruedas<\/a><\/strong><\/span><span style=\"font-weight: 400;\"> pensadas espec\u00edficamente para el uso domiciliario. Estas versiones combinan materiales resistentes con dise\u00f1os discretos que se integran sin problema en una habitaci\u00f3n convencional.<\/span><\/p>\n<h2><span style=\"font-weight: 400;\">Ergonom\u00eda y salud en el descanso<\/span><\/h2>\n<p><span style=\"font-weight: 400;\">El descanso en condiciones \u00f3ptimas no depende \u00fanicamente de la estructura de la cama. El colch\u00f3n cumple un papel determinante para prevenir dolores, favorecer el sue\u00f1o reparador y evitar complicaciones derivadas de la inmovilidad prolongada.<\/span><\/p>\n<p><span style=\"font-weight: 400;\">En el caso de camas articuladas, no sirve cualquier tipo de colch\u00f3n. Se necesita uno que pueda doblarse y mantener su forma sin perder firmeza ni apoyo. <\/span><b>Un modelo inadecuado podr\u00eda interferir con el mecanismo de articulaci\u00f3n o generar puntos de presi\u00f3n perjudiciales<\/b><span style=\"font-weight: 400;\">.<\/span><\/p>\n<p><span style=\"font-weight: 400;\">Por ello, conviene optar por un <\/span><span style=\"color: #ff6600;\"><strong><a style=\"color: #ff6600;\" title=\"colch\u00f3n especial para cama articulada\" href=\"https:\/\/senior.market\/collections\/colchones-para-camas-articuladas\" target=\"_blank\" rel=\"noopener\">colch\u00f3n especial para cama articulada<\/a><\/strong><\/span><span style=\"font-weight: 400;\">, que incluya materiales adaptables como la espuma viscoel\u00e1stica y una estructura segmentada que acompa\u00f1e los movimientos de la cama sin deformarse.<\/span><\/p>\n<h2><span style=\"font-weight: 400;\">Adaptabilidad sin sacrificar el entorno dom\u00e9stico<\/span><\/h2>\n<p><span style=\"font-weight: 400;\">Uno de los desaf\u00edos m\u00e1s habituales al adaptar una vivienda para el cuidado prolongado es <\/span><b>mantener un entorno hogare\u00f1o sin perder funcionalidad ni seguridad<\/b><span style=\"font-weight: 400;\">. Las camas articuladas modernas, lejos de los dise\u00f1os cl\u00ednicos, apuestan por acabados neutros, cabeceros de madera o colores suaves que no alteran la est\u00e9tica del dormitorio.<\/span><\/p>\n<p><span style=\"font-weight: 400;\">Adem\u00e1s, al contar con ruedas, se facilita el uso del espacio de forma flexible. Por ejemplo, se puede mover la cama para acceder a ambos lados del colch\u00f3n, lo que resulta muy \u00fatil si se requiere asistencia para girar al usuario o realizar curas sin esfuerzo f\u00edsico excesivo por parte del cuidador.<\/span><\/p>\n<p><span style=\"font-weight: 400;\">Esta facilidad tambi\u00e9n es \u00fatil para actividades del d\u00eda a d\u00eda: cambiar s\u00e1banas, pasar una aspiradora o acercar la cama a una ventana para que la persona disfrute de luz natural. <\/span><b>El objetivo es lograr que el cuidado no suponga una transformaci\u00f3n dr\u00e1stica del hogar<\/b><span style=\"font-weight: 400;\">, sino una adaptaci\u00f3n progresiva y amable.<\/span><\/p>\n<h2><span style=\"font-weight: 400;\">Ventajas para los cuidadores<\/span><\/h2>\n<p><span style=\"font-weight: 400;\">No solo el usuario final se beneficia de una cama articulada con ruedas. Quienes se encargan del cuidado diario tambi\u00e9n encuentran ventajas importantes. Elevar el cabecero o los pies de la cama reduce la necesidad de realizar esfuerzos posturales constantes, lo que minimiza el riesgo de lesiones en la espalda.<\/span><\/p>\n<p><span style=\"font-weight: 400;\">Adem\u00e1s, contar con un mecanismo el\u00e9ctrico simplifica tareas cotidianas como sentar al paciente para comer, levantarlo para ir al ba\u00f1o o facilitar la incorporaci\u00f3n desde una posici\u00f3n horizontal. <\/span><b>La intervenci\u00f3n del cuidador se vuelve m\u00e1s segura, menos invasiva y mucho m\u00e1s eficiente<\/b><span style=\"font-weight: 400;\">.<\/span><\/p>\n<p><span style=\"font-weight: 400;\">Este tipo de equipamiento tambi\u00e9n permite una mejor higiene corporal y facilita la colocaci\u00f3n de elementos de asistencia como gr\u00faas, mesitas auxiliares o barandillas. Todo ello sin requerir instalaciones complejas ni obras.<\/span><\/p>\n<h2><span style=\"font-weight: 400;\">Consideraciones antes de elegir<\/span><\/h2>\n<p><span style=\"font-weight: 400;\">A la hora de adquirir una cama articulada con ruedas, es importante tener en cuenta varios factores. En primer lugar, el espacio disponible en la habitaci\u00f3n: aunque muchas camas cuentan con medidas est\u00e1ndar, existen versiones compactas o modulares para adaptarse a pisos peque\u00f1os.<\/span><\/p>\n<p><span style=\"font-weight: 400;\">Tambi\u00e9n hay que valorar el tipo de articulaci\u00f3n (manual o el\u00e9ctrica), la calidad de los materiales y si la cama incluye accesorios adicionales como incorporadores o barandillas. <\/span><b>La elecci\u00f3n del colch\u00f3n debe ser parte de la misma planificaci\u00f3n<\/b><span style=\"font-weight: 400;\">, ya que ambos elementos deben funcionar de forma conjunta para maximizar el confort y la seguridad.<\/span><\/p>\n<p><span style=\"font-weight: 400;\">En casos m\u00e1s avanzados, es recomendable consultar con un profesional de la salud para ajustar la cama a las necesidades m\u00e9dicas concretas del usuario. Aun as\u00ed, el abanico de opciones actuales permite encontrar soluciones eficaces sin necesidad de recurrir a mobiliario hospitalario.<\/span><\/p>\n<h2><span style=\"font-weight: 400;\">Un recurso clave para el bienestar en casa<\/span><\/h2>\n<p><span style=\"font-weight: 400;\">La permanencia en el domicilio es, para muchas personas mayores, un factor determinante de bienestar emocional y calidad de vida. La posibilidad de <\/span><b>mantener la rutina en un entorno conocido, con el acompa\u00f1amiento de familiares y cuidadores<\/b><span style=\"font-weight: 400;\">, es una preferencia creciente frente a opciones institucionalizadas.<\/span><\/p>\n<p><span style=\"font-weight: 400;\">En ese marco, equipar correctamente el espacio dom\u00e9stico con elementos como camas articuladas con ruedas y colchones adaptados no solo mejora la experiencia del usuario, sino que <\/span><b>representa una inversi\u00f3n directa en autonom\u00eda, seguridad y tranquilidad para todos los involucrados<\/b><span style=\"font-weight: 400;\">.<\/span><\/p>\n<p>&nbsp;<\/p>\n","protected":false},"excerpt":{"rendered":"<p>La atenci\u00f3n domiciliaria a personas mayores o con movilidad reducida ha evolucionado notablemente en los \u00faltimos a\u00f1os. Lejos de ser un recurso improvisado, hoy es una alternativa profesionalizada que requiere equipamiento espec\u00edfico para garantizar el bienestar del paciente y facilitar el trabajo de quienes lo cuidan. En este contexto, la elecci\u00f3n de una cama adecuada<\/p>\n","protected":false},"author":1,"featured_media":10722,"comment_status":"closed","ping_status":"closed","sticky":false,"template":"","format":"standard","meta":{"footnotes":""},"categories":[38],"tags":[45],"class_list":{"0":"post-10721","1":"post","2":"type-post","3":"status-publish","4":"format-standard","5":"has-post-thumbnail","7":"category-live","8":"tag-sociedad"},"aioseo_notices":[],"aioseo_head":"\n\t\t<!-- All in One SEO Pro 4.9.6.2 - aioseo.com -->\n\t<meta name=\"description\" content=\"La atenci\u00f3n domiciliaria a personas mayores o con movilidad reducida ha evolucionado notablemente en los \u00faltimos a\u00f1os. Lejos de ser un recurso improvisado\" \/>\n\t<meta name=\"robots\" content=\"max-image-preview:large\" \/>\n\t<meta name=\"author\" content=\"NBAsturias\"\/>\n\t<meta name=\"google-site-verification\" content=\"UA-38556648-1\" \/>\n\t<meta name=\"keywords\" content=\"live\" \/>\n\t<link rel=\"canonical\" href=\"https:\/\/eldigitaldeasturias.com\/radio\/camas-articuladas-con-ruedas-para-mejorar-la-atencion-domiciliaria\/\" \/>\n\t<meta name=\"generator\" content=\"All in One SEO Pro (AIOSEO) 4.9.6.2\" \/>\n\t\t<meta property=\"og:locale\" content=\"es_ES\" \/>\n\t\t<meta property=\"og:site_name\" content=\"El Digital de Asturias | Diario de informaci\u00f3n y noticias\" \/>\n\t\t<meta property=\"og:type\" content=\"article\" \/>\n\t\t<meta property=\"og:title\" content=\"Camas articuladas con ruedas para mejorar la atenci\u00f3n domiciliaria | El Digital de Asturias\" \/>\n\t\t<meta property=\"og:description\" content=\"La atenci\u00f3n domiciliaria a personas mayores o con movilidad reducida ha evolucionado notablemente en los \u00faltimos a\u00f1os. Lejos de ser un recurso improvisado\" \/>\n\t\t<meta property=\"og:url\" content=\"https:\/\/eldigitaldeasturias.com\/radio\/camas-articuladas-con-ruedas-para-mejorar-la-atencion-domiciliaria\/\" \/>\n\t\t<meta property=\"og:image\" content=\"https:\/\/eldigitaldeasturias.com\/radio\/wp-content\/uploads\/2025\/07\/atencion-domiciliaria.jpg\" \/>\n\t\t<meta property=\"og:image:secure_url\" content=\"https:\/\/eldigitaldeasturias.com\/radio\/wp-content\/uploads\/2025\/07\/atencion-domiciliaria.jpg\" \/>\n\t\t<meta property=\"og:image:width\" content=\"689\" \/>\n\t\t<meta property=\"og:image:height\" content=\"446\" \/>\n\t\t<meta property=\"article:published_time\" content=\"2025-07-29T10:35:19+00:00\" \/>\n\t\t<meta property=\"article:modified_time\" content=\"2025-07-29T10:35:19+00:00\" \/>\n\t\t<meta name=\"twitter:card\" content=\"summary_large_image\" \/>\n\t\t<meta name=\"twitter:site\" content=\"@bercodi\" \/>\n\t\t<meta name=\"twitter:title\" content=\"Camas articuladas con ruedas para mejorar la atenci\u00f3n domiciliaria | El Digital de Asturias\" \/>\n\t\t<meta name=\"twitter:description\" content=\"La atenci\u00f3n domiciliaria a personas mayores o con movilidad reducida ha evolucionado notablemente en los \u00faltimos a\u00f1os. Lejos de ser un recurso improvisado\" \/>\n\t\t<meta name=\"twitter:creator\" content=\"@bercodi\" \/>\n\t\t<meta name=\"twitter:image\" content=\"https:\/\/eldigitaldeasturias.com\/radio\/wp-content\/uploads\/2025\/07\/atencion-domiciliaria.jpg\" \/>\n\t\t<script type=\"application\/ld+json\" class=\"aioseo-schema\">\n\t\t\t{\"@context\":\"https:\\\/\\\/schema.org\",\"@graph\":[{\"@type\":\"BreadcrumbList\",\"@id\":\"https:\\\/\\\/eldigitaldeasturias.com\\\/radio\\\/camas-articuladas-con-ruedas-para-mejorar-la-atencion-domiciliaria\\\/#breadcrumblist\",\"itemListElement\":[{\"@type\":\"ListItem\",\"@id\":\"https:\\\/\\\/eldigitaldeasturias.com\\\/radio#listItem\",\"position\":1,\"name\":\"Inicio\",\"item\":\"https:\\\/\\\/eldigitaldeasturias.com\\\/radio\",\"nextItem\":{\"@type\":\"ListItem\",\"@id\":\"https:\\\/\\\/eldigitaldeasturias.com\\\/radio\\\/category\\\/live\\\/#listItem\",\"name\":\"Live\"}},{\"@type\":\"ListItem\",\"@id\":\"https:\\\/\\\/eldigitaldeasturias.com\\\/radio\\\/category\\\/live\\\/#listItem\",\"position\":2,\"name\":\"Live\",\"item\":\"https:\\\/\\\/eldigitaldeasturias.com\\\/radio\\\/category\\\/live\\\/\",\"nextItem\":{\"@type\":\"ListItem\",\"@id\":\"https:\\\/\\\/eldigitaldeasturias.com\\\/radio\\\/camas-articuladas-con-ruedas-para-mejorar-la-atencion-domiciliaria\\\/#listItem\",\"name\":\"Camas articuladas con ruedas para mejorar la atenci\\u00f3n domiciliaria\"},\"previousItem\":{\"@type\":\"ListItem\",\"@id\":\"https:\\\/\\\/eldigitaldeasturias.com\\\/radio#listItem\",\"name\":\"Inicio\"}},{\"@type\":\"ListItem\",\"@id\":\"https:\\\/\\\/eldigitaldeasturias.com\\\/radio\\\/camas-articuladas-con-ruedas-para-mejorar-la-atencion-domiciliaria\\\/#listItem\",\"position\":3,\"name\":\"Camas articuladas con ruedas para mejorar la atenci\\u00f3n domiciliaria\",\"previousItem\":{\"@type\":\"ListItem\",\"@id\":\"https:\\\/\\\/eldigitaldeasturias.com\\\/radio\\\/category\\\/live\\\/#listItem\",\"name\":\"Live\"}}]},{\"@type\":\"NewsArticle\",\"@id\":\"https:\\\/\\\/eldigitaldeasturias.com\\\/radio\\\/camas-articuladas-con-ruedas-para-mejorar-la-atencion-domiciliaria\\\/#newsarticle\",\"name\":\"Camas articuladas con ruedas para mejorar la atenci\\u00f3n domiciliaria | El Digital de Asturias\",\"headline\":\"Camas articuladas con ruedas para mejorar la atenci\\u00f3n domiciliaria\",\"author\":{\"@id\":\"https:\\\/\\\/eldigitaldeasturias.com\\\/radio\\\/author\\\/nbasturias\\\/#author\"},\"publisher\":{\"@id\":\"https:\\\/\\\/eldigitaldeasturias.com\\\/radio\\\/#organization\"},\"image\":{\"@type\":\"ImageObject\",\"url\":\"https:\\\/\\\/eldigitaldeasturias.com\\\/radio\\\/wp-content\\\/uploads\\\/2025\\\/07\\\/atencion-domiciliaria.jpg\",\"width\":689,\"height\":446,\"caption\":\"atenci\\u00f3n domiciliaria\"},\"datePublished\":\"2025-07-29T12:35:19+02:00\",\"dateModified\":\"2025-07-29T12:35:19+02:00\",\"inLanguage\":\"es-ES\",\"mainEntityOfPage\":{\"@id\":\"https:\\\/\\\/eldigitaldeasturias.com\\\/radio\\\/camas-articuladas-con-ruedas-para-mejorar-la-atencion-domiciliaria\\\/#webpage\"},\"isPartOf\":{\"@id\":\"https:\\\/\\\/eldigitaldeasturias.com\\\/radio\\\/camas-articuladas-con-ruedas-para-mejorar-la-atencion-domiciliaria\\\/#webpage\"},\"articleSection\":\"Live, Sociedad\",\"dateline\":\"Publicado el julio 29, 2025.\"},{\"@type\":\"Organization\",\"@id\":\"https:\\\/\\\/eldigitaldeasturias.com\\\/radio\\\/#organization\",\"name\":\"El digital de Asturias Radio\",\"description\":\"Diario de informaci\\u00f3n y noticias\",\"url\":\"https:\\\/\\\/eldigitaldeasturias.com\\\/radio\\\/\",\"telephone\":\"+34652131393\",\"logo\":{\"@type\":\"ImageObject\",\"url\":\"https:\\\/\\\/www.eldigitaldeasturias.com\\\/radio\\\/wp-content\\\/uploads\\\/2021\\\/03\\\/EDA.jpg\",\"@id\":\"https:\\\/\\\/eldigitaldeasturias.com\\\/radio\\\/camas-articuladas-con-ruedas-para-mejorar-la-atencion-domiciliaria\\\/#organizationLogo\"},\"image\":{\"@id\":\"https:\\\/\\\/eldigitaldeasturias.com\\\/radio\\\/camas-articuladas-con-ruedas-para-mejorar-la-atencion-domiciliaria\\\/#organizationLogo\"},\"sameAs\":[\"https:\\\/\\\/www.facebook.com\\\/\",\"https:\\\/\\\/x.com\\\/bercodi\",\"https:\\\/\\\/www.instagram.com\\\/\",\"https:\\\/\\\/www.youtube.com\\\/channel\\\/UCZP-2wLEB9Rv6erhFmqVnvg\"]},{\"@type\":\"Person\",\"@id\":\"https:\\\/\\\/eldigitaldeasturias.com\\\/radio\\\/author\\\/nbasturias\\\/#author\",\"url\":\"https:\\\/\\\/eldigitaldeasturias.com\\\/radio\\\/author\\\/nbasturias\\\/\",\"name\":\"NBAsturias\",\"image\":{\"@type\":\"ImageObject\",\"@id\":\"https:\\\/\\\/eldigitaldeasturias.com\\\/radio\\\/camas-articuladas-con-ruedas-para-mejorar-la-atencion-domiciliaria\\\/#authorImage\",\"url\":\"https:\\\/\\\/secure.gravatar.com\\\/avatar\\\/df2aeffc32bcd13f8d26072ef8a91b623d677766deac7f97ca815868cd41bf5e?s=96&d=mm&r=g\",\"width\":96,\"height\":96,\"caption\":\"NBAsturias\"}},{\"@type\":\"WebPage\",\"@id\":\"https:\\\/\\\/eldigitaldeasturias.com\\\/radio\\\/camas-articuladas-con-ruedas-para-mejorar-la-atencion-domiciliaria\\\/#webpage\",\"url\":\"https:\\\/\\\/eldigitaldeasturias.com\\\/radio\\\/camas-articuladas-con-ruedas-para-mejorar-la-atencion-domiciliaria\\\/\",\"name\":\"Camas articuladas con ruedas para mejorar la atenci\\u00f3n domiciliaria | El Digital de Asturias\",\"description\":\"La atenci\\u00f3n domiciliaria a personas mayores o con movilidad reducida ha evolucionado notablemente en los \\u00faltimos a\\u00f1os. Lejos de ser un recurso improvisado\",\"inLanguage\":\"es-ES\",\"isPartOf\":{\"@id\":\"https:\\\/\\\/eldigitaldeasturias.com\\\/radio\\\/#website\"},\"breadcrumb\":{\"@id\":\"https:\\\/\\\/eldigitaldeasturias.com\\\/radio\\\/camas-articuladas-con-ruedas-para-mejorar-la-atencion-domiciliaria\\\/#breadcrumblist\"},\"author\":{\"@id\":\"https:\\\/\\\/eldigitaldeasturias.com\\\/radio\\\/author\\\/nbasturias\\\/#author\"},\"creator\":{\"@id\":\"https:\\\/\\\/eldigitaldeasturias.com\\\/radio\\\/author\\\/nbasturias\\\/#author\"},\"image\":{\"@type\":\"ImageObject\",\"url\":\"https:\\\/\\\/eldigitaldeasturias.com\\\/radio\\\/wp-content\\\/uploads\\\/2025\\\/07\\\/atencion-domiciliaria.jpg\",\"@id\":\"https:\\\/\\\/eldigitaldeasturias.com\\\/radio\\\/camas-articuladas-con-ruedas-para-mejorar-la-atencion-domiciliaria\\\/#mainImage\",\"width\":689,\"height\":446,\"caption\":\"atenci\\u00f3n domiciliaria\"},\"primaryImageOfPage\":{\"@id\":\"https:\\\/\\\/eldigitaldeasturias.com\\\/radio\\\/camas-articuladas-con-ruedas-para-mejorar-la-atencion-domiciliaria\\\/#mainImage\"},\"datePublished\":\"2025-07-29T12:35:19+02:00\",\"dateModified\":\"2025-07-29T12:35:19+02:00\"},{\"@type\":\"WebSite\",\"@id\":\"https:\\\/\\\/eldigitaldeasturias.com\\\/radio\\\/#website\",\"url\":\"https:\\\/\\\/eldigitaldeasturias.com\\\/radio\\\/\",\"name\":\"El Digital de Asturias\",\"description\":\"Diario de informaci\\u00f3n y noticias\",\"inLanguage\":\"es-ES\",\"publisher\":{\"@id\":\"https:\\\/\\\/eldigitaldeasturias.com\\\/radio\\\/#organization\"}}]}\n\t\t<\/script>\n\t\t<!-- All in One SEO Pro -->\r\n\t\t<title>Camas articuladas con ruedas para mejorar la atenci\u00f3n domiciliaria | El Digital de Asturias<\/title>\n\n","aioseo_head_json":{"title":"Camas articuladas con ruedas para mejorar la atenci\u00f3n domiciliaria | El Digital de Asturias","description":"La atenci\u00f3n domiciliaria a personas mayores o con movilidad reducida ha evolucionado notablemente en los \u00faltimos a\u00f1os. Lejos de ser un recurso improvisado","canonical_url":"https:\/\/eldigitaldeasturias.com\/radio\/camas-articuladas-con-ruedas-para-mejorar-la-atencion-domiciliaria\/","robots":"max-image-preview:large","keywords":"live","webmasterTools":{"google-site-verification":"UA-38556648-1","miscellaneous":""},"schema":{"@context":"https:\/\/schema.org","@graph":[{"@type":"BreadcrumbList","@id":"https:\/\/eldigitaldeasturias.com\/radio\/camas-articuladas-con-ruedas-para-mejorar-la-atencion-domiciliaria\/#breadcrumblist","itemListElement":[{"@type":"ListItem","@id":"https:\/\/eldigitaldeasturias.com\/radio#listItem","position":1,"name":"Inicio","item":"https:\/\/eldigitaldeasturias.com\/radio","nextItem":{"@type":"ListItem","@id":"https:\/\/eldigitaldeasturias.com\/radio\/category\/live\/#listItem","name":"Live"}},{"@type":"ListItem","@id":"https:\/\/eldigitaldeasturias.com\/radio\/category\/live\/#listItem","position":2,"name":"Live","item":"https:\/\/eldigitaldeasturias.com\/radio\/category\/live\/","nextItem":{"@type":"ListItem","@id":"https:\/\/eldigitaldeasturias.com\/radio\/camas-articuladas-con-ruedas-para-mejorar-la-atencion-domiciliaria\/#listItem","name":"Camas articuladas con ruedas para mejorar la atenci\u00f3n domiciliaria"},"previousItem":{"@type":"ListItem","@id":"https:\/\/eldigitaldeasturias.com\/radio#listItem","name":"Inicio"}},{"@type":"ListItem","@id":"https:\/\/eldigitaldeasturias.com\/radio\/camas-articuladas-con-ruedas-para-mejorar-la-atencion-domiciliaria\/#listItem","position":3,"name":"Camas articuladas con ruedas para mejorar la atenci\u00f3n domiciliaria","previousItem":{"@type":"ListItem","@id":"https:\/\/eldigitaldeasturias.com\/radio\/category\/live\/#listItem","name":"Live"}}]},{"@type":"NewsArticle","@id":"https:\/\/eldigitaldeasturias.com\/radio\/camas-articuladas-con-ruedas-para-mejorar-la-atencion-domiciliaria\/#newsarticle","name":"Camas articuladas con ruedas para mejorar la atenci\u00f3n domiciliaria | El Digital de Asturias","headline":"Camas articuladas con ruedas para mejorar la atenci\u00f3n domiciliaria","author":{"@id":"https:\/\/eldigitaldeasturias.com\/radio\/author\/nbasturias\/#author"},"publisher":{"@id":"https:\/\/eldigitaldeasturias.com\/radio\/#organization"},"image":{"@type":"ImageObject","url":"https:\/\/eldigitaldeasturias.com\/radio\/wp-content\/uploads\/2025\/07\/atencion-domiciliaria.jpg","width":689,"height":446,"caption":"atenci\u00f3n domiciliaria"},"datePublished":"2025-07-29T12:35:19+02:00","dateModified":"2025-07-29T12:35:19+02:00","inLanguage":"es-ES","mainEntityOfPage":{"@id":"https:\/\/eldigitaldeasturias.com\/radio\/camas-articuladas-con-ruedas-para-mejorar-la-atencion-domiciliaria\/#webpage"},"isPartOf":{"@id":"https:\/\/eldigitaldeasturias.com\/radio\/camas-articuladas-con-ruedas-para-mejorar-la-atencion-domiciliaria\/#webpage"},"articleSection":"Live, Sociedad","dateline":"Publicado el julio 29, 2025."},{"@type":"Organization","@id":"https:\/\/eldigitaldeasturias.com\/radio\/#organization","name":"El digital de Asturias Radio","description":"Diario de informaci\u00f3n y noticias","url":"https:\/\/eldigitaldeasturias.com\/radio\/","telephone":"+34652131393","logo":{"@type":"ImageObject","url":"https:\/\/www.eldigitaldeasturias.com\/radio\/wp-content\/uploads\/2021\/03\/EDA.jpg","@id":"https:\/\/eldigitaldeasturias.com\/radio\/camas-articuladas-con-ruedas-para-mejorar-la-atencion-domiciliaria\/#organizationLogo"},"image":{"@id":"https:\/\/eldigitaldeasturias.com\/radio\/camas-articuladas-con-ruedas-para-mejorar-la-atencion-domiciliaria\/#organizationLogo"},"sameAs":["https:\/\/www.facebook.com\/","https:\/\/x.com\/bercodi","https:\/\/www.instagram.com\/","https:\/\/www.youtube.com\/channel\/UCZP-2wLEB9Rv6erhFmqVnvg"]},{"@type":"Person","@id":"https:\/\/eldigitaldeasturias.com\/radio\/author\/nbasturias\/#author","url":"https:\/\/eldigitaldeasturias.com\/radio\/author\/nbasturias\/","name":"NBAsturias","image":{"@type":"ImageObject","@id":"https:\/\/eldigitaldeasturias.com\/radio\/camas-articuladas-con-ruedas-para-mejorar-la-atencion-domiciliaria\/#authorImage","url":"https:\/\/secure.gravatar.com\/avatar\/df2aeffc32bcd13f8d26072ef8a91b623d677766deac7f97ca815868cd41bf5e?s=96&d=mm&r=g","width":96,"height":96,"caption":"NBAsturias"}},{"@type":"WebPage","@id":"https:\/\/eldigitaldeasturias.com\/radio\/camas-articuladas-con-ruedas-para-mejorar-la-atencion-domiciliaria\/#webpage","url":"https:\/\/eldigitaldeasturias.com\/radio\/camas-articuladas-con-ruedas-para-mejorar-la-atencion-domiciliaria\/","name":"Camas articuladas con ruedas para mejorar la atenci\u00f3n domiciliaria | El Digital de Asturias","description":"La atenci\u00f3n domiciliaria a personas mayores o con movilidad reducida ha evolucionado notablemente en los \u00faltimos a\u00f1os. Lejos de ser un recurso improvisado","inLanguage":"es-ES","isPartOf":{"@id":"https:\/\/eldigitaldeasturias.com\/radio\/#website"},"breadcrumb":{"@id":"https:\/\/eldigitaldeasturias.com\/radio\/camas-articuladas-con-ruedas-para-mejorar-la-atencion-domiciliaria\/#breadcrumblist"},"author":{"@id":"https:\/\/eldigitaldeasturias.com\/radio\/author\/nbasturias\/#author"},"creator":{"@id":"https:\/\/eldigitaldeasturias.com\/radio\/author\/nbasturias\/#author"},"image":{"@type":"ImageObject","url":"https:\/\/eldigitaldeasturias.com\/radio\/wp-content\/uploads\/2025\/07\/atencion-domiciliaria.jpg","@id":"https:\/\/eldigitaldeasturias.com\/radio\/camas-articuladas-con-ruedas-para-mejorar-la-atencion-domiciliaria\/#mainImage","width":689,"height":446,"caption":"atenci\u00f3n domiciliaria"},"primaryImageOfPage":{"@id":"https:\/\/eldigitaldeasturias.com\/radio\/camas-articuladas-con-ruedas-para-mejorar-la-atencion-domiciliaria\/#mainImage"},"datePublished":"2025-07-29T12:35:19+02:00","dateModified":"2025-07-29T12:35:19+02:00"},{"@type":"WebSite","@id":"https:\/\/eldigitaldeasturias.com\/radio\/#website","url":"https:\/\/eldigitaldeasturias.com\/radio\/","name":"El Digital de Asturias","description":"Diario de informaci\u00f3n y noticias","inLanguage":"es-ES","publisher":{"@id":"https:\/\/eldigitaldeasturias.com\/radio\/#organization"}}]},"og:locale":"es_ES","og:site_name":"El Digital de Asturias | Diario de informaci\u00f3n y noticias","og:type":"article","og:title":"Camas articuladas con ruedas para mejorar la atenci\u00f3n domiciliaria | El Digital de Asturias","og:description":"La atenci\u00f3n domiciliaria a personas mayores o con movilidad reducida ha evolucionado notablemente en los \u00faltimos a\u00f1os. Lejos de ser un recurso improvisado","og:url":"https:\/\/eldigitaldeasturias.com\/radio\/camas-articuladas-con-ruedas-para-mejorar-la-atencion-domiciliaria\/","og:image":"https:\/\/eldigitaldeasturias.com\/radio\/wp-content\/uploads\/2025\/07\/atencion-domiciliaria.jpg","og:image:secure_url":"https:\/\/eldigitaldeasturias.com\/radio\/wp-content\/uploads\/2025\/07\/atencion-domiciliaria.jpg","og:image:width":689,"og:image:height":446,"article:published_time":"2025-07-29T10:35:19+00:00","article:modified_time":"2025-07-29T10:35:19+00:00","twitter:card":"summary_large_image","twitter:site":"@bercodi","twitter:title":"Camas articuladas con ruedas para mejorar la atenci\u00f3n domiciliaria | El Digital de Asturias","twitter:description":"La atenci\u00f3n domiciliaria a personas mayores o con movilidad reducida ha evolucionado notablemente en los \u00faltimos a\u00f1os. Lejos de ser un recurso improvisado","twitter:creator":"@bercodi","twitter:image":"https:\/\/eldigitaldeasturias.com\/radio\/wp-content\/uploads\/2025\/07\/atencion-domiciliaria.jpg"},"aioseo_meta_data":{"post_id":"10721","title":null,"description":"La atenci\u00f3n domiciliaria a personas mayores o con movilidad reducida ha evolucionado notablemente en los \u00faltimos a\u00f1os. Lejos de ser un recurso improvisado","keywords":null,"keyphrases":{"focus":{"keyphrase":"atenci\u00f3n","score":78,"analysis":{"keyphraseInTitle":{"score":9,"maxScore":9,"error":0},"keyphraseInDescription":{"score":9,"maxScore":9,"error":0},"keyphraseLength":{"score":9,"maxScore":9,"error":0,"length":2},"keyphraseInURL":{"score":5,"maxScore":5,"error":0},"keyphraseInIntroduction":{"score":9,"maxScore":9,"error":0},"keyphraseInSubHeadings":{"score":3,"maxScore":9,"error":1},"keyphraseInImageAlt":{"score":9,"maxScore":9,"error":0},"keywordDensity":{"score":0,"type":"low","maxScore":9,"error":1}}},"additional":[{"keyphrase":"atenci\u00f3n domiciliaria","score":80,"analysis":{"keyphraseInDescription":{"score":9,"maxScore":9,"error":0},"keyphraseLength":{"score":9,"maxScore":9,"error":0,"length":3},"keyphraseInIntroduction":{"score":9,"maxScore":9,"error":0},"keyphraseInImageAlt":{"score":9,"maxScore":9,"error":0},"keywordDensity":{"score":0,"type":"low","maxScore":9,"error":1}}}]},"primary_term":null,"canonical_url":null,"og_title":null,"og_description":null,"og_object_type":"default","og_image_type":"default","og_image_url":null,"og_image_width":null,"og_image_height":null,"og_image_custom_url":null,"og_image_custom_fields":null,"og_video":"","og_custom_url":null,"og_article_section":null,"og_article_tags":null,"twitter_use_og":false,"twitter_card":"default","twitter_image_type":"default","twitter_image_url":null,"twitter_image_custom_url":null,"twitter_image_custom_fields":null,"twitter_title":null,"twitter_description":null,"schema":{"blockGraphs":[],"customGraphs":[],"default":{"data":{"Article":[],"Course":[],"Dataset":[],"FAQPage":[],"Movie":[],"Person":[],"Product":[],"ProductReview":[],"Car":[],"Recipe":[],"Service":[],"SoftwareApplication":[],"WebPage":[]},"graphName":"NewsArticle","isEnabled":true},"graphs":[]},"schema_type":"default","schema_type_options":null,"pillar_content":false,"robots_default":true,"robots_noindex":false,"robots_noarchive":false,"robots_nosnippet":false,"robots_nofollow":false,"robots_noimageindex":false,"robots_noodp":false,"robots_notranslate":false,"robots_max_snippet":"-1","robots_max_videopreview":"-1","robots_max_imagepreview":"large","priority":null,"frequency":"default","location":null,"local_seo":null,"seo_analyzer_scan_date":"2025-08-29 00:53:38","breadcrumb_settings":null,"limit_modified_date":false,"open_ai":null,"ai":{"faqs":[],"keyPoints":[],"titles":[],"descriptions":[],"socialPosts":{"email":[],"linkedin":[],"twitter":[],"facebook":[],"instagram":[]}},"created":"2025-07-29 10:30:33","updated":"2025-08-29 00:53:38"},"aioseo_breadcrumb":"<div class=\"aioseo-breadcrumbs\"><span class=\"aioseo-breadcrumb\">\n\t<a href=\"https:\/\/eldigitaldeasturias.com\/radio\" title=\"Inicio\">Inicio<\/a>\n<\/span><span class=\"aioseo-breadcrumb-separator\">&ndash;<\/span><span class=\"aioseo-breadcrumb\">\n\t<a href=\"https:\/\/eldigitaldeasturias.com\/radio\/category\/live\/\" title=\"Live\">Live<\/a>\n<\/span><span class=\"aioseo-breadcrumb-separator\">&ndash;<\/span><span class=\"aioseo-breadcrumb\">\n\tCamas articuladas con ruedas para mejorar la atenci\u00f3n domiciliaria\n<\/span><\/div>","aioseo_breadcrumb_json":[{"label":"Inicio","link":"https:\/\/eldigitaldeasturias.com\/radio"},{"label":"Live","link":"https:\/\/eldigitaldeasturias.com\/radio\/category\/live\/"},{"label":"Camas articuladas con ruedas para mejorar la atenci\u00f3n domiciliaria","link":"https:\/\/eldigitaldeasturias.com\/radio\/camas-articuladas-con-ruedas-para-mejorar-la-atencion-domiciliaria\/"}],"_links":{"self":[{"href":"https:\/\/eldigitaldeasturias.com\/radio\/wp-json\/wp\/v2\/posts\/10721","targetHints":{"allow":["GET"]}}],"collection":[{"href":"https:\/\/eldigitaldeasturias.com\/radio\/wp-json\/wp\/v2\/posts"}],"about":[{"href":"https:\/\/eldigitaldeasturias.com\/radio\/wp-json\/wp\/v2\/types\/post"}],"author":[{"embeddable":true,"href":"https:\/\/eldigitaldeasturias.com\/radio\/wp-json\/wp\/v2\/users\/1"}],"replies":[{"embeddable":true,"href":"https:\/\/eldigitaldeasturias.com\/radio\/wp-json\/wp\/v2\/comments?post=10721"}],"version-history":[{"count":0,"href":"https:\/\/eldigitaldeasturias.com\/radio\/wp-json\/wp\/v2\/posts\/10721\/revisions"}],"wp:featuredmedia":[{"embeddable":true,"href":"https:\/\/eldigitaldeasturias.com\/radio\/wp-json\/wp\/v2\/media\/10722"}],"wp:attachment":[{"href":"https:\/\/eldigitaldeasturias.com\/radio\/wp-json\/wp\/v2\/media?parent=10721"}],"wp:term":[{"taxonomy":"category","embeddable":true,"href":"https:\/\/eldigitaldeasturias.com\/radio\/wp-json\/wp\/v2\/categories?post=10721"},{"taxonomy":"post_tag","embeddable":true,"href":"https:\/\/eldigitaldeasturias.com\/radio\/wp-json\/wp\/v2\/tags?post=10721"}],"curies":[{"name":"wp","href":"https:\/\/api.w.org\/{rel}","templated":true}]}}