{"id":10710,"date":"2025-07-29T00:52:47","date_gmt":"2025-07-28T22:52:47","guid":{"rendered":"https:\/\/eldigitaldeasturias.com\/radio\/?p=10710"},"modified":"2025-07-29T00:52:47","modified_gmt":"2025-07-28T22:52:47","slug":"urbanismo-en-america-latina-el-modelo-que-plantea-leopoldo-arnaiz","status":"publish","type":"post","link":"https:\/\/eldigitaldeasturias.com\/radio\/urbanismo-en-america-latina-el-modelo-que-plantea-leopoldo-arnaiz\/","title":{"rendered":"Urbanismo en Am\u00e9rica Latina: el modelo que plantea Leopoldo Arnaiz"},"content":{"rendered":"<p><span style=\"font-weight: 400;\">Am\u00e9rica Latina es una de las regiones m\u00e1s urbanizadas del planeta. Sin embargo, esa expansi\u00f3n ha ocurrido con un crecimiento <\/span><b>desordenado<\/b><span style=\"font-weight: 400;\">, desigualdades profundas y una presi\u00f3n constante sobre las <\/span><b>infraestructuras<\/b><span style=\"font-weight: 400;\"> y servicios b\u00e1sicos. Este contexto es uno de los mayores retos para sus ciudades. <\/span><span style=\"color: #ff6600;\"><strong><a style=\"color: #ff6600;\" title=\"Leopoldo Arnaiz\" href=\"https:\/\/www.abc.es\/espana\/abci-leopoldo-arnaiz-administraciones-recurren-demasiado-suelo-para-sobrevivir-200306210300-189638_noticia.html\" target=\"_blank\" rel=\"nofollow noopener\">Leopoldo Arnaiz<\/a><\/strong><\/span><span style=\"font-weight: 400;\"> Eguren, presidente de Arnaiz, firma especializada en urbanismo y desarrollo inmobiliario a nivel global, expone los retos y oportunidades para que estas urbes evolucionen hacia espacios m\u00e1s sostenibles, justos y habitables.<\/span><\/p>\n<p><img fetchpriority=\"high\" decoding=\"async\" class=\"aligncenter size-large wp-image-10711\" src=\"https:\/\/eldigitaldeasturias.com\/radio\/wp-content\/uploads\/2025\/07\/America-Latina-urbanizacion-650x421.jpg\" alt=\"Am\u00e9rica Latina urbanizaci\u00f3n\" width=\"650\" height=\"421\" srcset=\"https:\/\/eldigitaldeasturias.com\/radio\/wp-content\/uploads\/2025\/07\/America-Latina-urbanizacion-650x421.jpg 650w, https:\/\/eldigitaldeasturias.com\/radio\/wp-content\/uploads\/2025\/07\/America-Latina-urbanizacion-360x233.jpg 360w, https:\/\/eldigitaldeasturias.com\/radio\/wp-content\/uploads\/2025\/07\/America-Latina-urbanizacion-768x497.jpg 768w, https:\/\/eldigitaldeasturias.com\/radio\/wp-content\/uploads\/2025\/07\/America-Latina-urbanizacion-150x97.jpg 150w, https:\/\/eldigitaldeasturias.com\/radio\/wp-content\/uploads\/2025\/07\/America-Latina-urbanizacion-450x291.jpg 450w, https:\/\/eldigitaldeasturias.com\/radio\/wp-content\/uploads\/2025\/07\/America-Latina-urbanizacion.jpg 1088w\" sizes=\"(max-width: 650px) 100vw, 650px\" \/><\/p>\n<h2><b>\u00bfHacia d\u00f3nde se dirige el futuro del urbanismo en Latinoam\u00e9rica?<\/b><\/h2>\n<p><span style=\"font-weight: 400;\">El principal reto de los n\u00facleos urbanos latinoamericanos es claro: gestionar un crecimiento <\/span><b>r\u00e1pido<\/b><span style=\"font-weight: 400;\">, muchas veces sin planificaci\u00f3n, que amenaza la coherencia de su desarrollo <\/span><b>urbano<\/b><span style=\"font-weight: 400;\">.<\/span><\/p>\n<p><span style=\"font-weight: 400;\">En las \u00faltimas d\u00e9cadas, las ciudades de la regi\u00f3n han crecido a gran velocidad. A ello se suman migraciones constantes de sectores <\/span><b>pobres<\/b><span style=\"font-weight: 400;\"> hacia \u00e1reas de mayor poder adquisitivo. Este contraste genera ciudades con extremos: zonas que funcionan al nivel del primer mundo y barrios con condiciones propias del segundo, tercero o incluso cuarto mundo. Esto deriva en carencias de servicios <\/span><b>b\u00e1sicos<\/b><span style=\"font-weight: 400;\">, infraestructuras insuficientes, altos niveles de inseguridad y problemas ambientales y paisaj\u00edsticos. A menudo, el transporte p\u00fablico tambi\u00e9n resulta limitado y de <\/span><b>baja<\/b><span style=\"font-weight: 400;\"> calidad.<\/span><\/p>\n<p><span style=\"font-weight: 400;\">Por eso, la planificaci\u00f3n urbana va m\u00e1s all\u00e1 de lo t\u00e9cnico. Es, ante todo, una cuesti\u00f3n <\/span><b>pol\u00edtica<\/b><span style=\"font-weight: 400;\">. Los gobiernos deben simplificar los tr\u00e1mites urban\u00edsticos y aplicar marcos normativos actualizados que integren la protecci\u00f3n del <\/span><b>medio<\/b><span style=\"font-weight: 400;\"> ambiente y ofrezcan garant\u00edas para desarrollar espacios urbanos funcionales.<\/span><\/p>\n<h2><b>Seg\u00fan Leopoldo Arnaiz, \u00bfcu\u00e1les son las claves para lograr un desarrollo urbano sostenible?<\/b><\/h2>\n<p><span style=\"font-weight: 400;\">El primer paso para avanzar es una <\/span><b>planificaci\u00f3n<\/b><span style=\"font-weight: 400;\"> coherente. Sin ella, las ciudades crecen de forma desordenada, dificultando la calidad de vida. Es esencial garantizar buenas <\/span><b>conexiones <\/b><span style=\"font-weight: 400;\">entre barrios, espacios p\u00fablicos de calidad, infraestructuras suficientes y un nivel de urbanizaci\u00f3n que fomente cohesi\u00f3n social.<\/span><\/p>\n<p><span style=\"font-weight: 400;\">Para lograrlo, se debe dejar atr\u00e1s el modelo de construcci\u00f3n fragmentada \u2014parcela a parcela, aislada en propiedades independientes\u2014 que genera desarrollos <\/span><b>inconexos<\/b><span style=\"font-weight: 400;\">. Tambi\u00e9n resulta clave armonizar los diferentes proyectos para que compartan est\u00e1ndares de calidad y conserven una <\/span><b>coherencia<\/b><span style=\"font-weight: 400;\"> en la expansi\u00f3n urbana.<\/span><\/p>\n<h2><b>\u00bfQu\u00e9 proyectos de gran envergadura han desarrollado en Am\u00e9rica Latina?<\/b><\/h2>\n<p><span style=\"font-weight: 400;\">En los \u00faltimos 15 a\u00f1os, Arnaiz ha trabajado en numerosos planes, principalmente de barrios <\/span><b>residenciales<\/b><span style=\"font-weight: 400;\">. Sin embargo, por razones jur\u00eddicas, econ\u00f3micas y administrativas, gran parte de ellos no lleg\u00f3 a materializarse. La compa\u00f1\u00eda dise\u00f1\u00f3 barrios en M\u00e9xico (en particular en Acapulco), Guatemala, Rep\u00fablica Dominicana, Brasil, Colombia y Paraguay. En todos, se ofrecieron <\/span><b>soluciones<\/b><span style=\"font-weight: 400;\"> adaptadas a distintos tipos de vivienda, priorizando opciones asequibles en \u00e1reas residenciales bien planificadas.<\/span><\/p>\n<p><span style=\"font-weight: 400;\">La experiencia acumulada ha permitido a la firma comprender las legislaciones locales y los <\/span><b>obst\u00e1culos<\/b><span style=\"font-weight: 400;\"> que suelen impedir la ejecuci\u00f3n de estos proyectos. La ausencia de apoyo pol\u00edtico y municipal ha sido el factor m\u00e1s determinante, convirti\u00e9ndose en la principal causa de <\/span><b>fracaso<\/b><span style=\"font-weight: 400;\"> para muchas de estas iniciativas.<\/span><\/p>\n<h2><b>\u00bfTen\u00e9is en cuenta la participaci\u00f3n de las plataformas ciudadanas en los proyectos?<\/b><\/h2>\n<p><span style=\"font-weight: 400;\">La integraci\u00f3n de plataformas ciudadanas en los proyectos urban\u00edsticos es compleja. La falta de una cultura urban\u00edstica tanto en promotores como en <\/span><b>responsables<\/b><span style=\"font-weight: 400;\"> pol\u00edticos dificulta priorizar el inter\u00e9s colectivo frente a los intereses <\/span><b>individuales<\/b><span style=\"font-weight: 400;\">. Adem\u00e1s, el urbanismo involucra factores sociales, t\u00e9cnicos, econ\u00f3micos y ambientales que requieren coordinaci\u00f3n. Por ello, la influencia de estas plataformas en las decisiones finales es, por lo general, limitada.<\/span><\/p>\n<h2><b>\u00bfEn qu\u00e9 consiste el Programa de ODS Municipal en Latinoam\u00e9rica?<\/b><\/h2>\n<p><span style=\"font-weight: 400;\">Conocer las caracter\u00edsticas f\u00edsicas de las ciudades es esencial. Antes, este acceso era muy restringido, pero hoy la tecnolog\u00eda y las herramientas <\/span><b>gratuitas<\/b><span style=\"font-weight: 400;\"> facilitan esta tarea. Muchos j\u00f3venes aprovechan estos recursos para estudiar la situaci\u00f3n de sus <\/span><b>comunidades<\/b><span style=\"font-weight: 400;\"> y proponer mejoras que favorezcan el futuro de sus municipios.<\/span><\/p>\n<p><span style=\"font-weight: 400;\">El Programa ODS Municipal est\u00e1 orientado a que los j\u00f3venes de cada localidad puedan acceder, gracias a la tecnolog\u00eda, a datos reales de su entorno. Con esta informaci\u00f3n, identifican \u00e1reas de <\/span><b>pobreza<\/b><span style=\"font-weight: 400;\">y sectores con carencias graves que afectan tanto la convivencia como la calidad de vida, impulsando acciones concretas.<\/span><\/p>\n<h2><b>\u00bfC\u00f3mo se pueden garantizar decisiones pol\u00edticas que prioricen el inter\u00e9s general?<\/b><\/h2>\n<p><span style=\"font-weight: 400;\">La estabilidad de los equipos municipales es imprescindible. Si cada cuatro a\u00f1os se reemplaza todo el personal, se pierde la continuidad de los proyectos y la supervisi\u00f3n del <\/span><b>desarrollo<\/b><span style=\"font-weight: 400;\"> urbano. Esta situaci\u00f3n, muy com\u00fan en Latinoam\u00e9rica, hace necesario invertir en la <\/span><b>formaci\u00f3n<\/b><span style=\"font-weight: 400;\"> de los trabajadores y reforzar la gobernanza local.<\/span><\/p>\n<p><span style=\"font-weight: 400;\">Asimismo, es necesario implantar una gesti\u00f3n m\u00e1s <\/span><b>eficiente<\/b><span style=\"font-weight: 400;\"> y promover un cambio cultural en la ciudadan\u00eda. Los habitantes deben comprender que los servicios p\u00fablicos dependen de una planificaci\u00f3n presupuestaria adecuada, del pago de impuestos y de un sistema <\/span><b>transparente<\/b><span style=\"font-weight: 400;\">. Solo as\u00ed se podr\u00e1n cubrir las necesidades prioritarias, reducir la corrupci\u00f3n y avanzar hacia una justicia social m\u00e1s s\u00f3lida.<\/span><\/p>\n","protected":false},"excerpt":{"rendered":"<p>Am\u00e9rica Latina es una de las regiones m\u00e1s urbanizadas del planeta. Sin embargo, esa expansi\u00f3n ha ocurrido con un crecimiento desordenado, desigualdades profundas y una presi\u00f3n constante sobre las infraestructuras y servicios b\u00e1sicos. Este contexto es uno de los mayores retos para sus ciudades. Leopoldo Arnaiz Eguren, presidente de Arnaiz, firma especializada en urbanismo y<\/p>\n","protected":false},"author":1,"featured_media":10711,"comment_status":"closed","ping_status":"closed","sticky":false,"template":"","format":"standard","meta":{"footnotes":""},"categories":[35],"tags":[43],"class_list":{"0":"post-10710","1":"post","2":"type-post","3":"status-publish","4":"format-standard","5":"has-post-thumbnail","7":"category-negocios","8":"tag-empresas"},"aioseo_notices":[],"aioseo_head":"\n\t\t<!-- All in One SEO Pro 4.9.6.2 - aioseo.com -->\n\t<meta name=\"description\" content=\"Am\u00e9rica Latina es una de las regiones m\u00e1s urbanizadas del planeta. Sin embargo, esa expansi\u00f3n ha ocurrido con un crecimiento desordenado\" \/>\n\t<meta name=\"robots\" content=\"max-image-preview:large\" \/>\n\t<meta name=\"author\" content=\"NBAsturias\"\/>\n\t<meta name=\"google-site-verification\" content=\"UA-38556648-1\" \/>\n\t<meta name=\"keywords\" content=\"negocios\" \/>\n\t<link rel=\"canonical\" href=\"https:\/\/eldigitaldeasturias.com\/radio\/urbanismo-en-america-latina-el-modelo-que-plantea-leopoldo-arnaiz\/\" \/>\n\t<meta name=\"generator\" content=\"All in One SEO Pro (AIOSEO) 4.9.6.2\" \/>\n\t\t<meta property=\"og:locale\" content=\"es_ES\" \/>\n\t\t<meta property=\"og:site_name\" content=\"El Digital de Asturias | Diario de informaci\u00f3n y noticias\" \/>\n\t\t<meta property=\"og:type\" content=\"article\" \/>\n\t\t<meta property=\"og:title\" content=\"Urbanismo en Am\u00e9rica Latina: el modelo que plantea Leopoldo Arnaiz | El Digital de Asturias\" \/>\n\t\t<meta property=\"og:description\" content=\"Am\u00e9rica Latina es una de las regiones m\u00e1s urbanizadas del planeta. Sin embargo, esa expansi\u00f3n ha ocurrido con un crecimiento desordenado\" \/>\n\t\t<meta property=\"og:url\" content=\"https:\/\/eldigitaldeasturias.com\/radio\/urbanismo-en-america-latina-el-modelo-que-plantea-leopoldo-arnaiz\/\" \/>\n\t\t<meta property=\"og:image\" content=\"https:\/\/eldigitaldeasturias.com\/radio\/wp-content\/uploads\/2025\/07\/America-Latina-urbanizacion.jpg\" \/>\n\t\t<meta property=\"og:image:secure_url\" content=\"https:\/\/eldigitaldeasturias.com\/radio\/wp-content\/uploads\/2025\/07\/America-Latina-urbanizacion.jpg\" \/>\n\t\t<meta property=\"og:image:width\" content=\"1088\" \/>\n\t\t<meta property=\"og:image:height\" content=\"704\" \/>\n\t\t<meta property=\"article:published_time\" content=\"2025-07-28T22:52:47+00:00\" \/>\n\t\t<meta property=\"article:modified_time\" content=\"2025-07-28T22:52:47+00:00\" \/>\n\t\t<meta name=\"twitter:card\" content=\"summary_large_image\" \/>\n\t\t<meta name=\"twitter:site\" content=\"@bercodi\" \/>\n\t\t<meta name=\"twitter:title\" content=\"Urbanismo en Am\u00e9rica Latina: el modelo que plantea Leopoldo Arnaiz | El Digital de Asturias\" \/>\n\t\t<meta name=\"twitter:description\" content=\"Am\u00e9rica Latina es una de las regiones m\u00e1s urbanizadas del planeta. Sin embargo, esa expansi\u00f3n ha ocurrido con un crecimiento desordenado\" \/>\n\t\t<meta name=\"twitter:creator\" content=\"@bercodi\" \/>\n\t\t<meta name=\"twitter:image\" content=\"https:\/\/eldigitaldeasturias.com\/radio\/wp-content\/uploads\/2025\/07\/America-Latina-urbanizacion.jpg\" \/>\n\t\t<script type=\"application\/ld+json\" class=\"aioseo-schema\">\n\t\t\t{\"@context\":\"https:\\\/\\\/schema.org\",\"@graph\":[{\"@type\":\"BreadcrumbList\",\"@id\":\"https:\\\/\\\/eldigitaldeasturias.com\\\/radio\\\/urbanismo-en-america-latina-el-modelo-que-plantea-leopoldo-arnaiz\\\/#breadcrumblist\",\"itemListElement\":[{\"@type\":\"ListItem\",\"@id\":\"https:\\\/\\\/eldigitaldeasturias.com\\\/radio#listItem\",\"position\":1,\"name\":\"Inicio\",\"item\":\"https:\\\/\\\/eldigitaldeasturias.com\\\/radio\",\"nextItem\":{\"@type\":\"ListItem\",\"@id\":\"https:\\\/\\\/eldigitaldeasturias.com\\\/radio\\\/category\\\/negocios\\\/#listItem\",\"name\":\"Negocios\"}},{\"@type\":\"ListItem\",\"@id\":\"https:\\\/\\\/eldigitaldeasturias.com\\\/radio\\\/category\\\/negocios\\\/#listItem\",\"position\":2,\"name\":\"Negocios\",\"item\":\"https:\\\/\\\/eldigitaldeasturias.com\\\/radio\\\/category\\\/negocios\\\/\",\"nextItem\":{\"@type\":\"ListItem\",\"@id\":\"https:\\\/\\\/eldigitaldeasturias.com\\\/radio\\\/urbanismo-en-america-latina-el-modelo-que-plantea-leopoldo-arnaiz\\\/#listItem\",\"name\":\"Urbanismo en Am\\u00e9rica Latina: el modelo que plantea Leopoldo Arnaiz\"},\"previousItem\":{\"@type\":\"ListItem\",\"@id\":\"https:\\\/\\\/eldigitaldeasturias.com\\\/radio#listItem\",\"name\":\"Inicio\"}},{\"@type\":\"ListItem\",\"@id\":\"https:\\\/\\\/eldigitaldeasturias.com\\\/radio\\\/urbanismo-en-america-latina-el-modelo-que-plantea-leopoldo-arnaiz\\\/#listItem\",\"position\":3,\"name\":\"Urbanismo en Am\\u00e9rica Latina: el modelo que plantea Leopoldo Arnaiz\",\"previousItem\":{\"@type\":\"ListItem\",\"@id\":\"https:\\\/\\\/eldigitaldeasturias.com\\\/radio\\\/category\\\/negocios\\\/#listItem\",\"name\":\"Negocios\"}}]},{\"@type\":\"NewsArticle\",\"@id\":\"https:\\\/\\\/eldigitaldeasturias.com\\\/radio\\\/urbanismo-en-america-latina-el-modelo-que-plantea-leopoldo-arnaiz\\\/#newsarticle\",\"name\":\"Urbanismo en Am\\u00e9rica Latina: el modelo que plantea Leopoldo Arnaiz | El Digital de Asturias\",\"headline\":\"Urbanismo en Am\\u00e9rica Latina: el modelo que plantea Leopoldo Arnaiz\",\"author\":{\"@id\":\"https:\\\/\\\/eldigitaldeasturias.com\\\/radio\\\/author\\\/nbasturias\\\/#author\"},\"publisher\":{\"@id\":\"https:\\\/\\\/eldigitaldeasturias.com\\\/radio\\\/#organization\"},\"image\":{\"@type\":\"ImageObject\",\"url\":\"https:\\\/\\\/eldigitaldeasturias.com\\\/radio\\\/wp-content\\\/uploads\\\/2025\\\/07\\\/America-Latina-urbanizacion.jpg\",\"width\":1088,\"height\":704,\"caption\":\"Am\\u00e9rica Latina urbanizaci\\u00f3n\"},\"datePublished\":\"2025-07-29T00:52:47+02:00\",\"dateModified\":\"2025-07-29T00:52:47+02:00\",\"inLanguage\":\"es-ES\",\"mainEntityOfPage\":{\"@id\":\"https:\\\/\\\/eldigitaldeasturias.com\\\/radio\\\/urbanismo-en-america-latina-el-modelo-que-plantea-leopoldo-arnaiz\\\/#webpage\"},\"isPartOf\":{\"@id\":\"https:\\\/\\\/eldigitaldeasturias.com\\\/radio\\\/urbanismo-en-america-latina-el-modelo-que-plantea-leopoldo-arnaiz\\\/#webpage\"},\"articleSection\":\"Negocios, empresas\",\"dateline\":\"Publicado el julio 29, 2025.\"},{\"@type\":\"Organization\",\"@id\":\"https:\\\/\\\/eldigitaldeasturias.com\\\/radio\\\/#organization\",\"name\":\"El digital de Asturias Radio\",\"description\":\"Diario de informaci\\u00f3n y noticias\",\"url\":\"https:\\\/\\\/eldigitaldeasturias.com\\\/radio\\\/\",\"telephone\":\"+34652131393\",\"logo\":{\"@type\":\"ImageObject\",\"url\":\"https:\\\/\\\/www.eldigitaldeasturias.com\\\/radio\\\/wp-content\\\/uploads\\\/2021\\\/03\\\/EDA.jpg\",\"@id\":\"https:\\\/\\\/eldigitaldeasturias.com\\\/radio\\\/urbanismo-en-america-latina-el-modelo-que-plantea-leopoldo-arnaiz\\\/#organizationLogo\"},\"image\":{\"@id\":\"https:\\\/\\\/eldigitaldeasturias.com\\\/radio\\\/urbanismo-en-america-latina-el-modelo-que-plantea-leopoldo-arnaiz\\\/#organizationLogo\"},\"sameAs\":[\"https:\\\/\\\/www.facebook.com\\\/\",\"https:\\\/\\\/x.com\\\/bercodi\",\"https:\\\/\\\/www.instagram.com\\\/\",\"https:\\\/\\\/www.youtube.com\\\/channel\\\/UCZP-2wLEB9Rv6erhFmqVnvg\"]},{\"@type\":\"Person\",\"@id\":\"https:\\\/\\\/eldigitaldeasturias.com\\\/radio\\\/author\\\/nbasturias\\\/#author\",\"url\":\"https:\\\/\\\/eldigitaldeasturias.com\\\/radio\\\/author\\\/nbasturias\\\/\",\"name\":\"NBAsturias\",\"image\":{\"@type\":\"ImageObject\",\"@id\":\"https:\\\/\\\/eldigitaldeasturias.com\\\/radio\\\/urbanismo-en-america-latina-el-modelo-que-plantea-leopoldo-arnaiz\\\/#authorImage\",\"url\":\"https:\\\/\\\/secure.gravatar.com\\\/avatar\\\/df2aeffc32bcd13f8d26072ef8a91b623d677766deac7f97ca815868cd41bf5e?s=96&d=mm&r=g\",\"width\":96,\"height\":96,\"caption\":\"NBAsturias\"}},{\"@type\":\"WebPage\",\"@id\":\"https:\\\/\\\/eldigitaldeasturias.com\\\/radio\\\/urbanismo-en-america-latina-el-modelo-que-plantea-leopoldo-arnaiz\\\/#webpage\",\"url\":\"https:\\\/\\\/eldigitaldeasturias.com\\\/radio\\\/urbanismo-en-america-latina-el-modelo-que-plantea-leopoldo-arnaiz\\\/\",\"name\":\"Urbanismo en Am\\u00e9rica Latina: el modelo que plantea Leopoldo Arnaiz | El Digital de Asturias\",\"description\":\"Am\\u00e9rica Latina es una de las regiones m\\u00e1s urbanizadas del planeta. Sin embargo, esa expansi\\u00f3n ha ocurrido con un crecimiento desordenado\",\"inLanguage\":\"es-ES\",\"isPartOf\":{\"@id\":\"https:\\\/\\\/eldigitaldeasturias.com\\\/radio\\\/#website\"},\"breadcrumb\":{\"@id\":\"https:\\\/\\\/eldigitaldeasturias.com\\\/radio\\\/urbanismo-en-america-latina-el-modelo-que-plantea-leopoldo-arnaiz\\\/#breadcrumblist\"},\"author\":{\"@id\":\"https:\\\/\\\/eldigitaldeasturias.com\\\/radio\\\/author\\\/nbasturias\\\/#author\"},\"creator\":{\"@id\":\"https:\\\/\\\/eldigitaldeasturias.com\\\/radio\\\/author\\\/nbasturias\\\/#author\"},\"image\":{\"@type\":\"ImageObject\",\"url\":\"https:\\\/\\\/eldigitaldeasturias.com\\\/radio\\\/wp-content\\\/uploads\\\/2025\\\/07\\\/America-Latina-urbanizacion.jpg\",\"@id\":\"https:\\\/\\\/eldigitaldeasturias.com\\\/radio\\\/urbanismo-en-america-latina-el-modelo-que-plantea-leopoldo-arnaiz\\\/#mainImage\",\"width\":1088,\"height\":704,\"caption\":\"Am\\u00e9rica Latina urbanizaci\\u00f3n\"},\"primaryImageOfPage\":{\"@id\":\"https:\\\/\\\/eldigitaldeasturias.com\\\/radio\\\/urbanismo-en-america-latina-el-modelo-que-plantea-leopoldo-arnaiz\\\/#mainImage\"},\"datePublished\":\"2025-07-29T00:52:47+02:00\",\"dateModified\":\"2025-07-29T00:52:47+02:00\"},{\"@type\":\"WebSite\",\"@id\":\"https:\\\/\\\/eldigitaldeasturias.com\\\/radio\\\/#website\",\"url\":\"https:\\\/\\\/eldigitaldeasturias.com\\\/radio\\\/\",\"name\":\"El Digital de Asturias\",\"description\":\"Diario de informaci\\u00f3n y noticias\",\"inLanguage\":\"es-ES\",\"publisher\":{\"@id\":\"https:\\\/\\\/eldigitaldeasturias.com\\\/radio\\\/#organization\"}}]}\n\t\t<\/script>\n\t\t<!-- All in One SEO Pro -->\r\n\t\t<title>Urbanismo en Am\u00e9rica Latina: el modelo que plantea Leopoldo Arnaiz | El Digital de Asturias<\/title>\n\n","aioseo_head_json":{"title":"Urbanismo en Am\u00e9rica Latina: el modelo que plantea Leopoldo Arnaiz | El Digital de Asturias","description":"Am\u00e9rica Latina es una de las regiones m\u00e1s urbanizadas del planeta. Sin embargo, esa expansi\u00f3n ha ocurrido con un crecimiento desordenado","canonical_url":"https:\/\/eldigitaldeasturias.com\/radio\/urbanismo-en-america-latina-el-modelo-que-plantea-leopoldo-arnaiz\/","robots":"max-image-preview:large","keywords":"negocios","webmasterTools":{"google-site-verification":"UA-38556648-1","miscellaneous":""},"schema":{"@context":"https:\/\/schema.org","@graph":[{"@type":"BreadcrumbList","@id":"https:\/\/eldigitaldeasturias.com\/radio\/urbanismo-en-america-latina-el-modelo-que-plantea-leopoldo-arnaiz\/#breadcrumblist","itemListElement":[{"@type":"ListItem","@id":"https:\/\/eldigitaldeasturias.com\/radio#listItem","position":1,"name":"Inicio","item":"https:\/\/eldigitaldeasturias.com\/radio","nextItem":{"@type":"ListItem","@id":"https:\/\/eldigitaldeasturias.com\/radio\/category\/negocios\/#listItem","name":"Negocios"}},{"@type":"ListItem","@id":"https:\/\/eldigitaldeasturias.com\/radio\/category\/negocios\/#listItem","position":2,"name":"Negocios","item":"https:\/\/eldigitaldeasturias.com\/radio\/category\/negocios\/","nextItem":{"@type":"ListItem","@id":"https:\/\/eldigitaldeasturias.com\/radio\/urbanismo-en-america-latina-el-modelo-que-plantea-leopoldo-arnaiz\/#listItem","name":"Urbanismo en Am\u00e9rica Latina: el modelo que plantea Leopoldo Arnaiz"},"previousItem":{"@type":"ListItem","@id":"https:\/\/eldigitaldeasturias.com\/radio#listItem","name":"Inicio"}},{"@type":"ListItem","@id":"https:\/\/eldigitaldeasturias.com\/radio\/urbanismo-en-america-latina-el-modelo-que-plantea-leopoldo-arnaiz\/#listItem","position":3,"name":"Urbanismo en Am\u00e9rica Latina: el modelo que plantea Leopoldo Arnaiz","previousItem":{"@type":"ListItem","@id":"https:\/\/eldigitaldeasturias.com\/radio\/category\/negocios\/#listItem","name":"Negocios"}}]},{"@type":"NewsArticle","@id":"https:\/\/eldigitaldeasturias.com\/radio\/urbanismo-en-america-latina-el-modelo-que-plantea-leopoldo-arnaiz\/#newsarticle","name":"Urbanismo en Am\u00e9rica Latina: el modelo que plantea Leopoldo Arnaiz | El Digital de Asturias","headline":"Urbanismo en Am\u00e9rica Latina: el modelo que plantea Leopoldo Arnaiz","author":{"@id":"https:\/\/eldigitaldeasturias.com\/radio\/author\/nbasturias\/#author"},"publisher":{"@id":"https:\/\/eldigitaldeasturias.com\/radio\/#organization"},"image":{"@type":"ImageObject","url":"https:\/\/eldigitaldeasturias.com\/radio\/wp-content\/uploads\/2025\/07\/America-Latina-urbanizacion.jpg","width":1088,"height":704,"caption":"Am\u00e9rica Latina urbanizaci\u00f3n"},"datePublished":"2025-07-29T00:52:47+02:00","dateModified":"2025-07-29T00:52:47+02:00","inLanguage":"es-ES","mainEntityOfPage":{"@id":"https:\/\/eldigitaldeasturias.com\/radio\/urbanismo-en-america-latina-el-modelo-que-plantea-leopoldo-arnaiz\/#webpage"},"isPartOf":{"@id":"https:\/\/eldigitaldeasturias.com\/radio\/urbanismo-en-america-latina-el-modelo-que-plantea-leopoldo-arnaiz\/#webpage"},"articleSection":"Negocios, empresas","dateline":"Publicado el julio 29, 2025."},{"@type":"Organization","@id":"https:\/\/eldigitaldeasturias.com\/radio\/#organization","name":"El digital de Asturias Radio","description":"Diario de informaci\u00f3n y noticias","url":"https:\/\/eldigitaldeasturias.com\/radio\/","telephone":"+34652131393","logo":{"@type":"ImageObject","url":"https:\/\/www.eldigitaldeasturias.com\/radio\/wp-content\/uploads\/2021\/03\/EDA.jpg","@id":"https:\/\/eldigitaldeasturias.com\/radio\/urbanismo-en-america-latina-el-modelo-que-plantea-leopoldo-arnaiz\/#organizationLogo"},"image":{"@id":"https:\/\/eldigitaldeasturias.com\/radio\/urbanismo-en-america-latina-el-modelo-que-plantea-leopoldo-arnaiz\/#organizationLogo"},"sameAs":["https:\/\/www.facebook.com\/","https:\/\/x.com\/bercodi","https:\/\/www.instagram.com\/","https:\/\/www.youtube.com\/channel\/UCZP-2wLEB9Rv6erhFmqVnvg"]},{"@type":"Person","@id":"https:\/\/eldigitaldeasturias.com\/radio\/author\/nbasturias\/#author","url":"https:\/\/eldigitaldeasturias.com\/radio\/author\/nbasturias\/","name":"NBAsturias","image":{"@type":"ImageObject","@id":"https:\/\/eldigitaldeasturias.com\/radio\/urbanismo-en-america-latina-el-modelo-que-plantea-leopoldo-arnaiz\/#authorImage","url":"https:\/\/secure.gravatar.com\/avatar\/df2aeffc32bcd13f8d26072ef8a91b623d677766deac7f97ca815868cd41bf5e?s=96&d=mm&r=g","width":96,"height":96,"caption":"NBAsturias"}},{"@type":"WebPage","@id":"https:\/\/eldigitaldeasturias.com\/radio\/urbanismo-en-america-latina-el-modelo-que-plantea-leopoldo-arnaiz\/#webpage","url":"https:\/\/eldigitaldeasturias.com\/radio\/urbanismo-en-america-latina-el-modelo-que-plantea-leopoldo-arnaiz\/","name":"Urbanismo en Am\u00e9rica Latina: el modelo que plantea Leopoldo Arnaiz | El Digital de Asturias","description":"Am\u00e9rica Latina es una de las regiones m\u00e1s urbanizadas del planeta. Sin embargo, esa expansi\u00f3n ha ocurrido con un crecimiento desordenado","inLanguage":"es-ES","isPartOf":{"@id":"https:\/\/eldigitaldeasturias.com\/radio\/#website"},"breadcrumb":{"@id":"https:\/\/eldigitaldeasturias.com\/radio\/urbanismo-en-america-latina-el-modelo-que-plantea-leopoldo-arnaiz\/#breadcrumblist"},"author":{"@id":"https:\/\/eldigitaldeasturias.com\/radio\/author\/nbasturias\/#author"},"creator":{"@id":"https:\/\/eldigitaldeasturias.com\/radio\/author\/nbasturias\/#author"},"image":{"@type":"ImageObject","url":"https:\/\/eldigitaldeasturias.com\/radio\/wp-content\/uploads\/2025\/07\/America-Latina-urbanizacion.jpg","@id":"https:\/\/eldigitaldeasturias.com\/radio\/urbanismo-en-america-latina-el-modelo-que-plantea-leopoldo-arnaiz\/#mainImage","width":1088,"height":704,"caption":"Am\u00e9rica Latina urbanizaci\u00f3n"},"primaryImageOfPage":{"@id":"https:\/\/eldigitaldeasturias.com\/radio\/urbanismo-en-america-latina-el-modelo-que-plantea-leopoldo-arnaiz\/#mainImage"},"datePublished":"2025-07-29T00:52:47+02:00","dateModified":"2025-07-29T00:52:47+02:00"},{"@type":"WebSite","@id":"https:\/\/eldigitaldeasturias.com\/radio\/#website","url":"https:\/\/eldigitaldeasturias.com\/radio\/","name":"El Digital de Asturias","description":"Diario de informaci\u00f3n y noticias","inLanguage":"es-ES","publisher":{"@id":"https:\/\/eldigitaldeasturias.com\/radio\/#organization"}}]},"og:locale":"es_ES","og:site_name":"El Digital de Asturias | Diario de informaci\u00f3n y noticias","og:type":"article","og:title":"Urbanismo en Am\u00e9rica Latina: el modelo que plantea Leopoldo Arnaiz | El Digital de Asturias","og:description":"Am\u00e9rica Latina es una de las regiones m\u00e1s urbanizadas del planeta. Sin embargo, esa expansi\u00f3n ha ocurrido con un crecimiento desordenado","og:url":"https:\/\/eldigitaldeasturias.com\/radio\/urbanismo-en-america-latina-el-modelo-que-plantea-leopoldo-arnaiz\/","og:image":"https:\/\/eldigitaldeasturias.com\/radio\/wp-content\/uploads\/2025\/07\/America-Latina-urbanizacion.jpg","og:image:secure_url":"https:\/\/eldigitaldeasturias.com\/radio\/wp-content\/uploads\/2025\/07\/America-Latina-urbanizacion.jpg","og:image:width":1088,"og:image:height":704,"article:published_time":"2025-07-28T22:52:47+00:00","article:modified_time":"2025-07-28T22:52:47+00:00","twitter:card":"summary_large_image","twitter:site":"@bercodi","twitter:title":"Urbanismo en Am\u00e9rica Latina: el modelo que plantea Leopoldo Arnaiz | El Digital de Asturias","twitter:description":"Am\u00e9rica Latina es una de las regiones m\u00e1s urbanizadas del planeta. Sin embargo, esa expansi\u00f3n ha ocurrido con un crecimiento desordenado","twitter:creator":"@bercodi","twitter:image":"https:\/\/eldigitaldeasturias.com\/radio\/wp-content\/uploads\/2025\/07\/America-Latina-urbanizacion.jpg"},"aioseo_meta_data":{"post_id":"10710","title":null,"description":"Am\u00e9rica Latina es una de las regiones m\u00e1s urbanizadas del planeta. Sin embargo, esa expansi\u00f3n ha ocurrido con un crecimiento desordenado","keywords":null,"keyphrases":{"focus":{"keyphrase":"Am\u00e9rica Latina","score":78,"analysis":{"keyphraseInTitle":{"score":9,"maxScore":9,"error":0},"keyphraseInDescription":{"score":9,"maxScore":9,"error":0},"keyphraseLength":{"score":9,"maxScore":9,"error":0,"length":3},"keyphraseInURL":{"score":5,"maxScore":5,"error":0},"keyphraseInIntroduction":{"score":9,"maxScore":9,"error":0},"keyphraseInSubHeadings":{"score":3,"maxScore":9,"error":1},"keyphraseInImageAlt":{"score":9,"maxScore":9,"error":0},"keywordDensity":{"score":0,"type":"low","maxScore":9,"error":1}}},"additional":[{"keyphrase":"Am\u00e9rica","score":100,"analysis":{"keyphraseInDescription":{"score":9,"maxScore":9,"error":0},"keyphraseLength":{"score":9,"maxScore":9,"error":0,"length":2},"keyphraseInIntroduction":{"score":9,"maxScore":9,"error":0},"keyphraseInImageAlt":{"score":9,"maxScore":9,"error":0},"keywordDensity":{"type":"best","score":9,"maxScore":9,"error":0}}}]},"primary_term":null,"canonical_url":null,"og_title":null,"og_description":null,"og_object_type":"default","og_image_type":"default","og_image_url":null,"og_image_width":null,"og_image_height":null,"og_image_custom_url":null,"og_image_custom_fields":null,"og_video":"","og_custom_url":null,"og_article_section":null,"og_article_tags":null,"twitter_use_og":false,"twitter_card":"default","twitter_image_type":"default","twitter_image_url":null,"twitter_image_custom_url":null,"twitter_image_custom_fields":null,"twitter_title":null,"twitter_description":null,"schema":{"blockGraphs":[],"customGraphs":[],"default":{"data":{"Article":[],"Course":[],"Dataset":[],"FAQPage":[],"Movie":[],"Person":[],"Product":[],"ProductReview":[],"Car":[],"Recipe":[],"Service":[],"SoftwareApplication":[],"WebPage":[]},"graphName":"NewsArticle","isEnabled":true},"graphs":[]},"schema_type":"default","schema_type_options":null,"pillar_content":false,"robots_default":true,"robots_noindex":false,"robots_noarchive":false,"robots_nosnippet":false,"robots_nofollow":false,"robots_noimageindex":false,"robots_noodp":false,"robots_notranslate":false,"robots_max_snippet":"-1","robots_max_videopreview":"-1","robots_max_imagepreview":"large","priority":null,"frequency":"default","location":null,"local_seo":null,"seo_analyzer_scan_date":"2025-08-29 00:53:35","breadcrumb_settings":null,"limit_modified_date":false,"open_ai":null,"ai":{"faqs":[],"keyPoints":[],"titles":[],"descriptions":[],"socialPosts":{"email":[],"linkedin":[],"twitter":[],"facebook":[],"instagram":[]}},"created":"2025-07-28 22:48:07","updated":"2025-08-29 00:53:35"},"aioseo_breadcrumb":"<div class=\"aioseo-breadcrumbs\"><span class=\"aioseo-breadcrumb\">\n\t<a href=\"https:\/\/eldigitaldeasturias.com\/radio\" title=\"Inicio\">Inicio<\/a>\n<\/span><span class=\"aioseo-breadcrumb-separator\">&ndash;<\/span><span class=\"aioseo-breadcrumb\">\n\t<a href=\"https:\/\/eldigitaldeasturias.com\/radio\/category\/negocios\/\" title=\"Negocios\">Negocios<\/a>\n<\/span><span class=\"aioseo-breadcrumb-separator\">&ndash;<\/span><span class=\"aioseo-breadcrumb\">\n\tUrbanismo en Am\u00e9rica Latina: el modelo que plantea Leopoldo Arnaiz\n<\/span><\/div>","aioseo_breadcrumb_json":[{"label":"Inicio","link":"https:\/\/eldigitaldeasturias.com\/radio"},{"label":"Negocios","link":"https:\/\/eldigitaldeasturias.com\/radio\/category\/negocios\/"},{"label":"Urbanismo en Am\u00e9rica Latina: el modelo que plantea Leopoldo Arnaiz","link":"https:\/\/eldigitaldeasturias.com\/radio\/urbanismo-en-america-latina-el-modelo-que-plantea-leopoldo-arnaiz\/"}],"_links":{"self":[{"href":"https:\/\/eldigitaldeasturias.com\/radio\/wp-json\/wp\/v2\/posts\/10710","targetHints":{"allow":["GET"]}}],"collection":[{"href":"https:\/\/eldigitaldeasturias.com\/radio\/wp-json\/wp\/v2\/posts"}],"about":[{"href":"https:\/\/eldigitaldeasturias.com\/radio\/wp-json\/wp\/v2\/types\/post"}],"author":[{"embeddable":true,"href":"https:\/\/eldigitaldeasturias.com\/radio\/wp-json\/wp\/v2\/users\/1"}],"replies":[{"embeddable":true,"href":"https:\/\/eldigitaldeasturias.com\/radio\/wp-json\/wp\/v2\/comments?post=10710"}],"version-history":[{"count":0,"href":"https:\/\/eldigitaldeasturias.com\/radio\/wp-json\/wp\/v2\/posts\/10710\/revisions"}],"wp:featuredmedia":[{"embeddable":true,"href":"https:\/\/eldigitaldeasturias.com\/radio\/wp-json\/wp\/v2\/media\/10711"}],"wp:attachment":[{"href":"https:\/\/eldigitaldeasturias.com\/radio\/wp-json\/wp\/v2\/media?parent=10710"}],"wp:term":[{"taxonomy":"category","embeddable":true,"href":"https:\/\/eldigitaldeasturias.com\/radio\/wp-json\/wp\/v2\/categories?post=10710"},{"taxonomy":"post_tag","embeddable":true,"href":"https:\/\/eldigitaldeasturias.com\/radio\/wp-json\/wp\/v2\/tags?post=10710"}],"curies":[{"name":"wp","href":"https:\/\/api.w.org\/{rel}","templated":true}]}}