{"id":10700,"date":"2025-07-25T10:49:30","date_gmt":"2025-07-25T08:49:30","guid":{"rendered":"https:\/\/eldigitaldeasturias.com\/radio\/?p=10700"},"modified":"2025-07-25T10:49:30","modified_gmt":"2025-07-25T08:49:30","slug":"de-redes-sociales-a-web-propia-la-estrategia-veraniega-que-tu-pyme-necesita","status":"publish","type":"post","link":"https:\/\/eldigitaldeasturias.com\/radio\/de-redes-sociales-a-web-propia-la-estrategia-veraniega-que-tu-pyme-necesita\/","title":{"rendered":"De redes sociales a web propia: la estrategia veraniega que tu pyme necesita"},"content":{"rendered":"<p><span style=\"font-weight: 400;\">El verano trae calma para muchos aut\u00f3nomos, peque\u00f1os negocios y emprendedores: las agendas se relajan, las rutinas cambian y aparecen los d\u00edas m\u00e1s largos. <\/span><b>\u00bfY si aprovechas esta estaci\u00f3n baja para dar el salto a lo digital?<\/b><span style=\"font-weight: 400;\"> Crear o renovar tu p\u00e1gina web profesional ahora mismo no solo es posible, sino tambi\u00e9n asequible. En unos meses la competencia volver\u00e1 a activarse y, con ella, las oportunidades de captar clientes. Aqu\u00ed te explicamos por qu\u00e9 <\/span><b>el verano es el momento ideal<\/b><span style=\"font-weight: 400;\"> y c\u00f3mo hacerlo sin disparar el presupuesto.<\/span><\/p>\n<p><img fetchpriority=\"high\" decoding=\"async\" class=\"aligncenter size-large wp-image-10701\" src=\"https:\/\/eldigitaldeasturias.com\/radio\/wp-content\/uploads\/2025\/07\/redes-sociales-650x386.jpg\" alt=\" redes sociales\" width=\"650\" height=\"386\" srcset=\"https:\/\/eldigitaldeasturias.com\/radio\/wp-content\/uploads\/2025\/07\/redes-sociales-650x386.jpg 650w, https:\/\/eldigitaldeasturias.com\/radio\/wp-content\/uploads\/2025\/07\/redes-sociales-360x214.jpg 360w, https:\/\/eldigitaldeasturias.com\/radio\/wp-content\/uploads\/2025\/07\/redes-sociales-768x456.jpg 768w, https:\/\/eldigitaldeasturias.com\/radio\/wp-content\/uploads\/2025\/07\/redes-sociales-150x89.jpg 150w, https:\/\/eldigitaldeasturias.com\/radio\/wp-content\/uploads\/2025\/07\/redes-sociales-450x267.jpg 450w, https:\/\/eldigitaldeasturias.com\/radio\/wp-content\/uploads\/2025\/07\/redes-sociales.jpg 1063w\" sizes=\"(max-width: 650px) 100vw, 650px\" \/><\/p>\n<h2><b>Menos prisas, m\u00e1s reflexi\u00f3n<\/b><\/h2>\n<p><span style=\"font-weight: 400;\">Mientras en el resto del a\u00f1o los imprevistos y la avalancha de trabajo ocupan cada minuto,<\/span><b> estos meses de menor actividad te regalan el espacio necesario para analizar con calma qu\u00e9 necesita tu negocio en el \u00e1mbito digital<\/b><span style=\"font-weight: 400;\">. Aprovecha este par\u00e9ntesis para hacer un diagn\u00f3stico realista: si todav\u00eda solo peleas por la atenci\u00f3n en redes sociales, cada \u201cme gusta\u201d se escapa sin dejar rastro en tu propio terreno.\u00a0<\/span><\/p>\n<p><span style=\"font-weight: 400;\">Por eso, es el momento ideal para<\/span><b> definir una estrategia clara<\/b><span style=\"font-weight: 400;\"> basada en tu p\u00fablico objetivo: reflexiona sobre sus intereses, sus dudas y, sobre todo, en c\u00f3mo tu p\u00e1gina puede resolver sus problemas mejor que ninguna otra. Asimismo,<\/span><b> planifica con detalle el contenido con prop\u00f3sito<\/b><span style=\"font-weight: 400;\"> que debe conformar tu web \u2014desde la descripci\u00f3n de servicios hasta una secci\u00f3n de testimonios, pasando por un formulario de contacto y un blog para mejorar tu visibilidad en Google\u2014; destinar unas semanas a esta fase de dise\u00f1o conceptual te evitar\u00e1 correcciones de \u00faltima hora y sobrecostes innecesarios cuando, al volver la actividad fren\u00e9tica, ya no haya tiempo para enmiendas.<\/span><\/p>\n<h2><b>Soluciones low-cost sin perder calidad<\/b><\/h2>\n<p><span style=\"font-weight: 400;\">Hoy existen alternativas profesionales para contar con<\/span><b> un sitio moderno y eficaz<\/b><span style=\"font-weight: 400;\"> sin desembolsar miles de euros. Plataformas de dise\u00f1o web y plantillas a medida permiten <\/span><b>ahorrar tiempo y dinero<\/b><span style=\"font-weight: 400;\">, manteniendo una apariencia \u00fanica y optimizada para m\u00f3viles. Por ejemplo, trabajando con equipos como <\/span><span style=\"color: #ff6600;\"><strong><a style=\"color: #ff6600;\" title=\"Sants Web Design\" href=\"https:\/\/santswebdesign.com\/\" target=\"_blank\" rel=\"noopener\">Sants Web Design<\/a><\/strong><\/span><span style=\"font-weight: 400;\"> puedes obtener:<\/span><\/p>\n<ul>\n<li style=\"font-weight: 400;\" aria-level=\"1\"><b>Dise\u00f1o personalizado<\/b><span style=\"font-weight: 400;\">: el \u201clook &amp; feel\u201d de tu marca, con colores, tipograf\u00eda y recursos gr\u00e1ficos alineados a tu identidad.<\/span><\/li>\n<li style=\"font-weight: 400;\" aria-level=\"1\"><b>Funcionalidades necesarias<\/b><span style=\"font-weight: 400;\">: formularios de contacto, integraci\u00f3n con redes sociales y, si vendes producto, carrito de compra.<\/span><\/li>\n<li style=\"font-weight: 400;\" aria-level=\"1\"><b>Gesti\u00f3n f\u00e1cil<\/b><span style=\"font-weight: 400;\">: paneles intuitivos para que, sin conocimientos t\u00e9cnicos, actualices textos, im\u00e1genes o precios.<\/span><\/li>\n<\/ul>\n<p><span style=\"font-weight: 400;\">Adem\u00e1s, las empresas especializadas suelen ofrecer p\u00e1ginas web asequibles mediante planes escalables. <\/span><b>Empiezas con lo b\u00e1sico y, a medida que crezcas, ampl\u00edas funcionalidades.<\/b><\/p>\n<h2><b>Ventajas de tener tu propia web en verano<\/b><\/h2>\n<ol>\n<li style=\"font-weight: 400;\" aria-level=\"1\"><b>Mejor velocidad de carga:<\/b><span style=\"font-weight: 400;\"> al estar menos saturados los servidores, las pruebas de velocidad y rendimiento suelen arrojar mejores resultados. Una web r\u00e1pida mejora tu posici\u00f3n en buscadores. Esto no solo repercute en la experiencia de usuario \u2014reduciendo la tasa de rebote\u2014, sino que tambi\u00e9n otorga un plus de relevancia en Google, que prioriza los sitios \u00e1giles.\u00a0<\/span><\/li>\n<li style=\"font-weight: 400;\" aria-level=\"1\"><b>Soporte m\u00e1s \u00e1gil:<\/b><span style=\"font-weight: 400;\"> muchas agencias y freelancers tambi\u00e9n disfrutan de menor carga de trabajo estival, lo que se traduce en respuestas m\u00e1s r\u00e1pidas y tiempos de entrega reducidos. Con la calma veraniega, los equipos de desarrollo dedican m\u00e1s horas al seguimiento de cada proyecto, a corregir detalles y a implementar mejoras que, en temporada alta, quedar\u00edan en lista de espera. Esto significa que cualquier incidencia \u2014desde un formulario que no env\u00eda mensajes hasta la adaptaci\u00f3n al dise\u00f1o responsive\u2014 se soluciona en cuesti\u00f3n de horas o pocos d\u00edas.\u00a0<\/span><\/li>\n<li style=\"font-weight: 400;\" aria-level=\"1\"><b>Promociones especiales:<\/b><span style=\"font-weight: 400;\"> es habitual que dise\u00f1adores y estudios ofrezcan descuentos o bonos durante julio y agosto para captar proyectos con entrega en septiembre. Estas ofertas pueden incluir desde un porcentaje de descuento en el presupuesto inicial hasta servicios adicionales gratuitos. Planificar tu inversi\u00f3n ahora te permite destinar ese ahorro extra a otras \u00e1reas, como creaci\u00f3n de contenido o campa\u00f1as de lanzamiento.<\/span><\/li>\n<\/ol>\n<p><span style=\"font-weight: 400;\">Aprovechar estos incentivos te permite acceder a condiciones m\u00e1s ventajosas y, de paso, estrenar tu web justo cuando la demanda repunte.<\/span><\/p>\n<h2><b>C\u00f3mo empezar paso a paso<\/b><\/h2>\n<ol>\n<li style=\"font-weight: 400;\" aria-level=\"1\"><b>Define un presupuesto<\/b><span style=\"font-weight: 400;\"> realista: destina entre 300\u20ac y 1 200\u20ac seg\u00fan tus necesidades. Con un plan low-cost tienes lo esencial y un punto de partida s\u00f3lido.<\/span><\/li>\n<li style=\"font-weight: 400;\" aria-level=\"1\"><b>Re\u00fane tu material<\/b><span style=\"font-weight: 400;\">: logo en alta resoluci\u00f3n, fotos de tus productos o trabajos, testimonios de clientes y un texto breve sobre tu actividad.<\/span><\/li>\n<li style=\"font-weight: 400;\" aria-level=\"1\"><b>Contacta con un especialista<\/b><span style=\"font-weight: 400;\"> que ofrezca <\/span><span style=\"color: #ff6600;\"><strong><a style=\"color: #ff6600;\" title=\"p\u00e1ginas web econ\u00f3micas\" href=\"https:\/\/santswebdesign.com\/\" target=\"_blank\" rel=\"noopener\">p\u00e1ginas web econ\u00f3micas<\/a><\/strong><\/span><span style=\"font-weight: 400;\">. Explica tu proyecto y pide un boceto inicial.<\/span><\/li>\n<li style=\"font-weight: 400;\" aria-level=\"1\"><b>Aprueba el dise\u00f1o<\/b><span style=\"font-weight: 400;\"> y solicita la implementaci\u00f3n de SEO b\u00e1sico: etiquetas, metadescripciones y palabras clave locales si trabajas en una zona concreta.<\/span><\/li>\n<li style=\"font-weight: 400;\" aria-level=\"1\"><b>Planifica tu lanzamiento<\/b><span style=\"font-weight: 400;\">: junio y julio para dise\u00f1o; agosto para pruebas y ajustes; septiembre para promocionar en Google Ads, redes sociales y email marketing.<\/span><\/li>\n<\/ol>\n<p><span style=\"font-weight: 400;\">Al terminar el verano, tendr\u00e1s una web lista para atraer clientes, ofrecer tus servicios y mostrar tu profesionalidad las 24 horas. Esa inversi\u00f3n, modesta si la comparas con un stand ferial o una campa\u00f1a publicitaria tradicional, <\/span><b>trabajar\u00e1 para ti todo el a\u00f1o<\/b><span style=\"font-weight: 400;\">. Adem\u00e1s, empezar en temporada baja te permite ajustar y mejorar sin la presi\u00f3n de la demanda masiva.<\/span><\/p>\n<p><b>No dejes para ma\u00f1ana lo que puedes digitalizar hoy.<\/b><span style=\"font-weight: 400;\"> Un sitio web profesional, asequible y bien planteado te abre puertas, transmite confianza y multiplica tus oportunidades. Y el verano es el mejor momento para hacerlo sin prisas y con condiciones especiales.<\/span><\/p>\n","protected":false},"excerpt":{"rendered":"<p>El verano trae calma para muchos aut\u00f3nomos, peque\u00f1os negocios y emprendedores: las agendas se relajan, las rutinas cambian y aparecen los d\u00edas m\u00e1s largos. \u00bfY si aprovechas esta estaci\u00f3n baja para dar el salto a lo digital? Crear o renovar tu p\u00e1gina web profesional ahora mismo no solo es posible, sino tambi\u00e9n asequible. En unos<\/p>\n","protected":false},"author":1,"featured_media":10701,"comment_status":"closed","ping_status":"closed","sticky":false,"template":"","format":"standard","meta":{"footnotes":""},"categories":[35],"tags":[43],"class_list":{"0":"post-10700","1":"post","2":"type-post","3":"status-publish","4":"format-standard","5":"has-post-thumbnail","7":"category-negocios","8":"tag-empresas"},"aioseo_notices":[],"aioseo_head":"\n\t\t<!-- All in One SEO Pro 4.9.6.2 - aioseo.com -->\n\t<meta name=\"description\" content=\"El verano trae calma para muchos aut\u00f3nomos, peque\u00f1os negocios y emprendedores: las agendas se relajan, las rutinas cambian y aparecen los d\u00edas\" \/>\n\t<meta name=\"robots\" content=\"max-image-preview:large\" \/>\n\t<meta name=\"author\" content=\"NBAsturias\"\/>\n\t<meta name=\"google-site-verification\" content=\"UA-38556648-1\" \/>\n\t<meta name=\"keywords\" content=\"negocios\" \/>\n\t<link rel=\"canonical\" href=\"https:\/\/eldigitaldeasturias.com\/radio\/de-redes-sociales-a-web-propia-la-estrategia-veraniega-que-tu-pyme-necesita\/\" \/>\n\t<meta name=\"generator\" content=\"All in One SEO Pro (AIOSEO) 4.9.6.2\" \/>\n\t\t<meta property=\"og:locale\" content=\"es_ES\" \/>\n\t\t<meta property=\"og:site_name\" content=\"El Digital de Asturias | Diario de informaci\u00f3n y noticias\" \/>\n\t\t<meta property=\"og:type\" content=\"article\" \/>\n\t\t<meta property=\"og:title\" content=\"De redes sociales a web propia: la estrategia veraniega que tu pyme necesita | El Digital de Asturias\" \/>\n\t\t<meta property=\"og:description\" content=\"El verano trae calma para muchos aut\u00f3nomos, peque\u00f1os negocios y emprendedores: las agendas se relajan, las rutinas cambian y aparecen los d\u00edas\" \/>\n\t\t<meta property=\"og:url\" content=\"https:\/\/eldigitaldeasturias.com\/radio\/de-redes-sociales-a-web-propia-la-estrategia-veraniega-que-tu-pyme-necesita\/\" \/>\n\t\t<meta property=\"og:image\" content=\"https:\/\/eldigitaldeasturias.com\/radio\/wp-content\/uploads\/2025\/07\/redes-sociales.jpg\" \/>\n\t\t<meta property=\"og:image:secure_url\" content=\"https:\/\/eldigitaldeasturias.com\/radio\/wp-content\/uploads\/2025\/07\/redes-sociales.jpg\" \/>\n\t\t<meta property=\"og:image:width\" content=\"1063\" \/>\n\t\t<meta property=\"og:image:height\" content=\"631\" \/>\n\t\t<meta property=\"article:published_time\" content=\"2025-07-25T08:49:30+00:00\" \/>\n\t\t<meta property=\"article:modified_time\" content=\"2025-07-25T08:49:30+00:00\" \/>\n\t\t<meta name=\"twitter:card\" content=\"summary_large_image\" \/>\n\t\t<meta name=\"twitter:site\" content=\"@bercodi\" \/>\n\t\t<meta name=\"twitter:title\" content=\"De redes sociales a web propia: la estrategia veraniega que tu pyme necesita | El Digital de Asturias\" \/>\n\t\t<meta name=\"twitter:description\" content=\"El verano trae calma para muchos aut\u00f3nomos, peque\u00f1os negocios y emprendedores: las agendas se relajan, las rutinas cambian y aparecen los d\u00edas\" \/>\n\t\t<meta name=\"twitter:creator\" content=\"@bercodi\" \/>\n\t\t<meta name=\"twitter:image\" content=\"https:\/\/eldigitaldeasturias.com\/radio\/wp-content\/uploads\/2025\/07\/redes-sociales.jpg\" \/>\n\t\t<script type=\"application\/ld+json\" class=\"aioseo-schema\">\n\t\t\t{\"@context\":\"https:\\\/\\\/schema.org\",\"@graph\":[{\"@type\":\"BreadcrumbList\",\"@id\":\"https:\\\/\\\/eldigitaldeasturias.com\\\/radio\\\/de-redes-sociales-a-web-propia-la-estrategia-veraniega-que-tu-pyme-necesita\\\/#breadcrumblist\",\"itemListElement\":[{\"@type\":\"ListItem\",\"@id\":\"https:\\\/\\\/eldigitaldeasturias.com\\\/radio#listItem\",\"position\":1,\"name\":\"Inicio\",\"item\":\"https:\\\/\\\/eldigitaldeasturias.com\\\/radio\",\"nextItem\":{\"@type\":\"ListItem\",\"@id\":\"https:\\\/\\\/eldigitaldeasturias.com\\\/radio\\\/category\\\/negocios\\\/#listItem\",\"name\":\"Negocios\"}},{\"@type\":\"ListItem\",\"@id\":\"https:\\\/\\\/eldigitaldeasturias.com\\\/radio\\\/category\\\/negocios\\\/#listItem\",\"position\":2,\"name\":\"Negocios\",\"item\":\"https:\\\/\\\/eldigitaldeasturias.com\\\/radio\\\/category\\\/negocios\\\/\",\"nextItem\":{\"@type\":\"ListItem\",\"@id\":\"https:\\\/\\\/eldigitaldeasturias.com\\\/radio\\\/de-redes-sociales-a-web-propia-la-estrategia-veraniega-que-tu-pyme-necesita\\\/#listItem\",\"name\":\"De redes sociales a web propia: la estrategia veraniega que tu pyme necesita\"},\"previousItem\":{\"@type\":\"ListItem\",\"@id\":\"https:\\\/\\\/eldigitaldeasturias.com\\\/radio#listItem\",\"name\":\"Inicio\"}},{\"@type\":\"ListItem\",\"@id\":\"https:\\\/\\\/eldigitaldeasturias.com\\\/radio\\\/de-redes-sociales-a-web-propia-la-estrategia-veraniega-que-tu-pyme-necesita\\\/#listItem\",\"position\":3,\"name\":\"De redes sociales a web propia: la estrategia veraniega que tu pyme necesita\",\"previousItem\":{\"@type\":\"ListItem\",\"@id\":\"https:\\\/\\\/eldigitaldeasturias.com\\\/radio\\\/category\\\/negocios\\\/#listItem\",\"name\":\"Negocios\"}}]},{\"@type\":\"NewsArticle\",\"@id\":\"https:\\\/\\\/eldigitaldeasturias.com\\\/radio\\\/de-redes-sociales-a-web-propia-la-estrategia-veraniega-que-tu-pyme-necesita\\\/#newsarticle\",\"name\":\"De redes sociales a web propia: la estrategia veraniega que tu pyme necesita | El Digital de Asturias\",\"headline\":\"De redes sociales a web propia: la estrategia veraniega que tu pyme necesita\",\"author\":{\"@id\":\"https:\\\/\\\/eldigitaldeasturias.com\\\/radio\\\/author\\\/nbasturias\\\/#author\"},\"publisher\":{\"@id\":\"https:\\\/\\\/eldigitaldeasturias.com\\\/radio\\\/#organization\"},\"image\":{\"@type\":\"ImageObject\",\"url\":\"https:\\\/\\\/eldigitaldeasturias.com\\\/radio\\\/wp-content\\\/uploads\\\/2025\\\/07\\\/redes-sociales.jpg\",\"width\":1063,\"height\":631,\"caption\":\"redes sociales\"},\"datePublished\":\"2025-07-25T10:49:30+02:00\",\"dateModified\":\"2025-07-25T10:49:30+02:00\",\"inLanguage\":\"es-ES\",\"mainEntityOfPage\":{\"@id\":\"https:\\\/\\\/eldigitaldeasturias.com\\\/radio\\\/de-redes-sociales-a-web-propia-la-estrategia-veraniega-que-tu-pyme-necesita\\\/#webpage\"},\"isPartOf\":{\"@id\":\"https:\\\/\\\/eldigitaldeasturias.com\\\/radio\\\/de-redes-sociales-a-web-propia-la-estrategia-veraniega-que-tu-pyme-necesita\\\/#webpage\"},\"articleSection\":\"Negocios, empresas\",\"dateline\":\"Publicado el julio 25, 2025.\"},{\"@type\":\"Organization\",\"@id\":\"https:\\\/\\\/eldigitaldeasturias.com\\\/radio\\\/#organization\",\"name\":\"El digital de Asturias Radio\",\"description\":\"Diario de informaci\\u00f3n y noticias\",\"url\":\"https:\\\/\\\/eldigitaldeasturias.com\\\/radio\\\/\",\"telephone\":\"+34652131393\",\"logo\":{\"@type\":\"ImageObject\",\"url\":\"https:\\\/\\\/www.eldigitaldeasturias.com\\\/radio\\\/wp-content\\\/uploads\\\/2021\\\/03\\\/EDA.jpg\",\"@id\":\"https:\\\/\\\/eldigitaldeasturias.com\\\/radio\\\/de-redes-sociales-a-web-propia-la-estrategia-veraniega-que-tu-pyme-necesita\\\/#organizationLogo\"},\"image\":{\"@id\":\"https:\\\/\\\/eldigitaldeasturias.com\\\/radio\\\/de-redes-sociales-a-web-propia-la-estrategia-veraniega-que-tu-pyme-necesita\\\/#organizationLogo\"},\"sameAs\":[\"https:\\\/\\\/www.facebook.com\\\/\",\"https:\\\/\\\/x.com\\\/bercodi\",\"https:\\\/\\\/www.instagram.com\\\/\",\"https:\\\/\\\/www.youtube.com\\\/channel\\\/UCZP-2wLEB9Rv6erhFmqVnvg\"]},{\"@type\":\"Person\",\"@id\":\"https:\\\/\\\/eldigitaldeasturias.com\\\/radio\\\/author\\\/nbasturias\\\/#author\",\"url\":\"https:\\\/\\\/eldigitaldeasturias.com\\\/radio\\\/author\\\/nbasturias\\\/\",\"name\":\"NBAsturias\",\"image\":{\"@type\":\"ImageObject\",\"@id\":\"https:\\\/\\\/eldigitaldeasturias.com\\\/radio\\\/de-redes-sociales-a-web-propia-la-estrategia-veraniega-que-tu-pyme-necesita\\\/#authorImage\",\"url\":\"https:\\\/\\\/secure.gravatar.com\\\/avatar\\\/df2aeffc32bcd13f8d26072ef8a91b623d677766deac7f97ca815868cd41bf5e?s=96&d=mm&r=g\",\"width\":96,\"height\":96,\"caption\":\"NBAsturias\"}},{\"@type\":\"WebPage\",\"@id\":\"https:\\\/\\\/eldigitaldeasturias.com\\\/radio\\\/de-redes-sociales-a-web-propia-la-estrategia-veraniega-que-tu-pyme-necesita\\\/#webpage\",\"url\":\"https:\\\/\\\/eldigitaldeasturias.com\\\/radio\\\/de-redes-sociales-a-web-propia-la-estrategia-veraniega-que-tu-pyme-necesita\\\/\",\"name\":\"De redes sociales a web propia: la estrategia veraniega que tu pyme necesita | El Digital de Asturias\",\"description\":\"El verano trae calma para muchos aut\\u00f3nomos, peque\\u00f1os negocios y emprendedores: las agendas se relajan, las rutinas cambian y aparecen los d\\u00edas\",\"inLanguage\":\"es-ES\",\"isPartOf\":{\"@id\":\"https:\\\/\\\/eldigitaldeasturias.com\\\/radio\\\/#website\"},\"breadcrumb\":{\"@id\":\"https:\\\/\\\/eldigitaldeasturias.com\\\/radio\\\/de-redes-sociales-a-web-propia-la-estrategia-veraniega-que-tu-pyme-necesita\\\/#breadcrumblist\"},\"author\":{\"@id\":\"https:\\\/\\\/eldigitaldeasturias.com\\\/radio\\\/author\\\/nbasturias\\\/#author\"},\"creator\":{\"@id\":\"https:\\\/\\\/eldigitaldeasturias.com\\\/radio\\\/author\\\/nbasturias\\\/#author\"},\"image\":{\"@type\":\"ImageObject\",\"url\":\"https:\\\/\\\/eldigitaldeasturias.com\\\/radio\\\/wp-content\\\/uploads\\\/2025\\\/07\\\/redes-sociales.jpg\",\"@id\":\"https:\\\/\\\/eldigitaldeasturias.com\\\/radio\\\/de-redes-sociales-a-web-propia-la-estrategia-veraniega-que-tu-pyme-necesita\\\/#mainImage\",\"width\":1063,\"height\":631,\"caption\":\"redes sociales\"},\"primaryImageOfPage\":{\"@id\":\"https:\\\/\\\/eldigitaldeasturias.com\\\/radio\\\/de-redes-sociales-a-web-propia-la-estrategia-veraniega-que-tu-pyme-necesita\\\/#mainImage\"},\"datePublished\":\"2025-07-25T10:49:30+02:00\",\"dateModified\":\"2025-07-25T10:49:30+02:00\"},{\"@type\":\"WebSite\",\"@id\":\"https:\\\/\\\/eldigitaldeasturias.com\\\/radio\\\/#website\",\"url\":\"https:\\\/\\\/eldigitaldeasturias.com\\\/radio\\\/\",\"name\":\"El Digital de Asturias\",\"description\":\"Diario de informaci\\u00f3n y noticias\",\"inLanguage\":\"es-ES\",\"publisher\":{\"@id\":\"https:\\\/\\\/eldigitaldeasturias.com\\\/radio\\\/#organization\"}}]}\n\t\t<\/script>\n\t\t<!-- All in One SEO Pro -->\r\n\t\t<title>De redes sociales a web propia: la estrategia veraniega que tu pyme necesita | El Digital de Asturias<\/title>\n\n","aioseo_head_json":{"title":"De redes sociales a web propia: la estrategia veraniega que tu pyme necesita | El Digital de Asturias","description":"El verano trae calma para muchos aut\u00f3nomos, peque\u00f1os negocios y emprendedores: las agendas se relajan, las rutinas cambian y aparecen los d\u00edas","canonical_url":"https:\/\/eldigitaldeasturias.com\/radio\/de-redes-sociales-a-web-propia-la-estrategia-veraniega-que-tu-pyme-necesita\/","robots":"max-image-preview:large","keywords":"negocios","webmasterTools":{"google-site-verification":"UA-38556648-1","miscellaneous":""},"schema":{"@context":"https:\/\/schema.org","@graph":[{"@type":"BreadcrumbList","@id":"https:\/\/eldigitaldeasturias.com\/radio\/de-redes-sociales-a-web-propia-la-estrategia-veraniega-que-tu-pyme-necesita\/#breadcrumblist","itemListElement":[{"@type":"ListItem","@id":"https:\/\/eldigitaldeasturias.com\/radio#listItem","position":1,"name":"Inicio","item":"https:\/\/eldigitaldeasturias.com\/radio","nextItem":{"@type":"ListItem","@id":"https:\/\/eldigitaldeasturias.com\/radio\/category\/negocios\/#listItem","name":"Negocios"}},{"@type":"ListItem","@id":"https:\/\/eldigitaldeasturias.com\/radio\/category\/negocios\/#listItem","position":2,"name":"Negocios","item":"https:\/\/eldigitaldeasturias.com\/radio\/category\/negocios\/","nextItem":{"@type":"ListItem","@id":"https:\/\/eldigitaldeasturias.com\/radio\/de-redes-sociales-a-web-propia-la-estrategia-veraniega-que-tu-pyme-necesita\/#listItem","name":"De redes sociales a web propia: la estrategia veraniega que tu pyme necesita"},"previousItem":{"@type":"ListItem","@id":"https:\/\/eldigitaldeasturias.com\/radio#listItem","name":"Inicio"}},{"@type":"ListItem","@id":"https:\/\/eldigitaldeasturias.com\/radio\/de-redes-sociales-a-web-propia-la-estrategia-veraniega-que-tu-pyme-necesita\/#listItem","position":3,"name":"De redes sociales a web propia: la estrategia veraniega que tu pyme necesita","previousItem":{"@type":"ListItem","@id":"https:\/\/eldigitaldeasturias.com\/radio\/category\/negocios\/#listItem","name":"Negocios"}}]},{"@type":"NewsArticle","@id":"https:\/\/eldigitaldeasturias.com\/radio\/de-redes-sociales-a-web-propia-la-estrategia-veraniega-que-tu-pyme-necesita\/#newsarticle","name":"De redes sociales a web propia: la estrategia veraniega que tu pyme necesita | El Digital de Asturias","headline":"De redes sociales a web propia: la estrategia veraniega que tu pyme necesita","author":{"@id":"https:\/\/eldigitaldeasturias.com\/radio\/author\/nbasturias\/#author"},"publisher":{"@id":"https:\/\/eldigitaldeasturias.com\/radio\/#organization"},"image":{"@type":"ImageObject","url":"https:\/\/eldigitaldeasturias.com\/radio\/wp-content\/uploads\/2025\/07\/redes-sociales.jpg","width":1063,"height":631,"caption":"redes sociales"},"datePublished":"2025-07-25T10:49:30+02:00","dateModified":"2025-07-25T10:49:30+02:00","inLanguage":"es-ES","mainEntityOfPage":{"@id":"https:\/\/eldigitaldeasturias.com\/radio\/de-redes-sociales-a-web-propia-la-estrategia-veraniega-que-tu-pyme-necesita\/#webpage"},"isPartOf":{"@id":"https:\/\/eldigitaldeasturias.com\/radio\/de-redes-sociales-a-web-propia-la-estrategia-veraniega-que-tu-pyme-necesita\/#webpage"},"articleSection":"Negocios, empresas","dateline":"Publicado el julio 25, 2025."},{"@type":"Organization","@id":"https:\/\/eldigitaldeasturias.com\/radio\/#organization","name":"El digital de Asturias Radio","description":"Diario de informaci\u00f3n y noticias","url":"https:\/\/eldigitaldeasturias.com\/radio\/","telephone":"+34652131393","logo":{"@type":"ImageObject","url":"https:\/\/www.eldigitaldeasturias.com\/radio\/wp-content\/uploads\/2021\/03\/EDA.jpg","@id":"https:\/\/eldigitaldeasturias.com\/radio\/de-redes-sociales-a-web-propia-la-estrategia-veraniega-que-tu-pyme-necesita\/#organizationLogo"},"image":{"@id":"https:\/\/eldigitaldeasturias.com\/radio\/de-redes-sociales-a-web-propia-la-estrategia-veraniega-que-tu-pyme-necesita\/#organizationLogo"},"sameAs":["https:\/\/www.facebook.com\/","https:\/\/x.com\/bercodi","https:\/\/www.instagram.com\/","https:\/\/www.youtube.com\/channel\/UCZP-2wLEB9Rv6erhFmqVnvg"]},{"@type":"Person","@id":"https:\/\/eldigitaldeasturias.com\/radio\/author\/nbasturias\/#author","url":"https:\/\/eldigitaldeasturias.com\/radio\/author\/nbasturias\/","name":"NBAsturias","image":{"@type":"ImageObject","@id":"https:\/\/eldigitaldeasturias.com\/radio\/de-redes-sociales-a-web-propia-la-estrategia-veraniega-que-tu-pyme-necesita\/#authorImage","url":"https:\/\/secure.gravatar.com\/avatar\/df2aeffc32bcd13f8d26072ef8a91b623d677766deac7f97ca815868cd41bf5e?s=96&d=mm&r=g","width":96,"height":96,"caption":"NBAsturias"}},{"@type":"WebPage","@id":"https:\/\/eldigitaldeasturias.com\/radio\/de-redes-sociales-a-web-propia-la-estrategia-veraniega-que-tu-pyme-necesita\/#webpage","url":"https:\/\/eldigitaldeasturias.com\/radio\/de-redes-sociales-a-web-propia-la-estrategia-veraniega-que-tu-pyme-necesita\/","name":"De redes sociales a web propia: la estrategia veraniega que tu pyme necesita | El Digital de Asturias","description":"El verano trae calma para muchos aut\u00f3nomos, peque\u00f1os negocios y emprendedores: las agendas se relajan, las rutinas cambian y aparecen los d\u00edas","inLanguage":"es-ES","isPartOf":{"@id":"https:\/\/eldigitaldeasturias.com\/radio\/#website"},"breadcrumb":{"@id":"https:\/\/eldigitaldeasturias.com\/radio\/de-redes-sociales-a-web-propia-la-estrategia-veraniega-que-tu-pyme-necesita\/#breadcrumblist"},"author":{"@id":"https:\/\/eldigitaldeasturias.com\/radio\/author\/nbasturias\/#author"},"creator":{"@id":"https:\/\/eldigitaldeasturias.com\/radio\/author\/nbasturias\/#author"},"image":{"@type":"ImageObject","url":"https:\/\/eldigitaldeasturias.com\/radio\/wp-content\/uploads\/2025\/07\/redes-sociales.jpg","@id":"https:\/\/eldigitaldeasturias.com\/radio\/de-redes-sociales-a-web-propia-la-estrategia-veraniega-que-tu-pyme-necesita\/#mainImage","width":1063,"height":631,"caption":"redes sociales"},"primaryImageOfPage":{"@id":"https:\/\/eldigitaldeasturias.com\/radio\/de-redes-sociales-a-web-propia-la-estrategia-veraniega-que-tu-pyme-necesita\/#mainImage"},"datePublished":"2025-07-25T10:49:30+02:00","dateModified":"2025-07-25T10:49:30+02:00"},{"@type":"WebSite","@id":"https:\/\/eldigitaldeasturias.com\/radio\/#website","url":"https:\/\/eldigitaldeasturias.com\/radio\/","name":"El Digital de Asturias","description":"Diario de informaci\u00f3n y noticias","inLanguage":"es-ES","publisher":{"@id":"https:\/\/eldigitaldeasturias.com\/radio\/#organization"}}]},"og:locale":"es_ES","og:site_name":"El Digital de Asturias | Diario de informaci\u00f3n y noticias","og:type":"article","og:title":"De redes sociales a web propia: la estrategia veraniega que tu pyme necesita | El Digital de Asturias","og:description":"El verano trae calma para muchos aut\u00f3nomos, peque\u00f1os negocios y emprendedores: las agendas se relajan, las rutinas cambian y aparecen los d\u00edas","og:url":"https:\/\/eldigitaldeasturias.com\/radio\/de-redes-sociales-a-web-propia-la-estrategia-veraniega-que-tu-pyme-necesita\/","og:image":"https:\/\/eldigitaldeasturias.com\/radio\/wp-content\/uploads\/2025\/07\/redes-sociales.jpg","og:image:secure_url":"https:\/\/eldigitaldeasturias.com\/radio\/wp-content\/uploads\/2025\/07\/redes-sociales.jpg","og:image:width":1063,"og:image:height":631,"article:published_time":"2025-07-25T08:49:30+00:00","article:modified_time":"2025-07-25T08:49:30+00:00","twitter:card":"summary_large_image","twitter:site":"@bercodi","twitter:title":"De redes sociales a web propia: la estrategia veraniega que tu pyme necesita | El Digital de Asturias","twitter:description":"El verano trae calma para muchos aut\u00f3nomos, peque\u00f1os negocios y emprendedores: las agendas se relajan, las rutinas cambian y aparecen los d\u00edas","twitter:creator":"@bercodi","twitter:image":"https:\/\/eldigitaldeasturias.com\/radio\/wp-content\/uploads\/2025\/07\/redes-sociales.jpg"},"aioseo_meta_data":{"post_id":"10700","title":null,"description":"El verano trae calma para muchos aut\u00f3nomos, peque\u00f1os negocios y emprendedores: las agendas se relajan, las rutinas cambian y aparecen los d\u00edas","keywords":null,"keyphrases":{"focus":{"keyphrase":"redes","score":60,"analysis":{"keyphraseInTitle":{"score":9,"maxScore":9,"error":0},"keyphraseInDescription":{"score":3,"maxScore":9,"error":1},"keyphraseLength":{"score":9,"maxScore":9,"error":0,"length":1},"keyphraseInURL":{"score":5,"maxScore":5,"error":0},"keyphraseInIntroduction":{"score":3,"maxScore":9,"error":1},"keyphraseInSubHeadings":{"score":3,"maxScore":9,"error":1},"keyphraseInImageAlt":{"score":9,"maxScore":9,"error":0},"keywordDensity":{"score":0,"type":"low","maxScore":9,"error":1}}},"additional":[{"keyphrase":"sociales","score":53,"analysis":{"keyphraseInDescription":{"score":3,"maxScore":9,"error":1},"keyphraseLength":{"score":9,"maxScore":9,"error":0,"length":1},"keyphraseInIntroduction":{"score":3,"maxScore":9,"error":1},"keyphraseInImageAlt":{"score":9,"maxScore":9,"error":0},"keywordDensity":{"score":0,"type":"low","maxScore":9,"error":1}}}]},"primary_term":null,"canonical_url":null,"og_title":null,"og_description":null,"og_object_type":"default","og_image_type":"default","og_image_url":null,"og_image_width":null,"og_image_height":null,"og_image_custom_url":null,"og_image_custom_fields":null,"og_video":"","og_custom_url":null,"og_article_section":null,"og_article_tags":null,"twitter_use_og":false,"twitter_card":"default","twitter_image_type":"default","twitter_image_url":null,"twitter_image_custom_url":null,"twitter_image_custom_fields":null,"twitter_title":null,"twitter_description":null,"schema":{"blockGraphs":[],"customGraphs":[],"default":{"data":{"Article":[],"Course":[],"Dataset":[],"FAQPage":[],"Movie":[],"Person":[],"Product":[],"ProductReview":[],"Car":[],"Recipe":[],"Service":[],"SoftwareApplication":[],"WebPage":[]},"graphName":"NewsArticle","isEnabled":true},"graphs":[]},"schema_type":"default","schema_type_options":null,"pillar_content":false,"robots_default":true,"robots_noindex":false,"robots_noarchive":false,"robots_nosnippet":false,"robots_nofollow":false,"robots_noimageindex":false,"robots_noodp":false,"robots_notranslate":false,"robots_max_snippet":"-1","robots_max_videopreview":"-1","robots_max_imagepreview":"large","priority":null,"frequency":"default","location":null,"local_seo":null,"seo_analyzer_scan_date":"2025-08-29 00:51:54","breadcrumb_settings":null,"limit_modified_date":false,"open_ai":null,"ai":{"faqs":[],"keyPoints":[],"titles":[],"descriptions":[],"socialPosts":{"email":[],"linkedin":[],"twitter":[],"facebook":[],"instagram":[]}},"created":"2025-07-25 08:44:39","updated":"2025-08-29 00:51:54"},"aioseo_breadcrumb":"<div class=\"aioseo-breadcrumbs\"><span class=\"aioseo-breadcrumb\">\n\t<a href=\"https:\/\/eldigitaldeasturias.com\/radio\" title=\"Inicio\">Inicio<\/a>\n<\/span><span class=\"aioseo-breadcrumb-separator\">&ndash;<\/span><span class=\"aioseo-breadcrumb\">\n\t<a href=\"https:\/\/eldigitaldeasturias.com\/radio\/category\/negocios\/\" title=\"Negocios\">Negocios<\/a>\n<\/span><span class=\"aioseo-breadcrumb-separator\">&ndash;<\/span><span class=\"aioseo-breadcrumb\">\n\tDe redes sociales a web propia: la estrategia veraniega que tu pyme necesita\n<\/span><\/div>","aioseo_breadcrumb_json":[{"label":"Inicio","link":"https:\/\/eldigitaldeasturias.com\/radio"},{"label":"Negocios","link":"https:\/\/eldigitaldeasturias.com\/radio\/category\/negocios\/"},{"label":"De redes sociales a web propia: la estrategia veraniega que tu pyme necesita","link":"https:\/\/eldigitaldeasturias.com\/radio\/de-redes-sociales-a-web-propia-la-estrategia-veraniega-que-tu-pyme-necesita\/"}],"_links":{"self":[{"href":"https:\/\/eldigitaldeasturias.com\/radio\/wp-json\/wp\/v2\/posts\/10700","targetHints":{"allow":["GET"]}}],"collection":[{"href":"https:\/\/eldigitaldeasturias.com\/radio\/wp-json\/wp\/v2\/posts"}],"about":[{"href":"https:\/\/eldigitaldeasturias.com\/radio\/wp-json\/wp\/v2\/types\/post"}],"author":[{"embeddable":true,"href":"https:\/\/eldigitaldeasturias.com\/radio\/wp-json\/wp\/v2\/users\/1"}],"replies":[{"embeddable":true,"href":"https:\/\/eldigitaldeasturias.com\/radio\/wp-json\/wp\/v2\/comments?post=10700"}],"version-history":[{"count":0,"href":"https:\/\/eldigitaldeasturias.com\/radio\/wp-json\/wp\/v2\/posts\/10700\/revisions"}],"wp:featuredmedia":[{"embeddable":true,"href":"https:\/\/eldigitaldeasturias.com\/radio\/wp-json\/wp\/v2\/media\/10701"}],"wp:attachment":[{"href":"https:\/\/eldigitaldeasturias.com\/radio\/wp-json\/wp\/v2\/media?parent=10700"}],"wp:term":[{"taxonomy":"category","embeddable":true,"href":"https:\/\/eldigitaldeasturias.com\/radio\/wp-json\/wp\/v2\/categories?post=10700"},{"taxonomy":"post_tag","embeddable":true,"href":"https:\/\/eldigitaldeasturias.com\/radio\/wp-json\/wp\/v2\/tags?post=10700"}],"curies":[{"name":"wp","href":"https:\/\/api.w.org\/{rel}","templated":true}]}}