{"id":10349,"date":"2025-05-28T15:10:42","date_gmt":"2025-05-28T13:10:42","guid":{"rendered":"https:\/\/eldigitaldeasturias.com\/radio\/?p=10349"},"modified":"2025-05-28T15:10:42","modified_gmt":"2025-05-28T13:10:42","slug":"placido-domingo-ilumina-berna-con-una-interpretacion-inolvidable","status":"publish","type":"post","link":"https:\/\/eldigitaldeasturias.com\/radio\/placido-domingo-ilumina-berna-con-una-interpretacion-inolvidable\/","title":{"rendered":"Pl\u00e1cido Domingo ilumina Berna con una interpretaci\u00f3n inolvidable"},"content":{"rendered":"<p><span style=\"font-weight: 400;\">El pasado 11 de mayo, el <\/span><b>Casino de Berna<\/b><span style=\"font-weight: 400;\"> fue escenario de una velada l\u00edrica de primer nivel con <\/span><span style=\"color: #ff6600;\"><a style=\"color: #ff6600;\" href=\"https:\/\/www.elconfidencialdigital.com\/articulo\/noticias\/repasamos-trayectoria-artista-espanol-placido-domingo-icono-musica-clasica\/20250129181053918215.html\" target=\"_blank\" rel=\"nofollow noopener\"><b>Pl\u00e1cido Domingo<\/b><\/a><\/span><span style=\"font-weight: 400;\"> como gran protagonista. El tenor madrile\u00f1o volvi\u00f3 a conquistar al p\u00fablico con su maestr\u00eda vocal en un evento organizado por la Association Avetis. El programa estuvo dividido en dos secciones: una centrada en el <\/span><b>repertorio italiano<\/b><span style=\"font-weight: 400;\"> y otra dedicada a piezas del universo <\/span><b>espa\u00f1ol y germ\u00e1nico<\/b><span style=\"font-weight: 400;\">, lo que evidenci\u00f3 una vez m\u00e1s la amplitud y profundidad art\u00edstica de su trayectoria.<\/span><\/p>\n<p><img fetchpriority=\"high\" decoding=\"async\" class=\"aligncenter size-large wp-image-10350\" src=\"https:\/\/eldigitaldeasturias.com\/radio\/wp-content\/uploads\/2025\/05\/Berna-650x385.jpg\" alt=\"Berna\" width=\"650\" height=\"385\" srcset=\"https:\/\/eldigitaldeasturias.com\/radio\/wp-content\/uploads\/2025\/05\/Berna-650x385.jpg 650w, https:\/\/eldigitaldeasturias.com\/radio\/wp-content\/uploads\/2025\/05\/Berna-360x213.jpg 360w, https:\/\/eldigitaldeasturias.com\/radio\/wp-content\/uploads\/2025\/05\/Berna-768x454.jpg 768w, https:\/\/eldigitaldeasturias.com\/radio\/wp-content\/uploads\/2025\/05\/Berna-150x89.jpg 150w, https:\/\/eldigitaldeasturias.com\/radio\/wp-content\/uploads\/2025\/05\/Berna-450x266.jpg 450w, https:\/\/eldigitaldeasturias.com\/radio\/wp-content\/uploads\/2025\/05\/Berna.jpg 1068w\" sizes=\"(max-width: 650px) 100vw, 650px\" \/><\/p>\n<p><span style=\"font-weight: 400;\">Uno de los momentos m\u00e1s aclamados fue su d\u00fao con la soprano <\/span><b>Varduhi Khachatryan<\/b><span style=\"font-weight: 400;\">, artista de origen armenio que reside en <\/span><b>Ginebra Suiza<\/b><span style=\"font-weight: 400;\">. La compenetraci\u00f3n entre ambos fue total, y su interpretaci\u00f3n conjunta dej\u00f3 momentos de gran <\/span><b>emoci\u00f3n oper\u00edstica<\/b><span style=\"font-weight: 400;\"> que tocaron la fibra del p\u00fablico. La calidez y precisi\u00f3n de sus voces ofrecieron una muestra del poder de la \u00f3pera cuando se ejecuta desde la sensibilidad y el respeto por el arte.<\/span><\/p>\n<p><span style=\"font-weight: 400;\">El pianista <\/span><b>James Vaughan<\/b><span style=\"font-weight: 400;\"> acompa\u00f1\u00f3 la velada con un estilo <\/span><b>contenido y pulcro<\/b><span style=\"font-weight: 400;\">, aportando un respaldo sonoro perfecto para los int\u00e9rpretes. Su ejecuci\u00f3n permiti\u00f3 que la expresividad vocal fluyera sin restricciones, dando lugar a una experiencia musical completa y armoniosa.<\/span><\/p>\n<h2><b>El arte de Pl\u00e1cido Domingo como herramienta diplom\u00e1tica y cultural<\/b><\/h2>\n<p><span style=\"font-weight: 400;\">La noche cont\u00f3 tambi\u00e9n con un componente institucional muy relevante. Representantes de distintos cuerpos diplom\u00e1ticos asistieron al evento, entre ellos H.E. Hasmik Tolmajyan (Armenia), H.E. Maria Rotheiser-Scotti (Austria), H.E. Darius Jonas Semaska (Lituania), H.E. Martha Cecilia Jaber Breceda (M\u00e9xico), H.E. Julio de Oliveira Carranca Vilela (Portugal), H.E. Carl Magnus Nesser (Suecia) y Mrs. Andreea Gutu (Ruman\u00eda). A ellos se sum\u00f3 Mr. Fernando Jim\u00e9nez Cabello de los Cobos, consejero de la <\/span><b>Embajada de Espa\u00f1a<\/b><span style=\"font-weight: 400;\">, en una clara apuesta por la <\/span><b>diplomacia cultural<\/b><span style=\"font-weight: 400;\">.<\/span><\/p>\n<p><span style=\"font-weight: 400;\">Tambi\u00e9n participaron figuras de alto nivel como Mrs. Ana Luiza Massot Thompson-Flores, de la <\/span><b>UNESCO en Ginebra<\/b><span style=\"font-weight: 400;\">, y Mr. Marjan Osvald, subdirector de la Uni\u00f3n Postal Universal. Su asistencia confirm\u00f3 el papel de la \u00f3pera como puente para el <\/span><b>di\u00e1logo internacional<\/b><span style=\"font-weight: 400;\">, reuniendo a naciones a trav\u00e9s de una manifestaci\u00f3n art\u00edstica universal.<\/span><\/p>\n<h2><b>Una actuaci\u00f3n que queda en la memoria colectiva<\/b><\/h2>\n<p><span style=\"font-weight: 400;\">El concierto en Berna no fue simplemente una actuaci\u00f3n m\u00e1s, sino un encuentro profundo con la <\/span><b>historia viva<\/b><span style=\"font-weight: 400;\"> del canto. Las cinco ovaciones de pie recibidas por el maestro son testimonio del impacto que su arte sigue teniendo. En tiempos de fugacidad y ruido medi\u00e1tico, eventos como este resaltan la fuerza de la <\/span><b>m\u00fasica cl\u00e1sica<\/b><span style=\"font-weight: 400;\"> como veh\u00edculo de emoci\u00f3n duradera y legado compartido.<\/span><\/p>\n<p><span style=\"font-weight: 400;\">Para quienes siguen de cerca la carrera del tenor, esta presentaci\u00f3n fue m\u00e1s que un recital: fue una vivencia \u00fanica, una nueva p\u00e1gina en la <\/span><b>noticia Pl\u00e1cido Domingo<\/b><span style=\"font-weight: 400;\"> que sigue escribi\u00e9ndose con cada actuaci\u00f3n memorable.<\/span><\/p>\n<h2><b>Andrea Bocelli y Pl\u00e1cido Domingo compartir\u00e1n escenario en Ginebra<\/b><\/h2>\n<p><span style=\"font-weight: 400;\">El entusiasmo no termina aqu\u00ed. El pr\u00f3ximo 28 de mayo, \u201cLa Grande Soir\u00e9e\u201d reunir\u00e1 en la <\/span><b>Arena de Gen\u00e8ve<\/b><span style=\"font-weight: 400;\"> a Pl\u00e1cido Domingo y al tenor italiano <\/span><b>Andrea Bocelli<\/b><span style=\"font-weight: 400;\">, quien har\u00e1 su debut en la ciudad suiza como invitado especial. El concierto promete ser un evento de gran magnitud, tanto por la calidad de sus protagonistas como por el simbolismo del encuentro entre dos referentes del <\/span><b>canto l\u00edrico<\/b><span style=\"font-weight: 400;\">.<\/span><\/p>\n<p><span style=\"font-weight: 400;\">Tras sus anteriores \u00e9xitos en el <\/span><b>Victoria Hall<\/b><span style=\"font-weight: 400;\">, Domingo regresa a Ginebra para seguir emocionando a un p\u00fablico que le ha mostrado siempre una gran admiraci\u00f3n. Con la participaci\u00f3n de Bocelli, la velada se perfila como una de las citas m\u00e1s esperadas del a\u00f1o para los amantes de la m\u00fasica.<\/span><\/p>\n","protected":false},"excerpt":{"rendered":"<p>El pasado 11 de mayo, el Casino de Berna fue escenario de una velada l\u00edrica de primer nivel con Pl\u00e1cido Domingo como gran protagonista. El tenor madrile\u00f1o volvi\u00f3 a conquistar al p\u00fablico con su maestr\u00eda vocal en un evento organizado por la Association Avetis. El programa estuvo dividido en dos secciones: una centrada en el<\/p>\n","protected":false},"author":1,"featured_media":10350,"comment_status":"closed","ping_status":"closed","sticky":false,"template":"","format":"standard","meta":{"footnotes":""},"categories":[28],"tags":[79],"class_list":{"0":"post-10349","1":"post","2":"type-post","3":"status-publish","4":"format-standard","5":"has-post-thumbnail","7":"category-variedades","8":"tag-cultura"},"aioseo_notices":[],"aioseo_head":"\n\t\t<!-- All in One SEO Pro 4.9.6.2 - aioseo.com -->\n\t<meta name=\"description\" content=\"El pasado 11 de mayo, el Casino de Berna fue escenario de una velada l\u00edrica de primer nivel con Pl\u00e1cido Domingo como gran protagonista. El tenor madrile\u00f1o\" \/>\n\t<meta name=\"robots\" content=\"max-image-preview:large\" \/>\n\t<meta name=\"author\" content=\"NBAsturias\"\/>\n\t<meta name=\"google-site-verification\" content=\"UA-38556648-1\" \/>\n\t<meta name=\"keywords\" content=\"variedades\" \/>\n\t<link rel=\"canonical\" href=\"https:\/\/eldigitaldeasturias.com\/radio\/placido-domingo-ilumina-berna-con-una-interpretacion-inolvidable\/\" \/>\n\t<meta name=\"generator\" content=\"All in One SEO Pro (AIOSEO) 4.9.6.2\" \/>\n\t\t<meta property=\"og:locale\" content=\"es_ES\" \/>\n\t\t<meta property=\"og:site_name\" content=\"El Digital de Asturias | Diario de informaci\u00f3n y noticias\" \/>\n\t\t<meta property=\"og:type\" content=\"article\" \/>\n\t\t<meta property=\"og:title\" content=\"Pl\u00e1cido Domingo ilumina Berna con una interpretaci\u00f3n inolvidable | El Digital de Asturias\" \/>\n\t\t<meta property=\"og:description\" content=\"El pasado 11 de mayo, el Casino de Berna fue escenario de una velada l\u00edrica de primer nivel con Pl\u00e1cido Domingo como gran protagonista. El tenor madrile\u00f1o\" \/>\n\t\t<meta property=\"og:url\" content=\"https:\/\/eldigitaldeasturias.com\/radio\/placido-domingo-ilumina-berna-con-una-interpretacion-inolvidable\/\" \/>\n\t\t<meta property=\"og:image\" content=\"https:\/\/eldigitaldeasturias.com\/radio\/wp-content\/uploads\/2025\/05\/Berna.jpg\" \/>\n\t\t<meta property=\"og:image:secure_url\" content=\"https:\/\/eldigitaldeasturias.com\/radio\/wp-content\/uploads\/2025\/05\/Berna.jpg\" \/>\n\t\t<meta property=\"og:image:width\" content=\"1068\" \/>\n\t\t<meta property=\"og:image:height\" content=\"632\" \/>\n\t\t<meta property=\"article:published_time\" content=\"2025-05-28T13:10:42+00:00\" \/>\n\t\t<meta property=\"article:modified_time\" content=\"2025-05-28T13:10:42+00:00\" \/>\n\t\t<meta name=\"twitter:card\" content=\"summary_large_image\" \/>\n\t\t<meta name=\"twitter:site\" content=\"@bercodi\" \/>\n\t\t<meta name=\"twitter:title\" content=\"Pl\u00e1cido Domingo ilumina Berna con una interpretaci\u00f3n inolvidable | El Digital de Asturias\" \/>\n\t\t<meta name=\"twitter:description\" content=\"El pasado 11 de mayo, el Casino de Berna fue escenario de una velada l\u00edrica de primer nivel con Pl\u00e1cido Domingo como gran protagonista. El tenor madrile\u00f1o\" \/>\n\t\t<meta name=\"twitter:creator\" content=\"@bercodi\" \/>\n\t\t<meta name=\"twitter:image\" content=\"https:\/\/eldigitaldeasturias.com\/radio\/wp-content\/uploads\/2025\/05\/Berna.jpg\" \/>\n\t\t<script type=\"application\/ld+json\" class=\"aioseo-schema\">\n\t\t\t{\"@context\":\"https:\\\/\\\/schema.org\",\"@graph\":[{\"@type\":\"BreadcrumbList\",\"@id\":\"https:\\\/\\\/eldigitaldeasturias.com\\\/radio\\\/placido-domingo-ilumina-berna-con-una-interpretacion-inolvidable\\\/#breadcrumblist\",\"itemListElement\":[{\"@type\":\"ListItem\",\"@id\":\"https:\\\/\\\/eldigitaldeasturias.com\\\/radio#listItem\",\"position\":1,\"name\":\"Inicio\",\"item\":\"https:\\\/\\\/eldigitaldeasturias.com\\\/radio\",\"nextItem\":{\"@type\":\"ListItem\",\"@id\":\"https:\\\/\\\/eldigitaldeasturias.com\\\/radio\\\/category\\\/variedades\\\/#listItem\",\"name\":\"Variedades\"}},{\"@type\":\"ListItem\",\"@id\":\"https:\\\/\\\/eldigitaldeasturias.com\\\/radio\\\/category\\\/variedades\\\/#listItem\",\"position\":2,\"name\":\"Variedades\",\"item\":\"https:\\\/\\\/eldigitaldeasturias.com\\\/radio\\\/category\\\/variedades\\\/\",\"nextItem\":{\"@type\":\"ListItem\",\"@id\":\"https:\\\/\\\/eldigitaldeasturias.com\\\/radio\\\/placido-domingo-ilumina-berna-con-una-interpretacion-inolvidable\\\/#listItem\",\"name\":\"Pl\\u00e1cido Domingo ilumina Berna con una interpretaci\\u00f3n inolvidable\"},\"previousItem\":{\"@type\":\"ListItem\",\"@id\":\"https:\\\/\\\/eldigitaldeasturias.com\\\/radio#listItem\",\"name\":\"Inicio\"}},{\"@type\":\"ListItem\",\"@id\":\"https:\\\/\\\/eldigitaldeasturias.com\\\/radio\\\/placido-domingo-ilumina-berna-con-una-interpretacion-inolvidable\\\/#listItem\",\"position\":3,\"name\":\"Pl\\u00e1cido Domingo ilumina Berna con una interpretaci\\u00f3n inolvidable\",\"previousItem\":{\"@type\":\"ListItem\",\"@id\":\"https:\\\/\\\/eldigitaldeasturias.com\\\/radio\\\/category\\\/variedades\\\/#listItem\",\"name\":\"Variedades\"}}]},{\"@type\":\"NewsArticle\",\"@id\":\"https:\\\/\\\/eldigitaldeasturias.com\\\/radio\\\/placido-domingo-ilumina-berna-con-una-interpretacion-inolvidable\\\/#newsarticle\",\"name\":\"Pl\\u00e1cido Domingo ilumina Berna con una interpretaci\\u00f3n inolvidable | El Digital de Asturias\",\"headline\":\"Pl\\u00e1cido Domingo ilumina Berna con una interpretaci\\u00f3n inolvidable\",\"author\":{\"@id\":\"https:\\\/\\\/eldigitaldeasturias.com\\\/radio\\\/author\\\/nbasturias\\\/#author\"},\"publisher\":{\"@id\":\"https:\\\/\\\/eldigitaldeasturias.com\\\/radio\\\/#organization\"},\"image\":{\"@type\":\"ImageObject\",\"url\":\"https:\\\/\\\/eldigitaldeasturias.com\\\/radio\\\/wp-content\\\/uploads\\\/2025\\\/05\\\/Berna.jpg\",\"width\":1068,\"height\":632,\"caption\":\"Berna\"},\"datePublished\":\"2025-05-28T15:10:42+02:00\",\"dateModified\":\"2025-05-28T15:10:42+02:00\",\"inLanguage\":\"es-ES\",\"mainEntityOfPage\":{\"@id\":\"https:\\\/\\\/eldigitaldeasturias.com\\\/radio\\\/placido-domingo-ilumina-berna-con-una-interpretacion-inolvidable\\\/#webpage\"},\"isPartOf\":{\"@id\":\"https:\\\/\\\/eldigitaldeasturias.com\\\/radio\\\/placido-domingo-ilumina-berna-con-una-interpretacion-inolvidable\\\/#webpage\"},\"articleSection\":\"Variedades, cultura\",\"dateline\":\"Publicado el mayo 28, 2025.\"},{\"@type\":\"Organization\",\"@id\":\"https:\\\/\\\/eldigitaldeasturias.com\\\/radio\\\/#organization\",\"name\":\"El digital de Asturias Radio\",\"description\":\"Diario de informaci\\u00f3n y noticias\",\"url\":\"https:\\\/\\\/eldigitaldeasturias.com\\\/radio\\\/\",\"telephone\":\"+34652131393\",\"logo\":{\"@type\":\"ImageObject\",\"url\":\"https:\\\/\\\/www.eldigitaldeasturias.com\\\/radio\\\/wp-content\\\/uploads\\\/2021\\\/03\\\/EDA.jpg\",\"@id\":\"https:\\\/\\\/eldigitaldeasturias.com\\\/radio\\\/placido-domingo-ilumina-berna-con-una-interpretacion-inolvidable\\\/#organizationLogo\"},\"image\":{\"@id\":\"https:\\\/\\\/eldigitaldeasturias.com\\\/radio\\\/placido-domingo-ilumina-berna-con-una-interpretacion-inolvidable\\\/#organizationLogo\"},\"sameAs\":[\"https:\\\/\\\/www.facebook.com\\\/\",\"https:\\\/\\\/x.com\\\/bercodi\",\"https:\\\/\\\/www.instagram.com\\\/\",\"https:\\\/\\\/www.youtube.com\\\/channel\\\/UCZP-2wLEB9Rv6erhFmqVnvg\"]},{\"@type\":\"Person\",\"@id\":\"https:\\\/\\\/eldigitaldeasturias.com\\\/radio\\\/author\\\/nbasturias\\\/#author\",\"url\":\"https:\\\/\\\/eldigitaldeasturias.com\\\/radio\\\/author\\\/nbasturias\\\/\",\"name\":\"NBAsturias\",\"image\":{\"@type\":\"ImageObject\",\"@id\":\"https:\\\/\\\/eldigitaldeasturias.com\\\/radio\\\/placido-domingo-ilumina-berna-con-una-interpretacion-inolvidable\\\/#authorImage\",\"url\":\"https:\\\/\\\/secure.gravatar.com\\\/avatar\\\/df2aeffc32bcd13f8d26072ef8a91b623d677766deac7f97ca815868cd41bf5e?s=96&d=mm&r=g\",\"width\":96,\"height\":96,\"caption\":\"NBAsturias\"}},{\"@type\":\"WebPage\",\"@id\":\"https:\\\/\\\/eldigitaldeasturias.com\\\/radio\\\/placido-domingo-ilumina-berna-con-una-interpretacion-inolvidable\\\/#webpage\",\"url\":\"https:\\\/\\\/eldigitaldeasturias.com\\\/radio\\\/placido-domingo-ilumina-berna-con-una-interpretacion-inolvidable\\\/\",\"name\":\"Pl\\u00e1cido Domingo ilumina Berna con una interpretaci\\u00f3n inolvidable | El Digital de Asturias\",\"description\":\"El pasado 11 de mayo, el Casino de Berna fue escenario de una velada l\\u00edrica de primer nivel con Pl\\u00e1cido Domingo como gran protagonista. El tenor madrile\\u00f1o\",\"inLanguage\":\"es-ES\",\"isPartOf\":{\"@id\":\"https:\\\/\\\/eldigitaldeasturias.com\\\/radio\\\/#website\"},\"breadcrumb\":{\"@id\":\"https:\\\/\\\/eldigitaldeasturias.com\\\/radio\\\/placido-domingo-ilumina-berna-con-una-interpretacion-inolvidable\\\/#breadcrumblist\"},\"author\":{\"@id\":\"https:\\\/\\\/eldigitaldeasturias.com\\\/radio\\\/author\\\/nbasturias\\\/#author\"},\"creator\":{\"@id\":\"https:\\\/\\\/eldigitaldeasturias.com\\\/radio\\\/author\\\/nbasturias\\\/#author\"},\"image\":{\"@type\":\"ImageObject\",\"url\":\"https:\\\/\\\/eldigitaldeasturias.com\\\/radio\\\/wp-content\\\/uploads\\\/2025\\\/05\\\/Berna.jpg\",\"@id\":\"https:\\\/\\\/eldigitaldeasturias.com\\\/radio\\\/placido-domingo-ilumina-berna-con-una-interpretacion-inolvidable\\\/#mainImage\",\"width\":1068,\"height\":632,\"caption\":\"Berna\"},\"primaryImageOfPage\":{\"@id\":\"https:\\\/\\\/eldigitaldeasturias.com\\\/radio\\\/placido-domingo-ilumina-berna-con-una-interpretacion-inolvidable\\\/#mainImage\"},\"datePublished\":\"2025-05-28T15:10:42+02:00\",\"dateModified\":\"2025-05-28T15:10:42+02:00\"},{\"@type\":\"WebSite\",\"@id\":\"https:\\\/\\\/eldigitaldeasturias.com\\\/radio\\\/#website\",\"url\":\"https:\\\/\\\/eldigitaldeasturias.com\\\/radio\\\/\",\"name\":\"El Digital de Asturias\",\"description\":\"Diario de informaci\\u00f3n y noticias\",\"inLanguage\":\"es-ES\",\"publisher\":{\"@id\":\"https:\\\/\\\/eldigitaldeasturias.com\\\/radio\\\/#organization\"}}]}\n\t\t<\/script>\n\t\t<!-- All in One SEO Pro -->\r\n\t\t<title>Pl\u00e1cido Domingo ilumina Berna con una interpretaci\u00f3n inolvidable | El Digital de Asturias<\/title>\n\n","aioseo_head_json":{"title":"Pl\u00e1cido Domingo ilumina Berna con una interpretaci\u00f3n inolvidable | El Digital de Asturias","description":"El pasado 11 de mayo, el Casino de Berna fue escenario de una velada l\u00edrica de primer nivel con Pl\u00e1cido Domingo como gran protagonista. El tenor madrile\u00f1o","canonical_url":"https:\/\/eldigitaldeasturias.com\/radio\/placido-domingo-ilumina-berna-con-una-interpretacion-inolvidable\/","robots":"max-image-preview:large","keywords":"variedades","webmasterTools":{"google-site-verification":"UA-38556648-1","miscellaneous":""},"schema":{"@context":"https:\/\/schema.org","@graph":[{"@type":"BreadcrumbList","@id":"https:\/\/eldigitaldeasturias.com\/radio\/placido-domingo-ilumina-berna-con-una-interpretacion-inolvidable\/#breadcrumblist","itemListElement":[{"@type":"ListItem","@id":"https:\/\/eldigitaldeasturias.com\/radio#listItem","position":1,"name":"Inicio","item":"https:\/\/eldigitaldeasturias.com\/radio","nextItem":{"@type":"ListItem","@id":"https:\/\/eldigitaldeasturias.com\/radio\/category\/variedades\/#listItem","name":"Variedades"}},{"@type":"ListItem","@id":"https:\/\/eldigitaldeasturias.com\/radio\/category\/variedades\/#listItem","position":2,"name":"Variedades","item":"https:\/\/eldigitaldeasturias.com\/radio\/category\/variedades\/","nextItem":{"@type":"ListItem","@id":"https:\/\/eldigitaldeasturias.com\/radio\/placido-domingo-ilumina-berna-con-una-interpretacion-inolvidable\/#listItem","name":"Pl\u00e1cido Domingo ilumina Berna con una interpretaci\u00f3n inolvidable"},"previousItem":{"@type":"ListItem","@id":"https:\/\/eldigitaldeasturias.com\/radio#listItem","name":"Inicio"}},{"@type":"ListItem","@id":"https:\/\/eldigitaldeasturias.com\/radio\/placido-domingo-ilumina-berna-con-una-interpretacion-inolvidable\/#listItem","position":3,"name":"Pl\u00e1cido Domingo ilumina Berna con una interpretaci\u00f3n inolvidable","previousItem":{"@type":"ListItem","@id":"https:\/\/eldigitaldeasturias.com\/radio\/category\/variedades\/#listItem","name":"Variedades"}}]},{"@type":"NewsArticle","@id":"https:\/\/eldigitaldeasturias.com\/radio\/placido-domingo-ilumina-berna-con-una-interpretacion-inolvidable\/#newsarticle","name":"Pl\u00e1cido Domingo ilumina Berna con una interpretaci\u00f3n inolvidable | El Digital de Asturias","headline":"Pl\u00e1cido Domingo ilumina Berna con una interpretaci\u00f3n inolvidable","author":{"@id":"https:\/\/eldigitaldeasturias.com\/radio\/author\/nbasturias\/#author"},"publisher":{"@id":"https:\/\/eldigitaldeasturias.com\/radio\/#organization"},"image":{"@type":"ImageObject","url":"https:\/\/eldigitaldeasturias.com\/radio\/wp-content\/uploads\/2025\/05\/Berna.jpg","width":1068,"height":632,"caption":"Berna"},"datePublished":"2025-05-28T15:10:42+02:00","dateModified":"2025-05-28T15:10:42+02:00","inLanguage":"es-ES","mainEntityOfPage":{"@id":"https:\/\/eldigitaldeasturias.com\/radio\/placido-domingo-ilumina-berna-con-una-interpretacion-inolvidable\/#webpage"},"isPartOf":{"@id":"https:\/\/eldigitaldeasturias.com\/radio\/placido-domingo-ilumina-berna-con-una-interpretacion-inolvidable\/#webpage"},"articleSection":"Variedades, cultura","dateline":"Publicado el mayo 28, 2025."},{"@type":"Organization","@id":"https:\/\/eldigitaldeasturias.com\/radio\/#organization","name":"El digital de Asturias Radio","description":"Diario de informaci\u00f3n y noticias","url":"https:\/\/eldigitaldeasturias.com\/radio\/","telephone":"+34652131393","logo":{"@type":"ImageObject","url":"https:\/\/www.eldigitaldeasturias.com\/radio\/wp-content\/uploads\/2021\/03\/EDA.jpg","@id":"https:\/\/eldigitaldeasturias.com\/radio\/placido-domingo-ilumina-berna-con-una-interpretacion-inolvidable\/#organizationLogo"},"image":{"@id":"https:\/\/eldigitaldeasturias.com\/radio\/placido-domingo-ilumina-berna-con-una-interpretacion-inolvidable\/#organizationLogo"},"sameAs":["https:\/\/www.facebook.com\/","https:\/\/x.com\/bercodi","https:\/\/www.instagram.com\/","https:\/\/www.youtube.com\/channel\/UCZP-2wLEB9Rv6erhFmqVnvg"]},{"@type":"Person","@id":"https:\/\/eldigitaldeasturias.com\/radio\/author\/nbasturias\/#author","url":"https:\/\/eldigitaldeasturias.com\/radio\/author\/nbasturias\/","name":"NBAsturias","image":{"@type":"ImageObject","@id":"https:\/\/eldigitaldeasturias.com\/radio\/placido-domingo-ilumina-berna-con-una-interpretacion-inolvidable\/#authorImage","url":"https:\/\/secure.gravatar.com\/avatar\/df2aeffc32bcd13f8d26072ef8a91b623d677766deac7f97ca815868cd41bf5e?s=96&d=mm&r=g","width":96,"height":96,"caption":"NBAsturias"}},{"@type":"WebPage","@id":"https:\/\/eldigitaldeasturias.com\/radio\/placido-domingo-ilumina-berna-con-una-interpretacion-inolvidable\/#webpage","url":"https:\/\/eldigitaldeasturias.com\/radio\/placido-domingo-ilumina-berna-con-una-interpretacion-inolvidable\/","name":"Pl\u00e1cido Domingo ilumina Berna con una interpretaci\u00f3n inolvidable | El Digital de Asturias","description":"El pasado 11 de mayo, el Casino de Berna fue escenario de una velada l\u00edrica de primer nivel con Pl\u00e1cido Domingo como gran protagonista. El tenor madrile\u00f1o","inLanguage":"es-ES","isPartOf":{"@id":"https:\/\/eldigitaldeasturias.com\/radio\/#website"},"breadcrumb":{"@id":"https:\/\/eldigitaldeasturias.com\/radio\/placido-domingo-ilumina-berna-con-una-interpretacion-inolvidable\/#breadcrumblist"},"author":{"@id":"https:\/\/eldigitaldeasturias.com\/radio\/author\/nbasturias\/#author"},"creator":{"@id":"https:\/\/eldigitaldeasturias.com\/radio\/author\/nbasturias\/#author"},"image":{"@type":"ImageObject","url":"https:\/\/eldigitaldeasturias.com\/radio\/wp-content\/uploads\/2025\/05\/Berna.jpg","@id":"https:\/\/eldigitaldeasturias.com\/radio\/placido-domingo-ilumina-berna-con-una-interpretacion-inolvidable\/#mainImage","width":1068,"height":632,"caption":"Berna"},"primaryImageOfPage":{"@id":"https:\/\/eldigitaldeasturias.com\/radio\/placido-domingo-ilumina-berna-con-una-interpretacion-inolvidable\/#mainImage"},"datePublished":"2025-05-28T15:10:42+02:00","dateModified":"2025-05-28T15:10:42+02:00"},{"@type":"WebSite","@id":"https:\/\/eldigitaldeasturias.com\/radio\/#website","url":"https:\/\/eldigitaldeasturias.com\/radio\/","name":"El Digital de Asturias","description":"Diario de informaci\u00f3n y noticias","inLanguage":"es-ES","publisher":{"@id":"https:\/\/eldigitaldeasturias.com\/radio\/#organization"}}]},"og:locale":"es_ES","og:site_name":"El Digital de Asturias | Diario de informaci\u00f3n y noticias","og:type":"article","og:title":"Pl\u00e1cido Domingo ilumina Berna con una interpretaci\u00f3n inolvidable | El Digital de Asturias","og:description":"El pasado 11 de mayo, el Casino de Berna fue escenario de una velada l\u00edrica de primer nivel con Pl\u00e1cido Domingo como gran protagonista. El tenor madrile\u00f1o","og:url":"https:\/\/eldigitaldeasturias.com\/radio\/placido-domingo-ilumina-berna-con-una-interpretacion-inolvidable\/","og:image":"https:\/\/eldigitaldeasturias.com\/radio\/wp-content\/uploads\/2025\/05\/Berna.jpg","og:image:secure_url":"https:\/\/eldigitaldeasturias.com\/radio\/wp-content\/uploads\/2025\/05\/Berna.jpg","og:image:width":1068,"og:image:height":632,"article:published_time":"2025-05-28T13:10:42+00:00","article:modified_time":"2025-05-28T13:10:42+00:00","twitter:card":"summary_large_image","twitter:site":"@bercodi","twitter:title":"Pl\u00e1cido Domingo ilumina Berna con una interpretaci\u00f3n inolvidable | El Digital de Asturias","twitter:description":"El pasado 11 de mayo, el Casino de Berna fue escenario de una velada l\u00edrica de primer nivel con Pl\u00e1cido Domingo como gran protagonista. El tenor madrile\u00f1o","twitter:creator":"@bercodi","twitter:image":"https:\/\/eldigitaldeasturias.com\/radio\/wp-content\/uploads\/2025\/05\/Berna.jpg"},"aioseo_meta_data":{"post_id":"10349","title":null,"description":"El pasado 11 de mayo, el Casino de Berna fue escenario de una velada l\u00edrica de primer nivel con Pl\u00e1cido Domingo como gran protagonista. El tenor madrile\u00f1o","keywords":null,"keyphrases":{"focus":{"keyphrase":"Berna","score":72,"analysis":{"keyphraseInTitle":{"score":9,"maxScore":9,"error":0},"keyphraseInDescription":{"score":9,"maxScore":9,"error":0},"keyphraseLength":{"score":9,"maxScore":9,"error":0,"length":1},"keyphraseInURL":{"score":1,"maxScore":5,"error":1},"keyphraseInIntroduction":{"score":9,"maxScore":9,"error":0},"keyphraseInSubHeadings":{"score":3,"maxScore":9,"error":1},"keyphraseInImageAlt":{"score":9,"maxScore":9,"error":0},"keywordDensity":{"score":0,"type":"low","maxScore":9,"error":1}}},"additional":[{"keyphrase":"Berna","score":80,"analysis":{"keyphraseInDescription":{"score":9,"maxScore":9,"error":0},"keyphraseLength":{"score":9,"maxScore":9,"error":0,"length":1},"keyphraseInIntroduction":{"score":9,"maxScore":9,"error":0},"keyphraseInImageAlt":{"score":9,"maxScore":9,"error":0},"keywordDensity":{"score":0,"type":"low","maxScore":9,"error":1}}}]},"primary_term":null,"canonical_url":null,"og_title":null,"og_description":null,"og_object_type":"default","og_image_type":"default","og_image_url":null,"og_image_width":null,"og_image_height":null,"og_image_custom_url":null,"og_image_custom_fields":null,"og_video":"","og_custom_url":null,"og_article_section":null,"og_article_tags":null,"twitter_use_og":false,"twitter_card":"default","twitter_image_type":"default","twitter_image_url":null,"twitter_image_custom_url":null,"twitter_image_custom_fields":null,"twitter_title":null,"twitter_description":null,"schema":{"blockGraphs":[],"customGraphs":[],"default":{"data":{"Article":[],"Course":[],"Dataset":[],"FAQPage":[],"Movie":[],"Person":[],"Product":[],"ProductReview":[],"Car":[],"Recipe":[],"Service":[],"SoftwareApplication":[],"WebPage":[]},"graphName":"NewsArticle","isEnabled":true},"graphs":[]},"schema_type":"default","schema_type_options":null,"pillar_content":false,"robots_default":true,"robots_noindex":false,"robots_noarchive":false,"robots_nosnippet":false,"robots_nofollow":false,"robots_noimageindex":false,"robots_noodp":false,"robots_notranslate":false,"robots_max_snippet":"-1","robots_max_videopreview":"-1","robots_max_imagepreview":"large","priority":null,"frequency":"default","location":null,"local_seo":null,"seo_analyzer_scan_date":"2025-08-29 00:22:29","breadcrumb_settings":null,"limit_modified_date":false,"open_ai":"{\"title\":{\"suggestions\":[],\"usage\":0},\"description\":{\"suggestions\":[],\"usage\":0}}","ai":null,"created":"2025-05-28 13:07:47","updated":"2025-08-29 00:22:29"},"aioseo_breadcrumb":"<div class=\"aioseo-breadcrumbs\"><span class=\"aioseo-breadcrumb\">\n\t<a href=\"https:\/\/eldigitaldeasturias.com\/radio\" title=\"Inicio\">Inicio<\/a>\n<\/span><span class=\"aioseo-breadcrumb-separator\">&ndash;<\/span><span class=\"aioseo-breadcrumb\">\n\t<a href=\"https:\/\/eldigitaldeasturias.com\/radio\/category\/variedades\/\" title=\"Variedades\">Variedades<\/a>\n<\/span><span class=\"aioseo-breadcrumb-separator\">&ndash;<\/span><span class=\"aioseo-breadcrumb\">\n\tPl\u00e1cido Domingo ilumina Berna con una interpretaci\u00f3n inolvidable\n<\/span><\/div>","aioseo_breadcrumb_json":[{"label":"Inicio","link":"https:\/\/eldigitaldeasturias.com\/radio"},{"label":"Variedades","link":"https:\/\/eldigitaldeasturias.com\/radio\/category\/variedades\/"},{"label":"Pl\u00e1cido Domingo ilumina Berna con una interpretaci\u00f3n inolvidable","link":"https:\/\/eldigitaldeasturias.com\/radio\/placido-domingo-ilumina-berna-con-una-interpretacion-inolvidable\/"}],"_links":{"self":[{"href":"https:\/\/eldigitaldeasturias.com\/radio\/wp-json\/wp\/v2\/posts\/10349","targetHints":{"allow":["GET"]}}],"collection":[{"href":"https:\/\/eldigitaldeasturias.com\/radio\/wp-json\/wp\/v2\/posts"}],"about":[{"href":"https:\/\/eldigitaldeasturias.com\/radio\/wp-json\/wp\/v2\/types\/post"}],"author":[{"embeddable":true,"href":"https:\/\/eldigitaldeasturias.com\/radio\/wp-json\/wp\/v2\/users\/1"}],"replies":[{"embeddable":true,"href":"https:\/\/eldigitaldeasturias.com\/radio\/wp-json\/wp\/v2\/comments?post=10349"}],"version-history":[{"count":0,"href":"https:\/\/eldigitaldeasturias.com\/radio\/wp-json\/wp\/v2\/posts\/10349\/revisions"}],"wp:featuredmedia":[{"embeddable":true,"href":"https:\/\/eldigitaldeasturias.com\/radio\/wp-json\/wp\/v2\/media\/10350"}],"wp:attachment":[{"href":"https:\/\/eldigitaldeasturias.com\/radio\/wp-json\/wp\/v2\/media?parent=10349"}],"wp:term":[{"taxonomy":"category","embeddable":true,"href":"https:\/\/eldigitaldeasturias.com\/radio\/wp-json\/wp\/v2\/categories?post=10349"},{"taxonomy":"post_tag","embeddable":true,"href":"https:\/\/eldigitaldeasturias.com\/radio\/wp-json\/wp\/v2\/tags?post=10349"}],"curies":[{"name":"wp","href":"https:\/\/api.w.org\/{rel}","templated":true}]}}