{"id":10227,"date":"2025-05-02T08:08:38","date_gmt":"2025-05-02T06:08:38","guid":{"rendered":"https:\/\/eldigitaldeasturias.com\/radio\/?p=10227"},"modified":"2025-05-02T08:08:38","modified_gmt":"2025-05-02T06:08:38","slug":"crema-para-la-dermatitis-atopica-y-los-eccemas-cual-usar","status":"publish","type":"post","link":"https:\/\/eldigitaldeasturias.com\/radio\/crema-para-la-dermatitis-atopica-y-los-eccemas-cual-usar\/","title":{"rendered":"Crema para la dermatitis at\u00f3pica y los eccemas: \u00bfCu\u00e1l usar?"},"content":{"rendered":"<p>Cada vez son m\u00e1s las personas que buscan informaci\u00f3n sobre productos de confianza con los que se pueda hacer frente a la <strong>dermatitis at\u00f3pica<\/strong> y <strong>los eccemas<\/strong>, pues son muchos los que padecen <strong>estas afecciones de la piel que pueden causar mucho malestar debido a la inflamaci\u00f3n, picaz\u00f3n y enrojecimiento que provocan.<\/strong><\/p>\n<figure id=\"attachment_10228\" aria-describedby=\"caption-attachment-10228\" style=\"width: 640px\" class=\"wp-caption aligncenter\"><img fetchpriority=\"high\" decoding=\"async\" class=\"size-full wp-image-10228\" src=\"https:\/\/eldigitaldeasturias.com\/radio\/wp-content\/uploads\/2025\/05\/Crema-para-la-dermatitis-atopica-y-los-eccemas.jpg\" alt=\"Crema para la dermatitis at\u00f3pica y los eccemas\" width=\"640\" height=\"480\" srcset=\"https:\/\/eldigitaldeasturias.com\/radio\/wp-content\/uploads\/2025\/05\/Crema-para-la-dermatitis-atopica-y-los-eccemas.jpg 640w, https:\/\/eldigitaldeasturias.com\/radio\/wp-content\/uploads\/2025\/05\/Crema-para-la-dermatitis-atopica-y-los-eccemas-360x270.jpg 360w, https:\/\/eldigitaldeasturias.com\/radio\/wp-content\/uploads\/2025\/05\/Crema-para-la-dermatitis-atopica-y-los-eccemas-150x113.jpg 150w, https:\/\/eldigitaldeasturias.com\/radio\/wp-content\/uploads\/2025\/05\/Crema-para-la-dermatitis-atopica-y-los-eccemas-450x338.jpg 450w\" sizes=\"(max-width: 640px) 100vw, 640px\" \/><figcaption id=\"caption-attachment-10228\" class=\"wp-caption-text\">Foto: dermcontrol.inveskin.com<\/figcaption><\/figure>\n<p><strong><a title=\"Crema para eccemas\" href=\"https:\/\/dermcontrol.inveskin.com\/producto\/dermcontrol-envase-tubo-75ml\/\" target=\"_blank\" rel=\"noopener\"><span style=\"color: #ff6600;\">Crema para eccemas<\/span><\/a> es mucho m\u00e1s que un alivio temporal<\/strong>, puede incluso ayudar a las personas a tener una mejor calidad de vida. <strong>La prueba de ello son los beneficios de la nueva crema para piel at\u00f3pica que se llama DermControl<\/strong>. Los expertos a los que hemos consultado nos explican que la crema est\u00e1 formulada a base de \u00e1cido hialur\u00f3nico, y una soluci\u00f3n patentada biotecnol\u00f3gica con EGF (factor de crecimiento de la epidermis), <strong>un componente natural de nuestra dermis responsable de la reparaci\u00f3n y mantenimiento de piel y mucosas.<\/strong><\/p>\n<blockquote><p>La crema es ideal para mitigar las irritaciones, el enrojecimiento, el picor y la piel da\u00f1ada, que suelen ser los s\u00edntomas comunes de la piel seca y la dermatitis at\u00f3pica<\/p><\/blockquote>\n<h2>Posibles causas de la dermatitis at\u00f3pica<\/h2>\n<p><strong>Una de las posibles causas de la dermatitis at\u00f3pica es la predisposici\u00f3n gen\u00e9tica<\/strong>. Si en la familia hay antecedentes de eczema, asma o fiebre del heno, es m\u00e1s probable que tambi\u00e9n puedas llegar a desarrollar dermatitis at\u00f3pica. Esto se debe a que estas condiciones comparten un componente gen\u00e9tico que afecta el sistema inmunol\u00f3gico.<strong> Pero recuerda que la mejor opci\u00f3n siempre es ponerse en manos de expertos y profesionales que puedan realizar un estudio y ofrecerte un diagnostico profesional.<\/strong><\/p>\n<p><strong>Otra de las posibles causas es cuando barrera protectora de la piel en personas con dermatitis at\u00f3pica tiende a ser m\u00e1s d\u00e9bil.<\/strong> La piel sana suele ser una barrera mucho m\u00e1s eficaz que retiene la humedad y act\u00faa como escudo contra irritantes, al\u00e9rgenos y bacterias.<\/p>\n<blockquote><p>En la dermatitis at\u00f3pica, esta barrera est\u00e1 comprometida, lo que facilita la p\u00e9rdida de humedad y la entrada de sustancias irritantes.<\/p><\/blockquote>\n<p><strong>Los factores ambientales tambi\u00e9n juegan un papel importante<\/strong>, al igual que los cambios bruscos de temperatura, la exposici\u00f3n a climas secos o muy h\u00famedos, y los irritantes como jabones fuertes, detergentes y perfumes pueden desencadenar episodios de eccema. <strong>El estr\u00e9s emocional tambi\u00e9n puede agravar la condici\u00f3n, aunque no es una causa directa<\/strong>. No obstante <strong>recuerda realizar siempre tus consultas con profesionales de la salud<\/strong> para tener m\u00e1s informaci\u00f3n y para poder realizar el tratamiento que mejor se ajuste a tu caso personal.<\/p>\n<p>Seg\u00fan varios estudios que hemos consultado otros desencadenantes incluyen ciertas alergias alimentarias y a\u00e9reos (<strong>como \u00e1caros del polvo, polen o pelo de animales<\/strong>). Estos al\u00e9rgenos pueden activar una respuesta inmune que provoca el enrojecimiento y picaz\u00f3n caracter\u00edsticos del eccema. Y adem\u00e1s tambi\u00e9n hay que tener presentes algunas infecciones bacterianas en la piel que pueden empeorar los s\u00edntomas debido a que la barrera cut\u00e1nea debilitada facilita la entrada de bacterias como el estafilococo, <strong>en ese caso no tardes en ponerte en manos de profesionales de la salud.<\/strong><\/p>\n<p><strong>La dermatitis at\u00f3pica y los eccemas pueden ser causados por una combinaci\u00f3n de factores gen\u00e9ticos, ambientales e inmunol\u00f3gicos.<\/strong> Aunque no se pueden prevenir por complete siempre es muy \u00fatil conocer sus posibles causas para de ese modo poder manejar mejor los s\u00edntomas y evitar que vaya a m\u00e1s<\/p>\n<p>Mantener la piel bien hidratada, evitar irritantes conocidos y gestionar el estr\u00e9s son medidas \u00fatiles para controlar estos problemas cut\u00e1neos. T<strong>ambi\u00e9n la crema de la que te hemos hablado y obviamente ponerse en manos de profesionales de la salud cuando comienzan a aparecer los s\u00edntomas. Una vida sana y saludable siempre aporta una mejor calidad de vida a todos.<\/strong><\/p>\n","protected":false},"excerpt":{"rendered":"<p>Cada vez son m\u00e1s las personas que buscan informaci\u00f3n sobre productos de confianza con los que se pueda hacer frente a la dermatitis at\u00f3pica y los eccemas, pues son muchos los que padecen estas afecciones de la piel que pueden causar mucho malestar debido a la inflamaci\u00f3n, picaz\u00f3n y enrojecimiento que provocan. Crema para eccemas<\/p>\n","protected":false},"author":1,"featured_media":10228,"comment_status":"closed","ping_status":"closed","sticky":false,"template":"","format":"standard","meta":{"footnotes":""},"categories":[38],"tags":[88],"class_list":{"0":"post-10227","1":"post","2":"type-post","3":"status-publish","4":"format-standard","5":"has-post-thumbnail","7":"category-live","8":"tag-salud"},"aioseo_notices":[],"aioseo_head":"\n\t\t<!-- All in One SEO Pro 4.9.6.2 - aioseo.com -->\n\t<meta name=\"description\" content=\"Cada vez son m\u00e1s las personas que buscan informaci\u00f3n sobre productos de confianza con los que se pueda hacer frente a la dermatitis at\u00f3pica y los eccemas\" \/>\n\t<meta name=\"robots\" content=\"max-image-preview:large\" \/>\n\t<meta name=\"author\" content=\"NBAsturias\"\/>\n\t<meta name=\"google-site-verification\" content=\"UA-38556648-1\" \/>\n\t<meta name=\"keywords\" content=\"live\" \/>\n\t<link rel=\"canonical\" href=\"https:\/\/eldigitaldeasturias.com\/radio\/crema-para-la-dermatitis-atopica-y-los-eccemas-cual-usar\/\" \/>\n\t<meta name=\"generator\" content=\"All in One SEO Pro (AIOSEO) 4.9.6.2\" \/>\n\t\t<meta property=\"og:locale\" content=\"es_ES\" \/>\n\t\t<meta property=\"og:site_name\" content=\"El Digital de Asturias | Diario de informaci\u00f3n y noticias\" \/>\n\t\t<meta property=\"og:type\" content=\"article\" \/>\n\t\t<meta property=\"og:title\" content=\"Crema para la dermatitis at\u00f3pica y los eccemas: \u00bfCu\u00e1l usar? | El Digital de Asturias\" \/>\n\t\t<meta property=\"og:description\" content=\"Cada vez son m\u00e1s las personas que buscan informaci\u00f3n sobre productos de confianza con los que se pueda hacer frente a la dermatitis at\u00f3pica y los eccemas\" \/>\n\t\t<meta property=\"og:url\" content=\"https:\/\/eldigitaldeasturias.com\/radio\/crema-para-la-dermatitis-atopica-y-los-eccemas-cual-usar\/\" \/>\n\t\t<meta property=\"og:image\" content=\"https:\/\/eldigitaldeasturias.com\/radio\/wp-content\/uploads\/2025\/05\/Crema-para-la-dermatitis-atopica-y-los-eccemas.jpg\" \/>\n\t\t<meta property=\"og:image:secure_url\" content=\"https:\/\/eldigitaldeasturias.com\/radio\/wp-content\/uploads\/2025\/05\/Crema-para-la-dermatitis-atopica-y-los-eccemas.jpg\" \/>\n\t\t<meta property=\"og:image:width\" content=\"640\" \/>\n\t\t<meta property=\"og:image:height\" content=\"480\" \/>\n\t\t<meta property=\"article:published_time\" content=\"2025-05-02T06:08:38+00:00\" \/>\n\t\t<meta property=\"article:modified_time\" content=\"2025-05-02T06:08:38+00:00\" \/>\n\t\t<meta name=\"twitter:card\" content=\"summary_large_image\" \/>\n\t\t<meta name=\"twitter:site\" content=\"@bercodi\" \/>\n\t\t<meta name=\"twitter:title\" content=\"Crema para la dermatitis at\u00f3pica y los eccemas: \u00bfCu\u00e1l usar? | El Digital de Asturias\" \/>\n\t\t<meta name=\"twitter:description\" content=\"Cada vez son m\u00e1s las personas que buscan informaci\u00f3n sobre productos de confianza con los que se pueda hacer frente a la dermatitis at\u00f3pica y los eccemas\" \/>\n\t\t<meta name=\"twitter:creator\" content=\"@bercodi\" \/>\n\t\t<meta name=\"twitter:image\" content=\"https:\/\/eldigitaldeasturias.com\/radio\/wp-content\/uploads\/2025\/05\/Crema-para-la-dermatitis-atopica-y-los-eccemas.jpg\" \/>\n\t\t<script type=\"application\/ld+json\" class=\"aioseo-schema\">\n\t\t\t{\"@context\":\"https:\\\/\\\/schema.org\",\"@graph\":[{\"@type\":\"BreadcrumbList\",\"@id\":\"https:\\\/\\\/eldigitaldeasturias.com\\\/radio\\\/crema-para-la-dermatitis-atopica-y-los-eccemas-cual-usar\\\/#breadcrumblist\",\"itemListElement\":[{\"@type\":\"ListItem\",\"@id\":\"https:\\\/\\\/eldigitaldeasturias.com\\\/radio#listItem\",\"position\":1,\"name\":\"Inicio\",\"item\":\"https:\\\/\\\/eldigitaldeasturias.com\\\/radio\",\"nextItem\":{\"@type\":\"ListItem\",\"@id\":\"https:\\\/\\\/eldigitaldeasturias.com\\\/radio\\\/category\\\/live\\\/#listItem\",\"name\":\"Live\"}},{\"@type\":\"ListItem\",\"@id\":\"https:\\\/\\\/eldigitaldeasturias.com\\\/radio\\\/category\\\/live\\\/#listItem\",\"position\":2,\"name\":\"Live\",\"item\":\"https:\\\/\\\/eldigitaldeasturias.com\\\/radio\\\/category\\\/live\\\/\",\"nextItem\":{\"@type\":\"ListItem\",\"@id\":\"https:\\\/\\\/eldigitaldeasturias.com\\\/radio\\\/crema-para-la-dermatitis-atopica-y-los-eccemas-cual-usar\\\/#listItem\",\"name\":\"Crema para la dermatitis at\\u00f3pica y los eccemas: \\u00bfCu\\u00e1l usar?\"},\"previousItem\":{\"@type\":\"ListItem\",\"@id\":\"https:\\\/\\\/eldigitaldeasturias.com\\\/radio#listItem\",\"name\":\"Inicio\"}},{\"@type\":\"ListItem\",\"@id\":\"https:\\\/\\\/eldigitaldeasturias.com\\\/radio\\\/crema-para-la-dermatitis-atopica-y-los-eccemas-cual-usar\\\/#listItem\",\"position\":3,\"name\":\"Crema para la dermatitis at\\u00f3pica y los eccemas: \\u00bfCu\\u00e1l usar?\",\"previousItem\":{\"@type\":\"ListItem\",\"@id\":\"https:\\\/\\\/eldigitaldeasturias.com\\\/radio\\\/category\\\/live\\\/#listItem\",\"name\":\"Live\"}}]},{\"@type\":\"NewsArticle\",\"@id\":\"https:\\\/\\\/eldigitaldeasturias.com\\\/radio\\\/crema-para-la-dermatitis-atopica-y-los-eccemas-cual-usar\\\/#newsarticle\",\"name\":\"Crema para la dermatitis at\\u00f3pica y los eccemas: \\u00bfCu\\u00e1l usar? | El Digital de Asturias\",\"headline\":\"Crema para la dermatitis at\\u00f3pica y los eccemas: \\u00bfCu\\u00e1l usar?\",\"author\":{\"@id\":\"https:\\\/\\\/eldigitaldeasturias.com\\\/radio\\\/author\\\/nbasturias\\\/#author\"},\"publisher\":{\"@id\":\"https:\\\/\\\/eldigitaldeasturias.com\\\/radio\\\/#organization\"},\"image\":{\"@type\":\"ImageObject\",\"url\":\"https:\\\/\\\/eldigitaldeasturias.com\\\/radio\\\/wp-content\\\/uploads\\\/2025\\\/05\\\/Crema-para-la-dermatitis-atopica-y-los-eccemas.jpg\",\"width\":640,\"height\":480,\"caption\":\"Foto: dermcontrol.inveskin.com\"},\"datePublished\":\"2025-05-02T08:08:38+02:00\",\"dateModified\":\"2025-05-02T08:08:38+02:00\",\"inLanguage\":\"es-ES\",\"mainEntityOfPage\":{\"@id\":\"https:\\\/\\\/eldigitaldeasturias.com\\\/radio\\\/crema-para-la-dermatitis-atopica-y-los-eccemas-cual-usar\\\/#webpage\"},\"isPartOf\":{\"@id\":\"https:\\\/\\\/eldigitaldeasturias.com\\\/radio\\\/crema-para-la-dermatitis-atopica-y-los-eccemas-cual-usar\\\/#webpage\"},\"articleSection\":\"Live, salud\",\"dateline\":\"Publicado el mayo 2, 2025.\"},{\"@type\":\"Organization\",\"@id\":\"https:\\\/\\\/eldigitaldeasturias.com\\\/radio\\\/#organization\",\"name\":\"El digital de Asturias Radio\",\"description\":\"Diario de informaci\\u00f3n y noticias\",\"url\":\"https:\\\/\\\/eldigitaldeasturias.com\\\/radio\\\/\",\"telephone\":\"+34652131393\",\"logo\":{\"@type\":\"ImageObject\",\"url\":\"https:\\\/\\\/www.eldigitaldeasturias.com\\\/radio\\\/wp-content\\\/uploads\\\/2021\\\/03\\\/EDA.jpg\",\"@id\":\"https:\\\/\\\/eldigitaldeasturias.com\\\/radio\\\/crema-para-la-dermatitis-atopica-y-los-eccemas-cual-usar\\\/#organizationLogo\"},\"image\":{\"@id\":\"https:\\\/\\\/eldigitaldeasturias.com\\\/radio\\\/crema-para-la-dermatitis-atopica-y-los-eccemas-cual-usar\\\/#organizationLogo\"},\"sameAs\":[\"https:\\\/\\\/www.facebook.com\\\/\",\"https:\\\/\\\/x.com\\\/bercodi\",\"https:\\\/\\\/www.instagram.com\\\/\",\"https:\\\/\\\/www.youtube.com\\\/channel\\\/UCZP-2wLEB9Rv6erhFmqVnvg\"]},{\"@type\":\"Person\",\"@id\":\"https:\\\/\\\/eldigitaldeasturias.com\\\/radio\\\/author\\\/nbasturias\\\/#author\",\"url\":\"https:\\\/\\\/eldigitaldeasturias.com\\\/radio\\\/author\\\/nbasturias\\\/\",\"name\":\"NBAsturias\",\"image\":{\"@type\":\"ImageObject\",\"@id\":\"https:\\\/\\\/eldigitaldeasturias.com\\\/radio\\\/crema-para-la-dermatitis-atopica-y-los-eccemas-cual-usar\\\/#authorImage\",\"url\":\"https:\\\/\\\/secure.gravatar.com\\\/avatar\\\/df2aeffc32bcd13f8d26072ef8a91b623d677766deac7f97ca815868cd41bf5e?s=96&d=mm&r=g\",\"width\":96,\"height\":96,\"caption\":\"NBAsturias\"}},{\"@type\":\"WebPage\",\"@id\":\"https:\\\/\\\/eldigitaldeasturias.com\\\/radio\\\/crema-para-la-dermatitis-atopica-y-los-eccemas-cual-usar\\\/#webpage\",\"url\":\"https:\\\/\\\/eldigitaldeasturias.com\\\/radio\\\/crema-para-la-dermatitis-atopica-y-los-eccemas-cual-usar\\\/\",\"name\":\"Crema para la dermatitis at\\u00f3pica y los eccemas: \\u00bfCu\\u00e1l usar? | El Digital de Asturias\",\"description\":\"Cada vez son m\\u00e1s las personas que buscan informaci\\u00f3n sobre productos de confianza con los que se pueda hacer frente a la dermatitis at\\u00f3pica y los eccemas\",\"inLanguage\":\"es-ES\",\"isPartOf\":{\"@id\":\"https:\\\/\\\/eldigitaldeasturias.com\\\/radio\\\/#website\"},\"breadcrumb\":{\"@id\":\"https:\\\/\\\/eldigitaldeasturias.com\\\/radio\\\/crema-para-la-dermatitis-atopica-y-los-eccemas-cual-usar\\\/#breadcrumblist\"},\"author\":{\"@id\":\"https:\\\/\\\/eldigitaldeasturias.com\\\/radio\\\/author\\\/nbasturias\\\/#author\"},\"creator\":{\"@id\":\"https:\\\/\\\/eldigitaldeasturias.com\\\/radio\\\/author\\\/nbasturias\\\/#author\"},\"image\":{\"@type\":\"ImageObject\",\"url\":\"https:\\\/\\\/eldigitaldeasturias.com\\\/radio\\\/wp-content\\\/uploads\\\/2025\\\/05\\\/Crema-para-la-dermatitis-atopica-y-los-eccemas.jpg\",\"@id\":\"https:\\\/\\\/eldigitaldeasturias.com\\\/radio\\\/crema-para-la-dermatitis-atopica-y-los-eccemas-cual-usar\\\/#mainImage\",\"width\":640,\"height\":480,\"caption\":\"Foto: dermcontrol.inveskin.com\"},\"primaryImageOfPage\":{\"@id\":\"https:\\\/\\\/eldigitaldeasturias.com\\\/radio\\\/crema-para-la-dermatitis-atopica-y-los-eccemas-cual-usar\\\/#mainImage\"},\"datePublished\":\"2025-05-02T08:08:38+02:00\",\"dateModified\":\"2025-05-02T08:08:38+02:00\"},{\"@type\":\"WebSite\",\"@id\":\"https:\\\/\\\/eldigitaldeasturias.com\\\/radio\\\/#website\",\"url\":\"https:\\\/\\\/eldigitaldeasturias.com\\\/radio\\\/\",\"name\":\"El Digital de Asturias\",\"description\":\"Diario de informaci\\u00f3n y noticias\",\"inLanguage\":\"es-ES\",\"publisher\":{\"@id\":\"https:\\\/\\\/eldigitaldeasturias.com\\\/radio\\\/#organization\"}}]}\n\t\t<\/script>\n\t\t<!-- All in One SEO Pro -->\r\n\t\t<title>Crema para la dermatitis at\u00f3pica y los eccemas: \u00bfCu\u00e1l usar? | El Digital de Asturias<\/title>\n\n","aioseo_head_json":{"title":"Crema para la dermatitis at\u00f3pica y los eccemas: \u00bfCu\u00e1l usar? | El Digital de Asturias","description":"Cada vez son m\u00e1s las personas que buscan informaci\u00f3n sobre productos de confianza con los que se pueda hacer frente a la dermatitis at\u00f3pica y los eccemas","canonical_url":"https:\/\/eldigitaldeasturias.com\/radio\/crema-para-la-dermatitis-atopica-y-los-eccemas-cual-usar\/","robots":"max-image-preview:large","keywords":"live","webmasterTools":{"google-site-verification":"UA-38556648-1","miscellaneous":""},"schema":{"@context":"https:\/\/schema.org","@graph":[{"@type":"BreadcrumbList","@id":"https:\/\/eldigitaldeasturias.com\/radio\/crema-para-la-dermatitis-atopica-y-los-eccemas-cual-usar\/#breadcrumblist","itemListElement":[{"@type":"ListItem","@id":"https:\/\/eldigitaldeasturias.com\/radio#listItem","position":1,"name":"Inicio","item":"https:\/\/eldigitaldeasturias.com\/radio","nextItem":{"@type":"ListItem","@id":"https:\/\/eldigitaldeasturias.com\/radio\/category\/live\/#listItem","name":"Live"}},{"@type":"ListItem","@id":"https:\/\/eldigitaldeasturias.com\/radio\/category\/live\/#listItem","position":2,"name":"Live","item":"https:\/\/eldigitaldeasturias.com\/radio\/category\/live\/","nextItem":{"@type":"ListItem","@id":"https:\/\/eldigitaldeasturias.com\/radio\/crema-para-la-dermatitis-atopica-y-los-eccemas-cual-usar\/#listItem","name":"Crema para la dermatitis at\u00f3pica y los eccemas: \u00bfCu\u00e1l usar?"},"previousItem":{"@type":"ListItem","@id":"https:\/\/eldigitaldeasturias.com\/radio#listItem","name":"Inicio"}},{"@type":"ListItem","@id":"https:\/\/eldigitaldeasturias.com\/radio\/crema-para-la-dermatitis-atopica-y-los-eccemas-cual-usar\/#listItem","position":3,"name":"Crema para la dermatitis at\u00f3pica y los eccemas: \u00bfCu\u00e1l usar?","previousItem":{"@type":"ListItem","@id":"https:\/\/eldigitaldeasturias.com\/radio\/category\/live\/#listItem","name":"Live"}}]},{"@type":"NewsArticle","@id":"https:\/\/eldigitaldeasturias.com\/radio\/crema-para-la-dermatitis-atopica-y-los-eccemas-cual-usar\/#newsarticle","name":"Crema para la dermatitis at\u00f3pica y los eccemas: \u00bfCu\u00e1l usar? | El Digital de Asturias","headline":"Crema para la dermatitis at\u00f3pica y los eccemas: \u00bfCu\u00e1l usar?","author":{"@id":"https:\/\/eldigitaldeasturias.com\/radio\/author\/nbasturias\/#author"},"publisher":{"@id":"https:\/\/eldigitaldeasturias.com\/radio\/#organization"},"image":{"@type":"ImageObject","url":"https:\/\/eldigitaldeasturias.com\/radio\/wp-content\/uploads\/2025\/05\/Crema-para-la-dermatitis-atopica-y-los-eccemas.jpg","width":640,"height":480,"caption":"Foto: dermcontrol.inveskin.com"},"datePublished":"2025-05-02T08:08:38+02:00","dateModified":"2025-05-02T08:08:38+02:00","inLanguage":"es-ES","mainEntityOfPage":{"@id":"https:\/\/eldigitaldeasturias.com\/radio\/crema-para-la-dermatitis-atopica-y-los-eccemas-cual-usar\/#webpage"},"isPartOf":{"@id":"https:\/\/eldigitaldeasturias.com\/radio\/crema-para-la-dermatitis-atopica-y-los-eccemas-cual-usar\/#webpage"},"articleSection":"Live, salud","dateline":"Publicado el mayo 2, 2025."},{"@type":"Organization","@id":"https:\/\/eldigitaldeasturias.com\/radio\/#organization","name":"El digital de Asturias Radio","description":"Diario de informaci\u00f3n y noticias","url":"https:\/\/eldigitaldeasturias.com\/radio\/","telephone":"+34652131393","logo":{"@type":"ImageObject","url":"https:\/\/www.eldigitaldeasturias.com\/radio\/wp-content\/uploads\/2021\/03\/EDA.jpg","@id":"https:\/\/eldigitaldeasturias.com\/radio\/crema-para-la-dermatitis-atopica-y-los-eccemas-cual-usar\/#organizationLogo"},"image":{"@id":"https:\/\/eldigitaldeasturias.com\/radio\/crema-para-la-dermatitis-atopica-y-los-eccemas-cual-usar\/#organizationLogo"},"sameAs":["https:\/\/www.facebook.com\/","https:\/\/x.com\/bercodi","https:\/\/www.instagram.com\/","https:\/\/www.youtube.com\/channel\/UCZP-2wLEB9Rv6erhFmqVnvg"]},{"@type":"Person","@id":"https:\/\/eldigitaldeasturias.com\/radio\/author\/nbasturias\/#author","url":"https:\/\/eldigitaldeasturias.com\/radio\/author\/nbasturias\/","name":"NBAsturias","image":{"@type":"ImageObject","@id":"https:\/\/eldigitaldeasturias.com\/radio\/crema-para-la-dermatitis-atopica-y-los-eccemas-cual-usar\/#authorImage","url":"https:\/\/secure.gravatar.com\/avatar\/df2aeffc32bcd13f8d26072ef8a91b623d677766deac7f97ca815868cd41bf5e?s=96&d=mm&r=g","width":96,"height":96,"caption":"NBAsturias"}},{"@type":"WebPage","@id":"https:\/\/eldigitaldeasturias.com\/radio\/crema-para-la-dermatitis-atopica-y-los-eccemas-cual-usar\/#webpage","url":"https:\/\/eldigitaldeasturias.com\/radio\/crema-para-la-dermatitis-atopica-y-los-eccemas-cual-usar\/","name":"Crema para la dermatitis at\u00f3pica y los eccemas: \u00bfCu\u00e1l usar? | El Digital de Asturias","description":"Cada vez son m\u00e1s las personas que buscan informaci\u00f3n sobre productos de confianza con los que se pueda hacer frente a la dermatitis at\u00f3pica y los eccemas","inLanguage":"es-ES","isPartOf":{"@id":"https:\/\/eldigitaldeasturias.com\/radio\/#website"},"breadcrumb":{"@id":"https:\/\/eldigitaldeasturias.com\/radio\/crema-para-la-dermatitis-atopica-y-los-eccemas-cual-usar\/#breadcrumblist"},"author":{"@id":"https:\/\/eldigitaldeasturias.com\/radio\/author\/nbasturias\/#author"},"creator":{"@id":"https:\/\/eldigitaldeasturias.com\/radio\/author\/nbasturias\/#author"},"image":{"@type":"ImageObject","url":"https:\/\/eldigitaldeasturias.com\/radio\/wp-content\/uploads\/2025\/05\/Crema-para-la-dermatitis-atopica-y-los-eccemas.jpg","@id":"https:\/\/eldigitaldeasturias.com\/radio\/crema-para-la-dermatitis-atopica-y-los-eccemas-cual-usar\/#mainImage","width":640,"height":480,"caption":"Foto: dermcontrol.inveskin.com"},"primaryImageOfPage":{"@id":"https:\/\/eldigitaldeasturias.com\/radio\/crema-para-la-dermatitis-atopica-y-los-eccemas-cual-usar\/#mainImage"},"datePublished":"2025-05-02T08:08:38+02:00","dateModified":"2025-05-02T08:08:38+02:00"},{"@type":"WebSite","@id":"https:\/\/eldigitaldeasturias.com\/radio\/#website","url":"https:\/\/eldigitaldeasturias.com\/radio\/","name":"El Digital de Asturias","description":"Diario de informaci\u00f3n y noticias","inLanguage":"es-ES","publisher":{"@id":"https:\/\/eldigitaldeasturias.com\/radio\/#organization"}}]},"og:locale":"es_ES","og:site_name":"El Digital de Asturias | Diario de informaci\u00f3n y noticias","og:type":"article","og:title":"Crema para la dermatitis at\u00f3pica y los eccemas: \u00bfCu\u00e1l usar? | El Digital de Asturias","og:description":"Cada vez son m\u00e1s las personas que buscan informaci\u00f3n sobre productos de confianza con los que se pueda hacer frente a la dermatitis at\u00f3pica y los eccemas","og:url":"https:\/\/eldigitaldeasturias.com\/radio\/crema-para-la-dermatitis-atopica-y-los-eccemas-cual-usar\/","og:image":"https:\/\/eldigitaldeasturias.com\/radio\/wp-content\/uploads\/2025\/05\/Crema-para-la-dermatitis-atopica-y-los-eccemas.jpg","og:image:secure_url":"https:\/\/eldigitaldeasturias.com\/radio\/wp-content\/uploads\/2025\/05\/Crema-para-la-dermatitis-atopica-y-los-eccemas.jpg","og:image:width":640,"og:image:height":480,"article:published_time":"2025-05-02T06:08:38+00:00","article:modified_time":"2025-05-02T06:08:38+00:00","twitter:card":"summary_large_image","twitter:site":"@bercodi","twitter:title":"Crema para la dermatitis at\u00f3pica y los eccemas: \u00bfCu\u00e1l usar? | El Digital de Asturias","twitter:description":"Cada vez son m\u00e1s las personas que buscan informaci\u00f3n sobre productos de confianza con los que se pueda hacer frente a la dermatitis at\u00f3pica y los eccemas","twitter:creator":"@bercodi","twitter:image":"https:\/\/eldigitaldeasturias.com\/radio\/wp-content\/uploads\/2025\/05\/Crema-para-la-dermatitis-atopica-y-los-eccemas.jpg"},"aioseo_meta_data":{"post_id":"10227","title":null,"description":"Cada vez son m\u00e1s las personas que buscan informaci\u00f3n sobre productos de confianza con los que se pueda hacer frente a la dermatitis at\u00f3pica y los eccemas","keywords":null,"keyphrases":{"focus":{"keyphrase":"eccemas","score":72,"analysis":{"keyphraseInTitle":{"score":9,"maxScore":9,"error":0},"keyphraseInDescription":{"score":9,"maxScore":9,"error":0},"keyphraseLength":{"score":9,"maxScore":9,"error":0,"length":1},"keyphraseInURL":{"score":1,"maxScore":5,"error":1},"keyphraseInIntroduction":{"score":9,"maxScore":9,"error":0},"keyphraseInSubHeadings":{"score":3,"maxScore":9,"error":1},"keyphraseInImageAlt":{"score":9,"maxScore":9,"error":0},"keywordDensity":{"score":0,"type":"low","maxScore":9,"error":1}}},"additional":[{"keyphrase":"eccemas","score":80,"analysis":{"keyphraseInDescription":{"score":9,"maxScore":9,"error":0},"keyphraseLength":{"score":9,"maxScore":9,"error":0,"length":1},"keyphraseInIntroduction":{"score":9,"maxScore":9,"error":0},"keyphraseInImageAlt":{"score":9,"maxScore":9,"error":0},"keywordDensity":{"score":0,"type":"low","maxScore":9,"error":1}}}]},"primary_term":null,"canonical_url":null,"og_title":null,"og_description":null,"og_object_type":"default","og_image_type":"default","og_image_url":null,"og_image_width":null,"og_image_height":null,"og_image_custom_url":null,"og_image_custom_fields":null,"og_video":"","og_custom_url":null,"og_article_section":null,"og_article_tags":null,"twitter_use_og":false,"twitter_card":"default","twitter_image_type":"default","twitter_image_url":null,"twitter_image_custom_url":null,"twitter_image_custom_fields":null,"twitter_title":null,"twitter_description":null,"schema":{"blockGraphs":[],"customGraphs":[],"default":{"data":{"Article":[],"Course":[],"Dataset":[],"FAQPage":[],"Movie":[],"Person":[],"Product":[],"ProductReview":[],"Car":[],"Recipe":[],"Service":[],"SoftwareApplication":[],"WebPage":[]},"graphName":"NewsArticle","isEnabled":true},"graphs":[]},"schema_type":"default","schema_type_options":null,"pillar_content":false,"robots_default":true,"robots_noindex":false,"robots_noarchive":false,"robots_nosnippet":false,"robots_nofollow":false,"robots_noimageindex":false,"robots_noodp":false,"robots_notranslate":false,"robots_max_snippet":"-1","robots_max_videopreview":"-1","robots_max_imagepreview":"large","priority":null,"frequency":"default","location":null,"local_seo":null,"seo_analyzer_scan_date":"2025-08-29 00:13:25","breadcrumb_settings":null,"limit_modified_date":false,"open_ai":"{\"title\":{\"suggestions\":[],\"usage\":0},\"description\":{\"suggestions\":[],\"usage\":0}}","ai":null,"created":"2025-05-02 05:59:20","updated":"2025-08-29 00:13:25"},"aioseo_breadcrumb":"<div class=\"aioseo-breadcrumbs\"><span class=\"aioseo-breadcrumb\">\n\t<a href=\"https:\/\/eldigitaldeasturias.com\/radio\" title=\"Inicio\">Inicio<\/a>\n<\/span><span class=\"aioseo-breadcrumb-separator\">&ndash;<\/span><span class=\"aioseo-breadcrumb\">\n\t<a href=\"https:\/\/eldigitaldeasturias.com\/radio\/category\/live\/\" title=\"Live\">Live<\/a>\n<\/span><span class=\"aioseo-breadcrumb-separator\">&ndash;<\/span><span class=\"aioseo-breadcrumb\">\n\tCrema para la dermatitis at\u00f3pica y los eccemas: \u00bfCu\u00e1l usar?\n<\/span><\/div>","aioseo_breadcrumb_json":[{"label":"Inicio","link":"https:\/\/eldigitaldeasturias.com\/radio"},{"label":"Live","link":"https:\/\/eldigitaldeasturias.com\/radio\/category\/live\/"},{"label":"Crema para la dermatitis at\u00f3pica y los eccemas: \u00bfCu\u00e1l usar?","link":"https:\/\/eldigitaldeasturias.com\/radio\/crema-para-la-dermatitis-atopica-y-los-eccemas-cual-usar\/"}],"_links":{"self":[{"href":"https:\/\/eldigitaldeasturias.com\/radio\/wp-json\/wp\/v2\/posts\/10227","targetHints":{"allow":["GET"]}}],"collection":[{"href":"https:\/\/eldigitaldeasturias.com\/radio\/wp-json\/wp\/v2\/posts"}],"about":[{"href":"https:\/\/eldigitaldeasturias.com\/radio\/wp-json\/wp\/v2\/types\/post"}],"author":[{"embeddable":true,"href":"https:\/\/eldigitaldeasturias.com\/radio\/wp-json\/wp\/v2\/users\/1"}],"replies":[{"embeddable":true,"href":"https:\/\/eldigitaldeasturias.com\/radio\/wp-json\/wp\/v2\/comments?post=10227"}],"version-history":[{"count":0,"href":"https:\/\/eldigitaldeasturias.com\/radio\/wp-json\/wp\/v2\/posts\/10227\/revisions"}],"wp:featuredmedia":[{"embeddable":true,"href":"https:\/\/eldigitaldeasturias.com\/radio\/wp-json\/wp\/v2\/media\/10228"}],"wp:attachment":[{"href":"https:\/\/eldigitaldeasturias.com\/radio\/wp-json\/wp\/v2\/media?parent=10227"}],"wp:term":[{"taxonomy":"category","embeddable":true,"href":"https:\/\/eldigitaldeasturias.com\/radio\/wp-json\/wp\/v2\/categories?post=10227"},{"taxonomy":"post_tag","embeddable":true,"href":"https:\/\/eldigitaldeasturias.com\/radio\/wp-json\/wp\/v2\/tags?post=10227"}],"curies":[{"name":"wp","href":"https:\/\/api.w.org\/{rel}","templated":true}]}}