{"id":10200,"date":"2025-04-22T22:16:31","date_gmt":"2025-04-22T20:16:31","guid":{"rendered":"https:\/\/eldigitaldeasturias.com\/radio\/?p=10200"},"modified":"2025-04-22T22:16:31","modified_gmt":"2025-04-22T20:16:31","slug":"el-concierto-por-la-esperanza-la-musica-como-refugio-ante-la-adversidad","status":"publish","type":"post","link":"https:\/\/eldigitaldeasturias.com\/radio\/el-concierto-por-la-esperanza-la-musica-como-refugio-ante-la-adversidad\/","title":{"rendered":"El \u00abConcierto por la Esperanza\u00bb: la m\u00fasica como refugio ante la adversidad"},"content":{"rendered":"<p><span style=\"font-weight: 400;\">El pasado 11 de marzo de 2025, la Bas\u00edlica de Nuestra Se\u00f1ora del Pilar en Zaragoza acogi\u00f3 el \u201cConcierto por la Esperanza\u201d, una cita organizada por Fundaci\u00f3n Ibercaja junto al Cabildo Metropolitano. Pl\u00e1cido Domingo fue el encargado de dirigir este recital solidario con el objetivo de recaudar fondos para los afectados por la DANA. El evento uni\u00f3 arte y acci\u00f3n social en una velada cargada de <\/span><b>intenci\u00f3n humanitaria<\/b><span style=\"font-weight: 400;\"> y <\/span><b>trascendencia cultural<\/b><span style=\"font-weight: 400;\">.<\/span><\/p>\n<p><img fetchpriority=\"high\" decoding=\"async\" class=\"aligncenter size-large wp-image-10201\" src=\"https:\/\/eldigitaldeasturias.com\/radio\/wp-content\/uploads\/2025\/04\/Concierto-650x397.jpg\" alt=\"Concierto\" width=\"650\" height=\"397\" srcset=\"https:\/\/eldigitaldeasturias.com\/radio\/wp-content\/uploads\/2025\/04\/Concierto-650x397.jpg 650w, https:\/\/eldigitaldeasturias.com\/radio\/wp-content\/uploads\/2025\/04\/Concierto-360x220.jpg 360w, https:\/\/eldigitaldeasturias.com\/radio\/wp-content\/uploads\/2025\/04\/Concierto-768x470.jpg 768w, https:\/\/eldigitaldeasturias.com\/radio\/wp-content\/uploads\/2025\/04\/Concierto-150x92.jpg 150w, https:\/\/eldigitaldeasturias.com\/radio\/wp-content\/uploads\/2025\/04\/Concierto-450x275.jpg 450w, https:\/\/eldigitaldeasturias.com\/radio\/wp-content\/uploads\/2025\/04\/Concierto.jpg 1032w\" sizes=\"(max-width: 650px) 100vw, 650px\" \/><\/p>\n<h2><b>Una direcci\u00f3n in\u00e9dita con carga simb\u00f3lica<\/b><\/h2>\n<p><a href=\"https:\/\/www.heraldo.es\/noticias\/ocio-y-cultura\/2025\/03\/12\/placido-domingo-padre-aragones-casi-tambien-virgen-pilar-proteja-1806525.html\" target=\"_blank\" rel=\"nofollow noopener\"><span style=\"font-weight: 400;\"><span style=\"color: #ff6600;\"><strong>Pl\u00e1cido Domingo<\/strong><\/span><\/span><\/a><span style=\"font-weight: 400;\">, figura central del mundo de la \u00f3pera, dirigi\u00f3 por primera vez el R\u00e9quiem de Mozart. Esta obra, intensa y emocional, encontr\u00f3 en el maestro una interpretaci\u00f3n cargada de sentido. El hecho de que esta direcci\u00f3n inaugural se realizara con un fin solidario sum\u00f3 una dimensi\u00f3n \u00e9tica a su <\/span><b>aportaci\u00f3n musical<\/b><span style=\"font-weight: 400;\">, elevando la velada a un plano de <\/span><b>profunda conexi\u00f3n humana<\/b><span style=\"font-weight: 400;\">.<\/span><\/p>\n<h3><b>Un compromiso sostenido en el tiempo<\/b><\/h3>\n<p><span style=\"font-weight: 400;\">El evento puso de manifiesto una vez m\u00e1s el firme compromiso de Pl\u00e1cido Domingo con las causas ben\u00e9ficas. Lejos de limitarse al escenario, su implicaci\u00f3n ha sido constante en campa\u00f1as de apoyo a v\u00edctimas de cat\u00e1strofes naturales. En Zaragoza, su direcci\u00f3n fue testimonio de una voluntad activa de contribuir a trav\u00e9s del arte a la <\/span><b>reconstrucci\u00f3n emocional<\/b><span style=\"font-weight: 400;\"> y el <\/span><b>respaldo social<\/b><span style=\"font-weight: 400;\">.<\/span><\/p>\n<p><span style=\"font-weight: 400;\">Durante un concierto en Bucarest en noviembre de 2024, ya hab\u00eda mostrado su sensibilidad ante esta tragedia: \u201cEn estos d\u00edas mi coraz\u00f3n est\u00e1 all\u00e1, en mi pa\u00eds, cerca de mi gente. Como saben, los habitantes de Valencia y Castilla-La Mancha est\u00e1n viviendo una tragedia devastadora a causa de las inundaciones de los \u00faltimos d\u00edas. Con todo mi coraz\u00f3n, deseo dedicarles esta noche a las v\u00edctimas y a sus familiares y ofrecer mi participaci\u00f3n en este concierto a la ayuda tan necesaria en Espa\u00f1a. Gracias por estar aqu\u00ed y disfruten del concierto\u201d, declar\u00f3 el tenor. Palabras que calaron por su <\/span><b>carga emocional<\/b><span style=\"font-weight: 400;\"> y mensaje de <\/span><b>unidad nacional<\/b><span style=\"font-weight: 400;\">.<\/span><\/p>\n<h3><b>Una interpretaci\u00f3n inolvidable en el Pilar<\/b><\/h3>\n<p><span style=\"font-weight: 400;\">Acompa\u00f1ado por la Capilla de M\u00fasica Nuestra Se\u00f1ora del Pilar, la orquesta Cantantibus Organis y los solistas Montserrat Mart\u00ed Caball\u00e9, Beatriz Gimeno, Alain Damas y Luis Santana, Pl\u00e1cido Domingo ofreci\u00f3 una velada de alto nivel. La solemnidad del recinto, unida al talento de los int\u00e9rpretes, convirti\u00f3 la noche en una celebraci\u00f3n de la <\/span><b>m\u00fasica comprometida<\/b><span style=\"font-weight: 400;\">y la <\/span><b>belleza espiritual<\/b><span style=\"font-weight: 400;\">.<\/span><\/p>\n<p><span style=\"font-weight: 400;\">El debut del maestro como director en este templo zaragozano, y su primera vez con el R\u00e9quiem de Mozart, dieron lugar a un doble hito. Esta combinaci\u00f3n de estreno y espacio sagrado gener\u00f3 una atm\u00f3sfera \u00fanica, donde cada acorde reson\u00f3 con <\/span><b>fuerza simb\u00f3lica<\/b><span style=\"font-weight: 400;\"> y reverberaci\u00f3n emocional.<\/span><\/p>\n<h2><b>Macbeth en Par\u00eds: otro triunfo para Domingo<\/b><\/h2>\n<p><span style=\"font-weight: 400;\">El primero de abril, Pl\u00e1cido Domingo deslumbr\u00f3 en Par\u00eds con su interpretaci\u00f3n de Macbeth en versi\u00f3n concierto en la Salle Gaveau. Bajo la direcci\u00f3n de Jordi Bern\u00e0cer, y junto a un elenco de gran nivel, el artista recibi\u00f3 una c\u00e1lida acogida del p\u00fablico franc\u00e9s. Este concierto form\u00f3 parte de una gira que tambi\u00e9n lo llev\u00f3 a ciudades como M\u00fanich, Frankfurt y Berl\u00edn, fortaleciendo su <\/span><b>presencia esc\u00e9nica<\/b><span style=\"font-weight: 400;\">.<\/span><\/p>\n<p><span style=\"font-weight: 400;\">Tras la ovaci\u00f3n final, el tenor comparti\u00f3 momentos con los asistentes y el resto del reparto \u2014Olga Maslova, Carlo Lepore, Francesco Pio Galasso y Bern\u00e0cer\u2014 durante una sesi\u00f3n de firmas. Esta presentaci\u00f3n sigue a su anterior \u00e9xito con Nabucco en Par\u00eds, consolidando su figura en el circuito de la <\/span><b>\u00f3pera europea<\/b><span style=\"font-weight: 400;\">.<\/span><\/p>\n<h3><b>Una gira internacional que no se detiene<\/b><\/h3>\n<p><span style=\"font-weight: 400;\">Domingo continuar\u00e1 su intensa agenda con nuevas actuaciones en escenarios de primer nivel. En mayo, estar\u00e1 en el Royal Opera House Muscat, en Om\u00e1n, con funciones de La Traviata los d\u00edas 1 y 3, y un Concierto de Gala Sinf\u00f3nica el d\u00eda 2. Estas actuaciones demuestran su capacidad para mantenerse vigente y conectar con p\u00fablicos diversos en entornos de <\/span><b>m\u00e1ximo prestigio<\/b><span style=\"font-weight: 400;\">.<\/span><\/p>\n<p><span style=\"font-weight: 400;\">Posteriormente, ofrecer\u00e1 un recital en el Casino Bern de Suiza el 11 de mayo, seguido de un concierto en la Filarm\u00f3nica de Rzesz\u00f3w (Polonia) el 23 de mayo, y cerrar\u00e1 el mes con su participaci\u00f3n en La Grande Soir\u00e9e, junto a Andrea Bocelli, el 28 de mayo en la Arena de Ginebra (Suiza).<\/span><\/p>\n<p><span style=\"font-weight: 400;\">Durante los siguientes meses de verano, Domingo continuar\u00e1 su gira con actuaciones en Bremen (Alemania) el 28 de junio, Z\u00farich (Suiza) el 10 de julio, y Taormina (Italia) el 14 de julio. El 3 de agosto se presentar\u00e1 en el Concert Music Festival en Chiclana de la Frontera (Espa\u00f1a), y el 29 de agosto participar\u00e1 en la gala de Nevsky Square en Sof\u00eda (Bulgaria) junto a Jos\u00e9 Carreras y Sonya Yoncheva. Finalmente, el 30 de septiembre, cerrar\u00e1 la temporada con su participaci\u00f3n en el evento Pavarotti 90 en la Arena di Verona (Italia).<\/span><\/p>\n","protected":false},"excerpt":{"rendered":"<p>El pasado 11 de marzo de 2025, la Bas\u00edlica de Nuestra Se\u00f1ora del Pilar en Zaragoza acogi\u00f3 el \u201cConcierto por la Esperanza\u201d, una cita organizada por Fundaci\u00f3n Ibercaja junto al Cabildo Metropolitano. Pl\u00e1cido Domingo fue el encargado de dirigir este recital solidario con el objetivo de recaudar fondos para los afectados por la DANA. El<\/p>\n","protected":false},"author":1,"featured_media":10201,"comment_status":"closed","ping_status":"closed","sticky":false,"template":"","format":"standard","meta":{"footnotes":""},"categories":[38],"tags":[79],"class_list":{"0":"post-10200","1":"post","2":"type-post","3":"status-publish","4":"format-standard","5":"has-post-thumbnail","7":"category-live","8":"tag-cultura"},"aioseo_notices":[],"aioseo_head":"\n\t\t<!-- All in One SEO Pro 4.9.6.2 - aioseo.com -->\n\t<meta name=\"description\" content=\"El pasado 11 de marzo de 2025, la Bas\u00edlica de Nuestra Se\u00f1ora del Pilar en Zaragoza acogi\u00f3 el \u201cConcierto por la Esperanza\u201d, una cita organizada por Fundaci\u00f3n\" \/>\n\t<meta name=\"robots\" content=\"max-image-preview:large\" \/>\n\t<meta name=\"author\" content=\"NBAsturias\"\/>\n\t<meta name=\"google-site-verification\" content=\"UA-38556648-1\" \/>\n\t<meta name=\"keywords\" content=\"live\" \/>\n\t<link rel=\"canonical\" href=\"https:\/\/eldigitaldeasturias.com\/radio\/el-concierto-por-la-esperanza-la-musica-como-refugio-ante-la-adversidad\/\" \/>\n\t<meta name=\"generator\" content=\"All in One SEO Pro (AIOSEO) 4.9.6.2\" \/>\n\t\t<meta property=\"og:locale\" content=\"es_ES\" \/>\n\t\t<meta property=\"og:site_name\" content=\"El Digital de Asturias | Diario de informaci\u00f3n y noticias\" \/>\n\t\t<meta property=\"og:type\" content=\"article\" \/>\n\t\t<meta property=\"og:title\" content=\"El \u00abConcierto por la Esperanza\u00bb: la m\u00fasica como refugio ante la adversidad | El Digital de Asturias\" \/>\n\t\t<meta property=\"og:description\" content=\"El pasado 11 de marzo de 2025, la Bas\u00edlica de Nuestra Se\u00f1ora del Pilar en Zaragoza acogi\u00f3 el \u201cConcierto por la Esperanza\u201d, una cita organizada por Fundaci\u00f3n\" \/>\n\t\t<meta property=\"og:url\" content=\"https:\/\/eldigitaldeasturias.com\/radio\/el-concierto-por-la-esperanza-la-musica-como-refugio-ante-la-adversidad\/\" \/>\n\t\t<meta property=\"og:image\" content=\"https:\/\/eldigitaldeasturias.com\/radio\/wp-content\/uploads\/2025\/04\/Concierto.jpg\" \/>\n\t\t<meta property=\"og:image:secure_url\" content=\"https:\/\/eldigitaldeasturias.com\/radio\/wp-content\/uploads\/2025\/04\/Concierto.jpg\" \/>\n\t\t<meta property=\"og:image:width\" content=\"1032\" \/>\n\t\t<meta property=\"og:image:height\" content=\"631\" \/>\n\t\t<meta property=\"article:published_time\" content=\"2025-04-22T20:16:31+00:00\" \/>\n\t\t<meta property=\"article:modified_time\" content=\"2025-04-22T20:16:31+00:00\" \/>\n\t\t<meta name=\"twitter:card\" content=\"summary_large_image\" \/>\n\t\t<meta name=\"twitter:site\" content=\"@bercodi\" \/>\n\t\t<meta name=\"twitter:title\" content=\"El \u00abConcierto por la Esperanza\u00bb: la m\u00fasica como refugio ante la adversidad | El Digital de Asturias\" \/>\n\t\t<meta name=\"twitter:description\" content=\"El pasado 11 de marzo de 2025, la Bas\u00edlica de Nuestra Se\u00f1ora del Pilar en Zaragoza acogi\u00f3 el \u201cConcierto por la Esperanza\u201d, una cita organizada por Fundaci\u00f3n\" \/>\n\t\t<meta name=\"twitter:creator\" content=\"@bercodi\" \/>\n\t\t<meta name=\"twitter:image\" content=\"https:\/\/eldigitaldeasturias.com\/radio\/wp-content\/uploads\/2025\/04\/Concierto.jpg\" \/>\n\t\t<script type=\"application\/ld+json\" class=\"aioseo-schema\">\n\t\t\t{\"@context\":\"https:\\\/\\\/schema.org\",\"@graph\":[{\"@type\":\"BreadcrumbList\",\"@id\":\"https:\\\/\\\/eldigitaldeasturias.com\\\/radio\\\/el-concierto-por-la-esperanza-la-musica-como-refugio-ante-la-adversidad\\\/#breadcrumblist\",\"itemListElement\":[{\"@type\":\"ListItem\",\"@id\":\"https:\\\/\\\/eldigitaldeasturias.com\\\/radio#listItem\",\"position\":1,\"name\":\"Inicio\",\"item\":\"https:\\\/\\\/eldigitaldeasturias.com\\\/radio\",\"nextItem\":{\"@type\":\"ListItem\",\"@id\":\"https:\\\/\\\/eldigitaldeasturias.com\\\/radio\\\/category\\\/live\\\/#listItem\",\"name\":\"Live\"}},{\"@type\":\"ListItem\",\"@id\":\"https:\\\/\\\/eldigitaldeasturias.com\\\/radio\\\/category\\\/live\\\/#listItem\",\"position\":2,\"name\":\"Live\",\"item\":\"https:\\\/\\\/eldigitaldeasturias.com\\\/radio\\\/category\\\/live\\\/\",\"nextItem\":{\"@type\":\"ListItem\",\"@id\":\"https:\\\/\\\/eldigitaldeasturias.com\\\/radio\\\/el-concierto-por-la-esperanza-la-musica-como-refugio-ante-la-adversidad\\\/#listItem\",\"name\":\"El \\u00abConcierto por la Esperanza\\u00bb: la m\\u00fasica como refugio ante la adversidad\"},\"previousItem\":{\"@type\":\"ListItem\",\"@id\":\"https:\\\/\\\/eldigitaldeasturias.com\\\/radio#listItem\",\"name\":\"Inicio\"}},{\"@type\":\"ListItem\",\"@id\":\"https:\\\/\\\/eldigitaldeasturias.com\\\/radio\\\/el-concierto-por-la-esperanza-la-musica-como-refugio-ante-la-adversidad\\\/#listItem\",\"position\":3,\"name\":\"El \\u00abConcierto por la Esperanza\\u00bb: la m\\u00fasica como refugio ante la adversidad\",\"previousItem\":{\"@type\":\"ListItem\",\"@id\":\"https:\\\/\\\/eldigitaldeasturias.com\\\/radio\\\/category\\\/live\\\/#listItem\",\"name\":\"Live\"}}]},{\"@type\":\"NewsArticle\",\"@id\":\"https:\\\/\\\/eldigitaldeasturias.com\\\/radio\\\/el-concierto-por-la-esperanza-la-musica-como-refugio-ante-la-adversidad\\\/#newsarticle\",\"name\":\"El \\u00abConcierto por la Esperanza\\u00bb: la m\\u00fasica como refugio ante la adversidad | El Digital de Asturias\",\"headline\":\"El \\u00abConcierto por la Esperanza\\u00bb: la m\\u00fasica como refugio ante la adversidad\",\"author\":{\"@id\":\"https:\\\/\\\/eldigitaldeasturias.com\\\/radio\\\/author\\\/nbasturias\\\/#author\"},\"publisher\":{\"@id\":\"https:\\\/\\\/eldigitaldeasturias.com\\\/radio\\\/#organization\"},\"image\":{\"@type\":\"ImageObject\",\"url\":\"https:\\\/\\\/eldigitaldeasturias.com\\\/radio\\\/wp-content\\\/uploads\\\/2025\\\/04\\\/Concierto.jpg\",\"width\":1032,\"height\":631,\"caption\":\"Concierto\"},\"datePublished\":\"2025-04-22T22:16:31+02:00\",\"dateModified\":\"2025-04-22T22:16:31+02:00\",\"inLanguage\":\"es-ES\",\"mainEntityOfPage\":{\"@id\":\"https:\\\/\\\/eldigitaldeasturias.com\\\/radio\\\/el-concierto-por-la-esperanza-la-musica-como-refugio-ante-la-adversidad\\\/#webpage\"},\"isPartOf\":{\"@id\":\"https:\\\/\\\/eldigitaldeasturias.com\\\/radio\\\/el-concierto-por-la-esperanza-la-musica-como-refugio-ante-la-adversidad\\\/#webpage\"},\"articleSection\":\"Live, cultura\",\"dateline\":\"Publicado el abril 22, 2025.\"},{\"@type\":\"Organization\",\"@id\":\"https:\\\/\\\/eldigitaldeasturias.com\\\/radio\\\/#organization\",\"name\":\"El digital de Asturias Radio\",\"description\":\"Diario de informaci\\u00f3n y noticias\",\"url\":\"https:\\\/\\\/eldigitaldeasturias.com\\\/radio\\\/\",\"telephone\":\"+34652131393\",\"logo\":{\"@type\":\"ImageObject\",\"url\":\"https:\\\/\\\/www.eldigitaldeasturias.com\\\/radio\\\/wp-content\\\/uploads\\\/2021\\\/03\\\/EDA.jpg\",\"@id\":\"https:\\\/\\\/eldigitaldeasturias.com\\\/radio\\\/el-concierto-por-la-esperanza-la-musica-como-refugio-ante-la-adversidad\\\/#organizationLogo\"},\"image\":{\"@id\":\"https:\\\/\\\/eldigitaldeasturias.com\\\/radio\\\/el-concierto-por-la-esperanza-la-musica-como-refugio-ante-la-adversidad\\\/#organizationLogo\"},\"sameAs\":[\"https:\\\/\\\/www.facebook.com\\\/\",\"https:\\\/\\\/x.com\\\/bercodi\",\"https:\\\/\\\/www.instagram.com\\\/\",\"https:\\\/\\\/www.youtube.com\\\/channel\\\/UCZP-2wLEB9Rv6erhFmqVnvg\"]},{\"@type\":\"Person\",\"@id\":\"https:\\\/\\\/eldigitaldeasturias.com\\\/radio\\\/author\\\/nbasturias\\\/#author\",\"url\":\"https:\\\/\\\/eldigitaldeasturias.com\\\/radio\\\/author\\\/nbasturias\\\/\",\"name\":\"NBAsturias\",\"image\":{\"@type\":\"ImageObject\",\"@id\":\"https:\\\/\\\/eldigitaldeasturias.com\\\/radio\\\/el-concierto-por-la-esperanza-la-musica-como-refugio-ante-la-adversidad\\\/#authorImage\",\"url\":\"https:\\\/\\\/secure.gravatar.com\\\/avatar\\\/df2aeffc32bcd13f8d26072ef8a91b623d677766deac7f97ca815868cd41bf5e?s=96&d=mm&r=g\",\"width\":96,\"height\":96,\"caption\":\"NBAsturias\"}},{\"@type\":\"WebPage\",\"@id\":\"https:\\\/\\\/eldigitaldeasturias.com\\\/radio\\\/el-concierto-por-la-esperanza-la-musica-como-refugio-ante-la-adversidad\\\/#webpage\",\"url\":\"https:\\\/\\\/eldigitaldeasturias.com\\\/radio\\\/el-concierto-por-la-esperanza-la-musica-como-refugio-ante-la-adversidad\\\/\",\"name\":\"El \\u00abConcierto por la Esperanza\\u00bb: la m\\u00fasica como refugio ante la adversidad | El Digital de Asturias\",\"description\":\"El pasado 11 de marzo de 2025, la Bas\\u00edlica de Nuestra Se\\u00f1ora del Pilar en Zaragoza acogi\\u00f3 el \\u201cConcierto por la Esperanza\\u201d, una cita organizada por Fundaci\\u00f3n\",\"inLanguage\":\"es-ES\",\"isPartOf\":{\"@id\":\"https:\\\/\\\/eldigitaldeasturias.com\\\/radio\\\/#website\"},\"breadcrumb\":{\"@id\":\"https:\\\/\\\/eldigitaldeasturias.com\\\/radio\\\/el-concierto-por-la-esperanza-la-musica-como-refugio-ante-la-adversidad\\\/#breadcrumblist\"},\"author\":{\"@id\":\"https:\\\/\\\/eldigitaldeasturias.com\\\/radio\\\/author\\\/nbasturias\\\/#author\"},\"creator\":{\"@id\":\"https:\\\/\\\/eldigitaldeasturias.com\\\/radio\\\/author\\\/nbasturias\\\/#author\"},\"image\":{\"@type\":\"ImageObject\",\"url\":\"https:\\\/\\\/eldigitaldeasturias.com\\\/radio\\\/wp-content\\\/uploads\\\/2025\\\/04\\\/Concierto.jpg\",\"@id\":\"https:\\\/\\\/eldigitaldeasturias.com\\\/radio\\\/el-concierto-por-la-esperanza-la-musica-como-refugio-ante-la-adversidad\\\/#mainImage\",\"width\":1032,\"height\":631,\"caption\":\"Concierto\"},\"primaryImageOfPage\":{\"@id\":\"https:\\\/\\\/eldigitaldeasturias.com\\\/radio\\\/el-concierto-por-la-esperanza-la-musica-como-refugio-ante-la-adversidad\\\/#mainImage\"},\"datePublished\":\"2025-04-22T22:16:31+02:00\",\"dateModified\":\"2025-04-22T22:16:31+02:00\"},{\"@type\":\"WebSite\",\"@id\":\"https:\\\/\\\/eldigitaldeasturias.com\\\/radio\\\/#website\",\"url\":\"https:\\\/\\\/eldigitaldeasturias.com\\\/radio\\\/\",\"name\":\"El Digital de Asturias\",\"description\":\"Diario de informaci\\u00f3n y noticias\",\"inLanguage\":\"es-ES\",\"publisher\":{\"@id\":\"https:\\\/\\\/eldigitaldeasturias.com\\\/radio\\\/#organization\"}}]}\n\t\t<\/script>\n\t\t<!-- All in One SEO Pro -->\r\n\t\t<title>El \u00abConcierto por la Esperanza\u00bb: la m\u00fasica como refugio ante la adversidad | El Digital de Asturias<\/title>\n\n","aioseo_head_json":{"title":"El \u00abConcierto por la Esperanza\u00bb: la m\u00fasica como refugio ante la adversidad | El Digital de Asturias","description":"El pasado 11 de marzo de 2025, la Bas\u00edlica de Nuestra Se\u00f1ora del Pilar en Zaragoza acogi\u00f3 el \u201cConcierto por la Esperanza\u201d, una cita organizada por Fundaci\u00f3n","canonical_url":"https:\/\/eldigitaldeasturias.com\/radio\/el-concierto-por-la-esperanza-la-musica-como-refugio-ante-la-adversidad\/","robots":"max-image-preview:large","keywords":"live","webmasterTools":{"google-site-verification":"UA-38556648-1","miscellaneous":""},"schema":{"@context":"https:\/\/schema.org","@graph":[{"@type":"BreadcrumbList","@id":"https:\/\/eldigitaldeasturias.com\/radio\/el-concierto-por-la-esperanza-la-musica-como-refugio-ante-la-adversidad\/#breadcrumblist","itemListElement":[{"@type":"ListItem","@id":"https:\/\/eldigitaldeasturias.com\/radio#listItem","position":1,"name":"Inicio","item":"https:\/\/eldigitaldeasturias.com\/radio","nextItem":{"@type":"ListItem","@id":"https:\/\/eldigitaldeasturias.com\/radio\/category\/live\/#listItem","name":"Live"}},{"@type":"ListItem","@id":"https:\/\/eldigitaldeasturias.com\/radio\/category\/live\/#listItem","position":2,"name":"Live","item":"https:\/\/eldigitaldeasturias.com\/radio\/category\/live\/","nextItem":{"@type":"ListItem","@id":"https:\/\/eldigitaldeasturias.com\/radio\/el-concierto-por-la-esperanza-la-musica-como-refugio-ante-la-adversidad\/#listItem","name":"El \u00abConcierto por la Esperanza\u00bb: la m\u00fasica como refugio ante la adversidad"},"previousItem":{"@type":"ListItem","@id":"https:\/\/eldigitaldeasturias.com\/radio#listItem","name":"Inicio"}},{"@type":"ListItem","@id":"https:\/\/eldigitaldeasturias.com\/radio\/el-concierto-por-la-esperanza-la-musica-como-refugio-ante-la-adversidad\/#listItem","position":3,"name":"El \u00abConcierto por la Esperanza\u00bb: la m\u00fasica como refugio ante la adversidad","previousItem":{"@type":"ListItem","@id":"https:\/\/eldigitaldeasturias.com\/radio\/category\/live\/#listItem","name":"Live"}}]},{"@type":"NewsArticle","@id":"https:\/\/eldigitaldeasturias.com\/radio\/el-concierto-por-la-esperanza-la-musica-como-refugio-ante-la-adversidad\/#newsarticle","name":"El \u00abConcierto por la Esperanza\u00bb: la m\u00fasica como refugio ante la adversidad | El Digital de Asturias","headline":"El \u00abConcierto por la Esperanza\u00bb: la m\u00fasica como refugio ante la adversidad","author":{"@id":"https:\/\/eldigitaldeasturias.com\/radio\/author\/nbasturias\/#author"},"publisher":{"@id":"https:\/\/eldigitaldeasturias.com\/radio\/#organization"},"image":{"@type":"ImageObject","url":"https:\/\/eldigitaldeasturias.com\/radio\/wp-content\/uploads\/2025\/04\/Concierto.jpg","width":1032,"height":631,"caption":"Concierto"},"datePublished":"2025-04-22T22:16:31+02:00","dateModified":"2025-04-22T22:16:31+02:00","inLanguage":"es-ES","mainEntityOfPage":{"@id":"https:\/\/eldigitaldeasturias.com\/radio\/el-concierto-por-la-esperanza-la-musica-como-refugio-ante-la-adversidad\/#webpage"},"isPartOf":{"@id":"https:\/\/eldigitaldeasturias.com\/radio\/el-concierto-por-la-esperanza-la-musica-como-refugio-ante-la-adversidad\/#webpage"},"articleSection":"Live, cultura","dateline":"Publicado el abril 22, 2025."},{"@type":"Organization","@id":"https:\/\/eldigitaldeasturias.com\/radio\/#organization","name":"El digital de Asturias Radio","description":"Diario de informaci\u00f3n y noticias","url":"https:\/\/eldigitaldeasturias.com\/radio\/","telephone":"+34652131393","logo":{"@type":"ImageObject","url":"https:\/\/www.eldigitaldeasturias.com\/radio\/wp-content\/uploads\/2021\/03\/EDA.jpg","@id":"https:\/\/eldigitaldeasturias.com\/radio\/el-concierto-por-la-esperanza-la-musica-como-refugio-ante-la-adversidad\/#organizationLogo"},"image":{"@id":"https:\/\/eldigitaldeasturias.com\/radio\/el-concierto-por-la-esperanza-la-musica-como-refugio-ante-la-adversidad\/#organizationLogo"},"sameAs":["https:\/\/www.facebook.com\/","https:\/\/x.com\/bercodi","https:\/\/www.instagram.com\/","https:\/\/www.youtube.com\/channel\/UCZP-2wLEB9Rv6erhFmqVnvg"]},{"@type":"Person","@id":"https:\/\/eldigitaldeasturias.com\/radio\/author\/nbasturias\/#author","url":"https:\/\/eldigitaldeasturias.com\/radio\/author\/nbasturias\/","name":"NBAsturias","image":{"@type":"ImageObject","@id":"https:\/\/eldigitaldeasturias.com\/radio\/el-concierto-por-la-esperanza-la-musica-como-refugio-ante-la-adversidad\/#authorImage","url":"https:\/\/secure.gravatar.com\/avatar\/df2aeffc32bcd13f8d26072ef8a91b623d677766deac7f97ca815868cd41bf5e?s=96&d=mm&r=g","width":96,"height":96,"caption":"NBAsturias"}},{"@type":"WebPage","@id":"https:\/\/eldigitaldeasturias.com\/radio\/el-concierto-por-la-esperanza-la-musica-como-refugio-ante-la-adversidad\/#webpage","url":"https:\/\/eldigitaldeasturias.com\/radio\/el-concierto-por-la-esperanza-la-musica-como-refugio-ante-la-adversidad\/","name":"El \u00abConcierto por la Esperanza\u00bb: la m\u00fasica como refugio ante la adversidad | El Digital de Asturias","description":"El pasado 11 de marzo de 2025, la Bas\u00edlica de Nuestra Se\u00f1ora del Pilar en Zaragoza acogi\u00f3 el \u201cConcierto por la Esperanza\u201d, una cita organizada por Fundaci\u00f3n","inLanguage":"es-ES","isPartOf":{"@id":"https:\/\/eldigitaldeasturias.com\/radio\/#website"},"breadcrumb":{"@id":"https:\/\/eldigitaldeasturias.com\/radio\/el-concierto-por-la-esperanza-la-musica-como-refugio-ante-la-adversidad\/#breadcrumblist"},"author":{"@id":"https:\/\/eldigitaldeasturias.com\/radio\/author\/nbasturias\/#author"},"creator":{"@id":"https:\/\/eldigitaldeasturias.com\/radio\/author\/nbasturias\/#author"},"image":{"@type":"ImageObject","url":"https:\/\/eldigitaldeasturias.com\/radio\/wp-content\/uploads\/2025\/04\/Concierto.jpg","@id":"https:\/\/eldigitaldeasturias.com\/radio\/el-concierto-por-la-esperanza-la-musica-como-refugio-ante-la-adversidad\/#mainImage","width":1032,"height":631,"caption":"Concierto"},"primaryImageOfPage":{"@id":"https:\/\/eldigitaldeasturias.com\/radio\/el-concierto-por-la-esperanza-la-musica-como-refugio-ante-la-adversidad\/#mainImage"},"datePublished":"2025-04-22T22:16:31+02:00","dateModified":"2025-04-22T22:16:31+02:00"},{"@type":"WebSite","@id":"https:\/\/eldigitaldeasturias.com\/radio\/#website","url":"https:\/\/eldigitaldeasturias.com\/radio\/","name":"El Digital de Asturias","description":"Diario de informaci\u00f3n y noticias","inLanguage":"es-ES","publisher":{"@id":"https:\/\/eldigitaldeasturias.com\/radio\/#organization"}}]},"og:locale":"es_ES","og:site_name":"El Digital de Asturias | Diario de informaci\u00f3n y noticias","og:type":"article","og:title":"El \u00abConcierto por la Esperanza\u00bb: la m\u00fasica como refugio ante la adversidad | El Digital de Asturias","og:description":"El pasado 11 de marzo de 2025, la Bas\u00edlica de Nuestra Se\u00f1ora del Pilar en Zaragoza acogi\u00f3 el \u201cConcierto por la Esperanza\u201d, una cita organizada por Fundaci\u00f3n","og:url":"https:\/\/eldigitaldeasturias.com\/radio\/el-concierto-por-la-esperanza-la-musica-como-refugio-ante-la-adversidad\/","og:image":"https:\/\/eldigitaldeasturias.com\/radio\/wp-content\/uploads\/2025\/04\/Concierto.jpg","og:image:secure_url":"https:\/\/eldigitaldeasturias.com\/radio\/wp-content\/uploads\/2025\/04\/Concierto.jpg","og:image:width":1032,"og:image:height":631,"article:published_time":"2025-04-22T20:16:31+00:00","article:modified_time":"2025-04-22T20:16:31+00:00","twitter:card":"summary_large_image","twitter:site":"@bercodi","twitter:title":"El \u00abConcierto por la Esperanza\u00bb: la m\u00fasica como refugio ante la adversidad | El Digital de Asturias","twitter:description":"El pasado 11 de marzo de 2025, la Bas\u00edlica de Nuestra Se\u00f1ora del Pilar en Zaragoza acogi\u00f3 el \u201cConcierto por la Esperanza\u201d, una cita organizada por Fundaci\u00f3n","twitter:creator":"@bercodi","twitter:image":"https:\/\/eldigitaldeasturias.com\/radio\/wp-content\/uploads\/2025\/04\/Concierto.jpg"},"aioseo_meta_data":{"post_id":"10200","title":null,"description":"El pasado 11 de marzo de 2025, la Bas\u00edlica de Nuestra Se\u00f1ora del Pilar en Zaragoza acogi\u00f3 el \u201cConcierto por la Esperanza\u201d, una cita organizada por Fundaci\u00f3n","keywords":null,"keyphrases":{"focus":{"keyphrase":"Concierto","score":91,"analysis":{"keyphraseInTitle":{"score":9,"maxScore":9,"error":0},"keyphraseInDescription":{"score":9,"maxScore":9,"error":0},"keyphraseLength":{"score":9,"maxScore":9,"error":0,"length":1},"keyphraseInURL":{"score":5,"maxScore":5,"error":0},"keyphraseInIntroduction":{"score":9,"maxScore":9,"error":0},"keyphraseInSubHeadings":{"score":3,"maxScore":9,"error":1},"keyphraseInImageAlt":{"score":9,"maxScore":9,"error":0},"keywordDensity":{"type":"best","score":9,"maxScore":9,"error":0}}},"additional":[{"keyphrase":"Concierto","score":100,"analysis":{"keyphraseInDescription":{"score":9,"maxScore":9,"error":0},"keyphraseLength":{"score":9,"maxScore":9,"error":0,"length":1},"keyphraseInIntroduction":{"score":9,"maxScore":9,"error":0},"keyphraseInImageAlt":{"score":9,"maxScore":9,"error":0},"keywordDensity":{"type":"best","score":9,"maxScore":9,"error":0}}}]},"primary_term":null,"canonical_url":null,"og_title":null,"og_description":null,"og_object_type":"default","og_image_type":"default","og_image_url":null,"og_image_width":null,"og_image_height":null,"og_image_custom_url":null,"og_image_custom_fields":null,"og_video":"","og_custom_url":null,"og_article_section":null,"og_article_tags":null,"twitter_use_og":false,"twitter_card":"default","twitter_image_type":"default","twitter_image_url":null,"twitter_image_custom_url":null,"twitter_image_custom_fields":null,"twitter_title":null,"twitter_description":null,"schema":{"blockGraphs":[],"customGraphs":[],"default":{"data":{"Article":[],"Course":[],"Dataset":[],"FAQPage":[],"Movie":[],"Person":[],"Product":[],"ProductReview":[],"Car":[],"Recipe":[],"Service":[],"SoftwareApplication":[],"WebPage":[]},"graphName":"NewsArticle","isEnabled":true},"graphs":[]},"schema_type":"default","schema_type_options":null,"pillar_content":false,"robots_default":true,"robots_noindex":false,"robots_noarchive":false,"robots_nosnippet":false,"robots_nofollow":false,"robots_noimageindex":false,"robots_noodp":false,"robots_notranslate":false,"robots_max_snippet":"-1","robots_max_videopreview":"-1","robots_max_imagepreview":"large","priority":null,"frequency":"default","location":null,"local_seo":null,"seo_analyzer_scan_date":"2025-08-29 00:09:45","breadcrumb_settings":null,"limit_modified_date":false,"open_ai":"{\"title\":{\"suggestions\":[],\"usage\":0},\"description\":{\"suggestions\":[],\"usage\":0}}","ai":null,"created":"2025-04-22 20:12:36","updated":"2025-08-29 00:09:45"},"aioseo_breadcrumb":"<div class=\"aioseo-breadcrumbs\"><span class=\"aioseo-breadcrumb\">\n\t<a href=\"https:\/\/eldigitaldeasturias.com\/radio\" title=\"Inicio\">Inicio<\/a>\n<\/span><span class=\"aioseo-breadcrumb-separator\">&ndash;<\/span><span class=\"aioseo-breadcrumb\">\n\t<a href=\"https:\/\/eldigitaldeasturias.com\/radio\/category\/live\/\" title=\"Live\">Live<\/a>\n<\/span><span class=\"aioseo-breadcrumb-separator\">&ndash;<\/span><span class=\"aioseo-breadcrumb\">\n\tEl \u00abConcierto por la Esperanza\u00bb: la m\u00fasica como refugio ante la adversidad\n<\/span><\/div>","aioseo_breadcrumb_json":[{"label":"Inicio","link":"https:\/\/eldigitaldeasturias.com\/radio"},{"label":"Live","link":"https:\/\/eldigitaldeasturias.com\/radio\/category\/live\/"},{"label":"El \u00abConcierto por la Esperanza\u00bb: la m\u00fasica como refugio ante la adversidad","link":"https:\/\/eldigitaldeasturias.com\/radio\/el-concierto-por-la-esperanza-la-musica-como-refugio-ante-la-adversidad\/"}],"_links":{"self":[{"href":"https:\/\/eldigitaldeasturias.com\/radio\/wp-json\/wp\/v2\/posts\/10200","targetHints":{"allow":["GET"]}}],"collection":[{"href":"https:\/\/eldigitaldeasturias.com\/radio\/wp-json\/wp\/v2\/posts"}],"about":[{"href":"https:\/\/eldigitaldeasturias.com\/radio\/wp-json\/wp\/v2\/types\/post"}],"author":[{"embeddable":true,"href":"https:\/\/eldigitaldeasturias.com\/radio\/wp-json\/wp\/v2\/users\/1"}],"replies":[{"embeddable":true,"href":"https:\/\/eldigitaldeasturias.com\/radio\/wp-json\/wp\/v2\/comments?post=10200"}],"version-history":[{"count":0,"href":"https:\/\/eldigitaldeasturias.com\/radio\/wp-json\/wp\/v2\/posts\/10200\/revisions"}],"wp:featuredmedia":[{"embeddable":true,"href":"https:\/\/eldigitaldeasturias.com\/radio\/wp-json\/wp\/v2\/media\/10201"}],"wp:attachment":[{"href":"https:\/\/eldigitaldeasturias.com\/radio\/wp-json\/wp\/v2\/media?parent=10200"}],"wp:term":[{"taxonomy":"category","embeddable":true,"href":"https:\/\/eldigitaldeasturias.com\/radio\/wp-json\/wp\/v2\/categories?post=10200"},{"taxonomy":"post_tag","embeddable":true,"href":"https:\/\/eldigitaldeasturias.com\/radio\/wp-json\/wp\/v2\/tags?post=10200"}],"curies":[{"name":"wp","href":"https:\/\/api.w.org\/{rel}","templated":true}]}}