{"id":10162,"date":"2025-04-11T09:20:31","date_gmt":"2025-04-11T07:20:31","guid":{"rendered":"https:\/\/eldigitaldeasturias.com\/radio\/?p=10162"},"modified":"2025-04-22T07:34:38","modified_gmt":"2025-04-22T05:34:38","slug":"la-cerdanya-encanto-natural-y-riqueza-cultural-en-los-pirineos","status":"publish","type":"post","link":"https:\/\/eldigitaldeasturias.com\/radio\/la-cerdanya-encanto-natural-y-riqueza-cultural-en-los-pirineos\/","title":{"rendered":"La Cerdanya: Encanto natural y riqueza cultural en los Pirineos"},"content":{"rendered":"<p><span style=\"font-weight: 400;\">Entre los paisajes m\u00e1s fascinantes del norte de Catalu\u00f1a se encuentra la <\/span><a href=\"https:\/\/naciodigital.cat\/branded\/vincle-cerdanya-excellencia-immobiliaria-cor-pirineu.html\" target=\"_blank\" rel=\"nofollow noopener\"><span style=\"color: #ff6600;\"><b>Cerdanya<\/b><\/span><\/a><span style=\"font-weight: 400;\">, una comarca compartida parcialmente con Francia que destaca por su singular geograf\u00eda. Su vasta llanura de alta monta\u00f1a est\u00e1 rodeada de sierras imponentes como la del Cad\u00ed-Moixer\u00f3, y goza de un clima inusualmente <\/span><b>soleado<\/b><span style=\"font-weight: 400;\">, lo que la convierte en un lugar privilegiado para vivir o visitar en cualquier \u00e9poca del a\u00f1o.<\/span><\/p>\n<p><img fetchpriority=\"high\" decoding=\"async\" class=\"aligncenter size-large wp-image-10196\" src=\"https:\/\/eldigitaldeasturias.com\/radio\/wp-content\/uploads\/2025\/04\/Cerdanya-1-650x426.jpg\" alt=\"Cerdanya\" width=\"650\" height=\"426\" srcset=\"https:\/\/eldigitaldeasturias.com\/radio\/wp-content\/uploads\/2025\/04\/Cerdanya-1-650x426.jpg 650w, https:\/\/eldigitaldeasturias.com\/radio\/wp-content\/uploads\/2025\/04\/Cerdanya-1-360x236.jpg 360w, https:\/\/eldigitaldeasturias.com\/radio\/wp-content\/uploads\/2025\/04\/Cerdanya-1-768x503.jpg 768w, https:\/\/eldigitaldeasturias.com\/radio\/wp-content\/uploads\/2025\/04\/Cerdanya-1-150x98.jpg 150w, https:\/\/eldigitaldeasturias.com\/radio\/wp-content\/uploads\/2025\/04\/Cerdanya-1-450x295.jpg 450w, https:\/\/eldigitaldeasturias.com\/radio\/wp-content\/uploads\/2025\/04\/Cerdanya-1.jpg 1070w\" sizes=\"(max-width: 650px) 100vw, 650px\" \/><\/p>\n<p><span style=\"font-weight: 400;\">El entorno natural es uno de los grandes valores de la Cerdanya: verdes prados, bosques de con\u00edferas y cimas que superan los <\/span><b>2.500 metros<\/b><span style=\"font-weight: 400;\">. Esta riqueza paisaj\u00edstica permite disfrutar de deportes al aire libre durante todo el a\u00f1o, desde esqu\u00ed y raquetas hasta rutas de <\/span><b>ciclismo<\/b><span style=\"font-weight: 400;\"> o senderismo, adem\u00e1s de salidas micol\u00f3gicas en oto\u00f1o, muy apreciadas por los apasionados de las <\/span><b>setas<\/b><span style=\"font-weight: 400;\">.<\/span><\/p>\n<p><span style=\"font-weight: 400;\">La comarca tambi\u00e9n guarda un importante legado hist\u00f3rico. Puigcerd\u00e0, su capital, conserva una estructura urbana que refleja su pasado medieval. Bellver de Cerdanya y Ll\u00edvia tambi\u00e9n destacan por su arquitectura y patrimonio. Esta \u00faltima, adem\u00e1s, es famosa por ser un <\/span><b>enclave espa\u00f1ol<\/b><span style=\"font-weight: 400;\"> rodeado por territorio franc\u00e9s, una rareza que refuerza su valor <\/span><b>hist\u00f3rico<\/b><span style=\"font-weight: 400;\">.<\/span><\/p>\n<p><span style=\"font-weight: 400;\">En lo gastron\u00f3mico, la Cerdanya ofrece una experiencia \u00fanica basada en productos de calidad y recetas de alta monta\u00f1a. Platos como el trinxat, las carnes de caza o las longanizas tradicionales son solo algunos ejemplos. A esta propuesta se a\u00f1aden vinos del Roussillon y otros productos <\/span><b>locales<\/b><span style=\"font-weight: 400;\"> que consolidan una cocina aut\u00e9ntica y <\/span><b>sabrosa<\/b><span style=\"font-weight: 400;\">.<\/span><\/p>\n<p><span style=\"font-weight: 400;\">La fusi\u00f3n entre naturaleza, cultura y tradici\u00f3n convierte a la comarca en un lugar perfecto para desconectar del ritmo urbano. Es ideal tanto para quienes buscan aventura como para quienes valoran el silencio de los paisajes monta\u00f1osos. La Cerdanya ofrece un estilo de vida m\u00e1s <\/span><b>natural<\/b><span style=\"font-weight: 400;\"> y una fuerte conexi\u00f3n con sus ra\u00edces <\/span><b>rurales<\/b><span style=\"font-weight: 400;\">.<\/span><\/p>\n<p><span style=\"font-weight: 400;\">Si est\u00e1s pensando en mudarte, adquirir una segunda residencia o invertir en una propiedad, contar con el respaldo de expertos locales es clave. A continuaci\u00f3n, te mostramos algunas de las inmobiliarias m\u00e1s <\/span><b>reconocidas<\/b><span style=\"font-weight: 400;\"> de la comarca, con una breve descripci\u00f3n de sus puntos fuertes.<\/span><\/p>\n<ol>\n<li style=\"font-weight: 400;\" aria-level=\"1\"><b>Vincle Cerdan<\/b><a href=\"https:\/\/naciodigital.cat\/branded\/vincle-cerdanya-excellencia-immobiliaria-cor-pirineu.html\"><b>y<\/b><\/a><b>a<\/b><span style=\"font-weight: 400;\"> (Inmobiliaria especializada local de la Cerdanya)<\/span><span style=\"font-weight: 400;\"><br \/>\n<\/span><span style=\"font-weight: 400;\">Con un profundo conocimiento del territorio, esta agencia ofrece atenci\u00f3n personalizada y un amplio cat\u00e1logo de propiedades. Su oferta incluye desde apartamentos c\u00e9ntricos hasta casas rurales y viviendas en urbanizaciones <\/span><b>exclusivas<\/b><span style=\"font-weight: 400;\">, garantizando una experiencia de compra cercana y <\/span><b>segura<\/b><span style=\"font-weight: 400;\">.<\/span><\/li>\n<li style=\"font-weight: 400;\" aria-level=\"1\"><b>Granvall<\/b><span style=\"font-weight: 400;\"> (Inmobiliaria especializada local de la Cerdanya)<\/span><span style=\"font-weight: 400;\"><br \/>\n<\/span><span style=\"font-weight: 400;\">Granvall destaca por su especializaci\u00f3n en propiedades situadas en zonas de monta\u00f1a. Su faceta promotora le permite ofrecer construcciones de estilo n\u00f3rdico, con acabados modernos y funcionales. Su propuesta se adapta a todo tipo de comprador, con una clara apuesta por el <\/span><b>dise\u00f1o<\/b><span style=\"font-weight: 400;\"> y la <\/span><b>comodidad<\/b><span style=\"font-weight: 400;\">.<\/span><\/li>\n<li style=\"font-weight: 400;\" aria-level=\"1\"><b>Cowel Banker &#8211; Glollar<\/b><span style=\"font-weight: 400;\"> (Franquicia Inmobiliaria)<\/span><span style=\"font-weight: 400;\"><br \/>\n<\/span><span style=\"font-weight: 400;\">Esta franquicia trabaja con un abanico muy amplio de inmuebles en la zona. Su experiencia en compraventa y alquiler es avalada por un equipo profesional que acompa\u00f1a a cada cliente desde el primer contacto hasta la firma final. Destacan por su enfoque integral y por su <\/span><b>presencia<\/b><span style=\"font-weight: 400;\"> en toda la comarca.<\/span><\/li>\n<li style=\"font-weight: 400;\" aria-level=\"1\"><b>Engel &amp; V\u00f6lkers Cerdanya<\/b><span style=\"font-weight: 400;\"> (Franquicia Inmobiliaria)<\/span><span style=\"font-weight: 400;\"><br \/>\n<\/span><span style=\"font-weight: 400;\">La prestigiosa firma internacional ofrece un trato personalizado y una gran variedad de propiedades. Desde opciones con presupuesto medio hasta inmuebles de alta gama, Engel &amp; V\u00f6lkers se caracteriza por su visi\u00f3n global y su excelente <\/span><b>reputaci\u00f3n<\/b><span style=\"font-weight: 400;\"> en el sector <\/span><b>inmobiliario<\/b><span style=\"font-weight: 400;\">.<\/span><\/li>\n<li style=\"font-weight: 400;\" aria-level=\"1\"><b>Finques Puigcerd\u00e0<\/b><span style=\"font-weight: 400;\"> (Inmobiliaria especializada local de la Cerdanya)<\/span><span style=\"font-weight: 400;\"><br \/>\n<\/span><span style=\"font-weight: 400;\">Con una larga trayectoria en la comarca, Finques ofrece propiedades urbanas y r\u00fasticas, centr\u00e1ndose especialmente en el mercado medio y el alquiler. Su equipo gu\u00eda al cliente en todo el proceso, incluyendo gestiones legales y apoyo <\/span><b>financiero<\/b><span style=\"font-weight: 400;\">, con un trato profesional y cercano.<\/span><\/li>\n<\/ol>\n<p><span style=\"font-weight: 400;\">Estas cinco inmobiliarias se han ganado un lugar destacado en el mercado de la Cerdanya por su profesionalidad, transparencia y conocimiento local. Si tu intenci\u00f3n es establecerte en esta comarca o realizar una inversi\u00f3n inteligente, cualquiera de ellas ser\u00e1 un excelente punto de partida para encontrar la <\/span><b>propiedad ideal<\/b><span style=\"font-weight: 400;\">.<\/span><\/p>\n","protected":false},"excerpt":{"rendered":"<p>Entre los paisajes m\u00e1s fascinantes del norte de Catalu\u00f1a se encuentra la Cerdanya, una comarca compartida parcialmente con Francia que destaca por su singular geograf\u00eda. Su vasta llanura de alta monta\u00f1a est\u00e1 rodeada de sierras imponentes como la del Cad\u00ed-Moixer\u00f3, y goza de un clima inusualmente soleado, lo que la convierte en un lugar privilegiado<\/p>\n","protected":false},"author":1,"featured_media":10196,"comment_status":"closed","ping_status":"closed","sticky":false,"template":"","format":"standard","meta":{"footnotes":""},"categories":[38],"tags":[45],"class_list":{"0":"post-10162","1":"post","2":"type-post","3":"status-publish","4":"format-standard","5":"has-post-thumbnail","7":"category-live","8":"tag-sociedad"},"aioseo_notices":[],"aioseo_head":"\n\t\t<!-- All in One SEO Pro 4.9.6.2 - aioseo.com -->\n\t<meta name=\"description\" content=\"Entre los paisajes m\u00e1s fascinantes del norte de Catalu\u00f1a se encuentra la Cerdanya, una comarca compartida parcialmente con Francia que destaca\" \/>\n\t<meta name=\"robots\" content=\"max-image-preview:large\" \/>\n\t<meta name=\"author\" content=\"NBAsturias\"\/>\n\t<meta name=\"google-site-verification\" content=\"UA-38556648-1\" \/>\n\t<meta name=\"keywords\" content=\"live\" \/>\n\t<link rel=\"canonical\" href=\"https:\/\/eldigitaldeasturias.com\/radio\/la-cerdanya-encanto-natural-y-riqueza-cultural-en-los-pirineos\/\" \/>\n\t<meta name=\"generator\" content=\"All in One SEO Pro (AIOSEO) 4.9.6.2\" \/>\n\t\t<meta property=\"og:locale\" content=\"es_ES\" \/>\n\t\t<meta property=\"og:site_name\" content=\"El Digital de Asturias | Diario de informaci\u00f3n y noticias\" \/>\n\t\t<meta property=\"og:type\" content=\"article\" \/>\n\t\t<meta property=\"og:title\" content=\"La Cerdanya: Encanto natural y riqueza cultural en los Pirineos | El Digital de Asturias\" \/>\n\t\t<meta property=\"og:description\" content=\"Entre los paisajes m\u00e1s fascinantes del norte de Catalu\u00f1a se encuentra la Cerdanya, una comarca compartida parcialmente con Francia que destaca\" \/>\n\t\t<meta property=\"og:url\" content=\"https:\/\/eldigitaldeasturias.com\/radio\/la-cerdanya-encanto-natural-y-riqueza-cultural-en-los-pirineos\/\" \/>\n\t\t<meta property=\"og:image\" content=\"https:\/\/eldigitaldeasturias.com\/radio\/wp-content\/uploads\/2025\/04\/Cerdanya-1.jpg\" \/>\n\t\t<meta property=\"og:image:secure_url\" content=\"https:\/\/eldigitaldeasturias.com\/radio\/wp-content\/uploads\/2025\/04\/Cerdanya-1.jpg\" \/>\n\t\t<meta property=\"og:image:width\" content=\"1070\" \/>\n\t\t<meta property=\"og:image:height\" content=\"701\" \/>\n\t\t<meta property=\"article:published_time\" content=\"2025-04-11T07:20:31+00:00\" \/>\n\t\t<meta property=\"article:modified_time\" content=\"2025-04-22T05:34:38+00:00\" \/>\n\t\t<meta name=\"twitter:card\" content=\"summary_large_image\" \/>\n\t\t<meta name=\"twitter:site\" content=\"@bercodi\" \/>\n\t\t<meta name=\"twitter:title\" content=\"La Cerdanya: Encanto natural y riqueza cultural en los Pirineos | El Digital de Asturias\" \/>\n\t\t<meta name=\"twitter:description\" content=\"Entre los paisajes m\u00e1s fascinantes del norte de Catalu\u00f1a se encuentra la Cerdanya, una comarca compartida parcialmente con Francia que destaca\" \/>\n\t\t<meta name=\"twitter:creator\" content=\"@bercodi\" \/>\n\t\t<meta name=\"twitter:image\" content=\"https:\/\/eldigitaldeasturias.com\/radio\/wp-content\/uploads\/2025\/04\/Cerdanya-1.jpg\" \/>\n\t\t<script type=\"application\/ld+json\" class=\"aioseo-schema\">\n\t\t\t{\"@context\":\"https:\\\/\\\/schema.org\",\"@graph\":[{\"@type\":\"BreadcrumbList\",\"@id\":\"https:\\\/\\\/eldigitaldeasturias.com\\\/radio\\\/la-cerdanya-encanto-natural-y-riqueza-cultural-en-los-pirineos\\\/#breadcrumblist\",\"itemListElement\":[{\"@type\":\"ListItem\",\"@id\":\"https:\\\/\\\/eldigitaldeasturias.com\\\/radio#listItem\",\"position\":1,\"name\":\"Inicio\",\"item\":\"https:\\\/\\\/eldigitaldeasturias.com\\\/radio\",\"nextItem\":{\"@type\":\"ListItem\",\"@id\":\"https:\\\/\\\/eldigitaldeasturias.com\\\/radio\\\/category\\\/live\\\/#listItem\",\"name\":\"Live\"}},{\"@type\":\"ListItem\",\"@id\":\"https:\\\/\\\/eldigitaldeasturias.com\\\/radio\\\/category\\\/live\\\/#listItem\",\"position\":2,\"name\":\"Live\",\"item\":\"https:\\\/\\\/eldigitaldeasturias.com\\\/radio\\\/category\\\/live\\\/\",\"nextItem\":{\"@type\":\"ListItem\",\"@id\":\"https:\\\/\\\/eldigitaldeasturias.com\\\/radio\\\/la-cerdanya-encanto-natural-y-riqueza-cultural-en-los-pirineos\\\/#listItem\",\"name\":\"La Cerdanya: Encanto natural y riqueza cultural en los Pirineos\"},\"previousItem\":{\"@type\":\"ListItem\",\"@id\":\"https:\\\/\\\/eldigitaldeasturias.com\\\/radio#listItem\",\"name\":\"Inicio\"}},{\"@type\":\"ListItem\",\"@id\":\"https:\\\/\\\/eldigitaldeasturias.com\\\/radio\\\/la-cerdanya-encanto-natural-y-riqueza-cultural-en-los-pirineos\\\/#listItem\",\"position\":3,\"name\":\"La Cerdanya: Encanto natural y riqueza cultural en los Pirineos\",\"previousItem\":{\"@type\":\"ListItem\",\"@id\":\"https:\\\/\\\/eldigitaldeasturias.com\\\/radio\\\/category\\\/live\\\/#listItem\",\"name\":\"Live\"}}]},{\"@type\":\"NewsArticle\",\"@id\":\"https:\\\/\\\/eldigitaldeasturias.com\\\/radio\\\/la-cerdanya-encanto-natural-y-riqueza-cultural-en-los-pirineos\\\/#newsarticle\",\"name\":\"La Cerdanya: Encanto natural y riqueza cultural en los Pirineos | El Digital de Asturias\",\"headline\":\"La Cerdanya: Encanto natural y riqueza cultural en los Pirineos\",\"author\":{\"@id\":\"https:\\\/\\\/eldigitaldeasturias.com\\\/radio\\\/author\\\/nbasturias\\\/#author\"},\"publisher\":{\"@id\":\"https:\\\/\\\/eldigitaldeasturias.com\\\/radio\\\/#organization\"},\"image\":{\"@type\":\"ImageObject\",\"url\":\"https:\\\/\\\/eldigitaldeasturias.com\\\/radio\\\/wp-content\\\/uploads\\\/2025\\\/04\\\/Cerdanya-1.jpg\",\"width\":1070,\"height\":701,\"caption\":\"Cerdanya\"},\"datePublished\":\"2025-04-11T09:20:31+02:00\",\"dateModified\":\"2025-04-22T07:34:38+02:00\",\"inLanguage\":\"es-ES\",\"mainEntityOfPage\":{\"@id\":\"https:\\\/\\\/eldigitaldeasturias.com\\\/radio\\\/la-cerdanya-encanto-natural-y-riqueza-cultural-en-los-pirineos\\\/#webpage\"},\"isPartOf\":{\"@id\":\"https:\\\/\\\/eldigitaldeasturias.com\\\/radio\\\/la-cerdanya-encanto-natural-y-riqueza-cultural-en-los-pirineos\\\/#webpage\"},\"articleSection\":\"Live, Sociedad\",\"dateline\":\"Publicado el abril 11, 2025.\"},{\"@type\":\"Organization\",\"@id\":\"https:\\\/\\\/eldigitaldeasturias.com\\\/radio\\\/#organization\",\"name\":\"El digital de Asturias Radio\",\"description\":\"Diario de informaci\\u00f3n y noticias\",\"url\":\"https:\\\/\\\/eldigitaldeasturias.com\\\/radio\\\/\",\"telephone\":\"+34652131393\",\"logo\":{\"@type\":\"ImageObject\",\"url\":\"https:\\\/\\\/www.eldigitaldeasturias.com\\\/radio\\\/wp-content\\\/uploads\\\/2021\\\/03\\\/EDA.jpg\",\"@id\":\"https:\\\/\\\/eldigitaldeasturias.com\\\/radio\\\/la-cerdanya-encanto-natural-y-riqueza-cultural-en-los-pirineos\\\/#organizationLogo\"},\"image\":{\"@id\":\"https:\\\/\\\/eldigitaldeasturias.com\\\/radio\\\/la-cerdanya-encanto-natural-y-riqueza-cultural-en-los-pirineos\\\/#organizationLogo\"},\"sameAs\":[\"https:\\\/\\\/www.facebook.com\\\/\",\"https:\\\/\\\/x.com\\\/bercodi\",\"https:\\\/\\\/www.instagram.com\\\/\",\"https:\\\/\\\/www.youtube.com\\\/channel\\\/UCZP-2wLEB9Rv6erhFmqVnvg\"]},{\"@type\":\"Person\",\"@id\":\"https:\\\/\\\/eldigitaldeasturias.com\\\/radio\\\/author\\\/nbasturias\\\/#author\",\"url\":\"https:\\\/\\\/eldigitaldeasturias.com\\\/radio\\\/author\\\/nbasturias\\\/\",\"name\":\"NBAsturias\",\"image\":{\"@type\":\"ImageObject\",\"@id\":\"https:\\\/\\\/eldigitaldeasturias.com\\\/radio\\\/la-cerdanya-encanto-natural-y-riqueza-cultural-en-los-pirineos\\\/#authorImage\",\"url\":\"https:\\\/\\\/secure.gravatar.com\\\/avatar\\\/df2aeffc32bcd13f8d26072ef8a91b623d677766deac7f97ca815868cd41bf5e?s=96&d=mm&r=g\",\"width\":96,\"height\":96,\"caption\":\"NBAsturias\"}},{\"@type\":\"WebPage\",\"@id\":\"https:\\\/\\\/eldigitaldeasturias.com\\\/radio\\\/la-cerdanya-encanto-natural-y-riqueza-cultural-en-los-pirineos\\\/#webpage\",\"url\":\"https:\\\/\\\/eldigitaldeasturias.com\\\/radio\\\/la-cerdanya-encanto-natural-y-riqueza-cultural-en-los-pirineos\\\/\",\"name\":\"La Cerdanya: Encanto natural y riqueza cultural en los Pirineos | El Digital de Asturias\",\"description\":\"Entre los paisajes m\\u00e1s fascinantes del norte de Catalu\\u00f1a se encuentra la Cerdanya, una comarca compartida parcialmente con Francia que destaca\",\"inLanguage\":\"es-ES\",\"isPartOf\":{\"@id\":\"https:\\\/\\\/eldigitaldeasturias.com\\\/radio\\\/#website\"},\"breadcrumb\":{\"@id\":\"https:\\\/\\\/eldigitaldeasturias.com\\\/radio\\\/la-cerdanya-encanto-natural-y-riqueza-cultural-en-los-pirineos\\\/#breadcrumblist\"},\"author\":{\"@id\":\"https:\\\/\\\/eldigitaldeasturias.com\\\/radio\\\/author\\\/nbasturias\\\/#author\"},\"creator\":{\"@id\":\"https:\\\/\\\/eldigitaldeasturias.com\\\/radio\\\/author\\\/nbasturias\\\/#author\"},\"image\":{\"@type\":\"ImageObject\",\"url\":\"https:\\\/\\\/eldigitaldeasturias.com\\\/radio\\\/wp-content\\\/uploads\\\/2025\\\/04\\\/Cerdanya-1.jpg\",\"@id\":\"https:\\\/\\\/eldigitaldeasturias.com\\\/radio\\\/la-cerdanya-encanto-natural-y-riqueza-cultural-en-los-pirineos\\\/#mainImage\",\"width\":1070,\"height\":701,\"caption\":\"Cerdanya\"},\"primaryImageOfPage\":{\"@id\":\"https:\\\/\\\/eldigitaldeasturias.com\\\/radio\\\/la-cerdanya-encanto-natural-y-riqueza-cultural-en-los-pirineos\\\/#mainImage\"},\"datePublished\":\"2025-04-11T09:20:31+02:00\",\"dateModified\":\"2025-04-22T07:34:38+02:00\"},{\"@type\":\"WebSite\",\"@id\":\"https:\\\/\\\/eldigitaldeasturias.com\\\/radio\\\/#website\",\"url\":\"https:\\\/\\\/eldigitaldeasturias.com\\\/radio\\\/\",\"name\":\"El Digital de Asturias\",\"description\":\"Diario de informaci\\u00f3n y noticias\",\"inLanguage\":\"es-ES\",\"publisher\":{\"@id\":\"https:\\\/\\\/eldigitaldeasturias.com\\\/radio\\\/#organization\"}}]}\n\t\t<\/script>\n\t\t<!-- All in One SEO Pro -->\r\n\t\t<title>La Cerdanya: Encanto natural y riqueza cultural en los Pirineos | El Digital de Asturias<\/title>\n\n","aioseo_head_json":{"title":"La Cerdanya: Encanto natural y riqueza cultural en los Pirineos | El Digital de Asturias","description":"Entre los paisajes m\u00e1s fascinantes del norte de Catalu\u00f1a se encuentra la Cerdanya, una comarca compartida parcialmente con Francia que destaca","canonical_url":"https:\/\/eldigitaldeasturias.com\/radio\/la-cerdanya-encanto-natural-y-riqueza-cultural-en-los-pirineos\/","robots":"max-image-preview:large","keywords":"live","webmasterTools":{"google-site-verification":"UA-38556648-1","miscellaneous":""},"schema":{"@context":"https:\/\/schema.org","@graph":[{"@type":"BreadcrumbList","@id":"https:\/\/eldigitaldeasturias.com\/radio\/la-cerdanya-encanto-natural-y-riqueza-cultural-en-los-pirineos\/#breadcrumblist","itemListElement":[{"@type":"ListItem","@id":"https:\/\/eldigitaldeasturias.com\/radio#listItem","position":1,"name":"Inicio","item":"https:\/\/eldigitaldeasturias.com\/radio","nextItem":{"@type":"ListItem","@id":"https:\/\/eldigitaldeasturias.com\/radio\/category\/live\/#listItem","name":"Live"}},{"@type":"ListItem","@id":"https:\/\/eldigitaldeasturias.com\/radio\/category\/live\/#listItem","position":2,"name":"Live","item":"https:\/\/eldigitaldeasturias.com\/radio\/category\/live\/","nextItem":{"@type":"ListItem","@id":"https:\/\/eldigitaldeasturias.com\/radio\/la-cerdanya-encanto-natural-y-riqueza-cultural-en-los-pirineos\/#listItem","name":"La Cerdanya: Encanto natural y riqueza cultural en los Pirineos"},"previousItem":{"@type":"ListItem","@id":"https:\/\/eldigitaldeasturias.com\/radio#listItem","name":"Inicio"}},{"@type":"ListItem","@id":"https:\/\/eldigitaldeasturias.com\/radio\/la-cerdanya-encanto-natural-y-riqueza-cultural-en-los-pirineos\/#listItem","position":3,"name":"La Cerdanya: Encanto natural y riqueza cultural en los Pirineos","previousItem":{"@type":"ListItem","@id":"https:\/\/eldigitaldeasturias.com\/radio\/category\/live\/#listItem","name":"Live"}}]},{"@type":"NewsArticle","@id":"https:\/\/eldigitaldeasturias.com\/radio\/la-cerdanya-encanto-natural-y-riqueza-cultural-en-los-pirineos\/#newsarticle","name":"La Cerdanya: Encanto natural y riqueza cultural en los Pirineos | El Digital de Asturias","headline":"La Cerdanya: Encanto natural y riqueza cultural en los Pirineos","author":{"@id":"https:\/\/eldigitaldeasturias.com\/radio\/author\/nbasturias\/#author"},"publisher":{"@id":"https:\/\/eldigitaldeasturias.com\/radio\/#organization"},"image":{"@type":"ImageObject","url":"https:\/\/eldigitaldeasturias.com\/radio\/wp-content\/uploads\/2025\/04\/Cerdanya-1.jpg","width":1070,"height":701,"caption":"Cerdanya"},"datePublished":"2025-04-11T09:20:31+02:00","dateModified":"2025-04-22T07:34:38+02:00","inLanguage":"es-ES","mainEntityOfPage":{"@id":"https:\/\/eldigitaldeasturias.com\/radio\/la-cerdanya-encanto-natural-y-riqueza-cultural-en-los-pirineos\/#webpage"},"isPartOf":{"@id":"https:\/\/eldigitaldeasturias.com\/radio\/la-cerdanya-encanto-natural-y-riqueza-cultural-en-los-pirineos\/#webpage"},"articleSection":"Live, Sociedad","dateline":"Publicado el abril 11, 2025."},{"@type":"Organization","@id":"https:\/\/eldigitaldeasturias.com\/radio\/#organization","name":"El digital de Asturias Radio","description":"Diario de informaci\u00f3n y noticias","url":"https:\/\/eldigitaldeasturias.com\/radio\/","telephone":"+34652131393","logo":{"@type":"ImageObject","url":"https:\/\/www.eldigitaldeasturias.com\/radio\/wp-content\/uploads\/2021\/03\/EDA.jpg","@id":"https:\/\/eldigitaldeasturias.com\/radio\/la-cerdanya-encanto-natural-y-riqueza-cultural-en-los-pirineos\/#organizationLogo"},"image":{"@id":"https:\/\/eldigitaldeasturias.com\/radio\/la-cerdanya-encanto-natural-y-riqueza-cultural-en-los-pirineos\/#organizationLogo"},"sameAs":["https:\/\/www.facebook.com\/","https:\/\/x.com\/bercodi","https:\/\/www.instagram.com\/","https:\/\/www.youtube.com\/channel\/UCZP-2wLEB9Rv6erhFmqVnvg"]},{"@type":"Person","@id":"https:\/\/eldigitaldeasturias.com\/radio\/author\/nbasturias\/#author","url":"https:\/\/eldigitaldeasturias.com\/radio\/author\/nbasturias\/","name":"NBAsturias","image":{"@type":"ImageObject","@id":"https:\/\/eldigitaldeasturias.com\/radio\/la-cerdanya-encanto-natural-y-riqueza-cultural-en-los-pirineos\/#authorImage","url":"https:\/\/secure.gravatar.com\/avatar\/df2aeffc32bcd13f8d26072ef8a91b623d677766deac7f97ca815868cd41bf5e?s=96&d=mm&r=g","width":96,"height":96,"caption":"NBAsturias"}},{"@type":"WebPage","@id":"https:\/\/eldigitaldeasturias.com\/radio\/la-cerdanya-encanto-natural-y-riqueza-cultural-en-los-pirineos\/#webpage","url":"https:\/\/eldigitaldeasturias.com\/radio\/la-cerdanya-encanto-natural-y-riqueza-cultural-en-los-pirineos\/","name":"La Cerdanya: Encanto natural y riqueza cultural en los Pirineos | El Digital de Asturias","description":"Entre los paisajes m\u00e1s fascinantes del norte de Catalu\u00f1a se encuentra la Cerdanya, una comarca compartida parcialmente con Francia que destaca","inLanguage":"es-ES","isPartOf":{"@id":"https:\/\/eldigitaldeasturias.com\/radio\/#website"},"breadcrumb":{"@id":"https:\/\/eldigitaldeasturias.com\/radio\/la-cerdanya-encanto-natural-y-riqueza-cultural-en-los-pirineos\/#breadcrumblist"},"author":{"@id":"https:\/\/eldigitaldeasturias.com\/radio\/author\/nbasturias\/#author"},"creator":{"@id":"https:\/\/eldigitaldeasturias.com\/radio\/author\/nbasturias\/#author"},"image":{"@type":"ImageObject","url":"https:\/\/eldigitaldeasturias.com\/radio\/wp-content\/uploads\/2025\/04\/Cerdanya-1.jpg","@id":"https:\/\/eldigitaldeasturias.com\/radio\/la-cerdanya-encanto-natural-y-riqueza-cultural-en-los-pirineos\/#mainImage","width":1070,"height":701,"caption":"Cerdanya"},"primaryImageOfPage":{"@id":"https:\/\/eldigitaldeasturias.com\/radio\/la-cerdanya-encanto-natural-y-riqueza-cultural-en-los-pirineos\/#mainImage"},"datePublished":"2025-04-11T09:20:31+02:00","dateModified":"2025-04-22T07:34:38+02:00"},{"@type":"WebSite","@id":"https:\/\/eldigitaldeasturias.com\/radio\/#website","url":"https:\/\/eldigitaldeasturias.com\/radio\/","name":"El Digital de Asturias","description":"Diario de informaci\u00f3n y noticias","inLanguage":"es-ES","publisher":{"@id":"https:\/\/eldigitaldeasturias.com\/radio\/#organization"}}]},"og:locale":"es_ES","og:site_name":"El Digital de Asturias | Diario de informaci\u00f3n y noticias","og:type":"article","og:title":"La Cerdanya: Encanto natural y riqueza cultural en los Pirineos | El Digital de Asturias","og:description":"Entre los paisajes m\u00e1s fascinantes del norte de Catalu\u00f1a se encuentra la Cerdanya, una comarca compartida parcialmente con Francia que destaca","og:url":"https:\/\/eldigitaldeasturias.com\/radio\/la-cerdanya-encanto-natural-y-riqueza-cultural-en-los-pirineos\/","og:image":"https:\/\/eldigitaldeasturias.com\/radio\/wp-content\/uploads\/2025\/04\/Cerdanya-1.jpg","og:image:secure_url":"https:\/\/eldigitaldeasturias.com\/radio\/wp-content\/uploads\/2025\/04\/Cerdanya-1.jpg","og:image:width":1070,"og:image:height":701,"article:published_time":"2025-04-11T07:20:31+00:00","article:modified_time":"2025-04-22T05:34:38+00:00","twitter:card":"summary_large_image","twitter:site":"@bercodi","twitter:title":"La Cerdanya: Encanto natural y riqueza cultural en los Pirineos | El Digital de Asturias","twitter:description":"Entre los paisajes m\u00e1s fascinantes del norte de Catalu\u00f1a se encuentra la Cerdanya, una comarca compartida parcialmente con Francia que destaca","twitter:creator":"@bercodi","twitter:image":"https:\/\/eldigitaldeasturias.com\/radio\/wp-content\/uploads\/2025\/04\/Cerdanya-1.jpg"},"aioseo_meta_data":{"post_id":"10162","title":null,"description":"Entre los paisajes m\u00e1s fascinantes del norte de Catalu\u00f1a se encuentra la Cerdanya, una comarca compartida parcialmente con Francia que destaca","keywords":null,"keyphrases":{"focus":{"keyphrase":"Cerdanya","score":100,"analysis":{"keyphraseInTitle":{"score":9,"maxScore":9,"error":0},"keyphraseInDescription":{"score":9,"maxScore":9,"error":0},"keyphraseLength":{"score":9,"maxScore":9,"error":0,"length":1},"keyphraseInURL":{"score":5,"maxScore":5,"error":0},"keyphraseInIntroduction":{"score":9,"maxScore":9,"error":0},"keyphraseInSubHeadings":[],"keyphraseInImageAlt":{"score":9,"maxScore":9,"error":0},"keywordDensity":{"type":"best","score":9,"maxScore":9,"error":0}}},"additional":[{"keyphrase":"Cerdanya","score":100,"analysis":{"keyphraseInDescription":{"score":9,"maxScore":9,"error":0},"keyphraseLength":{"score":9,"maxScore":9,"error":0,"length":1},"keyphraseInIntroduction":{"score":9,"maxScore":9,"error":0},"keyphraseInImageAlt":{"score":9,"maxScore":9,"error":0},"keywordDensity":{"type":"best","score":9,"maxScore":9,"error":0}}}]},"primary_term":null,"canonical_url":null,"og_title":null,"og_description":null,"og_object_type":"default","og_image_type":"default","og_image_url":null,"og_image_width":null,"og_image_height":null,"og_image_custom_url":null,"og_image_custom_fields":null,"og_video":"","og_custom_url":null,"og_article_section":null,"og_article_tags":null,"twitter_use_og":false,"twitter_card":"default","twitter_image_type":"default","twitter_image_url":null,"twitter_image_custom_url":null,"twitter_image_custom_fields":null,"twitter_title":null,"twitter_description":null,"schema":{"blockGraphs":[],"customGraphs":[],"default":{"data":{"Article":[],"Course":[],"Dataset":[],"FAQPage":[],"Movie":[],"Person":[],"Product":[],"ProductReview":[],"Car":[],"Recipe":[],"Service":[],"SoftwareApplication":[],"WebPage":[]},"graphName":"NewsArticle","isEnabled":true},"graphs":[]},"schema_type":"default","schema_type_options":null,"pillar_content":false,"robots_default":true,"robots_noindex":false,"robots_noarchive":false,"robots_nosnippet":false,"robots_nofollow":false,"robots_noimageindex":false,"robots_noodp":false,"robots_notranslate":false,"robots_max_snippet":"-1","robots_max_videopreview":"-1","robots_max_imagepreview":"large","priority":null,"frequency":"default","location":null,"local_seo":null,"seo_analyzer_scan_date":"2025-08-29 00:08:24","breadcrumb_settings":null,"limit_modified_date":false,"open_ai":"{\"title\":{\"suggestions\":[],\"usage\":0},\"description\":{\"suggestions\":[],\"usage\":0}}","ai":null,"created":"2025-04-11 07:16:51","updated":"2025-08-29 00:08:24"},"aioseo_breadcrumb":"<div class=\"aioseo-breadcrumbs\"><span class=\"aioseo-breadcrumb\">\n\t<a href=\"https:\/\/eldigitaldeasturias.com\/radio\" title=\"Inicio\">Inicio<\/a>\n<\/span><span class=\"aioseo-breadcrumb-separator\">&ndash;<\/span><span class=\"aioseo-breadcrumb\">\n\t<a href=\"https:\/\/eldigitaldeasturias.com\/radio\/category\/live\/\" title=\"Live\">Live<\/a>\n<\/span><span class=\"aioseo-breadcrumb-separator\">&ndash;<\/span><span class=\"aioseo-breadcrumb\">\n\tLa Cerdanya: Encanto natural y riqueza cultural en los Pirineos\n<\/span><\/div>","aioseo_breadcrumb_json":[{"label":"Inicio","link":"https:\/\/eldigitaldeasturias.com\/radio"},{"label":"Live","link":"https:\/\/eldigitaldeasturias.com\/radio\/category\/live\/"},{"label":"La Cerdanya: Encanto natural y riqueza cultural en los Pirineos","link":"https:\/\/eldigitaldeasturias.com\/radio\/la-cerdanya-encanto-natural-y-riqueza-cultural-en-los-pirineos\/"}],"_links":{"self":[{"href":"https:\/\/eldigitaldeasturias.com\/radio\/wp-json\/wp\/v2\/posts\/10162","targetHints":{"allow":["GET"]}}],"collection":[{"href":"https:\/\/eldigitaldeasturias.com\/radio\/wp-json\/wp\/v2\/posts"}],"about":[{"href":"https:\/\/eldigitaldeasturias.com\/radio\/wp-json\/wp\/v2\/types\/post"}],"author":[{"embeddable":true,"href":"https:\/\/eldigitaldeasturias.com\/radio\/wp-json\/wp\/v2\/users\/1"}],"replies":[{"embeddable":true,"href":"https:\/\/eldigitaldeasturias.com\/radio\/wp-json\/wp\/v2\/comments?post=10162"}],"version-history":[{"count":0,"href":"https:\/\/eldigitaldeasturias.com\/radio\/wp-json\/wp\/v2\/posts\/10162\/revisions"}],"wp:featuredmedia":[{"embeddable":true,"href":"https:\/\/eldigitaldeasturias.com\/radio\/wp-json\/wp\/v2\/media\/10196"}],"wp:attachment":[{"href":"https:\/\/eldigitaldeasturias.com\/radio\/wp-json\/wp\/v2\/media?parent=10162"}],"wp:term":[{"taxonomy":"category","embeddable":true,"href":"https:\/\/eldigitaldeasturias.com\/radio\/wp-json\/wp\/v2\/categories?post=10162"},{"taxonomy":"post_tag","embeddable":true,"href":"https:\/\/eldigitaldeasturias.com\/radio\/wp-json\/wp\/v2\/tags?post=10162"}],"curies":[{"name":"wp","href":"https:\/\/api.w.org\/{rel}","templated":true}]}}