{"id":986,"date":"2014-01-15T18:28:31","date_gmt":"2014-01-15T19:28:31","guid":{"rendered":"http:\/\/eldigitaldeasturias.com\/magazine365\/?p=986"},"modified":"2014-01-15T18:28:31","modified_gmt":"2014-01-15T19:28:31","slug":"ryanair-abrira-nuevas-rutas-a-alemania-e-inglaterra-desde-espana","status":"publish","type":"post","link":"https:\/\/eldigitaldeasturias.com\/magazine365\/ryanair-abrira-nuevas-rutas-a-alemania-e-inglaterra-desde-espana\/","title":{"rendered":"Ryanair abrir\u00e1 nuevas rutas a Alemania e Inglaterra desde Espa\u00f1a"},"content":{"rendered":"<p><img fetchpriority=\"high\" decoding=\"async\" class=\"alignleft size-medium wp-image-987\" alt=\"5851348w\" src=\"https:\/\/eldigitaldeasturias.com\/magazine365\/wp-content\/uploads\/2014\/01\/5851348w-360x252.jpg\" width=\"360\" height=\"252\" srcset=\"https:\/\/eldigitaldeasturias.com\/magazine365\/wp-content\/uploads\/2014\/01\/5851348w-360x252.jpg 360w, https:\/\/eldigitaldeasturias.com\/magazine365\/wp-content\/uploads\/2014\/01\/5851348w-650x456.jpg 650w, https:\/\/eldigitaldeasturias.com\/magazine365\/wp-content\/uploads\/2014\/01\/5851348w-768x539.jpg 768w, https:\/\/eldigitaldeasturias.com\/magazine365\/wp-content\/uploads\/2014\/01\/5851348w-150x105.jpg 150w, https:\/\/eldigitaldeasturias.com\/magazine365\/wp-content\/uploads\/2014\/01\/5851348w-450x316.jpg 450w, https:\/\/eldigitaldeasturias.com\/magazine365\/wp-content\/uploads\/2014\/01\/5851348w-100x70.jpg 100w, https:\/\/eldigitaldeasturias.com\/magazine365\/wp-content\/uploads\/2014\/01\/5851348w-696x488.jpg 696w, https:\/\/eldigitaldeasturias.com\/magazine365\/wp-content\/uploads\/2014\/01\/5851348w-599x420.jpg 599w, https:\/\/eldigitaldeasturias.com\/magazine365\/wp-content\/uploads\/2014\/01\/5851348w.jpg 800w\" sizes=\"(max-width: 360px) 100vw, 360px\" \/>Madrid, 15 ene (EFE).- Ryanair abrir\u00e1 el pr\u00f3ximo verano un nuevo vuelo desde Murcia a Eindhoven (Alemania) y varias rutas entre Barcelona, Gran Canaria y Fuerteventura con Manchester.<\/p>\n<p>As\u00ed lo ha anunciado hoy la aerol\u00ednea en un comunicado en el que informa tambi\u00e9n de que para la temporada del 2014 pretende reforzar con m\u00e1s frecuencias los trayectos desde el aeropuerto de Girona a Eindhoven y los que opera en Ibiza, Lanzarote, M\u00e1laga y Tenerife Sur con Manchester.<\/p>\n<p>La nota recuerda, adem\u00e1s, que los pasajeros de Ryanair pueden utilizar las mejoras introducidas por las compa\u00f1\u00edas que conceden a los viajeros \u00ab24 horas para corregir peque\u00f1os errores en la reserva de sus vuelos, vuelos silenciosos antes de las 08.00 y despu\u00e9s de las 21.00 horas y la posibilidad de transportar un segundo bulto de mano peque\u00f1o en todos los vuelos\u00bb.<\/p>\n","protected":false},"excerpt":{"rendered":"<p>Madrid, 15 ene (EFE).- Ryanair abrir\u00e1 el pr\u00f3ximo verano un nuevo vuelo desde Murcia a Eindhoven (Alemania) y varias rutas entre Barcelona, Gran Canaria y Fuerteventura con Manchester. As\u00ed lo ha anunciado hoy la aerol\u00ednea en un comunicado en el que informa tambi\u00e9n de que para la temporada del 2014 pretende reforzar con m\u00e1s frecuencias<\/p>\n","protected":false},"author":1,"featured_media":987,"comment_status":"open","ping_status":"open","sticky":false,"template":"","format":"standard","meta":{"footnotes":""},"categories":[222],"tags":[],"class_list":{"0":"post-986","1":"post","2":"type-post","3":"status-publish","4":"format-standard","5":"has-post-thumbnail","7":"category-actualidad-turismo"},"aioseo_notices":[],"aioseo_head":"\n\t\t<!-- All in One SEO Pro 4.9.6.1 - aioseo.com -->\n\t<meta name=\"description\" content=\"Madrid, 15 ene (EFE).- Ryanair abrir\u00e1 el pr\u00f3ximo verano un nuevo vuelo desde Murcia a Eindhoven (Alemania) y varias rutas entre Barcelona, Gran Canaria y Fuerteventura con Manchester. As\u00ed lo ha anunciado hoy la aerol\u00ednea en un comunicado en el que informa tambi\u00e9n de que para la temporada del 2014 pretende reforzar con m\u00e1s frecuencias\" \/>\n\t<meta name=\"robots\" content=\"max-image-preview:large\" \/>\n\t<meta name=\"author\" content=\"admin\"\/>\n\t<meta name=\"google-site-verification\" content=\"UA-38556648-1\" \/>\n\t<meta name=\"keywords\" content=\"actualidad turismo\" \/>\n\t<link rel=\"canonical\" href=\"https:\/\/eldigitaldeasturias.com\/magazine365\/ryanair-abrira-nuevas-rutas-a-alemania-e-inglaterra-desde-espana\/\" \/>\n\t<meta name=\"generator\" content=\"All in One SEO Pro (AIOSEO) 4.9.6.1\" \/>\n\t\t<meta property=\"og:locale\" content=\"es_ES\" \/>\n\t\t<meta property=\"og:site_name\" content=\"El Digital de Asturias \u2013 Revista de ocio, turismo y estilo de vida\" \/>\n\t\t<meta property=\"og:type\" content=\"article\" \/>\n\t\t<meta property=\"og:title\" content=\"Ryanair abrir\u00e1 nuevas rutas a Alemania e Inglaterra desde Espa\u00f1a | El Digital de Asturias\" \/>\n\t\t<meta property=\"og:description\" content=\"Madrid, 15 ene (EFE).- Ryanair abrir\u00e1 el pr\u00f3ximo verano un nuevo vuelo desde Murcia a Eindhoven (Alemania) y varias rutas entre Barcelona, Gran Canaria y Fuerteventura con Manchester. As\u00ed lo ha anunciado hoy la aerol\u00ednea en un comunicado en el que informa tambi\u00e9n de que para la temporada del 2014 pretende reforzar con m\u00e1s frecuencias\" \/>\n\t\t<meta property=\"og:url\" content=\"https:\/\/eldigitaldeasturias.com\/magazine365\/ryanair-abrira-nuevas-rutas-a-alemania-e-inglaterra-desde-espana\/\" \/>\n\t\t<meta property=\"og:image\" content=\"https:\/\/eldigitaldeasturias.com\/magazine365\/wp-content\/uploads\/2014\/01\/5851348w.jpg\" \/>\n\t\t<meta property=\"og:image:secure_url\" content=\"https:\/\/eldigitaldeasturias.com\/magazine365\/wp-content\/uploads\/2014\/01\/5851348w.jpg\" \/>\n\t\t<meta property=\"og:image:width\" content=\"800\" \/>\n\t\t<meta property=\"og:image:height\" content=\"561\" \/>\n\t\t<meta property=\"article:published_time\" content=\"2014-01-15T19:28:31+00:00\" \/>\n\t\t<meta property=\"article:modified_time\" content=\"2014-01-15T19:28:31+00:00\" \/>\n\t\t<meta name=\"twitter:card\" content=\"summary_large_image\" \/>\n\t\t<meta name=\"twitter:title\" content=\"Ryanair abrir\u00e1 nuevas rutas a Alemania e Inglaterra desde Espa\u00f1a | El Digital de Asturias\" \/>\n\t\t<meta name=\"twitter:description\" content=\"Madrid, 15 ene (EFE).- Ryanair abrir\u00e1 el pr\u00f3ximo verano un nuevo vuelo desde Murcia a Eindhoven (Alemania) y varias rutas entre Barcelona, Gran Canaria y Fuerteventura con Manchester. As\u00ed lo ha anunciado hoy la aerol\u00ednea en un comunicado en el que informa tambi\u00e9n de que para la temporada del 2014 pretende reforzar con m\u00e1s frecuencias\" \/>\n\t\t<meta name=\"twitter:image\" content=\"https:\/\/eldigitaldeasturias.com\/magazine365\/wp-content\/uploads\/2014\/01\/5851348w.jpg\" \/>\n\t\t<script type=\"application\/ld+json\" class=\"aioseo-schema\">\n\t\t\t{\"@context\":\"https:\\\/\\\/schema.org\",\"@graph\":[{\"@type\":\"Article\",\"@id\":\"https:\\\/\\\/eldigitaldeasturias.com\\\/magazine365\\\/ryanair-abrira-nuevas-rutas-a-alemania-e-inglaterra-desde-espana\\\/#article\",\"name\":\"Ryanair abrir\\u00e1 nuevas rutas a Alemania e Inglaterra desde Espa\\u00f1a | El Digital de Asturias\",\"headline\":\"Ryanair abrir\\u00e1 nuevas rutas a Alemania e Inglaterra desde Espa\\u00f1a\",\"author\":{\"@id\":\"https:\\\/\\\/eldigitaldeasturias.com\\\/magazine365\\\/author\\\/admin\\\/#author\"},\"publisher\":{\"@id\":\"https:\\\/\\\/eldigitaldeasturias.com\\\/magazine365\\\/#organization\"},\"image\":{\"@type\":\"ImageObject\",\"url\":\"https:\\\/\\\/eldigitaldeasturias.com\\\/magazine365\\\/wp-content\\\/uploads\\\/2014\\\/01\\\/5851348w.jpg\",\"width\":800,\"height\":561},\"datePublished\":\"2014-01-15T18:28:31+01:00\",\"dateModified\":\"2014-01-15T18:28:31+01:00\",\"inLanguage\":\"es-ES\",\"mainEntityOfPage\":{\"@id\":\"https:\\\/\\\/eldigitaldeasturias.com\\\/magazine365\\\/ryanair-abrira-nuevas-rutas-a-alemania-e-inglaterra-desde-espana\\\/#webpage\"},\"isPartOf\":{\"@id\":\"https:\\\/\\\/eldigitaldeasturias.com\\\/magazine365\\\/ryanair-abrira-nuevas-rutas-a-alemania-e-inglaterra-desde-espana\\\/#webpage\"},\"articleSection\":\"Actualidad Turismo\"},{\"@type\":\"BreadcrumbList\",\"@id\":\"https:\\\/\\\/eldigitaldeasturias.com\\\/magazine365\\\/ryanair-abrira-nuevas-rutas-a-alemania-e-inglaterra-desde-espana\\\/#breadcrumblist\",\"itemListElement\":[{\"@type\":\"ListItem\",\"@id\":\"https:\\\/\\\/eldigitaldeasturias.com\\\/magazine365#listItem\",\"position\":1,\"name\":\"Home\",\"item\":\"https:\\\/\\\/eldigitaldeasturias.com\\\/magazine365\",\"nextItem\":{\"@type\":\"ListItem\",\"@id\":\"https:\\\/\\\/eldigitaldeasturias.com\\\/magazine365\\\/category\\\/actualidad-turismo\\\/#listItem\",\"name\":\"Actualidad Turismo\"}},{\"@type\":\"ListItem\",\"@id\":\"https:\\\/\\\/eldigitaldeasturias.com\\\/magazine365\\\/category\\\/actualidad-turismo\\\/#listItem\",\"position\":2,\"name\":\"Actualidad Turismo\",\"item\":\"https:\\\/\\\/eldigitaldeasturias.com\\\/magazine365\\\/category\\\/actualidad-turismo\\\/\",\"nextItem\":{\"@type\":\"ListItem\",\"@id\":\"https:\\\/\\\/eldigitaldeasturias.com\\\/magazine365\\\/ryanair-abrira-nuevas-rutas-a-alemania-e-inglaterra-desde-espana\\\/#listItem\",\"name\":\"Ryanair abrir\\u00e1 nuevas rutas a Alemania e Inglaterra desde Espa\\u00f1a\"},\"previousItem\":{\"@type\":\"ListItem\",\"@id\":\"https:\\\/\\\/eldigitaldeasturias.com\\\/magazine365#listItem\",\"name\":\"Home\"}},{\"@type\":\"ListItem\",\"@id\":\"https:\\\/\\\/eldigitaldeasturias.com\\\/magazine365\\\/ryanair-abrira-nuevas-rutas-a-alemania-e-inglaterra-desde-espana\\\/#listItem\",\"position\":3,\"name\":\"Ryanair abrir\\u00e1 nuevas rutas a Alemania e Inglaterra desde Espa\\u00f1a\",\"previousItem\":{\"@type\":\"ListItem\",\"@id\":\"https:\\\/\\\/eldigitaldeasturias.com\\\/magazine365\\\/category\\\/actualidad-turismo\\\/#listItem\",\"name\":\"Actualidad Turismo\"}}]},{\"@type\":\"Organization\",\"@id\":\"https:\\\/\\\/eldigitaldeasturias.com\\\/magazine365\\\/#organization\",\"name\":\"El digital de Asturias\",\"description\":\"Revista de ocio, turismo y estilo de vida\",\"url\":\"https:\\\/\\\/eldigitaldeasturias.com\\\/magazine365\\\/\",\"logo\":{\"@type\":\"ImageObject\",\"url\":\"https:\\\/\\\/www.eldigitaldeasturias.com\\\/noticias\\\/wp-content\\\/uploads\\\/2020\\\/12\\\/EDA.jpg\",\"@id\":\"https:\\\/\\\/eldigitaldeasturias.com\\\/magazine365\\\/ryanair-abrira-nuevas-rutas-a-alemania-e-inglaterra-desde-espana\\\/#organizationLogo\"},\"image\":{\"@id\":\"https:\\\/\\\/eldigitaldeasturias.com\\\/magazine365\\\/ryanair-abrira-nuevas-rutas-a-alemania-e-inglaterra-desde-espana\\\/#organizationLogo\"}},{\"@type\":\"Person\",\"@id\":\"https:\\\/\\\/eldigitaldeasturias.com\\\/magazine365\\\/author\\\/admin\\\/#author\",\"url\":\"https:\\\/\\\/eldigitaldeasturias.com\\\/magazine365\\\/author\\\/admin\\\/\",\"name\":\"admin\",\"image\":{\"@type\":\"ImageObject\",\"@id\":\"https:\\\/\\\/eldigitaldeasturias.com\\\/magazine365\\\/ryanair-abrira-nuevas-rutas-a-alemania-e-inglaterra-desde-espana\\\/#authorImage\",\"url\":\"https:\\\/\\\/eldigitaldeasturias.com\\\/magazine365\\\/wp-content\\\/litespeed\\\/avatar\\\/e571bcf59a0edd6fa6838245a470f2fe.jpg?ver=1777574230\",\"width\":96,\"height\":96,\"caption\":\"admin\"}},{\"@type\":\"WebPage\",\"@id\":\"https:\\\/\\\/eldigitaldeasturias.com\\\/magazine365\\\/ryanair-abrira-nuevas-rutas-a-alemania-e-inglaterra-desde-espana\\\/#webpage\",\"url\":\"https:\\\/\\\/eldigitaldeasturias.com\\\/magazine365\\\/ryanair-abrira-nuevas-rutas-a-alemania-e-inglaterra-desde-espana\\\/\",\"name\":\"Ryanair abrir\\u00e1 nuevas rutas a Alemania e Inglaterra desde Espa\\u00f1a | El Digital de Asturias\",\"description\":\"Madrid, 15 ene (EFE).- Ryanair abrir\\u00e1 el pr\\u00f3ximo verano un nuevo vuelo desde Murcia a Eindhoven (Alemania) y varias rutas entre Barcelona, Gran Canaria y Fuerteventura con Manchester. As\\u00ed lo ha anunciado hoy la aerol\\u00ednea en un comunicado en el que informa tambi\\u00e9n de que para la temporada del 2014 pretende reforzar con m\\u00e1s frecuencias\",\"inLanguage\":\"es-ES\",\"isPartOf\":{\"@id\":\"https:\\\/\\\/eldigitaldeasturias.com\\\/magazine365\\\/#website\"},\"breadcrumb\":{\"@id\":\"https:\\\/\\\/eldigitaldeasturias.com\\\/magazine365\\\/ryanair-abrira-nuevas-rutas-a-alemania-e-inglaterra-desde-espana\\\/#breadcrumblist\"},\"author\":{\"@id\":\"https:\\\/\\\/eldigitaldeasturias.com\\\/magazine365\\\/author\\\/admin\\\/#author\"},\"creator\":{\"@id\":\"https:\\\/\\\/eldigitaldeasturias.com\\\/magazine365\\\/author\\\/admin\\\/#author\"},\"image\":{\"@type\":\"ImageObject\",\"url\":\"https:\\\/\\\/eldigitaldeasturias.com\\\/magazine365\\\/wp-content\\\/uploads\\\/2014\\\/01\\\/5851348w.jpg\",\"@id\":\"https:\\\/\\\/eldigitaldeasturias.com\\\/magazine365\\\/ryanair-abrira-nuevas-rutas-a-alemania-e-inglaterra-desde-espana\\\/#mainImage\",\"width\":800,\"height\":561},\"primaryImageOfPage\":{\"@id\":\"https:\\\/\\\/eldigitaldeasturias.com\\\/magazine365\\\/ryanair-abrira-nuevas-rutas-a-alemania-e-inglaterra-desde-espana\\\/#mainImage\"},\"datePublished\":\"2014-01-15T18:28:31+01:00\",\"dateModified\":\"2014-01-15T18:28:31+01:00\"},{\"@type\":\"WebSite\",\"@id\":\"https:\\\/\\\/eldigitaldeasturias.com\\\/magazine365\\\/#website\",\"url\":\"https:\\\/\\\/eldigitaldeasturias.com\\\/magazine365\\\/\",\"name\":\"El Digital de Asturias\",\"description\":\"Revista de ocio, turismo y estilo de vida\",\"inLanguage\":\"es-ES\",\"publisher\":{\"@id\":\"https:\\\/\\\/eldigitaldeasturias.com\\\/magazine365\\\/#organization\"}}]}\n\t\t<\/script>\n\t\t<!-- All in One SEO Pro -->\r\n\t\t<title>Ryanair abrir\u00e1 nuevas rutas a Alemania e Inglaterra desde Espa\u00f1a | El Digital de Asturias<\/title>\n\n","aioseo_head_json":{"title":"Ryanair abrir\u00e1 nuevas rutas a Alemania e Inglaterra desde Espa\u00f1a | El Digital de Asturias","description":"Madrid, 15 ene (EFE).- Ryanair abrir\u00e1 el pr\u00f3ximo verano un nuevo vuelo desde Murcia a Eindhoven (Alemania) y varias rutas entre Barcelona, Gran Canaria y Fuerteventura con Manchester. As\u00ed lo ha anunciado hoy la aerol\u00ednea en un comunicado en el que informa tambi\u00e9n de que para la temporada del 2014 pretende reforzar con m\u00e1s frecuencias","canonical_url":"https:\/\/eldigitaldeasturias.com\/magazine365\/ryanair-abrira-nuevas-rutas-a-alemania-e-inglaterra-desde-espana\/","robots":"max-image-preview:large","keywords":"actualidad turismo","webmasterTools":{"google-site-verification":"UA-38556648-1","miscellaneous":""},"schema":{"@context":"https:\/\/schema.org","@graph":[{"@type":"Article","@id":"https:\/\/eldigitaldeasturias.com\/magazine365\/ryanair-abrira-nuevas-rutas-a-alemania-e-inglaterra-desde-espana\/#article","name":"Ryanair abrir\u00e1 nuevas rutas a Alemania e Inglaterra desde Espa\u00f1a | El Digital de Asturias","headline":"Ryanair abrir\u00e1 nuevas rutas a Alemania e Inglaterra desde Espa\u00f1a","author":{"@id":"https:\/\/eldigitaldeasturias.com\/magazine365\/author\/admin\/#author"},"publisher":{"@id":"https:\/\/eldigitaldeasturias.com\/magazine365\/#organization"},"image":{"@type":"ImageObject","url":"https:\/\/eldigitaldeasturias.com\/magazine365\/wp-content\/uploads\/2014\/01\/5851348w.jpg","width":800,"height":561},"datePublished":"2014-01-15T18:28:31+01:00","dateModified":"2014-01-15T18:28:31+01:00","inLanguage":"es-ES","mainEntityOfPage":{"@id":"https:\/\/eldigitaldeasturias.com\/magazine365\/ryanair-abrira-nuevas-rutas-a-alemania-e-inglaterra-desde-espana\/#webpage"},"isPartOf":{"@id":"https:\/\/eldigitaldeasturias.com\/magazine365\/ryanair-abrira-nuevas-rutas-a-alemania-e-inglaterra-desde-espana\/#webpage"},"articleSection":"Actualidad Turismo"},{"@type":"BreadcrumbList","@id":"https:\/\/eldigitaldeasturias.com\/magazine365\/ryanair-abrira-nuevas-rutas-a-alemania-e-inglaterra-desde-espana\/#breadcrumblist","itemListElement":[{"@type":"ListItem","@id":"https:\/\/eldigitaldeasturias.com\/magazine365#listItem","position":1,"name":"Home","item":"https:\/\/eldigitaldeasturias.com\/magazine365","nextItem":{"@type":"ListItem","@id":"https:\/\/eldigitaldeasturias.com\/magazine365\/category\/actualidad-turismo\/#listItem","name":"Actualidad Turismo"}},{"@type":"ListItem","@id":"https:\/\/eldigitaldeasturias.com\/magazine365\/category\/actualidad-turismo\/#listItem","position":2,"name":"Actualidad Turismo","item":"https:\/\/eldigitaldeasturias.com\/magazine365\/category\/actualidad-turismo\/","nextItem":{"@type":"ListItem","@id":"https:\/\/eldigitaldeasturias.com\/magazine365\/ryanair-abrira-nuevas-rutas-a-alemania-e-inglaterra-desde-espana\/#listItem","name":"Ryanair abrir\u00e1 nuevas rutas a Alemania e Inglaterra desde Espa\u00f1a"},"previousItem":{"@type":"ListItem","@id":"https:\/\/eldigitaldeasturias.com\/magazine365#listItem","name":"Home"}},{"@type":"ListItem","@id":"https:\/\/eldigitaldeasturias.com\/magazine365\/ryanair-abrira-nuevas-rutas-a-alemania-e-inglaterra-desde-espana\/#listItem","position":3,"name":"Ryanair abrir\u00e1 nuevas rutas a Alemania e Inglaterra desde Espa\u00f1a","previousItem":{"@type":"ListItem","@id":"https:\/\/eldigitaldeasturias.com\/magazine365\/category\/actualidad-turismo\/#listItem","name":"Actualidad Turismo"}}]},{"@type":"Organization","@id":"https:\/\/eldigitaldeasturias.com\/magazine365\/#organization","name":"El digital de Asturias","description":"Revista de ocio, turismo y estilo de vida","url":"https:\/\/eldigitaldeasturias.com\/magazine365\/","logo":{"@type":"ImageObject","url":"https:\/\/www.eldigitaldeasturias.com\/noticias\/wp-content\/uploads\/2020\/12\/EDA.jpg","@id":"https:\/\/eldigitaldeasturias.com\/magazine365\/ryanair-abrira-nuevas-rutas-a-alemania-e-inglaterra-desde-espana\/#organizationLogo"},"image":{"@id":"https:\/\/eldigitaldeasturias.com\/magazine365\/ryanair-abrira-nuevas-rutas-a-alemania-e-inglaterra-desde-espana\/#organizationLogo"}},{"@type":"Person","@id":"https:\/\/eldigitaldeasturias.com\/magazine365\/author\/admin\/#author","url":"https:\/\/eldigitaldeasturias.com\/magazine365\/author\/admin\/","name":"admin","image":{"@type":"ImageObject","@id":"https:\/\/eldigitaldeasturias.com\/magazine365\/ryanair-abrira-nuevas-rutas-a-alemania-e-inglaterra-desde-espana\/#authorImage","url":"https:\/\/eldigitaldeasturias.com\/magazine365\/wp-content\/litespeed\/avatar\/e571bcf59a0edd6fa6838245a470f2fe.jpg?ver=1777574230","width":96,"height":96,"caption":"admin"}},{"@type":"WebPage","@id":"https:\/\/eldigitaldeasturias.com\/magazine365\/ryanair-abrira-nuevas-rutas-a-alemania-e-inglaterra-desde-espana\/#webpage","url":"https:\/\/eldigitaldeasturias.com\/magazine365\/ryanair-abrira-nuevas-rutas-a-alemania-e-inglaterra-desde-espana\/","name":"Ryanair abrir\u00e1 nuevas rutas a Alemania e Inglaterra desde Espa\u00f1a | El Digital de Asturias","description":"Madrid, 15 ene (EFE).- Ryanair abrir\u00e1 el pr\u00f3ximo verano un nuevo vuelo desde Murcia a Eindhoven (Alemania) y varias rutas entre Barcelona, Gran Canaria y Fuerteventura con Manchester. As\u00ed lo ha anunciado hoy la aerol\u00ednea en un comunicado en el que informa tambi\u00e9n de que para la temporada del 2014 pretende reforzar con m\u00e1s frecuencias","inLanguage":"es-ES","isPartOf":{"@id":"https:\/\/eldigitaldeasturias.com\/magazine365\/#website"},"breadcrumb":{"@id":"https:\/\/eldigitaldeasturias.com\/magazine365\/ryanair-abrira-nuevas-rutas-a-alemania-e-inglaterra-desde-espana\/#breadcrumblist"},"author":{"@id":"https:\/\/eldigitaldeasturias.com\/magazine365\/author\/admin\/#author"},"creator":{"@id":"https:\/\/eldigitaldeasturias.com\/magazine365\/author\/admin\/#author"},"image":{"@type":"ImageObject","url":"https:\/\/eldigitaldeasturias.com\/magazine365\/wp-content\/uploads\/2014\/01\/5851348w.jpg","@id":"https:\/\/eldigitaldeasturias.com\/magazine365\/ryanair-abrira-nuevas-rutas-a-alemania-e-inglaterra-desde-espana\/#mainImage","width":800,"height":561},"primaryImageOfPage":{"@id":"https:\/\/eldigitaldeasturias.com\/magazine365\/ryanair-abrira-nuevas-rutas-a-alemania-e-inglaterra-desde-espana\/#mainImage"},"datePublished":"2014-01-15T18:28:31+01:00","dateModified":"2014-01-15T18:28:31+01:00"},{"@type":"WebSite","@id":"https:\/\/eldigitaldeasturias.com\/magazine365\/#website","url":"https:\/\/eldigitaldeasturias.com\/magazine365\/","name":"El Digital de Asturias","description":"Revista de ocio, turismo y estilo de vida","inLanguage":"es-ES","publisher":{"@id":"https:\/\/eldigitaldeasturias.com\/magazine365\/#organization"}}]},"og:locale":"es_ES","og:site_name":"El Digital de Asturias \u2013 Revista de ocio, turismo y estilo de vida","og:type":"article","og:title":"Ryanair abrir\u00e1 nuevas rutas a Alemania e Inglaterra desde Espa\u00f1a | El Digital de Asturias","og:description":"Madrid, 15 ene (EFE).- Ryanair abrir\u00e1 el pr\u00f3ximo verano un nuevo vuelo desde Murcia a Eindhoven (Alemania) y varias rutas entre Barcelona, Gran Canaria y Fuerteventura con Manchester. As\u00ed lo ha anunciado hoy la aerol\u00ednea en un comunicado en el que informa tambi\u00e9n de que para la temporada del 2014 pretende reforzar con m\u00e1s frecuencias","og:url":"https:\/\/eldigitaldeasturias.com\/magazine365\/ryanair-abrira-nuevas-rutas-a-alemania-e-inglaterra-desde-espana\/","og:image":"https:\/\/eldigitaldeasturias.com\/magazine365\/wp-content\/uploads\/2014\/01\/5851348w.jpg","og:image:secure_url":"https:\/\/eldigitaldeasturias.com\/magazine365\/wp-content\/uploads\/2014\/01\/5851348w.jpg","og:image:width":800,"og:image:height":561,"article:published_time":"2014-01-15T19:28:31+00:00","article:modified_time":"2014-01-15T19:28:31+00:00","twitter:card":"summary_large_image","twitter:title":"Ryanair abrir\u00e1 nuevas rutas a Alemania e Inglaterra desde Espa\u00f1a | El Digital de Asturias","twitter:description":"Madrid, 15 ene (EFE).- Ryanair abrir\u00e1 el pr\u00f3ximo verano un nuevo vuelo desde Murcia a Eindhoven (Alemania) y varias rutas entre Barcelona, Gran Canaria y Fuerteventura con Manchester. As\u00ed lo ha anunciado hoy la aerol\u00ednea en un comunicado en el que informa tambi\u00e9n de que para la temporada del 2014 pretende reforzar con m\u00e1s frecuencias","twitter:image":"https:\/\/eldigitaldeasturias.com\/magazine365\/wp-content\/uploads\/2014\/01\/5851348w.jpg"},"aioseo_meta_data":{"post_id":"986","title":null,"description":null,"keywords":null,"keyphrases":null,"primary_term":null,"canonical_url":null,"og_title":null,"og_description":null,"og_object_type":"default","og_image_type":"default","og_image_url":null,"og_image_width":null,"og_image_height":null,"og_image_custom_url":null,"og_image_custom_fields":null,"og_video":null,"og_custom_url":null,"og_article_section":null,"og_article_tags":null,"twitter_use_og":false,"twitter_card":"default","twitter_image_type":"default","twitter_image_url":null,"twitter_image_custom_url":null,"twitter_image_custom_fields":null,"twitter_title":null,"twitter_description":null,"schema":{"blockGraphs":[],"customGraphs":[],"default":{"data":{"Article":[],"Course":[],"Dataset":[],"FAQPage":[],"Movie":[],"Person":[],"Product":[],"ProductReview":[],"Car":[],"Recipe":[],"Service":[],"SoftwareApplication":[],"WebPage":[]},"graphName":"","isEnabled":true},"graphs":[],"defaultGraph":"","defaultPostTypeGraph":""},"schema_type":null,"schema_type_options":null,"pillar_content":false,"robots_default":true,"robots_noindex":false,"robots_noarchive":false,"robots_nosnippet":false,"robots_nofollow":false,"robots_noimageindex":false,"robots_noodp":false,"robots_notranslate":false,"robots_max_snippet":null,"robots_max_videopreview":null,"robots_max_imagepreview":"large","priority":null,"frequency":null,"location":null,"local_seo":null,"seo_analyzer_scan_date":"2025-09-16 08:32:55","breadcrumb_settings":null,"limit_modified_date":false,"open_ai":null,"ai":null,"created":"2020-12-21 13:35:27","updated":"2025-09-16 08:32:55"},"aioseo_breadcrumb":"<div class=\"aioseo-breadcrumbs\"><span class=\"aioseo-breadcrumb\">\n\t<a href=\"https:\/\/eldigitaldeasturias.com\/magazine365\" title=\"Home\">Home<\/a>\n<\/span><span class=\"aioseo-breadcrumb-separator\">\u2013<\/span><span class=\"aioseo-breadcrumb\">\n\t<a href=\"https:\/\/eldigitaldeasturias.com\/magazine365\/category\/actualidad-turismo\/\" title=\"Actualidad Turismo\">Actualidad Turismo<\/a>\n<\/span><span class=\"aioseo-breadcrumb-separator\">\u2013<\/span><span class=\"aioseo-breadcrumb\">\n\t<a href=\"https:\/\/eldigitaldeasturias.com\/magazine365\/ryanair-abrira-nuevas-rutas-a-alemania-e-inglaterra-desde-espana\/\" title=\"Ryanair abrir\u00e1 nuevas rutas a Alemania e Inglaterra desde Espa\u00f1a\">Ryanair abrir\u00e1 nuevas rutas a Alemania e Inglaterra desde Espa\u00f1a<\/a>\n<\/span><\/div>","aioseo_breadcrumb_json":[{"label":"Home","link":"https:\/\/eldigitaldeasturias.com\/magazine365"},{"label":"Actualidad Turismo","link":"https:\/\/eldigitaldeasturias.com\/magazine365\/category\/actualidad-turismo\/"},{"label":"Ryanair abrir\u00e1 nuevas rutas a Alemania e Inglaterra desde Espa\u00f1a","link":"https:\/\/eldigitaldeasturias.com\/magazine365\/ryanair-abrira-nuevas-rutas-a-alemania-e-inglaterra-desde-espana\/"}],"_links":{"self":[{"href":"https:\/\/eldigitaldeasturias.com\/magazine365\/wp-json\/wp\/v2\/posts\/986","targetHints":{"allow":["GET"]}}],"collection":[{"href":"https:\/\/eldigitaldeasturias.com\/magazine365\/wp-json\/wp\/v2\/posts"}],"about":[{"href":"https:\/\/eldigitaldeasturias.com\/magazine365\/wp-json\/wp\/v2\/types\/post"}],"author":[{"embeddable":true,"href":"https:\/\/eldigitaldeasturias.com\/magazine365\/wp-json\/wp\/v2\/users\/1"}],"replies":[{"embeddable":true,"href":"https:\/\/eldigitaldeasturias.com\/magazine365\/wp-json\/wp\/v2\/comments?post=986"}],"version-history":[{"count":0,"href":"https:\/\/eldigitaldeasturias.com\/magazine365\/wp-json\/wp\/v2\/posts\/986\/revisions"}],"wp:featuredmedia":[{"embeddable":true,"href":"https:\/\/eldigitaldeasturias.com\/magazine365\/wp-json\/wp\/v2\/media\/987"}],"wp:attachment":[{"href":"https:\/\/eldigitaldeasturias.com\/magazine365\/wp-json\/wp\/v2\/media?parent=986"}],"wp:term":[{"taxonomy":"category","embeddable":true,"href":"https:\/\/eldigitaldeasturias.com\/magazine365\/wp-json\/wp\/v2\/categories?post=986"},{"taxonomy":"post_tag","embeddable":true,"href":"https:\/\/eldigitaldeasturias.com\/magazine365\/wp-json\/wp\/v2\/tags?post=986"}],"curies":[{"name":"wp","href":"https:\/\/api.w.org\/{rel}","templated":true}]}}