{"id":983,"date":"2014-01-15T18:24:22","date_gmt":"2014-01-15T19:24:22","guid":{"rendered":"http:\/\/eldigitaldeasturias.com\/magazine365\/?p=983"},"modified":"2014-01-15T18:24:22","modified_gmt":"2014-01-15T19:24:22","slug":"casi-un-millon-de-turistas-viajo-en-2012-a-galicia-por-motivos-culturales","status":"publish","type":"post","link":"https:\/\/eldigitaldeasturias.com\/magazine365\/casi-un-millon-de-turistas-viajo-en-2012-a-galicia-por-motivos-culturales\/","title":{"rendered":"Casi un mill\u00f3n de turistas viaj\u00f3 en 2012 a Galicia por motivos culturales"},"content":{"rendered":"<p><img fetchpriority=\"high\" decoding=\"async\" class=\"alignleft size-medium wp-image-984\" alt=\"5850947w\" src=\"https:\/\/eldigitaldeasturias.com\/magazine365\/wp-content\/uploads\/2014\/01\/5850947w-360x248.jpg\" width=\"360\" height=\"248\" \/>Santiago de Compostela, 15 ene (EFE).- Casi un mill\u00f3n de turistas han viajado a Galicia en el a\u00f1o 2012 atra\u00eddos por los aspectos culturales de la Comunidad aut\u00f3noma, seg\u00fan se desprende de un informe del Observatorio da Cultura Galega.<\/p>\n<p>En 2012 vinieron a Galicia atra\u00eddos por su cultura 953.000 turistas, de los que 491.500 lo hicieron desde otras partes del Estado y 467.800 del extranjero.<\/p>\n<p>La cultura atrajo al 52% del total de turistas extranjeros, en contraposici\u00f3n con el turismo interior espa\u00f1ol, del que s\u00f3lo un 12% declar\u00f3 venir a Galicia por motivos culturales.<\/p>\n<p>Seg\u00fan el informe, el turista cultural espa\u00f1ol gast\u00f3 de media 301 euros en 2012 en Galicia, que pas\u00f3 de ser la tercera comunidad aut\u00f3noma como receptora de gasto tur\u00edstico en 2010 (A\u00f1o Santo) a ser la quinta en 2012.<\/p>\n<p>En el a\u00f1o 2012, un 24,7% de los visitantes vinieron atra\u00eddos por la cultura y el patrimonio gallego, a\u00f1ade el documento del Observatorio da Cultura Galega.<\/p>\n<p>Sin embargo, Galicia ocupa el noveno puesto entre las autonom\u00edas en turismo cultural emisor. Seg\u00fan el informe, 2012 mantuvo el dato m\u00e1s negativo de consumo cultural de los gallegos en el exterior de los \u00faltimos seis a\u00f1os, con 167,6 millones de euros, frente a la mejor cifra, en 2008, con 326,6 millones de euros.<\/p>\n<p>En cuanto al turismo extranjero, Galicia s\u00f3lo recibe el 1,5% del total de turistas internacionales que llegan a Espa\u00f1a, muy por debajo de comunidades como Catalu\u00f1a, Andaluc\u00eda o las Islas Canarias.<\/p>\n<p>Pese a ello, se trata de un turista especialmente interesante desde el punto de vista econ\u00f3mico, ya que los extranjeros gastaron 1.262 euros de media, 192 euros m\u00e1s que la media en Espa\u00f1a.<\/p>\n<p>Por \u00faltimo, el informe del Observatorio da Cultura Galega se\u00f1ala que el Cami\u00f1o de Santiago es uno de los principales motores del turismo cultural en Galicia, e indica que a partir de 2010 las motivaciones religiosas experimentan un descenso notable en beneficio de las religioso-culturales y las culturales.<\/p>\n","protected":false},"excerpt":{"rendered":"<p>Santiago de Compostela, 15 ene (EFE).- Casi un mill\u00f3n de turistas han viajado a Galicia en el a\u00f1o 2012 atra\u00eddos por los aspectos culturales de la Comunidad aut\u00f3noma, seg\u00fan se desprende de un informe del Observatorio da Cultura Galega. En 2012 vinieron a Galicia atra\u00eddos por su cultura 953.000 turistas, de los que 491.500 lo<\/p>\n","protected":false},"author":1,"featured_media":984,"comment_status":"open","ping_status":"open","sticky":false,"template":"","format":"standard","meta":{"footnotes":""},"categories":[222],"tags":[],"class_list":{"0":"post-983","1":"post","2":"type-post","3":"status-publish","4":"format-standard","5":"has-post-thumbnail","7":"category-actualidad-turismo"},"aioseo_notices":[],"aioseo_head":"\n\t\t<!-- All in One SEO Pro 4.9.6.1 - aioseo.com -->\n\t<meta name=\"description\" content=\"Santiago de Compostela, 15 ene (EFE).- Casi un mill\u00f3n de turistas han viajado a Galicia en el a\u00f1o 2012 atra\u00eddos por los aspectos culturales de la Comunidad aut\u00f3noma, seg\u00fan se desprende de un informe del Observatorio da Cultura Galega. En 2012 vinieron a Galicia atra\u00eddos por su cultura 953.000 turistas, de los que 491.500 lo\" \/>\n\t<meta name=\"robots\" content=\"max-image-preview:large\" \/>\n\t<meta name=\"author\" content=\"admin\"\/>\n\t<meta name=\"google-site-verification\" content=\"UA-38556648-1\" \/>\n\t<meta name=\"keywords\" content=\"actualidad turismo\" \/>\n\t<link rel=\"canonical\" href=\"https:\/\/eldigitaldeasturias.com\/magazine365\/casi-un-millon-de-turistas-viajo-en-2012-a-galicia-por-motivos-culturales\/\" \/>\n\t<meta name=\"generator\" content=\"All in One SEO Pro (AIOSEO) 4.9.6.1\" \/>\n\t\t<meta property=\"og:locale\" content=\"es_ES\" \/>\n\t\t<meta property=\"og:site_name\" content=\"El Digital de Asturias \u2013 Revista de ocio, turismo y estilo de vida\" \/>\n\t\t<meta property=\"og:type\" content=\"article\" \/>\n\t\t<meta property=\"og:title\" content=\"Casi un mill\u00f3n de turistas viaj\u00f3 en 2012 a Galicia por motivos culturales | El Digital de Asturias\" \/>\n\t\t<meta property=\"og:description\" content=\"Santiago de Compostela, 15 ene (EFE).- Casi un mill\u00f3n de turistas han viajado a Galicia en el a\u00f1o 2012 atra\u00eddos por los aspectos culturales de la Comunidad aut\u00f3noma, seg\u00fan se desprende de un informe del Observatorio da Cultura Galega. En 2012 vinieron a Galicia atra\u00eddos por su cultura 953.000 turistas, de los que 491.500 lo\" \/>\n\t\t<meta property=\"og:url\" content=\"https:\/\/eldigitaldeasturias.com\/magazine365\/casi-un-millon-de-turistas-viajo-en-2012-a-galicia-por-motivos-culturales\/\" \/>\n\t\t<meta property=\"og:image\" content=\"https:\/\/eldigitaldeasturias.com\/magazine365\/wp-content\/uploads\/2014\/01\/5850947w.jpg\" \/>\n\t\t<meta property=\"og:image:secure_url\" content=\"https:\/\/eldigitaldeasturias.com\/magazine365\/wp-content\/uploads\/2014\/01\/5850947w.jpg\" \/>\n\t\t<meta property=\"og:image:width\" content=\"800\" \/>\n\t\t<meta property=\"og:image:height\" content=\"553\" \/>\n\t\t<meta property=\"article:published_time\" content=\"2014-01-15T19:24:22+00:00\" \/>\n\t\t<meta property=\"article:modified_time\" content=\"2014-01-15T19:24:22+00:00\" \/>\n\t\t<meta name=\"twitter:card\" content=\"summary_large_image\" \/>\n\t\t<meta name=\"twitter:title\" content=\"Casi un mill\u00f3n de turistas viaj\u00f3 en 2012 a Galicia por motivos culturales | El Digital de Asturias\" \/>\n\t\t<meta name=\"twitter:description\" content=\"Santiago de Compostela, 15 ene (EFE).- Casi un mill\u00f3n de turistas han viajado a Galicia en el a\u00f1o 2012 atra\u00eddos por los aspectos culturales de la Comunidad aut\u00f3noma, seg\u00fan se desprende de un informe del Observatorio da Cultura Galega. En 2012 vinieron a Galicia atra\u00eddos por su cultura 953.000 turistas, de los que 491.500 lo\" \/>\n\t\t<meta name=\"twitter:image\" content=\"https:\/\/eldigitaldeasturias.com\/magazine365\/wp-content\/uploads\/2014\/01\/5850947w.jpg\" \/>\n\t\t<script type=\"application\/ld+json\" class=\"aioseo-schema\">\n\t\t\t{\"@context\":\"https:\\\/\\\/schema.org\",\"@graph\":[{\"@type\":\"Article\",\"@id\":\"https:\\\/\\\/eldigitaldeasturias.com\\\/magazine365\\\/casi-un-millon-de-turistas-viajo-en-2012-a-galicia-por-motivos-culturales\\\/#article\",\"name\":\"Casi un mill\\u00f3n de turistas viaj\\u00f3 en 2012 a Galicia por motivos culturales | El Digital de Asturias\",\"headline\":\"Casi un mill\\u00f3n de turistas viaj\\u00f3 en 2012 a Galicia por motivos culturales\",\"author\":{\"@id\":\"https:\\\/\\\/eldigitaldeasturias.com\\\/magazine365\\\/author\\\/admin\\\/#author\"},\"publisher\":{\"@id\":\"https:\\\/\\\/eldigitaldeasturias.com\\\/magazine365\\\/#organization\"},\"image\":{\"@type\":\"ImageObject\",\"url\":\"https:\\\/\\\/eldigitaldeasturias.com\\\/magazine365\\\/wp-content\\\/uploads\\\/2014\\\/01\\\/5850947w.jpg\",\"width\":800,\"height\":553},\"datePublished\":\"2014-01-15T18:24:22+01:00\",\"dateModified\":\"2014-01-15T18:24:22+01:00\",\"inLanguage\":\"es-ES\",\"mainEntityOfPage\":{\"@id\":\"https:\\\/\\\/eldigitaldeasturias.com\\\/magazine365\\\/casi-un-millon-de-turistas-viajo-en-2012-a-galicia-por-motivos-culturales\\\/#webpage\"},\"isPartOf\":{\"@id\":\"https:\\\/\\\/eldigitaldeasturias.com\\\/magazine365\\\/casi-un-millon-de-turistas-viajo-en-2012-a-galicia-por-motivos-culturales\\\/#webpage\"},\"articleSection\":\"Actualidad Turismo\"},{\"@type\":\"BreadcrumbList\",\"@id\":\"https:\\\/\\\/eldigitaldeasturias.com\\\/magazine365\\\/casi-un-millon-de-turistas-viajo-en-2012-a-galicia-por-motivos-culturales\\\/#breadcrumblist\",\"itemListElement\":[{\"@type\":\"ListItem\",\"@id\":\"https:\\\/\\\/eldigitaldeasturias.com\\\/magazine365#listItem\",\"position\":1,\"name\":\"Home\",\"item\":\"https:\\\/\\\/eldigitaldeasturias.com\\\/magazine365\",\"nextItem\":{\"@type\":\"ListItem\",\"@id\":\"https:\\\/\\\/eldigitaldeasturias.com\\\/magazine365\\\/category\\\/actualidad-turismo\\\/#listItem\",\"name\":\"Actualidad Turismo\"}},{\"@type\":\"ListItem\",\"@id\":\"https:\\\/\\\/eldigitaldeasturias.com\\\/magazine365\\\/category\\\/actualidad-turismo\\\/#listItem\",\"position\":2,\"name\":\"Actualidad Turismo\",\"item\":\"https:\\\/\\\/eldigitaldeasturias.com\\\/magazine365\\\/category\\\/actualidad-turismo\\\/\",\"nextItem\":{\"@type\":\"ListItem\",\"@id\":\"https:\\\/\\\/eldigitaldeasturias.com\\\/magazine365\\\/casi-un-millon-de-turistas-viajo-en-2012-a-galicia-por-motivos-culturales\\\/#listItem\",\"name\":\"Casi un mill\\u00f3n de turistas viaj\\u00f3 en 2012 a Galicia por motivos culturales\"},\"previousItem\":{\"@type\":\"ListItem\",\"@id\":\"https:\\\/\\\/eldigitaldeasturias.com\\\/magazine365#listItem\",\"name\":\"Home\"}},{\"@type\":\"ListItem\",\"@id\":\"https:\\\/\\\/eldigitaldeasturias.com\\\/magazine365\\\/casi-un-millon-de-turistas-viajo-en-2012-a-galicia-por-motivos-culturales\\\/#listItem\",\"position\":3,\"name\":\"Casi un mill\\u00f3n de turistas viaj\\u00f3 en 2012 a Galicia por motivos culturales\",\"previousItem\":{\"@type\":\"ListItem\",\"@id\":\"https:\\\/\\\/eldigitaldeasturias.com\\\/magazine365\\\/category\\\/actualidad-turismo\\\/#listItem\",\"name\":\"Actualidad Turismo\"}}]},{\"@type\":\"Organization\",\"@id\":\"https:\\\/\\\/eldigitaldeasturias.com\\\/magazine365\\\/#organization\",\"name\":\"El digital de Asturias\",\"description\":\"Revista de ocio, turismo y estilo de vida\",\"url\":\"https:\\\/\\\/eldigitaldeasturias.com\\\/magazine365\\\/\",\"logo\":{\"@type\":\"ImageObject\",\"url\":\"https:\\\/\\\/www.eldigitaldeasturias.com\\\/noticias\\\/wp-content\\\/uploads\\\/2020\\\/12\\\/EDA.jpg\",\"@id\":\"https:\\\/\\\/eldigitaldeasturias.com\\\/magazine365\\\/casi-un-millon-de-turistas-viajo-en-2012-a-galicia-por-motivos-culturales\\\/#organizationLogo\"},\"image\":{\"@id\":\"https:\\\/\\\/eldigitaldeasturias.com\\\/magazine365\\\/casi-un-millon-de-turistas-viajo-en-2012-a-galicia-por-motivos-culturales\\\/#organizationLogo\"}},{\"@type\":\"Person\",\"@id\":\"https:\\\/\\\/eldigitaldeasturias.com\\\/magazine365\\\/author\\\/admin\\\/#author\",\"url\":\"https:\\\/\\\/eldigitaldeasturias.com\\\/magazine365\\\/author\\\/admin\\\/\",\"name\":\"admin\",\"image\":{\"@type\":\"ImageObject\",\"@id\":\"https:\\\/\\\/eldigitaldeasturias.com\\\/magazine365\\\/casi-un-millon-de-turistas-viajo-en-2012-a-galicia-por-motivos-culturales\\\/#authorImage\",\"url\":\"https:\\\/\\\/eldigitaldeasturias.com\\\/magazine365\\\/wp-content\\\/litespeed\\\/avatar\\\/e571bcf59a0edd6fa6838245a470f2fe.jpg?ver=1777574230\",\"width\":96,\"height\":96,\"caption\":\"admin\"}},{\"@type\":\"WebPage\",\"@id\":\"https:\\\/\\\/eldigitaldeasturias.com\\\/magazine365\\\/casi-un-millon-de-turistas-viajo-en-2012-a-galicia-por-motivos-culturales\\\/#webpage\",\"url\":\"https:\\\/\\\/eldigitaldeasturias.com\\\/magazine365\\\/casi-un-millon-de-turistas-viajo-en-2012-a-galicia-por-motivos-culturales\\\/\",\"name\":\"Casi un mill\\u00f3n de turistas viaj\\u00f3 en 2012 a Galicia por motivos culturales | El Digital de Asturias\",\"description\":\"Santiago de Compostela, 15 ene (EFE).- Casi un mill\\u00f3n de turistas han viajado a Galicia en el a\\u00f1o 2012 atra\\u00eddos por los aspectos culturales de la Comunidad aut\\u00f3noma, seg\\u00fan se desprende de un informe del Observatorio da Cultura Galega. En 2012 vinieron a Galicia atra\\u00eddos por su cultura 953.000 turistas, de los que 491.500 lo\",\"inLanguage\":\"es-ES\",\"isPartOf\":{\"@id\":\"https:\\\/\\\/eldigitaldeasturias.com\\\/magazine365\\\/#website\"},\"breadcrumb\":{\"@id\":\"https:\\\/\\\/eldigitaldeasturias.com\\\/magazine365\\\/casi-un-millon-de-turistas-viajo-en-2012-a-galicia-por-motivos-culturales\\\/#breadcrumblist\"},\"author\":{\"@id\":\"https:\\\/\\\/eldigitaldeasturias.com\\\/magazine365\\\/author\\\/admin\\\/#author\"},\"creator\":{\"@id\":\"https:\\\/\\\/eldigitaldeasturias.com\\\/magazine365\\\/author\\\/admin\\\/#author\"},\"image\":{\"@type\":\"ImageObject\",\"url\":\"https:\\\/\\\/eldigitaldeasturias.com\\\/magazine365\\\/wp-content\\\/uploads\\\/2014\\\/01\\\/5850947w.jpg\",\"@id\":\"https:\\\/\\\/eldigitaldeasturias.com\\\/magazine365\\\/casi-un-millon-de-turistas-viajo-en-2012-a-galicia-por-motivos-culturales\\\/#mainImage\",\"width\":800,\"height\":553},\"primaryImageOfPage\":{\"@id\":\"https:\\\/\\\/eldigitaldeasturias.com\\\/magazine365\\\/casi-un-millon-de-turistas-viajo-en-2012-a-galicia-por-motivos-culturales\\\/#mainImage\"},\"datePublished\":\"2014-01-15T18:24:22+01:00\",\"dateModified\":\"2014-01-15T18:24:22+01:00\"},{\"@type\":\"WebSite\",\"@id\":\"https:\\\/\\\/eldigitaldeasturias.com\\\/magazine365\\\/#website\",\"url\":\"https:\\\/\\\/eldigitaldeasturias.com\\\/magazine365\\\/\",\"name\":\"El Digital de Asturias\",\"description\":\"Revista de ocio, turismo y estilo de vida\",\"inLanguage\":\"es-ES\",\"publisher\":{\"@id\":\"https:\\\/\\\/eldigitaldeasturias.com\\\/magazine365\\\/#organization\"}}]}\n\t\t<\/script>\n\t\t<!-- All in One SEO Pro -->\r\n\t\t<title>Casi un mill\u00f3n de turistas viaj\u00f3 en 2012 a Galicia por motivos culturales | El Digital de Asturias<\/title>\n\n","aioseo_head_json":{"title":"Casi un mill\u00f3n de turistas viaj\u00f3 en 2012 a Galicia por motivos culturales | El Digital de Asturias","description":"Santiago de Compostela, 15 ene (EFE).- Casi un mill\u00f3n de turistas han viajado a Galicia en el a\u00f1o 2012 atra\u00eddos por los aspectos culturales de la Comunidad aut\u00f3noma, seg\u00fan se desprende de un informe del Observatorio da Cultura Galega. En 2012 vinieron a Galicia atra\u00eddos por su cultura 953.000 turistas, de los que 491.500 lo","canonical_url":"https:\/\/eldigitaldeasturias.com\/magazine365\/casi-un-millon-de-turistas-viajo-en-2012-a-galicia-por-motivos-culturales\/","robots":"max-image-preview:large","keywords":"actualidad turismo","webmasterTools":{"google-site-verification":"UA-38556648-1","miscellaneous":""},"schema":{"@context":"https:\/\/schema.org","@graph":[{"@type":"Article","@id":"https:\/\/eldigitaldeasturias.com\/magazine365\/casi-un-millon-de-turistas-viajo-en-2012-a-galicia-por-motivos-culturales\/#article","name":"Casi un mill\u00f3n de turistas viaj\u00f3 en 2012 a Galicia por motivos culturales | El Digital de Asturias","headline":"Casi un mill\u00f3n de turistas viaj\u00f3 en 2012 a Galicia por motivos culturales","author":{"@id":"https:\/\/eldigitaldeasturias.com\/magazine365\/author\/admin\/#author"},"publisher":{"@id":"https:\/\/eldigitaldeasturias.com\/magazine365\/#organization"},"image":{"@type":"ImageObject","url":"https:\/\/eldigitaldeasturias.com\/magazine365\/wp-content\/uploads\/2014\/01\/5850947w.jpg","width":800,"height":553},"datePublished":"2014-01-15T18:24:22+01:00","dateModified":"2014-01-15T18:24:22+01:00","inLanguage":"es-ES","mainEntityOfPage":{"@id":"https:\/\/eldigitaldeasturias.com\/magazine365\/casi-un-millon-de-turistas-viajo-en-2012-a-galicia-por-motivos-culturales\/#webpage"},"isPartOf":{"@id":"https:\/\/eldigitaldeasturias.com\/magazine365\/casi-un-millon-de-turistas-viajo-en-2012-a-galicia-por-motivos-culturales\/#webpage"},"articleSection":"Actualidad Turismo"},{"@type":"BreadcrumbList","@id":"https:\/\/eldigitaldeasturias.com\/magazine365\/casi-un-millon-de-turistas-viajo-en-2012-a-galicia-por-motivos-culturales\/#breadcrumblist","itemListElement":[{"@type":"ListItem","@id":"https:\/\/eldigitaldeasturias.com\/magazine365#listItem","position":1,"name":"Home","item":"https:\/\/eldigitaldeasturias.com\/magazine365","nextItem":{"@type":"ListItem","@id":"https:\/\/eldigitaldeasturias.com\/magazine365\/category\/actualidad-turismo\/#listItem","name":"Actualidad Turismo"}},{"@type":"ListItem","@id":"https:\/\/eldigitaldeasturias.com\/magazine365\/category\/actualidad-turismo\/#listItem","position":2,"name":"Actualidad Turismo","item":"https:\/\/eldigitaldeasturias.com\/magazine365\/category\/actualidad-turismo\/","nextItem":{"@type":"ListItem","@id":"https:\/\/eldigitaldeasturias.com\/magazine365\/casi-un-millon-de-turistas-viajo-en-2012-a-galicia-por-motivos-culturales\/#listItem","name":"Casi un mill\u00f3n de turistas viaj\u00f3 en 2012 a Galicia por motivos culturales"},"previousItem":{"@type":"ListItem","@id":"https:\/\/eldigitaldeasturias.com\/magazine365#listItem","name":"Home"}},{"@type":"ListItem","@id":"https:\/\/eldigitaldeasturias.com\/magazine365\/casi-un-millon-de-turistas-viajo-en-2012-a-galicia-por-motivos-culturales\/#listItem","position":3,"name":"Casi un mill\u00f3n de turistas viaj\u00f3 en 2012 a Galicia por motivos culturales","previousItem":{"@type":"ListItem","@id":"https:\/\/eldigitaldeasturias.com\/magazine365\/category\/actualidad-turismo\/#listItem","name":"Actualidad Turismo"}}]},{"@type":"Organization","@id":"https:\/\/eldigitaldeasturias.com\/magazine365\/#organization","name":"El digital de Asturias","description":"Revista de ocio, turismo y estilo de vida","url":"https:\/\/eldigitaldeasturias.com\/magazine365\/","logo":{"@type":"ImageObject","url":"https:\/\/www.eldigitaldeasturias.com\/noticias\/wp-content\/uploads\/2020\/12\/EDA.jpg","@id":"https:\/\/eldigitaldeasturias.com\/magazine365\/casi-un-millon-de-turistas-viajo-en-2012-a-galicia-por-motivos-culturales\/#organizationLogo"},"image":{"@id":"https:\/\/eldigitaldeasturias.com\/magazine365\/casi-un-millon-de-turistas-viajo-en-2012-a-galicia-por-motivos-culturales\/#organizationLogo"}},{"@type":"Person","@id":"https:\/\/eldigitaldeasturias.com\/magazine365\/author\/admin\/#author","url":"https:\/\/eldigitaldeasturias.com\/magazine365\/author\/admin\/","name":"admin","image":{"@type":"ImageObject","@id":"https:\/\/eldigitaldeasturias.com\/magazine365\/casi-un-millon-de-turistas-viajo-en-2012-a-galicia-por-motivos-culturales\/#authorImage","url":"https:\/\/eldigitaldeasturias.com\/magazine365\/wp-content\/litespeed\/avatar\/e571bcf59a0edd6fa6838245a470f2fe.jpg?ver=1777574230","width":96,"height":96,"caption":"admin"}},{"@type":"WebPage","@id":"https:\/\/eldigitaldeasturias.com\/magazine365\/casi-un-millon-de-turistas-viajo-en-2012-a-galicia-por-motivos-culturales\/#webpage","url":"https:\/\/eldigitaldeasturias.com\/magazine365\/casi-un-millon-de-turistas-viajo-en-2012-a-galicia-por-motivos-culturales\/","name":"Casi un mill\u00f3n de turistas viaj\u00f3 en 2012 a Galicia por motivos culturales | El Digital de Asturias","description":"Santiago de Compostela, 15 ene (EFE).- Casi un mill\u00f3n de turistas han viajado a Galicia en el a\u00f1o 2012 atra\u00eddos por los aspectos culturales de la Comunidad aut\u00f3noma, seg\u00fan se desprende de un informe del Observatorio da Cultura Galega. En 2012 vinieron a Galicia atra\u00eddos por su cultura 953.000 turistas, de los que 491.500 lo","inLanguage":"es-ES","isPartOf":{"@id":"https:\/\/eldigitaldeasturias.com\/magazine365\/#website"},"breadcrumb":{"@id":"https:\/\/eldigitaldeasturias.com\/magazine365\/casi-un-millon-de-turistas-viajo-en-2012-a-galicia-por-motivos-culturales\/#breadcrumblist"},"author":{"@id":"https:\/\/eldigitaldeasturias.com\/magazine365\/author\/admin\/#author"},"creator":{"@id":"https:\/\/eldigitaldeasturias.com\/magazine365\/author\/admin\/#author"},"image":{"@type":"ImageObject","url":"https:\/\/eldigitaldeasturias.com\/magazine365\/wp-content\/uploads\/2014\/01\/5850947w.jpg","@id":"https:\/\/eldigitaldeasturias.com\/magazine365\/casi-un-millon-de-turistas-viajo-en-2012-a-galicia-por-motivos-culturales\/#mainImage","width":800,"height":553},"primaryImageOfPage":{"@id":"https:\/\/eldigitaldeasturias.com\/magazine365\/casi-un-millon-de-turistas-viajo-en-2012-a-galicia-por-motivos-culturales\/#mainImage"},"datePublished":"2014-01-15T18:24:22+01:00","dateModified":"2014-01-15T18:24:22+01:00"},{"@type":"WebSite","@id":"https:\/\/eldigitaldeasturias.com\/magazine365\/#website","url":"https:\/\/eldigitaldeasturias.com\/magazine365\/","name":"El Digital de Asturias","description":"Revista de ocio, turismo y estilo de vida","inLanguage":"es-ES","publisher":{"@id":"https:\/\/eldigitaldeasturias.com\/magazine365\/#organization"}}]},"og:locale":"es_ES","og:site_name":"El Digital de Asturias \u2013 Revista de ocio, turismo y estilo de vida","og:type":"article","og:title":"Casi un mill\u00f3n de turistas viaj\u00f3 en 2012 a Galicia por motivos culturales | El Digital de Asturias","og:description":"Santiago de Compostela, 15 ene (EFE).- Casi un mill\u00f3n de turistas han viajado a Galicia en el a\u00f1o 2012 atra\u00eddos por los aspectos culturales de la Comunidad aut\u00f3noma, seg\u00fan se desprende de un informe del Observatorio da Cultura Galega. En 2012 vinieron a Galicia atra\u00eddos por su cultura 953.000 turistas, de los que 491.500 lo","og:url":"https:\/\/eldigitaldeasturias.com\/magazine365\/casi-un-millon-de-turistas-viajo-en-2012-a-galicia-por-motivos-culturales\/","og:image":"https:\/\/eldigitaldeasturias.com\/magazine365\/wp-content\/uploads\/2014\/01\/5850947w.jpg","og:image:secure_url":"https:\/\/eldigitaldeasturias.com\/magazine365\/wp-content\/uploads\/2014\/01\/5850947w.jpg","og:image:width":800,"og:image:height":553,"article:published_time":"2014-01-15T19:24:22+00:00","article:modified_time":"2014-01-15T19:24:22+00:00","twitter:card":"summary_large_image","twitter:title":"Casi un mill\u00f3n de turistas viaj\u00f3 en 2012 a Galicia por motivos culturales | El Digital de Asturias","twitter:description":"Santiago de Compostela, 15 ene (EFE).- Casi un mill\u00f3n de turistas han viajado a Galicia en el a\u00f1o 2012 atra\u00eddos por los aspectos culturales de la Comunidad aut\u00f3noma, seg\u00fan se desprende de un informe del Observatorio da Cultura Galega. En 2012 vinieron a Galicia atra\u00eddos por su cultura 953.000 turistas, de los que 491.500 lo","twitter:image":"https:\/\/eldigitaldeasturias.com\/magazine365\/wp-content\/uploads\/2014\/01\/5850947w.jpg"},"aioseo_meta_data":{"post_id":"983","title":null,"description":null,"keywords":null,"keyphrases":null,"primary_term":null,"canonical_url":null,"og_title":null,"og_description":null,"og_object_type":"default","og_image_type":"default","og_image_url":null,"og_image_width":null,"og_image_height":null,"og_image_custom_url":null,"og_image_custom_fields":null,"og_video":null,"og_custom_url":null,"og_article_section":null,"og_article_tags":null,"twitter_use_og":false,"twitter_card":"default","twitter_image_type":"default","twitter_image_url":null,"twitter_image_custom_url":null,"twitter_image_custom_fields":null,"twitter_title":null,"twitter_description":null,"schema":{"blockGraphs":[],"customGraphs":[],"default":{"data":{"Article":[],"Course":[],"Dataset":[],"FAQPage":[],"Movie":[],"Person":[],"Product":[],"ProductReview":[],"Car":[],"Recipe":[],"Service":[],"SoftwareApplication":[],"WebPage":[]},"graphName":"","isEnabled":true},"graphs":[],"defaultGraph":"","defaultPostTypeGraph":""},"schema_type":null,"schema_type_options":null,"pillar_content":false,"robots_default":true,"robots_noindex":false,"robots_noarchive":false,"robots_nosnippet":false,"robots_nofollow":false,"robots_noimageindex":false,"robots_noodp":false,"robots_notranslate":false,"robots_max_snippet":null,"robots_max_videopreview":null,"robots_max_imagepreview":"large","priority":null,"frequency":null,"location":null,"local_seo":null,"seo_analyzer_scan_date":"2025-09-16 08:32:54","breadcrumb_settings":null,"limit_modified_date":false,"open_ai":null,"ai":null,"created":"2020-12-21 13:35:26","updated":"2025-09-16 08:32:54"},"aioseo_breadcrumb":"<div class=\"aioseo-breadcrumbs\"><span class=\"aioseo-breadcrumb\">\n\t<a href=\"https:\/\/eldigitaldeasturias.com\/magazine365\" title=\"Home\">Home<\/a>\n<\/span><span class=\"aioseo-breadcrumb-separator\">\u2013<\/span><span class=\"aioseo-breadcrumb\">\n\t<a href=\"https:\/\/eldigitaldeasturias.com\/magazine365\/category\/actualidad-turismo\/\" title=\"Actualidad Turismo\">Actualidad Turismo<\/a>\n<\/span><span class=\"aioseo-breadcrumb-separator\">\u2013<\/span><span class=\"aioseo-breadcrumb\">\n\t<a href=\"https:\/\/eldigitaldeasturias.com\/magazine365\/casi-un-millon-de-turistas-viajo-en-2012-a-galicia-por-motivos-culturales\/\" title=\"Casi un mill\u00f3n de turistas viaj\u00f3 en 2012 a Galicia por motivos culturales\">Casi un mill\u00f3n de turistas viaj\u00f3 en 2012 a Galicia por motivos culturales<\/a>\n<\/span><\/div>","aioseo_breadcrumb_json":[{"label":"Home","link":"https:\/\/eldigitaldeasturias.com\/magazine365"},{"label":"Actualidad Turismo","link":"https:\/\/eldigitaldeasturias.com\/magazine365\/category\/actualidad-turismo\/"},{"label":"Casi un mill\u00f3n de turistas viaj\u00f3 en 2012 a Galicia por motivos culturales","link":"https:\/\/eldigitaldeasturias.com\/magazine365\/casi-un-millon-de-turistas-viajo-en-2012-a-galicia-por-motivos-culturales\/"}],"_links":{"self":[{"href":"https:\/\/eldigitaldeasturias.com\/magazine365\/wp-json\/wp\/v2\/posts\/983","targetHints":{"allow":["GET"]}}],"collection":[{"href":"https:\/\/eldigitaldeasturias.com\/magazine365\/wp-json\/wp\/v2\/posts"}],"about":[{"href":"https:\/\/eldigitaldeasturias.com\/magazine365\/wp-json\/wp\/v2\/types\/post"}],"author":[{"embeddable":true,"href":"https:\/\/eldigitaldeasturias.com\/magazine365\/wp-json\/wp\/v2\/users\/1"}],"replies":[{"embeddable":true,"href":"https:\/\/eldigitaldeasturias.com\/magazine365\/wp-json\/wp\/v2\/comments?post=983"}],"version-history":[{"count":0,"href":"https:\/\/eldigitaldeasturias.com\/magazine365\/wp-json\/wp\/v2\/posts\/983\/revisions"}],"wp:featuredmedia":[{"embeddable":true,"href":"https:\/\/eldigitaldeasturias.com\/magazine365\/wp-json\/wp\/v2\/media\/984"}],"wp:attachment":[{"href":"https:\/\/eldigitaldeasturias.com\/magazine365\/wp-json\/wp\/v2\/media?parent=983"}],"wp:term":[{"taxonomy":"category","embeddable":true,"href":"https:\/\/eldigitaldeasturias.com\/magazine365\/wp-json\/wp\/v2\/categories?post=983"},{"taxonomy":"post_tag","embeddable":true,"href":"https:\/\/eldigitaldeasturias.com\/magazine365\/wp-json\/wp\/v2\/tags?post=983"}],"curies":[{"name":"wp","href":"https:\/\/api.w.org\/{rel}","templated":true}]}}