{"id":96457,"date":"2018-12-20T20:33:47","date_gmt":"2018-12-20T20:33:47","guid":{"rendered":"http:\/\/www.eldigitaldeasturias.com\/magazine365\/?p=96457"},"modified":"2018-12-20T20:35:30","modified_gmt":"2018-12-20T20:35:30","slug":"la-decoracion-el-desconocido-aliado-contra-el-frio-en-invierno","status":"publish","type":"post","link":"https:\/\/eldigitaldeasturias.com\/magazine365\/la-decoracion-el-desconocido-aliado-contra-el-frio-en-invierno\/","title":{"rendered":"La decoraci\u00f3n, el desconocido aliado contra el fr\u00edo en invierno"},"content":{"rendered":"<p><img fetchpriority=\"high\" decoding=\"async\" class=\"alignleft size-medium wp-image-96458\" src=\"http:\/\/www.eldigitaldeasturias.com\/magazine365\/wp-content\/uploads\/2018\/12\/DigitalAsturias-360x203.jpg\" alt=\"\" width=\"360\" height=\"203\" srcset=\"https:\/\/eldigitaldeasturias.com\/magazine365\/wp-content\/uploads\/2018\/12\/DigitalAsturias-360x203.jpg 360w, https:\/\/eldigitaldeasturias.com\/magazine365\/wp-content\/uploads\/2018\/12\/DigitalAsturias-650x366.jpg 650w, https:\/\/eldigitaldeasturias.com\/magazine365\/wp-content\/uploads\/2018\/12\/DigitalAsturias-768x432.jpg 768w, https:\/\/eldigitaldeasturias.com\/magazine365\/wp-content\/uploads\/2018\/12\/DigitalAsturias-150x84.jpg 150w, https:\/\/eldigitaldeasturias.com\/magazine365\/wp-content\/uploads\/2018\/12\/DigitalAsturias-450x253.jpg 450w, https:\/\/eldigitaldeasturias.com\/magazine365\/wp-content\/uploads\/2018\/12\/DigitalAsturias-1200x675.jpg 1200w, https:\/\/eldigitaldeasturias.com\/magazine365\/wp-content\/uploads\/2018\/12\/DigitalAsturias-696x392.jpg 696w, https:\/\/eldigitaldeasturias.com\/magazine365\/wp-content\/uploads\/2018\/12\/DigitalAsturias-1068x601.jpg 1068w, https:\/\/eldigitaldeasturias.com\/magazine365\/wp-content\/uploads\/2018\/12\/DigitalAsturias-747x420.jpg 747w, https:\/\/eldigitaldeasturias.com\/magazine365\/wp-content\/uploads\/2018\/12\/DigitalAsturias.jpg 1280w\" sizes=\"(max-width: 360px) 100vw, 360px\" \/>Cuando llega el invierno y bajan las temperaturas, somos muchos los que nos preguntamos que medidas podemos adoptar en el hogar para hacer nuestra casa un lugar m\u00e1s c\u00e1lido y acogedor, donde protegernos del fr\u00edo y de la humedad exterior, porque adem\u00e1s es una \u00e9poca donde lo que m\u00e1s nos apetece es quedarnos en casa, hacer cosas en familia y disfrutar del hogar. Los planes de salidas se dejan para temperaturas m\u00e1s primaverales y d\u00edas m\u00e1s largos, con m\u00e1s horas de sol que eleven las temperaturas.<\/p>\n<p>Pero lo que muchos no saben, o no contemplan, es que adem\u00e1s de tirar de los distintos medios de calefacci\u00f3n que hay para el hogar, desde los sistemas m\u00e1s modernos a los m\u00e1s cl\u00e1sicos, tambi\u00e9n la decoraci\u00f3n influye, y mucho, en la labor de hacer un hogar m\u00e1s c\u00e1lido y confortable.<\/p>\n<p>Entre los elementos decorativos m\u00e1s destacados para este fin nos encontramos con las cortinas y persianas, que no solo adornas, sino que funcionan como aislantes. Las estanter\u00edas con libros son otro elemento \u00fatil, con un gran impacto decorativo y que, adem\u00e1s, a\u00edsla, pues son bien conocidas las propiedades aislantes del papel.<\/p>\n<p>Pero si hay alg\u00fan elemento que destacamos de entre todos por su gran labor para protegernos eficientemente del fr\u00edo y por su enorme potencial decorativo son las alfombras, que protegen nuestros pies del fr\u00edo suelo y adem\u00e1s ayudan a mantener el calor ambiente. Si tenemos ni\u00f1os, ser\u00e1 maravilloso poder ofrecerles una superficie c\u00e1lida en el suelo en la que poder jugar.<\/p>\n<p><strong>Ventajas de las alfombras para protegernos del fr\u00edo <\/strong><\/p>\n<p>Como dec\u00edamos, si hay un elemento por excelencia que cumpla a la perfecci\u00f3n la funci\u00f3n de decorar, aislar y dar confort al hogar esas son las alfombras. Las <a href=\"http:\/\/www.tutiendadealfombras.com\/es\/12-alfombras-de-salon\" target=\"_blank\" rel=\"noopener\"><span style=\"color: #ff6600;\"><strong>alfombras de salon<\/strong><\/span><\/a>, por ejemplo, a nivel est\u00e9tico aportan un toque muy personal, pero tiene muchos otros valores a\u00f1adidos, adem\u00e1s de ser una magn\u00edfica inversi\u00f3n en decoraci\u00f3n.<\/p>\n<p>Una de las principales ventajas es que se comercializan en muchos tama\u00f1os y tambi\u00e9n encontramos <strong>alfombras a medida<\/strong> en cualquier <strong>tienda de alfombras<\/strong> para poder colocarlas en cualquier lugar, aprovechando al m\u00e1ximo los espacios que quieras dedicarles.<\/p>\n<p>La segunda gran ventaja es su f\u00e1cil colocaci\u00f3n, con lo que es un elemento que nos aporta calidez al instante y un gran valor decorativo y que podemos realizar por nosotros mismos, sin depender de nadie o de ninguna intervenci\u00f3n o instalaci\u00f3n en nuestro hogar, tan solo con nuestro propio criterio est\u00e9tico.<\/p>\n<p>Las alfombras adem\u00e1s favorecen el ahorro, ya que su mantenimiento es muy econ\u00f3mico y conseguir\u00e1n que evitemos excesos en la factura pues durante estos d\u00edas se act\u00faa sobre manera en calefacci\u00f3n, siendo su compra muy rentable a largo plazo, por no hablar del placer que nos reporta caminar descalzos por casa en pleno invierno.<\/p>\n<p>Las alfombras, como decimos, dan un toque c\u00e1lido y resultan muy c\u00f3modas, existiendo gran variedad de modelos, entre los que se incluyen las antideslizantes y las hipoalerg\u00e9nicas, para que todo el mundo pueda disfrutar de ellas.<\/p>\n<p>Por si todo esto fuera poco, en el caso de sufrir una ca\u00edda dentro del hogar, la alfombra ayudar\u00e1 a minimizar el golpe, amortiguando en gran medida el impacto y reduciendo los da\u00f1os derivados de este accidente dom\u00e9stico, tan com\u00fan en las viviendas.<\/p>\n<p><strong>Tipos de alfombras que existen en el mercado<\/strong><\/p>\n<p>Es imposible recoger en este art\u00edculo todos los tipos de alfombras que podemos encontrar en la actualidad y que nos permitir\u00e1n adaptarlas a nuestras necesidades y gustos est\u00e9ticos. Conviene tener en cuenta varias cosas a la hora de hacer una buena elecci\u00f3n, como por ejemplo que las alfombras que se coloquen en aquellas estancias que dan al exterior, como el recibidor, el pasillo o una salida a un patio o jard\u00edn, son \u00e1reas m\u00e1s propicias a acumular mayor suciedad, por lo que a la hora de hacer nuestra elecci\u00f3n deberemos elegir materiales resistentes, que aguanten mejor el desgaste.<\/p>\n<p>Entre los tipos de alfombras que existen en el mercado, est\u00e1n las modulares, que son muy econ\u00f3micas y c\u00f3modas y suelen estar elaboradas sobre bases de caucho. Su colocaci\u00f3n es muy sencilla y r\u00e1pida, las podemos mover cuantas veces queramos, y sus dise\u00f1os muy variados.<\/p>\n<p>Tambi\u00e9n encontramos las alfombras tipo moqueta cuando queremos cubrir toda una superficie, dando un mayor confort y un ambiente muy c\u00e1lido y acogedor a todo el suelo. Son muy buenos aislantes t\u00e9rmicos y ac\u00fasticos y normalmente se elaboran a base de fibra, ya sea fibra natural o combinada.<\/p>\n<p>Las alfombras tipo carpeta se colocan para realzar y para dar color, teniendo un alto valor decorativo, se suelen utilizar en el sal\u00f3n en combinaci\u00f3n con mueves, mesas u otros accesorios. Son muy elegantes y se fabrican en multitud de materiales, colores, texturas y dise\u00f1os.<\/p>\n<p>Si quieres ver estos modelos y muchos otros, lo mejor que se puede hacer es visitar las tiendas especializadas que encontramos en internet como la que se localiza tras el enlace que pusimos al principio de este art\u00edculo.<\/p>\n<p>&nbsp;<\/p>\n","protected":false},"excerpt":{"rendered":"<p>Cuando llega el invierno y bajan las temperaturas, somos muchos los que nos preguntamos que medidas podemos adoptar en el hogar para hacer nuestra casa un lugar m\u00e1s c\u00e1lido y acogedor, donde protegernos del fr\u00edo y de la humedad exterior, porque adem\u00e1s es una \u00e9poca donde lo que m\u00e1s nos apetece es quedarnos en casa,<\/p>\n","protected":false},"author":1,"featured_media":96458,"comment_status":"closed","ping_status":"closed","sticky":false,"template":"","format":"standard","meta":{"footnotes":""},"categories":[213],"tags":[],"class_list":{"0":"post-96457","1":"post","2":"type-post","3":"status-publish","4":"format-standard","5":"has-post-thumbnail","7":"category-hogar"},"aioseo_notices":[],"aioseo_head":"\n\t\t<!-- All in One SEO Pro 4.9.6.1 - aioseo.com -->\n\t<meta name=\"description\" content=\"Cuando llega el invierno y bajan las temperaturas, somos muchos los que nos preguntamos que medidas podemos adoptar en el hogar para hacer nuestra casa un lugar m\u00e1s c\u00e1lido y acogedor, donde protegernos del fr\u00edo y de la humedad exterior, porque adem\u00e1s es una \u00e9poca donde lo que m\u00e1s nos apetece es quedarnos en casa,\" \/>\n\t<meta name=\"robots\" content=\"max-image-preview:large\" \/>\n\t<meta name=\"author\" content=\"admin\"\/>\n\t<meta name=\"google-site-verification\" content=\"UA-38556648-1\" \/>\n\t<meta name=\"keywords\" content=\"hogar\" \/>\n\t<link rel=\"canonical\" href=\"https:\/\/eldigitaldeasturias.com\/magazine365\/la-decoracion-el-desconocido-aliado-contra-el-frio-en-invierno\/\" \/>\n\t<meta name=\"generator\" content=\"All in One SEO Pro (AIOSEO) 4.9.6.1\" \/>\n\t\t<meta property=\"og:locale\" content=\"es_ES\" \/>\n\t\t<meta property=\"og:site_name\" content=\"El Digital de Asturias \u2013 Revista de ocio, turismo y estilo de vida\" \/>\n\t\t<meta property=\"og:type\" content=\"article\" \/>\n\t\t<meta property=\"og:title\" content=\"La decoraci\u00f3n, el desconocido aliado contra el fr\u00edo en invierno | El Digital de Asturias\" \/>\n\t\t<meta property=\"og:description\" content=\"Cuando llega el invierno y bajan las temperaturas, somos muchos los que nos preguntamos que medidas podemos adoptar en el hogar para hacer nuestra casa un lugar m\u00e1s c\u00e1lido y acogedor, donde protegernos del fr\u00edo y de la humedad exterior, porque adem\u00e1s es una \u00e9poca donde lo que m\u00e1s nos apetece es quedarnos en casa,\" \/>\n\t\t<meta property=\"og:url\" content=\"https:\/\/eldigitaldeasturias.com\/magazine365\/la-decoracion-el-desconocido-aliado-contra-el-frio-en-invierno\/\" \/>\n\t\t<meta property=\"og:image\" content=\"https:\/\/eldigitaldeasturias.com\/magazine365\/wp-content\/uploads\/2018\/12\/DigitalAsturias.jpg\" \/>\n\t\t<meta property=\"og:image:secure_url\" content=\"https:\/\/eldigitaldeasturias.com\/magazine365\/wp-content\/uploads\/2018\/12\/DigitalAsturias.jpg\" \/>\n\t\t<meta property=\"og:image:width\" content=\"1280\" \/>\n\t\t<meta property=\"og:image:height\" content=\"720\" \/>\n\t\t<meta property=\"article:published_time\" content=\"2018-12-20T20:33:47+00:00\" \/>\n\t\t<meta property=\"article:modified_time\" content=\"2018-12-20T20:35:30+00:00\" \/>\n\t\t<meta name=\"twitter:card\" content=\"summary_large_image\" \/>\n\t\t<meta name=\"twitter:title\" content=\"La decoraci\u00f3n, el desconocido aliado contra el fr\u00edo en invierno | El Digital de Asturias\" \/>\n\t\t<meta name=\"twitter:description\" content=\"Cuando llega el invierno y bajan las temperaturas, somos muchos los que nos preguntamos que medidas podemos adoptar en el hogar para hacer nuestra casa un lugar m\u00e1s c\u00e1lido y acogedor, donde protegernos del fr\u00edo y de la humedad exterior, porque adem\u00e1s es una \u00e9poca donde lo que m\u00e1s nos apetece es quedarnos en casa,\" \/>\n\t\t<meta name=\"twitter:image\" content=\"https:\/\/eldigitaldeasturias.com\/magazine365\/wp-content\/uploads\/2018\/12\/DigitalAsturias.jpg\" \/>\n\t\t<script type=\"application\/ld+json\" class=\"aioseo-schema\">\n\t\t\t{\"@context\":\"https:\\\/\\\/schema.org\",\"@graph\":[{\"@type\":\"Article\",\"@id\":\"https:\\\/\\\/eldigitaldeasturias.com\\\/magazine365\\\/la-decoracion-el-desconocido-aliado-contra-el-frio-en-invierno\\\/#article\",\"name\":\"La decoraci\\u00f3n, el desconocido aliado contra el fr\\u00edo en invierno | El Digital de Asturias\",\"headline\":\"La decoraci\\u00f3n, el desconocido aliado contra el fr\\u00edo en invierno\",\"author\":{\"@id\":\"https:\\\/\\\/eldigitaldeasturias.com\\\/magazine365\\\/author\\\/admin\\\/#author\"},\"publisher\":{\"@id\":\"https:\\\/\\\/eldigitaldeasturias.com\\\/magazine365\\\/#organization\"},\"image\":{\"@type\":\"ImageObject\",\"url\":\"https:\\\/\\\/eldigitaldeasturias.com\\\/magazine365\\\/wp-content\\\/uploads\\\/2018\\\/12\\\/DigitalAsturias.jpg\",\"width\":1280,\"height\":720},\"datePublished\":\"2018-12-20T20:33:47+01:00\",\"dateModified\":\"2018-12-20T20:35:30+01:00\",\"inLanguage\":\"es-ES\",\"mainEntityOfPage\":{\"@id\":\"https:\\\/\\\/eldigitaldeasturias.com\\\/magazine365\\\/la-decoracion-el-desconocido-aliado-contra-el-frio-en-invierno\\\/#webpage\"},\"isPartOf\":{\"@id\":\"https:\\\/\\\/eldigitaldeasturias.com\\\/magazine365\\\/la-decoracion-el-desconocido-aliado-contra-el-frio-en-invierno\\\/#webpage\"},\"articleSection\":\"Hogar\"},{\"@type\":\"BreadcrumbList\",\"@id\":\"https:\\\/\\\/eldigitaldeasturias.com\\\/magazine365\\\/la-decoracion-el-desconocido-aliado-contra-el-frio-en-invierno\\\/#breadcrumblist\",\"itemListElement\":[{\"@type\":\"ListItem\",\"@id\":\"https:\\\/\\\/eldigitaldeasturias.com\\\/magazine365#listItem\",\"position\":1,\"name\":\"Home\",\"item\":\"https:\\\/\\\/eldigitaldeasturias.com\\\/magazine365\",\"nextItem\":{\"@type\":\"ListItem\",\"@id\":\"https:\\\/\\\/eldigitaldeasturias.com\\\/magazine365\\\/category\\\/hogar\\\/#listItem\",\"name\":\"Hogar\"}},{\"@type\":\"ListItem\",\"@id\":\"https:\\\/\\\/eldigitaldeasturias.com\\\/magazine365\\\/category\\\/hogar\\\/#listItem\",\"position\":2,\"name\":\"Hogar\",\"item\":\"https:\\\/\\\/eldigitaldeasturias.com\\\/magazine365\\\/category\\\/hogar\\\/\",\"nextItem\":{\"@type\":\"ListItem\",\"@id\":\"https:\\\/\\\/eldigitaldeasturias.com\\\/magazine365\\\/la-decoracion-el-desconocido-aliado-contra-el-frio-en-invierno\\\/#listItem\",\"name\":\"La decoraci\\u00f3n, el desconocido aliado contra el fr\\u00edo en invierno\"},\"previousItem\":{\"@type\":\"ListItem\",\"@id\":\"https:\\\/\\\/eldigitaldeasturias.com\\\/magazine365#listItem\",\"name\":\"Home\"}},{\"@type\":\"ListItem\",\"@id\":\"https:\\\/\\\/eldigitaldeasturias.com\\\/magazine365\\\/la-decoracion-el-desconocido-aliado-contra-el-frio-en-invierno\\\/#listItem\",\"position\":3,\"name\":\"La decoraci\\u00f3n, el desconocido aliado contra el fr\\u00edo en invierno\",\"previousItem\":{\"@type\":\"ListItem\",\"@id\":\"https:\\\/\\\/eldigitaldeasturias.com\\\/magazine365\\\/category\\\/hogar\\\/#listItem\",\"name\":\"Hogar\"}}]},{\"@type\":\"Organization\",\"@id\":\"https:\\\/\\\/eldigitaldeasturias.com\\\/magazine365\\\/#organization\",\"name\":\"El digital de Asturias\",\"description\":\"Revista de ocio, turismo y estilo de vida\",\"url\":\"https:\\\/\\\/eldigitaldeasturias.com\\\/magazine365\\\/\",\"logo\":{\"@type\":\"ImageObject\",\"url\":\"https:\\\/\\\/www.eldigitaldeasturias.com\\\/noticias\\\/wp-content\\\/uploads\\\/2020\\\/12\\\/EDA.jpg\",\"@id\":\"https:\\\/\\\/eldigitaldeasturias.com\\\/magazine365\\\/la-decoracion-el-desconocido-aliado-contra-el-frio-en-invierno\\\/#organizationLogo\"},\"image\":{\"@id\":\"https:\\\/\\\/eldigitaldeasturias.com\\\/magazine365\\\/la-decoracion-el-desconocido-aliado-contra-el-frio-en-invierno\\\/#organizationLogo\"}},{\"@type\":\"Person\",\"@id\":\"https:\\\/\\\/eldigitaldeasturias.com\\\/magazine365\\\/author\\\/admin\\\/#author\",\"url\":\"https:\\\/\\\/eldigitaldeasturias.com\\\/magazine365\\\/author\\\/admin\\\/\",\"name\":\"admin\",\"image\":{\"@type\":\"ImageObject\",\"@id\":\"https:\\\/\\\/eldigitaldeasturias.com\\\/magazine365\\\/la-decoracion-el-desconocido-aliado-contra-el-frio-en-invierno\\\/#authorImage\",\"url\":\"https:\\\/\\\/eldigitaldeasturias.com\\\/magazine365\\\/wp-content\\\/litespeed\\\/avatar\\\/e571bcf59a0edd6fa6838245a470f2fe.jpg?ver=1777574230\",\"width\":96,\"height\":96,\"caption\":\"admin\"}},{\"@type\":\"WebPage\",\"@id\":\"https:\\\/\\\/eldigitaldeasturias.com\\\/magazine365\\\/la-decoracion-el-desconocido-aliado-contra-el-frio-en-invierno\\\/#webpage\",\"url\":\"https:\\\/\\\/eldigitaldeasturias.com\\\/magazine365\\\/la-decoracion-el-desconocido-aliado-contra-el-frio-en-invierno\\\/\",\"name\":\"La decoraci\\u00f3n, el desconocido aliado contra el fr\\u00edo en invierno | El Digital de Asturias\",\"description\":\"Cuando llega el invierno y bajan las temperaturas, somos muchos los que nos preguntamos que medidas podemos adoptar en el hogar para hacer nuestra casa un lugar m\\u00e1s c\\u00e1lido y acogedor, donde protegernos del fr\\u00edo y de la humedad exterior, porque adem\\u00e1s es una \\u00e9poca donde lo que m\\u00e1s nos apetece es quedarnos en casa,\",\"inLanguage\":\"es-ES\",\"isPartOf\":{\"@id\":\"https:\\\/\\\/eldigitaldeasturias.com\\\/magazine365\\\/#website\"},\"breadcrumb\":{\"@id\":\"https:\\\/\\\/eldigitaldeasturias.com\\\/magazine365\\\/la-decoracion-el-desconocido-aliado-contra-el-frio-en-invierno\\\/#breadcrumblist\"},\"author\":{\"@id\":\"https:\\\/\\\/eldigitaldeasturias.com\\\/magazine365\\\/author\\\/admin\\\/#author\"},\"creator\":{\"@id\":\"https:\\\/\\\/eldigitaldeasturias.com\\\/magazine365\\\/author\\\/admin\\\/#author\"},\"image\":{\"@type\":\"ImageObject\",\"url\":\"https:\\\/\\\/eldigitaldeasturias.com\\\/magazine365\\\/wp-content\\\/uploads\\\/2018\\\/12\\\/DigitalAsturias.jpg\",\"@id\":\"https:\\\/\\\/eldigitaldeasturias.com\\\/magazine365\\\/la-decoracion-el-desconocido-aliado-contra-el-frio-en-invierno\\\/#mainImage\",\"width\":1280,\"height\":720},\"primaryImageOfPage\":{\"@id\":\"https:\\\/\\\/eldigitaldeasturias.com\\\/magazine365\\\/la-decoracion-el-desconocido-aliado-contra-el-frio-en-invierno\\\/#mainImage\"},\"datePublished\":\"2018-12-20T20:33:47+01:00\",\"dateModified\":\"2018-12-20T20:35:30+01:00\"},{\"@type\":\"WebSite\",\"@id\":\"https:\\\/\\\/eldigitaldeasturias.com\\\/magazine365\\\/#website\",\"url\":\"https:\\\/\\\/eldigitaldeasturias.com\\\/magazine365\\\/\",\"name\":\"El Digital de Asturias\",\"description\":\"Revista de ocio, turismo y estilo de vida\",\"inLanguage\":\"es-ES\",\"publisher\":{\"@id\":\"https:\\\/\\\/eldigitaldeasturias.com\\\/magazine365\\\/#organization\"}}]}\n\t\t<\/script>\n\t\t<!-- All in One SEO Pro -->\r\n\t\t<title>La decoraci\u00f3n, el desconocido aliado contra el fr\u00edo en invierno | El Digital de Asturias<\/title>\n\n","aioseo_head_json":{"title":"La decoraci\u00f3n, el desconocido aliado contra el fr\u00edo en invierno | El Digital de Asturias","description":"Cuando llega el invierno y bajan las temperaturas, somos muchos los que nos preguntamos que medidas podemos adoptar en el hogar para hacer nuestra casa un lugar m\u00e1s c\u00e1lido y acogedor, donde protegernos del fr\u00edo y de la humedad exterior, porque adem\u00e1s es una \u00e9poca donde lo que m\u00e1s nos apetece es quedarnos en casa,","canonical_url":"https:\/\/eldigitaldeasturias.com\/magazine365\/la-decoracion-el-desconocido-aliado-contra-el-frio-en-invierno\/","robots":"max-image-preview:large","keywords":"hogar","webmasterTools":{"google-site-verification":"UA-38556648-1","miscellaneous":""},"schema":{"@context":"https:\/\/schema.org","@graph":[{"@type":"Article","@id":"https:\/\/eldigitaldeasturias.com\/magazine365\/la-decoracion-el-desconocido-aliado-contra-el-frio-en-invierno\/#article","name":"La decoraci\u00f3n, el desconocido aliado contra el fr\u00edo en invierno | El Digital de Asturias","headline":"La decoraci\u00f3n, el desconocido aliado contra el fr\u00edo en invierno","author":{"@id":"https:\/\/eldigitaldeasturias.com\/magazine365\/author\/admin\/#author"},"publisher":{"@id":"https:\/\/eldigitaldeasturias.com\/magazine365\/#organization"},"image":{"@type":"ImageObject","url":"https:\/\/eldigitaldeasturias.com\/magazine365\/wp-content\/uploads\/2018\/12\/DigitalAsturias.jpg","width":1280,"height":720},"datePublished":"2018-12-20T20:33:47+01:00","dateModified":"2018-12-20T20:35:30+01:00","inLanguage":"es-ES","mainEntityOfPage":{"@id":"https:\/\/eldigitaldeasturias.com\/magazine365\/la-decoracion-el-desconocido-aliado-contra-el-frio-en-invierno\/#webpage"},"isPartOf":{"@id":"https:\/\/eldigitaldeasturias.com\/magazine365\/la-decoracion-el-desconocido-aliado-contra-el-frio-en-invierno\/#webpage"},"articleSection":"Hogar"},{"@type":"BreadcrumbList","@id":"https:\/\/eldigitaldeasturias.com\/magazine365\/la-decoracion-el-desconocido-aliado-contra-el-frio-en-invierno\/#breadcrumblist","itemListElement":[{"@type":"ListItem","@id":"https:\/\/eldigitaldeasturias.com\/magazine365#listItem","position":1,"name":"Home","item":"https:\/\/eldigitaldeasturias.com\/magazine365","nextItem":{"@type":"ListItem","@id":"https:\/\/eldigitaldeasturias.com\/magazine365\/category\/hogar\/#listItem","name":"Hogar"}},{"@type":"ListItem","@id":"https:\/\/eldigitaldeasturias.com\/magazine365\/category\/hogar\/#listItem","position":2,"name":"Hogar","item":"https:\/\/eldigitaldeasturias.com\/magazine365\/category\/hogar\/","nextItem":{"@type":"ListItem","@id":"https:\/\/eldigitaldeasturias.com\/magazine365\/la-decoracion-el-desconocido-aliado-contra-el-frio-en-invierno\/#listItem","name":"La decoraci\u00f3n, el desconocido aliado contra el fr\u00edo en invierno"},"previousItem":{"@type":"ListItem","@id":"https:\/\/eldigitaldeasturias.com\/magazine365#listItem","name":"Home"}},{"@type":"ListItem","@id":"https:\/\/eldigitaldeasturias.com\/magazine365\/la-decoracion-el-desconocido-aliado-contra-el-frio-en-invierno\/#listItem","position":3,"name":"La decoraci\u00f3n, el desconocido aliado contra el fr\u00edo en invierno","previousItem":{"@type":"ListItem","@id":"https:\/\/eldigitaldeasturias.com\/magazine365\/category\/hogar\/#listItem","name":"Hogar"}}]},{"@type":"Organization","@id":"https:\/\/eldigitaldeasturias.com\/magazine365\/#organization","name":"El digital de Asturias","description":"Revista de ocio, turismo y estilo de vida","url":"https:\/\/eldigitaldeasturias.com\/magazine365\/","logo":{"@type":"ImageObject","url":"https:\/\/www.eldigitaldeasturias.com\/noticias\/wp-content\/uploads\/2020\/12\/EDA.jpg","@id":"https:\/\/eldigitaldeasturias.com\/magazine365\/la-decoracion-el-desconocido-aliado-contra-el-frio-en-invierno\/#organizationLogo"},"image":{"@id":"https:\/\/eldigitaldeasturias.com\/magazine365\/la-decoracion-el-desconocido-aliado-contra-el-frio-en-invierno\/#organizationLogo"}},{"@type":"Person","@id":"https:\/\/eldigitaldeasturias.com\/magazine365\/author\/admin\/#author","url":"https:\/\/eldigitaldeasturias.com\/magazine365\/author\/admin\/","name":"admin","image":{"@type":"ImageObject","@id":"https:\/\/eldigitaldeasturias.com\/magazine365\/la-decoracion-el-desconocido-aliado-contra-el-frio-en-invierno\/#authorImage","url":"https:\/\/eldigitaldeasturias.com\/magazine365\/wp-content\/litespeed\/avatar\/e571bcf59a0edd6fa6838245a470f2fe.jpg?ver=1777574230","width":96,"height":96,"caption":"admin"}},{"@type":"WebPage","@id":"https:\/\/eldigitaldeasturias.com\/magazine365\/la-decoracion-el-desconocido-aliado-contra-el-frio-en-invierno\/#webpage","url":"https:\/\/eldigitaldeasturias.com\/magazine365\/la-decoracion-el-desconocido-aliado-contra-el-frio-en-invierno\/","name":"La decoraci\u00f3n, el desconocido aliado contra el fr\u00edo en invierno | El Digital de Asturias","description":"Cuando llega el invierno y bajan las temperaturas, somos muchos los que nos preguntamos que medidas podemos adoptar en el hogar para hacer nuestra casa un lugar m\u00e1s c\u00e1lido y acogedor, donde protegernos del fr\u00edo y de la humedad exterior, porque adem\u00e1s es una \u00e9poca donde lo que m\u00e1s nos apetece es quedarnos en casa,","inLanguage":"es-ES","isPartOf":{"@id":"https:\/\/eldigitaldeasturias.com\/magazine365\/#website"},"breadcrumb":{"@id":"https:\/\/eldigitaldeasturias.com\/magazine365\/la-decoracion-el-desconocido-aliado-contra-el-frio-en-invierno\/#breadcrumblist"},"author":{"@id":"https:\/\/eldigitaldeasturias.com\/magazine365\/author\/admin\/#author"},"creator":{"@id":"https:\/\/eldigitaldeasturias.com\/magazine365\/author\/admin\/#author"},"image":{"@type":"ImageObject","url":"https:\/\/eldigitaldeasturias.com\/magazine365\/wp-content\/uploads\/2018\/12\/DigitalAsturias.jpg","@id":"https:\/\/eldigitaldeasturias.com\/magazine365\/la-decoracion-el-desconocido-aliado-contra-el-frio-en-invierno\/#mainImage","width":1280,"height":720},"primaryImageOfPage":{"@id":"https:\/\/eldigitaldeasturias.com\/magazine365\/la-decoracion-el-desconocido-aliado-contra-el-frio-en-invierno\/#mainImage"},"datePublished":"2018-12-20T20:33:47+01:00","dateModified":"2018-12-20T20:35:30+01:00"},{"@type":"WebSite","@id":"https:\/\/eldigitaldeasturias.com\/magazine365\/#website","url":"https:\/\/eldigitaldeasturias.com\/magazine365\/","name":"El Digital de Asturias","description":"Revista de ocio, turismo y estilo de vida","inLanguage":"es-ES","publisher":{"@id":"https:\/\/eldigitaldeasturias.com\/magazine365\/#organization"}}]},"og:locale":"es_ES","og:site_name":"El Digital de Asturias \u2013 Revista de ocio, turismo y estilo de vida","og:type":"article","og:title":"La decoraci\u00f3n, el desconocido aliado contra el fr\u00edo en invierno | El Digital de Asturias","og:description":"Cuando llega el invierno y bajan las temperaturas, somos muchos los que nos preguntamos que medidas podemos adoptar en el hogar para hacer nuestra casa un lugar m\u00e1s c\u00e1lido y acogedor, donde protegernos del fr\u00edo y de la humedad exterior, porque adem\u00e1s es una \u00e9poca donde lo que m\u00e1s nos apetece es quedarnos en casa,","og:url":"https:\/\/eldigitaldeasturias.com\/magazine365\/la-decoracion-el-desconocido-aliado-contra-el-frio-en-invierno\/","og:image":"https:\/\/eldigitaldeasturias.com\/magazine365\/wp-content\/uploads\/2018\/12\/DigitalAsturias.jpg","og:image:secure_url":"https:\/\/eldigitaldeasturias.com\/magazine365\/wp-content\/uploads\/2018\/12\/DigitalAsturias.jpg","og:image:width":1280,"og:image:height":720,"article:published_time":"2018-12-20T20:33:47+00:00","article:modified_time":"2018-12-20T20:35:30+00:00","twitter:card":"summary_large_image","twitter:title":"La decoraci\u00f3n, el desconocido aliado contra el fr\u00edo en invierno | El Digital de Asturias","twitter:description":"Cuando llega el invierno y bajan las temperaturas, somos muchos los que nos preguntamos que medidas podemos adoptar en el hogar para hacer nuestra casa un lugar m\u00e1s c\u00e1lido y acogedor, donde protegernos del fr\u00edo y de la humedad exterior, porque adem\u00e1s es una \u00e9poca donde lo que m\u00e1s nos apetece es quedarnos en casa,","twitter:image":"https:\/\/eldigitaldeasturias.com\/magazine365\/wp-content\/uploads\/2018\/12\/DigitalAsturias.jpg"},"aioseo_meta_data":{"post_id":"96457","title":null,"description":null,"keywords":null,"keyphrases":null,"primary_term":null,"canonical_url":null,"og_title":null,"og_description":null,"og_object_type":"default","og_image_type":"default","og_image_url":null,"og_image_width":null,"og_image_height":null,"og_image_custom_url":null,"og_image_custom_fields":null,"og_video":null,"og_custom_url":null,"og_article_section":null,"og_article_tags":null,"twitter_use_og":false,"twitter_card":"default","twitter_image_type":"default","twitter_image_url":null,"twitter_image_custom_url":null,"twitter_image_custom_fields":null,"twitter_title":null,"twitter_description":null,"schema":{"blockGraphs":[],"customGraphs":[],"default":{"data":{"Article":[],"Course":[],"Dataset":[],"FAQPage":[],"Movie":[],"Person":[],"Product":[],"ProductReview":[],"Car":[],"Recipe":[],"Service":[],"SoftwareApplication":[],"WebPage":[]},"graphName":"","isEnabled":true},"graphs":[],"defaultGraph":"","defaultPostTypeGraph":""},"schema_type":null,"schema_type_options":null,"pillar_content":false,"robots_default":true,"robots_noindex":false,"robots_noarchive":false,"robots_nosnippet":false,"robots_nofollow":false,"robots_noimageindex":false,"robots_noodp":false,"robots_notranslate":false,"robots_max_snippet":null,"robots_max_videopreview":null,"robots_max_imagepreview":"large","priority":null,"frequency":null,"location":null,"local_seo":null,"seo_analyzer_scan_date":"2025-09-29 04:31:08","breadcrumb_settings":null,"limit_modified_date":false,"open_ai":null,"ai":null,"created":"2020-12-21 13:49:21","updated":"2025-09-29 04:31:08"},"aioseo_breadcrumb":"<div class=\"aioseo-breadcrumbs\"><span class=\"aioseo-breadcrumb\">\n\t<a href=\"https:\/\/eldigitaldeasturias.com\/magazine365\" title=\"Home\">Home<\/a>\n<\/span><span class=\"aioseo-breadcrumb-separator\">\u2013<\/span><span class=\"aioseo-breadcrumb\">\n\t<a href=\"https:\/\/eldigitaldeasturias.com\/magazine365\/category\/hogar\/\" title=\"Hogar\">Hogar<\/a>\n<\/span><span class=\"aioseo-breadcrumb-separator\">\u2013<\/span><span class=\"aioseo-breadcrumb\">\n\t<a href=\"https:\/\/eldigitaldeasturias.com\/magazine365\/la-decoracion-el-desconocido-aliado-contra-el-frio-en-invierno\/\" title=\"La decoraci\u00f3n, el desconocido aliado contra el fr\u00edo en invierno\">La decoraci\u00f3n, el desconocido aliado contra el fr\u00edo en invierno<\/a>\n<\/span><\/div>","aioseo_breadcrumb_json":[{"label":"Home","link":"https:\/\/eldigitaldeasturias.com\/magazine365"},{"label":"Hogar","link":"https:\/\/eldigitaldeasturias.com\/magazine365\/category\/hogar\/"},{"label":"La decoraci\u00f3n, el desconocido aliado contra el fr\u00edo en invierno","link":"https:\/\/eldigitaldeasturias.com\/magazine365\/la-decoracion-el-desconocido-aliado-contra-el-frio-en-invierno\/"}],"_links":{"self":[{"href":"https:\/\/eldigitaldeasturias.com\/magazine365\/wp-json\/wp\/v2\/posts\/96457","targetHints":{"allow":["GET"]}}],"collection":[{"href":"https:\/\/eldigitaldeasturias.com\/magazine365\/wp-json\/wp\/v2\/posts"}],"about":[{"href":"https:\/\/eldigitaldeasturias.com\/magazine365\/wp-json\/wp\/v2\/types\/post"}],"author":[{"embeddable":true,"href":"https:\/\/eldigitaldeasturias.com\/magazine365\/wp-json\/wp\/v2\/users\/1"}],"replies":[{"embeddable":true,"href":"https:\/\/eldigitaldeasturias.com\/magazine365\/wp-json\/wp\/v2\/comments?post=96457"}],"version-history":[{"count":0,"href":"https:\/\/eldigitaldeasturias.com\/magazine365\/wp-json\/wp\/v2\/posts\/96457\/revisions"}],"wp:featuredmedia":[{"embeddable":true,"href":"https:\/\/eldigitaldeasturias.com\/magazine365\/wp-json\/wp\/v2\/media\/96458"}],"wp:attachment":[{"href":"https:\/\/eldigitaldeasturias.com\/magazine365\/wp-json\/wp\/v2\/media?parent=96457"}],"wp:term":[{"taxonomy":"category","embeddable":true,"href":"https:\/\/eldigitaldeasturias.com\/magazine365\/wp-json\/wp\/v2\/categories?post=96457"},{"taxonomy":"post_tag","embeddable":true,"href":"https:\/\/eldigitaldeasturias.com\/magazine365\/wp-json\/wp\/v2\/tags?post=96457"}],"curies":[{"name":"wp","href":"https:\/\/api.w.org\/{rel}","templated":true}]}}