{"id":96197,"date":"2018-12-05T02:59:42","date_gmt":"2018-12-05T02:59:42","guid":{"rendered":"http:\/\/www.eldigitaldeasturias.com\/magazine365\/?p=96197"},"modified":"2018-12-05T02:59:42","modified_gmt":"2018-12-05T02:59:42","slug":"tendencias-en-mobiliario-y-decoracion-para-2019","status":"publish","type":"post","link":"https:\/\/eldigitaldeasturias.com\/magazine365\/tendencias-en-mobiliario-y-decoracion-para-2019\/","title":{"rendered":"Tendencias en mobiliario y decoraci\u00f3n para 2019"},"content":{"rendered":"<p><img fetchpriority=\"high\" decoding=\"async\" class=\"alignleft size-medium wp-image-96198\" src=\"http:\/\/www.eldigitaldeasturias.com\/magazine365\/wp-content\/uploads\/2018\/12\/1543586717_cerramientos_aluminio_madrid_4-360x214.jpg\" alt=\"\" width=\"360\" height=\"214\" srcset=\"https:\/\/eldigitaldeasturias.com\/magazine365\/wp-content\/uploads\/2018\/12\/1543586717_cerramientos_aluminio_madrid_4-360x214.jpg 360w, https:\/\/eldigitaldeasturias.com\/magazine365\/wp-content\/uploads\/2018\/12\/1543586717_cerramientos_aluminio_madrid_4-150x89.jpg 150w, https:\/\/eldigitaldeasturias.com\/magazine365\/wp-content\/uploads\/2018\/12\/1543586717_cerramientos_aluminio_madrid_4-450x268.jpg 450w, https:\/\/eldigitaldeasturias.com\/magazine365\/wp-content\/uploads\/2018\/12\/1543586717_cerramientos_aluminio_madrid_4.jpg 555w\" sizes=\"(max-width: 360px) 100vw, 360px\" \/>El final de cada temporada es clave en muchos hogares, puesto que el cambio estacional motiva siempre el cambio de guardarropa y por supuesto de una parte de la decoraci\u00f3n de la vivienda as\u00ed como de los complementos y equipamiento del hogar<\/p>\n<p>Aqu\u00ed se ofrecen interesantes pistas e ideas\u00a0que ayudar\u00e1n a\u00a0tomar decisiones est\u00e9ticas y \u00fatiles en cada casa a fin de que todo quede perfecto y a la \u00faltima para este pr\u00f3ximo a\u00f1o 2019<\/p>\n<p>Por norma general, cuando se busca personalizar un hogar d\u00e1ndole ese toque diferente tanto en los muebles, como en los\u00a0<a href=\"https:\/\/armariosamedidaenmadrid.es\/\" target=\"_blank\" rel=\"follow noopener\"><span style=\"color: #ff6600;\"><strong>armarios a medida<\/strong><\/span><\/a>, en la cocina, el sal\u00f3n, cada temporada y a trav\u00e9s de la integraci\u00f3n de detalles que son tendencia, a fin de no tener una vivienda desactualizada, es importante prestar atenci\u00f3n a las novedades. Estas son las tendencias que llegan este pr\u00f3ximo a\u00f1o en lo relativo a decoraci\u00f3n del hogar a fin de poder disponer de los espacios actualizados con las nuevas tendencias en decoraci\u00f3n para el a\u00f1o 2019.<\/p>\n<p><strong>Triunfan definitivamente en espacios abiertos<\/strong><\/p>\n<p>Se mantienen las l\u00edneas que se han impuesto a lo largo de este a\u00f1o. Los espacios abiertos, absolutamente llenos de luz, decorados con plantas naturales o bien incorporando complementos de color dorado o color cobre continuar\u00e1n este pr\u00f3ximo a\u00f1o siendo tendencia imponi\u00e9ndose fuertemente en el mercado del interiorismo. Al no tener paredes que impidan pasar la luz, la iluminaci\u00f3n en la estancia es mayor puesto que fluye por todo el espacio.<\/p>\n<p>El Open Concept es un t\u00e9rmino que nace bas\u00e1ndose en la distribuci\u00f3n de los loft, en los que no se encuentran\u00a0barreras de distribuci\u00f3n, en este a\u00f1o prevalece lo abierto as\u00ed como los espacios unidos, lo que hace fortalecer la visualizaci\u00f3n del espacio como una \u00fanica unidad, dicho de otra forma, es una distribuci\u00f3n en la que desaparecen las o algunas habitaciones, transform\u00e1ndose en una y en la que se suprimen las paredes, puertas, y ventanas, lo que deja conjuntar diferentes estancias que ya antes estaban separadas por un pared, como la cocina y el sal\u00f3n, lo que aporta siempre una mayor sensaci\u00f3n de amplitud y mucho m\u00e1s luz.<\/p>\n<p><strong>Incorporaci\u00f3n de elementos naturales<\/strong><\/p>\n<p>Se incorporan nuevas ideas y objetos basados en lo natural, como las l\u00e1mparas fabricadas con fibras naturales o bien los complementos fabricados con metal, se van a ir distribuyendo por hogares de todas y cada una de las latitudes a lo largo del a\u00f1o 2019, transform\u00e1ndose en indispensables. La naturalizaci\u00f3n de las estancias, la vuelta a lo artesanal, la utilizaci\u00f3n de materiales puros persigue un fin:\u00a0lograr espacios saludables y un regreso a la naturaleza. B\u00e1sicamente las tendencias naturales indican predilecci\u00f3n por los siguientes detalles, viviendas o estancias con vistas al sur, viviendas con predilecci\u00f3n de estancias exteriores, cercan\u00eda a zonas ajardinadas o zonas verdes de ocio, aumentar la luminosidad de las estancias bien con pintura y complementos en tonos claros o con instalaci\u00f3n de espejos, utilizaci\u00f3n en mobiliario y complementos decorativos usando materiales porcel\u00e1nicos, piedra natural. Uso de elementos que recuerden lo natural como m\u00e1rmoles, piedras, maderas, algodones y linos u otros tejidos naturales. Vuelta a lo artesanal, se vuelve a lo vintage pero manual y mezclas exactas entre los antiguo y lo moderno.<\/p>\n<p><strong>Nuevas tendencias en cocinas<\/strong><\/p>\n<p>En la cocina, como ocurre en el resto de la casa, se busca una sensaci\u00f3n de calidez y m\u00e1ximo confort. Para conseguir este resultado de nuevo se usa la madera con tonos naturales, aporta esa calidez a la que se tiende para las cocinas en este a\u00f1o 2019.<\/p>\n<p>En cuanto a los colores y tonos, si bien los tonos claros se siguen manteniendo como tendencia, lo que se denomina como &#8216;blanco total&#8217; ya ha perdido el protagonismo de a\u00f1os anteriores. Ahora se ven con m\u00e1s asiduidad incorporaciones con toques de color en la cocina, que matizan el blanco dominante hasta ahora. Estos matices se introducen en\u00a0<span style=\"color: #ff6600;\"><strong><a style=\"color: #ff6600;\" href=\"https:\/\/armariosamedidaenmadrid.es\/muebles-de-cocina\/\" target=\"_blank\" rel=\"nofollow noopener\">las nuevas cocinas<\/a><\/strong><\/span>\u00a0por medio de electrodom\u00e9sticos panelados, poco a poco m\u00e1s complejos en tanto que incorporan lo \u00faltimo en tecnolog\u00eda. Destaca en los electrodom\u00e9sticos el acero como material de tendencia, se queda tambi\u00e9n esta temporada y lo hace por la aplicaci\u00f3n de las distintas superficies horizontales o bien verticales con diversos tratamientos anti manchas o anti huellas.<\/p>\n<p>Finalmente las \u00faltimas tendencias para los frentes de cocina, ser\u00e1n lisos y con colores planos, y si se elige\u00a0un frente de cocina estampado ser\u00e1 con patrones geom\u00e9tricos. Los frentes de vidrio tambi\u00e9n son tendencia para este a\u00f1o.<\/p>\n<p>Para las encimeras la madera puede ser una alternativa o bien los materiales p\u00e9treos pero tambi\u00e9n los composites fabricados con diferentes minerales, entre aqu\u00e9llos el que resalta es el m\u00e1rmol que sigue de nuevo a la cabeza de las tendencias en encimeras.<\/p>\n<p><strong>La madera natural acompa\u00f1ar\u00e1 este 2019<\/strong><\/p>\n<p>La madera natural es un material que lleva ya a\u00f1os asumiendo el protagonismo en los interiores de los hogares modernos. As\u00ed sea de la mano de decoraciones que adoptan el estilo n\u00f3rdico, o el estilo r\u00fastico. En cualquier caso la madera est\u00e1 presente en muebles, pavimentos, complementos etc.\u00a0Y as\u00ed se va a mantener este 2019, cualquier elemento de madera va a aportar un natural toque agradable en cada vivienda o lugar de trabajo. Por este motivo, cada vez se encuentran m\u00e1s objetos fabricados de este material, que adem\u00e1s, est\u00e1 muy presente en recubrimientos para el hogar para el 2019. El aporte de esta temporada es el empleo de la madera al natural sin ning\u00fan tipo de lacado o tintado. Esta tendencia que se ve\u00eda venir en anteriores temporadas realmente ahora es mucho m\u00e1s fuerte.<\/p>\n<p>Explica un\u00a0<a href=\"https:\/\/www.carpinterosvalencia.es\/\" target=\"_blank\" rel=\"follow noopener\"><span style=\"color: #ff6600;\"><strong>carpintero profesional<\/strong><\/span><\/a>: \u00abCuantos menos tintes y menos embarnices tenga la madera, m\u00e1s contribuye a crear un entorno saludable en el hogar, sin emisiones de productos qu\u00edmicos que puedan ser perjudiciales para los habitantes de la casa\u00bb. Sin duda la conciencia medioambiental y la relevancia que tiene la decoraci\u00f3n en la salud de las personas est\u00e1n de m\u00e1xima tendencia en esta nueva temporada.<\/p>\n<p><strong>Mucho color en cada hogar<\/strong><\/p>\n<p>Todos y cada uno de los colores son bienvenidos en 2019 si se consiguen introducir en peque\u00f1os detalles o bien por medio de muebles que aceptan ser los protagonistas de cada espacio, con ello se consigue introducir un toque de frescor en los diferentes entornos que componen cada vivienda.<\/p>\n<p>Destaca lo importante que significa adaptar la armon\u00eda entre los colores as\u00ed como los materiales y texturas que conviven en cada estancia, puesto que las tendencias no est\u00e1n buscando ahora golpes de efecto radicales sino m\u00e1s bien crear hogares y lugares dulces y elegantes. Una de las tendencias en lo que al color se refiere es indudablemente la combinaci\u00f3n de los colores en diferentes tonos de verde y rosa. Este juego crom\u00e1tico da lugar a una mezcla muy sugerente, reservada y personal, que es lo que se busca en la decoraci\u00f3n m\u00e1s vanguardista. Si se desea disfrutar de una vivienda con la \u00faltima tendencia en color de moda, es realmente importante agregar este detalle crom\u00e1tico tan actual.<\/p>\n","protected":false},"excerpt":{"rendered":"<p>El final de cada temporada es clave en muchos hogares, puesto que el cambio estacional motiva siempre el cambio de guardarropa y por supuesto de una parte de la decoraci\u00f3n de la vivienda as\u00ed como de los complementos y equipamiento del hogar Aqu\u00ed se ofrecen interesantes pistas e ideas\u00a0que ayudar\u00e1n a\u00a0tomar decisiones est\u00e9ticas y \u00fatiles<\/p>\n","protected":false},"author":1,"featured_media":96198,"comment_status":"closed","ping_status":"closed","sticky":false,"template":"","format":"standard","meta":{"footnotes":""},"categories":[213],"tags":[],"class_list":{"0":"post-96197","1":"post","2":"type-post","3":"status-publish","4":"format-standard","5":"has-post-thumbnail","7":"category-hogar"},"aioseo_notices":[],"aioseo_head":"\n\t\t<!-- All in One SEO Pro 4.9.6.1 - aioseo.com -->\n\t<meta name=\"description\" content=\"El final de cada temporada es clave en muchos hogares, puesto que el cambio estacional motiva siempre el cambio de guardarropa y por supuesto de una parte de la decoraci\u00f3n de la vivienda as\u00ed como de los complementos y equipamiento del hogar Aqu\u00ed se ofrecen interesantes pistas e ideas que ayudar\u00e1n a tomar decisiones est\u00e9ticas y \u00fatiles\" \/>\n\t<meta name=\"robots\" content=\"max-image-preview:large\" \/>\n\t<meta name=\"author\" content=\"admin\"\/>\n\t<meta name=\"google-site-verification\" content=\"UA-38556648-1\" \/>\n\t<meta name=\"keywords\" content=\"hogar\" \/>\n\t<link rel=\"canonical\" href=\"https:\/\/eldigitaldeasturias.com\/magazine365\/tendencias-en-mobiliario-y-decoracion-para-2019\/\" \/>\n\t<meta name=\"generator\" content=\"All in One SEO Pro (AIOSEO) 4.9.6.1\" \/>\n\t\t<meta property=\"og:locale\" content=\"es_ES\" \/>\n\t\t<meta property=\"og:site_name\" content=\"El Digital de Asturias \u2013 Revista de ocio, turismo y estilo de vida\" \/>\n\t\t<meta property=\"og:type\" content=\"article\" \/>\n\t\t<meta property=\"og:title\" content=\"Tendencias en mobiliario y decoraci\u00f3n para 2019 | El Digital de Asturias\" \/>\n\t\t<meta property=\"og:description\" content=\"El final de cada temporada es clave en muchos hogares, puesto que el cambio estacional motiva siempre el cambio de guardarropa y por supuesto de una parte de la decoraci\u00f3n de la vivienda as\u00ed como de los complementos y equipamiento del hogar Aqu\u00ed se ofrecen interesantes pistas e ideas que ayudar\u00e1n a tomar decisiones est\u00e9ticas y \u00fatiles\" \/>\n\t\t<meta property=\"og:url\" content=\"https:\/\/eldigitaldeasturias.com\/magazine365\/tendencias-en-mobiliario-y-decoracion-para-2019\/\" \/>\n\t\t<meta property=\"og:image\" content=\"https:\/\/eldigitaldeasturias.com\/magazine365\/wp-content\/uploads\/2018\/12\/1543586717_cerramientos_aluminio_madrid_4.jpg\" \/>\n\t\t<meta property=\"og:image:secure_url\" content=\"https:\/\/eldigitaldeasturias.com\/magazine365\/wp-content\/uploads\/2018\/12\/1543586717_cerramientos_aluminio_madrid_4.jpg\" \/>\n\t\t<meta property=\"og:image:width\" content=\"555\" \/>\n\t\t<meta property=\"og:image:height\" content=\"330\" \/>\n\t\t<meta property=\"article:published_time\" content=\"2018-12-05T02:59:42+00:00\" \/>\n\t\t<meta property=\"article:modified_time\" content=\"2018-12-05T02:59:42+00:00\" \/>\n\t\t<meta name=\"twitter:card\" content=\"summary_large_image\" \/>\n\t\t<meta name=\"twitter:title\" content=\"Tendencias en mobiliario y decoraci\u00f3n para 2019 | El Digital de Asturias\" \/>\n\t\t<meta name=\"twitter:description\" content=\"El final de cada temporada es clave en muchos hogares, puesto que el cambio estacional motiva siempre el cambio de guardarropa y por supuesto de una parte de la decoraci\u00f3n de la vivienda as\u00ed como de los complementos y equipamiento del hogar Aqu\u00ed se ofrecen interesantes pistas e ideas que ayudar\u00e1n a tomar decisiones est\u00e9ticas y \u00fatiles\" \/>\n\t\t<meta name=\"twitter:image\" content=\"https:\/\/eldigitaldeasturias.com\/magazine365\/wp-content\/uploads\/2018\/12\/1543586717_cerramientos_aluminio_madrid_4.jpg\" \/>\n\t\t<script type=\"application\/ld+json\" class=\"aioseo-schema\">\n\t\t\t{\"@context\":\"https:\\\/\\\/schema.org\",\"@graph\":[{\"@type\":\"Article\",\"@id\":\"https:\\\/\\\/eldigitaldeasturias.com\\\/magazine365\\\/tendencias-en-mobiliario-y-decoracion-para-2019\\\/#article\",\"name\":\"Tendencias en mobiliario y decoraci\\u00f3n para 2019 | El Digital de Asturias\",\"headline\":\"Tendencias en mobiliario y decoraci\\u00f3n para 2019\",\"author\":{\"@id\":\"https:\\\/\\\/eldigitaldeasturias.com\\\/magazine365\\\/author\\\/admin\\\/#author\"},\"publisher\":{\"@id\":\"https:\\\/\\\/eldigitaldeasturias.com\\\/magazine365\\\/#organization\"},\"image\":{\"@type\":\"ImageObject\",\"url\":\"https:\\\/\\\/eldigitaldeasturias.com\\\/magazine365\\\/wp-content\\\/uploads\\\/2018\\\/12\\\/1543586717_cerramientos_aluminio_madrid_4.jpg\",\"width\":555,\"height\":330},\"datePublished\":\"2018-12-05T02:59:42+01:00\",\"dateModified\":\"2018-12-05T02:59:42+01:00\",\"inLanguage\":\"es-ES\",\"mainEntityOfPage\":{\"@id\":\"https:\\\/\\\/eldigitaldeasturias.com\\\/magazine365\\\/tendencias-en-mobiliario-y-decoracion-para-2019\\\/#webpage\"},\"isPartOf\":{\"@id\":\"https:\\\/\\\/eldigitaldeasturias.com\\\/magazine365\\\/tendencias-en-mobiliario-y-decoracion-para-2019\\\/#webpage\"},\"articleSection\":\"Hogar\"},{\"@type\":\"BreadcrumbList\",\"@id\":\"https:\\\/\\\/eldigitaldeasturias.com\\\/magazine365\\\/tendencias-en-mobiliario-y-decoracion-para-2019\\\/#breadcrumblist\",\"itemListElement\":[{\"@type\":\"ListItem\",\"@id\":\"https:\\\/\\\/eldigitaldeasturias.com\\\/magazine365#listItem\",\"position\":1,\"name\":\"Home\",\"item\":\"https:\\\/\\\/eldigitaldeasturias.com\\\/magazine365\",\"nextItem\":{\"@type\":\"ListItem\",\"@id\":\"https:\\\/\\\/eldigitaldeasturias.com\\\/magazine365\\\/category\\\/hogar\\\/#listItem\",\"name\":\"Hogar\"}},{\"@type\":\"ListItem\",\"@id\":\"https:\\\/\\\/eldigitaldeasturias.com\\\/magazine365\\\/category\\\/hogar\\\/#listItem\",\"position\":2,\"name\":\"Hogar\",\"item\":\"https:\\\/\\\/eldigitaldeasturias.com\\\/magazine365\\\/category\\\/hogar\\\/\",\"nextItem\":{\"@type\":\"ListItem\",\"@id\":\"https:\\\/\\\/eldigitaldeasturias.com\\\/magazine365\\\/tendencias-en-mobiliario-y-decoracion-para-2019\\\/#listItem\",\"name\":\"Tendencias en mobiliario y decoraci\\u00f3n para 2019\"},\"previousItem\":{\"@type\":\"ListItem\",\"@id\":\"https:\\\/\\\/eldigitaldeasturias.com\\\/magazine365#listItem\",\"name\":\"Home\"}},{\"@type\":\"ListItem\",\"@id\":\"https:\\\/\\\/eldigitaldeasturias.com\\\/magazine365\\\/tendencias-en-mobiliario-y-decoracion-para-2019\\\/#listItem\",\"position\":3,\"name\":\"Tendencias en mobiliario y decoraci\\u00f3n para 2019\",\"previousItem\":{\"@type\":\"ListItem\",\"@id\":\"https:\\\/\\\/eldigitaldeasturias.com\\\/magazine365\\\/category\\\/hogar\\\/#listItem\",\"name\":\"Hogar\"}}]},{\"@type\":\"Organization\",\"@id\":\"https:\\\/\\\/eldigitaldeasturias.com\\\/magazine365\\\/#organization\",\"name\":\"El digital de Asturias\",\"description\":\"Revista de ocio, turismo y estilo de vida\",\"url\":\"https:\\\/\\\/eldigitaldeasturias.com\\\/magazine365\\\/\",\"logo\":{\"@type\":\"ImageObject\",\"url\":\"https:\\\/\\\/www.eldigitaldeasturias.com\\\/noticias\\\/wp-content\\\/uploads\\\/2020\\\/12\\\/EDA.jpg\",\"@id\":\"https:\\\/\\\/eldigitaldeasturias.com\\\/magazine365\\\/tendencias-en-mobiliario-y-decoracion-para-2019\\\/#organizationLogo\"},\"image\":{\"@id\":\"https:\\\/\\\/eldigitaldeasturias.com\\\/magazine365\\\/tendencias-en-mobiliario-y-decoracion-para-2019\\\/#organizationLogo\"}},{\"@type\":\"Person\",\"@id\":\"https:\\\/\\\/eldigitaldeasturias.com\\\/magazine365\\\/author\\\/admin\\\/#author\",\"url\":\"https:\\\/\\\/eldigitaldeasturias.com\\\/magazine365\\\/author\\\/admin\\\/\",\"name\":\"admin\",\"image\":{\"@type\":\"ImageObject\",\"@id\":\"https:\\\/\\\/eldigitaldeasturias.com\\\/magazine365\\\/tendencias-en-mobiliario-y-decoracion-para-2019\\\/#authorImage\",\"url\":\"https:\\\/\\\/eldigitaldeasturias.com\\\/magazine365\\\/wp-content\\\/litespeed\\\/avatar\\\/e571bcf59a0edd6fa6838245a470f2fe.jpg?ver=1777574230\",\"width\":96,\"height\":96,\"caption\":\"admin\"}},{\"@type\":\"WebPage\",\"@id\":\"https:\\\/\\\/eldigitaldeasturias.com\\\/magazine365\\\/tendencias-en-mobiliario-y-decoracion-para-2019\\\/#webpage\",\"url\":\"https:\\\/\\\/eldigitaldeasturias.com\\\/magazine365\\\/tendencias-en-mobiliario-y-decoracion-para-2019\\\/\",\"name\":\"Tendencias en mobiliario y decoraci\\u00f3n para 2019 | El Digital de Asturias\",\"description\":\"El final de cada temporada es clave en muchos hogares, puesto que el cambio estacional motiva siempre el cambio de guardarropa y por supuesto de una parte de la decoraci\\u00f3n de la vivienda as\\u00ed como de los complementos y equipamiento del hogar Aqu\\u00ed se ofrecen interesantes pistas e ideas que ayudar\\u00e1n a tomar decisiones est\\u00e9ticas y \\u00fatiles\",\"inLanguage\":\"es-ES\",\"isPartOf\":{\"@id\":\"https:\\\/\\\/eldigitaldeasturias.com\\\/magazine365\\\/#website\"},\"breadcrumb\":{\"@id\":\"https:\\\/\\\/eldigitaldeasturias.com\\\/magazine365\\\/tendencias-en-mobiliario-y-decoracion-para-2019\\\/#breadcrumblist\"},\"author\":{\"@id\":\"https:\\\/\\\/eldigitaldeasturias.com\\\/magazine365\\\/author\\\/admin\\\/#author\"},\"creator\":{\"@id\":\"https:\\\/\\\/eldigitaldeasturias.com\\\/magazine365\\\/author\\\/admin\\\/#author\"},\"image\":{\"@type\":\"ImageObject\",\"url\":\"https:\\\/\\\/eldigitaldeasturias.com\\\/magazine365\\\/wp-content\\\/uploads\\\/2018\\\/12\\\/1543586717_cerramientos_aluminio_madrid_4.jpg\",\"@id\":\"https:\\\/\\\/eldigitaldeasturias.com\\\/magazine365\\\/tendencias-en-mobiliario-y-decoracion-para-2019\\\/#mainImage\",\"width\":555,\"height\":330},\"primaryImageOfPage\":{\"@id\":\"https:\\\/\\\/eldigitaldeasturias.com\\\/magazine365\\\/tendencias-en-mobiliario-y-decoracion-para-2019\\\/#mainImage\"},\"datePublished\":\"2018-12-05T02:59:42+01:00\",\"dateModified\":\"2018-12-05T02:59:42+01:00\"},{\"@type\":\"WebSite\",\"@id\":\"https:\\\/\\\/eldigitaldeasturias.com\\\/magazine365\\\/#website\",\"url\":\"https:\\\/\\\/eldigitaldeasturias.com\\\/magazine365\\\/\",\"name\":\"El Digital de Asturias\",\"description\":\"Revista de ocio, turismo y estilo de vida\",\"inLanguage\":\"es-ES\",\"publisher\":{\"@id\":\"https:\\\/\\\/eldigitaldeasturias.com\\\/magazine365\\\/#organization\"}}]}\n\t\t<\/script>\n\t\t<!-- All in One SEO Pro -->\r\n\t\t<title>Tendencias en mobiliario y decoraci\u00f3n para 2019 | El Digital de Asturias<\/title>\n\n","aioseo_head_json":{"title":"Tendencias en mobiliario y decoraci\u00f3n para 2019 | El Digital de Asturias","description":"El final de cada temporada es clave en muchos hogares, puesto que el cambio estacional motiva siempre el cambio de guardarropa y por supuesto de una parte de la decoraci\u00f3n de la vivienda as\u00ed como de los complementos y equipamiento del hogar Aqu\u00ed se ofrecen interesantes pistas e ideas que ayudar\u00e1n a tomar decisiones est\u00e9ticas y \u00fatiles","canonical_url":"https:\/\/eldigitaldeasturias.com\/magazine365\/tendencias-en-mobiliario-y-decoracion-para-2019\/","robots":"max-image-preview:large","keywords":"hogar","webmasterTools":{"google-site-verification":"UA-38556648-1","miscellaneous":""},"schema":{"@context":"https:\/\/schema.org","@graph":[{"@type":"Article","@id":"https:\/\/eldigitaldeasturias.com\/magazine365\/tendencias-en-mobiliario-y-decoracion-para-2019\/#article","name":"Tendencias en mobiliario y decoraci\u00f3n para 2019 | El Digital de Asturias","headline":"Tendencias en mobiliario y decoraci\u00f3n para 2019","author":{"@id":"https:\/\/eldigitaldeasturias.com\/magazine365\/author\/admin\/#author"},"publisher":{"@id":"https:\/\/eldigitaldeasturias.com\/magazine365\/#organization"},"image":{"@type":"ImageObject","url":"https:\/\/eldigitaldeasturias.com\/magazine365\/wp-content\/uploads\/2018\/12\/1543586717_cerramientos_aluminio_madrid_4.jpg","width":555,"height":330},"datePublished":"2018-12-05T02:59:42+01:00","dateModified":"2018-12-05T02:59:42+01:00","inLanguage":"es-ES","mainEntityOfPage":{"@id":"https:\/\/eldigitaldeasturias.com\/magazine365\/tendencias-en-mobiliario-y-decoracion-para-2019\/#webpage"},"isPartOf":{"@id":"https:\/\/eldigitaldeasturias.com\/magazine365\/tendencias-en-mobiliario-y-decoracion-para-2019\/#webpage"},"articleSection":"Hogar"},{"@type":"BreadcrumbList","@id":"https:\/\/eldigitaldeasturias.com\/magazine365\/tendencias-en-mobiliario-y-decoracion-para-2019\/#breadcrumblist","itemListElement":[{"@type":"ListItem","@id":"https:\/\/eldigitaldeasturias.com\/magazine365#listItem","position":1,"name":"Home","item":"https:\/\/eldigitaldeasturias.com\/magazine365","nextItem":{"@type":"ListItem","@id":"https:\/\/eldigitaldeasturias.com\/magazine365\/category\/hogar\/#listItem","name":"Hogar"}},{"@type":"ListItem","@id":"https:\/\/eldigitaldeasturias.com\/magazine365\/category\/hogar\/#listItem","position":2,"name":"Hogar","item":"https:\/\/eldigitaldeasturias.com\/magazine365\/category\/hogar\/","nextItem":{"@type":"ListItem","@id":"https:\/\/eldigitaldeasturias.com\/magazine365\/tendencias-en-mobiliario-y-decoracion-para-2019\/#listItem","name":"Tendencias en mobiliario y decoraci\u00f3n para 2019"},"previousItem":{"@type":"ListItem","@id":"https:\/\/eldigitaldeasturias.com\/magazine365#listItem","name":"Home"}},{"@type":"ListItem","@id":"https:\/\/eldigitaldeasturias.com\/magazine365\/tendencias-en-mobiliario-y-decoracion-para-2019\/#listItem","position":3,"name":"Tendencias en mobiliario y decoraci\u00f3n para 2019","previousItem":{"@type":"ListItem","@id":"https:\/\/eldigitaldeasturias.com\/magazine365\/category\/hogar\/#listItem","name":"Hogar"}}]},{"@type":"Organization","@id":"https:\/\/eldigitaldeasturias.com\/magazine365\/#organization","name":"El digital de Asturias","description":"Revista de ocio, turismo y estilo de vida","url":"https:\/\/eldigitaldeasturias.com\/magazine365\/","logo":{"@type":"ImageObject","url":"https:\/\/www.eldigitaldeasturias.com\/noticias\/wp-content\/uploads\/2020\/12\/EDA.jpg","@id":"https:\/\/eldigitaldeasturias.com\/magazine365\/tendencias-en-mobiliario-y-decoracion-para-2019\/#organizationLogo"},"image":{"@id":"https:\/\/eldigitaldeasturias.com\/magazine365\/tendencias-en-mobiliario-y-decoracion-para-2019\/#organizationLogo"}},{"@type":"Person","@id":"https:\/\/eldigitaldeasturias.com\/magazine365\/author\/admin\/#author","url":"https:\/\/eldigitaldeasturias.com\/magazine365\/author\/admin\/","name":"admin","image":{"@type":"ImageObject","@id":"https:\/\/eldigitaldeasturias.com\/magazine365\/tendencias-en-mobiliario-y-decoracion-para-2019\/#authorImage","url":"https:\/\/eldigitaldeasturias.com\/magazine365\/wp-content\/litespeed\/avatar\/e571bcf59a0edd6fa6838245a470f2fe.jpg?ver=1777574230","width":96,"height":96,"caption":"admin"}},{"@type":"WebPage","@id":"https:\/\/eldigitaldeasturias.com\/magazine365\/tendencias-en-mobiliario-y-decoracion-para-2019\/#webpage","url":"https:\/\/eldigitaldeasturias.com\/magazine365\/tendencias-en-mobiliario-y-decoracion-para-2019\/","name":"Tendencias en mobiliario y decoraci\u00f3n para 2019 | El Digital de Asturias","description":"El final de cada temporada es clave en muchos hogares, puesto que el cambio estacional motiva siempre el cambio de guardarropa y por supuesto de una parte de la decoraci\u00f3n de la vivienda as\u00ed como de los complementos y equipamiento del hogar Aqu\u00ed se ofrecen interesantes pistas e ideas que ayudar\u00e1n a tomar decisiones est\u00e9ticas y \u00fatiles","inLanguage":"es-ES","isPartOf":{"@id":"https:\/\/eldigitaldeasturias.com\/magazine365\/#website"},"breadcrumb":{"@id":"https:\/\/eldigitaldeasturias.com\/magazine365\/tendencias-en-mobiliario-y-decoracion-para-2019\/#breadcrumblist"},"author":{"@id":"https:\/\/eldigitaldeasturias.com\/magazine365\/author\/admin\/#author"},"creator":{"@id":"https:\/\/eldigitaldeasturias.com\/magazine365\/author\/admin\/#author"},"image":{"@type":"ImageObject","url":"https:\/\/eldigitaldeasturias.com\/magazine365\/wp-content\/uploads\/2018\/12\/1543586717_cerramientos_aluminio_madrid_4.jpg","@id":"https:\/\/eldigitaldeasturias.com\/magazine365\/tendencias-en-mobiliario-y-decoracion-para-2019\/#mainImage","width":555,"height":330},"primaryImageOfPage":{"@id":"https:\/\/eldigitaldeasturias.com\/magazine365\/tendencias-en-mobiliario-y-decoracion-para-2019\/#mainImage"},"datePublished":"2018-12-05T02:59:42+01:00","dateModified":"2018-12-05T02:59:42+01:00"},{"@type":"WebSite","@id":"https:\/\/eldigitaldeasturias.com\/magazine365\/#website","url":"https:\/\/eldigitaldeasturias.com\/magazine365\/","name":"El Digital de Asturias","description":"Revista de ocio, turismo y estilo de vida","inLanguage":"es-ES","publisher":{"@id":"https:\/\/eldigitaldeasturias.com\/magazine365\/#organization"}}]},"og:locale":"es_ES","og:site_name":"El Digital de Asturias \u2013 Revista de ocio, turismo y estilo de vida","og:type":"article","og:title":"Tendencias en mobiliario y decoraci\u00f3n para 2019 | El Digital de Asturias","og:description":"El final de cada temporada es clave en muchos hogares, puesto que el cambio estacional motiva siempre el cambio de guardarropa y por supuesto de una parte de la decoraci\u00f3n de la vivienda as\u00ed como de los complementos y equipamiento del hogar Aqu\u00ed se ofrecen interesantes pistas e ideas que ayudar\u00e1n a tomar decisiones est\u00e9ticas y \u00fatiles","og:url":"https:\/\/eldigitaldeasturias.com\/magazine365\/tendencias-en-mobiliario-y-decoracion-para-2019\/","og:image":"https:\/\/eldigitaldeasturias.com\/magazine365\/wp-content\/uploads\/2018\/12\/1543586717_cerramientos_aluminio_madrid_4.jpg","og:image:secure_url":"https:\/\/eldigitaldeasturias.com\/magazine365\/wp-content\/uploads\/2018\/12\/1543586717_cerramientos_aluminio_madrid_4.jpg","og:image:width":555,"og:image:height":330,"article:published_time":"2018-12-05T02:59:42+00:00","article:modified_time":"2018-12-05T02:59:42+00:00","twitter:card":"summary_large_image","twitter:title":"Tendencias en mobiliario y decoraci\u00f3n para 2019 | El Digital de Asturias","twitter:description":"El final de cada temporada es clave en muchos hogares, puesto que el cambio estacional motiva siempre el cambio de guardarropa y por supuesto de una parte de la decoraci\u00f3n de la vivienda as\u00ed como de los complementos y equipamiento del hogar Aqu\u00ed se ofrecen interesantes pistas e ideas que ayudar\u00e1n a tomar decisiones est\u00e9ticas y \u00fatiles","twitter:image":"https:\/\/eldigitaldeasturias.com\/magazine365\/wp-content\/uploads\/2018\/12\/1543586717_cerramientos_aluminio_madrid_4.jpg"},"aioseo_meta_data":{"post_id":"96197","title":null,"description":null,"keywords":null,"keyphrases":null,"primary_term":null,"canonical_url":null,"og_title":null,"og_description":null,"og_object_type":"default","og_image_type":"default","og_image_url":null,"og_image_width":null,"og_image_height":null,"og_image_custom_url":null,"og_image_custom_fields":null,"og_video":null,"og_custom_url":null,"og_article_section":null,"og_article_tags":null,"twitter_use_og":false,"twitter_card":"default","twitter_image_type":"default","twitter_image_url":null,"twitter_image_custom_url":null,"twitter_image_custom_fields":null,"twitter_title":null,"twitter_description":null,"schema":{"blockGraphs":[],"customGraphs":[],"default":{"data":{"Article":[],"Course":[],"Dataset":[],"FAQPage":[],"Movie":[],"Person":[],"Product":[],"ProductReview":[],"Car":[],"Recipe":[],"Service":[],"SoftwareApplication":[],"WebPage":[]},"graphName":"","isEnabled":true},"graphs":[]},"schema_type":null,"schema_type_options":null,"pillar_content":false,"robots_default":true,"robots_noindex":false,"robots_noarchive":false,"robots_nosnippet":false,"robots_nofollow":false,"robots_noimageindex":false,"robots_noodp":false,"robots_notranslate":false,"robots_max_snippet":null,"robots_max_videopreview":null,"robots_max_imagepreview":"large","priority":null,"frequency":null,"location":null,"local_seo":null,"seo_analyzer_scan_date":"2025-09-29 04:02:58","breadcrumb_settings":null,"limit_modified_date":false,"open_ai":null,"ai":null,"created":"2020-12-21 13:49:35","updated":"2025-09-29 04:02:58"},"aioseo_breadcrumb":"<div class=\"aioseo-breadcrumbs\"><span class=\"aioseo-breadcrumb\">\n\t<a href=\"https:\/\/eldigitaldeasturias.com\/magazine365\" title=\"Home\">Home<\/a>\n<\/span><span class=\"aioseo-breadcrumb-separator\">\u2013<\/span><span class=\"aioseo-breadcrumb\">\n\t<a href=\"https:\/\/eldigitaldeasturias.com\/magazine365\/category\/hogar\/\" title=\"Hogar\">Hogar<\/a>\n<\/span><span class=\"aioseo-breadcrumb-separator\">\u2013<\/span><span class=\"aioseo-breadcrumb\">\n\t<a href=\"https:\/\/eldigitaldeasturias.com\/magazine365\/tendencias-en-mobiliario-y-decoracion-para-2019\/\" title=\"Tendencias en mobiliario y decoraci\u00f3n para 2019\">Tendencias en mobiliario y decoraci\u00f3n para 2019<\/a>\n<\/span><\/div>","aioseo_breadcrumb_json":[{"label":"Home","link":"https:\/\/eldigitaldeasturias.com\/magazine365"},{"label":"Hogar","link":"https:\/\/eldigitaldeasturias.com\/magazine365\/category\/hogar\/"},{"label":"Tendencias en mobiliario y decoraci\u00f3n para 2019","link":"https:\/\/eldigitaldeasturias.com\/magazine365\/tendencias-en-mobiliario-y-decoracion-para-2019\/"}],"_links":{"self":[{"href":"https:\/\/eldigitaldeasturias.com\/magazine365\/wp-json\/wp\/v2\/posts\/96197","targetHints":{"allow":["GET"]}}],"collection":[{"href":"https:\/\/eldigitaldeasturias.com\/magazine365\/wp-json\/wp\/v2\/posts"}],"about":[{"href":"https:\/\/eldigitaldeasturias.com\/magazine365\/wp-json\/wp\/v2\/types\/post"}],"author":[{"embeddable":true,"href":"https:\/\/eldigitaldeasturias.com\/magazine365\/wp-json\/wp\/v2\/users\/1"}],"replies":[{"embeddable":true,"href":"https:\/\/eldigitaldeasturias.com\/magazine365\/wp-json\/wp\/v2\/comments?post=96197"}],"version-history":[{"count":0,"href":"https:\/\/eldigitaldeasturias.com\/magazine365\/wp-json\/wp\/v2\/posts\/96197\/revisions"}],"wp:featuredmedia":[{"embeddable":true,"href":"https:\/\/eldigitaldeasturias.com\/magazine365\/wp-json\/wp\/v2\/media\/96198"}],"wp:attachment":[{"href":"https:\/\/eldigitaldeasturias.com\/magazine365\/wp-json\/wp\/v2\/media?parent=96197"}],"wp:term":[{"taxonomy":"category","embeddable":true,"href":"https:\/\/eldigitaldeasturias.com\/magazine365\/wp-json\/wp\/v2\/categories?post=96197"},{"taxonomy":"post_tag","embeddable":true,"href":"https:\/\/eldigitaldeasturias.com\/magazine365\/wp-json\/wp\/v2\/tags?post=96197"}],"curies":[{"name":"wp","href":"https:\/\/api.w.org\/{rel}","templated":true}]}}