{"id":95652,"date":"2018-11-01T02:15:01","date_gmt":"2018-11-01T02:15:01","guid":{"rendered":"http:\/\/www.eldigitaldeasturias.com\/magazine365\/?p=95652"},"modified":"2018-11-01T02:15:01","modified_gmt":"2018-11-01T02:15:01","slug":"sinmaletas-esta-de-cumpleanos-10-anos","status":"publish","type":"post","link":"https:\/\/eldigitaldeasturias.com\/magazine365\/sinmaletas-esta-de-cumpleanos-10-anos\/","title":{"rendered":"Sinmaletas est\u00e1 de cumplea\u00f1os, 10 a\u00f1os"},"content":{"rendered":"<p><span style=\"color: #ff6600;\"><strong><a style=\"color: #ff6600;\" href=\"https:\/\/www.sinmaletas.com\/\" target=\"_blank\" rel=\"nofollow noopener\"><img fetchpriority=\"high\" decoding=\"async\" class=\"alignleft size-medium wp-image-95653\" src=\"http:\/\/www.eldigitaldeasturias.com\/magazine365\/wp-content\/uploads\/2018\/11\/1540972051_imagen_sinmaletas_nota_de_prensa-360x270.jpg\" alt=\"\" width=\"360\" height=\"270\" srcset=\"https:\/\/eldigitaldeasturias.com\/magazine365\/wp-content\/uploads\/2018\/11\/1540972051_imagen_sinmaletas_nota_de_prensa-360x270.jpg 360w, https:\/\/eldigitaldeasturias.com\/magazine365\/wp-content\/uploads\/2018\/11\/1540972051_imagen_sinmaletas_nota_de_prensa-650x488.jpg 650w, https:\/\/eldigitaldeasturias.com\/magazine365\/wp-content\/uploads\/2018\/11\/1540972051_imagen_sinmaletas_nota_de_prensa-768x576.jpg 768w, https:\/\/eldigitaldeasturias.com\/magazine365\/wp-content\/uploads\/2018\/11\/1540972051_imagen_sinmaletas_nota_de_prensa-150x113.jpg 150w, https:\/\/eldigitaldeasturias.com\/magazine365\/wp-content\/uploads\/2018\/11\/1540972051_imagen_sinmaletas_nota_de_prensa-450x338.jpg 450w, https:\/\/eldigitaldeasturias.com\/magazine365\/wp-content\/uploads\/2018\/11\/1540972051_imagen_sinmaletas_nota_de_prensa-80x60.jpg 80w, https:\/\/eldigitaldeasturias.com\/magazine365\/wp-content\/uploads\/2018\/11\/1540972051_imagen_sinmaletas_nota_de_prensa-265x198.jpg 265w, https:\/\/eldigitaldeasturias.com\/magazine365\/wp-content\/uploads\/2018\/11\/1540972051_imagen_sinmaletas_nota_de_prensa-696x522.jpg 696w, https:\/\/eldigitaldeasturias.com\/magazine365\/wp-content\/uploads\/2018\/11\/1540972051_imagen_sinmaletas_nota_de_prensa-560x420.jpg 560w, https:\/\/eldigitaldeasturias.com\/magazine365\/wp-content\/uploads\/2018\/11\/1540972051_imagen_sinmaletas_nota_de_prensa.jpg 1024w\" sizes=\"(max-width: 360px) 100vw, 360px\" \/>Sinmaletas<\/a><\/strong><\/span>\u00a0est\u00e1 de cumplea\u00f1os.\u00a0el\u00a0<strong>31 de octubre de 2018<\/strong>\u00a0cumple su\u00a0<strong>d\u00e9cimo aniversario<\/strong>y lo quiere celebrar con todo el mundo.<\/p>\n<p>Son ya\u00a0<strong>10 a\u00f1os de trayectoria<\/strong>\u00a0recorriendo medio mundo con las maletas de todos los clientes que a lo largo de estos a\u00f1os han decidido confiar en ellos. En total han transportado\u00a0<strong>m\u00e1s de 180.000 maletas<\/strong>\u00a0y han ayudado a\u00a0<strong>m\u00e1s de 40.000 clientes<\/strong>.<\/p>\n<p>Antes de la aparici\u00f3n de Sinmaletas, la \u00fanica manera que hab\u00eda de poder enviar las maletas era a trav\u00e9s de las compa\u00f1\u00edas a\u00e9reas, con todas las\u00a0<strong>complicaciones<\/strong>\u00a0que esto supon\u00eda: cargar las maletas hasta el aeropuerto, tener que hacer colas para facturar el equipaje, pagar por el exceso de equipaje, etc.<\/p>\n<p>Desde el\u00a0<strong>31 de octubre de 2008<\/strong>\u00a0eso cambi\u00f3, Sinmaletas fue la primera empresa espa\u00f1ola en dar la oportunidad a los clientes de\u00a0<strong>viajar ligeros sin equipaje<\/strong>.<\/p>\n<p>\u00abEs un servicio puerta a puerta que tiene como objetivo que\u00a0<strong>el usuario viaje tranquilo<\/strong>, con las manos en los bolsillos o con una bolsa de mano\u00bb, puntualiza\u00a0<strong>Eduard Castellsagu\u00e9<\/strong>, CEO de Sinmaletas.<\/p>\n<p>El informe sobre equipaje realizado por SITA en el a\u00f1o 2017, llego a la conclusi\u00f3n que\u00a0<strong>5,73 maletas de cada 1000 pasajeros<\/strong>\u00a0se perd\u00edan. Este dato es muy relevante ya que\u00a0<strong>la tranquilidad de envia<\/strong>r con Sinmaletas siempre se debe tener en cuenta.<\/p>\n<p>Por otro lado, Sinmaletas tambi\u00e9n\u00a0<strong>contribuye<\/strong>\u00a0con una importante<strong>\u00a0labor social<\/strong>. El 0,7% de su facturaci\u00f3n se destina a diferentes ONG\u2019s que los usuarios pueden escoger en el momento de hacer el pedido. Tambi\u00e9n ha respaldado\u00a0<strong>al colectivo Erasmus<\/strong>\u00a0dando una beca anual a diferentes estudiantes que viajan al extranjero en su<strong>\u00a0etapa Erasmus\u00a0<\/strong>para que puedan explicar sus vivencias a trav\u00e9s de su\u00a0<a href=\"http:\/\/erasmussinmaletas.com\/\" target=\"_blank\" rel=\"nofollow noopener\"><span style=\"color: #ff6600;\"><strong>blog especializado<\/strong><\/span><\/a><span style=\"color: #ff6600;\"><strong>\u00a0<\/strong><\/span>en este tipo de experiencias.<\/p>\n<p>Para celebrar estos\u00a0<strong>10 a\u00f1os<\/strong>, Sinmaletas ha querido hacerlo de una manera muy especial con este\u00a0<a href=\"https:\/\/www.youtube.com\/watch?v=Jus_enM2zqw\" target=\"_blank\" rel=\"nofollow noopener\"><span style=\"color: #ff6600;\"><strong>conmemorativo v\u00eddeo<\/strong><\/span><\/a>. Adem\u00e1s, ha preparado\u00a0<strong>un sorteo<\/strong>\u00a0para\u00a0<strong>todos los clientes<\/strong>\u00a0que hayan realizado un pedido en Sinmaletas durante estos 10 a\u00f1os y\u00a0<strong>otro sorteo<\/strong>\u00a0entre todos los pedidos recibidos entre el\u00a0<strong>31 de octubre y el 21 de noviembre de 2018<\/strong>.<\/p>\n<p>Por todo ello, quieren\u00a0<strong>dar las gracias<\/strong>\u00a0a todos los clientes, colaboradores y proveedores por haber confiado en ellos durante estos\u00a0<strong>10 fant\u00e1sticos a\u00f1os.<\/strong>\u00a0Y esperan seguir disfrutando de viajar Sinmaletas junto a sus clientes.<\/p>\n","protected":false},"excerpt":{"rendered":"<p>Sinmaletas\u00a0est\u00e1 de cumplea\u00f1os.\u00a0el\u00a031 de octubre de 2018\u00a0cumple su\u00a0d\u00e9cimo aniversarioy lo quiere celebrar con todo el mundo. Son ya\u00a010 a\u00f1os de trayectoria\u00a0recorriendo medio mundo con las maletas de todos los clientes que a lo largo de estos a\u00f1os han decidido confiar en ellos. En total han transportado\u00a0m\u00e1s de 180.000 maletas\u00a0y han ayudado a\u00a0m\u00e1s de 40.000 clientes.<\/p>\n","protected":false},"author":1,"featured_media":95653,"comment_status":"closed","ping_status":"closed","sticky":false,"template":"","format":"standard","meta":{"footnotes":""},"categories":[222],"tags":[],"class_list":{"0":"post-95652","1":"post","2":"type-post","3":"status-publish","4":"format-standard","5":"has-post-thumbnail","7":"category-actualidad-turismo"},"aioseo_notices":[],"aioseo_head":"\n\t\t<!-- All in One SEO Pro 4.9.6.1 - aioseo.com -->\n\t<meta name=\"description\" content=\"Sinmaletas est\u00e1 de cumplea\u00f1os. el 31 de octubre de 2018 cumple su d\u00e9cimo aniversarioy lo quiere celebrar con todo el mundo. Son ya 10 a\u00f1os de trayectoria recorriendo medio mundo con las maletas de todos los clientes que a lo largo de estos a\u00f1os han decidido confiar en ellos. En total han transportado m\u00e1s de 180.000 maletas y han ayudado a m\u00e1s de 40.000 clientes.\" \/>\n\t<meta name=\"robots\" content=\"max-image-preview:large\" \/>\n\t<meta name=\"author\" content=\"admin\"\/>\n\t<meta name=\"google-site-verification\" content=\"UA-38556648-1\" \/>\n\t<meta name=\"keywords\" content=\"actualidad turismo\" \/>\n\t<link rel=\"canonical\" href=\"https:\/\/eldigitaldeasturias.com\/magazine365\/sinmaletas-esta-de-cumpleanos-10-anos\/\" \/>\n\t<meta name=\"generator\" content=\"All in One SEO Pro (AIOSEO) 4.9.6.1\" \/>\n\t\t<meta property=\"og:locale\" content=\"es_ES\" \/>\n\t\t<meta property=\"og:site_name\" content=\"El Digital de Asturias \u2013 Revista de ocio, turismo y estilo de vida\" \/>\n\t\t<meta property=\"og:type\" content=\"article\" \/>\n\t\t<meta property=\"og:title\" content=\"Sinmaletas est\u00e1 de cumplea\u00f1os, 10 a\u00f1os | El Digital de Asturias\" \/>\n\t\t<meta property=\"og:description\" content=\"Sinmaletas est\u00e1 de cumplea\u00f1os. el 31 de octubre de 2018 cumple su d\u00e9cimo aniversarioy lo quiere celebrar con todo el mundo. Son ya 10 a\u00f1os de trayectoria recorriendo medio mundo con las maletas de todos los clientes que a lo largo de estos a\u00f1os han decidido confiar en ellos. En total han transportado m\u00e1s de 180.000 maletas y han ayudado a m\u00e1s de 40.000 clientes.\" \/>\n\t\t<meta property=\"og:url\" content=\"https:\/\/eldigitaldeasturias.com\/magazine365\/sinmaletas-esta-de-cumpleanos-10-anos\/\" \/>\n\t\t<meta property=\"og:image\" content=\"https:\/\/eldigitaldeasturias.com\/magazine365\/wp-content\/uploads\/2018\/11\/1540972051_imagen_sinmaletas_nota_de_prensa.jpg\" \/>\n\t\t<meta property=\"og:image:secure_url\" content=\"https:\/\/eldigitaldeasturias.com\/magazine365\/wp-content\/uploads\/2018\/11\/1540972051_imagen_sinmaletas_nota_de_prensa.jpg\" \/>\n\t\t<meta property=\"og:image:width\" content=\"1024\" \/>\n\t\t<meta property=\"og:image:height\" content=\"768\" \/>\n\t\t<meta property=\"article:published_time\" content=\"2018-11-01T02:15:01+00:00\" \/>\n\t\t<meta property=\"article:modified_time\" content=\"2018-11-01T02:15:01+00:00\" \/>\n\t\t<meta name=\"twitter:card\" content=\"summary_large_image\" \/>\n\t\t<meta name=\"twitter:title\" content=\"Sinmaletas est\u00e1 de cumplea\u00f1os, 10 a\u00f1os | El Digital de Asturias\" \/>\n\t\t<meta name=\"twitter:description\" content=\"Sinmaletas est\u00e1 de cumplea\u00f1os. el 31 de octubre de 2018 cumple su d\u00e9cimo aniversarioy lo quiere celebrar con todo el mundo. Son ya 10 a\u00f1os de trayectoria recorriendo medio mundo con las maletas de todos los clientes que a lo largo de estos a\u00f1os han decidido confiar en ellos. En total han transportado m\u00e1s de 180.000 maletas y han ayudado a m\u00e1s de 40.000 clientes.\" \/>\n\t\t<meta name=\"twitter:image\" content=\"https:\/\/eldigitaldeasturias.com\/magazine365\/wp-content\/uploads\/2018\/11\/1540972051_imagen_sinmaletas_nota_de_prensa.jpg\" \/>\n\t\t<script type=\"application\/ld+json\" class=\"aioseo-schema\">\n\t\t\t{\"@context\":\"https:\\\/\\\/schema.org\",\"@graph\":[{\"@type\":\"Article\",\"@id\":\"https:\\\/\\\/eldigitaldeasturias.com\\\/magazine365\\\/sinmaletas-esta-de-cumpleanos-10-anos\\\/#article\",\"name\":\"Sinmaletas est\\u00e1 de cumplea\\u00f1os, 10 a\\u00f1os | El Digital de Asturias\",\"headline\":\"Sinmaletas est\\u00e1 de cumplea\\u00f1os, 10 a\\u00f1os\",\"author\":{\"@id\":\"https:\\\/\\\/eldigitaldeasturias.com\\\/magazine365\\\/author\\\/admin\\\/#author\"},\"publisher\":{\"@id\":\"https:\\\/\\\/eldigitaldeasturias.com\\\/magazine365\\\/#organization\"},\"image\":{\"@type\":\"ImageObject\",\"url\":\"https:\\\/\\\/eldigitaldeasturias.com\\\/magazine365\\\/wp-content\\\/uploads\\\/2018\\\/11\\\/1540972051_imagen_sinmaletas_nota_de_prensa.jpg\",\"width\":1024,\"height\":768},\"datePublished\":\"2018-11-01T02:15:01+01:00\",\"dateModified\":\"2018-11-01T02:15:01+01:00\",\"inLanguage\":\"es-ES\",\"mainEntityOfPage\":{\"@id\":\"https:\\\/\\\/eldigitaldeasturias.com\\\/magazine365\\\/sinmaletas-esta-de-cumpleanos-10-anos\\\/#webpage\"},\"isPartOf\":{\"@id\":\"https:\\\/\\\/eldigitaldeasturias.com\\\/magazine365\\\/sinmaletas-esta-de-cumpleanos-10-anos\\\/#webpage\"},\"articleSection\":\"Actualidad Turismo\"},{\"@type\":\"BreadcrumbList\",\"@id\":\"https:\\\/\\\/eldigitaldeasturias.com\\\/magazine365\\\/sinmaletas-esta-de-cumpleanos-10-anos\\\/#breadcrumblist\",\"itemListElement\":[{\"@type\":\"ListItem\",\"@id\":\"https:\\\/\\\/eldigitaldeasturias.com\\\/magazine365#listItem\",\"position\":1,\"name\":\"Home\",\"item\":\"https:\\\/\\\/eldigitaldeasturias.com\\\/magazine365\",\"nextItem\":{\"@type\":\"ListItem\",\"@id\":\"https:\\\/\\\/eldigitaldeasturias.com\\\/magazine365\\\/category\\\/actualidad-turismo\\\/#listItem\",\"name\":\"Actualidad Turismo\"}},{\"@type\":\"ListItem\",\"@id\":\"https:\\\/\\\/eldigitaldeasturias.com\\\/magazine365\\\/category\\\/actualidad-turismo\\\/#listItem\",\"position\":2,\"name\":\"Actualidad Turismo\",\"item\":\"https:\\\/\\\/eldigitaldeasturias.com\\\/magazine365\\\/category\\\/actualidad-turismo\\\/\",\"nextItem\":{\"@type\":\"ListItem\",\"@id\":\"https:\\\/\\\/eldigitaldeasturias.com\\\/magazine365\\\/sinmaletas-esta-de-cumpleanos-10-anos\\\/#listItem\",\"name\":\"Sinmaletas est\\u00e1 de cumplea\\u00f1os, 10 a\\u00f1os\"},\"previousItem\":{\"@type\":\"ListItem\",\"@id\":\"https:\\\/\\\/eldigitaldeasturias.com\\\/magazine365#listItem\",\"name\":\"Home\"}},{\"@type\":\"ListItem\",\"@id\":\"https:\\\/\\\/eldigitaldeasturias.com\\\/magazine365\\\/sinmaletas-esta-de-cumpleanos-10-anos\\\/#listItem\",\"position\":3,\"name\":\"Sinmaletas est\\u00e1 de cumplea\\u00f1os, 10 a\\u00f1os\",\"previousItem\":{\"@type\":\"ListItem\",\"@id\":\"https:\\\/\\\/eldigitaldeasturias.com\\\/magazine365\\\/category\\\/actualidad-turismo\\\/#listItem\",\"name\":\"Actualidad Turismo\"}}]},{\"@type\":\"Organization\",\"@id\":\"https:\\\/\\\/eldigitaldeasturias.com\\\/magazine365\\\/#organization\",\"name\":\"El digital de Asturias\",\"description\":\"Revista de ocio, turismo y estilo de vida\",\"url\":\"https:\\\/\\\/eldigitaldeasturias.com\\\/magazine365\\\/\",\"logo\":{\"@type\":\"ImageObject\",\"url\":\"https:\\\/\\\/www.eldigitaldeasturias.com\\\/noticias\\\/wp-content\\\/uploads\\\/2020\\\/12\\\/EDA.jpg\",\"@id\":\"https:\\\/\\\/eldigitaldeasturias.com\\\/magazine365\\\/sinmaletas-esta-de-cumpleanos-10-anos\\\/#organizationLogo\"},\"image\":{\"@id\":\"https:\\\/\\\/eldigitaldeasturias.com\\\/magazine365\\\/sinmaletas-esta-de-cumpleanos-10-anos\\\/#organizationLogo\"}},{\"@type\":\"Person\",\"@id\":\"https:\\\/\\\/eldigitaldeasturias.com\\\/magazine365\\\/author\\\/admin\\\/#author\",\"url\":\"https:\\\/\\\/eldigitaldeasturias.com\\\/magazine365\\\/author\\\/admin\\\/\",\"name\":\"admin\",\"image\":{\"@type\":\"ImageObject\",\"@id\":\"https:\\\/\\\/eldigitaldeasturias.com\\\/magazine365\\\/sinmaletas-esta-de-cumpleanos-10-anos\\\/#authorImage\",\"url\":\"https:\\\/\\\/eldigitaldeasturias.com\\\/magazine365\\\/wp-content\\\/litespeed\\\/avatar\\\/e571bcf59a0edd6fa6838245a470f2fe.jpg?ver=1777574230\",\"width\":96,\"height\":96,\"caption\":\"admin\"}},{\"@type\":\"WebPage\",\"@id\":\"https:\\\/\\\/eldigitaldeasturias.com\\\/magazine365\\\/sinmaletas-esta-de-cumpleanos-10-anos\\\/#webpage\",\"url\":\"https:\\\/\\\/eldigitaldeasturias.com\\\/magazine365\\\/sinmaletas-esta-de-cumpleanos-10-anos\\\/\",\"name\":\"Sinmaletas est\\u00e1 de cumplea\\u00f1os, 10 a\\u00f1os | El Digital de Asturias\",\"description\":\"Sinmaletas est\\u00e1 de cumplea\\u00f1os. el 31 de octubre de 2018 cumple su d\\u00e9cimo aniversarioy lo quiere celebrar con todo el mundo. Son ya 10 a\\u00f1os de trayectoria recorriendo medio mundo con las maletas de todos los clientes que a lo largo de estos a\\u00f1os han decidido confiar en ellos. En total han transportado m\\u00e1s de 180.000 maletas y han ayudado a m\\u00e1s de 40.000 clientes.\",\"inLanguage\":\"es-ES\",\"isPartOf\":{\"@id\":\"https:\\\/\\\/eldigitaldeasturias.com\\\/magazine365\\\/#website\"},\"breadcrumb\":{\"@id\":\"https:\\\/\\\/eldigitaldeasturias.com\\\/magazine365\\\/sinmaletas-esta-de-cumpleanos-10-anos\\\/#breadcrumblist\"},\"author\":{\"@id\":\"https:\\\/\\\/eldigitaldeasturias.com\\\/magazine365\\\/author\\\/admin\\\/#author\"},\"creator\":{\"@id\":\"https:\\\/\\\/eldigitaldeasturias.com\\\/magazine365\\\/author\\\/admin\\\/#author\"},\"image\":{\"@type\":\"ImageObject\",\"url\":\"https:\\\/\\\/eldigitaldeasturias.com\\\/magazine365\\\/wp-content\\\/uploads\\\/2018\\\/11\\\/1540972051_imagen_sinmaletas_nota_de_prensa.jpg\",\"@id\":\"https:\\\/\\\/eldigitaldeasturias.com\\\/magazine365\\\/sinmaletas-esta-de-cumpleanos-10-anos\\\/#mainImage\",\"width\":1024,\"height\":768},\"primaryImageOfPage\":{\"@id\":\"https:\\\/\\\/eldigitaldeasturias.com\\\/magazine365\\\/sinmaletas-esta-de-cumpleanos-10-anos\\\/#mainImage\"},\"datePublished\":\"2018-11-01T02:15:01+01:00\",\"dateModified\":\"2018-11-01T02:15:01+01:00\"},{\"@type\":\"WebSite\",\"@id\":\"https:\\\/\\\/eldigitaldeasturias.com\\\/magazine365\\\/#website\",\"url\":\"https:\\\/\\\/eldigitaldeasturias.com\\\/magazine365\\\/\",\"name\":\"El Digital de Asturias\",\"description\":\"Revista de ocio, turismo y estilo de vida\",\"inLanguage\":\"es-ES\",\"publisher\":{\"@id\":\"https:\\\/\\\/eldigitaldeasturias.com\\\/magazine365\\\/#organization\"}}]}\n\t\t<\/script>\n\t\t<!-- All in One SEO Pro -->\r\n\t\t<title>Sinmaletas est\u00e1 de cumplea\u00f1os, 10 a\u00f1os | El Digital de Asturias<\/title>\n\n","aioseo_head_json":{"title":"Sinmaletas est\u00e1 de cumplea\u00f1os, 10 a\u00f1os | El Digital de Asturias","description":"Sinmaletas est\u00e1 de cumplea\u00f1os. el 31 de octubre de 2018 cumple su d\u00e9cimo aniversarioy lo quiere celebrar con todo el mundo. Son ya 10 a\u00f1os de trayectoria recorriendo medio mundo con las maletas de todos los clientes que a lo largo de estos a\u00f1os han decidido confiar en ellos. En total han transportado m\u00e1s de 180.000 maletas y han ayudado a m\u00e1s de 40.000 clientes.","canonical_url":"https:\/\/eldigitaldeasturias.com\/magazine365\/sinmaletas-esta-de-cumpleanos-10-anos\/","robots":"max-image-preview:large","keywords":"actualidad turismo","webmasterTools":{"google-site-verification":"UA-38556648-1","miscellaneous":""},"schema":{"@context":"https:\/\/schema.org","@graph":[{"@type":"Article","@id":"https:\/\/eldigitaldeasturias.com\/magazine365\/sinmaletas-esta-de-cumpleanos-10-anos\/#article","name":"Sinmaletas est\u00e1 de cumplea\u00f1os, 10 a\u00f1os | El Digital de Asturias","headline":"Sinmaletas est\u00e1 de cumplea\u00f1os, 10 a\u00f1os","author":{"@id":"https:\/\/eldigitaldeasturias.com\/magazine365\/author\/admin\/#author"},"publisher":{"@id":"https:\/\/eldigitaldeasturias.com\/magazine365\/#organization"},"image":{"@type":"ImageObject","url":"https:\/\/eldigitaldeasturias.com\/magazine365\/wp-content\/uploads\/2018\/11\/1540972051_imagen_sinmaletas_nota_de_prensa.jpg","width":1024,"height":768},"datePublished":"2018-11-01T02:15:01+01:00","dateModified":"2018-11-01T02:15:01+01:00","inLanguage":"es-ES","mainEntityOfPage":{"@id":"https:\/\/eldigitaldeasturias.com\/magazine365\/sinmaletas-esta-de-cumpleanos-10-anos\/#webpage"},"isPartOf":{"@id":"https:\/\/eldigitaldeasturias.com\/magazine365\/sinmaletas-esta-de-cumpleanos-10-anos\/#webpage"},"articleSection":"Actualidad Turismo"},{"@type":"BreadcrumbList","@id":"https:\/\/eldigitaldeasturias.com\/magazine365\/sinmaletas-esta-de-cumpleanos-10-anos\/#breadcrumblist","itemListElement":[{"@type":"ListItem","@id":"https:\/\/eldigitaldeasturias.com\/magazine365#listItem","position":1,"name":"Home","item":"https:\/\/eldigitaldeasturias.com\/magazine365","nextItem":{"@type":"ListItem","@id":"https:\/\/eldigitaldeasturias.com\/magazine365\/category\/actualidad-turismo\/#listItem","name":"Actualidad Turismo"}},{"@type":"ListItem","@id":"https:\/\/eldigitaldeasturias.com\/magazine365\/category\/actualidad-turismo\/#listItem","position":2,"name":"Actualidad Turismo","item":"https:\/\/eldigitaldeasturias.com\/magazine365\/category\/actualidad-turismo\/","nextItem":{"@type":"ListItem","@id":"https:\/\/eldigitaldeasturias.com\/magazine365\/sinmaletas-esta-de-cumpleanos-10-anos\/#listItem","name":"Sinmaletas est\u00e1 de cumplea\u00f1os, 10 a\u00f1os"},"previousItem":{"@type":"ListItem","@id":"https:\/\/eldigitaldeasturias.com\/magazine365#listItem","name":"Home"}},{"@type":"ListItem","@id":"https:\/\/eldigitaldeasturias.com\/magazine365\/sinmaletas-esta-de-cumpleanos-10-anos\/#listItem","position":3,"name":"Sinmaletas est\u00e1 de cumplea\u00f1os, 10 a\u00f1os","previousItem":{"@type":"ListItem","@id":"https:\/\/eldigitaldeasturias.com\/magazine365\/category\/actualidad-turismo\/#listItem","name":"Actualidad Turismo"}}]},{"@type":"Organization","@id":"https:\/\/eldigitaldeasturias.com\/magazine365\/#organization","name":"El digital de Asturias","description":"Revista de ocio, turismo y estilo de vida","url":"https:\/\/eldigitaldeasturias.com\/magazine365\/","logo":{"@type":"ImageObject","url":"https:\/\/www.eldigitaldeasturias.com\/noticias\/wp-content\/uploads\/2020\/12\/EDA.jpg","@id":"https:\/\/eldigitaldeasturias.com\/magazine365\/sinmaletas-esta-de-cumpleanos-10-anos\/#organizationLogo"},"image":{"@id":"https:\/\/eldigitaldeasturias.com\/magazine365\/sinmaletas-esta-de-cumpleanos-10-anos\/#organizationLogo"}},{"@type":"Person","@id":"https:\/\/eldigitaldeasturias.com\/magazine365\/author\/admin\/#author","url":"https:\/\/eldigitaldeasturias.com\/magazine365\/author\/admin\/","name":"admin","image":{"@type":"ImageObject","@id":"https:\/\/eldigitaldeasturias.com\/magazine365\/sinmaletas-esta-de-cumpleanos-10-anos\/#authorImage","url":"https:\/\/eldigitaldeasturias.com\/magazine365\/wp-content\/litespeed\/avatar\/e571bcf59a0edd6fa6838245a470f2fe.jpg?ver=1777574230","width":96,"height":96,"caption":"admin"}},{"@type":"WebPage","@id":"https:\/\/eldigitaldeasturias.com\/magazine365\/sinmaletas-esta-de-cumpleanos-10-anos\/#webpage","url":"https:\/\/eldigitaldeasturias.com\/magazine365\/sinmaletas-esta-de-cumpleanos-10-anos\/","name":"Sinmaletas est\u00e1 de cumplea\u00f1os, 10 a\u00f1os | El Digital de Asturias","description":"Sinmaletas est\u00e1 de cumplea\u00f1os. el 31 de octubre de 2018 cumple su d\u00e9cimo aniversarioy lo quiere celebrar con todo el mundo. Son ya 10 a\u00f1os de trayectoria recorriendo medio mundo con las maletas de todos los clientes que a lo largo de estos a\u00f1os han decidido confiar en ellos. En total han transportado m\u00e1s de 180.000 maletas y han ayudado a m\u00e1s de 40.000 clientes.","inLanguage":"es-ES","isPartOf":{"@id":"https:\/\/eldigitaldeasturias.com\/magazine365\/#website"},"breadcrumb":{"@id":"https:\/\/eldigitaldeasturias.com\/magazine365\/sinmaletas-esta-de-cumpleanos-10-anos\/#breadcrumblist"},"author":{"@id":"https:\/\/eldigitaldeasturias.com\/magazine365\/author\/admin\/#author"},"creator":{"@id":"https:\/\/eldigitaldeasturias.com\/magazine365\/author\/admin\/#author"},"image":{"@type":"ImageObject","url":"https:\/\/eldigitaldeasturias.com\/magazine365\/wp-content\/uploads\/2018\/11\/1540972051_imagen_sinmaletas_nota_de_prensa.jpg","@id":"https:\/\/eldigitaldeasturias.com\/magazine365\/sinmaletas-esta-de-cumpleanos-10-anos\/#mainImage","width":1024,"height":768},"primaryImageOfPage":{"@id":"https:\/\/eldigitaldeasturias.com\/magazine365\/sinmaletas-esta-de-cumpleanos-10-anos\/#mainImage"},"datePublished":"2018-11-01T02:15:01+01:00","dateModified":"2018-11-01T02:15:01+01:00"},{"@type":"WebSite","@id":"https:\/\/eldigitaldeasturias.com\/magazine365\/#website","url":"https:\/\/eldigitaldeasturias.com\/magazine365\/","name":"El Digital de Asturias","description":"Revista de ocio, turismo y estilo de vida","inLanguage":"es-ES","publisher":{"@id":"https:\/\/eldigitaldeasturias.com\/magazine365\/#organization"}}]},"og:locale":"es_ES","og:site_name":"El Digital de Asturias \u2013 Revista de ocio, turismo y estilo de vida","og:type":"article","og:title":"Sinmaletas est\u00e1 de cumplea\u00f1os, 10 a\u00f1os | El Digital de Asturias","og:description":"Sinmaletas est\u00e1 de cumplea\u00f1os. el 31 de octubre de 2018 cumple su d\u00e9cimo aniversarioy lo quiere celebrar con todo el mundo. Son ya 10 a\u00f1os de trayectoria recorriendo medio mundo con las maletas de todos los clientes que a lo largo de estos a\u00f1os han decidido confiar en ellos. En total han transportado m\u00e1s de 180.000 maletas y han ayudado a m\u00e1s de 40.000 clientes.","og:url":"https:\/\/eldigitaldeasturias.com\/magazine365\/sinmaletas-esta-de-cumpleanos-10-anos\/","og:image":"https:\/\/eldigitaldeasturias.com\/magazine365\/wp-content\/uploads\/2018\/11\/1540972051_imagen_sinmaletas_nota_de_prensa.jpg","og:image:secure_url":"https:\/\/eldigitaldeasturias.com\/magazine365\/wp-content\/uploads\/2018\/11\/1540972051_imagen_sinmaletas_nota_de_prensa.jpg","og:image:width":1024,"og:image:height":768,"article:published_time":"2018-11-01T02:15:01+00:00","article:modified_time":"2018-11-01T02:15:01+00:00","twitter:card":"summary_large_image","twitter:title":"Sinmaletas est\u00e1 de cumplea\u00f1os, 10 a\u00f1os | El Digital de Asturias","twitter:description":"Sinmaletas est\u00e1 de cumplea\u00f1os. el 31 de octubre de 2018 cumple su d\u00e9cimo aniversarioy lo quiere celebrar con todo el mundo. Son ya 10 a\u00f1os de trayectoria recorriendo medio mundo con las maletas de todos los clientes que a lo largo de estos a\u00f1os han decidido confiar en ellos. En total han transportado m\u00e1s de 180.000 maletas y han ayudado a m\u00e1s de 40.000 clientes.","twitter:image":"https:\/\/eldigitaldeasturias.com\/magazine365\/wp-content\/uploads\/2018\/11\/1540972051_imagen_sinmaletas_nota_de_prensa.jpg"},"aioseo_meta_data":{"post_id":"95652","title":null,"description":null,"keywords":null,"keyphrases":null,"primary_term":null,"canonical_url":null,"og_title":null,"og_description":null,"og_object_type":"default","og_image_type":"default","og_image_url":null,"og_image_width":null,"og_image_height":null,"og_image_custom_url":null,"og_image_custom_fields":null,"og_video":null,"og_custom_url":null,"og_article_section":null,"og_article_tags":null,"twitter_use_og":false,"twitter_card":"default","twitter_image_type":"default","twitter_image_url":null,"twitter_image_custom_url":null,"twitter_image_custom_fields":null,"twitter_title":null,"twitter_description":null,"schema":{"blockGraphs":[],"customGraphs":[],"default":{"data":{"Article":[],"Course":[],"Dataset":[],"FAQPage":[],"Movie":[],"Person":[],"Product":[],"ProductReview":[],"Car":[],"Recipe":[],"Service":[],"SoftwareApplication":[],"WebPage":[]},"graphName":"","isEnabled":true},"graphs":[],"defaultGraph":"","defaultPostTypeGraph":""},"schema_type":null,"schema_type_options":null,"pillar_content":false,"robots_default":true,"robots_noindex":false,"robots_noarchive":false,"robots_nosnippet":false,"robots_nofollow":false,"robots_noimageindex":false,"robots_noodp":false,"robots_notranslate":false,"robots_max_snippet":null,"robots_max_videopreview":null,"robots_max_imagepreview":"large","priority":null,"frequency":null,"location":null,"local_seo":null,"seo_analyzer_scan_date":"2025-09-29 02:51:07","breadcrumb_settings":null,"limit_modified_date":false,"open_ai":null,"ai":null,"created":"2020-12-21 13:51:32","updated":"2025-09-29 02:51:07"},"aioseo_breadcrumb":"<div class=\"aioseo-breadcrumbs\"><span class=\"aioseo-breadcrumb\">\n\t<a href=\"https:\/\/eldigitaldeasturias.com\/magazine365\" title=\"Home\">Home<\/a>\n<\/span><span class=\"aioseo-breadcrumb-separator\">\u2013<\/span><span class=\"aioseo-breadcrumb\">\n\t<a href=\"https:\/\/eldigitaldeasturias.com\/magazine365\/category\/actualidad-turismo\/\" title=\"Actualidad Turismo\">Actualidad Turismo<\/a>\n<\/span><span class=\"aioseo-breadcrumb-separator\">\u2013<\/span><span class=\"aioseo-breadcrumb\">\n\t<a href=\"https:\/\/eldigitaldeasturias.com\/magazine365\/sinmaletas-esta-de-cumpleanos-10-anos\/\" title=\"Sinmaletas est\u00e1 de cumplea\u00f1os, 10 a\u00f1os\">Sinmaletas est\u00e1 de cumplea\u00f1os, 10 a\u00f1os<\/a>\n<\/span><\/div>","aioseo_breadcrumb_json":[{"label":"Home","link":"https:\/\/eldigitaldeasturias.com\/magazine365"},{"label":"Actualidad Turismo","link":"https:\/\/eldigitaldeasturias.com\/magazine365\/category\/actualidad-turismo\/"},{"label":"Sinmaletas est\u00e1 de cumplea\u00f1os, 10 a\u00f1os","link":"https:\/\/eldigitaldeasturias.com\/magazine365\/sinmaletas-esta-de-cumpleanos-10-anos\/"}],"_links":{"self":[{"href":"https:\/\/eldigitaldeasturias.com\/magazine365\/wp-json\/wp\/v2\/posts\/95652","targetHints":{"allow":["GET"]}}],"collection":[{"href":"https:\/\/eldigitaldeasturias.com\/magazine365\/wp-json\/wp\/v2\/posts"}],"about":[{"href":"https:\/\/eldigitaldeasturias.com\/magazine365\/wp-json\/wp\/v2\/types\/post"}],"author":[{"embeddable":true,"href":"https:\/\/eldigitaldeasturias.com\/magazine365\/wp-json\/wp\/v2\/users\/1"}],"replies":[{"embeddable":true,"href":"https:\/\/eldigitaldeasturias.com\/magazine365\/wp-json\/wp\/v2\/comments?post=95652"}],"version-history":[{"count":0,"href":"https:\/\/eldigitaldeasturias.com\/magazine365\/wp-json\/wp\/v2\/posts\/95652\/revisions"}],"wp:featuredmedia":[{"embeddable":true,"href":"https:\/\/eldigitaldeasturias.com\/magazine365\/wp-json\/wp\/v2\/media\/95653"}],"wp:attachment":[{"href":"https:\/\/eldigitaldeasturias.com\/magazine365\/wp-json\/wp\/v2\/media?parent=95652"}],"wp:term":[{"taxonomy":"category","embeddable":true,"href":"https:\/\/eldigitaldeasturias.com\/magazine365\/wp-json\/wp\/v2\/categories?post=95652"},{"taxonomy":"post_tag","embeddable":true,"href":"https:\/\/eldigitaldeasturias.com\/magazine365\/wp-json\/wp\/v2\/tags?post=95652"}],"curies":[{"name":"wp","href":"https:\/\/api.w.org\/{rel}","templated":true}]}}