{"id":95569,"date":"2018-10-30T15:30:58","date_gmt":"2018-10-30T15:30:58","guid":{"rendered":"http:\/\/www.eldigitaldeasturias.com\/magazine365\/?p=95569"},"modified":"2018-10-30T15:30:58","modified_gmt":"2018-10-30T15:30:58","slug":"otonada-2018-en-el-valle-del-jerte","status":"publish","type":"post","link":"https:\/\/eldigitaldeasturias.com\/magazine365\/otonada-2018-en-el-valle-del-jerte\/","title":{"rendered":"Oto\u00f1ada 2018 en el Valle del Jerte"},"content":{"rendered":"<p><img fetchpriority=\"high\" decoding=\"async\" class=\"alignleft size-medium wp-image-95570\" src=\"http:\/\/www.eldigitaldeasturias.com\/magazine365\/wp-content\/uploads\/2018\/10\/Fiesta-caida-hoja-cabezuela-360x240.jpg\" alt=\"\" width=\"360\" height=\"240\" srcset=\"https:\/\/eldigitaldeasturias.com\/magazine365\/wp-content\/uploads\/2018\/10\/Fiesta-caida-hoja-cabezuela-360x240.jpg 360w, https:\/\/eldigitaldeasturias.com\/magazine365\/wp-content\/uploads\/2018\/10\/Fiesta-caida-hoja-cabezuela-650x433.jpg 650w, https:\/\/eldigitaldeasturias.com\/magazine365\/wp-content\/uploads\/2018\/10\/Fiesta-caida-hoja-cabezuela-768x512.jpg 768w, https:\/\/eldigitaldeasturias.com\/magazine365\/wp-content\/uploads\/2018\/10\/Fiesta-caida-hoja-cabezuela-150x100.jpg 150w, https:\/\/eldigitaldeasturias.com\/magazine365\/wp-content\/uploads\/2018\/10\/Fiesta-caida-hoja-cabezuela-450x300.jpg 450w, https:\/\/eldigitaldeasturias.com\/magazine365\/wp-content\/uploads\/2018\/10\/Fiesta-caida-hoja-cabezuela-696x464.jpg 696w, https:\/\/eldigitaldeasturias.com\/magazine365\/wp-content\/uploads\/2018\/10\/Fiesta-caida-hoja-cabezuela-1068x712.jpg 1068w, https:\/\/eldigitaldeasturias.com\/magazine365\/wp-content\/uploads\/2018\/10\/Fiesta-caida-hoja-cabezuela-630x420.jpg 630w, https:\/\/eldigitaldeasturias.com\/magazine365\/wp-content\/uploads\/2018\/10\/Fiesta-caida-hoja-cabezuela.jpg 1200w\" sizes=\"(max-width: 360px) 100vw, 360px\" \/>Cada a\u00f1o cuando el oto\u00f1o llega al Valle del Jerte el espect\u00e1culo natural se desata. La comarca se cubre de una p\u00e1tina multicolor semejante a un lienzo impresionista: ocres, rojos, amarillos y verdes tapizan un paisaje de ensue\u00f1o.<\/p>\n<p>La situaci\u00f3n geogr\u00e1fica y su morfolog\u00eda hacen del Valle del Jerte un rinc\u00f3n con un microclima id\u00f3neo para que la naturaleza se muestre en todo su esplendor en cada una de las estaciones del a\u00f1o, siendo estas muy marcadas y de una belleza y riqueza poco frecuentes. Las condiciones clim\u00e1ticas, la flora, fauna y la variedad paisaj\u00edstica hacen de este Valle un lugar especial para disfrutar de los encantos del oto\u00f1o o como se llama por estas tierras: la \u00abOTO\u00d1ADA\u00bb.<\/p>\n<p>La comarca organiza cada a\u00f1o un completo programa de actividades para habitantes y viajeros denominado la \u201cOto\u00f1ada\u201d. Propuestas culturales y festivas: deporte, m\u00fasica, teatro, exposiciones, gastronom\u00eda etc. Este programa tiene lugar entre los meses de octubre y diciembre en los 11 pueblos del Valle. Alguna de las citas imprescindibles son la Fiesta de la Ca\u00edda de la Hoja, la To\u00f1\u00e1 Piornalega, las Jornadas Micol\u00f3gicas del Valle del Jerte, el Mercado Imperial o las citas deportivas, tanto rutas senderistas como marchas BTT.<\/p>\n<p>Una programaci\u00f3n que invita a los visitantes a descubrir \u201cla otra cara de los cerezos\u201d, y a vivir experiencias inolvidables.<\/p>\n<p><strong>\u00bfA qu\u00e9 sabe el oto\u00f1o? XIII Jornadas Gastron\u00f3micas Pastoriles<\/strong><\/p>\n<p>En esta \u00e9poca es imprescindible conocer la gastronom\u00eda del Valle, de marcado car\u00e1cter pastoril. Durante la Oto\u00f1ada tienen lugar las \u201cJornadas Gastron\u00f3micas Pastoriles\u201d, en las que participan los mejores restaurantes de la comarca ofertando men\u00fas preparados con productos de temporada de la zona. Sopas canas y de tomate, migas, caldereta de cordero o de cabrito, platos elaborados con frutos secos y setas de todo tipo son algunas de las delicias que pueden disfrutarse. Las XIII Jornadas Gastron\u00f3micas Pastoriles se dedican este a\u00f1o a la casta\u00f1a, ya que los men\u00fas a precio cerrado incluyen en la elaboraci\u00f3n de alguno de sus platos este fruto del oto\u00f1o.<\/p>\n<p><strong>Fiesta de la Ca\u00edda de la Hoja, primer gran evento de la programaci\u00f3n<\/strong><\/p>\n<p>La Oto\u00f1ada arranca ya con uno de los eventos m\u00e1s importantes y multitudinarios. \u201dLa Ca\u00edda de la Hoja\u201d el pr\u00f3ximo d\u00eda 3 de noviembre en Cabezuela del Valle, una consagrada propuesta dirigida a dar la bienvenida a la llegada del oto\u00f1o con la realizaci\u00f3n de mercado tradicional, animaci\u00f3n de calle, muestra y degustaci\u00f3n de productos t\u00edpicos, ensalce de los frutos de OTO\u00d1O con una gran calbotada, actuaci\u00f3n de m\u00fasica folk dirigida a la puesta en valor del folclore tradicional\u2026<\/p>\n","protected":false},"excerpt":{"rendered":"<p>Cada a\u00f1o cuando el oto\u00f1o llega al Valle del Jerte el espect\u00e1culo natural se desata. La comarca se cubre de una p\u00e1tina multicolor semejante a un lienzo impresionista: ocres, rojos, amarillos y verdes tapizan un paisaje de ensue\u00f1o. La situaci\u00f3n geogr\u00e1fica y su morfolog\u00eda hacen del Valle del Jerte un rinc\u00f3n con un microclima id\u00f3neo<\/p>\n","protected":false},"author":1,"featured_media":95570,"comment_status":"closed","ping_status":"closed","sticky":false,"template":"","format":"standard","meta":{"footnotes":""},"categories":[222],"tags":[],"class_list":{"0":"post-95569","1":"post","2":"type-post","3":"status-publish","4":"format-standard","5":"has-post-thumbnail","7":"category-actualidad-turismo"},"aioseo_notices":[],"aioseo_head":"\n\t\t<!-- All in One SEO Pro 4.9.6.1 - aioseo.com -->\n\t<meta name=\"description\" content=\"Cada a\u00f1o cuando el oto\u00f1o llega al Valle del Jerte el espect\u00e1culo natural se desata. La comarca se cubre de una p\u00e1tina multicolor semejante a un lienzo impresionista: ocres, rojos, amarillos y verdes tapizan un paisaje de ensue\u00f1o. La situaci\u00f3n geogr\u00e1fica y su morfolog\u00eda hacen del Valle del Jerte un rinc\u00f3n con un microclima id\u00f3neo\" \/>\n\t<meta name=\"robots\" content=\"max-image-preview:large\" \/>\n\t<meta name=\"author\" content=\"admin\"\/>\n\t<meta name=\"google-site-verification\" content=\"UA-38556648-1\" \/>\n\t<meta name=\"keywords\" content=\"actualidad turismo\" \/>\n\t<link rel=\"canonical\" href=\"https:\/\/eldigitaldeasturias.com\/magazine365\/otonada-2018-en-el-valle-del-jerte\/\" \/>\n\t<meta name=\"generator\" content=\"All in One SEO Pro (AIOSEO) 4.9.6.1\" \/>\n\t\t<meta property=\"og:locale\" content=\"es_ES\" \/>\n\t\t<meta property=\"og:site_name\" content=\"El Digital de Asturias \u2013 Revista de ocio, turismo y estilo de vida\" \/>\n\t\t<meta property=\"og:type\" content=\"article\" \/>\n\t\t<meta property=\"og:title\" content=\"Oto\u00f1ada 2018 en el Valle del Jerte | El Digital de Asturias\" \/>\n\t\t<meta property=\"og:description\" content=\"Cada a\u00f1o cuando el oto\u00f1o llega al Valle del Jerte el espect\u00e1culo natural se desata. La comarca se cubre de una p\u00e1tina multicolor semejante a un lienzo impresionista: ocres, rojos, amarillos y verdes tapizan un paisaje de ensue\u00f1o. La situaci\u00f3n geogr\u00e1fica y su morfolog\u00eda hacen del Valle del Jerte un rinc\u00f3n con un microclima id\u00f3neo\" \/>\n\t\t<meta property=\"og:url\" content=\"https:\/\/eldigitaldeasturias.com\/magazine365\/otonada-2018-en-el-valle-del-jerte\/\" \/>\n\t\t<meta property=\"og:image\" content=\"https:\/\/eldigitaldeasturias.com\/magazine365\/wp-content\/uploads\/2018\/10\/Fiesta-caida-hoja-cabezuela.jpg\" \/>\n\t\t<meta property=\"og:image:secure_url\" content=\"https:\/\/eldigitaldeasturias.com\/magazine365\/wp-content\/uploads\/2018\/10\/Fiesta-caida-hoja-cabezuela.jpg\" \/>\n\t\t<meta property=\"og:image:width\" content=\"1200\" \/>\n\t\t<meta property=\"og:image:height\" content=\"800\" \/>\n\t\t<meta property=\"article:published_time\" content=\"2018-10-30T15:30:58+00:00\" \/>\n\t\t<meta property=\"article:modified_time\" content=\"2018-10-30T15:30:58+00:00\" \/>\n\t\t<meta name=\"twitter:card\" content=\"summary_large_image\" \/>\n\t\t<meta name=\"twitter:title\" content=\"Oto\u00f1ada 2018 en el Valle del Jerte | El Digital de Asturias\" \/>\n\t\t<meta name=\"twitter:description\" content=\"Cada a\u00f1o cuando el oto\u00f1o llega al Valle del Jerte el espect\u00e1culo natural se desata. La comarca se cubre de una p\u00e1tina multicolor semejante a un lienzo impresionista: ocres, rojos, amarillos y verdes tapizan un paisaje de ensue\u00f1o. La situaci\u00f3n geogr\u00e1fica y su morfolog\u00eda hacen del Valle del Jerte un rinc\u00f3n con un microclima id\u00f3neo\" \/>\n\t\t<meta name=\"twitter:image\" content=\"https:\/\/eldigitaldeasturias.com\/magazine365\/wp-content\/uploads\/2018\/10\/Fiesta-caida-hoja-cabezuela.jpg\" \/>\n\t\t<script type=\"application\/ld+json\" class=\"aioseo-schema\">\n\t\t\t{\"@context\":\"https:\\\/\\\/schema.org\",\"@graph\":[{\"@type\":\"Article\",\"@id\":\"https:\\\/\\\/eldigitaldeasturias.com\\\/magazine365\\\/otonada-2018-en-el-valle-del-jerte\\\/#article\",\"name\":\"Oto\\u00f1ada 2018 en el Valle del Jerte | El Digital de Asturias\",\"headline\":\"Oto\\u00f1ada 2018 en el Valle del Jerte\",\"author\":{\"@id\":\"https:\\\/\\\/eldigitaldeasturias.com\\\/magazine365\\\/author\\\/admin\\\/#author\"},\"publisher\":{\"@id\":\"https:\\\/\\\/eldigitaldeasturias.com\\\/magazine365\\\/#organization\"},\"image\":{\"@type\":\"ImageObject\",\"url\":\"https:\\\/\\\/eldigitaldeasturias.com\\\/magazine365\\\/wp-content\\\/uploads\\\/2018\\\/10\\\/Fiesta-caida-hoja-cabezuela.jpg\",\"width\":1200,\"height\":800},\"datePublished\":\"2018-10-30T15:30:58+01:00\",\"dateModified\":\"2018-10-30T15:30:58+01:00\",\"inLanguage\":\"es-ES\",\"mainEntityOfPage\":{\"@id\":\"https:\\\/\\\/eldigitaldeasturias.com\\\/magazine365\\\/otonada-2018-en-el-valle-del-jerte\\\/#webpage\"},\"isPartOf\":{\"@id\":\"https:\\\/\\\/eldigitaldeasturias.com\\\/magazine365\\\/otonada-2018-en-el-valle-del-jerte\\\/#webpage\"},\"articleSection\":\"Actualidad Turismo\"},{\"@type\":\"BreadcrumbList\",\"@id\":\"https:\\\/\\\/eldigitaldeasturias.com\\\/magazine365\\\/otonada-2018-en-el-valle-del-jerte\\\/#breadcrumblist\",\"itemListElement\":[{\"@type\":\"ListItem\",\"@id\":\"https:\\\/\\\/eldigitaldeasturias.com\\\/magazine365#listItem\",\"position\":1,\"name\":\"Home\",\"item\":\"https:\\\/\\\/eldigitaldeasturias.com\\\/magazine365\",\"nextItem\":{\"@type\":\"ListItem\",\"@id\":\"https:\\\/\\\/eldigitaldeasturias.com\\\/magazine365\\\/category\\\/actualidad-turismo\\\/#listItem\",\"name\":\"Actualidad Turismo\"}},{\"@type\":\"ListItem\",\"@id\":\"https:\\\/\\\/eldigitaldeasturias.com\\\/magazine365\\\/category\\\/actualidad-turismo\\\/#listItem\",\"position\":2,\"name\":\"Actualidad Turismo\",\"item\":\"https:\\\/\\\/eldigitaldeasturias.com\\\/magazine365\\\/category\\\/actualidad-turismo\\\/\",\"nextItem\":{\"@type\":\"ListItem\",\"@id\":\"https:\\\/\\\/eldigitaldeasturias.com\\\/magazine365\\\/otonada-2018-en-el-valle-del-jerte\\\/#listItem\",\"name\":\"Oto\\u00f1ada 2018 en el Valle del Jerte\"},\"previousItem\":{\"@type\":\"ListItem\",\"@id\":\"https:\\\/\\\/eldigitaldeasturias.com\\\/magazine365#listItem\",\"name\":\"Home\"}},{\"@type\":\"ListItem\",\"@id\":\"https:\\\/\\\/eldigitaldeasturias.com\\\/magazine365\\\/otonada-2018-en-el-valle-del-jerte\\\/#listItem\",\"position\":3,\"name\":\"Oto\\u00f1ada 2018 en el Valle del Jerte\",\"previousItem\":{\"@type\":\"ListItem\",\"@id\":\"https:\\\/\\\/eldigitaldeasturias.com\\\/magazine365\\\/category\\\/actualidad-turismo\\\/#listItem\",\"name\":\"Actualidad Turismo\"}}]},{\"@type\":\"Organization\",\"@id\":\"https:\\\/\\\/eldigitaldeasturias.com\\\/magazine365\\\/#organization\",\"name\":\"El digital de Asturias\",\"description\":\"Revista de ocio, turismo y estilo de vida\",\"url\":\"https:\\\/\\\/eldigitaldeasturias.com\\\/magazine365\\\/\",\"logo\":{\"@type\":\"ImageObject\",\"url\":\"https:\\\/\\\/www.eldigitaldeasturias.com\\\/noticias\\\/wp-content\\\/uploads\\\/2020\\\/12\\\/EDA.jpg\",\"@id\":\"https:\\\/\\\/eldigitaldeasturias.com\\\/magazine365\\\/otonada-2018-en-el-valle-del-jerte\\\/#organizationLogo\"},\"image\":{\"@id\":\"https:\\\/\\\/eldigitaldeasturias.com\\\/magazine365\\\/otonada-2018-en-el-valle-del-jerte\\\/#organizationLogo\"}},{\"@type\":\"Person\",\"@id\":\"https:\\\/\\\/eldigitaldeasturias.com\\\/magazine365\\\/author\\\/admin\\\/#author\",\"url\":\"https:\\\/\\\/eldigitaldeasturias.com\\\/magazine365\\\/author\\\/admin\\\/\",\"name\":\"admin\",\"image\":{\"@type\":\"ImageObject\",\"@id\":\"https:\\\/\\\/eldigitaldeasturias.com\\\/magazine365\\\/otonada-2018-en-el-valle-del-jerte\\\/#authorImage\",\"url\":\"https:\\\/\\\/eldigitaldeasturias.com\\\/magazine365\\\/wp-content\\\/litespeed\\\/avatar\\\/e571bcf59a0edd6fa6838245a470f2fe.jpg?ver=1777574230\",\"width\":96,\"height\":96,\"caption\":\"admin\"}},{\"@type\":\"WebPage\",\"@id\":\"https:\\\/\\\/eldigitaldeasturias.com\\\/magazine365\\\/otonada-2018-en-el-valle-del-jerte\\\/#webpage\",\"url\":\"https:\\\/\\\/eldigitaldeasturias.com\\\/magazine365\\\/otonada-2018-en-el-valle-del-jerte\\\/\",\"name\":\"Oto\\u00f1ada 2018 en el Valle del Jerte | El Digital de Asturias\",\"description\":\"Cada a\\u00f1o cuando el oto\\u00f1o llega al Valle del Jerte el espect\\u00e1culo natural se desata. La comarca se cubre de una p\\u00e1tina multicolor semejante a un lienzo impresionista: ocres, rojos, amarillos y verdes tapizan un paisaje de ensue\\u00f1o. La situaci\\u00f3n geogr\\u00e1fica y su morfolog\\u00eda hacen del Valle del Jerte un rinc\\u00f3n con un microclima id\\u00f3neo\",\"inLanguage\":\"es-ES\",\"isPartOf\":{\"@id\":\"https:\\\/\\\/eldigitaldeasturias.com\\\/magazine365\\\/#website\"},\"breadcrumb\":{\"@id\":\"https:\\\/\\\/eldigitaldeasturias.com\\\/magazine365\\\/otonada-2018-en-el-valle-del-jerte\\\/#breadcrumblist\"},\"author\":{\"@id\":\"https:\\\/\\\/eldigitaldeasturias.com\\\/magazine365\\\/author\\\/admin\\\/#author\"},\"creator\":{\"@id\":\"https:\\\/\\\/eldigitaldeasturias.com\\\/magazine365\\\/author\\\/admin\\\/#author\"},\"image\":{\"@type\":\"ImageObject\",\"url\":\"https:\\\/\\\/eldigitaldeasturias.com\\\/magazine365\\\/wp-content\\\/uploads\\\/2018\\\/10\\\/Fiesta-caida-hoja-cabezuela.jpg\",\"@id\":\"https:\\\/\\\/eldigitaldeasturias.com\\\/magazine365\\\/otonada-2018-en-el-valle-del-jerte\\\/#mainImage\",\"width\":1200,\"height\":800},\"primaryImageOfPage\":{\"@id\":\"https:\\\/\\\/eldigitaldeasturias.com\\\/magazine365\\\/otonada-2018-en-el-valle-del-jerte\\\/#mainImage\"},\"datePublished\":\"2018-10-30T15:30:58+01:00\",\"dateModified\":\"2018-10-30T15:30:58+01:00\"},{\"@type\":\"WebSite\",\"@id\":\"https:\\\/\\\/eldigitaldeasturias.com\\\/magazine365\\\/#website\",\"url\":\"https:\\\/\\\/eldigitaldeasturias.com\\\/magazine365\\\/\",\"name\":\"El Digital de Asturias\",\"description\":\"Revista de ocio, turismo y estilo de vida\",\"inLanguage\":\"es-ES\",\"publisher\":{\"@id\":\"https:\\\/\\\/eldigitaldeasturias.com\\\/magazine365\\\/#organization\"}}]}\n\t\t<\/script>\n\t\t<!-- All in One SEO Pro -->\r\n\t\t<title>Oto\u00f1ada 2018 en el Valle del Jerte | El Digital de Asturias<\/title>\n\n","aioseo_head_json":{"title":"Oto\u00f1ada 2018 en el Valle del Jerte | El Digital de Asturias","description":"Cada a\u00f1o cuando el oto\u00f1o llega al Valle del Jerte el espect\u00e1culo natural se desata. La comarca se cubre de una p\u00e1tina multicolor semejante a un lienzo impresionista: ocres, rojos, amarillos y verdes tapizan un paisaje de ensue\u00f1o. La situaci\u00f3n geogr\u00e1fica y su morfolog\u00eda hacen del Valle del Jerte un rinc\u00f3n con un microclima id\u00f3neo","canonical_url":"https:\/\/eldigitaldeasturias.com\/magazine365\/otonada-2018-en-el-valle-del-jerte\/","robots":"max-image-preview:large","keywords":"actualidad turismo","webmasterTools":{"google-site-verification":"UA-38556648-1","miscellaneous":""},"schema":{"@context":"https:\/\/schema.org","@graph":[{"@type":"Article","@id":"https:\/\/eldigitaldeasturias.com\/magazine365\/otonada-2018-en-el-valle-del-jerte\/#article","name":"Oto\u00f1ada 2018 en el Valle del Jerte | El Digital de Asturias","headline":"Oto\u00f1ada 2018 en el Valle del Jerte","author":{"@id":"https:\/\/eldigitaldeasturias.com\/magazine365\/author\/admin\/#author"},"publisher":{"@id":"https:\/\/eldigitaldeasturias.com\/magazine365\/#organization"},"image":{"@type":"ImageObject","url":"https:\/\/eldigitaldeasturias.com\/magazine365\/wp-content\/uploads\/2018\/10\/Fiesta-caida-hoja-cabezuela.jpg","width":1200,"height":800},"datePublished":"2018-10-30T15:30:58+01:00","dateModified":"2018-10-30T15:30:58+01:00","inLanguage":"es-ES","mainEntityOfPage":{"@id":"https:\/\/eldigitaldeasturias.com\/magazine365\/otonada-2018-en-el-valle-del-jerte\/#webpage"},"isPartOf":{"@id":"https:\/\/eldigitaldeasturias.com\/magazine365\/otonada-2018-en-el-valle-del-jerte\/#webpage"},"articleSection":"Actualidad Turismo"},{"@type":"BreadcrumbList","@id":"https:\/\/eldigitaldeasturias.com\/magazine365\/otonada-2018-en-el-valle-del-jerte\/#breadcrumblist","itemListElement":[{"@type":"ListItem","@id":"https:\/\/eldigitaldeasturias.com\/magazine365#listItem","position":1,"name":"Home","item":"https:\/\/eldigitaldeasturias.com\/magazine365","nextItem":{"@type":"ListItem","@id":"https:\/\/eldigitaldeasturias.com\/magazine365\/category\/actualidad-turismo\/#listItem","name":"Actualidad Turismo"}},{"@type":"ListItem","@id":"https:\/\/eldigitaldeasturias.com\/magazine365\/category\/actualidad-turismo\/#listItem","position":2,"name":"Actualidad Turismo","item":"https:\/\/eldigitaldeasturias.com\/magazine365\/category\/actualidad-turismo\/","nextItem":{"@type":"ListItem","@id":"https:\/\/eldigitaldeasturias.com\/magazine365\/otonada-2018-en-el-valle-del-jerte\/#listItem","name":"Oto\u00f1ada 2018 en el Valle del Jerte"},"previousItem":{"@type":"ListItem","@id":"https:\/\/eldigitaldeasturias.com\/magazine365#listItem","name":"Home"}},{"@type":"ListItem","@id":"https:\/\/eldigitaldeasturias.com\/magazine365\/otonada-2018-en-el-valle-del-jerte\/#listItem","position":3,"name":"Oto\u00f1ada 2018 en el Valle del Jerte","previousItem":{"@type":"ListItem","@id":"https:\/\/eldigitaldeasturias.com\/magazine365\/category\/actualidad-turismo\/#listItem","name":"Actualidad Turismo"}}]},{"@type":"Organization","@id":"https:\/\/eldigitaldeasturias.com\/magazine365\/#organization","name":"El digital de Asturias","description":"Revista de ocio, turismo y estilo de vida","url":"https:\/\/eldigitaldeasturias.com\/magazine365\/","logo":{"@type":"ImageObject","url":"https:\/\/www.eldigitaldeasturias.com\/noticias\/wp-content\/uploads\/2020\/12\/EDA.jpg","@id":"https:\/\/eldigitaldeasturias.com\/magazine365\/otonada-2018-en-el-valle-del-jerte\/#organizationLogo"},"image":{"@id":"https:\/\/eldigitaldeasturias.com\/magazine365\/otonada-2018-en-el-valle-del-jerte\/#organizationLogo"}},{"@type":"Person","@id":"https:\/\/eldigitaldeasturias.com\/magazine365\/author\/admin\/#author","url":"https:\/\/eldigitaldeasturias.com\/magazine365\/author\/admin\/","name":"admin","image":{"@type":"ImageObject","@id":"https:\/\/eldigitaldeasturias.com\/magazine365\/otonada-2018-en-el-valle-del-jerte\/#authorImage","url":"https:\/\/eldigitaldeasturias.com\/magazine365\/wp-content\/litespeed\/avatar\/e571bcf59a0edd6fa6838245a470f2fe.jpg?ver=1777574230","width":96,"height":96,"caption":"admin"}},{"@type":"WebPage","@id":"https:\/\/eldigitaldeasturias.com\/magazine365\/otonada-2018-en-el-valle-del-jerte\/#webpage","url":"https:\/\/eldigitaldeasturias.com\/magazine365\/otonada-2018-en-el-valle-del-jerte\/","name":"Oto\u00f1ada 2018 en el Valle del Jerte | El Digital de Asturias","description":"Cada a\u00f1o cuando el oto\u00f1o llega al Valle del Jerte el espect\u00e1culo natural se desata. La comarca se cubre de una p\u00e1tina multicolor semejante a un lienzo impresionista: ocres, rojos, amarillos y verdes tapizan un paisaje de ensue\u00f1o. La situaci\u00f3n geogr\u00e1fica y su morfolog\u00eda hacen del Valle del Jerte un rinc\u00f3n con un microclima id\u00f3neo","inLanguage":"es-ES","isPartOf":{"@id":"https:\/\/eldigitaldeasturias.com\/magazine365\/#website"},"breadcrumb":{"@id":"https:\/\/eldigitaldeasturias.com\/magazine365\/otonada-2018-en-el-valle-del-jerte\/#breadcrumblist"},"author":{"@id":"https:\/\/eldigitaldeasturias.com\/magazine365\/author\/admin\/#author"},"creator":{"@id":"https:\/\/eldigitaldeasturias.com\/magazine365\/author\/admin\/#author"},"image":{"@type":"ImageObject","url":"https:\/\/eldigitaldeasturias.com\/magazine365\/wp-content\/uploads\/2018\/10\/Fiesta-caida-hoja-cabezuela.jpg","@id":"https:\/\/eldigitaldeasturias.com\/magazine365\/otonada-2018-en-el-valle-del-jerte\/#mainImage","width":1200,"height":800},"primaryImageOfPage":{"@id":"https:\/\/eldigitaldeasturias.com\/magazine365\/otonada-2018-en-el-valle-del-jerte\/#mainImage"},"datePublished":"2018-10-30T15:30:58+01:00","dateModified":"2018-10-30T15:30:58+01:00"},{"@type":"WebSite","@id":"https:\/\/eldigitaldeasturias.com\/magazine365\/#website","url":"https:\/\/eldigitaldeasturias.com\/magazine365\/","name":"El Digital de Asturias","description":"Revista de ocio, turismo y estilo de vida","inLanguage":"es-ES","publisher":{"@id":"https:\/\/eldigitaldeasturias.com\/magazine365\/#organization"}}]},"og:locale":"es_ES","og:site_name":"El Digital de Asturias \u2013 Revista de ocio, turismo y estilo de vida","og:type":"article","og:title":"Oto\u00f1ada 2018 en el Valle del Jerte | El Digital de Asturias","og:description":"Cada a\u00f1o cuando el oto\u00f1o llega al Valle del Jerte el espect\u00e1culo natural se desata. La comarca se cubre de una p\u00e1tina multicolor semejante a un lienzo impresionista: ocres, rojos, amarillos y verdes tapizan un paisaje de ensue\u00f1o. La situaci\u00f3n geogr\u00e1fica y su morfolog\u00eda hacen del Valle del Jerte un rinc\u00f3n con un microclima id\u00f3neo","og:url":"https:\/\/eldigitaldeasturias.com\/magazine365\/otonada-2018-en-el-valle-del-jerte\/","og:image":"https:\/\/eldigitaldeasturias.com\/magazine365\/wp-content\/uploads\/2018\/10\/Fiesta-caida-hoja-cabezuela.jpg","og:image:secure_url":"https:\/\/eldigitaldeasturias.com\/magazine365\/wp-content\/uploads\/2018\/10\/Fiesta-caida-hoja-cabezuela.jpg","og:image:width":1200,"og:image:height":800,"article:published_time":"2018-10-30T15:30:58+00:00","article:modified_time":"2018-10-30T15:30:58+00:00","twitter:card":"summary_large_image","twitter:title":"Oto\u00f1ada 2018 en el Valle del Jerte | El Digital de Asturias","twitter:description":"Cada a\u00f1o cuando el oto\u00f1o llega al Valle del Jerte el espect\u00e1culo natural se desata. La comarca se cubre de una p\u00e1tina multicolor semejante a un lienzo impresionista: ocres, rojos, amarillos y verdes tapizan un paisaje de ensue\u00f1o. La situaci\u00f3n geogr\u00e1fica y su morfolog\u00eda hacen del Valle del Jerte un rinc\u00f3n con un microclima id\u00f3neo","twitter:image":"https:\/\/eldigitaldeasturias.com\/magazine365\/wp-content\/uploads\/2018\/10\/Fiesta-caida-hoja-cabezuela.jpg"},"aioseo_meta_data":{"post_id":"95569","title":null,"description":null,"keywords":null,"keyphrases":null,"primary_term":null,"canonical_url":null,"og_title":null,"og_description":null,"og_object_type":"default","og_image_type":"default","og_image_url":null,"og_image_width":null,"og_image_height":null,"og_image_custom_url":null,"og_image_custom_fields":null,"og_video":null,"og_custom_url":null,"og_article_section":null,"og_article_tags":null,"twitter_use_og":false,"twitter_card":"default","twitter_image_type":"default","twitter_image_url":null,"twitter_image_custom_url":null,"twitter_image_custom_fields":null,"twitter_title":null,"twitter_description":null,"schema":{"blockGraphs":[],"customGraphs":[],"default":{"data":{"Article":[],"Course":[],"Dataset":[],"FAQPage":[],"Movie":[],"Person":[],"Product":[],"ProductReview":[],"Car":[],"Recipe":[],"Service":[],"SoftwareApplication":[],"WebPage":[]},"graphName":"","isEnabled":true},"graphs":[],"defaultGraph":"","defaultPostTypeGraph":""},"schema_type":null,"schema_type_options":null,"pillar_content":false,"robots_default":true,"robots_noindex":false,"robots_noarchive":false,"robots_nosnippet":false,"robots_nofollow":false,"robots_noimageindex":false,"robots_noodp":false,"robots_notranslate":false,"robots_max_snippet":null,"robots_max_videopreview":null,"robots_max_imagepreview":"large","priority":null,"frequency":null,"location":null,"local_seo":null,"seo_analyzer_scan_date":"2025-09-29 02:42:08","breadcrumb_settings":null,"limit_modified_date":false,"open_ai":null,"ai":null,"created":"2020-12-21 13:53:43","updated":"2025-09-29 02:42:08"},"aioseo_breadcrumb":"<div class=\"aioseo-breadcrumbs\"><span class=\"aioseo-breadcrumb\">\n\t<a href=\"https:\/\/eldigitaldeasturias.com\/magazine365\" title=\"Home\">Home<\/a>\n<\/span><span class=\"aioseo-breadcrumb-separator\">\u2013<\/span><span class=\"aioseo-breadcrumb\">\n\t<a href=\"https:\/\/eldigitaldeasturias.com\/magazine365\/category\/actualidad-turismo\/\" title=\"Actualidad Turismo\">Actualidad Turismo<\/a>\n<\/span><span class=\"aioseo-breadcrumb-separator\">\u2013<\/span><span class=\"aioseo-breadcrumb\">\n\t<a href=\"https:\/\/eldigitaldeasturias.com\/magazine365\/otonada-2018-en-el-valle-del-jerte\/\" title=\"Oto\u00f1ada 2018 en el Valle del Jerte\">Oto\u00f1ada 2018 en el Valle del Jerte<\/a>\n<\/span><\/div>","aioseo_breadcrumb_json":[{"label":"Home","link":"https:\/\/eldigitaldeasturias.com\/magazine365"},{"label":"Actualidad Turismo","link":"https:\/\/eldigitaldeasturias.com\/magazine365\/category\/actualidad-turismo\/"},{"label":"Oto\u00f1ada 2018 en el Valle del Jerte","link":"https:\/\/eldigitaldeasturias.com\/magazine365\/otonada-2018-en-el-valle-del-jerte\/"}],"_links":{"self":[{"href":"https:\/\/eldigitaldeasturias.com\/magazine365\/wp-json\/wp\/v2\/posts\/95569","targetHints":{"allow":["GET"]}}],"collection":[{"href":"https:\/\/eldigitaldeasturias.com\/magazine365\/wp-json\/wp\/v2\/posts"}],"about":[{"href":"https:\/\/eldigitaldeasturias.com\/magazine365\/wp-json\/wp\/v2\/types\/post"}],"author":[{"embeddable":true,"href":"https:\/\/eldigitaldeasturias.com\/magazine365\/wp-json\/wp\/v2\/users\/1"}],"replies":[{"embeddable":true,"href":"https:\/\/eldigitaldeasturias.com\/magazine365\/wp-json\/wp\/v2\/comments?post=95569"}],"version-history":[{"count":0,"href":"https:\/\/eldigitaldeasturias.com\/magazine365\/wp-json\/wp\/v2\/posts\/95569\/revisions"}],"wp:featuredmedia":[{"embeddable":true,"href":"https:\/\/eldigitaldeasturias.com\/magazine365\/wp-json\/wp\/v2\/media\/95570"}],"wp:attachment":[{"href":"https:\/\/eldigitaldeasturias.com\/magazine365\/wp-json\/wp\/v2\/media?parent=95569"}],"wp:term":[{"taxonomy":"category","embeddable":true,"href":"https:\/\/eldigitaldeasturias.com\/magazine365\/wp-json\/wp\/v2\/categories?post=95569"},{"taxonomy":"post_tag","embeddable":true,"href":"https:\/\/eldigitaldeasturias.com\/magazine365\/wp-json\/wp\/v2\/tags?post=95569"}],"curies":[{"name":"wp","href":"https:\/\/api.w.org\/{rel}","templated":true}]}}